{"id":2312,"date":"2017-09-21T17:11:24","date_gmt":"2017-09-21T15:11:24","guid":{"rendered":"https:\/\/www.welovecycling.com\/sk\/?p=2312"},"modified":"2017-09-21T17:11:24","modified_gmt":"2017-09-21T15:11:24","slug":"majstrovstva-sveta-su-plnom-prude-trat-by-saganovi-sediet","status":"publish","type":"post","link":"https:\/\/www.welovecycling.com\/sk\/2017\/09\/21\/majstrovstva-sveta-su-plnom-prude-trat-by-saganovi-sediet\/","title":{"rendered":"Majstrovstv\u00e1 sveta s\u00fa v plnom pr\u00fade, tra\u0165 by mala Saganovi sedie\u0165"},"content":{"rendered":"<p><strong>Majstrovstv\u00e1 sveta v n\u00f3rskom Bergene s\u00fa v plnom pr\u00fade, za sebou m\u00e1me u\u017e ve\u013emi zauj\u00edmav\u00e9 \u010dasovky. Od zajtra za\u010d\u00ednaj\u00fa preteky juniorov, U23 a samozrejme elite, na ktor\u00fdch m\u00e1me nieko\u013eko &#8222;\u017eeliezok v ohni&#8220; aj my.<\/strong><!--more--><\/p>\n<p>Cel\u00e9 majstrovstv\u00e1 za\u010dali u\u017e v nede\u013eu t\u00edmovou \u010dasovkou mu\u017eov a \u017eien, ktor\u00e9 s preh\u013eadom ovl\u00e1dol t\u00edm SunWeb. Za mu\u017eov pretekal napr\u00edklad aj dr\u017eite\u013e zelen\u00e9ho dresu z Tour, Michael Matthews.<\/p>\n<p>https:\/\/www.facebook.com\/welovecycling.sk\/posts\/358181677929020<\/p>\n<p>Individu\u00e1lna \u010dasovka v podan\u00ed elitn\u00fdch mu\u017eov bola skuto\u010dne nap\u00ednav\u00e1, kde strm\u00fd z\u00e1vere\u010dn\u00fd fini\u0161 premie\u0161al poradie a pril\u00e1kal na \u0161tart aj jazdcov ako Chris Froome. Novinkou bola mo\u017enos\u0165 vymeni\u0165 si \u010dasovk\u00e1rsky stroj za klasick\u00fd, ktor\u00fd umo\u017en\u00ed lep\u0161ie zvl\u00e1dnu\u0165 n\u00e1ro\u010dn\u00e9 a k\u013eukat\u00e9 st\u00fapanie do cie\u013ea.<\/p>\n<p>Nakoniec sa dominantn\u00fdm v\u00fdkonom prezentoval tohtoro\u010dn\u00fd v\u00ed\u0165az Gira, Tom Dumoulin. Prip\u00edsal si tak prv\u00fd individu\u00e1lny titul v \u010dasovke, druh\u00fd skon\u010dil Slovinec Primo\u017e Rogli\u010d (inak b\u00fdval\u00fd skokan na ly\u017eiach), tretie miesto bral spom\u00ednan\u00fd Chris Froome. Peter Sagan sa t\u00edmovej \u010dasovky v \u00favode \u0161ampion\u00e1tu nez\u00fa\u010dastnil pre \u013eahk\u00fa chorobu a naplno sa s\u00fastre\u010fuje na vrchol podujatia.<\/p>\n<p>https:\/\/www.instagram.com\/p\/BZJnOSmBRK0\/?taken-by=uci_cycling<\/p>\n<p>https:\/\/www.instagram.com\/p\/BZRZ3gvja-Y\/?taken-by=uci_cycling<\/p>\n<p>T\u00fdm vrcholom bud\u00fa samozrejme elitn\u00e9 preteky mu\u017eov, ktor\u00e9 sa bud\u00fa kona\u0165 v nede\u013eu, 24. okt\u00f3bra. Ak bol minul\u00fd rok Quatar vyslovene pre \u0161purt\u00e9rov, tohtoro\u010dn\u00e1 tra\u0165 bude sedie\u0165 hlavne kombin\u00e1cii klasik\u00e1r \/ \u0161purt\u00e9r, a to najm\u00e4 v\u010faka celkov\u00e9mu profilu.<\/p>\n<p>Sed\u00ed v\u00fdborne dom\u00e1cim jazdcom ako je Alexander Kristoff alebo Edvald Boasson Hagen, ktor\u00ed sa radia medzi okruh favoritov. Tam bud\u00fa patri\u0165 aj \u00a0Greg Van Avermaet (Belgicko), Phillippe Gilbert (Belgicko),\u00a0Michael Matthews (Austr\u00e1lia) alebo Michal Kwiatkowski (Po\u013esko). T\u00fdm hlavn\u00fdm bude op\u00e4\u0165 Peter Sagan, ktor\u00e9mu celkov\u00fd profil sed\u00ed v podstate dokonale.<\/p>\n<p>https:\/\/www.instagram.com\/p\/BZBtKhIDj2g\/?taken-by=uci_cycling<\/p>\n<p>Ne\u017e jazdci dorazia na okruh, \u010dak\u00e1 ich 39,5 kilometra z mesta Kollsnes. N\u00e1sledne bud\u00fa \u201ekr\u00fa\u017ei\u0165\u201c na pr\u00edmestskom okruhu okolo Bergenu, pri\u010dom ich \u010dak\u00e1 celkovo 11 k\u00f4l, \u010do d\u00e1va dokopy 267,5 km s prev\u00fd\u0161en\u00edm cca 3 017 m. O v\u00fd\u0161kov\u00e9 metre a znev\u00fdhodnenie klasick\u00fdch \u0161print\u00e9rov sa postar\u00e1 najm\u00e4 kopec Salmon Hill v d\u013a\u017eke 1,5 km a priemern\u00fdm sklonom 6,4 %. M\u00e1 ale pomerne strm\u00fd \u00favod, ktor\u00fd na prv\u00fdch 500 m dosiahne priemer 7,8 %. Za n\u00edm nasleduje pomerne technick\u00fd zjazd a cca 10 km po rovine do cie\u013ea v centre Bergenu. Pr\u00e1ve tento \u00fasek bude zrejme v\u00fdrazne ovplyvnen\u00fd vetrom a d\u00e1va zase \u0161ancu t\u00edmom stiahnu\u0165 individu\u00e1lne pokusy na Salmon Hill. Najv\u00e4\u010d\u0161iu \u0161ancu maj\u00fa zrejme \u0161pecialisti na klasiky alebo \u0161print\u00e9ri, ktor\u00ed zvl\u00e1dnu kopec s malo stratou a za pomoci t\u00edmu maj\u00fa op\u00e4\u0165 \u0161ancu dosta\u0165 do \u010dela e\u0161te pred cie\u013eom.<\/p>\n<p><a href=\"https:\/\/d2p6e6u75xmxt8.cloudfront.net\/4\/2017\/09\/bergen2017-3-rrcircuit-v6.jpg\"><img loading=\"lazy\" decoding=\"async\" class=\"alignnone size-extra-large wp-image-2319\" src=\"https:\/\/d2p6e6u75xmxt8.cloudfront.net\/4\/2017\/09\/bergen2017-3-rrcircuit-v6-1376x1920.jpg\" alt=\"\" width=\"1376\" height=\"1920\" \/><\/a><\/p>\n<p>Op\u00e4\u0165 sa m\u00f4\u017ee vyb\u00fari\u0165 aj po\u010dasie. Bergen ako pr\u00edmorsk\u00e9 mesto je n\u00e1chyln\u00fd na zr\u00e1\u017eky a pr\u00e1ve \u0161myk\u013eav\u00e9 cesty m\u00f4\u017eu zohra\u0165 v\u00fdznamn\u00fa \u00falohu. Predsa len, okruh m\u00e1 dostatok technick\u00fdch \u00fasekov a z\u00e1krut, ktor\u00e9 umo\u017enia v pr\u00edpade hor\u0161ieho po\u010dasie udr\u017ea\u0165 za chrbtom dotieraj\u00faci pelot\u00f3n a z\u00edskava\u0165 sekundy v pr\u00edpade \u00faniku kvalitnej skupiny jazdcov.<\/p>\n<lite-youtube videoid=61LXrq53TWA params=\"enablejsapi=1\" style=\"background-image: url('https:\/\/i.ytimg.com\/vi_webp\/61LXrq53TWA\/maxresdefault.webp');\"><\/lite-youtube>\n<p>Peter Sagan m\u00e1 mo\u017enos\u0165 zap\u00edsa\u0165 sa do hist\u00f3rie ziskom 3. titulu majstra sveta v rade a my mu budeme v nede\u013eu dr\u017ea\u0165 palce.<\/p>\n<p>(Foto na \u00favode: Road Cycling UK)<\/p>\n","protected":false},"excerpt":{"rendered":"<p>Majstrovstv\u00e1 sveta v n\u00f3rskom Bergene s\u00fa v plnom pr\u00fade, za sebou m\u00e1me u\u017e ve\u013emi zauj\u00edmav\u00e9 \u010dasovky. Od zajtra za\u010d\u00ednaj\u00fa preteky [&hellip;]<\/p>\n","protected":false},"author":38,"featured_media":2313,"comment_status":"open","ping_status":"open","sticky":false,"template":"","format":"standard","meta":{"footnotes":""},"categories":[4,34],"tags":[155,274,275,115,119,277,272,273,46],"global-categories":[],"class_list":["post-2312","post","type-post","status-publish","format-standard","has-post-thumbnail","hentry","category-cestna-cyklisitika","category-podujatia","tag-alexander-kristoff","tag-bergen","tag-cesta","tag-cestna-cyklistika","tag-chris-froome","tag-edvald-boasson-hagen","tag-majster-sveta","tag-norsko","tag-peter-sagan"],"yoast_head":"<!-- This site is optimized with the Yoast SEO Premium plugin v25.3 (Yoast SEO v25.9) - https:\/\/yoast.com\/wordpress\/plugins\/seo\/ -->\n<title>Majstrovstv\u00e1 sveta s\u00fa v plnom pr\u00fade, tra\u0165 by mala Saganovi sedie\u0165 - \u0160koda We Love Cycling Slovensko<\/title>\n<meta name=\"robots\" content=\"index, follow, max-snippet:-1, max-image-preview:large, max-video-preview:-1\" \/>\n<link rel=\"canonical\" href=\"https:\/\/www.welovecycling.com\/sk\/2017\/09\/21\/majstrovstva-sveta-su-plnom-prude-trat-by-saganovi-sediet\/\" \/>\n<meta property=\"og:locale\" content=\"sk_SK\" \/>\n<meta property=\"og:type\" content=\"article\" \/>\n<meta property=\"og:title\" content=\"Majstrovstv\u00e1 sveta s\u00fa v plnom pr\u00fade, tra\u0165 by mala Saganovi sedie\u0165\" \/>\n<meta property=\"og:description\" content=\"Majstrovstv\u00e1 sveta v n\u00f3rskom Bergene s\u00fa v plnom pr\u00fade, za sebou m\u00e1me u\u017e ve\u013emi zauj\u00edmav\u00e9 \u010dasovky. Od zajtra za\u010d\u00ednaj\u00fa preteky [&hellip;]\" \/>\n<meta property=\"og:url\" content=\"https:\/\/www.welovecycling.com\/sk\/2017\/09\/21\/majstrovstva-sveta-su-plnom-prude-trat-by-saganovi-sediet\/\" \/>\n<meta property=\"og:site_name\" content=\"\u0160koda We Love Cycling Slovensko\" \/>\n<meta property=\"article:published_time\" content=\"2017-09-21T15:11:24+00:00\" \/>\n<meta property=\"og:image\" content=\"https:\/\/d2p6e6u75xmxt8.cloudfront.net\/4\/2017\/09\/01-3.webp\" \/>\n\t<meta property=\"og:image:width\" content=\"1375\" \/>\n\t<meta property=\"og:image:height\" content=\"600\" \/>\n\t<meta property=\"og:image:type\" content=\"image\/webp\" \/>\n<meta name=\"author\" content=\"Ondrej Ga\u0161par\" \/>\n<meta name=\"twitter:card\" content=\"summary_large_image\" \/>\n<meta name=\"twitter:label1\" content=\"Written by\" \/>\n\t<meta name=\"twitter:data1\" content=\"We Love Cycling\" \/>\n\t<meta name=\"twitter:label2\" content=\"Est. reading time\" \/>\n\t<meta name=\"twitter:data2\" content=\"3 minutes\" \/>\n<script type=\"application\/ld+json\" class=\"yoast-schema-graph\">{\"@context\":\"https:\/\/schema.org\",\"@graph\":[{\"@type\":\"WebPage\",\"@id\":\"https:\/\/www.welovecycling.com\/sk\/2017\/09\/21\/majstrovstva-sveta-su-plnom-prude-trat-by-saganovi-sediet\/\",\"url\":\"https:\/\/www.welovecycling.com\/sk\/2017\/09\/21\/majstrovstva-sveta-su-plnom-prude-trat-by-saganovi-sediet\/\",\"name\":\"Majstrovstv\u00e1 sveta s\u00fa v plnom pr\u00fade, tra\u0165 by mala Saganovi sedie\u0165 - \u0160koda We Love Cycling Slovensko\",\"isPartOf\":{\"@id\":\"https:\/\/www.welovecycling.com\/sk\/#website\"},\"primaryImageOfPage\":{\"@id\":\"https:\/\/www.welovecycling.com\/sk\/2017\/09\/21\/majstrovstva-sveta-su-plnom-prude-trat-by-saganovi-sediet\/#primaryimage\"},\"image\":{\"@id\":\"https:\/\/www.welovecycling.com\/sk\/2017\/09\/21\/majstrovstva-sveta-su-plnom-prude-trat-by-saganovi-sediet\/#primaryimage\"},\"thumbnailUrl\":\"https:\/\/d2p6e6u75xmxt8.cloudfront.net\/4\/2017\/09\/01-3.webp\",\"datePublished\":\"2017-09-21T15:11:24+00:00\",\"author\":{\"@id\":\"https:\/\/www.welovecycling.com\/sk\/#\/schema\/person\/8ee09ba39b7e25b1870160aa5b3a89bc\"},\"breadcrumb\":{\"@id\":\"https:\/\/www.welovecycling.com\/sk\/2017\/09\/21\/majstrovstva-sveta-su-plnom-prude-trat-by-saganovi-sediet\/#breadcrumb\"},\"inLanguage\":\"sk-SK\",\"potentialAction\":[{\"@type\":\"ReadAction\",\"target\":[\"https:\/\/www.welovecycling.com\/sk\/2017\/09\/21\/majstrovstva-sveta-su-plnom-prude-trat-by-saganovi-sediet\/\"]}]},{\"@type\":\"ImageObject\",\"inLanguage\":\"sk-SK\",\"@id\":\"https:\/\/www.welovecycling.com\/sk\/2017\/09\/21\/majstrovstva-sveta-su-plnom-prude-trat-by-saganovi-sediet\/#primaryimage\",\"url\":\"https:\/\/d2p6e6u75xmxt8.cloudfront.net\/4\/2017\/09\/01-3.webp\",\"contentUrl\":\"https:\/\/d2p6e6u75xmxt8.cloudfront.net\/4\/2017\/09\/01-3.webp\",\"width\":1375,\"height\":600},{\"@type\":\"BreadcrumbList\",\"@id\":\"https:\/\/www.welovecycling.com\/sk\/2017\/09\/21\/majstrovstva-sveta-su-plnom-prude-trat-by-saganovi-sediet\/#breadcrumb\",\"itemListElement\":[{\"@type\":\"ListItem\",\"position\":1,\"name\":\"Home\",\"item\":\"https:\/\/www.welovecycling.com\/sk\/\"},{\"@type\":\"ListItem\",\"position\":2,\"name\":\"Majstrovstv\u00e1 sveta s\u00fa v plnom pr\u00fade, tra\u0165 by mala Saganovi sedie\u0165\"}]},{\"@type\":\"WebSite\",\"@id\":\"https:\/\/www.welovecycling.com\/sk\/#website\",\"url\":\"https:\/\/www.welovecycling.com\/sk\/\",\"name\":\"\u0160koda We Love Cycling Slovensko\",\"description\":\"\u0160koda We Love Cycling Slovensko je v\u00e1\u0161 ka\u017edodenn\u00fd zdroj noviniek a in\u0161pir\u00e1cie z sveta cyklistiky\",\"potentialAction\":[{\"@type\":\"SearchAction\",\"target\":{\"@type\":\"EntryPoint\",\"urlTemplate\":\"https:\/\/www.welovecycling.com\/sk\/?s={search_term_string}\"},\"query-input\":{\"@type\":\"PropertyValueSpecification\",\"valueRequired\":true,\"valueName\":\"search_term_string\"}}],\"inLanguage\":\"sk-SK\"},{\"@type\":\"Person\",\"@id\":\"https:\/\/www.welovecycling.com\/sk\/#\/schema\/person\/8ee09ba39b7e25b1870160aa5b3a89bc\",\"name\":\"Ondrej Ga\u0161par\",\"image\":{\"@type\":\"ImageObject\",\"inLanguage\":\"sk-SK\",\"@id\":\"https:\/\/www.welovecycling.com\/sk\/#\/schema\/person\/image\/\",\"url\":\"https:\/\/secure.gravatar.com\/avatar\/6126c9afb87b70da5abbb083ddbb21933da15f18f8ca7cb822aba0fb096a48f6?s=96&d=mm&r=g\",\"contentUrl\":\"https:\/\/secure.gravatar.com\/avatar\/6126c9afb87b70da5abbb083ddbb21933da15f18f8ca7cb822aba0fb096a48f6?s=96&d=mm&r=g\",\"caption\":\"Ondrej Ga\u0161par\"},\"url\":\"https:\/\/www.welovecycling.com\/sk\/author\/ondrejgaspar\/\"}]}<\/script>\n<!-- \/ Yoast SEO Premium plugin. -->","yoast_head_json":{"title":"Majstrovstv\u00e1 sveta s\u00fa v plnom pr\u00fade, tra\u0165 by mala Saganovi sedie\u0165 - \u0160koda We Love Cycling Slovensko","robots":{"index":"index","follow":"follow","max-snippet":"max-snippet:-1","max-image-preview":"max-image-preview:large","max-video-preview":"max-video-preview:-1"},"canonical":"https:\/\/www.welovecycling.com\/sk\/2017\/09\/21\/majstrovstva-sveta-su-plnom-prude-trat-by-saganovi-sediet\/","og_locale":"sk_SK","og_type":"article","og_title":"Majstrovstv\u00e1 sveta s\u00fa v plnom pr\u00fade, tra\u0165 by mala Saganovi sedie\u0165","og_description":"Majstrovstv\u00e1 sveta v n\u00f3rskom Bergene s\u00fa v plnom pr\u00fade, za sebou m\u00e1me u\u017e ve\u013emi zauj\u00edmav\u00e9 \u010dasovky. Od zajtra za\u010d\u00ednaj\u00fa preteky [&hellip;]","og_url":"https:\/\/www.welovecycling.com\/sk\/2017\/09\/21\/majstrovstva-sveta-su-plnom-prude-trat-by-saganovi-sediet\/","og_site_name":"\u0160koda We Love Cycling Slovensko","article_published_time":"2017-09-21T15:11:24+00:00","og_image":[{"width":1375,"height":600,"url":"https:\/\/d2p6e6u75xmxt8.cloudfront.net\/4\/2017\/09\/01-3.webp","type":"image\/webp"}],"author":"Ondrej Ga\u0161par","twitter_card":"summary_large_image","twitter_misc":{"Written by":"We Love Cycling","Est. reading time":"3 minutes"},"schema":{"@context":"https:\/\/schema.org","@graph":[{"@type":"WebPage","@id":"https:\/\/www.welovecycling.com\/sk\/2017\/09\/21\/majstrovstva-sveta-su-plnom-prude-trat-by-saganovi-sediet\/","url":"https:\/\/www.welovecycling.com\/sk\/2017\/09\/21\/majstrovstva-sveta-su-plnom-prude-trat-by-saganovi-sediet\/","name":"Majstrovstv\u00e1 sveta s\u00fa v plnom pr\u00fade, tra\u0165 by mala Saganovi sedie\u0165 - \u0160koda We Love Cycling Slovensko","isPartOf":{"@id":"https:\/\/www.welovecycling.com\/sk\/#website"},"primaryImageOfPage":{"@id":"https:\/\/www.welovecycling.com\/sk\/2017\/09\/21\/majstrovstva-sveta-su-plnom-prude-trat-by-saganovi-sediet\/#primaryimage"},"image":{"@id":"https:\/\/www.welovecycling.com\/sk\/2017\/09\/21\/majstrovstva-sveta-su-plnom-prude-trat-by-saganovi-sediet\/#primaryimage"},"thumbnailUrl":"https:\/\/d2p6e6u75xmxt8.cloudfront.net\/4\/2017\/09\/01-3.webp","datePublished":"2017-09-21T15:11:24+00:00","author":{"@id":"https:\/\/www.welovecycling.com\/sk\/#\/schema\/person\/8ee09ba39b7e25b1870160aa5b3a89bc"},"breadcrumb":{"@id":"https:\/\/www.welovecycling.com\/sk\/2017\/09\/21\/majstrovstva-sveta-su-plnom-prude-trat-by-saganovi-sediet\/#breadcrumb"},"inLanguage":"sk-SK","potentialAction":[{"@type":"ReadAction","target":["https:\/\/www.welovecycling.com\/sk\/2017\/09\/21\/majstrovstva-sveta-su-plnom-prude-trat-by-saganovi-sediet\/"]}]},{"@type":"ImageObject","inLanguage":"sk-SK","@id":"https:\/\/www.welovecycling.com\/sk\/2017\/09\/21\/majstrovstva-sveta-su-plnom-prude-trat-by-saganovi-sediet\/#primaryimage","url":"https:\/\/d2p6e6u75xmxt8.cloudfront.net\/4\/2017\/09\/01-3.webp","contentUrl":"https:\/\/d2p6e6u75xmxt8.cloudfront.net\/4\/2017\/09\/01-3.webp","width":1375,"height":600},{"@type":"BreadcrumbList","@id":"https:\/\/www.welovecycling.com\/sk\/2017\/09\/21\/majstrovstva-sveta-su-plnom-prude-trat-by-saganovi-sediet\/#breadcrumb","itemListElement":[{"@type":"ListItem","position":1,"name":"Home","item":"https:\/\/www.welovecycling.com\/sk\/"},{"@type":"ListItem","position":2,"name":"Majstrovstv\u00e1 sveta s\u00fa v plnom pr\u00fade, tra\u0165 by mala Saganovi sedie\u0165"}]},{"@type":"WebSite","@id":"https:\/\/www.welovecycling.com\/sk\/#website","url":"https:\/\/www.welovecycling.com\/sk\/","name":"\u0160koda We Love Cycling Slovensko","description":"\u0160koda We Love Cycling Slovensko je v\u00e1\u0161 ka\u017edodenn\u00fd zdroj noviniek a in\u0161pir\u00e1cie z sveta cyklistiky","potentialAction":[{"@type":"SearchAction","target":{"@type":"EntryPoint","urlTemplate":"https:\/\/www.welovecycling.com\/sk\/?s={search_term_string}"},"query-input":{"@type":"PropertyValueSpecification","valueRequired":true,"valueName":"search_term_string"}}],"inLanguage":"sk-SK"},{"@type":"Person","@id":"https:\/\/www.welovecycling.com\/sk\/#\/schema\/person\/8ee09ba39b7e25b1870160aa5b3a89bc","name":"Ondrej Ga\u0161par","image":{"@type":"ImageObject","inLanguage":"sk-SK","@id":"https:\/\/www.welovecycling.com\/sk\/#\/schema\/person\/image\/","url":"https:\/\/secure.gravatar.com\/avatar\/6126c9afb87b70da5abbb083ddbb21933da15f18f8ca7cb822aba0fb096a48f6?s=96&d=mm&r=g","contentUrl":"https:\/\/secure.gravatar.com\/avatar\/6126c9afb87b70da5abbb083ddbb21933da15f18f8ca7cb822aba0fb096a48f6?s=96&d=mm&r=g","caption":"Ondrej Ga\u0161par"},"url":"https:\/\/www.welovecycling.com\/sk\/author\/ondrejgaspar\/"}]}},"_links":{"self":[{"href":"https:\/\/www.welovecycling.com\/sk\/wp-json\/wp\/v2\/posts\/2312","targetHints":{"allow":["GET"]}}],"collection":[{"href":"https:\/\/www.welovecycling.com\/sk\/wp-json\/wp\/v2\/posts"}],"about":[{"href":"https:\/\/www.welovecycling.com\/sk\/wp-json\/wp\/v2\/types\/post"}],"author":[{"embeddable":true,"href":"https:\/\/www.welovecycling.com\/sk\/wp-json\/wp\/v2\/users\/38"}],"replies":[{"embeddable":true,"href":"https:\/\/www.welovecycling.com\/sk\/wp-json\/wp\/v2\/comments?post=2312"}],"version-history":[{"count":2,"href":"https:\/\/www.welovecycling.com\/sk\/wp-json\/wp\/v2\/posts\/2312\/revisions"}],"predecessor-version":[{"id":2327,"href":"https:\/\/www.welovecycling.com\/sk\/wp-json\/wp\/v2\/posts\/2312\/revisions\/2327"}],"wp:featuredmedia":[{"embeddable":true,"href":"https:\/\/www.welovecycling.com\/sk\/wp-json\/wp\/v2\/media\/2313"}],"wp:attachment":[{"href":"https:\/\/www.welovecycling.com\/sk\/wp-json\/wp\/v2\/media?parent=2312"}],"wp:term":[{"taxonomy":"category","embeddable":true,"href":"https:\/\/www.welovecycling.com\/sk\/wp-json\/wp\/v2\/categories?post=2312"},{"taxonomy":"post_tag","embeddable":true,"href":"https:\/\/www.welovecycling.com\/sk\/wp-json\/wp\/v2\/tags?post=2312"},{"taxonomy":"global-categories","embeddable":true,"href":"https:\/\/www.welovecycling.com\/sk\/wp-json\/wp\/v2\/global-categories?post=2312"}],"curies":[{"name":"wp","href":"https:\/\/api.w.org\/{rel}","templated":true}]}}