{"id":2288,"date":"2017-08-14T15:03:17","date_gmt":"2017-08-14T13:03:17","guid":{"rendered":"https:\/\/www.welovecycling.com\/sk\/?p=2288"},"modified":"2017-09-14T16:08:26","modified_gmt":"2017-09-14T14:08:26","slug":"foto-skoda-horal-mtb-maraton-2017-vanda-mesiarikova","status":"publish","type":"post","link":"https:\/\/www.welovecycling.com\/sk\/2017\/08\/14\/foto-skoda-horal-mtb-maraton-2017-vanda-mesiarikova\/","title":{"rendered":"FOTO: \u0160koda Horal MTB marat\u00f3n 2017 &#8211; Vanda Mesiarikov\u00e1"},"content":{"rendered":"<p>Ak m\u00e1te z\u00e1ujem o niektor\u00fa fotku vo vy\u0161\u0161om rozl\u00ed\u0161en\u00ed, nap\u00ed\u0161te n\u00e1m pros\u00edm cez <a href=\"https:\/\/www.welovecycling.com\/sk\/o-nas\/\" target=\"_blank\" rel=\"noopener noreferrer\">kontaktn\u00fd formul\u00e1r<\/a>.<\/p>\n<p><script src=\"https:\/\/webapps.skoda-auto.sk\/WLC\/galeria.php\/2017_sbot_horal_galeria\"><\/script><\/p>\n","protected":false},"excerpt":{"rendered":"<p>Ak m\u00e1te z\u00e1ujem o niektor\u00fa fotku vo vy\u0161\u0161om rozl\u00ed\u0161en\u00ed, nap\u00ed\u0161te n\u00e1m pros\u00edm cez kontaktn\u00fd formul\u00e1r.<\/p>\n","protected":false},"author":38,"featured_media":2290,"comment_status":"open","ping_status":"open","sticky":false,"template":"","format":"gallery","meta":{"footnotes":""},"categories":[3,34,33],"tags":[89,35,214,213,209],"global-categories":[],"class_list":["post-2288","post","type-post","status-publish","format-gallery","has-post-thumbnail","hentry","category-mtb","category-podujatia","category-sbot","tag-fotogaleria","tag-sbot","tag-skoda-horal-mtb-maraton","tag-svit","tag-vanda-mesiarikova","post_format-post-format-gallery"],"yoast_head":"<!-- This site is optimized with the Yoast SEO Premium plugin v25.3 (Yoast SEO v25.9) - https:\/\/yoast.com\/wordpress\/plugins\/seo\/ -->\n<title>FOTO: \u0160koda Horal MTB marat\u00f3n 2017 - Vanda Mesiarikov\u00e1 - \u0160koda We Love Cycling Slovensko<\/title>\n<meta name=\"robots\" content=\"index, follow, max-snippet:-1, max-image-preview:large, max-video-preview:-1\" \/>\n<link rel=\"canonical\" href=\"https:\/\/www.welovecycling.com\/sk\/2017\/08\/14\/foto-skoda-horal-mtb-maraton-2017-vanda-mesiarikova\/\" \/>\n<meta property=\"og:locale\" content=\"sk_SK\" \/>\n<meta property=\"og:type\" content=\"article\" \/>\n<meta property=\"og:title\" content=\"FOTO: \u0160koda Horal MTB marat\u00f3n 2017 - Vanda Mesiarikov\u00e1\" \/>\n<meta property=\"og:description\" content=\"Ak m\u00e1te z\u00e1ujem o niektor\u00fa fotku vo vy\u0161\u0161om rozl\u00ed\u0161en\u00ed, nap\u00ed\u0161te n\u00e1m pros\u00edm cez kontaktn\u00fd formul\u00e1r.\" \/>\n<meta property=\"og:url\" content=\"https:\/\/www.welovecycling.com\/sk\/2017\/08\/14\/foto-skoda-horal-mtb-maraton-2017-vanda-mesiarikova\/\" \/>\n<meta property=\"og:site_name\" content=\"\u0160koda We Love Cycling Slovensko\" \/>\n<meta property=\"article:published_time\" content=\"2017-08-14T13:03:17+00:00\" \/>\n<meta property=\"article:modified_time\" content=\"2017-09-14T14:08:26+00:00\" \/>\n<meta property=\"og:image\" content=\"https:\/\/d2p6e6u75xmxt8.cloudfront.net\/4\/2017\/09\/1375x600_horal_2.webp\" \/>\n\t<meta property=\"og:image:width\" content=\"1375\" \/>\n\t<meta property=\"og:image:height\" content=\"600\" \/>\n\t<meta property=\"og:image:type\" content=\"image\/webp\" \/>\n<meta name=\"author\" content=\"Ondrej Ga\u0161par\" \/>\n<meta name=\"twitter:card\" content=\"summary_large_image\" \/>\n<meta name=\"twitter:label1\" content=\"Written by\" \/>\n\t<meta name=\"twitter:data1\" content=\"We Love Cycling\" \/>\n<script type=\"application\/ld+json\" class=\"yoast-schema-graph\">{\"@context\":\"https:\/\/schema.org\",\"@graph\":[{\"@type\":\"WebPage\",\"@id\":\"https:\/\/www.welovecycling.com\/sk\/2017\/08\/14\/foto-skoda-horal-mtb-maraton-2017-vanda-mesiarikova\/\",\"url\":\"https:\/\/www.welovecycling.com\/sk\/2017\/08\/14\/foto-skoda-horal-mtb-maraton-2017-vanda-mesiarikova\/\",\"name\":\"FOTO: \u0160koda Horal MTB marat\u00f3n 2017 - Vanda Mesiarikov\u00e1 - \u0160koda We Love Cycling Slovensko\",\"isPartOf\":{\"@id\":\"https:\/\/www.welovecycling.com\/sk\/#website\"},\"primaryImageOfPage\":{\"@id\":\"https:\/\/www.welovecycling.com\/sk\/2017\/08\/14\/foto-skoda-horal-mtb-maraton-2017-vanda-mesiarikova\/#primaryimage\"},\"image\":{\"@id\":\"https:\/\/www.welovecycling.com\/sk\/2017\/08\/14\/foto-skoda-horal-mtb-maraton-2017-vanda-mesiarikova\/#primaryimage\"},\"thumbnailUrl\":\"https:\/\/d2p6e6u75xmxt8.cloudfront.net\/4\/2017\/09\/1375x600_horal_2.webp\",\"datePublished\":\"2017-08-14T13:03:17+00:00\",\"dateModified\":\"2017-09-14T14:08:26+00:00\",\"author\":{\"@id\":\"https:\/\/www.welovecycling.com\/sk\/#\/schema\/person\/8ee09ba39b7e25b1870160aa5b3a89bc\"},\"breadcrumb\":{\"@id\":\"https:\/\/www.welovecycling.com\/sk\/2017\/08\/14\/foto-skoda-horal-mtb-maraton-2017-vanda-mesiarikova\/#breadcrumb\"},\"inLanguage\":\"sk-SK\",\"potentialAction\":[{\"@type\":\"ReadAction\",\"target\":[\"https:\/\/www.welovecycling.com\/sk\/2017\/08\/14\/foto-skoda-horal-mtb-maraton-2017-vanda-mesiarikova\/\"]}]},{\"@type\":\"ImageObject\",\"inLanguage\":\"sk-SK\",\"@id\":\"https:\/\/www.welovecycling.com\/sk\/2017\/08\/14\/foto-skoda-horal-mtb-maraton-2017-vanda-mesiarikova\/#primaryimage\",\"url\":\"https:\/\/d2p6e6u75xmxt8.cloudfront.net\/4\/2017\/09\/1375x600_horal_2.webp\",\"contentUrl\":\"https:\/\/d2p6e6u75xmxt8.cloudfront.net\/4\/2017\/09\/1375x600_horal_2.webp\",\"width\":1375,\"height\":600},{\"@type\":\"BreadcrumbList\",\"@id\":\"https:\/\/www.welovecycling.com\/sk\/2017\/08\/14\/foto-skoda-horal-mtb-maraton-2017-vanda-mesiarikova\/#breadcrumb\",\"itemListElement\":[{\"@type\":\"ListItem\",\"position\":1,\"name\":\"Home\",\"item\":\"https:\/\/www.welovecycling.com\/sk\/\"},{\"@type\":\"ListItem\",\"position\":2,\"name\":\"FOTO: \u0160koda Horal MTB marat\u00f3n 2017 &#8211; Vanda Mesiarikov\u00e1\"}]},{\"@type\":\"WebSite\",\"@id\":\"https:\/\/www.welovecycling.com\/sk\/#website\",\"url\":\"https:\/\/www.welovecycling.com\/sk\/\",\"name\":\"\u0160koda We Love Cycling Slovensko\",\"description\":\"\u0160koda We Love Cycling Slovensko je v\u00e1\u0161 ka\u017edodenn\u00fd zdroj noviniek a in\u0161pir\u00e1cie z sveta cyklistiky\",\"potentialAction\":[{\"@type\":\"SearchAction\",\"target\":{\"@type\":\"EntryPoint\",\"urlTemplate\":\"https:\/\/www.welovecycling.com\/sk\/?s={search_term_string}\"},\"query-input\":{\"@type\":\"PropertyValueSpecification\",\"valueRequired\":true,\"valueName\":\"search_term_string\"}}],\"inLanguage\":\"sk-SK\"},{\"@type\":\"Person\",\"@id\":\"https:\/\/www.welovecycling.com\/sk\/#\/schema\/person\/8ee09ba39b7e25b1870160aa5b3a89bc\",\"name\":\"Ondrej Ga\u0161par\",\"image\":{\"@type\":\"ImageObject\",\"inLanguage\":\"sk-SK\",\"@id\":\"https:\/\/www.welovecycling.com\/sk\/#\/schema\/person\/image\/\",\"url\":\"https:\/\/secure.gravatar.com\/avatar\/6126c9afb87b70da5abbb083ddbb21933da15f18f8ca7cb822aba0fb096a48f6?s=96&d=mm&r=g\",\"contentUrl\":\"https:\/\/secure.gravatar.com\/avatar\/6126c9afb87b70da5abbb083ddbb21933da15f18f8ca7cb822aba0fb096a48f6?s=96&d=mm&r=g\",\"caption\":\"Ondrej Ga\u0161par\"},\"url\":\"https:\/\/www.welovecycling.com\/sk\/author\/ondrejgaspar\/\"}]}<\/script>\n<!-- \/ Yoast SEO Premium plugin. -->","yoast_head_json":{"title":"FOTO: \u0160koda Horal MTB marat\u00f3n 2017 - Vanda Mesiarikov\u00e1 - \u0160koda We Love Cycling Slovensko","robots":{"index":"index","follow":"follow","max-snippet":"max-snippet:-1","max-image-preview":"max-image-preview:large","max-video-preview":"max-video-preview:-1"},"canonical":"https:\/\/www.welovecycling.com\/sk\/2017\/08\/14\/foto-skoda-horal-mtb-maraton-2017-vanda-mesiarikova\/","og_locale":"sk_SK","og_type":"article","og_title":"FOTO: \u0160koda Horal MTB marat\u00f3n 2017 - Vanda Mesiarikov\u00e1","og_description":"Ak m\u00e1te z\u00e1ujem o niektor\u00fa fotku vo vy\u0161\u0161om rozl\u00ed\u0161en\u00ed, nap\u00ed\u0161te n\u00e1m pros\u00edm cez kontaktn\u00fd formul\u00e1r.","og_url":"https:\/\/www.welovecycling.com\/sk\/2017\/08\/14\/foto-skoda-horal-mtb-maraton-2017-vanda-mesiarikova\/","og_site_name":"\u0160koda We Love Cycling Slovensko","article_published_time":"2017-08-14T13:03:17+00:00","article_modified_time":"2017-09-14T14:08:26+00:00","og_image":[{"width":1375,"height":600,"url":"https:\/\/d2p6e6u75xmxt8.cloudfront.net\/4\/2017\/09\/1375x600_horal_2.webp","type":"image\/webp"}],"author":"Ondrej Ga\u0161par","twitter_card":"summary_large_image","twitter_misc":{"Written by":"We Love Cycling"},"schema":{"@context":"https:\/\/schema.org","@graph":[{"@type":"WebPage","@id":"https:\/\/www.welovecycling.com\/sk\/2017\/08\/14\/foto-skoda-horal-mtb-maraton-2017-vanda-mesiarikova\/","url":"https:\/\/www.welovecycling.com\/sk\/2017\/08\/14\/foto-skoda-horal-mtb-maraton-2017-vanda-mesiarikova\/","name":"FOTO: \u0160koda Horal MTB marat\u00f3n 2017 - Vanda Mesiarikov\u00e1 - \u0160koda We Love Cycling Slovensko","isPartOf":{"@id":"https:\/\/www.welovecycling.com\/sk\/#website"},"primaryImageOfPage":{"@id":"https:\/\/www.welovecycling.com\/sk\/2017\/08\/14\/foto-skoda-horal-mtb-maraton-2017-vanda-mesiarikova\/#primaryimage"},"image":{"@id":"https:\/\/www.welovecycling.com\/sk\/2017\/08\/14\/foto-skoda-horal-mtb-maraton-2017-vanda-mesiarikova\/#primaryimage"},"thumbnailUrl":"https:\/\/d2p6e6u75xmxt8.cloudfront.net\/4\/2017\/09\/1375x600_horal_2.webp","datePublished":"2017-08-14T13:03:17+00:00","dateModified":"2017-09-14T14:08:26+00:00","author":{"@id":"https:\/\/www.welovecycling.com\/sk\/#\/schema\/person\/8ee09ba39b7e25b1870160aa5b3a89bc"},"breadcrumb":{"@id":"https:\/\/www.welovecycling.com\/sk\/2017\/08\/14\/foto-skoda-horal-mtb-maraton-2017-vanda-mesiarikova\/#breadcrumb"},"inLanguage":"sk-SK","potentialAction":[{"@type":"ReadAction","target":["https:\/\/www.welovecycling.com\/sk\/2017\/08\/14\/foto-skoda-horal-mtb-maraton-2017-vanda-mesiarikova\/"]}]},{"@type":"ImageObject","inLanguage":"sk-SK","@id":"https:\/\/www.welovecycling.com\/sk\/2017\/08\/14\/foto-skoda-horal-mtb-maraton-2017-vanda-mesiarikova\/#primaryimage","url":"https:\/\/d2p6e6u75xmxt8.cloudfront.net\/4\/2017\/09\/1375x600_horal_2.webp","contentUrl":"https:\/\/d2p6e6u75xmxt8.cloudfront.net\/4\/2017\/09\/1375x600_horal_2.webp","width":1375,"height":600},{"@type":"BreadcrumbList","@id":"https:\/\/www.welovecycling.com\/sk\/2017\/08\/14\/foto-skoda-horal-mtb-maraton-2017-vanda-mesiarikova\/#breadcrumb","itemListElement":[{"@type":"ListItem","position":1,"name":"Home","item":"https:\/\/www.welovecycling.com\/sk\/"},{"@type":"ListItem","position":2,"name":"FOTO: \u0160koda Horal MTB marat\u00f3n 2017 &#8211; Vanda Mesiarikov\u00e1"}]},{"@type":"WebSite","@id":"https:\/\/www.welovecycling.com\/sk\/#website","url":"https:\/\/www.welovecycling.com\/sk\/","name":"\u0160koda We Love Cycling Slovensko","description":"\u0160koda We Love Cycling Slovensko je v\u00e1\u0161 ka\u017edodenn\u00fd zdroj noviniek a in\u0161pir\u00e1cie z sveta cyklistiky","potentialAction":[{"@type":"SearchAction","target":{"@type":"EntryPoint","urlTemplate":"https:\/\/www.welovecycling.com\/sk\/?s={search_term_string}"},"query-input":{"@type":"PropertyValueSpecification","valueRequired":true,"valueName":"search_term_string"}}],"inLanguage":"sk-SK"},{"@type":"Person","@id":"https:\/\/www.welovecycling.com\/sk\/#\/schema\/person\/8ee09ba39b7e25b1870160aa5b3a89bc","name":"Ondrej Ga\u0161par","image":{"@type":"ImageObject","inLanguage":"sk-SK","@id":"https:\/\/www.welovecycling.com\/sk\/#\/schema\/person\/image\/","url":"https:\/\/secure.gravatar.com\/avatar\/6126c9afb87b70da5abbb083ddbb21933da15f18f8ca7cb822aba0fb096a48f6?s=96&d=mm&r=g","contentUrl":"https:\/\/secure.gravatar.com\/avatar\/6126c9afb87b70da5abbb083ddbb21933da15f18f8ca7cb822aba0fb096a48f6?s=96&d=mm&r=g","caption":"Ondrej Ga\u0161par"},"url":"https:\/\/www.welovecycling.com\/sk\/author\/ondrejgaspar\/"}]}},"_links":{"self":[{"href":"https:\/\/www.welovecycling.com\/sk\/wp-json\/wp\/v2\/posts\/2288","targetHints":{"allow":["GET"]}}],"collection":[{"href":"https:\/\/www.welovecycling.com\/sk\/wp-json\/wp\/v2\/posts"}],"about":[{"href":"https:\/\/www.welovecycling.com\/sk\/wp-json\/wp\/v2\/types\/post"}],"author":[{"embeddable":true,"href":"https:\/\/www.welovecycling.com\/sk\/wp-json\/wp\/v2\/users\/38"}],"replies":[{"embeddable":true,"href":"https:\/\/www.welovecycling.com\/sk\/wp-json\/wp\/v2\/comments?post=2288"}],"version-history":[{"count":1,"href":"https:\/\/www.welovecycling.com\/sk\/wp-json\/wp\/v2\/posts\/2288\/revisions"}],"predecessor-version":[{"id":2291,"href":"https:\/\/www.welovecycling.com\/sk\/wp-json\/wp\/v2\/posts\/2288\/revisions\/2291"}],"wp:featuredmedia":[{"embeddable":true,"href":"https:\/\/www.welovecycling.com\/sk\/wp-json\/wp\/v2\/media\/2290"}],"wp:attachment":[{"href":"https:\/\/www.welovecycling.com\/sk\/wp-json\/wp\/v2\/media?parent=2288"}],"wp:term":[{"taxonomy":"category","embeddable":true,"href":"https:\/\/www.welovecycling.com\/sk\/wp-json\/wp\/v2\/categories?post=2288"},{"taxonomy":"post_tag","embeddable":true,"href":"https:\/\/www.welovecycling.com\/sk\/wp-json\/wp\/v2\/tags?post=2288"},{"taxonomy":"global-categories","embeddable":true,"href":"https:\/\/www.welovecycling.com\/sk\/wp-json\/wp\/v2\/global-categories?post=2288"}],"curies":[{"name":"wp","href":"https:\/\/api.w.org\/{rel}","templated":true}]}}