{"id":2265,"date":"2017-09-11T14:49:56","date_gmt":"2017-09-11T12:49:56","guid":{"rendered":"https:\/\/www.welovecycling.com\/sk\/?p=2265"},"modified":"2017-09-14T10:22:33","modified_gmt":"2017-09-14T08:22:33","slug":"froome-contador-najvacie-osobnosti-vuelty","status":"publish","type":"post","link":"https:\/\/www.welovecycling.com\/sk\/2017\/09\/11\/froome-contador-najvacie-osobnosti-vuelty\/","title":{"rendered":"Froome a Contador \u2013 najv\u00e4\u010die osobnosti Vuelty"},"content":{"rendered":"<p><strong>Ka\u017ed\u00fd z nich sa do povedomia fan\u00fa\u0161ikov zap\u00edsal inak, no pr\u00e1ve oni dvaja boli najv\u00e4\u010d\u0161ie osobnosti poslednej tohtoro\u010dnej Grand Tour.<\/strong><!--more--><\/p>\n<p>https:\/\/www.instagram.com\/p\/BY1C2cuBvoE\/?taken-by=chrisfroome<\/p>\n<h2><strong>Chris Froome &#8211; vyt\u00fa\u017een\u00e1 Vuelta a double<\/strong><\/h2>\n<p>Juhoafri\u010dan s anglick\u00fdm pasom sa v\u00ed\u0165azstvom zap\u00edsal do hist\u00f3rie. Je prv\u00fdm jazdcom od \u010dias Marka Pantaniho, ktor\u00fd vyhral 2 po sebe id\u00face Grand Tours v jednom roku \u2013 konkr\u00e9tne Giro a Tour v 1998. V s\u00fa\u010dasnej (\u010distej\u0161ej) dobe sa jedn\u00e1 o mimoriadny \u00faspech a o nie\u010do podobn\u00e9 sa pok\u00fa\u0161ali mnoh\u00ed, napr. aj Nairo Qunitana\u00a0\u2013 no ne\u00faspe\u0161ne. Najv\u00e4\u010d\u0161\u00ed probl\u00e9m podobn\u00e9ho double je udr\u017ea\u0165 si formu po\u010das tak dlh\u00e9ho obdobia. Medzi za\u010diatkom Tour a koncom Vuelty je 72 dn\u00ed, Froome po\u010das nich str\u00e1vil pretekan\u00edm 42 a z toho 32 dn\u00ed v niektorom z dresov pre l\u00eddra celkovej klasifik\u00e1cie (\u017elt\u00fd a \u010derven\u00fd, pozn. red.). K\u013e\u00fa\u010dom k \u00faspechu t\u00edmu SKY bolo, aby Froome nebol na Tour v \u00faplne top forme. Pritom ju ale st\u00e1le dok\u00e1zal vyhra\u0165 a n\u00e1sledne mohol bojova\u0165 o najvy\u0161\u0161ie umiestnenie aj na Vuelte \u2013 na nie\u010do podobn\u00e9 u\u017e potrebujete skuto\u010dne jedine\u010dn\u00e9ho cyklistu.<\/p>\n<p>https:\/\/www.instagram.com\/p\/BY3SVofBZik\/?taken-by=chrisfroome<\/p>\n<p>Cesta za v\u00ed\u0165azstvom na \u0161panielskej p\u00f4de pritom v\u00f4bec nebola jednoduch\u00e1. Vueltu sa Froome pok\u00fa\u0161al vyhra\u0165 u\u017e po 6-kr\u00e1t, 3 razy na nej skon\u010dil celkovo druh\u00fd. Navy\u0161e, pr\u00e1ve Vuelta ho \u201eobjavila\u201c ako jazdca pre najv\u00e4\u010d\u0161ie etapov\u00e9 preteky a v roku 2011 mu umo\u017enila prerazi\u0165, kedy v podstate pracoval ako domestik pre Bradley Wigginsa &#8211; nakoniec mu ch\u00fdbalo len 13 sek\u00fand na celkov\u00e9 v\u00ed\u0165azstvo.<\/p>\n<p>https:\/\/www.instagram.com\/p\/BY4Enz1BTxE\/?taken-by=chrisfroome<\/p>\n<p>Mnoho \u201ekritikov\u201c mu trochu vy\u010d\u00edtalo, \u017ee Tour dok\u00e1zal vyhra\u0165 bez jedin\u00e9ho \u00faspechu. Z Vuelty si pre zmenu okrem celkov\u00e9ho prvenstva tento tok odn\u00e1\u0161a aj dvojicu etapov\u00fdch \u00faspechov. Radoval sa v dojazde 9. etapy na strm\u00fd kopec Cumbre de Sol a rovnako si prip\u00edsal \u00faspech aj v 16. etape, ktorou bola individu\u00e1lna \u010dasovka. Pr\u00e1ve v nej dominoval a op\u00e4\u0165 tvorila aj z\u00e1klad celkov\u00e9ho \u00faspechu.<\/p>\n<lite-youtube videoid=31988wUkZII params=\"enablejsapi=1\" style=\"background-image: url('https:\/\/i.ytimg.com\/vi_webp\/31988wUkZII\/maxresdefault.webp');\"><\/lite-youtube>\n<ol>\n<li><strong>FROOME Christopher<\/strong>\u00a0&#8211; Team Sky\u00a0&#8211; 82:30:02<\/li>\n<li>NIBALI Vincenzo\u00a0&#8211; Bahrain Merida Pro Team\u00a0&#8211; 02:15<\/li>\n<li>ZAKARIN Ilnur\u00a0&#8211; Ka\u0165u\u0161a &#8211; Alpecin\u00a0&#8211; 02:51<\/li>\n<\/ol>\n<p>\u010eal\u0161\u00edm cie\u013eom pre Frooma bude aj bud\u00facoro\u010dn\u00e1 Tour de France, no bude zauj\u00edmav\u00e9 sledova\u0165, \u010di sa pok\u00fasi niekedy aj o Giro D&#8217;Italia, ktor\u00e9 mu zatia\u013e v zbierke ch\u00fdba. Kombin\u00e1cia Giro-Tour je v s\u00fa\u010dasnej dobe pova\u017eovan\u00e1 za takmer nemo\u017en\u00fa&#8230;<\/p>\n<p>https:\/\/www.instagram.com\/p\/BYsYABEhYC4\/?taken-by=chrisfroome<\/p>\n<h2><strong>Alberto Contador \u2013 l\u00fa\u010denie v \u0161t\u00fdle \u0161ampi\u00f3na<\/strong><\/h2>\n<p>\u0160panielsky jazdec m\u00e1 na svojom konte \u00faspech na v\u0161etk\u00fdch Grand Tours, a to nielen raz. Nehovoriac o mno\u017estve \u010fal\u0161\u00edch, ktor\u00e9 nazbieral po\u010das svojej \u00faspe\u0161nej kari\u00e9ry \u2013 v nej chcel pokra\u010dova\u0165 do roku 2018. Len\u017ee v\u0161etko sa zmenilo po tohtoro\u010dnej Tour de France, kde skon\u010dil viackr\u00e1t na zemi a celkovo sa tr\u00e1pil. Contador si povedal dos\u0165 a ohl\u00e1sil koniec po tohtoro\u010dnej dom\u00e1cej Vuelte.<\/p>\n<p>Len\u017ee ani \u201erozl\u00fa\u010dka\u201c neza\u010dala \u00faplne pod\u013ea predst\u00e1v a hne\u010f v 3. etape do Andorry chytil manko viac ako 2 min\u00faty. Postupne sa dostal mimo prv\u00fa desiatku celkov\u00e9ho poradia a nikto mu ned\u00e1val ve\u013ek\u00e9 \u0161ance. Ak ale nie\u010do zdob\u00ed Contadora, je to v prvom rade bojovnos\u0165, v\u010faka ktorej u\u017e neraz dok\u00e1zal zvr\u00e1ti\u0165 nepriazniv\u00fa situ\u00e1ciu a v\u010faka ktorej ho mali fan\u00fa\u0161ikovia tak radi.<\/p>\n<p>https:\/\/www.instagram.com\/p\/BYtduucF21j\/?taken-by=acontadoroficial<\/p>\n<p>A v tre\u0165om t\u00fd\u017edni sa za\u010dali skuto\u010dn\u00e9 veci. Contador sa sna\u017eil \u00fato\u010di\u0165, kde to len \u0161lo. Viackr\u00e1t sa \u00fatok nepodarilo dotiahnu\u0165 do \u00faspe\u0161n\u00e9ho konca, no \u0160paniel sa nevzd\u00e1val. V\u00fdborne zajazdil \u010dasovku v 16. etape, v\u010faka ktorej sa posunul na celkov\u00e9 5. miesto a hne\u010f \u010fal\u0161\u00ed de\u0148 pri\u0161iel \u00fatok v poriadne strmom st\u00fapan\u00ed na Los Machucos. Posledn\u00e9ho mu\u017ea z \u00faniku s\u00edce nestihol dobehn\u00fa\u0165, ale z favoritov na celkov\u00e9 poradie si po\u010d\u00ednal najlep\u0161ie a op\u00e4\u0165 stiahol svoju stratu.<\/p>\n<p>https:\/\/www.instagram.com\/p\/BY0XxsMFeAT\/?taken-by=acontadoroficial<\/p>\n<p>Prich\u00e1dzali \u010fal\u0161ie \u00fatoky, no v\u0161etko vyvrcholilo na legend\u00e1rnom kopci 20. etapy &#8211; Alto de l&#8217;Angliru, ktor\u00fd je pova\u017eovan\u00fd v\u010faka d\u013a\u017eke a sklonu za naj\u0165a\u017e\u0161\u00ed v Eur\u00f3pe. Bola to posledn\u00e1 \u0161anca na etapov\u00e9 v\u00ed\u0165azstvo a posun na p\u00f3dium, ktor\u00e9 bolo st\u00e1le v hre. Contador nenechal ni\u010d na n\u00e1hodu a so svoj\u00edm t\u00edmom smeroval v\u0161etko k ve\u013ek\u00e9mu \u00fatoku.<\/p>\n<p>https:\/\/www.youtube.com\/watch?v=OoWrX3Gbn44<\/p>\n<p>Ten pri\u0161iel u\u017e v samotnom \u00favode st\u00fapania, kde sa odp\u00fatal spolu s t\u00edmov\u00fdm kolegom Pantanom a n\u00e1sledne u\u017e pokra\u010doval s\u00f3lo. Dom\u00e1ci fan\u00fa\u0161ikovia boli vo vytr\u017een\u00ed a hnali Contadora za v\u00ed\u0165azstvom. To sa mu aj podarilo a o 17 sek\u00fand zv\u00ed\u0165azil pred dvojicou t\u00edmu SKY, Froome-Poels, ktor\u00ed sa v z\u00e1vere ve\u013emi r\u00fdchlo bl\u00ed\u017eili.<\/p>\n<p>https:\/\/www.instagram.com\/p\/BY1HlklFwh9\/?taken-by=acontadoroficial<\/p>\n<p>Nakoniec v celkovom porad\u00ed skon\u010dil Contador tesne na 4. mieste, no bol to koniec kari\u00e9ry hodn\u00fd \u0161ampi\u00f3na. Uznania sa mu dostalo v poslednej 21. etape, kedy mohol ako prv\u00fd prejs\u0165 ulicami Madridu pred dom\u00e1cim publikom&#8230;<\/p>\n<lite-youtube videoid=sIyKFKTN9qk params=\"enablejsapi=1\" style=\"background-image: url('https:\/\/i.ytimg.com\/vi_webp\/sIyKFKTN9qk\/maxresdefault.webp');\"><\/lite-youtube>\n","protected":false},"excerpt":{"rendered":"<p>Ka\u017ed\u00fd z nich sa do povedomia fan\u00fa\u0161ikov zap\u00edsal inak, no pr\u00e1ve oni dvaja boli najv\u00e4\u010d\u0161ie osobnosti poslednej tohtoro\u010dnej Grand Tour.<\/p>\n","protected":false},"author":38,"featured_media":2266,"comment_status":"open","ping_status":"open","sticky":false,"template":"","format":"standard","meta":{"footnotes":""},"categories":[4,127,63,217],"tags":[238,121,115,119,268,251,270,269,219],"global-categories":[],"class_list":["post-2265","post","type-post","status-publish","format-standard","has-post-thumbnail","hentry","category-cestna-cyklisitika","category-legendy","category-grand-tour","category-vuelta-a-espana","tag-238","tag-alberto-contador","tag-cestna-cyklistika","tag-chris-froome","tag-grand-tour","tag-spanielsko","tag-team-sky","tag-vitaz","tag-vuelta-a-espana"],"yoast_head":"<!-- This site is optimized with the Yoast SEO Premium plugin v25.3 (Yoast SEO v25.9) - https:\/\/yoast.com\/wordpress\/plugins\/seo\/ -->\n<title>Froome a Contador \u2013 najv\u00e4\u010die osobnosti Vuelty - \u0160koda We Love Cycling Slovensko<\/title>\n<meta name=\"robots\" content=\"index, follow, max-snippet:-1, max-image-preview:large, max-video-preview:-1\" \/>\n<link rel=\"canonical\" href=\"https:\/\/www.welovecycling.com\/sk\/2017\/09\/11\/froome-contador-najvacie-osobnosti-vuelty\/\" \/>\n<meta property=\"og:locale\" content=\"sk_SK\" \/>\n<meta property=\"og:type\" content=\"article\" \/>\n<meta property=\"og:title\" content=\"Froome a Contador \u2013 najv\u00e4\u010die osobnosti Vuelty\" \/>\n<meta property=\"og:description\" content=\"Ka\u017ed\u00fd z nich sa do povedomia fan\u00fa\u0161ikov zap\u00edsal inak, no pr\u00e1ve oni dvaja boli najv\u00e4\u010d\u0161ie osobnosti poslednej tohtoro\u010dnej Grand Tour.\" \/>\n<meta property=\"og:url\" content=\"https:\/\/www.welovecycling.com\/sk\/2017\/09\/11\/froome-contador-najvacie-osobnosti-vuelty\/\" \/>\n<meta property=\"og:site_name\" content=\"\u0160koda We Love Cycling Slovensko\" \/>\n<meta property=\"article:published_time\" content=\"2017-09-11T12:49:56+00:00\" \/>\n<meta property=\"article:modified_time\" content=\"2017-09-14T08:22:33+00:00\" \/>\n<meta property=\"og:image\" content=\"https:\/\/d2p6e6u75xmxt8.cloudfront.net\/4\/2017\/09\/01-2.webp\" \/>\n\t<meta property=\"og:image:width\" content=\"1375\" \/>\n\t<meta property=\"og:image:height\" content=\"600\" \/>\n\t<meta property=\"og:image:type\" content=\"image\/webp\" \/>\n<meta name=\"author\" content=\"Ondrej Ga\u0161par\" \/>\n<meta name=\"twitter:card\" content=\"summary_large_image\" \/>\n<meta name=\"twitter:label1\" content=\"Written by\" \/>\n\t<meta name=\"twitter:data1\" content=\"Martin Imrich\" \/>\n\t<meta name=\"twitter:label2\" content=\"Est. reading time\" \/>\n\t<meta name=\"twitter:data2\" content=\"5 minutes\" \/>\n<script type=\"application\/ld+json\" class=\"yoast-schema-graph\">{\"@context\":\"https:\/\/schema.org\",\"@graph\":[{\"@type\":\"WebPage\",\"@id\":\"https:\/\/www.welovecycling.com\/sk\/2017\/09\/11\/froome-contador-najvacie-osobnosti-vuelty\/\",\"url\":\"https:\/\/www.welovecycling.com\/sk\/2017\/09\/11\/froome-contador-najvacie-osobnosti-vuelty\/\",\"name\":\"Froome a Contador \u2013 najv\u00e4\u010die osobnosti Vuelty - \u0160koda We Love Cycling Slovensko\",\"isPartOf\":{\"@id\":\"https:\/\/www.welovecycling.com\/sk\/#website\"},\"primaryImageOfPage\":{\"@id\":\"https:\/\/www.welovecycling.com\/sk\/2017\/09\/11\/froome-contador-najvacie-osobnosti-vuelty\/#primaryimage\"},\"image\":{\"@id\":\"https:\/\/www.welovecycling.com\/sk\/2017\/09\/11\/froome-contador-najvacie-osobnosti-vuelty\/#primaryimage\"},\"thumbnailUrl\":\"https:\/\/d2p6e6u75xmxt8.cloudfront.net\/4\/2017\/09\/01-2.webp\",\"datePublished\":\"2017-09-11T12:49:56+00:00\",\"dateModified\":\"2017-09-14T08:22:33+00:00\",\"author\":{\"@id\":\"https:\/\/www.welovecycling.com\/sk\/#\/schema\/person\/8ee09ba39b7e25b1870160aa5b3a89bc\"},\"breadcrumb\":{\"@id\":\"https:\/\/www.welovecycling.com\/sk\/2017\/09\/11\/froome-contador-najvacie-osobnosti-vuelty\/#breadcrumb\"},\"inLanguage\":\"sk-SK\",\"potentialAction\":[{\"@type\":\"ReadAction\",\"target\":[\"https:\/\/www.welovecycling.com\/sk\/2017\/09\/11\/froome-contador-najvacie-osobnosti-vuelty\/\"]}]},{\"@type\":\"ImageObject\",\"inLanguage\":\"sk-SK\",\"@id\":\"https:\/\/www.welovecycling.com\/sk\/2017\/09\/11\/froome-contador-najvacie-osobnosti-vuelty\/#primaryimage\",\"url\":\"https:\/\/d2p6e6u75xmxt8.cloudfront.net\/4\/2017\/09\/01-2.webp\",\"contentUrl\":\"https:\/\/d2p6e6u75xmxt8.cloudfront.net\/4\/2017\/09\/01-2.webp\",\"width\":1375,\"height\":600},{\"@type\":\"BreadcrumbList\",\"@id\":\"https:\/\/www.welovecycling.com\/sk\/2017\/09\/11\/froome-contador-najvacie-osobnosti-vuelty\/#breadcrumb\",\"itemListElement\":[{\"@type\":\"ListItem\",\"position\":1,\"name\":\"Home\",\"item\":\"https:\/\/www.welovecycling.com\/sk\/\"},{\"@type\":\"ListItem\",\"position\":2,\"name\":\"Froome a Contador \u2013 najv\u00e4\u010die osobnosti Vuelty\"}]},{\"@type\":\"WebSite\",\"@id\":\"https:\/\/www.welovecycling.com\/sk\/#website\",\"url\":\"https:\/\/www.welovecycling.com\/sk\/\",\"name\":\"\u0160koda We Love Cycling Slovensko\",\"description\":\"\u0160koda We Love Cycling Slovensko je v\u00e1\u0161 ka\u017edodenn\u00fd zdroj noviniek a in\u0161pir\u00e1cie z sveta cyklistiky\",\"potentialAction\":[{\"@type\":\"SearchAction\",\"target\":{\"@type\":\"EntryPoint\",\"urlTemplate\":\"https:\/\/www.welovecycling.com\/sk\/?s={search_term_string}\"},\"query-input\":{\"@type\":\"PropertyValueSpecification\",\"valueRequired\":true,\"valueName\":\"search_term_string\"}}],\"inLanguage\":\"sk-SK\"},{\"@type\":\"Person\",\"@id\":\"https:\/\/www.welovecycling.com\/sk\/#\/schema\/person\/8ee09ba39b7e25b1870160aa5b3a89bc\",\"name\":\"Ondrej Ga\u0161par\",\"image\":{\"@type\":\"ImageObject\",\"inLanguage\":\"sk-SK\",\"@id\":\"https:\/\/www.welovecycling.com\/sk\/#\/schema\/person\/image\/\",\"url\":\"https:\/\/secure.gravatar.com\/avatar\/6126c9afb87b70da5abbb083ddbb21933da15f18f8ca7cb822aba0fb096a48f6?s=96&d=mm&r=g\",\"contentUrl\":\"https:\/\/secure.gravatar.com\/avatar\/6126c9afb87b70da5abbb083ddbb21933da15f18f8ca7cb822aba0fb096a48f6?s=96&d=mm&r=g\",\"caption\":\"Ondrej Ga\u0161par\"},\"url\":\"https:\/\/www.welovecycling.com\/sk\/author\/ondrejgaspar\/\"}]}<\/script>\n<!-- \/ Yoast SEO Premium plugin. -->","yoast_head_json":{"title":"Froome a Contador \u2013 najv\u00e4\u010die osobnosti Vuelty - \u0160koda We Love Cycling Slovensko","robots":{"index":"index","follow":"follow","max-snippet":"max-snippet:-1","max-image-preview":"max-image-preview:large","max-video-preview":"max-video-preview:-1"},"canonical":"https:\/\/www.welovecycling.com\/sk\/2017\/09\/11\/froome-contador-najvacie-osobnosti-vuelty\/","og_locale":"sk_SK","og_type":"article","og_title":"Froome a Contador \u2013 najv\u00e4\u010die osobnosti Vuelty","og_description":"Ka\u017ed\u00fd z nich sa do povedomia fan\u00fa\u0161ikov zap\u00edsal inak, no pr\u00e1ve oni dvaja boli najv\u00e4\u010d\u0161ie osobnosti poslednej tohtoro\u010dnej Grand Tour.","og_url":"https:\/\/www.welovecycling.com\/sk\/2017\/09\/11\/froome-contador-najvacie-osobnosti-vuelty\/","og_site_name":"\u0160koda We Love Cycling Slovensko","article_published_time":"2017-09-11T12:49:56+00:00","article_modified_time":"2017-09-14T08:22:33+00:00","og_image":[{"width":1375,"height":600,"url":"https:\/\/d2p6e6u75xmxt8.cloudfront.net\/4\/2017\/09\/01-2.webp","type":"image\/webp"}],"author":"Ondrej Ga\u0161par","twitter_card":"summary_large_image","twitter_misc":{"Written by":"Martin Imrich","Est. reading time":"5 minutes"},"schema":{"@context":"https:\/\/schema.org","@graph":[{"@type":"WebPage","@id":"https:\/\/www.welovecycling.com\/sk\/2017\/09\/11\/froome-contador-najvacie-osobnosti-vuelty\/","url":"https:\/\/www.welovecycling.com\/sk\/2017\/09\/11\/froome-contador-najvacie-osobnosti-vuelty\/","name":"Froome a Contador \u2013 najv\u00e4\u010die osobnosti Vuelty - \u0160koda We Love Cycling Slovensko","isPartOf":{"@id":"https:\/\/www.welovecycling.com\/sk\/#website"},"primaryImageOfPage":{"@id":"https:\/\/www.welovecycling.com\/sk\/2017\/09\/11\/froome-contador-najvacie-osobnosti-vuelty\/#primaryimage"},"image":{"@id":"https:\/\/www.welovecycling.com\/sk\/2017\/09\/11\/froome-contador-najvacie-osobnosti-vuelty\/#primaryimage"},"thumbnailUrl":"https:\/\/d2p6e6u75xmxt8.cloudfront.net\/4\/2017\/09\/01-2.webp","datePublished":"2017-09-11T12:49:56+00:00","dateModified":"2017-09-14T08:22:33+00:00","author":{"@id":"https:\/\/www.welovecycling.com\/sk\/#\/schema\/person\/8ee09ba39b7e25b1870160aa5b3a89bc"},"breadcrumb":{"@id":"https:\/\/www.welovecycling.com\/sk\/2017\/09\/11\/froome-contador-najvacie-osobnosti-vuelty\/#breadcrumb"},"inLanguage":"sk-SK","potentialAction":[{"@type":"ReadAction","target":["https:\/\/www.welovecycling.com\/sk\/2017\/09\/11\/froome-contador-najvacie-osobnosti-vuelty\/"]}]},{"@type":"ImageObject","inLanguage":"sk-SK","@id":"https:\/\/www.welovecycling.com\/sk\/2017\/09\/11\/froome-contador-najvacie-osobnosti-vuelty\/#primaryimage","url":"https:\/\/d2p6e6u75xmxt8.cloudfront.net\/4\/2017\/09\/01-2.webp","contentUrl":"https:\/\/d2p6e6u75xmxt8.cloudfront.net\/4\/2017\/09\/01-2.webp","width":1375,"height":600},{"@type":"BreadcrumbList","@id":"https:\/\/www.welovecycling.com\/sk\/2017\/09\/11\/froome-contador-najvacie-osobnosti-vuelty\/#breadcrumb","itemListElement":[{"@type":"ListItem","position":1,"name":"Home","item":"https:\/\/www.welovecycling.com\/sk\/"},{"@type":"ListItem","position":2,"name":"Froome a Contador \u2013 najv\u00e4\u010die osobnosti Vuelty"}]},{"@type":"WebSite","@id":"https:\/\/www.welovecycling.com\/sk\/#website","url":"https:\/\/www.welovecycling.com\/sk\/","name":"\u0160koda We Love Cycling Slovensko","description":"\u0160koda We Love Cycling Slovensko je v\u00e1\u0161 ka\u017edodenn\u00fd zdroj noviniek a in\u0161pir\u00e1cie z sveta cyklistiky","potentialAction":[{"@type":"SearchAction","target":{"@type":"EntryPoint","urlTemplate":"https:\/\/www.welovecycling.com\/sk\/?s={search_term_string}"},"query-input":{"@type":"PropertyValueSpecification","valueRequired":true,"valueName":"search_term_string"}}],"inLanguage":"sk-SK"},{"@type":"Person","@id":"https:\/\/www.welovecycling.com\/sk\/#\/schema\/person\/8ee09ba39b7e25b1870160aa5b3a89bc","name":"Ondrej Ga\u0161par","image":{"@type":"ImageObject","inLanguage":"sk-SK","@id":"https:\/\/www.welovecycling.com\/sk\/#\/schema\/person\/image\/","url":"https:\/\/secure.gravatar.com\/avatar\/6126c9afb87b70da5abbb083ddbb21933da15f18f8ca7cb822aba0fb096a48f6?s=96&d=mm&r=g","contentUrl":"https:\/\/secure.gravatar.com\/avatar\/6126c9afb87b70da5abbb083ddbb21933da15f18f8ca7cb822aba0fb096a48f6?s=96&d=mm&r=g","caption":"Ondrej Ga\u0161par"},"url":"https:\/\/www.welovecycling.com\/sk\/author\/ondrejgaspar\/"}]}},"_links":{"self":[{"href":"https:\/\/www.welovecycling.com\/sk\/wp-json\/wp\/v2\/posts\/2265","targetHints":{"allow":["GET"]}}],"collection":[{"href":"https:\/\/www.welovecycling.com\/sk\/wp-json\/wp\/v2\/posts"}],"about":[{"href":"https:\/\/www.welovecycling.com\/sk\/wp-json\/wp\/v2\/types\/post"}],"author":[{"embeddable":true,"href":"https:\/\/www.welovecycling.com\/sk\/wp-json\/wp\/v2\/users\/38"}],"replies":[{"embeddable":true,"href":"https:\/\/www.welovecycling.com\/sk\/wp-json\/wp\/v2\/comments?post=2265"}],"version-history":[{"count":2,"href":"https:\/\/www.welovecycling.com\/sk\/wp-json\/wp\/v2\/posts\/2265\/revisions"}],"predecessor-version":[{"id":2275,"href":"https:\/\/www.welovecycling.com\/sk\/wp-json\/wp\/v2\/posts\/2265\/revisions\/2275"}],"wp:featuredmedia":[{"embeddable":true,"href":"https:\/\/www.welovecycling.com\/sk\/wp-json\/wp\/v2\/media\/2266"}],"wp:attachment":[{"href":"https:\/\/www.welovecycling.com\/sk\/wp-json\/wp\/v2\/media?parent=2265"}],"wp:term":[{"taxonomy":"category","embeddable":true,"href":"https:\/\/www.welovecycling.com\/sk\/wp-json\/wp\/v2\/categories?post=2265"},{"taxonomy":"post_tag","embeddable":true,"href":"https:\/\/www.welovecycling.com\/sk\/wp-json\/wp\/v2\/tags?post=2265"},{"taxonomy":"global-categories","embeddable":true,"href":"https:\/\/www.welovecycling.com\/sk\/wp-json\/wp\/v2\/global-categories?post=2265"}],"curies":[{"name":"wp","href":"https:\/\/api.w.org\/{rel}","templated":true}]}}