{"id":2247,"date":"2017-09-08T18:31:10","date_gmt":"2017-09-08T16:31:10","guid":{"rendered":"https:\/\/www.welovecycling.com\/sk\/?p=2247"},"modified":"2017-09-08T18:31:10","modified_gmt":"2017-09-08T16:31:10","slug":"zaujimave-kusky-vystavy-eurobike","status":"publish","type":"post","link":"https:\/\/www.welovecycling.com\/sk\/2017\/09\/08\/zaujimave-kusky-vystavy-eurobike\/","title":{"rendered":"Zauj\u00edmav\u00e9 k\u00fasky z v\u00fdstavy EUROBIKE"},"content":{"rendered":"<p><strong>V\u00fdrobcovia ka\u017edoro\u010dne prich\u00e1dzaj\u00fa s mno\u017estvom nov\u00fdch produktov, ktor\u00e9 prezentuj\u00fa na tejto, najv\u00e4\u010d\u0161ej v\u00fdstave svojho druhu na svete. Po\u010fme sa pozrie\u0165 na zop\u00e1r zauj\u00edmav\u00fdch k\u00faskov.<\/strong><!--more--><\/p>\n<h2><strong>Camelbak s ochranou chrbta<\/strong><\/h2>\n<p>Zn\u00e1my expert na hydrat\u00e1ciu sa presl\u00e1vil najm\u00e4 v\u010faka svojim vodn\u00fdm vakom. Tie po novom dop\u013a\u0148a pri vybran\u00fdch modeloch dodato\u010dnou ochranou chrbtice, v\u010faka viacvrstvovej thermo-elastickej penovej kon\u0161trukcii. T\u00e1 dok\u00e1\u017ee absorbova\u0165 v\u00e4\u010d\u0161inu n\u00e1razov, vr\u00e1tane t\u00fdch poriadnych. Chr\u00e1ni\u010de bud\u00fa dostupn\u00e9 u vybran\u00fdch modelov v 2 ve\u013ekostiach a je mo\u017en\u00e9 ich pou\u017e\u00edva\u0165 aj samostatne bez batoha.<\/p>\n<p><a href=\"https:\/\/d2p6e6u75xmxt8.cloudfront.net\/4\/2017\/09\/02.jpg\"><img loading=\"lazy\" decoding=\"async\" class=\"alignnone size-extra-large wp-image-2249\" src=\"https:\/\/d2p6e6u75xmxt8.cloudfront.net\/4\/2017\/09\/02-1920x1280.jpg\" alt=\"\" width=\"1920\" height=\"1280\" \/><\/a><a href=\"https:\/\/international.camelbak.com\/\">camelbak.com<\/a><\/p>\n<h2><strong>Nie\u010do na doch\u00e1dzanie<\/strong><\/h2>\n<p>Ak h\u013ead\u00e1te perfektn\u00e9ho spolo\u010dn\u00edka do mesta, sk\u00faste sa pozrie\u0165 na zna\u010dku\u00a0i:SY z nemeck\u00e9ho mesta H\u00fcllhorst. Ich bicykle maj\u00fa v\u0161etko, \u010do je potrebn\u00e9 pre denn\u00e9 doch\u00e1dzanie \u2013 elektrick\u00fd pohon, odoln\u00fd r\u00e1m, stabiln\u00fd nosi\u010d na bato\u017einu a charakteristick\u00fd syst\u00e9m nastavenia, v\u010faka ktor\u00e9mu sa bicykel prisp\u00f4sob\u00ed len 2 klikmi pre osoby od 150 do 190 cm.<\/p>\n<p><a href=\"https:\/\/d2p6e6u75xmxt8.cloudfront.net\/4\/2017\/09\/03.jpg\"><img loading=\"lazy\" decoding=\"async\" class=\"alignnone size-extra-large wp-image-2250\" src=\"https:\/\/d2p6e6u75xmxt8.cloudfront.net\/4\/2017\/09\/03-1920x1280.jpg\" alt=\"\" width=\"1920\" height=\"1280\" \/><\/a><a href=\"https:\/\/isy.de\/start.html\">isy.de<\/a><\/p>\n<h2><strong>Virtu\u00e1lny tr\u00e9ning s Tacx<\/strong><\/h2>\n<p>Zima sa pomaly ale isto bl\u00ed\u017ei, ale ak vysk\u00fa\u0161ate dobr\u00fd trena\u017e\u00e9r, tr\u00e9ningov\u00e9 manko v\u00e1m ur\u010dite nehroz\u00ed. Medz\u00ed l\u00eddrov na trhu patr\u00ed Tacx, ktor\u00e9ho slu\u017eby vyu\u017e\u00edvaj\u00fa aj Pro Tour t\u00edmy ako Cannondale-Drapac, BORA &#8211; hansgrohe, KATUSHA ALPECIN a mnoh\u00e9 in\u00e9. Silnou str\u00e1nkou je najm\u00e4 virtu\u00e1lny tr\u00e9ning a u\u017e\u00edvate\u013e m\u00e1 mo\u017enos\u0165 v\u00fdber z obrovsk\u00e9ho mno\u017estva trat\u00ed, no zrejme najviac z\u00e1bavn\u00e1 je forma \u201ezdrav\u00e9ho\u201c s\u00faperenia, napr\u00edklad v online svete Zwift \u2013 ten sa te\u0161\u00ed popularite aj medzi mnoh\u00fdmi profesion\u00e1lmi. Zariadenia s\u00fa kompatibiln\u00e9 aj s viacer\u00fdmi \u010fal\u0161\u00edmi aplik\u00e1ciami ako The Sufferfest, TrainerRoad, Bkool a pod. Jednoducho, Tacx prin\u00e1\u0161a do sveta indoor tr\u00e9ningu mno\u017estvo z\u00e1bavy, ktor\u00e1 vie by\u0165 aj z\u00e1rove\u0148 v\u00fdbornou motiv\u00e1ciou.<\/p>\n<p><a href=\"https:\/\/d2p6e6u75xmxt8.cloudfront.net\/4\/2017\/09\/04.jpg\"><img loading=\"lazy\" decoding=\"async\" class=\"alignnone size-extra-large wp-image-2251\" src=\"https:\/\/d2p6e6u75xmxt8.cloudfront.net\/4\/2017\/09\/04-1920x1280.jpg\" alt=\"\" width=\"1920\" height=\"1280\" \/><\/a><a href=\"https:\/\/tacx.com\/\">tacx.com<\/a><\/p>\n<h2><strong>Prilby, ktor\u00e9 bud\u00fa va\u0161e deti nosi\u0165 s rados\u0165ou<\/strong><\/h2>\n<p>Zrejme nemus\u00edme hovori\u0165, \u017ee prilba patr\u00ed medzi z\u00e1kladn\u00e9 prvky ochrany, no niekedy nie je \u013eahk\u00e9 o tom presved\u010di\u0165 t\u00fdch najmen\u0161\u00edch. Ako na to? Najlep\u0161ie formou z\u00e1bavy a pr\u00e1ve na \u0148u sa s\u00fastredili dizajn\u00e9ri z D\u00e1nska. Pod t\u00fdm v\u0161etk\u00fdch sa v\u0161ak skr\u00fdva vysokokvalitn\u00e1 prilba, ktorej hlavn\u00fdm cie\u013eom je maxim\u00e1lna ochrana.<\/p>\n<p><a href=\"https:\/\/d2p6e6u75xmxt8.cloudfront.net\/4\/2017\/09\/05.jpg\"><img loading=\"lazy\" decoding=\"async\" class=\"alignnone size-extra-large wp-image-2252\" src=\"https:\/\/d2p6e6u75xmxt8.cloudfront.net\/4\/2017\/09\/05-1920x1280.jpg\" alt=\"\" width=\"1920\" height=\"1280\" \/><\/a><a href=\"http:\/\/www.crazy-safety.com\/\">crazy-safety.com<\/a><\/p>\n<h2><strong>Ve\u013ek\u00e9 bicykle pre ve\u013ek\u00fdch \u013eud\u00ed<\/strong><\/h2>\n<p>Niektor\u00fdm \u013eudom s\u00fa aj popul\u00e1rne 29-palcov\u00e9 bicykle m\u00e1lo \u2013 napr\u00edklad basketbalistom z NBA. Zna\u010dka Dirty Sixter preto pri\u0161la s ru\u010dne vyr\u00e1ban\u00fdmi modelmi na mieru, kde medzi klientelu patr\u00ed aj hviezda Shaquille O\u2019Neal. Zauj\u00edmav\u00fd je najm\u00e4 priemer kolies, kedy s\u00fa k dispoz\u00edcii 32-palcov\u00e9 alebo dokonca 36-palcov\u00e9 priemery.<\/p>\n<p><a href=\"https:\/\/d2p6e6u75xmxt8.cloudfront.net\/4\/2017\/09\/06-1.jpg\"><img loading=\"lazy\" decoding=\"async\" class=\"alignnone size-extra-large wp-image-2253\" src=\"https:\/\/d2p6e6u75xmxt8.cloudfront.net\/4\/2017\/09\/06-1-1920x1280.jpg\" alt=\"\" width=\"1920\" height=\"1280\" \/><\/a><a href=\"https:\/\/dirtysixer.com\/\">dirtysixer.com<\/a><\/p>\n<h2><strong>Poriadne svetlo<\/strong><\/h2>\n<p>Nov\u00fd model Blika od nemeck\u00e9ho experta na osvetlenie Lupine, pon\u00faka poriadnych 2 100 l\u00famenov. To je v\u00fdkon dostato\u010dn\u00fd aj na no\u010dn\u00e9 \u201ebl\u00e1znenie\u201c na ob\u013e\u00fabenom traili, \u010do ocen\u00edte najm\u00e4 po\u010das nadch\u00e1dzaj\u00facich mesiacov. Svetlo pon\u00faka r\u00f4zne uhly svietenia (\u0161ir\u0161ie, u\u017e\u0161ie) \u010do je \u010dastokr\u00e1t d\u00f4le\u017eitej\u0161ie ne\u017e len samotn\u00fd v\u00fdkon. V\u010faka aplik\u00e1cii si m\u00f4\u017eete v\u0161etko nastavi\u0165 cez mobil a vytvori\u0165 si r\u00f4zne profily svietenia pre r\u00f4zne aktivity. V\u010faka n\u00edzkej hmotnosti a dr\u017eiakom ho m\u00f4\u017eete \u013eahko presun\u00fa\u0165 z riad\u00edtok priamo na prilbu.<\/p>\n<p><a href=\"https:\/\/d2p6e6u75xmxt8.cloudfront.net\/4\/2017\/09\/07.jpg\"><img loading=\"lazy\" decoding=\"async\" class=\"alignnone size-extra-large wp-image-2254\" src=\"https:\/\/d2p6e6u75xmxt8.cloudfront.net\/4\/2017\/09\/07-1920x1280.jpg\" alt=\"\" width=\"1920\" height=\"1280\" \/><\/a><a href=\"https:\/\/www.lupine.de\/\">lupine.de<\/a><\/p>\n<h2><strong>Nello magnetick\u00fd zvon\u010dek<\/strong><\/h2>\n<p>Ak h\u013ead\u00e1te vhodn\u00fd dar\u010dek, m\u00f4\u017ee by\u0165 ide\u00e1lnou vo\u013ebou zvon\u010dek Nello od talianskej zna\u010dky Palomar. Za 20 \u20ac je mo\u017en\u00e9 zohna\u0165 tak\u00fd, ktor\u00fd sa d\u00e1 takmer okam\u017eite odlo\u017ei\u0165 a opa\u010dne \u2013 samozrejme v\u010faka magnetick\u00e9mu uchyteniu. Mo\u017eno e\u0161te lep\u0161ie vyu\u017eitie n\u00e1jde tento syst\u00e9m pri svetl\u00e1ch, ktor\u00e9 s\u00fa rovnako v ponuke&#8230;<\/p>\n<p><a href=\"https:\/\/d2p6e6u75xmxt8.cloudfront.net\/4\/2017\/09\/08.jpg\"><img loading=\"lazy\" decoding=\"async\" class=\"alignnone size-extra-large wp-image-2255\" src=\"https:\/\/d2p6e6u75xmxt8.cloudfront.net\/4\/2017\/09\/08-1920x1280.jpg\" alt=\"\" width=\"1920\" height=\"1280\" \/><\/a><a href=\"https:\/\/www.palomarweb.com\/\">palomarweb.com<\/a><\/p>\n<h2><strong>Ke\u010f p\u00f4jdete na bicykli pre drevo<\/strong><\/h2>\n<p>Niekto to mo\u017eno mysl\u00ed s cyklistikou tak v\u00e1\u017ene, \u017ee si berie svoj bike, aj ke\u010f ide pre drevo. Len\u017ee kam s ve\u013ek\u00fdm kusom? Odpove\u010fou je voz\u00edk od spolo\u010dnosti Aidoo z Nemecka, ktor\u00e1 na tieto potreby vytvorila \u0161peci\u00e1lny voz\u00edk s r\u00fdchlo-up\u00ednac\u00edm syst\u00e9mom. Silov\u00fd tr\u00e9ning ako sa patr\u00ed&#8230;<\/p>\n<p><a href=\"https:\/\/d2p6e6u75xmxt8.cloudfront.net\/4\/2017\/09\/09.jpg\"><img loading=\"lazy\" decoding=\"async\" class=\"alignnone size-extra-large wp-image-2256\" src=\"https:\/\/d2p6e6u75xmxt8.cloudfront.net\/4\/2017\/09\/09-1920x1280.jpg\" alt=\"\" width=\"1920\" height=\"1280\" \/><\/a><a href=\"http:\/\/aidoo-tec.de\/\">aidoo-tec.de<\/a><\/p>\n","protected":false},"excerpt":{"rendered":"<p>V\u00fdrobcovia ka\u017edoro\u010dne prich\u00e1dzaj\u00fa s mno\u017estvom nov\u00fdch produktov, ktor\u00e9 prezentuj\u00fa na tejto, najv\u00e4\u010d\u0161ej v\u00fdstave svojho druhu na svete. Po\u010fme sa pozrie\u0165 [&hellip;]<\/p>\n","protected":false},"author":38,"featured_media":2248,"comment_status":"open","ping_status":"open","sticky":false,"template":"","format":"standard","meta":{"footnotes":""},"categories":[52,118,2],"tags":[238,255,267,252,222,254,258,264,266,265,263],"global-categories":[],"class_list":["post-2247","post","type-post","status-publish","format-standard","has-post-thumbnail","hentry","category-nakupny-poradca","category-zabava","category-zdravie-trening","tag-238","tag-255","tag-camelbak","tag-eurobike","tag-komponenty","tag-nemecko","tag-predstavenie","tag-prilba","tag-prislusenstvo","tag-svetlo","tag-trenazer"],"yoast_head":"<!-- This site is optimized with the Yoast SEO Premium plugin v25.3 (Yoast SEO v25.9) - https:\/\/yoast.com\/wordpress\/plugins\/seo\/ -->\n<title>Zauj\u00edmav\u00e9 k\u00fasky z v\u00fdstavy EUROBIKE - \u0160koda We Love Cycling Slovensko<\/title>\n<meta name=\"robots\" content=\"index, follow, max-snippet:-1, max-image-preview:large, max-video-preview:-1\" \/>\n<link rel=\"canonical\" href=\"https:\/\/www.welovecycling.com\/sk\/2017\/09\/08\/zaujimave-kusky-vystavy-eurobike\/\" \/>\n<meta property=\"og:locale\" content=\"sk_SK\" \/>\n<meta property=\"og:type\" content=\"article\" \/>\n<meta property=\"og:title\" content=\"Zauj\u00edmav\u00e9 k\u00fasky z v\u00fdstavy EUROBIKE\" \/>\n<meta property=\"og:description\" content=\"V\u00fdrobcovia ka\u017edoro\u010dne prich\u00e1dzaj\u00fa s mno\u017estvom nov\u00fdch produktov, ktor\u00e9 prezentuj\u00fa na tejto, najv\u00e4\u010d\u0161ej v\u00fdstave svojho druhu na svete. Po\u010fme sa pozrie\u0165 [&hellip;]\" \/>\n<meta property=\"og:url\" content=\"https:\/\/www.welovecycling.com\/sk\/2017\/09\/08\/zaujimave-kusky-vystavy-eurobike\/\" \/>\n<meta property=\"og:site_name\" content=\"\u0160koda We Love Cycling Slovensko\" \/>\n<meta property=\"article:published_time\" content=\"2017-09-08T16:31:10+00:00\" \/>\n<meta property=\"og:image\" content=\"https:\/\/d2p6e6u75xmxt8.cloudfront.net\/4\/2017\/09\/eurobike.webp\" \/>\n\t<meta property=\"og:image:width\" content=\"1375\" \/>\n\t<meta property=\"og:image:height\" content=\"600\" \/>\n\t<meta property=\"og:image:type\" content=\"image\/webp\" \/>\n<meta name=\"author\" content=\"Ondrej Ga\u0161par\" \/>\n<meta name=\"twitter:card\" content=\"summary_large_image\" \/>\n<meta name=\"twitter:label1\" content=\"Written by\" \/>\n\t<meta name=\"twitter:data1\" content=\"We Love Cycling\" \/>\n\t<meta name=\"twitter:label2\" content=\"Est. reading time\" \/>\n\t<meta name=\"twitter:data2\" content=\"4 minutes\" \/>\n<script type=\"application\/ld+json\" class=\"yoast-schema-graph\">{\"@context\":\"https:\/\/schema.org\",\"@graph\":[{\"@type\":\"WebPage\",\"@id\":\"https:\/\/www.welovecycling.com\/sk\/2017\/09\/08\/zaujimave-kusky-vystavy-eurobike\/\",\"url\":\"https:\/\/www.welovecycling.com\/sk\/2017\/09\/08\/zaujimave-kusky-vystavy-eurobike\/\",\"name\":\"Zauj\u00edmav\u00e9 k\u00fasky z v\u00fdstavy EUROBIKE - \u0160koda We Love Cycling Slovensko\",\"isPartOf\":{\"@id\":\"https:\/\/www.welovecycling.com\/sk\/#website\"},\"primaryImageOfPage\":{\"@id\":\"https:\/\/www.welovecycling.com\/sk\/2017\/09\/08\/zaujimave-kusky-vystavy-eurobike\/#primaryimage\"},\"image\":{\"@id\":\"https:\/\/www.welovecycling.com\/sk\/2017\/09\/08\/zaujimave-kusky-vystavy-eurobike\/#primaryimage\"},\"thumbnailUrl\":\"https:\/\/d2p6e6u75xmxt8.cloudfront.net\/4\/2017\/09\/eurobike.webp\",\"datePublished\":\"2017-09-08T16:31:10+00:00\",\"author\":{\"@id\":\"https:\/\/www.welovecycling.com\/sk\/#\/schema\/person\/8ee09ba39b7e25b1870160aa5b3a89bc\"},\"breadcrumb\":{\"@id\":\"https:\/\/www.welovecycling.com\/sk\/2017\/09\/08\/zaujimave-kusky-vystavy-eurobike\/#breadcrumb\"},\"inLanguage\":\"sk-SK\",\"potentialAction\":[{\"@type\":\"ReadAction\",\"target\":[\"https:\/\/www.welovecycling.com\/sk\/2017\/09\/08\/zaujimave-kusky-vystavy-eurobike\/\"]}]},{\"@type\":\"ImageObject\",\"inLanguage\":\"sk-SK\",\"@id\":\"https:\/\/www.welovecycling.com\/sk\/2017\/09\/08\/zaujimave-kusky-vystavy-eurobike\/#primaryimage\",\"url\":\"https:\/\/d2p6e6u75xmxt8.cloudfront.net\/4\/2017\/09\/eurobike.webp\",\"contentUrl\":\"https:\/\/d2p6e6u75xmxt8.cloudfront.net\/4\/2017\/09\/eurobike.webp\",\"width\":1375,\"height\":600},{\"@type\":\"BreadcrumbList\",\"@id\":\"https:\/\/www.welovecycling.com\/sk\/2017\/09\/08\/zaujimave-kusky-vystavy-eurobike\/#breadcrumb\",\"itemListElement\":[{\"@type\":\"ListItem\",\"position\":1,\"name\":\"Home\",\"item\":\"https:\/\/www.welovecycling.com\/sk\/\"},{\"@type\":\"ListItem\",\"position\":2,\"name\":\"Zauj\u00edmav\u00e9 k\u00fasky z v\u00fdstavy EUROBIKE\"}]},{\"@type\":\"WebSite\",\"@id\":\"https:\/\/www.welovecycling.com\/sk\/#website\",\"url\":\"https:\/\/www.welovecycling.com\/sk\/\",\"name\":\"\u0160koda We Love Cycling Slovensko\",\"description\":\"\u0160koda We Love Cycling Slovensko je v\u00e1\u0161 ka\u017edodenn\u00fd zdroj noviniek a in\u0161pir\u00e1cie z sveta cyklistiky\",\"potentialAction\":[{\"@type\":\"SearchAction\",\"target\":{\"@type\":\"EntryPoint\",\"urlTemplate\":\"https:\/\/www.welovecycling.com\/sk\/?s={search_term_string}\"},\"query-input\":{\"@type\":\"PropertyValueSpecification\",\"valueRequired\":true,\"valueName\":\"search_term_string\"}}],\"inLanguage\":\"sk-SK\"},{\"@type\":\"Person\",\"@id\":\"https:\/\/www.welovecycling.com\/sk\/#\/schema\/person\/8ee09ba39b7e25b1870160aa5b3a89bc\",\"name\":\"Ondrej Ga\u0161par\",\"image\":{\"@type\":\"ImageObject\",\"inLanguage\":\"sk-SK\",\"@id\":\"https:\/\/www.welovecycling.com\/sk\/#\/schema\/person\/image\/\",\"url\":\"https:\/\/secure.gravatar.com\/avatar\/6126c9afb87b70da5abbb083ddbb21933da15f18f8ca7cb822aba0fb096a48f6?s=96&d=mm&r=g\",\"contentUrl\":\"https:\/\/secure.gravatar.com\/avatar\/6126c9afb87b70da5abbb083ddbb21933da15f18f8ca7cb822aba0fb096a48f6?s=96&d=mm&r=g\",\"caption\":\"Ondrej Ga\u0161par\"},\"url\":\"https:\/\/www.welovecycling.com\/sk\/author\/ondrejgaspar\/\"}]}<\/script>\n<!-- \/ Yoast SEO Premium plugin. -->","yoast_head_json":{"title":"Zauj\u00edmav\u00e9 k\u00fasky z v\u00fdstavy EUROBIKE - \u0160koda We Love Cycling Slovensko","robots":{"index":"index","follow":"follow","max-snippet":"max-snippet:-1","max-image-preview":"max-image-preview:large","max-video-preview":"max-video-preview:-1"},"canonical":"https:\/\/www.welovecycling.com\/sk\/2017\/09\/08\/zaujimave-kusky-vystavy-eurobike\/","og_locale":"sk_SK","og_type":"article","og_title":"Zauj\u00edmav\u00e9 k\u00fasky z v\u00fdstavy EUROBIKE","og_description":"V\u00fdrobcovia ka\u017edoro\u010dne prich\u00e1dzaj\u00fa s mno\u017estvom nov\u00fdch produktov, ktor\u00e9 prezentuj\u00fa na tejto, najv\u00e4\u010d\u0161ej v\u00fdstave svojho druhu na svete. Po\u010fme sa pozrie\u0165 [&hellip;]","og_url":"https:\/\/www.welovecycling.com\/sk\/2017\/09\/08\/zaujimave-kusky-vystavy-eurobike\/","og_site_name":"\u0160koda We Love Cycling Slovensko","article_published_time":"2017-09-08T16:31:10+00:00","og_image":[{"width":1375,"height":600,"url":"https:\/\/d2p6e6u75xmxt8.cloudfront.net\/4\/2017\/09\/eurobike.webp","type":"image\/webp"}],"author":"Ondrej Ga\u0161par","twitter_card":"summary_large_image","twitter_misc":{"Written by":"We Love Cycling","Est. reading time":"4 minutes"},"schema":{"@context":"https:\/\/schema.org","@graph":[{"@type":"WebPage","@id":"https:\/\/www.welovecycling.com\/sk\/2017\/09\/08\/zaujimave-kusky-vystavy-eurobike\/","url":"https:\/\/www.welovecycling.com\/sk\/2017\/09\/08\/zaujimave-kusky-vystavy-eurobike\/","name":"Zauj\u00edmav\u00e9 k\u00fasky z v\u00fdstavy EUROBIKE - \u0160koda We Love Cycling Slovensko","isPartOf":{"@id":"https:\/\/www.welovecycling.com\/sk\/#website"},"primaryImageOfPage":{"@id":"https:\/\/www.welovecycling.com\/sk\/2017\/09\/08\/zaujimave-kusky-vystavy-eurobike\/#primaryimage"},"image":{"@id":"https:\/\/www.welovecycling.com\/sk\/2017\/09\/08\/zaujimave-kusky-vystavy-eurobike\/#primaryimage"},"thumbnailUrl":"https:\/\/d2p6e6u75xmxt8.cloudfront.net\/4\/2017\/09\/eurobike.webp","datePublished":"2017-09-08T16:31:10+00:00","author":{"@id":"https:\/\/www.welovecycling.com\/sk\/#\/schema\/person\/8ee09ba39b7e25b1870160aa5b3a89bc"},"breadcrumb":{"@id":"https:\/\/www.welovecycling.com\/sk\/2017\/09\/08\/zaujimave-kusky-vystavy-eurobike\/#breadcrumb"},"inLanguage":"sk-SK","potentialAction":[{"@type":"ReadAction","target":["https:\/\/www.welovecycling.com\/sk\/2017\/09\/08\/zaujimave-kusky-vystavy-eurobike\/"]}]},{"@type":"ImageObject","inLanguage":"sk-SK","@id":"https:\/\/www.welovecycling.com\/sk\/2017\/09\/08\/zaujimave-kusky-vystavy-eurobike\/#primaryimage","url":"https:\/\/d2p6e6u75xmxt8.cloudfront.net\/4\/2017\/09\/eurobike.webp","contentUrl":"https:\/\/d2p6e6u75xmxt8.cloudfront.net\/4\/2017\/09\/eurobike.webp","width":1375,"height":600},{"@type":"BreadcrumbList","@id":"https:\/\/www.welovecycling.com\/sk\/2017\/09\/08\/zaujimave-kusky-vystavy-eurobike\/#breadcrumb","itemListElement":[{"@type":"ListItem","position":1,"name":"Home","item":"https:\/\/www.welovecycling.com\/sk\/"},{"@type":"ListItem","position":2,"name":"Zauj\u00edmav\u00e9 k\u00fasky z v\u00fdstavy EUROBIKE"}]},{"@type":"WebSite","@id":"https:\/\/www.welovecycling.com\/sk\/#website","url":"https:\/\/www.welovecycling.com\/sk\/","name":"\u0160koda We Love Cycling Slovensko","description":"\u0160koda We Love Cycling Slovensko je v\u00e1\u0161 ka\u017edodenn\u00fd zdroj noviniek a in\u0161pir\u00e1cie z sveta cyklistiky","potentialAction":[{"@type":"SearchAction","target":{"@type":"EntryPoint","urlTemplate":"https:\/\/www.welovecycling.com\/sk\/?s={search_term_string}"},"query-input":{"@type":"PropertyValueSpecification","valueRequired":true,"valueName":"search_term_string"}}],"inLanguage":"sk-SK"},{"@type":"Person","@id":"https:\/\/www.welovecycling.com\/sk\/#\/schema\/person\/8ee09ba39b7e25b1870160aa5b3a89bc","name":"Ondrej Ga\u0161par","image":{"@type":"ImageObject","inLanguage":"sk-SK","@id":"https:\/\/www.welovecycling.com\/sk\/#\/schema\/person\/image\/","url":"https:\/\/secure.gravatar.com\/avatar\/6126c9afb87b70da5abbb083ddbb21933da15f18f8ca7cb822aba0fb096a48f6?s=96&d=mm&r=g","contentUrl":"https:\/\/secure.gravatar.com\/avatar\/6126c9afb87b70da5abbb083ddbb21933da15f18f8ca7cb822aba0fb096a48f6?s=96&d=mm&r=g","caption":"Ondrej Ga\u0161par"},"url":"https:\/\/www.welovecycling.com\/sk\/author\/ondrejgaspar\/"}]}},"_links":{"self":[{"href":"https:\/\/www.welovecycling.com\/sk\/wp-json\/wp\/v2\/posts\/2247","targetHints":{"allow":["GET"]}}],"collection":[{"href":"https:\/\/www.welovecycling.com\/sk\/wp-json\/wp\/v2\/posts"}],"about":[{"href":"https:\/\/www.welovecycling.com\/sk\/wp-json\/wp\/v2\/types\/post"}],"author":[{"embeddable":true,"href":"https:\/\/www.welovecycling.com\/sk\/wp-json\/wp\/v2\/users\/38"}],"replies":[{"embeddable":true,"href":"https:\/\/www.welovecycling.com\/sk\/wp-json\/wp\/v2\/comments?post=2247"}],"version-history":[{"count":2,"href":"https:\/\/www.welovecycling.com\/sk\/wp-json\/wp\/v2\/posts\/2247\/revisions"}],"predecessor-version":[{"id":2264,"href":"https:\/\/www.welovecycling.com\/sk\/wp-json\/wp\/v2\/posts\/2247\/revisions\/2264"}],"wp:featuredmedia":[{"embeddable":true,"href":"https:\/\/www.welovecycling.com\/sk\/wp-json\/wp\/v2\/media\/2248"}],"wp:attachment":[{"href":"https:\/\/www.welovecycling.com\/sk\/wp-json\/wp\/v2\/media?parent=2247"}],"wp:term":[{"taxonomy":"category","embeddable":true,"href":"https:\/\/www.welovecycling.com\/sk\/wp-json\/wp\/v2\/categories?post=2247"},{"taxonomy":"post_tag","embeddable":true,"href":"https:\/\/www.welovecycling.com\/sk\/wp-json\/wp\/v2\/tags?post=2247"},{"taxonomy":"global-categories","embeddable":true,"href":"https:\/\/www.welovecycling.com\/sk\/wp-json\/wp\/v2\/global-categories?post=2247"}],"curies":[{"name":"wp","href":"https:\/\/api.w.org\/{rel}","templated":true}]}}