{"id":223,"date":"2016-07-25T12:08:43","date_gmt":"2016-07-25T12:08:43","guid":{"rendered":"https:\/\/www.welovecycling.com\/tour-de-france\/sk\/?p=223"},"modified":"2017-07-01T02:24:29","modified_gmt":"2017-07-01T00:24:29","slug":"pretekanie-letape-du-tour-ked-sa-sen-stane-skutocnostou","status":"publish","type":"post","link":"https:\/\/www.welovecycling.com\/sk\/2016\/07\/25\/pretekanie-letape-du-tour-ked-sa-sen-stane-skutocnostou\/","title":{"rendered":"Pretekanie na l\u2019\u00c9tape du Tour: Ke\u010f sa sen stane skuto\u010dnos\u0165ou"},"content":{"rendered":"<p><strong>Z\u00e1zraky sa ob\u010das dej\u00fa. Predstavte si, \u017ee sa vy\u0161e 20 rokov amat\u00e9rsky venujete cyklistike, ke\u010f zrazu dostanete mo\u017enos\u0165 prida\u0165 sa k t\u00edmu \u0160koda WeLoveCycling na l\u2019\u00c9tape du Tour. V tej chv\u00edli hod\u00edte v\u0161etko ostatn\u00e9 za hlavu: \u0161tyri etapy MTB pretekov v\u00a0rovnakom t\u00fd\u017edni aj to, \u017ee ste len ned\u00e1vno prekonali mumps \u2013 tak\u00e1to \u0161anca sa naskytne len raz v \u017eivote, preto sa ned\u00e1 odmietnu\u0165!<\/strong><!--more--><\/p>\n<p><em>WeLoveCycling tento rok vybrali siedmich jazdcov \u2013 t\u00fdch najlep\u0161\u00edch spomedzi svojich \u010ditate\u013eov \u2013 aby sa spolu s\u00a0nami z\u00fa\u010dastnili na l\u2019\u00c9tape du Tour a pokorili tieto sl\u00e1vne preteky. Jeden z\u00a0nich sa s\u00edce nakoniec nemohol z\u00fa\u010dastni\u0165, no duchom bol st\u00e1le s nami! Tohtoro\u010dn\u00e9 preteky boli replikou 20. etapy Tour de France, ktor\u00fa si budete m\u00f4c\u0165 u\u017ei\u0165 v\u00a0profesion\u00e1lnom podan\u00ed u\u017e t\u00fato sobotu. Prin\u00e1\u0161ame v\u00e1m pr\u00edbeh jedn\u00e9ho z na\u0161ich t\u00edmov\u00fdch jazdcov, ktor\u00fd sa z\u00fa\u010dastnil najintenz\u00edvnej\u0161\u00edch amat\u00e9rskych cyklistick\u00fdch pretekov na svete!<\/em><\/p>\n<p><img loading=\"lazy\" decoding=\"async\" class=\"alignnone size-full wp-image-226\" src=\"http:\/\/skoda-tdf.s3.amazonaws.com\/5\/2016\/07\/IMG_7454-1024x768.jpg\" alt=\"\" width=\"1024\" height=\"768\" \/><\/p>\n<p>Ako pravideln\u00fd prispievate\u013e na WeLoveCycling som bol nad\u0161en\u00fd, \u017ee sa budem m\u00f4c\u0165 prida\u0165 k t\u00edmu na tohtoro\u010dnej l\u2019\u00c9tape. Cel\u00e9 sa to za\u010dalo stretnut\u00edm dvoch star\u00fdch priate\u013eov na pra\u017eskom letisku. Pln\u00fd o\u010dak\u00e1van\u00ed som sa s nad\u0161en\u00edm zv\u00edtal s paraolympijsk\u00fdm cyklistom Ji\u0159\u00edm Je\u017ekom a jeho man\u017eelkou So\u0148ou. Naposledy sme sa videli takmer pred deviatimi rokmi, ke\u010f som o \u0148om nakr\u00facal dokument. Teraz sme sa ocitli spolo\u010dne v jednom t\u00edme a ja som sa u\u017e nevedel do\u010dka\u0165, kedy sa spolu vyd\u00e1me na tra\u0165. Ji\u0159\u00ed pri\u0161iel ako \u0161peci\u00e1lny hos\u0165 \u0160koda; mne prischla \u00faloha pozorovate\u013ea a report\u00e9ra. Jeho odhodlanie na m\u0148a urobilo hlbok\u00fd dojem \u2013 ako pred deviatimi rokmi a jeho entuziazmus bol tie\u017e st\u00e1le rovnako n\u00e1kazliv\u00fd. Ji\u0159\u00ed s\u00edce v jeden\u00e1stich pri\u0161iel o nohu, no v cyklistike s n\u00edm rozhodne treba po\u010d\u00edta\u0165. Pri jeho jeden\u00e1stich paraolympijsk\u00fdch medail\u00e1ch vr\u00e1tane \u0161iestich zlat\u00fdch ma v\u00f4bec neprekvapilo, \u017ee v konkurencii vy\u0161e 11 000 pretek\u00e1rov obsadil \u00factyhodn\u00e9 165. miesto.<\/p>\n<p>Celou cestou sme spom\u00ednali na star\u00e9 \u010dasy a do hotela Du Bois v Chamonix sme dorazili pln\u00ed energie a pripraven\u00ed zozn\u00e1mi\u0165 sa s ostatn\u00fdmi jazdcami. Pr\u00e1ve v tak\u00fdchto chv\u00ed\u013each sa nezn\u00e1mi \u013eudia st\u00e1vaj\u00fa skuto\u010dn\u00fdmi priate\u013emi. V\u0161etci v\u00ed\u0165azi, z\u00e1klad n\u00e1\u0161ho t\u00edmu \u2013 Tom\u00e1\u0161 (SVK), Ludek (CZ), Pavol (PLN), Ludmila (FR), Kyle (GBR) a Ulf (DE) \u2013 si prevzali svoje \u0161tartovn\u00e9 bal\u00ed\u010dky a \u010d\u00edsla a hne\u010f si na\u0161li \u010das na fotografovanie n\u00e1dhernej scen\u00e9rie Mont Blancu.<\/p>\n<p><img loading=\"lazy\" decoding=\"async\" class=\"alignnone size-full wp-image-227\" src=\"http:\/\/skoda-tdf.s3.amazonaws.com\/5\/2016\/07\/DSC_8959-1024x683.jpg\" alt=\"\" width=\"1024\" height=\"683\" \/><\/p>\n<p>Pri ve\u010deri sme sa dozvedeli, \u010do n\u00e1s \u010dak\u00e1 nasleduj\u00faci de\u0148. \u0160okovalo ma, \u017ee ra\u0148ajky bud\u00fa u\u017e o \u0161tvrtej, no vz\u00e1p\u00e4t\u00ed som si uvedomil, \u017ee som sa na ist\u00fd \u010das stal profesion\u00e1lnym cyklistom. V\u010faka tomu vst\u00e1vanie nebolo a\u017e tak\u00e9 \u0165a\u017ek\u00e9, ako som \u010dakal. Hladina adrenal\u00ednu mi st\u00fapla na maximum a bol som pripraven\u00fd vyrazi\u0165.<\/p>\n<p>Vzru\u0161enie sa e\u0161te vystup\u0148ovalo, ke\u010f som sa zaradil medzi mno\u017estvo in\u00fdch jazdcov na \u0161tarte. O chv\u00ed\u013eu sme u\u017e \u0161liapali do ped\u00e1lov. Prv\u00fdch p\u00e4\u0165 kilometrov trate bolo ve\u013emi r\u00fdchlych; priemern\u00e1 r\u00fdchlos\u0165 dosahovala 45 km\/h. U\u017e to bolo nad moje sily, preto som za svojou p\u00f4vodnou skupinou zaostal. Onedlho na to n\u00e1s \u010dakal prv\u00fd kopec \u2013 st\u00fapanie so 6-percentn\u00fdm prev\u00fd\u0161en\u00edm bolo doslova \u013eadovou sprchou. Na chv\u00ed\u013eu som si dokonca myslel, \u017ee sa mi pokazila prehadzova\u010dka, no vz\u00e1p\u00e4t\u00ed som si uvedomil, \u017ee u\u017e nejak\u00fd \u010das m\u00e1m zaraden\u00fd najmen\u0161\u00ed prevod! Vedel som, \u017ee \u010fal\u0161ie kopce na trati bud\u00fa e\u0161te prud\u0161ie, tak\u017ee som sa musel naozaj ve\u013emi prem\u00e1ha\u0165, aby so neklesal na duchu. Ulf, ktor\u00fd \u017eije na\u00a0rovinatej nemecko-holandskej hranici, sa tie\u017e poriadne potr\u00e1pil, no bok po boku sme to napokon zvl\u00e1dli.<\/p>\n<p><img loading=\"lazy\" decoding=\"async\" class=\"alignnone size-full wp-image-228\" src=\"http:\/\/skoda-tdf.s3.amazonaws.com\/5\/2016\/07\/IMG_7552-1024x768.jpg\" alt=\"\" width=\"1024\" height=\"768\" \/><\/p>\n<p>Odmenou n\u00e1m bol kr\u00e1tky zjazd, po ktorom nasledovalo \u010fal\u0161ie st\u00fapanie do Col de Aravis. Bolo to presne tak\u00e9, ako to pozn\u00e1m z telev\u00edzie \u2013 v\u0161ade mno\u017estvo div\u00e1kov. Uprostred etapy sa mi podarilo predbehn\u00fa\u0165 Kylea, ktor\u00fd pred pretekmi budil dojem siln\u00e9ho a \u013eahk\u00e9ho jazdca. Toto mal\u00e9 v\u00ed\u0165azstvo mi dodalo sily, ktor\u00e9 som tak ve\u013emi potreboval. Kyle mi v\u0161ak u\u017e o chv\u00ed\u013eu d\u00fdchal na chrb\u00e1t, preto som v nasleduj\u00facom st\u00fapan\u00ed mal \u010do robi\u0165, aby som ho pred seba nepustil. Nasledoval n\u00e1ro\u010dn\u00fd zjazd, pri\u010dom vzduch bol nabit\u00fd nervozitou. Zvl\u00e1dol som to a te\u0161il sa na 40-kilometrov\u00fa rovinku.<\/p>\n<p>Nu\u017e a potom n\u00e1s cesta zaviedla na Col de la Joux Plane. Prv\u00e9 dva kilometre tejto cesty do pekla boli hor\u00face a strm\u00e9. Ruky sa mi tak potili, \u017ee som sa len tak-tak dr\u017eal riadidiel, a navy\u0161e sa mi za\u010dala to\u010di\u0165 hlava. \u0160liapal som \u010falej a dva kilometre pod vrcholom som za\u010dul zn\u00e1me \u201eahoj\u201c \u2013 pr\u00e1ve som toti\u017e predbehol Tom\u00e1\u0161a. To mojim noh\u00e1m dodalo \u010fal\u0161iu d\u00e1vku energie, tak\u017ee som zdolal aj nasleduj\u00face st\u00fapanie, po ktorom na m\u0148a \u010dakal u\u017e len zjazd do Morzine.<\/p>\n<p><img loading=\"lazy\" decoding=\"async\" class=\"alignnone size-full wp-image-229\" src=\"http:\/\/skoda-tdf.s3.amazonaws.com\/5\/2016\/07\/IMG_7691-1024x734.jpg\" alt=\"\" width=\"1024\" height=\"734\" \/><\/p>\n<p>V cieli n\u00e1s priv\u00edtali \u013eudia z t\u00edmu \u0160koda, ktor\u00ed si pri\u0161li vypo\u010du\u0165 na\u0161e dojmy a odfoti\u0165 p\u00e1r z\u00e1berov. Nesk\u00f4r sme sa v\u0161etci stretli a porozpr\u00e1vali o na\u0161ej ceste plnej bolesti a \u00fatrap. Potom, \u010do sme to spolo\u010dne zvl\u00e1dli, panovala medzi nami \u00fa\u017easn\u00e1 s\u00fadr\u017enos\u0165, boli sme naozaj ako dlhoro\u010dn\u00ed priatelia. Ve\u010der sme oslavovali pri skvelej ve\u010deri s v\u00fdh\u013eadom na Mont Blanc. U\u017e\u00edvali sme si nezabudnute\u013en\u00e9 z\u00e1\u017eitky s pocitom spolupatri\u010dnosti a dobre vykonanej pr\u00e1ce. C\u00edtili sme sa ako v siedmom nebi. A presne tam sme aj boli.<\/p>\n","protected":false},"excerpt":{"rendered":"<p>Z\u00e1zraky sa ob\u010das dej\u00fa. Predstavte si, \u017ee sa vy\u0161e 20 rokov amat\u00e9rsky venujete cyklistike, ke\u010f zrazu dostanete mo\u017enos\u0165 prida\u0165 sa [&hellip;]<\/p>\n","protected":false},"author":1,"featured_media":224,"comment_status":"open","ping_status":"open","sticky":false,"template":"","format":"standard","meta":{"footnotes":""},"categories":[4,63],"tags":[87,71],"global-categories":[],"class_list":["post-223","post","type-post","status-publish","format-standard","has-post-thumbnail","hentry","category-cestna-cyklisitika","category-grand-tour","tag-honza-hejna","tag-letape-du-tour"],"yoast_head":"<!-- This site is optimized with the Yoast SEO Premium plugin v25.3 (Yoast SEO v25.9) - https:\/\/yoast.com\/wordpress\/plugins\/seo\/ -->\n<title>Pretekanie na l\u2019\u00c9tape du Tour: Ke\u010f sa sen stane skuto\u010dnos\u0165ou - \u0160koda We Love Cycling Slovensko<\/title>\n<meta name=\"robots\" content=\"index, follow, max-snippet:-1, max-image-preview:large, max-video-preview:-1\" \/>\n<link rel=\"canonical\" href=\"https:\/\/www.welovecycling.com\/sk\/2016\/07\/25\/pretekanie-letape-du-tour-ked-sa-sen-stane-skutocnostou\/\" \/>\n<meta property=\"og:locale\" content=\"sk_SK\" \/>\n<meta property=\"og:type\" content=\"article\" \/>\n<meta property=\"og:title\" content=\"Pretekanie na l\u2019\u00c9tape du Tour: Ke\u010f sa sen stane skuto\u010dnos\u0165ou\" \/>\n<meta property=\"og:description\" content=\"Z\u00e1zraky sa ob\u010das dej\u00fa. Predstavte si, \u017ee sa vy\u0161e 20 rokov amat\u00e9rsky venujete cyklistike, ke\u010f zrazu dostanete mo\u017enos\u0165 prida\u0165 sa [&hellip;]\" \/>\n<meta property=\"og:url\" content=\"https:\/\/www.welovecycling.com\/sk\/2016\/07\/25\/pretekanie-letape-du-tour-ked-sa-sen-stane-skutocnostou\/\" \/>\n<meta property=\"og:site_name\" content=\"\u0160koda We Love Cycling Slovensko\" \/>\n<meta property=\"article:published_time\" content=\"2016-07-25T12:08:43+00:00\" \/>\n<meta property=\"article:modified_time\" content=\"2017-07-01T00:24:29+00:00\" \/>\n<meta property=\"og:image\" content=\"https:\/\/d2p6e6u75xmxt8.cloudfront.net\/4\/2016\/07\/885586_175748.webp\" \/>\n\t<meta property=\"og:image:width\" content=\"1375\" \/>\n\t<meta property=\"og:image:height\" content=\"600\" \/>\n\t<meta property=\"og:image:type\" content=\"image\/webp\" \/>\n<meta name=\"author\" content=\"WeLoveCycling\" \/>\n<meta name=\"twitter:card\" content=\"summary_large_image\" \/>\n<meta name=\"twitter:label1\" content=\"Written by\" \/>\n\t<meta name=\"twitter:data1\" content=\"Honza Hejna\" \/>\n\t<meta name=\"twitter:label2\" content=\"Est. reading time\" \/>\n\t<meta name=\"twitter:data2\" content=\"5 minutes\" \/>\n<script type=\"application\/ld+json\" class=\"yoast-schema-graph\">{\"@context\":\"https:\/\/schema.org\",\"@graph\":[{\"@type\":\"WebPage\",\"@id\":\"https:\/\/www.welovecycling.com\/sk\/2016\/07\/25\/pretekanie-letape-du-tour-ked-sa-sen-stane-skutocnostou\/\",\"url\":\"https:\/\/www.welovecycling.com\/sk\/2016\/07\/25\/pretekanie-letape-du-tour-ked-sa-sen-stane-skutocnostou\/\",\"name\":\"Pretekanie na l\u2019\u00c9tape du Tour: Ke\u010f sa sen stane skuto\u010dnos\u0165ou - \u0160koda We Love Cycling Slovensko\",\"isPartOf\":{\"@id\":\"https:\/\/www.welovecycling.com\/sk\/#website\"},\"primaryImageOfPage\":{\"@id\":\"https:\/\/www.welovecycling.com\/sk\/2016\/07\/25\/pretekanie-letape-du-tour-ked-sa-sen-stane-skutocnostou\/#primaryimage\"},\"image\":{\"@id\":\"https:\/\/www.welovecycling.com\/sk\/2016\/07\/25\/pretekanie-letape-du-tour-ked-sa-sen-stane-skutocnostou\/#primaryimage\"},\"thumbnailUrl\":\"https:\/\/d2p6e6u75xmxt8.cloudfront.net\/4\/2016\/07\/885586_175748.webp\",\"datePublished\":\"2016-07-25T12:08:43+00:00\",\"dateModified\":\"2017-07-01T00:24:29+00:00\",\"author\":{\"@id\":\"https:\/\/www.welovecycling.com\/sk\/#\/schema\/person\/e5187c9cac8dd619ebc7b41bd73c2fd9\"},\"breadcrumb\":{\"@id\":\"https:\/\/www.welovecycling.com\/sk\/2016\/07\/25\/pretekanie-letape-du-tour-ked-sa-sen-stane-skutocnostou\/#breadcrumb\"},\"inLanguage\":\"sk-SK\",\"potentialAction\":[{\"@type\":\"ReadAction\",\"target\":[\"https:\/\/www.welovecycling.com\/sk\/2016\/07\/25\/pretekanie-letape-du-tour-ked-sa-sen-stane-skutocnostou\/\"]}]},{\"@type\":\"ImageObject\",\"inLanguage\":\"sk-SK\",\"@id\":\"https:\/\/www.welovecycling.com\/sk\/2016\/07\/25\/pretekanie-letape-du-tour-ked-sa-sen-stane-skutocnostou\/#primaryimage\",\"url\":\"https:\/\/d2p6e6u75xmxt8.cloudfront.net\/4\/2016\/07\/885586_175748.webp\",\"contentUrl\":\"https:\/\/d2p6e6u75xmxt8.cloudfront.net\/4\/2016\/07\/885586_175748.webp\",\"width\":1375,\"height\":600},{\"@type\":\"BreadcrumbList\",\"@id\":\"https:\/\/www.welovecycling.com\/sk\/2016\/07\/25\/pretekanie-letape-du-tour-ked-sa-sen-stane-skutocnostou\/#breadcrumb\",\"itemListElement\":[{\"@type\":\"ListItem\",\"position\":1,\"name\":\"Home\",\"item\":\"https:\/\/www.welovecycling.com\/sk\/\"},{\"@type\":\"ListItem\",\"position\":2,\"name\":\"Pretekanie na l\u2019\u00c9tape du Tour: Ke\u010f sa sen stane skuto\u010dnos\u0165ou\"}]},{\"@type\":\"WebSite\",\"@id\":\"https:\/\/www.welovecycling.com\/sk\/#website\",\"url\":\"https:\/\/www.welovecycling.com\/sk\/\",\"name\":\"\u0160koda We Love Cycling Slovensko\",\"description\":\"\u0160koda We Love Cycling Slovensko je v\u00e1\u0161 ka\u017edodenn\u00fd zdroj noviniek a in\u0161pir\u00e1cie z sveta cyklistiky\",\"potentialAction\":[{\"@type\":\"SearchAction\",\"target\":{\"@type\":\"EntryPoint\",\"urlTemplate\":\"https:\/\/www.welovecycling.com\/sk\/?s={search_term_string}\"},\"query-input\":{\"@type\":\"PropertyValueSpecification\",\"valueRequired\":true,\"valueName\":\"search_term_string\"}}],\"inLanguage\":\"sk-SK\"},{\"@type\":\"Person\",\"@id\":\"https:\/\/www.welovecycling.com\/sk\/#\/schema\/person\/e5187c9cac8dd619ebc7b41bd73c2fd9\",\"name\":\"WeLoveCycling\",\"image\":{\"@type\":\"ImageObject\",\"inLanguage\":\"sk-SK\",\"@id\":\"https:\/\/www.welovecycling.com\/sk\/#\/schema\/person\/image\/\",\"url\":\"https:\/\/secure.gravatar.com\/avatar\/7e1ee0ecc5e294b19ef32b9f6086e0afbb9da00c3cb0d465ba4695331f4a9187?s=96&d=mm&r=g\",\"contentUrl\":\"https:\/\/secure.gravatar.com\/avatar\/7e1ee0ecc5e294b19ef32b9f6086e0afbb9da00c3cb0d465ba4695331f4a9187?s=96&d=mm&r=g\",\"caption\":\"WeLoveCycling\"},\"url\":\"https:\/\/www.welovecycling.com\/sk\/author\/lukascech\/\"}]}<\/script>\n<!-- \/ Yoast SEO Premium plugin. -->","yoast_head_json":{"title":"Pretekanie na l\u2019\u00c9tape du Tour: Ke\u010f sa sen stane skuto\u010dnos\u0165ou - \u0160koda We Love Cycling Slovensko","robots":{"index":"index","follow":"follow","max-snippet":"max-snippet:-1","max-image-preview":"max-image-preview:large","max-video-preview":"max-video-preview:-1"},"canonical":"https:\/\/www.welovecycling.com\/sk\/2016\/07\/25\/pretekanie-letape-du-tour-ked-sa-sen-stane-skutocnostou\/","og_locale":"sk_SK","og_type":"article","og_title":"Pretekanie na l\u2019\u00c9tape du Tour: Ke\u010f sa sen stane skuto\u010dnos\u0165ou","og_description":"Z\u00e1zraky sa ob\u010das dej\u00fa. Predstavte si, \u017ee sa vy\u0161e 20 rokov amat\u00e9rsky venujete cyklistike, ke\u010f zrazu dostanete mo\u017enos\u0165 prida\u0165 sa [&hellip;]","og_url":"https:\/\/www.welovecycling.com\/sk\/2016\/07\/25\/pretekanie-letape-du-tour-ked-sa-sen-stane-skutocnostou\/","og_site_name":"\u0160koda We Love Cycling Slovensko","article_published_time":"2016-07-25T12:08:43+00:00","article_modified_time":"2017-07-01T00:24:29+00:00","og_image":[{"width":1375,"height":600,"url":"https:\/\/d2p6e6u75xmxt8.cloudfront.net\/4\/2016\/07\/885586_175748.webp","type":"image\/webp"}],"author":"WeLoveCycling","twitter_card":"summary_large_image","twitter_misc":{"Written by":"Honza Hejna","Est. reading time":"5 minutes"},"schema":{"@context":"https:\/\/schema.org","@graph":[{"@type":"WebPage","@id":"https:\/\/www.welovecycling.com\/sk\/2016\/07\/25\/pretekanie-letape-du-tour-ked-sa-sen-stane-skutocnostou\/","url":"https:\/\/www.welovecycling.com\/sk\/2016\/07\/25\/pretekanie-letape-du-tour-ked-sa-sen-stane-skutocnostou\/","name":"Pretekanie na l\u2019\u00c9tape du Tour: Ke\u010f sa sen stane skuto\u010dnos\u0165ou - \u0160koda We Love Cycling Slovensko","isPartOf":{"@id":"https:\/\/www.welovecycling.com\/sk\/#website"},"primaryImageOfPage":{"@id":"https:\/\/www.welovecycling.com\/sk\/2016\/07\/25\/pretekanie-letape-du-tour-ked-sa-sen-stane-skutocnostou\/#primaryimage"},"image":{"@id":"https:\/\/www.welovecycling.com\/sk\/2016\/07\/25\/pretekanie-letape-du-tour-ked-sa-sen-stane-skutocnostou\/#primaryimage"},"thumbnailUrl":"https:\/\/d2p6e6u75xmxt8.cloudfront.net\/4\/2016\/07\/885586_175748.webp","datePublished":"2016-07-25T12:08:43+00:00","dateModified":"2017-07-01T00:24:29+00:00","author":{"@id":"https:\/\/www.welovecycling.com\/sk\/#\/schema\/person\/e5187c9cac8dd619ebc7b41bd73c2fd9"},"breadcrumb":{"@id":"https:\/\/www.welovecycling.com\/sk\/2016\/07\/25\/pretekanie-letape-du-tour-ked-sa-sen-stane-skutocnostou\/#breadcrumb"},"inLanguage":"sk-SK","potentialAction":[{"@type":"ReadAction","target":["https:\/\/www.welovecycling.com\/sk\/2016\/07\/25\/pretekanie-letape-du-tour-ked-sa-sen-stane-skutocnostou\/"]}]},{"@type":"ImageObject","inLanguage":"sk-SK","@id":"https:\/\/www.welovecycling.com\/sk\/2016\/07\/25\/pretekanie-letape-du-tour-ked-sa-sen-stane-skutocnostou\/#primaryimage","url":"https:\/\/d2p6e6u75xmxt8.cloudfront.net\/4\/2016\/07\/885586_175748.webp","contentUrl":"https:\/\/d2p6e6u75xmxt8.cloudfront.net\/4\/2016\/07\/885586_175748.webp","width":1375,"height":600},{"@type":"BreadcrumbList","@id":"https:\/\/www.welovecycling.com\/sk\/2016\/07\/25\/pretekanie-letape-du-tour-ked-sa-sen-stane-skutocnostou\/#breadcrumb","itemListElement":[{"@type":"ListItem","position":1,"name":"Home","item":"https:\/\/www.welovecycling.com\/sk\/"},{"@type":"ListItem","position":2,"name":"Pretekanie na l\u2019\u00c9tape du Tour: Ke\u010f sa sen stane skuto\u010dnos\u0165ou"}]},{"@type":"WebSite","@id":"https:\/\/www.welovecycling.com\/sk\/#website","url":"https:\/\/www.welovecycling.com\/sk\/","name":"\u0160koda We Love Cycling Slovensko","description":"\u0160koda We Love Cycling Slovensko je v\u00e1\u0161 ka\u017edodenn\u00fd zdroj noviniek a in\u0161pir\u00e1cie z sveta cyklistiky","potentialAction":[{"@type":"SearchAction","target":{"@type":"EntryPoint","urlTemplate":"https:\/\/www.welovecycling.com\/sk\/?s={search_term_string}"},"query-input":{"@type":"PropertyValueSpecification","valueRequired":true,"valueName":"search_term_string"}}],"inLanguage":"sk-SK"},{"@type":"Person","@id":"https:\/\/www.welovecycling.com\/sk\/#\/schema\/person\/e5187c9cac8dd619ebc7b41bd73c2fd9","name":"WeLoveCycling","image":{"@type":"ImageObject","inLanguage":"sk-SK","@id":"https:\/\/www.welovecycling.com\/sk\/#\/schema\/person\/image\/","url":"https:\/\/secure.gravatar.com\/avatar\/7e1ee0ecc5e294b19ef32b9f6086e0afbb9da00c3cb0d465ba4695331f4a9187?s=96&d=mm&r=g","contentUrl":"https:\/\/secure.gravatar.com\/avatar\/7e1ee0ecc5e294b19ef32b9f6086e0afbb9da00c3cb0d465ba4695331f4a9187?s=96&d=mm&r=g","caption":"WeLoveCycling"},"url":"https:\/\/www.welovecycling.com\/sk\/author\/lukascech\/"}]}},"_links":{"self":[{"href":"https:\/\/www.welovecycling.com\/sk\/wp-json\/wp\/v2\/posts\/223","targetHints":{"allow":["GET"]}}],"collection":[{"href":"https:\/\/www.welovecycling.com\/sk\/wp-json\/wp\/v2\/posts"}],"about":[{"href":"https:\/\/www.welovecycling.com\/sk\/wp-json\/wp\/v2\/types\/post"}],"author":[{"embeddable":true,"href":"https:\/\/www.welovecycling.com\/sk\/wp-json\/wp\/v2\/users\/1"}],"replies":[{"embeddable":true,"href":"https:\/\/www.welovecycling.com\/sk\/wp-json\/wp\/v2\/comments?post=223"}],"version-history":[{"count":2,"href":"https:\/\/www.welovecycling.com\/sk\/wp-json\/wp\/v2\/posts\/223\/revisions"}],"predecessor-version":[{"id":1455,"href":"https:\/\/www.welovecycling.com\/sk\/wp-json\/wp\/v2\/posts\/223\/revisions\/1455"}],"wp:featuredmedia":[{"embeddable":true,"href":"https:\/\/www.welovecycling.com\/sk\/wp-json\/wp\/v2\/media\/224"}],"wp:attachment":[{"href":"https:\/\/www.welovecycling.com\/sk\/wp-json\/wp\/v2\/media?parent=223"}],"wp:term":[{"taxonomy":"category","embeddable":true,"href":"https:\/\/www.welovecycling.com\/sk\/wp-json\/wp\/v2\/categories?post=223"},{"taxonomy":"post_tag","embeddable":true,"href":"https:\/\/www.welovecycling.com\/sk\/wp-json\/wp\/v2\/tags?post=223"},{"taxonomy":"global-categories","embeddable":true,"href":"https:\/\/www.welovecycling.com\/sk\/wp-json\/wp\/v2\/global-categories?post=223"}],"curies":[{"name":"wp","href":"https:\/\/api.w.org\/{rel}","templated":true}]}}