{"id":2223,"date":"2017-09-21T12:06:05","date_gmt":"2017-09-21T10:06:05","guid":{"rendered":"https:\/\/www.welovecycling.com\/sk\/?p=2223"},"modified":"2017-09-21T12:06:05","modified_gmt":"2017-09-21T10:06:05","slug":"eurobike-ake-su-najvacsie-sucasne-trendy","status":"publish","type":"post","link":"https:\/\/www.welovecycling.com\/sk\/2017\/09\/21\/eurobike-ake-su-najvacsie-sucasne-trendy\/","title":{"rendered":"EUROBIKE \u2013 ak\u00e9 s\u00fa najv\u00e4\u010d\u0161ie s\u00fa\u010dasn\u00e9 trendy?"},"content":{"rendered":"<p><strong>V\u00fdrobcovia bicyklov sk\u00fa\u0161aj\u00fa nov\u00e9 veci, experimentuj\u00fa a ubera\u0165 sa m\u00f4\u017eu naozaj r\u00f4znymi smermi. Vybrali sme pre v\u00e1s tie najzauj\u00edmavej\u0161ie.<\/strong><!--more--><\/p>\n<h2><strong>Bicykle kateg\u00f3rie <em>gravel<\/em><\/strong><\/h2>\n<p>Mo\u017eno si poviete, podobn\u00fdch noviniek tu u\u017e bolo \u2013 ako napr. ned\u00e1vny rozruch okolo fatbikov (tie s extra \u0161irok\u00fdmi pneumatikami), ktor\u00e9 sa nakoniec pr\u00edli\u0161 neuchytili. Len\u017ee kateg\u00f3ria <em>gravel<\/em> m\u00e1 \u00faplne in\u00fd potenci\u00e1l. Tieto bicykle sa toti\u017e ide\u00e1lne hodia pre v\u0161etk\u00fdch, ktor\u00ed maj\u00fa radi r\u00fdchlos\u0165 a svi\u017en\u00fa jazdu &#8211; hlavn\u00e9 v\u00fdhody cestn\u00fdch bicyklov. V\u00e4\u010d\u0161ine \u013eud\u00ed v\u0161ak nejde len o tr\u00e9ning, agres\u00edvnu poz\u00edciu a priemern\u00fa r\u00fdchlos\u0165. Maj\u00fa radi slobodu a pr\u00e1ve tieto bicykle im umo\u017enia nav\u0161t\u00edvi\u0165 miesta, kam predt\u00fdm na klasickom \u201eces\u0165\u00e1ku\u201c nemohli. S\u00fa to napr\u00edklad r\u00f4zne \u0161otolinov\u00e9 cesty a lesn\u00e9 spojky, v\u010faka ktor\u00fdm sa otvoria \u00faplne nov\u00e9 mo\u017enosti a okruhy. Navy\u0161e, to v\u0161etko len s mal\u00fdm kompromisom pri pohybe na asfalte a uznajte, \u017ee o 2-3 km\/h ni\u017e\u0161\u00ed priemer, nie je ve\u013ek\u00e1 obeta&#8230;<\/p>\n<p><a href=\"https:\/\/d2p6e6u75xmxt8.cloudfront.net\/4\/2017\/09\/gravel_kellys_soot101.jpg\"><img loading=\"lazy\" decoding=\"async\" class=\"alignnone size-extra-large wp-image-2228\" src=\"https:\/\/d2p6e6u75xmxt8.cloudfront.net\/4\/2017\/09\/gravel_kellys_soot101-1920x1440.jpg\" alt=\"\" width=\"1920\" height=\"1440\" \/><\/a><\/p>\n<div id='gallery-1' class='gallery galleryid-2223 gallery-columns-2 gallery-size-full'><figure class='gallery-item'>\n\t\t\t<div class='gallery-icon landscape'>\n\t\t\t\t<a href='https:\/\/d2p6e6u75xmxt8.cloudfront.net\/4\/2017\/09\/gravel_kellys_soot105-scaled.webp'><img loading=\"lazy\" decoding=\"async\" width=\"2560\" height=\"1920\" src=\"https:\/\/d2p6e6u75xmxt8.cloudfront.net\/4\/2017\/09\/gravel_kellys_soot105-scaled.webp\" class=\"attachment-full size-full\" alt=\"\" aria-describedby=\"gallery-1-2233\" srcset=\"https:\/\/d2p6e6u75xmxt8.cloudfront.net\/4\/2017\/09\/gravel_kellys_soot105-scaled.webp 2560w, https:\/\/d2p6e6u75xmxt8.cloudfront.net\/4\/2017\/09\/gravel_kellys_soot105-300x225.webp 300w, https:\/\/d2p6e6u75xmxt8.cloudfront.net\/4\/2017\/09\/gravel_kellys_soot105-1024x768.webp 1024w, https:\/\/d2p6e6u75xmxt8.cloudfront.net\/4\/2017\/09\/gravel_kellys_soot105-768x576.webp 768w, https:\/\/d2p6e6u75xmxt8.cloudfront.net\/4\/2017\/09\/gravel_kellys_soot105-1536x1152.webp 1536w, https:\/\/d2p6e6u75xmxt8.cloudfront.net\/4\/2017\/09\/gravel_kellys_soot105-2048x1536.webp 2048w, https:\/\/d2p6e6u75xmxt8.cloudfront.net\/4\/2017\/09\/gravel_kellys_soot105-1920x1440.webp 1920w, https:\/\/d2p6e6u75xmxt8.cloudfront.net\/4\/2017\/09\/gravel_kellys_soot105-1920x1440.webp 1920w\" sizes=\"auto, (max-width: 2560px) 100vw, 2560px\" \/><\/a>\n\t\t\t<\/div>\n\t\t\t\t<figcaption class='wp-caption-text gallery-caption' id='gallery-1-2233'>\n\t\t\t\tNovinka z dielne Kellys\n\t\t\t\t<\/figcaption><\/figure><figure class='gallery-item'>\n\t\t\t<div class='gallery-icon landscape'>\n\t\t\t\t<a href='https:\/\/d2p6e6u75xmxt8.cloudfront.net\/4\/2017\/09\/gravel_kellys_soot106-scaled.webp'><img loading=\"lazy\" decoding=\"async\" width=\"2560\" height=\"1920\" src=\"https:\/\/d2p6e6u75xmxt8.cloudfront.net\/4\/2017\/09\/gravel_kellys_soot106-scaled.webp\" class=\"attachment-full size-full\" alt=\"\" srcset=\"https:\/\/d2p6e6u75xmxt8.cloudfront.net\/4\/2017\/09\/gravel_kellys_soot106-scaled.webp 2560w, https:\/\/d2p6e6u75xmxt8.cloudfront.net\/4\/2017\/09\/gravel_kellys_soot106-300x225.webp 300w, https:\/\/d2p6e6u75xmxt8.cloudfront.net\/4\/2017\/09\/gravel_kellys_soot106-1024x768.webp 1024w, https:\/\/d2p6e6u75xmxt8.cloudfront.net\/4\/2017\/09\/gravel_kellys_soot106-768x576.webp 768w, https:\/\/d2p6e6u75xmxt8.cloudfront.net\/4\/2017\/09\/gravel_kellys_soot106-1536x1152.webp 1536w, https:\/\/d2p6e6u75xmxt8.cloudfront.net\/4\/2017\/09\/gravel_kellys_soot106-2048x1536.webp 2048w, https:\/\/d2p6e6u75xmxt8.cloudfront.net\/4\/2017\/09\/gravel_kellys_soot106-1920x1440.webp 1920w, https:\/\/d2p6e6u75xmxt8.cloudfront.net\/4\/2017\/09\/gravel_kellys_soot106-1920x1440.webp 1920w\" sizes=\"auto, (max-width: 2560px) 100vw, 2560px\" \/><\/a>\n\t\t\t<\/div><\/figure>\n\t\t<\/div>\n\n<h2><strong>Kot\u00fa\u010dov\u00e9 brzdy<\/strong><\/h2>\n<p>Aj ke\u010f tie samozrejme nie s\u00fa \u017eiadna ve\u013ek\u00e1 novinka, m\u00e1me na mysli najm\u00e4 segment cestn\u00fdch bicyklov. Pr\u00e1ve tam sa kot\u00fa\u010dov\u00e9 brzdy za\u010d\u00ednaj\u00fa presadzova\u0165 \u010doraz viac a pomaly za\u010d\u00ednaj\u00fa vl\u00e1dnu\u0165 jednotliv\u00fdm modelov\u00fdm radom &#8211; mo\u017eno ste u\u017e po\u010duli mno\u017estvo deb\u00e1t na t\u00fato t\u00e9mu s mno\u017estvom odli\u0161n\u00fdch n\u00e1zorov. Pravdou ale je, \u017ee najv\u00e4\u010d\u0161\u00ed probl\u00e9m je hlavne to, \u010do sa t\u00fdka aplik\u00e1cie a pou\u017eitia v profi-pelot\u00f3ne, kde platia trochu in\u00e9 zvyklosti a podmienky. Najm\u00e4, \u010do sa t\u00fdka pou\u017eitia po\u010das pretekov a s t\u00fdm s\u00favisiace komplik\u00e1cie. Be\u017en\u00fd jazdec tak\u00e9to probl\u00e9my rie\u0161i\u0165 nemus\u00ed a pr\u00e1ve vtedy vynikn\u00fa v\u00fdhody kot\u00fa\u010dov naplno. Najm\u00e4, ak m\u00e1te jeden bicykel, ktor\u00fd pou\u017e\u00edvate v ka\u017edom ro\u010dnom obdob\u00ed a za ka\u017ed\u00fdch podmienok. Trochu to s\u00favis\u00ed aj s vy\u0161\u0161ie spom\u00ednan\u00fdm trendom <em>gravel<\/em> bicyklov, pre ktor\u00e9 s\u00fa tak\u00e9to brzdy ide\u00e1lnou vo\u013ebou u\u017e od ich vzniku. Je viac ne\u017e pravdepodobn\u00e9, \u017ee \u201edoba kot\u00fa\u010dov\u00e1\u201c sa bl\u00ed\u017ei aj v tejto kateg\u00f3rii bicyklov.<\/p>\n<p><a href=\"https:\/\/d2p6e6u75xmxt8.cloudfront.net\/4\/2017\/09\/kotuce_cesta101.jpg\"><img loading=\"lazy\" decoding=\"async\" class=\"alignnone size-extra-large wp-image-2227\" src=\"https:\/\/d2p6e6u75xmxt8.cloudfront.net\/4\/2017\/09\/kotuce_cesta101-1920x1440.jpg\" alt=\"\" width=\"1920\" height=\"1440\" \/><\/a><\/p>\n<div id='gallery-2' class='gallery galleryid-2223 gallery-columns-2 gallery-size-full'><figure class='gallery-item'>\n\t\t\t<div class='gallery-icon landscape'>\n\t\t\t\t<a href='https:\/\/d2p6e6u75xmxt8.cloudfront.net\/4\/2017\/09\/kotuce_cesta103-scaled.webp'><img loading=\"lazy\" decoding=\"async\" width=\"2560\" height=\"1920\" src=\"https:\/\/d2p6e6u75xmxt8.cloudfront.net\/4\/2017\/09\/kotuce_cesta103-scaled.webp\" class=\"attachment-full size-full\" alt=\"\" srcset=\"https:\/\/d2p6e6u75xmxt8.cloudfront.net\/4\/2017\/09\/kotuce_cesta103-scaled.webp 2560w, https:\/\/d2p6e6u75xmxt8.cloudfront.net\/4\/2017\/09\/kotuce_cesta103-300x225.webp 300w, https:\/\/d2p6e6u75xmxt8.cloudfront.net\/4\/2017\/09\/kotuce_cesta103-1024x768.webp 1024w, https:\/\/d2p6e6u75xmxt8.cloudfront.net\/4\/2017\/09\/kotuce_cesta103-768x576.webp 768w, https:\/\/d2p6e6u75xmxt8.cloudfront.net\/4\/2017\/09\/kotuce_cesta103-1536x1152.webp 1536w, https:\/\/d2p6e6u75xmxt8.cloudfront.net\/4\/2017\/09\/kotuce_cesta103-2048x1536.webp 2048w, https:\/\/d2p6e6u75xmxt8.cloudfront.net\/4\/2017\/09\/kotuce_cesta103-1920x1440.webp 1920w, https:\/\/d2p6e6u75xmxt8.cloudfront.net\/4\/2017\/09\/kotuce_cesta103-1920x1440.webp 1920w\" sizes=\"auto, (max-width: 2560px) 100vw, 2560px\" \/><\/a>\n\t\t\t<\/div><\/figure><figure class='gallery-item'>\n\t\t\t<div class='gallery-icon landscape'>\n\t\t\t\t<a href='https:\/\/d2p6e6u75xmxt8.cloudfront.net\/4\/2017\/09\/kotuce_cesta104-scaled.webp'><img loading=\"lazy\" decoding=\"async\" width=\"2560\" height=\"1920\" src=\"https:\/\/d2p6e6u75xmxt8.cloudfront.net\/4\/2017\/09\/kotuce_cesta104-scaled.webp\" class=\"attachment-full size-full\" alt=\"\" srcset=\"https:\/\/d2p6e6u75xmxt8.cloudfront.net\/4\/2017\/09\/kotuce_cesta104-scaled.webp 2560w, https:\/\/d2p6e6u75xmxt8.cloudfront.net\/4\/2017\/09\/kotuce_cesta104-300x225.webp 300w, https:\/\/d2p6e6u75xmxt8.cloudfront.net\/4\/2017\/09\/kotuce_cesta104-1024x768.webp 1024w, https:\/\/d2p6e6u75xmxt8.cloudfront.net\/4\/2017\/09\/kotuce_cesta104-768x576.webp 768w, https:\/\/d2p6e6u75xmxt8.cloudfront.net\/4\/2017\/09\/kotuce_cesta104-1536x1152.webp 1536w, https:\/\/d2p6e6u75xmxt8.cloudfront.net\/4\/2017\/09\/kotuce_cesta104-2048x1536.webp 2048w, https:\/\/d2p6e6u75xmxt8.cloudfront.net\/4\/2017\/09\/kotuce_cesta104-1920x1440.webp 1920w, https:\/\/d2p6e6u75xmxt8.cloudfront.net\/4\/2017\/09\/kotuce_cesta104-1920x1440.webp 1920w\" sizes=\"auto, (max-width: 2560px) 100vw, 2560px\" \/><\/a>\n\t\t\t<\/div><\/figure>\n\t\t<\/div>\n\n<h2><strong>Jednoprevodn\u00edk pre v\u0161etk\u00fdch<\/strong><\/h2>\n<p>Ve\u013emi \u201ehor\u00facou\u201c t\u00e9mou je aj t\u00e1 oh\u013eadom prevodov. \u00c1no, m\u00e1me na mysli jednoprevodn\u00edk a jeho st\u00e1le v\u00e4\u010d\u0161ie roz\u0161irovanie v r\u00e1mci cel\u00e9ho spektra MTB. Tomu m\u00e1 pom\u00f4c\u0165 najm\u00e4 nov\u00fd, 12-r\u00fdchlostn\u00fd syst\u00e9m od v\u00fdrobcu SRAM s obrovskou kazetou a s rozsahom 10 \u2013 50 zubov. V\u010faka tomu sa v\u00fdrazne zv\u00e4\u010d\u0161il rozsah, ktor\u00fd doteraz patril k najv\u00e4\u010d\u0161\u00edm nedostatkom \u2013 najm\u00e4, ak nem\u00e1te nohy ako Sagan a potrebujete st\u00e1le \u013eahk\u00e9 prevody do kopcov a aj tie \u0165a\u017e\u0161ie na pr\u00edpadn\u00e9 presuny po ceste. Najm\u00e4 ekonomick\u00fd variant sady Eagle s pr\u00edvlastkom GX pos\u00fava t\u00fato technol\u00f3giu medzi masy, \u010do bolo aj vidno, ke\u010f\u017ee dominoval pri ve\u013ekom po\u010dte nov\u00fdch modelov \u2013 \u010di u\u017e pre XC, trail alebo enduro.<\/p>\n<p><a href=\"https:\/\/d2p6e6u75xmxt8.cloudfront.net\/4\/2017\/09\/sram106-1.jpg\"><img loading=\"lazy\" decoding=\"async\" class=\"alignnone size-extra-large wp-image-2240\" src=\"https:\/\/d2p6e6u75xmxt8.cloudfront.net\/4\/2017\/09\/sram106-1-1920x1920.jpg\" alt=\"\" width=\"1920\" height=\"1920\" \/><\/a><\/p>\n<h2><strong>Farbi\u010dky<\/strong><\/h2>\n<p>U\u017e d\u00e1vno je pre\u010d doba, kedy bicyklom vl\u00e1dla \u010dierna, \u010derven\u00e1 alebo modr\u00e1 farba. Dne\u0161n\u00e1 ponuka doslova \u017eije farbami a t\u00fa svoju si n\u00e1jde takmer ka\u017ed\u00fd. V\u00fdrobcovia sa neboja ani divokej\u0161\u00edch kombin\u00e1ci\u00ed a pestr\u00fdch farieb.<\/p>\n<p><a href=\"https:\/\/d2p6e6u75xmxt8.cloudfront.net\/4\/2017\/09\/IMG_0504-1.jpg\"><img loading=\"lazy\" decoding=\"async\" class=\"alignnone size-extra-large wp-image-2239\" src=\"https:\/\/d2p6e6u75xmxt8.cloudfront.net\/4\/2017\/09\/IMG_0504-1-1920x1440.jpg\" alt=\"\" width=\"1920\" height=\"1440\" \/><\/a><\/p>\n<h2><strong>Elektrobicykle ako pevn\u00e1 s\u00fa\u010das\u0165<\/strong><\/h2>\n<p>\u010ci s t\u00fdmto trendom s\u00fahlas\u00edte alebo nie, ost\u00e1va len jedin\u00e9 \u2013 akceptova\u0165 ho. Elektrobicykle u\u017e nesl\u00fa\u017eia len na doch\u00e1dzanie do pr\u00e1ce alebo na n\u00e1kup. S\u00fa\u010dasn\u00e9 technol\u00f3gie a celkov\u00e1 integr\u00e1cia umo\u017e\u0148uj\u00fa ich vyu\u017eitie aj na modeloch ur\u010den\u00fdch do n\u00e1ro\u010dn\u00e9ho ter\u00e9nu alebo dokonca na cestn\u00fdch bicykloch. Pritom na prv\u00fd poh\u013ead u\u017e niekedy ani nie je pozna\u0165, \u017ee sa jedn\u00e1 o ebike. Jednoducho, doba sa men\u00ed a treba sa prisp\u00f4sobi\u0165, pritom sa netreba b\u00e1\u0165, \u017ee by tieto bicykle sn\u00e1\u010f niekedy vytla\u010dili tie klasick\u00e9&#8230;<\/p>\n<div id='gallery-3' class='gallery galleryid-2223 gallery-columns-2 gallery-size-full'><figure class='gallery-item'>\n\t\t\t<div class='gallery-icon landscape'>\n\t\t\t\t<a href='https:\/\/d2p6e6u75xmxt8.cloudfront.net\/4\/2017\/09\/IMG_0356-scaled.webp'><img loading=\"lazy\" decoding=\"async\" width=\"2560\" height=\"1920\" src=\"https:\/\/d2p6e6u75xmxt8.cloudfront.net\/4\/2017\/09\/IMG_0356-scaled.webp\" class=\"attachment-full size-full\" alt=\"\" srcset=\"https:\/\/d2p6e6u75xmxt8.cloudfront.net\/4\/2017\/09\/IMG_0356-scaled.webp 2560w, https:\/\/d2p6e6u75xmxt8.cloudfront.net\/4\/2017\/09\/IMG_0356-300x225.webp 300w, https:\/\/d2p6e6u75xmxt8.cloudfront.net\/4\/2017\/09\/IMG_0356-1024x768.webp 1024w, https:\/\/d2p6e6u75xmxt8.cloudfront.net\/4\/2017\/09\/IMG_0356-768x576.webp 768w, https:\/\/d2p6e6u75xmxt8.cloudfront.net\/4\/2017\/09\/IMG_0356-1536x1152.webp 1536w, https:\/\/d2p6e6u75xmxt8.cloudfront.net\/4\/2017\/09\/IMG_0356-2048x1536.webp 2048w, https:\/\/d2p6e6u75xmxt8.cloudfront.net\/4\/2017\/09\/IMG_0356-1920x1440.webp 1920w, https:\/\/d2p6e6u75xmxt8.cloudfront.net\/4\/2017\/09\/IMG_0356-1920x1440.webp 1920w\" sizes=\"auto, (max-width: 2560px) 100vw, 2560px\" \/><\/a>\n\t\t\t<\/div><\/figure><figure class='gallery-item'>\n\t\t\t<div class='gallery-icon landscape'>\n\t\t\t\t<a href='https:\/\/d2p6e6u75xmxt8.cloudfront.net\/4\/2017\/09\/sram101-scaled.webp'><img loading=\"lazy\" decoding=\"async\" width=\"2560\" height=\"1920\" src=\"https:\/\/d2p6e6u75xmxt8.cloudfront.net\/4\/2017\/09\/sram101-scaled.webp\" class=\"attachment-full size-full\" alt=\"\" srcset=\"https:\/\/d2p6e6u75xmxt8.cloudfront.net\/4\/2017\/09\/sram101-scaled.webp 2560w, https:\/\/d2p6e6u75xmxt8.cloudfront.net\/4\/2017\/09\/sram101-300x225.webp 300w, https:\/\/d2p6e6u75xmxt8.cloudfront.net\/4\/2017\/09\/sram101-1024x768.webp 1024w, https:\/\/d2p6e6u75xmxt8.cloudfront.net\/4\/2017\/09\/sram101-768x576.webp 768w, https:\/\/d2p6e6u75xmxt8.cloudfront.net\/4\/2017\/09\/sram101-1536x1152.webp 1536w, https:\/\/d2p6e6u75xmxt8.cloudfront.net\/4\/2017\/09\/sram101-2048x1536.webp 2048w, https:\/\/d2p6e6u75xmxt8.cloudfront.net\/4\/2017\/09\/sram101-1920x1440.webp 1920w, https:\/\/d2p6e6u75xmxt8.cloudfront.net\/4\/2017\/09\/sram101-1920x1440.webp 1920w\" sizes=\"auto, (max-width: 2560px) 100vw, 2560px\" \/><\/a>\n\t\t\t<\/div><\/figure>\n\t\t<\/div>\n\n","protected":false},"excerpt":{"rendered":"<p>V\u00fdrobcovia bicyklov sk\u00fa\u0161aj\u00fa nov\u00e9 veci, experimentuj\u00fa a ubera\u0165 sa m\u00f4\u017eu naozaj r\u00f4znymi smermi. Vybrali sme pre v\u00e1s tie najzauj\u00edmavej\u0161ie.<\/p>\n","protected":false},"author":38,"featured_media":2237,"comment_status":"open","ping_status":"open","sticky":false,"template":"","format":"standard","meta":{"footnotes":""},"categories":[52,191,34,118],"tags":[255,115,261,260,252,259,262,222,254,257,258,256,253],"global-categories":[],"class_list":["post-2223","post","type-post","status-publish","format-standard","has-post-thumbnail","hentry","category-nakupny-poradca","category-odporucame","category-podujatia","category-zabava","tag-255","tag-cestna-cyklistika","tag-ebike","tag-elektobicykel","tag-eurobike","tag-gravel","tag-jednoprevodnik","tag-komponenty","tag-nemecko","tag-novinky","tag-predstavenie","tag-sezona","tag-vystavy"],"yoast_head":"<!-- This site is optimized with the Yoast SEO Premium plugin v25.3 (Yoast SEO v25.9) - https:\/\/yoast.com\/wordpress\/plugins\/seo\/ -->\n<title>EUROBIKE \u2013 ak\u00e9 s\u00fa najv\u00e4\u010d\u0161ie s\u00fa\u010dasn\u00e9 trendy? - \u0160koda We Love Cycling Slovensko<\/title>\n<meta name=\"robots\" content=\"index, follow, max-snippet:-1, max-image-preview:large, max-video-preview:-1\" \/>\n<link rel=\"canonical\" href=\"https:\/\/www.welovecycling.com\/sk\/2017\/09\/21\/eurobike-ake-su-najvacsie-sucasne-trendy\/\" \/>\n<meta property=\"og:locale\" content=\"sk_SK\" \/>\n<meta property=\"og:type\" content=\"article\" \/>\n<meta property=\"og:title\" content=\"EUROBIKE \u2013 ak\u00e9 s\u00fa najv\u00e4\u010d\u0161ie s\u00fa\u010dasn\u00e9 trendy?\" \/>\n<meta property=\"og:description\" content=\"V\u00fdrobcovia bicyklov sk\u00fa\u0161aj\u00fa nov\u00e9 veci, experimentuj\u00fa a ubera\u0165 sa m\u00f4\u017eu naozaj r\u00f4znymi smermi. Vybrali sme pre v\u00e1s tie najzauj\u00edmavej\u0161ie.\" \/>\n<meta property=\"og:url\" content=\"https:\/\/www.welovecycling.com\/sk\/2017\/09\/21\/eurobike-ake-su-najvacsie-sucasne-trendy\/\" \/>\n<meta property=\"og:site_name\" content=\"\u0160koda We Love Cycling Slovensko\" \/>\n<meta property=\"article:published_time\" content=\"2017-09-21T10:06:05+00:00\" \/>\n<meta property=\"og:image\" content=\"https:\/\/d2p6e6u75xmxt8.cloudfront.net\/4\/2017\/09\/Ttilula.webp\" \/>\n\t<meta property=\"og:image:width\" content=\"1375\" \/>\n\t<meta property=\"og:image:height\" content=\"600\" \/>\n\t<meta property=\"og:image:type\" content=\"image\/webp\" \/>\n<meta name=\"author\" content=\"Ondrej Ga\u0161par\" \/>\n<meta name=\"twitter:card\" content=\"summary_large_image\" \/>\n<meta name=\"twitter:label1\" content=\"Written by\" \/>\n\t<meta name=\"twitter:data1\" content=\"We Love Cycling\" \/>\n\t<meta name=\"twitter:label2\" content=\"Est. reading time\" \/>\n\t<meta name=\"twitter:data2\" content=\"4 minutes\" \/>\n<script type=\"application\/ld+json\" class=\"yoast-schema-graph\">{\"@context\":\"https:\/\/schema.org\",\"@graph\":[{\"@type\":\"WebPage\",\"@id\":\"https:\/\/www.welovecycling.com\/sk\/2017\/09\/21\/eurobike-ake-su-najvacsie-sucasne-trendy\/\",\"url\":\"https:\/\/www.welovecycling.com\/sk\/2017\/09\/21\/eurobike-ake-su-najvacsie-sucasne-trendy\/\",\"name\":\"EUROBIKE \u2013 ak\u00e9 s\u00fa najv\u00e4\u010d\u0161ie s\u00fa\u010dasn\u00e9 trendy? - \u0160koda We Love Cycling Slovensko\",\"isPartOf\":{\"@id\":\"https:\/\/www.welovecycling.com\/sk\/#website\"},\"primaryImageOfPage\":{\"@id\":\"https:\/\/www.welovecycling.com\/sk\/2017\/09\/21\/eurobike-ake-su-najvacsie-sucasne-trendy\/#primaryimage\"},\"image\":{\"@id\":\"https:\/\/www.welovecycling.com\/sk\/2017\/09\/21\/eurobike-ake-su-najvacsie-sucasne-trendy\/#primaryimage\"},\"thumbnailUrl\":\"https:\/\/d2p6e6u75xmxt8.cloudfront.net\/4\/2017\/09\/Ttilula.webp\",\"datePublished\":\"2017-09-21T10:06:05+00:00\",\"author\":{\"@id\":\"https:\/\/www.welovecycling.com\/sk\/#\/schema\/person\/8ee09ba39b7e25b1870160aa5b3a89bc\"},\"breadcrumb\":{\"@id\":\"https:\/\/www.welovecycling.com\/sk\/2017\/09\/21\/eurobike-ake-su-najvacsie-sucasne-trendy\/#breadcrumb\"},\"inLanguage\":\"sk-SK\",\"potentialAction\":[{\"@type\":\"ReadAction\",\"target\":[\"https:\/\/www.welovecycling.com\/sk\/2017\/09\/21\/eurobike-ake-su-najvacsie-sucasne-trendy\/\"]}]},{\"@type\":\"ImageObject\",\"inLanguage\":\"sk-SK\",\"@id\":\"https:\/\/www.welovecycling.com\/sk\/2017\/09\/21\/eurobike-ake-su-najvacsie-sucasne-trendy\/#primaryimage\",\"url\":\"https:\/\/d2p6e6u75xmxt8.cloudfront.net\/4\/2017\/09\/Ttilula.webp\",\"contentUrl\":\"https:\/\/d2p6e6u75xmxt8.cloudfront.net\/4\/2017\/09\/Ttilula.webp\",\"width\":1375,\"height\":600},{\"@type\":\"BreadcrumbList\",\"@id\":\"https:\/\/www.welovecycling.com\/sk\/2017\/09\/21\/eurobike-ake-su-najvacsie-sucasne-trendy\/#breadcrumb\",\"itemListElement\":[{\"@type\":\"ListItem\",\"position\":1,\"name\":\"Home\",\"item\":\"https:\/\/www.welovecycling.com\/sk\/\"},{\"@type\":\"ListItem\",\"position\":2,\"name\":\"EUROBIKE \u2013 ak\u00e9 s\u00fa najv\u00e4\u010d\u0161ie s\u00fa\u010dasn\u00e9 trendy?\"}]},{\"@type\":\"WebSite\",\"@id\":\"https:\/\/www.welovecycling.com\/sk\/#website\",\"url\":\"https:\/\/www.welovecycling.com\/sk\/\",\"name\":\"\u0160koda We Love Cycling Slovensko\",\"description\":\"\u0160koda We Love Cycling Slovensko je v\u00e1\u0161 ka\u017edodenn\u00fd zdroj noviniek a in\u0161pir\u00e1cie z sveta cyklistiky\",\"potentialAction\":[{\"@type\":\"SearchAction\",\"target\":{\"@type\":\"EntryPoint\",\"urlTemplate\":\"https:\/\/www.welovecycling.com\/sk\/?s={search_term_string}\"},\"query-input\":{\"@type\":\"PropertyValueSpecification\",\"valueRequired\":true,\"valueName\":\"search_term_string\"}}],\"inLanguage\":\"sk-SK\"},{\"@type\":\"Person\",\"@id\":\"https:\/\/www.welovecycling.com\/sk\/#\/schema\/person\/8ee09ba39b7e25b1870160aa5b3a89bc\",\"name\":\"Ondrej Ga\u0161par\",\"image\":{\"@type\":\"ImageObject\",\"inLanguage\":\"sk-SK\",\"@id\":\"https:\/\/www.welovecycling.com\/sk\/#\/schema\/person\/image\/\",\"url\":\"https:\/\/secure.gravatar.com\/avatar\/6126c9afb87b70da5abbb083ddbb21933da15f18f8ca7cb822aba0fb096a48f6?s=96&d=mm&r=g\",\"contentUrl\":\"https:\/\/secure.gravatar.com\/avatar\/6126c9afb87b70da5abbb083ddbb21933da15f18f8ca7cb822aba0fb096a48f6?s=96&d=mm&r=g\",\"caption\":\"Ondrej Ga\u0161par\"},\"url\":\"https:\/\/www.welovecycling.com\/sk\/author\/ondrejgaspar\/\"}]}<\/script>\n<!-- \/ Yoast SEO Premium plugin. -->","yoast_head_json":{"title":"EUROBIKE \u2013 ak\u00e9 s\u00fa najv\u00e4\u010d\u0161ie s\u00fa\u010dasn\u00e9 trendy? - \u0160koda We Love Cycling Slovensko","robots":{"index":"index","follow":"follow","max-snippet":"max-snippet:-1","max-image-preview":"max-image-preview:large","max-video-preview":"max-video-preview:-1"},"canonical":"https:\/\/www.welovecycling.com\/sk\/2017\/09\/21\/eurobike-ake-su-najvacsie-sucasne-trendy\/","og_locale":"sk_SK","og_type":"article","og_title":"EUROBIKE \u2013 ak\u00e9 s\u00fa najv\u00e4\u010d\u0161ie s\u00fa\u010dasn\u00e9 trendy?","og_description":"V\u00fdrobcovia bicyklov sk\u00fa\u0161aj\u00fa nov\u00e9 veci, experimentuj\u00fa a ubera\u0165 sa m\u00f4\u017eu naozaj r\u00f4znymi smermi. Vybrali sme pre v\u00e1s tie najzauj\u00edmavej\u0161ie.","og_url":"https:\/\/www.welovecycling.com\/sk\/2017\/09\/21\/eurobike-ake-su-najvacsie-sucasne-trendy\/","og_site_name":"\u0160koda We Love Cycling Slovensko","article_published_time":"2017-09-21T10:06:05+00:00","og_image":[{"width":1375,"height":600,"url":"https:\/\/d2p6e6u75xmxt8.cloudfront.net\/4\/2017\/09\/Ttilula.webp","type":"image\/webp"}],"author":"Ondrej Ga\u0161par","twitter_card":"summary_large_image","twitter_misc":{"Written by":"We Love Cycling","Est. reading time":"4 minutes"},"schema":{"@context":"https:\/\/schema.org","@graph":[{"@type":"WebPage","@id":"https:\/\/www.welovecycling.com\/sk\/2017\/09\/21\/eurobike-ake-su-najvacsie-sucasne-trendy\/","url":"https:\/\/www.welovecycling.com\/sk\/2017\/09\/21\/eurobike-ake-su-najvacsie-sucasne-trendy\/","name":"EUROBIKE \u2013 ak\u00e9 s\u00fa najv\u00e4\u010d\u0161ie s\u00fa\u010dasn\u00e9 trendy? - \u0160koda We Love Cycling Slovensko","isPartOf":{"@id":"https:\/\/www.welovecycling.com\/sk\/#website"},"primaryImageOfPage":{"@id":"https:\/\/www.welovecycling.com\/sk\/2017\/09\/21\/eurobike-ake-su-najvacsie-sucasne-trendy\/#primaryimage"},"image":{"@id":"https:\/\/www.welovecycling.com\/sk\/2017\/09\/21\/eurobike-ake-su-najvacsie-sucasne-trendy\/#primaryimage"},"thumbnailUrl":"https:\/\/d2p6e6u75xmxt8.cloudfront.net\/4\/2017\/09\/Ttilula.webp","datePublished":"2017-09-21T10:06:05+00:00","author":{"@id":"https:\/\/www.welovecycling.com\/sk\/#\/schema\/person\/8ee09ba39b7e25b1870160aa5b3a89bc"},"breadcrumb":{"@id":"https:\/\/www.welovecycling.com\/sk\/2017\/09\/21\/eurobike-ake-su-najvacsie-sucasne-trendy\/#breadcrumb"},"inLanguage":"sk-SK","potentialAction":[{"@type":"ReadAction","target":["https:\/\/www.welovecycling.com\/sk\/2017\/09\/21\/eurobike-ake-su-najvacsie-sucasne-trendy\/"]}]},{"@type":"ImageObject","inLanguage":"sk-SK","@id":"https:\/\/www.welovecycling.com\/sk\/2017\/09\/21\/eurobike-ake-su-najvacsie-sucasne-trendy\/#primaryimage","url":"https:\/\/d2p6e6u75xmxt8.cloudfront.net\/4\/2017\/09\/Ttilula.webp","contentUrl":"https:\/\/d2p6e6u75xmxt8.cloudfront.net\/4\/2017\/09\/Ttilula.webp","width":1375,"height":600},{"@type":"BreadcrumbList","@id":"https:\/\/www.welovecycling.com\/sk\/2017\/09\/21\/eurobike-ake-su-najvacsie-sucasne-trendy\/#breadcrumb","itemListElement":[{"@type":"ListItem","position":1,"name":"Home","item":"https:\/\/www.welovecycling.com\/sk\/"},{"@type":"ListItem","position":2,"name":"EUROBIKE \u2013 ak\u00e9 s\u00fa najv\u00e4\u010d\u0161ie s\u00fa\u010dasn\u00e9 trendy?"}]},{"@type":"WebSite","@id":"https:\/\/www.welovecycling.com\/sk\/#website","url":"https:\/\/www.welovecycling.com\/sk\/","name":"\u0160koda We Love Cycling Slovensko","description":"\u0160koda We Love Cycling Slovensko je v\u00e1\u0161 ka\u017edodenn\u00fd zdroj noviniek a in\u0161pir\u00e1cie z sveta cyklistiky","potentialAction":[{"@type":"SearchAction","target":{"@type":"EntryPoint","urlTemplate":"https:\/\/www.welovecycling.com\/sk\/?s={search_term_string}"},"query-input":{"@type":"PropertyValueSpecification","valueRequired":true,"valueName":"search_term_string"}}],"inLanguage":"sk-SK"},{"@type":"Person","@id":"https:\/\/www.welovecycling.com\/sk\/#\/schema\/person\/8ee09ba39b7e25b1870160aa5b3a89bc","name":"Ondrej Ga\u0161par","image":{"@type":"ImageObject","inLanguage":"sk-SK","@id":"https:\/\/www.welovecycling.com\/sk\/#\/schema\/person\/image\/","url":"https:\/\/secure.gravatar.com\/avatar\/6126c9afb87b70da5abbb083ddbb21933da15f18f8ca7cb822aba0fb096a48f6?s=96&d=mm&r=g","contentUrl":"https:\/\/secure.gravatar.com\/avatar\/6126c9afb87b70da5abbb083ddbb21933da15f18f8ca7cb822aba0fb096a48f6?s=96&d=mm&r=g","caption":"Ondrej Ga\u0161par"},"url":"https:\/\/www.welovecycling.com\/sk\/author\/ondrejgaspar\/"}]}},"_links":{"self":[{"href":"https:\/\/www.welovecycling.com\/sk\/wp-json\/wp\/v2\/posts\/2223","targetHints":{"allow":["GET"]}}],"collection":[{"href":"https:\/\/www.welovecycling.com\/sk\/wp-json\/wp\/v2\/posts"}],"about":[{"href":"https:\/\/www.welovecycling.com\/sk\/wp-json\/wp\/v2\/types\/post"}],"author":[{"embeddable":true,"href":"https:\/\/www.welovecycling.com\/sk\/wp-json\/wp\/v2\/users\/38"}],"replies":[{"embeddable":true,"href":"https:\/\/www.welovecycling.com\/sk\/wp-json\/wp\/v2\/comments?post=2223"}],"version-history":[{"count":2,"href":"https:\/\/www.welovecycling.com\/sk\/wp-json\/wp\/v2\/posts\/2223\/revisions"}],"predecessor-version":[{"id":2309,"href":"https:\/\/www.welovecycling.com\/sk\/wp-json\/wp\/v2\/posts\/2223\/revisions\/2309"}],"wp:featuredmedia":[{"embeddable":true,"href":"https:\/\/www.welovecycling.com\/sk\/wp-json\/wp\/v2\/media\/2237"}],"wp:attachment":[{"href":"https:\/\/www.welovecycling.com\/sk\/wp-json\/wp\/v2\/media?parent=2223"}],"wp:term":[{"taxonomy":"category","embeddable":true,"href":"https:\/\/www.welovecycling.com\/sk\/wp-json\/wp\/v2\/categories?post=2223"},{"taxonomy":"post_tag","embeddable":true,"href":"https:\/\/www.welovecycling.com\/sk\/wp-json\/wp\/v2\/tags?post=2223"},{"taxonomy":"global-categories","embeddable":true,"href":"https:\/\/www.welovecycling.com\/sk\/wp-json\/wp\/v2\/global-categories?post=2223"}],"curies":[{"name":"wp","href":"https:\/\/api.w.org\/{rel}","templated":true}]}}