{"id":2208,"date":"2017-09-27T12:21:55","date_gmt":"2017-09-27T10:21:55","guid":{"rendered":"https:\/\/www.welovecycling.com\/sk\/?p=2208"},"modified":"2019-11-21T09:28:32","modified_gmt":"2019-11-21T08:28:32","slug":"co-znamena-ucast-letape-du-tour-hobby-jazdca-2-cast","status":"publish","type":"post","link":"https:\/\/www.welovecycling.com\/sk\/2017\/09\/27\/co-znamena-ucast-letape-du-tour-hobby-jazdca-2-cast\/","title":{"rendered":"\u010co znamen\u00e1 \u00fa\u010das\u0165 na L\u2019\u00c9tape du Tour pre hobby jazdca? \u2013 2. \u010das\u0165"},"content":{"rendered":"<p><strong>V minulom \u010dl\u00e1nku sme si trochu pribl\u00ed\u017eili toto jedine\u010dn\u00e9 podujatie. Rovnako ako minul\u00fd rok, aj v s\u00fa\u010dasnej \u201eed\u00edcii\u201c sa ho z\u00fa\u010dastnilo takmer 15 000 jazdcov a We Love Cycling v spolupr\u00e1ci so zna\u010dkou \u0160koda, pomohlo siedmim amat\u00e9rskym jazdcom by\u0165 medzi nimi.<\/strong><!--more--><\/p>\n<div class=\"shortcode-ys-post-pinup\"><article class=\"loop-simple post-2088 post type-post status-publish format-standard has-post-thumbnail hentry category-cestna-cyklisitika tag-jiri-jezek tag-letape-du-tour tag-vladimir-socha\" data-postid=\"2088\" role=\"article\" data-post-id=\"2088\" data-word-count=\"250\" data-headline-length=\"72\" data-category=\"Cestn\u00e1 cyklistika\" data-author=\"We Love Cycling\" data-published=\"2017-08-30T14:56:53+02:00\" data-published-day=\"Wednesday\">\n    <div class=\"entry-thumbnail article-thumbnail\" content=\"https:\/\/d2p6e6u75xmxt8.cloudfront.net\/4\/2017\/08\/IMG_0041-1-150x150.webp\"><a href=\"https:\/\/www.welovecycling.com\/sk\/2017\/08\/30\/litre-potu-vycerpanie-radost-letape-du-tour-1-cast\/\" class=\"image-holder\" target=\"_self\"><img decoding=\"async\" loading=\"lazy\" class=\"\" src=\"https:\/\/d2p6e6u75xmxt8.cloudfront.net\/4\/2017\/08\/IMG_0041-1-1024x447.webp\" srcset=\"https:\/\/d2p6e6u75xmxt8.cloudfront.net\/4\/2017\/08\/IMG_0041-1.webp 1375w, https:\/\/d2p6e6u75xmxt8.cloudfront.net\/4\/2017\/08\/IMG_0041-1-300x131.webp 300w, https:\/\/d2p6e6u75xmxt8.cloudfront.net\/4\/2017\/08\/IMG_0041-1-1024x447.webp 1024w, https:\/\/d2p6e6u75xmxt8.cloudfront.net\/4\/2017\/08\/IMG_0041-1-768x335.webp 768w\" width=\"1024\" height=\"447\" sizes=\"auto, (min-width: 1200px) 458px, (min-width: 768px) 38vw, 100vw\" alt=\"litre-potu-vycerpanie-radost-letape-du-tour-1-cast\"\/><\/a><\/div>    <div class=\"entry-meta\">\n        <a class=\"label label-secondary post-category\" href=\"https:\/\/www.welovecycling.com\/sk\/category\/cestna-cyklisitika\/\" title=\"Cestn\u00e1 cyklistika\">Cestn\u00e1 cyklistika<\/a>\n    <\/div>\n    <div class=\"entry-details\">\n        <a href=\"https:\/\/www.welovecycling.com\/sk\/2017\/08\/30\/litre-potu-vycerpanie-radost-letape-du-tour-1-cast\/\" class='entry-title-wrapper'>\n            <h3 class=\"entry-title\"><span>Litre potu, vy\u010derpanie a rados\u0165 z l\u2019\u00c9tape du Tour &#8211; 1. \u010das\u0165<\/span><\/h3>\n        <\/a>\n    <\/div>\n    <\/article>\n<\/div>\n<p><a href=\"https:\/\/d2p6e6u75xmxt8.cloudfront.net\/4\/2017\/09\/3.jpg\"><img loading=\"lazy\" decoding=\"async\" class=\"alignnone size-extra-large wp-image-2216\" src=\"https:\/\/d2p6e6u75xmxt8.cloudfront.net\/4\/2017\/09\/3-1920x1084.jpg\" alt=\"\" width=\"1920\" height=\"1084\" \/><\/a><\/p>\n<p><strong>V\u00fdsledky n\u00e1\u0161ho t\u00edmu:<\/strong><br \/>\n&#8211; Elvind Olsen \u2013 503 miesto, \u010das 06:27:57<br \/>\n&#8211; Alexis Enault \u2013 732. miesto, \u010das 06:38:43<br \/>\n&#8211; Michelle Lee \u2013 737. miesto, \u010das 06:38:58 (9. miesto medzi \u017eenami)<br \/>\n&#8211; Lukasz Wyczesany \u2013 794. miesto, \u010das 06:41:04<br \/>\n&#8211; Norberto S\u00e1nchez Palaz\u00f3n \u2013 4035. miesto, \u010das 08:09:58<br \/>\n&#8211; <strong>Vladim\u00edr Socha (Slovensko) \u2013\u00a05060. miesto, \u010das 08:32:20<\/strong><br \/>\n&#8211; Sophie Sundstrom \u2013 \u017eial nedokon\u010dila pre zdravotn\u00e9 probl\u00e9my<\/p>\n<p>Prin\u00e1\u0161ame v\u00e1m aj rozhovor s v\u00fdhercom s\u00fa\u0165a\u017ee o \u00fa\u010das\u0165 na l\u2019\u00c9tape du Tour zo Slovenska \u2013 <strong>Vladim\u00edrom Sochom<\/strong>.<\/p>\n<p><a href=\"https:\/\/d2p6e6u75xmxt8.cloudfront.net\/4\/2017\/09\/4.png\"><img loading=\"lazy\" decoding=\"async\" class=\"alignnone size-extra-large wp-image-2209\" src=\"https:\/\/d2p6e6u75xmxt8.cloudfront.net\/4\/2017\/09\/4-1080x1920.png\" alt=\"\" width=\"1080\" height=\"1920\" \/><\/a><\/p>\n<p><em><strong>Predstavte sa pros\u00edm trochu ako cyklista. Jazd\u00edte vyslovene pre rados\u0165 alebo si aj r\u00e1d &#8222;zatr\u00e9nujete&#8220;, pr\u00edpadne sa z\u00fa\u010dast\u0148ujete aj na pretekoch?<\/strong><\/em><br \/>\nNa bicykli jazd\u00edm od detstva, ako die\u0165a ma bicykel ve\u013emi bavil, \u010do mi zostalo dodnes. Cyklistika mi d\u00e1va slobodu a mo\u017enos\u0165 odreagova\u0165 sa od ka\u017edodenn\u00fdch probl\u00e9mov. Jazd\u00edm aj MTB, ale viac preferujem cestu, ktor\u00e1 mi d\u00e1va mo\u017enos\u0165 prekon\u00e1va\u0165 v\u00e4\u010d\u0161ie vzdialenosti, viac si to u\u017e\u00edvam. Ked\u017ee som z Bratislavy, tak moje v\u00fdjazdy smeruj\u00fa v\u00e4\u010d\u0161inou do susedn\u00e9ho Rak\u00faska, kde s\u00fa kvalitnej\u0161ie cesty a oh\u013eaduplnej\u0161\u00ed vodi\u010di. Denn\u00fd n\u00e1jazd m\u00e1m okolo 100-150 km. Jazd\u00edm sk\u00f4r pre vlastn\u00e9 pote\u0161enie, ale pravidelne sa z\u00fa\u010dast\u0148ujem cyklomarat\u00f3nu Bratislava &#8211; Jasn\u00e1, \u010do je 315 km za jedin\u00fd de\u0148. I ke\u010f som sa ho tento rok z\u00fa\u010dastnil u\u017e po siedmykr\u00e1t, v\u017edy m\u00e1m pred tou vzdialenos\u0165ou ve\u013ek\u00fd re\u0161pekt a poctivo sa na\u0148 pripravujem, napr. 1,5 d\u0148ov\u00fdm v\u00fdjazdom z Passau do Bratislavy, \u010do je 400 km. Cyklomarat\u00f3n patr\u00ed \u00fadajne medzi naj\u0165a\u017e\u0161ie v Eur\u00f3pe, \u010do do prekonanej vzdialenosti za jeden de\u0148. Ako \u0161portovec som v\u0161estranne zameran\u00fd, tak\u017ee na poctiv\u00fd cyklotr\u00e9ning na pretekanie neost\u00e1va ve\u013ea \u010dasu, venujem sa aj in\u00fdm \u0161portom ako je hokej, be\u017eky a inline.<\/p>\n<p><em><strong>Ak\u00e1 bola najv\u00e4\u010d\u0161ia motiv\u00e1cia to sk\u00fasi\u0165? Napadlo v\u00e1m niekedy, \u017ee sa stanete s\u00fa\u010das\u0165ou tak\u00e9hoto podujatia, resp. priamo k\u00f3pie jednej z et\u00e1p Tour de France?<\/strong><\/em><br \/>\nSen ka\u017ed\u00e9ho, \u010di u\u017e amat\u00e9rskeho alebo hobby cyklistu, vr\u00e1tane m\u0148a, je z\u00fa\u010dastni\u0165 sa aspo\u0148 ako div\u00e1k na pretekoch celosvetovej \u00farovne. Ja som mal to \u0161\u0165astie, \u017ee som sa ho mohol z\u00fa\u010dastni\u0165 aj akt\u00edvne. Za\u010dalo sa to &#8222;nevinn\u00fdm browsovan\u00edm&#8220; na fb str\u00e1nke port\u00e1lu <a href=\"https:\/\/www.facebook.com\/welovecycling.sk\/?ref=ts&amp;fref=ts\">We Love Cycling<\/a> a prizn\u00e1m sa, \u017ee mi ani vo sne nenapadlo, \u017ee budem jedn\u00fdm zo siedmich v\u00fdhercov tejto s\u00fa\u0165a\u017ee. A predsa! U\u017e mi ost\u00e1valo sa len doma &#8222;vyp\u00fdta\u0165&#8220;, ke\u010f\u017ee sme mali v tom \u010dase 6-t\u00fd\u017ed\u0148ov\u00e9ho syna Lea. Moja \u00fa\u017easn\u00e1 man\u017eelka mi dala okam\u017eite zelen\u00fa, in\u00e1 mo\u017enos\u0165 nebola :). U\u017e len zbali\u0165 bicykel a \u010daka\u0165 na organizovan\u00e9 pokyny k odchodu.<\/p>\n<p><em><strong>Pred \u010d\u00edm ste mali najv\u00e4\u010d\u0161\u00ed \u201ere\u0161pekt\u201c? D\u013a\u017eka, prev\u00fd\u0161enie, jazda v bal\u00edku&#8230;<\/strong><\/em><br \/>\nPrizn\u00e1m sa, \u017ee nem\u00e1m moc vrch\u00e1rske amb\u00edcie, tak to bolo ur\u010dite prev\u00fd\u0161enie, resp. dve n\u00e1ro\u010dn\u00e9 st\u00fapania v druhej polovici etapy, kde som naozaj siahol na dno svojich s\u00edl, ale to sebazaprenie st\u00e1lo za to.<\/p>\n<p><a href=\"https:\/\/d2p6e6u75xmxt8.cloudfront.net\/4\/2017\/09\/5.jpg\"><img loading=\"lazy\" decoding=\"async\" class=\"alignnone size-extra-large wp-image-2210\" src=\"https:\/\/d2p6e6u75xmxt8.cloudfront.net\/4\/2017\/09\/5-1920x1280.jpg\" alt=\"\" width=\"1920\" height=\"1280\" \/><\/a><\/p>\n<p><em><strong>Ako prebiehali samotn\u00e9 preteky? Zastihla v\u00e1s nejak\u00e1 kr\u00edza alebo \u0161lo v\u0161etko ako po masle?<\/strong><\/em><br \/>\nBud\u00ed\u010dek o 4:00. Na \u0161tart sme dorazili medzi prv\u00fdmi, tak sme si v koridore hodinku pekne post\u00e1li, stihli sme aj zop\u00e1r pam\u00e4tn\u00fdch momentiek. O 7:00 bolo od\u0161tartovan\u00e9. To, \u017ee s\u00fa to naozaj preteky, bolo jasn\u00e9 hne\u010f od za\u010diatku, moja priemerka bola prv\u00fdch 50 km cez 40 km\/h. Na t\u00fdch p\u00e1r hod\u00edn sp\u00e1nku to bolo celkom slu\u0161n\u00e9 tempo. Roviny striedali ostr\u00e9 serpent\u00edny, preva\u017ene s klesan\u00edm, sem-tam mal\u00e9 st\u00fapanie. Prv\u00fdch 100 km bolo v podstate po rovine, bez v\u00e4\u010d\u0161\u00edch st\u00fapan\u00ed, s kr\u00e1snou scen\u00e9riou, najm\u00e4 v okol\u00ed jazera Lac de Serre-Poncon. Tam za\u010d\u00ednala aj kr\u00e1tka meran\u00e1 horsk\u00e1 pr\u00e9mia. Tu sa mi u\u017e i\u0161lo celkom dobre, \u017eiadna kr\u00edza, sily som si \u0161etril na prv\u00e9 z dvojice st\u00fapan\u00ed na Col de Vars. Prv\u00fa zast\u00e1vku som mal na ob\u010derstvova\u010dke po 100,2 km. T\u00e1 mi pripom\u00ednala sk\u00f4r hodov\u00fd jarmok, ponuka bola naozaj ve\u013emi pestr\u00e1. Za\u010dalo to hrozienkami, \u010dokol\u00e1dou a pokra\u010dovalo syrmi, pracl\u00edkmi, ale samozrejme boli tam aj energetick\u00e9 ty\u010dinky, g\u00e9ly, ovocie aj iontov\u00e9 n\u00e1poje. Doplnil som z\u00e1soby a pokra\u010doval som za svoj\u00edm snom menom Col d\u00b4Izoard.<\/p>\n<p>Na 116. km sa cesta mierne zdvihla, doplnil som e\u0161te posledn\u00e9 z\u00e1soby vody a psychicky sa popri \u0161liapan\u00ed pripravoval na prv\u00fd v\u00fdstup na Col de Vars (2 108 m). 10 km pred vrcholom sa cesta ne\u00faprosne postavila a nezost\u00e1valo mi ni\u010d in\u00e9, len vyjs\u0165 na vrchol. Tu u\u017e i\u0161iel ka\u017ed\u00fd za seba, v\u0161etci sme fu\u010dali, teplota cez 30\u00b0C a p\u00e1liace slnko do chrbta na n\u00e1lade nepridali. Podarilo sa, som hore. Nohy na ka\u0161u a ten pocit, \u017ee cie\u013e je e\u0161te \u010faleko a e\u0161te vy\u0161\u0161ie, st\u00e1l za to&#8230; Chv\u00ed\u013ea oddychu a nasledoval dlh\u00fd zjazd, kde si aspo\u0148 trochu nohy odd\u00fdchli, naozaj to potrebovali. Po peknom zjazde sme vo\u0161li do malebnej dedinky, kde u\u017e \u010dakala obrovsk\u00e1 div\u00e1cka z\u00e1klad\u0148a, atmosf\u00e9rou ve\u013emi podobnou na Tour de France. Medzi nimi nech\u00fdbali ani \u013eudia z n\u00e1\u0161ho organiza\u010dn\u00e9ho t\u00edmu, ktor\u00ed n\u00e1s pri\u0161li povzbudi\u0165, prizn\u00e1m sa, pote\u0161ilo. Som 20 km pred cie\u013eom, predposledn\u00fd &#8222;n\u00e1kup na jarmoku&#8220;, zmobilizovanie v\u0161etk\u00fdch s\u00edl a pozvo\u013en\u00e9 st\u00fapanie medzi skalami k z\u00e1vere\u010dn\u00e9mu st\u00fapaniu. 8 km pred cie\u013eom, posledn\u00fd kr\u00e1tky oddych, doplnenie vody. Tu som si povedal, \u017ee to u\u017e hore aj dotla\u010d\u00edm, ak by bolo treba. Tu za\u010dala t\u00e1 prav\u00e1 TdF atmosf\u00e9ra, pravej horskej etapy, karavany popri ceste a kr\u00e1tke k\u013eukat\u00e9 nekone\u010dn\u00e9 serpent\u00edny. Nohy u\u017e i\u0161li z posledn\u00e9ho, cie\u013e na dosah. Posledn\u00fd kilometer, posledn\u00e1 z\u00e1kruta, vyhral som! S\u00e1m nad sebou.<\/p>\n<p><a href=\"https:\/\/d2p6e6u75xmxt8.cloudfront.net\/4\/2017\/09\/7.jpg\"><img loading=\"lazy\" decoding=\"async\" class=\"alignnone size-extra-large wp-image-2211\" src=\"https:\/\/d2p6e6u75xmxt8.cloudfront.net\/4\/2017\/09\/7-1920x1280.jpg\" alt=\"\" width=\"1920\" height=\"1280\" \/><\/a><\/p>\n<p><em><strong>Ak\u00e1 bola okolit\u00e1 atmosf\u00e9ra? Mali ste pocit, \u017ee ste skuto\u010dne na etape Tour?<\/strong><\/em><br \/>\nAko som u\u017e spomenul, div\u00e1ci popri ceste dotv\u00e1rali t\u00fa skuto\u010dn\u00fa atmosf\u00e9ru pretekov ako na Tour de France, nech\u00fdbali kravsk\u00e9 zvonce azda v\u0161etk\u00fdch ve\u013ekost\u00ed, rapk\u00e1\u010de, transparenty, za\u017eil som aj mexick\u00fa vlnu, samozrejme, nemohol ch\u00fdba\u0165 ani popul\u00e1rny \u010dert v podan\u00ed Dietra Senfta. V z\u00e1vere\u010dnom, 8-kilometrovom st\u00fapan\u00ed, boli odstaven\u00e9 karavany po oboch stran\u00e1ch cesty, \u010dakaj\u00face na \u0161tvrtkov\u00fa 18. etapu, ktor\u00e9 dotv\u00e1rali okolit\u00fa atmosf\u00e9ru Tour de France. Nech\u00fdbali tam ani fan\u00fa\u0161ikovsk\u00e9 &#8222;osvie\u017eova\u010dky&#8220;, kto chcel, dostal d\u00e1vku z f\u013ea\u0161e alebo rovno z hadice. T\u013eapnutie si s fan\u00fa\u0161ikmi popri ceste mi dod\u00e1valo energiu.<\/p>\n<p><em><strong>M\u00e1te nejak\u00fd z\u00e1\u017eitok, ktor\u00fd v\u00e1m najviac utkvel v pam\u00e4ti?<\/strong><\/em><br \/>\nNajv\u00e4\u010d\u0161ie em\u00f3cie vo mne zanechal pr\u00edjazd do cie\u013ea, zrazu zo m\u0148a opadla t\u00e1 \u0165a\u017eoba a c\u00edtil som obrovsk\u00e9 uvolnenie a rados\u0165, \u017ee sa mi podarilo pr\u00eds\u0165 a\u017e na samotn\u00fd vrchol Col d\u00b4Izoard (2 360 m). Tie em\u00f3cie s\u00fa naozaj neop\u00edsate\u013en\u00e9, azda spomeniem len, ako som na jedn\u00e9ho pretek\u00e1ra vylial cel\u00fd poh\u00e1r coly, samozrejme nechtiac, zrejme od \u00fanavy :). E\u0161te stoj\u00ed za zmienku jedna \u00fasmevn\u00e1 spomienka, ako som na ceste zbadal 20 \u20ac bankovku, ale ruku na srdce, zastav\u00edte sa na preteku v 40 km\/h r\u00fdchlosti a vr\u00e1tite sa po \u0148u&#8230;?<\/p>\n<p><a href=\"https:\/\/d2p6e6u75xmxt8.cloudfront.net\/4\/2017\/09\/01-1.jpg\"><img loading=\"lazy\" decoding=\"async\" class=\"alignnone size-full wp-image-2219\" src=\"https:\/\/d2p6e6u75xmxt8.cloudfront.net\/4\/2017\/09\/01-1.jpg\" alt=\"\" width=\"1095\" height=\"768\" \/><\/a><\/p>\n<p><em><strong>Pl\u00e1nujete nie\u010do podobn\u00e9 v bud\u00facnosti? Pr\u00edpadne, ak\u00e9 s\u00fa va\u0161e pl\u00e1ny ako cyklistu? \ud83d\ude42<\/strong><\/em><br \/>\nAk by bola tak\u00e1 mo\u017enos\u0165, ur\u010dite sa r\u00e1d z\u00fa\u010dastn\u00edm podobn\u00fdch pretekov aj v bud\u00facnosti. U\u017e teraz sa te\u0161\u00edm na \u010fal\u0161ie cyklo v\u00fdjazdy a samozrejme na \u010fal\u0161\u00ed, 26. ro\u010dn\u00edk cyklomarat\u00f3nu BA &#8211; Jasn\u00e1 2018.<\/p>\n<p><em><strong>Radi by ste nie\u010do dodali na z\u00e1ver?<\/strong><\/em><br \/>\nNa z\u00e1ver by som sa e\u0161te raz ve\u013emi pekne po\u010fakoval za skvel\u00fa organiz\u00e1ciu, v\u00fdber pozit\u00edvne naladen\u00fdch \u00fa\u010dastn\u00edkov, a to Lucii Heverovej z agent\u00fary Mustard a cel\u00e9mu t\u00edmu \u0160koda &#8211; Janovi Hejnovi, Ondrejovi Ga\u0161parovi, Josefovi Mat\u011bjovi\u010dovi Jirkovi Je\u017eekovi a samozrejme We Love Cycling.<\/p>\n<p><a href=\"https:\/\/d2p6e6u75xmxt8.cloudfront.net\/4\/2017\/09\/8.jpg\"><img loading=\"lazy\" decoding=\"async\" class=\"alignnone size-extra-large wp-image-2215\" src=\"https:\/\/d2p6e6u75xmxt8.cloudfront.net\/4\/2017\/09\/8-1920x1280.jpg\" alt=\"\" width=\"1920\" height=\"1280\" \/><\/a><\/p>\n","protected":false},"excerpt":{"rendered":"<p>V minulom \u010dl\u00e1nku sme si trochu pribl\u00ed\u017eili toto jedine\u010dn\u00e9 podujatie. Rovnako ako minul\u00fd rok, aj v s\u00fa\u010dasnej \u201eed\u00edcii\u201c sa ho [&hellip;]<\/p>\n","protected":false},"author":38,"featured_media":2217,"comment_status":"open","ping_status":"open","sticky":false,"template":"","format":"standard","meta":{"footnotes":""},"categories":[47,4,117,118,2],"tags":[284,249,282,115,248,283,71,178,179,501,20,232],"global-categories":[],"class_list":["post-2208","post","type-post","status-publish","format-standard","has-post-thumbnail","hentry","category-adrenalin","category-cestna-cyklisitika","category-tour-de-france","category-zabava","category-zdravie-trening","tag-18-etapa","tag-amater","tag-briancon","tag-cestna-cyklistika","tag-hobby","tag-izoard","tag-letape-du-tour","tag-maraton","tag-preteky","tag-rozhovor","tag-tour-de-france","tag-vladimir-socha"],"yoast_head":"<!-- This site is optimized with the Yoast SEO Premium plugin v25.3 (Yoast SEO v25.9) - https:\/\/yoast.com\/wordpress\/plugins\/seo\/ -->\n<title>\u010co znamen\u00e1 \u00fa\u010das\u0165 na L\u2019\u00c9tape du Tour pre hobby jazdca? \u2013 2. \u010das\u0165 - \u0160koda We Love Cycling Slovensko<\/title>\n<meta name=\"robots\" content=\"index, follow, max-snippet:-1, max-image-preview:large, max-video-preview:-1\" \/>\n<link rel=\"canonical\" href=\"https:\/\/www.welovecycling.com\/sk\/2017\/09\/27\/co-znamena-ucast-letape-du-tour-hobby-jazdca-2-cast\/\" \/>\n<meta property=\"og:locale\" content=\"sk_SK\" \/>\n<meta property=\"og:type\" content=\"article\" \/>\n<meta property=\"og:title\" content=\"\u010co znamen\u00e1 \u00fa\u010das\u0165 na L\u2019\u00c9tape du Tour pre hobby jazdca? \u2013 2. \u010das\u0165\" \/>\n<meta property=\"og:description\" content=\"V minulom \u010dl\u00e1nku sme si trochu pribl\u00ed\u017eili toto jedine\u010dn\u00e9 podujatie. Rovnako ako minul\u00fd rok, aj v s\u00fa\u010dasnej \u201eed\u00edcii\u201c sa ho [&hellip;]\" \/>\n<meta property=\"og:url\" content=\"https:\/\/www.welovecycling.com\/sk\/2017\/09\/27\/co-znamena-ucast-letape-du-tour-hobby-jazdca-2-cast\/\" \/>\n<meta property=\"og:site_name\" content=\"\u0160koda We Love Cycling Slovensko\" \/>\n<meta property=\"article:published_time\" content=\"2017-09-27T10:21:55+00:00\" \/>\n<meta property=\"article:modified_time\" content=\"2019-11-21T08:28:32+00:00\" \/>\n<meta property=\"og:image\" content=\"https:\/\/d2p6e6u75xmxt8.cloudfront.net\/4\/2017\/09\/6-1.webp\" \/>\n\t<meta property=\"og:image:width\" content=\"1375\" \/>\n\t<meta property=\"og:image:height\" content=\"600\" \/>\n\t<meta property=\"og:image:type\" content=\"image\/webp\" \/>\n<meta name=\"author\" content=\"Ondrej Ga\u0161par\" \/>\n<meta name=\"twitter:card\" content=\"summary_large_image\" \/>\n<meta name=\"twitter:label1\" content=\"Written by\" \/>\n\t<meta name=\"twitter:data1\" content=\"We Love Cycling\" \/>\n\t<meta name=\"twitter:label2\" content=\"Est. reading time\" \/>\n\t<meta name=\"twitter:data2\" content=\"7 minutes\" \/>\n<script type=\"application\/ld+json\" class=\"yoast-schema-graph\">{\"@context\":\"https:\/\/schema.org\",\"@graph\":[{\"@type\":\"WebPage\",\"@id\":\"https:\/\/www.welovecycling.com\/sk\/2017\/09\/27\/co-znamena-ucast-letape-du-tour-hobby-jazdca-2-cast\/\",\"url\":\"https:\/\/www.welovecycling.com\/sk\/2017\/09\/27\/co-znamena-ucast-letape-du-tour-hobby-jazdca-2-cast\/\",\"name\":\"\u010co znamen\u00e1 \u00fa\u010das\u0165 na L\u2019\u00c9tape du Tour pre hobby jazdca? \u2013 2. \u010das\u0165 - \u0160koda We Love Cycling Slovensko\",\"isPartOf\":{\"@id\":\"https:\/\/www.welovecycling.com\/sk\/#website\"},\"primaryImageOfPage\":{\"@id\":\"https:\/\/www.welovecycling.com\/sk\/2017\/09\/27\/co-znamena-ucast-letape-du-tour-hobby-jazdca-2-cast\/#primaryimage\"},\"image\":{\"@id\":\"https:\/\/www.welovecycling.com\/sk\/2017\/09\/27\/co-znamena-ucast-letape-du-tour-hobby-jazdca-2-cast\/#primaryimage\"},\"thumbnailUrl\":\"https:\/\/d2p6e6u75xmxt8.cloudfront.net\/4\/2017\/09\/6-1.webp\",\"datePublished\":\"2017-09-27T10:21:55+00:00\",\"dateModified\":\"2019-11-21T08:28:32+00:00\",\"author\":{\"@id\":\"https:\/\/www.welovecycling.com\/sk\/#\/schema\/person\/8ee09ba39b7e25b1870160aa5b3a89bc\"},\"breadcrumb\":{\"@id\":\"https:\/\/www.welovecycling.com\/sk\/2017\/09\/27\/co-znamena-ucast-letape-du-tour-hobby-jazdca-2-cast\/#breadcrumb\"},\"inLanguage\":\"sk-SK\",\"potentialAction\":[{\"@type\":\"ReadAction\",\"target\":[\"https:\/\/www.welovecycling.com\/sk\/2017\/09\/27\/co-znamena-ucast-letape-du-tour-hobby-jazdca-2-cast\/\"]}]},{\"@type\":\"ImageObject\",\"inLanguage\":\"sk-SK\",\"@id\":\"https:\/\/www.welovecycling.com\/sk\/2017\/09\/27\/co-znamena-ucast-letape-du-tour-hobby-jazdca-2-cast\/#primaryimage\",\"url\":\"https:\/\/d2p6e6u75xmxt8.cloudfront.net\/4\/2017\/09\/6-1.webp\",\"contentUrl\":\"https:\/\/d2p6e6u75xmxt8.cloudfront.net\/4\/2017\/09\/6-1.webp\",\"width\":1375,\"height\":600},{\"@type\":\"BreadcrumbList\",\"@id\":\"https:\/\/www.welovecycling.com\/sk\/2017\/09\/27\/co-znamena-ucast-letape-du-tour-hobby-jazdca-2-cast\/#breadcrumb\",\"itemListElement\":[{\"@type\":\"ListItem\",\"position\":1,\"name\":\"Home\",\"item\":\"https:\/\/www.welovecycling.com\/sk\/\"},{\"@type\":\"ListItem\",\"position\":2,\"name\":\"\u010co znamen\u00e1 \u00fa\u010das\u0165 na L\u2019\u00c9tape du Tour pre hobby jazdca? \u2013 2. \u010das\u0165\"}]},{\"@type\":\"WebSite\",\"@id\":\"https:\/\/www.welovecycling.com\/sk\/#website\",\"url\":\"https:\/\/www.welovecycling.com\/sk\/\",\"name\":\"\u0160koda We Love Cycling Slovensko\",\"description\":\"\u0160koda We Love Cycling Slovensko je v\u00e1\u0161 ka\u017edodenn\u00fd zdroj noviniek a in\u0161pir\u00e1cie z sveta cyklistiky\",\"potentialAction\":[{\"@type\":\"SearchAction\",\"target\":{\"@type\":\"EntryPoint\",\"urlTemplate\":\"https:\/\/www.welovecycling.com\/sk\/?s={search_term_string}\"},\"query-input\":{\"@type\":\"PropertyValueSpecification\",\"valueRequired\":true,\"valueName\":\"search_term_string\"}}],\"inLanguage\":\"sk-SK\"},{\"@type\":\"Person\",\"@id\":\"https:\/\/www.welovecycling.com\/sk\/#\/schema\/person\/8ee09ba39b7e25b1870160aa5b3a89bc\",\"name\":\"Ondrej Ga\u0161par\",\"image\":{\"@type\":\"ImageObject\",\"inLanguage\":\"sk-SK\",\"@id\":\"https:\/\/www.welovecycling.com\/sk\/#\/schema\/person\/image\/\",\"url\":\"https:\/\/secure.gravatar.com\/avatar\/6126c9afb87b70da5abbb083ddbb21933da15f18f8ca7cb822aba0fb096a48f6?s=96&d=mm&r=g\",\"contentUrl\":\"https:\/\/secure.gravatar.com\/avatar\/6126c9afb87b70da5abbb083ddbb21933da15f18f8ca7cb822aba0fb096a48f6?s=96&d=mm&r=g\",\"caption\":\"Ondrej Ga\u0161par\"},\"url\":\"https:\/\/www.welovecycling.com\/sk\/author\/ondrejgaspar\/\"}]}<\/script>\n<!-- \/ Yoast SEO Premium plugin. -->","yoast_head_json":{"title":"\u010co znamen\u00e1 \u00fa\u010das\u0165 na L\u2019\u00c9tape du Tour pre hobby jazdca? \u2013 2. \u010das\u0165 - \u0160koda We Love Cycling Slovensko","robots":{"index":"index","follow":"follow","max-snippet":"max-snippet:-1","max-image-preview":"max-image-preview:large","max-video-preview":"max-video-preview:-1"},"canonical":"https:\/\/www.welovecycling.com\/sk\/2017\/09\/27\/co-znamena-ucast-letape-du-tour-hobby-jazdca-2-cast\/","og_locale":"sk_SK","og_type":"article","og_title":"\u010co znamen\u00e1 \u00fa\u010das\u0165 na L\u2019\u00c9tape du Tour pre hobby jazdca? \u2013 2. \u010das\u0165","og_description":"V minulom \u010dl\u00e1nku sme si trochu pribl\u00ed\u017eili toto jedine\u010dn\u00e9 podujatie. Rovnako ako minul\u00fd rok, aj v s\u00fa\u010dasnej \u201eed\u00edcii\u201c sa ho [&hellip;]","og_url":"https:\/\/www.welovecycling.com\/sk\/2017\/09\/27\/co-znamena-ucast-letape-du-tour-hobby-jazdca-2-cast\/","og_site_name":"\u0160koda We Love Cycling Slovensko","article_published_time":"2017-09-27T10:21:55+00:00","article_modified_time":"2019-11-21T08:28:32+00:00","og_image":[{"width":1375,"height":600,"url":"https:\/\/d2p6e6u75xmxt8.cloudfront.net\/4\/2017\/09\/6-1.webp","type":"image\/webp"}],"author":"Ondrej Ga\u0161par","twitter_card":"summary_large_image","twitter_misc":{"Written by":"We Love Cycling","Est. reading time":"7 minutes"},"schema":{"@context":"https:\/\/schema.org","@graph":[{"@type":"WebPage","@id":"https:\/\/www.welovecycling.com\/sk\/2017\/09\/27\/co-znamena-ucast-letape-du-tour-hobby-jazdca-2-cast\/","url":"https:\/\/www.welovecycling.com\/sk\/2017\/09\/27\/co-znamena-ucast-letape-du-tour-hobby-jazdca-2-cast\/","name":"\u010co znamen\u00e1 \u00fa\u010das\u0165 na L\u2019\u00c9tape du Tour pre hobby jazdca? \u2013 2. \u010das\u0165 - \u0160koda We Love Cycling Slovensko","isPartOf":{"@id":"https:\/\/www.welovecycling.com\/sk\/#website"},"primaryImageOfPage":{"@id":"https:\/\/www.welovecycling.com\/sk\/2017\/09\/27\/co-znamena-ucast-letape-du-tour-hobby-jazdca-2-cast\/#primaryimage"},"image":{"@id":"https:\/\/www.welovecycling.com\/sk\/2017\/09\/27\/co-znamena-ucast-letape-du-tour-hobby-jazdca-2-cast\/#primaryimage"},"thumbnailUrl":"https:\/\/d2p6e6u75xmxt8.cloudfront.net\/4\/2017\/09\/6-1.webp","datePublished":"2017-09-27T10:21:55+00:00","dateModified":"2019-11-21T08:28:32+00:00","author":{"@id":"https:\/\/www.welovecycling.com\/sk\/#\/schema\/person\/8ee09ba39b7e25b1870160aa5b3a89bc"},"breadcrumb":{"@id":"https:\/\/www.welovecycling.com\/sk\/2017\/09\/27\/co-znamena-ucast-letape-du-tour-hobby-jazdca-2-cast\/#breadcrumb"},"inLanguage":"sk-SK","potentialAction":[{"@type":"ReadAction","target":["https:\/\/www.welovecycling.com\/sk\/2017\/09\/27\/co-znamena-ucast-letape-du-tour-hobby-jazdca-2-cast\/"]}]},{"@type":"ImageObject","inLanguage":"sk-SK","@id":"https:\/\/www.welovecycling.com\/sk\/2017\/09\/27\/co-znamena-ucast-letape-du-tour-hobby-jazdca-2-cast\/#primaryimage","url":"https:\/\/d2p6e6u75xmxt8.cloudfront.net\/4\/2017\/09\/6-1.webp","contentUrl":"https:\/\/d2p6e6u75xmxt8.cloudfront.net\/4\/2017\/09\/6-1.webp","width":1375,"height":600},{"@type":"BreadcrumbList","@id":"https:\/\/www.welovecycling.com\/sk\/2017\/09\/27\/co-znamena-ucast-letape-du-tour-hobby-jazdca-2-cast\/#breadcrumb","itemListElement":[{"@type":"ListItem","position":1,"name":"Home","item":"https:\/\/www.welovecycling.com\/sk\/"},{"@type":"ListItem","position":2,"name":"\u010co znamen\u00e1 \u00fa\u010das\u0165 na L\u2019\u00c9tape du Tour pre hobby jazdca? \u2013 2. \u010das\u0165"}]},{"@type":"WebSite","@id":"https:\/\/www.welovecycling.com\/sk\/#website","url":"https:\/\/www.welovecycling.com\/sk\/","name":"\u0160koda We Love Cycling Slovensko","description":"\u0160koda We Love Cycling Slovensko je v\u00e1\u0161 ka\u017edodenn\u00fd zdroj noviniek a in\u0161pir\u00e1cie z sveta cyklistiky","potentialAction":[{"@type":"SearchAction","target":{"@type":"EntryPoint","urlTemplate":"https:\/\/www.welovecycling.com\/sk\/?s={search_term_string}"},"query-input":{"@type":"PropertyValueSpecification","valueRequired":true,"valueName":"search_term_string"}}],"inLanguage":"sk-SK"},{"@type":"Person","@id":"https:\/\/www.welovecycling.com\/sk\/#\/schema\/person\/8ee09ba39b7e25b1870160aa5b3a89bc","name":"Ondrej Ga\u0161par","image":{"@type":"ImageObject","inLanguage":"sk-SK","@id":"https:\/\/www.welovecycling.com\/sk\/#\/schema\/person\/image\/","url":"https:\/\/secure.gravatar.com\/avatar\/6126c9afb87b70da5abbb083ddbb21933da15f18f8ca7cb822aba0fb096a48f6?s=96&d=mm&r=g","contentUrl":"https:\/\/secure.gravatar.com\/avatar\/6126c9afb87b70da5abbb083ddbb21933da15f18f8ca7cb822aba0fb096a48f6?s=96&d=mm&r=g","caption":"Ondrej Ga\u0161par"},"url":"https:\/\/www.welovecycling.com\/sk\/author\/ondrejgaspar\/"}]}},"_links":{"self":[{"href":"https:\/\/www.welovecycling.com\/sk\/wp-json\/wp\/v2\/posts\/2208","targetHints":{"allow":["GET"]}}],"collection":[{"href":"https:\/\/www.welovecycling.com\/sk\/wp-json\/wp\/v2\/posts"}],"about":[{"href":"https:\/\/www.welovecycling.com\/sk\/wp-json\/wp\/v2\/types\/post"}],"author":[{"embeddable":true,"href":"https:\/\/www.welovecycling.com\/sk\/wp-json\/wp\/v2\/users\/38"}],"replies":[{"embeddable":true,"href":"https:\/\/www.welovecycling.com\/sk\/wp-json\/wp\/v2\/comments?post=2208"}],"version-history":[{"count":2,"href":"https:\/\/www.welovecycling.com\/sk\/wp-json\/wp\/v2\/posts\/2208\/revisions"}],"predecessor-version":[{"id":2295,"href":"https:\/\/www.welovecycling.com\/sk\/wp-json\/wp\/v2\/posts\/2208\/revisions\/2295"}],"wp:featuredmedia":[{"embeddable":true,"href":"https:\/\/www.welovecycling.com\/sk\/wp-json\/wp\/v2\/media\/2217"}],"wp:attachment":[{"href":"https:\/\/www.welovecycling.com\/sk\/wp-json\/wp\/v2\/media?parent=2208"}],"wp:term":[{"taxonomy":"category","embeddable":true,"href":"https:\/\/www.welovecycling.com\/sk\/wp-json\/wp\/v2\/categories?post=2208"},{"taxonomy":"post_tag","embeddable":true,"href":"https:\/\/www.welovecycling.com\/sk\/wp-json\/wp\/v2\/tags?post=2208"},{"taxonomy":"global-categories","embeddable":true,"href":"https:\/\/www.welovecycling.com\/sk\/wp-json\/wp\/v2\/global-categories?post=2208"}],"curies":[{"name":"wp","href":"https:\/\/api.w.org\/{rel}","templated":true}]}}