{"id":2187,"date":"2017-09-12T10:23:15","date_gmt":"2017-09-12T08:23:15","guid":{"rendered":"https:\/\/www.welovecycling.com\/sk\/?p=2187"},"modified":"2017-12-18T13:02:25","modified_gmt":"2017-12-18T12:02:25","slug":"laskomerske-singletraily-z-chuti-si-zajazdite","status":"publish","type":"post","link":"https:\/\/www.welovecycling.com\/sk\/2017\/09\/12\/laskomerske-singletraily-z-chuti-si-zajazdite\/","title":{"rendered":"Laskomersk\u00e9 singletraily \u2013 z chuti si zajazdite!"},"content":{"rendered":"<p><strong>T\u00ed z\u00a0v\u00e1s, ktor\u00ed aspo\u0148 trochu sleduj\u00fa horsk\u00e9 \u201ebikovanie\u201c na Slovensku, dozaista postrehli inform\u00e1cie o vzniku novej lokality \u2013 Laskomersk\u00fdch singletrailov. Ich ofici\u00e1lne otvorenie prebehlo pred rokom, konkr\u00e9tne 6.8.2016. Kto v\u00a0tom m\u00e1 prsty, kde ich n\u00e1jdete a\u00a0\u010do v\u0161etko tam pojazd\u00edte, v\u00e1m sk\u00fasime pribl\u00ed\u017ei\u0165 v\u00a0dne\u0161nom \u010dl\u00e1nku.<\/strong><!--more--><\/p>\n<p><a href=\"https:\/\/d2p6e6u75xmxt8.cloudfront.net\/4\/2017\/09\/01.jpg\"><img loading=\"lazy\" decoding=\"async\" class=\"alignnone size-extra-large wp-image-2190\" src=\"https:\/\/d2p6e6u75xmxt8.cloudfront.net\/4\/2017\/09\/01-1920x850.jpg\" alt=\"\" width=\"1920\" height=\"850\" \/><\/a><\/p>\n<p>Jedn\u00e9ho kr\u00e1sneho d\u0148a, si bikeri z\u00a0Banskej Bystrice a\u00a0okolia, in\u0161pirovan\u00ed okolit\u00fdm svetom povedali, \u017ee je na\u010dase postavi\u0165 p\u00e1r chodn\u00ed\u010dkov pod\u013ea svojich predst\u00e1v. Ve\u010f priestor na to maj\u00fa par\u00e1dny, kopce Laskomerskej doliny s\u00fa svojou v\u00fd\u0161kou a\u00a0ter\u00e9nom na realiz\u00e1ciu tejto predstavy ide\u00e1lne. Nad\u0161enci preto nev\u00e1hali, v\u00a0roku 2013 vytvorili vlastn\u00e9\u00a0Ob\u010dianske zdru\u017eenie s\u00a0par\u00e1dnym menom <strong>\u201eKoLesom\u201c<\/strong> a\u00a0\u0161lo sa do vybavovania ofici\u00e1lnych n\u00e1le\u017eitost\u00ed. To sa im po roku aj podarilo a\u00a0bez zbyto\u010dn\u00e9ho ot\u00e1\u013eania sa \u0161lo na v\u00fdstavbu. Aj kv\u00f4li mno\u017estvu dobrovo\u013en\u00edkov, ktor\u00ed nev\u00e1hali prilo\u017ei\u0165 k dielu svoju ruku, sa im po dvoch rokoch usilovnej pr\u00e1ce, chodn\u00ed\u010dky podarilo otvori\u0165. Je neuverite\u013en\u00e9 a motivuj\u00face, \u017ee na na\u0161om Slovensku dok\u00e1\u017ee nie\u010do d\u00f4js\u0165 a\u017e ku samotnej realiz\u00e1cii, a to aj s\u00a0podporou \u00faradov a\u00a0partnerov. O\u00a0vytv\u00e1ran\u00ed ich trailov si dokonca nato\u010dili vtipn\u00e9 a\u00a0\u013eudovo motivovan\u00e9 video:<\/p>\n<lite-youtube videoid=nblc6h3V4Rw params=\"enablejsapi=1\" style=\"background-image: url('https:\/\/i.ytimg.com\/vi_webp\/nblc6h3V4Rw\/maxresdefault.webp');\"><\/lite-youtube>\n<h2><strong>Kde ich n\u00e1jdete a \u010do m\u00f4\u017eete o\u010dak\u00e1va\u0165?<\/strong><\/h2>\n<p>Ako \u0161tartovn\u00fd bod k\u00a0v\u00fdstupu bol zvolen\u00fd v\u00fdborn\u00fd orienta\u010dn\u00fd bod s\u00a0dostato\u010dnou plochou na zaparkovanie auta \u2013 koniec parkoviska za zn\u00e1mou Rooseveltovou nemocnicou v\u00a0Banskej Bystrici. Odtia\u013e sa vyd\u00e1te v\u013eavo po\u013enou cestou cez chatov\u00fa oblas\u0165 do les\u00edka, kde za\u010dne cesta st\u00fapa\u0165 popri Podlavickom kame\u0148olome. Po zhruba 4-kilometrovom pohodovom st\u00fapan\u00ed, pr\u00eddete ku pr\u00edstre\u0161ku s\u00a0orienta\u010dnou tabu\u013eou s mapkou, kde sa m\u00f4\u017eete rozhodn\u00fa\u0165, \u010di sa vyd\u00e1te na trail so strednou n\u00e1ro\u010dnos\u0165ou a\u00a0n\u00e1zvom \u201eDlh\u00fd\u201c, n\u00e1ro\u010dn\u00fd trail <strong>\u201eLaskomersk\u00fd\u201c<\/strong>, alebo budete pokra\u010dova\u0165 v\u00a0st\u00fapan\u00ed do Rie\u010dansk\u00e9ho sedla ku \u013eahk\u00e9mu trailu <strong>\u201eKore\u0148ovka\u201c<\/strong>, ktor\u00fd sa n\u00e1sledne napoj\u00ed na stredne n\u00e1ro\u010dn\u00fd <strong>\u201eRavasky\u201c<\/strong>. Ravasky v\u00e1s vyhod\u00ed na zv\u00e1\u017enicu, k\u00fasok od miesta s\u00a0pr\u00edstre\u0161kom, kde m\u00f4\u017eete pokra\u010dova\u0165 spom\u00ednan\u00fdmi trailami Dlh\u00fd alebo Laskomersk\u00fd. Tie sa kon\u010dia v\u00a0Laskomerskej doline a\u00a0pre n\u00e1vrat na bod \u0161tartu sa po nej p\u00e1r stov\u00e1k metrov pust\u00edte a\u00a0odbo\u010dkou vpravo dostanete cez kop\u010dek smer Podlavice \u2013 Rooseveltka.<\/p>\n<p><a href=\"https:\/\/d2p6e6u75xmxt8.cloudfront.net\/4\/2017\/09\/02.JPG.jpg\"><img loading=\"lazy\" decoding=\"async\" class=\"alignnone size-full wp-image-2193\" src=\"https:\/\/d2p6e6u75xmxt8.cloudfront.net\/4\/2017\/09\/02.JPG.jpg\" alt=\"\" width=\"1600\" height=\"732\" \/><\/a><\/p>\n<h2><strong>Nie\u010do ku charakteru jednotliv\u00fdch trailov<\/strong><\/h2>\n<ul>\n<li><strong>\u201eDlh\u00fd\u201c<\/strong> m\u00e1 d\u013a\u017eku 4 km a profil s nieko\u013ek\u00fdmi kr\u00e1tkymi st\u00fapaniami a dlh\u0161\u00edmi klesaj\u00facimi \u00fasekmi, ktor\u00e9 pon\u00fakaj\u00fa zmes pr\u00edrodn\u00fdch a upraven\u00fdch sekci\u00ed. S\u013eubuje v\u00e1m mno\u017estvo z\u00e1bavy, ale aj preverenie fyzick\u00fdch s\u00edl a\u00a0p\u00e1r miest s\u00a0v\u00fdh\u013eadom na Laskomersk\u00fa dolinu a Bansk\u00fa Bystricu. Jeho n\u00e1ro\u010dnos\u0165 je zna\u010den\u00e1 strednou \u2013 modrou zna\u010dkou, ale nie je to \u00faplne tak, preto\u017ee so st\u00fapaj\u00facou r\u00fdchlos\u0165ou st\u00fapa aj jeho n\u00e1ro\u010dnos\u0165.<\/li>\n<li>Singletrail <strong>\u201eLaskomersk\u00fd\u201c<\/strong> je najn\u00e1ro\u010dnej\u0161\u00ed zo v\u0161etk\u00fdch doteraj\u0161\u00edch trailov, a to plynulo 3,3 km klesaj\u00facim profilom a hrav\u00fdm flow. M\u00e1 mno\u017estvo ter\u00e9nnych a umel\u00fdch prek\u00e1\u017eok, ktor\u00e9 sa e\u0161te bud\u00fa dop\u013a\u0148a\u0165 o dreven\u00e9 kon\u0161trukcie. Tento trail si ur\u010dite ob\u013e\u00fabia jazdci, ktor\u00ed u\u017e maj\u00fa ur\u010dit\u00e9 sk\u00fasenosti s technick\u00fdm jazden\u00edm, preto\u017ee zvy\u0161uj\u00faca sa r\u00fdchlos\u0165 prid\u00e1 na n\u00e1ro\u010dnosti a atraktivite tohto trailu. Na konci trailu je situovan\u00e1 n\u00e1ro\u010dn\u00e1 sekcia s mno\u017estvom v\u00e4\u010d\u0161\u00edch i utiahnut\u00fdch switchbakov, ktor\u00e9 dokonale preveria va\u0161e jazdeck\u00e9 schopnosti.<\/li>\n<li><strong>\u201eKore\u0148ovka\u201c<\/strong> je 2 km dlh\u00fd v\u00fdstupov\u00fd trail, ktor\u00fd v\u00e1s dovedie na najvy\u0161\u0161\u00ed bod vrcholu Ravasky. Odtia\u013e za\u010d\u00edna zjazdov\u00fd trail <strong>\u201eRavasky\u201c<\/strong>. V\u00fdstup na vrchol Ravasky v\u00e1m poskytne zauj\u00edmav\u00e9 sekcie &#8211; \u010di u\u017e s v\u00fdh\u013eadmi na pohorie Ve\u013ekej Fatry s dominantou vrchu Kr\u00ed\u017ena, alebo prejazd kr\u00e1snymi scen\u00e9riami lesa v okol\u00ed Ostr\u00e9ho vrchu. V\u00fdstup je pozvo\u013en\u00fd, nie ve\u013emi n\u00e1ro\u010dn\u00fd, len v poslednom \u00faseku v\u00e1s \u010dak\u00e1 n\u00e1ro\u010dnej\u0161ie kr\u00e1tke st\u00fapanie, ktor\u00e9 prever\u00ed va\u0161u zdatnos\u0165.<\/li>\n<li>Zatia\u013e posledn\u00fdm trailom je <strong>\u201eRavasky\u201c<\/strong>. \u00daseky s pozvo\u013ene klesaj\u00facim profilom striedaj\u00fa \u00faseky s vy\u0161\u0161ou r\u00fdchlos\u0165ou a n\u00e1ro\u010dnos\u0165ou. Trail je zatia\u013e ponechan\u00fd z v\u00e4\u010d\u0161ej \u010dasti v natur\u00e1lnom \u0161t\u00fdle bez umel\u00fdch prek\u00e1\u017eok. Ter\u00e9nne \u00fapravy a prek\u00e1\u017eky s\u00fa pl\u00e1novan\u00e9 na nesk\u00f4r.\u00a0D\u013a\u017eka trailu je 2 km.<\/li>\n<\/ul>\n<p><a href=\"https:\/\/d2p6e6u75xmxt8.cloudfront.net\/4\/2017\/09\/04.JPG.jpg\"><img loading=\"lazy\" decoding=\"async\" class=\"alignnone size-full wp-image-2196\" src=\"https:\/\/d2p6e6u75xmxt8.cloudfront.net\/4\/2017\/09\/04.JPG.jpg\" alt=\"\" width=\"1600\" height=\"719\" \/><\/a><\/p>\n<p>https:\/\/www.facebook.com\/mtbiker.sk\/photos\/a.10152024969980127.1073741825.60517935126\/10155815624610127\/?type=3&#038;theater<\/p>\n<h2><strong>Ak\u00e9 s\u00fa pl\u00e1ny?<\/strong><\/h2>\n<p>\u010co sa t\u00fdka pl\u00e1nov na tento rok, stavitelia sa zameriavaj\u00fa hlavne na doladenie a\u00a0\u00fadr\u017ebu trailov. Predsa len, \u010das uk\u00e1zal, kde \u010do treba opravi\u0165, doladi\u0165, prida\u0165 nejak\u00fa tu ter\u00e9nnu nerovnos\u0165 &#8211; skok, vlnu \u010di z\u00e1krutu, viac naklopi\u0165, aby trail z\u00edskal e\u0161te lep\u0161\u00ed flow a bol hravej\u0161\u00ed, ale z poh\u013eadu menej zdatn\u00fdch jazdcov aj bezpe\u010dnej\u0161\u00ed. Zatia\u013e takto upravili Laskomersk\u00fd a\u00a0Dlh\u00fd a ak bude dostatok \u010dasu, tak na jese\u0148 pr\u00edde na hlavn\u00e9 \u00fapravy aj na traili Ravasky. \u010eal\u0161ou tohtoro\u010dnou m\u00e9tou je vybudovanie pumptracku v Laskomerskej doline &#8211; na b\u00fdvalom futbalovom ihrisku, kde by do bud\u00facna mala by\u0165 aj z\u00e1klad\u0148a so z\u00e1kladn\u00fdm z\u00e1zem\u00edm pre bikerov. K\u00a0realiz\u00e1cii by malo d\u00f4js\u0165 v\u00a0auguste a\u017e septembri, v\u0161etko bude z\u00e1le\u017ea\u0165 na potrebn\u00fdch povoleniach. N\u00e1sledne v najbli\u017e\u0161\u00edch rokoch to bude dobudovanie u\u017e spomenutej z\u00e1kladne, ale i vybudovanie 2-3 nov\u00fd trailov, ktor\u00e9 u\u017e s\u00fa dlhodobej\u0161ie v pl\u00e1ne. Pl\u00e1ny maj\u00fa banskobystrick\u00ed builderi zo zdru\u017eenia KoLesom o.z. smel\u00e9 a pomerne ve\u013ek\u00e9, preto uv\u00edtaj\u00fa, ka\u017ed\u00fa podporu bikerov z okolia, aj z BB, ktor\u00ed by si z \u010dasu na \u010das na\u0161li nejak\u00fa tu vo\u013en\u00fa chv\u00ed\u013eu a\u00a0pri\u0161li pom\u00f4c\u0165 pri realiz\u00e1cii. Ve\u010f to robia pre n\u00e1s v\u0161etk\u00fdch a tie\u017e len na \u00fakor svojho vo\u013en\u00e9ho \u010dasu. A \u010d\u00edm viac bude trailbuilderov, t\u00fdm sk\u00f4r si budeme m\u00f4c\u0165 u\u017e\u00edva\u0165 e\u0161te viac z\u00e1bavy a technick\u00e9ho jazdenia.<\/p>\n<p><a href=\"https:\/\/d2p6e6u75xmxt8.cloudfront.net\/4\/2017\/09\/03.JPG.jpg\"><img loading=\"lazy\" decoding=\"async\" class=\"alignnone size-full wp-image-2191\" src=\"https:\/\/d2p6e6u75xmxt8.cloudfront.net\/4\/2017\/09\/03.JPG.jpg\" alt=\"\" width=\"1600\" height=\"642\" \/><\/a><\/p>\n<p>Ak by ste sa chceli pozrie\u0165 po viac inform\u00e1ci\u00e1ch ako profily jednotliv\u00fdch trailov, mapky, prev\u00fd\u0161enia, \u010di vide\u00e1, v\u0161etko to n\u00e1jdete na web str\u00e1nke: <a href=\"http:\/\/bbtrails.sk\/\" target=\"_blank\" rel=\"noopener noreferrer\">bbtails<\/a>. Inform\u00e1cie o\u00a0brig\u00e1dach a\u00a0novink\u00e1ch n\u00e1jdete na facebookovej str\u00e1nke <a href=\"https:\/\/www.facebook.com\/pages\/Laskomersk%C3%A9-Singletraily\/368094863521452?nr\" target=\"_blank\" rel=\"noopener noreferrer\">Laskomersk\u00e9 singletraily<\/a> alebo priamo u builderov <a href=\"https:\/\/www.facebook.com\/KoLesom.oz\/\" target=\"_blank\" rel=\"noopener noreferrer\">KoLesom o.z.<\/a>. V ter\u00e9ne odpor\u00fa\u010dame pri h\u013eadan\u00ed trailov pou\u017ei\u0165 na va\u0161om smartf\u00f3ne appku Trailforks, ktor\u00fa si bezplatne stiahnete napr. v Google Play.<\/p>\n<p><a href=\"https:\/\/d2p6e6u75xmxt8.cloudfront.net\/4\/2017\/09\/06.jpg\"><img loading=\"lazy\" decoding=\"async\" class=\"alignnone size-full wp-image-2194\" src=\"https:\/\/d2p6e6u75xmxt8.cloudfront.net\/4\/2017\/09\/06.jpg\" alt=\"\" width=\"1300\" height=\"962\" \/><\/a><\/p>\n","protected":false},"excerpt":{"rendered":"<p>T\u00ed z\u00a0v\u00e1s, ktor\u00ed aspo\u0148 trochu sleduj\u00fa horsk\u00e9 \u201ebikovanie\u201c na Slovensku, dozaista postrehli inform\u00e1cie o vzniku novej lokality \u2013 Laskomersk\u00fdch singletrailov. [&hellip;]<\/p>\n","protected":false},"author":38,"featured_media":2189,"comment_status":"open","ping_status":"open","sticky":false,"template":"","format":"standard","meta":{"footnotes":""},"categories":[47,5,3,191,118],"tags":[245,180,246,247,240,239,237],"global-categories":[],"class_list":["post-2187","post","type-post","status-publish","format-standard","has-post-thumbnail","hentry","category-adrenalin","category-blog","category-mtb","category-odporucame","category-zabava","tag-banska-bystrica","tag-horska-cyklistika","tag-kolesom","tag-laskomerska-dolina","tag-laskomerske-singletraily","tag-singletrail","tag-trail"],"yoast_head":"<!-- This site is optimized with the Yoast SEO Premium plugin v25.3 (Yoast SEO v25.9) - https:\/\/yoast.com\/wordpress\/plugins\/seo\/ -->\n<title>Laskomersk\u00e9 singletraily \u2013 z chuti si zajazdite! - \u0160koda We Love Cycling Slovensko<\/title>\n<meta name=\"robots\" content=\"index, follow, max-snippet:-1, max-image-preview:large, max-video-preview:-1\" \/>\n<link rel=\"canonical\" href=\"https:\/\/www.welovecycling.com\/sk\/2017\/09\/12\/laskomerske-singletraily-z-chuti-si-zajazdite\/\" \/>\n<meta property=\"og:locale\" content=\"sk_SK\" \/>\n<meta property=\"og:type\" content=\"article\" \/>\n<meta property=\"og:title\" content=\"Laskomersk\u00e9 singletraily \u2013 z chuti si zajazdite!\" \/>\n<meta property=\"og:description\" content=\"T\u00ed z\u00a0v\u00e1s, ktor\u00ed aspo\u0148 trochu sleduj\u00fa horsk\u00e9 \u201ebikovanie\u201c na Slovensku, dozaista postrehli inform\u00e1cie o vzniku novej lokality \u2013 Laskomersk\u00fdch singletrailov. [&hellip;]\" \/>\n<meta property=\"og:url\" content=\"https:\/\/www.welovecycling.com\/sk\/2017\/09\/12\/laskomerske-singletraily-z-chuti-si-zajazdite\/\" \/>\n<meta property=\"og:site_name\" content=\"\u0160koda We Love Cycling Slovensko\" \/>\n<meta property=\"article:published_time\" content=\"2017-09-12T08:23:15+00:00\" \/>\n<meta property=\"article:modified_time\" content=\"2017-12-18T12:02:25+00:00\" \/>\n<meta property=\"og:image\" content=\"https:\/\/d2p6e6u75xmxt8.cloudfront.net\/4\/2017\/09\/05.JPG.webp\" \/>\n\t<meta property=\"og:image:width\" content=\"1375\" \/>\n\t<meta property=\"og:image:height\" content=\"600\" \/>\n\t<meta property=\"og:image:type\" content=\"image\/webp\" \/>\n<meta name=\"author\" content=\"Ondrej Ga\u0161par\" \/>\n<meta name=\"twitter:card\" content=\"summary_large_image\" \/>\n<meta name=\"twitter:label1\" content=\"Written by\" \/>\n\t<meta name=\"twitter:data1\" content=\"We Love Cycling\" \/>\n\t<meta name=\"twitter:label2\" content=\"Est. reading time\" \/>\n\t<meta name=\"twitter:data2\" content=\"6 minutes\" \/>\n<script type=\"application\/ld+json\" class=\"yoast-schema-graph\">{\"@context\":\"https:\/\/schema.org\",\"@graph\":[{\"@type\":\"WebPage\",\"@id\":\"https:\/\/www.welovecycling.com\/sk\/2017\/09\/12\/laskomerske-singletraily-z-chuti-si-zajazdite\/\",\"url\":\"https:\/\/www.welovecycling.com\/sk\/2017\/09\/12\/laskomerske-singletraily-z-chuti-si-zajazdite\/\",\"name\":\"Laskomersk\u00e9 singletraily \u2013 z chuti si zajazdite! - \u0160koda We Love Cycling Slovensko\",\"isPartOf\":{\"@id\":\"https:\/\/www.welovecycling.com\/sk\/#website\"},\"primaryImageOfPage\":{\"@id\":\"https:\/\/www.welovecycling.com\/sk\/2017\/09\/12\/laskomerske-singletraily-z-chuti-si-zajazdite\/#primaryimage\"},\"image\":{\"@id\":\"https:\/\/www.welovecycling.com\/sk\/2017\/09\/12\/laskomerske-singletraily-z-chuti-si-zajazdite\/#primaryimage\"},\"thumbnailUrl\":\"https:\/\/d2p6e6u75xmxt8.cloudfront.net\/4\/2017\/09\/05.JPG.webp\",\"datePublished\":\"2017-09-12T08:23:15+00:00\",\"dateModified\":\"2017-12-18T12:02:25+00:00\",\"author\":{\"@id\":\"https:\/\/www.welovecycling.com\/sk\/#\/schema\/person\/8ee09ba39b7e25b1870160aa5b3a89bc\"},\"breadcrumb\":{\"@id\":\"https:\/\/www.welovecycling.com\/sk\/2017\/09\/12\/laskomerske-singletraily-z-chuti-si-zajazdite\/#breadcrumb\"},\"inLanguage\":\"sk-SK\",\"potentialAction\":[{\"@type\":\"ReadAction\",\"target\":[\"https:\/\/www.welovecycling.com\/sk\/2017\/09\/12\/laskomerske-singletraily-z-chuti-si-zajazdite\/\"]}]},{\"@type\":\"ImageObject\",\"inLanguage\":\"sk-SK\",\"@id\":\"https:\/\/www.welovecycling.com\/sk\/2017\/09\/12\/laskomerske-singletraily-z-chuti-si-zajazdite\/#primaryimage\",\"url\":\"https:\/\/d2p6e6u75xmxt8.cloudfront.net\/4\/2017\/09\/05.JPG.webp\",\"contentUrl\":\"https:\/\/d2p6e6u75xmxt8.cloudfront.net\/4\/2017\/09\/05.JPG.webp\",\"width\":1375,\"height\":600},{\"@type\":\"BreadcrumbList\",\"@id\":\"https:\/\/www.welovecycling.com\/sk\/2017\/09\/12\/laskomerske-singletraily-z-chuti-si-zajazdite\/#breadcrumb\",\"itemListElement\":[{\"@type\":\"ListItem\",\"position\":1,\"name\":\"Home\",\"item\":\"https:\/\/www.welovecycling.com\/sk\/\"},{\"@type\":\"ListItem\",\"position\":2,\"name\":\"Laskomersk\u00e9 singletraily \u2013 z chuti si zajazdite!\"}]},{\"@type\":\"WebSite\",\"@id\":\"https:\/\/www.welovecycling.com\/sk\/#website\",\"url\":\"https:\/\/www.welovecycling.com\/sk\/\",\"name\":\"\u0160koda We Love Cycling Slovensko\",\"description\":\"\u0160koda We Love Cycling Slovensko je v\u00e1\u0161 ka\u017edodenn\u00fd zdroj noviniek a in\u0161pir\u00e1cie z sveta cyklistiky\",\"potentialAction\":[{\"@type\":\"SearchAction\",\"target\":{\"@type\":\"EntryPoint\",\"urlTemplate\":\"https:\/\/www.welovecycling.com\/sk\/?s={search_term_string}\"},\"query-input\":{\"@type\":\"PropertyValueSpecification\",\"valueRequired\":true,\"valueName\":\"search_term_string\"}}],\"inLanguage\":\"sk-SK\"},{\"@type\":\"Person\",\"@id\":\"https:\/\/www.welovecycling.com\/sk\/#\/schema\/person\/8ee09ba39b7e25b1870160aa5b3a89bc\",\"name\":\"Ondrej Ga\u0161par\",\"image\":{\"@type\":\"ImageObject\",\"inLanguage\":\"sk-SK\",\"@id\":\"https:\/\/www.welovecycling.com\/sk\/#\/schema\/person\/image\/\",\"url\":\"https:\/\/secure.gravatar.com\/avatar\/6126c9afb87b70da5abbb083ddbb21933da15f18f8ca7cb822aba0fb096a48f6?s=96&d=mm&r=g\",\"contentUrl\":\"https:\/\/secure.gravatar.com\/avatar\/6126c9afb87b70da5abbb083ddbb21933da15f18f8ca7cb822aba0fb096a48f6?s=96&d=mm&r=g\",\"caption\":\"Ondrej Ga\u0161par\"},\"url\":\"https:\/\/www.welovecycling.com\/sk\/author\/ondrejgaspar\/\"}]}<\/script>\n<!-- \/ Yoast SEO Premium plugin. -->","yoast_head_json":{"title":"Laskomersk\u00e9 singletraily \u2013 z chuti si zajazdite! - \u0160koda We Love Cycling Slovensko","robots":{"index":"index","follow":"follow","max-snippet":"max-snippet:-1","max-image-preview":"max-image-preview:large","max-video-preview":"max-video-preview:-1"},"canonical":"https:\/\/www.welovecycling.com\/sk\/2017\/09\/12\/laskomerske-singletraily-z-chuti-si-zajazdite\/","og_locale":"sk_SK","og_type":"article","og_title":"Laskomersk\u00e9 singletraily \u2013 z chuti si zajazdite!","og_description":"T\u00ed z\u00a0v\u00e1s, ktor\u00ed aspo\u0148 trochu sleduj\u00fa horsk\u00e9 \u201ebikovanie\u201c na Slovensku, dozaista postrehli inform\u00e1cie o vzniku novej lokality \u2013 Laskomersk\u00fdch singletrailov. [&hellip;]","og_url":"https:\/\/www.welovecycling.com\/sk\/2017\/09\/12\/laskomerske-singletraily-z-chuti-si-zajazdite\/","og_site_name":"\u0160koda We Love Cycling Slovensko","article_published_time":"2017-09-12T08:23:15+00:00","article_modified_time":"2017-12-18T12:02:25+00:00","og_image":[{"width":1375,"height":600,"url":"https:\/\/d2p6e6u75xmxt8.cloudfront.net\/4\/2017\/09\/05.JPG.webp","type":"image\/webp"}],"author":"Ondrej Ga\u0161par","twitter_card":"summary_large_image","twitter_misc":{"Written by":"We Love Cycling","Est. reading time":"6 minutes"},"schema":{"@context":"https:\/\/schema.org","@graph":[{"@type":"WebPage","@id":"https:\/\/www.welovecycling.com\/sk\/2017\/09\/12\/laskomerske-singletraily-z-chuti-si-zajazdite\/","url":"https:\/\/www.welovecycling.com\/sk\/2017\/09\/12\/laskomerske-singletraily-z-chuti-si-zajazdite\/","name":"Laskomersk\u00e9 singletraily \u2013 z chuti si zajazdite! - \u0160koda We Love Cycling Slovensko","isPartOf":{"@id":"https:\/\/www.welovecycling.com\/sk\/#website"},"primaryImageOfPage":{"@id":"https:\/\/www.welovecycling.com\/sk\/2017\/09\/12\/laskomerske-singletraily-z-chuti-si-zajazdite\/#primaryimage"},"image":{"@id":"https:\/\/www.welovecycling.com\/sk\/2017\/09\/12\/laskomerske-singletraily-z-chuti-si-zajazdite\/#primaryimage"},"thumbnailUrl":"https:\/\/d2p6e6u75xmxt8.cloudfront.net\/4\/2017\/09\/05.JPG.webp","datePublished":"2017-09-12T08:23:15+00:00","dateModified":"2017-12-18T12:02:25+00:00","author":{"@id":"https:\/\/www.welovecycling.com\/sk\/#\/schema\/person\/8ee09ba39b7e25b1870160aa5b3a89bc"},"breadcrumb":{"@id":"https:\/\/www.welovecycling.com\/sk\/2017\/09\/12\/laskomerske-singletraily-z-chuti-si-zajazdite\/#breadcrumb"},"inLanguage":"sk-SK","potentialAction":[{"@type":"ReadAction","target":["https:\/\/www.welovecycling.com\/sk\/2017\/09\/12\/laskomerske-singletraily-z-chuti-si-zajazdite\/"]}]},{"@type":"ImageObject","inLanguage":"sk-SK","@id":"https:\/\/www.welovecycling.com\/sk\/2017\/09\/12\/laskomerske-singletraily-z-chuti-si-zajazdite\/#primaryimage","url":"https:\/\/d2p6e6u75xmxt8.cloudfront.net\/4\/2017\/09\/05.JPG.webp","contentUrl":"https:\/\/d2p6e6u75xmxt8.cloudfront.net\/4\/2017\/09\/05.JPG.webp","width":1375,"height":600},{"@type":"BreadcrumbList","@id":"https:\/\/www.welovecycling.com\/sk\/2017\/09\/12\/laskomerske-singletraily-z-chuti-si-zajazdite\/#breadcrumb","itemListElement":[{"@type":"ListItem","position":1,"name":"Home","item":"https:\/\/www.welovecycling.com\/sk\/"},{"@type":"ListItem","position":2,"name":"Laskomersk\u00e9 singletraily \u2013 z chuti si zajazdite!"}]},{"@type":"WebSite","@id":"https:\/\/www.welovecycling.com\/sk\/#website","url":"https:\/\/www.welovecycling.com\/sk\/","name":"\u0160koda We Love Cycling Slovensko","description":"\u0160koda We Love Cycling Slovensko je v\u00e1\u0161 ka\u017edodenn\u00fd zdroj noviniek a in\u0161pir\u00e1cie z sveta cyklistiky","potentialAction":[{"@type":"SearchAction","target":{"@type":"EntryPoint","urlTemplate":"https:\/\/www.welovecycling.com\/sk\/?s={search_term_string}"},"query-input":{"@type":"PropertyValueSpecification","valueRequired":true,"valueName":"search_term_string"}}],"inLanguage":"sk-SK"},{"@type":"Person","@id":"https:\/\/www.welovecycling.com\/sk\/#\/schema\/person\/8ee09ba39b7e25b1870160aa5b3a89bc","name":"Ondrej Ga\u0161par","image":{"@type":"ImageObject","inLanguage":"sk-SK","@id":"https:\/\/www.welovecycling.com\/sk\/#\/schema\/person\/image\/","url":"https:\/\/secure.gravatar.com\/avatar\/6126c9afb87b70da5abbb083ddbb21933da15f18f8ca7cb822aba0fb096a48f6?s=96&d=mm&r=g","contentUrl":"https:\/\/secure.gravatar.com\/avatar\/6126c9afb87b70da5abbb083ddbb21933da15f18f8ca7cb822aba0fb096a48f6?s=96&d=mm&r=g","caption":"Ondrej Ga\u0161par"},"url":"https:\/\/www.welovecycling.com\/sk\/author\/ondrejgaspar\/"}]}},"_links":{"self":[{"href":"https:\/\/www.welovecycling.com\/sk\/wp-json\/wp\/v2\/posts\/2187","targetHints":{"allow":["GET"]}}],"collection":[{"href":"https:\/\/www.welovecycling.com\/sk\/wp-json\/wp\/v2\/posts"}],"about":[{"href":"https:\/\/www.welovecycling.com\/sk\/wp-json\/wp\/v2\/types\/post"}],"author":[{"embeddable":true,"href":"https:\/\/www.welovecycling.com\/sk\/wp-json\/wp\/v2\/users\/38"}],"replies":[{"embeddable":true,"href":"https:\/\/www.welovecycling.com\/sk\/wp-json\/wp\/v2\/comments?post=2187"}],"version-history":[{"count":2,"href":"https:\/\/www.welovecycling.com\/sk\/wp-json\/wp\/v2\/posts\/2187\/revisions"}],"predecessor-version":[{"id":2394,"href":"https:\/\/www.welovecycling.com\/sk\/wp-json\/wp\/v2\/posts\/2187\/revisions\/2394"}],"wp:featuredmedia":[{"embeddable":true,"href":"https:\/\/www.welovecycling.com\/sk\/wp-json\/wp\/v2\/media\/2189"}],"wp:attachment":[{"href":"https:\/\/www.welovecycling.com\/sk\/wp-json\/wp\/v2\/media?parent=2187"}],"wp:term":[{"taxonomy":"category","embeddable":true,"href":"https:\/\/www.welovecycling.com\/sk\/wp-json\/wp\/v2\/categories?post=2187"},{"taxonomy":"post_tag","embeddable":true,"href":"https:\/\/www.welovecycling.com\/sk\/wp-json\/wp\/v2\/tags?post=2187"},{"taxonomy":"global-categories","embeddable":true,"href":"https:\/\/www.welovecycling.com\/sk\/wp-json\/wp\/v2\/global-categories?post=2187"}],"curies":[{"name":"wp","href":"https:\/\/api.w.org\/{rel}","templated":true}]}}