{"id":2171,"date":"2017-09-07T10:16:12","date_gmt":"2017-09-07T08:16:12","guid":{"rendered":"https:\/\/www.welovecycling.com\/sk\/?p=2171"},"modified":"2017-12-18T13:02:36","modified_gmt":"2017-12-18T12:02:36","slug":"sportove-bicykle-pevnou-zadnou-stavbou-maratonsky-zaklad","status":"publish","type":"post","link":"https:\/\/www.welovecycling.com\/sk\/2017\/09\/07\/sportove-bicykle-pevnou-zadnou-stavbou-maratonsky-zaklad\/","title":{"rendered":"\u0160portov\u00e9 bicykle s pevnou zadnou stavbou ako \u201emarat\u00f3nsky\u201c z\u00e1klad"},"content":{"rendered":"<p><strong>Ak pr\u00e1ve rozm\u00fd\u0161\u013eate, \u017ee by ste za\u010dali s cyklistikou a presk\u00famali okolit\u00fd ter\u00e9n, tak m\u00e1te skoro neobmedzen\u00fd v\u00fdber. Z mno\u017estva modelov prin\u00e1\u0161ame tak\u00e9, ktor\u00e9 bud\u00fa vhodn\u00e9 na za\u010diatok, pri\u010dom poskytuj\u00fa v\u00fdbavu aj pre n\u00e1ro\u010dnej\u0161ie pou\u017eitie, pr\u00edpadne preteky, ak v\u00e1s to poriadne chyt\u00ed. Ur\u010dite bez probl\u00e9mov zvl\u00e1dnu aj niektor\u00e9 kolo \u0160koda BIKE OPEN TOUR&#8230;<\/strong><!--more--><\/p>\n<p><a href=\"https:\/\/d2p6e6u75xmxt8.cloudfront.net\/4\/2017\/09\/foto-uvod-1.jpg\"><img loading=\"lazy\" decoding=\"async\" class=\"alignnone size-full wp-image-2179\" src=\"https:\/\/d2p6e6u75xmxt8.cloudfront.net\/4\/2017\/09\/foto-uvod-1.jpg\" alt=\"\" width=\"1375\" height=\"600\" \/><\/a><\/p>\n<h2><strong>Kellys Hacker 50<\/strong><\/h2>\n<p>Mnoh\u00ed st\u00e1le preferuj\u00fa maxim\u00e1lnu obratnos\u0165, tuhos\u0165 a po\u017eaduj\u00fa \u010do najni\u017e\u0161iu hmotnos\u0165. Pr\u00e1ve pre nich m\u00f4\u017ee by\u0165 ve\u013emi dobr\u00e1 platforma na 27,5-palcov\u00fdch koles\u00e1ch, ktor\u00e9 tak trochu kombinuj\u00fa vlastnosti z oboch \u201esvetov\u201c. Model Hacker 50 pon\u00faka \u013eahk\u00fd a pevn\u00fd karb\u00f3nov\u00fd r\u00e1m, ktor\u00fd sa ide\u00e1lne hod\u00ed na preteky. Vidlica RS Reba poskytne komfort, ale taktie\u017e dostato\u010dn\u00fa progresivitu pre \u0161portov\u00fa jazdu, navy\u0161e je vybaven\u00e1 zamykan\u00edm z riad\u00edtok OneLoc.<\/p>\n<p><a href=\"https:\/\/d2p6e6u75xmxt8.cloudfront.net\/4\/2017\/09\/kellys.jpg\"><img loading=\"lazy\" decoding=\"async\" class=\"alignnone size-full wp-image-2173\" src=\"https:\/\/d2p6e6u75xmxt8.cloudfront.net\/4\/2017\/09\/kellys.jpg\" alt=\"\" width=\"1200\" height=\"690\" \/><\/a><\/p>\n<h2><strong>Ghost Lector 3 LC 29<\/strong><\/h2>\n<p>Model Lector sa za ten \u010das, \u010do je na trhu, ve\u013emi r\u00fdchlo zaradil medzi nekompromisn\u00e9 stroje ur\u010den\u00e9 na preteky. \u013dahk\u00fd a pevn\u00fd karb\u00f3nov\u00fd r\u00e1m m\u00e1 agres\u00edvne l\u00ednie, ktor\u00e9 sa v dave naozaj nestratia. Hlavnou dev\u00edzou je maxim\u00e1lna efektivita prenosu sily a tie\u017e stabilita v n\u00e1ro\u010dn\u00fdch zjazdoch umocnen\u00e1 29-palcov\u00fdm priemerom kolies. Lector 3 pon\u00faka spo\u013eahliv\u00fa vidlicu RS Reba RL so 100 zdvihom ovl\u00e1dan\u00fa z riad\u00edtok syst\u00e9mom Oneloc. V\u010faka 2-prevodn\u00edku je bike z\u00e1rove\u0148 ve\u013emi univerz\u00e1lny, no v pr\u00edpade potreby prechod na jednoprevodn\u00edk nie je probl\u00e9m \u00a0&#8211; to je jedna z v\u00fdhod Shimana XT a syst\u00e9mu 2&#215;11.<\/p>\n<p><a href=\"https:\/\/d2p6e6u75xmxt8.cloudfront.net\/4\/2017\/09\/ghost.jpg\"><img loading=\"lazy\" decoding=\"async\" class=\"alignnone size-full wp-image-2174\" src=\"https:\/\/d2p6e6u75xmxt8.cloudfront.net\/4\/2017\/09\/ghost.jpg\" alt=\"\" width=\"1200\" height=\"690\" \/><\/a><\/p>\n<h2><strong>GT Zaskar Carbon 29 Comp<\/strong><\/h2>\n<p>Pre sez\u00f3nu 2017 dostala legenda s n\u00e1zvom Zaskar nov\u00fa tv\u00e1r. R\u00e1m je kompletne prepracovan\u00fd a pon\u00faka aj nov\u00fa geometriu postaven\u00fa na 29-palcov\u00fdch koles\u00e1ch. Dlh\u0161ia r\u00e1mov\u00e1 trubka, krat\u0161ia zadn\u00e1 stavba a predstavec. Tento bicykel je dostato\u010dne \u013eahk\u00fd pre preteky a tie\u017e odoln\u00fd pre ka\u017edodenn\u00e9 jazdenie. Navy\u0161e sa z\u010faleka nestrat\u00ed ani na traili. Vpredu pracuje\u00a0vidlica RS Recon Gold so zdvihom 100 mm a dia\u013ekov\u00fdm ovl\u00e1dan\u00edm popclock, sadu dodalo Shimano v novom kab\u00e1te 11-r\u00fdchlostn\u00e9ho SLX.<\/p>\n<p><a href=\"https:\/\/d2p6e6u75xmxt8.cloudfront.net\/4\/2017\/09\/gt.png\"><img loading=\"lazy\" decoding=\"async\" class=\"alignnone size-full wp-image-2175\" src=\"https:\/\/d2p6e6u75xmxt8.cloudfront.net\/4\/2017\/09\/gt.png\" alt=\"\" width=\"1200\" height=\"690\" \/><\/a><\/p>\n<h2><strong>Rock Machine Blizz 70 27+<\/strong><\/h2>\n<p>Ak m\u00e1te radi technick\u00e9 jazdenie, objavovanie nov\u00fdch ter\u00e9nov a pritom nepotrebujete celoodpru\u017een\u00fd model, tak pr\u00e1ve Blizz 70 m\u00f4\u017ee by\u0165 skvel\u00e1 vo\u013eba. V\u010faka \u0161irok\u00fdm pl\u00e1s\u0165om \u201epluskov\u00e9ho\u201c rozmeru a priemeru 27,5, ho len tak nie\u010do nezastav\u00ed, pri\u010dom pon\u00fakne dostato\u010dn\u00fd grip a komfort a navy\u0161e si s n\u00edm u\u017eijete aj v zime na snehu. Hlin\u00edkov\u00fd r\u00e1m dop\u013a\u0148a vpredu vidlica RS Reba RL so zdvihom 120 mm. Pohon je v r\u00e9\u017eii japonsk\u00e9ho Shimana XT a SLX v preveden\u00ed 1&#215;11 s 32-zubov\u00fdm prevodn\u00edkom. Ke\u010f m\u00e1te chu\u0165, m\u00f4\u017eete nahodi\u0165 u\u017e\u0161ie gumy a absolvova\u0165 aj nejak\u00fd ten marat\u00f3n.<\/p>\n<p><a href=\"https:\/\/d2p6e6u75xmxt8.cloudfront.net\/4\/2017\/09\/rm.jpg\"><img loading=\"lazy\" decoding=\"async\" class=\"alignnone size-full wp-image-2176\" src=\"https:\/\/d2p6e6u75xmxt8.cloudfront.net\/4\/2017\/09\/rm.jpg\" alt=\"\" width=\"1200\" height=\"690\" \/><\/a><\/p>\n","protected":false},"excerpt":{"rendered":"<p>Ak pr\u00e1ve rozm\u00fd\u0161\u013eate, \u017ee by ste za\u010dali s cyklistikou a presk\u00famali okolit\u00fd ter\u00e9n, tak m\u00e1te skoro neobmedzen\u00fd v\u00fdber. Z mno\u017estva [&hellip;]<\/p>\n","protected":false},"author":38,"featured_media":2180,"comment_status":"open","ping_status":"open","sticky":false,"template":"","format":"standard","meta":{"footnotes":""},"categories":[3,52,191],"tags":[238,242,243,236,180,241,215,244,237,183,220],"global-categories":[],"class_list":["post-2171","post","type-post","status-publish","format-standard","has-post-thumbnail","hentry","category-mtb","category-nakupny-poradca","category-odporucame","tag-238","tag-ghost","tag-gt","tag-hardtail","tag-horska-cyklistika","tag-kellys","tag-nakupny-poradca","tag-rock-machine","tag-trail","tag-zabava","tag-zaciatocnik"],"yoast_head":"<!-- This site is optimized with the Yoast SEO Premium plugin v25.3 (Yoast SEO v25.9) - https:\/\/yoast.com\/wordpress\/plugins\/seo\/ -->\n<title>\u0160portov\u00e9 bicykle s pevnou zadnou stavbou ako \u201emarat\u00f3nsky\u201c z\u00e1klad - \u0160koda We Love Cycling Slovensko<\/title>\n<meta name=\"robots\" content=\"index, follow, max-snippet:-1, max-image-preview:large, max-video-preview:-1\" \/>\n<link rel=\"canonical\" href=\"https:\/\/www.welovecycling.com\/sk\/2017\/09\/07\/sportove-bicykle-pevnou-zadnou-stavbou-maratonsky-zaklad\/\" \/>\n<meta property=\"og:locale\" content=\"sk_SK\" \/>\n<meta property=\"og:type\" content=\"article\" \/>\n<meta property=\"og:title\" content=\"\u0160portov\u00e9 bicykle s pevnou zadnou stavbou ako \u201emarat\u00f3nsky\u201c z\u00e1klad\" \/>\n<meta property=\"og:description\" content=\"Ak pr\u00e1ve rozm\u00fd\u0161\u013eate, \u017ee by ste za\u010dali s cyklistikou a presk\u00famali okolit\u00fd ter\u00e9n, tak m\u00e1te skoro neobmedzen\u00fd v\u00fdber. Z mno\u017estva [&hellip;]\" \/>\n<meta property=\"og:url\" content=\"https:\/\/www.welovecycling.com\/sk\/2017\/09\/07\/sportove-bicykle-pevnou-zadnou-stavbou-maratonsky-zaklad\/\" \/>\n<meta property=\"og:site_name\" content=\"\u0160koda We Love Cycling Slovensko\" \/>\n<meta property=\"article:published_time\" content=\"2017-09-07T08:16:12+00:00\" \/>\n<meta property=\"article:modified_time\" content=\"2017-12-18T12:02:36+00:00\" \/>\n<meta property=\"og:image\" content=\"https:\/\/d2p6e6u75xmxt8.cloudfront.net\/4\/2017\/09\/foto.webp\" \/>\n\t<meta property=\"og:image:width\" content=\"1375\" \/>\n\t<meta property=\"og:image:height\" content=\"600\" \/>\n\t<meta property=\"og:image:type\" content=\"image\/webp\" \/>\n<meta name=\"author\" content=\"Ondrej Ga\u0161par\" \/>\n<meta name=\"twitter:card\" content=\"summary_large_image\" \/>\n<meta name=\"twitter:label1\" content=\"Written by\" \/>\n\t<meta name=\"twitter:data1\" content=\"We Love Cycling\" \/>\n\t<meta name=\"twitter:label2\" content=\"Est. reading time\" \/>\n\t<meta name=\"twitter:data2\" content=\"2 minutes\" \/>\n<script type=\"application\/ld+json\" class=\"yoast-schema-graph\">{\"@context\":\"https:\/\/schema.org\",\"@graph\":[{\"@type\":\"WebPage\",\"@id\":\"https:\/\/www.welovecycling.com\/sk\/2017\/09\/07\/sportove-bicykle-pevnou-zadnou-stavbou-maratonsky-zaklad\/\",\"url\":\"https:\/\/www.welovecycling.com\/sk\/2017\/09\/07\/sportove-bicykle-pevnou-zadnou-stavbou-maratonsky-zaklad\/\",\"name\":\"\u0160portov\u00e9 bicykle s pevnou zadnou stavbou ako \u201emarat\u00f3nsky\u201c z\u00e1klad - \u0160koda We Love Cycling Slovensko\",\"isPartOf\":{\"@id\":\"https:\/\/www.welovecycling.com\/sk\/#website\"},\"primaryImageOfPage\":{\"@id\":\"https:\/\/www.welovecycling.com\/sk\/2017\/09\/07\/sportove-bicykle-pevnou-zadnou-stavbou-maratonsky-zaklad\/#primaryimage\"},\"image\":{\"@id\":\"https:\/\/www.welovecycling.com\/sk\/2017\/09\/07\/sportove-bicykle-pevnou-zadnou-stavbou-maratonsky-zaklad\/#primaryimage\"},\"thumbnailUrl\":\"https:\/\/d2p6e6u75xmxt8.cloudfront.net\/4\/2017\/09\/foto.webp\",\"datePublished\":\"2017-09-07T08:16:12+00:00\",\"dateModified\":\"2017-12-18T12:02:36+00:00\",\"author\":{\"@id\":\"https:\/\/www.welovecycling.com\/sk\/#\/schema\/person\/8ee09ba39b7e25b1870160aa5b3a89bc\"},\"breadcrumb\":{\"@id\":\"https:\/\/www.welovecycling.com\/sk\/2017\/09\/07\/sportove-bicykle-pevnou-zadnou-stavbou-maratonsky-zaklad\/#breadcrumb\"},\"inLanguage\":\"sk-SK\",\"potentialAction\":[{\"@type\":\"ReadAction\",\"target\":[\"https:\/\/www.welovecycling.com\/sk\/2017\/09\/07\/sportove-bicykle-pevnou-zadnou-stavbou-maratonsky-zaklad\/\"]}]},{\"@type\":\"ImageObject\",\"inLanguage\":\"sk-SK\",\"@id\":\"https:\/\/www.welovecycling.com\/sk\/2017\/09\/07\/sportove-bicykle-pevnou-zadnou-stavbou-maratonsky-zaklad\/#primaryimage\",\"url\":\"https:\/\/d2p6e6u75xmxt8.cloudfront.net\/4\/2017\/09\/foto.webp\",\"contentUrl\":\"https:\/\/d2p6e6u75xmxt8.cloudfront.net\/4\/2017\/09\/foto.webp\",\"width\":1375,\"height\":600},{\"@type\":\"BreadcrumbList\",\"@id\":\"https:\/\/www.welovecycling.com\/sk\/2017\/09\/07\/sportove-bicykle-pevnou-zadnou-stavbou-maratonsky-zaklad\/#breadcrumb\",\"itemListElement\":[{\"@type\":\"ListItem\",\"position\":1,\"name\":\"Home\",\"item\":\"https:\/\/www.welovecycling.com\/sk\/\"},{\"@type\":\"ListItem\",\"position\":2,\"name\":\"\u0160portov\u00e9 bicykle s pevnou zadnou stavbou ako \u201emarat\u00f3nsky\u201c z\u00e1klad\"}]},{\"@type\":\"WebSite\",\"@id\":\"https:\/\/www.welovecycling.com\/sk\/#website\",\"url\":\"https:\/\/www.welovecycling.com\/sk\/\",\"name\":\"\u0160koda We Love Cycling Slovensko\",\"description\":\"\u0160koda We Love Cycling Slovensko je v\u00e1\u0161 ka\u017edodenn\u00fd zdroj noviniek a in\u0161pir\u00e1cie z sveta cyklistiky\",\"potentialAction\":[{\"@type\":\"SearchAction\",\"target\":{\"@type\":\"EntryPoint\",\"urlTemplate\":\"https:\/\/www.welovecycling.com\/sk\/?s={search_term_string}\"},\"query-input\":{\"@type\":\"PropertyValueSpecification\",\"valueRequired\":true,\"valueName\":\"search_term_string\"}}],\"inLanguage\":\"sk-SK\"},{\"@type\":\"Person\",\"@id\":\"https:\/\/www.welovecycling.com\/sk\/#\/schema\/person\/8ee09ba39b7e25b1870160aa5b3a89bc\",\"name\":\"Ondrej Ga\u0161par\",\"image\":{\"@type\":\"ImageObject\",\"inLanguage\":\"sk-SK\",\"@id\":\"https:\/\/www.welovecycling.com\/sk\/#\/schema\/person\/image\/\",\"url\":\"https:\/\/secure.gravatar.com\/avatar\/6126c9afb87b70da5abbb083ddbb21933da15f18f8ca7cb822aba0fb096a48f6?s=96&d=mm&r=g\",\"contentUrl\":\"https:\/\/secure.gravatar.com\/avatar\/6126c9afb87b70da5abbb083ddbb21933da15f18f8ca7cb822aba0fb096a48f6?s=96&d=mm&r=g\",\"caption\":\"Ondrej Ga\u0161par\"},\"url\":\"https:\/\/www.welovecycling.com\/sk\/author\/ondrejgaspar\/\"}]}<\/script>\n<!-- \/ Yoast SEO Premium plugin. -->","yoast_head_json":{"title":"\u0160portov\u00e9 bicykle s pevnou zadnou stavbou ako \u201emarat\u00f3nsky\u201c z\u00e1klad - \u0160koda We Love Cycling Slovensko","robots":{"index":"index","follow":"follow","max-snippet":"max-snippet:-1","max-image-preview":"max-image-preview:large","max-video-preview":"max-video-preview:-1"},"canonical":"https:\/\/www.welovecycling.com\/sk\/2017\/09\/07\/sportove-bicykle-pevnou-zadnou-stavbou-maratonsky-zaklad\/","og_locale":"sk_SK","og_type":"article","og_title":"\u0160portov\u00e9 bicykle s pevnou zadnou stavbou ako \u201emarat\u00f3nsky\u201c z\u00e1klad","og_description":"Ak pr\u00e1ve rozm\u00fd\u0161\u013eate, \u017ee by ste za\u010dali s cyklistikou a presk\u00famali okolit\u00fd ter\u00e9n, tak m\u00e1te skoro neobmedzen\u00fd v\u00fdber. Z mno\u017estva [&hellip;]","og_url":"https:\/\/www.welovecycling.com\/sk\/2017\/09\/07\/sportove-bicykle-pevnou-zadnou-stavbou-maratonsky-zaklad\/","og_site_name":"\u0160koda We Love Cycling Slovensko","article_published_time":"2017-09-07T08:16:12+00:00","article_modified_time":"2017-12-18T12:02:36+00:00","og_image":[{"width":1375,"height":600,"url":"https:\/\/d2p6e6u75xmxt8.cloudfront.net\/4\/2017\/09\/foto.webp","type":"image\/webp"}],"author":"Ondrej Ga\u0161par","twitter_card":"summary_large_image","twitter_misc":{"Written by":"We Love Cycling","Est. reading time":"2 minutes"},"schema":{"@context":"https:\/\/schema.org","@graph":[{"@type":"WebPage","@id":"https:\/\/www.welovecycling.com\/sk\/2017\/09\/07\/sportove-bicykle-pevnou-zadnou-stavbou-maratonsky-zaklad\/","url":"https:\/\/www.welovecycling.com\/sk\/2017\/09\/07\/sportove-bicykle-pevnou-zadnou-stavbou-maratonsky-zaklad\/","name":"\u0160portov\u00e9 bicykle s pevnou zadnou stavbou ako \u201emarat\u00f3nsky\u201c z\u00e1klad - \u0160koda We Love Cycling Slovensko","isPartOf":{"@id":"https:\/\/www.welovecycling.com\/sk\/#website"},"primaryImageOfPage":{"@id":"https:\/\/www.welovecycling.com\/sk\/2017\/09\/07\/sportove-bicykle-pevnou-zadnou-stavbou-maratonsky-zaklad\/#primaryimage"},"image":{"@id":"https:\/\/www.welovecycling.com\/sk\/2017\/09\/07\/sportove-bicykle-pevnou-zadnou-stavbou-maratonsky-zaklad\/#primaryimage"},"thumbnailUrl":"https:\/\/d2p6e6u75xmxt8.cloudfront.net\/4\/2017\/09\/foto.webp","datePublished":"2017-09-07T08:16:12+00:00","dateModified":"2017-12-18T12:02:36+00:00","author":{"@id":"https:\/\/www.welovecycling.com\/sk\/#\/schema\/person\/8ee09ba39b7e25b1870160aa5b3a89bc"},"breadcrumb":{"@id":"https:\/\/www.welovecycling.com\/sk\/2017\/09\/07\/sportove-bicykle-pevnou-zadnou-stavbou-maratonsky-zaklad\/#breadcrumb"},"inLanguage":"sk-SK","potentialAction":[{"@type":"ReadAction","target":["https:\/\/www.welovecycling.com\/sk\/2017\/09\/07\/sportove-bicykle-pevnou-zadnou-stavbou-maratonsky-zaklad\/"]}]},{"@type":"ImageObject","inLanguage":"sk-SK","@id":"https:\/\/www.welovecycling.com\/sk\/2017\/09\/07\/sportove-bicykle-pevnou-zadnou-stavbou-maratonsky-zaklad\/#primaryimage","url":"https:\/\/d2p6e6u75xmxt8.cloudfront.net\/4\/2017\/09\/foto.webp","contentUrl":"https:\/\/d2p6e6u75xmxt8.cloudfront.net\/4\/2017\/09\/foto.webp","width":1375,"height":600},{"@type":"BreadcrumbList","@id":"https:\/\/www.welovecycling.com\/sk\/2017\/09\/07\/sportove-bicykle-pevnou-zadnou-stavbou-maratonsky-zaklad\/#breadcrumb","itemListElement":[{"@type":"ListItem","position":1,"name":"Home","item":"https:\/\/www.welovecycling.com\/sk\/"},{"@type":"ListItem","position":2,"name":"\u0160portov\u00e9 bicykle s pevnou zadnou stavbou ako \u201emarat\u00f3nsky\u201c z\u00e1klad"}]},{"@type":"WebSite","@id":"https:\/\/www.welovecycling.com\/sk\/#website","url":"https:\/\/www.welovecycling.com\/sk\/","name":"\u0160koda We Love Cycling Slovensko","description":"\u0160koda We Love Cycling Slovensko je v\u00e1\u0161 ka\u017edodenn\u00fd zdroj noviniek a in\u0161pir\u00e1cie z sveta cyklistiky","potentialAction":[{"@type":"SearchAction","target":{"@type":"EntryPoint","urlTemplate":"https:\/\/www.welovecycling.com\/sk\/?s={search_term_string}"},"query-input":{"@type":"PropertyValueSpecification","valueRequired":true,"valueName":"search_term_string"}}],"inLanguage":"sk-SK"},{"@type":"Person","@id":"https:\/\/www.welovecycling.com\/sk\/#\/schema\/person\/8ee09ba39b7e25b1870160aa5b3a89bc","name":"Ondrej Ga\u0161par","image":{"@type":"ImageObject","inLanguage":"sk-SK","@id":"https:\/\/www.welovecycling.com\/sk\/#\/schema\/person\/image\/","url":"https:\/\/secure.gravatar.com\/avatar\/6126c9afb87b70da5abbb083ddbb21933da15f18f8ca7cb822aba0fb096a48f6?s=96&d=mm&r=g","contentUrl":"https:\/\/secure.gravatar.com\/avatar\/6126c9afb87b70da5abbb083ddbb21933da15f18f8ca7cb822aba0fb096a48f6?s=96&d=mm&r=g","caption":"Ondrej Ga\u0161par"},"url":"https:\/\/www.welovecycling.com\/sk\/author\/ondrejgaspar\/"}]}},"_links":{"self":[{"href":"https:\/\/www.welovecycling.com\/sk\/wp-json\/wp\/v2\/posts\/2171","targetHints":{"allow":["GET"]}}],"collection":[{"href":"https:\/\/www.welovecycling.com\/sk\/wp-json\/wp\/v2\/posts"}],"about":[{"href":"https:\/\/www.welovecycling.com\/sk\/wp-json\/wp\/v2\/types\/post"}],"author":[{"embeddable":true,"href":"https:\/\/www.welovecycling.com\/sk\/wp-json\/wp\/v2\/users\/38"}],"replies":[{"embeddable":true,"href":"https:\/\/www.welovecycling.com\/sk\/wp-json\/wp\/v2\/comments?post=2171"}],"version-history":[{"count":2,"href":"https:\/\/www.welovecycling.com\/sk\/wp-json\/wp\/v2\/posts\/2171\/revisions"}],"predecessor-version":[{"id":2202,"href":"https:\/\/www.welovecycling.com\/sk\/wp-json\/wp\/v2\/posts\/2171\/revisions\/2202"}],"wp:featuredmedia":[{"embeddable":true,"href":"https:\/\/www.welovecycling.com\/sk\/wp-json\/wp\/v2\/media\/2180"}],"wp:attachment":[{"href":"https:\/\/www.welovecycling.com\/sk\/wp-json\/wp\/v2\/media?parent=2171"}],"wp:term":[{"taxonomy":"category","embeddable":true,"href":"https:\/\/www.welovecycling.com\/sk\/wp-json\/wp\/v2\/categories?post=2171"},{"taxonomy":"post_tag","embeddable":true,"href":"https:\/\/www.welovecycling.com\/sk\/wp-json\/wp\/v2\/tags?post=2171"},{"taxonomy":"global-categories","embeddable":true,"href":"https:\/\/www.welovecycling.com\/sk\/wp-json\/wp\/v2\/global-categories?post=2171"}],"curies":[{"name":"wp","href":"https:\/\/api.w.org\/{rel}","templated":true}]}}