{"id":2138,"date":"2017-09-05T17:19:31","date_gmt":"2017-09-05T15:19:31","guid":{"rendered":"https:\/\/www.welovecycling.com\/sk\/?p=2138"},"modified":"2017-12-18T13:02:46","modified_gmt":"2017-12-18T12:02:46","slug":"reportaz-skoda-slovensky-raj-finalove-kolo-celej-serie-krasnom-prostredi","status":"publish","type":"post","link":"https:\/\/www.welovecycling.com\/sk\/2017\/09\/05\/reportaz-skoda-slovensky-raj-finalove-kolo-celej-serie-krasnom-prostredi\/","title":{"rendered":"REPORT\u00c1\u017d: \u0160koda Slovensk\u00fd raj \u2013 fin\u00e1lov\u00e9 kolo celej s\u00e9rie v kr\u00e1snom prostred\u00ed"},"content":{"rendered":"<p><strong>Fin\u00e1le \u0160koda BIKE OPEN TOUR sa konalo na r\u00fdchlej trati v Slovenskom raji, kde sa aj v chladnej\u0161om po\u010das\u00ed st\u00e1le pekne pr\u00e1\u0161ilo&#8230;<\/strong><!--more--><\/p>\n<p><a href=\"https:\/\/d2p6e6u75xmxt8.cloudfront.net\/4\/2017\/09\/026.jpg\"><img loading=\"lazy\" decoding=\"async\" class=\"alignnone size-full wp-image-2139\" src=\"https:\/\/d2p6e6u75xmxt8.cloudfront.net\/4\/2017\/09\/026.jpg\" alt=\"\" width=\"1024\" height=\"683\" \/><\/a><\/p>\n<p>Slovensk\u00fd raj, konkr\u00e9tne oblas\u0165 Podlesok, tvor\u00ed u\u017e tradi\u010dn\u00e9 fin\u00e1le celej s\u00e9rie \u0160koda BIKE OPEN TOUR. Jedn\u00e1 sa o \u201eoveren\u00fa\u201c kombin\u00e1ciu, preto\u017ee svoj program si tu n\u00e1jde bez probl\u00e9mov aj v\u00e1\u0161 sprievod, ked\u017ee okolit\u00e9 prostredie pon\u00faka ve\u013ea mo\u017enost\u00ed \u2013 \u010di u\u017e \u201epohodov\u00e1\u201c turistika alebo pr\u00edpadn\u00e1 ferata pre n\u00e1ro\u010dnej\u0161\u00edch. Na v\u00fdber bolo celkovo z trojice trat\u00ed, najdlh\u0161ia s n\u00e1zvom Elite mala parametre 96 km a prev\u00fd\u0161enie 2 360 m &#8211; krat\u0161\u00ed variant Profi tvoril v podstate polovicu v r\u00e1mci jedn\u00e9ho kola, teda 48 km a 1 180 m. Pre \u00fapln\u00fdch \u201ehobby\u201c jazdcov bola e\u0161te pripraven\u00e1 tra\u0165 s n\u00e1zvom Rekre v d\u013a\u017eke 15 km so skuto\u010dne nen\u00e1ro\u010dn\u00fdm profilom, ide\u00e1lna pre mlad\u0161\u00edch jazdcov alebo aj rodiny s de\u0165mi.<\/p>\n<div id='gallery-1' class='gallery galleryid-2138 gallery-columns-2 gallery-size-full'><figure class='gallery-item'>\n\t\t\t<div class='gallery-icon landscape'>\n\t\t\t\t<a href='https:\/\/d2p6e6u75xmxt8.cloudfront.net\/4\/2017\/09\/418.webp'><img loading=\"lazy\" decoding=\"async\" width=\"1024\" height=\"683\" src=\"https:\/\/d2p6e6u75xmxt8.cloudfront.net\/4\/2017\/09\/418.webp\" class=\"attachment-full size-full\" alt=\"\" srcset=\"https:\/\/d2p6e6u75xmxt8.cloudfront.net\/4\/2017\/09\/418.webp 1024w, https:\/\/d2p6e6u75xmxt8.cloudfront.net\/4\/2017\/09\/418-300x200.webp 300w, https:\/\/d2p6e6u75xmxt8.cloudfront.net\/4\/2017\/09\/418-768x512.webp 768w, https:\/\/d2p6e6u75xmxt8.cloudfront.net\/4\/2017\/09\/418-272x182.webp 272w\" sizes=\"auto, (max-width: 1024px) 100vw, 1024px\" \/><\/a>\n\t\t\t<\/div><\/figure><figure class='gallery-item'>\n\t\t\t<div class='gallery-icon landscape'>\n\t\t\t\t<a href='https:\/\/d2p6e6u75xmxt8.cloudfront.net\/4\/2017\/09\/456.webp'><img loading=\"lazy\" decoding=\"async\" width=\"1024\" height=\"683\" src=\"https:\/\/d2p6e6u75xmxt8.cloudfront.net\/4\/2017\/09\/456.webp\" class=\"attachment-full size-full\" alt=\"\" srcset=\"https:\/\/d2p6e6u75xmxt8.cloudfront.net\/4\/2017\/09\/456.webp 1024w, https:\/\/d2p6e6u75xmxt8.cloudfront.net\/4\/2017\/09\/456-300x200.webp 300w, https:\/\/d2p6e6u75xmxt8.cloudfront.net\/4\/2017\/09\/456-768x512.webp 768w, https:\/\/d2p6e6u75xmxt8.cloudfront.net\/4\/2017\/09\/456-272x182.webp 272w\" sizes=\"auto, (max-width: 1024px) 100vw, 1024px\" \/><\/a>\n\t\t\t<\/div><\/figure>\n\t\t<\/div>\n\n<div class=\"shortcode-ys-post-pinup\"><article class=\"loop-simple post-2271 post type-post status-publish format-gallery has-post-thumbnail hentry category-mtb category-podujatia category-sbot tag-fotogaleria tag-hrabusice tag-sbot tag-skoda-slovensky-raj tag-slovensky-raj tag-vanda-mesiarikova post_format-post-format-gallery\" data-postid=\"2271\" role=\"article\" data-post-id=\"2271\" data-word-count=\"9\" data-headline-length=\"59\" data-category=\"MTB\" data-author=\"We Love Cycling\" data-published=\"2017-09-05T17:18:01+02:00\" data-published-day=\"Tuesday\">\n    <div class=\"entry-thumbnail article-thumbnail\" content=\"https:\/\/d2p6e6u75xmxt8.cloudfront.net\/4\/2017\/09\/1375x600_raj-2017-mesiarikova-150x150.webp\"><a href=\"https:\/\/www.welovecycling.com\/sk\/2017\/09\/05\/skoda-slovensky-raj-foto-vanda-mesiarikova\/\" class=\"image-holder\" target=\"_self\"><img decoding=\"async\" loading=\"lazy\" class=\"\" src=\"https:\/\/d2p6e6u75xmxt8.cloudfront.net\/4\/2017\/09\/1375x600_raj-2017-mesiarikova-1024x447.webp\" srcset=\"https:\/\/d2p6e6u75xmxt8.cloudfront.net\/4\/2017\/09\/1375x600_raj-2017-mesiarikova.webp 1375w, https:\/\/d2p6e6u75xmxt8.cloudfront.net\/4\/2017\/09\/1375x600_raj-2017-mesiarikova-300x131.webp 300w, https:\/\/d2p6e6u75xmxt8.cloudfront.net\/4\/2017\/09\/1375x600_raj-2017-mesiarikova-1024x447.webp 1024w, https:\/\/d2p6e6u75xmxt8.cloudfront.net\/4\/2017\/09\/1375x600_raj-2017-mesiarikova-768x335.webp 768w\" width=\"1024\" height=\"447\" sizes=\"auto, (min-width: 1200px) 458px, (min-width: 768px) 38vw, 100vw\" alt=\"skoda-slovensky-raj-foto-vanda-mesiarikova\"\/><\/a><\/div>    <div class=\"entry-meta\">\n        <a class=\"label label-secondary post-category\" href=\"https:\/\/www.welovecycling.com\/sk\/category\/mtb\/\" title=\"MTB\">MTB<\/a>\n    <\/div>\n    <div class=\"entry-details\">\n        <a href=\"https:\/\/www.welovecycling.com\/sk\/2017\/09\/05\/skoda-slovensky-raj-foto-vanda-mesiarikova\/\" class='entry-title-wrapper'>\n            <h3 class=\"entry-title\"><span>FOTO: \u0160koda Slovensk\u00fd raj 2017 &#8211; Vanda Mesiarikov\u00e1<\/span><\/h3>\n        <\/a>\n    <\/div>\n    <\/article>\n<\/div>\n<p>Napriek p\u00f4vodne trochu nepriaznivej predpovedi, panovali nakoniec v\u00fdborn\u00e9 podmienky, bolo pod mrakom a p\u00f4vodne hl\u00e1sen\u00fd d\u00e1\u017e\u010f sa nekonal. Tra\u0165 bola kr\u00e1sne such\u00e1 a skuto\u010dne poriadne r\u00fdchla. Vedie z ve\u013ekej \u010dasti po \u0161trkov\u00fdch cest\u00e1ch, ktor\u00e9 s\u00fa charakteristick\u00e9 pre t\u00fato oblas\u0165 a rovnako ako minul\u00fd rok, bola v opa\u010dnom smere &#8211; \u010do je ale vzh\u013eadom na jej profil vhodn\u00e1 vo\u013eba, preto\u017ee v\u00e4\u010d\u0161ina v\u00fd\u0161kov\u00fdch metrov sa naberie v dlh\u0161om asfaltovom st\u00fapan\u00ed a n\u00e1sledne si m\u00f4\u017eete u\u017ei\u0165 r\u00fdchlu jazdu a pekn\u00fd zjazd po chodn\u00ed\u010dkoch v druhej \u010dasti. Navy\u0161e, v\u010faka spom\u00ednan\u00e9mu podkladu je ve\u013emi dobre zjazdn\u00e1 aj v hor\u0161om po\u010das\u00ed, \u010do ale dnes nebolo potrebn\u00e9 \u201etestova\u0165\u201c. Pri tom v\u0161etkom je v\u00fdborn\u00e1 aj pre za\u010d\u00ednaj\u00facich cyklistov, ktor\u00ed si zatia\u013e netr\u00fafaj\u00fa na strmej\u0161ie zjazdy a technick\u00e9 \u00faseky. Ten najkraj\u0161\u00ed zjazd navy\u0161e \u010dak\u00e1 v podstate na konci a tento rok na \u0148om nech\u00fdbalo ani mno\u017estvo div\u00e1kov.<\/p>\n<div id='gallery-2' class='gallery galleryid-2271 gallery-columns-2 gallery-size-full'><figure class='gallery-item'>\n\t\t\t<div class='gallery-icon landscape'>\n\t\t\t\t<a href='https:\/\/d2p6e6u75xmxt8.cloudfront.net\/4\/2017\/09\/195.webp'><img loading=\"lazy\" decoding=\"async\" width=\"1024\" height=\"683\" src=\"https:\/\/d2p6e6u75xmxt8.cloudfront.net\/4\/2017\/09\/195.webp\" class=\"attachment-full size-full\" alt=\"\" srcset=\"https:\/\/d2p6e6u75xmxt8.cloudfront.net\/4\/2017\/09\/195.webp 1024w, https:\/\/d2p6e6u75xmxt8.cloudfront.net\/4\/2017\/09\/195-300x200.webp 300w, https:\/\/d2p6e6u75xmxt8.cloudfront.net\/4\/2017\/09\/195-768x512.webp 768w, https:\/\/d2p6e6u75xmxt8.cloudfront.net\/4\/2017\/09\/195-272x182.webp 272w\" sizes=\"auto, (max-width: 1024px) 100vw, 1024px\" \/><\/a>\n\t\t\t<\/div><\/figure><figure class='gallery-item'>\n\t\t\t<div class='gallery-icon landscape'>\n\t\t\t\t<a href='https:\/\/d2p6e6u75xmxt8.cloudfront.net\/4\/2017\/09\/227.webp'><img loading=\"lazy\" decoding=\"async\" width=\"1024\" height=\"683\" src=\"https:\/\/d2p6e6u75xmxt8.cloudfront.net\/4\/2017\/09\/227.webp\" class=\"attachment-full size-full\" alt=\"\" srcset=\"https:\/\/d2p6e6u75xmxt8.cloudfront.net\/4\/2017\/09\/227.webp 1024w, https:\/\/d2p6e6u75xmxt8.cloudfront.net\/4\/2017\/09\/227-300x200.webp 300w, https:\/\/d2p6e6u75xmxt8.cloudfront.net\/4\/2017\/09\/227-768x512.webp 768w, https:\/\/d2p6e6u75xmxt8.cloudfront.net\/4\/2017\/09\/227-272x182.webp 272w\" sizes=\"auto, (max-width: 1024px) 100vw, 1024px\" \/><\/a>\n\t\t\t<\/div><\/figure>\n\t\t<\/div>\n\n<h2><strong>Na \u0161tarte bez Karla<\/strong><\/h2>\n<p>Celkovo v sobotu tra\u0165 pril\u00e1kala viac ako 550 jazdcov. Medzi nimi na \u0161tarte ch\u00fdbal tradi\u010dn\u00fd \u00fa\u010dastn\u00edk a u\u017e viacn\u00e1sobn\u00fd v\u00ed\u0165az celej s\u00e9rie \u2013 Karel Hartl. Toho \u017eia\u013e pred p\u00e1r d\u0148ami zrazilo na tr\u00e9ningu auto, no na\u0161\u0165astie z toho vyviazol relat\u00edvne v poriadku, no aj tak to pre neho znamenalo koniec tejto sez\u00f3ny. To mu v\u0161ak nebr\u00e1nilo, aby zv\u00ed\u0165azil absol\u00fatne aj v tomto roku, ke\u010f\u017ee si ho zabezpe\u010dil e\u0161te v minulom kole vo Svite. \u0160tart dlhej trate bol napl\u00e1novan\u00fd na 9:00 a u\u017e od za\u010diatku sa i\u0161lo poriadne r\u00fdchle tempo. U\u017e v \u00favodn\u00fdch pas\u00e1\u017each si n\u00e1skok vytvoril ma\u010farsk\u00fd pretek\u00e1r Peter Szalay, ktor\u00fd aj suver\u00e9nne zv\u00ed\u0165azil v \u010dase 3:51 hod. Za n\u00edm pri\u0161iel s odstupom viac ako 5 min. Martin Kostelni\u010d\u00e1k a na tre\u0165om miesto so stratou cca 19 min. Andrej Kubi\u0161. Medzi \u017eenami zv\u00ed\u0165azila Milena Vodehnalov\u00e1 v \u010dase 6:08 hod. Na krat\u0161ej trati Profi zv\u00ed\u0165azil v absol\u00fatnom porad\u00ed Radovan B\u00edro\u0161 v \u010dase 1:56 hod. a medzi \u017eenami Anna Mikelov\u00e1 za 2:20 hod. Na najkrat\u0161ej trati sa z absol\u00fatneho v\u00ed\u0165azstva te\u0161il junior Peter Jagelek a medzi \u017eenami Ivana Gajdo\u0161ov\u00e1. Kompletn\u00e9 v\u00fdsledky n\u00e1jdete na <a href=\"http:\/\/sportsofttiming.sk\/en\/race\/results\/2332?rid=2609&amp;eventid=1\">tomto odkaze<\/a>.<\/p>\n<div id='gallery-3' class='gallery galleryid-2271 gallery-columns-2 gallery-size-full'><figure class='gallery-item'>\n\t\t\t<div class='gallery-icon landscape'>\n\t\t\t\t<a href='https:\/\/d2p6e6u75xmxt8.cloudfront.net\/4\/2017\/09\/269.webp'><img loading=\"lazy\" decoding=\"async\" width=\"1024\" height=\"683\" src=\"https:\/\/d2p6e6u75xmxt8.cloudfront.net\/4\/2017\/09\/269.webp\" class=\"attachment-full size-full\" alt=\"\" srcset=\"https:\/\/d2p6e6u75xmxt8.cloudfront.net\/4\/2017\/09\/269.webp 1024w, https:\/\/d2p6e6u75xmxt8.cloudfront.net\/4\/2017\/09\/269-300x200.webp 300w, https:\/\/d2p6e6u75xmxt8.cloudfront.net\/4\/2017\/09\/269-768x512.webp 768w, https:\/\/d2p6e6u75xmxt8.cloudfront.net\/4\/2017\/09\/269-272x182.webp 272w\" sizes=\"auto, (max-width: 1024px) 100vw, 1024px\" \/><\/a>\n\t\t\t<\/div><\/figure><figure class='gallery-item'>\n\t\t\t<div class='gallery-icon landscape'>\n\t\t\t\t<a href='https:\/\/d2p6e6u75xmxt8.cloudfront.net\/4\/2017\/09\/298.webp'><img loading=\"lazy\" decoding=\"async\" width=\"1024\" height=\"683\" src=\"https:\/\/d2p6e6u75xmxt8.cloudfront.net\/4\/2017\/09\/298.webp\" class=\"attachment-full size-full\" alt=\"\" srcset=\"https:\/\/d2p6e6u75xmxt8.cloudfront.net\/4\/2017\/09\/298.webp 1024w, https:\/\/d2p6e6u75xmxt8.cloudfront.net\/4\/2017\/09\/298-300x200.webp 300w, https:\/\/d2p6e6u75xmxt8.cloudfront.net\/4\/2017\/09\/298-768x512.webp 768w, https:\/\/d2p6e6u75xmxt8.cloudfront.net\/4\/2017\/09\/298-272x182.webp 272w\" sizes=\"auto, (max-width: 1024px) 100vw, 1024px\" \/><\/a>\n\t\t\t<\/div><\/figure>\n\t\t<\/div>\n\n<h2><strong>Akcia pre v\u0161etk\u00fdch<\/strong><\/h2>\n<p>Dobrou trad\u00edciou v r\u00e1mci podujat\u00ed \u0160koda je okrem samotn\u00fdch pretekov aj bohat\u00fd sprievodn\u00fd program a zabezpe\u010denie. \u010ci u\u017e v podobe r\u00f4znych s\u00fa\u0165a\u017e\u00ed alebo v\u010faka zn\u00e1memu \u201ehlasu\u201c v podan\u00ed moder\u00e1tora Tomaggia. Ka\u017edop\u00e1dne, vrcholom bolo vyst\u00fapenie J\u00e1na Ko\u010di\u0161a v r\u00e1mci jeho trialovej show. Ak ste si chceli naplno vychutna\u0165 pohodu a pr\u00edpadn\u00e9 ob\u010derstvenie, nebol probl\u00e9m odlo\u017ei\u0165 bike do \u00faschovne . Dnes sa predsa len bolo potrebn\u00e9 \u201ezabavi\u0165\u201c po dlh\u0161iu dobu, ke\u010f\u017ee sa \u010dakalo na vyhlasovanie celkov\u00fdch v\u00ed\u0165azov a samozrejme na fin\u00e1lov\u00fa tombolu o bicykle \u0160koda.<\/p>\n<div class=\"shortcode-ys-post-pinup\"><article class=\"loop-simple post-2276 post type-post status-publish format-gallery has-post-thumbnail hentry category-mtb category-podujatia category-sbot tag-fotogaleria tag-hrabusice tag-igor-petrilla tag-sbot tag-skoda-slovensky-raj post_format-post-format-gallery\" data-postid=\"2276\" role=\"article\" data-post-id=\"2276\" data-word-count=\"9\" data-headline-length=\"54\" data-category=\"MTB\" data-author=\"We Love Cycling\" data-published=\"2017-09-05T17:18:37+02:00\" data-published-day=\"Tuesday\">\n    <div class=\"entry-thumbnail article-thumbnail\" content=\"https:\/\/d2p6e6u75xmxt8.cloudfront.net\/4\/2017\/09\/1375x600_raj-2017-petrilla-150x150.webp\"><a href=\"https:\/\/www.welovecycling.com\/sk\/2017\/09\/05\/skoda-slovensky-raj-foto-igor-petrilla\/\" class=\"image-holder\" target=\"_self\"><img decoding=\"async\" loading=\"lazy\" class=\"\" src=\"https:\/\/d2p6e6u75xmxt8.cloudfront.net\/4\/2017\/09\/1375x600_raj-2017-petrilla-1024x447.webp\" srcset=\"https:\/\/d2p6e6u75xmxt8.cloudfront.net\/4\/2017\/09\/1375x600_raj-2017-petrilla.webp 1375w, https:\/\/d2p6e6u75xmxt8.cloudfront.net\/4\/2017\/09\/1375x600_raj-2017-petrilla-300x131.webp 300w, https:\/\/d2p6e6u75xmxt8.cloudfront.net\/4\/2017\/09\/1375x600_raj-2017-petrilla-1024x447.webp 1024w, https:\/\/d2p6e6u75xmxt8.cloudfront.net\/4\/2017\/09\/1375x600_raj-2017-petrilla-768x335.webp 768w\" width=\"1024\" height=\"447\" sizes=\"auto, (min-width: 1200px) 458px, (min-width: 768px) 38vw, 100vw\" alt=\"skoda-slovensky-raj-foto-igor-petrilla\"\/><\/a><\/div>    <div class=\"entry-meta\">\n        <a class=\"label label-secondary post-category\" href=\"https:\/\/www.welovecycling.com\/sk\/category\/mtb\/\" title=\"MTB\">MTB<\/a>\n    <\/div>\n    <div class=\"entry-details\">\n        <a href=\"https:\/\/www.welovecycling.com\/sk\/2017\/09\/05\/skoda-slovensky-raj-foto-igor-petrilla\/\" class='entry-title-wrapper'>\n            <h3 class=\"entry-title\"><span>FOTO: \u0160koda Slovensk\u00fd raj 2017 &#8211; Igor Petrilla<\/span><\/h3>\n        <\/a>\n    <\/div>\n    <\/article>\n<\/div>\n<div id='gallery-4' class='gallery galleryid-2276 gallery-columns-2 gallery-size-full'><figure class='gallery-item'>\n\t\t\t<div class='gallery-icon landscape'>\n\t\t\t\t<a href='https:\/\/d2p6e6u75xmxt8.cloudfront.net\/4\/2017\/09\/567.webp'><img loading=\"lazy\" decoding=\"async\" width=\"1024\" height=\"683\" src=\"https:\/\/d2p6e6u75xmxt8.cloudfront.net\/4\/2017\/09\/567.webp\" class=\"attachment-full size-full\" alt=\"\" srcset=\"https:\/\/d2p6e6u75xmxt8.cloudfront.net\/4\/2017\/09\/567.webp 1024w, https:\/\/d2p6e6u75xmxt8.cloudfront.net\/4\/2017\/09\/567-300x200.webp 300w, https:\/\/d2p6e6u75xmxt8.cloudfront.net\/4\/2017\/09\/567-768x512.webp 768w, https:\/\/d2p6e6u75xmxt8.cloudfront.net\/4\/2017\/09\/567-272x182.webp 272w\" sizes=\"auto, (max-width: 1024px) 100vw, 1024px\" \/><\/a>\n\t\t\t<\/div><\/figure><figure class='gallery-item'>\n\t\t\t<div class='gallery-icon landscape'>\n\t\t\t\t<a href='https:\/\/d2p6e6u75xmxt8.cloudfront.net\/4\/2017\/09\/564.webp'><img loading=\"lazy\" decoding=\"async\" width=\"1024\" height=\"683\" src=\"https:\/\/d2p6e6u75xmxt8.cloudfront.net\/4\/2017\/09\/564.webp\" class=\"attachment-full size-full\" alt=\"\" srcset=\"https:\/\/d2p6e6u75xmxt8.cloudfront.net\/4\/2017\/09\/564.webp 1024w, https:\/\/d2p6e6u75xmxt8.cloudfront.net\/4\/2017\/09\/564-300x200.webp 300w, https:\/\/d2p6e6u75xmxt8.cloudfront.net\/4\/2017\/09\/564-768x512.webp 768w, https:\/\/d2p6e6u75xmxt8.cloudfront.net\/4\/2017\/09\/564-272x182.webp 272w\" sizes=\"auto, (max-width: 1024px) 100vw, 1024px\" \/><\/a>\n\t\t\t<\/div><\/figure>\n\t\t<\/div>\n\n<h2><strong>Fin\u00e1le s\u00e9rie a tombola<\/strong><\/h2>\n<p>V r\u00e1mci s\u00e9rie \u0160koda BIKE OPEN TOUR sa medzi mu\u017emi stal absol\u00fatnym v\u00ed\u0165azom Karel Hartl s po\u010dtom bodov 6 074.99, medzi \u017eenami zv\u00ed\u0165azila M\u00f3nika Kiss z Ma\u010farska so s\u00fa\u010dtom 4 188,42. Celkov\u00e9 bodovanie prebieha na z\u00e1klade absol\u00fatneho poradia a n\u00e1sledne sa prepo\u010d\u00edtava pomocou koeficientu, v\u010faka \u010domu sa ur\u010d\u00ed poradie v 11 kateg\u00f3ri\u00e1ch. Do \u00favahy sa pritom ber\u00fa 4 najlep\u0161ie v\u00fdsledky v r\u00e1mci s\u00e9rie. Podrobn\u00e9 v\u00fdsledky v\u0161etk\u00fdch kateg\u00f3ri\u00ed n\u00e1jdete n\u00e1sledne na <a href=\"http:\/\/sportsofttiming.sk\/seriespdf\/20170902_skoda6.pdf\">tomto odkaze<\/a> a fotogal\u00e9riu z fin\u00e1lneho kola zase na <a href=\"http:\/\/www.skoda-bike-open-tour.sk\/galeria\/45-slovensky-raj\/\">tomto odkaze<\/a>.<\/p>\n<p><a href=\"https:\/\/d2p6e6u75xmxt8.cloudfront.net\/4\/2017\/09\/tit-1.jpg\"><img loading=\"lazy\" decoding=\"async\" class=\"alignnone size-full wp-image-2159\" src=\"https:\/\/d2p6e6u75xmxt8.cloudfront.net\/4\/2017\/09\/tit-1.jpg\" alt=\"\" width=\"1375\" height=\"600\" \/><\/a><\/p>\n<p>Ka\u017ed\u00fd, kto \u00faspe\u0161ne dokon\u010dil aspo\u0148 4 podujatia v r\u00e1mci s\u00e9rie, bol zaraden\u00ed do fin\u00e1lnej tomboly, kde sa s\u00fa\u0165a\u017eilo o 6 bicyklov zna\u010dky \u0160koda. A pr\u00e1ve tie na\u0161li dnes rovnako svojich nov\u00fdch majite\u013eov.<\/p>\n<div id='gallery-5' class='gallery galleryid-2276 gallery-columns-2 gallery-size-full'><figure class='gallery-item'>\n\t\t\t<div class='gallery-icon landscape'>\n\t\t\t\t<a href='https:\/\/d2p6e6u75xmxt8.cloudfront.net\/4\/2017\/09\/525.webp'><img loading=\"lazy\" decoding=\"async\" width=\"1024\" height=\"683\" src=\"https:\/\/d2p6e6u75xmxt8.cloudfront.net\/4\/2017\/09\/525.webp\" class=\"attachment-full size-full\" alt=\"\" srcset=\"https:\/\/d2p6e6u75xmxt8.cloudfront.net\/4\/2017\/09\/525.webp 1024w, https:\/\/d2p6e6u75xmxt8.cloudfront.net\/4\/2017\/09\/525-300x200.webp 300w, https:\/\/d2p6e6u75xmxt8.cloudfront.net\/4\/2017\/09\/525-768x512.webp 768w, https:\/\/d2p6e6u75xmxt8.cloudfront.net\/4\/2017\/09\/525-272x182.webp 272w\" sizes=\"auto, (max-width: 1024px) 100vw, 1024px\" \/><\/a>\n\t\t\t<\/div><\/figure><figure class='gallery-item'>\n\t\t\t<div class='gallery-icon landscape'>\n\t\t\t\t<a href='https:\/\/d2p6e6u75xmxt8.cloudfront.net\/4\/2017\/09\/534.webp'><img loading=\"lazy\" decoding=\"async\" width=\"1024\" height=\"683\" src=\"https:\/\/d2p6e6u75xmxt8.cloudfront.net\/4\/2017\/09\/534.webp\" class=\"attachment-full size-full\" alt=\"\" srcset=\"https:\/\/d2p6e6u75xmxt8.cloudfront.net\/4\/2017\/09\/534.webp 1024w, https:\/\/d2p6e6u75xmxt8.cloudfront.net\/4\/2017\/09\/534-300x200.webp 300w, https:\/\/d2p6e6u75xmxt8.cloudfront.net\/4\/2017\/09\/534-768x512.webp 768w, https:\/\/d2p6e6u75xmxt8.cloudfront.net\/4\/2017\/09\/534-272x182.webp 272w\" sizes=\"auto, (max-width: 1024px) 100vw, 1024px\" \/><\/a>\n\t\t\t<\/div><\/figure>\n\t\t<\/div>\n\n<h2><strong>Hobby video z youtube<\/strong><\/h2>\n<p><iframe loading=\"lazy\" src=\"https:\/\/www.youtube-nocookie.com\/embed\/e1LolF7kIJs\" width=\"560\" height=\"315\" frameborder=\"0\" allowfullscreen=\"allowfullscreen\"><\/iframe><\/p>\n<h2><strong>D\u00e1vajte si na seba pozor!<\/strong><\/h2>\n<p>\u017dia\u013e, podujatie pozna\u010dila aj smutn\u00e1 udalos\u0165, kedy srdcovej pr\u00edhode pod\u013eahol na trati Ladislav Mokr\u00fd. R\u00fdchla pomoc jazdcov, privolan\u00ed z\u00e1chran\u00e1ri a vrtu\u013en\u00edk u\u017e nedok\u00e1zali ni\u010d spravi\u0165. Rodine vyslovujeme \u00faprimn\u00fa s\u00fastras\u0165 a ostatn\u00fdm bikerom odkazujeme, aby si na seba d\u00e1vali neust\u00e1le pozor a nezabudli, \u017ee pri v\u0161etk\u00fdch akci\u00e1ch je v\u017edy z\u00e1kladom d\u00f4js\u0165 bezpe\u010dne do cie\u013ea. Ak uvid\u00edte, \u017ee niekto potrebuje pomoc, tak nev\u00e1hajte. V\u010faka tomu sa budeme m\u00f4c\u0165 op\u00e4\u0165 stretn\u00fa\u0165 na \u010fal\u0161\u00edch podujatiach a robi\u0165 na\u010falej to, \u010do n\u00e1s bav\u00ed..<\/p>\n","protected":false},"excerpt":{"rendered":"<p>Fin\u00e1le \u0160koda BIKE OPEN TOUR sa konalo na r\u00fdchlej trati v Slovenskom raji, kde sa aj v chladnej\u0161om po\u010das\u00ed st\u00e1le [&hellip;]<\/p>\n","protected":false},"author":38,"featured_media":2287,"comment_status":"open","ping_status":"open","sticky":false,"template":"","format":"standard","meta":{"footnotes":""},"categories":[3,38,33],"tags":[180,235,178,179,39,35,234],"global-categories":[],"class_list":["post-2138","post","type-post","status-publish","format-standard","has-post-thumbnail","hentry","category-mtb","category-reportaz","category-sbot","tag-horska-cyklistika","tag-hrabusice","tag-maraton","tag-preteky","tag-reportaz","tag-sbot","tag-slovensky-raj"],"yoast_head":"<!-- This site is optimized with the Yoast SEO Premium plugin v25.3 (Yoast SEO v25.9) - https:\/\/yoast.com\/wordpress\/plugins\/seo\/ -->\n<title>REPORT\u00c1\u017d: \u0160koda Slovensk\u00fd raj \u2013 fin\u00e1lov\u00e9 kolo celej s\u00e9rie v kr\u00e1snom prostred\u00ed - \u0160koda We Love Cycling Slovensko<\/title>\n<meta name=\"robots\" content=\"index, follow, max-snippet:-1, max-image-preview:large, max-video-preview:-1\" \/>\n<link rel=\"canonical\" href=\"https:\/\/www.welovecycling.com\/sk\/2017\/09\/05\/reportaz-skoda-slovensky-raj-finalove-kolo-celej-serie-krasnom-prostredi\/\" \/>\n<meta property=\"og:locale\" content=\"sk_SK\" \/>\n<meta property=\"og:type\" content=\"article\" \/>\n<meta property=\"og:title\" content=\"REPORT\u00c1\u017d: \u0160koda Slovensk\u00fd raj \u2013 fin\u00e1lov\u00e9 kolo celej s\u00e9rie v kr\u00e1snom prostred\u00ed\" \/>\n<meta property=\"og:description\" content=\"Fin\u00e1le \u0160koda BIKE OPEN TOUR sa konalo na r\u00fdchlej trati v Slovenskom raji, kde sa aj v chladnej\u0161om po\u010das\u00ed st\u00e1le [&hellip;]\" \/>\n<meta property=\"og:url\" content=\"https:\/\/www.welovecycling.com\/sk\/2017\/09\/05\/reportaz-skoda-slovensky-raj-finalove-kolo-celej-serie-krasnom-prostredi\/\" \/>\n<meta property=\"og:site_name\" content=\"\u0160koda We Love Cycling Slovensko\" \/>\n<meta property=\"article:published_time\" content=\"2017-09-05T15:19:31+00:00\" \/>\n<meta property=\"article:modified_time\" content=\"2017-12-18T12:02:46+00:00\" \/>\n<meta property=\"og:image\" content=\"https:\/\/d2p6e6u75xmxt8.cloudfront.net\/4\/2017\/09\/1375x600_slovensky-raj.webp\" \/>\n\t<meta property=\"og:image:width\" content=\"1375\" \/>\n\t<meta property=\"og:image:height\" content=\"600\" \/>\n\t<meta property=\"og:image:type\" content=\"image\/webp\" \/>\n<meta name=\"author\" content=\"Ondrej Ga\u0161par\" \/>\n<meta name=\"twitter:card\" content=\"summary_large_image\" \/>\n<meta name=\"twitter:label1\" content=\"Written by\" \/>\n\t<meta name=\"twitter:data1\" content=\"We Love Cycling\" \/>\n\t<meta name=\"twitter:label2\" content=\"Est. reading time\" \/>\n\t<meta name=\"twitter:data2\" content=\"5 minutes\" \/>\n<script type=\"application\/ld+json\" class=\"yoast-schema-graph\">{\"@context\":\"https:\/\/schema.org\",\"@graph\":[{\"@type\":\"WebPage\",\"@id\":\"https:\/\/www.welovecycling.com\/sk\/2017\/09\/05\/reportaz-skoda-slovensky-raj-finalove-kolo-celej-serie-krasnom-prostredi\/\",\"url\":\"https:\/\/www.welovecycling.com\/sk\/2017\/09\/05\/reportaz-skoda-slovensky-raj-finalove-kolo-celej-serie-krasnom-prostredi\/\",\"name\":\"REPORT\u00c1\u017d: \u0160koda Slovensk\u00fd raj \u2013 fin\u00e1lov\u00e9 kolo celej s\u00e9rie v kr\u00e1snom prostred\u00ed - \u0160koda We Love Cycling Slovensko\",\"isPartOf\":{\"@id\":\"https:\/\/www.welovecycling.com\/sk\/#website\"},\"primaryImageOfPage\":{\"@id\":\"https:\/\/www.welovecycling.com\/sk\/2017\/09\/05\/reportaz-skoda-slovensky-raj-finalove-kolo-celej-serie-krasnom-prostredi\/#primaryimage\"},\"image\":{\"@id\":\"https:\/\/www.welovecycling.com\/sk\/2017\/09\/05\/reportaz-skoda-slovensky-raj-finalove-kolo-celej-serie-krasnom-prostredi\/#primaryimage\"},\"thumbnailUrl\":\"https:\/\/d2p6e6u75xmxt8.cloudfront.net\/4\/2017\/09\/1375x600_slovensky-raj.webp\",\"datePublished\":\"2017-09-05T15:19:31+00:00\",\"dateModified\":\"2017-12-18T12:02:46+00:00\",\"author\":{\"@id\":\"https:\/\/www.welovecycling.com\/sk\/#\/schema\/person\/8ee09ba39b7e25b1870160aa5b3a89bc\"},\"breadcrumb\":{\"@id\":\"https:\/\/www.welovecycling.com\/sk\/2017\/09\/05\/reportaz-skoda-slovensky-raj-finalove-kolo-celej-serie-krasnom-prostredi\/#breadcrumb\"},\"inLanguage\":\"sk-SK\",\"potentialAction\":[{\"@type\":\"ReadAction\",\"target\":[\"https:\/\/www.welovecycling.com\/sk\/2017\/09\/05\/reportaz-skoda-slovensky-raj-finalove-kolo-celej-serie-krasnom-prostredi\/\"]}]},{\"@type\":\"ImageObject\",\"inLanguage\":\"sk-SK\",\"@id\":\"https:\/\/www.welovecycling.com\/sk\/2017\/09\/05\/reportaz-skoda-slovensky-raj-finalove-kolo-celej-serie-krasnom-prostredi\/#primaryimage\",\"url\":\"https:\/\/d2p6e6u75xmxt8.cloudfront.net\/4\/2017\/09\/1375x600_slovensky-raj.webp\",\"contentUrl\":\"https:\/\/d2p6e6u75xmxt8.cloudfront.net\/4\/2017\/09\/1375x600_slovensky-raj.webp\",\"width\":1375,\"height\":600},{\"@type\":\"BreadcrumbList\",\"@id\":\"https:\/\/www.welovecycling.com\/sk\/2017\/09\/05\/reportaz-skoda-slovensky-raj-finalove-kolo-celej-serie-krasnom-prostredi\/#breadcrumb\",\"itemListElement\":[{\"@type\":\"ListItem\",\"position\":1,\"name\":\"Home\",\"item\":\"https:\/\/www.welovecycling.com\/sk\/\"},{\"@type\":\"ListItem\",\"position\":2,\"name\":\"REPORT\u00c1\u017d: \u0160koda Slovensk\u00fd raj \u2013 fin\u00e1lov\u00e9 kolo celej s\u00e9rie v kr\u00e1snom prostred\u00ed\"}]},{\"@type\":\"WebSite\",\"@id\":\"https:\/\/www.welovecycling.com\/sk\/#website\",\"url\":\"https:\/\/www.welovecycling.com\/sk\/\",\"name\":\"\u0160koda We Love Cycling Slovensko\",\"description\":\"\u0160koda We Love Cycling Slovensko je v\u00e1\u0161 ka\u017edodenn\u00fd zdroj noviniek a in\u0161pir\u00e1cie z sveta cyklistiky\",\"potentialAction\":[{\"@type\":\"SearchAction\",\"target\":{\"@type\":\"EntryPoint\",\"urlTemplate\":\"https:\/\/www.welovecycling.com\/sk\/?s={search_term_string}\"},\"query-input\":{\"@type\":\"PropertyValueSpecification\",\"valueRequired\":true,\"valueName\":\"search_term_string\"}}],\"inLanguage\":\"sk-SK\"},{\"@type\":\"Person\",\"@id\":\"https:\/\/www.welovecycling.com\/sk\/#\/schema\/person\/8ee09ba39b7e25b1870160aa5b3a89bc\",\"name\":\"Ondrej Ga\u0161par\",\"image\":{\"@type\":\"ImageObject\",\"inLanguage\":\"sk-SK\",\"@id\":\"https:\/\/www.welovecycling.com\/sk\/#\/schema\/person\/image\/\",\"url\":\"https:\/\/secure.gravatar.com\/avatar\/6126c9afb87b70da5abbb083ddbb21933da15f18f8ca7cb822aba0fb096a48f6?s=96&d=mm&r=g\",\"contentUrl\":\"https:\/\/secure.gravatar.com\/avatar\/6126c9afb87b70da5abbb083ddbb21933da15f18f8ca7cb822aba0fb096a48f6?s=96&d=mm&r=g\",\"caption\":\"Ondrej Ga\u0161par\"},\"url\":\"https:\/\/www.welovecycling.com\/sk\/author\/ondrejgaspar\/\"}]}<\/script>\n<!-- \/ Yoast SEO Premium plugin. -->","yoast_head_json":{"title":"REPORT\u00c1\u017d: \u0160koda Slovensk\u00fd raj \u2013 fin\u00e1lov\u00e9 kolo celej s\u00e9rie v kr\u00e1snom prostred\u00ed - \u0160koda We Love Cycling Slovensko","robots":{"index":"index","follow":"follow","max-snippet":"max-snippet:-1","max-image-preview":"max-image-preview:large","max-video-preview":"max-video-preview:-1"},"canonical":"https:\/\/www.welovecycling.com\/sk\/2017\/09\/05\/reportaz-skoda-slovensky-raj-finalove-kolo-celej-serie-krasnom-prostredi\/","og_locale":"sk_SK","og_type":"article","og_title":"REPORT\u00c1\u017d: \u0160koda Slovensk\u00fd raj \u2013 fin\u00e1lov\u00e9 kolo celej s\u00e9rie v kr\u00e1snom prostred\u00ed","og_description":"Fin\u00e1le \u0160koda BIKE OPEN TOUR sa konalo na r\u00fdchlej trati v Slovenskom raji, kde sa aj v chladnej\u0161om po\u010das\u00ed st\u00e1le [&hellip;]","og_url":"https:\/\/www.welovecycling.com\/sk\/2017\/09\/05\/reportaz-skoda-slovensky-raj-finalove-kolo-celej-serie-krasnom-prostredi\/","og_site_name":"\u0160koda We Love Cycling Slovensko","article_published_time":"2017-09-05T15:19:31+00:00","article_modified_time":"2017-12-18T12:02:46+00:00","og_image":[{"width":1375,"height":600,"url":"https:\/\/d2p6e6u75xmxt8.cloudfront.net\/4\/2017\/09\/1375x600_slovensky-raj.webp","type":"image\/webp"}],"author":"Ondrej Ga\u0161par","twitter_card":"summary_large_image","twitter_misc":{"Written by":"We Love Cycling","Est. reading time":"5 minutes"},"schema":{"@context":"https:\/\/schema.org","@graph":[{"@type":"WebPage","@id":"https:\/\/www.welovecycling.com\/sk\/2017\/09\/05\/reportaz-skoda-slovensky-raj-finalove-kolo-celej-serie-krasnom-prostredi\/","url":"https:\/\/www.welovecycling.com\/sk\/2017\/09\/05\/reportaz-skoda-slovensky-raj-finalove-kolo-celej-serie-krasnom-prostredi\/","name":"REPORT\u00c1\u017d: \u0160koda Slovensk\u00fd raj \u2013 fin\u00e1lov\u00e9 kolo celej s\u00e9rie v kr\u00e1snom prostred\u00ed - \u0160koda We Love Cycling Slovensko","isPartOf":{"@id":"https:\/\/www.welovecycling.com\/sk\/#website"},"primaryImageOfPage":{"@id":"https:\/\/www.welovecycling.com\/sk\/2017\/09\/05\/reportaz-skoda-slovensky-raj-finalove-kolo-celej-serie-krasnom-prostredi\/#primaryimage"},"image":{"@id":"https:\/\/www.welovecycling.com\/sk\/2017\/09\/05\/reportaz-skoda-slovensky-raj-finalove-kolo-celej-serie-krasnom-prostredi\/#primaryimage"},"thumbnailUrl":"https:\/\/d2p6e6u75xmxt8.cloudfront.net\/4\/2017\/09\/1375x600_slovensky-raj.webp","datePublished":"2017-09-05T15:19:31+00:00","dateModified":"2017-12-18T12:02:46+00:00","author":{"@id":"https:\/\/www.welovecycling.com\/sk\/#\/schema\/person\/8ee09ba39b7e25b1870160aa5b3a89bc"},"breadcrumb":{"@id":"https:\/\/www.welovecycling.com\/sk\/2017\/09\/05\/reportaz-skoda-slovensky-raj-finalove-kolo-celej-serie-krasnom-prostredi\/#breadcrumb"},"inLanguage":"sk-SK","potentialAction":[{"@type":"ReadAction","target":["https:\/\/www.welovecycling.com\/sk\/2017\/09\/05\/reportaz-skoda-slovensky-raj-finalove-kolo-celej-serie-krasnom-prostredi\/"]}]},{"@type":"ImageObject","inLanguage":"sk-SK","@id":"https:\/\/www.welovecycling.com\/sk\/2017\/09\/05\/reportaz-skoda-slovensky-raj-finalove-kolo-celej-serie-krasnom-prostredi\/#primaryimage","url":"https:\/\/d2p6e6u75xmxt8.cloudfront.net\/4\/2017\/09\/1375x600_slovensky-raj.webp","contentUrl":"https:\/\/d2p6e6u75xmxt8.cloudfront.net\/4\/2017\/09\/1375x600_slovensky-raj.webp","width":1375,"height":600},{"@type":"BreadcrumbList","@id":"https:\/\/www.welovecycling.com\/sk\/2017\/09\/05\/reportaz-skoda-slovensky-raj-finalove-kolo-celej-serie-krasnom-prostredi\/#breadcrumb","itemListElement":[{"@type":"ListItem","position":1,"name":"Home","item":"https:\/\/www.welovecycling.com\/sk\/"},{"@type":"ListItem","position":2,"name":"REPORT\u00c1\u017d: \u0160koda Slovensk\u00fd raj \u2013 fin\u00e1lov\u00e9 kolo celej s\u00e9rie v kr\u00e1snom prostred\u00ed"}]},{"@type":"WebSite","@id":"https:\/\/www.welovecycling.com\/sk\/#website","url":"https:\/\/www.welovecycling.com\/sk\/","name":"\u0160koda We Love Cycling Slovensko","description":"\u0160koda We Love Cycling Slovensko je v\u00e1\u0161 ka\u017edodenn\u00fd zdroj noviniek a in\u0161pir\u00e1cie z sveta cyklistiky","potentialAction":[{"@type":"SearchAction","target":{"@type":"EntryPoint","urlTemplate":"https:\/\/www.welovecycling.com\/sk\/?s={search_term_string}"},"query-input":{"@type":"PropertyValueSpecification","valueRequired":true,"valueName":"search_term_string"}}],"inLanguage":"sk-SK"},{"@type":"Person","@id":"https:\/\/www.welovecycling.com\/sk\/#\/schema\/person\/8ee09ba39b7e25b1870160aa5b3a89bc","name":"Ondrej Ga\u0161par","image":{"@type":"ImageObject","inLanguage":"sk-SK","@id":"https:\/\/www.welovecycling.com\/sk\/#\/schema\/person\/image\/","url":"https:\/\/secure.gravatar.com\/avatar\/6126c9afb87b70da5abbb083ddbb21933da15f18f8ca7cb822aba0fb096a48f6?s=96&d=mm&r=g","contentUrl":"https:\/\/secure.gravatar.com\/avatar\/6126c9afb87b70da5abbb083ddbb21933da15f18f8ca7cb822aba0fb096a48f6?s=96&d=mm&r=g","caption":"Ondrej Ga\u0161par"},"url":"https:\/\/www.welovecycling.com\/sk\/author\/ondrejgaspar\/"}]}},"_links":{"self":[{"href":"https:\/\/www.welovecycling.com\/sk\/wp-json\/wp\/v2\/posts\/2138","targetHints":{"allow":["GET"]}}],"collection":[{"href":"https:\/\/www.welovecycling.com\/sk\/wp-json\/wp\/v2\/posts"}],"about":[{"href":"https:\/\/www.welovecycling.com\/sk\/wp-json\/wp\/v2\/types\/post"}],"author":[{"embeddable":true,"href":"https:\/\/www.welovecycling.com\/sk\/wp-json\/wp\/v2\/users\/38"}],"replies":[{"embeddable":true,"href":"https:\/\/www.welovecycling.com\/sk\/wp-json\/wp\/v2\/comments?post=2138"}],"version-history":[{"count":2,"href":"https:\/\/www.welovecycling.com\/sk\/wp-json\/wp\/v2\/posts\/2138\/revisions"}],"predecessor-version":[{"id":2283,"href":"https:\/\/www.welovecycling.com\/sk\/wp-json\/wp\/v2\/posts\/2138\/revisions\/2283"}],"wp:featuredmedia":[{"embeddable":true,"href":"https:\/\/www.welovecycling.com\/sk\/wp-json\/wp\/v2\/media\/2287"}],"wp:attachment":[{"href":"https:\/\/www.welovecycling.com\/sk\/wp-json\/wp\/v2\/media?parent=2138"}],"wp:term":[{"taxonomy":"category","embeddable":true,"href":"https:\/\/www.welovecycling.com\/sk\/wp-json\/wp\/v2\/categories?post=2138"},{"taxonomy":"post_tag","embeddable":true,"href":"https:\/\/www.welovecycling.com\/sk\/wp-json\/wp\/v2\/tags?post=2138"},{"taxonomy":"global-categories","embeddable":true,"href":"https:\/\/www.welovecycling.com\/sk\/wp-json\/wp\/v2\/global-categories?post=2138"}],"curies":[{"name":"wp","href":"https:\/\/api.w.org\/{rel}","templated":true}]}}