{"id":21241,"date":"2026-03-09T10:00:38","date_gmt":"2026-03-09T09:00:38","guid":{"rendered":"https:\/\/www.welovecycling.com\/sk\/?p=21241"},"modified":"2026-03-09T10:00:38","modified_gmt":"2026-03-09T09:00:38","slug":"najlepsie-cvicenia-na-zlepsenie-mobility-pre-cyklistov-mimo-sezony","status":"publish","type":"post","link":"https:\/\/www.welovecycling.com\/sk\/2026\/03\/09\/najlepsie-cvicenia-na-zlepsenie-mobility-pre-cyklistov-mimo-sezony\/","title":{"rendered":"Najlep\u0161ie cvi\u010denia na zlep\u0161enie mobility pre cyklistov mimo sez\u00f3ny."},"content":{"rendered":"<p><strong>Zimn\u00e9 obdobie je \u010das, ke\u010f cyklisti bu\u010f potichu pracuj\u00fa na svojej technike, alebo si prenes\u00fa tie ist\u00e9 probl\u00e9my do jari a n\u00e1sledne ich pripisuj\u00fa postave, tr\u00e9nerovi \u010di genetike. Pr\u00e1ve ni\u017e\u0161ia tr\u00e9ningov\u00e1 z\u00e1\u0165a\u017e a kontrolovan\u00e1 intenzita robia zo zimy ide\u00e1lnu pr\u00edle\u017eitos\u0165 venova\u0165 sa zlep\u0161eniu mobility.<\/strong><\/p>\n<p><!--more--><\/p>\n<p>Cie\u013eom nie je premeni\u0165 sa na jog\u00edna. Ide sk\u00f4r o obnovenie prirodzen\u00e9ho pohybu, ktor\u00fd cyklistika postupne obmedzuje: prest\u00e1vaj\u00fa pracova\u0165 bedr\u00e1, chrbtica str\u00e1ca rot\u00e1ciu a zadn\u00e9 stehn\u00e1 funguj\u00fa st\u00e1le v tom istom rozsahu. Ak sa mobilite venujete spr\u00e1vne, v\u00fdsledkom bude lep\u0161ia poz\u00edcia na bicykli, efekt\u00edvnej\u0161\u00ed prenos energie a cite\u013en\u00fd n\u00e1skok pri prv\u00fdch n\u00e1ro\u010dnej\u0161\u00edch tr\u00e9ningoch.<\/p>\n<h2><strong>Pre\u010do je mobilita pre cyklistov d\u00f4le\u017eit\u00e1 (a nesta\u010d\u00ed len \u201eob\u010dasn\u00fd\u201c stre\u010ding)<\/strong><\/h2>\n<p>Jazda na bicykli je monot\u00f3nna a tis\u00edce opakovan\u00fdch pohybov ved\u00fa k stuhnutiu bedier, obmedzeniu rot\u00e1cie chrbtice a zn\u00ed\u017eenej funkcii zadn\u00fdch stehenn\u00fdch svalov. V\u00fdsledkom m\u00f4\u017eu by\u0165:<\/p>\n<ul>\n<li>nap\u00e4t\u00e9 bedr\u00e1 ovplyv\u0148uj\u00face efektivitu ped\u00e1lovania<\/li>\n<li>zn\u00ed\u017een\u00fd komfort v\u00a0oblasti spodnej chrbtice a hor\u0161ia mechanika d\u00fdchania<\/li>\n<li>\u201etuh\u00e9\u201c a\u00a0\u201eslab\u00e9\u201c, ale nie nevyhnutne skr\u00e1ten\u00e9 hamstringy<\/li>\n<\/ul>\n<p>Pr\u00e1ca na mobilite nie je o tom, nah\u00e1\u0148a\u0165 flexibilitu pre flexibilitu samotn\u00fa. Jej cie\u013eom je z\u00edska\u0165 tak\u00fd rozsah pohybu, ktor\u00fd je praktick\u00fd, kontrolovate\u013en\u00fd a dostato\u010dne stabiln\u00fd na to, aby ste v \u0148om mohli vytv\u00e1ra\u0165 silu. Ide o pohyb, ktor\u00fd nielen dosiahnete, ale re\u00e1lne vyu\u017eijete.<\/p>\n<p><a href=\"https:\/\/d2p6e6u75xmxt8.cloudfront.net\/4\/2026\/03\/Mobility-Exercise-2.webp\"><img loading=\"lazy\" decoding=\"async\" class=\"alignnone size-full wp-image-21242\" src=\"https:\/\/d2p6e6u75xmxt8.cloudfront.net\/4\/2026\/03\/Mobility-Exercise-2.webp\" alt=\"Mobility exercise\" width=\"990\" height=\"660\" srcset=\"https:\/\/d2p6e6u75xmxt8.cloudfront.net\/4\/2026\/03\/Mobility-Exercise-2.webp 990w, https:\/\/d2p6e6u75xmxt8.cloudfront.net\/4\/2026\/03\/Mobility-Exercise-2-300x200.webp 300w, https:\/\/d2p6e6u75xmxt8.cloudfront.net\/4\/2026\/03\/Mobility-Exercise-2-768x512.webp 768w, https:\/\/d2p6e6u75xmxt8.cloudfront.net\/4\/2026\/03\/Mobility-Exercise-2-400x267.webp 400w, https:\/\/d2p6e6u75xmxt8.cloudfront.net\/4\/2026\/03\/Mobility-Exercise-2-272x182.webp 272w\" sizes=\"auto, (max-width: 990px) 100vw, 990px\" \/><\/a><\/p>\n<h2><strong>Medzi sez\u00f3nne pravidl\u00e1 pre pr\u00e1cu na mobilite<\/strong><\/h2>\n<p>Pred cvi\u010den\u00edm je potrebn\u00e9 si osvoji\u0165 nieko\u013eko z\u00e1sad, ktor\u00e9 odli\u0161uj\u00fa efekt\u00edvnu mobilitu od zbyto\u010dn\u00e9ho str\u00e1cania \u010dasu na podlahe:<\/p>\n<ul>\n<li><strong>Kr\u00e1tko a pravidelne &#8211; <\/strong>10 min\u00fat nieko\u013ekokr\u00e1t t\u00fd\u017edenne je \u00fa\u010dinnej\u0161\u00edch ako dlh\u00e9 nepravideln\u00e9 tr\u00e9ningy.<\/li>\n<li><strong>Pohyb je z\u00e1klad &#8211; <\/strong>uprednost\u0148ujte akt\u00edvnu pr\u00e1cu pred pas\u00edvnym stre\u010dingom.<\/li>\n<li><strong>Plynul\u00e9 d\u00fdchanie &#8211; <\/strong>zadr\u017eiavanie dychu zni\u017euje efektivitu cvi\u010denia.<\/li>\n<\/ul>\n<h2><strong>Bedr\u00e1: Obnovenie ohybu a rot\u00e1cie<\/strong><\/h2>\n<h3><strong>1. V\u00fdpad so z\u00e1klonom<\/strong><\/h3>\n<p><em>Pre\u010do je to d\u00f4le\u017eit\u00e9:<\/em> Kompenzuje neust\u00e1le oh\u00fdbanie bedier pri jazde.<\/p>\n<ul>\n<li>K\u013eaknite si na jedno koleno, druh\u00fa nohu dajte dopredu.<\/li>\n<li>\u013dahko vtiahnite panvu bez prehnutia<\/li>\n<li>Zdvihnite ruku na strane prednej nohy a natiahnite ju mierne dozadu<\/li>\n<li>Vydr\u017ete 30\u201345 sek\u00fand a d\u00fdchajte pylnulo<\/li>\n<\/ul>\n<p>S\u00fastre\u010fte sa na jemn\u00e9, kontrolovan\u00e9 natiahnutie, nie na zbyto\u010dn\u00fa h\u013abku.<\/p>\n<h3><strong>2. 90\/90 rot\u00e1cie bedier <\/strong><\/h3>\n<p><em>Pre\u010do je to d\u00f4le\u017eit\u00e9:<\/em> Obnovuje vn\u00fatorn\u00fa a vonkaj\u0161iu rot\u00e1ciu bedra, o ktor\u00fa cyklisti \u010dasto prich\u00e1dzaj\u00fa.<\/p>\n<ul>\n<li>Sadnite si s jednou nohou vpredu a druhou vzadu, obe v uhle 90\u00b0<\/li>\n<li>Pomaly ot\u00e1\u010dajte kolen\u00e1 zo strany na stranu bez pomoci r\u00fak<\/li>\n<li>Pohybujte sa pomaly a chrb\u00e1t zost\u00e1va rovn\u00fd<\/li>\n<\/ul>\n<p>Prinesie to cite\u013en\u00fa \u00fa\u013eavu pre kolen\u00e1 aj v\u00e4\u010d\u0161\u00ed komfort v sedle.<\/p>\n<h3><strong>3. Hlbok\u00fd drep s oporou o lakte<\/strong><\/h3>\n<p><em>Pre\u010do je to d\u00f4le\u017eit\u00e9:<\/em> Vracia kontrolovan\u00fd ohyb bedra.<\/p>\n<ul>\n<li>Posa\u010fte sa do hlbok\u00e9ho drepu<\/li>\n<li>Lak\u0165ami jemne tla\u010dte kolen\u00e1 od seba<\/li>\n<li>Pomaly pres\u00favajte v\u00e1hu zo strany na stranu<\/li>\n<\/ul>\n<p>Ak sa p\u00e4ty dv\u00edhaj\u00fa, mierne ich podlo\u017ete. Nerobte to na \u00fakor rovnov\u00e1hy.<\/p>\n<h2><strong>Chrbtica: Z\u00edskate sp\u00e4\u0165 rot\u00e1ciu<\/strong><\/h2>\n<h3><strong>4. Otvorenie hrudn\u00e9ho ko\u0161a (hrudn\u00e1 rot\u00e1cia)<\/strong><\/h3>\n<p><em>Pre\u010do je to d\u00f4le\u017eit\u00e9:<\/em> Jazda na bicykli fixuje chrbticu dopredu a rot\u00e1cia zmizne.<\/p>\n<ul>\n<li>\u013dahnite si na bok, kolen\u00e1 ohnut\u00e9<\/li>\n<li>Ot\u00e1\u010dajte vo\u013enou ruku, pri\u010dom kolen\u00e1 zost\u00e1vaj\u00fa pri sebe<\/li>\n<li>Poh\u013ead smeruje za rukou<\/li>\n<\/ul>\n<p>T\u00e1to technika zlep\u0161uje mechaniku d\u00fdchania a zni\u017euje nam\u00e1hanie krku na bicykli.<\/p>\n<h3><strong>5. Ma\u010dac\u00ed chrb\u00e1t s pomal\u00fdm kontrolovan\u00edm<\/strong><\/h3>\n<p><em>Pre\u010do je to d\u00f4le\u017eit\u00e9:<\/em> Obnovuje medzistavcov\u00fd pohyb chrbtice.<\/p>\n<ul>\n<li>Pomaly prech\u00e1dzajte medzi ohybom a\u00a0vystret\u00edm<\/li>\n<li>D\u00f4raz na kvalitu pohybu, nie rozsah<\/li>\n<li>6\u201310 kontrolovan\u00fdch opakovan\u00ed<\/li>\n<\/ul>\n<p>D\u00f4le\u017eit\u00e1 je kontrola, nie rozsah.<\/p>\n<h2><strong>Hamstringy: Sila cez rozsah, nie len stre\u010ding<\/strong><\/h2>\n<p>Cyklisti \u010dasto na\u0165ahuj\u00fa zadn\u00e9 stehenn\u00e9 svaly, no bez toho, aby skuto\u010dne zlep\u0161ili ich funkciu. Ch\u00fdbaj\u00faci prvok je akt\u00edvne nap\u00ednanie.<\/p>\n<h3><strong>6. Posil\u0148ovanie zadn\u00fdch stehenn\u00fdch svalov (pri\u0165ahovanie n\u00f4h v \u013eahu s popruhom)<\/strong><\/h3>\n<p><em>Pre\u010do je to d\u00f4le\u017eit\u00e9:<\/em> Zlep\u0161uje nervov\u00fd sklz a toleranciu d\u013a\u017eky.<\/p>\n<ul>\n<li>\u013dahnite si na chrb\u00e1t, jednu nohu vystrite<\/li>\n<li>Zdvihnite druh\u00fa nohu s\u00a0popruhom<\/li>\n<li>Striedajte natiahnutie a\u00a0ohyb<\/li>\n<\/ul>\n<p>Pohyb mus\u00ed by\u0165 plynul\u00fd. Bez boleti a bez agresie.<\/p>\n<h3><strong>7. Rozsah bedrov\u00e9ho k\u013abu<\/strong><\/h3>\n<p><em>Pre\u010do je to d\u00f4le\u017eit\u00e9:<\/em> U\u010d\u00ed hamstringy pracova\u0165 v\u00a0\u0161ir\u0161om rozsahu.<\/p>\n<ul>\n<li>Stojte vzpriamene, kolen\u00e1 mierne pokr\u010den\u00e9<\/li>\n<li>Ohnite sa v bedr\u00e1ch a natiahnite ruky dopredu<\/li>\n<li>Chrb\u00e1t dr\u017ete v\u00a0neutr\u00e1lnej polohe<\/li>\n<\/ul>\n<p>To sa priamo prejavuje v lep\u0161om vyu\u017eit\u00ed chrbtov\u00fdch svalov na bicykli.<\/p>\n<h2><strong>\u010clenky: Podce\u0148ovan\u00fd faktor<\/strong><\/h2>\n<p>Obmedzen\u00e1 pohyblivos\u0165 \u010dlenka m\u00f4\u017ee jemne ovplyvni\u0165 pohyb kolena a stabilitu v sedla.<\/p>\n<h3><strong>8. Ankle rocks<\/strong><\/h3>\n<p><em>Pre\u010do je to d\u00f4le\u017eit\u00e9:<\/em> Zvy\u0161uje komfort a plynulos\u0165 \u0161liapania do ped\u00e1lov<\/p>\n<ul>\n<li>Poloha v polok\u013eaku<\/li>\n<li>Jemne pos\u00favajte koleno vpred nad prsty na noh\u00e1ch<\/li>\n<li>P\u00e4ta zost\u00e1va na zemi<\/li>\n<\/ul>\n<p>Pomal\u00e9 a kontrolovan\u00e9 opakovania prin\u00e1\u0161aj\u00fa lep\u0161\u00ed efekt ne\u017e vynucovanie rozsahu.<\/p>\n<h2><strong>Ako to da\u0165 dokopy<\/strong><\/h2>\n<p>Jednoduch\u00e9 mimosez\u00f3nne cvi\u010denie zameran\u00e9 na mobilitu:<\/p>\n<ul>\n<li>2 x cviky na bedr\u00e1<\/li>\n<li>1 x rot\u00e1cia chrbtice<\/li>\n<li>1 x cvi\u010denie na zadn\u00e9 stehenn\u00e9 svaly<\/li>\n<li>Volite\u013en\u00e9 cvi\u010denie na \u010dlenky<\/li>\n<\/ul>\n<p>Celkov\u00fd \u010das: 10\u201315 min\u00fat.<\/p>\n<p><strong>Kedy:<\/strong><\/p>\n<ul>\n<li>Po \u013eahk\u00fdch jazd\u00e1ch<\/li>\n<li>V d\u0148och odpo\u010dinku<\/li>\n<li>Ve\u010der pri sledovan\u00ed nie\u010doho nen\u00e1ro\u010dn\u00e9ho<\/li>\n<\/ul>\n<p>K\u013e\u00fa\u010dov\u00e1 je pravidelnos\u0165, nie mno\u017estvo vari\u00e1ci\u00ed.<\/p>\n<h2 style=\"font-weight: 400;\"><strong>Odmena pr\u00edde na jar<\/strong><\/h2>\n<p style=\"font-weight: 400;\">Riders who commit to mobility in winter report:<\/p>\n<ul>\n<li>Easier position changes<\/li>\n<li>Less low-back fatigue<\/li>\n<li>Better force transfer at higher cadences<\/li>\n<li>Fewer \u201cmystery\u201d niggles early in the season<\/li>\n<\/ul>\n<p style=\"font-weight: 400;\">You won\u2019t feel heroic doing mobility work. That\u2019s the point. It\u2019s quiet, unglamorous, and disproportionately effective.<\/p>\n<p style=\"font-weight: 400;\">Winter doesn\u2019t just build base fitness. It builds the body that can actually use it.<\/p>\n","protected":false},"excerpt":{"rendered":"<p>Zimn\u00e9 obdobie je \u010das, ke\u010f cyklisti bu\u010f potichu pracuj\u00fa na svojej technike, alebo si prenes\u00fa tie ist\u00e9 probl\u00e9my do jari [&hellip;]<\/p>\n","protected":false},"author":40,"featured_media":21244,"comment_status":"closed","ping_status":"closed","sticky":false,"template":"","format":"standard","meta":{"footnotes":""},"categories":[3],"tags":[323,627,161],"global-categories":[],"class_list":["post-21241","post","type-post","status-publish","format-standard","has-post-thumbnail","hentry","category-mtb","tag-cvicenie","tag-mobilita","tag-zdravie"],"yoast_head":"<!-- This site is optimized with the Yoast SEO Premium plugin v25.3 (Yoast SEO v25.9) - https:\/\/yoast.com\/wordpress\/plugins\/seo\/ -->\n<title>Najlep\u0161ie cvi\u010denia na zlep\u0161enie mobility pre cyklistov mimo sez\u00f3ny. - \u0160koda We Love Cycling Slovensko<\/title>\n<meta name=\"robots\" content=\"index, follow, max-snippet:-1, max-image-preview:large, max-video-preview:-1\" \/>\n<link rel=\"canonical\" href=\"https:\/\/www.welovecycling.com\/sk\/2026\/03\/09\/najlepsie-cvicenia-na-zlepsenie-mobility-pre-cyklistov-mimo-sezony\/\" \/>\n<meta property=\"og:locale\" content=\"sk_SK\" \/>\n<meta property=\"og:type\" content=\"article\" \/>\n<meta property=\"og:title\" content=\"Najlep\u0161ie cvi\u010denia na zlep\u0161enie mobility pre cyklistov mimo sez\u00f3ny.\" \/>\n<meta property=\"og:description\" content=\"Zimn\u00e9 obdobie je \u010das, ke\u010f cyklisti bu\u010f potichu pracuj\u00fa na svojej technike, alebo si prenes\u00fa tie ist\u00e9 probl\u00e9my do jari [&hellip;]\" \/>\n<meta property=\"og:url\" content=\"https:\/\/www.welovecycling.com\/sk\/2026\/03\/09\/najlepsie-cvicenia-na-zlepsenie-mobility-pre-cyklistov-mimo-sezony\/\" \/>\n<meta property=\"og:site_name\" content=\"\u0160koda We Love Cycling Slovensko\" \/>\n<meta property=\"article:published_time\" content=\"2026-03-09T09:00:38+00:00\" \/>\n<meta property=\"og:image\" content=\"https:\/\/d2p6e6u75xmxt8.cloudfront.net\/4\/2026\/03\/Mobility-Exercise-Yoga-Cat-Cow-profimedia-0327966781-CVR.webp\" \/>\n\t<meta property=\"og:image:width\" content=\"990\" \/>\n\t<meta property=\"og:image:height\" content=\"660\" \/>\n\t<meta property=\"og:image:type\" content=\"image\/webp\" \/>\n<meta name=\"author\" content=\"Zozzi\" \/>\n<meta name=\"twitter:card\" content=\"summary_large_image\" \/>\n<meta name=\"twitter:label1\" content=\"Written by\" \/>\n\t<meta name=\"twitter:data1\" content=\"Monica Buck\" \/>\n\t<meta name=\"twitter:label2\" content=\"Est. reading time\" \/>\n\t<meta name=\"twitter:data2\" content=\"3\" \/>\n<script type=\"application\/ld+json\" class=\"yoast-schema-graph\">{\"@context\":\"https:\/\/schema.org\",\"@graph\":[{\"@type\":\"WebPage\",\"@id\":\"https:\/\/www.welovecycling.com\/sk\/2026\/03\/09\/najlepsie-cvicenia-na-zlepsenie-mobility-pre-cyklistov-mimo-sezony\/\",\"url\":\"https:\/\/www.welovecycling.com\/sk\/2026\/03\/09\/najlepsie-cvicenia-na-zlepsenie-mobility-pre-cyklistov-mimo-sezony\/\",\"name\":\"Najlep\u0161ie cvi\u010denia na zlep\u0161enie mobility pre cyklistov mimo sez\u00f3ny. - \u0160koda We Love Cycling Slovensko\",\"isPartOf\":{\"@id\":\"https:\/\/www.welovecycling.com\/sk\/#website\"},\"primaryImageOfPage\":{\"@id\":\"https:\/\/www.welovecycling.com\/sk\/2026\/03\/09\/najlepsie-cvicenia-na-zlepsenie-mobility-pre-cyklistov-mimo-sezony\/#primaryimage\"},\"image\":{\"@id\":\"https:\/\/www.welovecycling.com\/sk\/2026\/03\/09\/najlepsie-cvicenia-na-zlepsenie-mobility-pre-cyklistov-mimo-sezony\/#primaryimage\"},\"thumbnailUrl\":\"https:\/\/d2p6e6u75xmxt8.cloudfront.net\/4\/2026\/03\/Mobility-Exercise-Yoga-Cat-Cow-profimedia-0327966781-CVR.webp\",\"datePublished\":\"2026-03-09T09:00:38+00:00\",\"author\":{\"@id\":\"https:\/\/www.welovecycling.com\/sk\/#\/schema\/person\/69a353af73d9db8f391581204a521230\"},\"breadcrumb\":{\"@id\":\"https:\/\/www.welovecycling.com\/sk\/2026\/03\/09\/najlepsie-cvicenia-na-zlepsenie-mobility-pre-cyklistov-mimo-sezony\/#breadcrumb\"},\"inLanguage\":\"sk-SK\",\"potentialAction\":[{\"@type\":\"ReadAction\",\"target\":[\"https:\/\/www.welovecycling.com\/sk\/2026\/03\/09\/najlepsie-cvicenia-na-zlepsenie-mobility-pre-cyklistov-mimo-sezony\/\"]}]},{\"@type\":\"ImageObject\",\"inLanguage\":\"sk-SK\",\"@id\":\"https:\/\/www.welovecycling.com\/sk\/2026\/03\/09\/najlepsie-cvicenia-na-zlepsenie-mobility-pre-cyklistov-mimo-sezony\/#primaryimage\",\"url\":\"https:\/\/d2p6e6u75xmxt8.cloudfront.net\/4\/2026\/03\/Mobility-Exercise-Yoga-Cat-Cow-profimedia-0327966781-CVR.webp\",\"contentUrl\":\"https:\/\/d2p6e6u75xmxt8.cloudfront.net\/4\/2026\/03\/Mobility-Exercise-Yoga-Cat-Cow-profimedia-0327966781-CVR.webp\",\"width\":990,\"height\":660,\"caption\":\"Cat-cow pose\"},{\"@type\":\"BreadcrumbList\",\"@id\":\"https:\/\/www.welovecycling.com\/sk\/2026\/03\/09\/najlepsie-cvicenia-na-zlepsenie-mobility-pre-cyklistov-mimo-sezony\/#breadcrumb\",\"itemListElement\":[{\"@type\":\"ListItem\",\"position\":1,\"name\":\"Home\",\"item\":\"https:\/\/www.welovecycling.com\/sk\/\"},{\"@type\":\"ListItem\",\"position\":2,\"name\":\"Najlep\u0161ie cvi\u010denia na zlep\u0161enie mobility pre cyklistov mimo sez\u00f3ny.\"}]},{\"@type\":\"WebSite\",\"@id\":\"https:\/\/www.welovecycling.com\/sk\/#website\",\"url\":\"https:\/\/www.welovecycling.com\/sk\/\",\"name\":\"\u0160koda We Love Cycling Slovensko\",\"description\":\"\u0160koda We Love Cycling Slovensko je v\u00e1\u0161 ka\u017edodenn\u00fd zdroj noviniek a in\u0161pir\u00e1cie z sveta cyklistiky\",\"potentialAction\":[{\"@type\":\"SearchAction\",\"target\":{\"@type\":\"EntryPoint\",\"urlTemplate\":\"https:\/\/www.welovecycling.com\/sk\/?s={search_term_string}\"},\"query-input\":{\"@type\":\"PropertyValueSpecification\",\"valueRequired\":true,\"valueName\":\"search_term_string\"}}],\"inLanguage\":\"sk-SK\"},{\"@type\":\"Person\",\"@id\":\"https:\/\/www.welovecycling.com\/sk\/#\/schema\/person\/69a353af73d9db8f391581204a521230\",\"name\":\"Zozzi\",\"image\":{\"@type\":\"ImageObject\",\"inLanguage\":\"sk-SK\",\"@id\":\"https:\/\/www.welovecycling.com\/sk\/#\/schema\/person\/image\/\",\"url\":\"https:\/\/secure.gravatar.com\/avatar\/0255afbdd216c325a2a30335b3ab5281cba74e43cb20818f979685eff3429a06?s=96&d=mm&r=g\",\"contentUrl\":\"https:\/\/secure.gravatar.com\/avatar\/0255afbdd216c325a2a30335b3ab5281cba74e43cb20818f979685eff3429a06?s=96&d=mm&r=g\",\"caption\":\"Zozzi\"},\"url\":\"https:\/\/www.welovecycling.com\/sk\/author\/zozzi\/\"}]}<\/script>\n<!-- \/ Yoast SEO Premium plugin. -->","yoast_head_json":{"title":"Najlep\u0161ie cvi\u010denia na zlep\u0161enie mobility pre cyklistov mimo sez\u00f3ny. - \u0160koda We Love Cycling Slovensko","robots":{"index":"index","follow":"follow","max-snippet":"max-snippet:-1","max-image-preview":"max-image-preview:large","max-video-preview":"max-video-preview:-1"},"canonical":"https:\/\/www.welovecycling.com\/sk\/2026\/03\/09\/najlepsie-cvicenia-na-zlepsenie-mobility-pre-cyklistov-mimo-sezony\/","og_locale":"sk_SK","og_type":"article","og_title":"Najlep\u0161ie cvi\u010denia na zlep\u0161enie mobility pre cyklistov mimo sez\u00f3ny.","og_description":"Zimn\u00e9 obdobie je \u010das, ke\u010f cyklisti bu\u010f potichu pracuj\u00fa na svojej technike, alebo si prenes\u00fa tie ist\u00e9 probl\u00e9my do jari [&hellip;]","og_url":"https:\/\/www.welovecycling.com\/sk\/2026\/03\/09\/najlepsie-cvicenia-na-zlepsenie-mobility-pre-cyklistov-mimo-sezony\/","og_site_name":"\u0160koda We Love Cycling Slovensko","article_published_time":"2026-03-09T09:00:38+00:00","og_image":[{"width":990,"height":660,"url":"https:\/\/d2p6e6u75xmxt8.cloudfront.net\/4\/2026\/03\/Mobility-Exercise-Yoga-Cat-Cow-profimedia-0327966781-CVR.webp","type":"image\/webp"}],"author":"Zozzi","twitter_card":"summary_large_image","twitter_misc":{"Written by":"Monica Buck","Est. reading time":"3"},"schema":{"@context":"https:\/\/schema.org","@graph":[{"@type":"WebPage","@id":"https:\/\/www.welovecycling.com\/sk\/2026\/03\/09\/najlepsie-cvicenia-na-zlepsenie-mobility-pre-cyklistov-mimo-sezony\/","url":"https:\/\/www.welovecycling.com\/sk\/2026\/03\/09\/najlepsie-cvicenia-na-zlepsenie-mobility-pre-cyklistov-mimo-sezony\/","name":"Najlep\u0161ie cvi\u010denia na zlep\u0161enie mobility pre cyklistov mimo sez\u00f3ny. - \u0160koda We Love Cycling Slovensko","isPartOf":{"@id":"https:\/\/www.welovecycling.com\/sk\/#website"},"primaryImageOfPage":{"@id":"https:\/\/www.welovecycling.com\/sk\/2026\/03\/09\/najlepsie-cvicenia-na-zlepsenie-mobility-pre-cyklistov-mimo-sezony\/#primaryimage"},"image":{"@id":"https:\/\/www.welovecycling.com\/sk\/2026\/03\/09\/najlepsie-cvicenia-na-zlepsenie-mobility-pre-cyklistov-mimo-sezony\/#primaryimage"},"thumbnailUrl":"https:\/\/d2p6e6u75xmxt8.cloudfront.net\/4\/2026\/03\/Mobility-Exercise-Yoga-Cat-Cow-profimedia-0327966781-CVR.webp","datePublished":"2026-03-09T09:00:38+00:00","author":{"@id":"https:\/\/www.welovecycling.com\/sk\/#\/schema\/person\/69a353af73d9db8f391581204a521230"},"breadcrumb":{"@id":"https:\/\/www.welovecycling.com\/sk\/2026\/03\/09\/najlepsie-cvicenia-na-zlepsenie-mobility-pre-cyklistov-mimo-sezony\/#breadcrumb"},"inLanguage":"sk-SK","potentialAction":[{"@type":"ReadAction","target":["https:\/\/www.welovecycling.com\/sk\/2026\/03\/09\/najlepsie-cvicenia-na-zlepsenie-mobility-pre-cyklistov-mimo-sezony\/"]}]},{"@type":"ImageObject","inLanguage":"sk-SK","@id":"https:\/\/www.welovecycling.com\/sk\/2026\/03\/09\/najlepsie-cvicenia-na-zlepsenie-mobility-pre-cyklistov-mimo-sezony\/#primaryimage","url":"https:\/\/d2p6e6u75xmxt8.cloudfront.net\/4\/2026\/03\/Mobility-Exercise-Yoga-Cat-Cow-profimedia-0327966781-CVR.webp","contentUrl":"https:\/\/d2p6e6u75xmxt8.cloudfront.net\/4\/2026\/03\/Mobility-Exercise-Yoga-Cat-Cow-profimedia-0327966781-CVR.webp","width":990,"height":660,"caption":"Cat-cow pose"},{"@type":"BreadcrumbList","@id":"https:\/\/www.welovecycling.com\/sk\/2026\/03\/09\/najlepsie-cvicenia-na-zlepsenie-mobility-pre-cyklistov-mimo-sezony\/#breadcrumb","itemListElement":[{"@type":"ListItem","position":1,"name":"Home","item":"https:\/\/www.welovecycling.com\/sk\/"},{"@type":"ListItem","position":2,"name":"Najlep\u0161ie cvi\u010denia na zlep\u0161enie mobility pre cyklistov mimo sez\u00f3ny."}]},{"@type":"WebSite","@id":"https:\/\/www.welovecycling.com\/sk\/#website","url":"https:\/\/www.welovecycling.com\/sk\/","name":"\u0160koda We Love Cycling Slovensko","description":"\u0160koda We Love Cycling Slovensko je v\u00e1\u0161 ka\u017edodenn\u00fd zdroj noviniek a in\u0161pir\u00e1cie z sveta cyklistiky","potentialAction":[{"@type":"SearchAction","target":{"@type":"EntryPoint","urlTemplate":"https:\/\/www.welovecycling.com\/sk\/?s={search_term_string}"},"query-input":{"@type":"PropertyValueSpecification","valueRequired":true,"valueName":"search_term_string"}}],"inLanguage":"sk-SK"},{"@type":"Person","@id":"https:\/\/www.welovecycling.com\/sk\/#\/schema\/person\/69a353af73d9db8f391581204a521230","name":"Zozzi","image":{"@type":"ImageObject","inLanguage":"sk-SK","@id":"https:\/\/www.welovecycling.com\/sk\/#\/schema\/person\/image\/","url":"https:\/\/secure.gravatar.com\/avatar\/0255afbdd216c325a2a30335b3ab5281cba74e43cb20818f979685eff3429a06?s=96&d=mm&r=g","contentUrl":"https:\/\/secure.gravatar.com\/avatar\/0255afbdd216c325a2a30335b3ab5281cba74e43cb20818f979685eff3429a06?s=96&d=mm&r=g","caption":"Zozzi"},"url":"https:\/\/www.welovecycling.com\/sk\/author\/zozzi\/"}]}},"_links":{"self":[{"href":"https:\/\/www.welovecycling.com\/sk\/wp-json\/wp\/v2\/posts\/21241","targetHints":{"allow":["GET"]}}],"collection":[{"href":"https:\/\/www.welovecycling.com\/sk\/wp-json\/wp\/v2\/posts"}],"about":[{"href":"https:\/\/www.welovecycling.com\/sk\/wp-json\/wp\/v2\/types\/post"}],"author":[{"embeddable":true,"href":"https:\/\/www.welovecycling.com\/sk\/wp-json\/wp\/v2\/users\/40"}],"replies":[{"embeddable":true,"href":"https:\/\/www.welovecycling.com\/sk\/wp-json\/wp\/v2\/comments?post=21241"}],"version-history":[{"count":3,"href":"https:\/\/www.welovecycling.com\/sk\/wp-json\/wp\/v2\/posts\/21241\/revisions"}],"predecessor-version":[{"id":21246,"href":"https:\/\/www.welovecycling.com\/sk\/wp-json\/wp\/v2\/posts\/21241\/revisions\/21246"}],"wp:featuredmedia":[{"embeddable":true,"href":"https:\/\/www.welovecycling.com\/sk\/wp-json\/wp\/v2\/media\/21244"}],"wp:attachment":[{"href":"https:\/\/www.welovecycling.com\/sk\/wp-json\/wp\/v2\/media?parent=21241"}],"wp:term":[{"taxonomy":"category","embeddable":true,"href":"https:\/\/www.welovecycling.com\/sk\/wp-json\/wp\/v2\/categories?post=21241"},{"taxonomy":"post_tag","embeddable":true,"href":"https:\/\/www.welovecycling.com\/sk\/wp-json\/wp\/v2\/tags?post=21241"},{"taxonomy":"global-categories","embeddable":true,"href":"https:\/\/www.welovecycling.com\/sk\/wp-json\/wp\/v2\/global-categories?post=21241"}],"curies":[{"name":"wp","href":"https:\/\/api.w.org\/{rel}","templated":true}]}}