{"id":21202,"date":"2025-11-25T13:04:17","date_gmt":"2025-11-25T12:04:17","guid":{"rendered":"https:\/\/www.welovecycling.com\/sk\/?p=21202"},"modified":"2025-11-27T08:30:56","modified_gmt":"2025-11-27T07:30:56","slug":"skoda-auto-slovensko-podporila-projekt-bodki-prichadza-knizna-novinka-nielen-pre-cyklistov","status":"publish","type":"post","link":"https:\/\/www.welovecycling.com\/sk\/2025\/11\/25\/skoda-auto-slovensko-podporila-projekt-bodki-prichadza-knizna-novinka-nielen-pre-cyklistov\/","title":{"rendered":"\u0160koda podporila projekt BODKi &#8211; kni\u017en\u00e1 novinka nielen pre cyklistov"},"content":{"rendered":"<p>\u203a Kniha sp\u00e1ja fotografie, pr\u00edbehy a autentick\u00e9 z\u00e1\u017eitky, ktor\u00e9 umo\u017e\u0148uj\u00fa objavova\u0165 Slovensko poh\u013eadom cyklistu<br \/>\n\u203a N\u00e1zov BODKi odkazuje na bodkovan\u00e9 vrch\u00e1rske pr\u00e9mie na Tour de France, kde je zna\u010dka \u0160koda dlhoro\u010dn\u00fdm hlavn\u00fdm partnerom<\/p>\n<p><!--more--><\/p>\n<p><strong>\u0160koda Auto Slovensko sa v \u00falohe partnera podie\u013ea na novom kni\u017enom projekte pre v\u0161etk\u00fdch, ktor\u00ed miluj\u00fa cyklistiku, estetiku a objavovanie pod n\u00e1zvom BODKi \u2013 Slovensko I. Zna\u010dka \u0160koda m\u00e1 cyklistiku vo svojej DNA a je s \u0148ou spojen\u00e1 u\u017e 130 rokov, nesmie preto ch\u00fdba\u0165 ani pri podpore tohto projektu.<\/strong><strong> N\u00e1zov BODKi odkazuje na bodkovan\u00e9 vrch\u00e1rske pr\u00e9mie sl\u00e1vnej na Tour de France, kde je zna\u010dka \u0160koda dlhoro\u010dn\u00fdm hlavn\u00fdm partnerom. Kniha sp\u00e1ja fotografie, pr\u00edbehy a autentick\u00e9 z\u00e1\u017eitky, ktor\u00e9 umo\u017e\u0148uj\u00fa objavova\u0165 predov\u0161etk\u00fdm Slovensko in\u00fdm poh\u013eadom, a\u00a0to cyklistu, ktor\u00fd vn\u00edma krajinu naplno.<\/strong><\/p>\n<p>Vydavate\u013estvo Okresky predstavilo nov\u00fd kni\u017en\u00fd projekt BODKi, in\u0161pirovan\u00fd \u00faspe\u0161nou kni\u017enou s\u00e9riou OKRESKY. Novinka je ur\u010den\u00e1 v\u0161etk\u00fdm cestn\u00fdm cyklistom h\u013eadaj\u00facim nov\u00e9 trasy, dobrodru\u017estv\u00e1 a momenty, ktor\u00e9 sa dej\u00fa len raz \u2013 pr\u00e1ve vtedy, ke\u010f sa na danom mieste ocitnete po prv\u00fdkr\u00e1t.<\/p>\n<p><em>\u201eKe\u010f\u017ee zna\u010dka \u0160koda m\u00e1 cyklistiku vo svojej DNA od svojho vzniku a\u00a0je s\u00a0\u0148ou spojen\u00e1 u\u017e 130 rokov, spolo\u010dnos\u0165 \u0160koda Auto Slovensko rada podporila tento inovat\u00edvny projekt. Navy\u0161e, jedn\u00fdm z\u00a0jeho cie\u013eov je objavova\u0165 nie\u010do nov\u00e9, pekn\u00e9 a\u00a0in\u0161pirat\u00edvne, \u010do m\u00e1me prakticky spolo\u010dn\u00e9. Te\u0161\u00edme sa z\u00a0\u010fal\u0161ej skvelej spolupr\u00e1ce na poli cyklistiky, ktor\u00e1 pribudla k\u00a0na\u0161ej podpore podujat\u00ed ako s\u00fa Detsk\u00e1 tour Petra Sagana, Okolo Slovenska, L\u00b4 \u00c9tape Slovakia by Tour de France \u010di \u0160koda Bike Open Tour,\u201c <\/em>hovor\u00ed Zuzana Kub\u00edkov\u00e1, PR mana\u017e\u00e9rka \u0160koda Auto Slovensko.<\/p>\n<p><img loading=\"lazy\" decoding=\"async\" class=\"aligncenter size-large wp-image-21209\" src=\"https:\/\/d2p6e6u75xmxt8.cloudfront.net\/4\/2025\/11\/bodki3-1024x768.webp\" alt=\"\" width=\"1024\" height=\"768\" srcset=\"https:\/\/d2p6e6u75xmxt8.cloudfront.net\/4\/2025\/11\/bodki3-1024x768.webp 1024w, https:\/\/d2p6e6u75xmxt8.cloudfront.net\/4\/2025\/11\/bodki3-300x225.webp 300w, https:\/\/d2p6e6u75xmxt8.cloudfront.net\/4\/2025\/11\/bodki3-768x576.webp 768w, https:\/\/d2p6e6u75xmxt8.cloudfront.net\/4\/2025\/11\/bodki3-1536x1152.webp 1536w, https:\/\/d2p6e6u75xmxt8.cloudfront.net\/4\/2025\/11\/bodki3-2048x1536.webp 2048w, https:\/\/d2p6e6u75xmxt8.cloudfront.net\/4\/2025\/11\/bodki3-1920x1440.webp 1920w, https:\/\/d2p6e6u75xmxt8.cloudfront.net\/4\/2025\/11\/bodki3-400x300.webp 400w, https:\/\/d2p6e6u75xmxt8.cloudfront.net\/4\/2025\/11\/bodki3-1920x1440.webp 1920w\" sizes=\"auto, (max-width: 1024px) 100vw, 1024px\" \/><\/p>\n<p><strong>\u010co znamenaj\u00fa BODKi<\/strong><\/p>\n<p>Autor textov Juraj Porubsk\u00fd vytv\u00e1ra cyklopr\u00edbehy v \u0161t\u00fdle osobn\u00e9ho denn\u00edka. Ka\u017ed\u00fd pr\u00edbeh dop\u013a\u0148aj\u00fa fotografie, ktor\u00e9 premie\u0148aj\u00fa trasu na vizu\u00e1lny z\u00e1\u017eitok \u2013 sp\u00e1jaj\u00fa realitu, \u0161portov\u00fd v\u00fdkon, em\u00f3ciu a estetiku cesty. N\u00e1zov projektu odkazuje na bodkovan\u00e9 vrch\u00e1rske pr\u00e9mie na Tour de France. Ka\u017ed\u00fd v\u00fdjazd m\u00e1 ma\u0165 svoje st\u00fapanie, svoju vrch\u00e1rsku pr\u00e9miu. A pr\u00e1ve tie \u201ebodky\u201c symbolizuj\u00fa \u00fasilie, z\u00e1\u017eitok, aj rados\u0165 z v\u00fdzvy.<\/p>\n<p><em>\u201eJazda naboso, v\u00fdchody slnka, jelenia ruja, zl\u00e9 odbo\u010dky, vybit\u00e9 prehadzova\u010dky. Ale aj skvel\u00e1 k\u00e1va, fantastick\u00e9 kol\u00e1\u010de a najm\u00e4 \u013eudia, ktor\u00ed miluj\u00fa bicykle. Jednoducho v\u0161etko, \u010do n\u00e1s na tis\u00edcke kilometrov stretlo. Pok\u00fasili sme sa op\u00edsa\u0165 atmosf\u00e9ru ciest, ktor\u00e9 sme nepoznali a \u0161\u00edri\u0165 ju \u010falej. Slovensko zo sedla bicykla vonia, zur\u010d\u00ed, ob\u010das hu\u010d\u00ed i pe\u010die a \u010dasto don\u00fati \u010dloveka zasta\u0165 a len sa kocha\u0165 v\u00fdh\u013eadom,\u201c <\/em>pribli\u017euje Juraj Porubsk\u00fd.<\/p>\n<p><strong>Kam v\u00e1s BODKi zaved\u00fa<\/strong><\/p>\n<p>Prv\u00e1 kniha sp\u00e1ja tri trasy v piatich lokalit\u00e1ch:<\/p>\n<ul>\n<li>Ko\u0161arisk\u00e1 na Kopaniciach,<\/li>\n<li>Pova\u017eie v okol\u00ed P\u00fachova,<\/li>\n<li>\u017dilina,<\/li>\n<li>Oravsk\u00fd Podz\u00e1mok,<\/li>\n<li>\u010ci\u010dmany<\/li>\n<\/ul>\n<p>Ka\u017ed\u00fa trasu pripravovali dom\u00e1ci jazdci alebo lok\u00e1lne cyklokluby, ktor\u00ed dokonale poznaj\u00fa svoju oblas\u0165. \u010citate\u013e tak z\u00edskava sprievodcu, ktor\u00fd ho vedie po bezpe\u010dn\u00fdch, kr\u00e1snych a cyklisticky zauj\u00edmav\u00fdch cest\u00e1ch \u2013 so z\u00e1rukou autentick\u00fdch tipov.<\/p>\n<p><strong>Boli pri tom aj Velitsovci <\/strong><\/p>\n<p><em>\u201eProjekt n\u00e1s oslovil svojou jedine\u010dnos\u0165ou a autentick\u00fdm pr\u00edstupom. U\u017e od za\u010diatku sme vedeli, \u017ee vznikne kniha, ktor\u00e1 bude v\u00fdnimo\u010dn\u00e1 nielen obsahom, ale aj spracovan\u00edm.<\/em><\/p>\n<p><em>Preto bolo pre n\u00e1s prirodzen\u00e9 rozhodnutie sta\u0165 sa jeho s\u00fa\u010das\u0165ou. Chceli sme, aby \u013eudia, ktor\u00ed v knihe predstavuj\u00fa jednotliv\u00e9 regi\u00f3ny a trasy, boli oble\u010den\u00ed do n\u00e1\u0161ho oble\u010denia, ktor\u00e9 rovnako ako samotn\u00e1 kniha sp\u00e1ja v\u00e1\u0161e\u0148 k cyklistike, estetiku a poctiv\u00fd pr\u00edstup k\u00a0detailu,\u201c <\/em>hovoria Martin a Peter Velitsvci za spolo\u010dnos\u0165 Isadore Apparel, ktor\u00e1 projekt taktie\u017e podporila.<\/p>\n<p>Projekt BODKi ukazuje, \u017ee cyklistika nie je len o kilometroch, ale o ceste samotnej \u2013 o drobn\u00fdch bodoch, z ktor\u00fdch sa sklad\u00e1 ve\u013ek\u00fd pr\u00edbeh.<\/p>\n","protected":false},"excerpt":{"rendered":"<p>\u203a Kniha sp\u00e1ja fotografie, pr\u00edbehy a autentick\u00e9 z\u00e1\u017eitky, ktor\u00e9 umo\u017e\u0148uj\u00fa objavova\u0165 Slovensko poh\u013eadom cyklistu \u203a N\u00e1zov BODKi odkazuje na bodkovan\u00e9 [&hellip;]<\/p>\n","protected":false},"author":40,"featured_media":21204,"comment_status":"closed","ping_status":"closed","sticky":false,"template":"","format":"standard","meta":{"footnotes":""},"categories":[191],"tags":[],"global-categories":[1074],"class_list":["post-21202","post","type-post","status-publish","format-standard","has-post-thumbnail","hentry","category-odporucame","global-categories-cycling"],"yoast_head":"<!-- This site is optimized with the Yoast SEO Premium plugin v25.3 (Yoast SEO v25.9) - https:\/\/yoast.com\/wordpress\/plugins\/seo\/ -->\n<title>\u0160koda podporila projekt BODKi - kni\u017en\u00e1 novinka nielen pre cyklistov - \u0160koda We Love Cycling Slovensko<\/title>\n<meta name=\"robots\" content=\"index, follow, max-snippet:-1, max-image-preview:large, max-video-preview:-1\" \/>\n<link rel=\"canonical\" href=\"https:\/\/www.welovecycling.com\/sk\/2025\/11\/25\/skoda-auto-slovensko-podporila-projekt-bodki-prichadza-knizna-novinka-nielen-pre-cyklistov\/\" \/>\n<meta property=\"og:locale\" content=\"sk_SK\" \/>\n<meta property=\"og:type\" content=\"article\" \/>\n<meta property=\"og:title\" content=\"\u0160koda podporila projekt BODKi - kni\u017en\u00e1 novinka nielen pre cyklistov\" \/>\n<meta property=\"og:description\" content=\"\u203a Kniha sp\u00e1ja fotografie, pr\u00edbehy a autentick\u00e9 z\u00e1\u017eitky, ktor\u00e9 umo\u017e\u0148uj\u00fa objavova\u0165 Slovensko poh\u013eadom cyklistu \u203a N\u00e1zov BODKi odkazuje na bodkovan\u00e9 [&hellip;]\" \/>\n<meta property=\"og:url\" content=\"https:\/\/www.welovecycling.com\/sk\/2025\/11\/25\/skoda-auto-slovensko-podporila-projekt-bodki-prichadza-knizna-novinka-nielen-pre-cyklistov\/\" \/>\n<meta property=\"og:site_name\" content=\"\u0160koda We Love Cycling Slovensko\" \/>\n<meta property=\"article:published_time\" content=\"2025-11-25T12:04:17+00:00\" \/>\n<meta property=\"article:modified_time\" content=\"2025-11-27T07:30:56+00:00\" \/>\n<meta property=\"og:image\" content=\"https:\/\/d2p6e6u75xmxt8.cloudfront.net\/4\/2025\/11\/bodki1-scaled.webp\" \/>\n\t<meta property=\"og:image:width\" content=\"2560\" \/>\n\t<meta property=\"og:image:height\" content=\"1920\" \/>\n\t<meta property=\"og:image:type\" content=\"image\/webp\" \/>\n<meta name=\"author\" content=\"Zozzi\" \/>\n<meta name=\"twitter:card\" content=\"summary_large_image\" \/>\n<meta name=\"twitter:label1\" content=\"Written by\" \/>\n\t<meta name=\"twitter:data1\" content=\"Zuzana Kub\u00edkov\u00e1\" \/>\n\t<meta name=\"twitter:label2\" content=\"Est. reading time\" \/>\n\t<meta name=\"twitter:data2\" content=\"3\" \/>\n<script type=\"application\/ld+json\" class=\"yoast-schema-graph\">{\"@context\":\"https:\/\/schema.org\",\"@graph\":[{\"@type\":\"WebPage\",\"@id\":\"https:\/\/www.welovecycling.com\/sk\/2025\/11\/25\/skoda-auto-slovensko-podporila-projekt-bodki-prichadza-knizna-novinka-nielen-pre-cyklistov\/\",\"url\":\"https:\/\/www.welovecycling.com\/sk\/2025\/11\/25\/skoda-auto-slovensko-podporila-projekt-bodki-prichadza-knizna-novinka-nielen-pre-cyklistov\/\",\"name\":\"\u0160koda podporila projekt BODKi - kni\u017en\u00e1 novinka nielen pre cyklistov - \u0160koda We Love Cycling Slovensko\",\"isPartOf\":{\"@id\":\"https:\/\/www.welovecycling.com\/sk\/#website\"},\"primaryImageOfPage\":{\"@id\":\"https:\/\/www.welovecycling.com\/sk\/2025\/11\/25\/skoda-auto-slovensko-podporila-projekt-bodki-prichadza-knizna-novinka-nielen-pre-cyklistov\/#primaryimage\"},\"image\":{\"@id\":\"https:\/\/www.welovecycling.com\/sk\/2025\/11\/25\/skoda-auto-slovensko-podporila-projekt-bodki-prichadza-knizna-novinka-nielen-pre-cyklistov\/#primaryimage\"},\"thumbnailUrl\":\"https:\/\/d2p6e6u75xmxt8.cloudfront.net\/4\/2025\/11\/bodki1-scaled.webp\",\"datePublished\":\"2025-11-25T12:04:17+00:00\",\"dateModified\":\"2025-11-27T07:30:56+00:00\",\"author\":{\"@id\":\"https:\/\/www.welovecycling.com\/sk\/#\/schema\/person\/69a353af73d9db8f391581204a521230\"},\"breadcrumb\":{\"@id\":\"https:\/\/www.welovecycling.com\/sk\/2025\/11\/25\/skoda-auto-slovensko-podporila-projekt-bodki-prichadza-knizna-novinka-nielen-pre-cyklistov\/#breadcrumb\"},\"inLanguage\":\"sk-SK\",\"potentialAction\":[{\"@type\":\"ReadAction\",\"target\":[\"https:\/\/www.welovecycling.com\/sk\/2025\/11\/25\/skoda-auto-slovensko-podporila-projekt-bodki-prichadza-knizna-novinka-nielen-pre-cyklistov\/\"]}]},{\"@type\":\"ImageObject\",\"inLanguage\":\"sk-SK\",\"@id\":\"https:\/\/www.welovecycling.com\/sk\/2025\/11\/25\/skoda-auto-slovensko-podporila-projekt-bodki-prichadza-knizna-novinka-nielen-pre-cyklistov\/#primaryimage\",\"url\":\"https:\/\/d2p6e6u75xmxt8.cloudfront.net\/4\/2025\/11\/bodki1-scaled.webp\",\"contentUrl\":\"https:\/\/d2p6e6u75xmxt8.cloudfront.net\/4\/2025\/11\/bodki1-scaled.webp\",\"width\":2560,\"height\":1920},{\"@type\":\"BreadcrumbList\",\"@id\":\"https:\/\/www.welovecycling.com\/sk\/2025\/11\/25\/skoda-auto-slovensko-podporila-projekt-bodki-prichadza-knizna-novinka-nielen-pre-cyklistov\/#breadcrumb\",\"itemListElement\":[{\"@type\":\"ListItem\",\"position\":1,\"name\":\"Home\",\"item\":\"https:\/\/www.welovecycling.com\/sk\/\"},{\"@type\":\"ListItem\",\"position\":2,\"name\":\"\u0160koda podporila projekt BODKi &#8211; kni\u017en\u00e1 novinka nielen pre cyklistov\"}]},{\"@type\":\"WebSite\",\"@id\":\"https:\/\/www.welovecycling.com\/sk\/#website\",\"url\":\"https:\/\/www.welovecycling.com\/sk\/\",\"name\":\"\u0160koda We Love Cycling Slovensko\",\"description\":\"\u0160koda We Love Cycling Slovensko je v\u00e1\u0161 ka\u017edodenn\u00fd zdroj noviniek a in\u0161pir\u00e1cie z sveta cyklistiky\",\"potentialAction\":[{\"@type\":\"SearchAction\",\"target\":{\"@type\":\"EntryPoint\",\"urlTemplate\":\"https:\/\/www.welovecycling.com\/sk\/?s={search_term_string}\"},\"query-input\":{\"@type\":\"PropertyValueSpecification\",\"valueRequired\":true,\"valueName\":\"search_term_string\"}}],\"inLanguage\":\"sk-SK\"},{\"@type\":\"Person\",\"@id\":\"https:\/\/www.welovecycling.com\/sk\/#\/schema\/person\/69a353af73d9db8f391581204a521230\",\"name\":\"Zozzi\",\"image\":{\"@type\":\"ImageObject\",\"inLanguage\":\"sk-SK\",\"@id\":\"https:\/\/www.welovecycling.com\/sk\/#\/schema\/person\/image\/\",\"url\":\"https:\/\/secure.gravatar.com\/avatar\/0255afbdd216c325a2a30335b3ab5281cba74e43cb20818f979685eff3429a06?s=96&d=mm&r=g\",\"contentUrl\":\"https:\/\/secure.gravatar.com\/avatar\/0255afbdd216c325a2a30335b3ab5281cba74e43cb20818f979685eff3429a06?s=96&d=mm&r=g\",\"caption\":\"Zozzi\"},\"url\":\"https:\/\/www.welovecycling.com\/sk\/author\/zozzi\/\"}]}<\/script>\n<!-- \/ Yoast SEO Premium plugin. -->","yoast_head_json":{"title":"\u0160koda podporila projekt BODKi - kni\u017en\u00e1 novinka nielen pre cyklistov - \u0160koda We Love Cycling Slovensko","robots":{"index":"index","follow":"follow","max-snippet":"max-snippet:-1","max-image-preview":"max-image-preview:large","max-video-preview":"max-video-preview:-1"},"canonical":"https:\/\/www.welovecycling.com\/sk\/2025\/11\/25\/skoda-auto-slovensko-podporila-projekt-bodki-prichadza-knizna-novinka-nielen-pre-cyklistov\/","og_locale":"sk_SK","og_type":"article","og_title":"\u0160koda podporila projekt BODKi - kni\u017en\u00e1 novinka nielen pre cyklistov","og_description":"\u203a Kniha sp\u00e1ja fotografie, pr\u00edbehy a autentick\u00e9 z\u00e1\u017eitky, ktor\u00e9 umo\u017e\u0148uj\u00fa objavova\u0165 Slovensko poh\u013eadom cyklistu \u203a N\u00e1zov BODKi odkazuje na bodkovan\u00e9 [&hellip;]","og_url":"https:\/\/www.welovecycling.com\/sk\/2025\/11\/25\/skoda-auto-slovensko-podporila-projekt-bodki-prichadza-knizna-novinka-nielen-pre-cyklistov\/","og_site_name":"\u0160koda We Love Cycling Slovensko","article_published_time":"2025-11-25T12:04:17+00:00","article_modified_time":"2025-11-27T07:30:56+00:00","og_image":[{"width":2560,"height":1920,"url":"https:\/\/d2p6e6u75xmxt8.cloudfront.net\/4\/2025\/11\/bodki1-scaled.webp","type":"image\/webp"}],"author":"Zozzi","twitter_card":"summary_large_image","twitter_misc":{"Written by":"Zuzana Kub\u00edkov\u00e1","Est. reading time":"3"},"schema":{"@context":"https:\/\/schema.org","@graph":[{"@type":"WebPage","@id":"https:\/\/www.welovecycling.com\/sk\/2025\/11\/25\/skoda-auto-slovensko-podporila-projekt-bodki-prichadza-knizna-novinka-nielen-pre-cyklistov\/","url":"https:\/\/www.welovecycling.com\/sk\/2025\/11\/25\/skoda-auto-slovensko-podporila-projekt-bodki-prichadza-knizna-novinka-nielen-pre-cyklistov\/","name":"\u0160koda podporila projekt BODKi - kni\u017en\u00e1 novinka nielen pre cyklistov - \u0160koda We Love Cycling Slovensko","isPartOf":{"@id":"https:\/\/www.welovecycling.com\/sk\/#website"},"primaryImageOfPage":{"@id":"https:\/\/www.welovecycling.com\/sk\/2025\/11\/25\/skoda-auto-slovensko-podporila-projekt-bodki-prichadza-knizna-novinka-nielen-pre-cyklistov\/#primaryimage"},"image":{"@id":"https:\/\/www.welovecycling.com\/sk\/2025\/11\/25\/skoda-auto-slovensko-podporila-projekt-bodki-prichadza-knizna-novinka-nielen-pre-cyklistov\/#primaryimage"},"thumbnailUrl":"https:\/\/d2p6e6u75xmxt8.cloudfront.net\/4\/2025\/11\/bodki1-scaled.webp","datePublished":"2025-11-25T12:04:17+00:00","dateModified":"2025-11-27T07:30:56+00:00","author":{"@id":"https:\/\/www.welovecycling.com\/sk\/#\/schema\/person\/69a353af73d9db8f391581204a521230"},"breadcrumb":{"@id":"https:\/\/www.welovecycling.com\/sk\/2025\/11\/25\/skoda-auto-slovensko-podporila-projekt-bodki-prichadza-knizna-novinka-nielen-pre-cyklistov\/#breadcrumb"},"inLanguage":"sk-SK","potentialAction":[{"@type":"ReadAction","target":["https:\/\/www.welovecycling.com\/sk\/2025\/11\/25\/skoda-auto-slovensko-podporila-projekt-bodki-prichadza-knizna-novinka-nielen-pre-cyklistov\/"]}]},{"@type":"ImageObject","inLanguage":"sk-SK","@id":"https:\/\/www.welovecycling.com\/sk\/2025\/11\/25\/skoda-auto-slovensko-podporila-projekt-bodki-prichadza-knizna-novinka-nielen-pre-cyklistov\/#primaryimage","url":"https:\/\/d2p6e6u75xmxt8.cloudfront.net\/4\/2025\/11\/bodki1-scaled.webp","contentUrl":"https:\/\/d2p6e6u75xmxt8.cloudfront.net\/4\/2025\/11\/bodki1-scaled.webp","width":2560,"height":1920},{"@type":"BreadcrumbList","@id":"https:\/\/www.welovecycling.com\/sk\/2025\/11\/25\/skoda-auto-slovensko-podporila-projekt-bodki-prichadza-knizna-novinka-nielen-pre-cyklistov\/#breadcrumb","itemListElement":[{"@type":"ListItem","position":1,"name":"Home","item":"https:\/\/www.welovecycling.com\/sk\/"},{"@type":"ListItem","position":2,"name":"\u0160koda podporila projekt BODKi &#8211; kni\u017en\u00e1 novinka nielen pre cyklistov"}]},{"@type":"WebSite","@id":"https:\/\/www.welovecycling.com\/sk\/#website","url":"https:\/\/www.welovecycling.com\/sk\/","name":"\u0160koda We Love Cycling Slovensko","description":"\u0160koda We Love Cycling Slovensko je v\u00e1\u0161 ka\u017edodenn\u00fd zdroj noviniek a in\u0161pir\u00e1cie z sveta cyklistiky","potentialAction":[{"@type":"SearchAction","target":{"@type":"EntryPoint","urlTemplate":"https:\/\/www.welovecycling.com\/sk\/?s={search_term_string}"},"query-input":{"@type":"PropertyValueSpecification","valueRequired":true,"valueName":"search_term_string"}}],"inLanguage":"sk-SK"},{"@type":"Person","@id":"https:\/\/www.welovecycling.com\/sk\/#\/schema\/person\/69a353af73d9db8f391581204a521230","name":"Zozzi","image":{"@type":"ImageObject","inLanguage":"sk-SK","@id":"https:\/\/www.welovecycling.com\/sk\/#\/schema\/person\/image\/","url":"https:\/\/secure.gravatar.com\/avatar\/0255afbdd216c325a2a30335b3ab5281cba74e43cb20818f979685eff3429a06?s=96&d=mm&r=g","contentUrl":"https:\/\/secure.gravatar.com\/avatar\/0255afbdd216c325a2a30335b3ab5281cba74e43cb20818f979685eff3429a06?s=96&d=mm&r=g","caption":"Zozzi"},"url":"https:\/\/www.welovecycling.com\/sk\/author\/zozzi\/"}]}},"_links":{"self":[{"href":"https:\/\/www.welovecycling.com\/sk\/wp-json\/wp\/v2\/posts\/21202","targetHints":{"allow":["GET"]}}],"collection":[{"href":"https:\/\/www.welovecycling.com\/sk\/wp-json\/wp\/v2\/posts"}],"about":[{"href":"https:\/\/www.welovecycling.com\/sk\/wp-json\/wp\/v2\/types\/post"}],"author":[{"embeddable":true,"href":"https:\/\/www.welovecycling.com\/sk\/wp-json\/wp\/v2\/users\/40"}],"replies":[{"embeddable":true,"href":"https:\/\/www.welovecycling.com\/sk\/wp-json\/wp\/v2\/comments?post=21202"}],"version-history":[{"count":9,"href":"https:\/\/www.welovecycling.com\/sk\/wp-json\/wp\/v2\/posts\/21202\/revisions"}],"predecessor-version":[{"id":21213,"href":"https:\/\/www.welovecycling.com\/sk\/wp-json\/wp\/v2\/posts\/21202\/revisions\/21213"}],"wp:featuredmedia":[{"embeddable":true,"href":"https:\/\/www.welovecycling.com\/sk\/wp-json\/wp\/v2\/media\/21204"}],"wp:attachment":[{"href":"https:\/\/www.welovecycling.com\/sk\/wp-json\/wp\/v2\/media?parent=21202"}],"wp:term":[{"taxonomy":"category","embeddable":true,"href":"https:\/\/www.welovecycling.com\/sk\/wp-json\/wp\/v2\/categories?post=21202"},{"taxonomy":"post_tag","embeddable":true,"href":"https:\/\/www.welovecycling.com\/sk\/wp-json\/wp\/v2\/tags?post=21202"},{"taxonomy":"global-categories","embeddable":true,"href":"https:\/\/www.welovecycling.com\/sk\/wp-json\/wp\/v2\/global-categories?post=21202"}],"curies":[{"name":"wp","href":"https:\/\/api.w.org\/{rel}","templated":true}]}}