{"id":21184,"date":"2025-11-14T08:45:18","date_gmt":"2025-11-14T07:45:18","guid":{"rendered":"https:\/\/www.welovecycling.com\/sk\/?p=21184"},"modified":"2025-11-14T08:47:07","modified_gmt":"2025-11-14T07:47:07","slug":"skoda-bike-open-tour-2026-terminy-buducej-sezony","status":"publish","type":"post","link":"https:\/\/www.welovecycling.com\/sk\/2025\/11\/14\/skoda-bike-open-tour-2026-terminy-buducej-sezony\/","title":{"rendered":"\u0160koda Bike Open Tour 2026 \u2013 term\u00edny bud\u00facej sez\u00f3ny"},"content":{"rendered":"<p>S\u00e9ria pretekov \u0160koda Bike Open Tour u\u017e neodmyslite\u013ene patr\u00ed do kalend\u00e1rov horsk\u00fdch cyklistov na Slovensku. Trin\u00e1sty ro\u010dn\u00edk pretekov pon\u00fakne op\u00e4\u0165 \u0161es\u0165 podujat\u00ed na tradi\u010dn\u00fdch miestach po celom Slovensku. V\u0161etky preteky s\u00fa s\u00fa\u010das\u0165ou Slovensk\u00e9ho poh\u00e1ra XCM.<\/p>\n<p><!--more--><\/p>\n<p><img loading=\"lazy\" decoding=\"async\" class=\"aligncenter size-large wp-image-21193\" src=\"https:\/\/d2p6e6u75xmxt8.cloudfront.net\/4\/2025\/11\/sbot_2026-724x1024.webp\" alt=\"\" width=\"724\" height=\"1024\" srcset=\"https:\/\/d2p6e6u75xmxt8.cloudfront.net\/4\/2025\/11\/sbot_2026-724x1024.webp 724w, https:\/\/d2p6e6u75xmxt8.cloudfront.net\/4\/2025\/11\/sbot_2026-212x300.webp 212w, https:\/\/d2p6e6u75xmxt8.cloudfront.net\/4\/2025\/11\/sbot_2026-768x1086.webp 768w, https:\/\/d2p6e6u75xmxt8.cloudfront.net\/4\/2025\/11\/sbot_2026-1086x1536.webp 1086w, https:\/\/d2p6e6u75xmxt8.cloudfront.net\/4\/2025\/11\/sbot_2026-1448x2048.webp 1448w, https:\/\/d2p6e6u75xmxt8.cloudfront.net\/4\/2025\/11\/sbot_2026-1358x1920.webp 1358w, https:\/\/d2p6e6u75xmxt8.cloudfront.net\/4\/2025\/11\/sbot_2026-283x400.webp 283w, https:\/\/d2p6e6u75xmxt8.cloudfront.net\/4\/2025\/11\/sbot_2026-scaled.webp 1810w, https:\/\/d2p6e6u75xmxt8.cloudfront.net\/4\/2025\/11\/sbot_2026-1358x1920.webp 1358w\" sizes=\"auto, (max-width: 724px) 100vw, 724px\" \/><\/p>\n<table class=\"table-striped table\">\n<tbody>\n<tr>\n<td class=\"text-center\">18. apr\u00edl <\/td>\n<td class=\"text-left\"><strong>\u0160koda Sv\u00e4tojursk\u00fd MTB Marat\u00f3n<\/strong><\/td>\n<\/tr>\n<tr>\n<td class=\"text-center\">23. m\u00e1j <\/td>\n<td class=\"text-left\"> <strong>\u0160koda MTB marat\u00f3n Rajeck\u00e9 Teplice<\/strong><\/td>\n<\/tr>\n<tr>\n<td class=\"text-center\">6. j\u00fan <\/td>\n<td class=\"text-left\"> <strong>\u0160koda Slovensk\u00fd raj<\/strong><\/td>\n<\/tr>\n<tr>\n<td class=\"text-center\">27. j\u00fan <\/td>\n<td class=\"text-left\"> <strong>\u0160koda MTB cyklomarat\u00f3n Topo\u013e\u010dianky<\/strong><\/td>\n<\/tr>\n<tr>\n<td class=\"text-center\">8. august <\/td>\n<td class=\"text-left\"> <strong>\u0160koda Horal MTB marat\u00f3n<\/strong><\/td>\n<\/tr>\n<tr>\n<td style=\"text-center: left;\">12. september <\/td>\n<td class=\"text-left\"> <strong>\u0160koda Stupava marat\u00f3n<\/strong><\/td>\n<\/tr>\n<\/tbody>\n<\/table>\n<p>&nbsp;<\/p>\n<p>Z roka na rok popul\u00e1rnej\u0161ie podujatie \u0160koda Bike Open Tour sa po\u010das doteraj\u0161\u00edch 12 ro\u010dn\u00edkov vypracovalo na najv\u00fdznamnej\u0161ie preteky pre MTB bajkerov z radov profesion\u00e1lov, amat\u00e9rov i hobby cyklistov na Slovensku. Tento rok sa na \u0161tart postavilo takmer 3000 s\u00fa\u0165a\u017eiacich.<\/p>\n<p><img loading=\"lazy\" decoding=\"async\" class=\"aligncenter size-large wp-image-21194\" src=\"https:\/\/d2p6e6u75xmxt8.cloudfront.net\/4\/2025\/11\/maraton_skodaMTB_topolcianky2025_149-1024x683.webp\" alt=\"\" width=\"1024\" height=\"683\" srcset=\"https:\/\/d2p6e6u75xmxt8.cloudfront.net\/4\/2025\/11\/maraton_skodaMTB_topolcianky2025_149-1024x683.webp 1024w, https:\/\/d2p6e6u75xmxt8.cloudfront.net\/4\/2025\/11\/maraton_skodaMTB_topolcianky2025_149-300x200.webp 300w, https:\/\/d2p6e6u75xmxt8.cloudfront.net\/4\/2025\/11\/maraton_skodaMTB_topolcianky2025_149-768x512.webp 768w, https:\/\/d2p6e6u75xmxt8.cloudfront.net\/4\/2025\/11\/maraton_skodaMTB_topolcianky2025_149-1536x1024.webp 1536w, https:\/\/d2p6e6u75xmxt8.cloudfront.net\/4\/2025\/11\/maraton_skodaMTB_topolcianky2025_149-1920x1280.webp 1920w, https:\/\/d2p6e6u75xmxt8.cloudfront.net\/4\/2025\/11\/maraton_skodaMTB_topolcianky2025_149-400x267.webp 400w, https:\/\/d2p6e6u75xmxt8.cloudfront.net\/4\/2025\/11\/maraton_skodaMTB_topolcianky2025_149-272x182.webp 272w, https:\/\/d2p6e6u75xmxt8.cloudfront.net\/4\/2025\/11\/maraton_skodaMTB_topolcianky2025_149.webp 2048w, https:\/\/d2p6e6u75xmxt8.cloudfront.net\/4\/2025\/11\/maraton_skodaMTB_topolcianky2025_149-1920x1280.webp 1920w\" sizes=\"auto, (max-width: 1024px) 100vw, 1024px\" \/><\/p>\n<p>S\u00e9ria \u0160koda Bike Open Tour l\u00e1ka v\u0161etk\u00fdch fan\u00fa\u0161ikov horskej cyklistiky, vr\u00e1tene e-bajkerov, ktor\u00ed si m\u00f4\u017eu zas\u00fa\u0165a\u017ei\u0165 na tratiach r\u00f4znej d\u013a\u017eky a n\u00e1ro\u010dnosti. Pre deti bud\u00fa tradi\u010dne pripraven\u00e9 trate \u0160koda Family. Organiz\u00e1tori ako ka\u017ed\u00fd rok poskytn\u00fa komfort pre v\u0161etk\u00fdch pretek\u00e1rov ako sprchy, \u00faschov\u0148u \u010di cykloumyv\u00e1re\u0148. Pre n\u00e1v\u0161tevn\u00edkov pretekov bud\u00fa pripraven\u00e9 st\u00e1nky s ob\u010derstven\u00edm ale aj r\u00f4zne sprievodn\u00e9 akcie. Registr\u00e1cia na v\u0161etky preteky s\u00e9rie bude spusten\u00e1 na webe <a href=\"https:\/\/www.sbot.sk\">www.sbot.sk.<\/a><\/p>\n<p><img loading=\"lazy\" decoding=\"async\" class=\"aligncenter size-large wp-image-21192\" src=\"https:\/\/d2p6e6u75xmxt8.cloudfront.net\/4\/2025\/11\/SBOT-2025-SLOVENSKY-RAJ-510-of-613-1024x683.webp\" alt=\"\" width=\"1024\" height=\"683\" srcset=\"https:\/\/d2p6e6u75xmxt8.cloudfront.net\/4\/2025\/11\/SBOT-2025-SLOVENSKY-RAJ-510-of-613-1024x683.webp 1024w, https:\/\/d2p6e6u75xmxt8.cloudfront.net\/4\/2025\/11\/SBOT-2025-SLOVENSKY-RAJ-510-of-613-300x200.webp 300w, https:\/\/d2p6e6u75xmxt8.cloudfront.net\/4\/2025\/11\/SBOT-2025-SLOVENSKY-RAJ-510-of-613-768x512.webp 768w, https:\/\/d2p6e6u75xmxt8.cloudfront.net\/4\/2025\/11\/SBOT-2025-SLOVENSKY-RAJ-510-of-613-1536x1024.webp 1536w, https:\/\/d2p6e6u75xmxt8.cloudfront.net\/4\/2025\/11\/SBOT-2025-SLOVENSKY-RAJ-510-of-613-2048x1365.webp 2048w, https:\/\/d2p6e6u75xmxt8.cloudfront.net\/4\/2025\/11\/SBOT-2025-SLOVENSKY-RAJ-510-of-613-1920x1280.webp 1920w, https:\/\/d2p6e6u75xmxt8.cloudfront.net\/4\/2025\/11\/SBOT-2025-SLOVENSKY-RAJ-510-of-613-400x267.webp 400w, https:\/\/d2p6e6u75xmxt8.cloudfront.net\/4\/2025\/11\/SBOT-2025-SLOVENSKY-RAJ-510-of-613-272x182.webp 272w, https:\/\/d2p6e6u75xmxt8.cloudfront.net\/4\/2025\/11\/SBOT-2025-SLOVENSKY-RAJ-510-of-613-1920x1280.webp 1920w\" sizes=\"auto, (max-width: 1024px) 100vw, 1024px\" \/><\/p>\n<p>O hodnotn\u00e9 ceny nebude n\u00fadza a v\u00fdhercovia m\u00f4\u017eu v ka\u017edom kole z\u00edska\u0165 poukaz do E-shopu \u0160koda. Poukazy bud\u00fa v hodnot\u00e1ch: 1. miesto 70 \u20ac, 2. miesto 50 \u20ac, 3. miesto 30 \u20ac. V ka\u017edom kole m\u00f4\u017eete vyhra\u0165 v tombole cyklonosi\u010d na \u02dd\u0165a\u017en\u00e9\u02dd alebo auto na t\u00fd\u017ede\u0148. V\u00fdherca v tomboly za cel\u00fa s\u00e9riu si bude m\u00f4c\u0165 u\u017ei\u0165 dovolenku pod\u013ea vlastn\u00e9ho v\u00fdberu v hodnote 3 000 eur.<\/p>\n","protected":false},"excerpt":{"rendered":"<p>S\u00e9ria pretekov \u0160koda Bike Open Tour u\u017e neodmyslite\u013ene patr\u00ed do kalend\u00e1rov horsk\u00fdch cyklistov na Slovensku. Trin\u00e1sty ro\u010dn\u00edk pretekov pon\u00fakne op\u00e4\u0165 [&hellip;]<\/p>\n","protected":false},"author":40,"featured_media":21191,"comment_status":"closed","ping_status":"closed","sticky":false,"template":"","format":"standard","meta":{"footnotes":""},"categories":[33],"tags":[],"global-categories":[1074],"class_list":["post-21184","post","type-post","status-publish","format-standard","has-post-thumbnail","hentry","category-sbot","global-categories-cycling"],"yoast_head":"<!-- This site is optimized with the Yoast SEO Premium plugin v25.3 (Yoast SEO v25.9) - https:\/\/yoast.com\/wordpress\/plugins\/seo\/ -->\n<title>\u0160koda Bike Open Tour 2026 \u2013 term\u00edny bud\u00facej sez\u00f3ny - \u0160koda We Love Cycling Slovensko<\/title>\n<meta name=\"robots\" content=\"index, follow, max-snippet:-1, max-image-preview:large, max-video-preview:-1\" \/>\n<link rel=\"canonical\" href=\"https:\/\/www.welovecycling.com\/sk\/2025\/11\/14\/skoda-bike-open-tour-2026-terminy-buducej-sezony\/\" \/>\n<meta property=\"og:locale\" content=\"sk_SK\" \/>\n<meta property=\"og:type\" content=\"article\" \/>\n<meta property=\"og:title\" content=\"\u0160koda Bike Open Tour 2026 \u2013 term\u00edny bud\u00facej sez\u00f3ny\" \/>\n<meta property=\"og:description\" content=\"S\u00e9ria pretekov \u0160koda Bike Open Tour u\u017e neodmyslite\u013ene patr\u00ed do kalend\u00e1rov horsk\u00fdch cyklistov na Slovensku. Trin\u00e1sty ro\u010dn\u00edk pretekov pon\u00fakne op\u00e4\u0165 [&hellip;]\" \/>\n<meta property=\"og:url\" content=\"https:\/\/www.welovecycling.com\/sk\/2025\/11\/14\/skoda-bike-open-tour-2026-terminy-buducej-sezony\/\" \/>\n<meta property=\"og:site_name\" content=\"\u0160koda We Love Cycling Slovensko\" \/>\n<meta property=\"article:published_time\" content=\"2025-11-14T07:45:18+00:00\" \/>\n<meta property=\"article:modified_time\" content=\"2025-11-14T07:47:07+00:00\" \/>\n<meta property=\"og:image\" content=\"https:\/\/d2p6e6u75xmxt8.cloudfront.net\/4\/2025\/11\/SBOT-2025-SLOVENSKY-RAJ-34-of-613-scaled.webp\" \/>\n\t<meta property=\"og:image:width\" content=\"2560\" \/>\n\t<meta property=\"og:image:height\" content=\"1707\" \/>\n\t<meta property=\"og:image:type\" content=\"image\/webp\" \/>\n<meta name=\"author\" content=\"Zozzi\" \/>\n<meta name=\"twitter:card\" content=\"summary_large_image\" \/>\n<meta name=\"twitter:label1\" content=\"Written by\" \/>\n\t<meta name=\"twitter:data1\" content=\"WeLoveCycling\" \/>\n\t<meta name=\"twitter:label2\" content=\"Est. reading time\" \/>\n\t<meta name=\"twitter:data2\" content=\"2\" \/>\n<script type=\"application\/ld+json\" class=\"yoast-schema-graph\">{\"@context\":\"https:\/\/schema.org\",\"@graph\":[{\"@type\":\"WebPage\",\"@id\":\"https:\/\/www.welovecycling.com\/sk\/2025\/11\/14\/skoda-bike-open-tour-2026-terminy-buducej-sezony\/\",\"url\":\"https:\/\/www.welovecycling.com\/sk\/2025\/11\/14\/skoda-bike-open-tour-2026-terminy-buducej-sezony\/\",\"name\":\"\u0160koda Bike Open Tour 2026 \u2013 term\u00edny bud\u00facej sez\u00f3ny - \u0160koda We Love Cycling Slovensko\",\"isPartOf\":{\"@id\":\"https:\/\/www.welovecycling.com\/sk\/#website\"},\"primaryImageOfPage\":{\"@id\":\"https:\/\/www.welovecycling.com\/sk\/2025\/11\/14\/skoda-bike-open-tour-2026-terminy-buducej-sezony\/#primaryimage\"},\"image\":{\"@id\":\"https:\/\/www.welovecycling.com\/sk\/2025\/11\/14\/skoda-bike-open-tour-2026-terminy-buducej-sezony\/#primaryimage\"},\"thumbnailUrl\":\"https:\/\/d2p6e6u75xmxt8.cloudfront.net\/4\/2025\/11\/SBOT-2025-SLOVENSKY-RAJ-34-of-613-scaled.webp\",\"datePublished\":\"2025-11-14T07:45:18+00:00\",\"dateModified\":\"2025-11-14T07:47:07+00:00\",\"author\":{\"@id\":\"https:\/\/www.welovecycling.com\/sk\/#\/schema\/person\/69a353af73d9db8f391581204a521230\"},\"breadcrumb\":{\"@id\":\"https:\/\/www.welovecycling.com\/sk\/2025\/11\/14\/skoda-bike-open-tour-2026-terminy-buducej-sezony\/#breadcrumb\"},\"inLanguage\":\"sk-SK\",\"potentialAction\":[{\"@type\":\"ReadAction\",\"target\":[\"https:\/\/www.welovecycling.com\/sk\/2025\/11\/14\/skoda-bike-open-tour-2026-terminy-buducej-sezony\/\"]}]},{\"@type\":\"ImageObject\",\"inLanguage\":\"sk-SK\",\"@id\":\"https:\/\/www.welovecycling.com\/sk\/2025\/11\/14\/skoda-bike-open-tour-2026-terminy-buducej-sezony\/#primaryimage\",\"url\":\"https:\/\/d2p6e6u75xmxt8.cloudfront.net\/4\/2025\/11\/SBOT-2025-SLOVENSKY-RAJ-34-of-613-scaled.webp\",\"contentUrl\":\"https:\/\/d2p6e6u75xmxt8.cloudfront.net\/4\/2025\/11\/SBOT-2025-SLOVENSKY-RAJ-34-of-613-scaled.webp\",\"width\":2560,\"height\":1707},{\"@type\":\"BreadcrumbList\",\"@id\":\"https:\/\/www.welovecycling.com\/sk\/2025\/11\/14\/skoda-bike-open-tour-2026-terminy-buducej-sezony\/#breadcrumb\",\"itemListElement\":[{\"@type\":\"ListItem\",\"position\":1,\"name\":\"Home\",\"item\":\"https:\/\/www.welovecycling.com\/sk\/\"},{\"@type\":\"ListItem\",\"position\":2,\"name\":\"\u0160koda Bike Open Tour 2026 \u2013 term\u00edny bud\u00facej sez\u00f3ny\"}]},{\"@type\":\"WebSite\",\"@id\":\"https:\/\/www.welovecycling.com\/sk\/#website\",\"url\":\"https:\/\/www.welovecycling.com\/sk\/\",\"name\":\"\u0160koda We Love Cycling Slovensko\",\"description\":\"\u0160koda We Love Cycling Slovensko je v\u00e1\u0161 ka\u017edodenn\u00fd zdroj noviniek a in\u0161pir\u00e1cie z sveta cyklistiky\",\"potentialAction\":[{\"@type\":\"SearchAction\",\"target\":{\"@type\":\"EntryPoint\",\"urlTemplate\":\"https:\/\/www.welovecycling.com\/sk\/?s={search_term_string}\"},\"query-input\":{\"@type\":\"PropertyValueSpecification\",\"valueRequired\":true,\"valueName\":\"search_term_string\"}}],\"inLanguage\":\"sk-SK\"},{\"@type\":\"Person\",\"@id\":\"https:\/\/www.welovecycling.com\/sk\/#\/schema\/person\/69a353af73d9db8f391581204a521230\",\"name\":\"Zozzi\",\"image\":{\"@type\":\"ImageObject\",\"inLanguage\":\"sk-SK\",\"@id\":\"https:\/\/www.welovecycling.com\/sk\/#\/schema\/person\/image\/\",\"url\":\"https:\/\/secure.gravatar.com\/avatar\/0255afbdd216c325a2a30335b3ab5281cba74e43cb20818f979685eff3429a06?s=96&d=mm&r=g\",\"contentUrl\":\"https:\/\/secure.gravatar.com\/avatar\/0255afbdd216c325a2a30335b3ab5281cba74e43cb20818f979685eff3429a06?s=96&d=mm&r=g\",\"caption\":\"Zozzi\"},\"url\":\"https:\/\/www.welovecycling.com\/sk\/author\/zozzi\/\"}]}<\/script>\n<!-- \/ Yoast SEO Premium plugin. -->","yoast_head_json":{"title":"\u0160koda Bike Open Tour 2026 \u2013 term\u00edny bud\u00facej sez\u00f3ny - \u0160koda We Love Cycling Slovensko","robots":{"index":"index","follow":"follow","max-snippet":"max-snippet:-1","max-image-preview":"max-image-preview:large","max-video-preview":"max-video-preview:-1"},"canonical":"https:\/\/www.welovecycling.com\/sk\/2025\/11\/14\/skoda-bike-open-tour-2026-terminy-buducej-sezony\/","og_locale":"sk_SK","og_type":"article","og_title":"\u0160koda Bike Open Tour 2026 \u2013 term\u00edny bud\u00facej sez\u00f3ny","og_description":"S\u00e9ria pretekov \u0160koda Bike Open Tour u\u017e neodmyslite\u013ene patr\u00ed do kalend\u00e1rov horsk\u00fdch cyklistov na Slovensku. Trin\u00e1sty ro\u010dn\u00edk pretekov pon\u00fakne op\u00e4\u0165 [&hellip;]","og_url":"https:\/\/www.welovecycling.com\/sk\/2025\/11\/14\/skoda-bike-open-tour-2026-terminy-buducej-sezony\/","og_site_name":"\u0160koda We Love Cycling Slovensko","article_published_time":"2025-11-14T07:45:18+00:00","article_modified_time":"2025-11-14T07:47:07+00:00","og_image":[{"width":2560,"height":1707,"url":"https:\/\/d2p6e6u75xmxt8.cloudfront.net\/4\/2025\/11\/SBOT-2025-SLOVENSKY-RAJ-34-of-613-scaled.webp","type":"image\/webp"}],"author":"Zozzi","twitter_card":"summary_large_image","twitter_misc":{"Written by":"WeLoveCycling","Est. reading time":"2"},"schema":{"@context":"https:\/\/schema.org","@graph":[{"@type":"WebPage","@id":"https:\/\/www.welovecycling.com\/sk\/2025\/11\/14\/skoda-bike-open-tour-2026-terminy-buducej-sezony\/","url":"https:\/\/www.welovecycling.com\/sk\/2025\/11\/14\/skoda-bike-open-tour-2026-terminy-buducej-sezony\/","name":"\u0160koda Bike Open Tour 2026 \u2013 term\u00edny bud\u00facej sez\u00f3ny - \u0160koda We Love Cycling Slovensko","isPartOf":{"@id":"https:\/\/www.welovecycling.com\/sk\/#website"},"primaryImageOfPage":{"@id":"https:\/\/www.welovecycling.com\/sk\/2025\/11\/14\/skoda-bike-open-tour-2026-terminy-buducej-sezony\/#primaryimage"},"image":{"@id":"https:\/\/www.welovecycling.com\/sk\/2025\/11\/14\/skoda-bike-open-tour-2026-terminy-buducej-sezony\/#primaryimage"},"thumbnailUrl":"https:\/\/d2p6e6u75xmxt8.cloudfront.net\/4\/2025\/11\/SBOT-2025-SLOVENSKY-RAJ-34-of-613-scaled.webp","datePublished":"2025-11-14T07:45:18+00:00","dateModified":"2025-11-14T07:47:07+00:00","author":{"@id":"https:\/\/www.welovecycling.com\/sk\/#\/schema\/person\/69a353af73d9db8f391581204a521230"},"breadcrumb":{"@id":"https:\/\/www.welovecycling.com\/sk\/2025\/11\/14\/skoda-bike-open-tour-2026-terminy-buducej-sezony\/#breadcrumb"},"inLanguage":"sk-SK","potentialAction":[{"@type":"ReadAction","target":["https:\/\/www.welovecycling.com\/sk\/2025\/11\/14\/skoda-bike-open-tour-2026-terminy-buducej-sezony\/"]}]},{"@type":"ImageObject","inLanguage":"sk-SK","@id":"https:\/\/www.welovecycling.com\/sk\/2025\/11\/14\/skoda-bike-open-tour-2026-terminy-buducej-sezony\/#primaryimage","url":"https:\/\/d2p6e6u75xmxt8.cloudfront.net\/4\/2025\/11\/SBOT-2025-SLOVENSKY-RAJ-34-of-613-scaled.webp","contentUrl":"https:\/\/d2p6e6u75xmxt8.cloudfront.net\/4\/2025\/11\/SBOT-2025-SLOVENSKY-RAJ-34-of-613-scaled.webp","width":2560,"height":1707},{"@type":"BreadcrumbList","@id":"https:\/\/www.welovecycling.com\/sk\/2025\/11\/14\/skoda-bike-open-tour-2026-terminy-buducej-sezony\/#breadcrumb","itemListElement":[{"@type":"ListItem","position":1,"name":"Home","item":"https:\/\/www.welovecycling.com\/sk\/"},{"@type":"ListItem","position":2,"name":"\u0160koda Bike Open Tour 2026 \u2013 term\u00edny bud\u00facej sez\u00f3ny"}]},{"@type":"WebSite","@id":"https:\/\/www.welovecycling.com\/sk\/#website","url":"https:\/\/www.welovecycling.com\/sk\/","name":"\u0160koda We Love Cycling Slovensko","description":"\u0160koda We Love Cycling Slovensko je v\u00e1\u0161 ka\u017edodenn\u00fd zdroj noviniek a in\u0161pir\u00e1cie z sveta cyklistiky","potentialAction":[{"@type":"SearchAction","target":{"@type":"EntryPoint","urlTemplate":"https:\/\/www.welovecycling.com\/sk\/?s={search_term_string}"},"query-input":{"@type":"PropertyValueSpecification","valueRequired":true,"valueName":"search_term_string"}}],"inLanguage":"sk-SK"},{"@type":"Person","@id":"https:\/\/www.welovecycling.com\/sk\/#\/schema\/person\/69a353af73d9db8f391581204a521230","name":"Zozzi","image":{"@type":"ImageObject","inLanguage":"sk-SK","@id":"https:\/\/www.welovecycling.com\/sk\/#\/schema\/person\/image\/","url":"https:\/\/secure.gravatar.com\/avatar\/0255afbdd216c325a2a30335b3ab5281cba74e43cb20818f979685eff3429a06?s=96&d=mm&r=g","contentUrl":"https:\/\/secure.gravatar.com\/avatar\/0255afbdd216c325a2a30335b3ab5281cba74e43cb20818f979685eff3429a06?s=96&d=mm&r=g","caption":"Zozzi"},"url":"https:\/\/www.welovecycling.com\/sk\/author\/zozzi\/"}]}},"_links":{"self":[{"href":"https:\/\/www.welovecycling.com\/sk\/wp-json\/wp\/v2\/posts\/21184","targetHints":{"allow":["GET"]}}],"collection":[{"href":"https:\/\/www.welovecycling.com\/sk\/wp-json\/wp\/v2\/posts"}],"about":[{"href":"https:\/\/www.welovecycling.com\/sk\/wp-json\/wp\/v2\/types\/post"}],"author":[{"embeddable":true,"href":"https:\/\/www.welovecycling.com\/sk\/wp-json\/wp\/v2\/users\/40"}],"replies":[{"embeddable":true,"href":"https:\/\/www.welovecycling.com\/sk\/wp-json\/wp\/v2\/comments?post=21184"}],"version-history":[{"count":9,"href":"https:\/\/www.welovecycling.com\/sk\/wp-json\/wp\/v2\/posts\/21184\/revisions"}],"predecessor-version":[{"id":21200,"href":"https:\/\/www.welovecycling.com\/sk\/wp-json\/wp\/v2\/posts\/21184\/revisions\/21200"}],"wp:featuredmedia":[{"embeddable":true,"href":"https:\/\/www.welovecycling.com\/sk\/wp-json\/wp\/v2\/media\/21191"}],"wp:attachment":[{"href":"https:\/\/www.welovecycling.com\/sk\/wp-json\/wp\/v2\/media?parent=21184"}],"wp:term":[{"taxonomy":"category","embeddable":true,"href":"https:\/\/www.welovecycling.com\/sk\/wp-json\/wp\/v2\/categories?post=21184"},{"taxonomy":"post_tag","embeddable":true,"href":"https:\/\/www.welovecycling.com\/sk\/wp-json\/wp\/v2\/tags?post=21184"},{"taxonomy":"global-categories","embeddable":true,"href":"https:\/\/www.welovecycling.com\/sk\/wp-json\/wp\/v2\/global-categories?post=21184"}],"curies":[{"name":"wp","href":"https:\/\/api.w.org\/{rel}","templated":true}]}}