{"id":21159,"date":"2025-10-24T10:58:26","date_gmt":"2025-10-24T08:58:26","guid":{"rendered":"https:\/\/www.welovecycling.com\/sk\/?p=21159"},"modified":"2025-10-24T10:59:11","modified_gmt":"2025-10-24T08:59:11","slug":"preco-je-gravel-dokonalym-jesennym-zazitkom-pre-kazdeho-cyklistu","status":"publish","type":"post","link":"https:\/\/www.welovecycling.com\/sk\/2025\/10\/24\/preco-je-gravel-dokonalym-jesennym-zazitkom-pre-kazdeho-cyklistu\/","title":{"rendered":"Pre\u010do je gravel dokonal\u00fdm jesenn\u00fdm z\u00e1\u017eitkom pre ka\u017ed\u00e9ho cyklistu"},"content":{"rendered":"<p><strong>Bo\u017ee, u\u017e ma unavoval ten pocit, \u017ee pri bicyklovan\u00ed som prepoten\u00fd do nitky. V\u010fakabohu, \u017ee letn\u00e9 hor\u00fa\u010davy s\u00fa pre\u010d a kone\u010dne nastal \u010das na chladnej\u0161ie jazdy. Jese\u0148 je bezpochyby fantastick\u00e9 obdobie pre cyklistiku. Vzduch je svie\u017ei, v\u00fdh\u013eady s\u00fa ve\u013ekolep\u00e9 a samotn\u00e9 jazdy s\u00fa ove\u013ea pr\u00edjemnej\u0161ie. Doch\u00e1dzanie do pr\u00e1ce? To u\u017e tak ve\u013emi nie.\u00a0<\/strong><\/p>\n<p><!--more--><\/p>\n<h2><b>Perfektn\u00e9 po\u010dasie<\/b><\/h2>\n<p><span style=\"font-weight: 400;\">U\u017e \u017eiadne potenie sa na asfalte. Jese\u0148 ochladzuje, \u010do znie skvele pre cestn\u00fdch jazdcov, k\u00fdm si nespomeniete, \u017ee jazdia dos\u0165 r\u00fdchlo na to, aby sa z \u013eahk\u00e9ho v\u00e1nku razom stal sib\u00edrsky sever\u00e1k. Horsk\u00e1 cyklistika (MTB)? Z\u00e1bava po cel\u00fd rok, ale jesenn\u00e9 traily \u010dasto znamenaj\u00fa, \u017ee v\u00e1s od celotelov\u00e9ho bahenn\u00e9ho k\u00fape\u013ea del\u00ed len jeden zl\u00fd pohyb \u010di nespr\u00e1vna stopa.<\/span><\/p>\n<p>Gravel vytv\u00e1ra rovnov\u00e1hu. R\u00fdchlosti s\u00fa stabiln\u00e9, povrch zost\u00e1va pri\u013enav\u00fd. Pohybujete sa dostato\u010dne r\u00fdchlo na to, aby ste pre\u0161li vzdialenos\u0165, ale dostato\u010dne pomaly, aby ste si skuto\u010dne c\u00edtili prsty. V\u00e4\u010d\u0161ina tr\u00e1s vedie v ni\u017e\u0161\u00edch nadmorsk\u00fdch v\u00fd\u0161kach, tak\u017ee sa pri st\u00fapan\u00ed nespot\u00edte len preto, aby ste na vrchole zmrzli ako nanuk. Gravel v\u00e1m poskytuje dobrodru\u017estvo bez extr\u00e9mov. V\u010faka nemu m\u00e1te z jesene pocit, \u017ee je to sez\u00f3na na vychutnanie si jazdy, nie na jej pre\u017eitie.<\/p>\n<h2><b>Pred\u013a\u017eenie sez\u00f3ny pre nov\u00fdch cyklistov<\/b><\/h2>\n<p><span style=\"font-weight: 400;\">Za\u010diato\u010dn\u00edkom sa dar\u00ed v lete. Such\u00fd asfalt, predv\u00eddate\u013en\u00e9 traily, \u017eiadne \u0161myk\u013eav\u00e9 l\u00edstie, ktor\u00e9 skr\u00fdva v\u00fdmole a in\u00e9 n\u00e1strahy. MTB v lete? Fantastick\u00e9: \u017eiadne mokr\u00e9 korene. Cestn\u00e1 cyklistika? Hladk\u00e1 a bezpe\u010dn\u00e1, pokia\u013e sa neroztop\u00edte v hor\u00fa\u010dav\u00e1ch. Jese\u0148 men\u00ed pravidl\u00e1. Cesty s\u00fa klzk\u00e9 od mokr\u00e9ho l\u00edstia, MTB traily sa menia na prek\u00e1\u017ekov\u00e9 dr\u00e1hy typu \u201e\u0161m\u00fdka\u010dka\u201c a zrazu sa to bezpe\u010dn\u00e9 letn\u00e9 ihrisko tv\u00e1ri, akoby v\u00e1s chcelo dosta\u0165.<\/span><\/p>\n<p><span style=\"font-weight: 400;\">Gravel je miesto, kde m\u00f4\u017eu za\u010diato\u010dn\u00edci pokra\u010dova\u0165 v jazde bez toho, aby do svojho programu pridali \u201en\u00e1v\u0161tevu nemocnice\u201c. Vlhk\u00e1 cesta pon\u00faka pri\u013enavos\u0165 bez toho, aby sa zmenila na klzisko. Ter\u00e9n je r\u00f4znorod\u00fd, ale len zriedka technick\u00fd nato\u013eko, aby trestal chyby zlomen\u00fdmi kos\u0165ami. St\u00e1le sa trochu \u0161myknete, ale je to kontrolovan\u00fd chaos. Pre ka\u017ed\u00e9ho, kto chce pokra\u010dova\u0165 v jazden\u00ed aj po septembri je gravel zlat\u00e1 vstupenka.<\/span><\/p>\n<div class=\"embed-controller-wrapper\">\n<div class=\"embed-wrapper\"><iframe title=\"Gravel Cycling Tips: Master Cornering, Descending &amp; Climbing with @JulietElliottsChannel\" width=\"500\" height=\"281\" data-src=\"https:\/\/www.youtube.com\/embed\/fppcd91IJVE?feature=oembed&#038;si=OzO4rETJT-Um6glQ&#038;enablejsapi=1\" frameborder=\"0\" allow=\"accelerometer; autoplay; clipboard-write; encrypted-media; gyroscope; picture-in-picture; web-share\" referrerpolicy=\"strict-origin-when-cross-origin\" allowfullscreen><\/iframe><\/div>\n<\/div>\n<h2><b>Kone\u010dne jazdy bez prachu<\/b><\/h2>\n<p><span style=\"font-weight: 400;\">Gravel je v lete z\u00e1bava, ale ten prach? U\u017e menej. Do augusta v podstate vdychujete p\u00fa\u0161\u0165. Va\u0161a voda chut\u00ed ako \u0161pinav\u00e1 polievka, nos sa st\u00e1va v\u00e1kuov\u00fdm filtrom. Jazdite za niek\u00fdm desa\u0165 min\u00fat a budete potrebova\u0165 archeol\u00f3ga, aby v\u00e1m vyhrabal zuby z tej \u0161piny.<\/span><\/p>\n<p><span style=\"font-weight: 400;\">Jese\u0148 to rie\u0161i. Trochu da\u017e\u010fa udr\u017euje traily vlhk\u00e9, \u010do znamen\u00e1, \u017ee prach zost\u00e1va na zemi. Na rozdiel od mokr\u00e9ho asfaltu, ktor\u00fd sa st\u00e1va klziskom pre dospel\u00fdch, alebo MTB trailov, ktor\u00e9 sa transformuj\u00fa na ar\u00e9ny pre z\u00e1pasy v bahne, gravel sa st\u00e1va dokonal\u00fdm. Jese\u0148 je jedin\u00e9 ro\u010dn\u00e9 obdobie, kedy va\u0161a f\u013ea\u0161a s vodou chut\u00ed ako skuto\u010dn\u00e1 voda namiesto zemitej polievky, nezjete asi 300 kal\u00f3ri\u00ed zeminy a va\u0161e o\u010di m\u00f4\u017eu zosta\u0165 otvoren\u00e9 bez toho, aby sa zmenili na mal\u00e9 pieskovisk\u00e1.<\/span><\/p>\n<h2><b>U\u017e \u017eiadni turisti<\/b><\/h2>\n<p><span style=\"font-weight: 400;\">Letn\u00e9 gravel jazdy s\u00fa testom trpezlivosti. Ter\u00e9nne \u0161tvorkolky bur\u00e1caj\u00face okolo, buginy blokuj\u00face tra\u0165, rodiny roz\u0165ahan\u00e9 po celej ceste, preto\u017ee mal\u00fd Timmy trv\u00e1 na tom, \u017ee bude jazdi\u0165 diagon\u00e1lne. Ka\u017ed\u00fd v\u00fdjazd je ako prek\u00e1\u017ekov\u00e1 dr\u00e1ha navrhnut\u00e1 \u013eu\u010fmi, ktor\u00ed nezn\u00e1\u0161aj\u00fa cyklistov.<\/span><\/p>\n<p><span style=\"font-weight: 400;\">Jese\u0148 uvo\u013e\u0148uje p\u00f3dium. Turisti sa zbalia, exkurzie typu \u201ez\u00e1bava pre cel\u00fa rodinu\u201c zmizn\u00fa a zrazu s\u00fa \u0161trkov\u00e9 cesty op\u00e4\u0165 va\u0161e. \u017diadne k\u013eu\u010dkovanie medzi \u0161tvorkolkami, \u017eiadne vyh\u00fdbanie sa piknikov\u00fdm skupin\u00e1m, \u017eiadne tr\u00e1pne \u00fasmevy, ke\u010f sa pretl\u00e1\u010date okolo desiatich \u013eud\u00ed, ktor\u00ed si va\u0161u trasu pom\u00fdlili s pe\u0161ou t\u00farou. To, \u010do zost\u00e1va, je ticho. Len vy, chrumkanie pneumat\u00edk na \u0161trku a ob\u010dasn\u00fd vt\u00e1k, ktor\u00fd v\u00e1s premeriava poh\u013eadom. <\/span><a href=\"https:\/\/www.youtube.com\/watch?v=fppcd91IJVE\"><span style=\"font-weight: 400;\">Jazda na graveli <\/span><\/a><span style=\"font-weight: 400;\">je kone\u010dna tak\u00e1, ak\u00e1 by mala by\u0165 \u2013 pokojn\u00e1, stabiln\u00e1 a bez turistickej prem\u00e1vky.<\/span><\/p>\n<h2><b>Otv\u00e1raj\u00fa sa po\u013en\u00e9 cesty po zbere \u00farody<\/b><\/h2>\n<p><span style=\"font-weight: 400;\">V lete sl\u00fa\u017eia \u0161trkov\u00e9 cesty aj ako dia\u013enice pre traktory, kombajny a farm\u00e1rov vykon\u00e1vaj\u00facich skuto\u010dne d\u00f4le\u017eit\u00fa pr\u00e1cu&#8230; Na jese\u0148 s\u00fa polia pr\u00e1zdne, \u00faroda je uskladnen\u00e1 a tie ist\u00e9 \u0161trkov\u00e9 cesty sa premie\u0148aj\u00fa na \u0161iroko otvoren\u00e9 ihrisk\u00e1. \u017diadne vyh\u00fdbanie sa strojom, \u017eiadne tr\u00e1pne m\u00e1vanie farm\u00e1rom, ktor\u00ed sa \u010duduj\u00fa, pre\u010do sa spoten\u00fd cyklista r\u00fati okolo ich stodoly. Len tich\u00e9 cesty lemovan\u00e9 pr\u00e1zdnymi poliami, kone\u010dne len pre v\u00e1s.<\/span><\/p>\n<p><span style=\"font-weight: 400;\">Je to jedin\u00e9 ro\u010dn\u00e9 obdobie, kedy si m\u00f4\u017eete vychutna\u0165 vidiek bez pocitu, \u017ee niekomu nar\u00fa\u0161ate jeho komfort.<\/span><\/p>\n<h2><b>Farby, kv\u00f4li ktor\u00fdm sa oplat\u00ed spomali\u0165<\/b><\/h2>\n<p><span style=\"font-weight: 400;\">L\u00faky, stromy a k\u00fazlo pr\u00edrody pomaly umieraj\u00fa. Je to kr\u00e1sne tragick\u00e9. A sk\u00f4r, ne\u017e sa rozpla\u010dem nad dualitou jesene a jej nevyhnutn\u00e9ho \u00fapadku, povedzme si to takto: toto ro\u010dn\u00e9 obdobie vyzer\u00e1 neuverite\u013ene a stoj\u00ed za to vidie\u0165 ho viac.<\/span><\/p>\n<p><span style=\"font-weight: 400;\">Gravel je na to ide\u00e1lny sp\u00f4sob. Cestn\u00e1 cyklistika v\u00e1s n\u00fati s\u00fastredi\u0165 sa na prem\u00e1vku a na to, aby ste sa udr\u017eali vzpriamene na asfaltke pokrytej l\u00edst\u00edm. MTB v\u00e1s pochov\u00e1 v blate a kore\u0148och sk\u00f4r, ako stihnete obdivova\u0165 jedin\u00fd v\u00fdh\u013ead. Gravel v\u00e1m v\u0161ak poskytuje spr\u00e1vne tempo na to, aby ste sa rozhliadli, vytiahli fotoapar\u00e1t alebo si jednoducho vychutnali scen\u00e9riu bez toho, aby ste potom potrebovali kompletn\u00e9 o\u010distenie v protichemickom obleku. Je to cyklistick\u00e1 verzia pomal\u00e9ho kina. N\u00e1dhern\u00e9, tich\u00e9, trochu melancholick\u00e9 a najlep\u0161ie sa vychutn\u00e1va pri chrumkan\u00ed pneumat\u00edk na vlhkom \u0161trku namiesto drkotania zubov na klzkom chodn\u00edku.<\/span><\/p>\n<h2><b>Je to t\u00e1 gravel sez\u00f3na<\/b><\/h2>\n<p><span style=\"font-weight: 400;\">Jese\u0148 je obdobie, kedy gravel zaujme centrum pozornosti. Cestn\u00e9 preteky sa skon\u010dili, MTB traily s\u00fa na polceste k mo\u010diarom, ale gravel? Gravel je v\u0161ade. Komunitn\u00e9 jazdy, miestne festivaly, dlh\u00e9 \u201eutrpenia\u201c, ktor\u00e9 s\u013eubuj\u00fa \u201ez\u00e1bavu\u201c, ale v\u00e4\u010d\u0161inou prin\u00e1\u0161aj\u00fa len bo\u013eav\u00e9 nohy a to jedno miesto s \u00fa\u017easn\u00fdm v\u00fdh\u013eadom je \u201ezatvoren\u00e9 na zimu\u201c.<\/span><\/p>\n<p><span style=\"font-weight: 400;\">Je to discipl\u00edna, ktor\u00e1 odmieta hibernova\u0165. Jazdci sa stret\u00e1vaj\u00fa, prech\u00e1dzaj\u00fa vidiekom a menia ro\u010dn\u00e9 obdobie na oslavu namiesto druhoradej my\u0161lienky. Jesenn\u00e9 gravel podujatia s\u00fa miestom, kde n\u00e1jdete energiu leta, ale bez \u00fapalu.<\/span><\/p>\n<p><span style=\"font-weight: 400;\">Ak ste niekedy prem\u00fd\u0161\u013eali, pre\u010do sa gravel stal najr\u00fdchlej\u0161ie rast\u00facou cyklistickou discipl\u00ednou, <\/span><a href=\"https:\/\/www.welovecycling.com\/wide\/2024\/10\/11\/5-tips-for-cycling-training-in-autumn\/\"><span style=\"font-weight: 400;\">odpove\u010fou je jese\u0148.<\/span><\/a><span style=\"font-weight: 400;\"> Toto je sez\u00f3na, kedy \u017eiari.<\/span><\/p>\n<h2><b>Zlat\u00e1 stredn\u00e1 cesta<\/b><\/h2>\n<p><span style=\"font-weight: 400;\">Jese\u0148 nepatr\u00ed cestn\u00fdm jazdcom mrzn\u00facim pri zjazdoch, ani MTB fanatikom pl\u00e1vaj\u00facim v blate. Patr\u00ed gravelu. Po\u010dasie je chladnej\u0161ie, ale nie krut\u00e9, traily s\u00fa pevn\u00e9, ale nie pra\u0161n\u00e9 a scen\u00e9ria je dostato\u010dne tragick\u00e1 na to, aby sa aj ten najostrie\u013eanej\u0161\u00ed jazdec zastavil na fotku. Gravel na jese\u0148 je bod rovnov\u00e1hy. Dobrodru\u017estvo bez chaosu. Kr\u00e1sa bez katastrofy.\u00a0<\/span><\/p>\n<p><span style=\"font-weight: 400;\">Tak\u017ee \u00e1no, leto malo svoju sl\u00e1vu a zima bude ma\u0165 svoje utrpenia, ale jese\u0148 je sez\u00f3na gravelu. Jazdite spr\u00e1vne a spomeniete si, pre\u010do ste sa do cyklistiky zamilovali&#8230; Aj ke\u010f va\u0161e top\u00e1nky pones\u00fa t\u00fa prv\u00fa jesenn\u00fa vlhkos\u0165 a\u017e do bud\u00faceho leta.<\/span><\/p>\n","protected":false},"excerpt":{"rendered":"<p>Bo\u017ee, u\u017e ma unavoval ten pocit, \u017ee pri bicyklovan\u00ed som prepoten\u00fd do nitky. V\u010fakabohu, \u017ee letn\u00e9 hor\u00fa\u010davy s\u00fa pre\u010d a [&hellip;]<\/p>\n","protected":false},"author":191,"featured_media":20117,"comment_status":"closed","ping_status":"closed","sticky":false,"template":"","format":"standard","meta":{"footnotes":""},"categories":[3],"tags":[559,619,115,546,259,180,532,767,412,161],"global-categories":[],"class_list":["post-21159","post","type-post","status-publish","format-standard","has-post-thumbnail","hentry","category-mtb","tag-bicykel","tag-bicyklovanie","tag-cestna-cyklistika","tag-cyklistika","tag-gravel","tag-horska-cyklistika","tag-jazdenie","tag-motivacia","tag-mtb","tag-zdravie"],"yoast_head":"<!-- This site is optimized with the Yoast SEO Premium plugin v25.3 (Yoast SEO v25.9) - https:\/\/yoast.com\/wordpress\/plugins\/seo\/ -->\n<title>Pre\u010do je gravel dokonal\u00fdm jesenn\u00fdm z\u00e1\u017eitkom pre ka\u017ed\u00e9ho cyklistu - \u0160koda We Love Cycling Slovensko<\/title>\n<meta name=\"description\" content=\"Gravel bez prachu a turistov? Jese\u0148 prin\u00e1\u0161a ide\u00e1lne podmienky, kr\u00e1su vidieka a pokoj, ktor\u00fd v lete nen\u00e1jdete.\" \/>\n<meta name=\"robots\" content=\"index, follow, max-snippet:-1, max-image-preview:large, max-video-preview:-1\" \/>\n<link rel=\"canonical\" href=\"https:\/\/www.welovecycling.com\/sk\/2025\/10\/24\/preco-je-gravel-dokonalym-jesennym-zazitkom-pre-kazdeho-cyklistu\/\" \/>\n<meta property=\"og:locale\" content=\"sk_SK\" \/>\n<meta property=\"og:type\" content=\"article\" \/>\n<meta property=\"og:title\" content=\"Pre\u010do je gravel dokonal\u00fdm jesenn\u00fdm z\u00e1\u017eitkom pre ka\u017ed\u00e9ho cyklistu\" \/>\n<meta property=\"og:description\" content=\"Gravel bez prachu a turistov? Jese\u0148 prin\u00e1\u0161a ide\u00e1lne podmienky, kr\u00e1su vidieka a pokoj, ktor\u00fd v lete nen\u00e1jdete.\" \/>\n<meta property=\"og:url\" content=\"https:\/\/www.welovecycling.com\/sk\/2025\/10\/24\/preco-je-gravel-dokonalym-jesennym-zazitkom-pre-kazdeho-cyklistu\/\" \/>\n<meta property=\"og:site_name\" content=\"\u0160koda We Love Cycling Slovensko\" \/>\n<meta property=\"article:published_time\" content=\"2025-10-24T08:58:26+00:00\" \/>\n<meta property=\"article:modified_time\" content=\"2025-10-24T08:59:11+00:00\" \/>\n<meta property=\"og:image\" content=\"https:\/\/d2p6e6u75xmxt8.cloudfront.net\/4\/2025\/03\/Gravel-Path-Handlebars-profimedia-0906602013-CVR.webp\" \/>\n\t<meta property=\"og:image:width\" content=\"990\" \/>\n\t<meta property=\"og:image:height\" content=\"660\" \/>\n\t<meta property=\"og:image:type\" content=\"image\/webp\" \/>\n<meta name=\"author\" content=\"michal\" \/>\n<meta name=\"twitter:card\" content=\"summary_large_image\" \/>\n<meta name=\"twitter:label1\" content=\"Written by\" \/>\n\t<meta name=\"twitter:data1\" content=\"Martin Atanasov\" \/>\n\t<meta name=\"twitter:label2\" content=\"Est. reading time\" \/>\n\t<meta name=\"twitter:data2\" content=\"3\" \/>\n<script type=\"application\/ld+json\" class=\"yoast-schema-graph\">{\"@context\":\"https:\/\/schema.org\",\"@graph\":[{\"@type\":\"WebPage\",\"@id\":\"https:\/\/www.welovecycling.com\/sk\/2025\/10\/24\/preco-je-gravel-dokonalym-jesennym-zazitkom-pre-kazdeho-cyklistu\/\",\"url\":\"https:\/\/www.welovecycling.com\/sk\/2025\/10\/24\/preco-je-gravel-dokonalym-jesennym-zazitkom-pre-kazdeho-cyklistu\/\",\"name\":\"Pre\u010do je gravel dokonal\u00fdm jesenn\u00fdm z\u00e1\u017eitkom pre ka\u017ed\u00e9ho cyklistu - \u0160koda We Love Cycling Slovensko\",\"isPartOf\":{\"@id\":\"https:\/\/www.welovecycling.com\/sk\/#website\"},\"primaryImageOfPage\":{\"@id\":\"https:\/\/www.welovecycling.com\/sk\/2025\/10\/24\/preco-je-gravel-dokonalym-jesennym-zazitkom-pre-kazdeho-cyklistu\/#primaryimage\"},\"image\":{\"@id\":\"https:\/\/www.welovecycling.com\/sk\/2025\/10\/24\/preco-je-gravel-dokonalym-jesennym-zazitkom-pre-kazdeho-cyklistu\/#primaryimage\"},\"thumbnailUrl\":\"https:\/\/d2p6e6u75xmxt8.cloudfront.net\/4\/2025\/03\/Gravel-Path-Handlebars-profimedia-0906602013-CVR.webp\",\"datePublished\":\"2025-10-24T08:58:26+00:00\",\"dateModified\":\"2025-10-24T08:59:11+00:00\",\"author\":{\"@id\":\"https:\/\/www.welovecycling.com\/sk\/#\/schema\/person\/45e989de48eace55eb338c027dc5a65e\"},\"description\":\"Gravel bez prachu a turistov? Jese\u0148 prin\u00e1\u0161a ide\u00e1lne podmienky, kr\u00e1su vidieka a pokoj, ktor\u00fd v lete nen\u00e1jdete.\",\"breadcrumb\":{\"@id\":\"https:\/\/www.welovecycling.com\/sk\/2025\/10\/24\/preco-je-gravel-dokonalym-jesennym-zazitkom-pre-kazdeho-cyklistu\/#breadcrumb\"},\"inLanguage\":\"sk-SK\",\"potentialAction\":[{\"@type\":\"ReadAction\",\"target\":[\"https:\/\/www.welovecycling.com\/sk\/2025\/10\/24\/preco-je-gravel-dokonalym-jesennym-zazitkom-pre-kazdeho-cyklistu\/\"]}]},{\"@type\":\"ImageObject\",\"inLanguage\":\"sk-SK\",\"@id\":\"https:\/\/www.welovecycling.com\/sk\/2025\/10\/24\/preco-je-gravel-dokonalym-jesennym-zazitkom-pre-kazdeho-cyklistu\/#primaryimage\",\"url\":\"https:\/\/d2p6e6u75xmxt8.cloudfront.net\/4\/2025\/03\/Gravel-Path-Handlebars-profimedia-0906602013-CVR.webp\",\"contentUrl\":\"https:\/\/d2p6e6u75xmxt8.cloudfront.net\/4\/2025\/03\/Gravel-Path-Handlebars-profimedia-0906602013-CVR.webp\",\"width\":990,\"height\":660,\"caption\":\"Bike handlbars\"},{\"@type\":\"BreadcrumbList\",\"@id\":\"https:\/\/www.welovecycling.com\/sk\/2025\/10\/24\/preco-je-gravel-dokonalym-jesennym-zazitkom-pre-kazdeho-cyklistu\/#breadcrumb\",\"itemListElement\":[{\"@type\":\"ListItem\",\"position\":1,\"name\":\"Home\",\"item\":\"https:\/\/www.welovecycling.com\/sk\/\"},{\"@type\":\"ListItem\",\"position\":2,\"name\":\"Pre\u010do je gravel dokonal\u00fdm jesenn\u00fdm z\u00e1\u017eitkom pre ka\u017ed\u00e9ho cyklistu\"}]},{\"@type\":\"WebSite\",\"@id\":\"https:\/\/www.welovecycling.com\/sk\/#website\",\"url\":\"https:\/\/www.welovecycling.com\/sk\/\",\"name\":\"\u0160koda We Love Cycling Slovensko\",\"description\":\"\u0160koda We Love Cycling Slovensko je v\u00e1\u0161 ka\u017edodenn\u00fd zdroj noviniek a in\u0161pir\u00e1cie z sveta cyklistiky\",\"potentialAction\":[{\"@type\":\"SearchAction\",\"target\":{\"@type\":\"EntryPoint\",\"urlTemplate\":\"https:\/\/www.welovecycling.com\/sk\/?s={search_term_string}\"},\"query-input\":{\"@type\":\"PropertyValueSpecification\",\"valueRequired\":true,\"valueName\":\"search_term_string\"}}],\"inLanguage\":\"sk-SK\"},{\"@type\":\"Person\",\"@id\":\"https:\/\/www.welovecycling.com\/sk\/#\/schema\/person\/45e989de48eace55eb338c027dc5a65e\",\"name\":\"michal\",\"image\":{\"@type\":\"ImageObject\",\"inLanguage\":\"sk-SK\",\"@id\":\"https:\/\/www.welovecycling.com\/sk\/#\/schema\/person\/image\/\",\"url\":\"https:\/\/secure.gravatar.com\/avatar\/7f8deb1af8506a5f53d1b779436f546bce1c8c40c09780107ad3811c7dc4bbcb?s=96&d=mm&r=g\",\"contentUrl\":\"https:\/\/secure.gravatar.com\/avatar\/7f8deb1af8506a5f53d1b779436f546bce1c8c40c09780107ad3811c7dc4bbcb?s=96&d=mm&r=g\",\"caption\":\"michal\"},\"url\":\"https:\/\/www.welovecycling.com\/sk\/author\/michal\/\"}]}<\/script>\n<!-- \/ Yoast SEO Premium plugin. -->","yoast_head_json":{"title":"Pre\u010do je gravel dokonal\u00fdm jesenn\u00fdm z\u00e1\u017eitkom pre ka\u017ed\u00e9ho cyklistu - \u0160koda We Love Cycling Slovensko","description":"Gravel bez prachu a turistov? Jese\u0148 prin\u00e1\u0161a ide\u00e1lne podmienky, kr\u00e1su vidieka a pokoj, ktor\u00fd v lete nen\u00e1jdete.","robots":{"index":"index","follow":"follow","max-snippet":"max-snippet:-1","max-image-preview":"max-image-preview:large","max-video-preview":"max-video-preview:-1"},"canonical":"https:\/\/www.welovecycling.com\/sk\/2025\/10\/24\/preco-je-gravel-dokonalym-jesennym-zazitkom-pre-kazdeho-cyklistu\/","og_locale":"sk_SK","og_type":"article","og_title":"Pre\u010do je gravel dokonal\u00fdm jesenn\u00fdm z\u00e1\u017eitkom pre ka\u017ed\u00e9ho cyklistu","og_description":"Gravel bez prachu a turistov? Jese\u0148 prin\u00e1\u0161a ide\u00e1lne podmienky, kr\u00e1su vidieka a pokoj, ktor\u00fd v lete nen\u00e1jdete.","og_url":"https:\/\/www.welovecycling.com\/sk\/2025\/10\/24\/preco-je-gravel-dokonalym-jesennym-zazitkom-pre-kazdeho-cyklistu\/","og_site_name":"\u0160koda We Love Cycling Slovensko","article_published_time":"2025-10-24T08:58:26+00:00","article_modified_time":"2025-10-24T08:59:11+00:00","og_image":[{"width":990,"height":660,"url":"https:\/\/d2p6e6u75xmxt8.cloudfront.net\/4\/2025\/03\/Gravel-Path-Handlebars-profimedia-0906602013-CVR.webp","type":"image\/webp"}],"author":"michal","twitter_card":"summary_large_image","twitter_misc":{"Written by":"Martin Atanasov","Est. reading time":"3"},"schema":{"@context":"https:\/\/schema.org","@graph":[{"@type":"WebPage","@id":"https:\/\/www.welovecycling.com\/sk\/2025\/10\/24\/preco-je-gravel-dokonalym-jesennym-zazitkom-pre-kazdeho-cyklistu\/","url":"https:\/\/www.welovecycling.com\/sk\/2025\/10\/24\/preco-je-gravel-dokonalym-jesennym-zazitkom-pre-kazdeho-cyklistu\/","name":"Pre\u010do je gravel dokonal\u00fdm jesenn\u00fdm z\u00e1\u017eitkom pre ka\u017ed\u00e9ho cyklistu - \u0160koda We Love Cycling Slovensko","isPartOf":{"@id":"https:\/\/www.welovecycling.com\/sk\/#website"},"primaryImageOfPage":{"@id":"https:\/\/www.welovecycling.com\/sk\/2025\/10\/24\/preco-je-gravel-dokonalym-jesennym-zazitkom-pre-kazdeho-cyklistu\/#primaryimage"},"image":{"@id":"https:\/\/www.welovecycling.com\/sk\/2025\/10\/24\/preco-je-gravel-dokonalym-jesennym-zazitkom-pre-kazdeho-cyklistu\/#primaryimage"},"thumbnailUrl":"https:\/\/d2p6e6u75xmxt8.cloudfront.net\/4\/2025\/03\/Gravel-Path-Handlebars-profimedia-0906602013-CVR.webp","datePublished":"2025-10-24T08:58:26+00:00","dateModified":"2025-10-24T08:59:11+00:00","author":{"@id":"https:\/\/www.welovecycling.com\/sk\/#\/schema\/person\/45e989de48eace55eb338c027dc5a65e"},"description":"Gravel bez prachu a turistov? Jese\u0148 prin\u00e1\u0161a ide\u00e1lne podmienky, kr\u00e1su vidieka a pokoj, ktor\u00fd v lete nen\u00e1jdete.","breadcrumb":{"@id":"https:\/\/www.welovecycling.com\/sk\/2025\/10\/24\/preco-je-gravel-dokonalym-jesennym-zazitkom-pre-kazdeho-cyklistu\/#breadcrumb"},"inLanguage":"sk-SK","potentialAction":[{"@type":"ReadAction","target":["https:\/\/www.welovecycling.com\/sk\/2025\/10\/24\/preco-je-gravel-dokonalym-jesennym-zazitkom-pre-kazdeho-cyklistu\/"]}]},{"@type":"ImageObject","inLanguage":"sk-SK","@id":"https:\/\/www.welovecycling.com\/sk\/2025\/10\/24\/preco-je-gravel-dokonalym-jesennym-zazitkom-pre-kazdeho-cyklistu\/#primaryimage","url":"https:\/\/d2p6e6u75xmxt8.cloudfront.net\/4\/2025\/03\/Gravel-Path-Handlebars-profimedia-0906602013-CVR.webp","contentUrl":"https:\/\/d2p6e6u75xmxt8.cloudfront.net\/4\/2025\/03\/Gravel-Path-Handlebars-profimedia-0906602013-CVR.webp","width":990,"height":660,"caption":"Bike handlbars"},{"@type":"BreadcrumbList","@id":"https:\/\/www.welovecycling.com\/sk\/2025\/10\/24\/preco-je-gravel-dokonalym-jesennym-zazitkom-pre-kazdeho-cyklistu\/#breadcrumb","itemListElement":[{"@type":"ListItem","position":1,"name":"Home","item":"https:\/\/www.welovecycling.com\/sk\/"},{"@type":"ListItem","position":2,"name":"Pre\u010do je gravel dokonal\u00fdm jesenn\u00fdm z\u00e1\u017eitkom pre ka\u017ed\u00e9ho cyklistu"}]},{"@type":"WebSite","@id":"https:\/\/www.welovecycling.com\/sk\/#website","url":"https:\/\/www.welovecycling.com\/sk\/","name":"\u0160koda We Love Cycling Slovensko","description":"\u0160koda We Love Cycling Slovensko je v\u00e1\u0161 ka\u017edodenn\u00fd zdroj noviniek a in\u0161pir\u00e1cie z sveta cyklistiky","potentialAction":[{"@type":"SearchAction","target":{"@type":"EntryPoint","urlTemplate":"https:\/\/www.welovecycling.com\/sk\/?s={search_term_string}"},"query-input":{"@type":"PropertyValueSpecification","valueRequired":true,"valueName":"search_term_string"}}],"inLanguage":"sk-SK"},{"@type":"Person","@id":"https:\/\/www.welovecycling.com\/sk\/#\/schema\/person\/45e989de48eace55eb338c027dc5a65e","name":"michal","image":{"@type":"ImageObject","inLanguage":"sk-SK","@id":"https:\/\/www.welovecycling.com\/sk\/#\/schema\/person\/image\/","url":"https:\/\/secure.gravatar.com\/avatar\/7f8deb1af8506a5f53d1b779436f546bce1c8c40c09780107ad3811c7dc4bbcb?s=96&d=mm&r=g","contentUrl":"https:\/\/secure.gravatar.com\/avatar\/7f8deb1af8506a5f53d1b779436f546bce1c8c40c09780107ad3811c7dc4bbcb?s=96&d=mm&r=g","caption":"michal"},"url":"https:\/\/www.welovecycling.com\/sk\/author\/michal\/"}]}},"_links":{"self":[{"href":"https:\/\/www.welovecycling.com\/sk\/wp-json\/wp\/v2\/posts\/21159","targetHints":{"allow":["GET"]}}],"collection":[{"href":"https:\/\/www.welovecycling.com\/sk\/wp-json\/wp\/v2\/posts"}],"about":[{"href":"https:\/\/www.welovecycling.com\/sk\/wp-json\/wp\/v2\/types\/post"}],"author":[{"embeddable":true,"href":"https:\/\/www.welovecycling.com\/sk\/wp-json\/wp\/v2\/users\/191"}],"replies":[{"embeddable":true,"href":"https:\/\/www.welovecycling.com\/sk\/wp-json\/wp\/v2\/comments?post=21159"}],"version-history":[{"count":1,"href":"https:\/\/www.welovecycling.com\/sk\/wp-json\/wp\/v2\/posts\/21159\/revisions"}],"predecessor-version":[{"id":21160,"href":"https:\/\/www.welovecycling.com\/sk\/wp-json\/wp\/v2\/posts\/21159\/revisions\/21160"}],"wp:featuredmedia":[{"embeddable":true,"href":"https:\/\/www.welovecycling.com\/sk\/wp-json\/wp\/v2\/media\/20117"}],"wp:attachment":[{"href":"https:\/\/www.welovecycling.com\/sk\/wp-json\/wp\/v2\/media?parent=21159"}],"wp:term":[{"taxonomy":"category","embeddable":true,"href":"https:\/\/www.welovecycling.com\/sk\/wp-json\/wp\/v2\/categories?post=21159"},{"taxonomy":"post_tag","embeddable":true,"href":"https:\/\/www.welovecycling.com\/sk\/wp-json\/wp\/v2\/tags?post=21159"},{"taxonomy":"global-categories","embeddable":true,"href":"https:\/\/www.welovecycling.com\/sk\/wp-json\/wp\/v2\/global-categories?post=21159"}],"curies":[{"name":"wp","href":"https:\/\/api.w.org\/{rel}","templated":true}]}}