{"id":21145,"date":"2025-10-20T10:00:57","date_gmt":"2025-10-20T08:00:57","guid":{"rendered":"https:\/\/www.welovecycling.com\/sk\/?p=21145"},"modified":"2025-10-20T10:17:05","modified_gmt":"2025-10-20T08:17:05","slug":"jedla-na-imunitu-pre-cyklistov","status":"publish","type":"post","link":"https:\/\/www.welovecycling.com\/sk\/2025\/10\/20\/jedla-na-imunitu-pre-cyklistov\/","title":{"rendered":"Jedl\u00e1 a n\u00e1poje, ktor\u00e9 podporuj\u00fa imunitu cyklistu pred chr\u00edpkovou sez\u00f3nou"},"content":{"rendered":"<p>Jesenn\u00e9<strong> obdobie je u\u017e tu. U niektor\u00fdch z n\u00e1s sa posledn\u00e9 dni prejavili klasick\u00fdmi dvojcifern\u00fdmi \u010di a\u017e jednocifern\u00fdmi teplotami, rannou hmlou alebo sychrav\u00fdm po\u010das\u00edm. Aj ke\u010f nejeden cyklista u\u017e uva\u017euje o zimnej pr\u00edprave niekde v dobre vyhriatej telocvi\u010dni alebo na stacion\u00e1rnom bicykli, nemus\u00edme tak\u00fdmto sp\u00f4sobom ihne\u010f zahadzova\u0165 mo\u017enos\u0165 u\u017ei\u0165 si cyklistiku v jej odli\u0161nej forme.\u00a0<\/strong><!--more--><\/p>\n<p><span style=\"font-weight: 400;\">Jese\u0148 je v\u00fdnimo\u010dn\u00e9 obdobie roka. S\u00edce sa mus\u00edme vysporiada\u0165 s o \u010dosi ni\u017e\u0161\u00edmi teplotami, sychrav\u00fdm po\u010das\u00edm alebo s krat\u0161\u00edmi d\u0148ami v zmysle (ne)pr\u00edtomnosti slnka na oblohe, ale v\u0161etko m\u00e1 svoje plusy a m\u00ednusy. <\/span><\/p>\n<p><span style=\"font-weight: 400;\"><strong>Ni\u017e\u0161ie teploty s\u00fa pr\u00edjemnej\u0161ie na zvl\u00e1danie z h\u013eadiska termoregul\u00e1cie.<\/strong> Kontrast hmly a slne\u010dna je zauj\u00edmav\u00fdm spestren\u00edm v\u00fdjazdu a krat\u0161ie dni m\u00f4\u017eu by\u0165 pr\u00edle\u017eitos\u0165ou na nov\u00e9 v\u00fdzvy pri podve\u010dern\u00fdch v\u00fdjazdoch s pomocou pr\u00eddavn\u00fdch svetiel.\u00a0<\/span><\/p>\n<p><span style=\"font-weight: 400;\">Av\u0161ak aby sme si dok\u00e1zali u\u017e\u00edva\u0165 jese\u0148 v jej mnohorak\u00fdch podob\u00e1ch bez obmedzen\u00ed, mus\u00edme sa na to vhodne pripravi\u0165. Nie je toti\u017e ni\u010d\u00edm komplikovan\u00fdm pr\u00eds\u0165 z v\u00fdjazdu podchladen\u00fd alebo zobudi\u0165 sa na druh\u00fd de\u0148 s upchat\u00fdm nosom \u010di chr\u00edpkou. <\/span><\/p>\n<p><span style=\"font-weight: 400;\">Teplota, vlhkos\u0165 a \u010fal\u0161ie vonkaj\u0161ie podmienky s\u00fa v ur\u010ditom smere nemalou v\u00fdzvou pre na\u0161e telo. Jednou z mo\u017enost\u00ed ako sa s nimi vysporiada\u0165 je aj skrze adekv\u00e1tnu stravu pred, po\u010das a po v\u00fdjazde. <\/span><\/p>\n<p><span style=\"font-weight: 400;\">Aj ke\u010f sme sk\u00f4r nau\u010den\u00ed na to, \u017ee o tom, \u010di prechladneme alebo nie rozhoduje v\u00fdlu\u010dne ot\u00e1zka spr\u00e1vneho oble\u010denia, <strong>strava hr\u00e1 taktie\u017e nepopierate\u013ene podstatn\u00fa \u00falohu.<\/strong> Napriek tomu, \u017ee stravu p\u00f4sob\u00ed vo vn\u00fatri a nie je badate\u013en\u00e1 navonok, pripravuje na\u0161e telo na vonkaj\u0161ie vplyvy.<\/span><\/p>\n<p><a href=\"https:\/\/d2p6e6u75xmxt8.cloudfront.net\/4\/2025\/10\/01.webp\"><img loading=\"lazy\" decoding=\"async\" class=\"alignnone size-full wp-image-21146\" src=\"https:\/\/d2p6e6u75xmxt8.cloudfront.net\/4\/2025\/10\/01.webp\" alt=\"\" width=\"1536\" height=\"1024\" srcset=\"https:\/\/d2p6e6u75xmxt8.cloudfront.net\/4\/2025\/10\/01.webp 1536w, https:\/\/d2p6e6u75xmxt8.cloudfront.net\/4\/2025\/10\/01-300x200.webp 300w, https:\/\/d2p6e6u75xmxt8.cloudfront.net\/4\/2025\/10\/01-1024x683.webp 1024w, https:\/\/d2p6e6u75xmxt8.cloudfront.net\/4\/2025\/10\/01-768x512.webp 768w, https:\/\/d2p6e6u75xmxt8.cloudfront.net\/4\/2025\/10\/01-400x267.webp 400w, https:\/\/d2p6e6u75xmxt8.cloudfront.net\/4\/2025\/10\/01-272x182.webp 272w\" sizes=\"auto, (max-width: 1536px) 100vw, 1536px\" \/><\/a><\/p>\n<h2><b>Ktor\u00e9 zlo\u017eky stravy uprednostni\u0165 a pre\u010do?<\/b><\/h2>\n<p><span style=\"font-weight: 400;\">Ria\u010fte sa sez\u00f3nnos\u0165ou zdrojov. In\u00fdmi slovami, doprajte si to, \u010do je aktu\u00e1lne dostupn\u00e9 v \u010derstvej podobe. V tomto pr\u00edpade m\u00e1me k dispoz\u00edcii nemal\u00fa \u0161k\u00e1lu ovocia a zeleniny, z ktor\u00fdch m\u00f4\u017eete pripravi\u0165 mnoho odli\u0161n\u00fdch typov pokrmov. <\/span><\/p>\n<p><span style=\"font-weight: 400;\"><strong>V prvom rade je vhodn\u00e9 siahnu\u0165 po plodoch ako tekvica, zemiaky alebo mrkva.<\/strong> Obsahuj\u00fa toti\u017e beta-karot\u00e9n, v\u010faka ktor\u00e9mu na\u0161e telo posil\u0148uje po str\u00e1nke imunitn\u00e9ho syst\u00e9mu. Pridajte k tomu \u010fal\u0161ie druhy ovocia, napr\u00edklad aktu\u00e1lne dostupn\u00e9 jablk\u00e1, hru\u0161ky alebo hrozno, ktor\u00e9 s\u00fa skvel\u00fdmi zdrojmi antioxidantov a vl\u00e1kniny.\u00a0<\/span><\/p>\n<p><span style=\"font-weight: 400;\">Dlh\u0161ie v\u00fdjazdy alebo ni\u017e\u0161ia intenzita taktie\u017e prispievaj\u00fa k dobr\u00e9mu spracov\u00e1vaniu nemenej podstatnej zlo\u017eky stravy \u0161portovca &#8211; bielkov\u00edn. Ich v\u00fdznam pre spr\u00e1vnu funkciu a regener\u00e1ciu svalov je k\u013e\u00fa\u010dov\u00fd. <\/span><\/p>\n<p><span style=\"font-weight: 400;\">Sk\u00faste preto do svojej stravy zakomponova\u0165 m\u00e4so s n\u00edzkym obsahom tuku alebo strukoviny. Aj ke\u010f sa v\u00e1m m\u00f4\u017ee zda\u0165 komplikovan\u00e9 na pr\u00edpravu, pri celodennom v\u00fdjazde m\u00e1te mo\u017enos\u0165 zastavi\u0165 sa na obed alebo in\u00e9 v\u00fddatne jedlo v ne\u010falekej re\u0161taur\u00e1cii. Pr\u00edpadne v\u00e1m pom\u00f4\u017ee plnen\u00e1 \u017eem\u013ea \u010di bageta, ktor\u00e9 s\u00fa sam\u00e9 zdrojov sacharidov.<\/span><\/p>\n<p><span style=\"font-weight: 400;\">V pr\u00edpade \u201cnakopnutia\u201d imunitn\u00e9ho syst\u00e9mu m\u00e1me nieko\u013eko overen\u00fdch tipov. <strong>V prvom rade zn\u00e1me zdroje proti-z\u00e1palov\u00fdch a antimikrobi\u00e1lnych l\u00e1tok: cesnak, z\u00e1zvor a cibu\u013ea.<\/strong> Aj ke\u010f to nie je naj\u017eiad\u00facej\u0161ia zlo\u017eka stravy pri v\u00fdjazde, tieto dobroty sk\u00faste zakomponova\u0165 do ka\u017edodennej stravy mimo v\u00fdjazdu. <\/span><\/p>\n<p><span style=\"font-weight: 400;\">Podporte imunitn\u00fd syst\u00e9m mimo jazdenia tak, aby bol po\u010das aktivity schopn\u00fd vzdorova\u0165 vonkaj\u0161\u00edm vplyvom. Pridajte k tomu orechy ako zdroj zinku, vitam\u00ednu E, alebo fermentovan\u00e9 jedl\u00e1. Jogurt, kef\u00edr, sauerkraut, a va\u0161e telo nebude ma\u0165 n\u00fadzu o siln\u00e9 opory v ot\u00e1zke antioxidantov a siln\u00e9ho mikrobi\u00f3mu.<\/span><\/p>\n<p><a href=\"https:\/\/d2p6e6u75xmxt8.cloudfront.net\/4\/2025\/10\/02.webp\"><img loading=\"lazy\" decoding=\"async\" class=\"alignnone size-full wp-image-21147\" src=\"https:\/\/d2p6e6u75xmxt8.cloudfront.net\/4\/2025\/10\/02.webp\" alt=\"\" width=\"1280\" height=\"855\" srcset=\"https:\/\/d2p6e6u75xmxt8.cloudfront.net\/4\/2025\/10\/02.webp 1280w, https:\/\/d2p6e6u75xmxt8.cloudfront.net\/4\/2025\/10\/02-300x200.webp 300w, https:\/\/d2p6e6u75xmxt8.cloudfront.net\/4\/2025\/10\/02-1024x684.webp 1024w, https:\/\/d2p6e6u75xmxt8.cloudfront.net\/4\/2025\/10\/02-768x513.webp 768w, https:\/\/d2p6e6u75xmxt8.cloudfront.net\/4\/2025\/10\/02-400x267.webp 400w, https:\/\/d2p6e6u75xmxt8.cloudfront.net\/4\/2025\/10\/02-272x182.webp 272w\" sizes=\"auto, (max-width: 1280px) 100vw, 1280px\" \/><\/a><\/p>\n<h2><b>Ak\u00e9 formy stravy s\u00fa najvhodnej\u0161ie?<\/b><\/h2>\n<p><span style=\"font-weight: 400;\">V lete si na\u0161e telo p\u00fdta predov\u0161etk\u00fdm nie\u010do \u013eahko str\u00e1vite\u013en\u00e9 a ide\u00e1lne tak\u00e9, ktor\u00e9 nenavodzuje zv\u00fd\u0161enie vn\u00fatornej teploty, ale sk\u00f4r m\u00e1 za efekt ochladi\u0165 n\u00e1s. Proces tr\u00e1venia je toti\u017e exotermick\u00fd. <strong>To znamen\u00e1, \u017ee v r\u00e1mci jednotliv\u00fdch et\u00e1p rozkladania, vstreb\u00e1vania a distrib\u00facie dodan\u00fdch \u017eiv\u00edn sa na\u0161a vn\u00fatorn\u00e1 teplota navy\u0161uje. <\/strong><\/span><\/p>\n<p><span style=\"font-weight: 400;\">Ak k tomu prid\u00e1me aj skuto\u010dnos\u0165, \u017ee samotn\u00e1 jazda na bicykli zahrieva na\u0161e telo, mus\u00edme dba\u0165 na to, aby sme telo neza\u0165a\u017eili pr\u00edli\u0161 &#8211; tzn. bu\u010fto ubra\u0165 na intenzite alebo na mno\u017estve a forme stravy.<\/span><\/p>\n<p><span style=\"font-weight: 400;\">Na jese\u0148 je to zase o nie\u010dom inom. <strong>V tomto \u010dase je vonkaj\u0161ie teplota ni\u017e\u0161ia, \u010do n\u00e1m umo\u017e\u0148uje prij\u00edma\u0165 stravy s vy\u0161\u0161ou teplotou.<\/strong> To m\u00e1 hne\u010f dvojicu dopadov: po prv\u00e9 n\u00e1s \u013eudovo povedan\u00e9 zahreje a po druh\u00e9 pom\u00f4\u017ee tr\u00e1viacemu syst\u00e9mu lep\u0161ie spracova\u0165 potravu. V tomto pr\u00edpade si m\u00f4\u017eeme dovoli\u0165 aj s\u00fdtej\u0161ie jedl\u00e1 &#8211; i ke\u010f vypr\u00e1\u017ean\u00fd syr je st\u00e1le tro\u0161ku pri\u0165a\u017ek\u00fd na tr\u00e1venie aj v t\u00fdchto podmienkach. <\/span><\/p>\n<p><span style=\"font-weight: 400;\">\u010co je ale povolen\u00e9 s\u00fa r\u00f4zne formy polievok, \u013eahk\u00fdch obedov, ktor\u00e9 kombinuj\u00fa pr\u00edlohu (ry\u017eu, varen\u00e9 zemiaky), \u013eahk\u00e9 m\u00e4so (kuracie, rybie) a nie\u010do zelen\u00e9 na okraj (\u0161al\u00e1t, varen\u00e1 zelenina). Ak v\u00e1m tieto jedl\u00e1 pripadaj\u00fa z vlastnej sk\u00fasenosti pr\u00edli\u0161 za\u0165a\u017euj\u00face, sk\u00faste smoothie alebo r\u00f4zne formy mixovanej stravy. T\u00e1 je jednoduch\u0161ia na pr\u00edjem a nestr\u00e1ca na energetickej v\u00fddatnosti.<\/span><\/p>\n<h2><strong>Pitn\u00fd re\u017eim aj v zime<\/strong><\/h2>\n<p><span style=\"font-weight: 400;\">Nezab\u00fadajte taktie\u017e na dostato\u010dn\u00fd pitn\u00fd re\u017eim. <strong>Napriek tomu, \u017ee na rozdiel od letn\u00fdch dn\u00ed nie sme ka\u017edodenne upozor\u0148ovan\u00ed o potrebe dodr\u017eiavania pitn\u00e9ho re\u017eimu, pri fyzickej aktivite je pr\u00edjem tekut\u00edn v\u017edy k\u013e\u00fa\u010dov\u00fd.<\/strong> <\/span><\/p>\n<p><span style=\"font-weight: 400;\">Aj ke\u010f nemus\u00edme poci\u0165ova\u0165 siln\u00fa potrebu napi\u0165 sa, na\u0161e telo st\u00e1le vyu\u017e\u00edva z\u00e1soby vody pre distrib\u00faciu \u017eiv\u00edn, chladenie a vylu\u010dovanie prebyto\u010dn\u00fdch l\u00e1tok. Preto sa dr\u017ete stabiln\u00e9ho pitn\u00e9ho re\u017eimu. Pocit sm\u00e4du je u\u017e oneskoren\u00fdm sympt\u00f3mom dehydrat\u00e1cie.\u00a0<\/span><\/p>\n<p><span style=\"font-weight: 400;\">V chladnej\u0161om po\u010das\u00ed sa odpor\u00fa\u010da prija\u0165 predov\u0161etk\u00fdm tekutiny s izbovou alebo vy\u0161\u0161ou teplotou. Uchov\u00e1vaj\u00fa telo v tepelnej stabilite, navodzuj\u00fa pocit komfortu a nesp\u00f4sobuj\u00fa telu ne\u017eiaduci teplotn\u00fd \u0161ok. <\/span><\/p>\n<p><span style=\"font-weight: 400;\"><strong>Ide\u00e1lom s\u00fa \u010daje, ktor\u00e9 s\u00fa\u010dasne obsahuj\u00fa aj d\u00e1vku kofe\u00ednu a in\u00fdch podporn\u00fdch l\u00e1tok.<\/strong> Pri dlh\u0161\u00edch v\u00fdjazdoch je zaru\u010denou prvou pomocou kurac\u00ed v\u00fdvar alebo zeleninov\u00e1 polievka. Bohat\u00e9 na tuky a bielkoviny dok\u00e1\u017eu z\u00e1sobova\u0165 telo po dlh\u0161iu dobu a poskytn\u00fa v\u00e1m pocit zas\u00fdtenia aj napriek \u201ciba\u201d predov\u0161etk\u00fdm tekutej zlo\u017eke.<\/span><\/p>\n<p><span style=\"font-weight: 400;\">\u010ci u\u017e sa teda vyberiete na celodenn\u00fd alebo iba kr\u00e1tky v\u00fdjazd, pam\u00e4tajte, \u017ee jazdenie v jeseni kladie na va\u0161e telo \u0161pecifick\u00e9 n\u00e1roky. Pripravte ho preto na nich okrem vhodn\u00e9ho oble\u010denia aj \u201czvn\u00fatra\u201d tak, aby nezostalo prekvapen\u00e9 alebo \u201epodvy\u017eiven\u00e9\u201c.<\/span><\/p>\n<p>Zdroj fotografi\u00ed: pixabay.com<\/p>\n","protected":false},"excerpt":{"rendered":"<p>Jesenn\u00e9 obdobie je u\u017e tu. U niektor\u00fdch z n\u00e1s sa posledn\u00e9 dni prejavili klasick\u00fdmi dvojcifern\u00fdmi \u010di a\u017e jednocifern\u00fdmi teplotami, rannou [&hellip;]<\/p>\n","protected":false},"author":191,"featured_media":21152,"comment_status":"closed","ping_status":"closed","sticky":false,"template":"","format":"standard","meta":{"footnotes":""},"categories":[2],"tags":[559,619,115,597,546,180,286,767,931,551,163,55,1649,161,623,317],"global-categories":[],"class_list":["post-21145","post","type-post","status-publish","format-standard","has-post-thumbnail","hentry","category-zdravie-trening","tag-bicykel","tag-bicyklovanie","tag-cestna-cyklistika","tag-cyklista","tag-cyklistika","tag-horska-cyklistika","tag-jesen","tag-motivacia","tag-odporucame","tag-pitny-rezim","tag-strava","tag-trening","tag-vitaminy","tag-zdravie","tag-zdravy-zivotny-styl","tag-zima"],"yoast_head":"<!-- This site is optimized with the Yoast SEO Premium plugin v25.3 (Yoast SEO v25.9) - https:\/\/yoast.com\/wordpress\/plugins\/seo\/ -->\n<title>Jedl\u00e1 a n\u00e1poje, ktor\u00e9 podporuj\u00fa imunitu cyklistu<\/title>\n<meta name=\"description\" content=\"Objav, ako ti jesenn\u00e9 potraviny ako tekvica, jablk\u00e1 \u010di z\u00e1zvor pom\u00f4\u017eu posilni\u0165 imunitu a zvl\u00e1dnu\u0165 chladn\u00e9 v\u00fdjazdy bez choroby.\" \/>\n<meta name=\"robots\" content=\"index, follow, max-snippet:-1, max-image-preview:large, max-video-preview:-1\" \/>\n<link rel=\"canonical\" href=\"https:\/\/www.welovecycling.com\/sk\/2025\/10\/20\/jedla-na-imunitu-pre-cyklistov\/\" \/>\n<meta property=\"og:locale\" content=\"sk_SK\" \/>\n<meta property=\"og:type\" content=\"article\" \/>\n<meta property=\"og:title\" content=\"Jedl\u00e1 a n\u00e1poje, ktor\u00e9 podporuj\u00fa imunitu cyklistu pred chr\u00edpkovou sez\u00f3nou\" \/>\n<meta property=\"og:description\" content=\"Objav, ako ti jesenn\u00e9 potraviny ako tekvica, jablk\u00e1 \u010di z\u00e1zvor pom\u00f4\u017eu posilni\u0165 imunitu a zvl\u00e1dnu\u0165 chladn\u00e9 v\u00fdjazdy bez choroby.\" \/>\n<meta property=\"og:url\" content=\"https:\/\/www.welovecycling.com\/sk\/2025\/10\/20\/jedla-na-imunitu-pre-cyklistov\/\" \/>\n<meta property=\"og:site_name\" content=\"\u0160koda We Love Cycling Slovensko\" \/>\n<meta property=\"article:published_time\" content=\"2025-10-20T08:00:57+00:00\" \/>\n<meta property=\"article:modified_time\" content=\"2025-10-20T08:17:05+00:00\" \/>\n<meta property=\"og:image\" content=\"https:\/\/d2p6e6u75xmxt8.cloudfront.net\/4\/2025\/10\/bike-5188105.webp\" \/>\n\t<meta property=\"og:image:width\" content=\"990\" \/>\n\t<meta property=\"og:image:height\" content=\"660\" \/>\n\t<meta property=\"og:image:type\" content=\"image\/webp\" \/>\n<meta name=\"author\" content=\"michal\" \/>\n<meta name=\"twitter:card\" content=\"summary_large_image\" \/>\n<meta name=\"twitter:label1\" content=\"Written by\" \/>\n\t<meta name=\"twitter:data1\" content=\"Peter Oleni\u010d\" \/>\n\t<meta name=\"twitter:label2\" content=\"Est. reading time\" \/>\n\t<meta name=\"twitter:data2\" content=\"4\" \/>\n<script type=\"application\/ld+json\" class=\"yoast-schema-graph\">{\"@context\":\"https:\/\/schema.org\",\"@graph\":[{\"@type\":\"WebPage\",\"@id\":\"https:\/\/www.welovecycling.com\/sk\/2025\/10\/20\/jedla-na-imunitu-pre-cyklistov\/\",\"url\":\"https:\/\/www.welovecycling.com\/sk\/2025\/10\/20\/jedla-na-imunitu-pre-cyklistov\/\",\"name\":\"Jedl\u00e1 a n\u00e1poje, ktor\u00e9 podporuj\u00fa imunitu cyklistu\",\"isPartOf\":{\"@id\":\"https:\/\/www.welovecycling.com\/sk\/#website\"},\"primaryImageOfPage\":{\"@id\":\"https:\/\/www.welovecycling.com\/sk\/2025\/10\/20\/jedla-na-imunitu-pre-cyklistov\/#primaryimage\"},\"image\":{\"@id\":\"https:\/\/www.welovecycling.com\/sk\/2025\/10\/20\/jedla-na-imunitu-pre-cyklistov\/#primaryimage\"},\"thumbnailUrl\":\"https:\/\/d2p6e6u75xmxt8.cloudfront.net\/4\/2025\/10\/bike-5188105.webp\",\"datePublished\":\"2025-10-20T08:00:57+00:00\",\"dateModified\":\"2025-10-20T08:17:05+00:00\",\"author\":{\"@id\":\"https:\/\/www.welovecycling.com\/sk\/#\/schema\/person\/45e989de48eace55eb338c027dc5a65e\"},\"description\":\"Objav, ako ti jesenn\u00e9 potraviny ako tekvica, jablk\u00e1 \u010di z\u00e1zvor pom\u00f4\u017eu posilni\u0165 imunitu a zvl\u00e1dnu\u0165 chladn\u00e9 v\u00fdjazdy bez choroby.\",\"breadcrumb\":{\"@id\":\"https:\/\/www.welovecycling.com\/sk\/2025\/10\/20\/jedla-na-imunitu-pre-cyklistov\/#breadcrumb\"},\"inLanguage\":\"sk-SK\",\"potentialAction\":[{\"@type\":\"ReadAction\",\"target\":[\"https:\/\/www.welovecycling.com\/sk\/2025\/10\/20\/jedla-na-imunitu-pre-cyklistov\/\"]}]},{\"@type\":\"ImageObject\",\"inLanguage\":\"sk-SK\",\"@id\":\"https:\/\/www.welovecycling.com\/sk\/2025\/10\/20\/jedla-na-imunitu-pre-cyklistov\/#primaryimage\",\"url\":\"https:\/\/d2p6e6u75xmxt8.cloudfront.net\/4\/2025\/10\/bike-5188105.webp\",\"contentUrl\":\"https:\/\/d2p6e6u75xmxt8.cloudfront.net\/4\/2025\/10\/bike-5188105.webp\",\"width\":990,\"height\":660},{\"@type\":\"BreadcrumbList\",\"@id\":\"https:\/\/www.welovecycling.com\/sk\/2025\/10\/20\/jedla-na-imunitu-pre-cyklistov\/#breadcrumb\",\"itemListElement\":[{\"@type\":\"ListItem\",\"position\":1,\"name\":\"Home\",\"item\":\"https:\/\/www.welovecycling.com\/sk\/\"},{\"@type\":\"ListItem\",\"position\":2,\"name\":\"Jedl\u00e1 a n\u00e1poje, ktor\u00e9 podporuj\u00fa imunitu cyklistu pred chr\u00edpkovou sez\u00f3nou\"}]},{\"@type\":\"WebSite\",\"@id\":\"https:\/\/www.welovecycling.com\/sk\/#website\",\"url\":\"https:\/\/www.welovecycling.com\/sk\/\",\"name\":\"\u0160koda We Love Cycling Slovensko\",\"description\":\"\u0160koda We Love Cycling Slovensko je v\u00e1\u0161 ka\u017edodenn\u00fd zdroj noviniek a in\u0161pir\u00e1cie z sveta cyklistiky\",\"potentialAction\":[{\"@type\":\"SearchAction\",\"target\":{\"@type\":\"EntryPoint\",\"urlTemplate\":\"https:\/\/www.welovecycling.com\/sk\/?s={search_term_string}\"},\"query-input\":{\"@type\":\"PropertyValueSpecification\",\"valueRequired\":true,\"valueName\":\"search_term_string\"}}],\"inLanguage\":\"sk-SK\"},{\"@type\":\"Person\",\"@id\":\"https:\/\/www.welovecycling.com\/sk\/#\/schema\/person\/45e989de48eace55eb338c027dc5a65e\",\"name\":\"michal\",\"image\":{\"@type\":\"ImageObject\",\"inLanguage\":\"sk-SK\",\"@id\":\"https:\/\/www.welovecycling.com\/sk\/#\/schema\/person\/image\/\",\"url\":\"https:\/\/secure.gravatar.com\/avatar\/7f8deb1af8506a5f53d1b779436f546bce1c8c40c09780107ad3811c7dc4bbcb?s=96&d=mm&r=g\",\"contentUrl\":\"https:\/\/secure.gravatar.com\/avatar\/7f8deb1af8506a5f53d1b779436f546bce1c8c40c09780107ad3811c7dc4bbcb?s=96&d=mm&r=g\",\"caption\":\"michal\"},\"url\":\"https:\/\/www.welovecycling.com\/sk\/author\/michal\/\"}]}<\/script>\n<!-- \/ Yoast SEO Premium plugin. -->","yoast_head_json":{"title":"Jedl\u00e1 a n\u00e1poje, ktor\u00e9 podporuj\u00fa imunitu cyklistu","description":"Objav, ako ti jesenn\u00e9 potraviny ako tekvica, jablk\u00e1 \u010di z\u00e1zvor pom\u00f4\u017eu posilni\u0165 imunitu a zvl\u00e1dnu\u0165 chladn\u00e9 v\u00fdjazdy bez choroby.","robots":{"index":"index","follow":"follow","max-snippet":"max-snippet:-1","max-image-preview":"max-image-preview:large","max-video-preview":"max-video-preview:-1"},"canonical":"https:\/\/www.welovecycling.com\/sk\/2025\/10\/20\/jedla-na-imunitu-pre-cyklistov\/","og_locale":"sk_SK","og_type":"article","og_title":"Jedl\u00e1 a n\u00e1poje, ktor\u00e9 podporuj\u00fa imunitu cyklistu pred chr\u00edpkovou sez\u00f3nou","og_description":"Objav, ako ti jesenn\u00e9 potraviny ako tekvica, jablk\u00e1 \u010di z\u00e1zvor pom\u00f4\u017eu posilni\u0165 imunitu a zvl\u00e1dnu\u0165 chladn\u00e9 v\u00fdjazdy bez choroby.","og_url":"https:\/\/www.welovecycling.com\/sk\/2025\/10\/20\/jedla-na-imunitu-pre-cyklistov\/","og_site_name":"\u0160koda We Love Cycling Slovensko","article_published_time":"2025-10-20T08:00:57+00:00","article_modified_time":"2025-10-20T08:17:05+00:00","og_image":[{"width":990,"height":660,"url":"https:\/\/d2p6e6u75xmxt8.cloudfront.net\/4\/2025\/10\/bike-5188105.webp","type":"image\/webp"}],"author":"michal","twitter_card":"summary_large_image","twitter_misc":{"Written by":"Peter Oleni\u010d","Est. reading time":"4"},"schema":{"@context":"https:\/\/schema.org","@graph":[{"@type":"WebPage","@id":"https:\/\/www.welovecycling.com\/sk\/2025\/10\/20\/jedla-na-imunitu-pre-cyklistov\/","url":"https:\/\/www.welovecycling.com\/sk\/2025\/10\/20\/jedla-na-imunitu-pre-cyklistov\/","name":"Jedl\u00e1 a n\u00e1poje, ktor\u00e9 podporuj\u00fa imunitu cyklistu","isPartOf":{"@id":"https:\/\/www.welovecycling.com\/sk\/#website"},"primaryImageOfPage":{"@id":"https:\/\/www.welovecycling.com\/sk\/2025\/10\/20\/jedla-na-imunitu-pre-cyklistov\/#primaryimage"},"image":{"@id":"https:\/\/www.welovecycling.com\/sk\/2025\/10\/20\/jedla-na-imunitu-pre-cyklistov\/#primaryimage"},"thumbnailUrl":"https:\/\/d2p6e6u75xmxt8.cloudfront.net\/4\/2025\/10\/bike-5188105.webp","datePublished":"2025-10-20T08:00:57+00:00","dateModified":"2025-10-20T08:17:05+00:00","author":{"@id":"https:\/\/www.welovecycling.com\/sk\/#\/schema\/person\/45e989de48eace55eb338c027dc5a65e"},"description":"Objav, ako ti jesenn\u00e9 potraviny ako tekvica, jablk\u00e1 \u010di z\u00e1zvor pom\u00f4\u017eu posilni\u0165 imunitu a zvl\u00e1dnu\u0165 chladn\u00e9 v\u00fdjazdy bez choroby.","breadcrumb":{"@id":"https:\/\/www.welovecycling.com\/sk\/2025\/10\/20\/jedla-na-imunitu-pre-cyklistov\/#breadcrumb"},"inLanguage":"sk-SK","potentialAction":[{"@type":"ReadAction","target":["https:\/\/www.welovecycling.com\/sk\/2025\/10\/20\/jedla-na-imunitu-pre-cyklistov\/"]}]},{"@type":"ImageObject","inLanguage":"sk-SK","@id":"https:\/\/www.welovecycling.com\/sk\/2025\/10\/20\/jedla-na-imunitu-pre-cyklistov\/#primaryimage","url":"https:\/\/d2p6e6u75xmxt8.cloudfront.net\/4\/2025\/10\/bike-5188105.webp","contentUrl":"https:\/\/d2p6e6u75xmxt8.cloudfront.net\/4\/2025\/10\/bike-5188105.webp","width":990,"height":660},{"@type":"BreadcrumbList","@id":"https:\/\/www.welovecycling.com\/sk\/2025\/10\/20\/jedla-na-imunitu-pre-cyklistov\/#breadcrumb","itemListElement":[{"@type":"ListItem","position":1,"name":"Home","item":"https:\/\/www.welovecycling.com\/sk\/"},{"@type":"ListItem","position":2,"name":"Jedl\u00e1 a n\u00e1poje, ktor\u00e9 podporuj\u00fa imunitu cyklistu pred chr\u00edpkovou sez\u00f3nou"}]},{"@type":"WebSite","@id":"https:\/\/www.welovecycling.com\/sk\/#website","url":"https:\/\/www.welovecycling.com\/sk\/","name":"\u0160koda We Love Cycling Slovensko","description":"\u0160koda We Love Cycling Slovensko je v\u00e1\u0161 ka\u017edodenn\u00fd zdroj noviniek a in\u0161pir\u00e1cie z sveta cyklistiky","potentialAction":[{"@type":"SearchAction","target":{"@type":"EntryPoint","urlTemplate":"https:\/\/www.welovecycling.com\/sk\/?s={search_term_string}"},"query-input":{"@type":"PropertyValueSpecification","valueRequired":true,"valueName":"search_term_string"}}],"inLanguage":"sk-SK"},{"@type":"Person","@id":"https:\/\/www.welovecycling.com\/sk\/#\/schema\/person\/45e989de48eace55eb338c027dc5a65e","name":"michal","image":{"@type":"ImageObject","inLanguage":"sk-SK","@id":"https:\/\/www.welovecycling.com\/sk\/#\/schema\/person\/image\/","url":"https:\/\/secure.gravatar.com\/avatar\/7f8deb1af8506a5f53d1b779436f546bce1c8c40c09780107ad3811c7dc4bbcb?s=96&d=mm&r=g","contentUrl":"https:\/\/secure.gravatar.com\/avatar\/7f8deb1af8506a5f53d1b779436f546bce1c8c40c09780107ad3811c7dc4bbcb?s=96&d=mm&r=g","caption":"michal"},"url":"https:\/\/www.welovecycling.com\/sk\/author\/michal\/"}]}},"_links":{"self":[{"href":"https:\/\/www.welovecycling.com\/sk\/wp-json\/wp\/v2\/posts\/21145","targetHints":{"allow":["GET"]}}],"collection":[{"href":"https:\/\/www.welovecycling.com\/sk\/wp-json\/wp\/v2\/posts"}],"about":[{"href":"https:\/\/www.welovecycling.com\/sk\/wp-json\/wp\/v2\/types\/post"}],"author":[{"embeddable":true,"href":"https:\/\/www.welovecycling.com\/sk\/wp-json\/wp\/v2\/users\/191"}],"replies":[{"embeddable":true,"href":"https:\/\/www.welovecycling.com\/sk\/wp-json\/wp\/v2\/comments?post=21145"}],"version-history":[{"count":6,"href":"https:\/\/www.welovecycling.com\/sk\/wp-json\/wp\/v2\/posts\/21145\/revisions"}],"predecessor-version":[{"id":21155,"href":"https:\/\/www.welovecycling.com\/sk\/wp-json\/wp\/v2\/posts\/21145\/revisions\/21155"}],"wp:featuredmedia":[{"embeddable":true,"href":"https:\/\/www.welovecycling.com\/sk\/wp-json\/wp\/v2\/media\/21152"}],"wp:attachment":[{"href":"https:\/\/www.welovecycling.com\/sk\/wp-json\/wp\/v2\/media?parent=21145"}],"wp:term":[{"taxonomy":"category","embeddable":true,"href":"https:\/\/www.welovecycling.com\/sk\/wp-json\/wp\/v2\/categories?post=21145"},{"taxonomy":"post_tag","embeddable":true,"href":"https:\/\/www.welovecycling.com\/sk\/wp-json\/wp\/v2\/tags?post=21145"},{"taxonomy":"global-categories","embeddable":true,"href":"https:\/\/www.welovecycling.com\/sk\/wp-json\/wp\/v2\/global-categories?post=21145"}],"curies":[{"name":"wp","href":"https:\/\/api.w.org\/{rel}","templated":true}]}}