{"id":21137,"date":"2025-10-15T14:00:28","date_gmt":"2025-10-15T12:00:28","guid":{"rendered":"https:\/\/www.welovecycling.com\/sk\/?p=21137"},"modified":"2025-10-15T13:43:29","modified_gmt":"2025-10-15T11:43:29","slug":"v-com-spociva-caro-jazdy-v-blate","status":"publish","type":"post","link":"https:\/\/www.welovecycling.com\/sk\/2025\/10\/15\/v-com-spociva-caro-jazdy-v-blate\/","title":{"rendered":"Ako zvl\u00e1dnu\u0165 jazdu v blate a u\u017ei\u0165 si ju naplno"},"content":{"rendered":"<p><strong>Nepozerajte sa na blato ako na prek\u00e1\u017eku \u2013 vn\u00edmajte ho ako s\u00fa\u010das\u0165 z\u00e1bavy. \u0160m\u00fdkanie, \u0161myky a ob\u010dasn\u00fd p\u00e1d s\u00fa najr\u00fdchlej\u0161ie cesty, ako posun\u00fa\u0165 va\u0161e technick\u00e9 zru\u010dnosti na vy\u0161\u0161iu \u00farove\u0148. Mo\u017eno jazdu v blate nezn\u00e1\u0161ate, no akosi sa po nej c\u00edtite lep\u0161ie ako po suchej jazde. Tu je d\u00f4vod.<\/strong><\/p>\n<p style=\"font-weight: 400;\"><!--more--><\/p>\n<p><span style=\"font-weight: 400;\">Blato \u00faplne men\u00ed pravidl\u00e1 hry. Nem\u00f4\u017eete si dovoli\u0165 rozpty\u013eovanie a mus\u00edte sa intenz\u00edvne s\u00fastredi\u0165 na jazdu, preto\u017ee aj mal\u00e9 chyby na klzkom ter\u00e9ne znamenaj\u00fa p\u00e1d. Celkov\u00fd z\u00e1\u017eitok z jazdy je tak ove\u013ea intenz\u00edvnej\u0161\u00ed a pohlcuj\u00facej\u0161\u00ed.<\/span><\/p>\n<p><span style=\"font-weight: 400;\">Z\u00e1rove\u0148 je jazda v blate pravdepodobne ten najrozporuplnej\u0161\u00ed pocit, ak\u00fd pozn\u00e1 ka\u017ed\u00fd biker. V\u0161etci to pozn\u00e1me: najprv sa v\u00e1m do toho naozaj nechce \u2013 v\u00f4bec nie. <strong>Na bicykel v da\u017edi a blate sad\u00e1me len vtedy, ke\u010f mus\u00edme,<\/strong> zvy\u010dajne kv\u00f4li pretekom alebo aby sme udr\u017eali krok s priate\u013emi, ktor\u00fdch nechceme sklama\u0165.<\/span><\/p>\n<h2><strong>Neexistuje predsa zl\u00e9 po\u010dasie<\/strong><\/h2>\n<p><span style=\"font-weight: 400;\">Ka\u017ed\u00e1 da\u017e\u010fov\u00e1 kvapka n\u00e1s roz\u010du\u013euje, mokr\u00fd zadok n\u00e1s priv\u00e1dza do \u0161ialenstva, no potom nast\u00e1va bod zlomu. Akon\u00e1hle ste premo\u010den\u00ed od hlavy a\u017e po p\u00e4ty a vo va\u0161ich top\u00e1nkach \u010d\u013eapoce voda, frustr\u00e1cia a neochota zmizn\u00fa. Namiesto nich prevl\u00e1dne euf\u00f3ria; prestanete sa vyh\u00fdba\u0165 kalu\u017eiam a idete rovno do nich, prestanete sa blata b\u00e1\u0165 a za\u010dnete si u\u017e\u00edva\u0165 po\u0161myknutia a \u0161myky. Nech len voda \u0161pliecha!<\/span><\/p>\n<p><span style=\"font-weight: 400;\">Zatia\u013e \u010do men\u0161ia \u0161kvrna od blata na nohaviciach m\u00f4\u017ee vyvola\u0165 rozpaky pred ostatn\u00fdmi, by\u0165 d\u00f4kladne pokryt\u00fd blatom \u2013 akoby ste sa v \u0148om v\u00e1\u013eali \u2013 <strong>prin\u00e1\u0161a kr\u00e1\u013eovsk\u00fd pocit v\u00ed\u0165azstva.<\/strong> Tento pocit pravdepodobne pramen\u00ed z faktu, \u017ee ste to nevzdali. <\/span><\/p>\n<p><span style=\"font-weight: 400;\">A pam\u00e4tajte: ako hovor\u00ed star\u00e9 pr\u00edslovie, neexistuje zl\u00e9 po\u010dasie, len zl\u00e9 oble\u010denie. V\u010faka <\/span><a href=\"https:\/\/www.welovecycling.com\/wide\/2021\/10\/01\/top-waterproof-tights-and-trousers-for-fall-and-winter-riding\/\" target=\"_blank\" rel=\"noopener\"><span style=\"font-weight: 400;\">modern\u00fdm nepremokav\u00fdm materi\u00e1lom<\/span><\/a><span style=\"font-weight: 400;\"> to plat\u00ed viac ako kedyko\u013evek predt\u00fdm.<\/span><\/p>\n<h2><strong>Jazdite v blate, ko\u013eko sa len d\u00e1<\/strong><\/h2>\n<p><span style=\"font-weight: 400;\"><strong>Blato odde\u013euje zru\u010dn\u00fdch jazdcov od neohraban\u00fdch.<\/strong> Na suchom podklade je \u0165a\u017e\u0161ie rozl\u00ed\u0161i\u0165, no v mokrom je rozdiel jasn\u00fd ako de\u0148. Zru\u010dn\u00ed bikeri sa k\u013a\u017eu v\u010faka lep\u0161ej koordin\u00e1cii, rovnov\u00e1he a schopnosti m\u00fadro pou\u017e\u00edva\u0165, alebo nepou\u017e\u00edva\u0165, brzdy. <\/span><\/p>\n<p><span style=\"font-weight: 400;\">Menej sk\u00fasen\u00ed jazdci sa vystra\u0161ia, stratia sebad\u00f4veru, stratia rovnov\u00e1hu a brzdia pr\u00edli\u0161 tvrdo alebo nespr\u00e1vnym sp\u00f4sobom, \u010d\u00edm si zaru\u010dia nevyhnutn\u00e9 p\u00e1dy. \u201eAk m\u00e1te mo\u017enos\u0165, jazdite v blate. Posunie to va\u0161e jazdeck\u00e9 zru\u010dnosti o nieko\u013eko \u00farovn\u00ed vy\u0161\u0161ie,\u201c rad\u00ed profesion\u00e1lny jazdec a MTB tr\u00e9ner Richard Gasperotti.<\/span><\/p>\n<blockquote class=\"instagram-media\" style=\"background: #FFF; border: 0; border-radius: 3px; box-shadow: 0 0 1px 0 rgba(0,0,0,0.5),0 1px 10px 0 rgba(0,0,0,0.15); margin: 1px; max-width: 540px; min-width: 326px; padding: 0; width: calc(100% - 2px);\" data-instgrm-captioned=\"\" data-instgrm-permalink=\"https:\/\/www.instagram.com\/p\/DPLrHxRiNbN\/?utm_source=ig_embed&amp;utm_campaign=loading\" data-instgrm-version=\"14\">\n<div style=\"padding: 16px;\">\n<p>&nbsp;<\/p>\n<div style=\"display: flex; flex-direction: row; align-items: center;\">\n<div style=\"background-color: #f4f4f4; border-radius: 50%; flex-grow: 0; height: 40px; margin-right: 14px; width: 40px;\"><\/div>\n<div style=\"display: flex; flex-direction: column; flex-grow: 1; justify-content: center;\">\n<div style=\"background-color: #f4f4f4; border-radius: 4px; flex-grow: 0; height: 14px; margin-bottom: 6px; width: 100px;\"><\/div>\n<div style=\"background-color: #f4f4f4; border-radius: 4px; flex-grow: 0; height: 14px; width: 60px;\"><\/div>\n<\/div>\n<\/div>\n<div style=\"padding: 19% 0;\"><\/div>\n<div style=\"display: block; height: 50px; margin: 0 auto 12px; width: 50px;\"><\/div>\n<div style=\"padding-top: 8px;\">\n<div style=\"color: #3897f0; font-family: Arial,sans-serif; font-size: 14px; font-style: normal; font-weight: 550; line-height: 18px;\">Zobrazit p\u0159\u00edsp\u011bvek na Instagramu<\/div>\n<\/div>\n<div style=\"padding: 12.5% 0;\"><\/div>\n<div style=\"display: flex; flex-direction: row; margin-bottom: 14px; align-items: center;\">\n<div>\n<div style=\"background-color: #f4f4f4; border-radius: 50%; height: 12.5px; width: 12.5px; transform: translateX(0px) translateY(7px);\"><\/div>\n<div style=\"background-color: #f4f4f4; height: 12.5px; transform: rotate(-45deg) translateX(3px) translateY(1px); width: 12.5px; flex-grow: 0; margin-right: 14px; margin-left: 2px;\"><\/div>\n<div style=\"background-color: #f4f4f4; border-radius: 50%; height: 12.5px; width: 12.5px; transform: translateX(9px) translateY(-18px);\"><\/div>\n<\/div>\n<div style=\"margin-left: 8px;\">\n<div style=\"background-color: #f4f4f4; border-radius: 50%; flex-grow: 0; height: 20px; width: 20px;\"><\/div>\n<div style=\"width: 0; height: 0; border-top: 2px solid transparent; border-left: 6px solid #f4f4f4; border-bottom: 2px solid transparent; transform: translateX(16px) translateY(-4px) rotate(30deg);\"><\/div>\n<\/div>\n<div style=\"margin-left: auto;\">\n<div style=\"width: 0px; border-top: 8px solid #F4F4F4; border-right: 8px solid transparent; transform: translateY(16px);\"><\/div>\n<div style=\"background-color: #f4f4f4; flex-grow: 0; height: 12px; width: 16px; transform: translateY(-4px);\"><\/div>\n<div style=\"width: 0; height: 0; border-top: 8px solid #F4F4F4; border-left: 8px solid transparent; transform: translateY(-4px) translateX(8px);\"><\/div>\n<\/div>\n<\/div>\n<div style=\"display: flex; flex-direction: column; flex-grow: 1; justify-content: center; margin-bottom: 24px;\">\n<div style=\"background-color: #f4f4f4; border-radius: 4px; flex-grow: 0; height: 14px; margin-bottom: 6px; width: 224px;\"><\/div>\n<div style=\"background-color: #f4f4f4; border-radius: 4px; flex-grow: 0; height: 14px; width: 144px;\"><\/div>\n<\/div>\n<p>&nbsp;<\/p>\n<p style=\"color: #c9c8cd; font-family: Arial,sans-serif; font-size: 14px; line-height: 17px; margin-bottom: 0; margin-top: 8px; overflow: hidden; padding: 8px 0 7px; text-align: center; text-overflow: ellipsis; white-space: nowrap;\"><a style=\"color: #c9c8cd; font-family: Arial,sans-serif; font-size: 14px; font-style: normal; font-weight: normal; line-height: 17px; text-decoration: none;\" href=\"https:\/\/www.instagram.com\/p\/DPLrHxRiNbN\/?utm_source=ig_embed&amp;utm_campaign=loading\" target=\"_blank\" rel=\"noopener\">P\u0159\u00edsp\u011bvek sd\u00edlen\u00fd \u0160koda We Love Cycling (@wlcmagazine)<\/a><\/p>\n<\/div>\n<\/blockquote>\n<p><script async src=\"\/\/www.instagram.com\/embed.js\"><\/script><\/p>\n<p><span style=\"font-weight: 400;\">Skuto\u010dnos\u0165, \u017ee blato jazdcov naozaj prever\u00ed, je evidentn\u00e1 aj na pretekoch Svetov\u00e9ho poh\u00e1ra. Na such\u00fdch tratiach s\u00fa \u010dasov\u00e9 rozdiely medzi jazdcami \u010dasto ot\u00e1zkou stot\u00edn sekundy; v blatov\u00fdch podmienkach sa tieto rozdiely m\u00f4\u017eu natiahnu\u0165 na cel\u00e9 sekundy. <\/span><\/p>\n<p><span style=\"font-weight: 400;\">Fan\u00fa\u0161ikovia nikdy nezabudn\u00fa na legend\u00e1rnu jazdu britsk\u00e9ho jazdca<\/span><a href=\"https:\/\/www.youtube.com\/watch?v=EqYgAX6D43Q\" target=\"_blank\" rel=\"noopener\"><span style=\"font-weight: 400;\"> Dannyho Harta na Majstrovstv\u00e1ch sveta v zjazde v roku 2011<\/span><\/a><span style=\"font-weight: 400;\"> v Champ\u00e9ry vo \u0160vaj\u010diarsku. <\/span><\/p>\n<p><span style=\"font-weight: 400;\">Potom, \u010do siln\u00fd d\u00e1\u017e\u010f urobil tra\u0165 tak klzkou, \u017ee sa po nej nedalo ani chodi\u0165 bez po\u0161myknutia, Hart sa r\u00fatil dole ako \u201enamydlen\u00fd blesk\u201c. Na jednom z posledn\u00fdch skokov predviedol \u0161okuj\u00faci <\/span><i><span style=\"font-weight: 400;\">whip<\/span><\/i><span style=\"font-weight: 400;\"> a porazil Franc\u00faza Damiena Spagnola s \u00fa\u017easn\u00fdm n\u00e1skokom 11 sek\u00fand.<\/span><\/p>\n<p><span style=\"font-weight: 400;\"><strong>Nie je n\u00e1hoda, \u017ee blato vyhovuje Britom, tr\u00e9novan\u00fdm ich da\u017edivou kl\u00edmou.<\/strong> Mimochodom, jedny z najdrsnej\u0161\u00edch zjazdov\u00fdch pretekov na plan\u00e9te, Red Bull Hardline, sa konaj\u00fa v Severnom Walese, kde s\u00fa diabolsky klzk\u00e9 podmienky normou. (A \u00e1no, Danny Hart vyhral prv\u00e9 preteky u\u017e v roku 2014.)<\/span><\/p>\n<p><span style=\"font-weight: 400;\">\u010co presne teda sp\u00f4sobuje ten bla\u017een\u00fd pocit, ke\u010f sa zablat\u00edte, ktor\u00fd najlep\u0161ie vystihuje sl\u00e1vna veta z kreslen\u00e9ho filmu o najzn\u00e1mej\u0161om malom prasiatku na svete, Peppa Pig: \u201eV\u0161etci milujeme sk\u00e1kanie do blatov\u00fdch kalu\u017e\u00ed!\u201c Blato obsahuje bakt\u00e9riu s n\u00e1zvom <\/span><i><span style=\"font-weight: 400;\">Mycobacterium vaccae<\/span><\/i><span style=\"font-weight: 400;\">, ktor\u00e1 m\u00f4\u017ee stimulova\u0165 uvo\u013e\u0148ovanie seroton\u00ednu, neurotransmitera spojen\u00e9ho so \u0161\u0165ast\u00edm a pohodou.<\/span><\/p>\n<p><span style=\"font-weight: 400;\">K<strong>ontakt s blatom zni\u017euje nap\u00e4tie a zvy\u0161uje s\u00fastredenie.<\/strong> Pediatri dokonca odpor\u00fa\u010daj\u00fa rodi\u010dom, aby de\u0165om nezakazovali hra\u0165 sa v blate, preto\u017ee sa preuk\u00e1zalo, \u017ee posil\u0148uje imunitu a zni\u017euje riziko respira\u010dn\u00fdch ochoren\u00ed \u010di astmy. <\/span><\/p>\n<p><span style=\"font-weight: 400;\">Ke\u010f\u017ee \u010dlovek je asi zo 60 % voda, je len prirodzen\u00e9, \u017ee n\u00e1s kalu\u017ee podvedome pri\u0165ahuj\u00fa u\u017e od detstva \u2013 a pr\u00edsna v\u00fdchova to nem\u00f4\u017ee zmeni\u0165. To plat\u00ed rovnako pre deti aj pre bikerov.<\/span><\/p>\n<h2><b>P\u00e4\u0165 tipov, ako zvl\u00e1dnu\u0165 trail pln\u00fd blatov\u00fdch kalu\u017e\u00ed<\/b><\/h2>\n<h3><b>Mierte rovno cez najmokrej\u0161iu \u010das\u0165<\/b><span style=\"font-weight: 400;\">\u00a0<\/span><\/h3>\n<p><span style=\"font-weight: 400;\">Divok\u00e9 vyh\u00fdbanie sa kalu\u017eiam a blatu \u010dasto vedie k strate kontroly alebo po\u0161myknutiu predn\u00e9ho kolesa, \u010do sp\u00f4sob\u00ed p\u00e1d. Prekvapivo, najbezpe\u010dnej\u0161ia cesta je zvy\u010dajne prejs\u0165 cez najblatovej\u0161\u00ed \u00fasek, kde je blato mokr\u00e9, kladie najmen\u0161\u00ed odpor a nezachyt\u00ed va\u0161e predn\u00e9 koleso. Mokr\u00e9 \u00faseky tie\u017e r\u00fdchlo \u010distia dez\u00e9n va\u0161ich pl\u00e1\u0161\u0165ov, \u010d\u00edm sa po opl\u00e1chnut\u00ed obnov\u00ed pri\u013enavos\u0165. Pri prejazde zlo\u017eit\u00e9ho miesta sledujte cie\u013e a dr\u017ete riadidl\u00e1 rovno.<\/span><\/p>\n<h3><b>Presu\u0148te v\u00e1hu dozadu<\/b><span style=\"font-weight: 400;\">\u00a0<\/span><\/h3>\n<p><span style=\"font-weight: 400;\">Blato m\u00e1 tendenciu \u201eprehltn\u00fa\u0165\u201c predn\u00e9 koleso a prehodi\u0165 v\u00e1s cez riadidl\u00e1. Miernym presunut\u00edm v\u00e1hy dozadu od\u013eah\u010d\u00edte predn\u00e9 koleso a pom\u00f4\u017eete mu pre\u0161mykn\u00fa\u0165 sa cez kritick\u00fd \u00fasek. Z\u00e1rove\u0148 zv\u00fd\u0161ite trakciu na \u201ehnanom\u201c zadnom kolese, ktor\u00e9 v\u00e1s z blata vytla\u010d\u00ed.<\/span><\/p>\n<h3><b>Pou\u017e\u00edvajte zadn\u00fa brzdu<\/b><span style=\"font-weight: 400;\">\u00a0<\/span><\/h3>\n<p><span style=\"font-weight: 400;\">Ak ste niekedy \u0161of\u00e9rovali auto s ABS, viete, \u017ee syst\u00e9m sa sna\u017e\u00ed zabr\u00e1ni\u0165 zablokovaniu kolesa za ka\u017ed\u00fa cenu. Zablokovan\u00e9 koleso sa nebude ot\u00e1\u010da\u0165 a na klzkom povrchu okam\u017eite \u0161mykne. Na bicykli to zvy\u010dajne znamen\u00e1 p\u00e1d. Preto na predn\u00fa brzdu v blate zabudnite \u2013 ani sa jej nedot\u00fdkajte, najm\u00e4 v z\u00e1krut\u00e1ch. Ak potrebujete brzdi\u0165, pou\u017eite len zadn\u00fa brzdu a ve\u013emi jemne.<\/span><\/p>\n<h3><b>Prera\u010fte na \u0165a\u017e\u0161\u00ed prevod<\/b><span style=\"font-weight: 400;\">\u00a0<\/span><\/h3>\n<p><span style=\"font-weight: 400;\">Nie tak\u00fd \u0165a\u017ek\u00fd, aby ste nevedeli \u0161liapa\u0165, ale pr\u00edli\u0161 \u013eahk\u00fd prevod \u013eahko sp\u00f4sob\u00ed, \u017ee sa zadn\u00e9 koleso za\u010dne pret\u00e1\u010da\u0165 na mieste, zablokuje sa alebo sp\u00f4sob\u00ed nepr\u00edjemn\u00fd sklz do blata.<\/span><\/p>\n<h3><b>\u010cistite si bicykel po\u010das jazdy<\/b><span style=\"font-weight: 400;\">\u00a0<\/span><\/h3>\n<p><span style=\"font-weight: 400;\">Blato prid\u00e1va na v\u00e1he, zni\u017euje v\u00fdkon a skracuje \u017eivotnos\u0165 pohonu. Vyu\u017eite ka\u017ed\u00fa \u0161ancu prejs\u0165 cez mokr\u00e9 \u00faseky, ktor\u00e9 opl\u00e1chnu va\u0161e pl\u00e1\u0161te a r\u00e1m. Ke\u010f zastav\u00edte, naklo\u0148te bicykel a pomocou palice (alebo ruky) zo\u0161krabte nahromaden\u00e9 blato \u2013 najm\u00e4 okolo prehadzova\u010dky a tam, kde sa koles\u00e1 ot\u00e1\u010daj\u00fa vo vn\u00fatri vidlice alebo zadn\u00e9ho trojuholn\u00edka.<\/span><\/p>\n","protected":false},"excerpt":{"rendered":"<p>Nepozerajte sa na blato ako na prek\u00e1\u017eku \u2013 vn\u00edmajte ho ako s\u00fa\u010das\u0165 z\u00e1bavy. \u0160m\u00fdkanie, \u0161myky a ob\u010dasn\u00fd p\u00e1d s\u00fa najr\u00fdchlej\u0161ie [&hellip;]<\/p>\n","protected":false},"author":191,"featured_media":21138,"comment_status":"closed","ping_status":"closed","sticky":false,"template":"","format":"standard","meta":{"footnotes":""},"categories":[191],"tags":[619,951,546,618,180,532,286,767,931,954,508,183],"global-categories":[],"class_list":["post-21137","post","type-post","status-publish","format-standard","has-post-thumbnail","hentry","category-odporucame","tag-bicyklovanie","tag-blato","tag-cyklistika","tag-dazd","tag-horska-cyklistika","tag-jazdenie","tag-jesen","tag-motivacia","tag-odporucame","tag-pocasie","tag-vylet","tag-zabava"],"yoast_head":"<!-- This site is optimized with the Yoast SEO Premium plugin v25.3 (Yoast SEO v25.9) - https:\/\/yoast.com\/wordpress\/plugins\/seo\/ -->\n<title>Ako zvl\u00e1dnu\u0165 jazdu v blate a u\u017ei\u0165 si ju naplno - \u0160koda We Love Cycling Slovensko<\/title>\n<meta name=\"description\" content=\"Blato nie je nepriate\u013e, ale s\u00fa\u010das\u0165 z\u00e1bavy! Zistite, pre\u010do jazda v blate zlep\u0161\u00ed va\u0161e zru\u010dnosti, n\u00e1ladu aj imunitu.\" \/>\n<meta name=\"robots\" content=\"index, follow, max-snippet:-1, max-image-preview:large, max-video-preview:-1\" \/>\n<link rel=\"canonical\" href=\"https:\/\/www.welovecycling.com\/sk\/2025\/10\/15\/v-com-spociva-caro-jazdy-v-blate\/\" \/>\n<meta property=\"og:locale\" content=\"sk_SK\" \/>\n<meta property=\"og:type\" content=\"article\" \/>\n<meta property=\"og:title\" content=\"Ako zvl\u00e1dnu\u0165 jazdu v blate a u\u017ei\u0165 si ju naplno\" \/>\n<meta property=\"og:description\" content=\"Blato nie je nepriate\u013e, ale s\u00fa\u010das\u0165 z\u00e1bavy! Zistite, pre\u010do jazda v blate zlep\u0161\u00ed va\u0161e zru\u010dnosti, n\u00e1ladu aj imunitu.\" \/>\n<meta property=\"og:url\" content=\"https:\/\/www.welovecycling.com\/sk\/2025\/10\/15\/v-com-spociva-caro-jazdy-v-blate\/\" \/>\n<meta property=\"og:site_name\" content=\"\u0160koda We Love Cycling Slovensko\" \/>\n<meta property=\"article:published_time\" content=\"2025-10-15T12:00:28+00:00\" \/>\n<meta property=\"og:image\" content=\"https:\/\/d2p6e6u75xmxt8.cloudfront.net\/4\/2025\/10\/Mud-Cyclist-profimedia-0975913980-CVR.webp\" \/>\n\t<meta property=\"og:image:width\" content=\"990\" \/>\n\t<meta property=\"og:image:height\" content=\"660\" \/>\n\t<meta property=\"og:image:type\" content=\"image\/webp\" \/>\n<meta name=\"author\" content=\"michal\" \/>\n<meta name=\"twitter:card\" content=\"summary_large_image\" \/>\n<meta name=\"twitter:label1\" content=\"Written by\" \/>\n\t<meta name=\"twitter:data1\" content=\"Adam Mrsal\" \/>\n\t<meta name=\"twitter:label2\" content=\"Est. reading time\" \/>\n\t<meta name=\"twitter:data2\" content=\"2\" \/>\n<script type=\"application\/ld+json\" class=\"yoast-schema-graph\">{\"@context\":\"https:\/\/schema.org\",\"@graph\":[{\"@type\":\"WebPage\",\"@id\":\"https:\/\/www.welovecycling.com\/sk\/2025\/10\/15\/v-com-spociva-caro-jazdy-v-blate\/\",\"url\":\"https:\/\/www.welovecycling.com\/sk\/2025\/10\/15\/v-com-spociva-caro-jazdy-v-blate\/\",\"name\":\"Ako zvl\u00e1dnu\u0165 jazdu v blate a u\u017ei\u0165 si ju naplno - \u0160koda We Love Cycling Slovensko\",\"isPartOf\":{\"@id\":\"https:\/\/www.welovecycling.com\/sk\/#website\"},\"primaryImageOfPage\":{\"@id\":\"https:\/\/www.welovecycling.com\/sk\/2025\/10\/15\/v-com-spociva-caro-jazdy-v-blate\/#primaryimage\"},\"image\":{\"@id\":\"https:\/\/www.welovecycling.com\/sk\/2025\/10\/15\/v-com-spociva-caro-jazdy-v-blate\/#primaryimage\"},\"thumbnailUrl\":\"https:\/\/d2p6e6u75xmxt8.cloudfront.net\/4\/2025\/10\/Mud-Cyclist-profimedia-0975913980-CVR.webp\",\"datePublished\":\"2025-10-15T12:00:28+00:00\",\"author\":{\"@id\":\"https:\/\/www.welovecycling.com\/sk\/#\/schema\/person\/45e989de48eace55eb338c027dc5a65e\"},\"description\":\"Blato nie je nepriate\u013e, ale s\u00fa\u010das\u0165 z\u00e1bavy! Zistite, pre\u010do jazda v blate zlep\u0161\u00ed va\u0161e zru\u010dnosti, n\u00e1ladu aj imunitu.\",\"breadcrumb\":{\"@id\":\"https:\/\/www.welovecycling.com\/sk\/2025\/10\/15\/v-com-spociva-caro-jazdy-v-blate\/#breadcrumb\"},\"inLanguage\":\"sk-SK\",\"potentialAction\":[{\"@type\":\"ReadAction\",\"target\":[\"https:\/\/www.welovecycling.com\/sk\/2025\/10\/15\/v-com-spociva-caro-jazdy-v-blate\/\"]}]},{\"@type\":\"ImageObject\",\"inLanguage\":\"sk-SK\",\"@id\":\"https:\/\/www.welovecycling.com\/sk\/2025\/10\/15\/v-com-spociva-caro-jazdy-v-blate\/#primaryimage\",\"url\":\"https:\/\/d2p6e6u75xmxt8.cloudfront.net\/4\/2025\/10\/Mud-Cyclist-profimedia-0975913980-CVR.webp\",\"contentUrl\":\"https:\/\/d2p6e6u75xmxt8.cloudfront.net\/4\/2025\/10\/Mud-Cyclist-profimedia-0975913980-CVR.webp\",\"width\":990,\"height\":660,\"caption\":\"Cyclist in mud\"},{\"@type\":\"BreadcrumbList\",\"@id\":\"https:\/\/www.welovecycling.com\/sk\/2025\/10\/15\/v-com-spociva-caro-jazdy-v-blate\/#breadcrumb\",\"itemListElement\":[{\"@type\":\"ListItem\",\"position\":1,\"name\":\"Home\",\"item\":\"https:\/\/www.welovecycling.com\/sk\/\"},{\"@type\":\"ListItem\",\"position\":2,\"name\":\"Ako zvl\u00e1dnu\u0165 jazdu v blate a u\u017ei\u0165 si ju naplno\"}]},{\"@type\":\"WebSite\",\"@id\":\"https:\/\/www.welovecycling.com\/sk\/#website\",\"url\":\"https:\/\/www.welovecycling.com\/sk\/\",\"name\":\"\u0160koda We Love Cycling Slovensko\",\"description\":\"\u0160koda We Love Cycling Slovensko je v\u00e1\u0161 ka\u017edodenn\u00fd zdroj noviniek a in\u0161pir\u00e1cie z sveta cyklistiky\",\"potentialAction\":[{\"@type\":\"SearchAction\",\"target\":{\"@type\":\"EntryPoint\",\"urlTemplate\":\"https:\/\/www.welovecycling.com\/sk\/?s={search_term_string}\"},\"query-input\":{\"@type\":\"PropertyValueSpecification\",\"valueRequired\":true,\"valueName\":\"search_term_string\"}}],\"inLanguage\":\"sk-SK\"},{\"@type\":\"Person\",\"@id\":\"https:\/\/www.welovecycling.com\/sk\/#\/schema\/person\/45e989de48eace55eb338c027dc5a65e\",\"name\":\"michal\",\"image\":{\"@type\":\"ImageObject\",\"inLanguage\":\"sk-SK\",\"@id\":\"https:\/\/www.welovecycling.com\/sk\/#\/schema\/person\/image\/\",\"url\":\"https:\/\/secure.gravatar.com\/avatar\/7f8deb1af8506a5f53d1b779436f546bce1c8c40c09780107ad3811c7dc4bbcb?s=96&d=mm&r=g\",\"contentUrl\":\"https:\/\/secure.gravatar.com\/avatar\/7f8deb1af8506a5f53d1b779436f546bce1c8c40c09780107ad3811c7dc4bbcb?s=96&d=mm&r=g\",\"caption\":\"michal\"},\"url\":\"https:\/\/www.welovecycling.com\/sk\/author\/michal\/\"}]}<\/script>\n<!-- \/ Yoast SEO Premium plugin. -->","yoast_head_json":{"title":"Ako zvl\u00e1dnu\u0165 jazdu v blate a u\u017ei\u0165 si ju naplno - \u0160koda We Love Cycling Slovensko","description":"Blato nie je nepriate\u013e, ale s\u00fa\u010das\u0165 z\u00e1bavy! Zistite, pre\u010do jazda v blate zlep\u0161\u00ed va\u0161e zru\u010dnosti, n\u00e1ladu aj imunitu.","robots":{"index":"index","follow":"follow","max-snippet":"max-snippet:-1","max-image-preview":"max-image-preview:large","max-video-preview":"max-video-preview:-1"},"canonical":"https:\/\/www.welovecycling.com\/sk\/2025\/10\/15\/v-com-spociva-caro-jazdy-v-blate\/","og_locale":"sk_SK","og_type":"article","og_title":"Ako zvl\u00e1dnu\u0165 jazdu v blate a u\u017ei\u0165 si ju naplno","og_description":"Blato nie je nepriate\u013e, ale s\u00fa\u010das\u0165 z\u00e1bavy! Zistite, pre\u010do jazda v blate zlep\u0161\u00ed va\u0161e zru\u010dnosti, n\u00e1ladu aj imunitu.","og_url":"https:\/\/www.welovecycling.com\/sk\/2025\/10\/15\/v-com-spociva-caro-jazdy-v-blate\/","og_site_name":"\u0160koda We Love Cycling Slovensko","article_published_time":"2025-10-15T12:00:28+00:00","og_image":[{"width":990,"height":660,"url":"https:\/\/d2p6e6u75xmxt8.cloudfront.net\/4\/2025\/10\/Mud-Cyclist-profimedia-0975913980-CVR.webp","type":"image\/webp"}],"author":"michal","twitter_card":"summary_large_image","twitter_misc":{"Written by":"Adam Mrsal","Est. reading time":"2"},"schema":{"@context":"https:\/\/schema.org","@graph":[{"@type":"WebPage","@id":"https:\/\/www.welovecycling.com\/sk\/2025\/10\/15\/v-com-spociva-caro-jazdy-v-blate\/","url":"https:\/\/www.welovecycling.com\/sk\/2025\/10\/15\/v-com-spociva-caro-jazdy-v-blate\/","name":"Ako zvl\u00e1dnu\u0165 jazdu v blate a u\u017ei\u0165 si ju naplno - \u0160koda We Love Cycling Slovensko","isPartOf":{"@id":"https:\/\/www.welovecycling.com\/sk\/#website"},"primaryImageOfPage":{"@id":"https:\/\/www.welovecycling.com\/sk\/2025\/10\/15\/v-com-spociva-caro-jazdy-v-blate\/#primaryimage"},"image":{"@id":"https:\/\/www.welovecycling.com\/sk\/2025\/10\/15\/v-com-spociva-caro-jazdy-v-blate\/#primaryimage"},"thumbnailUrl":"https:\/\/d2p6e6u75xmxt8.cloudfront.net\/4\/2025\/10\/Mud-Cyclist-profimedia-0975913980-CVR.webp","datePublished":"2025-10-15T12:00:28+00:00","author":{"@id":"https:\/\/www.welovecycling.com\/sk\/#\/schema\/person\/45e989de48eace55eb338c027dc5a65e"},"description":"Blato nie je nepriate\u013e, ale s\u00fa\u010das\u0165 z\u00e1bavy! Zistite, pre\u010do jazda v blate zlep\u0161\u00ed va\u0161e zru\u010dnosti, n\u00e1ladu aj imunitu.","breadcrumb":{"@id":"https:\/\/www.welovecycling.com\/sk\/2025\/10\/15\/v-com-spociva-caro-jazdy-v-blate\/#breadcrumb"},"inLanguage":"sk-SK","potentialAction":[{"@type":"ReadAction","target":["https:\/\/www.welovecycling.com\/sk\/2025\/10\/15\/v-com-spociva-caro-jazdy-v-blate\/"]}]},{"@type":"ImageObject","inLanguage":"sk-SK","@id":"https:\/\/www.welovecycling.com\/sk\/2025\/10\/15\/v-com-spociva-caro-jazdy-v-blate\/#primaryimage","url":"https:\/\/d2p6e6u75xmxt8.cloudfront.net\/4\/2025\/10\/Mud-Cyclist-profimedia-0975913980-CVR.webp","contentUrl":"https:\/\/d2p6e6u75xmxt8.cloudfront.net\/4\/2025\/10\/Mud-Cyclist-profimedia-0975913980-CVR.webp","width":990,"height":660,"caption":"Cyclist in mud"},{"@type":"BreadcrumbList","@id":"https:\/\/www.welovecycling.com\/sk\/2025\/10\/15\/v-com-spociva-caro-jazdy-v-blate\/#breadcrumb","itemListElement":[{"@type":"ListItem","position":1,"name":"Home","item":"https:\/\/www.welovecycling.com\/sk\/"},{"@type":"ListItem","position":2,"name":"Ako zvl\u00e1dnu\u0165 jazdu v blate a u\u017ei\u0165 si ju naplno"}]},{"@type":"WebSite","@id":"https:\/\/www.welovecycling.com\/sk\/#website","url":"https:\/\/www.welovecycling.com\/sk\/","name":"\u0160koda We Love Cycling Slovensko","description":"\u0160koda We Love Cycling Slovensko je v\u00e1\u0161 ka\u017edodenn\u00fd zdroj noviniek a in\u0161pir\u00e1cie z sveta cyklistiky","potentialAction":[{"@type":"SearchAction","target":{"@type":"EntryPoint","urlTemplate":"https:\/\/www.welovecycling.com\/sk\/?s={search_term_string}"},"query-input":{"@type":"PropertyValueSpecification","valueRequired":true,"valueName":"search_term_string"}}],"inLanguage":"sk-SK"},{"@type":"Person","@id":"https:\/\/www.welovecycling.com\/sk\/#\/schema\/person\/45e989de48eace55eb338c027dc5a65e","name":"michal","image":{"@type":"ImageObject","inLanguage":"sk-SK","@id":"https:\/\/www.welovecycling.com\/sk\/#\/schema\/person\/image\/","url":"https:\/\/secure.gravatar.com\/avatar\/7f8deb1af8506a5f53d1b779436f546bce1c8c40c09780107ad3811c7dc4bbcb?s=96&d=mm&r=g","contentUrl":"https:\/\/secure.gravatar.com\/avatar\/7f8deb1af8506a5f53d1b779436f546bce1c8c40c09780107ad3811c7dc4bbcb?s=96&d=mm&r=g","caption":"michal"},"url":"https:\/\/www.welovecycling.com\/sk\/author\/michal\/"}]}},"_links":{"self":[{"href":"https:\/\/www.welovecycling.com\/sk\/wp-json\/wp\/v2\/posts\/21137","targetHints":{"allow":["GET"]}}],"collection":[{"href":"https:\/\/www.welovecycling.com\/sk\/wp-json\/wp\/v2\/posts"}],"about":[{"href":"https:\/\/www.welovecycling.com\/sk\/wp-json\/wp\/v2\/types\/post"}],"author":[{"embeddable":true,"href":"https:\/\/www.welovecycling.com\/sk\/wp-json\/wp\/v2\/users\/191"}],"replies":[{"embeddable":true,"href":"https:\/\/www.welovecycling.com\/sk\/wp-json\/wp\/v2\/comments?post=21137"}],"version-history":[{"count":5,"href":"https:\/\/www.welovecycling.com\/sk\/wp-json\/wp\/v2\/posts\/21137\/revisions"}],"predecessor-version":[{"id":21143,"href":"https:\/\/www.welovecycling.com\/sk\/wp-json\/wp\/v2\/posts\/21137\/revisions\/21143"}],"wp:featuredmedia":[{"embeddable":true,"href":"https:\/\/www.welovecycling.com\/sk\/wp-json\/wp\/v2\/media\/21138"}],"wp:attachment":[{"href":"https:\/\/www.welovecycling.com\/sk\/wp-json\/wp\/v2\/media?parent=21137"}],"wp:term":[{"taxonomy":"category","embeddable":true,"href":"https:\/\/www.welovecycling.com\/sk\/wp-json\/wp\/v2\/categories?post=21137"},{"taxonomy":"post_tag","embeddable":true,"href":"https:\/\/www.welovecycling.com\/sk\/wp-json\/wp\/v2\/tags?post=21137"},{"taxonomy":"global-categories","embeddable":true,"href":"https:\/\/www.welovecycling.com\/sk\/wp-json\/wp\/v2\/global-categories?post=21137"}],"curies":[{"name":"wp","href":"https:\/\/api.w.org\/{rel}","templated":true}]}}