{"id":21105,"date":"2025-10-06T11:00:31","date_gmt":"2025-10-06T09:00:31","guid":{"rendered":"https:\/\/www.welovecycling.com\/sk\/?p=21105"},"modified":"2025-10-13T10:30:51","modified_gmt":"2025-10-13T08:30:51","slug":"jesenny-treningovy-restart-cyklistika","status":"publish","type":"post","link":"https:\/\/www.welovecycling.com\/sk\/2025\/10\/06\/jesenny-treningovy-restart-cyklistika\/","title":{"rendered":"V\u00e1\u0161 jesenn\u00fd tr\u00e9ningov\u00fd re\u0161tart: ako n\u00e1js\u0165 nov\u00fa motiv\u00e1ciu, ke\u010f sa menia ro\u010dn\u00e9 obdobia"},"content":{"rendered":"<p><strong>Jese\u0148 na severnej pologuli ofici\u00e1lne dorazila a mysl\u00edm, \u017ee v\u0161etci sa zhodneme, \u017ee koniec leta je v\u017edy trochu horkosladk\u00fd. Po\u010das nieko\u013ek\u00fdch mesiacov boli dlh\u0161ie dni, \u013eah\u0161ie oble\u010denie a adrenal\u00edn pretek\u00e1rskej sez\u00f3ny palivom pre v\u00e1\u0161e\u0148 nov\u00fdch aj star\u00fdch cyklistov. Ale ke\u010f s\u00fa r\u00e1na svie\u017eej\u0161ie a cesty s\u00fa poma\u013eovan\u00e9 padaj\u00facim l\u00edst\u00edm, stoj\u00edme pred rozhodnut\u00edm: budeme sa dr\u017ea\u0165 letnej formy, alebo nech\u00e1me jese\u0148, aby n\u00e1s vtiahla do nov\u00e9ho rytmu?<\/strong><\/p>\n<p><!--more--><\/p>\n<p><span style=\"font-weight: 400;\">Ako niekto, kto tie\u017e miluje zmenu atmosf\u00e9ry, aby veci zostali zauj\u00edmav\u00e9, s rados\u0165ou m\u00f4\u017eem poveda\u0165, \u017ee jesenn\u00fd tr\u00e9ningov\u00fd re\u0161tart nie je o spomalen\u00ed alebo strate kond\u00edcie. Je to v\u0161etko o zmene pr\u00edstupu. Toto je v skuto\u010dnosti ide\u00e1lny \u010das na to, aby ste si nanovo definovali, \u010do v\u00e1s na bicykli motivuje, presk\u00famali nov\u00e9 sp\u00f4soby jazdy a pripravili sa fyzicky aj psychicky na zimu. Vn\u00edmajte to ako prechodn\u00e9 obdobie, nie ako m\u0155tvu z\u00f3nu.<\/span><\/p>\n<h2><b>Prehodno\u0165te svoje ciele<\/b><\/h2>\n<p><span style=\"font-weight: 400;\">Mo\u017eno ste pr\u00e1ve ukon\u010dili nabit\u00fd pretek\u00e1rsky kalend\u00e1r, alebo bolo leto va\u0161ou sez\u00f3nou ve\u013ek\u00fdch v\u00fdziev, va\u0161ej najdlh\u0161ej jazdy, gravelov\u00e9ho podujatia alebo len snahy vtesna\u0165 \u010do najviac kaviarensk\u00fdch j\u00e1zd, k\u00fdm to denn\u00e9 svetlo dovo\u013eovalo. Nech u\u017e je to akoko\u013evek, jese\u0148 pon\u00faka dokonal\u00fd okamih na to, aby ste sa na chv\u00ed\u013eu zastavili a zamysleli.<\/span><\/p>\n<p><span style=\"font-weight: 400;\">Namiesto prem\u00fd\u0161\u013eania o \u201eudr\u017eiavan\u00ed formy\u201c prem\u00fd\u0161\u013eajte o \u201erozv\u00edjan\u00ed \u00fa\u010delu\u201c. Ak bolo leto o r\u00fdchlosti a intenzite, jese\u0148 m\u00f4\u017ee by\u0165 o vytrvalosti a pravidelnosti. Ak ste tr\u00e1vili \u010das nah\u00e1\u0148an\u00edm osobn\u00fdch rekordov, mo\u017eno je teraz \u010das zamera\u0165 sa na dobrodru\u017estvo a objavovanie nov\u00fdch tr\u00e1s. A ak ste boli zviazan\u00ed \u0161trukt\u00farou, mo\u017eno je \u010das jazdi\u0165 \u010disto pre rados\u0165, bez toho, aby \u010d\u00edsla diktovali ka\u017ed\u00e9 \u0161liapnutie do ped\u00e1lov.<\/span><\/p>\n<p><strong>Pom\u00f4c\u0165 m\u00f4\u017ee jednoduch\u00e9 cvi\u010denie na re\u0161tart:<\/strong><\/p>\n<ul>\n<li><span style=\"font-weight: 400;\">Zap\u00ed\u0161te si svoj najlep\u0161\u00ed moment z uplynulej cyklistickej sez\u00f3ny \u2013 to, pri \u010dom ste sa c\u00edtili najlep\u0161ie, nie nevyhnutne to, \u010do bolo najr\u00fdchlej\u0161ie.<\/span><\/li>\n<li><span style=\"font-weight: 400;\">Potom si zap\u00ed\u0161te jednu vec, ktor\u00fa ste zme\u0161kali alebo na ktor\u00fa ste si neurobili \u010das.<\/span><\/li>\n<li><span style=\"font-weight: 400;\">Nechajte tieto dve odpovede formova\u0165 v\u00e1\u0161 jesenn\u00fd jazdeck\u00fd z\u00e1mer.<\/span><\/li>\n<li><span style=\"font-weight: 400;\">Niekedy sta\u010d\u00ed len zmeni\u0165 perspekt\u00edvu, aby ohe\u0148 horel aj po\u010das krat\u0161\u00edch dn\u00ed.<\/span><\/li>\n<\/ul>\n<h2><b>Zamerajte sa na vytrvalos\u0165<\/b><\/h2>\n<p><span style=\"font-weight: 400;\">Jese\u0148 prirodzene nab\u00e1da k vytrvalostn\u00e9mu tr\u00e9ningu. Chladnej\u0161\u00ed vzduch rob\u00ed dlh\u00e9 jazdy pohodlnej\u0161\u00edmi a absencia pretek\u00e1rskeho tlaku v\u00e1m d\u00e1va priestor na zn\u00ed\u017eenie intenzity. T\u00fd\u017edenn\u00e1 dlh\u00e1 jazda v stabilnom tempe buduje aer\u00f3bny z\u00e1klad, ktor\u00fd v\u00e1s prenesie do formy v nasleduj\u00facom roku.<\/span><\/p>\n<p><span style=\"font-weight: 400;\">Vytrvalos\u0165 v\u0161ak nemus\u00ed znamena\u0165 epick\u00e9 vzdialenosti. M\u00f4\u017ee to tie\u017e znamena\u0165 jazdi\u0165 viac dn\u00ed v t\u00fd\u017edni v konverza\u010dnom tempe alebo sp\u00e1ja\u0165 nov\u00e9 trasy, aby ste si pred\u013a\u017eili \u010das v sedle bez ob\u00e1v o watty. Ide o to, aby ste nazbierali \u010das na bicykli bez toho, aby ste sa hnali za vy\u010derpan\u00edm. Ak m\u00e1te pred sebou ciele, povedzme, skor\u00fa jarn\u00fa cyklojazdu pre verejnos\u0165 alebo dlh\u00fa v\u00fdzvu na bud\u00faci rok, jesenn\u00e1 vytrvalos\u0165 je miestom, kde kladiete z\u00e1klady.<\/span><\/p>\n<figure id=\"attachment_21106\" aria-describedby=\"caption-attachment-21106\" style=\"width: 990px\" class=\"wp-caption alignnone\"><a href=\"https:\/\/d2p6e6u75xmxt8.cloudfront.net\/4\/2025\/10\/Autumn-Cycling-profimedia-0915395790-CVR.webp\"><img loading=\"lazy\" decoding=\"async\" class=\"wp-image-21106 size-full\" src=\"https:\/\/d2p6e6u75xmxt8.cloudfront.net\/4\/2025\/10\/Autumn-Cycling-profimedia-0915395790-CVR.webp\" alt=\"Autumn cycling\" width=\"990\" height=\"660\" srcset=\"https:\/\/d2p6e6u75xmxt8.cloudfront.net\/4\/2025\/10\/Autumn-Cycling-profimedia-0915395790-CVR.webp 990w, https:\/\/d2p6e6u75xmxt8.cloudfront.net\/4\/2025\/10\/Autumn-Cycling-profimedia-0915395790-CVR-300x200.webp 300w, https:\/\/d2p6e6u75xmxt8.cloudfront.net\/4\/2025\/10\/Autumn-Cycling-profimedia-0915395790-CVR-768x512.webp 768w, https:\/\/d2p6e6u75xmxt8.cloudfront.net\/4\/2025\/10\/Autumn-Cycling-profimedia-0915395790-CVR-400x267.webp 400w, https:\/\/d2p6e6u75xmxt8.cloudfront.net\/4\/2025\/10\/Autumn-Cycling-profimedia-0915395790-CVR-272x182.webp 272w\" sizes=\"auto, (max-width: 990px) 100vw, 990px\" \/><\/a><figcaption id=\"caption-attachment-21106\" class=\"wp-caption-text\"><span style=\"font-weight: 400;\">Jesenn\u00fd tr\u00e9ningov\u00fd re\u0161tart nie je o spomalen\u00ed alebo strate kond\u00edcie. Je to v\u0161etko o zmene pr\u00edstupu. \u00a9 Profimedia<\/span><\/figcaption><\/figure>\n<h2><b>Objavujte dobrodru\u017estvo<\/b><\/h2>\n<p><span style=\"font-weight: 400;\">Toto je sez\u00f3na, v ktorej exceluj\u00fa gravel, bikepacking a jazdy v \u0161t\u00fdle \u201epozrime sa, kam vedie t\u00e1to cesta\u201c. V\u010faka meniacej sa krajine je ka\u017ed\u00e1 jazda in\u00e1 a chladnej\u0161ie teploty znamenaj\u00fa, \u017ee si m\u00f4\u017eete zobra\u0165 trochu viac v\u00fdbavy bez toho, aby ste sa prehriali.<\/span><\/p>\n<p><span style=\"font-weight: 400;\">Ak bolo leto o rutine \u2013 rovnak\u00fd okruh, rovnak\u00e9 tempo \u2013 urobte z jesene objavovanie. Vyme\u0148te jednu zo svojich be\u017en\u00fdch j\u00e1zd ka\u017ed\u00fd t\u00fd\u017ede\u0148 za nie\u010do nezn\u00e1me: trail, ktor\u00fd ste si vyhliadli, st\u00fapanie, ktor\u00e9 ste nikdy nezdolali, alebo dokonca jazdu, ktor\u00e1 za\u010d\u00edna cestou vlakom na nov\u00e9 miesto.<\/span><\/p>\n<p><span style=\"font-weight: 400;\">Dobrodru\u017estvo m\u00f4\u017ee znamena\u0165 aj zjednodu\u0161enie j\u00e1zd. Nechajte cyklopo\u010d\u00edta\u010d doma, alebo aspo\u0148 vypnite \u017eiv\u00e9 metriky. Namiesto toho si v\u0161\u00edmajte praskanie l\u00edstia pod kolesami, v\u00f4\u0148u dymu z dreva, kvalitu svetla, ke\u010f slnko zapad\u00e1 sk\u00f4r. Tieto zmyslov\u00e9 detaily v\u00e1m pripomen\u00fa, pre\u010do vlastne jazd\u00edte.<\/span><\/p>\n<h2><b>Podujatia, ktor\u00e9 v\u00e1s udr\u017eia v strehu<\/b><\/h2>\n<p><span style=\"font-weight: 400;\">Jese\u0148 nie je koniec cyklistick\u00e9ho kalend\u00e1ra. V celej Eur\u00f3pe a mimo nej je sez\u00f3na pln\u00e1 gravelov\u00fdch podujat\u00ed, v\u00fdziev v zmie\u0161anom ter\u00e9ne a neskor\u00fdch cykloj\u00e1zd pre verejnos\u0165. \u010casto n\u00e1jdete charitat\u00edvne jazdy, cyklokrosov\u00e9 ligy a vytrvalostn\u00e9 v\u00fdzvy, ktor\u00e9 sa objavuj\u00fa a\u017e do okt\u00f3bra a dokonca novembra. Tieto podujatia s\u00fa ide\u00e1lne na preklenutie medzery medzi vrcholom letnej pretek\u00e1rskej sez\u00f3ny a zimn\u00fdm tr\u00e9ningom.<\/span><\/p>\n<p><span style=\"font-weight: 400;\">A ak podujatia nie s\u00fa va\u0161ou \u0161\u00e1lkou k\u00e1vy, m\u00f4\u017eete si vytvori\u0165 vlastn\u00fa \u0161trukt\u00faru alebo kalend\u00e1r. Stanovte si osobn\u00fa jesenn\u00fa v\u00fdzvu: jazdite ka\u017ed\u00fd v\u00edkend a\u017e do zmeny \u010dasu, zaznamenajte 100 km na svoje narodeniny alebo zdolajte t\u00fa trasu, ktor\u00fa ste odkladali. Ciele nemusia by\u0165 ofici\u00e1lne, aby boli motivuj\u00face.<\/span><\/p>\n<h2><b>Sila v rutine<\/b><\/h2>\n<p><span style=\"font-weight: 400;\">Ke\u010f sa dni skracuj\u00fa, rutina sa st\u00e1va va\u0161\u00edm spojencom. Leto sa \u010dasto zd\u00e1 spont\u00e1nne \u2013 jazdy po pr\u00e1ci, dlh\u00e9 v\u00edkendov\u00e9 \u00faniky \u2013 ale jese\u0148 profituje z trochy viac \u0161trukt\u00fary. Vytvorenie rytmu v\u00e1m pom\u00f4\u017ee zosta\u0165 konzistentn\u00fd, aj ke\u010f motiv\u00e1cia kles\u00e1.<\/span><\/p>\n<p><span style=\"font-weight: 400;\">To m\u00f4\u017ee znamena\u0165 zaviaza\u0165 sa k dvom jazd\u00e1m po\u010das t\u00fd\u017ed\u0148a a jednej dlhej v\u00edkendovej jazde, alebo si jednoducho napl\u00e1nova\u0165 \u010das na trena\u017e\u00e9r po\u010das tmav\u0161\u00edch ve\u010derov. K\u013e\u00fa\u010dom je odstr\u00e1ni\u0165 \u00fanavu z rozhodovania: ke\u010f pozn\u00e1te svoje tr\u00e9ningov\u00e9 okn\u00e1 vopred, je menej pravdepodobn\u00e9, \u017ee ich vynech\u00e1te.<\/span><\/p>\n<p><span style=\"font-weight: 400;\">Rutina nie je len o tr\u00e9ningu; je to aj o regener\u00e1cii a vytv\u00e1ran\u00ed priestoru na zmenu. V ro\u010dnom obdob\u00ed, ke\u010f telo prirodzene chce tr\u00e1vi\u0165 viac \u010dasu vn\u00fatri, vrelo odpor\u00fa\u010dam zaradi\u0165 do t\u00fd\u017ed\u0148a jogu, silov\u00e9 tr\u00e9ningy alebo cvi\u010denia na mobilitu. Mal\u00e9, stabiln\u00e9 n\u00e1vyky sa s\u010d\u00edtaj\u00fa. Budete ve\u013emi radi, \u017ee ste si vytvorili z\u00e1klady a m\u00e1te sa o \u010do oprie\u0165, ke\u010f sa naozaj ochlad\u00ed.<\/span><\/p>\n<h2><b>Necho\u010fte na to sami<\/b><\/h2>\n<p><span style=\"font-weight: 400;\">Jese\u0148 m\u00f4\u017ee by\u0165 z h\u013eadiska motiv\u00e1cie zlo\u017eit\u00fdm obdob\u00edm. Krat\u0161ie dni, nepredv\u00eddate\u013en\u00e9 po\u010dasie a pokles n\u00e1lady po lete si vyberaj\u00fa svoju da\u0148. Pr\u00e1ve tu zohr\u00e1va komunita obrovsk\u00fa \u00falohu.<\/span><\/p>\n<p><span style=\"font-weight: 400;\">Pripojte sa k skupinov\u00fdm jazd\u00e1m s va\u0161\u00edm miestnym klubom, zap\u00ed\u0161te sa na kurz zru\u010dnost\u00ed alebo sa jednoducho dohodnite na pravideln\u00fdch jazd\u00e1ch s priate\u013eom. Ma\u0165 niekoho, s k\u00fdm zdie\u013eate cestu (alebo trail), v\u00e1s nielen\u017ee motivuje k zodpovednosti, ale tie\u017e v\u00e1m pripom\u00edna, \u017ee cyklistika je rovnako o spojen\u00ed ako o v\u00fdkone.<\/span><\/p>\n<p><span style=\"font-weight: 400;\">Online platformy ako Strava, Zwift alebo cyklistick\u00e9 skupiny na Discorde v\u00e1m m\u00f4\u017eu poskytn\u00fa\u0165 ten spr\u00e1vny impulz, aby ste pokra\u010dovali v ped\u00e1lovan\u00ed, ke\u010f by ste rad\u0161ej zostali pod dekou. Zdie\u013eanie va\u0161ej cesty jesenn\u00fdm re\u0161tartom, zverej\u0148ovanie j\u00e1zd a oslavovanie mal\u00fdch v\u00ed\u0165azstiev m\u00f4\u017ee pom\u00f4c\u0165 budova\u0165 dynamiku a udr\u017ea\u0165 v\u00e1s v nasaden\u00ed.<\/span><\/p>\n<h2><b>Zme\u0148te tr\u00e9ningov\u00e9 myslenie<\/b><\/h2>\n<p><span style=\"font-weight: 400;\">Ak bolo leto o v\u00fdkone, nech je jese\u0148 o pr\u00edtomnosti. To neznamen\u00e1 \u00faplne sa vzda\u0165 \u0161trukt\u00fary; niektor\u00ed jazdci prosperuj\u00fa, ke\u010f maj\u00fa pl\u00e1n, ale znamen\u00e1 to da\u0165 si viac flexibility.<\/span><\/p>\n<p><span style=\"font-weight: 400;\">O\u017eivte svoje tr\u00e9ningy t\u00fdm, \u017ee jeden intervalov\u00fd tr\u00e9ning vymen\u00edte za tr\u00e9ning zru\u010dnost\u00ed (z\u00e1kruty, zjazdy, ovl\u00e1danie bicykla), nahrad\u00edte preteky na Zwifte vonkaj\u0161ou vytrvalostnou jazdou vo vrstv\u00e1ch jesenn\u00e9ho oble\u010denia, alebo vymen\u00edte regenera\u010dn\u00fd de\u0148 za hodinu jogy, turistiku alebo jednoducho oddych bez pocitu viny.<\/span><\/p>\n<p><span style=\"font-weight: 400;\">T\u00fdm, \u017ee si doprajete rozmanitos\u0165, osvie\u017eujete svoje telo aj svoju motiv\u00e1ciu. Ke\u010f sa vr\u00e1tite k \u0165a\u017e\u0161\u00edm tr\u00e9ningov\u00fdm blokom, budete ma\u0165 ostrej\u0161ie s\u00fastredenie a menej ment\u00e1lnych pavu\u010d\u00edn.<\/span><\/p>\n<h2><b>Ako v\u017edy, u\u017eite si jazdu<\/b><\/h2>\n<p><span style=\"font-weight: 400;\">Farby, chladn\u00fd vzduch, tich\u00e9 cesty \u2013 v\u0161etko je to pominute\u013en\u00e9. Nech je toto obdobie roka, kedy znovu objav\u00edte rados\u0165 z to\u010denia ped\u00e1lov, nielen honbu za \u010d\u00edslami. Preto\u017ee niekedy je najlep\u0161\u00ed sp\u00f4sob, ako sa na bicykli posun\u00fa\u0165 vpred, zastavi\u0165 sa, re\u0161tartova\u0165 a znova sa zamilova\u0165 do jazdy.<\/span><\/p>\n","protected":false},"excerpt":{"rendered":"<p>Jese\u0148 na severnej pologuli ofici\u00e1lne dorazila a mysl\u00edm, \u017ee v\u0161etci sa zhodneme, \u017ee koniec leta je v\u017edy trochu horkosladk\u00fd. Po\u010das [&hellip;]<\/p>\n","protected":false},"author":191,"featured_media":21108,"comment_status":"closed","ping_status":"closed","sticky":false,"template":"","format":"standard","meta":{"footnotes":""},"categories":[2],"tags":[559,619,115,546,180,767,412,55,161,623],"global-categories":[],"class_list":["post-21105","post","type-post","status-publish","format-standard","has-post-thumbnail","hentry","category-zdravie-trening","tag-bicykel","tag-bicyklovanie","tag-cestna-cyklistika","tag-cyklistika","tag-horska-cyklistika","tag-motivacia","tag-mtb","tag-trening","tag-zdravie","tag-zdravy-zivotny-styl"],"yoast_head":"<!-- This site is optimized with the Yoast SEO Premium plugin v25.3 (Yoast SEO v25.9) - https:\/\/yoast.com\/wordpress\/plugins\/seo\/ -->\n<title>Ako n\u00e1js\u0165 nov\u00fa motiv\u00e1ciu, ke\u010f sa menia ro\u010dn\u00e9 obdobia<\/title>\n<meta name=\"description\" content=\"Koniec leta neznamen\u00e1 koniec formy. Zistite, ako na jesenn\u00fd tr\u00e9ningov\u00fd re\u0161tart, n\u00e1jdite nov\u00fa motiv\u00e1ciu a pripravte sa na zimu s na\u0161imi tipmi.\" \/>\n<meta name=\"robots\" content=\"index, follow, max-snippet:-1, max-image-preview:large, max-video-preview:-1\" \/>\n<link rel=\"canonical\" href=\"https:\/\/www.welovecycling.com\/sk\/2025\/10\/06\/jesenny-treningovy-restart-cyklistika\/\" \/>\n<meta property=\"og:locale\" content=\"sk_SK\" \/>\n<meta property=\"og:type\" content=\"article\" \/>\n<meta property=\"og:title\" content=\"V\u00e1\u0161 jesenn\u00fd tr\u00e9ningov\u00fd re\u0161tart: ako n\u00e1js\u0165 nov\u00fa motiv\u00e1ciu, ke\u010f sa menia ro\u010dn\u00e9 obdobia\" \/>\n<meta property=\"og:description\" content=\"Koniec leta neznamen\u00e1 koniec formy. Zistite, ako na jesenn\u00fd tr\u00e9ningov\u00fd re\u0161tart, n\u00e1jdite nov\u00fa motiv\u00e1ciu a pripravte sa na zimu s na\u0161imi tipmi.\" \/>\n<meta property=\"og:url\" content=\"https:\/\/www.welovecycling.com\/sk\/2025\/10\/06\/jesenny-treningovy-restart-cyklistika\/\" \/>\n<meta property=\"og:site_name\" content=\"\u0160koda We Love Cycling Slovensko\" \/>\n<meta property=\"article:published_time\" content=\"2025-10-06T09:00:31+00:00\" \/>\n<meta property=\"article:modified_time\" content=\"2025-10-13T08:30:51+00:00\" \/>\n<meta property=\"og:image\" content=\"https:\/\/d2p6e6u75xmxt8.cloudfront.net\/4\/2025\/10\/Autumn-Bikepacking-profimedia-0878980342-CVR.webp\" \/>\n\t<meta property=\"og:image:width\" content=\"990\" \/>\n\t<meta property=\"og:image:height\" content=\"660\" \/>\n\t<meta property=\"og:image:type\" content=\"image\/webp\" \/>\n<meta name=\"author\" content=\"michal\" \/>\n<meta name=\"twitter:card\" content=\"summary_large_image\" \/>\n<meta name=\"twitter:label1\" content=\"Written by\" \/>\n\t<meta name=\"twitter:data1\" content=\"Megan Flottorp\" \/>\n\t<meta name=\"twitter:label2\" content=\"Est. reading time\" \/>\n\t<meta name=\"twitter:data2\" content=\"3\" \/>\n<script type=\"application\/ld+json\" class=\"yoast-schema-graph\">{\"@context\":\"https:\/\/schema.org\",\"@graph\":[{\"@type\":\"WebPage\",\"@id\":\"https:\/\/www.welovecycling.com\/sk\/2025\/10\/06\/jesenny-treningovy-restart-cyklistika\/\",\"url\":\"https:\/\/www.welovecycling.com\/sk\/2025\/10\/06\/jesenny-treningovy-restart-cyklistika\/\",\"name\":\"Ako n\u00e1js\u0165 nov\u00fa motiv\u00e1ciu, ke\u010f sa menia ro\u010dn\u00e9 obdobia\",\"isPartOf\":{\"@id\":\"https:\/\/www.welovecycling.com\/sk\/#website\"},\"primaryImageOfPage\":{\"@id\":\"https:\/\/www.welovecycling.com\/sk\/2025\/10\/06\/jesenny-treningovy-restart-cyklistika\/#primaryimage\"},\"image\":{\"@id\":\"https:\/\/www.welovecycling.com\/sk\/2025\/10\/06\/jesenny-treningovy-restart-cyklistika\/#primaryimage\"},\"thumbnailUrl\":\"https:\/\/d2p6e6u75xmxt8.cloudfront.net\/4\/2025\/10\/Autumn-Bikepacking-profimedia-0878980342-CVR.webp\",\"datePublished\":\"2025-10-06T09:00:31+00:00\",\"dateModified\":\"2025-10-13T08:30:51+00:00\",\"author\":{\"@id\":\"https:\/\/www.welovecycling.com\/sk\/#\/schema\/person\/45e989de48eace55eb338c027dc5a65e\"},\"description\":\"Koniec leta neznamen\u00e1 koniec formy. Zistite, ako na jesenn\u00fd tr\u00e9ningov\u00fd re\u0161tart, n\u00e1jdite nov\u00fa motiv\u00e1ciu a pripravte sa na zimu s na\u0161imi tipmi.\",\"breadcrumb\":{\"@id\":\"https:\/\/www.welovecycling.com\/sk\/2025\/10\/06\/jesenny-treningovy-restart-cyklistika\/#breadcrumb\"},\"inLanguage\":\"sk-SK\",\"potentialAction\":[{\"@type\":\"ReadAction\",\"target\":[\"https:\/\/www.welovecycling.com\/sk\/2025\/10\/06\/jesenny-treningovy-restart-cyklistika\/\"]}]},{\"@type\":\"ImageObject\",\"inLanguage\":\"sk-SK\",\"@id\":\"https:\/\/www.welovecycling.com\/sk\/2025\/10\/06\/jesenny-treningovy-restart-cyklistika\/#primaryimage\",\"url\":\"https:\/\/d2p6e6u75xmxt8.cloudfront.net\/4\/2025\/10\/Autumn-Bikepacking-profimedia-0878980342-CVR.webp\",\"contentUrl\":\"https:\/\/d2p6e6u75xmxt8.cloudfront.net\/4\/2025\/10\/Autumn-Bikepacking-profimedia-0878980342-CVR.webp\",\"width\":990,\"height\":660,\"caption\":\"Bikepacking\"},{\"@type\":\"BreadcrumbList\",\"@id\":\"https:\/\/www.welovecycling.com\/sk\/2025\/10\/06\/jesenny-treningovy-restart-cyklistika\/#breadcrumb\",\"itemListElement\":[{\"@type\":\"ListItem\",\"position\":1,\"name\":\"Home\",\"item\":\"https:\/\/www.welovecycling.com\/sk\/\"},{\"@type\":\"ListItem\",\"position\":2,\"name\":\"V\u00e1\u0161 jesenn\u00fd tr\u00e9ningov\u00fd re\u0161tart: ako n\u00e1js\u0165 nov\u00fa motiv\u00e1ciu, ke\u010f sa menia ro\u010dn\u00e9 obdobia\"}]},{\"@type\":\"WebSite\",\"@id\":\"https:\/\/www.welovecycling.com\/sk\/#website\",\"url\":\"https:\/\/www.welovecycling.com\/sk\/\",\"name\":\"\u0160koda We Love Cycling Slovensko\",\"description\":\"\u0160koda We Love Cycling Slovensko je v\u00e1\u0161 ka\u017edodenn\u00fd zdroj noviniek a in\u0161pir\u00e1cie z sveta cyklistiky\",\"potentialAction\":[{\"@type\":\"SearchAction\",\"target\":{\"@type\":\"EntryPoint\",\"urlTemplate\":\"https:\/\/www.welovecycling.com\/sk\/?s={search_term_string}\"},\"query-input\":{\"@type\":\"PropertyValueSpecification\",\"valueRequired\":true,\"valueName\":\"search_term_string\"}}],\"inLanguage\":\"sk-SK\"},{\"@type\":\"Person\",\"@id\":\"https:\/\/www.welovecycling.com\/sk\/#\/schema\/person\/45e989de48eace55eb338c027dc5a65e\",\"name\":\"michal\",\"image\":{\"@type\":\"ImageObject\",\"inLanguage\":\"sk-SK\",\"@id\":\"https:\/\/www.welovecycling.com\/sk\/#\/schema\/person\/image\/\",\"url\":\"https:\/\/secure.gravatar.com\/avatar\/7f8deb1af8506a5f53d1b779436f546bce1c8c40c09780107ad3811c7dc4bbcb?s=96&d=mm&r=g\",\"contentUrl\":\"https:\/\/secure.gravatar.com\/avatar\/7f8deb1af8506a5f53d1b779436f546bce1c8c40c09780107ad3811c7dc4bbcb?s=96&d=mm&r=g\",\"caption\":\"michal\"},\"url\":\"https:\/\/www.welovecycling.com\/sk\/author\/michal\/\"}]}<\/script>\n<!-- \/ Yoast SEO Premium plugin. -->","yoast_head_json":{"title":"Ako n\u00e1js\u0165 nov\u00fa motiv\u00e1ciu, ke\u010f sa menia ro\u010dn\u00e9 obdobia","description":"Koniec leta neznamen\u00e1 koniec formy. Zistite, ako na jesenn\u00fd tr\u00e9ningov\u00fd re\u0161tart, n\u00e1jdite nov\u00fa motiv\u00e1ciu a pripravte sa na zimu s na\u0161imi tipmi.","robots":{"index":"index","follow":"follow","max-snippet":"max-snippet:-1","max-image-preview":"max-image-preview:large","max-video-preview":"max-video-preview:-1"},"canonical":"https:\/\/www.welovecycling.com\/sk\/2025\/10\/06\/jesenny-treningovy-restart-cyklistika\/","og_locale":"sk_SK","og_type":"article","og_title":"V\u00e1\u0161 jesenn\u00fd tr\u00e9ningov\u00fd re\u0161tart: ako n\u00e1js\u0165 nov\u00fa motiv\u00e1ciu, ke\u010f sa menia ro\u010dn\u00e9 obdobia","og_description":"Koniec leta neznamen\u00e1 koniec formy. Zistite, ako na jesenn\u00fd tr\u00e9ningov\u00fd re\u0161tart, n\u00e1jdite nov\u00fa motiv\u00e1ciu a pripravte sa na zimu s na\u0161imi tipmi.","og_url":"https:\/\/www.welovecycling.com\/sk\/2025\/10\/06\/jesenny-treningovy-restart-cyklistika\/","og_site_name":"\u0160koda We Love Cycling Slovensko","article_published_time":"2025-10-06T09:00:31+00:00","article_modified_time":"2025-10-13T08:30:51+00:00","og_image":[{"width":990,"height":660,"url":"https:\/\/d2p6e6u75xmxt8.cloudfront.net\/4\/2025\/10\/Autumn-Bikepacking-profimedia-0878980342-CVR.webp","type":"image\/webp"}],"author":"michal","twitter_card":"summary_large_image","twitter_misc":{"Written by":"Megan Flottorp","Est. reading time":"3"},"schema":{"@context":"https:\/\/schema.org","@graph":[{"@type":"WebPage","@id":"https:\/\/www.welovecycling.com\/sk\/2025\/10\/06\/jesenny-treningovy-restart-cyklistika\/","url":"https:\/\/www.welovecycling.com\/sk\/2025\/10\/06\/jesenny-treningovy-restart-cyklistika\/","name":"Ako n\u00e1js\u0165 nov\u00fa motiv\u00e1ciu, ke\u010f sa menia ro\u010dn\u00e9 obdobia","isPartOf":{"@id":"https:\/\/www.welovecycling.com\/sk\/#website"},"primaryImageOfPage":{"@id":"https:\/\/www.welovecycling.com\/sk\/2025\/10\/06\/jesenny-treningovy-restart-cyklistika\/#primaryimage"},"image":{"@id":"https:\/\/www.welovecycling.com\/sk\/2025\/10\/06\/jesenny-treningovy-restart-cyklistika\/#primaryimage"},"thumbnailUrl":"https:\/\/d2p6e6u75xmxt8.cloudfront.net\/4\/2025\/10\/Autumn-Bikepacking-profimedia-0878980342-CVR.webp","datePublished":"2025-10-06T09:00:31+00:00","dateModified":"2025-10-13T08:30:51+00:00","author":{"@id":"https:\/\/www.welovecycling.com\/sk\/#\/schema\/person\/45e989de48eace55eb338c027dc5a65e"},"description":"Koniec leta neznamen\u00e1 koniec formy. Zistite, ako na jesenn\u00fd tr\u00e9ningov\u00fd re\u0161tart, n\u00e1jdite nov\u00fa motiv\u00e1ciu a pripravte sa na zimu s na\u0161imi tipmi.","breadcrumb":{"@id":"https:\/\/www.welovecycling.com\/sk\/2025\/10\/06\/jesenny-treningovy-restart-cyklistika\/#breadcrumb"},"inLanguage":"sk-SK","potentialAction":[{"@type":"ReadAction","target":["https:\/\/www.welovecycling.com\/sk\/2025\/10\/06\/jesenny-treningovy-restart-cyklistika\/"]}]},{"@type":"ImageObject","inLanguage":"sk-SK","@id":"https:\/\/www.welovecycling.com\/sk\/2025\/10\/06\/jesenny-treningovy-restart-cyklistika\/#primaryimage","url":"https:\/\/d2p6e6u75xmxt8.cloudfront.net\/4\/2025\/10\/Autumn-Bikepacking-profimedia-0878980342-CVR.webp","contentUrl":"https:\/\/d2p6e6u75xmxt8.cloudfront.net\/4\/2025\/10\/Autumn-Bikepacking-profimedia-0878980342-CVR.webp","width":990,"height":660,"caption":"Bikepacking"},{"@type":"BreadcrumbList","@id":"https:\/\/www.welovecycling.com\/sk\/2025\/10\/06\/jesenny-treningovy-restart-cyklistika\/#breadcrumb","itemListElement":[{"@type":"ListItem","position":1,"name":"Home","item":"https:\/\/www.welovecycling.com\/sk\/"},{"@type":"ListItem","position":2,"name":"V\u00e1\u0161 jesenn\u00fd tr\u00e9ningov\u00fd re\u0161tart: ako n\u00e1js\u0165 nov\u00fa motiv\u00e1ciu, ke\u010f sa menia ro\u010dn\u00e9 obdobia"}]},{"@type":"WebSite","@id":"https:\/\/www.welovecycling.com\/sk\/#website","url":"https:\/\/www.welovecycling.com\/sk\/","name":"\u0160koda We Love Cycling Slovensko","description":"\u0160koda We Love Cycling Slovensko je v\u00e1\u0161 ka\u017edodenn\u00fd zdroj noviniek a in\u0161pir\u00e1cie z sveta cyklistiky","potentialAction":[{"@type":"SearchAction","target":{"@type":"EntryPoint","urlTemplate":"https:\/\/www.welovecycling.com\/sk\/?s={search_term_string}"},"query-input":{"@type":"PropertyValueSpecification","valueRequired":true,"valueName":"search_term_string"}}],"inLanguage":"sk-SK"},{"@type":"Person","@id":"https:\/\/www.welovecycling.com\/sk\/#\/schema\/person\/45e989de48eace55eb338c027dc5a65e","name":"michal","image":{"@type":"ImageObject","inLanguage":"sk-SK","@id":"https:\/\/www.welovecycling.com\/sk\/#\/schema\/person\/image\/","url":"https:\/\/secure.gravatar.com\/avatar\/7f8deb1af8506a5f53d1b779436f546bce1c8c40c09780107ad3811c7dc4bbcb?s=96&d=mm&r=g","contentUrl":"https:\/\/secure.gravatar.com\/avatar\/7f8deb1af8506a5f53d1b779436f546bce1c8c40c09780107ad3811c7dc4bbcb?s=96&d=mm&r=g","caption":"michal"},"url":"https:\/\/www.welovecycling.com\/sk\/author\/michal\/"}]}},"_links":{"self":[{"href":"https:\/\/www.welovecycling.com\/sk\/wp-json\/wp\/v2\/posts\/21105","targetHints":{"allow":["GET"]}}],"collection":[{"href":"https:\/\/www.welovecycling.com\/sk\/wp-json\/wp\/v2\/posts"}],"about":[{"href":"https:\/\/www.welovecycling.com\/sk\/wp-json\/wp\/v2\/types\/post"}],"author":[{"embeddable":true,"href":"https:\/\/www.welovecycling.com\/sk\/wp-json\/wp\/v2\/users\/191"}],"replies":[{"embeddable":true,"href":"https:\/\/www.welovecycling.com\/sk\/wp-json\/wp\/v2\/comments?post=21105"}],"version-history":[{"count":2,"href":"https:\/\/www.welovecycling.com\/sk\/wp-json\/wp\/v2\/posts\/21105\/revisions"}],"predecessor-version":[{"id":21110,"href":"https:\/\/www.welovecycling.com\/sk\/wp-json\/wp\/v2\/posts\/21105\/revisions\/21110"}],"wp:featuredmedia":[{"embeddable":true,"href":"https:\/\/www.welovecycling.com\/sk\/wp-json\/wp\/v2\/media\/21108"}],"wp:attachment":[{"href":"https:\/\/www.welovecycling.com\/sk\/wp-json\/wp\/v2\/media?parent=21105"}],"wp:term":[{"taxonomy":"category","embeddable":true,"href":"https:\/\/www.welovecycling.com\/sk\/wp-json\/wp\/v2\/categories?post=21105"},{"taxonomy":"post_tag","embeddable":true,"href":"https:\/\/www.welovecycling.com\/sk\/wp-json\/wp\/v2\/tags?post=21105"},{"taxonomy":"global-categories","embeddable":true,"href":"https:\/\/www.welovecycling.com\/sk\/wp-json\/wp\/v2\/global-categories?post=21105"}],"curies":[{"name":"wp","href":"https:\/\/api.w.org\/{rel}","templated":true}]}}