{"id":21099,"date":"2025-10-01T13:00:53","date_gmt":"2025-10-01T11:00:53","guid":{"rendered":"https:\/\/www.welovecycling.com\/sk\/?p=21099"},"modified":"2025-10-01T10:32:30","modified_gmt":"2025-10-01T08:32:30","slug":"kam-na-bicykli-v-oktobri-teple-krajiny","status":"publish","type":"post","link":"https:\/\/www.welovecycling.com\/sk\/2025\/10\/01\/kam-na-bicykli-v-oktobri-teple-krajiny\/","title":{"rendered":"Kam na bicykli v okt\u00f3bri? Destin\u00e1cie v teplej\u0161\u00edch krajin\u00e1ch"},"content":{"rendered":"<p><strong>Okt\u00f3ber je mesiac, ktor\u00fd dok\u00e1\u017ee prekvapi\u0165 n\u00e1dhern\u00fdm bab\u00edm letom a pr\u00edjemn\u00fdmi teplotami ako stvoren\u00fdmi na bicyklovanie alebo prinies\u0165 jesenn\u00e9 da\u017ede a chladn\u00e9 dni. Ak sa nechcete spolieha\u0165 na rozmary tohto mesiaca, odpor\u00fa\u010dame v\u00e1m vyrazi\u0165 niekam za teplom. Pozrime sa na nieko\u013eko zauj\u00edmav\u00fdch destin\u00e1ci\u00ed.<\/strong><!--more--><\/p>\n<h2><b>Chorv\u00e1tsko<\/b><\/h2>\n<p><span style=\"font-weight: 400;\">Zvoli\u0165 t\u00fato letn\u00fa klasiku po\u010das jesenn\u00fdch mesiacov m\u00f4\u017ee by\u0165 pre niekoho prekvapen\u00edm. Pre cyklistov je to v\u0161ak ide\u00e1lna krajina na pred\u013a\u017eenie sez\u00f3ny. <strong>Po\u010das okt\u00f3bra sa teploty pohybuj\u00fa okolo 20 a\u017e 24 \u00b0C a rozhodne s\u00fa tu miesta, ktor\u00e9 m\u00f4\u017eete objavova\u0165.<\/strong> Napr\u00edklad Istrijsk\u00fd polostrov pon\u00faka trasy vhodn\u00e9 pre cestn\u00fa aj horsk\u00fa cyklistiku, ktor\u00e9 ved\u00fa cez malebn\u00e9 dedinky, ale aj olivov\u00e9 h\u00e1je. Ve\u013ekou v\u00fdhodou je, \u017ee ak ste trochu otu\u017eilec, u\u017eijete si aj more a pl\u00e1\u017ee bez davov turistov.<\/span><\/p>\n<h2><b>Taliansko<\/b><\/h2>\n<p><span style=\"font-weight: 400;\">St\u00e1le nemus\u00edte cestova\u0165 \u010faleko. Aj na severe Talianska si n\u00e1jdete n\u00e1dhern\u00e9 miesta na bicyklovanie a u\u017eijete si trochu tepla a slne\u010dn\u00fdch l\u00fa\u010dov navy\u0161e. <strong>V okol\u00ed Ben\u00e1tok s\u00fa rovinat\u00e9 trasy vhodn\u00e9 aj pre rekrea\u010dn\u00fdch cyklistov, a ak si chcete da\u0165 trochu do tela, zvo\u013ete kopce v okol\u00ed Verony.<\/strong> Samozrejme, po ve\u010deroch m\u00f4\u017eete nav\u0161t\u00edvi\u0165 historick\u00e9 pamiatky a posedie\u0165 si pri kvalitnej talianskej k\u00e1ve \u010di poh\u00e1ri v\u00edna.<\/span><\/p>\n<h2><b>Ma\u010farsko<\/b><\/h2>\n<p><span style=\"font-weight: 400;\">Na Balaton sa u\u017e na letn\u00e9 dovolenky ve\u013emi nechod\u00ed, ale cyklodovolenku si tam ur\u010dite napl\u00e1nujte. <strong>Okolo jazera vedie dobre zna\u010den\u00fd cyklookruh, ktor\u00fd m\u00e1 viac ako 200 km.<\/strong> Nemus\u00edte sa nikam pon\u00e1h\u013ea\u0165 a m\u00f4\u017eete si ho rozdeli\u0165 na viac dn\u00ed \u010di pred\u013a\u017een\u00fd v\u00edkend. Cesty ved\u00fa aj okolo vinohradov, a tak tu budete ma\u0165 mo\u017enos\u0165 ochutna\u0165 miestne v\u00edna a kvalitn\u00fa kuchy\u0148u. Teploty s\u00fa s\u00edce u\u017e o nie\u010do ni\u017e\u0161ie, ale ak sa po\u010dasie vydar\u00ed, u\u017eijete si n\u00e1dhern\u00fa dovolenku na bicykli.<\/span><\/p>\n<h2><b>\u0160panielsko<\/b><\/h2>\n<p><span style=\"font-weight: 400;\">Doteraz sme spom\u00ednali destin\u00e1cie relat\u00edvne ne\u010faleko domova, no st\u00e1le s rizikom nepriazniv\u00e9ho po\u010dasia. Ak v\u0161ak chcete stavi\u0165 na istotu, vydajte sa na juh Eur\u00f3py. \u010co poviete na Malorku? <strong>Medzi cyklistami je vyhl\u00e1sen\u00fdm miestom.<\/strong> Cyklotrasy v pohor\u00ed Serra de Tramuntana daj\u00fa zabra\u0165 aj t\u00fdm, \u010do cel\u00e9 leto poctivo tr\u00e9novali. Ak si chcete len rekrea\u010dne zajazdi\u0165, m\u00e1te mo\u017enos\u0165 zvoli\u0165 pobre\u017en\u00e9 trasy. Ka\u017edop\u00e1dne, v\u0161ade v\u00e1s \u010dakaj\u00fa n\u00e1dhern\u00e9 v\u00fdh\u013eady a ve\u010der oddych pri mori.<\/span><\/p>\n<h2><b>Po\u013esko<\/b><\/h2>\n<p><span style=\"font-weight: 400;\">Ak v\u00e1m chladnej\u0161ie po\u010dasie nevad\u00ed a nechcete cestova\u0165 pr\u00edli\u0161 \u010faleko, sk\u00faste presk\u00fama\u0165 susedn\u00e9 Po\u013esko.<strong> V Sliezsku, ne\u010faleko hran\u00edc, s\u00fa zauj\u00edmav\u00e9 cyklotrasy, ktor\u00e9 ved\u00fa popri riekach a jazer\u00e1ch.<\/strong> Ak z\u00e1jdete trochu severnej\u0161ie, v okol\u00ed Krakova n\u00e1jdete nen\u00e1ro\u010dn\u00e9 trasy vhodn\u00e9 aj na rodinn\u00e9 v\u00fdlety.<\/span><\/p>\n<h2><b>Z\u00e1ver<\/b><\/h2>\n<p><span style=\"font-weight: 400;\">Vybrali sme len nieko\u013eko destin\u00e1ci\u00ed, no mo\u017enost\u00ed je \u010faleko viac: \u010darovn\u00e9 a kopcovit\u00e9 Slovinsko, stredomorsk\u00fd Cyprus \u010di historick\u00e1 Kr\u00e9ta. Aj susedn\u00e9 Rak\u00fasko \u010di \u010cesko stoja za presk\u00famanie. V\u0161etko v\u0161ak z\u00e1le\u017e\u00ed na tom, ak\u00e9 po\u010dasie si okt\u00f3ber pre n\u00e1s cyklistov priprav\u00ed.<\/span><\/p>\n","protected":false},"excerpt":{"rendered":"<p>Okt\u00f3ber je mesiac, ktor\u00fd dok\u00e1\u017ee prekvapi\u0165 n\u00e1dhern\u00fdm bab\u00edm letom a pr\u00edjemn\u00fdmi teplotami ako stvoren\u00fdmi na bicyklovanie alebo prinies\u0165 jesenn\u00e9 da\u017ede [&hellip;]<\/p>\n","protected":false},"author":191,"featured_media":21100,"comment_status":"closed","ping_status":"closed","sticky":false,"template":"","format":"standard","meta":{"footnotes":""},"categories":[118],"tags":[559,619,115,546,180,532,767,741,318,508,623],"global-categories":[],"class_list":["post-21099","post","type-post","status-publish","format-standard","has-post-thumbnail","hentry","category-zabava","tag-bicykel","tag-bicyklovanie","tag-cestna-cyklistika","tag-cyklistika","tag-horska-cyklistika","tag-jazdenie","tag-motivacia","tag-tip-na-vylet","tag-vyjazd","tag-vylet","tag-zdravy-zivotny-styl"],"yoast_head":"<!-- This site is optimized with the Yoast SEO Premium plugin v25.3 (Yoast SEO v25.9) - https:\/\/yoast.com\/wordpress\/plugins\/seo\/ -->\n<title>Kam na bicykli v okt\u00f3bri? Destin\u00e1cie v teplej\u0161\u00edch krajin\u00e1ch - \u0160koda We Love Cycling Slovensko<\/title>\n<meta name=\"description\" content=\"Kon\u010d\u00ed sa cyklistick\u00e1 sez\u00f3na? Pred\u013a\u017ete si ju! Prin\u00e1\u0161ame v\u00e1m tipy na najlep\u0161ie jesenn\u00e9 cyklodestin\u00e1cie v teple. In\u0161pirujte sa.\" \/>\n<meta name=\"robots\" content=\"index, follow, max-snippet:-1, max-image-preview:large, max-video-preview:-1\" \/>\n<link rel=\"canonical\" href=\"https:\/\/www.welovecycling.com\/sk\/2025\/10\/01\/kam-na-bicykli-v-oktobri-teple-krajiny\/\" \/>\n<meta property=\"og:locale\" content=\"sk_SK\" \/>\n<meta property=\"og:type\" content=\"article\" \/>\n<meta property=\"og:title\" content=\"Kam na bicykli v okt\u00f3bri? Destin\u00e1cie v teplej\u0161\u00edch krajin\u00e1ch\" \/>\n<meta property=\"og:description\" content=\"Kon\u010d\u00ed sa cyklistick\u00e1 sez\u00f3na? Pred\u013a\u017ete si ju! Prin\u00e1\u0161ame v\u00e1m tipy na najlep\u0161ie jesenn\u00e9 cyklodestin\u00e1cie v teple. In\u0161pirujte sa.\" \/>\n<meta property=\"og:url\" content=\"https:\/\/www.welovecycling.com\/sk\/2025\/10\/01\/kam-na-bicykli-v-oktobri-teple-krajiny\/\" \/>\n<meta property=\"og:site_name\" content=\"\u0160koda We Love Cycling Slovensko\" \/>\n<meta property=\"article:published_time\" content=\"2025-10-01T11:00:53+00:00\" \/>\n<meta property=\"og:image\" content=\"https:\/\/d2p6e6u75xmxt8.cloudfront.net\/4\/2025\/10\/titulka-1.webp\" \/>\n\t<meta property=\"og:image:width\" content=\"2273\" \/>\n\t<meta property=\"og:image:height\" content=\"1456\" \/>\n\t<meta property=\"og:image:type\" content=\"image\/webp\" \/>\n<meta name=\"author\" content=\"michal\" \/>\n<meta name=\"twitter:card\" content=\"summary_large_image\" \/>\n<meta name=\"twitter:label1\" content=\"Written by\" \/>\n\t<meta name=\"twitter:data1\" content=\"We Love Cycling\" \/>\n\t<meta name=\"twitter:label2\" content=\"Est. reading time\" \/>\n\t<meta name=\"twitter:data2\" content=\"2\" \/>\n<script type=\"application\/ld+json\" class=\"yoast-schema-graph\">{\"@context\":\"https:\/\/schema.org\",\"@graph\":[{\"@type\":\"WebPage\",\"@id\":\"https:\/\/www.welovecycling.com\/sk\/2025\/10\/01\/kam-na-bicykli-v-oktobri-teple-krajiny\/\",\"url\":\"https:\/\/www.welovecycling.com\/sk\/2025\/10\/01\/kam-na-bicykli-v-oktobri-teple-krajiny\/\",\"name\":\"Kam na bicykli v okt\u00f3bri? Destin\u00e1cie v teplej\u0161\u00edch krajin\u00e1ch - \u0160koda We Love Cycling Slovensko\",\"isPartOf\":{\"@id\":\"https:\/\/www.welovecycling.com\/sk\/#website\"},\"primaryImageOfPage\":{\"@id\":\"https:\/\/www.welovecycling.com\/sk\/2025\/10\/01\/kam-na-bicykli-v-oktobri-teple-krajiny\/#primaryimage\"},\"image\":{\"@id\":\"https:\/\/www.welovecycling.com\/sk\/2025\/10\/01\/kam-na-bicykli-v-oktobri-teple-krajiny\/#primaryimage\"},\"thumbnailUrl\":\"https:\/\/d2p6e6u75xmxt8.cloudfront.net\/4\/2025\/10\/titulka-1.webp\",\"datePublished\":\"2025-10-01T11:00:53+00:00\",\"author\":{\"@id\":\"https:\/\/www.welovecycling.com\/sk\/#\/schema\/person\/45e989de48eace55eb338c027dc5a65e\"},\"description\":\"Kon\u010d\u00ed sa cyklistick\u00e1 sez\u00f3na? Pred\u013a\u017ete si ju! Prin\u00e1\u0161ame v\u00e1m tipy na najlep\u0161ie jesenn\u00e9 cyklodestin\u00e1cie v teple. In\u0161pirujte sa.\",\"breadcrumb\":{\"@id\":\"https:\/\/www.welovecycling.com\/sk\/2025\/10\/01\/kam-na-bicykli-v-oktobri-teple-krajiny\/#breadcrumb\"},\"inLanguage\":\"sk-SK\",\"potentialAction\":[{\"@type\":\"ReadAction\",\"target\":[\"https:\/\/www.welovecycling.com\/sk\/2025\/10\/01\/kam-na-bicykli-v-oktobri-teple-krajiny\/\"]}]},{\"@type\":\"ImageObject\",\"inLanguage\":\"sk-SK\",\"@id\":\"https:\/\/www.welovecycling.com\/sk\/2025\/10\/01\/kam-na-bicykli-v-oktobri-teple-krajiny\/#primaryimage\",\"url\":\"https:\/\/d2p6e6u75xmxt8.cloudfront.net\/4\/2025\/10\/titulka-1.webp\",\"contentUrl\":\"https:\/\/d2p6e6u75xmxt8.cloudfront.net\/4\/2025\/10\/titulka-1.webp\",\"width\":2273,\"height\":1456},{\"@type\":\"BreadcrumbList\",\"@id\":\"https:\/\/www.welovecycling.com\/sk\/2025\/10\/01\/kam-na-bicykli-v-oktobri-teple-krajiny\/#breadcrumb\",\"itemListElement\":[{\"@type\":\"ListItem\",\"position\":1,\"name\":\"Home\",\"item\":\"https:\/\/www.welovecycling.com\/sk\/\"},{\"@type\":\"ListItem\",\"position\":2,\"name\":\"Kam na bicykli v okt\u00f3bri? Destin\u00e1cie v teplej\u0161\u00edch krajin\u00e1ch\"}]},{\"@type\":\"WebSite\",\"@id\":\"https:\/\/www.welovecycling.com\/sk\/#website\",\"url\":\"https:\/\/www.welovecycling.com\/sk\/\",\"name\":\"\u0160koda We Love Cycling Slovensko\",\"description\":\"\u0160koda We Love Cycling Slovensko je v\u00e1\u0161 ka\u017edodenn\u00fd zdroj noviniek a in\u0161pir\u00e1cie z sveta cyklistiky\",\"potentialAction\":[{\"@type\":\"SearchAction\",\"target\":{\"@type\":\"EntryPoint\",\"urlTemplate\":\"https:\/\/www.welovecycling.com\/sk\/?s={search_term_string}\"},\"query-input\":{\"@type\":\"PropertyValueSpecification\",\"valueRequired\":true,\"valueName\":\"search_term_string\"}}],\"inLanguage\":\"sk-SK\"},{\"@type\":\"Person\",\"@id\":\"https:\/\/www.welovecycling.com\/sk\/#\/schema\/person\/45e989de48eace55eb338c027dc5a65e\",\"name\":\"michal\",\"image\":{\"@type\":\"ImageObject\",\"inLanguage\":\"sk-SK\",\"@id\":\"https:\/\/www.welovecycling.com\/sk\/#\/schema\/person\/image\/\",\"url\":\"https:\/\/secure.gravatar.com\/avatar\/7f8deb1af8506a5f53d1b779436f546bce1c8c40c09780107ad3811c7dc4bbcb?s=96&d=mm&r=g\",\"contentUrl\":\"https:\/\/secure.gravatar.com\/avatar\/7f8deb1af8506a5f53d1b779436f546bce1c8c40c09780107ad3811c7dc4bbcb?s=96&d=mm&r=g\",\"caption\":\"michal\"},\"url\":\"https:\/\/www.welovecycling.com\/sk\/author\/michal\/\"}]}<\/script>\n<!-- \/ Yoast SEO Premium plugin. -->","yoast_head_json":{"title":"Kam na bicykli v okt\u00f3bri? Destin\u00e1cie v teplej\u0161\u00edch krajin\u00e1ch - \u0160koda We Love Cycling Slovensko","description":"Kon\u010d\u00ed sa cyklistick\u00e1 sez\u00f3na? Pred\u013a\u017ete si ju! Prin\u00e1\u0161ame v\u00e1m tipy na najlep\u0161ie jesenn\u00e9 cyklodestin\u00e1cie v teple. In\u0161pirujte sa.","robots":{"index":"index","follow":"follow","max-snippet":"max-snippet:-1","max-image-preview":"max-image-preview:large","max-video-preview":"max-video-preview:-1"},"canonical":"https:\/\/www.welovecycling.com\/sk\/2025\/10\/01\/kam-na-bicykli-v-oktobri-teple-krajiny\/","og_locale":"sk_SK","og_type":"article","og_title":"Kam na bicykli v okt\u00f3bri? Destin\u00e1cie v teplej\u0161\u00edch krajin\u00e1ch","og_description":"Kon\u010d\u00ed sa cyklistick\u00e1 sez\u00f3na? Pred\u013a\u017ete si ju! Prin\u00e1\u0161ame v\u00e1m tipy na najlep\u0161ie jesenn\u00e9 cyklodestin\u00e1cie v teple. In\u0161pirujte sa.","og_url":"https:\/\/www.welovecycling.com\/sk\/2025\/10\/01\/kam-na-bicykli-v-oktobri-teple-krajiny\/","og_site_name":"\u0160koda We Love Cycling Slovensko","article_published_time":"2025-10-01T11:00:53+00:00","og_image":[{"width":2273,"height":1456,"url":"https:\/\/d2p6e6u75xmxt8.cloudfront.net\/4\/2025\/10\/titulka-1.webp","type":"image\/webp"}],"author":"michal","twitter_card":"summary_large_image","twitter_misc":{"Written by":"We Love Cycling","Est. reading time":"2"},"schema":{"@context":"https:\/\/schema.org","@graph":[{"@type":"WebPage","@id":"https:\/\/www.welovecycling.com\/sk\/2025\/10\/01\/kam-na-bicykli-v-oktobri-teple-krajiny\/","url":"https:\/\/www.welovecycling.com\/sk\/2025\/10\/01\/kam-na-bicykli-v-oktobri-teple-krajiny\/","name":"Kam na bicykli v okt\u00f3bri? Destin\u00e1cie v teplej\u0161\u00edch krajin\u00e1ch - \u0160koda We Love Cycling Slovensko","isPartOf":{"@id":"https:\/\/www.welovecycling.com\/sk\/#website"},"primaryImageOfPage":{"@id":"https:\/\/www.welovecycling.com\/sk\/2025\/10\/01\/kam-na-bicykli-v-oktobri-teple-krajiny\/#primaryimage"},"image":{"@id":"https:\/\/www.welovecycling.com\/sk\/2025\/10\/01\/kam-na-bicykli-v-oktobri-teple-krajiny\/#primaryimage"},"thumbnailUrl":"https:\/\/d2p6e6u75xmxt8.cloudfront.net\/4\/2025\/10\/titulka-1.webp","datePublished":"2025-10-01T11:00:53+00:00","author":{"@id":"https:\/\/www.welovecycling.com\/sk\/#\/schema\/person\/45e989de48eace55eb338c027dc5a65e"},"description":"Kon\u010d\u00ed sa cyklistick\u00e1 sez\u00f3na? Pred\u013a\u017ete si ju! Prin\u00e1\u0161ame v\u00e1m tipy na najlep\u0161ie jesenn\u00e9 cyklodestin\u00e1cie v teple. In\u0161pirujte sa.","breadcrumb":{"@id":"https:\/\/www.welovecycling.com\/sk\/2025\/10\/01\/kam-na-bicykli-v-oktobri-teple-krajiny\/#breadcrumb"},"inLanguage":"sk-SK","potentialAction":[{"@type":"ReadAction","target":["https:\/\/www.welovecycling.com\/sk\/2025\/10\/01\/kam-na-bicykli-v-oktobri-teple-krajiny\/"]}]},{"@type":"ImageObject","inLanguage":"sk-SK","@id":"https:\/\/www.welovecycling.com\/sk\/2025\/10\/01\/kam-na-bicykli-v-oktobri-teple-krajiny\/#primaryimage","url":"https:\/\/d2p6e6u75xmxt8.cloudfront.net\/4\/2025\/10\/titulka-1.webp","contentUrl":"https:\/\/d2p6e6u75xmxt8.cloudfront.net\/4\/2025\/10\/titulka-1.webp","width":2273,"height":1456},{"@type":"BreadcrumbList","@id":"https:\/\/www.welovecycling.com\/sk\/2025\/10\/01\/kam-na-bicykli-v-oktobri-teple-krajiny\/#breadcrumb","itemListElement":[{"@type":"ListItem","position":1,"name":"Home","item":"https:\/\/www.welovecycling.com\/sk\/"},{"@type":"ListItem","position":2,"name":"Kam na bicykli v okt\u00f3bri? Destin\u00e1cie v teplej\u0161\u00edch krajin\u00e1ch"}]},{"@type":"WebSite","@id":"https:\/\/www.welovecycling.com\/sk\/#website","url":"https:\/\/www.welovecycling.com\/sk\/","name":"\u0160koda We Love Cycling Slovensko","description":"\u0160koda We Love Cycling Slovensko je v\u00e1\u0161 ka\u017edodenn\u00fd zdroj noviniek a in\u0161pir\u00e1cie z sveta cyklistiky","potentialAction":[{"@type":"SearchAction","target":{"@type":"EntryPoint","urlTemplate":"https:\/\/www.welovecycling.com\/sk\/?s={search_term_string}"},"query-input":{"@type":"PropertyValueSpecification","valueRequired":true,"valueName":"search_term_string"}}],"inLanguage":"sk-SK"},{"@type":"Person","@id":"https:\/\/www.welovecycling.com\/sk\/#\/schema\/person\/45e989de48eace55eb338c027dc5a65e","name":"michal","image":{"@type":"ImageObject","inLanguage":"sk-SK","@id":"https:\/\/www.welovecycling.com\/sk\/#\/schema\/person\/image\/","url":"https:\/\/secure.gravatar.com\/avatar\/7f8deb1af8506a5f53d1b779436f546bce1c8c40c09780107ad3811c7dc4bbcb?s=96&d=mm&r=g","contentUrl":"https:\/\/secure.gravatar.com\/avatar\/7f8deb1af8506a5f53d1b779436f546bce1c8c40c09780107ad3811c7dc4bbcb?s=96&d=mm&r=g","caption":"michal"},"url":"https:\/\/www.welovecycling.com\/sk\/author\/michal\/"}]}},"_links":{"self":[{"href":"https:\/\/www.welovecycling.com\/sk\/wp-json\/wp\/v2\/posts\/21099","targetHints":{"allow":["GET"]}}],"collection":[{"href":"https:\/\/www.welovecycling.com\/sk\/wp-json\/wp\/v2\/posts"}],"about":[{"href":"https:\/\/www.welovecycling.com\/sk\/wp-json\/wp\/v2\/types\/post"}],"author":[{"embeddable":true,"href":"https:\/\/www.welovecycling.com\/sk\/wp-json\/wp\/v2\/users\/191"}],"replies":[{"embeddable":true,"href":"https:\/\/www.welovecycling.com\/sk\/wp-json\/wp\/v2\/comments?post=21099"}],"version-history":[{"count":3,"href":"https:\/\/www.welovecycling.com\/sk\/wp-json\/wp\/v2\/posts\/21099\/revisions"}],"predecessor-version":[{"id":21103,"href":"https:\/\/www.welovecycling.com\/sk\/wp-json\/wp\/v2\/posts\/21099\/revisions\/21103"}],"wp:featuredmedia":[{"embeddable":true,"href":"https:\/\/www.welovecycling.com\/sk\/wp-json\/wp\/v2\/media\/21100"}],"wp:attachment":[{"href":"https:\/\/www.welovecycling.com\/sk\/wp-json\/wp\/v2\/media?parent=21099"}],"wp:term":[{"taxonomy":"category","embeddable":true,"href":"https:\/\/www.welovecycling.com\/sk\/wp-json\/wp\/v2\/categories?post=21099"},{"taxonomy":"post_tag","embeddable":true,"href":"https:\/\/www.welovecycling.com\/sk\/wp-json\/wp\/v2\/tags?post=21099"},{"taxonomy":"global-categories","embeddable":true,"href":"https:\/\/www.welovecycling.com\/sk\/wp-json\/wp\/v2\/global-categories?post=21099"}],"curies":[{"name":"wp","href":"https:\/\/api.w.org\/{rel}","templated":true}]}}