{"id":21066,"date":"2025-09-26T15:01:14","date_gmt":"2025-09-26T13:01:14","guid":{"rendered":"https:\/\/www.welovecycling.com\/sk\/?p=21066"},"modified":"2025-09-29T11:16:49","modified_gmt":"2025-09-29T09:16:49","slug":"strieborny-lesk-na-africkom-asfalte-slovenska-cyklistka-chladonova-dobyva-kigali","status":"publish","type":"post","link":"https:\/\/www.welovecycling.com\/sk\/2025\/09\/26\/strieborny-lesk-na-africkom-asfalte-slovenska-cyklistka-chladonova-dobyva-kigali\/","title":{"rendered":"Strieborn\u00fd lesk na africkom asfalte: slovensk\u00e1 cyklistka Vikt\u00f3ria Chlado\u0148ov\u00e1 dob\u00fdva Kigali"},"content":{"rendered":"<p><strong>Svetov\u00fd \u0161ampion\u00e1t v cestnej cyklistike v Kigali u\u017e teraz p\u00ed\u0161e hist\u00f3riu a je pln\u00fd nezabudnute\u013en\u00fdch pr\u00edbehov.<\/strong><br \/>\n<!--more-->Jedn\u00fdm z nich je nepochybne ten o slovenskej reprezentantke Vikt\u00f3rii Chlado\u0148ovej, ktor\u00e1 na africkej p\u00f4de potvrdzuje svoju dominanciu. Po striebre z \u010dasovky si prip\u00edsala \u010fal\u0161\u00ed \u00faspech \u2013 strieborn\u00fa medailu v pretekoch s hromadn\u00fdm \u0161tartom do 23 rokov.<\/p>\n<p><strong>V piatkov\u00fdch pretekoch bola 19-ro\u010dn\u00e1 Chlado\u0148ov\u00e1, najmlad\u0161ia pretek\u00e1rka na \u0161tarte, jednozna\u010dne najakt\u00edvnej\u0161ou jazdky\u0148ou v pelot\u00f3ne.<\/strong> Jej \u00fatoky a nekompromisn\u00fd \u0161t\u00fdl neust\u00e1le dr\u017eali s\u00faperky v strehu. Bola pri ka\u017edom k\u013e\u00fa\u010dovom momente a v rozhoduj\u00facej f\u00e1ze pretekov uk\u00e1zala odvahu, ke\u010f sa pok\u00fasila o v\u00ed\u0165azn\u00fd \u00fanik.<\/p>\n<p>V nap\u00ednavom fini\u0161i v\u0161ak slovensk\u00fa pretek\u00e1rku napokon tesne predbehla Franc\u00fazka C\u00e9lia Geryov\u00e1, ktor\u00e1 si v z\u00e1vere\u010dnom \u0161purte vybojovala zlat\u00fa medailu. Napriek tomu, \u017ee Chlado\u0148ovej zlato uniklo len o vl\u00e1sok, je tento v\u00fdsledok pre Slovensko obrovsk\u00fdm \u00faspechom.<\/p>\n<div id='gallery-1' class='gallery galleryid-21066 gallery-columns-2 gallery-size-full'><figure class='gallery-item'>\n\t\t\t<div class='gallery-icon landscape'>\n\t\t\t\t<a href='https:\/\/d2p6e6u75xmxt8.cloudfront.net\/4\/2025\/09\/Chladonova_finish_01-scaled.webp'><img loading=\"lazy\" decoding=\"async\" width=\"2560\" height=\"1707\" src=\"https:\/\/d2p6e6u75xmxt8.cloudfront.net\/4\/2025\/09\/Chladonova_finish_01-scaled.webp\" class=\"attachment-full size-full\" alt=\"\" srcset=\"https:\/\/d2p6e6u75xmxt8.cloudfront.net\/4\/2025\/09\/Chladonova_finish_01-scaled.webp 2560w, https:\/\/d2p6e6u75xmxt8.cloudfront.net\/4\/2025\/09\/Chladonova_finish_01-300x200.webp 300w, https:\/\/d2p6e6u75xmxt8.cloudfront.net\/4\/2025\/09\/Chladonova_finish_01-1024x683.webp 1024w, https:\/\/d2p6e6u75xmxt8.cloudfront.net\/4\/2025\/09\/Chladonova_finish_01-768x512.webp 768w, https:\/\/d2p6e6u75xmxt8.cloudfront.net\/4\/2025\/09\/Chladonova_finish_01-1536x1024.webp 1536w, https:\/\/d2p6e6u75xmxt8.cloudfront.net\/4\/2025\/09\/Chladonova_finish_01-2048x1366.webp 2048w, https:\/\/d2p6e6u75xmxt8.cloudfront.net\/4\/2025\/09\/Chladonova_finish_01-1920x1280.webp 1920w, https:\/\/d2p6e6u75xmxt8.cloudfront.net\/4\/2025\/09\/Chladonova_finish_01-400x267.webp 400w, https:\/\/d2p6e6u75xmxt8.cloudfront.net\/4\/2025\/09\/Chladonova_finish_01-272x182.webp 272w, https:\/\/d2p6e6u75xmxt8.cloudfront.net\/4\/2025\/09\/Chladonova_finish_01-1920x1280.webp 1920w\" sizes=\"auto, (max-width: 2560px) 100vw, 2560px\" \/><\/a>\n\t\t\t<\/div><\/figure><figure class='gallery-item'>\n\t\t\t<div class='gallery-icon landscape'>\n\t\t\t\t<a href='https:\/\/d2p6e6u75xmxt8.cloudfront.net\/4\/2025\/09\/Chladonova_podium_01-scaled.webp'><img loading=\"lazy\" decoding=\"async\" width=\"2560\" height=\"1707\" src=\"https:\/\/d2p6e6u75xmxt8.cloudfront.net\/4\/2025\/09\/Chladonova_podium_01-scaled.webp\" class=\"attachment-full size-full\" alt=\"\" srcset=\"https:\/\/d2p6e6u75xmxt8.cloudfront.net\/4\/2025\/09\/Chladonova_podium_01-scaled.webp 2560w, https:\/\/d2p6e6u75xmxt8.cloudfront.net\/4\/2025\/09\/Chladonova_podium_01-300x200.webp 300w, https:\/\/d2p6e6u75xmxt8.cloudfront.net\/4\/2025\/09\/Chladonova_podium_01-1024x683.webp 1024w, https:\/\/d2p6e6u75xmxt8.cloudfront.net\/4\/2025\/09\/Chladonova_podium_01-768x512.webp 768w, https:\/\/d2p6e6u75xmxt8.cloudfront.net\/4\/2025\/09\/Chladonova_podium_01-1536x1024.webp 1536w, https:\/\/d2p6e6u75xmxt8.cloudfront.net\/4\/2025\/09\/Chladonova_podium_01-2048x1366.webp 2048w, https:\/\/d2p6e6u75xmxt8.cloudfront.net\/4\/2025\/09\/Chladonova_podium_01-1920x1280.webp 1920w, https:\/\/d2p6e6u75xmxt8.cloudfront.net\/4\/2025\/09\/Chladonova_podium_01-400x267.webp 400w, https:\/\/d2p6e6u75xmxt8.cloudfront.net\/4\/2025\/09\/Chladonova_podium_01-272x182.webp 272w, https:\/\/d2p6e6u75xmxt8.cloudfront.net\/4\/2025\/09\/Chladonova_podium_01-1920x1280.webp 1920w\" sizes=\"auto, (max-width: 2560px) 100vw, 2560px\" \/><\/a>\n\t\t\t<\/div><\/figure>\n\t\t<\/div>\n\n<h2><strong>Historick\u00fd \u00faspech na historickom mieste<\/strong><\/h2>\n<p>Tento svetov\u00fd \u0161ampion\u00e1t je prv\u00fdm v hist\u00f3rii, ktor\u00fd sa kon\u00e1 na africkom kontinente, a z\u00e1rove\u0148 prv\u00fdm s ofici\u00e1lne zaradenou kateg\u00f3riou \u017eien do 23 rokov. Skuto\u010dnos\u0165, \u017ee Slovensko v tejto premi\u00e9rovej discipl\u00edne z\u00edskalo hne\u010f dve medaily, katapultovalo na\u0161u krajinu medzi naj\u00faspe\u0161nej\u0161\u00edch \u00fa\u010dastn\u00edkov \u0161ampion\u00e1tu.<\/p>\n<p><strong>Vikt\u00f3ria Chlado\u0148ov\u00e1 tak potvrdila, \u017ee patr\u00ed medzi najv\u00e4\u010d\u0161ie cyklistick\u00e9 talenty s\u00fa\u010dasnosti.<\/strong> Okrem nej sa na trati predstavila aj Sofia Ungerov\u00e1, ktor\u00e1 vo svojej premi\u00e9re v kateg\u00f3rii U23 obsadila 28. miesto.<\/p>\n<p>Pr\u00edbeh Vikt\u00f3rie Chlado\u0148ovej v Kigali je o sile, odhodlan\u00ed a o tom, \u017ee ani vek nie je prek\u00e1\u017ekou, ak m\u00e1te talent a srdce \u0161ampi\u00f3na. Jej v\u00fdkon in\u0161piruje a ukazuje, \u017ee bud\u00facnos\u0165 slovenskej cyklistiky m\u00e1 strieborn\u00fa, no potenci\u00e1lne aj zlat\u00fa farbu.<\/p>\n<p>FOTO: Marek Bene\u0161\/SZC<\/p>\n","protected":false},"excerpt":{"rendered":"<p>Svetov\u00fd \u0161ampion\u00e1t v cestnej cyklistike v Kigali u\u017e teraz p\u00ed\u0161e hist\u00f3riu a je pln\u00fd nezabudnute\u013en\u00fdch pr\u00edbehov.<\/p>\n","protected":false},"author":191,"featured_media":21071,"comment_status":"closed","ping_status":"closed","sticky":false,"template":"","format":"standard","meta":{"footnotes":""},"categories":[4],"tags":[559,619,275,115,546,532,281,1643,523,753,1639],"global-categories":[1074],"class_list":["post-21066","post","type-post","status-publish","format-standard","has-post-thumbnail","hentry","category-cestna-cyklisitika","tag-bicykel","tag-bicyklovanie","tag-cesta","tag-cestna-cyklistika","tag-cyklistika","tag-jazdenie","tag-majstrovstva-sveta","tag-sezona-2025","tag-slovensko","tag-talent","tag-viktoria-chladonova","global-categories-cycling"],"yoast_head":"<!-- This site is optimized with the Yoast SEO Premium plugin v25.3 (Yoast SEO v25.9) - https:\/\/yoast.com\/wordpress\/plugins\/seo\/ -->\n<title>Slovensk\u00e1 cyklistka Vikt\u00f3ria Chlado\u0148ov\u00e1 dob\u00fdva Kigali<\/title>\n<meta name=\"description\" content=\"Po striebre z \u010dasovky si prip\u00edsala \u010fal\u0161\u00ed \u00faspech \u2013 strieborn\u00fa medailu v pretekoch s hromadn\u00fdm \u0161tartom do 23 rokov.\" \/>\n<meta name=\"robots\" content=\"index, follow, max-snippet:-1, max-image-preview:large, max-video-preview:-1\" \/>\n<link rel=\"canonical\" href=\"https:\/\/www.welovecycling.com\/sk\/2025\/09\/26\/strieborny-lesk-na-africkom-asfalte-slovenska-cyklistka-chladonova-dobyva-kigali\/\" \/>\n<meta property=\"og:locale\" content=\"sk_SK\" \/>\n<meta property=\"og:type\" content=\"article\" \/>\n<meta property=\"og:title\" content=\"Strieborn\u00fd lesk na africkom asfalte: slovensk\u00e1 cyklistka Vikt\u00f3ria Chlado\u0148ov\u00e1 dob\u00fdva Kigali\" \/>\n<meta property=\"og:description\" content=\"Po striebre z \u010dasovky si prip\u00edsala \u010fal\u0161\u00ed \u00faspech \u2013 strieborn\u00fa medailu v pretekoch s hromadn\u00fdm \u0161tartom do 23 rokov.\" \/>\n<meta property=\"og:url\" content=\"https:\/\/www.welovecycling.com\/sk\/2025\/09\/26\/strieborny-lesk-na-africkom-asfalte-slovenska-cyklistka-chladonova-dobyva-kigali\/\" \/>\n<meta property=\"og:site_name\" content=\"\u0160koda We Love Cycling Slovensko\" \/>\n<meta property=\"article:published_time\" content=\"2025-09-26T13:01:14+00:00\" \/>\n<meta property=\"article:modified_time\" content=\"2025-09-29T09:16:49+00:00\" \/>\n<meta property=\"og:image\" content=\"https:\/\/d2p6e6u75xmxt8.cloudfront.net\/4\/2025\/09\/Chladonova_finish_03-scaled.webp\" \/>\n\t<meta property=\"og:image:width\" content=\"2560\" \/>\n\t<meta property=\"og:image:height\" content=\"1707\" \/>\n\t<meta property=\"og:image:type\" content=\"image\/webp\" \/>\n<meta name=\"author\" content=\"michal\" \/>\n<meta name=\"twitter:card\" content=\"summary_large_image\" \/>\n<meta name=\"twitter:label1\" content=\"Written by\" \/>\n\t<meta name=\"twitter:data1\" content=\"We Love Cycling\" \/>\n\t<meta name=\"twitter:label2\" content=\"Est. reading time\" \/>\n\t<meta name=\"twitter:data2\" content=\"2\" \/>\n<script type=\"application\/ld+json\" class=\"yoast-schema-graph\">{\"@context\":\"https:\/\/schema.org\",\"@graph\":[{\"@type\":\"WebPage\",\"@id\":\"https:\/\/www.welovecycling.com\/sk\/2025\/09\/26\/strieborny-lesk-na-africkom-asfalte-slovenska-cyklistka-chladonova-dobyva-kigali\/\",\"url\":\"https:\/\/www.welovecycling.com\/sk\/2025\/09\/26\/strieborny-lesk-na-africkom-asfalte-slovenska-cyklistka-chladonova-dobyva-kigali\/\",\"name\":\"Slovensk\u00e1 cyklistka Vikt\u00f3ria Chlado\u0148ov\u00e1 dob\u00fdva Kigali\",\"isPartOf\":{\"@id\":\"https:\/\/www.welovecycling.com\/sk\/#website\"},\"primaryImageOfPage\":{\"@id\":\"https:\/\/www.welovecycling.com\/sk\/2025\/09\/26\/strieborny-lesk-na-africkom-asfalte-slovenska-cyklistka-chladonova-dobyva-kigali\/#primaryimage\"},\"image\":{\"@id\":\"https:\/\/www.welovecycling.com\/sk\/2025\/09\/26\/strieborny-lesk-na-africkom-asfalte-slovenska-cyklistka-chladonova-dobyva-kigali\/#primaryimage\"},\"thumbnailUrl\":\"https:\/\/d2p6e6u75xmxt8.cloudfront.net\/4\/2025\/09\/Chladonova_finish_03-scaled.webp\",\"datePublished\":\"2025-09-26T13:01:14+00:00\",\"dateModified\":\"2025-09-29T09:16:49+00:00\",\"author\":{\"@id\":\"https:\/\/www.welovecycling.com\/sk\/#\/schema\/person\/45e989de48eace55eb338c027dc5a65e\"},\"description\":\"Po striebre z \u010dasovky si prip\u00edsala \u010fal\u0161\u00ed \u00faspech \u2013 strieborn\u00fa medailu v pretekoch s hromadn\u00fdm \u0161tartom do 23 rokov.\",\"breadcrumb\":{\"@id\":\"https:\/\/www.welovecycling.com\/sk\/2025\/09\/26\/strieborny-lesk-na-africkom-asfalte-slovenska-cyklistka-chladonova-dobyva-kigali\/#breadcrumb\"},\"inLanguage\":\"sk-SK\",\"potentialAction\":[{\"@type\":\"ReadAction\",\"target\":[\"https:\/\/www.welovecycling.com\/sk\/2025\/09\/26\/strieborny-lesk-na-africkom-asfalte-slovenska-cyklistka-chladonova-dobyva-kigali\/\"]}]},{\"@type\":\"ImageObject\",\"inLanguage\":\"sk-SK\",\"@id\":\"https:\/\/www.welovecycling.com\/sk\/2025\/09\/26\/strieborny-lesk-na-africkom-asfalte-slovenska-cyklistka-chladonova-dobyva-kigali\/#primaryimage\",\"url\":\"https:\/\/d2p6e6u75xmxt8.cloudfront.net\/4\/2025\/09\/Chladonova_finish_03-scaled.webp\",\"contentUrl\":\"https:\/\/d2p6e6u75xmxt8.cloudfront.net\/4\/2025\/09\/Chladonova_finish_03-scaled.webp\",\"width\":2560,\"height\":1707},{\"@type\":\"BreadcrumbList\",\"@id\":\"https:\/\/www.welovecycling.com\/sk\/2025\/09\/26\/strieborny-lesk-na-africkom-asfalte-slovenska-cyklistka-chladonova-dobyva-kigali\/#breadcrumb\",\"itemListElement\":[{\"@type\":\"ListItem\",\"position\":1,\"name\":\"Home\",\"item\":\"https:\/\/www.welovecycling.com\/sk\/\"},{\"@type\":\"ListItem\",\"position\":2,\"name\":\"Strieborn\u00fd lesk na africkom asfalte: slovensk\u00e1 cyklistka Vikt\u00f3ria Chlado\u0148ov\u00e1 dob\u00fdva Kigali\"}]},{\"@type\":\"WebSite\",\"@id\":\"https:\/\/www.welovecycling.com\/sk\/#website\",\"url\":\"https:\/\/www.welovecycling.com\/sk\/\",\"name\":\"\u0160koda We Love Cycling Slovensko\",\"description\":\"\u0160koda We Love Cycling Slovensko je v\u00e1\u0161 ka\u017edodenn\u00fd zdroj noviniek a in\u0161pir\u00e1cie z sveta cyklistiky\",\"potentialAction\":[{\"@type\":\"SearchAction\",\"target\":{\"@type\":\"EntryPoint\",\"urlTemplate\":\"https:\/\/www.welovecycling.com\/sk\/?s={search_term_string}\"},\"query-input\":{\"@type\":\"PropertyValueSpecification\",\"valueRequired\":true,\"valueName\":\"search_term_string\"}}],\"inLanguage\":\"sk-SK\"},{\"@type\":\"Person\",\"@id\":\"https:\/\/www.welovecycling.com\/sk\/#\/schema\/person\/45e989de48eace55eb338c027dc5a65e\",\"name\":\"michal\",\"image\":{\"@type\":\"ImageObject\",\"inLanguage\":\"sk-SK\",\"@id\":\"https:\/\/www.welovecycling.com\/sk\/#\/schema\/person\/image\/\",\"url\":\"https:\/\/secure.gravatar.com\/avatar\/7f8deb1af8506a5f53d1b779436f546bce1c8c40c09780107ad3811c7dc4bbcb?s=96&d=mm&r=g\",\"contentUrl\":\"https:\/\/secure.gravatar.com\/avatar\/7f8deb1af8506a5f53d1b779436f546bce1c8c40c09780107ad3811c7dc4bbcb?s=96&d=mm&r=g\",\"caption\":\"michal\"},\"url\":\"https:\/\/www.welovecycling.com\/sk\/author\/michal\/\"}]}<\/script>\n<!-- \/ Yoast SEO Premium plugin. -->","yoast_head_json":{"title":"Slovensk\u00e1 cyklistka Vikt\u00f3ria Chlado\u0148ov\u00e1 dob\u00fdva Kigali","description":"Po striebre z \u010dasovky si prip\u00edsala \u010fal\u0161\u00ed \u00faspech \u2013 strieborn\u00fa medailu v pretekoch s hromadn\u00fdm \u0161tartom do 23 rokov.","robots":{"index":"index","follow":"follow","max-snippet":"max-snippet:-1","max-image-preview":"max-image-preview:large","max-video-preview":"max-video-preview:-1"},"canonical":"https:\/\/www.welovecycling.com\/sk\/2025\/09\/26\/strieborny-lesk-na-africkom-asfalte-slovenska-cyklistka-chladonova-dobyva-kigali\/","og_locale":"sk_SK","og_type":"article","og_title":"Strieborn\u00fd lesk na africkom asfalte: slovensk\u00e1 cyklistka Vikt\u00f3ria Chlado\u0148ov\u00e1 dob\u00fdva Kigali","og_description":"Po striebre z \u010dasovky si prip\u00edsala \u010fal\u0161\u00ed \u00faspech \u2013 strieborn\u00fa medailu v pretekoch s hromadn\u00fdm \u0161tartom do 23 rokov.","og_url":"https:\/\/www.welovecycling.com\/sk\/2025\/09\/26\/strieborny-lesk-na-africkom-asfalte-slovenska-cyklistka-chladonova-dobyva-kigali\/","og_site_name":"\u0160koda We Love Cycling Slovensko","article_published_time":"2025-09-26T13:01:14+00:00","article_modified_time":"2025-09-29T09:16:49+00:00","og_image":[{"width":2560,"height":1707,"url":"https:\/\/d2p6e6u75xmxt8.cloudfront.net\/4\/2025\/09\/Chladonova_finish_03-scaled.webp","type":"image\/webp"}],"author":"michal","twitter_card":"summary_large_image","twitter_misc":{"Written by":"We Love Cycling","Est. reading time":"2"},"schema":{"@context":"https:\/\/schema.org","@graph":[{"@type":"WebPage","@id":"https:\/\/www.welovecycling.com\/sk\/2025\/09\/26\/strieborny-lesk-na-africkom-asfalte-slovenska-cyklistka-chladonova-dobyva-kigali\/","url":"https:\/\/www.welovecycling.com\/sk\/2025\/09\/26\/strieborny-lesk-na-africkom-asfalte-slovenska-cyklistka-chladonova-dobyva-kigali\/","name":"Slovensk\u00e1 cyklistka Vikt\u00f3ria Chlado\u0148ov\u00e1 dob\u00fdva Kigali","isPartOf":{"@id":"https:\/\/www.welovecycling.com\/sk\/#website"},"primaryImageOfPage":{"@id":"https:\/\/www.welovecycling.com\/sk\/2025\/09\/26\/strieborny-lesk-na-africkom-asfalte-slovenska-cyklistka-chladonova-dobyva-kigali\/#primaryimage"},"image":{"@id":"https:\/\/www.welovecycling.com\/sk\/2025\/09\/26\/strieborny-lesk-na-africkom-asfalte-slovenska-cyklistka-chladonova-dobyva-kigali\/#primaryimage"},"thumbnailUrl":"https:\/\/d2p6e6u75xmxt8.cloudfront.net\/4\/2025\/09\/Chladonova_finish_03-scaled.webp","datePublished":"2025-09-26T13:01:14+00:00","dateModified":"2025-09-29T09:16:49+00:00","author":{"@id":"https:\/\/www.welovecycling.com\/sk\/#\/schema\/person\/45e989de48eace55eb338c027dc5a65e"},"description":"Po striebre z \u010dasovky si prip\u00edsala \u010fal\u0161\u00ed \u00faspech \u2013 strieborn\u00fa medailu v pretekoch s hromadn\u00fdm \u0161tartom do 23 rokov.","breadcrumb":{"@id":"https:\/\/www.welovecycling.com\/sk\/2025\/09\/26\/strieborny-lesk-na-africkom-asfalte-slovenska-cyklistka-chladonova-dobyva-kigali\/#breadcrumb"},"inLanguage":"sk-SK","potentialAction":[{"@type":"ReadAction","target":["https:\/\/www.welovecycling.com\/sk\/2025\/09\/26\/strieborny-lesk-na-africkom-asfalte-slovenska-cyklistka-chladonova-dobyva-kigali\/"]}]},{"@type":"ImageObject","inLanguage":"sk-SK","@id":"https:\/\/www.welovecycling.com\/sk\/2025\/09\/26\/strieborny-lesk-na-africkom-asfalte-slovenska-cyklistka-chladonova-dobyva-kigali\/#primaryimage","url":"https:\/\/d2p6e6u75xmxt8.cloudfront.net\/4\/2025\/09\/Chladonova_finish_03-scaled.webp","contentUrl":"https:\/\/d2p6e6u75xmxt8.cloudfront.net\/4\/2025\/09\/Chladonova_finish_03-scaled.webp","width":2560,"height":1707},{"@type":"BreadcrumbList","@id":"https:\/\/www.welovecycling.com\/sk\/2025\/09\/26\/strieborny-lesk-na-africkom-asfalte-slovenska-cyklistka-chladonova-dobyva-kigali\/#breadcrumb","itemListElement":[{"@type":"ListItem","position":1,"name":"Home","item":"https:\/\/www.welovecycling.com\/sk\/"},{"@type":"ListItem","position":2,"name":"Strieborn\u00fd lesk na africkom asfalte: slovensk\u00e1 cyklistka Vikt\u00f3ria Chlado\u0148ov\u00e1 dob\u00fdva Kigali"}]},{"@type":"WebSite","@id":"https:\/\/www.welovecycling.com\/sk\/#website","url":"https:\/\/www.welovecycling.com\/sk\/","name":"\u0160koda We Love Cycling Slovensko","description":"\u0160koda We Love Cycling Slovensko je v\u00e1\u0161 ka\u017edodenn\u00fd zdroj noviniek a in\u0161pir\u00e1cie z sveta cyklistiky","potentialAction":[{"@type":"SearchAction","target":{"@type":"EntryPoint","urlTemplate":"https:\/\/www.welovecycling.com\/sk\/?s={search_term_string}"},"query-input":{"@type":"PropertyValueSpecification","valueRequired":true,"valueName":"search_term_string"}}],"inLanguage":"sk-SK"},{"@type":"Person","@id":"https:\/\/www.welovecycling.com\/sk\/#\/schema\/person\/45e989de48eace55eb338c027dc5a65e","name":"michal","image":{"@type":"ImageObject","inLanguage":"sk-SK","@id":"https:\/\/www.welovecycling.com\/sk\/#\/schema\/person\/image\/","url":"https:\/\/secure.gravatar.com\/avatar\/7f8deb1af8506a5f53d1b779436f546bce1c8c40c09780107ad3811c7dc4bbcb?s=96&d=mm&r=g","contentUrl":"https:\/\/secure.gravatar.com\/avatar\/7f8deb1af8506a5f53d1b779436f546bce1c8c40c09780107ad3811c7dc4bbcb?s=96&d=mm&r=g","caption":"michal"},"url":"https:\/\/www.welovecycling.com\/sk\/author\/michal\/"}]}},"_links":{"self":[{"href":"https:\/\/www.welovecycling.com\/sk\/wp-json\/wp\/v2\/posts\/21066","targetHints":{"allow":["GET"]}}],"collection":[{"href":"https:\/\/www.welovecycling.com\/sk\/wp-json\/wp\/v2\/posts"}],"about":[{"href":"https:\/\/www.welovecycling.com\/sk\/wp-json\/wp\/v2\/types\/post"}],"author":[{"embeddable":true,"href":"https:\/\/www.welovecycling.com\/sk\/wp-json\/wp\/v2\/users\/191"}],"replies":[{"embeddable":true,"href":"https:\/\/www.welovecycling.com\/sk\/wp-json\/wp\/v2\/comments?post=21066"}],"version-history":[{"count":15,"href":"https:\/\/www.welovecycling.com\/sk\/wp-json\/wp\/v2\/posts\/21066\/revisions"}],"predecessor-version":[{"id":21089,"href":"https:\/\/www.welovecycling.com\/sk\/wp-json\/wp\/v2\/posts\/21066\/revisions\/21089"}],"wp:featuredmedia":[{"embeddable":true,"href":"https:\/\/www.welovecycling.com\/sk\/wp-json\/wp\/v2\/media\/21071"}],"wp:attachment":[{"href":"https:\/\/www.welovecycling.com\/sk\/wp-json\/wp\/v2\/media?parent=21066"}],"wp:term":[{"taxonomy":"category","embeddable":true,"href":"https:\/\/www.welovecycling.com\/sk\/wp-json\/wp\/v2\/categories?post=21066"},{"taxonomy":"post_tag","embeddable":true,"href":"https:\/\/www.welovecycling.com\/sk\/wp-json\/wp\/v2\/tags?post=21066"},{"taxonomy":"global-categories","embeddable":true,"href":"https:\/\/www.welovecycling.com\/sk\/wp-json\/wp\/v2\/global-categories?post=21066"}],"curies":[{"name":"wp","href":"https:\/\/api.w.org\/{rel}","templated":true}]}}