{"id":21050,"date":"2025-09-22T13:27:33","date_gmt":"2025-09-22T11:27:33","guid":{"rendered":"https:\/\/www.welovecycling.com\/sk\/?p=21050"},"modified":"2025-09-22T13:49:50","modified_gmt":"2025-09-22T11:49:50","slug":"chladonova-striebro-ms-casovka-u23-2025","status":"publish","type":"post","link":"https:\/\/www.welovecycling.com\/sk\/2025\/09\/22\/chladonova-striebro-ms-casovka-u23-2025\/","title":{"rendered":"Historick\u00e9 striebro pre Slovensko: Vikt\u00f3ria Chlado\u0148ov\u00e1 je vicemajsterkou sveta v \u010dasovke U23"},"content":{"rendered":"<p><strong>Slovensko sa te\u0161\u00ed z historick\u00e9ho \u00faspechu \u2013 Vikt\u00f3ria Chlado\u0148ov\u00e1 z\u00edskala striebro v individu\u00e1lnej \u010dasovke do 23 rokov na Majstrovstv\u00e1ch sveta v Kigali.<\/strong><!--more--><\/p>\n<p>Slovensk\u00e1 cyklistika za\u017eila historick\u00fd okamih na Majstrovstv\u00e1ch sveta v cestnej cyklistike v Kigali. <strong>Dev\u00e4tn\u00e1s\u0165ro\u010dn\u00e1 Vikt\u00f3ria Chlado\u0148ov\u00e1 sa stala vicemajsterkou sveta v individu\u00e1lnej \u010dasovke \u017eien do 23 rokov a priniesla domov strieborn\u00fa medailu.<\/strong><\/p>\n<p>Jej t\u00edmov\u00e1 kolegy\u0148a Sofia Ungerov\u00e1 obsadila v premi\u00e9re tejto samostatnej kateg\u00f3rie ve\u013emi cenn\u00e9 24. miesto. Pre obe pretek\u00e1rky to bol debut na svetovej sc\u00e9ne medzi najmlad\u0161\u00edmi, pri\u010dom Vikt\u00f3ria bola dokonca najmlad\u0161ou \u00fa\u010dastn\u00ed\u010dkou \u0161tartov\u00e9ho po\u013ea.<\/p>\n<div id='gallery-1' class='gallery galleryid-21050 gallery-columns-2 gallery-size-full'><figure class='gallery-item'>\n\t\t\t<div class='gallery-icon landscape'>\n\t\t\t\t<a href='https:\/\/d2p6e6u75xmxt8.cloudfront.net\/4\/2025\/09\/Chladonova-02-scaled.webp'><img loading=\"lazy\" decoding=\"async\" width=\"2560\" height=\"1707\" src=\"https:\/\/d2p6e6u75xmxt8.cloudfront.net\/4\/2025\/09\/Chladonova-02-scaled.webp\" class=\"attachment-full size-full\" alt=\"\" srcset=\"https:\/\/d2p6e6u75xmxt8.cloudfront.net\/4\/2025\/09\/Chladonova-02-scaled.webp 2560w, https:\/\/d2p6e6u75xmxt8.cloudfront.net\/4\/2025\/09\/Chladonova-02-300x200.webp 300w, https:\/\/d2p6e6u75xmxt8.cloudfront.net\/4\/2025\/09\/Chladonova-02-1024x683.webp 1024w, https:\/\/d2p6e6u75xmxt8.cloudfront.net\/4\/2025\/09\/Chladonova-02-768x512.webp 768w, https:\/\/d2p6e6u75xmxt8.cloudfront.net\/4\/2025\/09\/Chladonova-02-1536x1024.webp 1536w, https:\/\/d2p6e6u75xmxt8.cloudfront.net\/4\/2025\/09\/Chladonova-02-2048x1366.webp 2048w, https:\/\/d2p6e6u75xmxt8.cloudfront.net\/4\/2025\/09\/Chladonova-02-1920x1280.webp 1920w, https:\/\/d2p6e6u75xmxt8.cloudfront.net\/4\/2025\/09\/Chladonova-02-400x267.webp 400w, https:\/\/d2p6e6u75xmxt8.cloudfront.net\/4\/2025\/09\/Chladonova-02-272x182.webp 272w, https:\/\/d2p6e6u75xmxt8.cloudfront.net\/4\/2025\/09\/Chladonova-02-1920x1280.webp 1920w\" sizes=\"auto, (max-width: 2560px) 100vw, 2560px\" \/><\/a>\n\t\t\t<\/div><\/figure><figure class='gallery-item'>\n\t\t\t<div class='gallery-icon landscape'>\n\t\t\t\t<a href='https:\/\/d2p6e6u75xmxt8.cloudfront.net\/4\/2025\/09\/Chladonova-v-cieli.webp'><img loading=\"lazy\" decoding=\"async\" width=\"2048\" height=\"1364\" src=\"https:\/\/d2p6e6u75xmxt8.cloudfront.net\/4\/2025\/09\/Chladonova-v-cieli.webp\" class=\"attachment-full size-full\" alt=\"\" srcset=\"https:\/\/d2p6e6u75xmxt8.cloudfront.net\/4\/2025\/09\/Chladonova-v-cieli.webp 2048w, https:\/\/d2p6e6u75xmxt8.cloudfront.net\/4\/2025\/09\/Chladonova-v-cieli-300x200.webp 300w, https:\/\/d2p6e6u75xmxt8.cloudfront.net\/4\/2025\/09\/Chladonova-v-cieli-1024x682.webp 1024w, https:\/\/d2p6e6u75xmxt8.cloudfront.net\/4\/2025\/09\/Chladonova-v-cieli-768x512.webp 768w, https:\/\/d2p6e6u75xmxt8.cloudfront.net\/4\/2025\/09\/Chladonova-v-cieli-1536x1023.webp 1536w, https:\/\/d2p6e6u75xmxt8.cloudfront.net\/4\/2025\/09\/Chladonova-v-cieli-1920x1279.webp 1920w, https:\/\/d2p6e6u75xmxt8.cloudfront.net\/4\/2025\/09\/Chladonova-v-cieli-400x266.webp 400w, https:\/\/d2p6e6u75xmxt8.cloudfront.net\/4\/2025\/09\/Chladonova-v-cieli-272x182.webp 272w, https:\/\/d2p6e6u75xmxt8.cloudfront.net\/4\/2025\/09\/Chladonova-v-cieli-1920x1279.webp 1920w\" sizes=\"auto, (max-width: 2048px) 100vw, 2048px\" \/><\/a>\n\t\t\t<\/div><\/figure>\n\t\t<\/div>\n\n<hr \/>\n<h2><strong>Historick\u00fd \u0161ampion\u00e1t aj n\u00e1ro\u010dn\u00e1 tra\u0165<\/strong><\/h2>\n<p>Rok 2025 priniesol \u017eensk\u00e9mu pelot\u00f3nu ve\u013ek\u00fa zmenu \u2013 prv\u00fdkr\u00e1t bola samostatne zaraden\u00e1 kateg\u00f3ria \u017eien U23. <strong>Doteraz jazdili mlad\u00e9 pretek\u00e1rky spolo\u010dne s elitou, \u010do \u010dasto zni\u017eovalo ich \u0161ance na popredn\u00e9 umiestnenia.<\/strong><\/p>\n<p>Tra\u0165 v Kigali sa zap\u00edsala ako jedna z naj\u0165a\u017e\u0161\u00edch v hist\u00f3rii \u017eensk\u00fdch \u010dasoviek. Dve v\u00fdrazn\u00e9 st\u00fapania \u2013 C\u00f4te de Nyanza a C\u00f4te de Kimihurura \u2013 preverili silu aj taktiku v\u0161etk\u00fdch \u00fa\u010dastn\u00ed\u010dok.<\/p>\n<div id='gallery-2' class='gallery galleryid-21050 gallery-columns-2 gallery-size-full'><figure class='gallery-item'>\n\t\t\t<div class='gallery-icon landscape'>\n\t\t\t\t<a href='https:\/\/d2p6e6u75xmxt8.cloudfront.net\/4\/2025\/09\/Jencusova_02-1-scaled.webp'><img loading=\"lazy\" decoding=\"async\" width=\"2560\" height=\"1706\" src=\"https:\/\/d2p6e6u75xmxt8.cloudfront.net\/4\/2025\/09\/Jencusova_02-1-scaled.webp\" class=\"attachment-full size-full\" alt=\"\" aria-describedby=\"gallery-2-21057\" srcset=\"https:\/\/d2p6e6u75xmxt8.cloudfront.net\/4\/2025\/09\/Jencusova_02-1-scaled.webp 2560w, https:\/\/d2p6e6u75xmxt8.cloudfront.net\/4\/2025\/09\/Jencusova_02-1-300x200.webp 300w, https:\/\/d2p6e6u75xmxt8.cloudfront.net\/4\/2025\/09\/Jencusova_02-1-1024x682.webp 1024w, https:\/\/d2p6e6u75xmxt8.cloudfront.net\/4\/2025\/09\/Jencusova_02-1-768x512.webp 768w, https:\/\/d2p6e6u75xmxt8.cloudfront.net\/4\/2025\/09\/Jencusova_02-1-1536x1023.webp 1536w, https:\/\/d2p6e6u75xmxt8.cloudfront.net\/4\/2025\/09\/Jencusova_02-1-2048x1365.webp 2048w, https:\/\/d2p6e6u75xmxt8.cloudfront.net\/4\/2025\/09\/Jencusova_02-1-1920x1279.webp 1920w, https:\/\/d2p6e6u75xmxt8.cloudfront.net\/4\/2025\/09\/Jencusova_02-1-400x267.webp 400w, https:\/\/d2p6e6u75xmxt8.cloudfront.net\/4\/2025\/09\/Jencusova_02-1-272x182.webp 272w, https:\/\/d2p6e6u75xmxt8.cloudfront.net\/4\/2025\/09\/Jencusova_02-1-1920x1279.webp 1920w\" sizes=\"auto, (max-width: 2560px) 100vw, 2560px\" \/><\/a>\n\t\t\t<\/div>\n\t\t\t\t<figcaption class='wp-caption-text gallery-caption' id='gallery-2-21057'>\n\t\t\t\tNora Jen\u010du\u0161ov\u00e1\n\t\t\t\t<\/figcaption><\/figure><figure class='gallery-item'>\n\t\t\t<div class='gallery-icon landscape'>\n\t\t\t\t<a href='https:\/\/d2p6e6u75xmxt8.cloudfront.net\/4\/2025\/09\/Snimka-obrazovky-2025-09-22-o-13.35.23.webp'><img loading=\"lazy\" decoding=\"async\" width=\"487\" height=\"378\" src=\"https:\/\/d2p6e6u75xmxt8.cloudfront.net\/4\/2025\/09\/Snimka-obrazovky-2025-09-22-o-13.35.23.webp\" class=\"attachment-full size-full\" alt=\"\" aria-describedby=\"gallery-2-21060\" srcset=\"https:\/\/d2p6e6u75xmxt8.cloudfront.net\/4\/2025\/09\/Snimka-obrazovky-2025-09-22-o-13.35.23.webp 487w, https:\/\/d2p6e6u75xmxt8.cloudfront.net\/4\/2025\/09\/Snimka-obrazovky-2025-09-22-o-13.35.23-300x233.webp 300w, https:\/\/d2p6e6u75xmxt8.cloudfront.net\/4\/2025\/09\/Snimka-obrazovky-2025-09-22-o-13.35.23-400x310.webp 400w\" sizes=\"auto, (max-width: 487px) 100vw, 487px\" \/><\/a>\n\t\t\t<\/div>\n\t\t\t\t<figcaption class='wp-caption-text gallery-caption' id='gallery-2-21060'>\n\t\t\t\tSofia Ungerov\u00e1\n\t\t\t\t<\/figcaption><\/figure>\n\t\t<\/div>\n\n<hr \/>\n<h2><strong>Slovensk\u00e9 hrdinky v centre diania<\/strong><\/h2>\n<p>Sofia Ungerov\u00e1 i\u0161la medzi prv\u00fdmi a po bojovnom v\u00fdkone skon\u010dila na 24. prie\u010dke. <strong>Vikt\u00f3ria Chlado\u0148ov\u00e1 v\u0161ak uk\u00e1zala skvel\u00fa pripravenos\u0165 aj odolnos\u0165.<\/strong> V prvej polovici pretekov str\u00e1cala len 27 sek\u00fand na superfavoritku Zoe B\u00e4ckstedtov\u00fa z Ve\u013ekej Brit\u00e1nie. V technickej pas\u00e1\u017ei s\u00edce mierne klesla v porad\u00ed, no v z\u00e1vere\u010dnom st\u00fapan\u00ed zabojovala a fini\u0161ovala na fantastickom 2. mieste.<\/p>\n<p>Britka B\u00e4ckstedtov\u00e1, pova\u017eovan\u00e1 za \u0161pecialistku na \u010dasovky, potvrdila svoju dominanciu a z\u00edskala zlato s n\u00e1skokom 1:51 min\u00faty. Aj napriek tomu je Chlado\u0148ovej v\u00fdkon obrovsk\u00fdm \u00faspechom pre slovensk\u00fa cyklistiku.<\/p>\n<p><em>\u201eSom ve\u013emi \u0161\u0165astn\u00e1, v\u00f4bec som to ne\u010dakala. Je to pre m\u0148a obrovsk\u00e1 \u010des\u0165 st\u00e1\u0165 na p\u00f3diu hne\u010f prv\u00fd rok v kateg\u00f3rii U23,\u201c<\/em> povedala po pretekoch strieborn\u00e1 hrdinka.<\/p>\n<p>FOTO: Marek Bene\u0161\/SZC<\/p>\n","protected":false},"excerpt":{"rendered":"<p>Slovensko sa te\u0161\u00ed z historick\u00e9ho \u00faspechu \u2013 Vikt\u00f3ria Chlado\u0148ov\u00e1 z\u00edskala striebro v individu\u00e1lnej \u010dasovke do 23 rokov na Majstrovstv\u00e1ch sveta [&hellip;]<\/p>\n","protected":false},"author":191,"featured_media":21051,"comment_status":"closed","ping_status":"closed","sticky":false,"template":"","format":"standard","meta":{"footnotes":""},"categories":[4],"tags":[559,619,275,115,546,876,281,179,1604,1639,886],"global-categories":[1074],"class_list":["post-21050","post","type-post","status-publish","format-standard","has-post-thumbnail","hentry","category-cestna-cyklisitika","tag-bicykel","tag-bicyklovanie","tag-cesta","tag-cestna-cyklistika","tag-cyklistika","tag-historia","tag-majstrovstva-sveta","tag-preteky","tag-slovaci","tag-viktoria-chladonova","tag-vitazstvo","global-categories-cycling"],"yoast_head":"<!-- This site is optimized with the Yoast SEO Premium plugin v25.3 (Yoast SEO v25.9) - https:\/\/yoast.com\/wordpress\/plugins\/seo\/ -->\n<title>Vikt\u00f3ria Chlado\u0148ov\u00e1 je vicemajsterkou sveta v \u010dasovke U23<\/title>\n<meta name=\"description\" content=\"Vikt\u00f3ria Chlado\u0148ov\u00e1 z\u00edskala strieborn\u00fa medailu v individu\u00e1lnej \u010dasovke do 23 rokov na Majstrovstv\u00e1ch sveta v Kigali.\" \/>\n<meta name=\"robots\" content=\"index, follow, max-snippet:-1, max-image-preview:large, max-video-preview:-1\" \/>\n<link rel=\"canonical\" href=\"https:\/\/www.welovecycling.com\/sk\/2025\/09\/22\/chladonova-striebro-ms-casovka-u23-2025\/\" \/>\n<meta property=\"og:locale\" content=\"sk_SK\" \/>\n<meta property=\"og:type\" content=\"article\" \/>\n<meta property=\"og:title\" content=\"Historick\u00e9 striebro pre Slovensko: Vikt\u00f3ria Chlado\u0148ov\u00e1 je vicemajsterkou sveta v \u010dasovke U23\" \/>\n<meta property=\"og:description\" content=\"Vikt\u00f3ria Chlado\u0148ov\u00e1 z\u00edskala strieborn\u00fa medailu v individu\u00e1lnej \u010dasovke do 23 rokov na Majstrovstv\u00e1ch sveta v Kigali.\" \/>\n<meta property=\"og:url\" content=\"https:\/\/www.welovecycling.com\/sk\/2025\/09\/22\/chladonova-striebro-ms-casovka-u23-2025\/\" \/>\n<meta property=\"og:site_name\" content=\"\u0160koda We Love Cycling Slovensko\" \/>\n<meta property=\"article:published_time\" content=\"2025-09-22T11:27:33+00:00\" \/>\n<meta property=\"article:modified_time\" content=\"2025-09-22T11:49:50+00:00\" \/>\n<meta property=\"og:image\" content=\"https:\/\/d2p6e6u75xmxt8.cloudfront.net\/4\/2025\/09\/Chladonova_01-scaled.webp\" \/>\n\t<meta property=\"og:image:width\" content=\"2560\" \/>\n\t<meta property=\"og:image:height\" content=\"1707\" \/>\n\t<meta property=\"og:image:type\" content=\"image\/webp\" \/>\n<meta name=\"author\" content=\"michal\" \/>\n<meta name=\"twitter:card\" content=\"summary_large_image\" \/>\n<meta name=\"twitter:label1\" content=\"Written by\" \/>\n\t<meta name=\"twitter:data1\" content=\"We Love Cycling\" \/>\n\t<meta name=\"twitter:label2\" content=\"Est. reading time\" \/>\n\t<meta name=\"twitter:data2\" content=\"2\" \/>\n<script type=\"application\/ld+json\" class=\"yoast-schema-graph\">{\"@context\":\"https:\/\/schema.org\",\"@graph\":[{\"@type\":\"WebPage\",\"@id\":\"https:\/\/www.welovecycling.com\/sk\/2025\/09\/22\/chladonova-striebro-ms-casovka-u23-2025\/\",\"url\":\"https:\/\/www.welovecycling.com\/sk\/2025\/09\/22\/chladonova-striebro-ms-casovka-u23-2025\/\",\"name\":\"Vikt\u00f3ria Chlado\u0148ov\u00e1 je vicemajsterkou sveta v \u010dasovke U23\",\"isPartOf\":{\"@id\":\"https:\/\/www.welovecycling.com\/sk\/#website\"},\"primaryImageOfPage\":{\"@id\":\"https:\/\/www.welovecycling.com\/sk\/2025\/09\/22\/chladonova-striebro-ms-casovka-u23-2025\/#primaryimage\"},\"image\":{\"@id\":\"https:\/\/www.welovecycling.com\/sk\/2025\/09\/22\/chladonova-striebro-ms-casovka-u23-2025\/#primaryimage\"},\"thumbnailUrl\":\"https:\/\/d2p6e6u75xmxt8.cloudfront.net\/4\/2025\/09\/Chladonova_01-scaled.webp\",\"datePublished\":\"2025-09-22T11:27:33+00:00\",\"dateModified\":\"2025-09-22T11:49:50+00:00\",\"author\":{\"@id\":\"https:\/\/www.welovecycling.com\/sk\/#\/schema\/person\/45e989de48eace55eb338c027dc5a65e\"},\"description\":\"Vikt\u00f3ria Chlado\u0148ov\u00e1 z\u00edskala strieborn\u00fa medailu v individu\u00e1lnej \u010dasovke do 23 rokov na Majstrovstv\u00e1ch sveta v Kigali.\",\"breadcrumb\":{\"@id\":\"https:\/\/www.welovecycling.com\/sk\/2025\/09\/22\/chladonova-striebro-ms-casovka-u23-2025\/#breadcrumb\"},\"inLanguage\":\"sk-SK\",\"potentialAction\":[{\"@type\":\"ReadAction\",\"target\":[\"https:\/\/www.welovecycling.com\/sk\/2025\/09\/22\/chladonova-striebro-ms-casovka-u23-2025\/\"]}]},{\"@type\":\"ImageObject\",\"inLanguage\":\"sk-SK\",\"@id\":\"https:\/\/www.welovecycling.com\/sk\/2025\/09\/22\/chladonova-striebro-ms-casovka-u23-2025\/#primaryimage\",\"url\":\"https:\/\/d2p6e6u75xmxt8.cloudfront.net\/4\/2025\/09\/Chladonova_01-scaled.webp\",\"contentUrl\":\"https:\/\/d2p6e6u75xmxt8.cloudfront.net\/4\/2025\/09\/Chladonova_01-scaled.webp\",\"width\":2560,\"height\":1707},{\"@type\":\"BreadcrumbList\",\"@id\":\"https:\/\/www.welovecycling.com\/sk\/2025\/09\/22\/chladonova-striebro-ms-casovka-u23-2025\/#breadcrumb\",\"itemListElement\":[{\"@type\":\"ListItem\",\"position\":1,\"name\":\"Home\",\"item\":\"https:\/\/www.welovecycling.com\/sk\/\"},{\"@type\":\"ListItem\",\"position\":2,\"name\":\"Historick\u00e9 striebro pre Slovensko: Vikt\u00f3ria Chlado\u0148ov\u00e1 je vicemajsterkou sveta v \u010dasovke U23\"}]},{\"@type\":\"WebSite\",\"@id\":\"https:\/\/www.welovecycling.com\/sk\/#website\",\"url\":\"https:\/\/www.welovecycling.com\/sk\/\",\"name\":\"\u0160koda We Love Cycling Slovensko\",\"description\":\"\u0160koda We Love Cycling Slovensko je v\u00e1\u0161 ka\u017edodenn\u00fd zdroj noviniek a in\u0161pir\u00e1cie z sveta cyklistiky\",\"potentialAction\":[{\"@type\":\"SearchAction\",\"target\":{\"@type\":\"EntryPoint\",\"urlTemplate\":\"https:\/\/www.welovecycling.com\/sk\/?s={search_term_string}\"},\"query-input\":{\"@type\":\"PropertyValueSpecification\",\"valueRequired\":true,\"valueName\":\"search_term_string\"}}],\"inLanguage\":\"sk-SK\"},{\"@type\":\"Person\",\"@id\":\"https:\/\/www.welovecycling.com\/sk\/#\/schema\/person\/45e989de48eace55eb338c027dc5a65e\",\"name\":\"michal\",\"image\":{\"@type\":\"ImageObject\",\"inLanguage\":\"sk-SK\",\"@id\":\"https:\/\/www.welovecycling.com\/sk\/#\/schema\/person\/image\/\",\"url\":\"https:\/\/secure.gravatar.com\/avatar\/7f8deb1af8506a5f53d1b779436f546bce1c8c40c09780107ad3811c7dc4bbcb?s=96&d=mm&r=g\",\"contentUrl\":\"https:\/\/secure.gravatar.com\/avatar\/7f8deb1af8506a5f53d1b779436f546bce1c8c40c09780107ad3811c7dc4bbcb?s=96&d=mm&r=g\",\"caption\":\"michal\"},\"url\":\"https:\/\/www.welovecycling.com\/sk\/author\/michal\/\"}]}<\/script>\n<!-- \/ Yoast SEO Premium plugin. -->","yoast_head_json":{"title":"Vikt\u00f3ria Chlado\u0148ov\u00e1 je vicemajsterkou sveta v \u010dasovke U23","description":"Vikt\u00f3ria Chlado\u0148ov\u00e1 z\u00edskala strieborn\u00fa medailu v individu\u00e1lnej \u010dasovke do 23 rokov na Majstrovstv\u00e1ch sveta v Kigali.","robots":{"index":"index","follow":"follow","max-snippet":"max-snippet:-1","max-image-preview":"max-image-preview:large","max-video-preview":"max-video-preview:-1"},"canonical":"https:\/\/www.welovecycling.com\/sk\/2025\/09\/22\/chladonova-striebro-ms-casovka-u23-2025\/","og_locale":"sk_SK","og_type":"article","og_title":"Historick\u00e9 striebro pre Slovensko: Vikt\u00f3ria Chlado\u0148ov\u00e1 je vicemajsterkou sveta v \u010dasovke U23","og_description":"Vikt\u00f3ria Chlado\u0148ov\u00e1 z\u00edskala strieborn\u00fa medailu v individu\u00e1lnej \u010dasovke do 23 rokov na Majstrovstv\u00e1ch sveta v Kigali.","og_url":"https:\/\/www.welovecycling.com\/sk\/2025\/09\/22\/chladonova-striebro-ms-casovka-u23-2025\/","og_site_name":"\u0160koda We Love Cycling Slovensko","article_published_time":"2025-09-22T11:27:33+00:00","article_modified_time":"2025-09-22T11:49:50+00:00","og_image":[{"width":2560,"height":1707,"url":"https:\/\/d2p6e6u75xmxt8.cloudfront.net\/4\/2025\/09\/Chladonova_01-scaled.webp","type":"image\/webp"}],"author":"michal","twitter_card":"summary_large_image","twitter_misc":{"Written by":"We Love Cycling","Est. reading time":"2"},"schema":{"@context":"https:\/\/schema.org","@graph":[{"@type":"WebPage","@id":"https:\/\/www.welovecycling.com\/sk\/2025\/09\/22\/chladonova-striebro-ms-casovka-u23-2025\/","url":"https:\/\/www.welovecycling.com\/sk\/2025\/09\/22\/chladonova-striebro-ms-casovka-u23-2025\/","name":"Vikt\u00f3ria Chlado\u0148ov\u00e1 je vicemajsterkou sveta v \u010dasovke U23","isPartOf":{"@id":"https:\/\/www.welovecycling.com\/sk\/#website"},"primaryImageOfPage":{"@id":"https:\/\/www.welovecycling.com\/sk\/2025\/09\/22\/chladonova-striebro-ms-casovka-u23-2025\/#primaryimage"},"image":{"@id":"https:\/\/www.welovecycling.com\/sk\/2025\/09\/22\/chladonova-striebro-ms-casovka-u23-2025\/#primaryimage"},"thumbnailUrl":"https:\/\/d2p6e6u75xmxt8.cloudfront.net\/4\/2025\/09\/Chladonova_01-scaled.webp","datePublished":"2025-09-22T11:27:33+00:00","dateModified":"2025-09-22T11:49:50+00:00","author":{"@id":"https:\/\/www.welovecycling.com\/sk\/#\/schema\/person\/45e989de48eace55eb338c027dc5a65e"},"description":"Vikt\u00f3ria Chlado\u0148ov\u00e1 z\u00edskala strieborn\u00fa medailu v individu\u00e1lnej \u010dasovke do 23 rokov na Majstrovstv\u00e1ch sveta v Kigali.","breadcrumb":{"@id":"https:\/\/www.welovecycling.com\/sk\/2025\/09\/22\/chladonova-striebro-ms-casovka-u23-2025\/#breadcrumb"},"inLanguage":"sk-SK","potentialAction":[{"@type":"ReadAction","target":["https:\/\/www.welovecycling.com\/sk\/2025\/09\/22\/chladonova-striebro-ms-casovka-u23-2025\/"]}]},{"@type":"ImageObject","inLanguage":"sk-SK","@id":"https:\/\/www.welovecycling.com\/sk\/2025\/09\/22\/chladonova-striebro-ms-casovka-u23-2025\/#primaryimage","url":"https:\/\/d2p6e6u75xmxt8.cloudfront.net\/4\/2025\/09\/Chladonova_01-scaled.webp","contentUrl":"https:\/\/d2p6e6u75xmxt8.cloudfront.net\/4\/2025\/09\/Chladonova_01-scaled.webp","width":2560,"height":1707},{"@type":"BreadcrumbList","@id":"https:\/\/www.welovecycling.com\/sk\/2025\/09\/22\/chladonova-striebro-ms-casovka-u23-2025\/#breadcrumb","itemListElement":[{"@type":"ListItem","position":1,"name":"Home","item":"https:\/\/www.welovecycling.com\/sk\/"},{"@type":"ListItem","position":2,"name":"Historick\u00e9 striebro pre Slovensko: Vikt\u00f3ria Chlado\u0148ov\u00e1 je vicemajsterkou sveta v \u010dasovke U23"}]},{"@type":"WebSite","@id":"https:\/\/www.welovecycling.com\/sk\/#website","url":"https:\/\/www.welovecycling.com\/sk\/","name":"\u0160koda We Love Cycling Slovensko","description":"\u0160koda We Love Cycling Slovensko je v\u00e1\u0161 ka\u017edodenn\u00fd zdroj noviniek a in\u0161pir\u00e1cie z sveta cyklistiky","potentialAction":[{"@type":"SearchAction","target":{"@type":"EntryPoint","urlTemplate":"https:\/\/www.welovecycling.com\/sk\/?s={search_term_string}"},"query-input":{"@type":"PropertyValueSpecification","valueRequired":true,"valueName":"search_term_string"}}],"inLanguage":"sk-SK"},{"@type":"Person","@id":"https:\/\/www.welovecycling.com\/sk\/#\/schema\/person\/45e989de48eace55eb338c027dc5a65e","name":"michal","image":{"@type":"ImageObject","inLanguage":"sk-SK","@id":"https:\/\/www.welovecycling.com\/sk\/#\/schema\/person\/image\/","url":"https:\/\/secure.gravatar.com\/avatar\/7f8deb1af8506a5f53d1b779436f546bce1c8c40c09780107ad3811c7dc4bbcb?s=96&d=mm&r=g","contentUrl":"https:\/\/secure.gravatar.com\/avatar\/7f8deb1af8506a5f53d1b779436f546bce1c8c40c09780107ad3811c7dc4bbcb?s=96&d=mm&r=g","caption":"michal"},"url":"https:\/\/www.welovecycling.com\/sk\/author\/michal\/"}]}},"_links":{"self":[{"href":"https:\/\/www.welovecycling.com\/sk\/wp-json\/wp\/v2\/posts\/21050","targetHints":{"allow":["GET"]}}],"collection":[{"href":"https:\/\/www.welovecycling.com\/sk\/wp-json\/wp\/v2\/posts"}],"about":[{"href":"https:\/\/www.welovecycling.com\/sk\/wp-json\/wp\/v2\/types\/post"}],"author":[{"embeddable":true,"href":"https:\/\/www.welovecycling.com\/sk\/wp-json\/wp\/v2\/users\/191"}],"replies":[{"embeddable":true,"href":"https:\/\/www.welovecycling.com\/sk\/wp-json\/wp\/v2\/comments?post=21050"}],"version-history":[{"count":6,"href":"https:\/\/www.welovecycling.com\/sk\/wp-json\/wp\/v2\/posts\/21050\/revisions"}],"predecessor-version":[{"id":21063,"href":"https:\/\/www.welovecycling.com\/sk\/wp-json\/wp\/v2\/posts\/21050\/revisions\/21063"}],"wp:featuredmedia":[{"embeddable":true,"href":"https:\/\/www.welovecycling.com\/sk\/wp-json\/wp\/v2\/media\/21051"}],"wp:attachment":[{"href":"https:\/\/www.welovecycling.com\/sk\/wp-json\/wp\/v2\/media?parent=21050"}],"wp:term":[{"taxonomy":"category","embeddable":true,"href":"https:\/\/www.welovecycling.com\/sk\/wp-json\/wp\/v2\/categories?post=21050"},{"taxonomy":"post_tag","embeddable":true,"href":"https:\/\/www.welovecycling.com\/sk\/wp-json\/wp\/v2\/tags?post=21050"},{"taxonomy":"global-categories","embeddable":true,"href":"https:\/\/www.welovecycling.com\/sk\/wp-json\/wp\/v2\/global-categories?post=21050"}],"curies":[{"name":"wp","href":"https:\/\/api.w.org\/{rel}","templated":true}]}}