{"id":21034,"date":"2025-09-22T09:30:05","date_gmt":"2025-09-22T07:30:05","guid":{"rendered":"https:\/\/www.welovecycling.com\/sk\/?p=21034"},"modified":"2025-09-22T09:10:05","modified_gmt":"2025-09-22T07:10:05","slug":"stupava-mtb-maraton-2025-finale-skoda-bike-open-tour","status":"publish","type":"post","link":"https:\/\/www.welovecycling.com\/sk\/2025\/09\/22\/stupava-mtb-maraton-2025-finale-skoda-bike-open-tour\/","title":{"rendered":"\u0160koda Stupava MTB marat\u00f3n a Fin\u00e1le \u0160koda Bike Open Tour 2025 \u2013 babie leto namiesto blata"},"content":{"rendered":"<p data-start=\"8782\" data-end=\"8968\"><strong>Slne\u010dn\u00e9 babie leto, n\u00e1ro\u010dn\u00e1 panelka a s\u00faboje o popredn\u00e9 prie\u010dky. Stupava MTB marat\u00f3n 2025 bol d\u00f4stojnou bodkou za s\u00e9riou \u0160koda Bike Open Tour a priniesol mno\u017estvo em\u00f3ci\u00ed aj prekvapen\u00ed.<\/strong><\/p>\n<p><!--more--><\/p>\n<p data-start=\"129\" data-end=\"554\">Minul\u00fd rok sa Stupavsk\u00fd marat\u00f3n konal za diametr\u00e1lne odli\u0161n\u00fdch podmienok v polke okt\u00f3bra. Cesty boli podm\u00e1\u010dan\u00e9, blatist\u00e9 a podaktor\u00ed u\u017e vytiahli aj dlh\u00e9 ruk\u00e1vy.<\/p>\n<p data-start=\"129\" data-end=\"554\"><br data-start=\"289\" data-end=\"292\" \/>Tentokr\u00e1t sme si na trati mohli u\u017e\u00edva\u0165 naozaj bezstarostn\u00e9 babie leto. Nieko\u013eko da\u017e\u010fov po\u010das predch\u00e1dzaj\u00faceho t\u00fd\u017ed\u0148a zabezpe\u010dilo, \u017ee koles\u00e1 na inak pra\u0161n\u00fdch karpatsk\u00fdch trailoch dr\u017eali stopu a <strong>pretek\u00e1ri a pretek\u00e1rky si mohli vychutn\u00e1va\u0165 ka\u017ed\u00fd kilometer naplno.<\/strong><\/p>\n<p data-start=\"129\" data-end=\"554\"><a href=\"https:\/\/d2p6e6u75xmxt8.cloudfront.net\/4\/2025\/09\/SBOT-STUPAVA-2025-CLOSE-UP-11-scaled.webp\"><img loading=\"lazy\" decoding=\"async\" class=\"alignnone size-extra-large wp-image-21043\" src=\"https:\/\/d2p6e6u75xmxt8.cloudfront.net\/4\/2025\/09\/SBOT-STUPAVA-2025-CLOSE-UP-11-1920x1280.webp\" alt=\"\" width=\"1920\" height=\"1280\" srcset=\"https:\/\/d2p6e6u75xmxt8.cloudfront.net\/4\/2025\/09\/SBOT-STUPAVA-2025-CLOSE-UP-11-1920x1280.webp 1920w, https:\/\/d2p6e6u75xmxt8.cloudfront.net\/4\/2025\/09\/SBOT-STUPAVA-2025-CLOSE-UP-11-300x200.webp 300w, https:\/\/d2p6e6u75xmxt8.cloudfront.net\/4\/2025\/09\/SBOT-STUPAVA-2025-CLOSE-UP-11-1024x683.webp 1024w, https:\/\/d2p6e6u75xmxt8.cloudfront.net\/4\/2025\/09\/SBOT-STUPAVA-2025-CLOSE-UP-11-768x512.webp 768w, https:\/\/d2p6e6u75xmxt8.cloudfront.net\/4\/2025\/09\/SBOT-STUPAVA-2025-CLOSE-UP-11-1536x1024.webp 1536w, https:\/\/d2p6e6u75xmxt8.cloudfront.net\/4\/2025\/09\/SBOT-STUPAVA-2025-CLOSE-UP-11-2048x1365.webp 2048w, https:\/\/d2p6e6u75xmxt8.cloudfront.net\/4\/2025\/09\/SBOT-STUPAVA-2025-CLOSE-UP-11-400x267.webp 400w, https:\/\/d2p6e6u75xmxt8.cloudfront.net\/4\/2025\/09\/SBOT-STUPAVA-2025-CLOSE-UP-11-272x182.webp 272w, https:\/\/d2p6e6u75xmxt8.cloudfront.net\/4\/2025\/09\/SBOT-STUPAVA-2025-CLOSE-UP-11-1920x1280.webp 1920w\" sizes=\"auto, (max-width: 1920px) 100vw, 1920px\" \/><\/a><\/p>\n<h2 data-start=\"556\" data-end=\"1450\"><strong>Spomienky na prv\u00e9 ro\u010dn\u00edky<\/strong><\/h2>\n<p data-start=\"556\" data-end=\"1450\">Stupavsk\u00fd marat\u00f3n p\u00ed\u0161e u\u017e svoj 21. ro\u010dn\u00edk. Ja som tu prv\u00fdkr\u00e1t pretekala v roku 2017. Vtedy som mala cyklopo\u010d\u00edta\u010d, ktor\u00fd ukazoval len r\u00fdchlos\u0165 vypo\u010d\u00edtan\u00fa pod\u013ea magnetick\u00e9ho senzora na kolese, Stravu som nepou\u017e\u00edvala a tep som sledovala pod\u013ea vzorca 220 \u2013 vek. Toho \u010dasu som pretekala na kr\u00e1tkej, 25 km trati a strati\u0165 sa bolo takmer nemo\u017en\u00e9.<\/p>\n<p data-start=\"556\" data-end=\"1450\">Na stredn\u00fa tra\u0165 (42 km) som sa odv\u00e1\u017eila a\u017e v roku 2023, u\u017e s GPX navig\u00e1ciou, ktor\u00e1 ma neraz zachr\u00e1nila.<strong> Tento rok som sa rozhodla \u00eds\u0165 e\u0161te \u010falej a vysk\u00fa\u0161a\u0165 najdlh\u0161iu, 80 km trasu.<\/strong> Samozrejme, s navig\u00e1ciou a s tepov\u00fdmi z\u00f3nami presne zmeran\u00fdmi v lab\u00e1ku.<\/p>\n<p data-start=\"556\" data-end=\"1450\">Rozdiel je asi tak\u00fdto: pri v\u00fdpo\u010dte pod\u013ea vzorca \u201e220 \u2013 vek\u201c sa \u010dlovek m\u00f4\u017ee ute\u0161ova\u0165, \u017ee hodnoty s\u00fa pravdepodobne nepresn\u00e9. Po zmeran\u00ed v lab\u00e1ku u\u017e to nejde, a teda ke\u010f v\u00e1m po\u010d\u00edta\u010d ukazuje, \u017ee idete \u0161tyri hodiny v \u010derven\u00fdch z\u00f3nach, tak v nich pravdepodobne naozaj idete.<\/p>\n<p data-start=\"1452\" data-end=\"1639\">Do zbierky mi teda ch\u00fdba len trasa pre rodiny s de\u0165mi \u2013 7 km dlh\u00e1 tra\u0165 Family. D\u00fafam, \u017ee \u010doskoro sa na \u0148u postav\u00edm so svoj\u00edm synovcom Kubkom, ktor\u00fd zatia\u013e usilovne tr\u00e9nuje na odr\u00e1\u017eadle.<\/p>\n<p data-start=\"1452\" data-end=\"1639\"><a href=\"https:\/\/d2p6e6u75xmxt8.cloudfront.net\/4\/2025\/09\/IndianskaUlicka-scaled.webp\"><img loading=\"lazy\" decoding=\"async\" class=\"alignnone size-extra-large wp-image-21039\" src=\"https:\/\/d2p6e6u75xmxt8.cloudfront.net\/4\/2025\/09\/IndianskaUlicka-1920x1281.webp\" alt=\"\" width=\"1920\" height=\"1281\" srcset=\"https:\/\/d2p6e6u75xmxt8.cloudfront.net\/4\/2025\/09\/IndianskaUlicka-1920x1281.webp 1920w, https:\/\/d2p6e6u75xmxt8.cloudfront.net\/4\/2025\/09\/IndianskaUlicka-300x200.webp 300w, https:\/\/d2p6e6u75xmxt8.cloudfront.net\/4\/2025\/09\/IndianskaUlicka-1024x683.webp 1024w, https:\/\/d2p6e6u75xmxt8.cloudfront.net\/4\/2025\/09\/IndianskaUlicka-768x512.webp 768w, https:\/\/d2p6e6u75xmxt8.cloudfront.net\/4\/2025\/09\/IndianskaUlicka-1536x1025.webp 1536w, https:\/\/d2p6e6u75xmxt8.cloudfront.net\/4\/2025\/09\/IndianskaUlicka-2048x1366.webp 2048w, https:\/\/d2p6e6u75xmxt8.cloudfront.net\/4\/2025\/09\/IndianskaUlicka-400x267.webp 400w, https:\/\/d2p6e6u75xmxt8.cloudfront.net\/4\/2025\/09\/IndianskaUlicka-272x182.webp 272w, https:\/\/d2p6e6u75xmxt8.cloudfront.net\/4\/2025\/09\/IndianskaUlicka-1920x1281.webp 1920w\" sizes=\"auto, (max-width: 1920px) 100vw, 1920px\" \/><\/a><\/p>\n<h2 data-start=\"1641\" data-end=\"2288\"><strong>\u0160tart pretekov a ob\u00e1van\u00e1 panelka<\/strong><\/h2>\n<p data-start=\"1641\" data-end=\"2288\">Organiz\u00e1cia sa od minul\u00e9ho roka pr\u00edli\u0161 nezmenila. Tesne pred \u0161tartom n\u00e1s moder\u00e1tor upozornil na spadnut\u00fd strom v zjazde zo Som\u00e1ra. <strong>\u0160koda len, \u017ee nepovedal, na ktorom kilometri, \u010do by jazdcom z in\u00fdch regi\u00f3nov ur\u010dite pomohlo.<\/strong><\/p>\n<p data-start=\"1641\" data-end=\"2288\">Po \u0161tarte o 10. r\u00e1no sme klasicky absolvovali prv\u00fd \u00fasek medzi Stupavou a Borinkou za sprievodn\u00fdm vozidlom. Nasledovalo ob\u00e1van\u00e9 st\u00fapanie panelkou ponad Borinku. Neviem, ako pre in\u00fdch, ale pre m\u0148a je toto najnepr\u00edjemnej\u0161ia \u010das\u0165 cel\u00fdch pretekov. Viete si predstavi\u0165 t\u00fa \u201erados\u0165\u201c, ke\u010f som na konci pretekov zistila, \u017ee 80 km tra\u0165 n\u00e1s po tej panelke vyvedie e\u0161te raz, aby n\u00e1m m\u00e1lo nebolo&#8230;<\/p>\n<p data-start=\"2290\" data-end=\"2803\"><strong>Z minul\u00fdch ro\u010dn\u00edkov si spom\u00ednam hlavne na demotivuj\u00faci pocit z toho, ako ma tu v\u0161etci obiehaj\u00fa a ja sa prepad\u00e1vam \u010doraz viac dozadu.<\/strong> Tento rok sa tento scen\u00e1r neopakoval. Trochu som si tam, samozrejme, zac\u00favala celkov\u00fdm porad\u00edm aj tentokr\u00e1t, ale ni\u010d stra\u0161n\u00e9. Porovn\u00e1va\u0165 sa v tomto silovo-vytrvalostnom \u0161porte s mu\u017emi nem\u00e1 cenu.<\/p>\n<p data-start=\"2290\" data-end=\"2803\">Na \u010delo sa tu dostali <strong>Janka Keseg \u0160tevkov\u00e1 aj s Veronikou \u010c\u00ed\u0161eckou<\/strong>, ktor\u00e9 jednozna\u010dne dominovali \u017eenskej kateg\u00f3rii, a ja som sa tak ocitla v boji o tretie miesto s Martinou Hud\u00e1kovou.<\/p>\n<p data-start=\"2805\" data-end=\"3184\">Od panelky sme pokra\u010dovali u\u017e len miernym st\u00fapan\u00edm do lesa a nasledoval kr\u00e1tky, ale strm\u00fd zjazd na \u0161trkov\u00fa cestu ved\u00facu k Mal\u00e9mu Slav\u00ednu. Pretek\u00e1r predo mnou tam nestihol zareagova\u0165 na zmenu smeru a struhol si to rovno. Jazdec za mnou si musel v zlomku sekundy vybra\u0165, koho z n\u00e1s dvoch bude nasledova\u0165, a pohor\u0161en\u00e9 mrmlanie za moj\u00edm chrbtom mi napovedalo, \u017ee si vybral spr\u00e1vne.<\/p>\n<h2 data-start=\"3186\" data-end=\"4073\"><strong>S\u00faboj o tretie miesto<\/strong><\/h2>\n<p data-start=\"3186\" data-end=\"4073\">Hne\u010f od za\u010diatku bolo jasn\u00e9, \u017ee s\u00faboj o tretie miesto povediem ja s Martinou Hud\u00e1kovou z t\u00edmu Beatme. <strong>Podarilo sa mi urobi\u0165 si n\u00e1skok v prvom st\u00fapan\u00ed, av\u0161ak jej t\u00edmov\u00fd kolega sa odo m\u0148a nepohol ani na krok, \u010do znamenalo, \u017ee Martina nebude \u010faleko.<\/strong><\/p>\n<p data-start=\"3186\" data-end=\"4073\">V jednom momente som si v\u0161imla, \u017ee na kolese u\u017e nem\u00e1m jej spolujazdca, ale priamo Ma\u0165u. \u00daprimne, pote\u0161ilo ma to \u2013 kone\u010dne sme mohli za\u010da\u0165 op\u00e4\u0165 s\u00faperi\u0165. Ono, preteka\u0165 sa s v\u00fdrazne silnej\u0161\u00edmi, kde de facto \u010dak\u00e1te len na to, \u010di niekto nesprav\u00ed fat\u00e1lnu chybu, nie je v\u00f4bec tak motivuj\u00face ako ma\u0165 pri sebe seberovn\u00fa s\u00faperku.<\/p>\n<p data-start=\"3186\" data-end=\"4073\">Bohu\u017eia\u013e, spolu sme sa dr\u017eali len nieko\u013eko kilometrov. Po st\u00fapan\u00ed na Kamz\u00edk za mnou zaostala a op\u00e4\u0165 sme sa stretli a\u017e v cieli. <strong>Nesk\u00f4r spom\u00ednala, \u017ee sa jej tam podarilo zle odbo\u010di\u0165<\/strong> a v nasleduj\u00facom singl\u00e1\u010di sa medzi n\u00e1s dostali jazdci, ktor\u00fdch nevedela obehn\u00fa\u0165. Bohu\u017eia\u013e, aj toto sa ob\u010das stane.<\/p>\n<p data-start=\"3186\" data-end=\"4073\"><a href=\"https:\/\/d2p6e6u75xmxt8.cloudfront.net\/4\/2025\/09\/BielyKriz-scaled.webp\"><img loading=\"lazy\" decoding=\"async\" class=\"alignnone size-extra-large wp-image-21040\" src=\"https:\/\/d2p6e6u75xmxt8.cloudfront.net\/4\/2025\/09\/BielyKriz-1920x1281.webp\" alt=\"\" width=\"1920\" height=\"1281\" srcset=\"https:\/\/d2p6e6u75xmxt8.cloudfront.net\/4\/2025\/09\/BielyKriz-1920x1281.webp 1920w, https:\/\/d2p6e6u75xmxt8.cloudfront.net\/4\/2025\/09\/BielyKriz-300x200.webp 300w, https:\/\/d2p6e6u75xmxt8.cloudfront.net\/4\/2025\/09\/BielyKriz-1024x683.webp 1024w, https:\/\/d2p6e6u75xmxt8.cloudfront.net\/4\/2025\/09\/BielyKriz-768x512.webp 768w, https:\/\/d2p6e6u75xmxt8.cloudfront.net\/4\/2025\/09\/BielyKriz-1536x1025.webp 1536w, https:\/\/d2p6e6u75xmxt8.cloudfront.net\/4\/2025\/09\/BielyKriz-2048x1366.webp 2048w, https:\/\/d2p6e6u75xmxt8.cloudfront.net\/4\/2025\/09\/BielyKriz-400x267.webp 400w, https:\/\/d2p6e6u75xmxt8.cloudfront.net\/4\/2025\/09\/BielyKriz-272x182.webp 272w, https:\/\/d2p6e6u75xmxt8.cloudfront.net\/4\/2025\/09\/BielyKriz-1920x1281.webp 1920w\" sizes=\"auto, (max-width: 1920px) 100vw, 1920px\" \/><\/a><\/p>\n<h2 data-start=\"4075\" data-end=\"5569\"><strong>Prekvapenia na trati<\/strong><\/h2>\n<p data-start=\"4075\" data-end=\"5569\"><strong>Najv\u00e4\u010d\u0161\u00edm prekvapen\u00edm bol strm\u00fd v\u00fd\u0161\u013eap pri Prepadlom (segment \u201eDriapak z Prepadl\u00e9ho\u201c), kde som bez hanby tla\u010dila bicykel.<\/strong> Nasledoval technick\u00fd zjazd pripom\u00ednaj\u00faci enduro pas\u00e1\u017ee a, samozrejme, spom\u00ednan\u00e9 druh\u00e9 st\u00fapanie na panelku.<\/p>\n<p data-start=\"4075\" data-end=\"5569\">Zna\u010denie trate bolo za m\u0148a v poriadku. \u010co sa regulov\u010d\u00edkov t\u00fdka, zrejme som trochu rozmaznan\u00e1 z ostatn\u00fdch pretekov tejto s\u00e9rie, na ktor\u00fdch je be\u017en\u00e9, \u017ee regulov\u010d\u00edci s\u00fa neoddelite\u013enou s\u00fa\u010das\u0165ou atmosf\u00e9ry a nielen\u017ee si robia svoju pr\u00e1cu nadpriemerne, e\u0161te popritom st\u00edhaj\u00fa aj fandi\u0165 a povzbudzova\u0165.<\/p>\n<p data-start=\"4075\" data-end=\"5569\">Tu to bolo tak\u00e9 zvl\u00e1\u0161tne neosobn\u00e9. Na jednom mieste, kde sa trasa kri\u017eovala s asfaltkou, po ktorej jazdili cestn\u00ed cyklisti, som si uvedomila, \u017ee mus\u00edm dobrz\u010fova\u0165 a rozhliada\u0165 sa, \u010di m\u00f4\u017eem prejs\u0165. Regulov\u010d\u00edk tam s\u00edce bol, ale zrejme len str\u00e1\u017eil, \u010di traf\u00edm na tra\u0165. Samozrejme, nikto nem\u00f4\u017ee by\u0165 100 % cel\u00fd \u010das v strehu a mohlo \u00eds\u0165 len o n\u00e1hodu.<\/p>\n<p data-start=\"4075\" data-end=\"5569\">Bufety som si tradi\u010dne ve\u013emi neu\u017eila, ale zdalo sa mi, \u017ee aj tie mali drobn\u00e9 rezervy. Najm\u00e4 ma prekvapilo, \u017ee im do\u0161li z\u00e1soby ion\u0165\u00e1ku. Tie\u017e som si (nie jedin\u00e1) nev\u0161imla posledn\u00fd bufet na 65. kilometri. Pote\u0161il ma v\u0161ak mel\u00f3n (mel\u00f3n v\u017edy pote\u0161\u00ed \ud83d\ude42 ).<\/p>\n<p data-start=\"4075\" data-end=\"5569\"><strong>Medzi nepr\u00edjemn\u00e9 prekvapenia patrilo aj mno\u017estvo turistov na trase.<\/strong> D\u00e1 sa to pochopi\u0165, bol kr\u00e1sny slne\u010dn\u00fd de\u0148 a v\u00e4\u010d\u0161ina stretnut\u00ed prebehla bezprobl\u00e9movo. Boli v\u0161ak aj situ\u00e1cie, kde mi rozum zast\u00e1val. Napr\u00edklad nad be\u017eky\u0148ou, ktor\u00e1 sa rozhodla \u00eds\u0165 po cyklistickom singl\u00e1\u010di a\u017e do konca bez oh\u013eadu na po\u010det pretek\u00e1rov, s ktor\u00fdmi sa tam musela lak\u0165ova\u0165.<\/p>\n<p data-start=\"4075\" data-end=\"5569\"><a href=\"https:\/\/d2p6e6u75xmxt8.cloudfront.net\/4\/2025\/09\/SBOT-STUPAVA-2025-CLOSE-UP-32-scaled.webp\"><img loading=\"lazy\" decoding=\"async\" class=\"alignnone size-extra-large wp-image-21044\" src=\"https:\/\/d2p6e6u75xmxt8.cloudfront.net\/4\/2025\/09\/SBOT-STUPAVA-2025-CLOSE-UP-32-1920x1280.webp\" alt=\"\" width=\"1920\" height=\"1280\" srcset=\"https:\/\/d2p6e6u75xmxt8.cloudfront.net\/4\/2025\/09\/SBOT-STUPAVA-2025-CLOSE-UP-32-1920x1280.webp 1920w, https:\/\/d2p6e6u75xmxt8.cloudfront.net\/4\/2025\/09\/SBOT-STUPAVA-2025-CLOSE-UP-32-300x200.webp 300w, https:\/\/d2p6e6u75xmxt8.cloudfront.net\/4\/2025\/09\/SBOT-STUPAVA-2025-CLOSE-UP-32-1024x683.webp 1024w, https:\/\/d2p6e6u75xmxt8.cloudfront.net\/4\/2025\/09\/SBOT-STUPAVA-2025-CLOSE-UP-32-768x512.webp 768w, https:\/\/d2p6e6u75xmxt8.cloudfront.net\/4\/2025\/09\/SBOT-STUPAVA-2025-CLOSE-UP-32-1536x1024.webp 1536w, https:\/\/d2p6e6u75xmxt8.cloudfront.net\/4\/2025\/09\/SBOT-STUPAVA-2025-CLOSE-UP-32-2048x1365.webp 2048w, https:\/\/d2p6e6u75xmxt8.cloudfront.net\/4\/2025\/09\/SBOT-STUPAVA-2025-CLOSE-UP-32-400x267.webp 400w, https:\/\/d2p6e6u75xmxt8.cloudfront.net\/4\/2025\/09\/SBOT-STUPAVA-2025-CLOSE-UP-32-272x182.webp 272w, https:\/\/d2p6e6u75xmxt8.cloudfront.net\/4\/2025\/09\/SBOT-STUPAVA-2025-CLOSE-UP-32-1920x1280.webp 1920w\" sizes=\"auto, (max-width: 1920px) 100vw, 1920px\" \/><\/a><\/p>\n<h2 data-start=\"5571\" data-end=\"6395\"><strong>Z\u00e1ver a v\u00fdsledky s\u00e9rie<\/strong><\/h2>\n<p data-start=\"5571\" data-end=\"6395\">Z\u00e1ver pretekov aj tento rok vynechal p\u00f4vodn\u00fd \u017e\u013eab a viedol segmentom, ktor\u00fd som farbisto op\u00edsala v <a href=\"https:\/\/www.mtbiker.sk\/clanky\/128956\/reportaz-skoda-stupava-mtb-maraton-2024-neskory-vrchol-letnej-sezony.html\" target=\"_blank\" rel=\"noopener\">minuloro\u010dnej report\u00e1\u017ei<\/a> ako \u201eindi\u00e1nsku uli\u010dku odvahy\u201c. Na rozdiel od minul\u00e9ho roku bol tento segment, ktor\u00fd na Strave n\u00e1jdete ako \u201ePosledn\u00fd zjazd Stupava marat\u00f3n 2024\u201c. Such\u00fd a z jeho pravej strany zmizlo nieko\u013eko \u00e1rov riedkeho les\u00edka. )\u010ci\u017ee nielen\u017ee p\u00f4sobil menej hrozivo, ale naozaj sa ni\u010d\u00edm nel\u00ed\u0161il od in\u00fdch zjazdov, ktor\u00e9 sme po\u010das pretekov absolvovali.<\/p>\n<p data-start=\"5571\" data-end=\"6395\">Dokon\u010dila som na 3. mieste v \u010dase 4:17. Predo mnou skon\u010dila <strong>Veronika \u010c\u00ed\u0161eck\u00e1<\/strong> (2. miesto) so stratou 14 min\u00fat na v\u00ed\u0165azku <strong>Janku Keseg \u0160tevkov\u00fa<\/strong>, ktor\u00e1 pre\u0161la cie\u013eom za 3:53.<br class=\"yoast-text-mark\" data-start=\"6224\" data-end=\"6227\" \/>&gt;Medzi mu\u017emi dominoval <strong>Miroslav Mich\u00e1lek<\/strong> s \u010dasom 3:04, druh\u00fd <strong>Rudolf Dzure\u0148<\/strong> s odskokom 1 min 40 s a trojicu najlep\u0161\u00edch doplnil <strong>Martin Kostelni\u010d\u00e1k<\/strong> so stratou 1 min 50 s.<\/p>\n<p data-start=\"6397\" data-end=\"6442\">Kompletn\u00e9 v\u00fdsledky n\u00e1jdete na <a href=\"https:\/\/vysledky.sportsoft.cz\/race\/617\/overall\" target=\"_blank\" rel=\"noopener\">tomto odkaze<\/a>.<\/p>\n<p data-start=\"6444\" data-end=\"6702\">Ve\u013emi ma pote\u0161ilo aj prv\u00e9 miesto v s\u00e9rii \u0160koda Bike Open Tour, ktor\u00e1 sa pretekmi v Stupave ukon\u010dila. Na druhom mieste sa umiestnila Veronika \u010c\u00ed\u0161eck\u00e1 a na tre\u0165om Denisa Dubovsk\u00e1. Kompletn\u00e9 v\u00fdsledky celej s\u00e9rie si m\u00f4\u017eete taktie\u017e pozrie\u0165 na <a href=\"https:\/\/cdn.sportsoft.cz\/Serialresults\/2025_sbot.pdf\" target=\"_blank\" rel=\"noopener\">sportsoftiming.sk<\/a>.<\/p>\n","protected":false},"excerpt":{"rendered":"<p>Slne\u010dn\u00e9 babie leto, n\u00e1ro\u010dn\u00e1 panelka a s\u00faboje o popredn\u00e9 prie\u010dky. Stupava MTB marat\u00f3n 2025 bol d\u00f4stojnou bodkou za s\u00e9riou \u0160koda [&hellip;]<\/p>\n","protected":false},"author":191,"featured_media":21035,"comment_status":"closed","ping_status":"closed","sticky":false,"template":"","format":"standard","meta":{"footnotes":""},"categories":[38,33],"tags":[559,619,546,180,532,178,767,412,37,179,39,1643,542,35,183,475],"global-categories":[],"class_list":["post-21034","post","type-post","status-publish","format-standard","has-post-thumbnail","hentry","category-reportaz","category-sbot","tag-bicykel","tag-bicyklovanie","tag-cyklistika","tag-horska-cyklistika","tag-jazdenie","tag-maraton","tag-motivacia","tag-mtb","tag-podujatia","tag-preteky","tag-reportaz","tag-sezona-2025","tag-skoda","tag-sbot","tag-zabava","tag-zeny"],"yoast_head":"<!-- This site is optimized with the Yoast SEO Premium plugin v25.3 (Yoast SEO v25.9) - https:\/\/yoast.com\/wordpress\/plugins\/seo\/ -->\n<title>\u0160koda Stupava MTB marat\u00f3n a Fin\u00e1le \u0160koda Bike Open Tour 2025<\/title>\n<meta name=\"description\" content=\"Fin\u00e1le \u0160koda Bike Open Tour sa odohralo v Stupave. MTB marat\u00f3n 2025 priniesol slne\u010dn\u00e9 po\u010dasie, technick\u00e9 v\u00fdzvy a dramatick\u00e9 s\u00faboje.\" \/>\n<meta name=\"robots\" content=\"index, follow, max-snippet:-1, max-image-preview:large, max-video-preview:-1\" \/>\n<link rel=\"canonical\" href=\"https:\/\/www.welovecycling.com\/sk\/2025\/09\/22\/stupava-mtb-maraton-2025-finale-skoda-bike-open-tour\/\" \/>\n<meta property=\"og:locale\" content=\"sk_SK\" \/>\n<meta property=\"og:type\" content=\"article\" \/>\n<meta property=\"og:title\" content=\"\u0160koda Stupava MTB marat\u00f3n a Fin\u00e1le \u0160koda Bike Open Tour 2025 \u2013 babie leto namiesto blata\" \/>\n<meta property=\"og:description\" content=\"Fin\u00e1le \u0160koda Bike Open Tour sa odohralo v Stupave. MTB marat\u00f3n 2025 priniesol slne\u010dn\u00e9 po\u010dasie, technick\u00e9 v\u00fdzvy a dramatick\u00e9 s\u00faboje.\" \/>\n<meta property=\"og:url\" content=\"https:\/\/www.welovecycling.com\/sk\/2025\/09\/22\/stupava-mtb-maraton-2025-finale-skoda-bike-open-tour\/\" \/>\n<meta property=\"og:site_name\" content=\"\u0160koda We Love Cycling Slovensko\" \/>\n<meta property=\"article:published_time\" content=\"2025-09-22T07:30:05+00:00\" \/>\n<meta property=\"og:image\" content=\"https:\/\/d2p6e6u75xmxt8.cloudfront.net\/4\/2025\/09\/zaver-scaled.webp\" \/>\n\t<meta property=\"og:image:width\" content=\"2560\" \/>\n\t<meta property=\"og:image:height\" content=\"1707\" \/>\n\t<meta property=\"og:image:type\" content=\"image\/webp\" \/>\n<meta name=\"author\" content=\"michal\" \/>\n<meta name=\"twitter:card\" content=\"summary_large_image\" \/>\n<meta name=\"twitter:label1\" content=\"Written by\" \/>\n\t<meta name=\"twitter:data1\" content=\"Bianka Baba\u010dov\u00e1, WLRMcc\" \/>\n\t<meta name=\"twitter:label2\" content=\"Est. reading time\" \/>\n\t<meta name=\"twitter:data2\" content=\"3\" \/>\n<script type=\"application\/ld+json\" class=\"yoast-schema-graph\">{\"@context\":\"https:\/\/schema.org\",\"@graph\":[{\"@type\":\"WebPage\",\"@id\":\"https:\/\/www.welovecycling.com\/sk\/2025\/09\/22\/stupava-mtb-maraton-2025-finale-skoda-bike-open-tour\/\",\"url\":\"https:\/\/www.welovecycling.com\/sk\/2025\/09\/22\/stupava-mtb-maraton-2025-finale-skoda-bike-open-tour\/\",\"name\":\"\u0160koda Stupava MTB marat\u00f3n a Fin\u00e1le \u0160koda Bike Open Tour 2025\",\"isPartOf\":{\"@id\":\"https:\/\/www.welovecycling.com\/sk\/#website\"},\"primaryImageOfPage\":{\"@id\":\"https:\/\/www.welovecycling.com\/sk\/2025\/09\/22\/stupava-mtb-maraton-2025-finale-skoda-bike-open-tour\/#primaryimage\"},\"image\":{\"@id\":\"https:\/\/www.welovecycling.com\/sk\/2025\/09\/22\/stupava-mtb-maraton-2025-finale-skoda-bike-open-tour\/#primaryimage\"},\"thumbnailUrl\":\"https:\/\/d2p6e6u75xmxt8.cloudfront.net\/4\/2025\/09\/zaver-scaled.webp\",\"datePublished\":\"2025-09-22T07:30:05+00:00\",\"author\":{\"@id\":\"https:\/\/www.welovecycling.com\/sk\/#\/schema\/person\/45e989de48eace55eb338c027dc5a65e\"},\"description\":\"Fin\u00e1le \u0160koda Bike Open Tour sa odohralo v Stupave. MTB marat\u00f3n 2025 priniesol slne\u010dn\u00e9 po\u010dasie, technick\u00e9 v\u00fdzvy a dramatick\u00e9 s\u00faboje.\",\"breadcrumb\":{\"@id\":\"https:\/\/www.welovecycling.com\/sk\/2025\/09\/22\/stupava-mtb-maraton-2025-finale-skoda-bike-open-tour\/#breadcrumb\"},\"inLanguage\":\"sk-SK\",\"potentialAction\":[{\"@type\":\"ReadAction\",\"target\":[\"https:\/\/www.welovecycling.com\/sk\/2025\/09\/22\/stupava-mtb-maraton-2025-finale-skoda-bike-open-tour\/\"]}]},{\"@type\":\"ImageObject\",\"inLanguage\":\"sk-SK\",\"@id\":\"https:\/\/www.welovecycling.com\/sk\/2025\/09\/22\/stupava-mtb-maraton-2025-finale-skoda-bike-open-tour\/#primaryimage\",\"url\":\"https:\/\/d2p6e6u75xmxt8.cloudfront.net\/4\/2025\/09\/zaver-scaled.webp\",\"contentUrl\":\"https:\/\/d2p6e6u75xmxt8.cloudfront.net\/4\/2025\/09\/zaver-scaled.webp\",\"width\":2560,\"height\":1707},{\"@type\":\"BreadcrumbList\",\"@id\":\"https:\/\/www.welovecycling.com\/sk\/2025\/09\/22\/stupava-mtb-maraton-2025-finale-skoda-bike-open-tour\/#breadcrumb\",\"itemListElement\":[{\"@type\":\"ListItem\",\"position\":1,\"name\":\"Home\",\"item\":\"https:\/\/www.welovecycling.com\/sk\/\"},{\"@type\":\"ListItem\",\"position\":2,\"name\":\"\u0160koda Stupava MTB marat\u00f3n a Fin\u00e1le \u0160koda Bike Open Tour 2025 \u2013 babie leto namiesto blata\"}]},{\"@type\":\"WebSite\",\"@id\":\"https:\/\/www.welovecycling.com\/sk\/#website\",\"url\":\"https:\/\/www.welovecycling.com\/sk\/\",\"name\":\"\u0160koda We Love Cycling Slovensko\",\"description\":\"\u0160koda We Love Cycling Slovensko je v\u00e1\u0161 ka\u017edodenn\u00fd zdroj noviniek a in\u0161pir\u00e1cie z sveta cyklistiky\",\"potentialAction\":[{\"@type\":\"SearchAction\",\"target\":{\"@type\":\"EntryPoint\",\"urlTemplate\":\"https:\/\/www.welovecycling.com\/sk\/?s={search_term_string}\"},\"query-input\":{\"@type\":\"PropertyValueSpecification\",\"valueRequired\":true,\"valueName\":\"search_term_string\"}}],\"inLanguage\":\"sk-SK\"},{\"@type\":\"Person\",\"@id\":\"https:\/\/www.welovecycling.com\/sk\/#\/schema\/person\/45e989de48eace55eb338c027dc5a65e\",\"name\":\"michal\",\"image\":{\"@type\":\"ImageObject\",\"inLanguage\":\"sk-SK\",\"@id\":\"https:\/\/www.welovecycling.com\/sk\/#\/schema\/person\/image\/\",\"url\":\"https:\/\/secure.gravatar.com\/avatar\/7f8deb1af8506a5f53d1b779436f546bce1c8c40c09780107ad3811c7dc4bbcb?s=96&d=mm&r=g\",\"contentUrl\":\"https:\/\/secure.gravatar.com\/avatar\/7f8deb1af8506a5f53d1b779436f546bce1c8c40c09780107ad3811c7dc4bbcb?s=96&d=mm&r=g\",\"caption\":\"michal\"},\"url\":\"https:\/\/www.welovecycling.com\/sk\/author\/michal\/\"}]}<\/script>\n<!-- \/ Yoast SEO Premium plugin. -->","yoast_head_json":{"title":"\u0160koda Stupava MTB marat\u00f3n a Fin\u00e1le \u0160koda Bike Open Tour 2025","description":"Fin\u00e1le \u0160koda Bike Open Tour sa odohralo v Stupave. MTB marat\u00f3n 2025 priniesol slne\u010dn\u00e9 po\u010dasie, technick\u00e9 v\u00fdzvy a dramatick\u00e9 s\u00faboje.","robots":{"index":"index","follow":"follow","max-snippet":"max-snippet:-1","max-image-preview":"max-image-preview:large","max-video-preview":"max-video-preview:-1"},"canonical":"https:\/\/www.welovecycling.com\/sk\/2025\/09\/22\/stupava-mtb-maraton-2025-finale-skoda-bike-open-tour\/","og_locale":"sk_SK","og_type":"article","og_title":"\u0160koda Stupava MTB marat\u00f3n a Fin\u00e1le \u0160koda Bike Open Tour 2025 \u2013 babie leto namiesto blata","og_description":"Fin\u00e1le \u0160koda Bike Open Tour sa odohralo v Stupave. MTB marat\u00f3n 2025 priniesol slne\u010dn\u00e9 po\u010dasie, technick\u00e9 v\u00fdzvy a dramatick\u00e9 s\u00faboje.","og_url":"https:\/\/www.welovecycling.com\/sk\/2025\/09\/22\/stupava-mtb-maraton-2025-finale-skoda-bike-open-tour\/","og_site_name":"\u0160koda We Love Cycling Slovensko","article_published_time":"2025-09-22T07:30:05+00:00","og_image":[{"width":2560,"height":1707,"url":"https:\/\/d2p6e6u75xmxt8.cloudfront.net\/4\/2025\/09\/zaver-scaled.webp","type":"image\/webp"}],"author":"michal","twitter_card":"summary_large_image","twitter_misc":{"Written by":"Bianka Baba\u010dov\u00e1, WLRMcc","Est. reading time":"3"},"schema":{"@context":"https:\/\/schema.org","@graph":[{"@type":"WebPage","@id":"https:\/\/www.welovecycling.com\/sk\/2025\/09\/22\/stupava-mtb-maraton-2025-finale-skoda-bike-open-tour\/","url":"https:\/\/www.welovecycling.com\/sk\/2025\/09\/22\/stupava-mtb-maraton-2025-finale-skoda-bike-open-tour\/","name":"\u0160koda Stupava MTB marat\u00f3n a Fin\u00e1le \u0160koda Bike Open Tour 2025","isPartOf":{"@id":"https:\/\/www.welovecycling.com\/sk\/#website"},"primaryImageOfPage":{"@id":"https:\/\/www.welovecycling.com\/sk\/2025\/09\/22\/stupava-mtb-maraton-2025-finale-skoda-bike-open-tour\/#primaryimage"},"image":{"@id":"https:\/\/www.welovecycling.com\/sk\/2025\/09\/22\/stupava-mtb-maraton-2025-finale-skoda-bike-open-tour\/#primaryimage"},"thumbnailUrl":"https:\/\/d2p6e6u75xmxt8.cloudfront.net\/4\/2025\/09\/zaver-scaled.webp","datePublished":"2025-09-22T07:30:05+00:00","author":{"@id":"https:\/\/www.welovecycling.com\/sk\/#\/schema\/person\/45e989de48eace55eb338c027dc5a65e"},"description":"Fin\u00e1le \u0160koda Bike Open Tour sa odohralo v Stupave. MTB marat\u00f3n 2025 priniesol slne\u010dn\u00e9 po\u010dasie, technick\u00e9 v\u00fdzvy a dramatick\u00e9 s\u00faboje.","breadcrumb":{"@id":"https:\/\/www.welovecycling.com\/sk\/2025\/09\/22\/stupava-mtb-maraton-2025-finale-skoda-bike-open-tour\/#breadcrumb"},"inLanguage":"sk-SK","potentialAction":[{"@type":"ReadAction","target":["https:\/\/www.welovecycling.com\/sk\/2025\/09\/22\/stupava-mtb-maraton-2025-finale-skoda-bike-open-tour\/"]}]},{"@type":"ImageObject","inLanguage":"sk-SK","@id":"https:\/\/www.welovecycling.com\/sk\/2025\/09\/22\/stupava-mtb-maraton-2025-finale-skoda-bike-open-tour\/#primaryimage","url":"https:\/\/d2p6e6u75xmxt8.cloudfront.net\/4\/2025\/09\/zaver-scaled.webp","contentUrl":"https:\/\/d2p6e6u75xmxt8.cloudfront.net\/4\/2025\/09\/zaver-scaled.webp","width":2560,"height":1707},{"@type":"BreadcrumbList","@id":"https:\/\/www.welovecycling.com\/sk\/2025\/09\/22\/stupava-mtb-maraton-2025-finale-skoda-bike-open-tour\/#breadcrumb","itemListElement":[{"@type":"ListItem","position":1,"name":"Home","item":"https:\/\/www.welovecycling.com\/sk\/"},{"@type":"ListItem","position":2,"name":"\u0160koda Stupava MTB marat\u00f3n a Fin\u00e1le \u0160koda Bike Open Tour 2025 \u2013 babie leto namiesto blata"}]},{"@type":"WebSite","@id":"https:\/\/www.welovecycling.com\/sk\/#website","url":"https:\/\/www.welovecycling.com\/sk\/","name":"\u0160koda We Love Cycling Slovensko","description":"\u0160koda We Love Cycling Slovensko je v\u00e1\u0161 ka\u017edodenn\u00fd zdroj noviniek a in\u0161pir\u00e1cie z sveta cyklistiky","potentialAction":[{"@type":"SearchAction","target":{"@type":"EntryPoint","urlTemplate":"https:\/\/www.welovecycling.com\/sk\/?s={search_term_string}"},"query-input":{"@type":"PropertyValueSpecification","valueRequired":true,"valueName":"search_term_string"}}],"inLanguage":"sk-SK"},{"@type":"Person","@id":"https:\/\/www.welovecycling.com\/sk\/#\/schema\/person\/45e989de48eace55eb338c027dc5a65e","name":"michal","image":{"@type":"ImageObject","inLanguage":"sk-SK","@id":"https:\/\/www.welovecycling.com\/sk\/#\/schema\/person\/image\/","url":"https:\/\/secure.gravatar.com\/avatar\/7f8deb1af8506a5f53d1b779436f546bce1c8c40c09780107ad3811c7dc4bbcb?s=96&d=mm&r=g","contentUrl":"https:\/\/secure.gravatar.com\/avatar\/7f8deb1af8506a5f53d1b779436f546bce1c8c40c09780107ad3811c7dc4bbcb?s=96&d=mm&r=g","caption":"michal"},"url":"https:\/\/www.welovecycling.com\/sk\/author\/michal\/"}]}},"_links":{"self":[{"href":"https:\/\/www.welovecycling.com\/sk\/wp-json\/wp\/v2\/posts\/21034","targetHints":{"allow":["GET"]}}],"collection":[{"href":"https:\/\/www.welovecycling.com\/sk\/wp-json\/wp\/v2\/posts"}],"about":[{"href":"https:\/\/www.welovecycling.com\/sk\/wp-json\/wp\/v2\/types\/post"}],"author":[{"embeddable":true,"href":"https:\/\/www.welovecycling.com\/sk\/wp-json\/wp\/v2\/users\/191"}],"replies":[{"embeddable":true,"href":"https:\/\/www.welovecycling.com\/sk\/wp-json\/wp\/v2\/comments?post=21034"}],"version-history":[{"count":10,"href":"https:\/\/www.welovecycling.com\/sk\/wp-json\/wp\/v2\/posts\/21034\/revisions"}],"predecessor-version":[{"id":21049,"href":"https:\/\/www.welovecycling.com\/sk\/wp-json\/wp\/v2\/posts\/21034\/revisions\/21049"}],"wp:featuredmedia":[{"embeddable":true,"href":"https:\/\/www.welovecycling.com\/sk\/wp-json\/wp\/v2\/media\/21035"}],"wp:attachment":[{"href":"https:\/\/www.welovecycling.com\/sk\/wp-json\/wp\/v2\/media?parent=21034"}],"wp:term":[{"taxonomy":"category","embeddable":true,"href":"https:\/\/www.welovecycling.com\/sk\/wp-json\/wp\/v2\/categories?post=21034"},{"taxonomy":"post_tag","embeddable":true,"href":"https:\/\/www.welovecycling.com\/sk\/wp-json\/wp\/v2\/tags?post=21034"},{"taxonomy":"global-categories","embeddable":true,"href":"https:\/\/www.welovecycling.com\/sk\/wp-json\/wp\/v2\/global-categories?post=21034"}],"curies":[{"name":"wp","href":"https:\/\/api.w.org\/{rel}","templated":true}]}}