{"id":21022,"date":"2025-09-18T09:00:49","date_gmt":"2025-09-18T07:00:49","guid":{"rendered":"https:\/\/www.welovecycling.com\/sk\/?p=21022"},"modified":"2025-09-18T08:45:23","modified_gmt":"2025-09-18T06:45:23","slug":"vuelta-2025-vingegaard-vitazstvo","status":"publish","type":"post","link":"https:\/\/www.welovecycling.com\/sk\/2025\/09\/18\/vuelta-2025-vingegaard-vitazstvo\/","title":{"rendered":"Lep\u0161ie neskoro ako nikdy: nieko\u013eko postrehov z Vuelty 2025"},"content":{"rendered":"<p><strong>Trvalo to 20 et\u00e1p, k\u00fdm sa l\u00edder Visma\u2013Lease a Bike a favorit pretekov Jonas Vingegaard \u2013 spolu s konkurenciou v celkovom porad\u00ed \u2013 kone\u010dne rozh\u00fdbali, no ke\u010f D\u00e1n za\u00fato\u010dil na mo\u017eno naj\u0165a\u017e\u0161om 3 km \u00faseku v \u0161purte, definit\u00edvne ukon\u010dil ot\u00e1zku, kto vyhr\u00e1.<\/strong><\/p>\n<p><!--more--><\/p>\n<p><span style=\"font-weight: 400;\">S desiatimi horsk\u00fdmi dojazdmi sa o\u010dak\u00e1valo ve\u013ea vrch\u00e1rskej dr\u00e1my, no choroby a propalest\u00ednske protesty ubrali z iskry podujatia \u2013 posledn\u00e1 etapa bola toti\u017e <strong>zru\u0161en\u00e1<\/strong> po\u010das pretekov, ke\u010f tis\u00edce demon\u0161trantov zablokovali trasu v Madride. Ale dychber\u00faca 20. etapa v sobotu, posledn\u00e1 dokon\u010den\u00e1, n\u00e1m v\u0161etko vynahradila.<\/span><\/p>\n<h2><b>Kone\u010dne skuto\u010dn\u00fd Vingegaard!<\/b><\/h2>\n<p><span style=\"font-weight: 400;\">Na konci 20. etapy, na st\u00fapan\u00ed mimo kateg\u00f3rie (HC) Bola del Mundo (12,4 km pri 8,6 %), bol Vingegaard v malej skupine l\u00eddrov GC, ktor\u00ed bojovali na posledn\u00fdch 3,1 km st\u00fapania (priemer 12,2 %, sklony a\u017e 23 %).\u00a0<\/span><\/p>\n<p><span style=\"font-weight: 400;\">Na 19 % rampe, 1,2 km pred cie\u013eom, vyrazil dopredu a r\u00fdchlo si vytvoril n\u00e1skok pred hlavn\u00fdm rivalom Jo\u00e3oom Almeidom (UAE Team Emirates\u2013XRG). S ka\u017ed\u00fdm jedn\u00fdm \u0161liapnut\u00edm do ped\u00e1lov n\u00e1skok r\u00e1stol, a to aj v z\u00e1vere\u010dn\u00fdch 200 m, ke\u010f sa cesta e\u0161te viac priostrila. <strong>Vingegaard do cie\u013ea pri\u0161iel 11 sek\u00fand pred t\u00edmov\u00fdm kolegom Seppom Kussom. Almeida bol piaty so stratou 22 sek\u00fand.<\/strong><\/span><\/p>\n<p><span style=\"font-weight: 400;\">Vingegaard vyhral Vueltu s n\u00e1skokom 1:16 pred Portugalcom, tret\u00ed skon\u010dil Tom Pidcock (+3:11). Cestu posledn\u00fdmi kilometrami zhor\u0161oval rozbit\u00fd asfalt, \u010do pod\u013ea Kussa \u201emiestami znemo\u017e\u0148ovalo jazdi\u0165 zo sedla\u201c.<\/span><\/p>\n<p><span style=\"font-weight: 400;\"><strong>Po kritike za pas\u00edvny \u0161t\u00fdl v predch\u00e1dzaj\u00facich etap\u00e1ch Vingegaard kone\u010dne uk\u00e1zal, pre\u010do je pova\u017eovan\u00fd za druh\u00e9ho najlep\u0161ieho cyklistu sveta.<\/strong> D\u00f4vod jeho skromnej formy v prvej \u010dasti pretekov bola choroba.\u00a0<\/span><\/p>\n<p><span style=\"font-weight: 400;\">Kuss to vysvetlil takto: <em>\u201eJonas bol chor\u00fd, ve\u013ea ka\u0161\u013eal a \u0165a\u017eko sa mu d\u00fdchalo. Na Grand Tour mus\u00ed\u0161 by\u0165 na 100 %, a on trpel ka\u017ed\u00fd de\u0148. Ale v tre\u0165om t\u00fd\u017edni sa to oto\u010dilo a dnes sme videli v\u00fdsledok.\u201c<\/em><\/span><\/p>\n<p><span style=\"font-weight: 400;\">Bola to jeho tretia etapov\u00e1 v\u00fdhra Vingegaarda na Vuelte a jeho tretie celkov\u00e9 v\u00ed\u0165azstvo na Grand Tour (Tour de France 2022, 2023).<\/span><\/p>\n<h2><b>Pristavme sa pri Almeidovi<\/b><\/h2>\n<p><span style=\"font-weight: 400;\">Jo\u00e3o Almeida patr\u00ed medzi najbojovnej\u0161\u00edch a najloj\u00e1lnej\u0161\u00edch jazdcov pelot\u00f3nu. Aj on v\u0161ak na Vuelte bojoval s chorobou a v 20. etape bolo vidie\u0165, \u017ee je \u00faplne vy\u010derpan\u00fd. Navy\u0161e bol \u010dasto bez podpory t\u00edmu na horsk\u00fdch dojazdoch. Napriek tomu sa nikdy nes\u0165a\u017eoval a reagoval:<em> \u201eJe to tak, ako to je.\u201c<\/em><\/span><\/p>\n<p><span style=\"font-weight: 400;\"><strong>Aj v 18. etape, kde Vingegaard z\u00edskal bonusov\u00e9 sekundy, jeho t\u00edm takticky zlyhal.<\/strong> V poslednej horskej etape mu s\u00edce domestici pomohli viac, no v z\u00e1vere u\u017e nemal sily.<\/span><\/p>\n<p><span style=\"font-weight: 400;\">Napriek sklamaniu zostal d\u00f4stojn\u00fd a pochv\u00e1lil v\u00ed\u0165aza: <em>\u201eJonas bol super siln\u00fd. Neby\u0165 choroby, ur\u010dite by som bol bli\u017e\u0161ie, ale tak\u00fd je \u0161port.\u201c<\/em><\/span><\/p>\n<blockquote class=\"instagram-media\" style=\"background: #FFF; border: 0; border-radius: 3px; box-shadow: 0 0 1px 0 rgba(0,0,0,0.5),0 1px 10px 0 rgba(0,0,0,0.15); margin: 1px; max-width: 540px; min-width: 326px; padding: 0; width: calc(100% - 2px);\" data-instgrm-captioned=\"\" data-instgrm-permalink=\"https:\/\/www.instagram.com\/p\/DOlpYmhCPhm\/?utm_source=ig_embed&amp;utm_campaign=loading\" data-instgrm-version=\"14\">\n<div style=\"padding: 16px;\">\n<p>&nbsp;<\/p>\n<div style=\"display: flex; flex-direction: row; align-items: center;\">\n<div style=\"background-color: #f4f4f4; border-radius: 50%; flex-grow: 0; height: 40px; margin-right: 14px; width: 40px;\"><\/div>\n<div style=\"display: flex; flex-direction: column; flex-grow: 1; justify-content: center;\">\n<div style=\"background-color: #f4f4f4; border-radius: 4px; flex-grow: 0; height: 14px; margin-bottom: 6px; width: 100px;\"><\/div>\n<div style=\"background-color: #f4f4f4; border-radius: 4px; flex-grow: 0; height: 14px; width: 60px;\"><\/div>\n<\/div>\n<\/div>\n<div style=\"padding: 19% 0;\"><\/div>\n<div style=\"display: block; height: 50px; margin: 0 auto 12px; width: 50px;\"><\/div>\n<div style=\"padding-top: 8px;\">\n<div style=\"color: #3897f0; font-family: Arial,sans-serif; font-size: 14px; font-style: normal; font-weight: 550; line-height: 18px;\">View thispost on Instagram<\/div>\n<\/div>\n<div style=\"padding: 12.5% 0;\"><\/div>\n<div style=\"display: flex; flex-direction: row; margin-bottom: 14px; align-items: center;\">\n<div>\n<div style=\"background-color: #f4f4f4; border-radius: 50%; height: 12.5px; width: 12.5px; transform: translateX(0px) translateY(7px);\"><\/div>\n<div style=\"background-color: #f4f4f4; height: 12.5px; transform: rotate(-45deg) translateX(3px) translateY(1px); width: 12.5px; flex-grow: 0; margin-right: 14px; margin-left: 2px;\"><\/div>\n<div style=\"background-color: #f4f4f4; border-radius: 50%; height: 12.5px; width: 12.5px; transform: translateX(9px) translateY(-18px);\"><\/div>\n<\/div>\n<div style=\"margin-left: 8px;\">\n<div style=\"background-color: #f4f4f4; border-radius: 50%; flex-grow: 0; height: 20px; width: 20px;\"><\/div>\n<div style=\"width: 0; height: 0; border-top: 2px solid transparent; border-left: 6px solid #f4f4f4; border-bottom: 2px solid transparent; transform: translateX(16px) translateY(-4px) rotate(30deg);\"><\/div>\n<\/div>\n<div style=\"margin-left: auto;\">\n<div style=\"width: 0px; border-top: 8px solid #F4F4F4; border-right: 8px solid transparent; transform: translateY(16px);\"><\/div>\n<div style=\"background-color: #f4f4f4; flex-grow: 0; height: 12px; width: 16px; transform: translateY(-4px);\"><\/div>\n<div style=\"width: 0; height: 0; border-top: 8px solid #F4F4F4; border-left: 8px solid transparent; transform: translateY(-4px) translateX(8px);\"><\/div>\n<\/div>\n<\/div>\n<div style=\"display: flex; flex-direction: column; flex-grow: 1; justify-content: center; margin-bottom: 24px;\">\n<div style=\"background-color: #f4f4f4; border-radius: 4px; flex-grow: 0; height: 14px; margin-bottom: 6px; width: 224px;\"><\/div>\n<div style=\"background-color: #f4f4f4; border-radius: 4px; flex-grow: 0; height: 14px; width: 144px;\"><\/div>\n<\/div>\n<p>&nbsp;<\/p>\n<p style=\"color: #c9c8cd; font-family: Arial,sans-serif; font-size: 14px; line-height: 17px; margin-bottom: 0; margin-top: 8px; overflow: hidden; padding: 8px 0 7px; text-align: center; text-overflow: ellipsis; white-space: nowrap;\"><a style=\"color: #c9c8cd; font-family: Arial,sans-serif; font-size: 14px; font-style: normal; font-weight: normal; line-height: 17px; text-decoration: none;\" href=\"https:\/\/www.instagram.com\/p\/DOlpYmhCPhm\/?utm_source=ig_embed&amp;utm_campaign=loading\" target=\"_blank\" rel=\"noopener\">A post shared by La Vuelta (@lavuelta)<\/a><\/p>\n<\/div>\n<\/blockquote>\n<h2><script async src=\"\/\/www.instagram.com\/embed.js\"><\/script><\/h2>\n<h2><b>Nezabudnime na Toma Pidcocka<\/b><\/h2>\n<p><span style=\"font-weight: 400;\">Bravo! Britsk\u00fd jazdec t\u00edmu Q36.5 dok\u00e1zal pochybova\u010dom, \u017ee je schopn\u00fd dr\u017ea\u0165 krok s najlep\u0161\u00edmi vrch\u00e1rmi. V\u010faka tomu z\u00edskal svoje prv\u00e9 p\u00f3dium na Grand Tour. Stal sa pritom jedin\u00fdm mu\u017esk\u00fdm jazdcom v hist\u00f3rii, ktor\u00fd <strong>m\u00e1 titul majstra sveta v cyklokrose, titul majstra sveta aj dve olympijsk\u00e9 zlat\u00e1 v MTB a z\u00e1rove\u0148 p\u00f3diov\u00e9 umiestnenie na Grand Tour.<\/strong><\/span><\/p>\n<h2><b>Gratulujeme, prehrali ste!<\/b><\/h2>\n<p><span style=\"font-weight: 400;\">UAE Team Emirates\u2013XRG s\u00edce vyhrali sedem et\u00e1p a prekonali t\u00edmov\u00fd rekord v po\u010dte v\u00ed\u0165azstiev za sez\u00f3nu (85), no celkov\u00fa bitku prehrali. Visma\u2013Lease a Bike m\u00e1 dve Grand Tour v\u00ed\u0165azstv\u00e1 oproti jedn\u00e9mu UAE a troch jazdcov v top 10 oproti jedn\u00e9mu UAE. Zlyhali v taktick\u00fdch rozhodnutiach s Ayusom, del Torom aj Almeidom.<\/span><\/p>\n<h2><b>\u0160peci\u00e1lne uznania<\/b><\/h2>\n<ul>\n<li style=\"font-weight: 400;\" aria-level=\"1\"><b>Matthew Riccitello (Israel\u2013Premier Tech)<\/b><span style=\"font-weight: 400;\"> \u2013 23-ro\u010dn\u00fd Ameri\u010dan odolal protestom proti svojmu t\u00edmu a skon\u010dil 5. celkovo, pri\u010dom z\u00edskal biely dres pre najlep\u0161ieho mlad\u00e9ho jazdca.<\/span><\/li>\n<li style=\"font-weight: 400;\" aria-level=\"1\"><b>Egan Bernal<\/b><span style=\"font-weight: 400;\"> \u2013 v\u00ed\u0165az etapy 16, prv\u00e9 WorldTour v\u00ed\u0165azstvo od \u0165a\u017ekej nehody v roku 2022.<\/span><\/li>\n<li style=\"font-weight: 400;\" aria-level=\"1\"><b>Mads Pedersen<\/b><span style=\"font-weight: 400;\"> \u2013 v\u00ed\u0165az bodovacej s\u00fa\u0165a\u017ee a jeden z motorov pretekov, ktor\u00fd dok\u00e1zal bodova\u0165 aj v hor\u00e1ch.<\/span><\/li>\n<\/ul>\n<h2><b>Posledn\u00e1 etapa zru\u0161en\u00e1 pre protesty<\/b><\/h2>\n<p><span style=\"font-weight: 400;\">Nede\u013en\u00e1 z\u00e1vere\u010dn\u00e1 etapa bola anulovan\u00e1, ke\u010f tis\u00edce propalest\u00ednskych demon\u0161trantov preru\u0161ili trasu v Madride. Na mieste s\u00fa tak re\u00e1lne obavy, \u017ee podobn\u00e9 akcie m\u00f4\u017eu ohrozi\u0165 aj \u010fal\u0161ie Grand Tour, ke\u010f\u017ee cesty s\u00fa vo\u013ene pr\u00edstupn\u00e9 verejnosti a \u00fapln\u00e1 ochrana je prakticky nemo\u017en\u00e1.<\/span><\/p>\n<h2><b>Kone\u010dn\u00e9 poradie Vuelty 2025<\/b><\/h2>\n<ol>\n<li style=\"font-weight: 400;\" aria-level=\"1\"><span style=\"font-weight: 400;\">Jonas Vingegaard (Visma\u2013Lease a Bike) \u2013 72:53:57<\/span><\/li>\n<li style=\"font-weight: 400;\" aria-level=\"1\"><span style=\"font-weight: 400;\">Jo\u00e3o Almeida (UAE Team Emirates\u2013XRG) +1:16<\/span><\/li>\n<li style=\"font-weight: 400;\" aria-level=\"1\"><span style=\"font-weight: 400;\">Tom Pidcock (Q36.5) +3:11<\/span><\/li>\n<li style=\"font-weight: 400;\" aria-level=\"1\"><span style=\"font-weight: 400;\">Jai Hindley (Red Bull\u2013BORA\u2013hansgrohe) +3:41<\/span><\/li>\n<li style=\"font-weight: 400;\" aria-level=\"1\"><span style=\"font-weight: 400;\">Matthew Riccitello (Israel\u2013Premier Tech) +5:51<\/span><\/li>\n<li style=\"font-weight: 400;\" aria-level=\"1\"><span style=\"font-weight: 400;\">Giulio Pellizzari (Red Bull\u2013BORA\u2013hansgrohe) +7:23<\/span><\/li>\n<li style=\"font-weight: 400;\" aria-level=\"1\"><span style=\"font-weight: 400;\">Sepp Kuss (Visma\u2013Lease a Bike) +7:45<\/span><\/li>\n<li style=\"font-weight: 400;\" aria-level=\"1\"><span style=\"font-weight: 400;\">Felix Gall (Decathlon AG2R La Mondiale) +7:50<\/span><\/li>\n<li style=\"font-weight: 400;\" aria-level=\"1\"><span style=\"font-weight: 400;\">Torstein Tr\u00e6en (Bahrain-Victorious) +9:48<\/span><\/li>\n<li style=\"font-weight: 400;\" aria-level=\"1\">Matteo Jorgenson (Visma\u2013Lease a Bike) +12:16<\/li>\n<\/ol>\n<h2><\/h2>\n","protected":false},"excerpt":{"rendered":"<p>Trvalo to 20 et\u00e1p, k\u00fdm sa l\u00edder Visma\u2013Lease a Bike a favorit pretekov Jonas Vingegaard \u2013 spolu s konkurenciou v [&hellip;]<\/p>\n","protected":false},"author":191,"featured_media":21021,"comment_status":"closed","ping_status":"closed","sticky":false,"template":"","format":"standard","meta":{"footnotes":""},"categories":[4],"tags":[1655,559,619,115,487,546,331,268,1524,37,179,885,39,1643,1536,1099],"global-categories":[],"class_list":["post-21022","post","type-post","status-publish","format-standard","has-post-thumbnail","hentry","category-cestna-cyklisitika","tag-2025-la-vuelta","tag-bicykel","tag-bicyklovanie","tag-cestna-cyklistika","tag-cestny-bicykel","tag-cyklistika","tag-etapove-preteky","tag-grand-tour","tag-jonas-vingegaard","tag-podujatia","tag-preteky","tag-profesional","tag-reportaz","tag-sezona-2025","tag-vuelta","tag-vysledok"],"yoast_head":"<!-- This site is optimized with the Yoast SEO Premium plugin v25.3 (Yoast SEO v25.9) - https:\/\/yoast.com\/wordpress\/plugins\/seo\/ -->\n<title>Lep\u0161ie neskoro ako nikdy: nieko\u013eko postrehov z Vuelty 2025 - \u0160koda We Love Cycling Slovensko<\/title>\n<meta name=\"description\" content=\"Vingegaard ovl\u00e1dol Vueltu 2025 po dramatickom \u00fatoku na Bola del Mundo. Almeida bojoval s chorobou, Pidcock z\u00edskal prv\u00e9 Grand Tour p\u00f3dium.\" \/>\n<meta name=\"robots\" content=\"index, follow, max-snippet:-1, max-image-preview:large, max-video-preview:-1\" \/>\n<link rel=\"canonical\" href=\"https:\/\/www.welovecycling.com\/sk\/2025\/09\/18\/vuelta-2025-vingegaard-vitazstvo\/\" \/>\n<meta property=\"og:locale\" content=\"sk_SK\" \/>\n<meta property=\"og:type\" content=\"article\" \/>\n<meta property=\"og:title\" content=\"Lep\u0161ie neskoro ako nikdy: nieko\u013eko postrehov z Vuelty 2025\" \/>\n<meta property=\"og:description\" content=\"Vingegaard ovl\u00e1dol Vueltu 2025 po dramatickom \u00fatoku na Bola del Mundo. Almeida bojoval s chorobou, Pidcock z\u00edskal prv\u00e9 Grand Tour p\u00f3dium.\" \/>\n<meta property=\"og:url\" content=\"https:\/\/www.welovecycling.com\/sk\/2025\/09\/18\/vuelta-2025-vingegaard-vitazstvo\/\" \/>\n<meta property=\"og:site_name\" content=\"\u0160koda We Love Cycling Slovensko\" \/>\n<meta property=\"article:published_time\" content=\"2025-09-18T07:00:49+00:00\" \/>\n<meta property=\"og:image\" content=\"https:\/\/d2p6e6u75xmxt8.cloudfront.net\/4\/2025\/09\/La-Vuelta-Jonas-Vingegaard-profimedia-1037265060-CVR.webp\" \/>\n\t<meta property=\"og:image:width\" content=\"990\" \/>\n\t<meta property=\"og:image:height\" content=\"660\" \/>\n\t<meta property=\"og:image:type\" content=\"image\/webp\" \/>\n<meta name=\"author\" content=\"michal\" \/>\n<meta name=\"twitter:card\" content=\"summary_large_image\" \/>\n<meta name=\"twitter:label1\" content=\"Written by\" \/>\n\t<meta name=\"twitter:data1\" content=\"Siegfried Mortkowitz\" \/>\n\t<meta name=\"twitter:label2\" content=\"Est. reading time\" \/>\n\t<meta name=\"twitter:data2\" content=\"3\" \/>\n<script type=\"application\/ld+json\" class=\"yoast-schema-graph\">{\"@context\":\"https:\/\/schema.org\",\"@graph\":[{\"@type\":\"WebPage\",\"@id\":\"https:\/\/www.welovecycling.com\/sk\/2025\/09\/18\/vuelta-2025-vingegaard-vitazstvo\/\",\"url\":\"https:\/\/www.welovecycling.com\/sk\/2025\/09\/18\/vuelta-2025-vingegaard-vitazstvo\/\",\"name\":\"Lep\u0161ie neskoro ako nikdy: nieko\u013eko postrehov z Vuelty 2025 - \u0160koda We Love Cycling Slovensko\",\"isPartOf\":{\"@id\":\"https:\/\/www.welovecycling.com\/sk\/#website\"},\"primaryImageOfPage\":{\"@id\":\"https:\/\/www.welovecycling.com\/sk\/2025\/09\/18\/vuelta-2025-vingegaard-vitazstvo\/#primaryimage\"},\"image\":{\"@id\":\"https:\/\/www.welovecycling.com\/sk\/2025\/09\/18\/vuelta-2025-vingegaard-vitazstvo\/#primaryimage\"},\"thumbnailUrl\":\"https:\/\/d2p6e6u75xmxt8.cloudfront.net\/4\/2025\/09\/La-Vuelta-Jonas-Vingegaard-profimedia-1037265060-CVR.webp\",\"datePublished\":\"2025-09-18T07:00:49+00:00\",\"author\":{\"@id\":\"https:\/\/www.welovecycling.com\/sk\/#\/schema\/person\/45e989de48eace55eb338c027dc5a65e\"},\"description\":\"Vingegaard ovl\u00e1dol Vueltu 2025 po dramatickom \u00fatoku na Bola del Mundo. Almeida bojoval s chorobou, Pidcock z\u00edskal prv\u00e9 Grand Tour p\u00f3dium.\",\"breadcrumb\":{\"@id\":\"https:\/\/www.welovecycling.com\/sk\/2025\/09\/18\/vuelta-2025-vingegaard-vitazstvo\/#breadcrumb\"},\"inLanguage\":\"sk-SK\",\"potentialAction\":[{\"@type\":\"ReadAction\",\"target\":[\"https:\/\/www.welovecycling.com\/sk\/2025\/09\/18\/vuelta-2025-vingegaard-vitazstvo\/\"]}]},{\"@type\":\"ImageObject\",\"inLanguage\":\"sk-SK\",\"@id\":\"https:\/\/www.welovecycling.com\/sk\/2025\/09\/18\/vuelta-2025-vingegaard-vitazstvo\/#primaryimage\",\"url\":\"https:\/\/d2p6e6u75xmxt8.cloudfront.net\/4\/2025\/09\/La-Vuelta-Jonas-Vingegaard-profimedia-1037265060-CVR.webp\",\"contentUrl\":\"https:\/\/d2p6e6u75xmxt8.cloudfront.net\/4\/2025\/09\/La-Vuelta-Jonas-Vingegaard-profimedia-1037265060-CVR.webp\",\"width\":990,\"height\":660,\"caption\":\"Jonas Vingegaard\"},{\"@type\":\"BreadcrumbList\",\"@id\":\"https:\/\/www.welovecycling.com\/sk\/2025\/09\/18\/vuelta-2025-vingegaard-vitazstvo\/#breadcrumb\",\"itemListElement\":[{\"@type\":\"ListItem\",\"position\":1,\"name\":\"Home\",\"item\":\"https:\/\/www.welovecycling.com\/sk\/\"},{\"@type\":\"ListItem\",\"position\":2,\"name\":\"Lep\u0161ie neskoro ako nikdy: nieko\u013eko postrehov z Vuelty 2025\"}]},{\"@type\":\"WebSite\",\"@id\":\"https:\/\/www.welovecycling.com\/sk\/#website\",\"url\":\"https:\/\/www.welovecycling.com\/sk\/\",\"name\":\"\u0160koda We Love Cycling Slovensko\",\"description\":\"\u0160koda We Love Cycling Slovensko je v\u00e1\u0161 ka\u017edodenn\u00fd zdroj noviniek a in\u0161pir\u00e1cie z sveta cyklistiky\",\"potentialAction\":[{\"@type\":\"SearchAction\",\"target\":{\"@type\":\"EntryPoint\",\"urlTemplate\":\"https:\/\/www.welovecycling.com\/sk\/?s={search_term_string}\"},\"query-input\":{\"@type\":\"PropertyValueSpecification\",\"valueRequired\":true,\"valueName\":\"search_term_string\"}}],\"inLanguage\":\"sk-SK\"},{\"@type\":\"Person\",\"@id\":\"https:\/\/www.welovecycling.com\/sk\/#\/schema\/person\/45e989de48eace55eb338c027dc5a65e\",\"name\":\"michal\",\"image\":{\"@type\":\"ImageObject\",\"inLanguage\":\"sk-SK\",\"@id\":\"https:\/\/www.welovecycling.com\/sk\/#\/schema\/person\/image\/\",\"url\":\"https:\/\/secure.gravatar.com\/avatar\/7f8deb1af8506a5f53d1b779436f546bce1c8c40c09780107ad3811c7dc4bbcb?s=96&d=mm&r=g\",\"contentUrl\":\"https:\/\/secure.gravatar.com\/avatar\/7f8deb1af8506a5f53d1b779436f546bce1c8c40c09780107ad3811c7dc4bbcb?s=96&d=mm&r=g\",\"caption\":\"michal\"},\"url\":\"https:\/\/www.welovecycling.com\/sk\/author\/michal\/\"}]}<\/script>\n<!-- \/ Yoast SEO Premium plugin. -->","yoast_head_json":{"title":"Lep\u0161ie neskoro ako nikdy: nieko\u013eko postrehov z Vuelty 2025 - \u0160koda We Love Cycling Slovensko","description":"Vingegaard ovl\u00e1dol Vueltu 2025 po dramatickom \u00fatoku na Bola del Mundo. Almeida bojoval s chorobou, Pidcock z\u00edskal prv\u00e9 Grand Tour p\u00f3dium.","robots":{"index":"index","follow":"follow","max-snippet":"max-snippet:-1","max-image-preview":"max-image-preview:large","max-video-preview":"max-video-preview:-1"},"canonical":"https:\/\/www.welovecycling.com\/sk\/2025\/09\/18\/vuelta-2025-vingegaard-vitazstvo\/","og_locale":"sk_SK","og_type":"article","og_title":"Lep\u0161ie neskoro ako nikdy: nieko\u013eko postrehov z Vuelty 2025","og_description":"Vingegaard ovl\u00e1dol Vueltu 2025 po dramatickom \u00fatoku na Bola del Mundo. Almeida bojoval s chorobou, Pidcock z\u00edskal prv\u00e9 Grand Tour p\u00f3dium.","og_url":"https:\/\/www.welovecycling.com\/sk\/2025\/09\/18\/vuelta-2025-vingegaard-vitazstvo\/","og_site_name":"\u0160koda We Love Cycling Slovensko","article_published_time":"2025-09-18T07:00:49+00:00","og_image":[{"width":990,"height":660,"url":"https:\/\/d2p6e6u75xmxt8.cloudfront.net\/4\/2025\/09\/La-Vuelta-Jonas-Vingegaard-profimedia-1037265060-CVR.webp","type":"image\/webp"}],"author":"michal","twitter_card":"summary_large_image","twitter_misc":{"Written by":"Siegfried Mortkowitz","Est. reading time":"3"},"schema":{"@context":"https:\/\/schema.org","@graph":[{"@type":"WebPage","@id":"https:\/\/www.welovecycling.com\/sk\/2025\/09\/18\/vuelta-2025-vingegaard-vitazstvo\/","url":"https:\/\/www.welovecycling.com\/sk\/2025\/09\/18\/vuelta-2025-vingegaard-vitazstvo\/","name":"Lep\u0161ie neskoro ako nikdy: nieko\u013eko postrehov z Vuelty 2025 - \u0160koda We Love Cycling Slovensko","isPartOf":{"@id":"https:\/\/www.welovecycling.com\/sk\/#website"},"primaryImageOfPage":{"@id":"https:\/\/www.welovecycling.com\/sk\/2025\/09\/18\/vuelta-2025-vingegaard-vitazstvo\/#primaryimage"},"image":{"@id":"https:\/\/www.welovecycling.com\/sk\/2025\/09\/18\/vuelta-2025-vingegaard-vitazstvo\/#primaryimage"},"thumbnailUrl":"https:\/\/d2p6e6u75xmxt8.cloudfront.net\/4\/2025\/09\/La-Vuelta-Jonas-Vingegaard-profimedia-1037265060-CVR.webp","datePublished":"2025-09-18T07:00:49+00:00","author":{"@id":"https:\/\/www.welovecycling.com\/sk\/#\/schema\/person\/45e989de48eace55eb338c027dc5a65e"},"description":"Vingegaard ovl\u00e1dol Vueltu 2025 po dramatickom \u00fatoku na Bola del Mundo. Almeida bojoval s chorobou, Pidcock z\u00edskal prv\u00e9 Grand Tour p\u00f3dium.","breadcrumb":{"@id":"https:\/\/www.welovecycling.com\/sk\/2025\/09\/18\/vuelta-2025-vingegaard-vitazstvo\/#breadcrumb"},"inLanguage":"sk-SK","potentialAction":[{"@type":"ReadAction","target":["https:\/\/www.welovecycling.com\/sk\/2025\/09\/18\/vuelta-2025-vingegaard-vitazstvo\/"]}]},{"@type":"ImageObject","inLanguage":"sk-SK","@id":"https:\/\/www.welovecycling.com\/sk\/2025\/09\/18\/vuelta-2025-vingegaard-vitazstvo\/#primaryimage","url":"https:\/\/d2p6e6u75xmxt8.cloudfront.net\/4\/2025\/09\/La-Vuelta-Jonas-Vingegaard-profimedia-1037265060-CVR.webp","contentUrl":"https:\/\/d2p6e6u75xmxt8.cloudfront.net\/4\/2025\/09\/La-Vuelta-Jonas-Vingegaard-profimedia-1037265060-CVR.webp","width":990,"height":660,"caption":"Jonas Vingegaard"},{"@type":"BreadcrumbList","@id":"https:\/\/www.welovecycling.com\/sk\/2025\/09\/18\/vuelta-2025-vingegaard-vitazstvo\/#breadcrumb","itemListElement":[{"@type":"ListItem","position":1,"name":"Home","item":"https:\/\/www.welovecycling.com\/sk\/"},{"@type":"ListItem","position":2,"name":"Lep\u0161ie neskoro ako nikdy: nieko\u013eko postrehov z Vuelty 2025"}]},{"@type":"WebSite","@id":"https:\/\/www.welovecycling.com\/sk\/#website","url":"https:\/\/www.welovecycling.com\/sk\/","name":"\u0160koda We Love Cycling Slovensko","description":"\u0160koda We Love Cycling Slovensko je v\u00e1\u0161 ka\u017edodenn\u00fd zdroj noviniek a in\u0161pir\u00e1cie z sveta cyklistiky","potentialAction":[{"@type":"SearchAction","target":{"@type":"EntryPoint","urlTemplate":"https:\/\/www.welovecycling.com\/sk\/?s={search_term_string}"},"query-input":{"@type":"PropertyValueSpecification","valueRequired":true,"valueName":"search_term_string"}}],"inLanguage":"sk-SK"},{"@type":"Person","@id":"https:\/\/www.welovecycling.com\/sk\/#\/schema\/person\/45e989de48eace55eb338c027dc5a65e","name":"michal","image":{"@type":"ImageObject","inLanguage":"sk-SK","@id":"https:\/\/www.welovecycling.com\/sk\/#\/schema\/person\/image\/","url":"https:\/\/secure.gravatar.com\/avatar\/7f8deb1af8506a5f53d1b779436f546bce1c8c40c09780107ad3811c7dc4bbcb?s=96&d=mm&r=g","contentUrl":"https:\/\/secure.gravatar.com\/avatar\/7f8deb1af8506a5f53d1b779436f546bce1c8c40c09780107ad3811c7dc4bbcb?s=96&d=mm&r=g","caption":"michal"},"url":"https:\/\/www.welovecycling.com\/sk\/author\/michal\/"}]}},"_links":{"self":[{"href":"https:\/\/www.welovecycling.com\/sk\/wp-json\/wp\/v2\/posts\/21022","targetHints":{"allow":["GET"]}}],"collection":[{"href":"https:\/\/www.welovecycling.com\/sk\/wp-json\/wp\/v2\/posts"}],"about":[{"href":"https:\/\/www.welovecycling.com\/sk\/wp-json\/wp\/v2\/types\/post"}],"author":[{"embeddable":true,"href":"https:\/\/www.welovecycling.com\/sk\/wp-json\/wp\/v2\/users\/191"}],"replies":[{"embeddable":true,"href":"https:\/\/www.welovecycling.com\/sk\/wp-json\/wp\/v2\/comments?post=21022"}],"version-history":[{"count":6,"href":"https:\/\/www.welovecycling.com\/sk\/wp-json\/wp\/v2\/posts\/21022\/revisions"}],"predecessor-version":[{"id":21028,"href":"https:\/\/www.welovecycling.com\/sk\/wp-json\/wp\/v2\/posts\/21022\/revisions\/21028"}],"wp:featuredmedia":[{"embeddable":true,"href":"https:\/\/www.welovecycling.com\/sk\/wp-json\/wp\/v2\/media\/21021"}],"wp:attachment":[{"href":"https:\/\/www.welovecycling.com\/sk\/wp-json\/wp\/v2\/media?parent=21022"}],"wp:term":[{"taxonomy":"category","embeddable":true,"href":"https:\/\/www.welovecycling.com\/sk\/wp-json\/wp\/v2\/categories?post=21022"},{"taxonomy":"post_tag","embeddable":true,"href":"https:\/\/www.welovecycling.com\/sk\/wp-json\/wp\/v2\/tags?post=21022"},{"taxonomy":"global-categories","embeddable":true,"href":"https:\/\/www.welovecycling.com\/sk\/wp-json\/wp\/v2\/global-categories?post=21022"}],"curies":[{"name":"wp","href":"https:\/\/api.w.org\/{rel}","templated":true}]}}