{"id":20965,"date":"2025-09-02T12:00:46","date_gmt":"2025-09-02T10:00:46","guid":{"rendered":"https:\/\/www.welovecycling.com\/sk\/?p=20965"},"modified":"2025-09-02T10:25:58","modified_gmt":"2025-09-02T08:25:58","slug":"najlepsi-cas-zacat-s-trailovou-cyklistikou","status":"publish","type":"post","link":"https:\/\/www.welovecycling.com\/sk\/2025\/09\/02\/najlepsi-cas-zacat-s-trailovou-cyklistikou\/","title":{"rendered":"Trailov\u00e1 cyklistika: pre\u010do je pr\u00e1ve teraz najlep\u0161\u00ed \u010das za\u010da\u0165 s jazden\u00edm na trailoch"},"content":{"rendered":"<p><strong>Po 20 rokoch cestnej cyklistiky som si k\u00fapil svoj prv\u00fd trailov\u00fd bicykel \u2013 a \u00faprimne, som nad\u0161en\u00fd. Pam\u00e4t\u00e1m si horsk\u00fa cyklistiku e\u0161te z detstva. Bola to ve\u013ek\u00e1 z\u00e1bava, no nemal som ani tu\u0161enie, ak\u00fd obrovsk\u00fd pokrok za posledn\u00e9 dve dek\u00e1dy horsk\u00e9 bicykle urobili. Dovo\u013ete mi podeli\u0165 sa o sk\u00fasenosti a vysvetli\u0165, pre\u010do si mysl\u00edm, \u017ee pr\u00e1ve teraz je ide\u00e1lny \u010das za\u010da\u0165 jazdi\u0165 po trailoch.<\/strong><\/p>\n<p><!--more--><\/p>\n<h2><b>Trailov\u00e9 bicykle s\u00fa dostupnej\u0161ie a v\u00fdkonnej\u0161ie ne\u017e kedyko\u013evek predt\u00fdm<\/b><\/h2>\n<p><span style=\"font-weight: 400;\">Ako die\u0165a som jazdil na horskom bicykli bez odpru\u017eenia. Dnes je to \u0165a\u017eko predstavite\u013en\u00e9 \u2013 ve\u010f aj ten najlacnej\u0161\u00ed model z hypermarketu m\u00e1 predn\u00fa vidlicu. Vtedy to bola par\u00e1da, no ako dospel\u00fd, zvyknut\u00fd na komfort cestn\u00e9ho bicykla, som nesmierne r\u00e1d, <strong>\u017ee technol\u00f3gie horsk\u00fdch bicyklov pre\u0161li tak\u00fdm skokom vpred<\/strong>.<\/span><\/p>\n<p><span style=\"font-weight: 400;\">A odpru\u017eenie je len za\u010diatok. Tu je nieko\u013eko vychyt\u00e1vok, ktor\u00e9 dnes robia jazdenie po trailoch neuverite\u013ene pr\u00edjemn\u00fdm:<\/span><\/p>\n<ul>\n<li style=\"font-weight: 400;\" aria-level=\"1\"><b>Teleskopick\u00e1 sedlovka<\/b><span style=\"font-weight: 400;\"> \u2013 jednoduch\u00fdm stla\u010den\u00edm tla\u010didla sa bicykel zmen\u00ed na stroj pripraven\u00fd na zjazdy.<\/span><\/li>\n<li style=\"font-weight: 400;\" aria-level=\"1\"><b>Modern\u00e1 geometria<\/b><span style=\"font-weight: 400;\"> \u2013 dlh\u0161\u00ed r\u00e1m a stabilnej\u0161ie ovl\u00e1danie prin\u00e1\u0161aj\u00fa v\u00e4\u010d\u0161\u00ed pocit bezpe\u010dia a sebavedomia.<\/span><\/li>\n<li style=\"font-weight: 400;\" aria-level=\"1\"><b>Jednoprevodn\u00edkov\u00fd pohon<\/b><span style=\"font-weight: 400;\"> \u2013 namiesto star\u00fdch trojprevodn\u00edkov je dnes \u0161tandardom 1&#215;12, \u010do je jednoduch\u0161ie a rovnako v\u0161estrann\u00e9.<\/span><\/li>\n<li style=\"font-weight: 400;\" aria-level=\"1\"><b>Bezdu\u0161ov\u00e9 pneumatiky<\/b><span style=\"font-weight: 400;\"> \u2013 umo\u017e\u0148uj\u00fa ni\u017e\u0161\u00ed tlak, lep\u0161\u00ed grip a menej defektov.<\/span><\/li>\n<li style=\"font-weight: 400;\" aria-level=\"1\"><b>N\u00edzka hmotnos\u0165<\/b> \u2013 aj cenovo dostupn\u00e9 bicykle maj\u00fa pod 15 kg, \u0161pi\u010dkov\u00e9 sa bl\u00ed\u017eia k 12 kg.<\/li>\n<\/ul>\n<figure id=\"attachment_18444\" aria-describedby=\"caption-attachment-18444\" style=\"width: 1000px\" class=\"wp-caption alignnone\"><a href=\"https:\/\/d2p6e6u75xmxt8.cloudfront.net\/4\/2023\/11\/MTB-trail-profimedia-0393504536.webp\"><img loading=\"lazy\" decoding=\"async\" class=\"wp-image-18444 size-full\" src=\"https:\/\/d2p6e6u75xmxt8.cloudfront.net\/4\/2023\/11\/MTB-trail-profimedia-0393504536.webp\" alt=\"Trail riding\" width=\"1000\" height=\"667\" srcset=\"https:\/\/d2p6e6u75xmxt8.cloudfront.net\/4\/2023\/11\/MTB-trail-profimedia-0393504536.webp 1000w, https:\/\/d2p6e6u75xmxt8.cloudfront.net\/4\/2023\/11\/MTB-trail-profimedia-0393504536-300x200.webp 300w, https:\/\/d2p6e6u75xmxt8.cloudfront.net\/4\/2023\/11\/MTB-trail-profimedia-0393504536-768x512.webp 768w, https:\/\/d2p6e6u75xmxt8.cloudfront.net\/4\/2023\/11\/MTB-trail-profimedia-0393504536-400x267.webp 400w, https:\/\/d2p6e6u75xmxt8.cloudfront.net\/4\/2023\/11\/MTB-trail-profimedia-0393504536-272x182.webp 272w\" sizes=\"auto, (max-width: 1000px) 100vw, 1000px\" \/><\/a><figcaption id=\"caption-attachment-18444\" class=\"wp-caption-text\"><span style=\"font-weight: 400;\">Netu\u0161il som, ak\u00fd ve\u013ek\u00fd skok urobil svet horsk\u00fdch bicyklov za posledn\u00fdch 20 rokov.<\/span> \u00a9 Profimedia<\/figcaption><\/figure>\n<h2><b>Skvel\u00e9 ponuky na trhu s pou\u017eit\u00fdmi bicyklami<\/b><\/h2>\n<p><span style=\"font-weight: 400;\">Nov\u00fd, schopn\u00fd celoodpru\u017een\u00fd trailbike dnes k\u00fapite u\u017e od 1 400 \u20ac. A to so v\u0161etk\u00fdmi modern\u00fdmi technol\u00f3giami.<\/span><\/p>\n<p><span style=\"font-weight: 400;\">E\u0161te zauj\u00edmavej\u0161\u00ed je v\u0161ak trh s jazden\u00fdmi bicyklami. Pre\u010do je pln\u00fd takmer nov\u00fdch strojov za v\u00fdborn\u00e9 ceny? D\u00f4vodom je pand\u00e9mia covidu-19. <strong>V \u010dase lockdownov a soci\u00e1lneho di\u0161tancu sa bicykle stali obrovsk\u00fdm hitom a v\u00fdrobcovia nest\u00edhali dod\u00e1va\u0165<\/strong>. Po n\u00e1vrate do norm\u00e1lu v\u0161ak dopyt prudko klesol. V\u00fdsledok? Zna\u010dn\u00e9 z\u013eavy na nov\u00e9 bicykle a second-hand pln\u00fd skvel\u00fdch k\u00faskov.<\/span><\/p>\n<h2><b>Boom trailov a cykloparkov<\/b><\/h2>\n<p><span style=\"font-weight: 400;\">Ma\u0165 kvalitn\u00fd bicykel je jedna vec, no ma\u0165 kde jazdi\u0165 je e\u0161te d\u00f4le\u017eitej\u0161ie. A tu prich\u00e1dza \u010fal\u0161ia dobr\u00e1 spr\u00e1va: infra\u0161trukt\u00fara pre horsk\u00fa cyklistiku v posledn\u00fdch rokoch za\u017e\u00edva obrovsk\u00fd rozmach.<\/span><\/p>\n<p><span style=\"font-weight: 400;\">Ly\u017eiarske stredisk\u00e1 sa v lete menia na bikeparky, vznikaj\u00fa nov\u00e9 trate, skoky, technick\u00e9 \u00faseky a dokonca cel\u00e9 umel\u00e9 stavby z dreva \u010di kame\u0148a. V \u010cesku \u010di na Slovensku dnes existuje to\u013eko mo\u017enost\u00ed, <strong>\u017ee by mi trvalo roky nav\u0161t\u00edvi\u0165 v\u0161etky top lokality<\/strong>.<\/span><\/p>\n<h2><b>Online obsah pre u\u010denie a in\u0161pir\u00e1ciu<\/b><\/h2>\n<p><span style=\"font-weight: 400;\">Jazda po trailoch je z\u00e1bava hne\u010f od za\u010diatku, no ak chcete pos\u00fava\u0165 svoje schopnosti, r\u00fdchlo zist\u00edte, \u017ee je \u010do tr\u00e9nova\u0165 \u2013 od bunny hopu a\u017e po technick\u00e9 zjazdy.<\/span><\/p>\n<p><span style=\"font-weight: 400;\">Na\u0161\u0165astie, internet je pln\u00fd tutori\u00e1lov a vide\u00ed od sk\u00fasen\u00fdch jazdcov aj za\u010diato\u010dn\u00edkov. YouTube pon\u00faka neuverite\u013en\u00e9 mno\u017estvo n\u00e1vodov a in\u0161pirat\u00edvneho obsahu. Navy\u0161e, n\u00e1jdete vide\u00e1 z lok\u00e1lnych trailov, tak\u017ee vopred viete, \u010do v\u00e1s na trati \u010dak\u00e1.<\/span><\/p>\n<p><span style=\"font-weight: 400;\">Ak uva\u017eujete nad trailovou jazdou, niet lep\u0161ieho \u010dasu ako teraz. Kvalitn\u00e9 bicykle s\u00fa dostupnej\u0161ie, ponuka trailov rastie a zdroje na u\u010denie m\u00e1te doslova na dosah ruky. Aj ja som si myslel, \u017ee ma po rokoch na ceste ni\u010d neprekvap\u00ed \u2013 a predsa ma horsk\u00e1 cyklistika nadchla viac, ne\u017e som \u010dakal.<\/span><\/p>\n","protected":false},"excerpt":{"rendered":"<p>Po 20 rokoch cestnej cyklistiky som si k\u00fapil svoj prv\u00fd trailov\u00fd bicykel \u2013 a \u00faprimne, som nad\u0161en\u00fd. Pam\u00e4t\u00e1m si horsk\u00fa [&hellip;]<\/p>\n","protected":false},"author":191,"featured_media":20967,"comment_status":"closed","ping_status":"closed","sticky":false,"template":"","format":"standard","meta":{"footnotes":""},"categories":[3],"tags":[559,546,180,532,767,412,237,508,183,220,161,623],"global-categories":[],"class_list":["post-20965","post","type-post","status-publish","format-standard","has-post-thumbnail","hentry","category-mtb","tag-bicykel","tag-cyklistika","tag-horska-cyklistika","tag-jazdenie","tag-motivacia","tag-mtb","tag-trail","tag-vylet","tag-zabava","tag-zaciatocnik","tag-zdravie","tag-zdravy-zivotny-styl"],"yoast_head":"<!-- This site is optimized with the Yoast SEO Premium plugin v25.3 (Yoast SEO v25.9) - https:\/\/yoast.com\/wordpress\/plugins\/seo\/ -->\n<title>Trailov\u00e1 cyklistika: pre\u010do je pr\u00e1ve teraz najlep\u0161\u00ed \u010das za\u010da\u0165<\/title>\n<meta name=\"description\" content=\"Objavte, pre\u010do je pr\u00e1ve teraz ide\u00e1lny \u010das za\u010da\u0165 s trailovou cyklistikou \u2013 modern\u00e9 bicykle, lacn\u00e9 ponuky a boom cykloparkov.\" \/>\n<meta name=\"robots\" content=\"index, follow, max-snippet:-1, max-image-preview:large, max-video-preview:-1\" \/>\n<link rel=\"canonical\" href=\"https:\/\/www.welovecycling.com\/sk\/2025\/09\/02\/najlepsi-cas-zacat-s-trailovou-cyklistikou\/\" \/>\n<meta property=\"og:locale\" content=\"sk_SK\" \/>\n<meta property=\"og:type\" content=\"article\" \/>\n<meta property=\"og:title\" content=\"Trailov\u00e1 cyklistika: pre\u010do je pr\u00e1ve teraz najlep\u0161\u00ed \u010das za\u010da\u0165 s jazden\u00edm na trailoch\" \/>\n<meta property=\"og:description\" content=\"Objavte, pre\u010do je pr\u00e1ve teraz ide\u00e1lny \u010das za\u010da\u0165 s trailovou cyklistikou \u2013 modern\u00e9 bicykle, lacn\u00e9 ponuky a boom cykloparkov.\" \/>\n<meta property=\"og:url\" content=\"https:\/\/www.welovecycling.com\/sk\/2025\/09\/02\/najlepsi-cas-zacat-s-trailovou-cyklistikou\/\" \/>\n<meta property=\"og:site_name\" content=\"\u0160koda We Love Cycling Slovensko\" \/>\n<meta property=\"article:published_time\" content=\"2025-09-02T10:00:46+00:00\" \/>\n<meta property=\"og:image\" content=\"https:\/\/d2p6e6u75xmxt8.cloudfront.net\/4\/2025\/09\/Trail-Riding-profimedia-0969555269-CVR.webp\" \/>\n\t<meta property=\"og:image:width\" content=\"990\" \/>\n\t<meta property=\"og:image:height\" content=\"660\" \/>\n\t<meta property=\"og:image:type\" content=\"image\/webp\" \/>\n<meta name=\"author\" content=\"michal\" \/>\n<meta name=\"twitter:card\" content=\"summary_large_image\" \/>\n<meta name=\"twitter:label1\" content=\"Written by\" \/>\n\t<meta name=\"twitter:data1\" content=\"Ji\u0159\u00ed Kaloc\" \/>\n\t<meta name=\"twitter:label2\" content=\"Est. reading time\" \/>\n\t<meta name=\"twitter:data2\" content=\"2\" \/>\n<script type=\"application\/ld+json\" class=\"yoast-schema-graph\">{\"@context\":\"https:\/\/schema.org\",\"@graph\":[{\"@type\":\"WebPage\",\"@id\":\"https:\/\/www.welovecycling.com\/sk\/2025\/09\/02\/najlepsi-cas-zacat-s-trailovou-cyklistikou\/\",\"url\":\"https:\/\/www.welovecycling.com\/sk\/2025\/09\/02\/najlepsi-cas-zacat-s-trailovou-cyklistikou\/\",\"name\":\"Trailov\u00e1 cyklistika: pre\u010do je pr\u00e1ve teraz najlep\u0161\u00ed \u010das za\u010da\u0165\",\"isPartOf\":{\"@id\":\"https:\/\/www.welovecycling.com\/sk\/#website\"},\"primaryImageOfPage\":{\"@id\":\"https:\/\/www.welovecycling.com\/sk\/2025\/09\/02\/najlepsi-cas-zacat-s-trailovou-cyklistikou\/#primaryimage\"},\"image\":{\"@id\":\"https:\/\/www.welovecycling.com\/sk\/2025\/09\/02\/najlepsi-cas-zacat-s-trailovou-cyklistikou\/#primaryimage\"},\"thumbnailUrl\":\"https:\/\/d2p6e6u75xmxt8.cloudfront.net\/4\/2025\/09\/Trail-Riding-profimedia-0969555269-CVR.webp\",\"datePublished\":\"2025-09-02T10:00:46+00:00\",\"author\":{\"@id\":\"https:\/\/www.welovecycling.com\/sk\/#\/schema\/person\/45e989de48eace55eb338c027dc5a65e\"},\"description\":\"Objavte, pre\u010do je pr\u00e1ve teraz ide\u00e1lny \u010das za\u010da\u0165 s trailovou cyklistikou \u2013 modern\u00e9 bicykle, lacn\u00e9 ponuky a boom cykloparkov.\",\"breadcrumb\":{\"@id\":\"https:\/\/www.welovecycling.com\/sk\/2025\/09\/02\/najlepsi-cas-zacat-s-trailovou-cyklistikou\/#breadcrumb\"},\"inLanguage\":\"sk-SK\",\"potentialAction\":[{\"@type\":\"ReadAction\",\"target\":[\"https:\/\/www.welovecycling.com\/sk\/2025\/09\/02\/najlepsi-cas-zacat-s-trailovou-cyklistikou\/\"]}]},{\"@type\":\"ImageObject\",\"inLanguage\":\"sk-SK\",\"@id\":\"https:\/\/www.welovecycling.com\/sk\/2025\/09\/02\/najlepsi-cas-zacat-s-trailovou-cyklistikou\/#primaryimage\",\"url\":\"https:\/\/d2p6e6u75xmxt8.cloudfront.net\/4\/2025\/09\/Trail-Riding-profimedia-0969555269-CVR.webp\",\"contentUrl\":\"https:\/\/d2p6e6u75xmxt8.cloudfront.net\/4\/2025\/09\/Trail-Riding-profimedia-0969555269-CVR.webp\",\"width\":990,\"height\":660,\"caption\":\"Trail cycling\"},{\"@type\":\"BreadcrumbList\",\"@id\":\"https:\/\/www.welovecycling.com\/sk\/2025\/09\/02\/najlepsi-cas-zacat-s-trailovou-cyklistikou\/#breadcrumb\",\"itemListElement\":[{\"@type\":\"ListItem\",\"position\":1,\"name\":\"Home\",\"item\":\"https:\/\/www.welovecycling.com\/sk\/\"},{\"@type\":\"ListItem\",\"position\":2,\"name\":\"Trailov\u00e1 cyklistika: pre\u010do je pr\u00e1ve teraz najlep\u0161\u00ed \u010das za\u010da\u0165 s jazden\u00edm na trailoch\"}]},{\"@type\":\"WebSite\",\"@id\":\"https:\/\/www.welovecycling.com\/sk\/#website\",\"url\":\"https:\/\/www.welovecycling.com\/sk\/\",\"name\":\"\u0160koda We Love Cycling Slovensko\",\"description\":\"\u0160koda We Love Cycling Slovensko je v\u00e1\u0161 ka\u017edodenn\u00fd zdroj noviniek a in\u0161pir\u00e1cie z sveta cyklistiky\",\"potentialAction\":[{\"@type\":\"SearchAction\",\"target\":{\"@type\":\"EntryPoint\",\"urlTemplate\":\"https:\/\/www.welovecycling.com\/sk\/?s={search_term_string}\"},\"query-input\":{\"@type\":\"PropertyValueSpecification\",\"valueRequired\":true,\"valueName\":\"search_term_string\"}}],\"inLanguage\":\"sk-SK\"},{\"@type\":\"Person\",\"@id\":\"https:\/\/www.welovecycling.com\/sk\/#\/schema\/person\/45e989de48eace55eb338c027dc5a65e\",\"name\":\"michal\",\"image\":{\"@type\":\"ImageObject\",\"inLanguage\":\"sk-SK\",\"@id\":\"https:\/\/www.welovecycling.com\/sk\/#\/schema\/person\/image\/\",\"url\":\"https:\/\/secure.gravatar.com\/avatar\/7f8deb1af8506a5f53d1b779436f546bce1c8c40c09780107ad3811c7dc4bbcb?s=96&d=mm&r=g\",\"contentUrl\":\"https:\/\/secure.gravatar.com\/avatar\/7f8deb1af8506a5f53d1b779436f546bce1c8c40c09780107ad3811c7dc4bbcb?s=96&d=mm&r=g\",\"caption\":\"michal\"},\"url\":\"https:\/\/www.welovecycling.com\/sk\/author\/michal\/\"}]}<\/script>\n<!-- \/ Yoast SEO Premium plugin. -->","yoast_head_json":{"title":"Trailov\u00e1 cyklistika: pre\u010do je pr\u00e1ve teraz najlep\u0161\u00ed \u010das za\u010da\u0165","description":"Objavte, pre\u010do je pr\u00e1ve teraz ide\u00e1lny \u010das za\u010da\u0165 s trailovou cyklistikou \u2013 modern\u00e9 bicykle, lacn\u00e9 ponuky a boom cykloparkov.","robots":{"index":"index","follow":"follow","max-snippet":"max-snippet:-1","max-image-preview":"max-image-preview:large","max-video-preview":"max-video-preview:-1"},"canonical":"https:\/\/www.welovecycling.com\/sk\/2025\/09\/02\/najlepsi-cas-zacat-s-trailovou-cyklistikou\/","og_locale":"sk_SK","og_type":"article","og_title":"Trailov\u00e1 cyklistika: pre\u010do je pr\u00e1ve teraz najlep\u0161\u00ed \u010das za\u010da\u0165 s jazden\u00edm na trailoch","og_description":"Objavte, pre\u010do je pr\u00e1ve teraz ide\u00e1lny \u010das za\u010da\u0165 s trailovou cyklistikou \u2013 modern\u00e9 bicykle, lacn\u00e9 ponuky a boom cykloparkov.","og_url":"https:\/\/www.welovecycling.com\/sk\/2025\/09\/02\/najlepsi-cas-zacat-s-trailovou-cyklistikou\/","og_site_name":"\u0160koda We Love Cycling Slovensko","article_published_time":"2025-09-02T10:00:46+00:00","og_image":[{"width":990,"height":660,"url":"https:\/\/d2p6e6u75xmxt8.cloudfront.net\/4\/2025\/09\/Trail-Riding-profimedia-0969555269-CVR.webp","type":"image\/webp"}],"author":"michal","twitter_card":"summary_large_image","twitter_misc":{"Written by":"Ji\u0159\u00ed Kaloc","Est. reading time":"2"},"schema":{"@context":"https:\/\/schema.org","@graph":[{"@type":"WebPage","@id":"https:\/\/www.welovecycling.com\/sk\/2025\/09\/02\/najlepsi-cas-zacat-s-trailovou-cyklistikou\/","url":"https:\/\/www.welovecycling.com\/sk\/2025\/09\/02\/najlepsi-cas-zacat-s-trailovou-cyklistikou\/","name":"Trailov\u00e1 cyklistika: pre\u010do je pr\u00e1ve teraz najlep\u0161\u00ed \u010das za\u010da\u0165","isPartOf":{"@id":"https:\/\/www.welovecycling.com\/sk\/#website"},"primaryImageOfPage":{"@id":"https:\/\/www.welovecycling.com\/sk\/2025\/09\/02\/najlepsi-cas-zacat-s-trailovou-cyklistikou\/#primaryimage"},"image":{"@id":"https:\/\/www.welovecycling.com\/sk\/2025\/09\/02\/najlepsi-cas-zacat-s-trailovou-cyklistikou\/#primaryimage"},"thumbnailUrl":"https:\/\/d2p6e6u75xmxt8.cloudfront.net\/4\/2025\/09\/Trail-Riding-profimedia-0969555269-CVR.webp","datePublished":"2025-09-02T10:00:46+00:00","author":{"@id":"https:\/\/www.welovecycling.com\/sk\/#\/schema\/person\/45e989de48eace55eb338c027dc5a65e"},"description":"Objavte, pre\u010do je pr\u00e1ve teraz ide\u00e1lny \u010das za\u010da\u0165 s trailovou cyklistikou \u2013 modern\u00e9 bicykle, lacn\u00e9 ponuky a boom cykloparkov.","breadcrumb":{"@id":"https:\/\/www.welovecycling.com\/sk\/2025\/09\/02\/najlepsi-cas-zacat-s-trailovou-cyklistikou\/#breadcrumb"},"inLanguage":"sk-SK","potentialAction":[{"@type":"ReadAction","target":["https:\/\/www.welovecycling.com\/sk\/2025\/09\/02\/najlepsi-cas-zacat-s-trailovou-cyklistikou\/"]}]},{"@type":"ImageObject","inLanguage":"sk-SK","@id":"https:\/\/www.welovecycling.com\/sk\/2025\/09\/02\/najlepsi-cas-zacat-s-trailovou-cyklistikou\/#primaryimage","url":"https:\/\/d2p6e6u75xmxt8.cloudfront.net\/4\/2025\/09\/Trail-Riding-profimedia-0969555269-CVR.webp","contentUrl":"https:\/\/d2p6e6u75xmxt8.cloudfront.net\/4\/2025\/09\/Trail-Riding-profimedia-0969555269-CVR.webp","width":990,"height":660,"caption":"Trail cycling"},{"@type":"BreadcrumbList","@id":"https:\/\/www.welovecycling.com\/sk\/2025\/09\/02\/najlepsi-cas-zacat-s-trailovou-cyklistikou\/#breadcrumb","itemListElement":[{"@type":"ListItem","position":1,"name":"Home","item":"https:\/\/www.welovecycling.com\/sk\/"},{"@type":"ListItem","position":2,"name":"Trailov\u00e1 cyklistika: pre\u010do je pr\u00e1ve teraz najlep\u0161\u00ed \u010das za\u010da\u0165 s jazden\u00edm na trailoch"}]},{"@type":"WebSite","@id":"https:\/\/www.welovecycling.com\/sk\/#website","url":"https:\/\/www.welovecycling.com\/sk\/","name":"\u0160koda We Love Cycling Slovensko","description":"\u0160koda We Love Cycling Slovensko je v\u00e1\u0161 ka\u017edodenn\u00fd zdroj noviniek a in\u0161pir\u00e1cie z sveta cyklistiky","potentialAction":[{"@type":"SearchAction","target":{"@type":"EntryPoint","urlTemplate":"https:\/\/www.welovecycling.com\/sk\/?s={search_term_string}"},"query-input":{"@type":"PropertyValueSpecification","valueRequired":true,"valueName":"search_term_string"}}],"inLanguage":"sk-SK"},{"@type":"Person","@id":"https:\/\/www.welovecycling.com\/sk\/#\/schema\/person\/45e989de48eace55eb338c027dc5a65e","name":"michal","image":{"@type":"ImageObject","inLanguage":"sk-SK","@id":"https:\/\/www.welovecycling.com\/sk\/#\/schema\/person\/image\/","url":"https:\/\/secure.gravatar.com\/avatar\/7f8deb1af8506a5f53d1b779436f546bce1c8c40c09780107ad3811c7dc4bbcb?s=96&d=mm&r=g","contentUrl":"https:\/\/secure.gravatar.com\/avatar\/7f8deb1af8506a5f53d1b779436f546bce1c8c40c09780107ad3811c7dc4bbcb?s=96&d=mm&r=g","caption":"michal"},"url":"https:\/\/www.welovecycling.com\/sk\/author\/michal\/"}]}},"_links":{"self":[{"href":"https:\/\/www.welovecycling.com\/sk\/wp-json\/wp\/v2\/posts\/20965","targetHints":{"allow":["GET"]}}],"collection":[{"href":"https:\/\/www.welovecycling.com\/sk\/wp-json\/wp\/v2\/posts"}],"about":[{"href":"https:\/\/www.welovecycling.com\/sk\/wp-json\/wp\/v2\/types\/post"}],"author":[{"embeddable":true,"href":"https:\/\/www.welovecycling.com\/sk\/wp-json\/wp\/v2\/users\/191"}],"replies":[{"embeddable":true,"href":"https:\/\/www.welovecycling.com\/sk\/wp-json\/wp\/v2\/comments?post=20965"}],"version-history":[{"count":5,"href":"https:\/\/www.welovecycling.com\/sk\/wp-json\/wp\/v2\/posts\/20965\/revisions"}],"predecessor-version":[{"id":20971,"href":"https:\/\/www.welovecycling.com\/sk\/wp-json\/wp\/v2\/posts\/20965\/revisions\/20971"}],"wp:featuredmedia":[{"embeddable":true,"href":"https:\/\/www.welovecycling.com\/sk\/wp-json\/wp\/v2\/media\/20967"}],"wp:attachment":[{"href":"https:\/\/www.welovecycling.com\/sk\/wp-json\/wp\/v2\/media?parent=20965"}],"wp:term":[{"taxonomy":"category","embeddable":true,"href":"https:\/\/www.welovecycling.com\/sk\/wp-json\/wp\/v2\/categories?post=20965"},{"taxonomy":"post_tag","embeddable":true,"href":"https:\/\/www.welovecycling.com\/sk\/wp-json\/wp\/v2\/tags?post=20965"},{"taxonomy":"global-categories","embeddable":true,"href":"https:\/\/www.welovecycling.com\/sk\/wp-json\/wp\/v2\/global-categories?post=20965"}],"curies":[{"name":"wp","href":"https:\/\/api.w.org\/{rel}","templated":true}]}}