{"id":20952,"date":"2025-08-29T09:00:18","date_gmt":"2025-08-29T07:00:18","guid":{"rendered":"https:\/\/www.welovecycling.com\/sk\/?p=20952"},"modified":"2025-08-29T09:04:14","modified_gmt":"2025-08-29T07:04:14","slug":"bajkerky-fest-prid-na-prvy-zensky-mtb-festival-na-slovensku-ktory-vzisiel-z-komunity","status":"publish","type":"post","link":"https:\/\/www.welovecycling.com\/sk\/2025\/08\/29\/bajkerky-fest-prid-na-prvy-zensky-mtb-festival-na-slovensku-ktory-vzisiel-z-komunity\/","title":{"rendered":"BAJKERKY FEST: pr\u00ed\u010f na prv\u00fd \u017eensk\u00fd MTB festival na Slovensku, ktor\u00fd vzi\u0161iel z komunity"},"content":{"rendered":"<p><strong>\u017densk\u00e1 cyklistika na Slovensku naber\u00e1 na popularite ka\u017ed\u00fdm rokom \u010doraz viac a nielen t\u00e1 cestn\u00e1, \u010di rodinn\u00e1 vo\u013eno\u010dasov\u00e1, ale aj horsk\u00e1 &#8211; drsn\u00e1, pln\u00e1 blata, ter\u00e9nu a trailovov\u00e9ho jazdenia. Bajkerky s\u00fa komunitou pozost\u00e1vaj\u00facou najm\u00e4 z nad\u0161enk\u00fd\u0148 horskej cyklistiky, ktor\u00e1 funguje viac ako 12 rokov. Rozhodli sa, \u017ee posun\u00fa svoje p\u00f4sobenie na vy\u0161\u0161\u00ed level a vytvorili si vlastn\u00fd cyklistick\u00fd festival.\u00a0<\/strong><!--more--><\/p>\n<h2><b>O \u010dom je Bajkerky Fest a pre\u010do vznikol?\u00a0<\/b><\/h2>\n<p><span style=\"font-weight: 400;\">Bajkerky Fest je unik\u00e1tny \u0161portovo-komunitn\u00fd v\u00edkend, ktor\u00fd sp\u00e1ja v\u00e1\u0161e\u0148 pre horsk\u00fa cyklistiku so silou spolo\u010dn\u00fdch z\u00e1\u017eitkov. Je ur\u010den\u00fd \u017een\u00e1m \u2013 bajkerk\u00e1m, ktor\u00e9 miluj\u00fa jazdu na horskom bicykli a spolo\u010dnos\u0165 podobne naladen\u00fdch \u017eien. \u00da\u010dastn\u00ed\u010dky si z festivalu neodn\u00e1\u0161aj\u00fa len adrenal\u00ednov\u00e9 spomienky, ale aj nov\u00e9 priate\u013estv\u00e1 a par\u0165\u00e1\u010dky na \u010fal\u0161ie bajkersk\u00e9 dobrodru\u017estv\u00e1.\u00a0<\/span><\/p>\n<p><span style=\"font-weight: 400;\">My\u0161lienka festivalu vznikla prirodzene \u2013 z online komunity a z\u00e1\u017eitkov, ktor\u00e9 si baby navz\u00e1jom zdie\u013eali na soci\u00e1lnych sie\u0165ach cez instagramov\u00fd profil @bajkerky. Ako vysvet\u013euje zakladate\u013eka Nina: \u201e<\/span><i><span style=\"font-weight: 400;\">Chceli sme prenies\u0165 online z\u00e1\u017eitky do reality a dosta\u0165 baby na jeden kopec. Z\u00e1merom je preto raz do roka spoji\u0165 Bajkerky v spolo\u010dnom v\u00edkende plnom jazdenia, z\u00e1bavy a komunity<\/span><\/i><span style=\"font-weight: 400;\">.\u201c\u00a0<\/span><\/p>\n<p><a href=\"https:\/\/d2p6e6u75xmxt8.cloudfront.net\/4\/2025\/08\/DSC03558-min-scaled.webp\"><img loading=\"lazy\" decoding=\"async\" class=\"alignnone size-extra-large wp-image-20958\" src=\"https:\/\/d2p6e6u75xmxt8.cloudfront.net\/4\/2025\/08\/DSC03558-min-1920x1280.webp\" alt=\"\" width=\"1920\" height=\"1280\" srcset=\"https:\/\/d2p6e6u75xmxt8.cloudfront.net\/4\/2025\/08\/DSC03558-min-1920x1280.webp 1920w, https:\/\/d2p6e6u75xmxt8.cloudfront.net\/4\/2025\/08\/DSC03558-min-300x200.webp 300w, https:\/\/d2p6e6u75xmxt8.cloudfront.net\/4\/2025\/08\/DSC03558-min-1024x683.webp 1024w, https:\/\/d2p6e6u75xmxt8.cloudfront.net\/4\/2025\/08\/DSC03558-min-768x512.webp 768w, https:\/\/d2p6e6u75xmxt8.cloudfront.net\/4\/2025\/08\/DSC03558-min-1536x1024.webp 1536w, https:\/\/d2p6e6u75xmxt8.cloudfront.net\/4\/2025\/08\/DSC03558-min-2048x1365.webp 2048w, https:\/\/d2p6e6u75xmxt8.cloudfront.net\/4\/2025\/08\/DSC03558-min-400x267.webp 400w, https:\/\/d2p6e6u75xmxt8.cloudfront.net\/4\/2025\/08\/DSC03558-min-272x182.webp 272w, https:\/\/d2p6e6u75xmxt8.cloudfront.net\/4\/2025\/08\/DSC03558-min-1920x1280.webp 1920w\" sizes=\"auto, (max-width: 1920px) 100vw, 1920px\" \/><\/a><\/p>\n<h2><b>Kto s\u00fa Bajkerky?\u00a0<\/b><\/h2>\n<p><span style=\"font-weight: 400;\">Bajkerky s\u00fa dlhoro\u010dn\u00e1 \u017eensk\u00e1 komunita zameran\u00e1 na horsk\u00fa cyklistiku preva\u017ene enduro a cross-country jazdenie. Komunitu zastupuj\u00fa viacer\u00e9 vekov\u00e9 kateg\u00f3rie. Od mlad\u00fdch bajkeriek, ktor\u00e9 sa neboja p\u00e1dov a zranen\u00ed, a\u017e po stredn\u00fa gener\u00e1ciu, ktor\u00e1 v horskej cyklistike nach\u00e1dza viac ne\u017e len bicyklovanie. S\u00fa v\u0161ade naprie\u010d Slovenskom a svoje nad\u0161enie z bicyklovanie spolo\u010dne zdie\u013eaj\u00fa na soci\u00e1lnej sieti Instagram.\u00a0<\/span><\/p>\n<p><span style=\"font-weight: 400;\">Bajkerky vznikli pred viac ako 12 rokmi, spont\u00e1nne, z l\u00e1sky k bicyklovaniu. Dnes s\u00fa komunitou stoviek a\u017e tis\u00edcok \u017eien, ktor\u00e9 si namiesto s\u00fa\u0165a\u017eenia d\u00e1vaj\u00fa podporu, zdie\u013eaj\u00fa v\u00e1\u0161e\u0148 pre MTB a stret\u00e1vaj\u00fa sa na spolo\u010dn\u00fdch jazd\u00e1ch. Na instagrame ich n\u00e1jde\u0161 ako @bajkerky a o svojej atraktivite presved\u010dili u\u017e viac ako 5200 sleduj\u00facich.\u00a0<\/span><\/p>\n<p><a href=\"https:\/\/d2p6e6u75xmxt8.cloudfront.net\/4\/2025\/08\/DSC03381-min-scaled.webp\"><img loading=\"lazy\" decoding=\"async\" class=\"alignnone size-extra-large wp-image-20954\" src=\"https:\/\/d2p6e6u75xmxt8.cloudfront.net\/4\/2025\/08\/DSC03381-min-1920x1280.webp\" alt=\"\" width=\"1920\" height=\"1280\" srcset=\"https:\/\/d2p6e6u75xmxt8.cloudfront.net\/4\/2025\/08\/DSC03381-min-1920x1280.webp 1920w, https:\/\/d2p6e6u75xmxt8.cloudfront.net\/4\/2025\/08\/DSC03381-min-300x200.webp 300w, https:\/\/d2p6e6u75xmxt8.cloudfront.net\/4\/2025\/08\/DSC03381-min-1024x683.webp 1024w, https:\/\/d2p6e6u75xmxt8.cloudfront.net\/4\/2025\/08\/DSC03381-min-768x512.webp 768w, https:\/\/d2p6e6u75xmxt8.cloudfront.net\/4\/2025\/08\/DSC03381-min-1536x1024.webp 1536w, https:\/\/d2p6e6u75xmxt8.cloudfront.net\/4\/2025\/08\/DSC03381-min-2048x1365.webp 2048w, https:\/\/d2p6e6u75xmxt8.cloudfront.net\/4\/2025\/08\/DSC03381-min-400x267.webp 400w, https:\/\/d2p6e6u75xmxt8.cloudfront.net\/4\/2025\/08\/DSC03381-min-272x182.webp 272w, https:\/\/d2p6e6u75xmxt8.cloudfront.net\/4\/2025\/08\/DSC03381-min-1920x1280.webp 1920w\" sizes=\"auto, (max-width: 1920px) 100vw, 1920px\" \/><\/a><\/p>\n<h2><b>Bajkerky Fest 2025<\/b><\/h2>\n<p><span style=\"font-weight: 400;\">Festival sa uskuto\u010dn\u00ed <\/span><b>od 5. do 7. septembra 2025 v stredisku Malin\u00f4 Brdo<\/b><span style=\"font-weight: 400;\">, pri\u010dom z\u00e1zemie bude s\u00fastreden\u00e9 na parkovisku v Hrabove. Pr\u00e1ve tam n\u00e1jdu \u00fa\u010dastn\u00ed\u010dky v\u0161etky d\u00f4le\u017eit\u00e9 stanovi\u0161tia \u2013 od registr\u00e1cie cez chill z\u00f3ny a ob\u010derstvenie a\u017e po st\u00e1nok s merchom Bajkerky.\u00a0<\/span><\/p>\n<p><span style=\"font-weight: 400;\">Tento rok p\u00f4jde o <\/span><b>ofici\u00e1lny prv\u00fd ro\u010dn\u00edk festivalu <\/b><span style=\"font-weight: 400;\">s plnou podporou strediska Malin\u00f4 Brdo, ktor\u00e9 sa stalo gener\u00e1lnym partnerom a z\u00e1rove\u0148 spoluorganiz\u00e1torom podujatia. Pod\u013ea slov organiz\u00e1torov bol predch\u00e1dzaj\u00faci ro\u010dn\u00edk sk\u00f4r testovacou \u201ebeta\u201c verziou, ktor\u00e1 sl\u00fa\u017eila na odladenie detailov a odstr\u00e1nenie drobn\u00fdch nedostatkov, aby mohol ma\u0165 prv\u00fd ofici\u00e1lny ro\u010dn\u00edk e\u0161te kvalitnej\u0161iu podobu.\u00a0<\/span><\/p>\n<p><a href=\"https:\/\/d2p6e6u75xmxt8.cloudfront.net\/4\/2025\/08\/DSC03527-min-scaled.webp\"><img loading=\"lazy\" decoding=\"async\" class=\"alignnone size-extra-large wp-image-20957\" src=\"https:\/\/d2p6e6u75xmxt8.cloudfront.net\/4\/2025\/08\/DSC03527-min-1920x1280.webp\" alt=\"\" width=\"1920\" height=\"1280\" srcset=\"https:\/\/d2p6e6u75xmxt8.cloudfront.net\/4\/2025\/08\/DSC03527-min-1920x1280.webp 1920w, https:\/\/d2p6e6u75xmxt8.cloudfront.net\/4\/2025\/08\/DSC03527-min-300x200.webp 300w, https:\/\/d2p6e6u75xmxt8.cloudfront.net\/4\/2025\/08\/DSC03527-min-1024x683.webp 1024w, https:\/\/d2p6e6u75xmxt8.cloudfront.net\/4\/2025\/08\/DSC03527-min-768x512.webp 768w, https:\/\/d2p6e6u75xmxt8.cloudfront.net\/4\/2025\/08\/DSC03527-min-1536x1024.webp 1536w, https:\/\/d2p6e6u75xmxt8.cloudfront.net\/4\/2025\/08\/DSC03527-min-2048x1365.webp 2048w, https:\/\/d2p6e6u75xmxt8.cloudfront.net\/4\/2025\/08\/DSC03527-min-400x267.webp 400w, https:\/\/d2p6e6u75xmxt8.cloudfront.net\/4\/2025\/08\/DSC03527-min-272x182.webp 272w, https:\/\/d2p6e6u75xmxt8.cloudfront.net\/4\/2025\/08\/DSC03527-min-1920x1280.webp 1920w\" sizes=\"auto, (max-width: 1920px) 100vw, 1920px\" \/><\/a><\/p>\n<h2><b>Program v skratke\u00a0<\/b><\/h2>\n<p><span style=\"font-weight: 400;\">Podujatie sa za\u010d\u00edna u\u017e v piatok s poobedn\u00fdm programom jazdenia v bikeparku a pokra\u010dova\u0165 bude ve\u010dern\u00fdm chillom pri dobrom pit\u00ed a jedle. Hlavn\u00fd program za\u010dne v sobotu. \u00da\u010dastn\u00ed\u010dky m\u00f4\u017eu te\u0161i\u0165 na rann\u00fa j\u00f3gu pri jazere, testova\u010dku bicyklov aj elektrobicyklov od zna\u010dky Trek, workshop na \u00fadr\u017ebu a starostlivos\u0165 o bicykel, ktor\u00fd povedie Muc-Off, S.O.S r\u00fdchly servis od t\u00edmu Ground, chill z\u00f3ny, ktor\u00e9 zastre\u0161\u00ed \u0160koda Auto Slovensko.\u00a0<\/span><\/p>\n<p><span style=\"font-weight: 400;\">Ch\u00fdba\u0165 nebude ani dobr\u00e9 pivo v alko aj nealko verzii od remeseln\u00e9ho pivovaru Liptovar, ktor\u00fd z\u00e1rove\u0148 priprav\u00ed aj ve\u010dern\u00fa grilova\u010dku. Rann\u00fd hlad za\u017eenie treska od Ryba \u017dilina, energiu na trailoch bude bab\u00e1m dod\u00e1va\u0165 Ryska a po\u010das konania festivalu sa m\u00f4\u017eu bajkerky te\u0161i\u0165 aj na s\u00fa\u0165a\u017ee s vecn\u00fdmi darmi od partnerov.\u00a0<\/span><\/p>\n<p><span style=\"font-weight: 400;\">Od piatka do nedele maj\u00fa \u00fa\u010dastn\u00ed\u010dky mo\u017enos\u0165 zak\u00fapi\u0165 si bikepas za zv\u00fdhodnen\u00fa cenu za 15 \u20ac\/de\u0148, 25 \u20ac\/2 dni alebo 30 \u20ac\/dni. Pre uplatnenie z\u013eavy je potrebn\u00e9 ma\u0165 pri sebe voucher na bikepas, ktor\u00fd bude obsahom vstupenky.\u00a0<\/span><\/p>\n<div id='gallery-1' class='gallery galleryid-20952 gallery-columns-2 gallery-size-full'><figure class='gallery-item'>\n\t\t\t<div class='gallery-icon landscape'>\n\t\t\t\t<a href='https:\/\/d2p6e6u75xmxt8.cloudfront.net\/4\/2025\/08\/DSC03567-min-scaled.webp'><img loading=\"lazy\" decoding=\"async\" width=\"2560\" height=\"1707\" src=\"https:\/\/d2p6e6u75xmxt8.cloudfront.net\/4\/2025\/08\/DSC03567-min-scaled.webp\" class=\"attachment-full size-full\" alt=\"\" srcset=\"https:\/\/d2p6e6u75xmxt8.cloudfront.net\/4\/2025\/08\/DSC03567-min-scaled.webp 2560w, https:\/\/d2p6e6u75xmxt8.cloudfront.net\/4\/2025\/08\/DSC03567-min-300x200.webp 300w, https:\/\/d2p6e6u75xmxt8.cloudfront.net\/4\/2025\/08\/DSC03567-min-1024x683.webp 1024w, https:\/\/d2p6e6u75xmxt8.cloudfront.net\/4\/2025\/08\/DSC03567-min-768x512.webp 768w, https:\/\/d2p6e6u75xmxt8.cloudfront.net\/4\/2025\/08\/DSC03567-min-1536x1024.webp 1536w, https:\/\/d2p6e6u75xmxt8.cloudfront.net\/4\/2025\/08\/DSC03567-min-2048x1365.webp 2048w, https:\/\/d2p6e6u75xmxt8.cloudfront.net\/4\/2025\/08\/DSC03567-min-1920x1280.webp 1920w, https:\/\/d2p6e6u75xmxt8.cloudfront.net\/4\/2025\/08\/DSC03567-min-400x267.webp 400w, https:\/\/d2p6e6u75xmxt8.cloudfront.net\/4\/2025\/08\/DSC03567-min-272x182.webp 272w, https:\/\/d2p6e6u75xmxt8.cloudfront.net\/4\/2025\/08\/DSC03567-min-1920x1280.webp 1920w\" sizes=\"auto, (max-width: 2560px) 100vw, 2560px\" \/><\/a>\n\t\t\t<\/div><\/figure><figure class='gallery-item'>\n\t\t\t<div class='gallery-icon landscape'>\n\t\t\t\t<a href='https:\/\/d2p6e6u75xmxt8.cloudfront.net\/4\/2025\/08\/DSC03429-min-scaled.webp'><img loading=\"lazy\" decoding=\"async\" width=\"2560\" height=\"1707\" src=\"https:\/\/d2p6e6u75xmxt8.cloudfront.net\/4\/2025\/08\/DSC03429-min-scaled.webp\" class=\"attachment-full size-full\" alt=\"\" srcset=\"https:\/\/d2p6e6u75xmxt8.cloudfront.net\/4\/2025\/08\/DSC03429-min-scaled.webp 2560w, https:\/\/d2p6e6u75xmxt8.cloudfront.net\/4\/2025\/08\/DSC03429-min-300x200.webp 300w, https:\/\/d2p6e6u75xmxt8.cloudfront.net\/4\/2025\/08\/DSC03429-min-1024x683.webp 1024w, https:\/\/d2p6e6u75xmxt8.cloudfront.net\/4\/2025\/08\/DSC03429-min-768x512.webp 768w, https:\/\/d2p6e6u75xmxt8.cloudfront.net\/4\/2025\/08\/DSC03429-min-1536x1024.webp 1536w, https:\/\/d2p6e6u75xmxt8.cloudfront.net\/4\/2025\/08\/DSC03429-min-2048x1365.webp 2048w, https:\/\/d2p6e6u75xmxt8.cloudfront.net\/4\/2025\/08\/DSC03429-min-1920x1280.webp 1920w, https:\/\/d2p6e6u75xmxt8.cloudfront.net\/4\/2025\/08\/DSC03429-min-400x267.webp 400w, https:\/\/d2p6e6u75xmxt8.cloudfront.net\/4\/2025\/08\/DSC03429-min-272x182.webp 272w, https:\/\/d2p6e6u75xmxt8.cloudfront.net\/4\/2025\/08\/DSC03429-min-1920x1280.webp 1920w\" sizes=\"auto, (max-width: 2560px) 100vw, 2560px\" \/><\/a>\n\t\t\t<\/div><\/figure>\n\t\t<\/div>\n\n<h2><b>\u010co treba vedie\u0165 pred pr\u00edchodom\u00a0<\/b><\/h2>\n<p><span style=\"font-weight: 400;\"><strong>Vstupn\u00e9:<\/strong> <\/span><span style=\"font-weight: 400;\">20 \u20ac (<\/span><a href=\"https:\/\/www.bajkerky.sk\/bajkerky-fest-vstupenka\/\"><span style=\"font-weight: 400;\">viac o vstupenke<\/span><\/a><span style=\"font-weight: 400;\">)<\/span><span style=\"font-weight: 400;\">\u00a0<\/span><\/p>\n<p><span style=\"font-weight: 400;\"><strong>Kapacita:<\/strong> <\/span><span style=\"font-weight: 400;\">\u017eiadne limity, bez obmedzenia\u00a0<\/span><\/p>\n<p><strong>\u00darovne j\u00e1zd:<\/strong><span style=\"font-weight: 400;\"> jazdenie v bikeparku pre pokro\u010dil\u00e9 a pre baby ne-bikeparkov\u00e9ho typu bude prirpaven\u00fd aj samostatn\u00fd XC okruh. Bikepark Malin\u00f4 Brdo je zn\u00e1me svojou vy\u0161\u0161ou n\u00e1ro\u010dnos\u0165ou, no niektor\u00e9 trasy zvl\u00e1dnu bez probl\u00e9mov aj za\u010diato\u010dn\u00ed\u010dky. <\/span><span style=\"font-weight: 400;\">V\u00fdbava<\/span><b>:<\/b> <span style=\"font-weight: 400;\">prilba (ide\u00e1lne integr\u00e1lna) je povinn\u00e1 a k nej si nezabudni pribali\u0165 aj chr\u00e1ni\u010de lak\u0165ov, kolien a pr\u00edpadne aj korytna\u010dku\u00a0<\/span><\/p>\n<p><strong>Ubytovanie:<\/strong><span style=\"font-weight: 400;\"> \u00fa\u010dastn\u00ed\u010dky bud\u00fa ma\u0165 z\u013eavu na ubytovanie, ktor\u00e1 bude s\u00fa\u010das\u0165ou bal\u00ed\u010dka, pre viac inform\u00e1ci\u00ed je potrebn\u00e9 sledova\u0165 soci\u00e1lne siete a event na Facebooku\u00a0<\/span><\/p>\n<p><strong>Strava: <\/strong><span style=\"font-weight: 400;\">grilova\u010dka free\/dobrovo\u013en\u00fd pr\u00edspevok; po\u010das v\u00edkendu dostupn\u00e9 snacky, k\u00e1va, pivo, nealko\u00a0<\/span><\/p>\n<h2><b>Ako a kde sa registrova\u0165\u00a0<\/b><\/h2>\n<p><span style=\"font-weight: 400;\">Registrova\u0165 sa m\u00f4\u017ee\u0161 priamo na str\u00e1nke Bajkeriek, pri\u010dom vstupenka \u0165a vyjde na 20 \u20ac a jej s\u00fa\u010das\u0165ou je \u0161tartovac\u00ed fest bal\u00edk. Obsahom bal\u00edka je voucher na z\u013eavnen\u00fd bikepas, merch Bajkerky, vstup na predn\u00e1\u0161ku, neobmedzen\u00fd zdroj alko aj nealko n\u00e1pojov, ob\u010derstvenia, rann\u00e1 j\u00f3ga, vouchre od partnerov a \u010fal\u0161\u00edch v\u00fdhod.\u00a0<\/span><\/p>\n<p><span style=\"font-weight: 400;\">Viac inform\u00e1ci\u00ed o k\u00fape vstupenky a \u010do je jej obsahom n\u00e1jde\u0161 <\/span><a href=\"https:\/\/www.bajkerky.sk\/bajkerky-fest-vstupenka\/\"><span style=\"font-weight: 400;\">na tomto odkaze<\/span><\/a><span style=\"font-weight: 400;\">.<\/span><span style=\"font-weight: 400;\">\u00a0<\/span><\/p>\n","protected":false},"excerpt":{"rendered":"<p>\u017densk\u00e1 cyklistika na Slovensku naber\u00e1 na popularite ka\u017ed\u00fdm rokom \u010doraz viac a nielen t\u00e1 cestn\u00e1, \u010di rodinn\u00e1 vo\u013eno\u010dasov\u00e1, ale aj [&hellip;]<\/p>\n","protected":false},"author":191,"featured_media":20960,"comment_status":"closed","ping_status":"closed","sticky":false,"template":"","format":"standard","meta":{"footnotes":""},"categories":[3],"tags":[559,619,546,180,532,767,931,37,91,318,475],"global-categories":[1074],"class_list":["post-20952","post","type-post","status-publish","format-standard","has-post-thumbnail","hentry","category-mtb","tag-bicykel","tag-bicyklovanie","tag-cyklistika","tag-horska-cyklistika","tag-jazdenie","tag-motivacia","tag-odporucame","tag-podujatia","tag-pozvanka","tag-vyjazd","tag-zeny","global-categories-cycling"],"yoast_head":"<!-- This site is optimized with the Yoast SEO Premium plugin v25.3 (Yoast SEO v25.9) - https:\/\/yoast.com\/wordpress\/plugins\/seo\/ -->\n<title>BAJKERKY FEST: pr\u00ed\u010f na prv\u00fd \u017eensk\u00fd MTB festival na Slovensku, ktor\u00fd vzi\u0161iel z komunity - \u0160koda We Love Cycling Slovensko<\/title>\n<meta name=\"description\" content=\"Bajkerky Fest 2025 \u2013 jedine\u010dn\u00fd cyklistick\u00fd festival pre \u017eeny na Malin\u00f4 Brde. MTB jazdenie, workshopy, yoga, z\u00e1bava a komunita bajkeriek.\" \/>\n<meta name=\"robots\" content=\"index, follow, max-snippet:-1, max-image-preview:large, max-video-preview:-1\" \/>\n<link rel=\"canonical\" href=\"https:\/\/www.welovecycling.com\/sk\/2025\/08\/29\/bajkerky-fest-prid-na-prvy-zensky-mtb-festival-na-slovensku-ktory-vzisiel-z-komunity\/\" \/>\n<meta property=\"og:locale\" content=\"sk_SK\" \/>\n<meta property=\"og:type\" content=\"article\" \/>\n<meta property=\"og:title\" content=\"BAJKERKY FEST: pr\u00ed\u010f na prv\u00fd \u017eensk\u00fd MTB festival na Slovensku, ktor\u00fd vzi\u0161iel z komunity\" \/>\n<meta property=\"og:description\" content=\"Bajkerky Fest 2025 \u2013 jedine\u010dn\u00fd cyklistick\u00fd festival pre \u017eeny na Malin\u00f4 Brde. MTB jazdenie, workshopy, yoga, z\u00e1bava a komunita bajkeriek.\" \/>\n<meta property=\"og:url\" content=\"https:\/\/www.welovecycling.com\/sk\/2025\/08\/29\/bajkerky-fest-prid-na-prvy-zensky-mtb-festival-na-slovensku-ktory-vzisiel-z-komunity\/\" \/>\n<meta property=\"og:site_name\" content=\"\u0160koda We Love Cycling Slovensko\" \/>\n<meta property=\"article:published_time\" content=\"2025-08-29T07:00:18+00:00\" \/>\n<meta property=\"article:modified_time\" content=\"2025-08-29T07:04:14+00:00\" \/>\n<meta property=\"og:image\" content=\"https:\/\/d2p6e6u75xmxt8.cloudfront.net\/4\/2025\/08\/DSC03581-min-scaled.webp\" \/>\n\t<meta property=\"og:image:width\" content=\"2560\" \/>\n\t<meta property=\"og:image:height\" content=\"1707\" \/>\n\t<meta property=\"og:image:type\" content=\"image\/webp\" \/>\n<meta name=\"author\" content=\"michal\" \/>\n<meta name=\"twitter:card\" content=\"summary_large_image\" \/>\n<meta name=\"twitter:label1\" content=\"Written by\" \/>\n\t<meta name=\"twitter:data1\" content=\"michal\" \/>\n\t<meta name=\"twitter:label2\" content=\"Est. reading time\" \/>\n\t<meta name=\"twitter:data2\" content=\"4 minutes\" \/>\n<script type=\"application\/ld+json\" class=\"yoast-schema-graph\">{\"@context\":\"https:\/\/schema.org\",\"@graph\":[{\"@type\":\"WebPage\",\"@id\":\"https:\/\/www.welovecycling.com\/sk\/2025\/08\/29\/bajkerky-fest-prid-na-prvy-zensky-mtb-festival-na-slovensku-ktory-vzisiel-z-komunity\/\",\"url\":\"https:\/\/www.welovecycling.com\/sk\/2025\/08\/29\/bajkerky-fest-prid-na-prvy-zensky-mtb-festival-na-slovensku-ktory-vzisiel-z-komunity\/\",\"name\":\"BAJKERKY FEST: pr\u00ed\u010f na prv\u00fd \u017eensk\u00fd MTB festival na Slovensku, ktor\u00fd vzi\u0161iel z komunity - \u0160koda We Love Cycling Slovensko\",\"isPartOf\":{\"@id\":\"https:\/\/www.welovecycling.com\/sk\/#website\"},\"primaryImageOfPage\":{\"@id\":\"https:\/\/www.welovecycling.com\/sk\/2025\/08\/29\/bajkerky-fest-prid-na-prvy-zensky-mtb-festival-na-slovensku-ktory-vzisiel-z-komunity\/#primaryimage\"},\"image\":{\"@id\":\"https:\/\/www.welovecycling.com\/sk\/2025\/08\/29\/bajkerky-fest-prid-na-prvy-zensky-mtb-festival-na-slovensku-ktory-vzisiel-z-komunity\/#primaryimage\"},\"thumbnailUrl\":\"https:\/\/d2p6e6u75xmxt8.cloudfront.net\/4\/2025\/08\/DSC03581-min-scaled.webp\",\"datePublished\":\"2025-08-29T07:00:18+00:00\",\"dateModified\":\"2025-08-29T07:04:14+00:00\",\"author\":{\"@id\":\"https:\/\/www.welovecycling.com\/sk\/#\/schema\/person\/45e989de48eace55eb338c027dc5a65e\"},\"description\":\"Bajkerky Fest 2025 \u2013 jedine\u010dn\u00fd cyklistick\u00fd festival pre \u017eeny na Malin\u00f4 Brde. MTB jazdenie, workshopy, yoga, z\u00e1bava a komunita bajkeriek.\",\"breadcrumb\":{\"@id\":\"https:\/\/www.welovecycling.com\/sk\/2025\/08\/29\/bajkerky-fest-prid-na-prvy-zensky-mtb-festival-na-slovensku-ktory-vzisiel-z-komunity\/#breadcrumb\"},\"inLanguage\":\"sk-SK\",\"potentialAction\":[{\"@type\":\"ReadAction\",\"target\":[\"https:\/\/www.welovecycling.com\/sk\/2025\/08\/29\/bajkerky-fest-prid-na-prvy-zensky-mtb-festival-na-slovensku-ktory-vzisiel-z-komunity\/\"]}]},{\"@type\":\"ImageObject\",\"inLanguage\":\"sk-SK\",\"@id\":\"https:\/\/www.welovecycling.com\/sk\/2025\/08\/29\/bajkerky-fest-prid-na-prvy-zensky-mtb-festival-na-slovensku-ktory-vzisiel-z-komunity\/#primaryimage\",\"url\":\"https:\/\/d2p6e6u75xmxt8.cloudfront.net\/4\/2025\/08\/DSC03581-min-scaled.webp\",\"contentUrl\":\"https:\/\/d2p6e6u75xmxt8.cloudfront.net\/4\/2025\/08\/DSC03581-min-scaled.webp\",\"width\":2560,\"height\":1707},{\"@type\":\"BreadcrumbList\",\"@id\":\"https:\/\/www.welovecycling.com\/sk\/2025\/08\/29\/bajkerky-fest-prid-na-prvy-zensky-mtb-festival-na-slovensku-ktory-vzisiel-z-komunity\/#breadcrumb\",\"itemListElement\":[{\"@type\":\"ListItem\",\"position\":1,\"name\":\"Home\",\"item\":\"https:\/\/www.welovecycling.com\/sk\/\"},{\"@type\":\"ListItem\",\"position\":2,\"name\":\"BAJKERKY FEST: pr\u00ed\u010f na prv\u00fd \u017eensk\u00fd MTB festival na Slovensku, ktor\u00fd vzi\u0161iel z komunity\"}]},{\"@type\":\"WebSite\",\"@id\":\"https:\/\/www.welovecycling.com\/sk\/#website\",\"url\":\"https:\/\/www.welovecycling.com\/sk\/\",\"name\":\"\u0160koda We Love Cycling Slovensko\",\"description\":\"\u0160koda We Love Cycling Slovensko je v\u00e1\u0161 ka\u017edodenn\u00fd zdroj noviniek a in\u0161pir\u00e1cie z sveta cyklistiky\",\"potentialAction\":[{\"@type\":\"SearchAction\",\"target\":{\"@type\":\"EntryPoint\",\"urlTemplate\":\"https:\/\/www.welovecycling.com\/sk\/?s={search_term_string}\"},\"query-input\":{\"@type\":\"PropertyValueSpecification\",\"valueRequired\":true,\"valueName\":\"search_term_string\"}}],\"inLanguage\":\"sk-SK\"},{\"@type\":\"Person\",\"@id\":\"https:\/\/www.welovecycling.com\/sk\/#\/schema\/person\/45e989de48eace55eb338c027dc5a65e\",\"name\":\"michal\",\"image\":{\"@type\":\"ImageObject\",\"inLanguage\":\"sk-SK\",\"@id\":\"https:\/\/www.welovecycling.com\/sk\/#\/schema\/person\/image\/\",\"url\":\"https:\/\/secure.gravatar.com\/avatar\/7f8deb1af8506a5f53d1b779436f546bce1c8c40c09780107ad3811c7dc4bbcb?s=96&d=mm&r=g\",\"contentUrl\":\"https:\/\/secure.gravatar.com\/avatar\/7f8deb1af8506a5f53d1b779436f546bce1c8c40c09780107ad3811c7dc4bbcb?s=96&d=mm&r=g\",\"caption\":\"michal\"},\"url\":\"https:\/\/www.welovecycling.com\/sk\/author\/michal\/\"}]}<\/script>\n<!-- \/ Yoast SEO Premium plugin. -->","yoast_head_json":{"title":"BAJKERKY FEST: pr\u00ed\u010f na prv\u00fd \u017eensk\u00fd MTB festival na Slovensku, ktor\u00fd vzi\u0161iel z komunity - \u0160koda We Love Cycling Slovensko","description":"Bajkerky Fest 2025 \u2013 jedine\u010dn\u00fd cyklistick\u00fd festival pre \u017eeny na Malin\u00f4 Brde. MTB jazdenie, workshopy, yoga, z\u00e1bava a komunita bajkeriek.","robots":{"index":"index","follow":"follow","max-snippet":"max-snippet:-1","max-image-preview":"max-image-preview:large","max-video-preview":"max-video-preview:-1"},"canonical":"https:\/\/www.welovecycling.com\/sk\/2025\/08\/29\/bajkerky-fest-prid-na-prvy-zensky-mtb-festival-na-slovensku-ktory-vzisiel-z-komunity\/","og_locale":"sk_SK","og_type":"article","og_title":"BAJKERKY FEST: pr\u00ed\u010f na prv\u00fd \u017eensk\u00fd MTB festival na Slovensku, ktor\u00fd vzi\u0161iel z komunity","og_description":"Bajkerky Fest 2025 \u2013 jedine\u010dn\u00fd cyklistick\u00fd festival pre \u017eeny na Malin\u00f4 Brde. MTB jazdenie, workshopy, yoga, z\u00e1bava a komunita bajkeriek.","og_url":"https:\/\/www.welovecycling.com\/sk\/2025\/08\/29\/bajkerky-fest-prid-na-prvy-zensky-mtb-festival-na-slovensku-ktory-vzisiel-z-komunity\/","og_site_name":"\u0160koda We Love Cycling Slovensko","article_published_time":"2025-08-29T07:00:18+00:00","article_modified_time":"2025-08-29T07:04:14+00:00","og_image":[{"width":2560,"height":1707,"url":"https:\/\/d2p6e6u75xmxt8.cloudfront.net\/4\/2025\/08\/DSC03581-min-scaled.webp","type":"image\/webp"}],"author":"michal","twitter_card":"summary_large_image","twitter_misc":{"Written by":"michal","Est. reading time":"4 minutes"},"schema":{"@context":"https:\/\/schema.org","@graph":[{"@type":"WebPage","@id":"https:\/\/www.welovecycling.com\/sk\/2025\/08\/29\/bajkerky-fest-prid-na-prvy-zensky-mtb-festival-na-slovensku-ktory-vzisiel-z-komunity\/","url":"https:\/\/www.welovecycling.com\/sk\/2025\/08\/29\/bajkerky-fest-prid-na-prvy-zensky-mtb-festival-na-slovensku-ktory-vzisiel-z-komunity\/","name":"BAJKERKY FEST: pr\u00ed\u010f na prv\u00fd \u017eensk\u00fd MTB festival na Slovensku, ktor\u00fd vzi\u0161iel z komunity - \u0160koda We Love Cycling Slovensko","isPartOf":{"@id":"https:\/\/www.welovecycling.com\/sk\/#website"},"primaryImageOfPage":{"@id":"https:\/\/www.welovecycling.com\/sk\/2025\/08\/29\/bajkerky-fest-prid-na-prvy-zensky-mtb-festival-na-slovensku-ktory-vzisiel-z-komunity\/#primaryimage"},"image":{"@id":"https:\/\/www.welovecycling.com\/sk\/2025\/08\/29\/bajkerky-fest-prid-na-prvy-zensky-mtb-festival-na-slovensku-ktory-vzisiel-z-komunity\/#primaryimage"},"thumbnailUrl":"https:\/\/d2p6e6u75xmxt8.cloudfront.net\/4\/2025\/08\/DSC03581-min-scaled.webp","datePublished":"2025-08-29T07:00:18+00:00","dateModified":"2025-08-29T07:04:14+00:00","author":{"@id":"https:\/\/www.welovecycling.com\/sk\/#\/schema\/person\/45e989de48eace55eb338c027dc5a65e"},"description":"Bajkerky Fest 2025 \u2013 jedine\u010dn\u00fd cyklistick\u00fd festival pre \u017eeny na Malin\u00f4 Brde. MTB jazdenie, workshopy, yoga, z\u00e1bava a komunita bajkeriek.","breadcrumb":{"@id":"https:\/\/www.welovecycling.com\/sk\/2025\/08\/29\/bajkerky-fest-prid-na-prvy-zensky-mtb-festival-na-slovensku-ktory-vzisiel-z-komunity\/#breadcrumb"},"inLanguage":"sk-SK","potentialAction":[{"@type":"ReadAction","target":["https:\/\/www.welovecycling.com\/sk\/2025\/08\/29\/bajkerky-fest-prid-na-prvy-zensky-mtb-festival-na-slovensku-ktory-vzisiel-z-komunity\/"]}]},{"@type":"ImageObject","inLanguage":"sk-SK","@id":"https:\/\/www.welovecycling.com\/sk\/2025\/08\/29\/bajkerky-fest-prid-na-prvy-zensky-mtb-festival-na-slovensku-ktory-vzisiel-z-komunity\/#primaryimage","url":"https:\/\/d2p6e6u75xmxt8.cloudfront.net\/4\/2025\/08\/DSC03581-min-scaled.webp","contentUrl":"https:\/\/d2p6e6u75xmxt8.cloudfront.net\/4\/2025\/08\/DSC03581-min-scaled.webp","width":2560,"height":1707},{"@type":"BreadcrumbList","@id":"https:\/\/www.welovecycling.com\/sk\/2025\/08\/29\/bajkerky-fest-prid-na-prvy-zensky-mtb-festival-na-slovensku-ktory-vzisiel-z-komunity\/#breadcrumb","itemListElement":[{"@type":"ListItem","position":1,"name":"Home","item":"https:\/\/www.welovecycling.com\/sk\/"},{"@type":"ListItem","position":2,"name":"BAJKERKY FEST: pr\u00ed\u010f na prv\u00fd \u017eensk\u00fd MTB festival na Slovensku, ktor\u00fd vzi\u0161iel z komunity"}]},{"@type":"WebSite","@id":"https:\/\/www.welovecycling.com\/sk\/#website","url":"https:\/\/www.welovecycling.com\/sk\/","name":"\u0160koda We Love Cycling Slovensko","description":"\u0160koda We Love Cycling Slovensko je v\u00e1\u0161 ka\u017edodenn\u00fd zdroj noviniek a in\u0161pir\u00e1cie z sveta cyklistiky","potentialAction":[{"@type":"SearchAction","target":{"@type":"EntryPoint","urlTemplate":"https:\/\/www.welovecycling.com\/sk\/?s={search_term_string}"},"query-input":{"@type":"PropertyValueSpecification","valueRequired":true,"valueName":"search_term_string"}}],"inLanguage":"sk-SK"},{"@type":"Person","@id":"https:\/\/www.welovecycling.com\/sk\/#\/schema\/person\/45e989de48eace55eb338c027dc5a65e","name":"michal","image":{"@type":"ImageObject","inLanguage":"sk-SK","@id":"https:\/\/www.welovecycling.com\/sk\/#\/schema\/person\/image\/","url":"https:\/\/secure.gravatar.com\/avatar\/7f8deb1af8506a5f53d1b779436f546bce1c8c40c09780107ad3811c7dc4bbcb?s=96&d=mm&r=g","contentUrl":"https:\/\/secure.gravatar.com\/avatar\/7f8deb1af8506a5f53d1b779436f546bce1c8c40c09780107ad3811c7dc4bbcb?s=96&d=mm&r=g","caption":"michal"},"url":"https:\/\/www.welovecycling.com\/sk\/author\/michal\/"}]}},"_links":{"self":[{"href":"https:\/\/www.welovecycling.com\/sk\/wp-json\/wp\/v2\/posts\/20952","targetHints":{"allow":["GET"]}}],"collection":[{"href":"https:\/\/www.welovecycling.com\/sk\/wp-json\/wp\/v2\/posts"}],"about":[{"href":"https:\/\/www.welovecycling.com\/sk\/wp-json\/wp\/v2\/types\/post"}],"author":[{"embeddable":true,"href":"https:\/\/www.welovecycling.com\/sk\/wp-json\/wp\/v2\/users\/191"}],"replies":[{"embeddable":true,"href":"https:\/\/www.welovecycling.com\/sk\/wp-json\/wp\/v2\/comments?post=20952"}],"version-history":[{"count":3,"href":"https:\/\/www.welovecycling.com\/sk\/wp-json\/wp\/v2\/posts\/20952\/revisions"}],"predecessor-version":[{"id":20964,"href":"https:\/\/www.welovecycling.com\/sk\/wp-json\/wp\/v2\/posts\/20952\/revisions\/20964"}],"wp:featuredmedia":[{"embeddable":true,"href":"https:\/\/www.welovecycling.com\/sk\/wp-json\/wp\/v2\/media\/20960"}],"wp:attachment":[{"href":"https:\/\/www.welovecycling.com\/sk\/wp-json\/wp\/v2\/media?parent=20952"}],"wp:term":[{"taxonomy":"category","embeddable":true,"href":"https:\/\/www.welovecycling.com\/sk\/wp-json\/wp\/v2\/categories?post=20952"},{"taxonomy":"post_tag","embeddable":true,"href":"https:\/\/www.welovecycling.com\/sk\/wp-json\/wp\/v2\/tags?post=20952"},{"taxonomy":"global-categories","embeddable":true,"href":"https:\/\/www.welovecycling.com\/sk\/wp-json\/wp\/v2\/global-categories?post=20952"}],"curies":[{"name":"wp","href":"https:\/\/api.w.org\/{rel}","templated":true}]}}