{"id":20926,"date":"2025-08-26T09:00:54","date_gmt":"2025-08-26T07:00:54","guid":{"rendered":"https:\/\/www.welovecycling.com\/sk\/?p=20926"},"modified":"2025-08-27T08:08:53","modified_gmt":"2025-08-27T06:08:53","slug":"letape-slovakia-2025-prilakalo-rekordnych-takmer-1-500-cyklistov","status":"publish","type":"post","link":"https:\/\/www.welovecycling.com\/sk\/2025\/08\/26\/letape-slovakia-2025-prilakalo-rekordnych-takmer-1-500-cyklistov\/","title":{"rendered":"L\u2019Etape Slovakia 2025 pril\u00e1kalo rekordn\u00fd po\u010det cyklistov. \u0160tartovali Ch\u00e1ra, Ham\u0161\u00edk aj olympijsk\u00fd v\u00ed\u0165az"},"content":{"rendered":"<p><strong>V nede\u013eu 24. augusta 2025 sa zap\u00edsala do hist\u00f3rie podujatia v\u00fdnimo\u010dn\u00e1 udalos\u0165 \u2013 na \u0161tart sa postavilo a\u017e 1 036 pretek\u00e1rov. Po prv\u00fd raz bola pokoren\u00e1 hranica 1 000 \u0161tartuj\u00facich, \u010d\u00edm sa tento ro\u010dn\u00edk stal doposia\u013e najv\u00e4\u010d\u0161\u00edm.<\/strong><!--more--><\/p>\n<p><span style=\"font-weight: 400;\">Atmosf\u00e9ru podujatia e\u0161te umocnila pr\u00edtomnos\u0165 ve\u013ek\u00fdch \u0161portov\u00fdch mien \u2013 vr\u00e1tane olympijsk\u00e9ho \u0161ampi\u00f3na a v\u00ed\u0165aza legend\u00e1rneho Paris\u2013Roubaix <\/span><b>Grega Van Avermaeta<\/b><span style=\"font-weight: 400;\">, ktor\u00fd sa stal najv\u00e4\u010d\u0161ou hviezdou tohto ro\u010dn\u00edka a podujatie si pochva\u013eoval: <i>\u201eBol to pre m\u0148a kr\u00e1sny de\u0148, jazdu som si skuto\u010dne u\u017eil a atmosf\u00e9ra bola v\u00fdnimo\u010dn\u00e1.\u201c<\/i><\/span><\/p>\n<figure id=\"attachment_20932\" aria-describedby=\"caption-attachment-20932\" style=\"width: 1440px\" class=\"wp-caption alignnone\"><a href=\"https:\/\/d2p6e6u75xmxt8.cloudfront.net\/4\/2025\/08\/6a.webp\"><img loading=\"lazy\" decoding=\"async\" class=\"wp-image-20932 size-full\" src=\"https:\/\/d2p6e6u75xmxt8.cloudfront.net\/4\/2025\/08\/6a.webp\" alt=\"Greg Van Avermaet na L\u2019Etape Slovakia 2025.\" width=\"1440\" height=\"960\" srcset=\"https:\/\/d2p6e6u75xmxt8.cloudfront.net\/4\/2025\/08\/6a.webp 1440w, https:\/\/d2p6e6u75xmxt8.cloudfront.net\/4\/2025\/08\/6a-300x200.webp 300w, https:\/\/d2p6e6u75xmxt8.cloudfront.net\/4\/2025\/08\/6a-1024x683.webp 1024w, https:\/\/d2p6e6u75xmxt8.cloudfront.net\/4\/2025\/08\/6a-768x512.webp 768w, https:\/\/d2p6e6u75xmxt8.cloudfront.net\/4\/2025\/08\/6a-400x267.webp 400w, https:\/\/d2p6e6u75xmxt8.cloudfront.net\/4\/2025\/08\/6a-272x182.webp 272w\" sizes=\"auto, (max-width: 1440px) 100vw, 1440px\" \/><\/a><figcaption id=\"caption-attachment-20932\" class=\"wp-caption-text\">Greg Van Avermaet na L\u2019Etape Slovakia 2025.<\/figcaption><\/figure>\n<h2><strong>\u010eal\u0161ie zn\u00e1me men\u00e1<\/strong><\/h2>\n<p><span style=\"font-weight: 400;\">Na trati sa predstavil aj v\u00ed\u0165az etapy z Tour de France <\/span><b>J\u00e1n Svorada<\/b><span style=\"font-weight: 400;\">, ako aj sk\u00fasen\u00ed jazdci zo sl\u00e1vnej Tour a ambas\u00e1dori podujatia \u2013 bratia Peter a Martin Velits. Atmosf\u00e9ru spestrila aj \u00fa\u010das\u0165 \u0161portov\u00fdch ikon z in\u00fdch odvetv\u00ed: hokejov\u00e1 legenda Bostonu <\/span><b>Zdeno Ch\u00e1ra<\/b><span style=\"font-weight: 400;\">, ktor\u00fd sa v Bratislave postavil na \u0161tart u\u017e tret\u00ed raz: <\/span><i>\u201eBoli to op\u00e4\u0165 skvel\u00e9 preteky. Tento ro\u010dn\u00edk bol cite\u013ene r\u00fdchlej\u0161\u00ed ne\u017e predch\u00e1dzaj\u00face, \u010do len potvrdzuje, ak\u00e1 kvalitn\u00e1 bola konkurencia.\u201c<\/i><\/p>\n<p><span style=\"font-weight: 400;\">Na \u0161tarte nech\u00fdbal ani b\u00fdval\u00fd profesion\u00e1lny futbalista a dlhoro\u010dn\u00fd kapit\u00e1n slovenskej reprezent\u00e1cie <\/span><b>Marek Ham\u0161\u00edk<\/b><span style=\"font-weight: 400;\">, ktor\u00fd po pretekoch poznamenal: <\/span><i>\u201eI\u0161lo sa mi ve\u013emi dobre, atmosf\u00e9ra bola fantastick\u00e1 a navy\u0161e sa mi podarilo zlep\u0161i\u0165 svoj \u010das. Som ve\u013emi spokojn\u00fd.\u201c<\/i> <span style=\"font-weight: 400;\">Premi\u00e9ru na podujat\u00ed za\u017eil \u0161portov\u00fd motiv\u00e1tor a tr\u00e9ner <\/span><b>Jany Landl<\/b><span style=\"font-weight: 400;\">.<\/span><\/p>\n<p>&nbsp;<\/p>\n<p><span style=\"font-weight: 400;\">Rekordn\u00e1 \u00fa\u010das\u0165 aj pr\u00edtomnos\u0165 \u0161portov\u00fdch legiend potvrdili rast\u00facu popularitu L\u2019Etape Slovakia. K \u00faspechu podujatia prispievaj\u00fa nielen samotn\u00ed \u00fa\u010dastn\u00edci, ale aj podpora gener\u00e1lneho partnera, <\/span><b>\u0160koda Auto Slovensko<\/b><span style=\"font-weight: 400;\">.<\/span><\/p>\n<p><i>\u201eSme ve\u013emi radi, \u017ee sa op\u00e4\u0165 podarilo na slovensk\u00e9 cesty prinies\u0165 atmosf\u00e9ru legend\u00e1rnej Tour de France a\u00a0z\u00e1rove\u0148 je n\u00e1m c\u0165ou, \u017ee \u0160koda Auto Slovensko mohla by\u0165 pri tom v \u00falohe hrd\u00e9ho gener\u00e1lneho partnera, a to u\u017e piaty rok po sebe. Te\u0161\u00ed n\u00e1s, \u017ee z roka na rok ide o st\u00e1le popul\u00e1rnej\u0161ie podujatie s \u00fa\u017easnou, nezabudnute\u013enou atmosf\u00e9rou a profesion\u00e1lnou organiz\u00e1ciou. Sved\u010d\u00ed o tom aj tohtoro\u010dn\u00fd rekordn\u00fd po\u010det \u0161tartuj\u00facich pretek\u00e1rov, medzi ktor\u00fdmi boli aj na\u0161i kolegovia reprezentuj\u00faci zna\u010dku \u0160koda zo Slovenska i susednej \u010ceskej republiky. U\u017e teraz sa te\u0161\u00edme na bud\u00faci ro\u010dn\u00edk t\u00fdchto skvel\u00fdch pretekov, ktor\u00e9 s rados\u0165ou op\u00e4\u0165 podpor\u00edme, tak, ako to rob\u00edme u\u017e od ich za\u010diatku. Zna\u010dka \u0160koda m\u00e1 toti\u017e cyklistiku vo svojej DNA,\u201c<\/i><i><span style=\"font-weight: 400;\">\u00a0<\/span><\/i><span style=\"font-weight: 400;\">hovor\u00ed <\/span><b>Michal Pres<\/b><span style=\"font-weight: 400;\">, ved\u00faci oddelenia Marketing a produkt v spolo\u010dnosti \u0160koda Auto Slovensko. \u00a0<\/span><\/p>\n<p><a href=\"https:\/\/d2p6e6u75xmxt8.cloudfront.net\/4\/2025\/08\/DSC06483_3_11zon-scaled.webp\"><img loading=\"lazy\" decoding=\"async\" class=\"alignnone size-extra-large wp-image-20933\" src=\"https:\/\/d2p6e6u75xmxt8.cloudfront.net\/4\/2025\/08\/DSC06483_3_11zon-1920x1280.webp\" alt=\"\" width=\"1920\" height=\"1280\" srcset=\"https:\/\/d2p6e6u75xmxt8.cloudfront.net\/4\/2025\/08\/DSC06483_3_11zon-1920x1280.webp 1920w, https:\/\/d2p6e6u75xmxt8.cloudfront.net\/4\/2025\/08\/DSC06483_3_11zon-300x200.webp 300w, https:\/\/d2p6e6u75xmxt8.cloudfront.net\/4\/2025\/08\/DSC06483_3_11zon-1024x683.webp 1024w, https:\/\/d2p6e6u75xmxt8.cloudfront.net\/4\/2025\/08\/DSC06483_3_11zon-768x512.webp 768w, https:\/\/d2p6e6u75xmxt8.cloudfront.net\/4\/2025\/08\/DSC06483_3_11zon-1536x1024.webp 1536w, https:\/\/d2p6e6u75xmxt8.cloudfront.net\/4\/2025\/08\/DSC06483_3_11zon-2048x1365.webp 2048w, https:\/\/d2p6e6u75xmxt8.cloudfront.net\/4\/2025\/08\/DSC06483_3_11zon-400x267.webp 400w, https:\/\/d2p6e6u75xmxt8.cloudfront.net\/4\/2025\/08\/DSC06483_3_11zon-272x182.webp 272w, https:\/\/d2p6e6u75xmxt8.cloudfront.net\/4\/2025\/08\/DSC06483_3_11zon-1920x1280.webp 1920w\" sizes=\"auto, (max-width: 1920px) 100vw, 1920px\" \/><\/a><\/p>\n<p><span style=\"font-weight: 400;\">Celkovo sa na podujatie prihl\u00e1silo a\u017e 1462 \u00fa\u010dastn\u00edkov, z ktor\u00fdch \u010das\u0165 \u0161tartovala u\u017e v sobotu v r\u00e1mci hobby discipl\u00edn. Rekordn\u00fd po\u010det det\u00ed \u2013 162 mal\u00fdch jazdcov \u2013 si vysk\u00fa\u0161al atmosf\u00e9ru na detsk\u00fdch pretekoch a do rodinnej jazdy Family Ride na dvoch r\u00f4znych tras\u00e1ch sa zapojilo 200 cyklistov a cyklistiek.<\/span><\/p>\n<p><span style=\"font-weight: 400;\">Vrcholom programu boli hlavn\u00e9 discipl\u00edny, do ktor\u00fdch sa zapojilo 1 036 pretek\u00e1rov. Na \u0161tart n\u00e1ro\u010dnej\u0161ej 112 km trate RACE sa postavilo 539 jazdcov, zatia\u013e \u010do krat\u0161iu, 60 km trasu RIDE absolvovalo 497 cyklistov. Ide o rekordn\u00e9 po\u010dty a oproti posledn\u00e9mu ro\u010dn\u00edku n\u00e1rast pribli\u017ene o 10% v ka\u017edej discipl\u00edne.<\/span><\/p>\n<p><i>\u201eTento ro\u010dn\u00edk bol pre n\u00e1s v\u00fdnimo\u010dn\u00fd aj v\u010faka \u00fa\u010dasti Grega Van Avermaeta. Pri jeho mene sme pripravili \u0161peci\u00e1lnu discipl\u00ednu \u2013 Golden Greg Climb, fin\u00e1lny meran\u00fd dvojkilometrov\u00fd \u00fasek do cie\u013ea. Najr\u00fdchlej\u0161ou zo \u017eien bola Sandra Adamczik, ktor\u00e1 z\u00e1rove\u0148 zv\u00ed\u0165azila v discipl\u00edne RIDE, a medzi mu\u017emi dominoval Samuel Kov\u00e1\u010d, v\u00ed\u0165az hlavnej trate RACE. Obaja si prevzali ceny priamo z r\u00fak Grega Van Avermaeta, ktor\u00fd im na p\u00f3diu odovzdal aj dres \u2013 bol to skuto\u010dne nezabudnute\u013en\u00fd moment pre pretek\u00e1rov aj div\u00e1kov,\u201c<\/i> <span style=\"font-weight: 400;\">uviedol s \u00fasmevom<\/span><b> race director Jozef Pukalovi\u010d <\/b><span style=\"font-weight: 400;\">a dodal:<\/span> <i>\u201eVe\u013ek\u00e9 po\u010fakovanie za pomoc a podporu patr\u00ed v\u0161etk\u00fdm na\u0161im partnerom, samospr\u00e1vam po trase pretekov a dopravnej a obecnej pol\u00edcii. Ka\u017ed\u00fd prilo\u017eil ruku k dielu a za\u017eili sme kr\u00e1sny \u0161portov\u00fd v\u00edkend.\u201c<\/i><\/p>\n<p><a href=\"https:\/\/d2p6e6u75xmxt8.cloudfront.net\/4\/2025\/08\/2a.webp\"><img loading=\"lazy\" decoding=\"async\" class=\"alignnone size-full wp-image-20928\" src=\"https:\/\/d2p6e6u75xmxt8.cloudfront.net\/4\/2025\/08\/2a.webp\" alt=\"\" width=\"1440\" height=\"960\" srcset=\"https:\/\/d2p6e6u75xmxt8.cloudfront.net\/4\/2025\/08\/2a.webp 1440w, https:\/\/d2p6e6u75xmxt8.cloudfront.net\/4\/2025\/08\/2a-300x200.webp 300w, https:\/\/d2p6e6u75xmxt8.cloudfront.net\/4\/2025\/08\/2a-1024x683.webp 1024w, https:\/\/d2p6e6u75xmxt8.cloudfront.net\/4\/2025\/08\/2a-768x512.webp 768w, https:\/\/d2p6e6u75xmxt8.cloudfront.net\/4\/2025\/08\/2a-400x267.webp 400w, https:\/\/d2p6e6u75xmxt8.cloudfront.net\/4\/2025\/08\/2a-272x182.webp 272w\" sizes=\"auto, (max-width: 1440px) 100vw, 1440px\" \/><\/a><\/p>\n<h2><strong>Kto zv\u00ed\u0165azil?<\/strong><\/h2>\n<p><span style=\"font-weight: 400;\">Organiz\u00e1tori zaznamen\u00e1vaj\u00fa rast\u00faci z\u00e1ujem aj zo strany zahrani\u010dn\u00fdch cyklistov. Tento trend odr\u00e1\u017ea zvy\u0161uj\u00facu sa popularitu konceptu, ktor\u00fd sa kon\u00e1 u\u017e v 21 krajin\u00e1ch sveta a dnes predstavuje najv\u00e4\u010d\u0161ie cyklistick\u00e9 podujatie na Slovensku ur\u010den\u00e9 pre amat\u00e9rskych jazdcov a \u0161irok\u00fa verejnos\u0165.<\/span><\/p>\n<p><span style=\"font-weight: 400;\">Na dlhej 112 km trati RACE si v\u00ed\u0165azstvo vybojoval <\/span><b>Samuel Kov\u00e1\u010d<\/b><span style=\"font-weight: 400;\">, 22-ro\u010dn\u00fd jazdec BeatMe Cycling Team, s \u010dasom <\/span><b>2:55:56,5<\/b><span style=\"font-weight: 400;\">. S n\u00e1skokom takmer 24 sek\u00fand predstihol minuloro\u010dn\u00e9ho v\u00ed\u0165aza <\/span><b>Petra Fialu<\/b><span style=\"font-weight: 400;\"> z t\u00edmu Fany Gastro Integray L27, ktor\u00fd svoj \u010das zlep\u0161il viac ne\u017e o min\u00fatu a 20 sek\u00fand \u2013 zaznamenal <\/span><b>2:56:20,4<\/b><span style=\"font-weight: 400;\">. Tretie miesto obsadil <\/span><b>Tom\u00e1\u0161 Vi\u0161\u0148ovsk\u00fd<\/b><span style=\"font-weight: 400;\"> z klubu BeatMe Cycling Team s \u010dasom <\/span><b>2:56:49,9<\/b><span style=\"font-weight: 400;\">.<\/span><\/p>\n<p><span style=\"font-weight: 400;\">Na krat\u0161ej 60 km trati RIDE si po v\u00ed\u0165azstvo pri\u0161iel a\u017e zo \u0160panielska <\/span><b>Gabriel Girau Tur<\/b><span style=\"font-weight: 400;\"> (T\u00edm MsK) s \u010dasom <\/span><b>1:42:37,8<\/b><span style=\"font-weight: 400;\">. Druh\u00e9 miesto obsadil <\/span><b>Jakub Slavkovsk\u00fd<\/b><span style=\"font-weight: 400;\"> (Sanaclis SLAVKO) so stratou 2 min\u00faty a 9 sek\u00fand (<\/span><b>1:44:47,2<\/b><span style=\"font-weight: 400;\">). O tretie miesto sa strhlo dramatick\u00e9 s\u00faperenie \u2013 a\u017e traja jazdci dorazili do cie\u013ea v rozmedz\u00ed 0,3 sekundy. Tento s\u00faboj napokon vyhral <\/span><b>Poliak Max Gli\u0144ski<\/b><span style=\"font-weight: 400;\"> (Velo Creation) s \u010dasom <\/span><b>1:45:44,8<\/b><span style=\"font-weight: 400;\">.<\/span><\/p>\n<div id='gallery-1' class='gallery galleryid-20926 gallery-columns-2 gallery-size-full'><figure class='gallery-item'>\n\t\t\t<div class='gallery-icon landscape'>\n\t\t\t\t<a href='https:\/\/d2p6e6u75xmxt8.cloudfront.net\/4\/2025\/08\/4a.webp'><img loading=\"lazy\" decoding=\"async\" width=\"1440\" height=\"960\" src=\"https:\/\/d2p6e6u75xmxt8.cloudfront.net\/4\/2025\/08\/4a.webp\" class=\"attachment-full size-full\" alt=\"\" srcset=\"https:\/\/d2p6e6u75xmxt8.cloudfront.net\/4\/2025\/08\/4a.webp 1440w, https:\/\/d2p6e6u75xmxt8.cloudfront.net\/4\/2025\/08\/4a-300x200.webp 300w, https:\/\/d2p6e6u75xmxt8.cloudfront.net\/4\/2025\/08\/4a-1024x683.webp 1024w, https:\/\/d2p6e6u75xmxt8.cloudfront.net\/4\/2025\/08\/4a-768x512.webp 768w, https:\/\/d2p6e6u75xmxt8.cloudfront.net\/4\/2025\/08\/4a-400x267.webp 400w, https:\/\/d2p6e6u75xmxt8.cloudfront.net\/4\/2025\/08\/4a-272x182.webp 272w\" sizes=\"auto, (max-width: 1440px) 100vw, 1440px\" \/><\/a>\n\t\t\t<\/div><\/figure><figure class='gallery-item'>\n\t\t\t<div class='gallery-icon landscape'>\n\t\t\t\t<a href='https:\/\/d2p6e6u75xmxt8.cloudfront.net\/4\/2025\/08\/3a.webp'><img loading=\"lazy\" decoding=\"async\" width=\"1440\" height=\"960\" src=\"https:\/\/d2p6e6u75xmxt8.cloudfront.net\/4\/2025\/08\/3a.webp\" class=\"attachment-full size-full\" alt=\"\" srcset=\"https:\/\/d2p6e6u75xmxt8.cloudfront.net\/4\/2025\/08\/3a.webp 1440w, https:\/\/d2p6e6u75xmxt8.cloudfront.net\/4\/2025\/08\/3a-300x200.webp 300w, https:\/\/d2p6e6u75xmxt8.cloudfront.net\/4\/2025\/08\/3a-1024x683.webp 1024w, https:\/\/d2p6e6u75xmxt8.cloudfront.net\/4\/2025\/08\/3a-768x512.webp 768w, https:\/\/d2p6e6u75xmxt8.cloudfront.net\/4\/2025\/08\/3a-400x267.webp 400w, https:\/\/d2p6e6u75xmxt8.cloudfront.net\/4\/2025\/08\/3a-272x182.webp 272w\" sizes=\"auto, (max-width: 1440px) 100vw, 1440px\" \/><\/a>\n\t\t\t<\/div><\/figure>\n\t\t<\/div>\n\n<p><span style=\"font-weight: 400;\">V\u00ed\u0165azkou discipl\u00edny <\/span><b>RACE<\/b><span style=\"font-weight: 400;\"> sa stala <\/span><b>Denisa Sl\u00e1mov\u00e1<\/b><span style=\"font-weight: 400;\"> z Cyklotrenink s \u010dasom <\/span><b>3:09:33,8<\/b><span style=\"font-weight: 400;\">. Ide o jej v\u00ed\u0165azn\u00fd hetrik, ke\u010f triumfovala aj v rokoch 2023 a 2024. Druh\u00e9 miesto obsadila <\/span><b>Nikola \u010corbov\u00e1<\/b><span style=\"font-weight: 400;\"> s \u010dasom <\/span><b>3:23:43,3<\/b><span style=\"font-weight: 400;\">, ktor\u00e1 sa presl\u00e1vila vo svete triatlonu v\u010faka absol\u00fatnemu v\u00ed\u0165azstvu v extr\u00e9mnom triatlone v Himal\u00e1jach, kde ako historicky prv\u00e1 \u017eena dok\u00e1zala porazi\u0165 aj mu\u017esk\u00fdch konkurentov a dorazi\u0165 prv\u00e1 do cie\u013ea. Tretie miesto z\u00edskala <\/span><b>Bianka Baba\u010dov\u00e1<\/b><span style=\"font-weight: 400;\"> (WLRM ISADORE Team), minul\u00fd rok druh\u00e1 na krat\u0161ej trati RIDE s \u010dasom <\/span><b>3:24:04,1<\/b><span style=\"font-weight: 400;\">.<\/span><\/p>\n<p><span style=\"font-weight: 400;\">Na krat\u0161ej trati RIDE sa najr\u00fdchlej\u0161ou jazdky\u0148ou stala <\/span><b>po\u013esk\u00e1 cyklistka Sandra Adamczyk Stepie\u0144<\/b><span style=\"font-weight: 400;\"> (Velo Creation) s \u010dasom <\/span><b>1:47:24,1<\/b><span style=\"font-weight: 400;\">. Druh\u00e9 miesto obsadila minuloro\u010dn\u00e1 v\u00ed\u0165azka, len 16-ro\u010dn\u00e1 <\/span><b>Nat\u00e1lia Letkov\u00e1<\/b><span style=\"font-weight: 400;\"> z CK Epic Doh\u0148any s \u010dasom <\/span><b>1:49:47,7<\/b><span style=\"font-weight: 400;\">, a tretie miesto patrilo <\/span><b>Kl\u00e1re Wiednerovej<\/b><span style=\"font-weight: 400;\"> z klubu Czech Sisters s \u010dasom <\/span><b>1:52:18,3<\/b><span style=\"font-weight: 400;\">, ktor\u00e1 patr\u00ed medzi najlep\u0161ie amat\u00e9rske cyklistky v \u010ceskej republike.<\/span><\/p>\n<h2><b>Bratislava \u017eila cyklistikou<\/b><\/h2>\n<p><span style=\"font-weight: 400;\">L\u2019Etape Slovakia by Tour de France sa op\u00e4\u0165 potvrdilo ako cyklistick\u00fd sviatok, ktor\u00fd sp\u00e1ja \u0161portov\u00e9 v\u00fdkony, komunitu a jedine\u010dn\u00fa atmosf\u00e9ru. Rekordn\u00e1 \u00fa\u010das\u0165, hviezdni hostia a nad\u0161enie fan\u00fa\u0161ikov spravili z piateho ro\u010dn\u00edka nezabudnute\u013en\u00fd v\u00edkend.<\/span><\/p>\n<p>Aktualizovan\u00e9 27. 8. 2025, zdroj foto: L\u2019Etape Slovakia by Tour de France<\/p>\n","protected":false},"excerpt":{"rendered":"<p>V nede\u013eu 24. augusta 2025 sa zap\u00edsala do hist\u00f3rie podujatia v\u00fdnimo\u010dn\u00e1 udalos\u0165 \u2013 na \u0161tart sa postavilo a\u017e 1 036 [&hellip;]<\/p>\n","protected":false},"author":191,"featured_media":20927,"comment_status":"closed","ping_status":"closed","sticky":false,"template":"","format":"standard","meta":{"footnotes":""},"categories":[1350],"tags":[319,619,521,115,546,532,767,931,37,179,39,1009,523,20,269,183,1117],"global-categories":[],"class_list":["post-20926","post","type-post","status-publish","format-standard","has-post-thumbnail","hentry","category-letape-slovakia","tag-adrenalin","tag-bicyklovanie","tag-bratislava","tag-cestna-cyklistika","tag-cyklistika","tag-jazdenie","tag-motivacia","tag-odporucame","tag-podujatia","tag-preteky","tag-reportaz","tag-skoda-auto","tag-slovensko","tag-tour-de-france","tag-vitaz","tag-zabava","tag-zazitok"],"yoast_head":"<!-- This site is optimized with the Yoast SEO Premium plugin v25.3 (Yoast SEO v25.9) - https:\/\/yoast.com\/wordpress\/plugins\/seo\/ -->\n<title>L\u2019Etape Slovakia 2025 pril\u00e1kalo rekordn\u00fdch takmer 1 500 cyklistov<\/title>\n<meta name=\"description\" content=\"Na \u0161tart 5. ro\u010dn\u00edka L\u2019Etape Slovakia by Tour de France sa postavilo takmer 1 500 rekrea\u010dn\u00fdch aj v\u00fdkonnostn\u00fdch cyklistov.\" \/>\n<meta name=\"robots\" content=\"index, follow, max-snippet:-1, max-image-preview:large, max-video-preview:-1\" \/>\n<link rel=\"canonical\" href=\"https:\/\/www.welovecycling.com\/sk\/2025\/08\/26\/letape-slovakia-2025-prilakalo-rekordnych-takmer-1-500-cyklistov\/\" \/>\n<meta property=\"og:locale\" content=\"sk_SK\" \/>\n<meta property=\"og:type\" content=\"article\" \/>\n<meta property=\"og:title\" content=\"L\u2019Etape Slovakia 2025 pril\u00e1kalo rekordn\u00fd po\u010det cyklistov. \u0160tartovali Ch\u00e1ra, Ham\u0161\u00edk aj olympijsk\u00fd v\u00ed\u0165az\" \/>\n<meta property=\"og:description\" content=\"Na \u0161tart 5. ro\u010dn\u00edka L\u2019Etape Slovakia by Tour de France sa postavilo takmer 1 500 rekrea\u010dn\u00fdch aj v\u00fdkonnostn\u00fdch cyklistov.\" \/>\n<meta property=\"og:url\" content=\"https:\/\/www.welovecycling.com\/sk\/2025\/08\/26\/letape-slovakia-2025-prilakalo-rekordnych-takmer-1-500-cyklistov\/\" \/>\n<meta property=\"og:site_name\" content=\"\u0160koda We Love Cycling Slovensko\" \/>\n<meta property=\"article:published_time\" content=\"2025-08-26T07:00:54+00:00\" \/>\n<meta property=\"article:modified_time\" content=\"2025-08-27T06:08:53+00:00\" \/>\n<meta property=\"og:image\" content=\"https:\/\/d2p6e6u75xmxt8.cloudfront.net\/4\/2025\/08\/1a.webp\" \/>\n\t<meta property=\"og:image:width\" content=\"1440\" \/>\n\t<meta property=\"og:image:height\" content=\"960\" \/>\n\t<meta property=\"og:image:type\" content=\"image\/webp\" \/>\n<meta name=\"author\" content=\"michal\" \/>\n<meta name=\"twitter:card\" content=\"summary_large_image\" \/>\n<meta name=\"twitter:label1\" content=\"Written by\" \/>\n\t<meta name=\"twitter:data1\" content=\"We Love Cycling\" \/>\n\t<meta name=\"twitter:label2\" content=\"Est. reading time\" \/>\n\t<meta name=\"twitter:data2\" content=\"2\" \/>\n<script type=\"application\/ld+json\" class=\"yoast-schema-graph\">{\"@context\":\"https:\/\/schema.org\",\"@graph\":[{\"@type\":\"WebPage\",\"@id\":\"https:\/\/www.welovecycling.com\/sk\/2025\/08\/26\/letape-slovakia-2025-prilakalo-rekordnych-takmer-1-500-cyklistov\/\",\"url\":\"https:\/\/www.welovecycling.com\/sk\/2025\/08\/26\/letape-slovakia-2025-prilakalo-rekordnych-takmer-1-500-cyklistov\/\",\"name\":\"L\u2019Etape Slovakia 2025 pril\u00e1kalo rekordn\u00fdch takmer 1 500 cyklistov\",\"isPartOf\":{\"@id\":\"https:\/\/www.welovecycling.com\/sk\/#website\"},\"primaryImageOfPage\":{\"@id\":\"https:\/\/www.welovecycling.com\/sk\/2025\/08\/26\/letape-slovakia-2025-prilakalo-rekordnych-takmer-1-500-cyklistov\/#primaryimage\"},\"image\":{\"@id\":\"https:\/\/www.welovecycling.com\/sk\/2025\/08\/26\/letape-slovakia-2025-prilakalo-rekordnych-takmer-1-500-cyklistov\/#primaryimage\"},\"thumbnailUrl\":\"https:\/\/d2p6e6u75xmxt8.cloudfront.net\/4\/2025\/08\/1a.webp\",\"datePublished\":\"2025-08-26T07:00:54+00:00\",\"dateModified\":\"2025-08-27T06:08:53+00:00\",\"author\":{\"@id\":\"https:\/\/www.welovecycling.com\/sk\/#\/schema\/person\/45e989de48eace55eb338c027dc5a65e\"},\"description\":\"Na \u0161tart 5. ro\u010dn\u00edka L\u2019Etape Slovakia by Tour de France sa postavilo takmer 1 500 rekrea\u010dn\u00fdch aj v\u00fdkonnostn\u00fdch cyklistov.\",\"breadcrumb\":{\"@id\":\"https:\/\/www.welovecycling.com\/sk\/2025\/08\/26\/letape-slovakia-2025-prilakalo-rekordnych-takmer-1-500-cyklistov\/#breadcrumb\"},\"inLanguage\":\"sk-SK\",\"potentialAction\":[{\"@type\":\"ReadAction\",\"target\":[\"https:\/\/www.welovecycling.com\/sk\/2025\/08\/26\/letape-slovakia-2025-prilakalo-rekordnych-takmer-1-500-cyklistov\/\"]}]},{\"@type\":\"ImageObject\",\"inLanguage\":\"sk-SK\",\"@id\":\"https:\/\/www.welovecycling.com\/sk\/2025\/08\/26\/letape-slovakia-2025-prilakalo-rekordnych-takmer-1-500-cyklistov\/#primaryimage\",\"url\":\"https:\/\/d2p6e6u75xmxt8.cloudfront.net\/4\/2025\/08\/1a.webp\",\"contentUrl\":\"https:\/\/d2p6e6u75xmxt8.cloudfront.net\/4\/2025\/08\/1a.webp\",\"width\":1440,\"height\":960,\"caption\":\"L\u2019Etape Slovakia 2025.\"},{\"@type\":\"BreadcrumbList\",\"@id\":\"https:\/\/www.welovecycling.com\/sk\/2025\/08\/26\/letape-slovakia-2025-prilakalo-rekordnych-takmer-1-500-cyklistov\/#breadcrumb\",\"itemListElement\":[{\"@type\":\"ListItem\",\"position\":1,\"name\":\"Home\",\"item\":\"https:\/\/www.welovecycling.com\/sk\/\"},{\"@type\":\"ListItem\",\"position\":2,\"name\":\"L\u2019Etape Slovakia 2025 pril\u00e1kalo rekordn\u00fd po\u010det cyklistov. \u0160tartovali Ch\u00e1ra, Ham\u0161\u00edk aj olympijsk\u00fd v\u00ed\u0165az\"}]},{\"@type\":\"WebSite\",\"@id\":\"https:\/\/www.welovecycling.com\/sk\/#website\",\"url\":\"https:\/\/www.welovecycling.com\/sk\/\",\"name\":\"\u0160koda We Love Cycling Slovensko\",\"description\":\"\u0160koda We Love Cycling Slovensko je v\u00e1\u0161 ka\u017edodenn\u00fd zdroj noviniek a in\u0161pir\u00e1cie z sveta cyklistiky\",\"potentialAction\":[{\"@type\":\"SearchAction\",\"target\":{\"@type\":\"EntryPoint\",\"urlTemplate\":\"https:\/\/www.welovecycling.com\/sk\/?s={search_term_string}\"},\"query-input\":{\"@type\":\"PropertyValueSpecification\",\"valueRequired\":true,\"valueName\":\"search_term_string\"}}],\"inLanguage\":\"sk-SK\"},{\"@type\":\"Person\",\"@id\":\"https:\/\/www.welovecycling.com\/sk\/#\/schema\/person\/45e989de48eace55eb338c027dc5a65e\",\"name\":\"michal\",\"image\":{\"@type\":\"ImageObject\",\"inLanguage\":\"sk-SK\",\"@id\":\"https:\/\/www.welovecycling.com\/sk\/#\/schema\/person\/image\/\",\"url\":\"https:\/\/secure.gravatar.com\/avatar\/7f8deb1af8506a5f53d1b779436f546bce1c8c40c09780107ad3811c7dc4bbcb?s=96&d=mm&r=g\",\"contentUrl\":\"https:\/\/secure.gravatar.com\/avatar\/7f8deb1af8506a5f53d1b779436f546bce1c8c40c09780107ad3811c7dc4bbcb?s=96&d=mm&r=g\",\"caption\":\"michal\"},\"url\":\"https:\/\/www.welovecycling.com\/sk\/author\/michal\/\"}]}<\/script>\n<!-- \/ Yoast SEO Premium plugin. -->","yoast_head_json":{"title":"L\u2019Etape Slovakia 2025 pril\u00e1kalo rekordn\u00fdch takmer 1 500 cyklistov","description":"Na \u0161tart 5. ro\u010dn\u00edka L\u2019Etape Slovakia by Tour de France sa postavilo takmer 1 500 rekrea\u010dn\u00fdch aj v\u00fdkonnostn\u00fdch cyklistov.","robots":{"index":"index","follow":"follow","max-snippet":"max-snippet:-1","max-image-preview":"max-image-preview:large","max-video-preview":"max-video-preview:-1"},"canonical":"https:\/\/www.welovecycling.com\/sk\/2025\/08\/26\/letape-slovakia-2025-prilakalo-rekordnych-takmer-1-500-cyklistov\/","og_locale":"sk_SK","og_type":"article","og_title":"L\u2019Etape Slovakia 2025 pril\u00e1kalo rekordn\u00fd po\u010det cyklistov. \u0160tartovali Ch\u00e1ra, Ham\u0161\u00edk aj olympijsk\u00fd v\u00ed\u0165az","og_description":"Na \u0161tart 5. ro\u010dn\u00edka L\u2019Etape Slovakia by Tour de France sa postavilo takmer 1 500 rekrea\u010dn\u00fdch aj v\u00fdkonnostn\u00fdch cyklistov.","og_url":"https:\/\/www.welovecycling.com\/sk\/2025\/08\/26\/letape-slovakia-2025-prilakalo-rekordnych-takmer-1-500-cyklistov\/","og_site_name":"\u0160koda We Love Cycling Slovensko","article_published_time":"2025-08-26T07:00:54+00:00","article_modified_time":"2025-08-27T06:08:53+00:00","og_image":[{"width":1440,"height":960,"url":"https:\/\/d2p6e6u75xmxt8.cloudfront.net\/4\/2025\/08\/1a.webp","type":"image\/webp"}],"author":"michal","twitter_card":"summary_large_image","twitter_misc":{"Written by":"We Love Cycling","Est. reading time":"2"},"schema":{"@context":"https:\/\/schema.org","@graph":[{"@type":"WebPage","@id":"https:\/\/www.welovecycling.com\/sk\/2025\/08\/26\/letape-slovakia-2025-prilakalo-rekordnych-takmer-1-500-cyklistov\/","url":"https:\/\/www.welovecycling.com\/sk\/2025\/08\/26\/letape-slovakia-2025-prilakalo-rekordnych-takmer-1-500-cyklistov\/","name":"L\u2019Etape Slovakia 2025 pril\u00e1kalo rekordn\u00fdch takmer 1 500 cyklistov","isPartOf":{"@id":"https:\/\/www.welovecycling.com\/sk\/#website"},"primaryImageOfPage":{"@id":"https:\/\/www.welovecycling.com\/sk\/2025\/08\/26\/letape-slovakia-2025-prilakalo-rekordnych-takmer-1-500-cyklistov\/#primaryimage"},"image":{"@id":"https:\/\/www.welovecycling.com\/sk\/2025\/08\/26\/letape-slovakia-2025-prilakalo-rekordnych-takmer-1-500-cyklistov\/#primaryimage"},"thumbnailUrl":"https:\/\/d2p6e6u75xmxt8.cloudfront.net\/4\/2025\/08\/1a.webp","datePublished":"2025-08-26T07:00:54+00:00","dateModified":"2025-08-27T06:08:53+00:00","author":{"@id":"https:\/\/www.welovecycling.com\/sk\/#\/schema\/person\/45e989de48eace55eb338c027dc5a65e"},"description":"Na \u0161tart 5. ro\u010dn\u00edka L\u2019Etape Slovakia by Tour de France sa postavilo takmer 1 500 rekrea\u010dn\u00fdch aj v\u00fdkonnostn\u00fdch cyklistov.","breadcrumb":{"@id":"https:\/\/www.welovecycling.com\/sk\/2025\/08\/26\/letape-slovakia-2025-prilakalo-rekordnych-takmer-1-500-cyklistov\/#breadcrumb"},"inLanguage":"sk-SK","potentialAction":[{"@type":"ReadAction","target":["https:\/\/www.welovecycling.com\/sk\/2025\/08\/26\/letape-slovakia-2025-prilakalo-rekordnych-takmer-1-500-cyklistov\/"]}]},{"@type":"ImageObject","inLanguage":"sk-SK","@id":"https:\/\/www.welovecycling.com\/sk\/2025\/08\/26\/letape-slovakia-2025-prilakalo-rekordnych-takmer-1-500-cyklistov\/#primaryimage","url":"https:\/\/d2p6e6u75xmxt8.cloudfront.net\/4\/2025\/08\/1a.webp","contentUrl":"https:\/\/d2p6e6u75xmxt8.cloudfront.net\/4\/2025\/08\/1a.webp","width":1440,"height":960,"caption":"L\u2019Etape Slovakia 2025."},{"@type":"BreadcrumbList","@id":"https:\/\/www.welovecycling.com\/sk\/2025\/08\/26\/letape-slovakia-2025-prilakalo-rekordnych-takmer-1-500-cyklistov\/#breadcrumb","itemListElement":[{"@type":"ListItem","position":1,"name":"Home","item":"https:\/\/www.welovecycling.com\/sk\/"},{"@type":"ListItem","position":2,"name":"L\u2019Etape Slovakia 2025 pril\u00e1kalo rekordn\u00fd po\u010det cyklistov. \u0160tartovali Ch\u00e1ra, Ham\u0161\u00edk aj olympijsk\u00fd v\u00ed\u0165az"}]},{"@type":"WebSite","@id":"https:\/\/www.welovecycling.com\/sk\/#website","url":"https:\/\/www.welovecycling.com\/sk\/","name":"\u0160koda We Love Cycling Slovensko","description":"\u0160koda We Love Cycling Slovensko je v\u00e1\u0161 ka\u017edodenn\u00fd zdroj noviniek a in\u0161pir\u00e1cie z sveta cyklistiky","potentialAction":[{"@type":"SearchAction","target":{"@type":"EntryPoint","urlTemplate":"https:\/\/www.welovecycling.com\/sk\/?s={search_term_string}"},"query-input":{"@type":"PropertyValueSpecification","valueRequired":true,"valueName":"search_term_string"}}],"inLanguage":"sk-SK"},{"@type":"Person","@id":"https:\/\/www.welovecycling.com\/sk\/#\/schema\/person\/45e989de48eace55eb338c027dc5a65e","name":"michal","image":{"@type":"ImageObject","inLanguage":"sk-SK","@id":"https:\/\/www.welovecycling.com\/sk\/#\/schema\/person\/image\/","url":"https:\/\/secure.gravatar.com\/avatar\/7f8deb1af8506a5f53d1b779436f546bce1c8c40c09780107ad3811c7dc4bbcb?s=96&d=mm&r=g","contentUrl":"https:\/\/secure.gravatar.com\/avatar\/7f8deb1af8506a5f53d1b779436f546bce1c8c40c09780107ad3811c7dc4bbcb?s=96&d=mm&r=g","caption":"michal"},"url":"https:\/\/www.welovecycling.com\/sk\/author\/michal\/"}]}},"_links":{"self":[{"href":"https:\/\/www.welovecycling.com\/sk\/wp-json\/wp\/v2\/posts\/20926","targetHints":{"allow":["GET"]}}],"collection":[{"href":"https:\/\/www.welovecycling.com\/sk\/wp-json\/wp\/v2\/posts"}],"about":[{"href":"https:\/\/www.welovecycling.com\/sk\/wp-json\/wp\/v2\/types\/post"}],"author":[{"embeddable":true,"href":"https:\/\/www.welovecycling.com\/sk\/wp-json\/wp\/v2\/users\/191"}],"replies":[{"embeddable":true,"href":"https:\/\/www.welovecycling.com\/sk\/wp-json\/wp\/v2\/comments?post=20926"}],"version-history":[{"count":9,"href":"https:\/\/www.welovecycling.com\/sk\/wp-json\/wp\/v2\/posts\/20926\/revisions"}],"predecessor-version":[{"id":20950,"href":"https:\/\/www.welovecycling.com\/sk\/wp-json\/wp\/v2\/posts\/20926\/revisions\/20950"}],"wp:featuredmedia":[{"embeddable":true,"href":"https:\/\/www.welovecycling.com\/sk\/wp-json\/wp\/v2\/media\/20927"}],"wp:attachment":[{"href":"https:\/\/www.welovecycling.com\/sk\/wp-json\/wp\/v2\/media?parent=20926"}],"wp:term":[{"taxonomy":"category","embeddable":true,"href":"https:\/\/www.welovecycling.com\/sk\/wp-json\/wp\/v2\/categories?post=20926"},{"taxonomy":"post_tag","embeddable":true,"href":"https:\/\/www.welovecycling.com\/sk\/wp-json\/wp\/v2\/tags?post=20926"},{"taxonomy":"global-categories","embeddable":true,"href":"https:\/\/www.welovecycling.com\/sk\/wp-json\/wp\/v2\/global-categories?post=20926"}],"curies":[{"name":"wp","href":"https:\/\/api.w.org\/{rel}","templated":true}]}}