{"id":2088,"date":"2017-08-30T14:56:53","date_gmt":"2017-08-30T12:56:53","guid":{"rendered":"https:\/\/www.welovecycling.com\/sk\/?p=2088"},"modified":"2023-04-24T12:25:55","modified_gmt":"2023-04-24T10:25:55","slug":"litre-potu-vycerpanie-radost-letape-du-tour-1-cast","status":"publish","type":"post","link":"https:\/\/www.welovecycling.com\/sk\/2017\/08\/30\/litre-potu-vycerpanie-radost-letape-du-tour-1-cast\/","title":{"rendered":"Litre potu, vy\u010derpanie a rados\u0165 z l\u2019\u00c9tape du Tour &#8211; 1. \u010das\u0165"},"content":{"rendered":"<p><strong>D\u00e1tum konania l\u2019\u00c9tape du Tour mal pozna\u010den\u00fd hrub\u00fdm p\u00edsmom v kalend\u00e1ri ka\u017ed\u00fd nad\u0161enec cyklistiky. Nie je to samozrejme jedin\u00e1 pr\u00edle\u017eitos\u0165, ako m\u00f4\u017eete pri\u010duchn\u00fa\u0165 k tomu, ako by\u0165 na chv\u00ed\u013eu \u201eprof\u00edkom\u201c na ve\u013ek\u00fdch pretekoch, ale jednozna\u010dne m\u00e1 najv\u00e4\u010d\u0161ie meno. N\u00e1\u0161 t\u00edm siedmych \u00fa\u010dastn\u00edkov a z\u00e1rove\u0148 v\u00fdhercov s\u00fa\u0165a\u017ee t\u00fato mo\u017enos\u0165 dostal a okrem skvel\u00fdch z\u00e1\u017eitkov priniesol \u201edomov\u201c aj pekn\u00e9 v\u00fdsledky, vr\u00e1tane 9. miesta v r\u00e1mci \u017eien.<\/strong><!--more--><\/p>\n<p><a href=\"https:\/\/d2p6e6u75xmxt8.cloudfront.net\/4\/2017\/08\/IMG_0238-1.jpg\"><img loading=\"lazy\" decoding=\"async\" class=\"alignnone wp-image-2154 size-full\" src=\"https:\/\/d2p6e6u75xmxt8.cloudfront.net\/4\/2017\/08\/IMG_0238-1.jpg\" alt=\"\" width=\"1000\" height=\"667\" \/><\/a><\/p>\n<p>Zrejme ste \u010dastokr\u00e1t sledovali, ako skuto\u010dn\u00ed profesion\u00e1li z\u00e1pasia s nekone\u010dn\u00fdmi st\u00fapaniami alebo trpia po\u010das \u010dasoviek a rozm\u00fd\u0161\u013eali, \u010di by ste v\u00f4bec dok\u00e1zali d\u00f4js\u0165 do cie\u013ea jednej z nich. Alebo ste s nimi za\u010dali porovn\u00e1va\u0165 svoje \u010dasy. No v\u010faka tohtoro\u010dn\u00e9mu l\u2019\u00c9tape, ktor\u00e9 sa konalo 16. j\u00fala, si v druhej \u010dasti budete m\u00f4c\u0165 pre\u010d\u00edta\u0165 \u010do to zo z\u00e1\u017eitkov \u201eoby\u010dajn\u00fdch\u201c \u013eud\u00ed, ktor\u00ed sa vydali to sk\u00fasi\u0165 na vlastnej ko\u017ei, \u010cesk\u00e1 paraolympijsk\u00e1 legenda Ji\u0159\u00ed Je\u017eek sprev\u00e1dzal t\u00edm ako v\u00edtan\u00e1 podpora, poradca a hlavne celkov\u00fd l\u00edder.<\/p>\n<p>https:\/\/www.instagram.com\/p\/BWj-4qil-7o\/?taken-by=jirijezek74<\/p>\n<p>\u0160es\u0165n\u00e1sobn\u00fd paraolympijsk\u00fd v\u00ed\u0165az, ktor\u00fd sa mimochodom v pretekoch umiestnil na celkovom 69. mieste, m\u00e1 so zna\u010dkou \u0160koda dlhodob\u00fa spolupr\u00e1cu a na jej z\u00e1klade dostal dar\u010dek \u2013 \u00faplne nov\u00e9 auto \u0160koda KODIAQ. To umo\u017enilo jemu a jeho man\u017eelke (a z\u00e1rove\u0148 mana\u017e\u00e9rke) Soni cestova\u0165 z Prahy skuto\u010dne \u0161t\u00fdlovo a navy\u0161e mohli prinies\u0165 aj \u010das\u0165 potrebn\u00e9ho vybavenia.<\/p>\n<lite-youtube videoid=EJ78UPfYbYA params=\"enablejsapi=1\" style=\"background-image: url('https:\/\/i.ytimg.com\/vi_webp\/EJ78UPfYbYA\/maxresdefault.webp');\"><\/lite-youtube>\n<p>Ako u\u017e viete, l\u2019\u00c9tape kop\u00edrovalo 18. etapu tohtoro\u010dnej Tour de France, o \u010dom ste si mohli na na\u0161ich str\u00e1nkach u\u017e pre\u010d\u00edta\u0165. Pritom maj\u00fa \u00fa\u010dastn\u00edci k dispoz\u00edcii podporn\u00e9 vozy, ob\u010derstvovacie stanice, uzavret\u00e9 cesty v\u010faka pol\u00edcii a samozrejme nie pr\u00edli\u0161 popul\u00e1rny \u201ezbera\u010d\u201c &#8211; ten nalo\u017eil v\u0161etk\u00fdch, ktor\u00ed u\u017e nevl\u00e1dali \u010falej pokra\u010dova\u0165.<\/p>\n<p><a href=\"https:\/\/d2p6e6u75xmxt8.cloudfront.net\/4\/2017\/08\/IMG_0058-1.jpg\"><img loading=\"lazy\" decoding=\"async\" class=\"alignnone size-full wp-image-2105\" src=\"https:\/\/d2p6e6u75xmxt8.cloudfront.net\/4\/2017\/08\/IMG_0058-1.jpg\" alt=\"\" width=\"1000\" height=\"667\" \/><\/a><\/p>\n<p>Trad\u00edcia vznikla v roku 1993 a z\u00e1kladn\u00e1 my\u0161lienka pretrv\u00e1va dodnes \u2013 nech ka\u017ed\u00fd otestuje svoje vlastn\u00e9 schopnosti v boji so st\u00fapaniami a rovnako atmosf\u00e9ru pln\u00fa adrenal\u00ednu skuto\u010dnej horskej etapy Tour.<\/p>\n<p><a href=\"https:\/\/d2p6e6u75xmxt8.cloudfront.net\/4\/2017\/08\/IMG_0170-1.jpg\"><img loading=\"lazy\" decoding=\"async\" class=\"alignnone size-full wp-image-2106\" src=\"https:\/\/d2p6e6u75xmxt8.cloudfront.net\/4\/2017\/08\/IMG_0170-1.jpg\" alt=\"\" width=\"1000\" height=\"667\" \/><\/a><\/p>\n<p>Rovnako ako minul\u00fd rok, aj v s\u00fa\u010dasnej \u201eed\u00edcii\u201c sa z\u00fa\u010dastnilo takmer 15 000 jazdcov a We Love Cycling v spolupr\u00e1ci so zna\u010dkou \u0160koda pomohlo siedmym odhodlan\u00fdm amat\u00e9rskym jazdcom by\u0165 medzi nimi.<\/p>\n","protected":false},"excerpt":{"rendered":"<p>D\u00e1tum konania l\u2019\u00c9tape du Tour mal pozna\u010den\u00fd hrub\u00fdm p\u00edsmom v kalend\u00e1ri ka\u017ed\u00fd nad\u0161enec cyklistiky. Nie je to samozrejme jedin\u00e1 pr\u00edle\u017eitos\u0165, [&hellip;]<\/p>\n","protected":false},"author":38,"featured_media":2107,"comment_status":"open","ping_status":"open","sticky":false,"template":"","format":"standard","meta":{"footnotes":""},"categories":[4],"tags":[134,71,232],"global-categories":[],"class_list":["post-2088","post","type-post","status-publish","format-standard","has-post-thumbnail","hentry","category-cestna-cyklisitika","tag-jiri-jezek","tag-letape-du-tour","tag-vladimir-socha"],"yoast_head":"<!-- This site is optimized with the Yoast SEO Premium plugin v25.3 (Yoast SEO v25.9) - https:\/\/yoast.com\/wordpress\/plugins\/seo\/ -->\n<title>Litre potu, vy\u010derpanie a rados\u0165 z l\u2019\u00c9tape du Tour - 1. \u010das\u0165<\/title>\n<meta name=\"description\" content=\"L\u2019\u00c9tape du Tour mal pozna\u010den\u00fd v kalend\u00e1ri ka\u017ed\u00fd. Nie je to v\u0161ak jedin\u00e1 pr\u00edle\u017eitos\u0165, ako m\u00f4\u017eete pri\u010duchn\u00fa\u0165 k tomu, ako by\u0165 \u201eprof\u00edkom\u201c.\" \/>\n<meta name=\"robots\" content=\"index, follow, max-snippet:-1, max-image-preview:large, max-video-preview:-1\" \/>\n<link rel=\"canonical\" href=\"https:\/\/www.welovecycling.com\/sk\/2017\/08\/30\/litre-potu-vycerpanie-radost-letape-du-tour-1-cast\/\" \/>\n<meta property=\"og:locale\" content=\"sk_SK\" \/>\n<meta property=\"og:type\" content=\"article\" \/>\n<meta property=\"og:title\" content=\"Litre potu, vy\u010derpanie a rados\u0165 z l\u2019\u00c9tape du Tour - 1. \u010das\u0165\" \/>\n<meta property=\"og:description\" content=\"L\u2019\u00c9tape du Tour mal pozna\u010den\u00fd v kalend\u00e1ri ka\u017ed\u00fd. Nie je to v\u0161ak jedin\u00e1 pr\u00edle\u017eitos\u0165, ako m\u00f4\u017eete pri\u010duchn\u00fa\u0165 k tomu, ako by\u0165 \u201eprof\u00edkom\u201c.\" \/>\n<meta property=\"og:url\" content=\"https:\/\/www.welovecycling.com\/sk\/2017\/08\/30\/litre-potu-vycerpanie-radost-letape-du-tour-1-cast\/\" \/>\n<meta property=\"og:site_name\" content=\"\u0160koda We Love Cycling Slovensko\" \/>\n<meta property=\"article:published_time\" content=\"2017-08-30T12:56:53+00:00\" \/>\n<meta property=\"article:modified_time\" content=\"2023-04-24T10:25:55+00:00\" \/>\n<meta property=\"og:image\" content=\"https:\/\/d2p6e6u75xmxt8.cloudfront.net\/4\/2017\/08\/IMG_0041-1.webp\" \/>\n\t<meta property=\"og:image:width\" content=\"1375\" \/>\n\t<meta property=\"og:image:height\" content=\"600\" \/>\n\t<meta property=\"og:image:type\" content=\"image\/webp\" \/>\n<meta name=\"author\" content=\"Ondrej Ga\u0161par\" \/>\n<meta name=\"twitter:card\" content=\"summary_large_image\" \/>\n<meta name=\"twitter:label1\" content=\"Written by\" \/>\n\t<meta name=\"twitter:data1\" content=\"We Love Cycling\" \/>\n\t<meta name=\"twitter:label2\" content=\"Est. reading time\" \/>\n\t<meta name=\"twitter:data2\" content=\"2 minutes\" \/>\n<script type=\"application\/ld+json\" class=\"yoast-schema-graph\">{\"@context\":\"https:\/\/schema.org\",\"@graph\":[{\"@type\":\"WebPage\",\"@id\":\"https:\/\/www.welovecycling.com\/sk\/2017\/08\/30\/litre-potu-vycerpanie-radost-letape-du-tour-1-cast\/\",\"url\":\"https:\/\/www.welovecycling.com\/sk\/2017\/08\/30\/litre-potu-vycerpanie-radost-letape-du-tour-1-cast\/\",\"name\":\"Litre potu, vy\u010derpanie a rados\u0165 z l\u2019\u00c9tape du Tour - 1. \u010das\u0165\",\"isPartOf\":{\"@id\":\"https:\/\/www.welovecycling.com\/sk\/#website\"},\"primaryImageOfPage\":{\"@id\":\"https:\/\/www.welovecycling.com\/sk\/2017\/08\/30\/litre-potu-vycerpanie-radost-letape-du-tour-1-cast\/#primaryimage\"},\"image\":{\"@id\":\"https:\/\/www.welovecycling.com\/sk\/2017\/08\/30\/litre-potu-vycerpanie-radost-letape-du-tour-1-cast\/#primaryimage\"},\"thumbnailUrl\":\"https:\/\/d2p6e6u75xmxt8.cloudfront.net\/4\/2017\/08\/IMG_0041-1.webp\",\"datePublished\":\"2017-08-30T12:56:53+00:00\",\"dateModified\":\"2023-04-24T10:25:55+00:00\",\"author\":{\"@id\":\"https:\/\/www.welovecycling.com\/sk\/#\/schema\/person\/8ee09ba39b7e25b1870160aa5b3a89bc\"},\"description\":\"L\u2019\u00c9tape du Tour mal pozna\u010den\u00fd v kalend\u00e1ri ka\u017ed\u00fd. Nie je to v\u0161ak jedin\u00e1 pr\u00edle\u017eitos\u0165, ako m\u00f4\u017eete pri\u010duchn\u00fa\u0165 k tomu, ako by\u0165 \u201eprof\u00edkom\u201c.\",\"breadcrumb\":{\"@id\":\"https:\/\/www.welovecycling.com\/sk\/2017\/08\/30\/litre-potu-vycerpanie-radost-letape-du-tour-1-cast\/#breadcrumb\"},\"inLanguage\":\"sk-SK\",\"potentialAction\":[{\"@type\":\"ReadAction\",\"target\":[\"https:\/\/www.welovecycling.com\/sk\/2017\/08\/30\/litre-potu-vycerpanie-radost-letape-du-tour-1-cast\/\"]}]},{\"@type\":\"ImageObject\",\"inLanguage\":\"sk-SK\",\"@id\":\"https:\/\/www.welovecycling.com\/sk\/2017\/08\/30\/litre-potu-vycerpanie-radost-letape-du-tour-1-cast\/#primaryimage\",\"url\":\"https:\/\/d2p6e6u75xmxt8.cloudfront.net\/4\/2017\/08\/IMG_0041-1.webp\",\"contentUrl\":\"https:\/\/d2p6e6u75xmxt8.cloudfront.net\/4\/2017\/08\/IMG_0041-1.webp\",\"width\":1375,\"height\":600},{\"@type\":\"BreadcrumbList\",\"@id\":\"https:\/\/www.welovecycling.com\/sk\/2017\/08\/30\/litre-potu-vycerpanie-radost-letape-du-tour-1-cast\/#breadcrumb\",\"itemListElement\":[{\"@type\":\"ListItem\",\"position\":1,\"name\":\"Home\",\"item\":\"https:\/\/www.welovecycling.com\/sk\/\"},{\"@type\":\"ListItem\",\"position\":2,\"name\":\"Litre potu, vy\u010derpanie a rados\u0165 z l\u2019\u00c9tape du Tour &#8211; 1. \u010das\u0165\"}]},{\"@type\":\"WebSite\",\"@id\":\"https:\/\/www.welovecycling.com\/sk\/#website\",\"url\":\"https:\/\/www.welovecycling.com\/sk\/\",\"name\":\"\u0160koda We Love Cycling Slovensko\",\"description\":\"\u0160koda We Love Cycling Slovensko je v\u00e1\u0161 ka\u017edodenn\u00fd zdroj noviniek a in\u0161pir\u00e1cie z sveta cyklistiky\",\"potentialAction\":[{\"@type\":\"SearchAction\",\"target\":{\"@type\":\"EntryPoint\",\"urlTemplate\":\"https:\/\/www.welovecycling.com\/sk\/?s={search_term_string}\"},\"query-input\":{\"@type\":\"PropertyValueSpecification\",\"valueRequired\":true,\"valueName\":\"search_term_string\"}}],\"inLanguage\":\"sk-SK\"},{\"@type\":\"Person\",\"@id\":\"https:\/\/www.welovecycling.com\/sk\/#\/schema\/person\/8ee09ba39b7e25b1870160aa5b3a89bc\",\"name\":\"Ondrej Ga\u0161par\",\"image\":{\"@type\":\"ImageObject\",\"inLanguage\":\"sk-SK\",\"@id\":\"https:\/\/www.welovecycling.com\/sk\/#\/schema\/person\/image\/\",\"url\":\"https:\/\/secure.gravatar.com\/avatar\/6126c9afb87b70da5abbb083ddbb21933da15f18f8ca7cb822aba0fb096a48f6?s=96&d=mm&r=g\",\"contentUrl\":\"https:\/\/secure.gravatar.com\/avatar\/6126c9afb87b70da5abbb083ddbb21933da15f18f8ca7cb822aba0fb096a48f6?s=96&d=mm&r=g\",\"caption\":\"Ondrej Ga\u0161par\"},\"url\":\"https:\/\/www.welovecycling.com\/sk\/author\/ondrejgaspar\/\"}]}<\/script>\n<!-- \/ Yoast SEO Premium plugin. -->","yoast_head_json":{"title":"Litre potu, vy\u010derpanie a rados\u0165 z l\u2019\u00c9tape du Tour - 1. \u010das\u0165","description":"L\u2019\u00c9tape du Tour mal pozna\u010den\u00fd v kalend\u00e1ri ka\u017ed\u00fd. Nie je to v\u0161ak jedin\u00e1 pr\u00edle\u017eitos\u0165, ako m\u00f4\u017eete pri\u010duchn\u00fa\u0165 k tomu, ako by\u0165 \u201eprof\u00edkom\u201c.","robots":{"index":"index","follow":"follow","max-snippet":"max-snippet:-1","max-image-preview":"max-image-preview:large","max-video-preview":"max-video-preview:-1"},"canonical":"https:\/\/www.welovecycling.com\/sk\/2017\/08\/30\/litre-potu-vycerpanie-radost-letape-du-tour-1-cast\/","og_locale":"sk_SK","og_type":"article","og_title":"Litre potu, vy\u010derpanie a rados\u0165 z l\u2019\u00c9tape du Tour - 1. \u010das\u0165","og_description":"L\u2019\u00c9tape du Tour mal pozna\u010den\u00fd v kalend\u00e1ri ka\u017ed\u00fd. Nie je to v\u0161ak jedin\u00e1 pr\u00edle\u017eitos\u0165, ako m\u00f4\u017eete pri\u010duchn\u00fa\u0165 k tomu, ako by\u0165 \u201eprof\u00edkom\u201c.","og_url":"https:\/\/www.welovecycling.com\/sk\/2017\/08\/30\/litre-potu-vycerpanie-radost-letape-du-tour-1-cast\/","og_site_name":"\u0160koda We Love Cycling Slovensko","article_published_time":"2017-08-30T12:56:53+00:00","article_modified_time":"2023-04-24T10:25:55+00:00","og_image":[{"width":1375,"height":600,"url":"https:\/\/d2p6e6u75xmxt8.cloudfront.net\/4\/2017\/08\/IMG_0041-1.webp","type":"image\/webp"}],"author":"Ondrej Ga\u0161par","twitter_card":"summary_large_image","twitter_misc":{"Written by":"We Love Cycling","Est. reading time":"2 minutes"},"schema":{"@context":"https:\/\/schema.org","@graph":[{"@type":"WebPage","@id":"https:\/\/www.welovecycling.com\/sk\/2017\/08\/30\/litre-potu-vycerpanie-radost-letape-du-tour-1-cast\/","url":"https:\/\/www.welovecycling.com\/sk\/2017\/08\/30\/litre-potu-vycerpanie-radost-letape-du-tour-1-cast\/","name":"Litre potu, vy\u010derpanie a rados\u0165 z l\u2019\u00c9tape du Tour - 1. \u010das\u0165","isPartOf":{"@id":"https:\/\/www.welovecycling.com\/sk\/#website"},"primaryImageOfPage":{"@id":"https:\/\/www.welovecycling.com\/sk\/2017\/08\/30\/litre-potu-vycerpanie-radost-letape-du-tour-1-cast\/#primaryimage"},"image":{"@id":"https:\/\/www.welovecycling.com\/sk\/2017\/08\/30\/litre-potu-vycerpanie-radost-letape-du-tour-1-cast\/#primaryimage"},"thumbnailUrl":"https:\/\/d2p6e6u75xmxt8.cloudfront.net\/4\/2017\/08\/IMG_0041-1.webp","datePublished":"2017-08-30T12:56:53+00:00","dateModified":"2023-04-24T10:25:55+00:00","author":{"@id":"https:\/\/www.welovecycling.com\/sk\/#\/schema\/person\/8ee09ba39b7e25b1870160aa5b3a89bc"},"description":"L\u2019\u00c9tape du Tour mal pozna\u010den\u00fd v kalend\u00e1ri ka\u017ed\u00fd. Nie je to v\u0161ak jedin\u00e1 pr\u00edle\u017eitos\u0165, ako m\u00f4\u017eete pri\u010duchn\u00fa\u0165 k tomu, ako by\u0165 \u201eprof\u00edkom\u201c.","breadcrumb":{"@id":"https:\/\/www.welovecycling.com\/sk\/2017\/08\/30\/litre-potu-vycerpanie-radost-letape-du-tour-1-cast\/#breadcrumb"},"inLanguage":"sk-SK","potentialAction":[{"@type":"ReadAction","target":["https:\/\/www.welovecycling.com\/sk\/2017\/08\/30\/litre-potu-vycerpanie-radost-letape-du-tour-1-cast\/"]}]},{"@type":"ImageObject","inLanguage":"sk-SK","@id":"https:\/\/www.welovecycling.com\/sk\/2017\/08\/30\/litre-potu-vycerpanie-radost-letape-du-tour-1-cast\/#primaryimage","url":"https:\/\/d2p6e6u75xmxt8.cloudfront.net\/4\/2017\/08\/IMG_0041-1.webp","contentUrl":"https:\/\/d2p6e6u75xmxt8.cloudfront.net\/4\/2017\/08\/IMG_0041-1.webp","width":1375,"height":600},{"@type":"BreadcrumbList","@id":"https:\/\/www.welovecycling.com\/sk\/2017\/08\/30\/litre-potu-vycerpanie-radost-letape-du-tour-1-cast\/#breadcrumb","itemListElement":[{"@type":"ListItem","position":1,"name":"Home","item":"https:\/\/www.welovecycling.com\/sk\/"},{"@type":"ListItem","position":2,"name":"Litre potu, vy\u010derpanie a rados\u0165 z l\u2019\u00c9tape du Tour &#8211; 1. \u010das\u0165"}]},{"@type":"WebSite","@id":"https:\/\/www.welovecycling.com\/sk\/#website","url":"https:\/\/www.welovecycling.com\/sk\/","name":"\u0160koda We Love Cycling Slovensko","description":"\u0160koda We Love Cycling Slovensko je v\u00e1\u0161 ka\u017edodenn\u00fd zdroj noviniek a in\u0161pir\u00e1cie z sveta cyklistiky","potentialAction":[{"@type":"SearchAction","target":{"@type":"EntryPoint","urlTemplate":"https:\/\/www.welovecycling.com\/sk\/?s={search_term_string}"},"query-input":{"@type":"PropertyValueSpecification","valueRequired":true,"valueName":"search_term_string"}}],"inLanguage":"sk-SK"},{"@type":"Person","@id":"https:\/\/www.welovecycling.com\/sk\/#\/schema\/person\/8ee09ba39b7e25b1870160aa5b3a89bc","name":"Ondrej Ga\u0161par","image":{"@type":"ImageObject","inLanguage":"sk-SK","@id":"https:\/\/www.welovecycling.com\/sk\/#\/schema\/person\/image\/","url":"https:\/\/secure.gravatar.com\/avatar\/6126c9afb87b70da5abbb083ddbb21933da15f18f8ca7cb822aba0fb096a48f6?s=96&d=mm&r=g","contentUrl":"https:\/\/secure.gravatar.com\/avatar\/6126c9afb87b70da5abbb083ddbb21933da15f18f8ca7cb822aba0fb096a48f6?s=96&d=mm&r=g","caption":"Ondrej Ga\u0161par"},"url":"https:\/\/www.welovecycling.com\/sk\/author\/ondrejgaspar\/"}]}},"_links":{"self":[{"href":"https:\/\/www.welovecycling.com\/sk\/wp-json\/wp\/v2\/posts\/2088","targetHints":{"allow":["GET"]}}],"collection":[{"href":"https:\/\/www.welovecycling.com\/sk\/wp-json\/wp\/v2\/posts"}],"about":[{"href":"https:\/\/www.welovecycling.com\/sk\/wp-json\/wp\/v2\/types\/post"}],"author":[{"embeddable":true,"href":"https:\/\/www.welovecycling.com\/sk\/wp-json\/wp\/v2\/users\/38"}],"replies":[{"embeddable":true,"href":"https:\/\/www.welovecycling.com\/sk\/wp-json\/wp\/v2\/comments?post=2088"}],"version-history":[{"count":2,"href":"https:\/\/www.welovecycling.com\/sk\/wp-json\/wp\/v2\/posts\/2088\/revisions"}],"predecessor-version":[{"id":2157,"href":"https:\/\/www.welovecycling.com\/sk\/wp-json\/wp\/v2\/posts\/2088\/revisions\/2157"}],"wp:featuredmedia":[{"embeddable":true,"href":"https:\/\/www.welovecycling.com\/sk\/wp-json\/wp\/v2\/media\/2107"}],"wp:attachment":[{"href":"https:\/\/www.welovecycling.com\/sk\/wp-json\/wp\/v2\/media?parent=2088"}],"wp:term":[{"taxonomy":"category","embeddable":true,"href":"https:\/\/www.welovecycling.com\/sk\/wp-json\/wp\/v2\/categories?post=2088"},{"taxonomy":"post_tag","embeddable":true,"href":"https:\/\/www.welovecycling.com\/sk\/wp-json\/wp\/v2\/tags?post=2088"},{"taxonomy":"global-categories","embeddable":true,"href":"https:\/\/www.welovecycling.com\/sk\/wp-json\/wp\/v2\/global-categories?post=2088"}],"curies":[{"name":"wp","href":"https:\/\/api.w.org\/{rel}","templated":true}]}}