{"id":20822,"date":"2025-08-12T16:00:27","date_gmt":"2025-08-12T14:00:27","guid":{"rendered":"https:\/\/www.welovecycling.com\/sk\/?p=20822"},"modified":"2025-08-12T14:42:32","modified_gmt":"2025-08-12T12:42:32","slug":"skoda-horal-mtb-maraton-krejzi-reparat-mi-nevysiel-sam-som-si-to-pokazil","status":"publish","type":"post","link":"https:\/\/www.welovecycling.com\/sk\/2025\/08\/12\/skoda-horal-mtb-maraton-krejzi-reparat-mi-nevysiel-sam-som-si-to-pokazil\/","title":{"rendered":"\u0160koda Horal MTB marat\u00f3n \u2013 Krejzi repar\u00e1t mi nevy\u0161iel, s\u00e1m som si to pokazil"},"content":{"rendered":"<p><b>Nespr\u00e1vne zvolen\u00fd tlak, rozbit\u00e9 okuliare, men\u0161ia kr\u00edza, no aj tak super z\u00e1\u017eitok. Aj tak\u00fd bol Horal.<\/b><!--more--><\/p>\n<p><span style=\"font-weight: 400;\">Horal je proste klasika. Jazd\u00edm ho u\u017e od roku 2014. Za\u010diatky na Senzi, potom som ok\u00fasil Lejzi, nejak\u00fd ten ro\u010dn\u00edk som aj vynechal, minul\u00fd rok som za\u017eil premi\u00e9ru na Krejzi a\u00a0tento rok som sa na \u0161tart kr\u00e1\u013eovskej trasy tohto legend\u00e1rneho marat\u00f3nu postavil op\u00e4\u0165. <strong>Cie\u013eom bolo najm\u00e4 napravi\u0165 si chu\u0165 po minuloro\u010dnom nevydarenom ro\u010dn\u00edku, ke\u010f som bojoval s\u00a0defektom.<\/strong><\/span><\/p>\n<p><span style=\"font-weight: 400;\">Svit m\u00e1m pomerne bl\u00edzko, no aj tak si mus\u00edm nastavi\u0165 bud\u00edk poriadne skoro, na Krejzi toti\u017e idem z partie s\u00e1m, \u010di\u017ee \u00e1no, do Svitu idem vlakom. \ud83d\ude00 O 4:42 idem z Ke\u017emarku, pred pol \u0161iestou vystupujem vo Svite s e\u0161te jedn\u00fdm bikerom, ktor\u00fd sem do\u0161iel s rovnak\u00fdm z\u00e1merom ako ja.<\/span><\/p>\n<div id='gallery-1' class='gallery galleryid-20822 gallery-columns-2 gallery-size-full'><figure class='gallery-item'>\n\t\t\t<div class='gallery-icon landscape'>\n\t\t\t\t<a href='https:\/\/d2p6e6u75xmxt8.cloudfront.net\/4\/2025\/08\/01_na-vlak.webp'><img loading=\"lazy\" decoding=\"async\" width=\"990\" height=\"660\" src=\"https:\/\/d2p6e6u75xmxt8.cloudfront.net\/4\/2025\/08\/01_na-vlak.webp\" class=\"attachment-full size-full\" alt=\"\" srcset=\"https:\/\/d2p6e6u75xmxt8.cloudfront.net\/4\/2025\/08\/01_na-vlak.webp 990w, https:\/\/d2p6e6u75xmxt8.cloudfront.net\/4\/2025\/08\/01_na-vlak-300x200.webp 300w, https:\/\/d2p6e6u75xmxt8.cloudfront.net\/4\/2025\/08\/01_na-vlak-768x512.webp 768w, https:\/\/d2p6e6u75xmxt8.cloudfront.net\/4\/2025\/08\/01_na-vlak-400x267.webp 400w, https:\/\/d2p6e6u75xmxt8.cloudfront.net\/4\/2025\/08\/01_na-vlak-272x182.webp 272w\" sizes=\"auto, (max-width: 990px) 100vw, 990px\" \/><\/a>\n\t\t\t<\/div><\/figure><figure class='gallery-item'>\n\t\t\t<div class='gallery-icon landscape'>\n\t\t\t\t<a href='https:\/\/d2p6e6u75xmxt8.cloudfront.net\/4\/2025\/08\/02-1.webp'><img loading=\"lazy\" decoding=\"async\" width=\"990\" height=\"660\" src=\"https:\/\/d2p6e6u75xmxt8.cloudfront.net\/4\/2025\/08\/02-1.webp\" class=\"attachment-full size-full\" alt=\"\" srcset=\"https:\/\/d2p6e6u75xmxt8.cloudfront.net\/4\/2025\/08\/02-1.webp 990w, https:\/\/d2p6e6u75xmxt8.cloudfront.net\/4\/2025\/08\/02-1-300x200.webp 300w, https:\/\/d2p6e6u75xmxt8.cloudfront.net\/4\/2025\/08\/02-1-768x512.webp 768w, https:\/\/d2p6e6u75xmxt8.cloudfront.net\/4\/2025\/08\/02-1-400x267.webp 400w, https:\/\/d2p6e6u75xmxt8.cloudfront.net\/4\/2025\/08\/02-1-272x182.webp 272w\" sizes=\"auto, (max-width: 990px) 100vw, 990px\" \/><\/a>\n\t\t\t<\/div><\/figure>\n\t\t<\/div>\n\n<p><span style=\"font-weight: 400;\">U\u017e pred za\u010diatkom prezent\u00e1cie tu za\u010d\u00edna by\u0165 ru\u0161nej\u0161ie. <strong>Na najdlh\u0161iu tra\u0165 sa n\u00e1s toti\u017e prihl\u00e1silo okolo 180, viac ako na krat\u0161ie trasy, tak\u00fd paradox na Horale.<\/strong> Beriem \u0161tartovn\u00fd bal\u00ed\u010dek sebe aj kamar\u00e1tovi Mirovi zo Sabinova, ktor\u00fd onedlho tie\u017e doraz\u00ed.\u00a0<\/span><\/p>\n<p><span style=\"font-weight: 400;\">N\u00e1lada pred \u0161tartom je fajn, na parkovisku s\u00fa zn\u00e1me tv\u00e1re, debatujeme. Pozer\u00e1m na pl\u00e1\u0161te: nem\u00e1m to m\u00e4kk\u00e9? Po\u017ei\u010diam si ve\u013ek\u00fa pumpu a\u00a0trochu dof\u00fakam, no trochu viac, ako som mal&#8230;\u00a0<\/span><\/p>\n<div id='gallery-2' class='gallery galleryid-20822 gallery-columns-2 gallery-size-full'><figure class='gallery-item'>\n\t\t\t<div class='gallery-icon landscape'>\n\t\t\t\t<a href='https:\/\/d2p6e6u75xmxt8.cloudfront.net\/4\/2025\/08\/03_prezentacia.webp'><img loading=\"lazy\" decoding=\"async\" width=\"990\" height=\"660\" src=\"https:\/\/d2p6e6u75xmxt8.cloudfront.net\/4\/2025\/08\/03_prezentacia.webp\" class=\"attachment-full size-full\" alt=\"\" aria-describedby=\"gallery-2-20826\" srcset=\"https:\/\/d2p6e6u75xmxt8.cloudfront.net\/4\/2025\/08\/03_prezentacia.webp 990w, https:\/\/d2p6e6u75xmxt8.cloudfront.net\/4\/2025\/08\/03_prezentacia-300x200.webp 300w, https:\/\/d2p6e6u75xmxt8.cloudfront.net\/4\/2025\/08\/03_prezentacia-768x512.webp 768w, https:\/\/d2p6e6u75xmxt8.cloudfront.net\/4\/2025\/08\/03_prezentacia-400x267.webp 400w, https:\/\/d2p6e6u75xmxt8.cloudfront.net\/4\/2025\/08\/03_prezentacia-272x182.webp 272w\" sizes=\"auto, (max-width: 990px) 100vw, 990px\" \/><\/a>\n\t\t\t<\/div>\n\t\t\t\t<figcaption class='wp-caption-text gallery-caption' id='gallery-2-20826'>\n\t\t\t\tPrezent\u00e1cia\n\t\t\t\t<\/figcaption><\/figure><figure class='gallery-item'>\n\t\t\t<div class='gallery-icon landscape'>\n\t\t\t\t<a href='https:\/\/d2p6e6u75xmxt8.cloudfront.net\/4\/2025\/08\/04_rozjazd.webp'><img loading=\"lazy\" decoding=\"async\" width=\"990\" height=\"660\" src=\"https:\/\/d2p6e6u75xmxt8.cloudfront.net\/4\/2025\/08\/04_rozjazd.webp\" class=\"attachment-full size-full\" alt=\"\" aria-describedby=\"gallery-2-20827\" srcset=\"https:\/\/d2p6e6u75xmxt8.cloudfront.net\/4\/2025\/08\/04_rozjazd.webp 990w, https:\/\/d2p6e6u75xmxt8.cloudfront.net\/4\/2025\/08\/04_rozjazd-300x200.webp 300w, https:\/\/d2p6e6u75xmxt8.cloudfront.net\/4\/2025\/08\/04_rozjazd-768x512.webp 768w, https:\/\/d2p6e6u75xmxt8.cloudfront.net\/4\/2025\/08\/04_rozjazd-400x267.webp 400w, https:\/\/d2p6e6u75xmxt8.cloudfront.net\/4\/2025\/08\/04_rozjazd-272x182.webp 272w\" sizes=\"auto, (max-width: 990px) 100vw, 990px\" \/><\/a>\n\t\t\t<\/div>\n\t\t\t\t<figcaption class='wp-caption-text gallery-caption' id='gallery-2-20827'>\n\t\t\t\tRozjazd\n\t\t\t\t<\/figcaption><\/figure>\n\t\t<\/div>\n\n<h2><strong>Smola hne\u010f na za\u010diatku<\/strong><\/h2>\n<p><span style=\"font-weight: 400;\">E\u0161te kr\u00e1tky rozjazd a\u00a0m\u00f4\u017eem sa \u00eds\u0165 postavi\u0165 na \u0161tart. Ako tak pozer\u00e1m, je 10 min\u00fat do \u0161tartu a nikomu sa akosi nechce, zbiehame sa tu ve\u013emi pomaly. <strong>Atmosf\u00e9ra, dobr\u00e1 n\u00e1lada, zn\u00e1ma skladba od AC DC pred \u0161tartom, v\u0161etko ako m\u00e1 by\u0165.<\/strong> O\u00a07-mej zaznie \u0161tart, sp\u00fa\u0161\u0165am Garmin a\u00a0ide sa bojova\u0165 s\u00a0n\u00e1strahami tejto 116km trate.<\/span><\/p>\n<div id='gallery-3' class='gallery galleryid-20822 gallery-columns-2 gallery-size-full'><figure class='gallery-item'>\n\t\t\t<div class='gallery-icon landscape'>\n\t\t\t\t<a href='https:\/\/d2p6e6u75xmxt8.cloudfront.net\/4\/2025\/08\/05.webp'><img loading=\"lazy\" decoding=\"async\" width=\"990\" height=\"660\" src=\"https:\/\/d2p6e6u75xmxt8.cloudfront.net\/4\/2025\/08\/05.webp\" class=\"attachment-full size-full\" alt=\"\" srcset=\"https:\/\/d2p6e6u75xmxt8.cloudfront.net\/4\/2025\/08\/05.webp 990w, https:\/\/d2p6e6u75xmxt8.cloudfront.net\/4\/2025\/08\/05-300x200.webp 300w, https:\/\/d2p6e6u75xmxt8.cloudfront.net\/4\/2025\/08\/05-768x512.webp 768w, https:\/\/d2p6e6u75xmxt8.cloudfront.net\/4\/2025\/08\/05-400x267.webp 400w, https:\/\/d2p6e6u75xmxt8.cloudfront.net\/4\/2025\/08\/05-272x182.webp 272w\" sizes=\"auto, (max-width: 990px) 100vw, 990px\" \/><\/a>\n\t\t\t<\/div><\/figure><figure class='gallery-item'>\n\t\t\t<div class='gallery-icon landscape'>\n\t\t\t\t<a href='https:\/\/d2p6e6u75xmxt8.cloudfront.net\/4\/2025\/08\/06_pred-startom.webp'><img loading=\"lazy\" decoding=\"async\" width=\"990\" height=\"660\" src=\"https:\/\/d2p6e6u75xmxt8.cloudfront.net\/4\/2025\/08\/06_pred-startom.webp\" class=\"attachment-full size-full\" alt=\"\" aria-describedby=\"gallery-3-20829\" srcset=\"https:\/\/d2p6e6u75xmxt8.cloudfront.net\/4\/2025\/08\/06_pred-startom.webp 990w, https:\/\/d2p6e6u75xmxt8.cloudfront.net\/4\/2025\/08\/06_pred-startom-300x200.webp 300w, https:\/\/d2p6e6u75xmxt8.cloudfront.net\/4\/2025\/08\/06_pred-startom-768x512.webp 768w, https:\/\/d2p6e6u75xmxt8.cloudfront.net\/4\/2025\/08\/06_pred-startom-400x267.webp 400w, https:\/\/d2p6e6u75xmxt8.cloudfront.net\/4\/2025\/08\/06_pred-startom-272x182.webp 272w\" sizes=\"auto, (max-width: 990px) 100vw, 990px\" \/><\/a>\n\t\t\t<\/div>\n\t\t\t\t<figcaption class='wp-caption-text gallery-caption' id='gallery-3-20829'>\n\t\t\t\tPred \u0161tartom\n\t\t\t\t<\/figcaption><\/figure>\n\t\t<\/div>\n\n<p><span style=\"font-weight: 400;\">\u00davod je tak\u00fd na brzd\u00e1ch, je n\u00e1s ve\u013ea a\u00a0na tom \u00fazkom chodn\u00edku sa to neraz upch\u00e1va. <strong>Nasleduje r\u00fdchly a\u00a0poriadne pra\u0161n\u00fd \u00fasek, okuliare sa mi trochu zo\u0161mykn\u00fa z\u00a0nosa.<\/strong> Pusti\u0165 sa jednou rukou v\u00a0tej r\u00fdchlosti asi nebude dobr\u00fd n\u00e1pad, no ako naschv\u00e1l traf\u00edm dieru, okuliare padaj\u00fa. D\u00e1m sa nabok, zastav\u00edm, okuliare p\u00e1r bikerov prejde, u\u017e z\u00a0nich nebude ni\u010d\u2026\u00a0<\/span><\/p>\n<p><span style=\"font-weight: 400;\">Tak bohu\u017eia\u013e pokra\u010dujem bez nich, pra\u0161n\u00e1 cesta sa onedlho kon\u010d\u00ed, no pr\u00e1\u0161i\u0165 sa bude e\u0161te neraz, navy\u0161e pri vy\u0161\u0161ej r\u00fdchlosti budem aj slzi\u0165\u2026 Sn\u00e1\u010f sa mi podar\u00ed nejak\u00e9 okuliare zohna\u0165, to je jedno ak\u00e9!<\/span><\/p>\n<p><span style=\"font-weight: 400;\">Prich\u00e1dzame na asfaltku, prid\u00e1vam v\u00a0tempe, dobieham Mira, zver\u00edm sa mu, \u010do sa mi stalo. Ideme spolu, pekne sa predierame pomaly dopredu \u2013 tak ako minul\u00fd rok, ke\u010f sme i\u0161li spolu. Asfaltka sa zmen\u00ed na \u0161trkov\u00fa cestu, po ktorej \u010falej st\u00fapame. Onedlho tla\u010d\u00edme. \ud83d\ude00\u00a0<\/span><\/p>\n<p><span style=\"font-weight: 400;\">\u00c1no, horsk\u00e1 pr\u00e9mia Led\u017eendary hill. Vysk\u00fa\u0161ame? <strong>Prehod\u00edm na naj\u013eah\u0161\u00ed, nenapne prehadzova\u010dku, tak zastavujem, zhadzujem nazad na druh\u00fd pastorok.<\/strong> Hm, dnes mi ide karta. \ud83d\ude00 Sna\u017e\u00edm sa vy\u0161tvera\u0165, no nedar\u00ed sa a\u00a0tak samozrejme tla\u010d\u00edm. Nasleduje pomerne rozbit\u00fd zjazd. Miro mi samozrejme unik\u00e1. Ale dohodli sme sa, \u017ee nech sa neobzer\u00e1 za mnou a\u00a0nech si ide svoje.\u00a0<\/span><\/p>\n<div id='gallery-4' class='gallery galleryid-20822 gallery-columns-2 gallery-size-full'><figure class='gallery-item'>\n\t\t\t<div class='gallery-icon landscape'>\n\t\t\t\t<a href='https:\/\/d2p6e6u75xmxt8.cloudfront.net\/4\/2025\/08\/09_stupanie-Clovecia-hlava.webp'><img loading=\"lazy\" decoding=\"async\" width=\"990\" height=\"660\" src=\"https:\/\/d2p6e6u75xmxt8.cloudfront.net\/4\/2025\/08\/09_stupanie-Clovecia-hlava.webp\" class=\"attachment-full size-full\" alt=\"\" aria-describedby=\"gallery-4-20832\" srcset=\"https:\/\/d2p6e6u75xmxt8.cloudfront.net\/4\/2025\/08\/09_stupanie-Clovecia-hlava.webp 990w, https:\/\/d2p6e6u75xmxt8.cloudfront.net\/4\/2025\/08\/09_stupanie-Clovecia-hlava-300x200.webp 300w, https:\/\/d2p6e6u75xmxt8.cloudfront.net\/4\/2025\/08\/09_stupanie-Clovecia-hlava-768x512.webp 768w, https:\/\/d2p6e6u75xmxt8.cloudfront.net\/4\/2025\/08\/09_stupanie-Clovecia-hlava-400x267.webp 400w, https:\/\/d2p6e6u75xmxt8.cloudfront.net\/4\/2025\/08\/09_stupanie-Clovecia-hlava-272x182.webp 272w\" sizes=\"auto, (max-width: 990px) 100vw, 990px\" \/><\/a>\n\t\t\t<\/div>\n\t\t\t\t<figcaption class='wp-caption-text gallery-caption' id='gallery-4-20832'>\n\t\t\t\tSt\u00fapanie \u010clove\u010dia hlava\n\t\t\t\t<\/figcaption><\/figure><figure class='gallery-item'>\n\t\t\t<div class='gallery-icon landscape'>\n\t\t\t\t<a href='https:\/\/d2p6e6u75xmxt8.cloudfront.net\/4\/2025\/08\/10.webp'><img loading=\"lazy\" decoding=\"async\" width=\"990\" height=\"660\" src=\"https:\/\/d2p6e6u75xmxt8.cloudfront.net\/4\/2025\/08\/10.webp\" class=\"attachment-full size-full\" alt=\"\" srcset=\"https:\/\/d2p6e6u75xmxt8.cloudfront.net\/4\/2025\/08\/10.webp 990w, https:\/\/d2p6e6u75xmxt8.cloudfront.net\/4\/2025\/08\/10-300x200.webp 300w, https:\/\/d2p6e6u75xmxt8.cloudfront.net\/4\/2025\/08\/10-768x512.webp 768w, https:\/\/d2p6e6u75xmxt8.cloudfront.net\/4\/2025\/08\/10-400x267.webp 400w, https:\/\/d2p6e6u75xmxt8.cloudfront.net\/4\/2025\/08\/10-272x182.webp 272w\" sizes=\"auto, (max-width: 990px) 100vw, 990px\" \/><\/a>\n\t\t\t<\/div><\/figure>\n\t\t<\/div>\n\n<h2><strong>Terka ma zachr\u00e1nila<\/strong><\/h2>\n<p><span style=\"font-weight: 400;\">Spi\u0161sk\u00e9 Bystr\u00e9, na prvej ob\u010derstvova\u010dke ani nestoj\u00edm, ve\u010f m\u00e1me za sebou len 17 km, v\u0161etko e\u0161te m\u00e1m. \u010cak\u00e1 n\u00e1s prv\u00e9 dlh\u0161ie st\u00fapanie. Sedlo \u010clove\u010dia hlava, idem si v\u00a0tempe, najprv asfalt, nesk\u00f4r \u0161trkov\u00e1 cesta. Dobieham kamar\u00e1ta Dana.<em> \u201eZap\u00edna\u0161 turbo?<\/em>\u201c Tak nejak.\u00a0<\/span><\/p>\n<p><span style=\"font-weight: 400;\"><strong>\u010co som stratil, to som teraz z\u00edskal a\u00a0ur\u010dite aj nejak\u00e9 miesta k\u00a0dobru, t\u00fdch, \u010do som predbiehal, bolo celkom dos\u0165.<\/strong> Len keby to tak aj ostalo, ale v\u00a0n\u00e1slednom zjazde o\u00a0ve\u013ea poz\u00edci\u00ed nepr\u00eddem. Regulov\u010d\u00edci n\u00e1s posielaj\u00fa do kr\u00e1tkeho trailu, p\u00fdtam sa na okuliare, no tie, \u010do mi regulov\u010d\u00ed\u010dka pod\u00e1va, mi pr\u00eddu dos\u0165 tmav\u00e9, aj ke\u010f je slne\u010dno. No ni\u010d, nejako vydr\u017e\u00edm.\u00a0<\/span><\/p>\n<div id='gallery-5' class='gallery galleryid-20822 gallery-columns-2 gallery-size-full'><figure class='gallery-item'>\n\t\t\t<div class='gallery-icon landscape'>\n\t\t\t\t<a href='https:\/\/d2p6e6u75xmxt8.cloudfront.net\/4\/2025\/08\/11_na-Kralovku.webp'><img loading=\"lazy\" decoding=\"async\" width=\"990\" height=\"660\" src=\"https:\/\/d2p6e6u75xmxt8.cloudfront.net\/4\/2025\/08\/11_na-Kralovku.webp\" class=\"attachment-full size-full\" alt=\"\" aria-describedby=\"gallery-5-20834\" srcset=\"https:\/\/d2p6e6u75xmxt8.cloudfront.net\/4\/2025\/08\/11_na-Kralovku.webp 990w, https:\/\/d2p6e6u75xmxt8.cloudfront.net\/4\/2025\/08\/11_na-Kralovku-300x200.webp 300w, https:\/\/d2p6e6u75xmxt8.cloudfront.net\/4\/2025\/08\/11_na-Kralovku-768x512.webp 768w, https:\/\/d2p6e6u75xmxt8.cloudfront.net\/4\/2025\/08\/11_na-Kralovku-400x267.webp 400w, https:\/\/d2p6e6u75xmxt8.cloudfront.net\/4\/2025\/08\/11_na-Kralovku-272x182.webp 272w\" sizes=\"auto, (max-width: 990px) 100vw, 990px\" \/><\/a>\n\t\t\t<\/div>\n\t\t\t\t<figcaption class='wp-caption-text gallery-caption' id='gallery-5-20834'>\n\t\t\t\tNa Kr\u00e1\u013eovku\n\t\t\t\t<\/figcaption><\/figure><figure class='gallery-item'>\n\t\t\t<div class='gallery-icon landscape'>\n\t\t\t\t<a href='https:\/\/d2p6e6u75xmxt8.cloudfront.net\/4\/2025\/08\/12_v-novych-okuliaroch.webp'><img loading=\"lazy\" decoding=\"async\" width=\"990\" height=\"660\" src=\"https:\/\/d2p6e6u75xmxt8.cloudfront.net\/4\/2025\/08\/12_v-novych-okuliaroch.webp\" class=\"attachment-full size-full\" alt=\"\" aria-describedby=\"gallery-5-20835\" srcset=\"https:\/\/d2p6e6u75xmxt8.cloudfront.net\/4\/2025\/08\/12_v-novych-okuliaroch.webp 990w, https:\/\/d2p6e6u75xmxt8.cloudfront.net\/4\/2025\/08\/12_v-novych-okuliaroch-300x200.webp 300w, https:\/\/d2p6e6u75xmxt8.cloudfront.net\/4\/2025\/08\/12_v-novych-okuliaroch-768x512.webp 768w, https:\/\/d2p6e6u75xmxt8.cloudfront.net\/4\/2025\/08\/12_v-novych-okuliaroch-400x267.webp 400w, https:\/\/d2p6e6u75xmxt8.cloudfront.net\/4\/2025\/08\/12_v-novych-okuliaroch-272x182.webp 272w\" sizes=\"auto, (max-width: 990px) 100vw, 990px\" \/><\/a>\n\t\t\t<\/div>\n\t\t\t\t<figcaption class='wp-caption-text gallery-caption' id='gallery-5-20835'>\n\t\t\t\tV nov\u00fdch okuliaroch\n\t\t\t\t<\/figcaption><\/figure>\n\t\t<\/div>\n\n<p><span style=\"font-weight: 400;\">Prich\u00e1dzame na Pust\u00e9 Pole, druh\u00e1 ob\u010derstvova\u010dka. Tu u\u017e beriem poh\u00e1r vody a\u00a0lejem do seba, dop\u013a\u0148am aj bidon. Sk\u00fa\u0161am \u0161\u0165astie s\u00a0ot\u00e1zkou na okuliare. S\u00a0Terkou, ktor\u00e1 mi pod\u00e1va svoje slne\u010dn\u00e9, sa ve\u013emi nepozn\u00e1me, zrejme len v\u010faka Strave. Nasadzujem okuliare, trochu tmav\u0161ie, ale u\u017e nerie\u0161im. Lep\u0161ie ako ni\u010d. <strong>\u010eakujem a\u00a0som r\u00e1d \u017ee sme sa takto stretli.\u00a0<\/strong><\/span><\/p>\n<p><span style=\"font-weight: 400;\">\u010cak\u00e1 n\u00e1s najdlh\u0161ie st\u00fapanie: Kr\u00e1\u013eova ho\u013ea. Lesom po zelenej cyklotrase k r\u00e1zcestiu Havranie, chv\u00ed\u013eku po novom asfalte a\u00a0\u0161up ho nasp\u00e4\u0165 do lesa na v\u00fd\u017eivn\u00fd \u00fasek, zn\u00e1my pod n\u00e1zvom Pochode\u0148.<\/span><\/p>\n<p><span style=\"font-weight: 400;\">Stret\u00e1vam aj Romana Mare\u0161a, \u010dudujem sa, \u017ee je e\u0161te len tu. <strong>Okrem toho, \u017ee mu to ide pekne hore kopcom, to vie aj pusti\u0165 nadol. No zbrzdili ho dva defekty.<\/strong> Ideme chv\u00ed\u013eu spolu, zaujali ho moje okuliare, \u201eimid\u017eovky\u201c z\u00a0ob\u010derstvova\u010dky. Ja potom trochu po\u013eav\u00edm v\u00a0tempe, chcem sa najes\u0165, a\u00a0tak vy\u0165ahujem z\u00a0dresu prv\u00fd croissant a\u00a0pomaly jem po\u010das st\u00fapania na Kr\u00e1\u013eovku. Oproti u\u017e valia borci, prv\u00ed u\u017e \u0161li d\u00e1vnej\u0161ie, e\u0161te som nebol ani pri chate. Nechcem ve\u013emi tla\u010di\u0165 na p\u00edlu, e\u0161te pr\u00eddu \u0165a\u017e\u0161ie st\u00fapania.\u00a0<\/span><\/p>\n<div id='gallery-6' class='gallery galleryid-20822 gallery-columns-2 gallery-size-full'><figure class='gallery-item'>\n\t\t\t<div class='gallery-icon landscape'>\n\t\t\t\t<a href='https:\/\/d2p6e6u75xmxt8.cloudfront.net\/4\/2025\/08\/13_oproti-uz-zjazduju.webp'><img loading=\"lazy\" decoding=\"async\" width=\"990\" height=\"660\" src=\"https:\/\/d2p6e6u75xmxt8.cloudfront.net\/4\/2025\/08\/13_oproti-uz-zjazduju.webp\" class=\"attachment-full size-full\" alt=\"\" aria-describedby=\"gallery-6-20836\" srcset=\"https:\/\/d2p6e6u75xmxt8.cloudfront.net\/4\/2025\/08\/13_oproti-uz-zjazduju.webp 990w, https:\/\/d2p6e6u75xmxt8.cloudfront.net\/4\/2025\/08\/13_oproti-uz-zjazduju-300x200.webp 300w, https:\/\/d2p6e6u75xmxt8.cloudfront.net\/4\/2025\/08\/13_oproti-uz-zjazduju-768x512.webp 768w, https:\/\/d2p6e6u75xmxt8.cloudfront.net\/4\/2025\/08\/13_oproti-uz-zjazduju-400x267.webp 400w, https:\/\/d2p6e6u75xmxt8.cloudfront.net\/4\/2025\/08\/13_oproti-uz-zjazduju-272x182.webp 272w\" sizes=\"auto, (max-width: 990px) 100vw, 990px\" \/><\/a>\n\t\t\t<\/div>\n\t\t\t\t<figcaption class='wp-caption-text gallery-caption' id='gallery-6-20836'>\n\t\t\t\tOproti u\u017e zjazduj\u00fa\n\t\t\t\t<\/figcaption><\/figure><figure class='gallery-item'>\n\t\t\t<div class='gallery-icon landscape'>\n\t\t\t\t<a href='https:\/\/d2p6e6u75xmxt8.cloudfront.net\/4\/2025\/08\/14_o-chvilu-som-hore.webp'><img loading=\"lazy\" decoding=\"async\" width=\"990\" height=\"660\" src=\"https:\/\/d2p6e6u75xmxt8.cloudfront.net\/4\/2025\/08\/14_o-chvilu-som-hore.webp\" class=\"attachment-full size-full\" alt=\"\" aria-describedby=\"gallery-6-20837\" srcset=\"https:\/\/d2p6e6u75xmxt8.cloudfront.net\/4\/2025\/08\/14_o-chvilu-som-hore.webp 990w, https:\/\/d2p6e6u75xmxt8.cloudfront.net\/4\/2025\/08\/14_o-chvilu-som-hore-300x200.webp 300w, https:\/\/d2p6e6u75xmxt8.cloudfront.net\/4\/2025\/08\/14_o-chvilu-som-hore-768x512.webp 768w, https:\/\/d2p6e6u75xmxt8.cloudfront.net\/4\/2025\/08\/14_o-chvilu-som-hore-400x267.webp 400w, https:\/\/d2p6e6u75xmxt8.cloudfront.net\/4\/2025\/08\/14_o-chvilu-som-hore-272x182.webp 272w\" sizes=\"auto, (max-width: 990px) 100vw, 990px\" \/><\/a>\n\t\t\t<\/div>\n\t\t\t\t<figcaption class='wp-caption-text gallery-caption' id='gallery-6-20837'>\n\t\t\t\tO chv\u00ed\u013eu som hore\n\t\t\t\t<\/figcaption><\/figure>\n\t\t<\/div>\n\n<h2><strong>Kr\u00e1\u013eovka je za odmenu, Pansk\u00e1 je krut\u00e1<\/strong><\/h2>\n<p><span style=\"font-weight: 400;\">Prich\u00e1dzam hore, m\u00e1m za sebou cca 50 km a\u00a02000 v\u00fd\u0161kov\u00fdch. Op\u00e4\u0165 doplni\u0165 vodu, nie\u010do aj prejem a\u00a0p\u00fa\u0161\u0165am sa dole. Po\u010dasie vy\u0161lo, par\u00e1dna vidite\u013enos\u0165, nef\u00faka, teplo je. <strong>Ten zjazd mi pr\u00edde st\u00e1le rozbitej\u0161\u00ed.<\/strong> Rad\u0161ej pomal\u0161ie, nechcem riskova\u0165.<\/span><\/p>\n<p><span style=\"font-weight: 400;\">Za chatou k\u00fasok zjazdu po novom koberci a\u00a0op\u00e4\u0165 po zelenej cyklotrase, no asi v\u00a0polovici odbo\u010dujeme do\u013eava na \u010fal\u0161ie st\u00fapanie, ale kr\u00e1tke. A\u00a0zase zjazd. Po \u0148om n\u00e1s \u010dak\u00e1 tentokr\u00e1t u\u017e o\u00a0dos\u0165 n\u00e1ro\u010dnej\u0161ie st\u00fapanie \u2013 Smre\u010d\u00ednske sedlo. Na niektor\u00fdch \u00fasekoch si trochu aj potla\u010d\u00edm, sta\u010d\u00ed mal\u00e9 pod\u0161myknutie kolesa pri zle zvolenej stope a\u00a0v\u00a0stojke u\u017e nenasadne\u0161. Kone\u010dne sme hore.\u00a0<\/span><\/p>\n<div id='gallery-7' class='gallery galleryid-20822 gallery-columns-2 gallery-size-full'><figure class='gallery-item'>\n\t\t\t<div class='gallery-icon landscape'>\n\t\t\t\t<a href='https:\/\/d2p6e6u75xmxt8.cloudfront.net\/4\/2025\/08\/15.webp'><img loading=\"lazy\" decoding=\"async\" width=\"990\" height=\"660\" src=\"https:\/\/d2p6e6u75xmxt8.cloudfront.net\/4\/2025\/08\/15.webp\" class=\"attachment-full size-full\" alt=\"\" srcset=\"https:\/\/d2p6e6u75xmxt8.cloudfront.net\/4\/2025\/08\/15.webp 990w, https:\/\/d2p6e6u75xmxt8.cloudfront.net\/4\/2025\/08\/15-300x200.webp 300w, https:\/\/d2p6e6u75xmxt8.cloudfront.net\/4\/2025\/08\/15-768x512.webp 768w, https:\/\/d2p6e6u75xmxt8.cloudfront.net\/4\/2025\/08\/15-400x267.webp 400w, https:\/\/d2p6e6u75xmxt8.cloudfront.net\/4\/2025\/08\/15-272x182.webp 272w\" sizes=\"auto, (max-width: 990px) 100vw, 990px\" \/><\/a>\n\t\t\t<\/div><\/figure><figure class='gallery-item'>\n\t\t\t<div class='gallery-icon landscape'>\n\t\t\t\t<a href='https:\/\/d2p6e6u75xmxt8.cloudfront.net\/4\/2025\/08\/16_na-Smrecinske-sedlo.webp'><img loading=\"lazy\" decoding=\"async\" width=\"990\" height=\"660\" src=\"https:\/\/d2p6e6u75xmxt8.cloudfront.net\/4\/2025\/08\/16_na-Smrecinske-sedlo.webp\" class=\"attachment-full size-full\" alt=\"\" aria-describedby=\"gallery-7-20839\" srcset=\"https:\/\/d2p6e6u75xmxt8.cloudfront.net\/4\/2025\/08\/16_na-Smrecinske-sedlo.webp 990w, https:\/\/d2p6e6u75xmxt8.cloudfront.net\/4\/2025\/08\/16_na-Smrecinske-sedlo-300x200.webp 300w, https:\/\/d2p6e6u75xmxt8.cloudfront.net\/4\/2025\/08\/16_na-Smrecinske-sedlo-768x512.webp 768w, https:\/\/d2p6e6u75xmxt8.cloudfront.net\/4\/2025\/08\/16_na-Smrecinske-sedlo-400x267.webp 400w, https:\/\/d2p6e6u75xmxt8.cloudfront.net\/4\/2025\/08\/16_na-Smrecinske-sedlo-272x182.webp 272w\" sizes=\"auto, (max-width: 990px) 100vw, 990px\" \/><\/a>\n\t\t\t<\/div>\n\t\t\t\t<figcaption class='wp-caption-text gallery-caption' id='gallery-7-20839'>\n\t\t\t\tNa Smre\u010d\u00ednske sedlo\n\t\t\t\t<\/figcaption><\/figure>\n\t\t<\/div>\n\n<p><span style=\"font-weight: 400;\">N\u00e1sledn\u00fd zjazd je pomerne r\u00fdchly, ale aj zradn\u00fd, stret\u00e1vam Romana, ako tla\u010d\u00ed bike, zrejme tret\u00ed defekt. Zjazdujeme do Liptovskej Tepli\u010dky. Z\u00a0kopca na m\u0148a niekto vol\u00e1. Ani vo sne by ma nenapadlo, \u017ee to m\u00f4\u017ee by\u0165 Imrov\u00e1 Lenka s\u00a0de\u0165mi.\u00a0<\/span><\/p>\n<p><span style=\"font-weight: 400;\">Po zjazde prich\u00e1dza \u010fal\u0161ie n\u00e1ro\u010dn\u00e9 st\u00fapanie, e\u0161te pred n\u00edm na ob\u010derstvova\u010dke dop\u013a\u0148am z\u00e1soby, jes\u0165 a\u00a0pi\u0165 je na Krejzi trati d\u00f4le\u017eit\u00e9. Za\u010d\u00edname st\u00fapa\u0165 na Pansk\u00fa ho\u013eu. <strong>\u00davod asfaltov\u00fd, stret\u00e1vam borcov z\u00a0krat\u0161ej Lejzi trate, oni vlastne id\u00fa to, \u010do my, okrem okruhu cez Kr\u00e1\u013eovku.<\/strong> Asfaltka je miernej\u0161ia, v\u00a0ter\u00e9ne je to strm\u0161ie a\u00a0d\u00e1va to pekne zabra\u0165, nepo\u013eavujem. Prich\u00e1dza kr\u00e1tky oddych od st\u00fapania v\u00a0podobe trailu, ktor\u00fd n\u00e1s \u201evyp\u013euje\u201c do z\u00e1vere\u010dnej strmej stojky. Nohy u\u017e maj\u00fa celkom dos\u0165. Necel\u00fdch 3000 v\u00fd\u0161kov\u00fdch.<\/span><\/p>\n<div id='gallery-8' class='gallery galleryid-20822 gallery-columns-2 gallery-size-full'><figure class='gallery-item'>\n\t\t\t<div class='gallery-icon landscape'>\n\t\t\t\t<a href='https:\/\/d2p6e6u75xmxt8.cloudfront.net\/4\/2025\/08\/17_tlacime.webp'><img loading=\"lazy\" decoding=\"async\" width=\"990\" height=\"660\" src=\"https:\/\/d2p6e6u75xmxt8.cloudfront.net\/4\/2025\/08\/17_tlacime.webp\" class=\"attachment-full size-full\" alt=\"\" aria-describedby=\"gallery-8-20840\" srcset=\"https:\/\/d2p6e6u75xmxt8.cloudfront.net\/4\/2025\/08\/17_tlacime.webp 990w, https:\/\/d2p6e6u75xmxt8.cloudfront.net\/4\/2025\/08\/17_tlacime-300x200.webp 300w, https:\/\/d2p6e6u75xmxt8.cloudfront.net\/4\/2025\/08\/17_tlacime-768x512.webp 768w, https:\/\/d2p6e6u75xmxt8.cloudfront.net\/4\/2025\/08\/17_tlacime-400x267.webp 400w, https:\/\/d2p6e6u75xmxt8.cloudfront.net\/4\/2025\/08\/17_tlacime-272x182.webp 272w\" sizes=\"auto, (max-width: 990px) 100vw, 990px\" \/><\/a>\n\t\t\t<\/div>\n\t\t\t\t<figcaption class='wp-caption-text gallery-caption' id='gallery-8-20840'>\n\t\t\t\tTla\u010d\u00edme\n\t\t\t\t<\/figcaption><\/figure><figure class='gallery-item'>\n\t\t\t<div class='gallery-icon landscape'>\n\t\t\t\t<a href='https:\/\/d2p6e6u75xmxt8.cloudfront.net\/4\/2025\/08\/18_na-Pasnku-holu.webp'><img loading=\"lazy\" decoding=\"async\" width=\"990\" height=\"660\" src=\"https:\/\/d2p6e6u75xmxt8.cloudfront.net\/4\/2025\/08\/18_na-Pasnku-holu.webp\" class=\"attachment-full size-full\" alt=\"\" aria-describedby=\"gallery-8-20841\" srcset=\"https:\/\/d2p6e6u75xmxt8.cloudfront.net\/4\/2025\/08\/18_na-Pasnku-holu.webp 990w, https:\/\/d2p6e6u75xmxt8.cloudfront.net\/4\/2025\/08\/18_na-Pasnku-holu-300x200.webp 300w, https:\/\/d2p6e6u75xmxt8.cloudfront.net\/4\/2025\/08\/18_na-Pasnku-holu-768x512.webp 768w, https:\/\/d2p6e6u75xmxt8.cloudfront.net\/4\/2025\/08\/18_na-Pasnku-holu-400x267.webp 400w, https:\/\/d2p6e6u75xmxt8.cloudfront.net\/4\/2025\/08\/18_na-Pasnku-holu-272x182.webp 272w\" sizes=\"auto, (max-width: 990px) 100vw, 990px\" \/><\/a>\n\t\t\t<\/div>\n\t\t\t\t<figcaption class='wp-caption-text gallery-caption' id='gallery-8-20841'>\n\t\t\t\tNa P\u00e1snku ho\u013eu\n\t\t\t\t<\/figcaption><\/figure>\n\t\t<\/div>\n\n<h2><strong>Ach, tie tlaky<\/strong><\/h2>\n<p><span style=\"font-weight: 400;\">Chv\u00ed\u013eu po hrebeni a\u00a0n\u00e1ro\u010dn\u00fd, poriadne rozbit\u00fd zjazd. Som na brzd\u00e1ch. U\u017e neraz som pri\u0161iel na to, \u017ee som to r\u00e1no na parkovisku prehnal s\u00a0tlakom. <strong>Ale bavi\u0165 sa s\u00a0tlakmi sa mi tu veru nechce.<\/strong> Tento zjazd sa mi stal minul\u00fd rok osudn\u00fd, teraz na\u0161\u0165astie bez defektu zjazdujem do \u0160u\u0148avy.\u00a0<\/span><\/p>\n<p><span style=\"font-weight: 400;\">Kr\u00e1tke asfaltov\u00e9 st\u00fapanie, pam\u00e4t\u00e1m si, ako sme tu minul\u00fd rok s\u00a0Mirom st\u00e1li a\u00a0rie\u0161ili m\u00f4j defekt. Ani kn\u00f4ty nezaberali. Posledn\u00e1 ob\u010derstvova\u010dka. Op\u00e4\u0165 voda, no aj nie\u010do pod zub. U\u017e to bud\u00fa len tak\u00e9 \u201ebrdky\u201c, no tie zvykn\u00fa by\u0165 poriadne nepr\u00edjemn\u00e9, hlavne ke\u010f m\u00e1te v\u00a0noh\u00e1ch cca 100 km.<\/span><\/p>\n<div id='gallery-9' class='gallery galleryid-20822 gallery-columns-2 gallery-size-full'><figure class='gallery-item'>\n\t\t\t<div class='gallery-icon landscape'>\n\t\t\t\t<a href='https:\/\/d2p6e6u75xmxt8.cloudfront.net\/4\/2025\/08\/19.webp'><img loading=\"lazy\" decoding=\"async\" width=\"990\" height=\"660\" src=\"https:\/\/d2p6e6u75xmxt8.cloudfront.net\/4\/2025\/08\/19.webp\" class=\"attachment-full size-full\" alt=\"\" srcset=\"https:\/\/d2p6e6u75xmxt8.cloudfront.net\/4\/2025\/08\/19.webp 990w, https:\/\/d2p6e6u75xmxt8.cloudfront.net\/4\/2025\/08\/19-300x200.webp 300w, https:\/\/d2p6e6u75xmxt8.cloudfront.net\/4\/2025\/08\/19-768x512.webp 768w, https:\/\/d2p6e6u75xmxt8.cloudfront.net\/4\/2025\/08\/19-400x267.webp 400w, https:\/\/d2p6e6u75xmxt8.cloudfront.net\/4\/2025\/08\/19-272x182.webp 272w\" sizes=\"auto, (max-width: 990px) 100vw, 990px\" \/><\/a>\n\t\t\t<\/div><\/figure><figure class='gallery-item'>\n\t\t\t<div class='gallery-icon landscape'>\n\t\t\t\t<a href='https:\/\/d2p6e6u75xmxt8.cloudfront.net\/4\/2025\/08\/20_vacsinou-stretavam-z-Lejzi-trate.webp'><img loading=\"lazy\" decoding=\"async\" width=\"990\" height=\"660\" src=\"https:\/\/d2p6e6u75xmxt8.cloudfront.net\/4\/2025\/08\/20_vacsinou-stretavam-z-Lejzi-trate.webp\" class=\"attachment-full size-full\" alt=\"\" aria-describedby=\"gallery-9-20843\" srcset=\"https:\/\/d2p6e6u75xmxt8.cloudfront.net\/4\/2025\/08\/20_vacsinou-stretavam-z-Lejzi-trate.webp 990w, https:\/\/d2p6e6u75xmxt8.cloudfront.net\/4\/2025\/08\/20_vacsinou-stretavam-z-Lejzi-trate-300x200.webp 300w, https:\/\/d2p6e6u75xmxt8.cloudfront.net\/4\/2025\/08\/20_vacsinou-stretavam-z-Lejzi-trate-768x512.webp 768w, https:\/\/d2p6e6u75xmxt8.cloudfront.net\/4\/2025\/08\/20_vacsinou-stretavam-z-Lejzi-trate-400x267.webp 400w, https:\/\/d2p6e6u75xmxt8.cloudfront.net\/4\/2025\/08\/20_vacsinou-stretavam-z-Lejzi-trate-272x182.webp 272w\" sizes=\"auto, (max-width: 990px) 100vw, 990px\" \/><\/a>\n\t\t\t<\/div>\n\t\t\t\t<figcaption class='wp-caption-text gallery-caption' id='gallery-9-20843'>\n\t\t\t\tV\u00e4\u010d\u0161inou stret\u00e1vam z Lejzi trate\n\t\t\t\t<\/figcaption><\/figure>\n\t\t<\/div>\n\n<p><span style=\"font-weight: 400;\">Stret\u00e1vam borcov zo Senzi trate, pozn\u00e1me sa.<em> \u201eGlevo, nechce\u0161 ni\u010d? Nejak\u00fd keks, alebo nie\u010do?\u201c \u201eD\u00edk, ale netreba.\u201c<\/em> Tak\u00e1to podpora vie pote\u0161i\u0165. Prid\u00e1vam na tempe, no pod 7 hod\u00edn to asi ned\u00e1m. Navy\u0161e c\u00edtim, akoby sa oz\u00fdvali men\u0161ie k\u0155\u010de, ale ni\u010d, \u010do by ma nejako obmedzilo. U\u017e chcem by\u0165 v\u00a0cieli.\u00a0<\/span><\/p>\n<p><span style=\"font-weight: 400;\">Z\u00e1ver m\u00e1me v\u0161etci spolo\u010dn\u00fd, tak sa ob\u010das obzriem, koho predbieham, alebo opa\u010dne \u2013 kto predbieha m\u0148a. Lopu\u0161n\u00e1 dolina, u\u017e len k\u00fasok, no ja c\u00edtim hla\u010f\u00e1k, mus\u00edm zasta\u0165, vy\u0165ahujem croissant a\u00a0pu\u010d\u00edm do seba. <strong>Regulov\u010d\u00edci mi s\u00edce kri\u010dia, \u017ee u\u017e nem\u00e1m \u010faleko, no musel som aspo\u0148 polovicu zjes\u0165.<\/strong> A\u00a0fakt mi to pomohlo, hne\u010f sa mi i\u0161lo lep\u0161ie.\u00a0<\/span><\/p>\n<div id='gallery-10' class='gallery galleryid-20822 gallery-columns-2 gallery-size-full'><figure class='gallery-item'>\n\t\t\t<div class='gallery-icon landscape'>\n\t\t\t\t<a href='https:\/\/d2p6e6u75xmxt8.cloudfront.net\/4\/2025\/08\/21_hreben-z-Panskej-hole.webp'><img loading=\"lazy\" decoding=\"async\" width=\"990\" height=\"660\" src=\"https:\/\/d2p6e6u75xmxt8.cloudfront.net\/4\/2025\/08\/21_hreben-z-Panskej-hole.webp\" class=\"attachment-full size-full\" alt=\"\" aria-describedby=\"gallery-10-20844\" srcset=\"https:\/\/d2p6e6u75xmxt8.cloudfront.net\/4\/2025\/08\/21_hreben-z-Panskej-hole.webp 990w, https:\/\/d2p6e6u75xmxt8.cloudfront.net\/4\/2025\/08\/21_hreben-z-Panskej-hole-300x200.webp 300w, https:\/\/d2p6e6u75xmxt8.cloudfront.net\/4\/2025\/08\/21_hreben-z-Panskej-hole-768x512.webp 768w, https:\/\/d2p6e6u75xmxt8.cloudfront.net\/4\/2025\/08\/21_hreben-z-Panskej-hole-400x267.webp 400w, https:\/\/d2p6e6u75xmxt8.cloudfront.net\/4\/2025\/08\/21_hreben-z-Panskej-hole-272x182.webp 272w\" sizes=\"auto, (max-width: 990px) 100vw, 990px\" \/><\/a>\n\t\t\t<\/div>\n\t\t\t\t<figcaption class='wp-caption-text gallery-caption' id='gallery-10-20844'>\n\t\t\t\tHrebe\u0148 z P\u00e1nskej hole\n\t\t\t\t<\/figcaption><\/figure><figure class='gallery-item'>\n\t\t\t<div class='gallery-icon landscape'>\n\t\t\t\t<a href='https:\/\/d2p6e6u75xmxt8.cloudfront.net\/4\/2025\/08\/22_za-Sunavou.webp'><img loading=\"lazy\" decoding=\"async\" width=\"990\" height=\"660\" src=\"https:\/\/d2p6e6u75xmxt8.cloudfront.net\/4\/2025\/08\/22_za-Sunavou.webp\" class=\"attachment-full size-full\" alt=\"\" aria-describedby=\"gallery-10-20845\" srcset=\"https:\/\/d2p6e6u75xmxt8.cloudfront.net\/4\/2025\/08\/22_za-Sunavou.webp 990w, https:\/\/d2p6e6u75xmxt8.cloudfront.net\/4\/2025\/08\/22_za-Sunavou-300x200.webp 300w, https:\/\/d2p6e6u75xmxt8.cloudfront.net\/4\/2025\/08\/22_za-Sunavou-768x512.webp 768w, https:\/\/d2p6e6u75xmxt8.cloudfront.net\/4\/2025\/08\/22_za-Sunavou-400x267.webp 400w, https:\/\/d2p6e6u75xmxt8.cloudfront.net\/4\/2025\/08\/22_za-Sunavou-272x182.webp 272w\" sizes=\"auto, (max-width: 990px) 100vw, 990px\" \/><\/a>\n\t\t\t<\/div>\n\t\t\t\t<figcaption class='wp-caption-text gallery-caption' id='gallery-10-20845'>\n\t\t\t\tZa \u0160u\u0148avou\n\t\t\t\t<\/figcaption><\/figure>\n\t\t<\/div>\n\n<h2><strong>\u0160\u0165astne v cieli<\/strong><\/h2>\n<p><span style=\"font-weight: 400;\">Z\u00e1vere\u010dn\u00e9 single, toto fakt nemus\u00edm. Hlavne po to\u013ek\u00fdch kilometroch v\u00a0noh\u00e1ch, e\u0161te okolo cintor\u00edna, kopec. <strong>Vid\u00edte kolibu, po\u010dujete dav, no st\u00e1le sa tu kr\u00fatite dookola po singloch.<\/strong> U\u017e to len nejako vydr\u017ea\u0165. Pozer\u00e1m na Garmin, no to bude hrozn\u00fd \u010das, ako minul\u00fd rok, len to som mal defekt. Cie\u013eom nakoniec prech\u00e1dzam s\u00a0\u010dasom 7:31:06, \u010di\u017ee e\u0161te o\u00a0nejak\u00fa min\u00fatku hor\u0161ie. Na rok u\u017e mus\u00edm pod 7!<\/span><\/p>\n<div id='gallery-11' class='gallery galleryid-20822 gallery-columns-2 gallery-size-full'><figure class='gallery-item'>\n\t\t\t<div class='gallery-icon landscape'>\n\t\t\t\t<a href='https:\/\/d2p6e6u75xmxt8.cloudfront.net\/4\/2025\/08\/23_posledne-brdky.webp'><img loading=\"lazy\" decoding=\"async\" width=\"990\" height=\"660\" src=\"https:\/\/d2p6e6u75xmxt8.cloudfront.net\/4\/2025\/08\/23_posledne-brdky.webp\" class=\"attachment-full size-full\" alt=\"\" aria-describedby=\"gallery-11-20846\" srcset=\"https:\/\/d2p6e6u75xmxt8.cloudfront.net\/4\/2025\/08\/23_posledne-brdky.webp 990w, https:\/\/d2p6e6u75xmxt8.cloudfront.net\/4\/2025\/08\/23_posledne-brdky-300x200.webp 300w, https:\/\/d2p6e6u75xmxt8.cloudfront.net\/4\/2025\/08\/23_posledne-brdky-768x512.webp 768w, https:\/\/d2p6e6u75xmxt8.cloudfront.net\/4\/2025\/08\/23_posledne-brdky-400x267.webp 400w, https:\/\/d2p6e6u75xmxt8.cloudfront.net\/4\/2025\/08\/23_posledne-brdky-272x182.webp 272w\" sizes=\"auto, (max-width: 990px) 100vw, 990px\" \/><\/a>\n\t\t\t<\/div>\n\t\t\t\t<figcaption class='wp-caption-text gallery-caption' id='gallery-11-20846'>\n\t\t\t\tPosledn\u00e9 brdky\n\t\t\t\t<\/figcaption><\/figure><figure class='gallery-item'>\n\t\t\t<div class='gallery-icon landscape'>\n\t\t\t\t<a href='https:\/\/d2p6e6u75xmxt8.cloudfront.net\/4\/2025\/08\/24_v-cieli.webp'><img loading=\"lazy\" decoding=\"async\" width=\"990\" height=\"660\" src=\"https:\/\/d2p6e6u75xmxt8.cloudfront.net\/4\/2025\/08\/24_v-cieli.webp\" class=\"attachment-full size-full\" alt=\"\" aria-describedby=\"gallery-11-20847\" srcset=\"https:\/\/d2p6e6u75xmxt8.cloudfront.net\/4\/2025\/08\/24_v-cieli.webp 990w, https:\/\/d2p6e6u75xmxt8.cloudfront.net\/4\/2025\/08\/24_v-cieli-300x200.webp 300w, https:\/\/d2p6e6u75xmxt8.cloudfront.net\/4\/2025\/08\/24_v-cieli-768x512.webp 768w, https:\/\/d2p6e6u75xmxt8.cloudfront.net\/4\/2025\/08\/24_v-cieli-400x267.webp 400w, https:\/\/d2p6e6u75xmxt8.cloudfront.net\/4\/2025\/08\/24_v-cieli-272x182.webp 272w\" sizes=\"auto, (max-width: 990px) 100vw, 990px\" \/><\/a>\n\t\t\t<\/div>\n\t\t\t\t<figcaption class='wp-caption-text gallery-caption' id='gallery-11-20847'>\n\t\t\t\tV cieli\n\t\t\t\t<\/figcaption><\/figure>\n\t\t<\/div>\n\n<p><span style=\"font-weight: 400;\">V\u00a0are\u00e1li vl\u00e1dne super atmosf\u00e9ra, st\u00e1le s\u00a0niek\u00fdm prehod\u00edm re\u010d, \u010das pekne ubieha. Stret\u00e1vam Mira, ten je u\u017e aj prezle\u010den\u00fd. Ideme ku autu, \u017ee mi d\u00e1 veci. Idem sa kone\u010dne najes\u0165, gul\u00e1\u0161 jem v\u0161ade, tak dnes vol\u00edm pirohy. A\u00a0tie chutili super.\u00a0<\/span><\/p>\n<p><span style=\"font-weight: 400;\">Rozm\u00fd\u0161\u013eam ako \u00eds\u0165 domov, asi do Popradu bikom a potom vlak. No stret\u00e1vam Janku z \u013dubovne, \u017ee ma vezme, a tak si e\u0161te po\u010dk\u00e1me na v\u00fdsledky, ke\u010f\u017ee sa jej podarilo vyhra\u0165 kateg\u00f3riu na graveli.<\/span><\/p>\n<div id='gallery-12' class='gallery galleryid-20822 gallery-columns-2 gallery-size-full'><figure class='gallery-item'>\n\t\t\t<div class='gallery-icon landscape'>\n\t\t\t\t<a href='https:\/\/d2p6e6u75xmxt8.cloudfront.net\/4\/2025\/08\/25_Krejzi-zeny-scaled-e1754990058561.webp'><img loading=\"lazy\" decoding=\"async\" width=\"990\" height=\"663\" src=\"https:\/\/d2p6e6u75xmxt8.cloudfront.net\/4\/2025\/08\/25_Krejzi-zeny-scaled-e1754990058561.webp\" class=\"attachment-full size-full\" alt=\"\" aria-describedby=\"gallery-12-20848\" srcset=\"https:\/\/d2p6e6u75xmxt8.cloudfront.net\/4\/2025\/08\/25_Krejzi-zeny-scaled-e1754990058561.webp 990w, https:\/\/d2p6e6u75xmxt8.cloudfront.net\/4\/2025\/08\/25_Krejzi-zeny-scaled-e1754990058561-300x201.webp 300w, https:\/\/d2p6e6u75xmxt8.cloudfront.net\/4\/2025\/08\/25_Krejzi-zeny-scaled-e1754990058561-768x514.webp 768w, https:\/\/d2p6e6u75xmxt8.cloudfront.net\/4\/2025\/08\/25_Krejzi-zeny-scaled-e1754990058561-400x268.webp 400w, https:\/\/d2p6e6u75xmxt8.cloudfront.net\/4\/2025\/08\/25_Krejzi-zeny-scaled-e1754990058561-272x182.webp 272w, https:\/\/d2p6e6u75xmxt8.cloudfront.net\/4\/2025\/08\/25_Krejzi-zeny-1081x1920.webp 1081w\" sizes=\"auto, (max-width: 990px) 100vw, 990px\" \/><\/a>\n\t\t\t<\/div>\n\t\t\t\t<figcaption class='wp-caption-text gallery-caption' id='gallery-12-20848'>\n\t\t\t\tKrejzi \u017eeny\n\t\t\t\t<\/figcaption><\/figure><figure class='gallery-item'>\n\t\t\t<div class='gallery-icon landscape'>\n\t\t\t\t<a href='https:\/\/d2p6e6u75xmxt8.cloudfront.net\/4\/2025\/08\/26_Krejzi-muzi-19-39-scaled-e1754990081816.webp'><img loading=\"lazy\" decoding=\"async\" width=\"990\" height=\"663\" src=\"https:\/\/d2p6e6u75xmxt8.cloudfront.net\/4\/2025\/08\/26_Krejzi-muzi-19-39-scaled-e1754990081816.webp\" class=\"attachment-full size-full\" alt=\"\" aria-describedby=\"gallery-12-20849\" srcset=\"https:\/\/d2p6e6u75xmxt8.cloudfront.net\/4\/2025\/08\/26_Krejzi-muzi-19-39-scaled-e1754990081816.webp 990w, https:\/\/d2p6e6u75xmxt8.cloudfront.net\/4\/2025\/08\/26_Krejzi-muzi-19-39-scaled-e1754990081816-300x201.webp 300w, https:\/\/d2p6e6u75xmxt8.cloudfront.net\/4\/2025\/08\/26_Krejzi-muzi-19-39-scaled-e1754990081816-768x514.webp 768w, https:\/\/d2p6e6u75xmxt8.cloudfront.net\/4\/2025\/08\/26_Krejzi-muzi-19-39-scaled-e1754990081816-400x268.webp 400w, https:\/\/d2p6e6u75xmxt8.cloudfront.net\/4\/2025\/08\/26_Krejzi-muzi-19-39-scaled-e1754990081816-272x182.webp 272w, https:\/\/d2p6e6u75xmxt8.cloudfront.net\/4\/2025\/08\/26_Krejzi-muzi-19-39-1081x1920.webp 1081w\" sizes=\"auto, (max-width: 990px) 100vw, 990px\" \/><\/a>\n\t\t\t<\/div>\n\t\t\t\t<figcaption class='wp-caption-text gallery-caption' id='gallery-12-20849'>\n\t\t\t\tKrejzi mu\u017ei 19-39\n\t\t\t\t<\/figcaption><\/figure>\n\t\t<\/div>\n\n<p><span style=\"font-weight: 400;\">Okolo piatej poobede sa pre\u0161lo k\u00a0vyhl\u00e1seniu v\u00fdsledkov. Na najdlh\u0161ej Krejzi trati dominoval <strong>Samuel Kov\u00e1\u010d<\/strong> s\u00a0\u010dasom 5:10:06, aj ne\u017en\u00e9 pohlavie sa postavilo na \u0161tart tejto trate a\u00a0tu vyhrala <strong>Hanka Nenad\u00e1lov\u00e1<\/strong> z\u00a0\u010ceskej republiky s\u00a0\u010dasom\u00a0 8:05:14.\u00a0<\/span><\/p>\n<p><span style=\"font-weight: 400;\">Spomeniem e\u0161te v\u00ed\u0165azov krat\u0161ej Lejzi trate, kde dominoval <strong>Filip Gre\u0161<\/strong> s \u010dasom 3:29:19 a medzi \u017eenami op\u00e4\u0165 \u010desk\u00e1 pretek\u00e1rka <strong>Andrea Ma\u0165hov\u00e1<\/strong> s \u010dasom 4:24:54. Kompletn\u00e9 v\u00fdsledky si m\u00f4\u017eete pozrie\u0165 na <a href=\"https:\/\/vysledky.sportsoft.cz\/race\/599\/competition\/4266\" target=\"_blank\" rel=\"noopener\">tomto odkaze<\/a>.<\/span><\/p>\n<p><span style=\"font-weight: 400;\">Po v\u00fdsledkoch bola e\u0161te tombola, kde sa u\u0161la cena aj mne a\u00a0te\u0161i\u0165 som sa mohol z\u00a0helmy, pumpy a\u00a0vreckov\u00e9ho n\u00e1radia.\u00a0<\/span><\/p>\n<p><span style=\"font-weight: 400;\">Teraz u\u017e len zbali\u0165 sa a\u00a0\u00eds\u0165 zregenerova\u0165 domov. Krejzi je z\u00e1\u017eitok, do tretice to sn\u00e1\u010f bude z\u00a0mojej strany lep\u0161ie.<\/span><\/p>\n","protected":false},"excerpt":{"rendered":"<p>Nespr\u00e1vne zvolen\u00fd tlak, rozbit\u00e9 okuliare, men\u0161ia kr\u00edza, no aj tak super z\u00e1\u017eitok. Aj tak\u00fd bol Horal.<\/p>\n","protected":false},"author":172,"featured_media":20830,"comment_status":"closed","ping_status":"closed","sticky":false,"template":"","format":"standard","meta":{"footnotes":""},"categories":[34],"tags":[211,180,532,571,178,767,412,931,37,179,39,1643,542,214,523,183],"global-categories":[1074],"class_list":["post-20822","post","type-post","status-publish","format-standard","has-post-thumbnail","hentry","category-podujatia","tag-horal","tag-horska-cyklistika","tag-jazdenie","tag-kralova-hola","tag-maraton","tag-motivacia","tag-mtb","tag-odporucame","tag-podujatia","tag-preteky","tag-reportaz","tag-sezona-2025","tag-skoda","tag-skoda-horal-mtb-maraton","tag-slovensko","tag-zabava","global-categories-cycling"],"yoast_head":"<!-- This site is optimized with the Yoast SEO Premium plugin v25.3 (Yoast SEO v25.9) - https:\/\/yoast.com\/wordpress\/plugins\/seo\/ -->\n<title>\u0160koda Horal MTB marat\u00f3n \u2013 Krejzi repar\u00e1t mi nevy\u0161iel<\/title>\n<meta name=\"description\" content=\"Nespr\u00e1vne zvolen\u00fd tlak, rozbit\u00e9 okuliare, men\u0161ia kr\u00edza, no aj tak super z\u00e1\u017eitok. Aj tak\u00fd bol m\u00f4j Horal 2025.\" \/>\n<meta name=\"robots\" content=\"index, follow, max-snippet:-1, max-image-preview:large, max-video-preview:-1\" \/>\n<link rel=\"canonical\" href=\"https:\/\/www.welovecycling.com\/sk\/2025\/08\/12\/skoda-horal-mtb-maraton-krejzi-reparat-mi-nevysiel-sam-som-si-to-pokazil\/\" \/>\n<meta property=\"og:locale\" content=\"sk_SK\" \/>\n<meta property=\"og:type\" content=\"article\" \/>\n<meta property=\"og:title\" content=\"\u0160koda Horal MTB marat\u00f3n \u2013 Krejzi repar\u00e1t mi nevy\u0161iel, s\u00e1m som si to pokazil\" \/>\n<meta property=\"og:description\" content=\"Nespr\u00e1vne zvolen\u00fd tlak, rozbit\u00e9 okuliare, men\u0161ia kr\u00edza, no aj tak super z\u00e1\u017eitok. Aj tak\u00fd bol m\u00f4j Horal 2025.\" \/>\n<meta property=\"og:url\" content=\"https:\/\/www.welovecycling.com\/sk\/2025\/08\/12\/skoda-horal-mtb-maraton-krejzi-reparat-mi-nevysiel-sam-som-si-to-pokazil\/\" \/>\n<meta property=\"og:site_name\" content=\"\u0160koda We Love Cycling Slovensko\" \/>\n<meta property=\"article:published_time\" content=\"2025-08-12T14:00:27+00:00\" \/>\n<meta property=\"og:image\" content=\"https:\/\/d2p6e6u75xmxt8.cloudfront.net\/4\/2025\/08\/07_uvodne-kilometre.webp\" \/>\n\t<meta property=\"og:image:width\" content=\"990\" \/>\n\t<meta property=\"og:image:height\" content=\"660\" \/>\n\t<meta property=\"og:image:type\" content=\"image\/webp\" \/>\n<meta name=\"author\" content=\"dominika\" \/>\n<meta name=\"twitter:card\" content=\"summary_large_image\" \/>\n<meta name=\"twitter:label1\" content=\"Written by\" \/>\n\t<meta name=\"twitter:data1\" content=\"Maro\u0161 Gleva\u0148\u00e1k\" \/>\n\t<meta name=\"twitter:label2\" content=\"Est. reading time\" \/>\n\t<meta name=\"twitter:data2\" content=\"7\" \/>\n<script type=\"application\/ld+json\" class=\"yoast-schema-graph\">{\"@context\":\"https:\/\/schema.org\",\"@graph\":[{\"@type\":\"WebPage\",\"@id\":\"https:\/\/www.welovecycling.com\/sk\/2025\/08\/12\/skoda-horal-mtb-maraton-krejzi-reparat-mi-nevysiel-sam-som-si-to-pokazil\/\",\"url\":\"https:\/\/www.welovecycling.com\/sk\/2025\/08\/12\/skoda-horal-mtb-maraton-krejzi-reparat-mi-nevysiel-sam-som-si-to-pokazil\/\",\"name\":\"\u0160koda Horal MTB marat\u00f3n \u2013 Krejzi repar\u00e1t mi nevy\u0161iel\",\"isPartOf\":{\"@id\":\"https:\/\/www.welovecycling.com\/sk\/#website\"},\"primaryImageOfPage\":{\"@id\":\"https:\/\/www.welovecycling.com\/sk\/2025\/08\/12\/skoda-horal-mtb-maraton-krejzi-reparat-mi-nevysiel-sam-som-si-to-pokazil\/#primaryimage\"},\"image\":{\"@id\":\"https:\/\/www.welovecycling.com\/sk\/2025\/08\/12\/skoda-horal-mtb-maraton-krejzi-reparat-mi-nevysiel-sam-som-si-to-pokazil\/#primaryimage\"},\"thumbnailUrl\":\"https:\/\/d2p6e6u75xmxt8.cloudfront.net\/4\/2025\/08\/07_uvodne-kilometre.webp\",\"datePublished\":\"2025-08-12T14:00:27+00:00\",\"author\":{\"@id\":\"https:\/\/www.welovecycling.com\/sk\/#\/schema\/person\/533b62b98b6c41bd5135ebfb1f742624\"},\"description\":\"Nespr\u00e1vne zvolen\u00fd tlak, rozbit\u00e9 okuliare, men\u0161ia kr\u00edza, no aj tak super z\u00e1\u017eitok. Aj tak\u00fd bol m\u00f4j Horal 2025.\",\"breadcrumb\":{\"@id\":\"https:\/\/www.welovecycling.com\/sk\/2025\/08\/12\/skoda-horal-mtb-maraton-krejzi-reparat-mi-nevysiel-sam-som-si-to-pokazil\/#breadcrumb\"},\"inLanguage\":\"sk-SK\",\"potentialAction\":[{\"@type\":\"ReadAction\",\"target\":[\"https:\/\/www.welovecycling.com\/sk\/2025\/08\/12\/skoda-horal-mtb-maraton-krejzi-reparat-mi-nevysiel-sam-som-si-to-pokazil\/\"]}]},{\"@type\":\"ImageObject\",\"inLanguage\":\"sk-SK\",\"@id\":\"https:\/\/www.welovecycling.com\/sk\/2025\/08\/12\/skoda-horal-mtb-maraton-krejzi-reparat-mi-nevysiel-sam-som-si-to-pokazil\/#primaryimage\",\"url\":\"https:\/\/d2p6e6u75xmxt8.cloudfront.net\/4\/2025\/08\/07_uvodne-kilometre.webp\",\"contentUrl\":\"https:\/\/d2p6e6u75xmxt8.cloudfront.net\/4\/2025\/08\/07_uvodne-kilometre.webp\",\"width\":990,\"height\":660,\"caption\":\"\u00davodn\u00e9 kilometre\"},{\"@type\":\"BreadcrumbList\",\"@id\":\"https:\/\/www.welovecycling.com\/sk\/2025\/08\/12\/skoda-horal-mtb-maraton-krejzi-reparat-mi-nevysiel-sam-som-si-to-pokazil\/#breadcrumb\",\"itemListElement\":[{\"@type\":\"ListItem\",\"position\":1,\"name\":\"Home\",\"item\":\"https:\/\/www.welovecycling.com\/sk\/\"},{\"@type\":\"ListItem\",\"position\":2,\"name\":\"\u0160koda Horal MTB marat\u00f3n \u2013 Krejzi repar\u00e1t mi nevy\u0161iel, s\u00e1m som si to pokazil\"}]},{\"@type\":\"WebSite\",\"@id\":\"https:\/\/www.welovecycling.com\/sk\/#website\",\"url\":\"https:\/\/www.welovecycling.com\/sk\/\",\"name\":\"\u0160koda We Love Cycling Slovensko\",\"description\":\"\u0160koda We Love Cycling Slovensko je v\u00e1\u0161 ka\u017edodenn\u00fd zdroj noviniek a in\u0161pir\u00e1cie z sveta cyklistiky\",\"potentialAction\":[{\"@type\":\"SearchAction\",\"target\":{\"@type\":\"EntryPoint\",\"urlTemplate\":\"https:\/\/www.welovecycling.com\/sk\/?s={search_term_string}\"},\"query-input\":{\"@type\":\"PropertyValueSpecification\",\"valueRequired\":true,\"valueName\":\"search_term_string\"}}],\"inLanguage\":\"sk-SK\"},{\"@type\":\"Person\",\"@id\":\"https:\/\/www.welovecycling.com\/sk\/#\/schema\/person\/533b62b98b6c41bd5135ebfb1f742624\",\"name\":\"dominika\",\"image\":{\"@type\":\"ImageObject\",\"inLanguage\":\"sk-SK\",\"@id\":\"https:\/\/www.welovecycling.com\/sk\/#\/schema\/person\/image\/\",\"url\":\"https:\/\/secure.gravatar.com\/avatar\/ded6f274ba2ec3e17fff153f7d9d96a4b33c2cb63907f75d9a5309c599a7f3e6?s=96&d=mm&r=g\",\"contentUrl\":\"https:\/\/secure.gravatar.com\/avatar\/ded6f274ba2ec3e17fff153f7d9d96a4b33c2cb63907f75d9a5309c599a7f3e6?s=96&d=mm&r=g\",\"caption\":\"dominika\"},\"url\":\"https:\/\/www.welovecycling.com\/sk\/author\/dominika\/\"}]}<\/script>\n<!-- \/ Yoast SEO Premium plugin. -->","yoast_head_json":{"title":"\u0160koda Horal MTB marat\u00f3n \u2013 Krejzi repar\u00e1t mi nevy\u0161iel","description":"Nespr\u00e1vne zvolen\u00fd tlak, rozbit\u00e9 okuliare, men\u0161ia kr\u00edza, no aj tak super z\u00e1\u017eitok. Aj tak\u00fd bol m\u00f4j Horal 2025.","robots":{"index":"index","follow":"follow","max-snippet":"max-snippet:-1","max-image-preview":"max-image-preview:large","max-video-preview":"max-video-preview:-1"},"canonical":"https:\/\/www.welovecycling.com\/sk\/2025\/08\/12\/skoda-horal-mtb-maraton-krejzi-reparat-mi-nevysiel-sam-som-si-to-pokazil\/","og_locale":"sk_SK","og_type":"article","og_title":"\u0160koda Horal MTB marat\u00f3n \u2013 Krejzi repar\u00e1t mi nevy\u0161iel, s\u00e1m som si to pokazil","og_description":"Nespr\u00e1vne zvolen\u00fd tlak, rozbit\u00e9 okuliare, men\u0161ia kr\u00edza, no aj tak super z\u00e1\u017eitok. Aj tak\u00fd bol m\u00f4j Horal 2025.","og_url":"https:\/\/www.welovecycling.com\/sk\/2025\/08\/12\/skoda-horal-mtb-maraton-krejzi-reparat-mi-nevysiel-sam-som-si-to-pokazil\/","og_site_name":"\u0160koda We Love Cycling Slovensko","article_published_time":"2025-08-12T14:00:27+00:00","og_image":[{"width":990,"height":660,"url":"https:\/\/d2p6e6u75xmxt8.cloudfront.net\/4\/2025\/08\/07_uvodne-kilometre.webp","type":"image\/webp"}],"author":"dominika","twitter_card":"summary_large_image","twitter_misc":{"Written by":"Maro\u0161 Gleva\u0148\u00e1k","Est. reading time":"7"},"schema":{"@context":"https:\/\/schema.org","@graph":[{"@type":"WebPage","@id":"https:\/\/www.welovecycling.com\/sk\/2025\/08\/12\/skoda-horal-mtb-maraton-krejzi-reparat-mi-nevysiel-sam-som-si-to-pokazil\/","url":"https:\/\/www.welovecycling.com\/sk\/2025\/08\/12\/skoda-horal-mtb-maraton-krejzi-reparat-mi-nevysiel-sam-som-si-to-pokazil\/","name":"\u0160koda Horal MTB marat\u00f3n \u2013 Krejzi repar\u00e1t mi nevy\u0161iel","isPartOf":{"@id":"https:\/\/www.welovecycling.com\/sk\/#website"},"primaryImageOfPage":{"@id":"https:\/\/www.welovecycling.com\/sk\/2025\/08\/12\/skoda-horal-mtb-maraton-krejzi-reparat-mi-nevysiel-sam-som-si-to-pokazil\/#primaryimage"},"image":{"@id":"https:\/\/www.welovecycling.com\/sk\/2025\/08\/12\/skoda-horal-mtb-maraton-krejzi-reparat-mi-nevysiel-sam-som-si-to-pokazil\/#primaryimage"},"thumbnailUrl":"https:\/\/d2p6e6u75xmxt8.cloudfront.net\/4\/2025\/08\/07_uvodne-kilometre.webp","datePublished":"2025-08-12T14:00:27+00:00","author":{"@id":"https:\/\/www.welovecycling.com\/sk\/#\/schema\/person\/533b62b98b6c41bd5135ebfb1f742624"},"description":"Nespr\u00e1vne zvolen\u00fd tlak, rozbit\u00e9 okuliare, men\u0161ia kr\u00edza, no aj tak super z\u00e1\u017eitok. Aj tak\u00fd bol m\u00f4j Horal 2025.","breadcrumb":{"@id":"https:\/\/www.welovecycling.com\/sk\/2025\/08\/12\/skoda-horal-mtb-maraton-krejzi-reparat-mi-nevysiel-sam-som-si-to-pokazil\/#breadcrumb"},"inLanguage":"sk-SK","potentialAction":[{"@type":"ReadAction","target":["https:\/\/www.welovecycling.com\/sk\/2025\/08\/12\/skoda-horal-mtb-maraton-krejzi-reparat-mi-nevysiel-sam-som-si-to-pokazil\/"]}]},{"@type":"ImageObject","inLanguage":"sk-SK","@id":"https:\/\/www.welovecycling.com\/sk\/2025\/08\/12\/skoda-horal-mtb-maraton-krejzi-reparat-mi-nevysiel-sam-som-si-to-pokazil\/#primaryimage","url":"https:\/\/d2p6e6u75xmxt8.cloudfront.net\/4\/2025\/08\/07_uvodne-kilometre.webp","contentUrl":"https:\/\/d2p6e6u75xmxt8.cloudfront.net\/4\/2025\/08\/07_uvodne-kilometre.webp","width":990,"height":660,"caption":"\u00davodn\u00e9 kilometre"},{"@type":"BreadcrumbList","@id":"https:\/\/www.welovecycling.com\/sk\/2025\/08\/12\/skoda-horal-mtb-maraton-krejzi-reparat-mi-nevysiel-sam-som-si-to-pokazil\/#breadcrumb","itemListElement":[{"@type":"ListItem","position":1,"name":"Home","item":"https:\/\/www.welovecycling.com\/sk\/"},{"@type":"ListItem","position":2,"name":"\u0160koda Horal MTB marat\u00f3n \u2013 Krejzi repar\u00e1t mi nevy\u0161iel, s\u00e1m som si to pokazil"}]},{"@type":"WebSite","@id":"https:\/\/www.welovecycling.com\/sk\/#website","url":"https:\/\/www.welovecycling.com\/sk\/","name":"\u0160koda We Love Cycling Slovensko","description":"\u0160koda We Love Cycling Slovensko je v\u00e1\u0161 ka\u017edodenn\u00fd zdroj noviniek a in\u0161pir\u00e1cie z sveta cyklistiky","potentialAction":[{"@type":"SearchAction","target":{"@type":"EntryPoint","urlTemplate":"https:\/\/www.welovecycling.com\/sk\/?s={search_term_string}"},"query-input":{"@type":"PropertyValueSpecification","valueRequired":true,"valueName":"search_term_string"}}],"inLanguage":"sk-SK"},{"@type":"Person","@id":"https:\/\/www.welovecycling.com\/sk\/#\/schema\/person\/533b62b98b6c41bd5135ebfb1f742624","name":"dominika","image":{"@type":"ImageObject","inLanguage":"sk-SK","@id":"https:\/\/www.welovecycling.com\/sk\/#\/schema\/person\/image\/","url":"https:\/\/secure.gravatar.com\/avatar\/ded6f274ba2ec3e17fff153f7d9d96a4b33c2cb63907f75d9a5309c599a7f3e6?s=96&d=mm&r=g","contentUrl":"https:\/\/secure.gravatar.com\/avatar\/ded6f274ba2ec3e17fff153f7d9d96a4b33c2cb63907f75d9a5309c599a7f3e6?s=96&d=mm&r=g","caption":"dominika"},"url":"https:\/\/www.welovecycling.com\/sk\/author\/dominika\/"}]}},"_links":{"self":[{"href":"https:\/\/www.welovecycling.com\/sk\/wp-json\/wp\/v2\/posts\/20822","targetHints":{"allow":["GET"]}}],"collection":[{"href":"https:\/\/www.welovecycling.com\/sk\/wp-json\/wp\/v2\/posts"}],"about":[{"href":"https:\/\/www.welovecycling.com\/sk\/wp-json\/wp\/v2\/types\/post"}],"author":[{"embeddable":true,"href":"https:\/\/www.welovecycling.com\/sk\/wp-json\/wp\/v2\/users\/172"}],"replies":[{"embeddable":true,"href":"https:\/\/www.welovecycling.com\/sk\/wp-json\/wp\/v2\/comments?post=20822"}],"version-history":[{"count":5,"href":"https:\/\/www.welovecycling.com\/sk\/wp-json\/wp\/v2\/posts\/20822\/revisions"}],"predecessor-version":[{"id":20860,"href":"https:\/\/www.welovecycling.com\/sk\/wp-json\/wp\/v2\/posts\/20822\/revisions\/20860"}],"wp:featuredmedia":[{"embeddable":true,"href":"https:\/\/www.welovecycling.com\/sk\/wp-json\/wp\/v2\/media\/20830"}],"wp:attachment":[{"href":"https:\/\/www.welovecycling.com\/sk\/wp-json\/wp\/v2\/media?parent=20822"}],"wp:term":[{"taxonomy":"category","embeddable":true,"href":"https:\/\/www.welovecycling.com\/sk\/wp-json\/wp\/v2\/categories?post=20822"},{"taxonomy":"post_tag","embeddable":true,"href":"https:\/\/www.welovecycling.com\/sk\/wp-json\/wp\/v2\/tags?post=20822"},{"taxonomy":"global-categories","embeddable":true,"href":"https:\/\/www.welovecycling.com\/sk\/wp-json\/wp\/v2\/global-categories?post=20822"}],"curies":[{"name":"wp","href":"https:\/\/api.w.org\/{rel}","templated":true}]}}