{"id":20747,"date":"2025-08-06T10:31:30","date_gmt":"2025-08-06T08:31:30","guid":{"rendered":"https:\/\/www.welovecycling.com\/sk\/?p=20747"},"modified":"2025-08-06T10:51:57","modified_gmt":"2025-08-06T08:51:57","slug":"styri-buduce-hviezdy-tour-de-france","status":"publish","type":"post","link":"https:\/\/www.welovecycling.com\/sk\/2025\/08\/06\/styri-buduce-hviezdy-tour-de-france\/","title":{"rendered":"\u0160tyri bud\u00face hviezdy Tour de France"},"content":{"rendered":"<p><strong>Ako sa dalo o\u010dak\u00e1va\u0165, tohtoro\u010dn\u00fd ro\u010dn\u00edk Tour de France bol \u010fal\u0161ou uk\u00e1\u017ekou dominancie \u0161tvorn\u00e1sobn\u00e9ho v\u00ed\u0165aza Tadeja Poga\u010dara. Z poh\u013eadu fan\u00fa\u0161ikov v\u0161ak mohla by\u0165 d\u00f4le\u017eitej\u0161ia in\u00e1 udalos\u0165. Objavili sa \u0161tyria mlad\u00ed jazdci, ktor\u00ed by mohli patri\u0165 medzi najv\u00e4\u010d\u0161ie hviezdy bud\u00facich ro\u010dn\u00edkov.<\/strong><\/p>\n<p><!--more--><\/p>\n<p><span style=\"font-weight: 400;\">U\u017e teraz je jasn\u00e9, \u017ee t\u00e1to nov\u00e1 gener\u00e1cia cyklistov prinesie fan\u00fa\u0161ikom najmenej \u0161es\u0165 \u010fal\u0161\u00edch nap\u00ednav\u00fdch rokov Tour de France.<\/span><\/p>\n<h2><b>Pre\u010d z Rogli\u010dovho tie\u0148a<\/b><\/h2>\n<p><span style=\"font-weight: 400;\">Najp\u00f4sobivej\u0161\u00edm zo \u0161tvorice je Florian Lipowitz, ktor\u00fd je z\u00e1rove\u0148 najstar\u0161\u00ed \u2013 m\u00e1 24 rokov. Posledn\u00e9 dva roky tvrdo pracoval v slu\u017eb\u00e1ch Primo\u017ea Rogli\u010da, ktor\u00fd pri\u0161iel do t\u00edmu Red Bull\u2013BORA\u2013hansgrohe v roku 2024 s cie\u013eom kone\u010dne vyhra\u0165 Tour.<\/span><\/p>\n<p><span style=\"font-weight: 400;\"><strong>Lipowitz up\u00fatal pozornos\u0165 u\u017e vlani na Tour de Romandie, kde pom\u00e1hal \u010fal\u0161iemu veter\u00e1novi Red Bull, Aleksandrovi Vlasovovi.<\/strong> Vo 4. etape, ktor\u00e1 sa kon\u010dila n\u00e1ro\u010dn\u00fdm st\u00fapan\u00edm na vrchol Leysin (13,8 km s priemern\u00fdm sklonom 6 %), sa udiala zauj\u00edmavos\u0165. Lipowitz, ktor\u00fd na st\u00fapan\u00ed vyzeral silnej\u0161ie ako Vlasov, zrejme dostal povolenie jazdi\u0165 s\u00e1m za seba a napokon skon\u010dil druh\u00fd, v rovnakom \u010dase ako v\u00ed\u0165az Richard Carapaz (EF Education\u2013EasyPost). V cieli nechal za sebou nie len Vlasova, ale aj Enrica Masa (Movistar), Egana Bernala (INEOS Grenadiers) \u010di Juana Ayusa (UAE Team Emirates\u2013XRG). Celkovo obsadil 3. miesto so stratou 9 sek\u00fand na Rodr\u00edgueza a len 2 sekundy za Vlasovom.<\/span><\/p>\n<h2><strong>Sez\u00f3na 2024 bola pre Lipowitza rozpa\u010dit\u00e1<\/strong><\/h2>\n<p><span style=\"font-weight: 400;\">Pre chorobu nedokon\u010dil Giro, no na Vuelte a Espa\u00f1a skon\u010dil siedmy a pomohol Rogli\u010dovi k \u0161tvrt\u00e9mu triumfu. V Par\u00eds-Nice obsadil druh\u00e9 miesto za Matteom Jorgensonom (Visma\u2013Lease a Bike) a tret\u00ed v Crit\u00e9rium du Dauphin\u00e9 za Poga\u010darom a Jonasom Vingegaardom z t\u00edmu Visma. Tento rok za\u017e\u00edva prielom: na svojej prvej Tour je bl\u00edzko stup\u0148a v\u00ed\u0165azov a bieleho dresu pre najlep\u0161ieho mlad\u00e9ho jazdca.<\/span><\/p>\n<p><span style=\"font-weight: 400;\">V 12. etape na Hautacam sa symbolicky vymanil z Rogli\u010dovho tie\u0148a a skon\u010dil tret\u00ed v etape, len 13 sek\u00fand za Vingegaardom. Rogli\u010d jeho v\u00fdkon ocenil slovami: <em>\u201eLipo mal dnes nohy a odviedol skvel\u00fa pr\u00e1cu. Ke\u010f m\u00e1te nohy, mus\u00edte \u00eds\u0165. Som naozaj \u0161\u0165astn\u00fd a d\u00fafam, \u017ee bude rovnako pokra\u010dova\u0165 aj na\u010falej.\u201c\u00a0<\/em><\/span><\/p>\n<p><span style=\"font-weight: 400;\">Lipowitz \u0161liape dobre aj v \u010dasovk\u00e1ch (6. a 4. miesto) a vo ve\u013ek\u00fdch pyrenejsk\u00fdch etap\u00e1ch skon\u010dil na tre\u0165om, \u0161tvrtom a piatom mieste. <strong>Pri dlh\u00fdch st\u00fapaniach m\u00e1 ob\u010das probl\u00e9my, ale je to jednoducho jeho jazdeck\u00fd \u0161t\u00fdl. <\/strong>Vie si dobre rozlo\u017ei\u0165 sily a m\u00e1 siln\u00fa koncovku. S v\u00fd\u0161kou 1,81 m a hmotnos\u0165ou 68 kg mo\u017eno nie je ide\u00e1lnym typom pre v\u00ed\u0165azstvo na Tour de France. Ak ale vezmeme do \u00favahy jeho pokrok za posledn\u00fd rok, bolo by nerozumn\u00e9 ho odp\u00edsa\u0165. Tento mlad\u00fd Nemec, ktor\u00fd jazd\u00ed za ambici\u00f3zny nemeck\u00fd t\u00edm, m\u00e1 pred sebou zlat\u00fa bud\u00facnos\u0165.<\/span><\/p>\n<h2><b>Bardetov nadan\u00fd chr\u00e1nenec ide do sveta<\/b><\/h2>\n<p><span style=\"font-weight: 400;\">Ke\u010f Romain Bardet ozn\u00e1mil, \u017ee po Crit\u00e9riu du Dauphin\u00e9 ukon\u010d\u00ed kari\u00e9ru, jedn\u00fdm z d\u00f4vodov mohol by\u0165 jeho 22-ro\u010dn\u00fd n\u00e1stupca Oscar Onley.\u00a0 <strong>Hlavn\u00fdm d\u00f4vodom v\u0161ak pravdepodobne bolo, \u017ee Bardet, vo veku 34 rokov a po 11 \u00fa\u010dastiach nemal chu\u0165 absolvova\u0165 Tour znova.<\/strong> Ur\u010dite zav\u00e1\u017eil aj fakt, \u017ee t\u00edm Picnic PostNL bol pripraven\u00fd zveri\u0165 Onleymu poz\u00edciu l\u00eddra v celkovom porad\u00ed.<\/span><\/p>\n<p><span style=\"font-weight: 400;\">Onley bol na to pripraven\u00fd: \u0161tvrt\u00fd v Tour Down Under, piaty v UAE Tour, tret\u00ed v Tour de Suisse. Teraz je \u0161tvrt\u00fd v celkovom porad\u00ed Tour de France, 9:18 za Poga\u010darom, ale len 1:25 za Lipowitzom. Ak Nemec zav\u00e1ha, Onley by mohol vo svojej druhej Tour dosiahnu\u0165 vysn\u00edvan\u00fd v\u00fdsledok. Vlani absolvoval svoju premi\u00e9ru na Tour a zaujal 5. miestom v 17. horskej etape. Rok predt\u00fdm za\u010dal svoju kari\u00e9ru v Grand Tour v\u00ed\u0165azstvom v 1. etape t\u00edmovej \u010dasovky na Vuelte. Onley v\u0161ak spadol a v 2. etape preteky opustil.<\/span><\/p>\n<p><span style=\"font-weight: 400;\"><strong>Skuto\u010dnos\u0165, \u017ee ho t\u00edm vo veku 22 rokov vymenoval za l\u00eddra na najv\u00e4\u010d\u0161\u00edch cyklistick\u00fdch pretekoch na svete, dokazuje ich vieru v jeho schopnosti.<\/strong> A potvrdzuj\u00fa to aj jeho v\u00fdsledky. \u0160tvrt\u00fd v 4. etape, tret\u00ed v 7. a piaty, \u0161iesty a siedmy, v\u017edy za Lipowitzom, v pyrenejsk\u00fdch horsk\u00fdch etap\u00e1ch. Onley je jednozna\u010dn\u00fdm talentom a mo\u017eno bud\u00facim v\u00ed\u0165azom Tour, ke\u010f Poga\u010dar a Vingegaard ukon\u010dia kari\u00e9ru.<\/span><\/p>\n<blockquote class=\"instagram-media\" style=\"background: #FFF; border: 0; border-radius: 3px; box-shadow: 0 0 1px 0 rgba(0,0,0,0.5),0 1px 10px 0 rgba(0,0,0,0.15); margin: 1px; max-width: 540px; min-width: 326px; padding: 0; width: calc(100% - 2px);\" data-instgrm-captioned=\"\" data-instgrm-permalink=\"https:\/\/www.instagram.com\/reel\/DMcx4XmN5W1\/?utm_source=ig_embed&amp;utm_campaign=loading\" data-instgrm-version=\"14\">\n<div style=\"padding: 16px;\">\n<p>&nbsp;<\/p>\n<div style=\"display: flex; flex-direction: row; align-items: center;\">\n<div style=\"background-color: #f4f4f4; border-radius: 50%; flex-grow: 0; height: 40px; margin-right: 14px; width: 40px;\"><\/div>\n<div style=\"display: flex; flex-direction: column; flex-grow: 1; justify-content: center;\">\n<div style=\"background-color: #f4f4f4; border-radius: 4px; flex-grow: 0; height: 14px; margin-bottom: 6px; width: 100px;\"><\/div>\n<div style=\"background-color: #f4f4f4; border-radius: 4px; flex-grow: 0; height: 14px; width: 60px;\"><\/div>\n<\/div>\n<\/div>\n<div style=\"padding: 19% 0;\"><\/div>\n<div style=\"display: block; height: 50px; margin: 0 auto 12px; width: 50px;\"><\/div>\n<div style=\"padding-top: 8px;\">\n<div style=\"color: #3897f0; font-family: Arial,sans-serif; font-size: 14px; font-style: normal; font-weight: 550; line-height: 18px;\">Zobrazit p\u0159\u00edsp\u011bvek na Instagramu<\/div>\n<\/div>\n<div style=\"padding: 12.5% 0;\"><\/div>\n<div style=\"display: flex; flex-direction: row; margin-bottom: 14px; align-items: center;\">\n<div>\n<div style=\"background-color: #f4f4f4; border-radius: 50%; height: 12.5px; width: 12.5px; transform: translateX(0px) translateY(7px);\"><\/div>\n<div style=\"background-color: #f4f4f4; height: 12.5px; transform: rotate(-45deg) translateX(3px) translateY(1px); width: 12.5px; flex-grow: 0; margin-right: 14px; margin-left: 2px;\"><\/div>\n<div style=\"background-color: #f4f4f4; border-radius: 50%; height: 12.5px; width: 12.5px; transform: translateX(9px) translateY(-18px);\"><\/div>\n<\/div>\n<div style=\"margin-left: 8px;\">\n<div style=\"background-color: #f4f4f4; border-radius: 50%; flex-grow: 0; height: 20px; width: 20px;\"><\/div>\n<div style=\"width: 0; height: 0; border-top: 2px solid transparent; border-left: 6px solid #f4f4f4; border-bottom: 2px solid transparent; transform: translateX(16px) translateY(-4px) rotate(30deg);\"><\/div>\n<\/div>\n<div style=\"margin-left: auto;\">\n<div style=\"width: 0px; border-top: 8px solid #F4F4F4; border-right: 8px solid transparent; transform: translateY(16px);\"><\/div>\n<div style=\"background-color: #f4f4f4; flex-grow: 0; height: 12px; width: 16px; transform: translateY(-4px);\"><\/div>\n<div style=\"width: 0; height: 0; border-top: 8px solid #F4F4F4; border-left: 8px solid transparent; transform: translateY(-4px) translateX(8px);\"><\/div>\n<\/div>\n<\/div>\n<div style=\"display: flex; flex-direction: column; flex-grow: 1; justify-content: center; margin-bottom: 24px;\">\n<div style=\"background-color: #f4f4f4; border-radius: 4px; flex-grow: 0; height: 14px; margin-bottom: 6px; width: 224px;\"><\/div>\n<div style=\"background-color: #f4f4f4; border-radius: 4px; flex-grow: 0; height: 14px; width: 144px;\"><\/div>\n<\/div>\n<p>&nbsp;<\/p>\n<p style=\"color: #c9c8cd; font-family: Arial,sans-serif; font-size: 14px; line-height: 17px; margin-bottom: 0; margin-top: 8px; overflow: hidden; padding: 8px 0 7px; text-align: center; text-overflow: ellipsis; white-space: nowrap;\"><a style=\"color: #c9c8cd; font-family: Arial,sans-serif; font-size: 14px; font-style: normal; font-weight: normal; line-height: 17px; text-decoration: none;\" href=\"https:\/\/www.instagram.com\/reel\/DMcx4XmN5W1\/?utm_source=ig_embed&amp;utm_campaign=loading\" target=\"_blank\" rel=\"noopener\">P\u0159\u00edsp\u011bvek sd\u00edlen\u00fd Tour de France\u2122 (@letourdefrance)<\/a><\/p>\n<\/div>\n<\/blockquote>\n<h2><script async src=\"\/\/www.instagram.com\/embed.js\"><\/script><\/h2>\n<h2><b>Nov\u00fd franc\u00fazsky hrdina<\/b><\/h2>\n<p><span style=\"font-weight: 400;\">K\u00e9vin Vauquelin sa zd\u00e1 by\u0165 na misii zachr\u00e1ni\u0165 svoj t\u00edm Ark\u00e9a\u2013B&amp;B Hotels pred bankrotom. Ke\u010f\u017ee jeho sponzori na konci roka odst\u00fapia, t\u00edm h\u013ead\u00e1 nov\u00e9 financovanie, aby mohol pokra\u010dova\u0165. <strong>Nikto neup\u00fatal pozornos\u0165 na t\u00fato situ\u00e1ciu viac ako 24-ro\u010dn\u00fd rod\u00e1k z Bayeux.<\/strong> <\/span><\/p>\n<p><span style=\"font-weight: 400;\">Do povedomia sa dostal u\u017e v 1. etape minuloro\u010dnej Tour. Tam predviedol siln\u00fd 16-kilometrov\u00fd s\u00f3lov\u00fd \u00fanik a zabezpe\u010dil si svoje premi\u00e9rov\u00e9 etapov\u00e9 v\u00ed\u0165azstvo \u2013 z\u00e1rove\u0148 prv\u00e9 v\u00ed\u0165azstvo jeho t\u00edmu na Tour.<\/span><\/p>\n<p><span style=\"font-weight: 400;\">V snahe z\u00edska\u0165 d\u00f4le\u017eit\u00e9 body pre svoj t\u00edm tento rok vyhral dve preteky druhej kateg\u00f3rie. Tour du Gard a R\u00e9gion Pays de la Loire Tour. V klasike La Fl\u00e8che Wallonne skon\u010dil druh\u00fd za Poga\u010darom a pred Tomom Pidcockom (Q36.5), a v Tour de Suisse obsadil druh\u00e9 miesto tesne pred Onleym. <\/span><span style=\"font-weight: 400;\">Vauquelin je v\u0161ak sk\u00f4r jednod\u0148ov\u00fd jazdec ako typick\u00fd vrch\u00e1r, ako s\u00fa Lipowitz alebo Onley. Je nepravdepodobn\u00e9, \u017ee si udr\u017e\u00ed svoje miesto v GC, ke\u010f\u017ee Tour vstupuje do svojich najn\u00e1ro\u010dnej\u0161\u00edch et\u00e1p.<\/span><\/p>\n<p><span style=\"font-weight: 400;\"><strong>Jeho v\u00fdkony v\u0161ak charakterizuje nikdy sa nevzd\u00e1vaj\u00fac\u00ed duch,<\/strong> v\u010faka ktor\u00e9mu opakovane dok\u00e1zal zmaza\u0165 stratu v horsk\u00fdch etap\u00e1ch. Franc\u00fazi tento postoj miluj\u00fa a Vauquelin sa stal nov\u00fdm mil\u00e1\u010dikom n\u00e1roda. <\/span><\/p>\n<p><span style=\"font-weight: 400;\">Ot\u00e1zne je, ako verejnos\u0165 prijme, ak sa jeho t\u00edm na konci roka rozpadne a on podp\u00ed\u0161e zmluvu s cudzojazy\u010dn\u00fdm t\u00edmom. \u010co sa zd\u00e1 by\u0165 nevyhnutnos\u0165ou, preto\u017ee o jeho slu\u017eby u\u017e teraz prejavuj\u00fa z\u00e1ujem viacer\u00e9 t\u00edmy so \u0161tedr\u00fdmi ponukami. Hoci Vauquelin zrejme nikdy nevyhr\u00e1 Tour de France, jeho jazdeck\u00fd \u0161t\u00fdl a nasadenie zaru\u010dia, \u017ee bude v nasleduj\u00facich rokoch ozdobou pretekov, nech bude jazdi\u0165 za kohoko\u013evek.<\/span><\/p>\n<h2><strong>\u010eal\u0161ia franc\u00fazska n\u00e1dej<\/strong><\/h2>\n<p><span style=\"font-weight: 400;\">Ke\u010f Lenny Martinez tento rok prest\u00fapil z franc\u00fazskeho t\u00edmu Groupama-FDJ do Bahrain-Victorious, \u010das\u0165 franc\u00fazskej verejnosti a tla\u010de ho kritizovala za to, \u017ee opustil svoju dom\u00e1cu krajinu. <strong>Jeho v\u00fdsledky v\u0161ak potvrdili spr\u00e1vnos\u0165 jeho rozhodnutia.<\/strong> <\/span><\/p>\n<p><span style=\"font-weight: 400;\">Pod veden\u00edm jedn\u00e9ho z najv\u00e4\u010d\u0161\u00edch cyklistick\u00fdch tr\u00e9nerov storo\u010dia, Roda Ellingwortha \u2013 jedn\u00e9ho z hlavn\u00fdch architektov \u00faspechu t\u00edmu Sky \u2013 je 22-ro\u010dn\u00fd rod\u00e1k z Cannes na pokraji sl\u00e1vy.<\/span><\/p>\n<p><span style=\"font-weight: 400;\">O Martinezovi sme u\u017e p\u00edsali, no stoj\u00ed za to pripomen\u00fa\u0165 si, \u017ee Franc\u00fazsko nez\u00edskalo titul v Tour de France od roku 1985, ke\u010f Bernard Hinault vyhral svoje piate a posledn\u00e9 preteky. Ellingworth a vedenie Bahrainu zrejme veria, \u017ee Martinez m\u00e1 schopnosti toto sucho ukon\u010di\u0165. <\/span><\/p>\n<p><span style=\"font-weight: 400;\">Tento rok to v\u0161ak nebude. Martinez dal jasne najavo, \u017ee sa nezameriava na celkov\u00e9 poradie, ke\u010f sa nez\u00fa\u010dastnil prv\u00fdch et\u00e1p. Po 9. etape mal stratu na favoritov viac ako hodinu. To mu umo\u017enilo zapoji\u0165 sa do \u00fanikov a bojova\u0165 o svoj skuto\u010dn\u00fd cie\u013e \u2013 bodkovan\u00fd dres kr\u00e1\u013ea vrch\u00e1rov.<\/span><\/p>\n<p><span style=\"font-weight: 400;\"><strong>Moment\u00e1lne vedie t\u00fato s\u00fa\u0165a\u017e s n\u00e1skokom 8 bodov, 60 ku 52 pred Poga\u010darom,<\/strong> a bude pokra\u010dova\u0165 v zbieran\u00ed bodov v stredn\u00fdch st\u00fapaniach nasleduj\u00facich et\u00e1p. Fin\u00e1lne st\u00fapania by mali by\u0165 sk\u00f4r bojiskom jazdcov na celkov\u00e9 poradie. Ako s\u00e1m povedal: <em>\u201eMoj\u00edm najv\u00e4\u010d\u0161\u00edm snom je prinies\u0165 bodkovan\u00fd dres sp\u00e4\u0165 do Par\u00ed\u017ea. M\u00e1m osembodov\u00fd n\u00e1skok, \u010do nie je ve\u013ea, a mysl\u00edm si, \u017ee Poga\u010dar e\u0161te vyhr\u00e1 nieko\u013eko et\u00e1p, tak\u017ee budem musie\u0165 z\u00edska\u0165 body v \u00fanikoch.\u201c<\/em><\/span><\/p>\n<p><span style=\"font-weight: 400;\">Martinez je vynikaj\u00faci vrch\u00e1r, hoci zatia\u013e nedosahuje \u00farove\u0148 hlavn\u00fdch favoritov Tour. No \u010dasom m\u00f4\u017ee dosiahnu\u0165 ich \u00farove\u0148. S v\u00fd\u0161kou 1,68 m a hmotnos\u0165ou 52 kg m\u00e1 ide\u00e1lne parametre pre elitn\u00e9ho vrch\u00e1ra. <\/span><\/p>\n<p><span style=\"font-weight: 400;\">Jeho v\u00ed\u0165azstvo nad Jo\u00e3om Almeidom (UAE) na vrchole tohtoro\u010dnej Tour de Romandie uk\u00e1zalo, \u017ee m\u00e1 nielen nohy, ale aj taktiku na por\u00e1\u017eku najlep\u0161\u00edch. Je e\u0161te len na za\u010diatku kari\u00e9ry, no Franc\u00fazi, ktor\u00fdch n\u00e1deje boli dlh\u00e9 roky nevysly\u0161an\u00e9, m\u00f4\u017eu e\u0161te vidie\u0165, ako Martinez napln\u00ed ich 40-ro\u010dn\u00e9 modlitby.<\/span><\/p>\n","protected":false},"excerpt":{"rendered":"<p>Ako sa dalo o\u010dak\u00e1va\u0165, tohtoro\u010dn\u00fd ro\u010dn\u00edk Tour de France bol \u010fal\u0161ou uk\u00e1\u017ekou dominancie \u0161tvorn\u00e1sobn\u00e9ho v\u00ed\u0165aza Tadeja Poga\u010dara. Z poh\u013eadu fan\u00fa\u0161ikov [&hellip;]<\/p>\n","protected":false},"author":191,"featured_media":20748,"comment_status":"closed","ping_status":"closed","sticky":false,"template":"","format":"standard","meta":{"footnotes":""},"categories":[117],"tags":[559,115,487,546,331,306,767,179,885,20],"global-categories":[],"class_list":["post-20747","post","type-post","status-publish","format-standard","has-post-thumbnail","hentry","category-tour-de-france","tag-bicykel","tag-cestna-cyklistika","tag-cestny-bicykel","tag-cyklistika","tag-etapove-preteky","tag-francuzsko","tag-motivacia","tag-preteky","tag-profesional","tag-tour-de-france"],"yoast_head":"<!-- This site is optimized with the Yoast SEO Premium plugin v25.3 (Yoast SEO v25.9) - https:\/\/yoast.com\/wordpress\/plugins\/seo\/ -->\n<title>\u0160tyri bud\u00face hviezdy Tour de France - \u0160koda We Love Cycling Slovensko<\/title>\n<meta name=\"description\" content=\"\u0160tyria mlad\u00ed cyklisti \u2013 Lipowitz, Onley, Vauquelin a Martinez \u2013 m\u00f4\u017eu \u010doskoro ohrozi\u0165 Poga\u010dara a sta\u0165 sa hviezdami Tour de France.\" \/>\n<meta name=\"robots\" content=\"index, follow, max-snippet:-1, max-image-preview:large, max-video-preview:-1\" \/>\n<link rel=\"canonical\" href=\"https:\/\/www.welovecycling.com\/sk\/2025\/08\/06\/styri-buduce-hviezdy-tour-de-france\/\" \/>\n<meta property=\"og:locale\" content=\"sk_SK\" \/>\n<meta property=\"og:type\" content=\"article\" \/>\n<meta property=\"og:title\" content=\"\u0160tyri bud\u00face hviezdy Tour de France\" \/>\n<meta property=\"og:description\" content=\"\u0160tyria mlad\u00ed cyklisti \u2013 Lipowitz, Onley, Vauquelin a Martinez \u2013 m\u00f4\u017eu \u010doskoro ohrozi\u0165 Poga\u010dara a sta\u0165 sa hviezdami Tour de France.\" \/>\n<meta property=\"og:url\" content=\"https:\/\/www.welovecycling.com\/sk\/2025\/08\/06\/styri-buduce-hviezdy-tour-de-france\/\" \/>\n<meta property=\"og:site_name\" content=\"\u0160koda We Love Cycling Slovensko\" \/>\n<meta property=\"article:published_time\" content=\"2025-08-06T08:31:30+00:00\" \/>\n<meta property=\"article:modified_time\" content=\"2025-08-06T08:51:57+00:00\" \/>\n<meta property=\"og:image\" content=\"https:\/\/d2p6e6u75xmxt8.cloudfront.net\/4\/2025\/08\/Florian-Lipowitz-profimedia-1025023202-CVR.webp\" \/>\n\t<meta property=\"og:image:width\" content=\"990\" \/>\n\t<meta property=\"og:image:height\" content=\"660\" \/>\n\t<meta property=\"og:image:type\" content=\"image\/webp\" \/>\n<meta name=\"author\" content=\"michal\" \/>\n<meta name=\"twitter:card\" content=\"summary_large_image\" \/>\n<meta name=\"twitter:label1\" content=\"Written by\" \/>\n\t<meta name=\"twitter:data1\" content=\"Siegfried Mortkowitz\" \/>\n\t<meta name=\"twitter:label2\" content=\"Est. reading time\" \/>\n\t<meta name=\"twitter:data2\" content=\"3\" \/>\n<script type=\"application\/ld+json\" class=\"yoast-schema-graph\">{\"@context\":\"https:\/\/schema.org\",\"@graph\":[{\"@type\":\"WebPage\",\"@id\":\"https:\/\/www.welovecycling.com\/sk\/2025\/08\/06\/styri-buduce-hviezdy-tour-de-france\/\",\"url\":\"https:\/\/www.welovecycling.com\/sk\/2025\/08\/06\/styri-buduce-hviezdy-tour-de-france\/\",\"name\":\"\u0160tyri bud\u00face hviezdy Tour de France - \u0160koda We Love Cycling Slovensko\",\"isPartOf\":{\"@id\":\"https:\/\/www.welovecycling.com\/sk\/#website\"},\"primaryImageOfPage\":{\"@id\":\"https:\/\/www.welovecycling.com\/sk\/2025\/08\/06\/styri-buduce-hviezdy-tour-de-france\/#primaryimage\"},\"image\":{\"@id\":\"https:\/\/www.welovecycling.com\/sk\/2025\/08\/06\/styri-buduce-hviezdy-tour-de-france\/#primaryimage\"},\"thumbnailUrl\":\"https:\/\/d2p6e6u75xmxt8.cloudfront.net\/4\/2025\/08\/Florian-Lipowitz-profimedia-1025023202-CVR.webp\",\"datePublished\":\"2025-08-06T08:31:30+00:00\",\"dateModified\":\"2025-08-06T08:51:57+00:00\",\"author\":{\"@id\":\"https:\/\/www.welovecycling.com\/sk\/#\/schema\/person\/45e989de48eace55eb338c027dc5a65e\"},\"description\":\"\u0160tyria mlad\u00ed cyklisti \u2013 Lipowitz, Onley, Vauquelin a Martinez \u2013 m\u00f4\u017eu \u010doskoro ohrozi\u0165 Poga\u010dara a sta\u0165 sa hviezdami Tour de France.\",\"breadcrumb\":{\"@id\":\"https:\/\/www.welovecycling.com\/sk\/2025\/08\/06\/styri-buduce-hviezdy-tour-de-france\/#breadcrumb\"},\"inLanguage\":\"sk-SK\",\"potentialAction\":[{\"@type\":\"ReadAction\",\"target\":[\"https:\/\/www.welovecycling.com\/sk\/2025\/08\/06\/styri-buduce-hviezdy-tour-de-france\/\"]}]},{\"@type\":\"ImageObject\",\"inLanguage\":\"sk-SK\",\"@id\":\"https:\/\/www.welovecycling.com\/sk\/2025\/08\/06\/styri-buduce-hviezdy-tour-de-france\/#primaryimage\",\"url\":\"https:\/\/d2p6e6u75xmxt8.cloudfront.net\/4\/2025\/08\/Florian-Lipowitz-profimedia-1025023202-CVR.webp\",\"contentUrl\":\"https:\/\/d2p6e6u75xmxt8.cloudfront.net\/4\/2025\/08\/Florian-Lipowitz-profimedia-1025023202-CVR.webp\",\"width\":990,\"height\":660,\"caption\":\"Florian Lipowitz\"},{\"@type\":\"BreadcrumbList\",\"@id\":\"https:\/\/www.welovecycling.com\/sk\/2025\/08\/06\/styri-buduce-hviezdy-tour-de-france\/#breadcrumb\",\"itemListElement\":[{\"@type\":\"ListItem\",\"position\":1,\"name\":\"Home\",\"item\":\"https:\/\/www.welovecycling.com\/sk\/\"},{\"@type\":\"ListItem\",\"position\":2,\"name\":\"\u0160tyri bud\u00face hviezdy Tour de France\"}]},{\"@type\":\"WebSite\",\"@id\":\"https:\/\/www.welovecycling.com\/sk\/#website\",\"url\":\"https:\/\/www.welovecycling.com\/sk\/\",\"name\":\"\u0160koda We Love Cycling Slovensko\",\"description\":\"\u0160koda We Love Cycling Slovensko je v\u00e1\u0161 ka\u017edodenn\u00fd zdroj noviniek a in\u0161pir\u00e1cie z sveta cyklistiky\",\"potentialAction\":[{\"@type\":\"SearchAction\",\"target\":{\"@type\":\"EntryPoint\",\"urlTemplate\":\"https:\/\/www.welovecycling.com\/sk\/?s={search_term_string}\"},\"query-input\":{\"@type\":\"PropertyValueSpecification\",\"valueRequired\":true,\"valueName\":\"search_term_string\"}}],\"inLanguage\":\"sk-SK\"},{\"@type\":\"Person\",\"@id\":\"https:\/\/www.welovecycling.com\/sk\/#\/schema\/person\/45e989de48eace55eb338c027dc5a65e\",\"name\":\"michal\",\"image\":{\"@type\":\"ImageObject\",\"inLanguage\":\"sk-SK\",\"@id\":\"https:\/\/www.welovecycling.com\/sk\/#\/schema\/person\/image\/\",\"url\":\"https:\/\/secure.gravatar.com\/avatar\/7f8deb1af8506a5f53d1b779436f546bce1c8c40c09780107ad3811c7dc4bbcb?s=96&d=mm&r=g\",\"contentUrl\":\"https:\/\/secure.gravatar.com\/avatar\/7f8deb1af8506a5f53d1b779436f546bce1c8c40c09780107ad3811c7dc4bbcb?s=96&d=mm&r=g\",\"caption\":\"michal\"},\"url\":\"https:\/\/www.welovecycling.com\/sk\/author\/michal\/\"}]}<\/script>\n<!-- \/ Yoast SEO Premium plugin. -->","yoast_head_json":{"title":"\u0160tyri bud\u00face hviezdy Tour de France - \u0160koda We Love Cycling Slovensko","description":"\u0160tyria mlad\u00ed cyklisti \u2013 Lipowitz, Onley, Vauquelin a Martinez \u2013 m\u00f4\u017eu \u010doskoro ohrozi\u0165 Poga\u010dara a sta\u0165 sa hviezdami Tour de France.","robots":{"index":"index","follow":"follow","max-snippet":"max-snippet:-1","max-image-preview":"max-image-preview:large","max-video-preview":"max-video-preview:-1"},"canonical":"https:\/\/www.welovecycling.com\/sk\/2025\/08\/06\/styri-buduce-hviezdy-tour-de-france\/","og_locale":"sk_SK","og_type":"article","og_title":"\u0160tyri bud\u00face hviezdy Tour de France","og_description":"\u0160tyria mlad\u00ed cyklisti \u2013 Lipowitz, Onley, Vauquelin a Martinez \u2013 m\u00f4\u017eu \u010doskoro ohrozi\u0165 Poga\u010dara a sta\u0165 sa hviezdami Tour de France.","og_url":"https:\/\/www.welovecycling.com\/sk\/2025\/08\/06\/styri-buduce-hviezdy-tour-de-france\/","og_site_name":"\u0160koda We Love Cycling Slovensko","article_published_time":"2025-08-06T08:31:30+00:00","article_modified_time":"2025-08-06T08:51:57+00:00","og_image":[{"width":990,"height":660,"url":"https:\/\/d2p6e6u75xmxt8.cloudfront.net\/4\/2025\/08\/Florian-Lipowitz-profimedia-1025023202-CVR.webp","type":"image\/webp"}],"author":"michal","twitter_card":"summary_large_image","twitter_misc":{"Written by":"Siegfried Mortkowitz","Est. reading time":"3"},"schema":{"@context":"https:\/\/schema.org","@graph":[{"@type":"WebPage","@id":"https:\/\/www.welovecycling.com\/sk\/2025\/08\/06\/styri-buduce-hviezdy-tour-de-france\/","url":"https:\/\/www.welovecycling.com\/sk\/2025\/08\/06\/styri-buduce-hviezdy-tour-de-france\/","name":"\u0160tyri bud\u00face hviezdy Tour de France - \u0160koda We Love Cycling Slovensko","isPartOf":{"@id":"https:\/\/www.welovecycling.com\/sk\/#website"},"primaryImageOfPage":{"@id":"https:\/\/www.welovecycling.com\/sk\/2025\/08\/06\/styri-buduce-hviezdy-tour-de-france\/#primaryimage"},"image":{"@id":"https:\/\/www.welovecycling.com\/sk\/2025\/08\/06\/styri-buduce-hviezdy-tour-de-france\/#primaryimage"},"thumbnailUrl":"https:\/\/d2p6e6u75xmxt8.cloudfront.net\/4\/2025\/08\/Florian-Lipowitz-profimedia-1025023202-CVR.webp","datePublished":"2025-08-06T08:31:30+00:00","dateModified":"2025-08-06T08:51:57+00:00","author":{"@id":"https:\/\/www.welovecycling.com\/sk\/#\/schema\/person\/45e989de48eace55eb338c027dc5a65e"},"description":"\u0160tyria mlad\u00ed cyklisti \u2013 Lipowitz, Onley, Vauquelin a Martinez \u2013 m\u00f4\u017eu \u010doskoro ohrozi\u0165 Poga\u010dara a sta\u0165 sa hviezdami Tour de France.","breadcrumb":{"@id":"https:\/\/www.welovecycling.com\/sk\/2025\/08\/06\/styri-buduce-hviezdy-tour-de-france\/#breadcrumb"},"inLanguage":"sk-SK","potentialAction":[{"@type":"ReadAction","target":["https:\/\/www.welovecycling.com\/sk\/2025\/08\/06\/styri-buduce-hviezdy-tour-de-france\/"]}]},{"@type":"ImageObject","inLanguage":"sk-SK","@id":"https:\/\/www.welovecycling.com\/sk\/2025\/08\/06\/styri-buduce-hviezdy-tour-de-france\/#primaryimage","url":"https:\/\/d2p6e6u75xmxt8.cloudfront.net\/4\/2025\/08\/Florian-Lipowitz-profimedia-1025023202-CVR.webp","contentUrl":"https:\/\/d2p6e6u75xmxt8.cloudfront.net\/4\/2025\/08\/Florian-Lipowitz-profimedia-1025023202-CVR.webp","width":990,"height":660,"caption":"Florian Lipowitz"},{"@type":"BreadcrumbList","@id":"https:\/\/www.welovecycling.com\/sk\/2025\/08\/06\/styri-buduce-hviezdy-tour-de-france\/#breadcrumb","itemListElement":[{"@type":"ListItem","position":1,"name":"Home","item":"https:\/\/www.welovecycling.com\/sk\/"},{"@type":"ListItem","position":2,"name":"\u0160tyri bud\u00face hviezdy Tour de France"}]},{"@type":"WebSite","@id":"https:\/\/www.welovecycling.com\/sk\/#website","url":"https:\/\/www.welovecycling.com\/sk\/","name":"\u0160koda We Love Cycling Slovensko","description":"\u0160koda We Love Cycling Slovensko je v\u00e1\u0161 ka\u017edodenn\u00fd zdroj noviniek a in\u0161pir\u00e1cie z sveta cyklistiky","potentialAction":[{"@type":"SearchAction","target":{"@type":"EntryPoint","urlTemplate":"https:\/\/www.welovecycling.com\/sk\/?s={search_term_string}"},"query-input":{"@type":"PropertyValueSpecification","valueRequired":true,"valueName":"search_term_string"}}],"inLanguage":"sk-SK"},{"@type":"Person","@id":"https:\/\/www.welovecycling.com\/sk\/#\/schema\/person\/45e989de48eace55eb338c027dc5a65e","name":"michal","image":{"@type":"ImageObject","inLanguage":"sk-SK","@id":"https:\/\/www.welovecycling.com\/sk\/#\/schema\/person\/image\/","url":"https:\/\/secure.gravatar.com\/avatar\/7f8deb1af8506a5f53d1b779436f546bce1c8c40c09780107ad3811c7dc4bbcb?s=96&d=mm&r=g","contentUrl":"https:\/\/secure.gravatar.com\/avatar\/7f8deb1af8506a5f53d1b779436f546bce1c8c40c09780107ad3811c7dc4bbcb?s=96&d=mm&r=g","caption":"michal"},"url":"https:\/\/www.welovecycling.com\/sk\/author\/michal\/"}]}},"_links":{"self":[{"href":"https:\/\/www.welovecycling.com\/sk\/wp-json\/wp\/v2\/posts\/20747","targetHints":{"allow":["GET"]}}],"collection":[{"href":"https:\/\/www.welovecycling.com\/sk\/wp-json\/wp\/v2\/posts"}],"about":[{"href":"https:\/\/www.welovecycling.com\/sk\/wp-json\/wp\/v2\/types\/post"}],"author":[{"embeddable":true,"href":"https:\/\/www.welovecycling.com\/sk\/wp-json\/wp\/v2\/users\/191"}],"replies":[{"embeddable":true,"href":"https:\/\/www.welovecycling.com\/sk\/wp-json\/wp\/v2\/comments?post=20747"}],"version-history":[{"count":8,"href":"https:\/\/www.welovecycling.com\/sk\/wp-json\/wp\/v2\/posts\/20747\/revisions"}],"predecessor-version":[{"id":20756,"href":"https:\/\/www.welovecycling.com\/sk\/wp-json\/wp\/v2\/posts\/20747\/revisions\/20756"}],"wp:featuredmedia":[{"embeddable":true,"href":"https:\/\/www.welovecycling.com\/sk\/wp-json\/wp\/v2\/media\/20748"}],"wp:attachment":[{"href":"https:\/\/www.welovecycling.com\/sk\/wp-json\/wp\/v2\/media?parent=20747"}],"wp:term":[{"taxonomy":"category","embeddable":true,"href":"https:\/\/www.welovecycling.com\/sk\/wp-json\/wp\/v2\/categories?post=20747"},{"taxonomy":"post_tag","embeddable":true,"href":"https:\/\/www.welovecycling.com\/sk\/wp-json\/wp\/v2\/tags?post=20747"},{"taxonomy":"global-categories","embeddable":true,"href":"https:\/\/www.welovecycling.com\/sk\/wp-json\/wp\/v2\/global-categories?post=20747"}],"curies":[{"name":"wp","href":"https:\/\/api.w.org\/{rel}","templated":true}]}}