{"id":20742,"date":"2025-08-04T15:00:35","date_gmt":"2025-08-04T13:00:35","guid":{"rendered":"https:\/\/www.welovecycling.com\/sk\/?p=20742"},"modified":"2025-08-04T12:08:43","modified_gmt":"2025-08-04T10:08:43","slug":"vybudovanie-zdraveho-navyku-trva-dlhsie-ako-21-dni","status":"publish","type":"post","link":"https:\/\/www.welovecycling.com\/sk\/2025\/08\/04\/vybudovanie-zdraveho-navyku-trva-dlhsie-ako-21-dni\/","title":{"rendered":"Vybudovanie zdrav\u00e9ho n\u00e1vyku trv\u00e1 dlh\u0161ie ako 21 dn\u00ed"},"content":{"rendered":"<p><strong>My\u0161lienka, \u017ee vytvorenie n\u00e1vyku trv\u00e1 len 21 dn\u00ed, sa u\u017e dlho \u0161\u00edri v literat\u00fare aj medzi \u013eu\u010fmi. V\u00fdskum z University of South Australia v\u0161ak toto tvrdenie vyvr\u00e1til. Uk\u00e1zal, \u017ee vytvorenie nov\u00e9ho n\u00e1vyku m\u00f4\u017ee zvy\u010dajne trva\u0165 ove\u013ea dlh\u0161ie. Ako dlho? Pozrime sa na to bli\u017e\u0161ie.<\/strong><\/p>\n<p><!--more--><\/p>\n<p><span style=\"font-weight: 400;\">V\u00fdskumn\u00edci z University of South Australia vo svojom <a href=\"https:\/\/www.mdpi.com\/2227-9032\/12\/23\/2488\" target=\"_blank\" rel=\"noopener\">systematickom preh\u013eade<\/a> zistili, \u017ee nov\u00e9 n\u00e1vyky sa u \u013eud\u00ed m\u00f4\u017eu za\u010da\u0165 formova\u0165 a\u017e do 2 mesiacov. Ich \u00fapln\u00e9 ust\u00e1lenie m\u00f4\u017ee v\u0161ak trva\u0165 a\u017e 335 dn\u00ed. <em>\u201eHoci sa v\u0161eobecne ver\u00ed, \u017ee vytvorenie tak\u00fdchto n\u00e1vykov trv\u00e1 len 21 dn\u00ed, tieto tvrdenia nie s\u00fa zalo\u017een\u00e9 na d\u00f4kazoch,\u201c<\/em> povedal hlavn\u00fd autor Dr. Ben Singh.<\/span><\/p>\n<p><span style=\"font-weight: 400;\">Toto zistenie je <strong>d\u00f4le\u017eit\u00e9 pri formovan\u00ed intervenci\u00ed v oblasti verejn\u00e9ho zdravia a povzbudzovan\u00ed jednotlivcov,<\/strong> aby vytrvali vo svojom \u00fasil\u00ed o vytvorenie n\u00e1vyku aj po m\u00fdtickej trojt\u00fd\u017ed\u0148ovej hranici. Ak \u013eudia o\u010dak\u00e1vaj\u00fa r\u00fdchle v\u00fdsledky, m\u00f4\u017ee ich to odradi\u0165 a pr\u00edli\u0161 skoro opustia svoje ciele. Pochopenie realistick\u00e9ho \u010dasov\u00e9ho harmonogramu formovania n\u00e1vykov m\u00f4\u017ee \u013eu\u010fom pom\u00f4c\u0165 zosta\u0165 motivovan\u00fdmi a odhodlan\u00fdmi k dlhodob\u00fdm zmen\u00e1m v oblasti zdravia.<\/span><\/p>\n<h2><strong>Pre\u010do sa niektor\u00e9 n\u00e1vyky formuj\u00fa dlh\u0161ie ako in\u00e9?<\/strong><\/h2>\n<p><span style=\"font-weight: 400;\">\u010cas potrebn\u00fd na vytvorenie n\u00e1vyku sa v\u00fdrazne l\u00ed\u0161i v z\u00e1vislosti od jednotlivca a osvojovan\u00e9ho spr\u00e1vania. \u0160t\u00fadia, ktor\u00e1 analyzovala \u00fadaje od viac ako 2 600 \u00fa\u010dastn\u00edkov, zistila, \u017ee niektor\u00ed \u013eudia si vytvorili n\u00e1vyky u\u017e za 4 dni, zatia\u013e \u010do in\u00fdm to trvalo 1 rok.<\/span><\/p>\n<p><span style=\"font-weight: 400;\">Dr. Singh vysvet\u013euje:<em> \u201eV na\u0161om v\u00fdskume sme zistili, \u017ee formovanie n\u00e1vyku trv\u00e1 pribli\u017ene 2 mesiace, ale existuje zna\u010dn\u00e1 variabilita, pri\u010dom \u010dasy formovania sa pohybuj\u00fa od \u0161tyroch dn\u00ed a\u017e po takmer rok.\u201c<\/em><\/span><\/p>\n<p><span style=\"font-weight: 400;\">Na to, ako r\u00fdchlo sa n\u00e1vyk stane automatick\u00fdm, vpl\u00fdva nieko\u013eko faktorov:<\/span><\/p>\n<p><span style=\"font-weight: 400;\"><strong>Frekvencia praktizovania:<\/strong> \u010c\u00edm \u010dastej\u0161ie sa spr\u00e1vanie opakuje, t\u00fdm silnej\u0161\u00edm sa st\u00e1va. Napr\u00edklad um\u00fdvanie zubov sa \u013eah\u0161ie zav\u00e1dza do \u017eivota, v porovnan\u00ed s nejakou t\u00fd\u017edennou cvi\u010debnou rutinou.<\/span><\/p>\n<p><span style=\"font-weight: 400;\"><strong>Na\u010dasovanie n\u00e1vyku:<\/strong> V\u00fdskum nazna\u010duje, \u017ee rann\u00e9 rutiny sa s v\u00e4\u010d\u0161ou pravdepodobnos\u0165ou udr\u017eia. Ak si \u010dlovek zvyk za\u010dlen\u00ed do svojho r\u00e1na, je pravdepodobnej\u0161ie, \u017ee si ho udr\u017e\u00ed.<\/span><\/p>\n<p><span style=\"font-weight: 400;\"><strong>P\u00f4\u017eitok a osobn\u00e1 vo\u013eba:<\/strong> \u013dudia, ktor\u00ed pova\u017euj\u00fa zvyk za pr\u00edjemn\u00fd alebo si ho sami vybrali, si ho s v\u00e4\u010d\u0161ou pravdepodobnos\u0165ou udr\u017eia aj v priebehu \u010dasu.<\/span><\/p>\n<p><span style=\"font-weight: 400;\"><strong>Kontext a konzistentnos\u0165:<\/strong> N\u00e1vyky vykon\u00e1van\u00e9 v stabilnom prostred\u00ed, ako napr\u00edklad pitie poh\u00e1ra vody po umyt\u00ed zubov, sa rozv\u00edjaj\u00fa \u013eah\u0161ie ako tie, ktor\u00e9 vy\u017eaduj\u00fa premenliv\u00e9 podmienky.<\/span><\/p>\n<h2><strong>Strat\u00e9gie na u\u013eah\u010denie formovania n\u00e1vykov<\/strong><\/h2>\n<p><span style=\"font-weight: 400;\">Napriek dlh\u00e9mu a variabiln\u00e9mu \u010dasov\u00e9mu r\u00e1mcu formovania n\u00e1vykov existuj\u00fa strat\u00e9gie, ktor\u00e9 m\u00f4\u017eu pom\u00f4c\u0165 efekt\u00edvnej\u0161ie upevni\u0165 nov\u00e9 spr\u00e1vanie. Pl\u00e1novanie a integr\u00e1cia n\u00e1vykov do denn\u00fdch rut\u00edn m\u00f4\u017ee v\u00fdrazne zv\u00fd\u0161i\u0165 mieru \u00faspe\u0161nosti.<\/span><\/p>\n<p><span style=\"font-weight: 400;\"><em>\u201ePl\u00e1novanie a z\u00e1mer dokon\u010di\u0165 nov\u00e9 spr\u00e1vanie m\u00f4\u017ee tie\u017e pom\u00f4c\u0165 upevni\u0165 nov\u00fd n\u00e1vyk, preto sa uistite, \u017ee si aj na\u010falej n\u00e1jdete \u010das na zahrnutie svojich nov\u00fdch zdrav\u00fdch n\u00e1vykov do svojich ka\u017edodenn\u00fdch aktiv\u00edt,\u201c<\/em> navrhol Dr. Singh.<\/span><\/p>\n<p><span style=\"font-weight: 400;\">Medzi niektor\u00e9 \u00fa\u010dinn\u00e9 strat\u00e9gie patria:<\/span><\/p>\n<p><span style=\"font-weight: 400;\"><strong>Pripojenie nov\u00fdch n\u00e1vykov k existuj\u00facim:<\/strong> Ak chcete za\u010da\u0165 u\u017e\u00edva\u0165 vitam\u00edny denne, urobte to hne\u010f po umyt\u00ed zubov, aby sa to stalo prirodzen\u00fdm roz\u0161\u00edren\u00edm existuj\u00faceho n\u00e1vyku.<\/span><\/p>\n<p><span style=\"font-weight: 400;\"><strong>Pr\u00edprava vopred:<\/strong> Rozlo\u017eenie oble\u010denia do posil\u0148ovne ve\u010der predt\u00fdm m\u00f4\u017ee zv\u00fd\u0161i\u0165 pravdepodobnos\u0165, \u017ee rann\u00e9 cvi\u010denie absolvujete.<\/span><\/p>\n<p><span style=\"font-weight: 400;\"><strong>Sledovanie pokroku:<\/strong> Vedenie si denn\u00edka alebo sledovanie n\u00e1vykov m\u00f4\u017ee pom\u00f4c\u0165 posilni\u0165 konzistentnos\u0165 a poskytn\u00fa\u0165 motiv\u00e1ciu.<\/span><\/p>\n<p><span style=\"font-weight: 400;\"><strong>V\u00fdber n\u00e1vykov, ktor\u00e9 s\u00fa v s\u00falade s osobn\u00fdmi preferenciami:<\/strong> \u013dudia sa s v\u00e4\u010d\u0161ou pravdepodobnos\u0165ou dr\u017eia n\u00e1vykov, ktor\u00e9 maj\u00fa radi, ako je tanec, namiesto behu a cvi\u010denia.<\/span><\/p>\n<h2><strong>O\u010dak\u00e1vajte marat\u00f3n, nie \u0161print<\/strong><\/h2>\n<p><span style=\"font-weight: 400;\">V\u0161eobecne roz\u0161\u00edren\u00e1 predstava, \u017ee n\u00e1vyky sa vytvoria za 21 dn\u00ed, nie je podlo\u017een\u00e1 vedeck\u00fdmi d\u00f4kazmi. <strong>V\u00fdskum namiesto toho nazna\u010duje, \u017ee premena nov\u00fdch n\u00e1vykov na trval\u00e9 trv\u00e1 najmenej 2 mesiace a niekedy aj ove\u013ea dlh\u0161ie.<\/strong> Toto pochopenie je k\u013e\u00fa\u010dov\u00e9 pre t\u00fdch, ktor\u00ed sa sna\u017eia zit zdrav\u0161\u00ed \u017eivotn\u00fd \u0161t\u00fdl. No aj pre kampane verejn\u00e9ho zdravia zameran\u00e9 na podporu dlhodobej zmeny spr\u00e1vania.<\/span><\/p>\n<p><span style=\"font-weight: 400;\">Namiesto toho, aby sa jednotlivci nechali odradi\u0165 po troch t\u00fd\u017ed\u0148och, mali by o\u010dak\u00e1va\u0165, \u017ee formovanie n\u00e1vykov bude postupn\u00fd proces. Ako rad\u00ed Dr. Singh: <strong>\u201eJe d\u00f4le\u017eit\u00e9, aby sa \u013eudia, ktor\u00ed d\u00fafaj\u00fa, \u017ee si vytvoria zdrav\u0161ie n\u00e1vyky, nevzdali po t\u00fdchto m\u00fdtick\u00fdch troch t\u00fd\u017ed\u0148och.\u201c<\/strong><\/span><\/p>\n","protected":false},"excerpt":{"rendered":"<p>My\u0161lienka, \u017ee vytvorenie n\u00e1vyku trv\u00e1 len 21 dn\u00ed, sa u\u017e dlho \u0161\u00edri v literat\u00fare aj medzi \u013eu\u010fmi. V\u00fdskum z University [&hellip;]<\/p>\n","protected":false},"author":172,"featured_media":12261,"comment_status":"closed","ping_status":"closed","sticky":false,"template":"","format":"standard","meta":{"footnotes":""},"categories":[2],"tags":[323,546,1651,190,813,163,1219,55,1095,1620,161,623],"global-categories":[],"class_list":["post-20742","post","type-post","status-publish","format-standard","has-post-thumbnail","hentry","category-zdravie-trening","tag-cvicenie","tag-cyklistika","tag-navyk","tag-priprava","tag-sport","tag-strava","tag-studia","tag-trening","tag-vyskum","tag-zaujimavosti","tag-zdravie","tag-zdravy-zivotny-styl"],"yoast_head":"<!-- This site is optimized with the Yoast SEO Premium plugin v25.3 (Yoast SEO v25.9) - https:\/\/yoast.com\/wordpress\/plugins\/seo\/ -->\n<title>Vybudovanie zdrav\u00e9ho n\u00e1vyku trv\u00e1 dlh\u0161ie ako 21 dn\u00ed - \u0160koda We Love Cycling Slovensko<\/title>\n<meta name=\"description\" content=\"My\u0161lienka, \u017ee vytvorenie n\u00e1vyku trv\u00e1 21 dn\u00ed, sa dlho \u0161\u00edri v literat\u00fare aj medzi \u013eu\u010fmi. Je v\u0161ak tomu naozaj tak?\" \/>\n<meta name=\"robots\" content=\"index, follow, max-snippet:-1, max-image-preview:large, max-video-preview:-1\" \/>\n<link rel=\"canonical\" href=\"https:\/\/www.welovecycling.com\/sk\/2025\/08\/04\/vybudovanie-zdraveho-navyku-trva-dlhsie-ako-21-dni\/\" \/>\n<meta property=\"og:locale\" content=\"sk_SK\" \/>\n<meta property=\"og:type\" content=\"article\" \/>\n<meta property=\"og:title\" content=\"Vybudovanie zdrav\u00e9ho n\u00e1vyku trv\u00e1 dlh\u0161ie ako 21 dn\u00ed\" \/>\n<meta property=\"og:description\" content=\"My\u0161lienka, \u017ee vytvorenie n\u00e1vyku trv\u00e1 21 dn\u00ed, sa dlho \u0161\u00edri v literat\u00fare aj medzi \u013eu\u010fmi. Je v\u0161ak tomu naozaj tak?\" \/>\n<meta property=\"og:url\" content=\"https:\/\/www.welovecycling.com\/sk\/2025\/08\/04\/vybudovanie-zdraveho-navyku-trva-dlhsie-ako-21-dni\/\" \/>\n<meta property=\"og:site_name\" content=\"\u0160koda We Love Cycling Slovensko\" \/>\n<meta property=\"article:published_time\" content=\"2025-08-04T13:00:35+00:00\" \/>\n<meta property=\"og:image\" content=\"https:\/\/d2p6e6u75xmxt8.cloudfront.net\/4\/2021\/07\/Cycling-vs-running-profimedia-0597330420.webp\" \/>\n\t<meta property=\"og:image:width\" content=\"1250\" \/>\n\t<meta property=\"og:image:height\" content=\"833\" \/>\n\t<meta property=\"og:image:type\" content=\"image\/webp\" \/>\n<meta name=\"author\" content=\"dominika\" \/>\n<meta name=\"twitter:card\" content=\"summary_large_image\" \/>\n<meta name=\"twitter:label1\" content=\"Written by\" \/>\n\t<meta name=\"twitter:data1\" content=\"Ji\u0159\u00ed Kaloc\" \/>\n\t<meta name=\"twitter:label2\" content=\"Est. reading time\" \/>\n\t<meta name=\"twitter:data2\" content=\"2\" \/>\n<script type=\"application\/ld+json\" class=\"yoast-schema-graph\">{\"@context\":\"https:\/\/schema.org\",\"@graph\":[{\"@type\":\"WebPage\",\"@id\":\"https:\/\/www.welovecycling.com\/sk\/2025\/08\/04\/vybudovanie-zdraveho-navyku-trva-dlhsie-ako-21-dni\/\",\"url\":\"https:\/\/www.welovecycling.com\/sk\/2025\/08\/04\/vybudovanie-zdraveho-navyku-trva-dlhsie-ako-21-dni\/\",\"name\":\"Vybudovanie zdrav\u00e9ho n\u00e1vyku trv\u00e1 dlh\u0161ie ako 21 dn\u00ed - \u0160koda We Love Cycling Slovensko\",\"isPartOf\":{\"@id\":\"https:\/\/www.welovecycling.com\/sk\/#website\"},\"primaryImageOfPage\":{\"@id\":\"https:\/\/www.welovecycling.com\/sk\/2025\/08\/04\/vybudovanie-zdraveho-navyku-trva-dlhsie-ako-21-dni\/#primaryimage\"},\"image\":{\"@id\":\"https:\/\/www.welovecycling.com\/sk\/2025\/08\/04\/vybudovanie-zdraveho-navyku-trva-dlhsie-ako-21-dni\/#primaryimage\"},\"thumbnailUrl\":\"https:\/\/d2p6e6u75xmxt8.cloudfront.net\/4\/2021\/07\/Cycling-vs-running-profimedia-0597330420.webp\",\"datePublished\":\"2025-08-04T13:00:35+00:00\",\"author\":{\"@id\":\"https:\/\/www.welovecycling.com\/sk\/#\/schema\/person\/533b62b98b6c41bd5135ebfb1f742624\"},\"description\":\"My\u0161lienka, \u017ee vytvorenie n\u00e1vyku trv\u00e1 21 dn\u00ed, sa dlho \u0161\u00edri v literat\u00fare aj medzi \u013eu\u010fmi. Je v\u0161ak tomu naozaj tak?\",\"breadcrumb\":{\"@id\":\"https:\/\/www.welovecycling.com\/sk\/2025\/08\/04\/vybudovanie-zdraveho-navyku-trva-dlhsie-ako-21-dni\/#breadcrumb\"},\"inLanguage\":\"sk-SK\",\"potentialAction\":[{\"@type\":\"ReadAction\",\"target\":[\"https:\/\/www.welovecycling.com\/sk\/2025\/08\/04\/vybudovanie-zdraveho-navyku-trva-dlhsie-ako-21-dni\/\"]}]},{\"@type\":\"ImageObject\",\"inLanguage\":\"sk-SK\",\"@id\":\"https:\/\/www.welovecycling.com\/sk\/2025\/08\/04\/vybudovanie-zdraveho-navyku-trva-dlhsie-ako-21-dni\/#primaryimage\",\"url\":\"https:\/\/d2p6e6u75xmxt8.cloudfront.net\/4\/2021\/07\/Cycling-vs-running-profimedia-0597330420.webp\",\"contentUrl\":\"https:\/\/d2p6e6u75xmxt8.cloudfront.net\/4\/2021\/07\/Cycling-vs-running-profimedia-0597330420.webp\",\"width\":1250,\"height\":833,\"caption\":\"Reouverture de la Promenade des Anglais reserve exclusivement aux pietons et cyclistes pour le troisieme week-end de confinement, route ferme pour les vehicules, Nice FRANCE - 13\/03\/2021\/\/SYSPEO_sysA002\/2103140228\/Credit:SYSPEO\/SIPA\/2103140228,Image: 597330420, License: Rights-managed, Restrictions: , Model Release: no, Credit line: Profimedia\"},{\"@type\":\"BreadcrumbList\",\"@id\":\"https:\/\/www.welovecycling.com\/sk\/2025\/08\/04\/vybudovanie-zdraveho-navyku-trva-dlhsie-ako-21-dni\/#breadcrumb\",\"itemListElement\":[{\"@type\":\"ListItem\",\"position\":1,\"name\":\"Home\",\"item\":\"https:\/\/www.welovecycling.com\/sk\/\"},{\"@type\":\"ListItem\",\"position\":2,\"name\":\"Vybudovanie zdrav\u00e9ho n\u00e1vyku trv\u00e1 dlh\u0161ie ako 21 dn\u00ed\"}]},{\"@type\":\"WebSite\",\"@id\":\"https:\/\/www.welovecycling.com\/sk\/#website\",\"url\":\"https:\/\/www.welovecycling.com\/sk\/\",\"name\":\"\u0160koda We Love Cycling Slovensko\",\"description\":\"\u0160koda We Love Cycling Slovensko je v\u00e1\u0161 ka\u017edodenn\u00fd zdroj noviniek a in\u0161pir\u00e1cie z sveta cyklistiky\",\"potentialAction\":[{\"@type\":\"SearchAction\",\"target\":{\"@type\":\"EntryPoint\",\"urlTemplate\":\"https:\/\/www.welovecycling.com\/sk\/?s={search_term_string}\"},\"query-input\":{\"@type\":\"PropertyValueSpecification\",\"valueRequired\":true,\"valueName\":\"search_term_string\"}}],\"inLanguage\":\"sk-SK\"},{\"@type\":\"Person\",\"@id\":\"https:\/\/www.welovecycling.com\/sk\/#\/schema\/person\/533b62b98b6c41bd5135ebfb1f742624\",\"name\":\"dominika\",\"image\":{\"@type\":\"ImageObject\",\"inLanguage\":\"sk-SK\",\"@id\":\"https:\/\/www.welovecycling.com\/sk\/#\/schema\/person\/image\/\",\"url\":\"https:\/\/secure.gravatar.com\/avatar\/ded6f274ba2ec3e17fff153f7d9d96a4b33c2cb63907f75d9a5309c599a7f3e6?s=96&d=mm&r=g\",\"contentUrl\":\"https:\/\/secure.gravatar.com\/avatar\/ded6f274ba2ec3e17fff153f7d9d96a4b33c2cb63907f75d9a5309c599a7f3e6?s=96&d=mm&r=g\",\"caption\":\"dominika\"},\"url\":\"https:\/\/www.welovecycling.com\/sk\/author\/dominika\/\"}]}<\/script>\n<!-- \/ Yoast SEO Premium plugin. -->","yoast_head_json":{"title":"Vybudovanie zdrav\u00e9ho n\u00e1vyku trv\u00e1 dlh\u0161ie ako 21 dn\u00ed - \u0160koda We Love Cycling Slovensko","description":"My\u0161lienka, \u017ee vytvorenie n\u00e1vyku trv\u00e1 21 dn\u00ed, sa dlho \u0161\u00edri v literat\u00fare aj medzi \u013eu\u010fmi. Je v\u0161ak tomu naozaj tak?","robots":{"index":"index","follow":"follow","max-snippet":"max-snippet:-1","max-image-preview":"max-image-preview:large","max-video-preview":"max-video-preview:-1"},"canonical":"https:\/\/www.welovecycling.com\/sk\/2025\/08\/04\/vybudovanie-zdraveho-navyku-trva-dlhsie-ako-21-dni\/","og_locale":"sk_SK","og_type":"article","og_title":"Vybudovanie zdrav\u00e9ho n\u00e1vyku trv\u00e1 dlh\u0161ie ako 21 dn\u00ed","og_description":"My\u0161lienka, \u017ee vytvorenie n\u00e1vyku trv\u00e1 21 dn\u00ed, sa dlho \u0161\u00edri v literat\u00fare aj medzi \u013eu\u010fmi. Je v\u0161ak tomu naozaj tak?","og_url":"https:\/\/www.welovecycling.com\/sk\/2025\/08\/04\/vybudovanie-zdraveho-navyku-trva-dlhsie-ako-21-dni\/","og_site_name":"\u0160koda We Love Cycling Slovensko","article_published_time":"2025-08-04T13:00:35+00:00","og_image":[{"width":1250,"height":833,"url":"https:\/\/d2p6e6u75xmxt8.cloudfront.net\/4\/2021\/07\/Cycling-vs-running-profimedia-0597330420.webp","type":"image\/webp"}],"author":"dominika","twitter_card":"summary_large_image","twitter_misc":{"Written by":"Ji\u0159\u00ed Kaloc","Est. reading time":"2"},"schema":{"@context":"https:\/\/schema.org","@graph":[{"@type":"WebPage","@id":"https:\/\/www.welovecycling.com\/sk\/2025\/08\/04\/vybudovanie-zdraveho-navyku-trva-dlhsie-ako-21-dni\/","url":"https:\/\/www.welovecycling.com\/sk\/2025\/08\/04\/vybudovanie-zdraveho-navyku-trva-dlhsie-ako-21-dni\/","name":"Vybudovanie zdrav\u00e9ho n\u00e1vyku trv\u00e1 dlh\u0161ie ako 21 dn\u00ed - \u0160koda We Love Cycling Slovensko","isPartOf":{"@id":"https:\/\/www.welovecycling.com\/sk\/#website"},"primaryImageOfPage":{"@id":"https:\/\/www.welovecycling.com\/sk\/2025\/08\/04\/vybudovanie-zdraveho-navyku-trva-dlhsie-ako-21-dni\/#primaryimage"},"image":{"@id":"https:\/\/www.welovecycling.com\/sk\/2025\/08\/04\/vybudovanie-zdraveho-navyku-trva-dlhsie-ako-21-dni\/#primaryimage"},"thumbnailUrl":"https:\/\/d2p6e6u75xmxt8.cloudfront.net\/4\/2021\/07\/Cycling-vs-running-profimedia-0597330420.webp","datePublished":"2025-08-04T13:00:35+00:00","author":{"@id":"https:\/\/www.welovecycling.com\/sk\/#\/schema\/person\/533b62b98b6c41bd5135ebfb1f742624"},"description":"My\u0161lienka, \u017ee vytvorenie n\u00e1vyku trv\u00e1 21 dn\u00ed, sa dlho \u0161\u00edri v literat\u00fare aj medzi \u013eu\u010fmi. Je v\u0161ak tomu naozaj tak?","breadcrumb":{"@id":"https:\/\/www.welovecycling.com\/sk\/2025\/08\/04\/vybudovanie-zdraveho-navyku-trva-dlhsie-ako-21-dni\/#breadcrumb"},"inLanguage":"sk-SK","potentialAction":[{"@type":"ReadAction","target":["https:\/\/www.welovecycling.com\/sk\/2025\/08\/04\/vybudovanie-zdraveho-navyku-trva-dlhsie-ako-21-dni\/"]}]},{"@type":"ImageObject","inLanguage":"sk-SK","@id":"https:\/\/www.welovecycling.com\/sk\/2025\/08\/04\/vybudovanie-zdraveho-navyku-trva-dlhsie-ako-21-dni\/#primaryimage","url":"https:\/\/d2p6e6u75xmxt8.cloudfront.net\/4\/2021\/07\/Cycling-vs-running-profimedia-0597330420.webp","contentUrl":"https:\/\/d2p6e6u75xmxt8.cloudfront.net\/4\/2021\/07\/Cycling-vs-running-profimedia-0597330420.webp","width":1250,"height":833,"caption":"Reouverture de la Promenade des Anglais reserve exclusivement aux pietons et cyclistes pour le troisieme week-end de confinement, route ferme pour les vehicules, Nice FRANCE - 13\/03\/2021\/\/SYSPEO_sysA002\/2103140228\/Credit:SYSPEO\/SIPA\/2103140228,Image: 597330420, License: Rights-managed, Restrictions: , Model Release: no, Credit line: Profimedia"},{"@type":"BreadcrumbList","@id":"https:\/\/www.welovecycling.com\/sk\/2025\/08\/04\/vybudovanie-zdraveho-navyku-trva-dlhsie-ako-21-dni\/#breadcrumb","itemListElement":[{"@type":"ListItem","position":1,"name":"Home","item":"https:\/\/www.welovecycling.com\/sk\/"},{"@type":"ListItem","position":2,"name":"Vybudovanie zdrav\u00e9ho n\u00e1vyku trv\u00e1 dlh\u0161ie ako 21 dn\u00ed"}]},{"@type":"WebSite","@id":"https:\/\/www.welovecycling.com\/sk\/#website","url":"https:\/\/www.welovecycling.com\/sk\/","name":"\u0160koda We Love Cycling Slovensko","description":"\u0160koda We Love Cycling Slovensko je v\u00e1\u0161 ka\u017edodenn\u00fd zdroj noviniek a in\u0161pir\u00e1cie z sveta cyklistiky","potentialAction":[{"@type":"SearchAction","target":{"@type":"EntryPoint","urlTemplate":"https:\/\/www.welovecycling.com\/sk\/?s={search_term_string}"},"query-input":{"@type":"PropertyValueSpecification","valueRequired":true,"valueName":"search_term_string"}}],"inLanguage":"sk-SK"},{"@type":"Person","@id":"https:\/\/www.welovecycling.com\/sk\/#\/schema\/person\/533b62b98b6c41bd5135ebfb1f742624","name":"dominika","image":{"@type":"ImageObject","inLanguage":"sk-SK","@id":"https:\/\/www.welovecycling.com\/sk\/#\/schema\/person\/image\/","url":"https:\/\/secure.gravatar.com\/avatar\/ded6f274ba2ec3e17fff153f7d9d96a4b33c2cb63907f75d9a5309c599a7f3e6?s=96&d=mm&r=g","contentUrl":"https:\/\/secure.gravatar.com\/avatar\/ded6f274ba2ec3e17fff153f7d9d96a4b33c2cb63907f75d9a5309c599a7f3e6?s=96&d=mm&r=g","caption":"dominika"},"url":"https:\/\/www.welovecycling.com\/sk\/author\/dominika\/"}]}},"_links":{"self":[{"href":"https:\/\/www.welovecycling.com\/sk\/wp-json\/wp\/v2\/posts\/20742","targetHints":{"allow":["GET"]}}],"collection":[{"href":"https:\/\/www.welovecycling.com\/sk\/wp-json\/wp\/v2\/posts"}],"about":[{"href":"https:\/\/www.welovecycling.com\/sk\/wp-json\/wp\/v2\/types\/post"}],"author":[{"embeddable":true,"href":"https:\/\/www.welovecycling.com\/sk\/wp-json\/wp\/v2\/users\/172"}],"replies":[{"embeddable":true,"href":"https:\/\/www.welovecycling.com\/sk\/wp-json\/wp\/v2\/comments?post=20742"}],"version-history":[{"count":4,"href":"https:\/\/www.welovecycling.com\/sk\/wp-json\/wp\/v2\/posts\/20742\/revisions"}],"predecessor-version":[{"id":20746,"href":"https:\/\/www.welovecycling.com\/sk\/wp-json\/wp\/v2\/posts\/20742\/revisions\/20746"}],"wp:featuredmedia":[{"embeddable":true,"href":"https:\/\/www.welovecycling.com\/sk\/wp-json\/wp\/v2\/media\/12261"}],"wp:attachment":[{"href":"https:\/\/www.welovecycling.com\/sk\/wp-json\/wp\/v2\/media?parent=20742"}],"wp:term":[{"taxonomy":"category","embeddable":true,"href":"https:\/\/www.welovecycling.com\/sk\/wp-json\/wp\/v2\/categories?post=20742"},{"taxonomy":"post_tag","embeddable":true,"href":"https:\/\/www.welovecycling.com\/sk\/wp-json\/wp\/v2\/tags?post=20742"},{"taxonomy":"global-categories","embeddable":true,"href":"https:\/\/www.welovecycling.com\/sk\/wp-json\/wp\/v2\/global-categories?post=20742"}],"curies":[{"name":"wp","href":"https:\/\/api.w.org\/{rel}","templated":true}]}}