{"id":20723,"date":"2025-07-31T21:00:38","date_gmt":"2025-07-31T19:00:38","guid":{"rendered":"https:\/\/www.welovecycling.com\/sk\/?p=20723"},"modified":"2025-08-01T12:27:47","modified_gmt":"2025-08-01T10:27:47","slug":"reportaz-skoda-svatojursky-mtb-maraton-a-blato-su-nerozlucna-dvojka","status":"publish","type":"post","link":"https:\/\/www.welovecycling.com\/sk\/2025\/07\/31\/reportaz-skoda-svatojursky-mtb-maraton-a-blato-su-nerozlucna-dvojka\/","title":{"rendered":"Report\u00e1\u017e: \u0160koda Sv\u00e4tojursk\u00fd MTB Marat\u00f3n a blato s\u00fa nerozlu\u010dn\u00e1 dvojka"},"content":{"rendered":"<p><strong>Sv\u00e4tojursk\u00fd MTB Marat\u00f3n u\u017e tradi\u010dne otv\u00e1ra sez\u00f3nu cross country marat\u00f3nov na Slovensku. Po zimn\u00fdch mesiacoch a \u010derstvo roztopenom snehu sa s blatom na tomto marat\u00f3ne u\u017e tak nejak po\u010d\u00edta. Tento rok v\u0161ak z d\u00f4vodu prevencie \u0161\u00edrenia n\u00e1kazlivej slinta\u010dky a kr\u00edva\u010dky museli organiz\u00e1tori preteky odlo\u017ei\u0165.<\/strong><!--more--><\/p>\n<p><span style=\"font-weight: 400;\">Presun\u00fa\u0165 tak ve\u013ek\u00fd event nie je v\u00f4bec jednoduch\u00e9 a n\u00e1js\u0165 vo\u013en\u00fd term\u00edn, aby nekolidoval s in\u00fdmi pretekmi, vybavi\u0165 v\u0161etky povolenia a zabezpe\u010di\u0165 z\u00e1zemie pretekov je n\u00e1ro\u010dn\u00e1 \u00faloha. <\/span><\/p>\n<p><span style=\"font-weight: 400;\">Ke\u010f mi napokon kamar\u00e1t z CK Sv\u00e4t\u00fd Jur prezradil, \u017ee n\u00e1hradn\u00fd term\u00edn bude pr\u00e1ve 27.7. 2025, bola som nad\u0161en\u00edm bez seba. Posledn\u00fd j\u00falov\u00fd v\u00edkend toti\u017e svietil v mojom napratanom kalend\u00e1ri nevinnou \u010distotou ako Botticelliho Venu\u0161a vystupuj\u00faca z mora (chud\u00e1k Venu\u0161a, keby vedela, \u010do ju \u010dak\u00e1, asi by zaklapla last\u00faru a zaradila spiato\u010dku).<\/span><\/p>\n<p><span style=\"font-weight: 400;\">Ako sa bl\u00ed\u017eil term\u00edn pretekov, za\u010dala som organiz\u00e1torov trochu podozrieva\u0165, \u017ee v z\u00e1pale nechtiac vybavili presun aj toho apr\u00edlov\u00e9ho po\u010dasia. <strong>Obvykle za\u010d\u00ednam sez\u00f3nu na strednej trati, ale takto uprostred leta som sa prihl\u00e1sila na dlh\u00fa, 70 km tra\u0165 s prev\u00fd\u0161en\u00edm 2000 m.<\/strong> Predstava, \u017ee ju idem cel\u00fd \u010das v da\u017edi, ma nijako ve\u013emi nete\u0161ila, ale st\u00e1le som verila, \u017ee sa do v\u00edkendu leto vr\u00e1ti.<\/span><\/p>\n<p><a href=\"https:\/\/d2p6e6u75xmxt8.cloudfront.net\/4\/2025\/08\/SBOT-Svaty-Jur-2025-80-scaled.webp\"><img loading=\"lazy\" decoding=\"async\" class=\"alignnone size-extra-large wp-image-20725\" src=\"https:\/\/d2p6e6u75xmxt8.cloudfront.net\/4\/2025\/08\/SBOT-Svaty-Jur-2025-80-1920x1280.webp\" alt=\"\" width=\"1920\" height=\"1280\" srcset=\"https:\/\/d2p6e6u75xmxt8.cloudfront.net\/4\/2025\/08\/SBOT-Svaty-Jur-2025-80-1920x1280.webp 1920w, https:\/\/d2p6e6u75xmxt8.cloudfront.net\/4\/2025\/08\/SBOT-Svaty-Jur-2025-80-300x200.webp 300w, https:\/\/d2p6e6u75xmxt8.cloudfront.net\/4\/2025\/08\/SBOT-Svaty-Jur-2025-80-1024x683.webp 1024w, https:\/\/d2p6e6u75xmxt8.cloudfront.net\/4\/2025\/08\/SBOT-Svaty-Jur-2025-80-768x512.webp 768w, https:\/\/d2p6e6u75xmxt8.cloudfront.net\/4\/2025\/08\/SBOT-Svaty-Jur-2025-80-1536x1024.webp 1536w, https:\/\/d2p6e6u75xmxt8.cloudfront.net\/4\/2025\/08\/SBOT-Svaty-Jur-2025-80-2048x1365.webp 2048w, https:\/\/d2p6e6u75xmxt8.cloudfront.net\/4\/2025\/08\/SBOT-Svaty-Jur-2025-80-400x267.webp 400w, https:\/\/d2p6e6u75xmxt8.cloudfront.net\/4\/2025\/08\/SBOT-Svaty-Jur-2025-80-272x182.webp 272w, https:\/\/d2p6e6u75xmxt8.cloudfront.net\/4\/2025\/08\/SBOT-Svaty-Jur-2025-80-1920x1280.webp 1920w\" sizes=\"auto, (max-width: 1920px) 100vw, 1920px\" \/><\/a><\/p>\n<p><span style=\"font-weight: 400;\">Je sobota, de\u0148 D a ja prich\u00e1dzam do are\u00e1lu futbalov\u00e9ho \u0161tadi\u00f3na v doprovode asret\u00edvneho mrholenia (to je tak\u00e9 mrholenie, ktor\u00e9 je vlastne d\u00e1\u017e\u010f, ale odmieta\u0161 si to pripusti\u0165, a tak si z domu nevezme\u0161 ani d\u00e1\u017ednik).<\/span><\/p>\n<p><span style=\"font-weight: 400;\">Na prezent\u00e1cii panuje napriek po\u010dasiu dobr\u00e1 n\u00e1lada a pri odovz\u00e1dvan\u00ed \u0161tartovn\u00e9ho bal\u00ed\u010dka si rovno vypo\u010dujem pred\u010dasn\u00e9 gratul\u00e1cie k p\u00f3diov\u00e9mu umiestneniu. Teda za predpokladu, \u017ee pr\u00eddem do cie\u013ea. Som toti\u017e jedin\u00e1 \u017eena, ktor\u00e1 sa pri\u0161la odprezentova\u0165.<\/span><\/p>\n<h2 data-start=\"129\" data-end=\"172\"><strong>\u0160tart pretekov v da\u017edi a boj s po\u010das\u00edm<\/strong><\/h2>\n<p><span style=\"font-weight: 400;\">Trochu protestujem, ve\u010f baby pozn\u00e1m a viem, \u017ee niektor\u00e9 sa e\u0161te objavia. Navy\u0161e nechcem na seba privola\u0165 smolu v podobe DNF. <strong>\u010ci u\u017e sa postav\u00edm na \u0161tart jedin\u00e1 alebo nie, dnes budem svoj\u00edm najv\u00e4\u010d\u0161\u00edm s\u00faperom ja sama.<\/strong><\/span><\/p>\n<p><span style=\"font-weight: 400;\">M\u00e1m e\u0161te dos\u0165 \u010dasu, vyr\u00e1\u017eam teda na obhliadku trate popri vinohradoch. Na sebe m\u00e1m oble\u010den\u00fa aj vestu do da\u017e\u010fa s dvojcestn\u00fdm zipsom, ale ke\u010f\u017ee nosievam aj ruksak s Camel Bakom, zva\u017eujem, \u017ee ju na preteky d\u00e1m dolu. Zmoknem tak \u010di tak a pri \u0161liapan\u00ed do kopca by mi v nej bolo zbyto\u010dne teplo.<\/span><\/p>\n<div id='gallery-1' class='gallery galleryid-20723 gallery-columns-2 gallery-size-full'><figure class='gallery-item'>\n\t\t\t<div class='gallery-icon landscape'>\n\t\t\t\t<a href='https:\/\/d2p6e6u75xmxt8.cloudfront.net\/4\/2025\/08\/SBOT-Svaty-Jur-2025-95-scaled.webp'><img loading=\"lazy\" decoding=\"async\" width=\"2560\" height=\"1707\" src=\"https:\/\/d2p6e6u75xmxt8.cloudfront.net\/4\/2025\/08\/SBOT-Svaty-Jur-2025-95-scaled.webp\" class=\"attachment-full size-full\" alt=\"\" srcset=\"https:\/\/d2p6e6u75xmxt8.cloudfront.net\/4\/2025\/08\/SBOT-Svaty-Jur-2025-95-scaled.webp 2560w, https:\/\/d2p6e6u75xmxt8.cloudfront.net\/4\/2025\/08\/SBOT-Svaty-Jur-2025-95-300x200.webp 300w, https:\/\/d2p6e6u75xmxt8.cloudfront.net\/4\/2025\/08\/SBOT-Svaty-Jur-2025-95-1024x683.webp 1024w, https:\/\/d2p6e6u75xmxt8.cloudfront.net\/4\/2025\/08\/SBOT-Svaty-Jur-2025-95-768x512.webp 768w, https:\/\/d2p6e6u75xmxt8.cloudfront.net\/4\/2025\/08\/SBOT-Svaty-Jur-2025-95-1536x1024.webp 1536w, https:\/\/d2p6e6u75xmxt8.cloudfront.net\/4\/2025\/08\/SBOT-Svaty-Jur-2025-95-2048x1365.webp 2048w, https:\/\/d2p6e6u75xmxt8.cloudfront.net\/4\/2025\/08\/SBOT-Svaty-Jur-2025-95-1920x1280.webp 1920w, https:\/\/d2p6e6u75xmxt8.cloudfront.net\/4\/2025\/08\/SBOT-Svaty-Jur-2025-95-400x267.webp 400w, https:\/\/d2p6e6u75xmxt8.cloudfront.net\/4\/2025\/08\/SBOT-Svaty-Jur-2025-95-272x182.webp 272w, https:\/\/d2p6e6u75xmxt8.cloudfront.net\/4\/2025\/08\/SBOT-Svaty-Jur-2025-95-1920x1280.webp 1920w\" sizes=\"auto, (max-width: 2560px) 100vw, 2560px\" \/><\/a>\n\t\t\t<\/div><\/figure><figure class='gallery-item'>\n\t\t\t<div class='gallery-icon landscape'>\n\t\t\t\t<a href='https:\/\/d2p6e6u75xmxt8.cloudfront.net\/4\/2025\/08\/SBOT-Svaty-Jur-2025-125-scaled.webp'><img loading=\"lazy\" decoding=\"async\" width=\"2560\" height=\"1707\" src=\"https:\/\/d2p6e6u75xmxt8.cloudfront.net\/4\/2025\/08\/SBOT-Svaty-Jur-2025-125-scaled.webp\" class=\"attachment-full size-full\" alt=\"\" srcset=\"https:\/\/d2p6e6u75xmxt8.cloudfront.net\/4\/2025\/08\/SBOT-Svaty-Jur-2025-125-scaled.webp 2560w, https:\/\/d2p6e6u75xmxt8.cloudfront.net\/4\/2025\/08\/SBOT-Svaty-Jur-2025-125-300x200.webp 300w, https:\/\/d2p6e6u75xmxt8.cloudfront.net\/4\/2025\/08\/SBOT-Svaty-Jur-2025-125-1024x683.webp 1024w, https:\/\/d2p6e6u75xmxt8.cloudfront.net\/4\/2025\/08\/SBOT-Svaty-Jur-2025-125-768x512.webp 768w, https:\/\/d2p6e6u75xmxt8.cloudfront.net\/4\/2025\/08\/SBOT-Svaty-Jur-2025-125-1536x1024.webp 1536w, https:\/\/d2p6e6u75xmxt8.cloudfront.net\/4\/2025\/08\/SBOT-Svaty-Jur-2025-125-2048x1365.webp 2048w, https:\/\/d2p6e6u75xmxt8.cloudfront.net\/4\/2025\/08\/SBOT-Svaty-Jur-2025-125-1920x1280.webp 1920w, https:\/\/d2p6e6u75xmxt8.cloudfront.net\/4\/2025\/08\/SBOT-Svaty-Jur-2025-125-400x267.webp 400w, https:\/\/d2p6e6u75xmxt8.cloudfront.net\/4\/2025\/08\/SBOT-Svaty-Jur-2025-125-272x182.webp 272w, https:\/\/d2p6e6u75xmxt8.cloudfront.net\/4\/2025\/08\/SBOT-Svaty-Jur-2025-125-1920x1280.webp 1920w\" sizes=\"auto, (max-width: 2560px) 100vw, 2560px\" \/><\/a>\n\t\t\t<\/div><\/figure>\n\t\t<\/div>\n\n<p><span style=\"font-weight: 400;\">K\u00fdm sa oto\u010d\u00edm nasp\u00e4\u0165, pri\u017eenie sa nov\u00e1 vlna da\u017e\u010fa a ja som ve\u013emi rada, \u017ee t\u00fa vestu m\u00e1m na sebe. Rie\u0161enie oble\u010denia teda odklad\u00e1m na nesk\u00f4r.<\/span><\/p>\n<h2><span style=\"font-weight: 400;\"><strong>Kde s\u00fa v\u0161etci?<\/strong><\/span><\/h2>\n<p><span style=\"font-weight: 400;\"><strong>O 9:40 je \u0161tartovac\u00ed koridor skoro pr\u00e1zdny.<\/strong> Cyklisti s\u00fa pozaliezan\u00ed vo v\u00fdklenkoch domov a n\u00e1dvor\u00ed. Oz\u00fdva sa hrmenie a ulicou sa val\u00ed voda ako potokom. Na v\u00fdzvu moder\u00e1tora neochotne vyliezame z \u00fakrytov len p\u00e1r min\u00fat pred v\u00fdstrelom. <\/span><\/p>\n<p><span style=\"font-weight: 400;\">Na dlhej trati sme nakoniec dve \u017eeny a dokopy menej ne\u017e stovka stato\u010dn\u00fdch. Frfleme, \u017eartujeme, sna\u017e\u00edme sa doda\u0165 si odvahu a tie\u017e tak trochu d\u00fafame, \u017ee sa preteky pre nepriaze\u0148 po\u010dasia skr\u00e1tia na jeden okruh. To sa nestane a o 10:00 sa oz\u00fdva v\u00fdstrel presne pod\u013ea pl\u00e1nu.<\/span><\/p>\n<p><span style=\"font-weight: 400;\">S Jankou Keseg \u0160tevkovou e\u0161te prehod\u00edm p\u00e1r slov. Vrav\u00edm, \u017ee dnes p\u00f4jdem v\u00fdletn\u00fdm tempom a ona na to, \u017ee sa prid\u00e1 ku mne. <\/span><\/p>\n<p><span style=\"font-weight: 400;\">Na kratu\u010dk\u00fd moment jej to aj uver\u00edm a pote\u0161\u00edm sa, \u017ee nezostanem v tej b\u00farke sama. T\u00fadle!<strong> Janka m\u00e1 pretekanie zap\u00edsan\u00e9 v DNA a pri prvom n\u00e1klone asfaltky ma nech\u00e1va nemilosrdne za sebou. \ud83d\ude42<\/strong> V\u00f4bec mi to neprek\u00e1\u017ea, len sa pousmejem. Spravila by som na jej mieste to ist\u00e9.<\/span><\/p>\n<div data-rows=\"2\" id='gallery-2' class='gallery-rows-2 gallery galleryid-20723 gallery-columns-2 gallery-size-full'><figure class='gallery-item'>\n\t\t\t<div class='gallery-icon landscape'>\n\t\t\t\t<a href='https:\/\/d2p6e6u75xmxt8.cloudfront.net\/4\/2025\/08\/SBOT-Svaty-Jur-2025-141-scaled.webp'><img loading=\"lazy\" decoding=\"async\" width=\"2560\" height=\"1707\" src=\"https:\/\/d2p6e6u75xmxt8.cloudfront.net\/4\/2025\/08\/SBOT-Svaty-Jur-2025-141-scaled.webp\" class=\"attachment-full size-full\" alt=\"\" srcset=\"https:\/\/d2p6e6u75xmxt8.cloudfront.net\/4\/2025\/08\/SBOT-Svaty-Jur-2025-141-scaled.webp 2560w, https:\/\/d2p6e6u75xmxt8.cloudfront.net\/4\/2025\/08\/SBOT-Svaty-Jur-2025-141-300x200.webp 300w, https:\/\/d2p6e6u75xmxt8.cloudfront.net\/4\/2025\/08\/SBOT-Svaty-Jur-2025-141-1024x683.webp 1024w, https:\/\/d2p6e6u75xmxt8.cloudfront.net\/4\/2025\/08\/SBOT-Svaty-Jur-2025-141-768x512.webp 768w, https:\/\/d2p6e6u75xmxt8.cloudfront.net\/4\/2025\/08\/SBOT-Svaty-Jur-2025-141-1536x1024.webp 1536w, https:\/\/d2p6e6u75xmxt8.cloudfront.net\/4\/2025\/08\/SBOT-Svaty-Jur-2025-141-2048x1365.webp 2048w, https:\/\/d2p6e6u75xmxt8.cloudfront.net\/4\/2025\/08\/SBOT-Svaty-Jur-2025-141-1920x1280.webp 1920w, https:\/\/d2p6e6u75xmxt8.cloudfront.net\/4\/2025\/08\/SBOT-Svaty-Jur-2025-141-400x267.webp 400w, https:\/\/d2p6e6u75xmxt8.cloudfront.net\/4\/2025\/08\/SBOT-Svaty-Jur-2025-141-272x182.webp 272w, https:\/\/d2p6e6u75xmxt8.cloudfront.net\/4\/2025\/08\/SBOT-Svaty-Jur-2025-141-1920x1280.webp 1920w\" sizes=\"auto, (max-width: 2560px) 100vw, 2560px\" \/><\/a>\n\t\t\t<\/div><\/figure><figure class='gallery-item'>\n\t\t\t<div class='gallery-icon landscape'>\n\t\t\t\t<a href='https:\/\/d2p6e6u75xmxt8.cloudfront.net\/4\/2025\/08\/SBOT-Svaty-Jur-2025-148-scaled.webp'><img loading=\"lazy\" decoding=\"async\" width=\"2560\" height=\"1707\" src=\"https:\/\/d2p6e6u75xmxt8.cloudfront.net\/4\/2025\/08\/SBOT-Svaty-Jur-2025-148-scaled.webp\" class=\"attachment-full size-full\" alt=\"\" srcset=\"https:\/\/d2p6e6u75xmxt8.cloudfront.net\/4\/2025\/08\/SBOT-Svaty-Jur-2025-148-scaled.webp 2560w, https:\/\/d2p6e6u75xmxt8.cloudfront.net\/4\/2025\/08\/SBOT-Svaty-Jur-2025-148-300x200.webp 300w, https:\/\/d2p6e6u75xmxt8.cloudfront.net\/4\/2025\/08\/SBOT-Svaty-Jur-2025-148-1024x683.webp 1024w, https:\/\/d2p6e6u75xmxt8.cloudfront.net\/4\/2025\/08\/SBOT-Svaty-Jur-2025-148-768x512.webp 768w, https:\/\/d2p6e6u75xmxt8.cloudfront.net\/4\/2025\/08\/SBOT-Svaty-Jur-2025-148-1536x1024.webp 1536w, https:\/\/d2p6e6u75xmxt8.cloudfront.net\/4\/2025\/08\/SBOT-Svaty-Jur-2025-148-2048x1365.webp 2048w, https:\/\/d2p6e6u75xmxt8.cloudfront.net\/4\/2025\/08\/SBOT-Svaty-Jur-2025-148-1920x1280.webp 1920w, https:\/\/d2p6e6u75xmxt8.cloudfront.net\/4\/2025\/08\/SBOT-Svaty-Jur-2025-148-400x267.webp 400w, https:\/\/d2p6e6u75xmxt8.cloudfront.net\/4\/2025\/08\/SBOT-Svaty-Jur-2025-148-272x182.webp 272w, https:\/\/d2p6e6u75xmxt8.cloudfront.net\/4\/2025\/08\/SBOT-Svaty-Jur-2025-148-1920x1280.webp 1920w\" sizes=\"auto, (max-width: 2560px) 100vw, 2560px\" \/><\/a>\n\t\t\t<\/div><\/figure>\n\t\t<\/div>\n        \n<p><span style=\"font-weight: 400;\">Prv\u00e9 kolo ods\u00fdpa pomerne dobre. <strong>Neprest\u00e1va pr\u0161a\u0165, ale blato nie je lepiv\u00e9.<\/strong> U\u017e som za\u017eila aj hor\u0161ie situ\u00e1cie. Trochu sa ob\u00e1vam, \u010di moja elektrick\u00e1 prehadzova\u010dka vydr\u017e\u00ed prejazdy cez hlbok\u00e9 kalu\u017ee, ale a\u017e na ob\u010dasn\u00e9 v\u0155zganie a \u0161\u00fachanie kot\u00fa\u010dov bicykel funguje ako m\u00e1.<\/span><\/p>\n<p><span style=\"font-weight: 400;\">V druhom zjazde, na asi dvadsiatom kilometri, kone\u010dne obieham nieko\u013eko jazdcov s opatrnej\u0161\u00edm pr\u00edstupom k \u017eivotu. Je to \u0161irok\u00e1 lesn\u00e1 cesta, ktor\u00fa pret\u00ednaj\u00fa odvod\u0148ovacie kan\u00e1le. <\/span><\/p>\n<p><span style=\"font-weight: 400;\">Nie je to technick\u00fd zjazd, ale uvo\u013enen\u00e9 ostr\u00e9 skaly vzbudzuj\u00fa re\u0161pekt. STRAVA segment hl\u00e1si max speed 58 km\/h. <strong>M\u00f4j cie\u013e nepr\u00eds\u0165 posledn\u00e1 sa mi zrejme podar\u00ed splni\u0165. U\u017e len aby som pri\u0161la cel\u00e1&#8230;<\/strong><\/span><\/p>\n<h2 data-start=\"173\" data-end=\"226\"><strong>Blatist\u00e9 \u00faseky, technick\u00e9 pasce a vlastn\u00e9 limity<\/strong><\/h2>\n<p><span style=\"font-weight: 400;\">V druhom kole sa u\u017e i\u0161lo o poznanie \u0165a\u017e\u0161ie. Bolo mi celkom fuk, \u010di e\u0161te st\u00e1le pr\u0161\u00ed, alebo u\u017e nie. Karty boli rozdan\u00e9 a cesty podmo\u010den\u00e9 tak d\u00f4kladne, \u017ee na niektor\u00fdch \u00fasekoch som mala \u010do robi\u0165, aby som sa h\u00fdbala s bicyklom aj smerom dopredu, nielen do str\u00e1n. <\/span><\/p>\n<p><span style=\"font-weight: 400;\">Vycvakn\u00fa\u0165 nohu z ped\u00e1lov som naozaj nechcela. <strong>U\u017e len to mi ch\u00fdbalo, aby som sa zaborila po \u010dlenky do \u201e\u010dokol\u00e1dy\u201c a nevedela sa op\u00e4\u0165 nacvakn\u00fa\u0165.<\/strong> Miestami to teda bola sk\u00f4r lekcia z tane\u010dnej \u0161koly ne\u017e bicyklovanie. Ale ja som bola v\u010fa\u010dn\u00e1, \u017ee m\u00f4\u017eem. <\/span><\/p>\n<p><span style=\"font-weight: 400;\">Vlastne nie \u2013 ja som bola v\u010fa\u010dn\u00e1, \u017ee mus\u00edm! \ud83d\ude42 Keby nebolo pretekov, ur\u010dite by som zostala doma. \u201eZvonka\u201c to mo\u017eno vyzeralo ako Mordor, ale v skuto\u010dnosti bolo pr\u00edjemn\u00fdch 21 <\/span><span style=\"font-weight: 400;\">\u00b0<\/span><span style=\"font-weight: 400;\">C a keby nebolo blato, \u0161m\u00fdkalo by sa kv\u00f4li prachu. Pra\u0161\u0165 jak uho\u010f. <\/span><\/p>\n<p><span style=\"font-weight: 400;\">Les bol n\u00e1dhern\u00fd, miestami tajuplne temn\u00fd. Skupina Buty by o tom mohla naspieva\u0165 pesni\u010dku. Jedn\u00fdm slovom \u2013 pr\u00e1ve mi nast\u00fapila do krvn\u00e9ho obehu gluk\u00f3za a frukt\u00f3za v pomere 2:1 a ja som sa doj\u00edmala nad kr\u00e1sou nebeskou&#8230;<\/span><\/p>\n<p><a href=\"https:\/\/d2p6e6u75xmxt8.cloudfront.net\/4\/2025\/08\/SBOT-Svaty-Jur-2025-233-scaled.webp\"><img loading=\"lazy\" decoding=\"async\" class=\"alignnone size-extra-large wp-image-20733\" src=\"https:\/\/d2p6e6u75xmxt8.cloudfront.net\/4\/2025\/08\/SBOT-Svaty-Jur-2025-233-1920x1280.webp\" alt=\"\" width=\"1920\" height=\"1280\" srcset=\"https:\/\/d2p6e6u75xmxt8.cloudfront.net\/4\/2025\/08\/SBOT-Svaty-Jur-2025-233-1920x1280.webp 1920w, https:\/\/d2p6e6u75xmxt8.cloudfront.net\/4\/2025\/08\/SBOT-Svaty-Jur-2025-233-300x200.webp 300w, https:\/\/d2p6e6u75xmxt8.cloudfront.net\/4\/2025\/08\/SBOT-Svaty-Jur-2025-233-1024x683.webp 1024w, https:\/\/d2p6e6u75xmxt8.cloudfront.net\/4\/2025\/08\/SBOT-Svaty-Jur-2025-233-768x512.webp 768w, https:\/\/d2p6e6u75xmxt8.cloudfront.net\/4\/2025\/08\/SBOT-Svaty-Jur-2025-233-1536x1024.webp 1536w, https:\/\/d2p6e6u75xmxt8.cloudfront.net\/4\/2025\/08\/SBOT-Svaty-Jur-2025-233-2048x1365.webp 2048w, https:\/\/d2p6e6u75xmxt8.cloudfront.net\/4\/2025\/08\/SBOT-Svaty-Jur-2025-233-400x267.webp 400w, https:\/\/d2p6e6u75xmxt8.cloudfront.net\/4\/2025\/08\/SBOT-Svaty-Jur-2025-233-272x182.webp 272w, https:\/\/d2p6e6u75xmxt8.cloudfront.net\/4\/2025\/08\/SBOT-Svaty-Jur-2025-233-1920x1280.webp 1920w\" sizes=\"auto, (max-width: 1920px) 100vw, 1920px\" \/><\/a><\/p>\n<p><span style=\"font-weight: 400;\">Vytriezvenie pri\u0161lo v posledn\u00fdch kilometroch. Zjazdujete takmer a\u017e do Sv\u00e4t\u00e9ho Jura, vid\u00edte dom\u010deky, cie\u013e m\u00e1te na dosah\u2026 A zrazu na v\u00e1s m\u00e1vaj\u00fa regulov\u010d\u00edci a odkl\u00e1\u0148aj\u00fa v\u00e1s nasp\u00e4\u0165 do lesa k posledn\u00fdm dvom kilometrom st\u00fapania. <\/span><\/p>\n<p><span style=\"font-weight: 400;\"><strong>Tesne predt\u00fdm, ne\u017e som si stihla uvedomi\u0165 t\u00fato zradu, mi e\u0161te spod kolesa vystrelila skala a prerazila ochrann\u00fa f\u00f3liu na r\u00e1me.<\/strong> Ten zvuk ma zabolel v pe\u0148a\u017eenke. A to pr\u00e1ve vo chv\u00edli, ke\u010f som rie\u0161ila, \u010di potrebujem prostredn\u00edky viac na dr\u017eanie riad\u00edtok, alebo na ma\u010dkanie brzdovej p\u00e1\u010dky, lebo ukazov\u00e1ky u\u017e vypovedali slu\u017ebu. V \u017eivote s\u00fa skr\u00e1tka situ\u00e1cie, kedy \u010dlovek potrebuje viac prostredn\u00edkov.<\/span><\/p>\n<h2><strong>Dojazd do cie\u013ea, v\u00fdsledky a dojmy z pretekov<\/strong><\/h2>\n<p><span style=\"font-weight: 400;\">Na z\u00e1ver e\u0161te jedno pozit\u00edvum upr\u0161an\u00e9mo ro\u010dn\u00edka \u2013 lok\u00e1lna demola\u010dn\u00e1 \u010data, ktor\u00e1 ob\u010das zvykne strh\u00e1va\u0165 p\u00e1sky e\u0161te pred pretekmi, sa nedostavila. To bolo ve\u013emi fajn, ke\u010f\u017ee m\u00f4j cyklopo\u010d\u00edta\u010d sa zasekol na tej najmenej d\u00f4le\u017eitej obrazovke. <\/span><\/p>\n<p><span style=\"font-weight: 400;\">Vytrvalo mi po\u010das cel\u00fdch pretekov hl\u00e1sil len to, \u017ee nem\u00e1m pripojen\u00fd wattmeter (namiesto ukazovania smeru jazdy). Okrem p\u00e1sok na stromoch bolo na trati ve\u013ea dobre naladen\u00fdch regulov\u010d\u00edkov, regulov\u010d\u00ed\u010dok a regulov\u010diatok, ktor\u00ed sa starali o na\u0161u bezpe\u010dnos\u0165 a orient\u00e1ciu.<\/span><\/p>\n<div data-rows=\"2\" id='gallery-3' class='gallery-rows-2 gallery galleryid-20723 gallery-columns-2 gallery-size-full'><figure class='gallery-item'>\n\t\t\t<div class='gallery-icon landscape'>\n\t\t\t\t<a href='https:\/\/d2p6e6u75xmxt8.cloudfront.net\/4\/2025\/08\/SBOT-Svaty-Jur-2025-442-scaled.webp'><img loading=\"lazy\" decoding=\"async\" width=\"2560\" height=\"1707\" src=\"https:\/\/d2p6e6u75xmxt8.cloudfront.net\/4\/2025\/08\/SBOT-Svaty-Jur-2025-442-scaled.webp\" class=\"attachment-full size-full\" alt=\"\" srcset=\"https:\/\/d2p6e6u75xmxt8.cloudfront.net\/4\/2025\/08\/SBOT-Svaty-Jur-2025-442-scaled.webp 2560w, https:\/\/d2p6e6u75xmxt8.cloudfront.net\/4\/2025\/08\/SBOT-Svaty-Jur-2025-442-300x200.webp 300w, https:\/\/d2p6e6u75xmxt8.cloudfront.net\/4\/2025\/08\/SBOT-Svaty-Jur-2025-442-1024x683.webp 1024w, https:\/\/d2p6e6u75xmxt8.cloudfront.net\/4\/2025\/08\/SBOT-Svaty-Jur-2025-442-768x512.webp 768w, https:\/\/d2p6e6u75xmxt8.cloudfront.net\/4\/2025\/08\/SBOT-Svaty-Jur-2025-442-1536x1024.webp 1536w, https:\/\/d2p6e6u75xmxt8.cloudfront.net\/4\/2025\/08\/SBOT-Svaty-Jur-2025-442-2048x1365.webp 2048w, https:\/\/d2p6e6u75xmxt8.cloudfront.net\/4\/2025\/08\/SBOT-Svaty-Jur-2025-442-1920x1280.webp 1920w, https:\/\/d2p6e6u75xmxt8.cloudfront.net\/4\/2025\/08\/SBOT-Svaty-Jur-2025-442-400x267.webp 400w, https:\/\/d2p6e6u75xmxt8.cloudfront.net\/4\/2025\/08\/SBOT-Svaty-Jur-2025-442-272x182.webp 272w, https:\/\/d2p6e6u75xmxt8.cloudfront.net\/4\/2025\/08\/SBOT-Svaty-Jur-2025-442-1920x1280.webp 1920w\" sizes=\"auto, (max-width: 2560px) 100vw, 2560px\" \/><\/a>\n\t\t\t<\/div><\/figure><figure class='gallery-item'>\n\t\t\t<div class='gallery-icon landscape'>\n\t\t\t\t<a href='https:\/\/d2p6e6u75xmxt8.cloudfront.net\/4\/2025\/08\/SBOT-Svaty-Jur-2025-484-scaled.webp'><img loading=\"lazy\" decoding=\"async\" width=\"2560\" height=\"1707\" src=\"https:\/\/d2p6e6u75xmxt8.cloudfront.net\/4\/2025\/08\/SBOT-Svaty-Jur-2025-484-scaled.webp\" class=\"attachment-full size-full\" alt=\"\" srcset=\"https:\/\/d2p6e6u75xmxt8.cloudfront.net\/4\/2025\/08\/SBOT-Svaty-Jur-2025-484-scaled.webp 2560w, https:\/\/d2p6e6u75xmxt8.cloudfront.net\/4\/2025\/08\/SBOT-Svaty-Jur-2025-484-300x200.webp 300w, https:\/\/d2p6e6u75xmxt8.cloudfront.net\/4\/2025\/08\/SBOT-Svaty-Jur-2025-484-1024x683.webp 1024w, https:\/\/d2p6e6u75xmxt8.cloudfront.net\/4\/2025\/08\/SBOT-Svaty-Jur-2025-484-768x512.webp 768w, https:\/\/d2p6e6u75xmxt8.cloudfront.net\/4\/2025\/08\/SBOT-Svaty-Jur-2025-484-1536x1024.webp 1536w, https:\/\/d2p6e6u75xmxt8.cloudfront.net\/4\/2025\/08\/SBOT-Svaty-Jur-2025-484-2048x1365.webp 2048w, https:\/\/d2p6e6u75xmxt8.cloudfront.net\/4\/2025\/08\/SBOT-Svaty-Jur-2025-484-1920x1280.webp 1920w, https:\/\/d2p6e6u75xmxt8.cloudfront.net\/4\/2025\/08\/SBOT-Svaty-Jur-2025-484-400x267.webp 400w, https:\/\/d2p6e6u75xmxt8.cloudfront.net\/4\/2025\/08\/SBOT-Svaty-Jur-2025-484-272x182.webp 272w, https:\/\/d2p6e6u75xmxt8.cloudfront.net\/4\/2025\/08\/SBOT-Svaty-Jur-2025-484-1920x1280.webp 1920w\" sizes=\"auto, (max-width: 2560px) 100vw, 2560px\" \/><\/a>\n\t\t\t<\/div><\/figure>\n\t\t<\/div>\n        \n<p><span style=\"font-weight: 400;\">V cieli som zamierila rovno k vapk\u00e1m. Je to u\u017e tak\u00fd \u0161tandard, bez ktor\u00e9ho si neviem predstavi\u0165 \u017eiadne seri\u00f3zne preteky a tentokr\u00e1t padli naozaj vhod. Vyhlasovanie v\u00fdsledkov sa za\u010dalo pr\u00e1ve vtedy, ke\u010f som sa aj ja kone\u010dne dostala do sprchy. <\/span><\/p>\n<p><span style=\"font-weight: 400;\"><strong>P\u00f3dium-nep\u00f3dium, po vy\u0161e 4 hodin\u00e1ch na trati bola priorita obliec\u0165 si such\u00e9 pr\u00e1dlo a naplni\u0165 \u017eal\u00fadok.<\/strong> Asi prv\u00fdkr\u00e1t som bola v\u010fa\u010dn\u00e1 za v\u0161etky tie kateg\u00f3rie, ktor\u00e9 sa oce\u0148uj\u00fa, lebo posledn\u00fd hlt polievky som dojedla v momente, ke\u010f ma volali prevzia\u0165 si cenu za 2. miesto.<\/span><\/p>\n<p><a href=\"https:\/\/d2p6e6u75xmxt8.cloudfront.net\/4\/2025\/08\/SBOT-Svaty-Jur-2025-514-scaled.webp\"><img loading=\"lazy\" decoding=\"async\" class=\"alignnone size-extra-large wp-image-20734\" src=\"https:\/\/d2p6e6u75xmxt8.cloudfront.net\/4\/2025\/08\/SBOT-Svaty-Jur-2025-514-1920x1293.webp\" alt=\"\" width=\"1920\" height=\"1293\" srcset=\"https:\/\/d2p6e6u75xmxt8.cloudfront.net\/4\/2025\/08\/SBOT-Svaty-Jur-2025-514-1920x1293.webp 1920w, https:\/\/d2p6e6u75xmxt8.cloudfront.net\/4\/2025\/08\/SBOT-Svaty-Jur-2025-514-300x202.webp 300w, https:\/\/d2p6e6u75xmxt8.cloudfront.net\/4\/2025\/08\/SBOT-Svaty-Jur-2025-514-1024x689.webp 1024w, https:\/\/d2p6e6u75xmxt8.cloudfront.net\/4\/2025\/08\/SBOT-Svaty-Jur-2025-514-768x517.webp 768w, https:\/\/d2p6e6u75xmxt8.cloudfront.net\/4\/2025\/08\/SBOT-Svaty-Jur-2025-514-1536x1034.webp 1536w, https:\/\/d2p6e6u75xmxt8.cloudfront.net\/4\/2025\/08\/SBOT-Svaty-Jur-2025-514-2048x1379.webp 2048w, https:\/\/d2p6e6u75xmxt8.cloudfront.net\/4\/2025\/08\/SBOT-Svaty-Jur-2025-514-400x269.webp 400w, https:\/\/d2p6e6u75xmxt8.cloudfront.net\/4\/2025\/08\/SBOT-Svaty-Jur-2025-514-272x182.webp 272w, https:\/\/d2p6e6u75xmxt8.cloudfront.net\/4\/2025\/08\/SBOT-Svaty-Jur-2025-514-1920x1293.webp 1920w\" sizes=\"auto, (max-width: 1920px) 100vw, 1920px\" \/><\/a><\/p>\n<p><span style=\"font-weight: 400;\">Prv\u00e1 bola, ako inak, <strong>Janka Keseg \u0160tevkov\u00e1<\/strong> a z mu\u017eov vyhral <strong>Karel Hartl<\/strong>.<\/span><\/p>\n<p><span style=\"font-weight: 400;\">Kompletn\u00e9 v\u00fdsledky n\u00e1jdete na <\/span><a href=\"https:\/\/vysledky.sportsoft.cz\/race\/540\" target=\"_blank\" rel=\"noopener\"><span style=\"font-weight: 400;\">tomto odkaze<\/span><\/a><span style=\"font-weight: 400;\">.<\/span><\/p>\n","protected":false},"excerpt":{"rendered":"<p>Sv\u00e4tojursk\u00fd MTB Marat\u00f3n u\u017e tradi\u010dne otv\u00e1ra sez\u00f3nu cross country marat\u00f3nov na Slovensku. Po zimn\u00fdch mesiacoch a \u010derstvo roztopenom snehu sa [&hellip;]<\/p>\n","protected":false},"author":191,"featured_media":20741,"comment_status":"closed","ping_status":"closed","sticky":false,"template":"","format":"standard","meta":{"footnotes":""},"categories":[38,33],"tags":[559,619,951,546,180,566,178,767,412,1643,1009,35,360,40,55],"global-categories":[1074],"class_list":["post-20723","post","type-post","status-publish","format-standard","has-post-thumbnail","hentry","category-reportaz","category-sbot","tag-bicykel","tag-bicyklovanie","tag-blato","tag-cyklistika","tag-horska-cyklistika","tag-leto","tag-maraton","tag-motivacia","tag-mtb","tag-sezona-2025","tag-skoda-auto","tag-sbot","tag-skoda-svatojursky-mtb-maraton","tag-svaty-jur","tag-trening","global-categories-cycling"],"yoast_head":"<!-- This site is optimized with the Yoast SEO Premium plugin v25.3 (Yoast SEO v25.9) - https:\/\/yoast.com\/wordpress\/plugins\/seo\/ -->\n<title>\u0160koda Sv\u00e4tojursk\u00fd MTB Marat\u00f3n a blato s\u00fa nerozlu\u010dn\u00e1 dvojka<\/title>\n<meta name=\"description\" content=\"Ako dopadol tento ro\u010dn\u00fd presunut\u00fd Sv\u00e4tojursk\u00fd marat\u00f3n a pre\u010do sa oplatilo pr\u00eds\u0165 napriek nepriazni po\u010dasia?\" \/>\n<meta name=\"robots\" content=\"index, follow, max-snippet:-1, max-image-preview:large, max-video-preview:-1\" \/>\n<link rel=\"canonical\" href=\"https:\/\/www.welovecycling.com\/sk\/2025\/07\/31\/reportaz-skoda-svatojursky-mtb-maraton-a-blato-su-nerozlucna-dvojka\/\" \/>\n<meta property=\"og:locale\" content=\"sk_SK\" \/>\n<meta property=\"og:type\" content=\"article\" \/>\n<meta property=\"og:title\" content=\"Report\u00e1\u017e: \u0160koda Sv\u00e4tojursk\u00fd MTB Marat\u00f3n a blato s\u00fa nerozlu\u010dn\u00e1 dvojka\" \/>\n<meta property=\"og:description\" content=\"Ako dopadol tento ro\u010dn\u00fd presunut\u00fd Sv\u00e4tojursk\u00fd marat\u00f3n a pre\u010do sa oplatilo pr\u00eds\u0165 napriek nepriazni po\u010dasia?\" \/>\n<meta property=\"og:url\" content=\"https:\/\/www.welovecycling.com\/sk\/2025\/07\/31\/reportaz-skoda-svatojursky-mtb-maraton-a-blato-su-nerozlucna-dvojka\/\" \/>\n<meta property=\"og:site_name\" content=\"\u0160koda We Love Cycling Slovensko\" \/>\n<meta property=\"article:published_time\" content=\"2025-07-31T19:00:38+00:00\" \/>\n<meta property=\"article:modified_time\" content=\"2025-08-01T10:27:47+00:00\" \/>\n<meta property=\"og:image\" content=\"https:\/\/d2p6e6u75xmxt8.cloudfront.net\/4\/2025\/07\/SBOT-Svaty-Jur-2025-67-scaled.webp\" \/>\n\t<meta property=\"og:image:width\" content=\"2560\" \/>\n\t<meta property=\"og:image:height\" content=\"1707\" \/>\n\t<meta property=\"og:image:type\" content=\"image\/webp\" \/>\n<meta name=\"author\" content=\"michal\" \/>\n<meta name=\"twitter:card\" content=\"summary_large_image\" \/>\n<meta name=\"twitter:label1\" content=\"Written by\" \/>\n\t<meta name=\"twitter:data1\" content=\"Bianka Baba\u010dov\u00e1, WLRMcc\" \/>\n\t<meta name=\"twitter:label2\" content=\"Est. reading time\" \/>\n\t<meta name=\"twitter:data2\" content=\"4\" \/>\n<script type=\"application\/ld+json\" class=\"yoast-schema-graph\">{\"@context\":\"https:\/\/schema.org\",\"@graph\":[{\"@type\":\"WebPage\",\"@id\":\"https:\/\/www.welovecycling.com\/sk\/2025\/07\/31\/reportaz-skoda-svatojursky-mtb-maraton-a-blato-su-nerozlucna-dvojka\/\",\"url\":\"https:\/\/www.welovecycling.com\/sk\/2025\/07\/31\/reportaz-skoda-svatojursky-mtb-maraton-a-blato-su-nerozlucna-dvojka\/\",\"name\":\"\u0160koda Sv\u00e4tojursk\u00fd MTB Marat\u00f3n a blato s\u00fa nerozlu\u010dn\u00e1 dvojka\",\"isPartOf\":{\"@id\":\"https:\/\/www.welovecycling.com\/sk\/#website\"},\"primaryImageOfPage\":{\"@id\":\"https:\/\/www.welovecycling.com\/sk\/2025\/07\/31\/reportaz-skoda-svatojursky-mtb-maraton-a-blato-su-nerozlucna-dvojka\/#primaryimage\"},\"image\":{\"@id\":\"https:\/\/www.welovecycling.com\/sk\/2025\/07\/31\/reportaz-skoda-svatojursky-mtb-maraton-a-blato-su-nerozlucna-dvojka\/#primaryimage\"},\"thumbnailUrl\":\"https:\/\/d2p6e6u75xmxt8.cloudfront.net\/4\/2025\/07\/SBOT-Svaty-Jur-2025-67-scaled.webp\",\"datePublished\":\"2025-07-31T19:00:38+00:00\",\"dateModified\":\"2025-08-01T10:27:47+00:00\",\"author\":{\"@id\":\"https:\/\/www.welovecycling.com\/sk\/#\/schema\/person\/45e989de48eace55eb338c027dc5a65e\"},\"description\":\"Ako dopadol tento ro\u010dn\u00fd presunut\u00fd Sv\u00e4tojursk\u00fd marat\u00f3n a pre\u010do sa oplatilo pr\u00eds\u0165 napriek nepriazni po\u010dasia?\",\"breadcrumb\":{\"@id\":\"https:\/\/www.welovecycling.com\/sk\/2025\/07\/31\/reportaz-skoda-svatojursky-mtb-maraton-a-blato-su-nerozlucna-dvojka\/#breadcrumb\"},\"inLanguage\":\"sk-SK\",\"potentialAction\":[{\"@type\":\"ReadAction\",\"target\":[\"https:\/\/www.welovecycling.com\/sk\/2025\/07\/31\/reportaz-skoda-svatojursky-mtb-maraton-a-blato-su-nerozlucna-dvojka\/\"]}]},{\"@type\":\"ImageObject\",\"inLanguage\":\"sk-SK\",\"@id\":\"https:\/\/www.welovecycling.com\/sk\/2025\/07\/31\/reportaz-skoda-svatojursky-mtb-maraton-a-blato-su-nerozlucna-dvojka\/#primaryimage\",\"url\":\"https:\/\/d2p6e6u75xmxt8.cloudfront.net\/4\/2025\/07\/SBOT-Svaty-Jur-2025-67-scaled.webp\",\"contentUrl\":\"https:\/\/d2p6e6u75xmxt8.cloudfront.net\/4\/2025\/07\/SBOT-Svaty-Jur-2025-67-scaled.webp\",\"width\":2560,\"height\":1707},{\"@type\":\"BreadcrumbList\",\"@id\":\"https:\/\/www.welovecycling.com\/sk\/2025\/07\/31\/reportaz-skoda-svatojursky-mtb-maraton-a-blato-su-nerozlucna-dvojka\/#breadcrumb\",\"itemListElement\":[{\"@type\":\"ListItem\",\"position\":1,\"name\":\"Home\",\"item\":\"https:\/\/www.welovecycling.com\/sk\/\"},{\"@type\":\"ListItem\",\"position\":2,\"name\":\"Report\u00e1\u017e: \u0160koda Sv\u00e4tojursk\u00fd MTB Marat\u00f3n a blato s\u00fa nerozlu\u010dn\u00e1 dvojka\"}]},{\"@type\":\"WebSite\",\"@id\":\"https:\/\/www.welovecycling.com\/sk\/#website\",\"url\":\"https:\/\/www.welovecycling.com\/sk\/\",\"name\":\"\u0160koda We Love Cycling Slovensko\",\"description\":\"\u0160koda We Love Cycling Slovensko je v\u00e1\u0161 ka\u017edodenn\u00fd zdroj noviniek a in\u0161pir\u00e1cie z sveta cyklistiky\",\"potentialAction\":[{\"@type\":\"SearchAction\",\"target\":{\"@type\":\"EntryPoint\",\"urlTemplate\":\"https:\/\/www.welovecycling.com\/sk\/?s={search_term_string}\"},\"query-input\":{\"@type\":\"PropertyValueSpecification\",\"valueRequired\":true,\"valueName\":\"search_term_string\"}}],\"inLanguage\":\"sk-SK\"},{\"@type\":\"Person\",\"@id\":\"https:\/\/www.welovecycling.com\/sk\/#\/schema\/person\/45e989de48eace55eb338c027dc5a65e\",\"name\":\"michal\",\"image\":{\"@type\":\"ImageObject\",\"inLanguage\":\"sk-SK\",\"@id\":\"https:\/\/www.welovecycling.com\/sk\/#\/schema\/person\/image\/\",\"url\":\"https:\/\/secure.gravatar.com\/avatar\/7f8deb1af8506a5f53d1b779436f546bce1c8c40c09780107ad3811c7dc4bbcb?s=96&d=mm&r=g\",\"contentUrl\":\"https:\/\/secure.gravatar.com\/avatar\/7f8deb1af8506a5f53d1b779436f546bce1c8c40c09780107ad3811c7dc4bbcb?s=96&d=mm&r=g\",\"caption\":\"michal\"},\"url\":\"https:\/\/www.welovecycling.com\/sk\/author\/michal\/\"}]}<\/script>\n<!-- \/ Yoast SEO Premium plugin. -->","yoast_head_json":{"title":"\u0160koda Sv\u00e4tojursk\u00fd MTB Marat\u00f3n a blato s\u00fa nerozlu\u010dn\u00e1 dvojka","description":"Ako dopadol tento ro\u010dn\u00fd presunut\u00fd Sv\u00e4tojursk\u00fd marat\u00f3n a pre\u010do sa oplatilo pr\u00eds\u0165 napriek nepriazni po\u010dasia?","robots":{"index":"index","follow":"follow","max-snippet":"max-snippet:-1","max-image-preview":"max-image-preview:large","max-video-preview":"max-video-preview:-1"},"canonical":"https:\/\/www.welovecycling.com\/sk\/2025\/07\/31\/reportaz-skoda-svatojursky-mtb-maraton-a-blato-su-nerozlucna-dvojka\/","og_locale":"sk_SK","og_type":"article","og_title":"Report\u00e1\u017e: \u0160koda Sv\u00e4tojursk\u00fd MTB Marat\u00f3n a blato s\u00fa nerozlu\u010dn\u00e1 dvojka","og_description":"Ako dopadol tento ro\u010dn\u00fd presunut\u00fd Sv\u00e4tojursk\u00fd marat\u00f3n a pre\u010do sa oplatilo pr\u00eds\u0165 napriek nepriazni po\u010dasia?","og_url":"https:\/\/www.welovecycling.com\/sk\/2025\/07\/31\/reportaz-skoda-svatojursky-mtb-maraton-a-blato-su-nerozlucna-dvojka\/","og_site_name":"\u0160koda We Love Cycling Slovensko","article_published_time":"2025-07-31T19:00:38+00:00","article_modified_time":"2025-08-01T10:27:47+00:00","og_image":[{"width":2560,"height":1707,"url":"https:\/\/d2p6e6u75xmxt8.cloudfront.net\/4\/2025\/07\/SBOT-Svaty-Jur-2025-67-scaled.webp","type":"image\/webp"}],"author":"michal","twitter_card":"summary_large_image","twitter_misc":{"Written by":"Bianka Baba\u010dov\u00e1, WLRMcc","Est. reading time":"4"},"schema":{"@context":"https:\/\/schema.org","@graph":[{"@type":"WebPage","@id":"https:\/\/www.welovecycling.com\/sk\/2025\/07\/31\/reportaz-skoda-svatojursky-mtb-maraton-a-blato-su-nerozlucna-dvojka\/","url":"https:\/\/www.welovecycling.com\/sk\/2025\/07\/31\/reportaz-skoda-svatojursky-mtb-maraton-a-blato-su-nerozlucna-dvojka\/","name":"\u0160koda Sv\u00e4tojursk\u00fd MTB Marat\u00f3n a blato s\u00fa nerozlu\u010dn\u00e1 dvojka","isPartOf":{"@id":"https:\/\/www.welovecycling.com\/sk\/#website"},"primaryImageOfPage":{"@id":"https:\/\/www.welovecycling.com\/sk\/2025\/07\/31\/reportaz-skoda-svatojursky-mtb-maraton-a-blato-su-nerozlucna-dvojka\/#primaryimage"},"image":{"@id":"https:\/\/www.welovecycling.com\/sk\/2025\/07\/31\/reportaz-skoda-svatojursky-mtb-maraton-a-blato-su-nerozlucna-dvojka\/#primaryimage"},"thumbnailUrl":"https:\/\/d2p6e6u75xmxt8.cloudfront.net\/4\/2025\/07\/SBOT-Svaty-Jur-2025-67-scaled.webp","datePublished":"2025-07-31T19:00:38+00:00","dateModified":"2025-08-01T10:27:47+00:00","author":{"@id":"https:\/\/www.welovecycling.com\/sk\/#\/schema\/person\/45e989de48eace55eb338c027dc5a65e"},"description":"Ako dopadol tento ro\u010dn\u00fd presunut\u00fd Sv\u00e4tojursk\u00fd marat\u00f3n a pre\u010do sa oplatilo pr\u00eds\u0165 napriek nepriazni po\u010dasia?","breadcrumb":{"@id":"https:\/\/www.welovecycling.com\/sk\/2025\/07\/31\/reportaz-skoda-svatojursky-mtb-maraton-a-blato-su-nerozlucna-dvojka\/#breadcrumb"},"inLanguage":"sk-SK","potentialAction":[{"@type":"ReadAction","target":["https:\/\/www.welovecycling.com\/sk\/2025\/07\/31\/reportaz-skoda-svatojursky-mtb-maraton-a-blato-su-nerozlucna-dvojka\/"]}]},{"@type":"ImageObject","inLanguage":"sk-SK","@id":"https:\/\/www.welovecycling.com\/sk\/2025\/07\/31\/reportaz-skoda-svatojursky-mtb-maraton-a-blato-su-nerozlucna-dvojka\/#primaryimage","url":"https:\/\/d2p6e6u75xmxt8.cloudfront.net\/4\/2025\/07\/SBOT-Svaty-Jur-2025-67-scaled.webp","contentUrl":"https:\/\/d2p6e6u75xmxt8.cloudfront.net\/4\/2025\/07\/SBOT-Svaty-Jur-2025-67-scaled.webp","width":2560,"height":1707},{"@type":"BreadcrumbList","@id":"https:\/\/www.welovecycling.com\/sk\/2025\/07\/31\/reportaz-skoda-svatojursky-mtb-maraton-a-blato-su-nerozlucna-dvojka\/#breadcrumb","itemListElement":[{"@type":"ListItem","position":1,"name":"Home","item":"https:\/\/www.welovecycling.com\/sk\/"},{"@type":"ListItem","position":2,"name":"Report\u00e1\u017e: \u0160koda Sv\u00e4tojursk\u00fd MTB Marat\u00f3n a blato s\u00fa nerozlu\u010dn\u00e1 dvojka"}]},{"@type":"WebSite","@id":"https:\/\/www.welovecycling.com\/sk\/#website","url":"https:\/\/www.welovecycling.com\/sk\/","name":"\u0160koda We Love Cycling Slovensko","description":"\u0160koda We Love Cycling Slovensko je v\u00e1\u0161 ka\u017edodenn\u00fd zdroj noviniek a in\u0161pir\u00e1cie z sveta cyklistiky","potentialAction":[{"@type":"SearchAction","target":{"@type":"EntryPoint","urlTemplate":"https:\/\/www.welovecycling.com\/sk\/?s={search_term_string}"},"query-input":{"@type":"PropertyValueSpecification","valueRequired":true,"valueName":"search_term_string"}}],"inLanguage":"sk-SK"},{"@type":"Person","@id":"https:\/\/www.welovecycling.com\/sk\/#\/schema\/person\/45e989de48eace55eb338c027dc5a65e","name":"michal","image":{"@type":"ImageObject","inLanguage":"sk-SK","@id":"https:\/\/www.welovecycling.com\/sk\/#\/schema\/person\/image\/","url":"https:\/\/secure.gravatar.com\/avatar\/7f8deb1af8506a5f53d1b779436f546bce1c8c40c09780107ad3811c7dc4bbcb?s=96&d=mm&r=g","contentUrl":"https:\/\/secure.gravatar.com\/avatar\/7f8deb1af8506a5f53d1b779436f546bce1c8c40c09780107ad3811c7dc4bbcb?s=96&d=mm&r=g","caption":"michal"},"url":"https:\/\/www.welovecycling.com\/sk\/author\/michal\/"}]}},"_links":{"self":[{"href":"https:\/\/www.welovecycling.com\/sk\/wp-json\/wp\/v2\/posts\/20723","targetHints":{"allow":["GET"]}}],"collection":[{"href":"https:\/\/www.welovecycling.com\/sk\/wp-json\/wp\/v2\/posts"}],"about":[{"href":"https:\/\/www.welovecycling.com\/sk\/wp-json\/wp\/v2\/types\/post"}],"author":[{"embeddable":true,"href":"https:\/\/www.welovecycling.com\/sk\/wp-json\/wp\/v2\/users\/191"}],"replies":[{"embeddable":true,"href":"https:\/\/www.welovecycling.com\/sk\/wp-json\/wp\/v2\/comments?post=20723"}],"version-history":[{"count":6,"href":"https:\/\/www.welovecycling.com\/sk\/wp-json\/wp\/v2\/posts\/20723\/revisions"}],"predecessor-version":[{"id":20740,"href":"https:\/\/www.welovecycling.com\/sk\/wp-json\/wp\/v2\/posts\/20723\/revisions\/20740"}],"wp:featuredmedia":[{"embeddable":true,"href":"https:\/\/www.welovecycling.com\/sk\/wp-json\/wp\/v2\/media\/20741"}],"wp:attachment":[{"href":"https:\/\/www.welovecycling.com\/sk\/wp-json\/wp\/v2\/media?parent=20723"}],"wp:term":[{"taxonomy":"category","embeddable":true,"href":"https:\/\/www.welovecycling.com\/sk\/wp-json\/wp\/v2\/categories?post=20723"},{"taxonomy":"post_tag","embeddable":true,"href":"https:\/\/www.welovecycling.com\/sk\/wp-json\/wp\/v2\/tags?post=20723"},{"taxonomy":"global-categories","embeddable":true,"href":"https:\/\/www.welovecycling.com\/sk\/wp-json\/wp\/v2\/global-categories?post=20723"}],"curies":[{"name":"wp","href":"https:\/\/api.w.org\/{rel}","templated":true}]}}