{"id":20712,"date":"2025-07-30T11:00:01","date_gmt":"2025-07-30T09:00:01","guid":{"rendered":"https:\/\/www.welovecycling.com\/sk\/?p=20712"},"modified":"2025-07-30T10:19:18","modified_gmt":"2025-07-30T08:19:18","slug":"niekolko-ponauceni-z-chaotickej-ale-nesmierne-vzrusujucej-tour-de-france-2025","status":"publish","type":"post","link":"https:\/\/www.welovecycling.com\/sk\/2025\/07\/30\/niekolko-ponauceni-z-chaotickej-ale-nesmierne-vzrusujucej-tour-de-france-2025\/","title":{"rendered":"Nieko\u013eko postrehov z chaotickej, ale nesmierne vzru\u0161uj\u00facej Tour de France 2025"},"content":{"rendered":"<p><strong>Tadej Poga\u010dar (UAE Team Emirates\u2013XRG) a Jonas Vingegaard (Visma\u2013Lease a Bike) op\u00e4\u0165 zv\u00e1dzali trojt\u00fd\u017ed\u0148ov\u00fd nap\u00ednav\u00fd s\u00faboj, aj ke\u010f \u010das\u0165 nap\u00e4tia opadla po 5. etape. V \u010dasovke toti\u017e Vingegaard stratil na Poga\u010dara 1:05 a v celkovom porad\u00ed zaost\u00e1val o 1:13. Tento odstup by mo\u017eno nebol nerie\u0161ite\u013en\u00fd \u2013 keby ne\u0161lo o s\u00fa\u010dasn\u00e9ho \u0161tvorn\u00e1sobn\u00e9ho \u0161ampi\u00f3na Tour.<\/strong><\/p>\n<p><!--more--><\/p>\n<p><span style=\"font-weight: 400;\">D\u00e1n sa dostal do najlep\u0161ej formy a\u017e v druhom t\u00fd\u017edni a odvtedy dokazoval, \u017ee je Poga\u010darovi takmer vyrovnan\u00fd. Ale len takmer. <strong>Slovinec nepo\u013eavil \u2013 hoci ho v poslednom t\u00fd\u017edni spomalilo prechladnutie \u2013 a Vingegaard nakoniec musel uzna\u0165, \u017ee druh\u00e9 miesto je jeho maximum.<\/strong> Mo\u017eno aj preto p\u00f4sobil v posledn\u00fdch dvoch horsk\u00fdch etap\u00e1ch trochu z\u00e1hadne. V 18. a 19. etape s\u00edce avizoval odv\u00e1\u017eny \u00fatok, ale ke\u010f sa naskytli \u0161ance na st\u00fapaniach Col de la Loze (26,4 km pri 6,5 %) a La Plagne (19,1 km pri 7,2 %), vy\u010dkal pr\u00edli\u0161 dlho.<\/span><\/p>\n<p><span style=\"font-weight: 400;\">Poga\u010dar naopak ne\u00fato\u010dil na v\u00ed\u0165azstv\u00e1 v etap\u00e1ch, ale kontroloval situ\u00e1ciu. Pod\u013ea TNT Sports ho limitovalo prechladnutie. Pasivita oboch favoritov trochu zn\u00ed\u017eila nap\u00e4tie, hoci cel\u00e1 Tour mala dramatickej\u0161\u00ed priebeh ako Shakespearov festival. Prv\u00fd t\u00fd\u017ede\u0148 pln\u00fd kopcovit\u00fdch et\u00e1p bol divok\u00fd a vzru\u0161uj\u00faci, a to pokra\u010dovalo aj v 20. etape, kde sa \u00faniky opakovane rozpadali a sp\u00e1jali. Nakoniec Kaden Groves (Alpecin-Deceuninck) absolvoval 16 km s\u00f3lo a vybojoval svoju prv\u00fa etapu na Tour de France, \u010d\u00edm sa pridal do elitn\u00e9ho klubu v\u00ed\u0165azov et\u00e1p v\u0161etk\u00fdch troch Grand Tours.<\/span><\/p>\n<h2><b>Van Aertova pomsta a Poga\u010darovo \u0161tvrt\u00e9 v\u00ed\u0165azstvo<\/b><\/h2>\n<p><span style=\"font-weight: 400;\">Z\u00e1ver tejto divokej Tour bol rovnako divok\u00fd. Posledn\u00e1 etapa (132,3 km z Mantes-la-Ville na Champs-\u00c9lys\u00e9es) mala pretek\u00e1rsku \u010das\u0165 iba 67,9 km \u2013 prv\u00fa polovicu str\u00e1vil Poga\u010dar a jeho t\u00edm v oslavnej atmosf\u00e9re: fotenie, \u0161ampansk\u00e9, potlesk.<\/span><\/p>\n<p><span style=\"font-weight: 400;\">Potom sa na Champs-\u00c9lys\u00e9es rozbehli preteky. \u0160es\u0165 k\u00f4l doplnili po prv\u00fdkr\u00e1t tri dl\u00e1\u017eden\u00e9 st\u00fapania na C\u00f4te de la Butte Montmartre (1,1 km pri 5,9 %, maximum 9,6 %). Par\u00ed\u017e bol mokr\u00fd a klzk\u00fd, preto sa \u010dasy etapy merali po \u0161tvrtom okruhu a zvy\u0161ok bol sk\u00f4r exhib\u00edciou.<\/span><\/p>\n<p><span style=\"font-weight: 400;\"><strong>Ke\u010f\u017ee \u0161lo o posledn\u00fa \u0161ancu na prest\u00ed\u017ene v\u00ed\u0165azstvo, \u00fatoky sa mno\u017eili.<\/strong> Vpredu sa ocitli Poga\u010dar a dvaja jazdci Vismy \u2013 Wout van Aert a Matteo Jorgenson. Majster sveta van Aert za\u00fato\u010dil 23 km pred cie\u013eom, nesk\u00f4r znova na poslednom st\u00fapan\u00ed na Montmartre (7 km do cie\u013ea). Poga\u010dar v\u0161ak 500 m po tomto \u00fatoku stratil poz\u00edciu, ke\u010f ho van Aert predbehol a postupne si vypracoval n\u00e1skok.<\/span><\/p>\n<p><span style=\"font-weight: 400;\">V cieli mal Belgi\u010dan n\u00e1skok 19 sek\u00fand a vybojoval svoju desiatu etapu na Tour, druh\u00fa na Champs-\u00c9lys\u00e9es. Poga\u010dar skon\u010dil \u0161tvrt\u00fd. \u201eBolo v\u00fdnimo\u010dn\u00e9 vyhra\u0165 tu na Champs-\u00c9lys\u00e9es, a to hne\u010f pri prvej pr\u00edle\u017eitosti, ke\u010f sme i\u0161li na Montmartre,\u201c povedal van Aert.<\/span><\/p>\n<blockquote class=\"instagram-media\" style=\"background: #FFF; border: 0; border-radius: 3px; box-shadow: 0 0 1px 0 rgba(0,0,0,0.5),0 1px 10px 0 rgba(0,0,0,0.15); margin: 1px; max-width: 540px; min-width: 326px; padding: 0; width: calc(100% - 2px);\" data-instgrm-captioned=\"\" data-instgrm-permalink=\"https:\/\/www.instagram.com\/p\/DMnsA-RM1tL\/?utm_source=ig_embed&amp;utm_campaign=loading\" data-instgrm-version=\"14\">\n<div style=\"padding: 16px;\">\n<p>&nbsp;<\/p>\n<div style=\"display: flex; flex-direction: row; align-items: center;\">\n<div style=\"background-color: #f4f4f4; border-radius: 50%; flex-grow: 0; height: 40px; margin-right: 14px; width: 40px;\"><\/div>\n<div style=\"display: flex; flex-direction: column; flex-grow: 1; justify-content: center;\">\n<div style=\"background-color: #f4f4f4; border-radius: 4px; flex-grow: 0; height: 14px; margin-bottom: 6px; width: 100px;\"><\/div>\n<div style=\"background-color: #f4f4f4; border-radius: 4px; flex-grow: 0; height: 14px; width: 60px;\"><\/div>\n<\/div>\n<\/div>\n<div style=\"padding: 19% 0;\"><\/div>\n<div style=\"display: block; height: 50px; margin: 0 auto 12px; width: 50px;\"><\/div>\n<div style=\"padding-top: 8px;\">\n<div style=\"color: #3897f0; font-family: Arial,sans-serif; font-size: 14px; font-style: normal; font-weight: 550; line-height: 18px;\">Zobrazit p\u0159\u00edsp\u011bvek na Instagramu<\/div>\n<\/div>\n<div style=\"padding: 12.5% 0;\"><\/div>\n<div style=\"display: flex; flex-direction: row; margin-bottom: 14px; align-items: center;\">\n<div>\n<div style=\"background-color: #f4f4f4; border-radius: 50%; height: 12.5px; width: 12.5px; transform: translateX(0px) translateY(7px);\"><\/div>\n<div style=\"background-color: #f4f4f4; height: 12.5px; transform: rotate(-45deg) translateX(3px) translateY(1px); width: 12.5px; flex-grow: 0; margin-right: 14px; margin-left: 2px;\"><\/div>\n<div style=\"background-color: #f4f4f4; border-radius: 50%; height: 12.5px; width: 12.5px; transform: translateX(9px) translateY(-18px);\"><\/div>\n<\/div>\n<div style=\"margin-left: 8px;\">\n<div style=\"background-color: #f4f4f4; border-radius: 50%; flex-grow: 0; height: 20px; width: 20px;\"><\/div>\n<div style=\"width: 0; height: 0; border-top: 2px solid transparent; border-left: 6px solid #f4f4f4; border-bottom: 2px solid transparent; transform: translateX(16px) translateY(-4px) rotate(30deg);\"><\/div>\n<\/div>\n<div style=\"margin-left: auto;\">\n<div style=\"width: 0px; border-top: 8px solid #F4F4F4; border-right: 8px solid transparent; transform: translateY(16px);\"><\/div>\n<div style=\"background-color: #f4f4f4; flex-grow: 0; height: 12px; width: 16px; transform: translateY(-4px);\"><\/div>\n<div style=\"width: 0; height: 0; border-top: 8px solid #F4F4F4; border-left: 8px solid transparent; transform: translateY(-4px) translateX(8px);\"><\/div>\n<\/div>\n<\/div>\n<div style=\"display: flex; flex-direction: column; flex-grow: 1; justify-content: center; margin-bottom: 24px;\">\n<div style=\"background-color: #f4f4f4; border-radius: 4px; flex-grow: 0; height: 14px; margin-bottom: 6px; width: 224px;\"><\/div>\n<div style=\"background-color: #f4f4f4; border-radius: 4px; flex-grow: 0; height: 14px; width: 144px;\"><\/div>\n<\/div>\n<p>&nbsp;<\/p>\n<p style=\"color: #c9c8cd; font-family: Arial,sans-serif; font-size: 14px; line-height: 17px; margin-bottom: 0; margin-top: 8px; overflow: hidden; padding: 8px 0 7px; text-align: center; text-overflow: ellipsis; white-space: nowrap;\"><a style=\"color: #c9c8cd; font-family: Arial,sans-serif; font-size: 14px; font-style: normal; font-weight: normal; line-height: 17px; text-decoration: none;\" href=\"https:\/\/www.instagram.com\/p\/DMnsA-RM1tL\/?utm_source=ig_embed&amp;utm_campaign=loading\" target=\"_blank\" rel=\"noopener\">P\u0159\u00edsp\u011bvek sd\u00edlen\u00fd Tour de France\u2122 (@letourdefrance)<\/a><\/p>\n<\/div>\n<\/blockquote>\n<h2><script async src=\"\/\/www.instagram.com\/embed.js\"><\/script><\/h2>\n<h2><b>Lipo verzus Onley<\/b><\/h2>\n<p><span style=\"font-weight: 400;\">S\u00faboj Poga\u010dar\u2013Vingegaard nebol jedin\u00fd. O tretie miesto bojovali 24-ro\u010dn\u00fd Florian Lipowitz (Red Bull\u2013BORA\u2013hansgrohe) a 22-ro\u010dn\u00fd Oscar Onley (Picnic PostNL). Lipowitz mal n\u00e1skok viac ne\u017e dve min\u00faty, no takmer ho stratil po zlej taktike v 18. etape, ke\u010f musel s\u00e1m absolvova\u0165 ve\u013ek\u00fa \u010das\u0165 horsk\u00e9ho d\u0148a. <strong>Nakoniec si udr\u017eal tretie miesto, aj ke\u010f Onley st\u00e1le hrozil.<\/strong><\/span><\/p>\n<p><span style=\"font-weight: 400;\">Zauj\u00edmav\u00e9 je, \u017ee Lipowitz dost\u00e1val minim\u00e1lnu podporu od t\u00edmu \u2013 ani l\u00edder Rogli\u010d, ani sk\u00fasen\u00fd Vlasov mu nepom\u00e1hali, zatia\u013e \u010do Onley mal v\u017edy po boku kolegov. Obaja mlad\u00edci v\u0161ak uk\u00e1zali obrovsk\u00fd potenci\u00e1l a m\u00f4\u017eu v bud\u00facnosti predvies\u0165 rovnako ve\u013ek\u00e9 s\u00faboje ako Poga\u010dar a Vingegaard.<\/span><\/p>\n<p><span style=\"font-weight: 400;\">Ak sa potvrdia \u0161pekul\u00e1cie o pr\u00edchode Remca Evenepoela (Soudal Quick-Step) do Red Bullu v roku 2026, m\u00f4\u017ee to Lipowitzovu poz\u00edciu skomplikova\u0165.<\/span><\/p>\n<h2><b>Arensman a ve\u013ek\u00e9 etapy<\/b><\/h2>\n<p><span style=\"font-weight: 400;\">\u0160tyria jazdci vyhrali aspo\u0148 dve etapy: Poga\u010dar (4), \u0161print\u00e9ri Tim Merlier a Jonathan Milan (zelen\u00fd dres) a prekvapuj\u00faco aj 25-ro\u010dn\u00fd Thymen Arensman (INEOS Grenadiers). Holan\u010fan vyhral vrcholov\u00e9 etapy v Luchon-Superbagn\u00e8res (14. etapa) a La Plagne (19. etapa). Pri druhej v\u00fdhre udr\u017eal minim\u00e1lny n\u00e1skok pred Poga\u010darom a Vingegaardom. \u201eNem\u00f4\u017eem uveri\u0165, \u017ee som ich porazil,\u201c povedal v cieli.<\/span><\/p>\n<h2><b>Franc\u00fazska cyklistika na vzostupe<\/b><\/h2>\n<p><span style=\"font-weight: 400;\">Franc\u00fazi vyhrali len jednu etapu (Valentin Paret-Peintre na Mont Ventoux \u2013 len piate franc\u00fazske v\u00ed\u0165azstvo na tomto kopci a prv\u00e9 po 23 rokoch), ale boli vidite\u013en\u00ed po\u010das celej Tour. K\u00e9vin Vauquelin (Ark\u00e9a\u2013B&amp;B Hotels) skon\u010dil siedmy, Jordan Jegat (TotalEnergies) desiaty a Lenny Martinez bojoval o bodkovan\u00fd dres. <strong>V\u0161etci s\u00fa mlad\u00ed a ukazuj\u00fa, \u017ee franc\u00fazska cyklistika m\u00e1 svetl\u00fa bud\u00facnos\u0165.<\/strong><\/span><\/p>\n<h2><b>Bud\u00facnos\u0165: viac \u201echaotick\u00fdch a vzru\u0161uj\u00facich\u201c et\u00e1p?<\/b><\/h2>\n<p><span style=\"font-weight: 400;\"><strong>Organiz\u00e1tori zaradili viac kopcovit\u00fdch et\u00e1p, ktor\u00e9 pripom\u00ednali jednod\u0148ov\u00e9 klasiky<\/strong> \u2013 reakcia na \u017eelania div\u00e1kov, ktor\u00ed uprednost\u0148uj\u00fa \u00faniky a dynamiku pred dlh\u00fdmi etapami kon\u010diacimi hromadn\u00fdm \u0161printom. Tour 2025 bola pravdepodobne najr\u00fdchlej\u0161ia v hist\u00f3rii (odhaduje sa priemer 42,445 km\/h, rekord z 2022 bol 42,102 km\/h).<\/span><\/p>\n<p><span style=\"font-weight: 400;\">V\u00fdsledkom boli jedny z najnap\u00ednavej\u0161\u00edch a najnepredv\u00eddate\u013enej\u0161\u00edch pretekov posledn\u00fdch rokov. \u0160print\u00e9rske etapy by v\u0161ak nemali zmizn\u00fa\u0165 \u2013 s\u00fa pr\u00edle\u017eitos\u0165ou na oddych aj bezpe\u010dnos\u0165. R\u00fdchlosti rast\u00fa a \u00fanava zvy\u0161uje riziko p\u00e1dov.<\/span><\/p>\n","protected":false},"excerpt":{"rendered":"<p>Tadej Poga\u010dar (UAE Team Emirates\u2013XRG) a Jonas Vingegaard (Visma\u2013Lease a Bike) op\u00e4\u0165 zv\u00e1dzali trojt\u00fd\u017ed\u0148ov\u00fd nap\u00ednav\u00fd s\u00faboj, aj ke\u010f \u010das\u0165 nap\u00e4tia [&hellip;]<\/p>\n","protected":false},"author":191,"featured_media":20713,"comment_status":"closed","ping_status":"closed","sticky":false,"template":"","format":"standard","meta":{"footnotes":""},"categories":[4],"tags":[559,619,275,115,487,546,331,532,767,37,179,1643,20,1647,269],"global-categories":[],"class_list":["post-20712","post","type-post","status-publish","format-standard","has-post-thumbnail","hentry","category-cestna-cyklisitika","tag-bicykel","tag-bicyklovanie","tag-cesta","tag-cestna-cyklistika","tag-cestny-bicykel","tag-cyklistika","tag-etapove-preteky","tag-jazdenie","tag-motivacia","tag-podujatia","tag-preteky","tag-sezona-2025","tag-tour-de-france","tag-tour-de-france-2025","tag-vitaz"],"yoast_head":"<!-- This site is optimized with the Yoast SEO Premium plugin v25.3 (Yoast SEO v25.9) - https:\/\/yoast.com\/wordpress\/plugins\/seo\/ -->\n<title>Tour de France 2025 Dramatick\u00e9 preteky pln\u00e9 prekvapen\u00ed<\/title>\n<meta name=\"description\" content=\"Tour de France 2025: nap\u00ednav\u00fd s\u00faboj Poga\u010dar\u2013Vingegaard, prekvapenia, rekordn\u00e9 tempo a nov\u00e9 hviezdy franc\u00fazskej cyklistiky.\" \/>\n<meta name=\"robots\" content=\"index, follow, max-snippet:-1, max-image-preview:large, max-video-preview:-1\" \/>\n<link rel=\"canonical\" href=\"https:\/\/www.welovecycling.com\/sk\/2025\/07\/30\/niekolko-ponauceni-z-chaotickej-ale-nesmierne-vzrusujucej-tour-de-france-2025\/\" \/>\n<meta property=\"og:locale\" content=\"sk_SK\" \/>\n<meta property=\"og:type\" content=\"article\" \/>\n<meta property=\"og:title\" content=\"Nieko\u013eko postrehov z chaotickej, ale nesmierne vzru\u0161uj\u00facej Tour de France 2025\" \/>\n<meta property=\"og:description\" content=\"Tour de France 2025: nap\u00ednav\u00fd s\u00faboj Poga\u010dar\u2013Vingegaard, prekvapenia, rekordn\u00e9 tempo a nov\u00e9 hviezdy franc\u00fazskej cyklistiky.\" \/>\n<meta property=\"og:url\" content=\"https:\/\/www.welovecycling.com\/sk\/2025\/07\/30\/niekolko-ponauceni-z-chaotickej-ale-nesmierne-vzrusujucej-tour-de-france-2025\/\" \/>\n<meta property=\"og:site_name\" content=\"\u0160koda We Love Cycling Slovensko\" \/>\n<meta property=\"article:published_time\" content=\"2025-07-30T09:00:01+00:00\" \/>\n<meta property=\"og:image\" content=\"https:\/\/d2p6e6u75xmxt8.cloudfront.net\/4\/2025\/07\/Pogacar-Vingegaard-Lipowitz-2025-Tour-Podium-profimedia-1026195764-CVR.webp\" \/>\n\t<meta property=\"og:image:width\" content=\"990\" \/>\n\t<meta property=\"og:image:height\" content=\"660\" \/>\n\t<meta property=\"og:image:type\" content=\"image\/webp\" \/>\n<meta name=\"author\" content=\"michal\" \/>\n<meta name=\"twitter:card\" content=\"summary_large_image\" \/>\n<meta name=\"twitter:label1\" content=\"Written by\" \/>\n\t<meta name=\"twitter:data1\" content=\"Siegfried Mortkowitz\" \/>\n\t<meta name=\"twitter:label2\" content=\"Est. reading time\" \/>\n\t<meta name=\"twitter:data2\" content=\"4\" \/>\n<script type=\"application\/ld+json\" class=\"yoast-schema-graph\">{\"@context\":\"https:\/\/schema.org\",\"@graph\":[{\"@type\":\"WebPage\",\"@id\":\"https:\/\/www.welovecycling.com\/sk\/2025\/07\/30\/niekolko-ponauceni-z-chaotickej-ale-nesmierne-vzrusujucej-tour-de-france-2025\/\",\"url\":\"https:\/\/www.welovecycling.com\/sk\/2025\/07\/30\/niekolko-ponauceni-z-chaotickej-ale-nesmierne-vzrusujucej-tour-de-france-2025\/\",\"name\":\"Tour de France 2025 Dramatick\u00e9 preteky pln\u00e9 prekvapen\u00ed\",\"isPartOf\":{\"@id\":\"https:\/\/www.welovecycling.com\/sk\/#website\"},\"primaryImageOfPage\":{\"@id\":\"https:\/\/www.welovecycling.com\/sk\/2025\/07\/30\/niekolko-ponauceni-z-chaotickej-ale-nesmierne-vzrusujucej-tour-de-france-2025\/#primaryimage\"},\"image\":{\"@id\":\"https:\/\/www.welovecycling.com\/sk\/2025\/07\/30\/niekolko-ponauceni-z-chaotickej-ale-nesmierne-vzrusujucej-tour-de-france-2025\/#primaryimage\"},\"thumbnailUrl\":\"https:\/\/d2p6e6u75xmxt8.cloudfront.net\/4\/2025\/07\/Pogacar-Vingegaard-Lipowitz-2025-Tour-Podium-profimedia-1026195764-CVR.webp\",\"datePublished\":\"2025-07-30T09:00:01+00:00\",\"author\":{\"@id\":\"https:\/\/www.welovecycling.com\/sk\/#\/schema\/person\/45e989de48eace55eb338c027dc5a65e\"},\"description\":\"Tour de France 2025: nap\u00ednav\u00fd s\u00faboj Poga\u010dar\u2013Vingegaard, prekvapenia, rekordn\u00e9 tempo a nov\u00e9 hviezdy franc\u00fazskej cyklistiky.\",\"breadcrumb\":{\"@id\":\"https:\/\/www.welovecycling.com\/sk\/2025\/07\/30\/niekolko-ponauceni-z-chaotickej-ale-nesmierne-vzrusujucej-tour-de-france-2025\/#breadcrumb\"},\"inLanguage\":\"sk-SK\",\"potentialAction\":[{\"@type\":\"ReadAction\",\"target\":[\"https:\/\/www.welovecycling.com\/sk\/2025\/07\/30\/niekolko-ponauceni-z-chaotickej-ale-nesmierne-vzrusujucej-tour-de-france-2025\/\"]}]},{\"@type\":\"ImageObject\",\"inLanguage\":\"sk-SK\",\"@id\":\"https:\/\/www.welovecycling.com\/sk\/2025\/07\/30\/niekolko-ponauceni-z-chaotickej-ale-nesmierne-vzrusujucej-tour-de-france-2025\/#primaryimage\",\"url\":\"https:\/\/d2p6e6u75xmxt8.cloudfront.net\/4\/2025\/07\/Pogacar-Vingegaard-Lipowitz-2025-Tour-Podium-profimedia-1026195764-CVR.webp\",\"contentUrl\":\"https:\/\/d2p6e6u75xmxt8.cloudfront.net\/4\/2025\/07\/Pogacar-Vingegaard-Lipowitz-2025-Tour-Podium-profimedia-1026195764-CVR.webp\",\"width\":990,\"height\":660,\"caption\":\"2025 Tour Podium\"},{\"@type\":\"BreadcrumbList\",\"@id\":\"https:\/\/www.welovecycling.com\/sk\/2025\/07\/30\/niekolko-ponauceni-z-chaotickej-ale-nesmierne-vzrusujucej-tour-de-france-2025\/#breadcrumb\",\"itemListElement\":[{\"@type\":\"ListItem\",\"position\":1,\"name\":\"Home\",\"item\":\"https:\/\/www.welovecycling.com\/sk\/\"},{\"@type\":\"ListItem\",\"position\":2,\"name\":\"Nieko\u013eko postrehov z chaotickej, ale nesmierne vzru\u0161uj\u00facej Tour de France 2025\"}]},{\"@type\":\"WebSite\",\"@id\":\"https:\/\/www.welovecycling.com\/sk\/#website\",\"url\":\"https:\/\/www.welovecycling.com\/sk\/\",\"name\":\"\u0160koda We Love Cycling Slovensko\",\"description\":\"\u0160koda We Love Cycling Slovensko je v\u00e1\u0161 ka\u017edodenn\u00fd zdroj noviniek a in\u0161pir\u00e1cie z sveta cyklistiky\",\"potentialAction\":[{\"@type\":\"SearchAction\",\"target\":{\"@type\":\"EntryPoint\",\"urlTemplate\":\"https:\/\/www.welovecycling.com\/sk\/?s={search_term_string}\"},\"query-input\":{\"@type\":\"PropertyValueSpecification\",\"valueRequired\":true,\"valueName\":\"search_term_string\"}}],\"inLanguage\":\"sk-SK\"},{\"@type\":\"Person\",\"@id\":\"https:\/\/www.welovecycling.com\/sk\/#\/schema\/person\/45e989de48eace55eb338c027dc5a65e\",\"name\":\"michal\",\"image\":{\"@type\":\"ImageObject\",\"inLanguage\":\"sk-SK\",\"@id\":\"https:\/\/www.welovecycling.com\/sk\/#\/schema\/person\/image\/\",\"url\":\"https:\/\/secure.gravatar.com\/avatar\/7f8deb1af8506a5f53d1b779436f546bce1c8c40c09780107ad3811c7dc4bbcb?s=96&d=mm&r=g\",\"contentUrl\":\"https:\/\/secure.gravatar.com\/avatar\/7f8deb1af8506a5f53d1b779436f546bce1c8c40c09780107ad3811c7dc4bbcb?s=96&d=mm&r=g\",\"caption\":\"michal\"},\"url\":\"https:\/\/www.welovecycling.com\/sk\/author\/michal\/\"}]}<\/script>\n<!-- \/ Yoast SEO Premium plugin. -->","yoast_head_json":{"title":"Tour de France 2025 Dramatick\u00e9 preteky pln\u00e9 prekvapen\u00ed","description":"Tour de France 2025: nap\u00ednav\u00fd s\u00faboj Poga\u010dar\u2013Vingegaard, prekvapenia, rekordn\u00e9 tempo a nov\u00e9 hviezdy franc\u00fazskej cyklistiky.","robots":{"index":"index","follow":"follow","max-snippet":"max-snippet:-1","max-image-preview":"max-image-preview:large","max-video-preview":"max-video-preview:-1"},"canonical":"https:\/\/www.welovecycling.com\/sk\/2025\/07\/30\/niekolko-ponauceni-z-chaotickej-ale-nesmierne-vzrusujucej-tour-de-france-2025\/","og_locale":"sk_SK","og_type":"article","og_title":"Nieko\u013eko postrehov z chaotickej, ale nesmierne vzru\u0161uj\u00facej Tour de France 2025","og_description":"Tour de France 2025: nap\u00ednav\u00fd s\u00faboj Poga\u010dar\u2013Vingegaard, prekvapenia, rekordn\u00e9 tempo a nov\u00e9 hviezdy franc\u00fazskej cyklistiky.","og_url":"https:\/\/www.welovecycling.com\/sk\/2025\/07\/30\/niekolko-ponauceni-z-chaotickej-ale-nesmierne-vzrusujucej-tour-de-france-2025\/","og_site_name":"\u0160koda We Love Cycling Slovensko","article_published_time":"2025-07-30T09:00:01+00:00","og_image":[{"width":990,"height":660,"url":"https:\/\/d2p6e6u75xmxt8.cloudfront.net\/4\/2025\/07\/Pogacar-Vingegaard-Lipowitz-2025-Tour-Podium-profimedia-1026195764-CVR.webp","type":"image\/webp"}],"author":"michal","twitter_card":"summary_large_image","twitter_misc":{"Written by":"Siegfried Mortkowitz","Est. reading time":"4"},"schema":{"@context":"https:\/\/schema.org","@graph":[{"@type":"WebPage","@id":"https:\/\/www.welovecycling.com\/sk\/2025\/07\/30\/niekolko-ponauceni-z-chaotickej-ale-nesmierne-vzrusujucej-tour-de-france-2025\/","url":"https:\/\/www.welovecycling.com\/sk\/2025\/07\/30\/niekolko-ponauceni-z-chaotickej-ale-nesmierne-vzrusujucej-tour-de-france-2025\/","name":"Tour de France 2025 Dramatick\u00e9 preteky pln\u00e9 prekvapen\u00ed","isPartOf":{"@id":"https:\/\/www.welovecycling.com\/sk\/#website"},"primaryImageOfPage":{"@id":"https:\/\/www.welovecycling.com\/sk\/2025\/07\/30\/niekolko-ponauceni-z-chaotickej-ale-nesmierne-vzrusujucej-tour-de-france-2025\/#primaryimage"},"image":{"@id":"https:\/\/www.welovecycling.com\/sk\/2025\/07\/30\/niekolko-ponauceni-z-chaotickej-ale-nesmierne-vzrusujucej-tour-de-france-2025\/#primaryimage"},"thumbnailUrl":"https:\/\/d2p6e6u75xmxt8.cloudfront.net\/4\/2025\/07\/Pogacar-Vingegaard-Lipowitz-2025-Tour-Podium-profimedia-1026195764-CVR.webp","datePublished":"2025-07-30T09:00:01+00:00","author":{"@id":"https:\/\/www.welovecycling.com\/sk\/#\/schema\/person\/45e989de48eace55eb338c027dc5a65e"},"description":"Tour de France 2025: nap\u00ednav\u00fd s\u00faboj Poga\u010dar\u2013Vingegaard, prekvapenia, rekordn\u00e9 tempo a nov\u00e9 hviezdy franc\u00fazskej cyklistiky.","breadcrumb":{"@id":"https:\/\/www.welovecycling.com\/sk\/2025\/07\/30\/niekolko-ponauceni-z-chaotickej-ale-nesmierne-vzrusujucej-tour-de-france-2025\/#breadcrumb"},"inLanguage":"sk-SK","potentialAction":[{"@type":"ReadAction","target":["https:\/\/www.welovecycling.com\/sk\/2025\/07\/30\/niekolko-ponauceni-z-chaotickej-ale-nesmierne-vzrusujucej-tour-de-france-2025\/"]}]},{"@type":"ImageObject","inLanguage":"sk-SK","@id":"https:\/\/www.welovecycling.com\/sk\/2025\/07\/30\/niekolko-ponauceni-z-chaotickej-ale-nesmierne-vzrusujucej-tour-de-france-2025\/#primaryimage","url":"https:\/\/d2p6e6u75xmxt8.cloudfront.net\/4\/2025\/07\/Pogacar-Vingegaard-Lipowitz-2025-Tour-Podium-profimedia-1026195764-CVR.webp","contentUrl":"https:\/\/d2p6e6u75xmxt8.cloudfront.net\/4\/2025\/07\/Pogacar-Vingegaard-Lipowitz-2025-Tour-Podium-profimedia-1026195764-CVR.webp","width":990,"height":660,"caption":"2025 Tour Podium"},{"@type":"BreadcrumbList","@id":"https:\/\/www.welovecycling.com\/sk\/2025\/07\/30\/niekolko-ponauceni-z-chaotickej-ale-nesmierne-vzrusujucej-tour-de-france-2025\/#breadcrumb","itemListElement":[{"@type":"ListItem","position":1,"name":"Home","item":"https:\/\/www.welovecycling.com\/sk\/"},{"@type":"ListItem","position":2,"name":"Nieko\u013eko postrehov z chaotickej, ale nesmierne vzru\u0161uj\u00facej Tour de France 2025"}]},{"@type":"WebSite","@id":"https:\/\/www.welovecycling.com\/sk\/#website","url":"https:\/\/www.welovecycling.com\/sk\/","name":"\u0160koda We Love Cycling Slovensko","description":"\u0160koda We Love Cycling Slovensko je v\u00e1\u0161 ka\u017edodenn\u00fd zdroj noviniek a in\u0161pir\u00e1cie z sveta cyklistiky","potentialAction":[{"@type":"SearchAction","target":{"@type":"EntryPoint","urlTemplate":"https:\/\/www.welovecycling.com\/sk\/?s={search_term_string}"},"query-input":{"@type":"PropertyValueSpecification","valueRequired":true,"valueName":"search_term_string"}}],"inLanguage":"sk-SK"},{"@type":"Person","@id":"https:\/\/www.welovecycling.com\/sk\/#\/schema\/person\/45e989de48eace55eb338c027dc5a65e","name":"michal","image":{"@type":"ImageObject","inLanguage":"sk-SK","@id":"https:\/\/www.welovecycling.com\/sk\/#\/schema\/person\/image\/","url":"https:\/\/secure.gravatar.com\/avatar\/7f8deb1af8506a5f53d1b779436f546bce1c8c40c09780107ad3811c7dc4bbcb?s=96&d=mm&r=g","contentUrl":"https:\/\/secure.gravatar.com\/avatar\/7f8deb1af8506a5f53d1b779436f546bce1c8c40c09780107ad3811c7dc4bbcb?s=96&d=mm&r=g","caption":"michal"},"url":"https:\/\/www.welovecycling.com\/sk\/author\/michal\/"}]}},"_links":{"self":[{"href":"https:\/\/www.welovecycling.com\/sk\/wp-json\/wp\/v2\/posts\/20712","targetHints":{"allow":["GET"]}}],"collection":[{"href":"https:\/\/www.welovecycling.com\/sk\/wp-json\/wp\/v2\/posts"}],"about":[{"href":"https:\/\/www.welovecycling.com\/sk\/wp-json\/wp\/v2\/types\/post"}],"author":[{"embeddable":true,"href":"https:\/\/www.welovecycling.com\/sk\/wp-json\/wp\/v2\/users\/191"}],"replies":[{"embeddable":true,"href":"https:\/\/www.welovecycling.com\/sk\/wp-json\/wp\/v2\/comments?post=20712"}],"version-history":[{"count":4,"href":"https:\/\/www.welovecycling.com\/sk\/wp-json\/wp\/v2\/posts\/20712\/revisions"}],"predecessor-version":[{"id":20717,"href":"https:\/\/www.welovecycling.com\/sk\/wp-json\/wp\/v2\/posts\/20712\/revisions\/20717"}],"wp:featuredmedia":[{"embeddable":true,"href":"https:\/\/www.welovecycling.com\/sk\/wp-json\/wp\/v2\/media\/20713"}],"wp:attachment":[{"href":"https:\/\/www.welovecycling.com\/sk\/wp-json\/wp\/v2\/media?parent=20712"}],"wp:term":[{"taxonomy":"category","embeddable":true,"href":"https:\/\/www.welovecycling.com\/sk\/wp-json\/wp\/v2\/categories?post=20712"},{"taxonomy":"post_tag","embeddable":true,"href":"https:\/\/www.welovecycling.com\/sk\/wp-json\/wp\/v2\/tags?post=20712"},{"taxonomy":"global-categories","embeddable":true,"href":"https:\/\/www.welovecycling.com\/sk\/wp-json\/wp\/v2\/global-categories?post=20712"}],"curies":[{"name":"wp","href":"https:\/\/api.w.org\/{rel}","templated":true}]}}