{"id":20703,"date":"2025-07-28T11:00:21","date_gmt":"2025-07-28T09:00:21","guid":{"rendered":"https:\/\/www.welovecycling.com\/sk\/?p=20703"},"modified":"2025-07-28T09:14:08","modified_gmt":"2025-07-28T07:14:08","slug":"cyklistika-a-dusevne-zdravie-ako-pravidelny-pohyb-ovplyvnuje-naladu","status":"publish","type":"post","link":"https:\/\/www.welovecycling.com\/sk\/2025\/07\/28\/cyklistika-a-dusevne-zdravie-ako-pravidelny-pohyb-ovplyvnuje-naladu\/","title":{"rendered":"Cyklistika a du\u0161evn\u00e9 zdravie: ako pravideln\u00fd pohyb ovplyv\u0148uje n\u00e1ladu"},"content":{"rendered":"<p><strong>Sledovanie Tour de France z pohodlia domova m\u00f4\u017ee navodi\u0165 dojem, \u017ee cyklistika je iba o silen\u00ed tela do jeho limitov, a teda \u017ee ak nepl\u00e1nujete vyhr\u00e1va\u0165 etapy, je to iba utrpenie. Opak je v\u0161ak pravdou. Cyklistika, \u010di u\u017e je to t\u00e1 \u0161portov\u00e1 alebo rekrea\u010dn\u00e1, prin\u00e1\u0161a mnoho zdravotn\u00fdch benefitov, ktor\u00e9 sa nesp\u00e1jaj\u00fa iba s rastom fyzickej v\u00fdkonnosti, ale s\u00fa prospe\u0161n\u00e9 pre na\u0161e ment\u00e1lne zdravie.<\/strong><\/p>\n<p><!--more--><\/p>\n<h2><strong>Fyzick\u00e1 aktivita a sebarozvoj\u00a0<\/strong><\/h2>\n<p><span style=\"font-weight: 400;\">Zn\u00e1ma m\u00fadros\u0165, ktor\u00e1 hovor\u00ed, \u017ee v zdravom tele je aj zdrav\u00fd duch, nie je istotne iba v\u00fdmyslom. Uv\u00e1dza toti\u017e, \u017ee na\u0161a ment\u00e1lna str\u00e1nka m\u00f4\u017ee by\u0165 v rovnov\u00e1he len ak je v rovnakom rozpolo\u017een\u00ed aj telesn\u00e1 schr\u00e1nka. Pocit nechuti, stresu, bolesti a podobn\u00e9 negat\u00edvne em\u00f3cie pozn\u00e1 ka\u017ed\u00fd, kto pre\u017eil ak\u00e9ko\u013evek telesn\u00e9 neduhy. <\/span><\/p>\n<p><span style=\"font-weight: 400;\">Samozrejme, zdrav\u00e9 telo e\u0161te neznamen\u00e1 vn\u00fatorn\u00fd pokoj, av\u0161ak je jeho predpokladom. Vedci uv\u00e1dzaj\u00fa, \u017ee <strong>telesn\u00e1 aktivita zvy\u0161uje prietok krvi v mozgu, prispieva k produkcii endorf\u00ednov, zni\u017euje negat\u00edvny stres a prispieva k tzv. neurogen\u00e9ze, teda k tvorbe nov\u00fdch mozgov\u00fdch buniek. <\/strong><\/span><\/p>\n<p><span style=\"font-weight: 400;\">Fyzick\u00e1 aktivita rovnako napom\u00e1ha k tvorbe svalstva a posil\u0148ovaniu tela ako tak\u00e9ho. V\u0161etko ale z\u00e1vis\u00ed od rovnov\u00e1hy medzi posil\u0148ovan\u00edm tela, to znamen\u00e1 medzi z\u00e1\u0165a\u017eou a \u010dasom oddychu, kedy sa telo sna\u017e\u00ed lep\u0161ie prisp\u00f4sobi\u0165 predo\u0161l\u00e9mu nap\u00e4tiu. Cyklistika je v\u00fdborn\u00e1 aj v tom, \u017ee tak\u00e1to regener\u00e1cia najlep\u0161ie prebieha pri jazden\u00ed v aer\u00f3bnom p\u00e1sme, kedy m\u00e1te \u010das prem\u00fd\u0161\u013ea\u0165 a iba si jednoducho vychutn\u00e1va\u0165 chv\u00edle str\u00e1ven\u00e9 na dvoch koles\u00e1ch.<\/span><\/p>\n<p><b><a href=\"https:\/\/d2p6e6u75xmxt8.cloudfront.net\/4\/2025\/07\/01-2-scaled.webp\"><img loading=\"lazy\" decoding=\"async\" class=\"alignnone size-extra-large wp-image-20704\" src=\"https:\/\/d2p6e6u75xmxt8.cloudfront.net\/4\/2025\/07\/01-2-1920x1080.webp\" alt=\"\" width=\"1920\" height=\"1080\" srcset=\"https:\/\/d2p6e6u75xmxt8.cloudfront.net\/4\/2025\/07\/01-2-1920x1080.webp 1920w, https:\/\/d2p6e6u75xmxt8.cloudfront.net\/4\/2025\/07\/01-2-300x169.webp 300w, https:\/\/d2p6e6u75xmxt8.cloudfront.net\/4\/2025\/07\/01-2-1024x576.webp 1024w, https:\/\/d2p6e6u75xmxt8.cloudfront.net\/4\/2025\/07\/01-2-768x432.webp 768w, https:\/\/d2p6e6u75xmxt8.cloudfront.net\/4\/2025\/07\/01-2-1536x864.webp 1536w, https:\/\/d2p6e6u75xmxt8.cloudfront.net\/4\/2025\/07\/01-2-2048x1152.webp 2048w, https:\/\/d2p6e6u75xmxt8.cloudfront.net\/4\/2025\/07\/01-2-400x225.webp 400w, https:\/\/d2p6e6u75xmxt8.cloudfront.net\/4\/2025\/07\/01-2-1920x1080.webp 1920w\" sizes=\"auto, (max-width: 1920px) 100vw, 1920px\" \/><\/a><\/b><\/p>\n<h2><b>Slne\u010dn\u00e9 \u017eiarenie a kvalita ovzdu\u0161ia<\/b><\/h2>\n<p><span style=\"font-weight: 400;\">\u010clovek je \u017eivo\u010d\u00edchom, ktor\u00fd sa vyv\u00edjal predov\u0161etk\u00fdm v otvorenej pr\u00edrode. Niet preto divu, \u017ee je usp\u00f4soben\u00fd a s\u00fa\u010dasne vyh\u013ead\u00e1va chv\u00edle str\u00e1ven\u00e9 v bezprostrednom kontakte s okol\u00edm. To, \u010do mu pri pobyte v interi\u00e9ri ch\u00fdba, je najm\u00e4 slne\u010dn\u00e9 \u017eiarenie a kvalita vzduchu. Obe z nich toti\u017e maj\u00fa podstatn\u00fd vplyv na spr\u00e1vne fungovanie n\u00e1\u0161ho organizmu. <\/span><\/p>\n<p><span style=\"font-weight: 400;\"><strong>Slnko je zdrojom vitam\u00ednu D, ktor\u00fd je prospe\u0161n\u00fd pre udr\u017eanie zdrav\u00fdch kost\u00ed,<\/strong> posil\u0148uje imunitn\u00fd syst\u00e9m a taktie\u017e vpl\u00fdva na rozvoj svalstva a funkciu srdca. Vhodn\u00e9 zlo\u017eenie ovzdu\u0161ia umo\u017e\u0148uje n\u00e1\u0161mu telu zabezpe\u010dova\u0165 v \u0148om prebiehaj\u00face procesy v optim\u00e1lnom re\u017eime, kedy sa nemus\u00ed obmedzova\u0165 kv\u00f4li nedostatku kysl\u00edka alebo naopak prebytku ne\u017eiaducich prvkov, ktor\u00e9 znemo\u017e\u0148uj\u00fa spr\u00e1vne fungovanie organizmu. <\/span><\/p>\n<p><span style=\"font-weight: 400;\">Samozrejme, v\u0161etk\u00e9ho ve\u013ea \u0161kod\u00ed a je potrebn\u00e9 sa pred slnkom aj dostato\u010dne chr\u00e1ni\u0165. Vyu\u017e\u00edvajte opa\u013eovacie kr\u00e9my a oleje s faktorom aspo\u0148 30+. Nenatierajte si iba odhalen\u00e9 miesta, preto\u017ee aj tie, ktor\u00e9 s\u00fa zahalen\u00e9 v oble\u010den\u00ed m\u00f4\u017eu by\u0165 sp\u00e1len\u00e9.<\/span><\/p>\n<h2><b>Nekone\u010dn\u00e9 objavovanie<\/b><\/h2>\n<p><span style=\"font-weight: 400;\">Jedn\u00fdm z najv\u00e4\u010d\u0161\u00edch plusov cyklistiky je mo\u017enos\u0165 premiest\u0148ova\u0165 sa v krajine pod\u013ea vlastn\u00e9ho uv\u00e1\u017eenia a to tempom, ktor\u00e9 nieko\u013ekon\u00e1sobne presahuje mo\u017enos\u0165 ch\u00f4dze, ale s\u00fa\u010dasne je pomal\u0161ie ne\u017e jazda autom a pod. <strong>Mnoh\u00ed dobrodruhovia dok\u00e1zali obkr\u00fa\u017ei\u0165 zemegu\u013eu pr\u00e1ve na dvoch koles\u00e1ch<\/strong> a t\u00e1to aktivita sa navy\u0161e st\u00e1va v dne\u0161nej dobe trendom. <\/span><\/p>\n<p><span style=\"font-weight: 400;\">Namiesto dovolenky pri mori sa \u013eudia s najr\u00f4znej\u0161ou fyzickou vyd\u00e1vaj\u00fa na t\u00fd\u017ede\u0148, dva alebo rovno mesiac, objavova\u0165 nepoznan\u00e9 kraje. Resp. aj do u\u017e nav\u0161t\u00edven\u00fdch krajov, av\u0161ak perspekt\u00edva zo sedla bicykla ich rob\u00ed v\u00fdnimo\u010dn\u00fdmi. Intenz\u00edvne budovanie cyklochodn\u00edkov v na\u0161om regi\u00f3ne, alebo aj hust\u00e1 sie\u0165 u\u017e existuj\u00facich tr\u00e1s v Z\u00e1padnej Eur\u00f3pe s\u00fa otvoren\u00fdmi dverami k vydaniu sa na obdobn\u00e9 dobrodru\u017estvo. Mnoh\u00ed sa ob\u00e1vaj\u00fa, \u017ee na t\u00fd\u017ede\u0148 v sedle je potrebn\u00e9 ma\u0165 najazden\u00e9 tis\u00edce kilometrov alebo ma\u0165 drah\u00fd bicykel. <\/span><\/p>\n<p><span style=\"font-weight: 400;\">Opak je pravdou. <strong>Najpodstatnej\u0161\u00edm aspektom je chu\u0165 vyrazi\u0165 a vytrva\u0165, aj ke\u010f situ\u00e1cie nie s\u00fa ide\u00e1lne.<\/strong> Nikto nehovor\u00ed, \u017ee mus\u00edte ka\u017ed\u00fd de\u0148 odjazdi\u0165 200 km. Tempo je va\u0161e, rovnako ako aj cie\u013e a zast\u00e1vky. Robte to pod\u013ea seba tak, ako to c\u00edtite.<\/span><\/p>\n<h2><b>Par\u0165\u00e1ci na v\u00fdjazd alebo na \u017eivot<\/b><\/h2>\n<p><span style=\"font-weight: 400;\">Aj ke\u010f bicykel ako tak\u00fd je prisp\u00f4soben\u00fd iba pre jedn\u00e9ho u\u017e\u00edvate\u013ea (teda s v\u00fdnimkou tandemov\u00fdch bicyklov), cyklistika pon\u00faka mnoho pr\u00edle\u017e\u00edtost\u00ed zdie\u013ea\u0165 chv\u00edle na dvoch koles\u00e1ch s in\u00fdmi \u013eu\u010fmi. <strong>Patria sem najm\u00e4 spolo\u010dn\u00e9 v\u00fdjazdy, resp. momenty, ke\u010f sa k v\u00e1m niekto po\u010das v\u00fdjazdu prid\u00e1 a podobne<\/strong>. <\/span><\/p>\n<p><span style=\"font-weight: 400;\">Napriek tomu, \u017ee jazdenie osamote je v\u00fdhodn\u00e9 v tom, \u017ee si ud\u00e1vate vlastn\u00e9 tempo a smer, skupinov\u00e1 jazda m\u00e1 tie\u017e svoje neopakovate\u013en\u00e9 benefity. Medzi tie najz\u00e1sadnej\u0161ie uve\u010fme napr\u00edklad mo\u017enos\u0165 porozpr\u00e1va\u0165 sa. Predsa len, po\u010das viacer\u00fdch hod\u00edn v sedle to padne vhod. <\/span><\/p>\n<p><span style=\"font-weight: 400;\">Taktie\u017e zdie\u013eanie aktu\u00e1lnych pocitov z jazdy, poradenie si v r\u00f4znych situ\u00e1ci\u00e1ch alebo iba tak\u00e9 to ka\u017edodenn\u00e9 odventilovanie sa je na nezaplatenie. Okrem toho je par\u0165\u00e1k pozit\u00edvom aj ke\u010f v\u00e1s \u010dak\u00e1 dlh\u00fd de\u0148 \u010di n\u00e1ro\u010dn\u00e9 \u00faseky v protivetre alebo kopcoch. U\u0161etr\u00edte fyzick\u00e9 sily a naopak naberiete tie ment\u00e1lne. V neposlednom rade ide aj o bezpe\u010dnos\u0165. Cyklistika je vo vonkaj\u0161om prostred\u00ed nepredv\u00eddate\u013en\u00e1 a v pr\u00edpade ne\u017eiaduceho \u00farazu m\u00f4\u017ee by\u0165 pr\u00edtomnos\u0165 druh\u00e9ho rozhoduj\u00faca.\u00a0<\/span><\/p>\n<p><a href=\"https:\/\/d2p6e6u75xmxt8.cloudfront.net\/4\/2025\/07\/02-1.webp\"><img loading=\"lazy\" decoding=\"async\" class=\"alignnone size-full wp-image-20705\" src=\"https:\/\/d2p6e6u75xmxt8.cloudfront.net\/4\/2025\/07\/02-1.webp\" alt=\"\" width=\"1280\" height=\"853\" srcset=\"https:\/\/d2p6e6u75xmxt8.cloudfront.net\/4\/2025\/07\/02-1.webp 1280w, https:\/\/d2p6e6u75xmxt8.cloudfront.net\/4\/2025\/07\/02-1-300x200.webp 300w, https:\/\/d2p6e6u75xmxt8.cloudfront.net\/4\/2025\/07\/02-1-1024x682.webp 1024w, https:\/\/d2p6e6u75xmxt8.cloudfront.net\/4\/2025\/07\/02-1-768x512.webp 768w, https:\/\/d2p6e6u75xmxt8.cloudfront.net\/4\/2025\/07\/02-1-400x267.webp 400w, https:\/\/d2p6e6u75xmxt8.cloudfront.net\/4\/2025\/07\/02-1-272x182.webp 272w\" sizes=\"auto, (max-width: 1280px) 100vw, 1280px\" \/><\/a><\/p>\n<h2><b>Priestor pre seba sam\u00e9ho<\/b><\/h2>\n<p><span style=\"font-weight: 400;\">Jednou z najv\u00e4\u010d\u0161\u00edch dev\u00edz cyklistiky je to, \u017ee pri stabilnom tempe na trase, ktor\u00e1 nevy\u017eaduje kon\u0161tantn\u00fa s\u00fastredenos\u0165 na ka\u017ed\u00fd jeden kame\u0148, sa n\u00e1m otv\u00e1ra nieko\u013ekohodinov\u00e9 okno pre vlastn\u00e9 my\u0161lienky. <strong>Podvedome sme s\u00edce anga\u017eovan\u00ed v jazden\u00ed, av\u0161ak na\u0161a myse\u013e komunikuje iba so sebou<\/strong>. <\/span><\/p>\n<p><span style=\"font-weight: 400;\">Pohyb navy\u0161e prispieva k nabudeniu organizmu a k \u201epr\u00edchodu\u201c na in\u00e9 my\u0161lienky. Prem\u00fd\u0161\u013eanie o uplynulom dni, o pl\u00e1noch alebo aj o v\u00e1\u017enej\u0161\u00edch t\u00e9mach je po\u010das bicyklovania jedine\u010dn\u00fdm z\u00e1\u017eitkom. Nach\u00e1dzame nov\u00e9 spojitosti a vyvodzujeme alternat\u00edvne z\u00e1very. Aj okolit\u00e9 prostredie je podnetn\u00fdm stimulom. <\/span><\/p>\n<p><span style=\"font-weight: 400;\">Oproti \u0161tyrom sten\u00e1m izby vzbudzuje toti\u017e dojem, \u017ee probl\u00e9my maj\u00fa aj rie\u0161enia, ktor\u00e9 nemusia by\u0165 katastrof\u00e1lne. <strong>Pobyt v pr\u00edrode jednoducho nab\u00e1da k pozit\u00edvnemu a kon\u0161trukt\u00edvnemu mysleniu.<\/strong> Mo\u017enos\u0165ou je aj opa\u010dn\u00e1 situ\u00e1cia a to tzv. bezmy\u0161lienkovos\u0165, v ktorej ste akoby nepr\u00edtomn\u00fd duchom. Tento stav si preto uvedom\u00edte a\u017e na konci v\u00fdjazdu. Z praxe vieme, \u017ee aj tak\u00e1to absencia mysle je prospe\u0161n\u00e1 pre ka\u017edodenn\u00e9 fungovanie.<\/span><\/p>\n<h2><b>Cesta k rutine prostredn\u00edctvom pravideln\u00e9ho jazdenia<\/b><\/h2>\n<p><span style=\"font-weight: 400;\">M\u00f4\u017ee sa to sprvoti javi\u0165 ako negat\u00edvum, av\u0161ak rutina nie je prek\u00e1\u017ekou vo vo\u013enosti a nesp\u00fatanosti cyklistiky. Rutinu si vytv\u00e1rame prirodzene vo v\u00e4\u010d\u0161ine na\u0161ich \u010dinnost\u00ed a jej \u00fa\u010del je prim\u00e1rne v zautomatizovan\u00ed si t\u00fdch menej pr\u00edjemn\u00fdch \u010dinnost\u00ed. V r\u00e1mci bicyklovania to m\u00f4\u017ee by\u0165 pr\u00edprava oble\u010denia, z\u00e1kladn\u00fd pred-v\u00fdjazdov\u00fd servis a podobne.<\/span><\/p>\n<p><span style=\"font-weight: 400;\">\u010c\u00edm \u010dastej\u0161ie budete opakova\u0165 tieto aktivity spojen\u00e9 s takmer ka\u017ed\u00fdm v\u00fdjazdom, t\u00fdm ban\u00e1lnej\u0161ie v\u00e1m pr\u00eddu. In\u00fdmi slovami, <strong>nebudete im venova\u0165 pr\u00edli\u0161 mnoho ment\u00e1lnej kapacity, \u010d\u00edm si nebudete nar\u00fa\u0161a\u0165 chu\u0165 do jazdenia<\/strong>. Navy\u0161e, automatiz\u00e1ciou sa st\u00e1vate v t\u00fdchto \u010dinnostiach efekt\u00edvnej\u0161\u00ed a r\u00fdchlej\u0161\u00ed. \u0160etr\u00edte si tak \u010das, ktor\u00fd m\u00f4\u017eete vyu\u017ei\u0165 na jazdenie. Dodato\u010dn\u00fdm plusom je osvojenie si n\u00e1vyku na rutinu. Vyu\u017eijete ho aj v be\u017enom ka\u017edodennom \u017eivote, za \u010do budete zaiste v\u010fa\u010dn\u00fd.<\/span><span style=\"font-weight: 400;\"><br \/>\n<\/span><span style=\"font-weight: 400;\"><br \/>\n<\/span><span style=\"font-weight: 400;\">T\u00fdchto p\u00e1r pozit\u00edv bicyklovania ur\u010dite nevy\u010derp\u00e1va celkov\u00fd bal\u00edk toho, \u010do prospe\u0161n\u00e9 n\u00e1m jazda na dvoch koles\u00e1ch prin\u00e1\u0161a. V\u0161etko toti\u017e z\u00e1le\u017e\u00ed na va\u0161om postoji a\u00a0tom, ako sa dok\u00e1\u017eete na jednotliv\u00e9 momenty pozera\u0165 a\u00a0prija\u0165 ich. Cyklistika je jednoducho rozmanit\u00e1 a\u00a0taktie\u017e pon\u00faka mno\u017estvo sp\u00f4sobov, ako ju objavova\u0165 v\u017edy z\u00a0novej str\u00e1nky.<\/span><\/p>\n","protected":false},"excerpt":{"rendered":"<p>Sledovanie Tour de France z pohodlia domova m\u00f4\u017ee navodi\u0165 dojem, \u017ee cyklistika je iba o silen\u00ed tela do jeho limitov, [&hellip;]<\/p>\n","protected":false},"author":191,"featured_media":20707,"comment_status":"closed","ping_status":"closed","sticky":false,"template":"","format":"standard","meta":{"footnotes":""},"categories":[2],"tags":[559,619,115,597,546,1379,180,532,767,931,1533,784,55,318,161,623],"global-categories":[],"class_list":["post-20703","post","type-post","status-publish","format-standard","has-post-thumbnail","hentry","category-zdravie-trening","tag-bicykel","tag-bicyklovanie","tag-cestna-cyklistika","tag-cyklista","tag-cyklistika","tag-dusevne-zdravie","tag-horska-cyklistika","tag-jazdenie","tag-motivacia","tag-odporucame","tag-priroda","tag-stres","tag-trening","tag-vyjazd","tag-zdravie","tag-zdravy-zivotny-styl"],"yoast_head":"<!-- This site is optimized with the Yoast SEO Premium plugin v25.3 (Yoast SEO v25.9) - https:\/\/yoast.com\/wordpress\/plugins\/seo\/ -->\n<title>Cyklistika a myse\u013e: ako pravideln\u00fd pohyb ovplyv\u0148uje n\u00e1ladu<\/title>\n<meta name=\"description\" content=\"Cyklistika zlep\u0161uje n\u00e1ladu, zni\u017euje stres a podporuje du\u0161evn\u00fa pohodu. Ak\u00fd vplyv m\u00e1 pohybu na \u010derstvom vzduchu na psychick\u00e9 zdravie?\" \/>\n<meta name=\"robots\" content=\"index, follow, max-snippet:-1, max-image-preview:large, max-video-preview:-1\" \/>\n<link rel=\"canonical\" href=\"https:\/\/www.welovecycling.com\/sk\/2025\/07\/28\/cyklistika-a-dusevne-zdravie-ako-pravidelny-pohyb-ovplyvnuje-naladu\/\" \/>\n<meta property=\"og:locale\" content=\"sk_SK\" \/>\n<meta property=\"og:type\" content=\"article\" \/>\n<meta property=\"og:title\" content=\"Cyklistika a du\u0161evn\u00e9 zdravie: ako pravideln\u00fd pohyb ovplyv\u0148uje n\u00e1ladu\" \/>\n<meta property=\"og:description\" content=\"Cyklistika zlep\u0161uje n\u00e1ladu, zni\u017euje stres a podporuje du\u0161evn\u00fa pohodu. Ak\u00fd vplyv m\u00e1 pohybu na \u010derstvom vzduchu na psychick\u00e9 zdravie?\" \/>\n<meta property=\"og:url\" content=\"https:\/\/www.welovecycling.com\/sk\/2025\/07\/28\/cyklistika-a-dusevne-zdravie-ako-pravidelny-pohyb-ovplyvnuje-naladu\/\" \/>\n<meta property=\"og:site_name\" content=\"\u0160koda We Love Cycling Slovensko\" \/>\n<meta property=\"article:published_time\" content=\"2025-07-28T09:00:21+00:00\" \/>\n<meta property=\"og:image\" content=\"https:\/\/d2p6e6u75xmxt8.cloudfront.net\/4\/2025\/07\/00-1-scaled.webp\" \/>\n\t<meta property=\"og:image:width\" content=\"2560\" \/>\n\t<meta property=\"og:image:height\" content=\"1704\" \/>\n\t<meta property=\"og:image:type\" content=\"image\/webp\" \/>\n<meta name=\"author\" content=\"michal\" \/>\n<meta name=\"twitter:card\" content=\"summary_large_image\" \/>\n<meta name=\"twitter:label1\" content=\"Written by\" \/>\n\t<meta name=\"twitter:data1\" content=\"Filip Skali\u010dan\" \/>\n\t<meta name=\"twitter:label2\" content=\"Est. reading time\" \/>\n\t<meta name=\"twitter:data2\" content=\"4\" \/>\n<script type=\"application\/ld+json\" class=\"yoast-schema-graph\">{\"@context\":\"https:\/\/schema.org\",\"@graph\":[{\"@type\":\"WebPage\",\"@id\":\"https:\/\/www.welovecycling.com\/sk\/2025\/07\/28\/cyklistika-a-dusevne-zdravie-ako-pravidelny-pohyb-ovplyvnuje-naladu\/\",\"url\":\"https:\/\/www.welovecycling.com\/sk\/2025\/07\/28\/cyklistika-a-dusevne-zdravie-ako-pravidelny-pohyb-ovplyvnuje-naladu\/\",\"name\":\"Cyklistika a myse\u013e: ako pravideln\u00fd pohyb ovplyv\u0148uje n\u00e1ladu\",\"isPartOf\":{\"@id\":\"https:\/\/www.welovecycling.com\/sk\/#website\"},\"primaryImageOfPage\":{\"@id\":\"https:\/\/www.welovecycling.com\/sk\/2025\/07\/28\/cyklistika-a-dusevne-zdravie-ako-pravidelny-pohyb-ovplyvnuje-naladu\/#primaryimage\"},\"image\":{\"@id\":\"https:\/\/www.welovecycling.com\/sk\/2025\/07\/28\/cyklistika-a-dusevne-zdravie-ako-pravidelny-pohyb-ovplyvnuje-naladu\/#primaryimage\"},\"thumbnailUrl\":\"https:\/\/d2p6e6u75xmxt8.cloudfront.net\/4\/2025\/07\/00-1-scaled.webp\",\"datePublished\":\"2025-07-28T09:00:21+00:00\",\"author\":{\"@id\":\"https:\/\/www.welovecycling.com\/sk\/#\/schema\/person\/45e989de48eace55eb338c027dc5a65e\"},\"description\":\"Cyklistika zlep\u0161uje n\u00e1ladu, zni\u017euje stres a podporuje du\u0161evn\u00fa pohodu. Ak\u00fd vplyv m\u00e1 pohybu na \u010derstvom vzduchu na psychick\u00e9 zdravie?\",\"breadcrumb\":{\"@id\":\"https:\/\/www.welovecycling.com\/sk\/2025\/07\/28\/cyklistika-a-dusevne-zdravie-ako-pravidelny-pohyb-ovplyvnuje-naladu\/#breadcrumb\"},\"inLanguage\":\"sk-SK\",\"potentialAction\":[{\"@type\":\"ReadAction\",\"target\":[\"https:\/\/www.welovecycling.com\/sk\/2025\/07\/28\/cyklistika-a-dusevne-zdravie-ako-pravidelny-pohyb-ovplyvnuje-naladu\/\"]}]},{\"@type\":\"ImageObject\",\"inLanguage\":\"sk-SK\",\"@id\":\"https:\/\/www.welovecycling.com\/sk\/2025\/07\/28\/cyklistika-a-dusevne-zdravie-ako-pravidelny-pohyb-ovplyvnuje-naladu\/#primaryimage\",\"url\":\"https:\/\/d2p6e6u75xmxt8.cloudfront.net\/4\/2025\/07\/00-1-scaled.webp\",\"contentUrl\":\"https:\/\/d2p6e6u75xmxt8.cloudfront.net\/4\/2025\/07\/00-1-scaled.webp\",\"width\":2560,\"height\":1704},{\"@type\":\"BreadcrumbList\",\"@id\":\"https:\/\/www.welovecycling.com\/sk\/2025\/07\/28\/cyklistika-a-dusevne-zdravie-ako-pravidelny-pohyb-ovplyvnuje-naladu\/#breadcrumb\",\"itemListElement\":[{\"@type\":\"ListItem\",\"position\":1,\"name\":\"Home\",\"item\":\"https:\/\/www.welovecycling.com\/sk\/\"},{\"@type\":\"ListItem\",\"position\":2,\"name\":\"Cyklistika a du\u0161evn\u00e9 zdravie: ako pravideln\u00fd pohyb ovplyv\u0148uje n\u00e1ladu\"}]},{\"@type\":\"WebSite\",\"@id\":\"https:\/\/www.welovecycling.com\/sk\/#website\",\"url\":\"https:\/\/www.welovecycling.com\/sk\/\",\"name\":\"\u0160koda We Love Cycling Slovensko\",\"description\":\"\u0160koda We Love Cycling Slovensko je v\u00e1\u0161 ka\u017edodenn\u00fd zdroj noviniek a in\u0161pir\u00e1cie z sveta cyklistiky\",\"potentialAction\":[{\"@type\":\"SearchAction\",\"target\":{\"@type\":\"EntryPoint\",\"urlTemplate\":\"https:\/\/www.welovecycling.com\/sk\/?s={search_term_string}\"},\"query-input\":{\"@type\":\"PropertyValueSpecification\",\"valueRequired\":true,\"valueName\":\"search_term_string\"}}],\"inLanguage\":\"sk-SK\"},{\"@type\":\"Person\",\"@id\":\"https:\/\/www.welovecycling.com\/sk\/#\/schema\/person\/45e989de48eace55eb338c027dc5a65e\",\"name\":\"michal\",\"image\":{\"@type\":\"ImageObject\",\"inLanguage\":\"sk-SK\",\"@id\":\"https:\/\/www.welovecycling.com\/sk\/#\/schema\/person\/image\/\",\"url\":\"https:\/\/secure.gravatar.com\/avatar\/7f8deb1af8506a5f53d1b779436f546bce1c8c40c09780107ad3811c7dc4bbcb?s=96&d=mm&r=g\",\"contentUrl\":\"https:\/\/secure.gravatar.com\/avatar\/7f8deb1af8506a5f53d1b779436f546bce1c8c40c09780107ad3811c7dc4bbcb?s=96&d=mm&r=g\",\"caption\":\"michal\"},\"url\":\"https:\/\/www.welovecycling.com\/sk\/author\/michal\/\"}]}<\/script>\n<!-- \/ Yoast SEO Premium plugin. -->","yoast_head_json":{"title":"Cyklistika a myse\u013e: ako pravideln\u00fd pohyb ovplyv\u0148uje n\u00e1ladu","description":"Cyklistika zlep\u0161uje n\u00e1ladu, zni\u017euje stres a podporuje du\u0161evn\u00fa pohodu. Ak\u00fd vplyv m\u00e1 pohybu na \u010derstvom vzduchu na psychick\u00e9 zdravie?","robots":{"index":"index","follow":"follow","max-snippet":"max-snippet:-1","max-image-preview":"max-image-preview:large","max-video-preview":"max-video-preview:-1"},"canonical":"https:\/\/www.welovecycling.com\/sk\/2025\/07\/28\/cyklistika-a-dusevne-zdravie-ako-pravidelny-pohyb-ovplyvnuje-naladu\/","og_locale":"sk_SK","og_type":"article","og_title":"Cyklistika a du\u0161evn\u00e9 zdravie: ako pravideln\u00fd pohyb ovplyv\u0148uje n\u00e1ladu","og_description":"Cyklistika zlep\u0161uje n\u00e1ladu, zni\u017euje stres a podporuje du\u0161evn\u00fa pohodu. Ak\u00fd vplyv m\u00e1 pohybu na \u010derstvom vzduchu na psychick\u00e9 zdravie?","og_url":"https:\/\/www.welovecycling.com\/sk\/2025\/07\/28\/cyklistika-a-dusevne-zdravie-ako-pravidelny-pohyb-ovplyvnuje-naladu\/","og_site_name":"\u0160koda We Love Cycling Slovensko","article_published_time":"2025-07-28T09:00:21+00:00","og_image":[{"width":2560,"height":1704,"url":"https:\/\/d2p6e6u75xmxt8.cloudfront.net\/4\/2025\/07\/00-1-scaled.webp","type":"image\/webp"}],"author":"michal","twitter_card":"summary_large_image","twitter_misc":{"Written by":"Filip Skali\u010dan","Est. reading time":"4"},"schema":{"@context":"https:\/\/schema.org","@graph":[{"@type":"WebPage","@id":"https:\/\/www.welovecycling.com\/sk\/2025\/07\/28\/cyklistika-a-dusevne-zdravie-ako-pravidelny-pohyb-ovplyvnuje-naladu\/","url":"https:\/\/www.welovecycling.com\/sk\/2025\/07\/28\/cyklistika-a-dusevne-zdravie-ako-pravidelny-pohyb-ovplyvnuje-naladu\/","name":"Cyklistika a myse\u013e: ako pravideln\u00fd pohyb ovplyv\u0148uje n\u00e1ladu","isPartOf":{"@id":"https:\/\/www.welovecycling.com\/sk\/#website"},"primaryImageOfPage":{"@id":"https:\/\/www.welovecycling.com\/sk\/2025\/07\/28\/cyklistika-a-dusevne-zdravie-ako-pravidelny-pohyb-ovplyvnuje-naladu\/#primaryimage"},"image":{"@id":"https:\/\/www.welovecycling.com\/sk\/2025\/07\/28\/cyklistika-a-dusevne-zdravie-ako-pravidelny-pohyb-ovplyvnuje-naladu\/#primaryimage"},"thumbnailUrl":"https:\/\/d2p6e6u75xmxt8.cloudfront.net\/4\/2025\/07\/00-1-scaled.webp","datePublished":"2025-07-28T09:00:21+00:00","author":{"@id":"https:\/\/www.welovecycling.com\/sk\/#\/schema\/person\/45e989de48eace55eb338c027dc5a65e"},"description":"Cyklistika zlep\u0161uje n\u00e1ladu, zni\u017euje stres a podporuje du\u0161evn\u00fa pohodu. Ak\u00fd vplyv m\u00e1 pohybu na \u010derstvom vzduchu na psychick\u00e9 zdravie?","breadcrumb":{"@id":"https:\/\/www.welovecycling.com\/sk\/2025\/07\/28\/cyklistika-a-dusevne-zdravie-ako-pravidelny-pohyb-ovplyvnuje-naladu\/#breadcrumb"},"inLanguage":"sk-SK","potentialAction":[{"@type":"ReadAction","target":["https:\/\/www.welovecycling.com\/sk\/2025\/07\/28\/cyklistika-a-dusevne-zdravie-ako-pravidelny-pohyb-ovplyvnuje-naladu\/"]}]},{"@type":"ImageObject","inLanguage":"sk-SK","@id":"https:\/\/www.welovecycling.com\/sk\/2025\/07\/28\/cyklistika-a-dusevne-zdravie-ako-pravidelny-pohyb-ovplyvnuje-naladu\/#primaryimage","url":"https:\/\/d2p6e6u75xmxt8.cloudfront.net\/4\/2025\/07\/00-1-scaled.webp","contentUrl":"https:\/\/d2p6e6u75xmxt8.cloudfront.net\/4\/2025\/07\/00-1-scaled.webp","width":2560,"height":1704},{"@type":"BreadcrumbList","@id":"https:\/\/www.welovecycling.com\/sk\/2025\/07\/28\/cyklistika-a-dusevne-zdravie-ako-pravidelny-pohyb-ovplyvnuje-naladu\/#breadcrumb","itemListElement":[{"@type":"ListItem","position":1,"name":"Home","item":"https:\/\/www.welovecycling.com\/sk\/"},{"@type":"ListItem","position":2,"name":"Cyklistika a du\u0161evn\u00e9 zdravie: ako pravideln\u00fd pohyb ovplyv\u0148uje n\u00e1ladu"}]},{"@type":"WebSite","@id":"https:\/\/www.welovecycling.com\/sk\/#website","url":"https:\/\/www.welovecycling.com\/sk\/","name":"\u0160koda We Love Cycling Slovensko","description":"\u0160koda We Love Cycling Slovensko je v\u00e1\u0161 ka\u017edodenn\u00fd zdroj noviniek a in\u0161pir\u00e1cie z sveta cyklistiky","potentialAction":[{"@type":"SearchAction","target":{"@type":"EntryPoint","urlTemplate":"https:\/\/www.welovecycling.com\/sk\/?s={search_term_string}"},"query-input":{"@type":"PropertyValueSpecification","valueRequired":true,"valueName":"search_term_string"}}],"inLanguage":"sk-SK"},{"@type":"Person","@id":"https:\/\/www.welovecycling.com\/sk\/#\/schema\/person\/45e989de48eace55eb338c027dc5a65e","name":"michal","image":{"@type":"ImageObject","inLanguage":"sk-SK","@id":"https:\/\/www.welovecycling.com\/sk\/#\/schema\/person\/image\/","url":"https:\/\/secure.gravatar.com\/avatar\/7f8deb1af8506a5f53d1b779436f546bce1c8c40c09780107ad3811c7dc4bbcb?s=96&d=mm&r=g","contentUrl":"https:\/\/secure.gravatar.com\/avatar\/7f8deb1af8506a5f53d1b779436f546bce1c8c40c09780107ad3811c7dc4bbcb?s=96&d=mm&r=g","caption":"michal"},"url":"https:\/\/www.welovecycling.com\/sk\/author\/michal\/"}]}},"_links":{"self":[{"href":"https:\/\/www.welovecycling.com\/sk\/wp-json\/wp\/v2\/posts\/20703","targetHints":{"allow":["GET"]}}],"collection":[{"href":"https:\/\/www.welovecycling.com\/sk\/wp-json\/wp\/v2\/posts"}],"about":[{"href":"https:\/\/www.welovecycling.com\/sk\/wp-json\/wp\/v2\/types\/post"}],"author":[{"embeddable":true,"href":"https:\/\/www.welovecycling.com\/sk\/wp-json\/wp\/v2\/users\/191"}],"replies":[{"embeddable":true,"href":"https:\/\/www.welovecycling.com\/sk\/wp-json\/wp\/v2\/comments?post=20703"}],"version-history":[{"count":5,"href":"https:\/\/www.welovecycling.com\/sk\/wp-json\/wp\/v2\/posts\/20703\/revisions"}],"predecessor-version":[{"id":20711,"href":"https:\/\/www.welovecycling.com\/sk\/wp-json\/wp\/v2\/posts\/20703\/revisions\/20711"}],"wp:featuredmedia":[{"embeddable":true,"href":"https:\/\/www.welovecycling.com\/sk\/wp-json\/wp\/v2\/media\/20707"}],"wp:attachment":[{"href":"https:\/\/www.welovecycling.com\/sk\/wp-json\/wp\/v2\/media?parent=20703"}],"wp:term":[{"taxonomy":"category","embeddable":true,"href":"https:\/\/www.welovecycling.com\/sk\/wp-json\/wp\/v2\/categories?post=20703"},{"taxonomy":"post_tag","embeddable":true,"href":"https:\/\/www.welovecycling.com\/sk\/wp-json\/wp\/v2\/tags?post=20703"},{"taxonomy":"global-categories","embeddable":true,"href":"https:\/\/www.welovecycling.com\/sk\/wp-json\/wp\/v2\/global-categories?post=20703"}],"curies":[{"name":"wp","href":"https:\/\/api.w.org\/{rel}","templated":true}]}}