{"id":2068,"date":"2017-09-01T11:02:49","date_gmt":"2017-09-01T09:02:49","guid":{"rendered":"https:\/\/www.welovecycling.com\/sk\/?p=2068"},"modified":"2017-09-05T11:29:53","modified_gmt":"2017-09-05T09:29:53","slug":"la-vuelta-ma-za-sebou-podstate-prvu-polovicu-vyzera-suboj-frooma-nibaliho-ktore-etapy-mozu-este-rozhodnut","status":"publish","type":"post","link":"https:\/\/www.welovecycling.com\/sk\/2017\/09\/01\/la-vuelta-ma-za-sebou-podstate-prvu-polovicu-vyzera-suboj-frooma-nibaliho-ktore-etapy-mozu-este-rozhodnut\/","title":{"rendered":"La Vuelta m\u00e1 za sebou prv\u00fa polovicu a vyzer\u00e1 to na s\u00faboj Frooma a Nibaliho. Ktor\u00e9 etapy m\u00f4\u017eu e\u0161te rozhodn\u00fa\u0165?"},"content":{"rendered":"<p><strong>Posledn\u00e1 Grand Tour sez\u00f3ny pon\u00faka op\u00e4\u0165 v\u00fdborn\u00e9 s\u00faboje a aj jazdci s\u00fa ochotn\u00ed trochu viac riskova\u0165 ako napr. na ned\u00e1vnej Tour de France. Navy\u0161e, cel\u00e9 podujatie je zn\u00e1me t\u00fdm, \u017ee o dojazdy na st\u00fapaniach nie je v\u00f4bec n\u00fadza, tak\u017ee takmer v ka\u017edej etape sa nie\u010do udeje aj v r\u00e1mci celkov\u00e9ho poradia.<\/strong><!--more--><\/p>\n<figure id=\"attachment_2113\" aria-describedby=\"caption-attachment-2113\" style=\"width: 1000px\" class=\"wp-caption alignnone\"><a href=\"https:\/\/d2p6e6u75xmxt8.cloudfront.net\/4\/2017\/08\/01-1.jpg\"><img loading=\"lazy\" decoding=\"async\" class=\"size-full wp-image-2113\" src=\"https:\/\/d2p6e6u75xmxt8.cloudfront.net\/4\/2017\/08\/01-1.jpg\" alt=\"\" width=\"1000\" height=\"666\" \/><\/a><figcaption id=\"caption-attachment-2113\" class=\"wp-caption-text\">8 Etapa Vuelta Espa\u00f1a;Hellin-Xorret de Cati 199,5 Km<\/figcaption><\/figure>\n<p>Zatia\u013e to vyzer\u00e1 na duel medzi Christopherom Froomom, ktor\u00fd sa pok\u00fa\u0161a o double Tour \u2013 Vuelta a Vincenzom Nibalim. V\u00fdborne sa ukazuje aj Esteban Ch\u00e1ves, Wilco Kelderman alebo David De La Cruz. Dom\u00e1ci matador &#8211; Alberto Contador s\u00edce str\u00e1ca v celkovom porad\u00ed viac ako 3 min., no st\u00e1le bojuje ako lev aj na svojej poslednej Grand Tour v kari\u00e9re. Aj ke\u010f udia\u0165 sa m\u00f4\u017ee v podstate \u010doko\u013evek v ka\u017edej etape, vybrali sme e\u0161te tie, ktor\u00e9 m\u00f4\u017eu rozhodn\u00fa\u0165 alebo s\u013eubuj\u00fa pekn\u00e9 \u201edivadlo\u201c.<\/p>\n<p>https:\/\/www.instagram.com\/p\/BYbR61-lxsf\/?taken-by=chrisfroome<\/p>\n<p>https:\/\/www.instagram.com\/p\/BYEgwQRgDI5\/?taken-by=vincenzonibali<\/p>\n<p><strong>Celkov\u00e9 poradie po 11. etape:<\/strong><\/p>\n<ol>\n<li>Christopher Froome (Team SKY): 45:18:01<\/li>\n<li>Vincenzo Nibali (Bahrain Merida Pro Cycling Team): 01:19<\/li>\n<li>Esteban Ch\u00e1ves (ORICA &#8211; Scott): 02:33<\/li>\n<li>David De La Cruz (Quick-Step Floors): 02:36<\/li>\n<li>Wilco Kelderman (Team Sunweb): 02:37<\/li>\n<\/ol>\n<p>https:\/\/www.instagram.com\/p\/BYJP3E4FICE\/?taken-by=acontadoroficial<\/p>\n<h2><strong>16. etapa: Circuito de Navarra \u2013 Logro\u0148o. 42 km, \u010dasovka jednotlivcov (utorok, 5. septembra)<\/strong><\/h2>\n<p>V poslednom \u010dase v\u00fdrazne rozhoduj\u00fa o celkovom porad\u00ed ve\u013ek\u00fdch \u201eetap\u00e1kov\u201c pr\u00e1ve \u010dasovky a pr\u00e1ve takou je aj t\u00e1 na 42 km. Je v podstate rovinat\u00e1 a bude poriadne r\u00fdchla \u2013 \u010do pr\u00e1ve nesed\u00ed klasick\u00fdm vrch\u00e1rom typu Ch\u00e1vesa, ale naopak ve\u013emi sed\u00ed Froomovi. Ten je jedine\u010dn\u00fd pr\u00e1ve v tom, \u017ee dok\u00e1\u017ee bez probl\u00e9mov zvl\u00e1dnu\u0165 aj tak\u00fdto profil a dokonca ohrozi\u0165 aj \u0161pecialistov. Uvid\u00edme, ako si porad\u00ed Nibali, ktor\u00fd rovnako dok\u00e1\u017ee \u010dasovku zvl\u00e1dnu\u0165, ale ve\u013emi z\u00e1le\u017e\u00ed, ako sa bude ten de\u0148 c\u00edti\u0165&#8230;<\/p>\n<p><a href=\"https:\/\/d2p6e6u75xmxt8.cloudfront.net\/4\/2017\/08\/profil_01-1.png\"><img loading=\"lazy\" decoding=\"async\" class=\"alignnone size-full wp-image-2115\" src=\"https:\/\/d2p6e6u75xmxt8.cloudfront.net\/4\/2017\/08\/profil_01-1.png\" alt=\"\" width=\"1110\" height=\"474\" \/><\/a><\/p>\n<h2><strong>17. etapa: Villadiego \u2013 Los Machucose, 180,5 km (streda, 6. septembra)<\/strong><\/h2>\n<p>Na t\u00fato etapu \u010dakaj\u00fa mnoh\u00ed a patr\u00ed medzi najviac sklo\u0148ovan\u00e9. V z\u00e1vere toti\u017e \u010dak\u00e1 na pretek\u00e1rov skuto\u010dne n\u00e1ro\u010dn\u00fd technick\u00fd zjazd, kde m\u00f4\u017ee svoje schopnosti z\u00faro\u010di\u0165 pr\u00e1ve Nibali, ktor\u00fd patr\u00ed k najlep\u0161\u00edm zjazd\u00e1rom v pelot\u00f3ne. Hne\u010f potom toti\u017e nasleduje brut\u00e1lne fin\u00e1lne st\u00fapanie a\u017e k cie\u013eu, ktor\u00e9 ma celkov\u00fd priemer 8,7 % na d\u013a\u017eke 7 km, no nech\u00fdbaj\u00fa \u00faseky cez 20 % a viac. Fin\u00e1lne tri kilometre dosahuj\u00fa priemer dvan\u00e1s\u0165 percent a bude sa veru na \u010do pozera\u0165. Navy\u0161e, na tohtoro\u010dnej Vuelte sa Froome prejavuje ako najviac v\u00fdbu\u0161n\u00fd jazdec v r\u00e1mci jazdcov pre celkov\u00fa klasifik\u00e1ciu a zrejme si bude chcie\u0165 prip\u00edsa\u0165 \u010fal\u0161ie v\u00ed\u0165azstvo \u2013 pr\u00e1ve tie etapov\u00e9 mu toti\u017e tento rok celkom ch\u00fdbaj\u00fa.<\/p>\n<p><a href=\"https:\/\/d2p6e6u75xmxt8.cloudfront.net\/4\/2017\/08\/profil_02.png\"><img loading=\"lazy\" decoding=\"async\" class=\"alignnone size-full wp-image-2116\" src=\"https:\/\/d2p6e6u75xmxt8.cloudfront.net\/4\/2017\/08\/profil_02.png\" alt=\"\" width=\"1633\" height=\"930\" \/><\/a><\/p>\n<h2><strong>20. etapa: Corvera de Asturias \u2013 Alto de l\u2019Angliru, 117,5 km (sobota, 9. septembra)<\/strong><\/h2>\n<p>Sta\u010d\u00ed sa pozrie\u0165 na profil predposlednej etapy a mus\u00ed v\u00e1m by\u0165 jasn\u00e9, \u017ee toto bude fin\u00e1le ako sa patr\u00ed. St\u00fapanie Alto de L\u2019Angliru (d\u013a\u017eka 12,5 km; sklon 9,8 %) patr\u00ed medzi naj\u0165a\u017e\u0161ie v\u00f4bec, a t\u00fdm nemysl\u00edme len na Vuelte \u2013 nech\u00fdbaj\u00fa \u00faseky, ktor\u00e9 dosahuj\u00fa aj 20% a viac, \u010do pri danej d\u013a\u017eke kopca vie jazdcov doslova zastavi\u0165 na mieste. Ak nejak\u00fd v\u00fdborn\u00fd vrch\u00e1r naberie stratu v \u010dasovke, tu m\u00f4\u017ee \u010das z\u00edska\u0165 op\u00e4\u0165 na svoju stranu. Navy\u0161e, cel\u00e1 etapa je kr\u00e1tka, \u010do bude znamena\u0165 jedin\u00e9 \u2013 poriadne r\u00fdchle tempo u\u017e od za\u010diatku, navy\u0161e pred samotn\u00fdm l\u2019Angliru \u010dakaj\u00fa e\u0161te 2 horsk\u00e9 pr\u00e9mie. V tejto etape m\u00f4\u017eete ve\u013ea strati\u0165, no rovnako aj ve\u013ea z\u00edska\u0165 a ve\u013emi z\u00e1le\u017e\u00ed, ak\u00e9 rozostupy si do nej jazdci prived\u00fa \u2013 d\u00fafajme, \u017ee poriadne tesn\u00e9, nech sa bude na \u010do pozera\u0165&#8230;<\/p>\n<p><a href=\"https:\/\/d2p6e6u75xmxt8.cloudfront.net\/4\/2017\/08\/profil_03.png\"><img loading=\"lazy\" decoding=\"async\" class=\"alignnone size-full wp-image-2117\" src=\"https:\/\/d2p6e6u75xmxt8.cloudfront.net\/4\/2017\/08\/profil_03.png\" alt=\"\" width=\"1399\" height=\"930\" \/><\/a><\/p>\n","protected":false},"excerpt":{"rendered":"<p>Posledn\u00e1 Grand Tour sez\u00f3ny pon\u00faka op\u00e4\u0165 v\u00fdborn\u00e9 s\u00faboje a aj jazdci s\u00fa ochotn\u00ed trochu viac riskova\u0165 ako napr. na ned\u00e1vnej [&hellip;]<\/p>\n","protected":false},"author":38,"featured_media":2073,"comment_status":"open","ping_status":"open","sticky":false,"template":"","format":"standard","meta":{"footnotes":""},"categories":[4,63,217],"tags":[121,227,119,226,224,228,197,229,219,225],"global-categories":[],"class_list":["post-2068","post","type-post","status-publish","format-standard","has-post-thumbnail","hentry","category-cestna-cyklisitika","category-grand-tour","category-vuelta-a-espana","tag-alberto-contador","tag-casovka","tag-chris-froome","tag-david-de-la-cruz","tag-esteban-chaves","tag-hors-categorie","tag-vincenzo-nibali","tag-vrcharske-finale","tag-vuelta-a-espana","tag-wilco-kelderman"],"yoast_head":"<!-- This site is optimized with the Yoast SEO Premium plugin v25.3 (Yoast SEO v25.9) - https:\/\/yoast.com\/wordpress\/plugins\/seo\/ -->\n<title>La Vuelta m\u00e1 za sebou prv\u00fa polovicu a vyzer\u00e1 to na s\u00faboj Frooma a Nibaliho. Ktor\u00e9 etapy m\u00f4\u017eu e\u0161te rozhodn\u00fa\u0165? - \u0160koda We Love Cycling Slovensko<\/title>\n<meta name=\"robots\" content=\"index, follow, max-snippet:-1, max-image-preview:large, max-video-preview:-1\" \/>\n<link rel=\"canonical\" href=\"https:\/\/www.welovecycling.com\/sk\/2017\/09\/01\/la-vuelta-ma-za-sebou-podstate-prvu-polovicu-vyzera-suboj-frooma-nibaliho-ktore-etapy-mozu-este-rozhodnut\/\" \/>\n<meta property=\"og:locale\" content=\"sk_SK\" \/>\n<meta property=\"og:type\" content=\"article\" \/>\n<meta property=\"og:title\" content=\"La Vuelta m\u00e1 za sebou prv\u00fa polovicu a vyzer\u00e1 to na s\u00faboj Frooma a Nibaliho. Ktor\u00e9 etapy m\u00f4\u017eu e\u0161te rozhodn\u00fa\u0165?\" \/>\n<meta property=\"og:description\" content=\"Posledn\u00e1 Grand Tour sez\u00f3ny pon\u00faka op\u00e4\u0165 v\u00fdborn\u00e9 s\u00faboje a aj jazdci s\u00fa ochotn\u00ed trochu viac riskova\u0165 ako napr. na ned\u00e1vnej [&hellip;]\" \/>\n<meta property=\"og:url\" content=\"https:\/\/www.welovecycling.com\/sk\/2017\/09\/01\/la-vuelta-ma-za-sebou-podstate-prvu-polovicu-vyzera-suboj-frooma-nibaliho-ktore-etapy-mozu-este-rozhodnut\/\" \/>\n<meta property=\"og:site_name\" content=\"\u0160koda We Love Cycling Slovensko\" \/>\n<meta property=\"article:published_time\" content=\"2017-09-01T09:02:49+00:00\" \/>\n<meta property=\"article:modified_time\" content=\"2017-09-05T09:29:53+00:00\" \/>\n<meta property=\"og:image\" content=\"https:\/\/d2p6e6u75xmxt8.cloudfront.net\/4\/2017\/08\/profimedia-0346040990jpg.webp\" \/>\n\t<meta property=\"og:image:width\" content=\"1375\" \/>\n\t<meta property=\"og:image:height\" content=\"600\" \/>\n\t<meta property=\"og:image:type\" content=\"image\/webp\" \/>\n<meta name=\"author\" content=\"Ondrej Ga\u0161par\" \/>\n<meta name=\"twitter:card\" content=\"summary_large_image\" \/>\n<meta name=\"twitter:label1\" content=\"Written by\" \/>\n\t<meta name=\"twitter:data1\" content=\"Martin Imrich\" \/>\n\t<meta name=\"twitter:label2\" content=\"Est. reading time\" \/>\n\t<meta name=\"twitter:data2\" content=\"3 minutes\" \/>\n<script type=\"application\/ld+json\" class=\"yoast-schema-graph\">{\"@context\":\"https:\/\/schema.org\",\"@graph\":[{\"@type\":\"WebPage\",\"@id\":\"https:\/\/www.welovecycling.com\/sk\/2017\/09\/01\/la-vuelta-ma-za-sebou-podstate-prvu-polovicu-vyzera-suboj-frooma-nibaliho-ktore-etapy-mozu-este-rozhodnut\/\",\"url\":\"https:\/\/www.welovecycling.com\/sk\/2017\/09\/01\/la-vuelta-ma-za-sebou-podstate-prvu-polovicu-vyzera-suboj-frooma-nibaliho-ktore-etapy-mozu-este-rozhodnut\/\",\"name\":\"La Vuelta m\u00e1 za sebou prv\u00fa polovicu a vyzer\u00e1 to na s\u00faboj Frooma a Nibaliho. Ktor\u00e9 etapy m\u00f4\u017eu e\u0161te rozhodn\u00fa\u0165? - \u0160koda We Love Cycling Slovensko\",\"isPartOf\":{\"@id\":\"https:\/\/www.welovecycling.com\/sk\/#website\"},\"primaryImageOfPage\":{\"@id\":\"https:\/\/www.welovecycling.com\/sk\/2017\/09\/01\/la-vuelta-ma-za-sebou-podstate-prvu-polovicu-vyzera-suboj-frooma-nibaliho-ktore-etapy-mozu-este-rozhodnut\/#primaryimage\"},\"image\":{\"@id\":\"https:\/\/www.welovecycling.com\/sk\/2017\/09\/01\/la-vuelta-ma-za-sebou-podstate-prvu-polovicu-vyzera-suboj-frooma-nibaliho-ktore-etapy-mozu-este-rozhodnut\/#primaryimage\"},\"thumbnailUrl\":\"https:\/\/d2p6e6u75xmxt8.cloudfront.net\/4\/2017\/08\/profimedia-0346040990jpg.webp\",\"datePublished\":\"2017-09-01T09:02:49+00:00\",\"dateModified\":\"2017-09-05T09:29:53+00:00\",\"author\":{\"@id\":\"https:\/\/www.welovecycling.com\/sk\/#\/schema\/person\/8ee09ba39b7e25b1870160aa5b3a89bc\"},\"breadcrumb\":{\"@id\":\"https:\/\/www.welovecycling.com\/sk\/2017\/09\/01\/la-vuelta-ma-za-sebou-podstate-prvu-polovicu-vyzera-suboj-frooma-nibaliho-ktore-etapy-mozu-este-rozhodnut\/#breadcrumb\"},\"inLanguage\":\"sk-SK\",\"potentialAction\":[{\"@type\":\"ReadAction\",\"target\":[\"https:\/\/www.welovecycling.com\/sk\/2017\/09\/01\/la-vuelta-ma-za-sebou-podstate-prvu-polovicu-vyzera-suboj-frooma-nibaliho-ktore-etapy-mozu-este-rozhodnut\/\"]}]},{\"@type\":\"ImageObject\",\"inLanguage\":\"sk-SK\",\"@id\":\"https:\/\/www.welovecycling.com\/sk\/2017\/09\/01\/la-vuelta-ma-za-sebou-podstate-prvu-polovicu-vyzera-suboj-frooma-nibaliho-ktore-etapy-mozu-este-rozhodnut\/#primaryimage\",\"url\":\"https:\/\/d2p6e6u75xmxt8.cloudfront.net\/4\/2017\/08\/profimedia-0346040990jpg.webp\",\"contentUrl\":\"https:\/\/d2p6e6u75xmxt8.cloudfront.net\/4\/2017\/08\/profimedia-0346040990jpg.webp\",\"width\":1375,\"height\":600},{\"@type\":\"BreadcrumbList\",\"@id\":\"https:\/\/www.welovecycling.com\/sk\/2017\/09\/01\/la-vuelta-ma-za-sebou-podstate-prvu-polovicu-vyzera-suboj-frooma-nibaliho-ktore-etapy-mozu-este-rozhodnut\/#breadcrumb\",\"itemListElement\":[{\"@type\":\"ListItem\",\"position\":1,\"name\":\"Home\",\"item\":\"https:\/\/www.welovecycling.com\/sk\/\"},{\"@type\":\"ListItem\",\"position\":2,\"name\":\"La Vuelta m\u00e1 za sebou prv\u00fa polovicu a vyzer\u00e1 to na s\u00faboj Frooma a Nibaliho. Ktor\u00e9 etapy m\u00f4\u017eu e\u0161te rozhodn\u00fa\u0165?\"}]},{\"@type\":\"WebSite\",\"@id\":\"https:\/\/www.welovecycling.com\/sk\/#website\",\"url\":\"https:\/\/www.welovecycling.com\/sk\/\",\"name\":\"\u0160koda We Love Cycling Slovensko\",\"description\":\"\u0160koda We Love Cycling Slovensko je v\u00e1\u0161 ka\u017edodenn\u00fd zdroj noviniek a in\u0161pir\u00e1cie z sveta cyklistiky\",\"potentialAction\":[{\"@type\":\"SearchAction\",\"target\":{\"@type\":\"EntryPoint\",\"urlTemplate\":\"https:\/\/www.welovecycling.com\/sk\/?s={search_term_string}\"},\"query-input\":{\"@type\":\"PropertyValueSpecification\",\"valueRequired\":true,\"valueName\":\"search_term_string\"}}],\"inLanguage\":\"sk-SK\"},{\"@type\":\"Person\",\"@id\":\"https:\/\/www.welovecycling.com\/sk\/#\/schema\/person\/8ee09ba39b7e25b1870160aa5b3a89bc\",\"name\":\"Ondrej Ga\u0161par\",\"image\":{\"@type\":\"ImageObject\",\"inLanguage\":\"sk-SK\",\"@id\":\"https:\/\/www.welovecycling.com\/sk\/#\/schema\/person\/image\/\",\"url\":\"https:\/\/secure.gravatar.com\/avatar\/6126c9afb87b70da5abbb083ddbb21933da15f18f8ca7cb822aba0fb096a48f6?s=96&d=mm&r=g\",\"contentUrl\":\"https:\/\/secure.gravatar.com\/avatar\/6126c9afb87b70da5abbb083ddbb21933da15f18f8ca7cb822aba0fb096a48f6?s=96&d=mm&r=g\",\"caption\":\"Ondrej Ga\u0161par\"},\"url\":\"https:\/\/www.welovecycling.com\/sk\/author\/ondrejgaspar\/\"}]}<\/script>\n<!-- \/ Yoast SEO Premium plugin. -->","yoast_head_json":{"title":"La Vuelta m\u00e1 za sebou prv\u00fa polovicu a vyzer\u00e1 to na s\u00faboj Frooma a Nibaliho. Ktor\u00e9 etapy m\u00f4\u017eu e\u0161te rozhodn\u00fa\u0165? - \u0160koda We Love Cycling Slovensko","robots":{"index":"index","follow":"follow","max-snippet":"max-snippet:-1","max-image-preview":"max-image-preview:large","max-video-preview":"max-video-preview:-1"},"canonical":"https:\/\/www.welovecycling.com\/sk\/2017\/09\/01\/la-vuelta-ma-za-sebou-podstate-prvu-polovicu-vyzera-suboj-frooma-nibaliho-ktore-etapy-mozu-este-rozhodnut\/","og_locale":"sk_SK","og_type":"article","og_title":"La Vuelta m\u00e1 za sebou prv\u00fa polovicu a vyzer\u00e1 to na s\u00faboj Frooma a Nibaliho. Ktor\u00e9 etapy m\u00f4\u017eu e\u0161te rozhodn\u00fa\u0165?","og_description":"Posledn\u00e1 Grand Tour sez\u00f3ny pon\u00faka op\u00e4\u0165 v\u00fdborn\u00e9 s\u00faboje a aj jazdci s\u00fa ochotn\u00ed trochu viac riskova\u0165 ako napr. na ned\u00e1vnej [&hellip;]","og_url":"https:\/\/www.welovecycling.com\/sk\/2017\/09\/01\/la-vuelta-ma-za-sebou-podstate-prvu-polovicu-vyzera-suboj-frooma-nibaliho-ktore-etapy-mozu-este-rozhodnut\/","og_site_name":"\u0160koda We Love Cycling Slovensko","article_published_time":"2017-09-01T09:02:49+00:00","article_modified_time":"2017-09-05T09:29:53+00:00","og_image":[{"width":1375,"height":600,"url":"https:\/\/d2p6e6u75xmxt8.cloudfront.net\/4\/2017\/08\/profimedia-0346040990jpg.webp","type":"image\/webp"}],"author":"Ondrej Ga\u0161par","twitter_card":"summary_large_image","twitter_misc":{"Written by":"Martin Imrich","Est. reading time":"3 minutes"},"schema":{"@context":"https:\/\/schema.org","@graph":[{"@type":"WebPage","@id":"https:\/\/www.welovecycling.com\/sk\/2017\/09\/01\/la-vuelta-ma-za-sebou-podstate-prvu-polovicu-vyzera-suboj-frooma-nibaliho-ktore-etapy-mozu-este-rozhodnut\/","url":"https:\/\/www.welovecycling.com\/sk\/2017\/09\/01\/la-vuelta-ma-za-sebou-podstate-prvu-polovicu-vyzera-suboj-frooma-nibaliho-ktore-etapy-mozu-este-rozhodnut\/","name":"La Vuelta m\u00e1 za sebou prv\u00fa polovicu a vyzer\u00e1 to na s\u00faboj Frooma a Nibaliho. Ktor\u00e9 etapy m\u00f4\u017eu e\u0161te rozhodn\u00fa\u0165? - \u0160koda We Love Cycling Slovensko","isPartOf":{"@id":"https:\/\/www.welovecycling.com\/sk\/#website"},"primaryImageOfPage":{"@id":"https:\/\/www.welovecycling.com\/sk\/2017\/09\/01\/la-vuelta-ma-za-sebou-podstate-prvu-polovicu-vyzera-suboj-frooma-nibaliho-ktore-etapy-mozu-este-rozhodnut\/#primaryimage"},"image":{"@id":"https:\/\/www.welovecycling.com\/sk\/2017\/09\/01\/la-vuelta-ma-za-sebou-podstate-prvu-polovicu-vyzera-suboj-frooma-nibaliho-ktore-etapy-mozu-este-rozhodnut\/#primaryimage"},"thumbnailUrl":"https:\/\/d2p6e6u75xmxt8.cloudfront.net\/4\/2017\/08\/profimedia-0346040990jpg.webp","datePublished":"2017-09-01T09:02:49+00:00","dateModified":"2017-09-05T09:29:53+00:00","author":{"@id":"https:\/\/www.welovecycling.com\/sk\/#\/schema\/person\/8ee09ba39b7e25b1870160aa5b3a89bc"},"breadcrumb":{"@id":"https:\/\/www.welovecycling.com\/sk\/2017\/09\/01\/la-vuelta-ma-za-sebou-podstate-prvu-polovicu-vyzera-suboj-frooma-nibaliho-ktore-etapy-mozu-este-rozhodnut\/#breadcrumb"},"inLanguage":"sk-SK","potentialAction":[{"@type":"ReadAction","target":["https:\/\/www.welovecycling.com\/sk\/2017\/09\/01\/la-vuelta-ma-za-sebou-podstate-prvu-polovicu-vyzera-suboj-frooma-nibaliho-ktore-etapy-mozu-este-rozhodnut\/"]}]},{"@type":"ImageObject","inLanguage":"sk-SK","@id":"https:\/\/www.welovecycling.com\/sk\/2017\/09\/01\/la-vuelta-ma-za-sebou-podstate-prvu-polovicu-vyzera-suboj-frooma-nibaliho-ktore-etapy-mozu-este-rozhodnut\/#primaryimage","url":"https:\/\/d2p6e6u75xmxt8.cloudfront.net\/4\/2017\/08\/profimedia-0346040990jpg.webp","contentUrl":"https:\/\/d2p6e6u75xmxt8.cloudfront.net\/4\/2017\/08\/profimedia-0346040990jpg.webp","width":1375,"height":600},{"@type":"BreadcrumbList","@id":"https:\/\/www.welovecycling.com\/sk\/2017\/09\/01\/la-vuelta-ma-za-sebou-podstate-prvu-polovicu-vyzera-suboj-frooma-nibaliho-ktore-etapy-mozu-este-rozhodnut\/#breadcrumb","itemListElement":[{"@type":"ListItem","position":1,"name":"Home","item":"https:\/\/www.welovecycling.com\/sk\/"},{"@type":"ListItem","position":2,"name":"La Vuelta m\u00e1 za sebou prv\u00fa polovicu a vyzer\u00e1 to na s\u00faboj Frooma a Nibaliho. Ktor\u00e9 etapy m\u00f4\u017eu e\u0161te rozhodn\u00fa\u0165?"}]},{"@type":"WebSite","@id":"https:\/\/www.welovecycling.com\/sk\/#website","url":"https:\/\/www.welovecycling.com\/sk\/","name":"\u0160koda We Love Cycling Slovensko","description":"\u0160koda We Love Cycling Slovensko je v\u00e1\u0161 ka\u017edodenn\u00fd zdroj noviniek a in\u0161pir\u00e1cie z sveta cyklistiky","potentialAction":[{"@type":"SearchAction","target":{"@type":"EntryPoint","urlTemplate":"https:\/\/www.welovecycling.com\/sk\/?s={search_term_string}"},"query-input":{"@type":"PropertyValueSpecification","valueRequired":true,"valueName":"search_term_string"}}],"inLanguage":"sk-SK"},{"@type":"Person","@id":"https:\/\/www.welovecycling.com\/sk\/#\/schema\/person\/8ee09ba39b7e25b1870160aa5b3a89bc","name":"Ondrej Ga\u0161par","image":{"@type":"ImageObject","inLanguage":"sk-SK","@id":"https:\/\/www.welovecycling.com\/sk\/#\/schema\/person\/image\/","url":"https:\/\/secure.gravatar.com\/avatar\/6126c9afb87b70da5abbb083ddbb21933da15f18f8ca7cb822aba0fb096a48f6?s=96&d=mm&r=g","contentUrl":"https:\/\/secure.gravatar.com\/avatar\/6126c9afb87b70da5abbb083ddbb21933da15f18f8ca7cb822aba0fb096a48f6?s=96&d=mm&r=g","caption":"Ondrej Ga\u0161par"},"url":"https:\/\/www.welovecycling.com\/sk\/author\/ondrejgaspar\/"}]}},"_links":{"self":[{"href":"https:\/\/www.welovecycling.com\/sk\/wp-json\/wp\/v2\/posts\/2068","targetHints":{"allow":["GET"]}}],"collection":[{"href":"https:\/\/www.welovecycling.com\/sk\/wp-json\/wp\/v2\/posts"}],"about":[{"href":"https:\/\/www.welovecycling.com\/sk\/wp-json\/wp\/v2\/types\/post"}],"author":[{"embeddable":true,"href":"https:\/\/www.welovecycling.com\/sk\/wp-json\/wp\/v2\/users\/38"}],"replies":[{"embeddable":true,"href":"https:\/\/www.welovecycling.com\/sk\/wp-json\/wp\/v2\/comments?post=2068"}],"version-history":[{"count":2,"href":"https:\/\/www.welovecycling.com\/sk\/wp-json\/wp\/v2\/posts\/2068\/revisions"}],"predecessor-version":[{"id":2136,"href":"https:\/\/www.welovecycling.com\/sk\/wp-json\/wp\/v2\/posts\/2068\/revisions\/2136"}],"wp:featuredmedia":[{"embeddable":true,"href":"https:\/\/www.welovecycling.com\/sk\/wp-json\/wp\/v2\/media\/2073"}],"wp:attachment":[{"href":"https:\/\/www.welovecycling.com\/sk\/wp-json\/wp\/v2\/media?parent=2068"}],"wp:term":[{"taxonomy":"category","embeddable":true,"href":"https:\/\/www.welovecycling.com\/sk\/wp-json\/wp\/v2\/categories?post=2068"},{"taxonomy":"post_tag","embeddable":true,"href":"https:\/\/www.welovecycling.com\/sk\/wp-json\/wp\/v2\/tags?post=2068"},{"taxonomy":"global-categories","embeddable":true,"href":"https:\/\/www.welovecycling.com\/sk\/wp-json\/wp\/v2\/global-categories?post=2068"}],"curies":[{"name":"wp","href":"https:\/\/api.w.org\/{rel}","templated":true}]}}