{"id":20673,"date":"2025-07-16T11:00:41","date_gmt":"2025-07-16T09:00:41","guid":{"rendered":"https:\/\/www.welovecycling.com\/sk\/?p=20673"},"modified":"2025-07-16T10:38:29","modified_gmt":"2025-07-16T08:38:29","slug":"pozvanka-kralova-hola-vola-skoda-horal-mtb-maraton-2025","status":"publish","type":"post","link":"https:\/\/www.welovecycling.com\/sk\/2025\/07\/16\/pozvanka-kralova-hola-vola-skoda-horal-mtb-maraton-2025\/","title":{"rendered":"Pozv\u00e1nka: Kr\u00e1\u013eova ho\u013ea vol\u00e1 \u2013 \u0160koda Horal MTB marat\u00f3n 2025\u00a0"},"content":{"rendered":"<p><strong>Zn\u00e1my vrch s vysiela\u010dom ne\u010faleko obce \u0160umiac sa znova stane najvy\u0161\u0161\u00edm vrchom Horal marat\u00f3nu.\u00a0<\/strong><!--more--><\/p>\n<p><span style=\"font-weight: 400;\">Druh\u00fd augustov\u00fd v\u00edkend sa v\u0161etci znovu stretneme vo Svite. Samozrejmos\u0165ou je tra\u0165 Krejzi, ktor\u00e1 u\u017e \u010dak\u00e1 na pokorenie \u2013 a tie\u017e n\u00e1s \u010dakaj\u00fa aj novinky, ktor\u00e9 pote\u0161ia cyklistov s baranmi. <strong>Po\u010fme si spolo\u010dne pozrie\u0165 propoz\u00edcie na 9. augusta a tie\u017e si predstav\u00edme aj novinky pre rok 2025.\u00a0<\/strong><\/span><\/p>\n<div id='gallery-1' class='gallery galleryid-20673 gallery-columns-2 gallery-size-full'><figure class='gallery-item'>\n\t\t\t<div class='gallery-icon landscape'>\n\t\t\t\t<a href='https:\/\/d2p6e6u75xmxt8.cloudfront.net\/4\/2025\/07\/02_Horal_WLC.webp'><img loading=\"lazy\" decoding=\"async\" width=\"990\" height=\"660\" src=\"https:\/\/d2p6e6u75xmxt8.cloudfront.net\/4\/2025\/07\/02_Horal_WLC.webp\" class=\"attachment-full size-full\" alt=\"\" srcset=\"https:\/\/d2p6e6u75xmxt8.cloudfront.net\/4\/2025\/07\/02_Horal_WLC.webp 990w, https:\/\/d2p6e6u75xmxt8.cloudfront.net\/4\/2025\/07\/02_Horal_WLC-300x200.webp 300w, https:\/\/d2p6e6u75xmxt8.cloudfront.net\/4\/2025\/07\/02_Horal_WLC-768x512.webp 768w, https:\/\/d2p6e6u75xmxt8.cloudfront.net\/4\/2025\/07\/02_Horal_WLC-400x267.webp 400w, https:\/\/d2p6e6u75xmxt8.cloudfront.net\/4\/2025\/07\/02_Horal_WLC-272x182.webp 272w\" sizes=\"auto, (max-width: 990px) 100vw, 990px\" \/><\/a>\n\t\t\t<\/div><\/figure><figure class='gallery-item'>\n\t\t\t<div class='gallery-icon landscape'>\n\t\t\t\t<a href='https:\/\/d2p6e6u75xmxt8.cloudfront.net\/4\/2025\/07\/03_Horal_WLC.webp'><img loading=\"lazy\" decoding=\"async\" width=\"990\" height=\"660\" src=\"https:\/\/d2p6e6u75xmxt8.cloudfront.net\/4\/2025\/07\/03_Horal_WLC.webp\" class=\"attachment-full size-full\" alt=\"\" srcset=\"https:\/\/d2p6e6u75xmxt8.cloudfront.net\/4\/2025\/07\/03_Horal_WLC.webp 990w, https:\/\/d2p6e6u75xmxt8.cloudfront.net\/4\/2025\/07\/03_Horal_WLC-300x200.webp 300w, https:\/\/d2p6e6u75xmxt8.cloudfront.net\/4\/2025\/07\/03_Horal_WLC-768x512.webp 768w, https:\/\/d2p6e6u75xmxt8.cloudfront.net\/4\/2025\/07\/03_Horal_WLC-400x267.webp 400w, https:\/\/d2p6e6u75xmxt8.cloudfront.net\/4\/2025\/07\/03_Horal_WLC-272x182.webp 272w\" sizes=\"auto, (max-width: 990px) 100vw, 990px\" \/><\/a>\n\t\t\t<\/div><\/figure>\n\t\t<\/div>\n\n<h2><strong>Prihl\u00e1senie<\/strong><\/h2>\n<p><span style=\"font-weight: 400;\">Registr\u00e1cia pretek\u00e1rov je mo\u017en\u00e1 <\/span><a href=\"https:\/\/horal.sk\/online-registracia\/\" target=\"_blank\" rel=\"noopener\"><span style=\"font-weight: 400;\">online<\/span><\/a><span style=\"font-weight: 400;\"> do 6. augusta. Cena \u0161tartovn\u00e9ho do konca j\u00fala je od 10 do 55 eur v z\u00e1vislosti od v\u00fdberu trasy. V tomto term\u00edne dostan\u00fa v\u0161etci \u0161tartovac\u00ed bal\u00ed\u010dek a personifikovan\u00e9 \u0161tartovn\u00e9 \u010d\u00edslo s \u010dipom. Okrem toho bude po\u010das celej doby v de\u0148 pretekov zabezpe\u010den\u00e9 kompletn\u00e9 z\u00e1zemie a servis pre cyklistov.\u00a0<\/span><\/p>\n<p><img loading=\"lazy\" decoding=\"async\" class=\"alignnone size-full wp-image-20678\" src=\"https:\/\/d2p6e6u75xmxt8.cloudfront.net\/4\/2025\/07\/04_Horal_WLC.webp\" alt=\"\" width=\"990\" height=\"660\" srcset=\"https:\/\/d2p6e6u75xmxt8.cloudfront.net\/4\/2025\/07\/04_Horal_WLC.webp 990w, https:\/\/d2p6e6u75xmxt8.cloudfront.net\/4\/2025\/07\/04_Horal_WLC-300x200.webp 300w, https:\/\/d2p6e6u75xmxt8.cloudfront.net\/4\/2025\/07\/04_Horal_WLC-768x512.webp 768w, https:\/\/d2p6e6u75xmxt8.cloudfront.net\/4\/2025\/07\/04_Horal_WLC-400x267.webp 400w, https:\/\/d2p6e6u75xmxt8.cloudfront.net\/4\/2025\/07\/04_Horal_WLC-272x182.webp 272w\" sizes=\"auto, (max-width: 990px) 100vw, 990px\" \/><\/p>\n<h2><strong>Trasy<\/strong><\/h2>\n<p><span style=\"font-weight: 400;\">Organiz\u00e1tor si pre n\u00e1s pripravil 6 tr\u00e1s. <strong>Klasick\u00e1 polmarat\u00f3nska trasa pon\u00fakne 62 kilometrov s 1600 nast\u00fapan\u00fdmi metrami, ktor\u00e1 je dostupn\u00e1 aj pre kateg\u00f3riu ebike.<\/strong> Lejzi svoj\u00edm n\u00e1zvom trochu klame, prev\u00fd\u0161enie 2100 metrov na 75 kilometrov dostato\u010dne prever\u00ed va\u0161u pr\u00edpravu. Poslednou je tra\u0165 Krejzi. M\u00e1 parametre vhodn\u00e9 aj pre profesion\u00e1lnych pretek\u00e1rov \u2013 116 kilometrov a 4000 v\u00fd\u0161kov\u00fdch metrov prever\u00ed kond\u00edciu a taktie\u017e aj dop\u013a\u0148anie paliva po\u010das pretekov.\u00a0<\/span><\/p>\n<p><img loading=\"lazy\" decoding=\"async\" class=\"alignnone size-full wp-image-20680\" src=\"https:\/\/d2p6e6u75xmxt8.cloudfront.net\/4\/2025\/07\/05_Horal_WLC-1.webp\" alt=\"\" width=\"990\" height=\"660\" srcset=\"https:\/\/d2p6e6u75xmxt8.cloudfront.net\/4\/2025\/07\/05_Horal_WLC-1.webp 990w, https:\/\/d2p6e6u75xmxt8.cloudfront.net\/4\/2025\/07\/05_Horal_WLC-1-300x200.webp 300w, https:\/\/d2p6e6u75xmxt8.cloudfront.net\/4\/2025\/07\/05_Horal_WLC-1-768x512.webp 768w, https:\/\/d2p6e6u75xmxt8.cloudfront.net\/4\/2025\/07\/05_Horal_WLC-1-400x267.webp 400w, https:\/\/d2p6e6u75xmxt8.cloudfront.net\/4\/2025\/07\/05_Horal_WLC-1-272x182.webp 272w\" sizes=\"auto, (max-width: 990px) 100vw, 990px\" \/><\/p>\n<p><span style=\"font-weight: 400;\">Rodiny s de\u0165mi \u010dak\u00e1 \u0160koda Family trasa Dejzi s porciou 17 kilometrov a 350 metrov prev\u00fd\u0161enia. <strong>Novinka v programe je Horal Grejvi, ktor\u00e1 je ur\u010den\u00e1 pre barany v ter\u00e9ne.<\/strong> Kop\u00edruje \u010dasti trate \u00cdzi, kde vynech\u00e1va naj\u0165a\u017e\u0161ie MTB \u00faseky. Parametre trasy s\u00fa 25 kilometrov s 652 metrami prev\u00fd\u0161enia. \u00cdzi trasa je pre menej sk\u00fasen\u00fdch a tr\u00e9novan\u00fdch pretek\u00e1rov s porciou 30 kilometrov a 800 v\u00fd\u0161kov\u00fdch metrov.<\/span><\/p>\n<p><img loading=\"lazy\" decoding=\"async\" class=\"alignnone size-full wp-image-20681\" src=\"https:\/\/d2p6e6u75xmxt8.cloudfront.net\/4\/2025\/07\/06_Horal_WLC.webp\" alt=\"\" width=\"990\" height=\"660\" srcset=\"https:\/\/d2p6e6u75xmxt8.cloudfront.net\/4\/2025\/07\/06_Horal_WLC.webp 990w, https:\/\/d2p6e6u75xmxt8.cloudfront.net\/4\/2025\/07\/06_Horal_WLC-300x200.webp 300w, https:\/\/d2p6e6u75xmxt8.cloudfront.net\/4\/2025\/07\/06_Horal_WLC-768x512.webp 768w, https:\/\/d2p6e6u75xmxt8.cloudfront.net\/4\/2025\/07\/06_Horal_WLC-400x267.webp 400w, https:\/\/d2p6e6u75xmxt8.cloudfront.net\/4\/2025\/07\/06_Horal_WLC-272x182.webp 272w\" sizes=\"auto, (max-width: 990px) 100vw, 990px\" \/><\/p>\n<h2><strong>Z\u00e1zemie<\/strong><\/h2>\n<p><span style=\"font-weight: 400;\">Prezent\u00e1cia pretek\u00e1rov bude prebieha\u0165 vo Svite na ulici \u0160tef\u00e1nikova (Koliba zrub \u010d\u00edslo 7) v piatok 8. augusta od 15:00 do 18:00 hodiny. V sobotu r\u00e1no od 6:00 hodiny, ale pre tra\u0165 Krejzi len do 6:30 kv\u00f4li skor\u00e9mu \u0161tartu. <strong>Sprievod pretek\u00e1rov \u010dak\u00e1 bohat\u00e9 z\u00e1zemie \u0160koda Village aj s mno\u017estvom sprievodn\u00fdch akci\u00ed.<\/strong> Deti sa zabavia na sk\u00e1kac\u00edch hradoch, detsk\u00fdch pretekoch a ma\u013eovan\u00edm na tv\u00e1r.\u00a0<\/span><\/p>\n<div id='gallery-2' class='gallery galleryid-20673 gallery-columns-2 gallery-size-full'><figure class='gallery-item'>\n\t\t\t<div class='gallery-icon landscape'>\n\t\t\t\t<a href='https:\/\/d2p6e6u75xmxt8.cloudfront.net\/4\/2025\/07\/07_Horal_WLC.webp'><img loading=\"lazy\" decoding=\"async\" width=\"990\" height=\"660\" src=\"https:\/\/d2p6e6u75xmxt8.cloudfront.net\/4\/2025\/07\/07_Horal_WLC.webp\" class=\"attachment-full size-full\" alt=\"\" srcset=\"https:\/\/d2p6e6u75xmxt8.cloudfront.net\/4\/2025\/07\/07_Horal_WLC.webp 990w, https:\/\/d2p6e6u75xmxt8.cloudfront.net\/4\/2025\/07\/07_Horal_WLC-300x200.webp 300w, https:\/\/d2p6e6u75xmxt8.cloudfront.net\/4\/2025\/07\/07_Horal_WLC-768x512.webp 768w, https:\/\/d2p6e6u75xmxt8.cloudfront.net\/4\/2025\/07\/07_Horal_WLC-400x267.webp 400w, https:\/\/d2p6e6u75xmxt8.cloudfront.net\/4\/2025\/07\/07_Horal_WLC-272x182.webp 272w\" sizes=\"auto, (max-width: 990px) 100vw, 990px\" \/><\/a>\n\t\t\t<\/div><\/figure><figure class='gallery-item'>\n\t\t\t<div class='gallery-icon landscape'>\n\t\t\t\t<a href='https:\/\/d2p6e6u75xmxt8.cloudfront.net\/4\/2025\/07\/08_Horal_WLC.webp'><img loading=\"lazy\" decoding=\"async\" width=\"990\" height=\"660\" src=\"https:\/\/d2p6e6u75xmxt8.cloudfront.net\/4\/2025\/07\/08_Horal_WLC.webp\" class=\"attachment-full size-full\" alt=\"\" srcset=\"https:\/\/d2p6e6u75xmxt8.cloudfront.net\/4\/2025\/07\/08_Horal_WLC.webp 990w, https:\/\/d2p6e6u75xmxt8.cloudfront.net\/4\/2025\/07\/08_Horal_WLC-300x200.webp 300w, https:\/\/d2p6e6u75xmxt8.cloudfront.net\/4\/2025\/07\/08_Horal_WLC-768x512.webp 768w, https:\/\/d2p6e6u75xmxt8.cloudfront.net\/4\/2025\/07\/08_Horal_WLC-400x267.webp 400w, https:\/\/d2p6e6u75xmxt8.cloudfront.net\/4\/2025\/07\/08_Horal_WLC-272x182.webp 272w\" sizes=\"auto, (max-width: 990px) 100vw, 990px\" \/><\/a>\n\t\t\t<\/div><\/figure>\n\t\t<\/div>\n\n<h2><strong>Na z\u00e1ver<\/strong><\/h2>\n<p><span style=\"font-weight: 400;\">Prv\u00fdch troch pretek\u00e1rov v kateg\u00f3rii \u010dakaj\u00fa vecn\u00e9 odmeny a v\u0161etk\u00fdch bohat\u00e1 tombola v celkovej hodnote 3300 eur. Organiz\u00e1tor sa te\u0161\u00ed na va\u0161u \u00fa\u010das\u0165, \u010di u\u017e si vyberiete tra\u0165 \u00cdzi alebo Krejzi, v\u0161etci sme na marat\u00f3ne v\u00edtan\u00fd. Viac inform\u00e1cii n\u00e1jdeme na <\/span><a href=\"https:\/\/horal.sk\/propozicie\/\" target=\"_blank\" rel=\"noopener\"><span style=\"font-weight: 400;\">str\u00e1nke podujatia<\/span><\/a><span style=\"font-weight: 400;\">.\u00a0<\/span><\/p>\n","protected":false},"excerpt":{"rendered":"<p>Zn\u00e1my vrch s vysiela\u010dom ne\u010faleko obce \u0160umiac sa znova stane najvy\u0161\u0161\u00edm vrchom Horal marat\u00f3nu.\u00a0<\/p>\n","protected":false},"author":172,"featured_media":20674,"comment_status":"closed","ping_status":"closed","sticky":false,"template":"","format":"standard","meta":{"footnotes":""},"categories":[33],"tags":[211,180,532,571,178,412,931,37,91,509,1643,542,35,214,523,183],"global-categories":[1074],"class_list":["post-20673","post","type-post","status-publish","format-standard","has-post-thumbnail","hentry","category-sbot","tag-horal","tag-horska-cyklistika","tag-jazdenie","tag-kralova-hola","tag-maraton","tag-mtb","tag-odporucame","tag-podujatia","tag-pozvanka","tag-rodina","tag-sezona-2025","tag-skoda","tag-sbot","tag-skoda-horal-mtb-maraton","tag-slovensko","tag-zabava","global-categories-cycling"],"yoast_head":"<!-- This site is optimized with the Yoast SEO Premium plugin v25.3 (Yoast SEO v25.9) - https:\/\/yoast.com\/wordpress\/plugins\/seo\/ -->\n<title>Pozv\u00e1nka: Kr\u00e1\u013eova ho\u013ea vol\u00e1 \u2013 \u0160koda Horal MTB marat\u00f3n 2025\u00a0 - \u0160koda We Love Cycling Slovensko<\/title>\n<meta name=\"description\" content=\"Zn\u00e1my vrch s vysiela\u010dom ne\u010faleko obce \u0160umiac sa znova stane najvy\u0161\u0161\u00edm vrchom Horal marat\u00f3nu.\u00a0Na \u010do sa m\u00f4\u017eete te\u0161i\u0165?\" \/>\n<meta name=\"robots\" content=\"index, follow, max-snippet:-1, max-image-preview:large, max-video-preview:-1\" \/>\n<link rel=\"canonical\" href=\"https:\/\/www.welovecycling.com\/sk\/2025\/07\/16\/pozvanka-kralova-hola-vola-skoda-horal-mtb-maraton-2025\/\" \/>\n<meta property=\"og:locale\" content=\"sk_SK\" \/>\n<meta property=\"og:type\" content=\"article\" \/>\n<meta property=\"og:title\" content=\"Pozv\u00e1nka: Kr\u00e1\u013eova ho\u013ea vol\u00e1 \u2013 \u0160koda Horal MTB marat\u00f3n 2025\u00a0\" \/>\n<meta property=\"og:description\" content=\"Zn\u00e1my vrch s vysiela\u010dom ne\u010faleko obce \u0160umiac sa znova stane najvy\u0161\u0161\u00edm vrchom Horal marat\u00f3nu.\u00a0Na \u010do sa m\u00f4\u017eete te\u0161i\u0165?\" \/>\n<meta property=\"og:url\" content=\"https:\/\/www.welovecycling.com\/sk\/2025\/07\/16\/pozvanka-kralova-hola-vola-skoda-horal-mtb-maraton-2025\/\" \/>\n<meta property=\"og:site_name\" content=\"\u0160koda We Love Cycling Slovensko\" \/>\n<meta property=\"article:published_time\" content=\"2025-07-16T09:00:41+00:00\" \/>\n<meta property=\"og:image\" content=\"https:\/\/d2p6e6u75xmxt8.cloudfront.net\/4\/2025\/07\/01_Horal_WLC.webp\" \/>\n\t<meta property=\"og:image:width\" content=\"990\" \/>\n\t<meta property=\"og:image:height\" content=\"660\" \/>\n\t<meta property=\"og:image:type\" content=\"image\/webp\" \/>\n<meta name=\"author\" content=\"dominika\" \/>\n<meta name=\"twitter:card\" content=\"summary_large_image\" \/>\n<meta name=\"twitter:label1\" content=\"Written by\" \/>\n\t<meta name=\"twitter:data1\" content=\"We Love Cycling\" \/>\n\t<meta name=\"twitter:label2\" content=\"Est. reading time\" \/>\n\t<meta name=\"twitter:data2\" content=\"2\" \/>\n<script type=\"application\/ld+json\" class=\"yoast-schema-graph\">{\"@context\":\"https:\/\/schema.org\",\"@graph\":[{\"@type\":\"WebPage\",\"@id\":\"https:\/\/www.welovecycling.com\/sk\/2025\/07\/16\/pozvanka-kralova-hola-vola-skoda-horal-mtb-maraton-2025\/\",\"url\":\"https:\/\/www.welovecycling.com\/sk\/2025\/07\/16\/pozvanka-kralova-hola-vola-skoda-horal-mtb-maraton-2025\/\",\"name\":\"Pozv\u00e1nka: Kr\u00e1\u013eova ho\u013ea vol\u00e1 \u2013 \u0160koda Horal MTB marat\u00f3n 2025\u00a0 - \u0160koda We Love Cycling Slovensko\",\"isPartOf\":{\"@id\":\"https:\/\/www.welovecycling.com\/sk\/#website\"},\"primaryImageOfPage\":{\"@id\":\"https:\/\/www.welovecycling.com\/sk\/2025\/07\/16\/pozvanka-kralova-hola-vola-skoda-horal-mtb-maraton-2025\/#primaryimage\"},\"image\":{\"@id\":\"https:\/\/www.welovecycling.com\/sk\/2025\/07\/16\/pozvanka-kralova-hola-vola-skoda-horal-mtb-maraton-2025\/#primaryimage\"},\"thumbnailUrl\":\"https:\/\/d2p6e6u75xmxt8.cloudfront.net\/4\/2025\/07\/01_Horal_WLC.webp\",\"datePublished\":\"2025-07-16T09:00:41+00:00\",\"author\":{\"@id\":\"https:\/\/www.welovecycling.com\/sk\/#\/schema\/person\/533b62b98b6c41bd5135ebfb1f742624\"},\"description\":\"Zn\u00e1my vrch s vysiela\u010dom ne\u010faleko obce \u0160umiac sa znova stane najvy\u0161\u0161\u00edm vrchom Horal marat\u00f3nu.\u00a0Na \u010do sa m\u00f4\u017eete te\u0161i\u0165?\",\"breadcrumb\":{\"@id\":\"https:\/\/www.welovecycling.com\/sk\/2025\/07\/16\/pozvanka-kralova-hola-vola-skoda-horal-mtb-maraton-2025\/#breadcrumb\"},\"inLanguage\":\"sk-SK\",\"potentialAction\":[{\"@type\":\"ReadAction\",\"target\":[\"https:\/\/www.welovecycling.com\/sk\/2025\/07\/16\/pozvanka-kralova-hola-vola-skoda-horal-mtb-maraton-2025\/\"]}]},{\"@type\":\"ImageObject\",\"inLanguage\":\"sk-SK\",\"@id\":\"https:\/\/www.welovecycling.com\/sk\/2025\/07\/16\/pozvanka-kralova-hola-vola-skoda-horal-mtb-maraton-2025\/#primaryimage\",\"url\":\"https:\/\/d2p6e6u75xmxt8.cloudfront.net\/4\/2025\/07\/01_Horal_WLC.webp\",\"contentUrl\":\"https:\/\/d2p6e6u75xmxt8.cloudfront.net\/4\/2025\/07\/01_Horal_WLC.webp\",\"width\":990,\"height\":660},{\"@type\":\"BreadcrumbList\",\"@id\":\"https:\/\/www.welovecycling.com\/sk\/2025\/07\/16\/pozvanka-kralova-hola-vola-skoda-horal-mtb-maraton-2025\/#breadcrumb\",\"itemListElement\":[{\"@type\":\"ListItem\",\"position\":1,\"name\":\"Home\",\"item\":\"https:\/\/www.welovecycling.com\/sk\/\"},{\"@type\":\"ListItem\",\"position\":2,\"name\":\"Pozv\u00e1nka: Kr\u00e1\u013eova ho\u013ea vol\u00e1 \u2013 \u0160koda Horal MTB marat\u00f3n 2025\u00a0\"}]},{\"@type\":\"WebSite\",\"@id\":\"https:\/\/www.welovecycling.com\/sk\/#website\",\"url\":\"https:\/\/www.welovecycling.com\/sk\/\",\"name\":\"\u0160koda We Love Cycling Slovensko\",\"description\":\"\u0160koda We Love Cycling Slovensko je v\u00e1\u0161 ka\u017edodenn\u00fd zdroj noviniek a in\u0161pir\u00e1cie z sveta cyklistiky\",\"potentialAction\":[{\"@type\":\"SearchAction\",\"target\":{\"@type\":\"EntryPoint\",\"urlTemplate\":\"https:\/\/www.welovecycling.com\/sk\/?s={search_term_string}\"},\"query-input\":{\"@type\":\"PropertyValueSpecification\",\"valueRequired\":true,\"valueName\":\"search_term_string\"}}],\"inLanguage\":\"sk-SK\"},{\"@type\":\"Person\",\"@id\":\"https:\/\/www.welovecycling.com\/sk\/#\/schema\/person\/533b62b98b6c41bd5135ebfb1f742624\",\"name\":\"dominika\",\"image\":{\"@type\":\"ImageObject\",\"inLanguage\":\"sk-SK\",\"@id\":\"https:\/\/www.welovecycling.com\/sk\/#\/schema\/person\/image\/\",\"url\":\"https:\/\/secure.gravatar.com\/avatar\/ded6f274ba2ec3e17fff153f7d9d96a4b33c2cb63907f75d9a5309c599a7f3e6?s=96&d=mm&r=g\",\"contentUrl\":\"https:\/\/secure.gravatar.com\/avatar\/ded6f274ba2ec3e17fff153f7d9d96a4b33c2cb63907f75d9a5309c599a7f3e6?s=96&d=mm&r=g\",\"caption\":\"dominika\"},\"url\":\"https:\/\/www.welovecycling.com\/sk\/author\/dominika\/\"}]}<\/script>\n<!-- \/ Yoast SEO Premium plugin. -->","yoast_head_json":{"title":"Pozv\u00e1nka: Kr\u00e1\u013eova ho\u013ea vol\u00e1 \u2013 \u0160koda Horal MTB marat\u00f3n 2025\u00a0 - \u0160koda We Love Cycling Slovensko","description":"Zn\u00e1my vrch s vysiela\u010dom ne\u010faleko obce \u0160umiac sa znova stane najvy\u0161\u0161\u00edm vrchom Horal marat\u00f3nu.\u00a0Na \u010do sa m\u00f4\u017eete te\u0161i\u0165?","robots":{"index":"index","follow":"follow","max-snippet":"max-snippet:-1","max-image-preview":"max-image-preview:large","max-video-preview":"max-video-preview:-1"},"canonical":"https:\/\/www.welovecycling.com\/sk\/2025\/07\/16\/pozvanka-kralova-hola-vola-skoda-horal-mtb-maraton-2025\/","og_locale":"sk_SK","og_type":"article","og_title":"Pozv\u00e1nka: Kr\u00e1\u013eova ho\u013ea vol\u00e1 \u2013 \u0160koda Horal MTB marat\u00f3n 2025\u00a0","og_description":"Zn\u00e1my vrch s vysiela\u010dom ne\u010faleko obce \u0160umiac sa znova stane najvy\u0161\u0161\u00edm vrchom Horal marat\u00f3nu.\u00a0Na \u010do sa m\u00f4\u017eete te\u0161i\u0165?","og_url":"https:\/\/www.welovecycling.com\/sk\/2025\/07\/16\/pozvanka-kralova-hola-vola-skoda-horal-mtb-maraton-2025\/","og_site_name":"\u0160koda We Love Cycling Slovensko","article_published_time":"2025-07-16T09:00:41+00:00","og_image":[{"width":990,"height":660,"url":"https:\/\/d2p6e6u75xmxt8.cloudfront.net\/4\/2025\/07\/01_Horal_WLC.webp","type":"image\/webp"}],"author":"dominika","twitter_card":"summary_large_image","twitter_misc":{"Written by":"We Love Cycling","Est. reading time":"2"},"schema":{"@context":"https:\/\/schema.org","@graph":[{"@type":"WebPage","@id":"https:\/\/www.welovecycling.com\/sk\/2025\/07\/16\/pozvanka-kralova-hola-vola-skoda-horal-mtb-maraton-2025\/","url":"https:\/\/www.welovecycling.com\/sk\/2025\/07\/16\/pozvanka-kralova-hola-vola-skoda-horal-mtb-maraton-2025\/","name":"Pozv\u00e1nka: Kr\u00e1\u013eova ho\u013ea vol\u00e1 \u2013 \u0160koda Horal MTB marat\u00f3n 2025\u00a0 - \u0160koda We Love Cycling Slovensko","isPartOf":{"@id":"https:\/\/www.welovecycling.com\/sk\/#website"},"primaryImageOfPage":{"@id":"https:\/\/www.welovecycling.com\/sk\/2025\/07\/16\/pozvanka-kralova-hola-vola-skoda-horal-mtb-maraton-2025\/#primaryimage"},"image":{"@id":"https:\/\/www.welovecycling.com\/sk\/2025\/07\/16\/pozvanka-kralova-hola-vola-skoda-horal-mtb-maraton-2025\/#primaryimage"},"thumbnailUrl":"https:\/\/d2p6e6u75xmxt8.cloudfront.net\/4\/2025\/07\/01_Horal_WLC.webp","datePublished":"2025-07-16T09:00:41+00:00","author":{"@id":"https:\/\/www.welovecycling.com\/sk\/#\/schema\/person\/533b62b98b6c41bd5135ebfb1f742624"},"description":"Zn\u00e1my vrch s vysiela\u010dom ne\u010faleko obce \u0160umiac sa znova stane najvy\u0161\u0161\u00edm vrchom Horal marat\u00f3nu.\u00a0Na \u010do sa m\u00f4\u017eete te\u0161i\u0165?","breadcrumb":{"@id":"https:\/\/www.welovecycling.com\/sk\/2025\/07\/16\/pozvanka-kralova-hola-vola-skoda-horal-mtb-maraton-2025\/#breadcrumb"},"inLanguage":"sk-SK","potentialAction":[{"@type":"ReadAction","target":["https:\/\/www.welovecycling.com\/sk\/2025\/07\/16\/pozvanka-kralova-hola-vola-skoda-horal-mtb-maraton-2025\/"]}]},{"@type":"ImageObject","inLanguage":"sk-SK","@id":"https:\/\/www.welovecycling.com\/sk\/2025\/07\/16\/pozvanka-kralova-hola-vola-skoda-horal-mtb-maraton-2025\/#primaryimage","url":"https:\/\/d2p6e6u75xmxt8.cloudfront.net\/4\/2025\/07\/01_Horal_WLC.webp","contentUrl":"https:\/\/d2p6e6u75xmxt8.cloudfront.net\/4\/2025\/07\/01_Horal_WLC.webp","width":990,"height":660},{"@type":"BreadcrumbList","@id":"https:\/\/www.welovecycling.com\/sk\/2025\/07\/16\/pozvanka-kralova-hola-vola-skoda-horal-mtb-maraton-2025\/#breadcrumb","itemListElement":[{"@type":"ListItem","position":1,"name":"Home","item":"https:\/\/www.welovecycling.com\/sk\/"},{"@type":"ListItem","position":2,"name":"Pozv\u00e1nka: Kr\u00e1\u013eova ho\u013ea vol\u00e1 \u2013 \u0160koda Horal MTB marat\u00f3n 2025\u00a0"}]},{"@type":"WebSite","@id":"https:\/\/www.welovecycling.com\/sk\/#website","url":"https:\/\/www.welovecycling.com\/sk\/","name":"\u0160koda We Love Cycling Slovensko","description":"\u0160koda We Love Cycling Slovensko je v\u00e1\u0161 ka\u017edodenn\u00fd zdroj noviniek a in\u0161pir\u00e1cie z sveta cyklistiky","potentialAction":[{"@type":"SearchAction","target":{"@type":"EntryPoint","urlTemplate":"https:\/\/www.welovecycling.com\/sk\/?s={search_term_string}"},"query-input":{"@type":"PropertyValueSpecification","valueRequired":true,"valueName":"search_term_string"}}],"inLanguage":"sk-SK"},{"@type":"Person","@id":"https:\/\/www.welovecycling.com\/sk\/#\/schema\/person\/533b62b98b6c41bd5135ebfb1f742624","name":"dominika","image":{"@type":"ImageObject","inLanguage":"sk-SK","@id":"https:\/\/www.welovecycling.com\/sk\/#\/schema\/person\/image\/","url":"https:\/\/secure.gravatar.com\/avatar\/ded6f274ba2ec3e17fff153f7d9d96a4b33c2cb63907f75d9a5309c599a7f3e6?s=96&d=mm&r=g","contentUrl":"https:\/\/secure.gravatar.com\/avatar\/ded6f274ba2ec3e17fff153f7d9d96a4b33c2cb63907f75d9a5309c599a7f3e6?s=96&d=mm&r=g","caption":"dominika"},"url":"https:\/\/www.welovecycling.com\/sk\/author\/dominika\/"}]}},"_links":{"self":[{"href":"https:\/\/www.welovecycling.com\/sk\/wp-json\/wp\/v2\/posts\/20673","targetHints":{"allow":["GET"]}}],"collection":[{"href":"https:\/\/www.welovecycling.com\/sk\/wp-json\/wp\/v2\/posts"}],"about":[{"href":"https:\/\/www.welovecycling.com\/sk\/wp-json\/wp\/v2\/types\/post"}],"author":[{"embeddable":true,"href":"https:\/\/www.welovecycling.com\/sk\/wp-json\/wp\/v2\/users\/172"}],"replies":[{"embeddable":true,"href":"https:\/\/www.welovecycling.com\/sk\/wp-json\/wp\/v2\/comments?post=20673"}],"version-history":[{"count":2,"href":"https:\/\/www.welovecycling.com\/sk\/wp-json\/wp\/v2\/posts\/20673\/revisions"}],"predecessor-version":[{"id":20684,"href":"https:\/\/www.welovecycling.com\/sk\/wp-json\/wp\/v2\/posts\/20673\/revisions\/20684"}],"wp:featuredmedia":[{"embeddable":true,"href":"https:\/\/www.welovecycling.com\/sk\/wp-json\/wp\/v2\/media\/20674"}],"wp:attachment":[{"href":"https:\/\/www.welovecycling.com\/sk\/wp-json\/wp\/v2\/media?parent=20673"}],"wp:term":[{"taxonomy":"category","embeddable":true,"href":"https:\/\/www.welovecycling.com\/sk\/wp-json\/wp\/v2\/categories?post=20673"},{"taxonomy":"post_tag","embeddable":true,"href":"https:\/\/www.welovecycling.com\/sk\/wp-json\/wp\/v2\/tags?post=20673"},{"taxonomy":"global-categories","embeddable":true,"href":"https:\/\/www.welovecycling.com\/sk\/wp-json\/wp\/v2\/global-categories?post=20673"}],"curies":[{"name":"wp","href":"https:\/\/api.w.org\/{rel}","templated":true}]}}