{"id":20626,"date":"2025-07-08T09:00:58","date_gmt":"2025-07-08T07:00:58","guid":{"rendered":"https:\/\/www.welovecycling.com\/sk\/?p=20626"},"modified":"2025-07-08T08:35:17","modified_gmt":"2025-07-08T06:35:17","slug":"cesta-na-tour-vitazom-bude-pogacar-pogacar-pogacar","status":"publish","type":"post","link":"https:\/\/www.welovecycling.com\/sk\/2025\/07\/08\/cesta-na-tour-vitazom-bude-pogacar-pogacar-pogacar\/","title":{"rendered":"Cesta na Tour: V\u00ed\u0165azom bude\u2026 Poga\u010dar, Poga\u010dar a op\u00e4\u0165 Poga\u010dar"},"content":{"rendered":"<p><strong>Nemus\u00edte by\u0165 raketov\u00fd vedec, aby ste predpovedali v\u00ed\u0165aza tohtoro\u010dnej Tour de France. Ak Tadeja Poga\u010dara (UAE Team Emirates\u2013XRG) nepostihne nehoda, choroba alebo mimoriadne slab\u00fd de\u0148, po\u010das ktor\u00e9ho by stratil min\u00faty na s\u00faperov, oble\u010die si \u017elt\u00fd dres a z\u00edska svoj \u0161tvrt\u00fd triumf na Tour.<\/strong><\/p>\n<p><!--more--><\/p>\n<h3><b>Poga\u010dar, Poga\u010dar a Poga\u010dar<\/b><\/h3>\n<p><span style=\"font-weight: 400;\">D\u00f4vod je jednoduch\u00fd: Poga\u010dar je jednoducho najlep\u0161\u00ed. Najlep\u0161\u00ed jazdec svojej gener\u00e1cie \u2013 mo\u017eno aj v\u0161etk\u00fdch \u010dias \u2013 ktor\u00fd dominuje cyklistike s takou prevahou ako obrovsk\u00fd balvan vo v\u00e1kuu. V \u0161porte takmer v\u017edy vyhr\u00e1 ten najlep\u0161\u00ed. \u00c1no, Poga\u010dar dvakr\u00e1t prehral Tour s Jonasom Vingegaardom (Visma\u2013Lease a Bike), ale malo to svoje d\u00f4vody:<\/span><\/p>\n<p><span style=\"font-weight: 400;\">V roku <\/span><b>2022<\/b><span style=\"font-weight: 400;\"> ho Vingegaard a \u00fato\u010diaci jazdci t\u00edmu Visma, vr\u00e1tane Primo\u017ea Rogli\u010da, prekvapili na Col du Granon. Ch\u00fdbala mu t\u00edmov\u00e1 podpora, ktor\u00e1 by dok\u00e1zala \u00fatok zastavi\u0165. V etape stratil 2:51 min\u00faty a v celkovom porad\u00ed 2:43 min\u00faty. Odvtedy UAE Team Emirates posilnil svoj k\u00e1der o siln\u00fdch pomocn\u00edkov, ako je napr\u00edklad Jo\u00e3o Almeida, ktor\u00fd je pova\u017eovan\u00fd za jedn\u00e9ho z najlep\u0161\u00edch domestikov na svete. Tento rok u\u017e vyhral tri etapov\u00e9 preteky a dok\u00e1\u017ee pom\u00f4c\u0165 Poga\u010darovi v boji o Top 5 v celkovom porad\u00ed.<\/span><\/p>\n<p><span style=\"font-weight: 400;\">V roku <\/span><b>2023<\/b><span style=\"font-weight: 400;\"> utrpel Poga\u010dar zlomeninu z\u00e1p\u00e4stia pri p\u00e1de na Li\u00e8ge\u2013Bastogne\u2013Li\u00e8ge, \u010do mu v\u00fdrazne naru\u0161ilo pr\u00edpravu na Tour. V 16. etape, \u010dasovke, stratil \u010das na Vingegaarda a potom sa jeho stav v\u00fdrazne zhor\u0161il na st\u00fapan\u00ed na Col de la Loze, kde do cie\u013ea dorazil s 5:45 min\u00fatov\u00fdm odstupom za D\u00e1nom.<\/span><\/p>\n<p><span style=\"font-weight: 400;\">Teraz je v\u0161ak vo v\u00fdbornej forme, silnej\u0161\u00ed ne\u017e kedyko\u013evek predt\u00fdm, a ned\u00e1vno s \u013eahkos\u0165ou deklasoval Vingegaarda na Crit\u00e9rium du Dauphin\u00e9.<\/span><\/p>\n<h3><b>Z\u00e1lo\u017en\u00edci: Vingo a Remco<\/b><\/h3>\n<p><span style=\"font-weight: 400;\">Vingegaard pravdepodobne skon\u010d\u00ed druh\u00fd, hoci sa e\u0161te \u00faplne nezotavil z v\u00e1\u017enych zranen\u00ed z vla\u0148aj\u0161ej Itzulia Basque Country a p\u00e1du na Paris\u2013Nice, kde utrpel otras mozgu a stratil \u010fal\u0161\u00ed \u010das. Visma v\u0161ak st\u00e1le disponuje siln\u00fdm t\u00edmom v podpore \u2013 vr\u00e1tane v\u00ed\u0165aza Giro d\u2019Italia Simona Yatesa a mlad\u00e9ho americk\u00e9ho talentu Mattea Jorgensona. O\u010dak\u00e1vam, \u017ee Vingegaard vst\u00fapi do pretekov pomal\u0161ie a zlep\u0161\u00ed sa v druhom a tre\u0165om t\u00fd\u017edni, no nakoniec strat\u00ed 5\u20138 min\u00fat. Yates a Jorgenson by ho s\u00edce mohli potiahnu\u0165 bli\u017e\u0161ie, ale s\u00faboj o \u017elt\u00fd dres sa rozhodne medzi Poga\u010darom a Vingegaardom a prv\u00fd menovan\u00fd je zatia\u013e silnej\u0161\u00ed.<\/span><\/p>\n<figure id=\"attachment_20627\" aria-describedby=\"caption-attachment-20627\" style=\"width: 990px\" class=\"wp-caption alignnone\"><a href=\"https:\/\/d2p6e6u75xmxt8.cloudfront.net\/4\/2025\/07\/Pogacar-Vingegaard-profimedia-0888089180-CVR.webp\"><img loading=\"lazy\" decoding=\"async\" class=\"wp-image-20627 size-full\" src=\"https:\/\/d2p6e6u75xmxt8.cloudfront.net\/4\/2025\/07\/Pogacar-Vingegaard-profimedia-0888089180-CVR.webp\" alt=\"Poga\u010dar and Vingegaard\" width=\"990\" height=\"660\" srcset=\"https:\/\/d2p6e6u75xmxt8.cloudfront.net\/4\/2025\/07\/Pogacar-Vingegaard-profimedia-0888089180-CVR.webp 990w, https:\/\/d2p6e6u75xmxt8.cloudfront.net\/4\/2025\/07\/Pogacar-Vingegaard-profimedia-0888089180-CVR-300x200.webp 300w, https:\/\/d2p6e6u75xmxt8.cloudfront.net\/4\/2025\/07\/Pogacar-Vingegaard-profimedia-0888089180-CVR-768x512.webp 768w, https:\/\/d2p6e6u75xmxt8.cloudfront.net\/4\/2025\/07\/Pogacar-Vingegaard-profimedia-0888089180-CVR-400x267.webp 400w, https:\/\/d2p6e6u75xmxt8.cloudfront.net\/4\/2025\/07\/Pogacar-Vingegaard-profimedia-0888089180-CVR-272x182.webp 272w\" sizes=\"auto, (max-width: 990px) 100vw, 990px\" \/><\/a><figcaption id=\"caption-attachment-20627\" class=\"wp-caption-text\">Tak kto to bude tento rok? \u00a9 Profimedia<\/figcaption><\/figure>\n<p><span style=\"font-weight: 400;\">Remco Evenepoel (Soudal Quick-Step) s\u00edce zost\u00e1va najlep\u0161\u00edm \u010dasovk\u00e1rom na svete, st\u00e1le sa v\u0161ak len zotavuje po decembrovom tr\u00e9ningovom p\u00e1de. Vyhral belgick\u00e9 majstrovstv\u00e1 v \u010dasovke 27. j\u00fana, ale predsa len nie je dostato\u010dne siln\u00fd na celkov\u00e9 v\u00ed\u0165azstvo alebo \u0161pi\u010dkov\u00e9 v\u00fdkony na \u0165a\u017ek\u00fdch st\u00fapaniach ako Poga\u010dar a Vingegaard. Na tla\u010dovej konferencii pred Tour bol opatrn\u00fd: potrebuje \u00eds\u0165 de\u0148 za d\u0148om, s realistick\u00fdmi amb\u00edciami dosiahnu\u0165 p\u00f3diov\u00e9 umiestnenie alebo vyhra\u0165 jednu \u010di dve etapy.<\/span><\/p>\n<h3><b>Rogli\u010d a \u010fal\u0161\u00ed<\/b><\/h3>\n<p><span style=\"font-weight: 400;\">Nie som presved\u010den\u00fd, \u017ee Evenepoel je pripraven\u00fd na siln\u00fa Tour. Ot\u00e1zne je, \u010di sa vo fin\u00e1le postav\u00ed na p\u00f3dium v Par\u00ed\u017ei 27. j\u00fala, alebo \u010di o\u0148 zabojuje Primo\u017e Rogli\u010d (Red Bull\u2013BORA\u2013hansgrohe), ktor\u00fd m\u00e1 35 rokov a st\u00e1le t\u00fa\u017ei po v\u00ed\u0165azstve na Tour. P\u00e4\u0165n\u00e1sobn\u00fd v\u00ed\u0165az Grand Tours bol tento rok \u010faleko od svojej formy na Gire, kde odst\u00fapil v 16. etape a odvtedy nepretekal. Hoci t\u00edm pl\u00e1nuje p\u00f3diov\u00e9 umiestnenie, skuto\u010dn\u00fd cie\u013e je v\u00ed\u0165azstvo \u2013 no to, \u010di v\u00f4bec zostane na bicykli, bude ve\u013ek\u00e1 ot\u00e1zka.<\/span><\/p>\n<p><span style=\"font-weight: 400;\">Rogli\u010d m\u00e1 v\u00fdborn\u00fa podporu s Florianom Lipowitzom a Alexandrom Vlasovom a je kvalitn\u00fd vrch\u00e1r a \u010dasovk\u00e1r. Ak sa vyhne p\u00e1dom, m\u00f4\u017ee by\u0165 v hre o p\u00f3diov\u00e9 umiestnenie.<\/span><\/p>\n<h3><b>\u010eal\u0161\u00ed adepti na Top 5<\/b><\/h3>\n<ul>\n<li style=\"font-weight: 400;\" aria-level=\"1\"><b>Mattias Skjelmose<\/b><span style=\"font-weight: 400;\"> (Lidl-Trek)<\/span><\/li>\n<li style=\"font-weight: 400;\" aria-level=\"1\"><b>Felix Gall<\/b><span style=\"font-weight: 400;\"> (Decathlon AG2R La Mondiale)<\/span><\/li>\n<li style=\"font-weight: 400;\" aria-level=\"1\"><b>Almeida, Jorgenson a Lipowitz<\/b><span style=\"font-weight: 400;\"> \u2013 siln\u00e1 trojica pomocn\u00edkov, ktor\u00ed dok\u00e1\u017eu skvele zajazdi\u0165 aj samostatne.<\/span><\/li>\n<\/ul>\n<p><span style=\"font-weight: 400;\">Prv\u00e9 t\u00fd\u017edne ur\u010dia, kto zostane v hre, no rozhoduj\u00face bud\u00fa vrchy v tre\u0165om t\u00fd\u017edni. Bude to poriadna jazda.<\/span><\/p>\n","protected":false},"excerpt":{"rendered":"<p>Nemus\u00edte by\u0165 raketov\u00fd vedec, aby ste predpovedali v\u00ed\u0165aza tohtoro\u010dnej Tour de France. Ak Tadeja Poga\u010dara (UAE Team Emirates\u2013XRG) nepostihne nehoda, [&hellip;]<\/p>\n","protected":false},"author":191,"featured_media":20629,"comment_status":"closed","ping_status":"closed","sticky":false,"template":"","format":"standard","meta":{"footnotes":""},"categories":[117],"tags":[115,597,546,331,306,1524,566,767,179,170,1643,1258,20,1647,269],"global-categories":[],"class_list":["post-20626","post","type-post","status-publish","format-standard","has-post-thumbnail","hentry","category-tour-de-france","tag-cestna-cyklistika","tag-cyklista","tag-cyklistika","tag-etapove-preteky","tag-francuzsko","tag-jonas-vingegaard","tag-leto","tag-motivacia","tag-preteky","tag-primoz-roglic","tag-sezona-2025","tag-tadej-pogacar","tag-tour-de-france","tag-tour-de-france-2025","tag-vitaz"],"yoast_head":"<!-- This site is optimized with the Yoast SEO Premium plugin v25.3 (Yoast SEO v25.9) - https:\/\/yoast.com\/wordpress\/plugins\/seo\/ -->\n<title>Cesta na Tour: V\u00ed\u0165azom bude\u2026 Poga\u010dar, Poga\u010dar a op\u00e4\u0165 Poga\u010dar<\/title>\n<meta name=\"description\" content=\"Pre\u010do Tadej Poga\u010dar vyhr\u00e1 Tour de France 2025? Anal\u00fdza dominancie, k\u013e\u00fa\u010dov\u00fdch s\u00faperov (Vingegaard, Evenepoel, Rogli\u010d) a predpokladov v\u00ed\u0165azstva.\" \/>\n<meta name=\"robots\" content=\"index, follow, max-snippet:-1, max-image-preview:large, max-video-preview:-1\" \/>\n<link rel=\"canonical\" href=\"https:\/\/www.welovecycling.com\/sk\/2025\/07\/08\/cesta-na-tour-vitazom-bude-pogacar-pogacar-pogacar\/\" \/>\n<meta property=\"og:locale\" content=\"sk_SK\" \/>\n<meta property=\"og:type\" content=\"article\" \/>\n<meta property=\"og:title\" content=\"Cesta na Tour: V\u00ed\u0165azom bude\u2026 Poga\u010dar, Poga\u010dar a op\u00e4\u0165 Poga\u010dar\" \/>\n<meta property=\"og:description\" content=\"Pre\u010do Tadej Poga\u010dar vyhr\u00e1 Tour de France 2025? Anal\u00fdza dominancie, k\u013e\u00fa\u010dov\u00fdch s\u00faperov (Vingegaard, Evenepoel, Rogli\u010d) a predpokladov v\u00ed\u0165azstva.\" \/>\n<meta property=\"og:url\" content=\"https:\/\/www.welovecycling.com\/sk\/2025\/07\/08\/cesta-na-tour-vitazom-bude-pogacar-pogacar-pogacar\/\" \/>\n<meta property=\"og:site_name\" content=\"\u0160koda We Love Cycling Slovensko\" \/>\n<meta property=\"article:published_time\" content=\"2025-07-08T07:00:58+00:00\" \/>\n<meta property=\"og:image\" content=\"https:\/\/d2p6e6u75xmxt8.cloudfront.net\/4\/2025\/07\/Tadej-Pogacar-Fleche-Wallonne-profimedia-0991534977-CVR.webp\" \/>\n\t<meta property=\"og:image:width\" content=\"990\" \/>\n\t<meta property=\"og:image:height\" content=\"660\" \/>\n\t<meta property=\"og:image:type\" content=\"image\/webp\" \/>\n<meta name=\"author\" content=\"michal\" \/>\n<meta name=\"twitter:card\" content=\"summary_large_image\" \/>\n<meta name=\"twitter:label1\" content=\"Written by\" \/>\n\t<meta name=\"twitter:data1\" content=\"Siegfried Mortkowitz\" \/>\n\t<meta name=\"twitter:label2\" content=\"Est. reading time\" \/>\n\t<meta name=\"twitter:data2\" content=\"3\" \/>\n<script type=\"application\/ld+json\" class=\"yoast-schema-graph\">{\"@context\":\"https:\/\/schema.org\",\"@graph\":[{\"@type\":\"WebPage\",\"@id\":\"https:\/\/www.welovecycling.com\/sk\/2025\/07\/08\/cesta-na-tour-vitazom-bude-pogacar-pogacar-pogacar\/\",\"url\":\"https:\/\/www.welovecycling.com\/sk\/2025\/07\/08\/cesta-na-tour-vitazom-bude-pogacar-pogacar-pogacar\/\",\"name\":\"Cesta na Tour: V\u00ed\u0165azom bude\u2026 Poga\u010dar, Poga\u010dar a op\u00e4\u0165 Poga\u010dar\",\"isPartOf\":{\"@id\":\"https:\/\/www.welovecycling.com\/sk\/#website\"},\"primaryImageOfPage\":{\"@id\":\"https:\/\/www.welovecycling.com\/sk\/2025\/07\/08\/cesta-na-tour-vitazom-bude-pogacar-pogacar-pogacar\/#primaryimage\"},\"image\":{\"@id\":\"https:\/\/www.welovecycling.com\/sk\/2025\/07\/08\/cesta-na-tour-vitazom-bude-pogacar-pogacar-pogacar\/#primaryimage\"},\"thumbnailUrl\":\"https:\/\/d2p6e6u75xmxt8.cloudfront.net\/4\/2025\/07\/Tadej-Pogacar-Fleche-Wallonne-profimedia-0991534977-CVR.webp\",\"datePublished\":\"2025-07-08T07:00:58+00:00\",\"author\":{\"@id\":\"https:\/\/www.welovecycling.com\/sk\/#\/schema\/person\/45e989de48eace55eb338c027dc5a65e\"},\"description\":\"Pre\u010do Tadej Poga\u010dar vyhr\u00e1 Tour de France 2025? Anal\u00fdza dominancie, k\u013e\u00fa\u010dov\u00fdch s\u00faperov (Vingegaard, Evenepoel, Rogli\u010d) a predpokladov v\u00ed\u0165azstva.\",\"breadcrumb\":{\"@id\":\"https:\/\/www.welovecycling.com\/sk\/2025\/07\/08\/cesta-na-tour-vitazom-bude-pogacar-pogacar-pogacar\/#breadcrumb\"},\"inLanguage\":\"sk-SK\",\"potentialAction\":[{\"@type\":\"ReadAction\",\"target\":[\"https:\/\/www.welovecycling.com\/sk\/2025\/07\/08\/cesta-na-tour-vitazom-bude-pogacar-pogacar-pogacar\/\"]}]},{\"@type\":\"ImageObject\",\"inLanguage\":\"sk-SK\",\"@id\":\"https:\/\/www.welovecycling.com\/sk\/2025\/07\/08\/cesta-na-tour-vitazom-bude-pogacar-pogacar-pogacar\/#primaryimage\",\"url\":\"https:\/\/d2p6e6u75xmxt8.cloudfront.net\/4\/2025\/07\/Tadej-Pogacar-Fleche-Wallonne-profimedia-0991534977-CVR.webp\",\"contentUrl\":\"https:\/\/d2p6e6u75xmxt8.cloudfront.net\/4\/2025\/07\/Tadej-Pogacar-Fleche-Wallonne-profimedia-0991534977-CVR.webp\",\"width\":990,\"height\":660,\"caption\":\"Tadej Poga\u010dar\"},{\"@type\":\"BreadcrumbList\",\"@id\":\"https:\/\/www.welovecycling.com\/sk\/2025\/07\/08\/cesta-na-tour-vitazom-bude-pogacar-pogacar-pogacar\/#breadcrumb\",\"itemListElement\":[{\"@type\":\"ListItem\",\"position\":1,\"name\":\"Home\",\"item\":\"https:\/\/www.welovecycling.com\/sk\/\"},{\"@type\":\"ListItem\",\"position\":2,\"name\":\"Cesta na Tour: V\u00ed\u0165azom bude\u2026 Poga\u010dar, Poga\u010dar a op\u00e4\u0165 Poga\u010dar\"}]},{\"@type\":\"WebSite\",\"@id\":\"https:\/\/www.welovecycling.com\/sk\/#website\",\"url\":\"https:\/\/www.welovecycling.com\/sk\/\",\"name\":\"\u0160koda We Love Cycling Slovensko\",\"description\":\"\u0160koda We Love Cycling Slovensko je v\u00e1\u0161 ka\u017edodenn\u00fd zdroj noviniek a in\u0161pir\u00e1cie z sveta cyklistiky\",\"potentialAction\":[{\"@type\":\"SearchAction\",\"target\":{\"@type\":\"EntryPoint\",\"urlTemplate\":\"https:\/\/www.welovecycling.com\/sk\/?s={search_term_string}\"},\"query-input\":{\"@type\":\"PropertyValueSpecification\",\"valueRequired\":true,\"valueName\":\"search_term_string\"}}],\"inLanguage\":\"sk-SK\"},{\"@type\":\"Person\",\"@id\":\"https:\/\/www.welovecycling.com\/sk\/#\/schema\/person\/45e989de48eace55eb338c027dc5a65e\",\"name\":\"michal\",\"image\":{\"@type\":\"ImageObject\",\"inLanguage\":\"sk-SK\",\"@id\":\"https:\/\/www.welovecycling.com\/sk\/#\/schema\/person\/image\/\",\"url\":\"https:\/\/secure.gravatar.com\/avatar\/7f8deb1af8506a5f53d1b779436f546bce1c8c40c09780107ad3811c7dc4bbcb?s=96&d=mm&r=g\",\"contentUrl\":\"https:\/\/secure.gravatar.com\/avatar\/7f8deb1af8506a5f53d1b779436f546bce1c8c40c09780107ad3811c7dc4bbcb?s=96&d=mm&r=g\",\"caption\":\"michal\"},\"url\":\"https:\/\/www.welovecycling.com\/sk\/author\/michal\/\"}]}<\/script>\n<!-- \/ Yoast SEO Premium plugin. -->","yoast_head_json":{"title":"Cesta na Tour: V\u00ed\u0165azom bude\u2026 Poga\u010dar, Poga\u010dar a op\u00e4\u0165 Poga\u010dar","description":"Pre\u010do Tadej Poga\u010dar vyhr\u00e1 Tour de France 2025? Anal\u00fdza dominancie, k\u013e\u00fa\u010dov\u00fdch s\u00faperov (Vingegaard, Evenepoel, Rogli\u010d) a predpokladov v\u00ed\u0165azstva.","robots":{"index":"index","follow":"follow","max-snippet":"max-snippet:-1","max-image-preview":"max-image-preview:large","max-video-preview":"max-video-preview:-1"},"canonical":"https:\/\/www.welovecycling.com\/sk\/2025\/07\/08\/cesta-na-tour-vitazom-bude-pogacar-pogacar-pogacar\/","og_locale":"sk_SK","og_type":"article","og_title":"Cesta na Tour: V\u00ed\u0165azom bude\u2026 Poga\u010dar, Poga\u010dar a op\u00e4\u0165 Poga\u010dar","og_description":"Pre\u010do Tadej Poga\u010dar vyhr\u00e1 Tour de France 2025? Anal\u00fdza dominancie, k\u013e\u00fa\u010dov\u00fdch s\u00faperov (Vingegaard, Evenepoel, Rogli\u010d) a predpokladov v\u00ed\u0165azstva.","og_url":"https:\/\/www.welovecycling.com\/sk\/2025\/07\/08\/cesta-na-tour-vitazom-bude-pogacar-pogacar-pogacar\/","og_site_name":"\u0160koda We Love Cycling Slovensko","article_published_time":"2025-07-08T07:00:58+00:00","og_image":[{"width":990,"height":660,"url":"https:\/\/d2p6e6u75xmxt8.cloudfront.net\/4\/2025\/07\/Tadej-Pogacar-Fleche-Wallonne-profimedia-0991534977-CVR.webp","type":"image\/webp"}],"author":"michal","twitter_card":"summary_large_image","twitter_misc":{"Written by":"Siegfried Mortkowitz","Est. reading time":"3"},"schema":{"@context":"https:\/\/schema.org","@graph":[{"@type":"WebPage","@id":"https:\/\/www.welovecycling.com\/sk\/2025\/07\/08\/cesta-na-tour-vitazom-bude-pogacar-pogacar-pogacar\/","url":"https:\/\/www.welovecycling.com\/sk\/2025\/07\/08\/cesta-na-tour-vitazom-bude-pogacar-pogacar-pogacar\/","name":"Cesta na Tour: V\u00ed\u0165azom bude\u2026 Poga\u010dar, Poga\u010dar a op\u00e4\u0165 Poga\u010dar","isPartOf":{"@id":"https:\/\/www.welovecycling.com\/sk\/#website"},"primaryImageOfPage":{"@id":"https:\/\/www.welovecycling.com\/sk\/2025\/07\/08\/cesta-na-tour-vitazom-bude-pogacar-pogacar-pogacar\/#primaryimage"},"image":{"@id":"https:\/\/www.welovecycling.com\/sk\/2025\/07\/08\/cesta-na-tour-vitazom-bude-pogacar-pogacar-pogacar\/#primaryimage"},"thumbnailUrl":"https:\/\/d2p6e6u75xmxt8.cloudfront.net\/4\/2025\/07\/Tadej-Pogacar-Fleche-Wallonne-profimedia-0991534977-CVR.webp","datePublished":"2025-07-08T07:00:58+00:00","author":{"@id":"https:\/\/www.welovecycling.com\/sk\/#\/schema\/person\/45e989de48eace55eb338c027dc5a65e"},"description":"Pre\u010do Tadej Poga\u010dar vyhr\u00e1 Tour de France 2025? Anal\u00fdza dominancie, k\u013e\u00fa\u010dov\u00fdch s\u00faperov (Vingegaard, Evenepoel, Rogli\u010d) a predpokladov v\u00ed\u0165azstva.","breadcrumb":{"@id":"https:\/\/www.welovecycling.com\/sk\/2025\/07\/08\/cesta-na-tour-vitazom-bude-pogacar-pogacar-pogacar\/#breadcrumb"},"inLanguage":"sk-SK","potentialAction":[{"@type":"ReadAction","target":["https:\/\/www.welovecycling.com\/sk\/2025\/07\/08\/cesta-na-tour-vitazom-bude-pogacar-pogacar-pogacar\/"]}]},{"@type":"ImageObject","inLanguage":"sk-SK","@id":"https:\/\/www.welovecycling.com\/sk\/2025\/07\/08\/cesta-na-tour-vitazom-bude-pogacar-pogacar-pogacar\/#primaryimage","url":"https:\/\/d2p6e6u75xmxt8.cloudfront.net\/4\/2025\/07\/Tadej-Pogacar-Fleche-Wallonne-profimedia-0991534977-CVR.webp","contentUrl":"https:\/\/d2p6e6u75xmxt8.cloudfront.net\/4\/2025\/07\/Tadej-Pogacar-Fleche-Wallonne-profimedia-0991534977-CVR.webp","width":990,"height":660,"caption":"Tadej Poga\u010dar"},{"@type":"BreadcrumbList","@id":"https:\/\/www.welovecycling.com\/sk\/2025\/07\/08\/cesta-na-tour-vitazom-bude-pogacar-pogacar-pogacar\/#breadcrumb","itemListElement":[{"@type":"ListItem","position":1,"name":"Home","item":"https:\/\/www.welovecycling.com\/sk\/"},{"@type":"ListItem","position":2,"name":"Cesta na Tour: V\u00ed\u0165azom bude\u2026 Poga\u010dar, Poga\u010dar a op\u00e4\u0165 Poga\u010dar"}]},{"@type":"WebSite","@id":"https:\/\/www.welovecycling.com\/sk\/#website","url":"https:\/\/www.welovecycling.com\/sk\/","name":"\u0160koda We Love Cycling Slovensko","description":"\u0160koda We Love Cycling Slovensko je v\u00e1\u0161 ka\u017edodenn\u00fd zdroj noviniek a in\u0161pir\u00e1cie z sveta cyklistiky","potentialAction":[{"@type":"SearchAction","target":{"@type":"EntryPoint","urlTemplate":"https:\/\/www.welovecycling.com\/sk\/?s={search_term_string}"},"query-input":{"@type":"PropertyValueSpecification","valueRequired":true,"valueName":"search_term_string"}}],"inLanguage":"sk-SK"},{"@type":"Person","@id":"https:\/\/www.welovecycling.com\/sk\/#\/schema\/person\/45e989de48eace55eb338c027dc5a65e","name":"michal","image":{"@type":"ImageObject","inLanguage":"sk-SK","@id":"https:\/\/www.welovecycling.com\/sk\/#\/schema\/person\/image\/","url":"https:\/\/secure.gravatar.com\/avatar\/7f8deb1af8506a5f53d1b779436f546bce1c8c40c09780107ad3811c7dc4bbcb?s=96&d=mm&r=g","contentUrl":"https:\/\/secure.gravatar.com\/avatar\/7f8deb1af8506a5f53d1b779436f546bce1c8c40c09780107ad3811c7dc4bbcb?s=96&d=mm&r=g","caption":"michal"},"url":"https:\/\/www.welovecycling.com\/sk\/author\/michal\/"}]}},"_links":{"self":[{"href":"https:\/\/www.welovecycling.com\/sk\/wp-json\/wp\/v2\/posts\/20626","targetHints":{"allow":["GET"]}}],"collection":[{"href":"https:\/\/www.welovecycling.com\/sk\/wp-json\/wp\/v2\/posts"}],"about":[{"href":"https:\/\/www.welovecycling.com\/sk\/wp-json\/wp\/v2\/types\/post"}],"author":[{"embeddable":true,"href":"https:\/\/www.welovecycling.com\/sk\/wp-json\/wp\/v2\/users\/191"}],"replies":[{"embeddable":true,"href":"https:\/\/www.welovecycling.com\/sk\/wp-json\/wp\/v2\/comments?post=20626"}],"version-history":[{"count":3,"href":"https:\/\/www.welovecycling.com\/sk\/wp-json\/wp\/v2\/posts\/20626\/revisions"}],"predecessor-version":[{"id":20632,"href":"https:\/\/www.welovecycling.com\/sk\/wp-json\/wp\/v2\/posts\/20626\/revisions\/20632"}],"wp:featuredmedia":[{"embeddable":true,"href":"https:\/\/www.welovecycling.com\/sk\/wp-json\/wp\/v2\/media\/20629"}],"wp:attachment":[{"href":"https:\/\/www.welovecycling.com\/sk\/wp-json\/wp\/v2\/media?parent=20626"}],"wp:term":[{"taxonomy":"category","embeddable":true,"href":"https:\/\/www.welovecycling.com\/sk\/wp-json\/wp\/v2\/categories?post=20626"},{"taxonomy":"post_tag","embeddable":true,"href":"https:\/\/www.welovecycling.com\/sk\/wp-json\/wp\/v2\/tags?post=20626"},{"taxonomy":"global-categories","embeddable":true,"href":"https:\/\/www.welovecycling.com\/sk\/wp-json\/wp\/v2\/global-categories?post=20626"}],"curies":[{"name":"wp","href":"https:\/\/api.w.org\/{rel}","templated":true}]}}