{"id":20622,"date":"2025-07-04T10:00:02","date_gmt":"2025-07-04T08:00:02","guid":{"rendered":"https:\/\/www.welovecycling.com\/sk\/?p=20622"},"modified":"2025-07-04T07:53:30","modified_gmt":"2025-07-04T05:53:30","slug":"jazda-spolu-vzajomna-podpora-pocas-neuspechov","status":"publish","type":"post","link":"https:\/\/www.welovecycling.com\/sk\/2025\/07\/04\/jazda-spolu-vzajomna-podpora-pocas-neuspechov\/","title":{"rendered":"Jazda spolu \u2013 vz\u00e1jomn\u00e1 podpora po\u010das ne\u00faspechov"},"content":{"rendered":"<p><strong>Pre cyklistov s\u00fa ne\u00faspechy nevyhnutn\u00e9, ale ke\u010f ste vo vz\u0165ahu s \u010dlovekom, ktor\u00fd rovnako ako vy miluje cyklistiku, zranenie alebo choroba jedn\u00e9ho z partnerov ovplyv\u0148uje oboch. Sp\u00f4sob, ak\u00fdm sa s t\u00fdm spolo\u010dne vyrovn\u00e1te, m\u00f4\u017ee preh\u013abi\u0165 va\u0161e puto alebo vytvori\u0165 neo\u010dak\u00e1van\u00e9 nap\u00e4tie. V \u010dl\u00e1nku sa pozrieme na to, ako sa m\u00f4\u017eu p\u00e1ry navz\u00e1jom podporova\u0165 po\u010das prest\u00e1vok a f\u00e1z n\u00e1vratu.<\/strong><!--more--><\/p>\n<h2><strong>Strata identity<\/strong><\/h2>\n<p><span style=\"font-weight: 400;\">Hovori\u0165 tu o identite sa m\u00f4\u017ee zda\u0165 pr\u00edli\u0161 dramatick\u00e9. Ale ak je cyklistika va\u0161\u00edm hlavn\u00fdm kon\u00ed\u010dkom, v\u00e1\u0161\u0148ou, sp\u00f4sobom, ako sa vyrovna\u0165 so stresom ka\u017edodenn\u00e9ho \u017eivota, a v\u00e1\u0161 partner je rovnak\u00fd, st\u00e1va sa ve\u013ekou s\u00fa\u010das\u0165ou toho, k\u00fdm ste. Tak\u017ee, ke\u010f nem\u00f4\u017eete jazdi\u0165, je to viac ne\u017e len nepr\u00edjemnos\u0165.<\/span><\/p>\n<p><span style=\"font-weight: 400;\">Pre cyklistick\u00fd p\u00e1r sa probl\u00e9m zhor\u0161uje, preto\u017ee <strong>str\u00e1cate \u010das\u0165 spolo\u010dne str\u00e1ven\u00e9ho \u010dasu a mus\u00edte sa vysporiada\u0165 s mno\u017estvom nepr\u00edjemn\u00fdch em\u00f3ci\u00ed, ako je vina, frustr\u00e1cia a z\u00e1vis\u0165.<\/strong> Je d\u00f4le\u017eit\u00e9 n\u00e1js\u0165 zdrav\u00fd sp\u00f4sob, ako sa vyrovna\u0165 s t\u00fdm, ke\u010f v\u00e1\u0161 partner nejazd\u00ed na bicykli, \u010di u\u017e je to kv\u00f4li zraneniu alebo chorobe, preto\u017ee tieto veci s\u00fa, \u017eia\u013e, s\u00fa\u010das\u0165ou \u017eivota.<\/span><\/p>\n<h2><strong>Mali by ste rozpr\u00e1va\u0165 o svojich jazd\u00e1ch?<\/strong><\/h2>\n<p><span style=\"font-weight: 400;\">Je prirodzen\u00e9 z\u00e1vidie\u0165 svojmu partnerovi, ke\u010f sa vyd\u00e1 na jazdu, najm\u00e4 ke\u010f je po\u010dasie perfektn\u00e9, zatia\u013e \u010do vy mus\u00edte sedie\u0165 doma. A je to \u0165a\u017ek\u00e9 aj z poh\u013eadu druhej osoby. M\u00f4\u017eete sa c\u00edti\u0165 vinn\u00fdm, ke\u010f sa vy skvele bav\u00edte na jazde a v\u00e1\u0161 partner m\u00e1 doma probl\u00e9my.<\/span><\/p>\n<p><span style=\"font-weight: 400;\"><strong>Prv\u00fdm krokom je prizna\u0165 si tieto pocity.<\/strong> Niekedy chcete len uistenie, \u017ee v\u00e1\u0161 partner je r\u00e1d, \u017ee si u\u017e\u00edvate jazdu. Alebo chcete po\u010du\u0165, \u017ee v\u00e1\u0161mu partnerovi ch\u00fdba va\u0161a spolo\u010dnos\u0165, ke\u010f jazd\u00ed vonku. Mne a mojej priate\u013eke pom\u00e1ha, ke\u010f ten, kto jazd\u00ed vonku, zdie\u013ea fotografie z j\u00e1zd. Ale in\u00fdm p\u00e1rom m\u00f4\u017ee tak\u00e9to zdie\u013eanie pocity viny e\u0161te zhor\u0161i\u0165. Ak ste tomu otvoren\u00ed, n\u00e1jdete sp\u00f4sob, ktor\u00fd bude pre v\u00e1s najlep\u0161\u00ed.<\/span><\/p>\n<h2><strong>Zvl\u00e1danie frustr\u00e1cie a izol\u00e1cie<\/strong><\/h2>\n<p><span style=\"font-weight: 400;\">\u010c\u00edm dlh\u0161ia je pauza v jazden\u00ed na bicykli u v\u00e1\u0161ho partnera, t\u00fdm vy\u0161\u0161ia je pravdepodobnos\u0165, \u017ee sa za\u010dne c\u00edti\u0165 frustrovan\u00fd a izolovan\u00fd. Ako v\u017edy, je d\u00f4le\u017eit\u00e9 prizna\u0165 si tieto pocity a prejavi\u0165 ich.<\/span><\/p>\n<p><span style=\"font-weight: 400;\"><strong>Ak vy nie ste ten, kto je pr\u00e1ve zranen\u00fd, vyhnite sa z\u013eah\u010dovaniu alebo porovn\u00e1vaniu jeho bolesti.<\/strong> Sna\u017ete sa vyh\u00fdba\u0165 fr\u00e1zam ako <em>\u201ehne\u010f sa vr\u00e1ti\u0161\u201c<\/em> alebo <em>\u201easpo\u0148 si si nezlomil nohy\u201c<\/em>. Aj ke\u010f m\u00e1te dobr\u00e9 \u00famysly, p\u00f4sob\u00ed to ako ignorovanie reality v\u00e1\u0161ho partnera. Namiesto toho sa ho op\u00fdtajte, \u010do je pre neho na tom naj\u0165a\u017e\u0161ie, a nechajte ho, aby sa vyventiloval.<\/span><\/p>\n<h2><strong>Prekonanie depresie<\/strong><\/h2>\n<p><span style=\"font-weight: 400;\">Po\u010das ve\u013emi dlh\u00fdch rekonvalescenci\u00ed je be\u017en\u00e9, \u017ee sa dostav\u00ed depresia. <strong>Strach z toho, \u017ee nie\u010do zme\u0161k\u00e1te, sa st\u00e1va a\u017e pr\u00edli\u0161 re\u00e1lnym a je \u0165a\u017ek\u00e9 udr\u017eiava\u0165 svoje du\u0161evn\u00e9 zdravie v poriadku.<\/strong> Neexistuje \u017eiadny trik ani jednoduch\u00e1 rada, ktor\u00e1 by to v tomto pr\u00edpade zlep\u0161ila. Mne a mojej priate\u013eke pom\u00e1ha spolo\u010dne pozera\u0165 cyklistick\u00e9 preteky, zap\u00e1ja\u0165 sa do vz\u00e1jomnej rehabilit\u00e1cie a robi\u0165 si pl\u00e1ny do bud\u00facnosti, aj ke\u010f to bude znamena\u0165 hovori\u0165 a\u017e o \u010fal\u0161ej sez\u00f3ne.<\/span><\/p>\n<p><span style=\"font-weight: 400;\">Celkovo pom\u00e1ha navz\u00e1jom sa vn\u00edma\u0165 a diskutova\u0165 o chorobe alebo zranen\u00ed, ako o spolo\u010dnej v\u00fdzve. Aj ke\u010f to niekedy znie hl\u00fapo, zosta\u0165 v kontakte t\u00fdmto sp\u00f4sobom je jednoduch\u0161ie a proces rekonvalescencie sa v\u010faka tomu stane s\u00fa\u010das\u0165ou v\u00e1\u0161ho spolo\u010dn\u00e9ho pr\u00edbehu.<\/span><\/p>\n<h2><strong>Dynamika n\u00e1vratu<\/strong><\/h2>\n<p><span style=\"font-weight: 400;\">Je ve\u013emi d\u00f4le\u017eit\u00e9 pochopi\u0165, \u017ee n\u00e1vrat k jazde je zriedkakedy line\u00e1rny. <strong>Nesna\u017ete sa dohna\u0165 straten\u00fd \u010das v prv\u00fdch d\u0148och a t\u00fd\u017ed\u0148och.<\/strong> Pravdepodobne t\u00fdm narob\u00edte viac \u0161kody ako \u00fa\u017eitku. Vyh\u00fdbajte sa porovn\u00e1vaniu a \u010d\u00edslam, ako len m\u00f4\u017eete, a zamerajte svoju pozornos\u0165 na rados\u0165 zo samotnej cyklistiky. Urobte z cyklistiky oslavu toho, \u017ee v\u00e1\u0161 partner m\u00f4\u017ee s vami op\u00e4\u0165 zdie\u013ea\u0165 tento kvalitn\u00fd \u010das.<\/span><\/p>\n<p><span style=\"font-weight: 400;\">Mo\u017eno e\u0161te nejak\u00fd \u010das nebudete jazdi\u0165 rovnak\u00fdm tempom alebo rovnak\u00e9 vzdialenosti. Ale ak ste v tom spolu, st\u00e1le sa pos\u00favate vpred.<\/span><\/p>\n","protected":false},"excerpt":{"rendered":"<p>Pre cyklistov s\u00fa ne\u00faspechy nevyhnutn\u00e9, ale ke\u010f ste vo vz\u0165ahu s \u010dlovekom, ktor\u00fd rovnako ako vy miluje cyklistiku, zranenie alebo [&hellip;]<\/p>\n","protected":false},"author":172,"featured_media":20623,"comment_status":"closed","ping_status":"closed","sticky":false,"template":"","format":"standard","meta":{"footnotes":""},"categories":[2],"tags":[115,1166,546,507,180,931,337,784,161,635,332],"global-categories":[],"class_list":["post-20622","post","type-post","status-publish","format-standard","has-post-thumbnail","hentry","category-zdravie-trening","tag-cestna-cyklistika","tag-choroba","tag-cyklistika","tag-cyklorodinka","tag-horska-cyklistika","tag-odporucame","tag-regeneracia","tag-stres","tag-zdravie","tag-zotavenie","tag-zranenia"],"yoast_head":"<!-- This site is optimized with the Yoast SEO Premium plugin v25.3 (Yoast SEO v25.9) - https:\/\/yoast.com\/wordpress\/plugins\/seo\/ -->\n<title>Jazda spolu \u2013 vz\u00e1jomn\u00e1 podpora po\u010das ne\u00faspechov - \u0160koda We Love Cycling Slovensko<\/title>\n<meta name=\"description\" content=\"Ne\u00faspechy s\u00fa nevyhnutn\u00e9, ale ke\u010f ste vo vz\u0165ahu s \u010dlovekom, ktor\u00fd rovnako miluje cyklistiku, zranenie alebo choroba jedn\u00e9ho, ovplyv\u0148uje oboch.\" \/>\n<meta name=\"robots\" content=\"index, follow, max-snippet:-1, max-image-preview:large, max-video-preview:-1\" \/>\n<link rel=\"canonical\" href=\"https:\/\/www.welovecycling.com\/sk\/2025\/07\/04\/jazda-spolu-vzajomna-podpora-pocas-neuspechov\/\" \/>\n<meta property=\"og:locale\" content=\"sk_SK\" \/>\n<meta property=\"og:type\" content=\"article\" \/>\n<meta property=\"og:title\" content=\"Jazda spolu \u2013 vz\u00e1jomn\u00e1 podpora po\u010das ne\u00faspechov\" \/>\n<meta property=\"og:description\" content=\"Ne\u00faspechy s\u00fa nevyhnutn\u00e9, ale ke\u010f ste vo vz\u0165ahu s \u010dlovekom, ktor\u00fd rovnako miluje cyklistiku, zranenie alebo choroba jedn\u00e9ho, ovplyv\u0148uje oboch.\" \/>\n<meta property=\"og:url\" content=\"https:\/\/www.welovecycling.com\/sk\/2025\/07\/04\/jazda-spolu-vzajomna-podpora-pocas-neuspechov\/\" \/>\n<meta property=\"og:site_name\" content=\"\u0160koda We Love Cycling Slovensko\" \/>\n<meta property=\"article:published_time\" content=\"2025-07-04T08:00:02+00:00\" \/>\n<meta property=\"og:image\" content=\"https:\/\/d2p6e6u75xmxt8.cloudfront.net\/4\/2025\/07\/Cycling-Couple-profimedia-0971725132-CVR.webp\" \/>\n\t<meta property=\"og:image:width\" content=\"990\" \/>\n\t<meta property=\"og:image:height\" content=\"660\" \/>\n\t<meta property=\"og:image:type\" content=\"image\/webp\" \/>\n<meta name=\"author\" content=\"dominika\" \/>\n<meta name=\"twitter:card\" content=\"summary_large_image\" \/>\n<meta name=\"twitter:label1\" content=\"Written by\" \/>\n\t<meta name=\"twitter:data1\" content=\"Ji\u0159\u00ed Kaloc\" \/>\n\t<meta name=\"twitter:label2\" content=\"Est. reading time\" \/>\n\t<meta name=\"twitter:data2\" content=\"2\" \/>\n<script type=\"application\/ld+json\" class=\"yoast-schema-graph\">{\"@context\":\"https:\/\/schema.org\",\"@graph\":[{\"@type\":\"WebPage\",\"@id\":\"https:\/\/www.welovecycling.com\/sk\/2025\/07\/04\/jazda-spolu-vzajomna-podpora-pocas-neuspechov\/\",\"url\":\"https:\/\/www.welovecycling.com\/sk\/2025\/07\/04\/jazda-spolu-vzajomna-podpora-pocas-neuspechov\/\",\"name\":\"Jazda spolu \u2013 vz\u00e1jomn\u00e1 podpora po\u010das ne\u00faspechov - \u0160koda We Love Cycling Slovensko\",\"isPartOf\":{\"@id\":\"https:\/\/www.welovecycling.com\/sk\/#website\"},\"primaryImageOfPage\":{\"@id\":\"https:\/\/www.welovecycling.com\/sk\/2025\/07\/04\/jazda-spolu-vzajomna-podpora-pocas-neuspechov\/#primaryimage\"},\"image\":{\"@id\":\"https:\/\/www.welovecycling.com\/sk\/2025\/07\/04\/jazda-spolu-vzajomna-podpora-pocas-neuspechov\/#primaryimage\"},\"thumbnailUrl\":\"https:\/\/d2p6e6u75xmxt8.cloudfront.net\/4\/2025\/07\/Cycling-Couple-profimedia-0971725132-CVR.webp\",\"datePublished\":\"2025-07-04T08:00:02+00:00\",\"author\":{\"@id\":\"https:\/\/www.welovecycling.com\/sk\/#\/schema\/person\/533b62b98b6c41bd5135ebfb1f742624\"},\"description\":\"Ne\u00faspechy s\u00fa nevyhnutn\u00e9, ale ke\u010f ste vo vz\u0165ahu s \u010dlovekom, ktor\u00fd rovnako miluje cyklistiku, zranenie alebo choroba jedn\u00e9ho, ovplyv\u0148uje oboch.\",\"breadcrumb\":{\"@id\":\"https:\/\/www.welovecycling.com\/sk\/2025\/07\/04\/jazda-spolu-vzajomna-podpora-pocas-neuspechov\/#breadcrumb\"},\"inLanguage\":\"sk-SK\",\"potentialAction\":[{\"@type\":\"ReadAction\",\"target\":[\"https:\/\/www.welovecycling.com\/sk\/2025\/07\/04\/jazda-spolu-vzajomna-podpora-pocas-neuspechov\/\"]}]},{\"@type\":\"ImageObject\",\"inLanguage\":\"sk-SK\",\"@id\":\"https:\/\/www.welovecycling.com\/sk\/2025\/07\/04\/jazda-spolu-vzajomna-podpora-pocas-neuspechov\/#primaryimage\",\"url\":\"https:\/\/d2p6e6u75xmxt8.cloudfront.net\/4\/2025\/07\/Cycling-Couple-profimedia-0971725132-CVR.webp\",\"contentUrl\":\"https:\/\/d2p6e6u75xmxt8.cloudfront.net\/4\/2025\/07\/Cycling-Couple-profimedia-0971725132-CVR.webp\",\"width\":990,\"height\":660,\"caption\":\"cyklistick\u00fd p\u00e1r\"},{\"@type\":\"BreadcrumbList\",\"@id\":\"https:\/\/www.welovecycling.com\/sk\/2025\/07\/04\/jazda-spolu-vzajomna-podpora-pocas-neuspechov\/#breadcrumb\",\"itemListElement\":[{\"@type\":\"ListItem\",\"position\":1,\"name\":\"Home\",\"item\":\"https:\/\/www.welovecycling.com\/sk\/\"},{\"@type\":\"ListItem\",\"position\":2,\"name\":\"Jazda spolu \u2013 vz\u00e1jomn\u00e1 podpora po\u010das ne\u00faspechov\"}]},{\"@type\":\"WebSite\",\"@id\":\"https:\/\/www.welovecycling.com\/sk\/#website\",\"url\":\"https:\/\/www.welovecycling.com\/sk\/\",\"name\":\"\u0160koda We Love Cycling Slovensko\",\"description\":\"\u0160koda We Love Cycling Slovensko je v\u00e1\u0161 ka\u017edodenn\u00fd zdroj noviniek a in\u0161pir\u00e1cie z sveta cyklistiky\",\"potentialAction\":[{\"@type\":\"SearchAction\",\"target\":{\"@type\":\"EntryPoint\",\"urlTemplate\":\"https:\/\/www.welovecycling.com\/sk\/?s={search_term_string}\"},\"query-input\":{\"@type\":\"PropertyValueSpecification\",\"valueRequired\":true,\"valueName\":\"search_term_string\"}}],\"inLanguage\":\"sk-SK\"},{\"@type\":\"Person\",\"@id\":\"https:\/\/www.welovecycling.com\/sk\/#\/schema\/person\/533b62b98b6c41bd5135ebfb1f742624\",\"name\":\"dominika\",\"image\":{\"@type\":\"ImageObject\",\"inLanguage\":\"sk-SK\",\"@id\":\"https:\/\/www.welovecycling.com\/sk\/#\/schema\/person\/image\/\",\"url\":\"https:\/\/secure.gravatar.com\/avatar\/ded6f274ba2ec3e17fff153f7d9d96a4b33c2cb63907f75d9a5309c599a7f3e6?s=96&d=mm&r=g\",\"contentUrl\":\"https:\/\/secure.gravatar.com\/avatar\/ded6f274ba2ec3e17fff153f7d9d96a4b33c2cb63907f75d9a5309c599a7f3e6?s=96&d=mm&r=g\",\"caption\":\"dominika\"},\"url\":\"https:\/\/www.welovecycling.com\/sk\/author\/dominika\/\"}]}<\/script>\n<!-- \/ Yoast SEO Premium plugin. -->","yoast_head_json":{"title":"Jazda spolu \u2013 vz\u00e1jomn\u00e1 podpora po\u010das ne\u00faspechov - \u0160koda We Love Cycling Slovensko","description":"Ne\u00faspechy s\u00fa nevyhnutn\u00e9, ale ke\u010f ste vo vz\u0165ahu s \u010dlovekom, ktor\u00fd rovnako miluje cyklistiku, zranenie alebo choroba jedn\u00e9ho, ovplyv\u0148uje oboch.","robots":{"index":"index","follow":"follow","max-snippet":"max-snippet:-1","max-image-preview":"max-image-preview:large","max-video-preview":"max-video-preview:-1"},"canonical":"https:\/\/www.welovecycling.com\/sk\/2025\/07\/04\/jazda-spolu-vzajomna-podpora-pocas-neuspechov\/","og_locale":"sk_SK","og_type":"article","og_title":"Jazda spolu \u2013 vz\u00e1jomn\u00e1 podpora po\u010das ne\u00faspechov","og_description":"Ne\u00faspechy s\u00fa nevyhnutn\u00e9, ale ke\u010f ste vo vz\u0165ahu s \u010dlovekom, ktor\u00fd rovnako miluje cyklistiku, zranenie alebo choroba jedn\u00e9ho, ovplyv\u0148uje oboch.","og_url":"https:\/\/www.welovecycling.com\/sk\/2025\/07\/04\/jazda-spolu-vzajomna-podpora-pocas-neuspechov\/","og_site_name":"\u0160koda We Love Cycling Slovensko","article_published_time":"2025-07-04T08:00:02+00:00","og_image":[{"width":990,"height":660,"url":"https:\/\/d2p6e6u75xmxt8.cloudfront.net\/4\/2025\/07\/Cycling-Couple-profimedia-0971725132-CVR.webp","type":"image\/webp"}],"author":"dominika","twitter_card":"summary_large_image","twitter_misc":{"Written by":"Ji\u0159\u00ed Kaloc","Est. reading time":"2"},"schema":{"@context":"https:\/\/schema.org","@graph":[{"@type":"WebPage","@id":"https:\/\/www.welovecycling.com\/sk\/2025\/07\/04\/jazda-spolu-vzajomna-podpora-pocas-neuspechov\/","url":"https:\/\/www.welovecycling.com\/sk\/2025\/07\/04\/jazda-spolu-vzajomna-podpora-pocas-neuspechov\/","name":"Jazda spolu \u2013 vz\u00e1jomn\u00e1 podpora po\u010das ne\u00faspechov - \u0160koda We Love Cycling Slovensko","isPartOf":{"@id":"https:\/\/www.welovecycling.com\/sk\/#website"},"primaryImageOfPage":{"@id":"https:\/\/www.welovecycling.com\/sk\/2025\/07\/04\/jazda-spolu-vzajomna-podpora-pocas-neuspechov\/#primaryimage"},"image":{"@id":"https:\/\/www.welovecycling.com\/sk\/2025\/07\/04\/jazda-spolu-vzajomna-podpora-pocas-neuspechov\/#primaryimage"},"thumbnailUrl":"https:\/\/d2p6e6u75xmxt8.cloudfront.net\/4\/2025\/07\/Cycling-Couple-profimedia-0971725132-CVR.webp","datePublished":"2025-07-04T08:00:02+00:00","author":{"@id":"https:\/\/www.welovecycling.com\/sk\/#\/schema\/person\/533b62b98b6c41bd5135ebfb1f742624"},"description":"Ne\u00faspechy s\u00fa nevyhnutn\u00e9, ale ke\u010f ste vo vz\u0165ahu s \u010dlovekom, ktor\u00fd rovnako miluje cyklistiku, zranenie alebo choroba jedn\u00e9ho, ovplyv\u0148uje oboch.","breadcrumb":{"@id":"https:\/\/www.welovecycling.com\/sk\/2025\/07\/04\/jazda-spolu-vzajomna-podpora-pocas-neuspechov\/#breadcrumb"},"inLanguage":"sk-SK","potentialAction":[{"@type":"ReadAction","target":["https:\/\/www.welovecycling.com\/sk\/2025\/07\/04\/jazda-spolu-vzajomna-podpora-pocas-neuspechov\/"]}]},{"@type":"ImageObject","inLanguage":"sk-SK","@id":"https:\/\/www.welovecycling.com\/sk\/2025\/07\/04\/jazda-spolu-vzajomna-podpora-pocas-neuspechov\/#primaryimage","url":"https:\/\/d2p6e6u75xmxt8.cloudfront.net\/4\/2025\/07\/Cycling-Couple-profimedia-0971725132-CVR.webp","contentUrl":"https:\/\/d2p6e6u75xmxt8.cloudfront.net\/4\/2025\/07\/Cycling-Couple-profimedia-0971725132-CVR.webp","width":990,"height":660,"caption":"cyklistick\u00fd p\u00e1r"},{"@type":"BreadcrumbList","@id":"https:\/\/www.welovecycling.com\/sk\/2025\/07\/04\/jazda-spolu-vzajomna-podpora-pocas-neuspechov\/#breadcrumb","itemListElement":[{"@type":"ListItem","position":1,"name":"Home","item":"https:\/\/www.welovecycling.com\/sk\/"},{"@type":"ListItem","position":2,"name":"Jazda spolu \u2013 vz\u00e1jomn\u00e1 podpora po\u010das ne\u00faspechov"}]},{"@type":"WebSite","@id":"https:\/\/www.welovecycling.com\/sk\/#website","url":"https:\/\/www.welovecycling.com\/sk\/","name":"\u0160koda We Love Cycling Slovensko","description":"\u0160koda We Love Cycling Slovensko je v\u00e1\u0161 ka\u017edodenn\u00fd zdroj noviniek a in\u0161pir\u00e1cie z sveta cyklistiky","potentialAction":[{"@type":"SearchAction","target":{"@type":"EntryPoint","urlTemplate":"https:\/\/www.welovecycling.com\/sk\/?s={search_term_string}"},"query-input":{"@type":"PropertyValueSpecification","valueRequired":true,"valueName":"search_term_string"}}],"inLanguage":"sk-SK"},{"@type":"Person","@id":"https:\/\/www.welovecycling.com\/sk\/#\/schema\/person\/533b62b98b6c41bd5135ebfb1f742624","name":"dominika","image":{"@type":"ImageObject","inLanguage":"sk-SK","@id":"https:\/\/www.welovecycling.com\/sk\/#\/schema\/person\/image\/","url":"https:\/\/secure.gravatar.com\/avatar\/ded6f274ba2ec3e17fff153f7d9d96a4b33c2cb63907f75d9a5309c599a7f3e6?s=96&d=mm&r=g","contentUrl":"https:\/\/secure.gravatar.com\/avatar\/ded6f274ba2ec3e17fff153f7d9d96a4b33c2cb63907f75d9a5309c599a7f3e6?s=96&d=mm&r=g","caption":"dominika"},"url":"https:\/\/www.welovecycling.com\/sk\/author\/dominika\/"}]}},"_links":{"self":[{"href":"https:\/\/www.welovecycling.com\/sk\/wp-json\/wp\/v2\/posts\/20622","targetHints":{"allow":["GET"]}}],"collection":[{"href":"https:\/\/www.welovecycling.com\/sk\/wp-json\/wp\/v2\/posts"}],"about":[{"href":"https:\/\/www.welovecycling.com\/sk\/wp-json\/wp\/v2\/types\/post"}],"author":[{"embeddable":true,"href":"https:\/\/www.welovecycling.com\/sk\/wp-json\/wp\/v2\/users\/172"}],"replies":[{"embeddable":true,"href":"https:\/\/www.welovecycling.com\/sk\/wp-json\/wp\/v2\/comments?post=20622"}],"version-history":[{"count":1,"href":"https:\/\/www.welovecycling.com\/sk\/wp-json\/wp\/v2\/posts\/20622\/revisions"}],"predecessor-version":[{"id":20624,"href":"https:\/\/www.welovecycling.com\/sk\/wp-json\/wp\/v2\/posts\/20622\/revisions\/20624"}],"wp:featuredmedia":[{"embeddable":true,"href":"https:\/\/www.welovecycling.com\/sk\/wp-json\/wp\/v2\/media\/20623"}],"wp:attachment":[{"href":"https:\/\/www.welovecycling.com\/sk\/wp-json\/wp\/v2\/media?parent=20622"}],"wp:term":[{"taxonomy":"category","embeddable":true,"href":"https:\/\/www.welovecycling.com\/sk\/wp-json\/wp\/v2\/categories?post=20622"},{"taxonomy":"post_tag","embeddable":true,"href":"https:\/\/www.welovecycling.com\/sk\/wp-json\/wp\/v2\/tags?post=20622"},{"taxonomy":"global-categories","embeddable":true,"href":"https:\/\/www.welovecycling.com\/sk\/wp-json\/wp\/v2\/global-categories?post=20622"}],"curies":[{"name":"wp","href":"https:\/\/api.w.org\/{rel}","templated":true}]}}