{"id":20594,"date":"2025-07-02T11:00:39","date_gmt":"2025-07-02T09:00:39","guid":{"rendered":"https:\/\/www.welovecycling.com\/sk\/?p=20594"},"modified":"2025-07-02T10:42:25","modified_gmt":"2025-07-02T08:42:25","slug":"skoda-mtb-cyklomaraton-topolcianky-2025-hrave-strme-a-poctive-take-ake-ich-mame-radi","status":"publish","type":"post","link":"https:\/\/www.welovecycling.com\/sk\/2025\/07\/02\/skoda-mtb-cyklomaraton-topolcianky-2025-hrave-strme-a-poctive-take-ake-ich-mame-radi\/","title":{"rendered":"\u0160KODA MTB cyklomarat\u00f3n Topo\u013e\u010dianky 2025: Hrav\u00e9, strm\u00e9 a poctiv\u00e9 \u2013 tak\u00e9, ak\u00e9 ich m\u00e1me radi"},"content":{"rendered":"<p><span style=\"font-size: 14pt;\"><strong>Topo\u013e\u010dianky v\u017edy preveria &#8211; kond\u00edciu, techniku aj schopnos\u0165 taktizova\u0165. R\u00fdchle tempo, n\u00e1ro\u010dn\u00fd profil a skvel\u00e1 organiz\u00e1cia op\u00e4\u0165 pril\u00e1kali stovky cyklistov, ktor\u00ed si chceli siahnu\u0165 na svoje dno.<\/strong><\/span><br \/>\n<!--more--><span style=\"font-weight: 400;\">Z minuloro\u010dn\u00e9ho augustov\u00e9ho marat\u00f3nu si pam\u00e4t\u00e1m najm\u00e4 sucho, pra\u0161n\u00e9 cesty a neznesite\u013en\u00e9 hor\u00fa\u010davy. Tento rok v\u0161ak organiz\u00e1tori posunuli term\u00edn \u0160koda MTB cyklomarat\u00f3nu Topo\u013e\u010dianky na koniec j\u00fana a dobre urobili. Rann\u00fd chladn\u00fd v\u00e1nok, ktor\u00fd n\u00e1s ovanul po pr\u00edchode do are\u00e1lu, bol pr\u00eds\u013eubom pr\u00edjemnej\u0161ieho d\u0148a.<\/span><\/p>\n<p><span style=\"font-weight: 400;\">O nieko\u013eko hod\u00edn nesk\u00f4r u\u017e po chladnom vzduchu nebolo ani ch\u00fdru, no napriek tomu si v\u0161etci, s ktor\u00fdmi som sa rozpr\u00e1vala, pochva\u013eovali. <\/span><strong>Za spokojnos\u0165ou \u00fa\u010dastn\u00edkov u\u017e tradi\u010dne stoj\u00ed prec\u00edzna organiz\u00e1cia a atrakt\u00edvne, dobre zna\u010den\u00e9 trate, ktor\u00e9 napriek n\u00e1ro\u010dn\u00e9mu profilu p\u00f4sobia hravo a plynulo.<\/strong><\/p>\n<div id='gallery-1' class='gallery galleryid-20594 gallery-columns-2 gallery-size-full'><figure class='gallery-item'>\n\t\t\t<div class='gallery-icon landscape'>\n\t\t\t\t<a href='https:\/\/d2p6e6u75xmxt8.cloudfront.net\/4\/2025\/07\/02.webp'><img loading=\"lazy\" decoding=\"async\" width=\"990\" height=\"660\" src=\"https:\/\/d2p6e6u75xmxt8.cloudfront.net\/4\/2025\/07\/02.webp\" class=\"attachment-full size-full\" alt=\"\u0160KODA MTB cyklomarat\u00f3n Topo\u013e\u010dianky 2025\" srcset=\"https:\/\/d2p6e6u75xmxt8.cloudfront.net\/4\/2025\/07\/02.webp 990w, https:\/\/d2p6e6u75xmxt8.cloudfront.net\/4\/2025\/07\/02-300x200.webp 300w, https:\/\/d2p6e6u75xmxt8.cloudfront.net\/4\/2025\/07\/02-768x512.webp 768w, https:\/\/d2p6e6u75xmxt8.cloudfront.net\/4\/2025\/07\/02-400x267.webp 400w, https:\/\/d2p6e6u75xmxt8.cloudfront.net\/4\/2025\/07\/02-272x182.webp 272w\" sizes=\"auto, (max-width: 990px) 100vw, 990px\" \/><\/a>\n\t\t\t<\/div><\/figure><figure class='gallery-item'>\n\t\t\t<div class='gallery-icon landscape'>\n\t\t\t\t<a href='https:\/\/d2p6e6u75xmxt8.cloudfront.net\/4\/2025\/07\/20.webp'><img loading=\"lazy\" decoding=\"async\" width=\"2048\" height=\"1365\" src=\"https:\/\/d2p6e6u75xmxt8.cloudfront.net\/4\/2025\/07\/20.webp\" class=\"attachment-full size-full\" alt=\"\" srcset=\"https:\/\/d2p6e6u75xmxt8.cloudfront.net\/4\/2025\/07\/20.webp 2048w, https:\/\/d2p6e6u75xmxt8.cloudfront.net\/4\/2025\/07\/20-300x200.webp 300w, https:\/\/d2p6e6u75xmxt8.cloudfront.net\/4\/2025\/07\/20-1024x683.webp 1024w, https:\/\/d2p6e6u75xmxt8.cloudfront.net\/4\/2025\/07\/20-768x512.webp 768w, https:\/\/d2p6e6u75xmxt8.cloudfront.net\/4\/2025\/07\/20-1536x1024.webp 1536w, https:\/\/d2p6e6u75xmxt8.cloudfront.net\/4\/2025\/07\/20-1920x1280.webp 1920w, https:\/\/d2p6e6u75xmxt8.cloudfront.net\/4\/2025\/07\/20-400x267.webp 400w, https:\/\/d2p6e6u75xmxt8.cloudfront.net\/4\/2025\/07\/20-272x182.webp 272w, https:\/\/d2p6e6u75xmxt8.cloudfront.net\/4\/2025\/07\/20-1920x1280.webp 1920w\" sizes=\"auto, (max-width: 2048px) 100vw, 2048px\" \/><\/a>\n\t\t\t<\/div><\/figure>\n\t\t<\/div>\n\n<p><span style=\"font-weight: 400;\">Pod\u013ea \u0161tatist\u00edk bola \u00fa\u010das\u0165 porovnate\u013en\u00e1 s minul\u00fdm ro\u010dn\u00edkom, mo\u017eno s miernym n\u00e1rastom na strednej trati. Pod\u013ea v\u00fdsledkov sa zdalo, \u017ee aj podmienky boli ve\u013emi podobn\u00e9 t\u00fdm minuloro\u010dn\u00fdm. <strong>Prekvapen\u00edm bolo pre m\u0148a najm\u00e4 v\u00fdrazn\u00e9 zlep\u0161enie \u010dasu na dlhej trati v podan\u00ed Martiny Krahulcovej.<\/strong> <\/span><\/p>\n<p><span style=\"font-weight: 400;\">\u00daraduj\u00faca majsterka Slovenska sa na dlh\u00fa tra\u0165 postavila aj tento rok, no bez svojej minuloro\u010dnej s\u00faperky Janky Keseg \u0160tevkovej, s ktorou vlani zviedla nap\u00ednav\u00fd s\u00faboj zakon\u010den\u00fd \u010dasom 3:16. Napriek absencii konkurencie Martina nezvo\u013enila, pr\u00e1ve naopak. Do cie\u013ea pri\u0161la s fantastick\u00fdm \u010dasom 3:09 a s priemerkou tesne pod 21 km\/h.<\/span><\/p>\n<p><img loading=\"lazy\" decoding=\"async\" class=\"alignnone wp-image-20602 size-full\" src=\"https:\/\/d2p6e6u75xmxt8.cloudfront.net\/4\/2025\/07\/03.webp\" alt=\"\u0160KODA MTB cyklomarat\u00f3n Topo\u013e\u010dianky 2025\" width=\"990\" height=\"660\" srcset=\"https:\/\/d2p6e6u75xmxt8.cloudfront.net\/4\/2025\/07\/03.webp 990w, https:\/\/d2p6e6u75xmxt8.cloudfront.net\/4\/2025\/07\/03-300x200.webp 300w, https:\/\/d2p6e6u75xmxt8.cloudfront.net\/4\/2025\/07\/03-768x512.webp 768w, https:\/\/d2p6e6u75xmxt8.cloudfront.net\/4\/2025\/07\/03-400x267.webp 400w, https:\/\/d2p6e6u75xmxt8.cloudfront.net\/4\/2025\/07\/03-272x182.webp 272w\" sizes=\"auto, (max-width: 990px) 100vw, 990px\" \/><\/p>\n<p><span style=\"font-weight: 400;\">T\u00ed, ktor\u00ed tra\u0165 poznaj\u00fa, vedia, \u017ee to nebola \u017eiadna prech\u00e1dzka ru\u017eovou z\u00e1hradou. <strong>\u010cakalo n\u00e1s 66 kilometrov pln\u00fdch ostr\u00fdch st\u00fapan\u00ed, neraz presahuj\u00facich 15 %.<\/strong> Nie raz som sa pozrela na cyklopo\u010d\u00edta\u010d a s \u00fa\u013eavou skon\u0161tatovala, \u017ee toto st\u00fapanie m\u00e1 \u201elen\u201c 12 %, tak\u017ee si m\u00f4\u017eem trochu odd\u00fdchnu\u0165. <\/span><span style=\"font-weight: 400;\">Vr\u00e1\u0165me sa ale e\u0161te na za\u010diatok. Ako som u\u017e spom\u00ednala, t\u00fdchto pretekov som sa z\u00fa\u010dastnila aj v roku 2024 a m\u00f4\u017eem si teda dovoli\u0165 mal\u00e9 porovnanie.<\/span><\/p>\n<h2><b>\u010co zostalo rovnak\u00e9?<\/b><\/h2>\n<p><span style=\"font-weight: 400;\"><strong>Topo\u013e\u010dianky sa op\u00e4\u0165 uk\u00e1zali ako preteky s vysok\u00fdm \u0161tandardom.<\/strong> Naviga\u010dn\u00e9 tabule n\u00e1s v\u00edtali u\u017e pri vstupe do dediny, parkovanie riadili usmer\u0148ova\u010di a prezent\u00e1cia prebehla hladko. V are\u00e1li nech\u00fdbalo ni\u010d z tradi\u010dn\u00e9ho z\u00e1zemia \u0160koda Bike Open Tour a aj rodiny s de\u0165mi si pri\u0161li na svoje.<\/span><\/p>\n<div id='gallery-2' class='gallery galleryid-20594 gallery-columns-2 gallery-size-full'><figure class='gallery-item'>\n\t\t\t<div class='gallery-icon landscape'>\n\t\t\t\t<a href='https:\/\/d2p6e6u75xmxt8.cloudfront.net\/4\/2025\/07\/01.webp'><img loading=\"lazy\" decoding=\"async\" width=\"990\" height=\"660\" src=\"https:\/\/d2p6e6u75xmxt8.cloudfront.net\/4\/2025\/07\/01.webp\" class=\"attachment-full size-full\" alt=\"\" srcset=\"https:\/\/d2p6e6u75xmxt8.cloudfront.net\/4\/2025\/07\/01.webp 990w, https:\/\/d2p6e6u75xmxt8.cloudfront.net\/4\/2025\/07\/01-300x200.webp 300w, https:\/\/d2p6e6u75xmxt8.cloudfront.net\/4\/2025\/07\/01-768x512.webp 768w, https:\/\/d2p6e6u75xmxt8.cloudfront.net\/4\/2025\/07\/01-400x267.webp 400w, https:\/\/d2p6e6u75xmxt8.cloudfront.net\/4\/2025\/07\/01-272x182.webp 272w\" sizes=\"auto, (max-width: 990px) 100vw, 990px\" \/><\/a>\n\t\t\t<\/div><\/figure><figure class='gallery-item'>\n\t\t\t<div class='gallery-icon landscape'>\n\t\t\t\t<a href='https:\/\/d2p6e6u75xmxt8.cloudfront.net\/4\/2025\/07\/04.webp'><img loading=\"lazy\" decoding=\"async\" width=\"990\" height=\"660\" src=\"https:\/\/d2p6e6u75xmxt8.cloudfront.net\/4\/2025\/07\/04.webp\" class=\"attachment-full size-full\" alt=\"\" srcset=\"https:\/\/d2p6e6u75xmxt8.cloudfront.net\/4\/2025\/07\/04.webp 990w, https:\/\/d2p6e6u75xmxt8.cloudfront.net\/4\/2025\/07\/04-300x200.webp 300w, https:\/\/d2p6e6u75xmxt8.cloudfront.net\/4\/2025\/07\/04-768x512.webp 768w, https:\/\/d2p6e6u75xmxt8.cloudfront.net\/4\/2025\/07\/04-400x267.webp 400w, https:\/\/d2p6e6u75xmxt8.cloudfront.net\/4\/2025\/07\/04-272x182.webp 272w\" sizes=\"auto, (max-width: 990px) 100vw, 990px\" \/><\/a>\n\t\t\t<\/div><\/figure>\n\t\t<\/div>\n\n<p><span style=\"font-weight: 400;\">Ob\u010derstvovacie stanice som si ani tento rok nestihla ve\u013emi u\u017ei\u0165, ale vraj pon\u00fakali okrem vody a iontov\u00fdch n\u00e1pojov aj vynikaj\u00face mel\u00f3ny. <strong>Zna\u010denie bolo spo\u013eahliv\u00e9, regulov\u010d\u00edci st\u00e1li na v\u0161etk\u00fdch kritick\u00fdch miestach. <\/strong><\/span><span style=\"font-weight: 400;\">Po pretekoch sme si mohli umy\u0165 nielen seba, ale aj bicykle, a nech\u00fdbalo ani oblig\u00e1tne rizoto s kyslou uhorkou, ktor\u00e9 chutilo rovnako zasl\u00fa\u017eene ako vlani.<\/span><\/p>\n<h2><b>\u010co bolo lep\u0161ie?<\/b><\/h2>\n<p><span style=\"font-weight: 400;\">\u010clovek by si povedal, \u017ee u\u017e h\u00e1dam ani nie je \u010do vylep\u0161ova\u0165, no predsa len sa na\u0161lo nie\u010do, \u010do mi spravilo ve\u013ek\u00fa rados\u0165: <strong>v\u00fdrazn\u00e9 ozna\u010denie trate pri Sk\u00fdcove.<\/strong> Minul\u00fd rok som tam aj s nieko\u013ek\u00fdmi \u010fal\u0161\u00edmi pretek\u00e1rmi zi\u0161la na hlavn\u00fa cestu a stratili sme nieko\u013eko min\u00fat bl\u00faden\u00edm.<\/span><\/p>\n<p><span style=\"font-weight: 400;\">Tentokr\u00e1t bola odbo\u010dka z lesnej cesty v zjazde dobre ozna\u010den\u00e1 a zabl\u00fadi\u0165 sa tam naozaj nedalo.<\/span><\/p>\n<div id='gallery-3' class='gallery galleryid-20594 gallery-columns-2 gallery-size-full'><figure class='gallery-item'>\n\t\t\t<div class='gallery-icon landscape'>\n\t\t\t\t<a href='https:\/\/d2p6e6u75xmxt8.cloudfront.net\/4\/2025\/07\/05.webp'><img loading=\"lazy\" decoding=\"async\" width=\"990\" height=\"660\" src=\"https:\/\/d2p6e6u75xmxt8.cloudfront.net\/4\/2025\/07\/05.webp\" class=\"attachment-full size-full\" alt=\"\" srcset=\"https:\/\/d2p6e6u75xmxt8.cloudfront.net\/4\/2025\/07\/05.webp 990w, https:\/\/d2p6e6u75xmxt8.cloudfront.net\/4\/2025\/07\/05-300x200.webp 300w, https:\/\/d2p6e6u75xmxt8.cloudfront.net\/4\/2025\/07\/05-768x512.webp 768w, https:\/\/d2p6e6u75xmxt8.cloudfront.net\/4\/2025\/07\/05-400x267.webp 400w, https:\/\/d2p6e6u75xmxt8.cloudfront.net\/4\/2025\/07\/05-272x182.webp 272w\" sizes=\"auto, (max-width: 990px) 100vw, 990px\" \/><\/a>\n\t\t\t<\/div><\/figure><figure class='gallery-item'>\n\t\t\t<div class='gallery-icon landscape'>\n\t\t\t\t<a href='https:\/\/d2p6e6u75xmxt8.cloudfront.net\/4\/2025\/07\/06.webp'><img loading=\"lazy\" decoding=\"async\" width=\"990\" height=\"660\" src=\"https:\/\/d2p6e6u75xmxt8.cloudfront.net\/4\/2025\/07\/06.webp\" class=\"attachment-full size-full\" alt=\"\" srcset=\"https:\/\/d2p6e6u75xmxt8.cloudfront.net\/4\/2025\/07\/06.webp 990w, https:\/\/d2p6e6u75xmxt8.cloudfront.net\/4\/2025\/07\/06-300x200.webp 300w, https:\/\/d2p6e6u75xmxt8.cloudfront.net\/4\/2025\/07\/06-768x512.webp 768w, https:\/\/d2p6e6u75xmxt8.cloudfront.net\/4\/2025\/07\/06-400x267.webp 400w, https:\/\/d2p6e6u75xmxt8.cloudfront.net\/4\/2025\/07\/06-272x182.webp 272w\" sizes=\"auto, (max-width: 990px) 100vw, 990px\" \/><\/a>\n\t\t\t<\/div><\/figure>\n\t\t<\/div>\n\n<h2><b>\u010co mi v roku 2025 ch\u00fdbalo?<\/b><\/h2>\n<p><span style=\"font-weight: 400;\">Neverila by som, \u017ee to poviem, ale ch\u00fdbali mi retro \u0161umienky v \u0161tartovnom bal\u00ed\u010dku. \ud83d\ude00 Minul\u00fd rok sme sa na obsahu \u0161tartovn\u00e9ho bal\u00ed\u010dka dobre zabavili, ke\u010f sme ich na\u0161li (aj spolu s kypriacim pr\u00e1\u0161kom do pe\u010diva), ale pravdou je, \u017ee chutili presne tak, ako si to pam\u00e4t\u00e1m z letn\u00fdch pr\u00e1zdnin u babi\u010dky. Asi si p\u00f4jdem nejak\u00fa zohna\u0165, hne\u010f ako nap\u00ed\u0161em tento report.<\/span><\/p>\n<div id='gallery-4' class='gallery galleryid-20594 gallery-columns-2 gallery-size-full'><figure class='gallery-item'>\n\t\t\t<div class='gallery-icon landscape'>\n\t\t\t\t<a href='https:\/\/d2p6e6u75xmxt8.cloudfront.net\/4\/2025\/07\/07.webp'><img loading=\"lazy\" decoding=\"async\" width=\"990\" height=\"660\" src=\"https:\/\/d2p6e6u75xmxt8.cloudfront.net\/4\/2025\/07\/07.webp\" class=\"attachment-full size-full\" alt=\"\" srcset=\"https:\/\/d2p6e6u75xmxt8.cloudfront.net\/4\/2025\/07\/07.webp 990w, https:\/\/d2p6e6u75xmxt8.cloudfront.net\/4\/2025\/07\/07-300x200.webp 300w, https:\/\/d2p6e6u75xmxt8.cloudfront.net\/4\/2025\/07\/07-768x512.webp 768w, https:\/\/d2p6e6u75xmxt8.cloudfront.net\/4\/2025\/07\/07-400x267.webp 400w, https:\/\/d2p6e6u75xmxt8.cloudfront.net\/4\/2025\/07\/07-272x182.webp 272w\" sizes=\"auto, (max-width: 990px) 100vw, 990px\" \/><\/a>\n\t\t\t<\/div><\/figure><figure class='gallery-item'>\n\t\t\t<div class='gallery-icon landscape'>\n\t\t\t\t<a href='https:\/\/d2p6e6u75xmxt8.cloudfront.net\/4\/2025\/07\/10.webp'><img loading=\"lazy\" decoding=\"async\" width=\"990\" height=\"660\" src=\"https:\/\/d2p6e6u75xmxt8.cloudfront.net\/4\/2025\/07\/10.webp\" class=\"attachment-full size-full\" alt=\"\" srcset=\"https:\/\/d2p6e6u75xmxt8.cloudfront.net\/4\/2025\/07\/10.webp 990w, https:\/\/d2p6e6u75xmxt8.cloudfront.net\/4\/2025\/07\/10-300x200.webp 300w, https:\/\/d2p6e6u75xmxt8.cloudfront.net\/4\/2025\/07\/10-768x512.webp 768w, https:\/\/d2p6e6u75xmxt8.cloudfront.net\/4\/2025\/07\/10-400x267.webp 400w, https:\/\/d2p6e6u75xmxt8.cloudfront.net\/4\/2025\/07\/10-272x182.webp 272w\" sizes=\"auto, (max-width: 990px) 100vw, 990px\" \/><\/a>\n\t\t\t<\/div><\/figure>\n\t\t<\/div>\n\n<p><span style=\"font-weight: 400;\"><strong>Druh\u00e1 vec, ktor\u00e1 mi tento rok ch\u00fdbala, bolo pretek\u00e1rske \u0161\u0165astie a lep\u0161ie na\u010dasovanie formy.<\/strong> Napriek tomu, \u017ee som v druhej polovici pretekov takpovediac \u201evypustila\u201c s vedom\u00edm, \u017ee diev\u010dat\u00e1 pred sebou u\u017e nedobehnem, svoj \u010das z minul\u00e9ho roka som si zhor\u0161ila len r\u00e1dovo o sekundy, \u010do mi je takou malou \u00fatechou.<\/span><\/p>\n<h2><b>\u201eNeprep\u00e1li\u0161 &#8211; neu\u017eije\u0161\u201c<\/b><\/h2>\n<p><span style=\"font-weight: 400;\">Toto heslo (alebo sk\u00f4r vtip, ktor\u00fd koluje medzi \u0161portovcami) mi v\u0155talo v hlave od prv\u00fdch kilometrov a\u017e po hrad Hru\u0161ov. Vlani som to na za\u010diatku prep\u00e1lila, chcela som si vyjazdi\u0165 dobr\u00fa poz\u00edciu a verila, \u017ee nesk\u00f4r si budem m\u00f4c\u0165 dovoli\u0165 spomali\u0165. V\u00fdsledok? <strong>Tepy mi klesli do Z2 mo\u017eno a\u017e v bufete sediac nad rizotom.<\/strong><\/span><\/p>\n<p><span style=\"font-weight: 400;\">Tento rok som nechcela zopakova\u0165 rovnak\u00fd scen\u00e1r a dr\u017eala som sa trochu viac na uzde. Nechala som sa predbehn\u00fa\u0165 diev\u010datami mysliac si, \u017ee je e\u0161te dos\u0165 \u010dasu na to dobehn\u00fa\u0165 ich nesk\u00f4r. Bola to strategick\u00e1 chyba vzh\u013eadom na typ ter\u00e9nu. <strong>Aj tu sa teda potvrdilo, \u017ee neexistuje jedna strat\u00e9gia vhodn\u00e1 na v\u0161etky preteky.\u00a0<\/strong><\/span><\/p>\n<div id='gallery-5' class='gallery galleryid-20594 gallery-columns-2 gallery-size-full'><figure class='gallery-item'>\n\t\t\t<div class='gallery-icon landscape'>\n\t\t\t\t<a href='https:\/\/d2p6e6u75xmxt8.cloudfront.net\/4\/2025\/07\/20-1.webp'><img loading=\"lazy\" decoding=\"async\" width=\"990\" height=\"660\" src=\"https:\/\/d2p6e6u75xmxt8.cloudfront.net\/4\/2025\/07\/20-1.webp\" class=\"attachment-full size-full\" alt=\"\u0160KODA MTB cyklomarat\u00f3n Topo\u013e\u010dianky 2025\" srcset=\"https:\/\/d2p6e6u75xmxt8.cloudfront.net\/4\/2025\/07\/20-1.webp 990w, https:\/\/d2p6e6u75xmxt8.cloudfront.net\/4\/2025\/07\/20-1-300x200.webp 300w, https:\/\/d2p6e6u75xmxt8.cloudfront.net\/4\/2025\/07\/20-1-768x512.webp 768w, https:\/\/d2p6e6u75xmxt8.cloudfront.net\/4\/2025\/07\/20-1-400x267.webp 400w, https:\/\/d2p6e6u75xmxt8.cloudfront.net\/4\/2025\/07\/20-1-272x182.webp 272w\" sizes=\"auto, (max-width: 990px) 100vw, 990px\" \/><\/a>\n\t\t\t<\/div><\/figure><figure class='gallery-item'>\n\t\t\t<div class='gallery-icon landscape'>\n\t\t\t\t<a href='https:\/\/d2p6e6u75xmxt8.cloudfront.net\/4\/2025\/07\/21.webp'><img loading=\"lazy\" decoding=\"async\" width=\"990\" height=\"660\" src=\"https:\/\/d2p6e6u75xmxt8.cloudfront.net\/4\/2025\/07\/21.webp\" class=\"attachment-full size-full\" alt=\"\" srcset=\"https:\/\/d2p6e6u75xmxt8.cloudfront.net\/4\/2025\/07\/21.webp 990w, https:\/\/d2p6e6u75xmxt8.cloudfront.net\/4\/2025\/07\/21-300x200.webp 300w, https:\/\/d2p6e6u75xmxt8.cloudfront.net\/4\/2025\/07\/21-768x512.webp 768w, https:\/\/d2p6e6u75xmxt8.cloudfront.net\/4\/2025\/07\/21-400x267.webp 400w, https:\/\/d2p6e6u75xmxt8.cloudfront.net\/4\/2025\/07\/21-272x182.webp 272w\" sizes=\"auto, (max-width: 990px) 100vw, 990px\" \/><\/a>\n\t\t\t<\/div><\/figure>\n\t\t<\/div>\n\n<p><span style=\"font-weight: 400;\">Do druh\u00e9ho kola sme vch\u00e1dzali z\u00e1rove\u0148 s jazdcami zo strednej trate. V \u00fazkych singl\u00e1\u010doch sa predbiehalo \u0165a\u017eko a moja siln\u00e1 str\u00e1nka, zjazdy, mi bola nani\u010d. Frustr\u00e1cia sa \u010doskoro zmenila na rezignovan\u00fd pokoj: \u201e<em>Tak dobre, u\u017e sa nebudem hna\u0165. Aspo\u0148 si to trochu u\u017eijem.\u201c<\/em> No na skuto\u010dn\u00e9 u\u017e\u00edvanie si by som potrebovala trochu lep\u0161\u00ed z\u00e1klad. Topo\u013e\u010dianky s\u00fa nekompromisn\u00e9 \u2013 prudk\u00e9 v\u00fd\u0161\u013eapy sa striedaj\u00fa s e\u0161te strm\u0161\u00edmi, aj ke\u010f t\u00fdch deklarovan\u00fdch 1500 v\u00fd\u0161kov\u00fdch metrov p\u00f4sob\u00ed na papieri nevinn\u00fdm dojmom. Ako sa hovor\u00ed, papier znesie.<\/span><\/p>\n<p><img loading=\"lazy\" decoding=\"async\" class=\"alignnone size-full wp-image-20611\" src=\"https:\/\/d2p6e6u75xmxt8.cloudfront.net\/4\/2025\/07\/07-1.webp\" alt=\"\" width=\"990\" height=\"660\" srcset=\"https:\/\/d2p6e6u75xmxt8.cloudfront.net\/4\/2025\/07\/07-1.webp 990w, https:\/\/d2p6e6u75xmxt8.cloudfront.net\/4\/2025\/07\/07-1-300x200.webp 300w, https:\/\/d2p6e6u75xmxt8.cloudfront.net\/4\/2025\/07\/07-1-768x512.webp 768w, https:\/\/d2p6e6u75xmxt8.cloudfront.net\/4\/2025\/07\/07-1-400x267.webp 400w, https:\/\/d2p6e6u75xmxt8.cloudfront.net\/4\/2025\/07\/07-1-272x182.webp 272w\" sizes=\"auto, (max-width: 990px) 100vw, 990px\" \/><\/p>\n<p><span style=\"font-weight: 400;\">Pod\u013ea m\u00f4jho Garminu sme nast\u00fapali cez 1670 metrov, tak\u017ee ak niekto pl\u00e1noval po dosiahnut\u00ed \u201eofici\u00e1lnej\u201c m\u00e9ty zvesi\u0165 nohy, \u010dakala ho e\u0161te slu\u0161n\u00e1 d\u00e1vka prekvapen\u00ed.<\/span><\/p>\n<p><span style=\"font-weight: 400;\"><strong>Ak si tr\u00fafate posun\u00fa\u0165 svoje hranice a neboj\u00edte sa poriadnych v\u00fd\u0161\u013eapov, Topo\u013e\u010dianky by nemali ch\u00fdba\u0165 vo va\u0161om kalend\u00e1ri ani v roku 2026.<\/strong> Subjekt\u00edvne ich rad\u00edm k t\u00fdm n\u00e1ro\u010dnej\u0161\u00edm MTB marat\u00f3nom, no z\u00e1rove\u0148 k t\u00fdm najhravej\u0161\u00edm. Prostredie sa neust\u00e1le men\u00ed a asfaltu je na trati len minimum. A to je presne to, \u010do rob\u00ed tieto preteky v\u00fdnimo\u010dn\u00fdmi.<\/span><\/p>\n<h4><strong>V\u00ed\u0165azmi na dlhej trati sa stali:<\/strong><\/h4>\n<p><span style=\"font-weight: 400;\">1. Miroslav Mich\u00e1lek<\/span> <span style=\"font-weight: 400;\">\u010das: 2:41:03.3<br \/>\n<\/span><span style=\"font-weight: 400;\">2. Martin Kostelni\u010d\u00e1k<\/span> <span style=\"font-weight: 400;\">\u010das: 2:41:08.0<br \/>\n<\/span><span style=\"font-weight: 400;\">3. Karel Hartl<\/span> <span style=\"font-weight: 400;\">\u010das: 2:43:36.3<\/span><\/p>\n<p><span style=\"font-weight: 400;\">1. Martina Krahulcov\u00e1<\/span> <span style=\"font-weight: 400;\">\u010das: 3:09:28.9<br \/>\n<\/span><span style=\"font-weight: 400;\">2. Vikt\u00f3ria Szekeres<\/span> <span style=\"font-weight: 400;\">\u010das: 3:37:59.5<br \/>\n<\/span><span style=\"font-weight: 400;\">3. Barbora Jarinov\u00e1 <\/span> <span style=\"font-weight: 400;\">\u010das: 3:38:06.9<\/span><\/p>\n<div id='gallery-6' class='gallery galleryid-20594 gallery-columns-2 gallery-size-full'><figure class='gallery-item'>\n\t\t\t<div class='gallery-icon landscape'>\n\t\t\t\t<a href='https:\/\/d2p6e6u75xmxt8.cloudfront.net\/4\/2025\/07\/13.webp'><img loading=\"lazy\" decoding=\"async\" width=\"1200\" height=\"800\" src=\"https:\/\/d2p6e6u75xmxt8.cloudfront.net\/4\/2025\/07\/13.webp\" class=\"attachment-full size-full\" alt=\"\" srcset=\"https:\/\/d2p6e6u75xmxt8.cloudfront.net\/4\/2025\/07\/13.webp 1200w, https:\/\/d2p6e6u75xmxt8.cloudfront.net\/4\/2025\/07\/13-300x200.webp 300w, https:\/\/d2p6e6u75xmxt8.cloudfront.net\/4\/2025\/07\/13-1024x683.webp 1024w, https:\/\/d2p6e6u75xmxt8.cloudfront.net\/4\/2025\/07\/13-768x512.webp 768w, https:\/\/d2p6e6u75xmxt8.cloudfront.net\/4\/2025\/07\/13-400x267.webp 400w, https:\/\/d2p6e6u75xmxt8.cloudfront.net\/4\/2025\/07\/13-272x182.webp 272w\" sizes=\"auto, (max-width: 1200px) 100vw, 1200px\" \/><\/a>\n\t\t\t<\/div><\/figure><figure class='gallery-item'>\n\t\t\t<div class='gallery-icon landscape'>\n\t\t\t\t<a href='https:\/\/d2p6e6u75xmxt8.cloudfront.net\/4\/2025\/07\/14.webp'><img loading=\"lazy\" decoding=\"async\" width=\"1200\" height=\"800\" src=\"https:\/\/d2p6e6u75xmxt8.cloudfront.net\/4\/2025\/07\/14.webp\" class=\"attachment-full size-full\" alt=\"\" srcset=\"https:\/\/d2p6e6u75xmxt8.cloudfront.net\/4\/2025\/07\/14.webp 1200w, https:\/\/d2p6e6u75xmxt8.cloudfront.net\/4\/2025\/07\/14-300x200.webp 300w, https:\/\/d2p6e6u75xmxt8.cloudfront.net\/4\/2025\/07\/14-1024x683.webp 1024w, https:\/\/d2p6e6u75xmxt8.cloudfront.net\/4\/2025\/07\/14-768x512.webp 768w, https:\/\/d2p6e6u75xmxt8.cloudfront.net\/4\/2025\/07\/14-400x267.webp 400w, https:\/\/d2p6e6u75xmxt8.cloudfront.net\/4\/2025\/07\/14-272x182.webp 272w\" sizes=\"auto, (max-width: 1200px) 100vw, 1200px\" \/><\/a>\n\t\t\t<\/div><\/figure>\n\t\t<\/div>\n\n<p><span style=\"font-weight: 400;\">Kompletn\u00e9 v\u00fdsledky n\u00e1jdete <\/span><a href=\"https:\/\/vysledky.sportsoft.cz\/race\/581\/competition\/4004\/overall\" target=\"_blank\" rel=\"noopener\"><span style=\"font-weight: 400;\">na tomto odkaze.<\/span><\/a><\/p>\n","protected":false},"excerpt":{"rendered":"<p>Topo\u013e\u010dianky v\u017edy preveria &#8211; kond\u00edciu, techniku aj schopnos\u0165 taktizova\u0165. R\u00fdchle tempo, n\u00e1ro\u010dn\u00fd profil a skvel\u00e1 organiz\u00e1cia op\u00e4\u0165 pril\u00e1kali stovky cyklistov, [&hellip;]<\/p>\n","protected":false},"author":172,"featured_media":20597,"comment_status":"closed","ping_status":"closed","sticky":false,"template":"","format":"standard","meta":{"footnotes":""},"categories":[38,33],"tags":[546,180,532,178,767,412,931,37,179,39,474,35,1363,1362],"global-categories":[1074],"class_list":["post-20594","post","type-post","status-publish","format-standard","has-post-thumbnail","hentry","category-reportaz","category-sbot","tag-cyklistika","tag-horska-cyklistika","tag-jazdenie","tag-maraton","tag-motivacia","tag-mtb","tag-odporucame","tag-podujatia","tag-preteky","tag-reportaz","tag-rodinny-maraton","tag-sbot","tag-skoda-mtb-cyklomaraton-topolcianky","tag-topolcianky","global-categories-cycling"],"yoast_head":"<!-- This site is optimized with the Yoast SEO Premium plugin v25.3 (Yoast SEO v25.9) - https:\/\/yoast.com\/wordpress\/plugins\/seo\/ -->\n<title>\u0160KODA MTB cyklomarat\u00f3n Topo\u013e\u010dianky 2025<\/title>\n<meta name=\"description\" content=\"Topo\u013e\u010dianky preveria kond\u00edciu, techniku aj schopnos\u0165 taktizova\u0165. R\u00fdchle tempo, n\u00e1ro\u010dn\u00fd profil a skvel\u00e1 organiz\u00e1cia pril\u00e1kali stovky cyklistov.\" \/>\n<meta name=\"robots\" content=\"index, follow, max-snippet:-1, max-image-preview:large, max-video-preview:-1\" \/>\n<link rel=\"canonical\" href=\"https:\/\/www.welovecycling.com\/sk\/2025\/07\/02\/skoda-mtb-cyklomaraton-topolcianky-2025-hrave-strme-a-poctive-take-ake-ich-mame-radi\/\" \/>\n<meta property=\"og:locale\" content=\"sk_SK\" \/>\n<meta property=\"og:type\" content=\"article\" \/>\n<meta property=\"og:title\" content=\"\u0160KODA MTB cyklomarat\u00f3n Topo\u013e\u010dianky 2025: Hrav\u00e9, strm\u00e9 a poctiv\u00e9 \u2013 tak\u00e9, ak\u00e9 ich m\u00e1me radi\" \/>\n<meta property=\"og:description\" content=\"Topo\u013e\u010dianky preveria kond\u00edciu, techniku aj schopnos\u0165 taktizova\u0165. R\u00fdchle tempo, n\u00e1ro\u010dn\u00fd profil a skvel\u00e1 organiz\u00e1cia pril\u00e1kali stovky cyklistov.\" \/>\n<meta property=\"og:url\" content=\"https:\/\/www.welovecycling.com\/sk\/2025\/07\/02\/skoda-mtb-cyklomaraton-topolcianky-2025-hrave-strme-a-poctive-take-ake-ich-mame-radi\/\" \/>\n<meta property=\"og:site_name\" content=\"\u0160koda We Love Cycling Slovensko\" \/>\n<meta property=\"article:published_time\" content=\"2025-07-02T09:00:39+00:00\" \/>\n<meta property=\"og:image\" content=\"https:\/\/d2p6e6u75xmxt8.cloudfront.net\/4\/2025\/07\/09.webp\" \/>\n\t<meta property=\"og:image:width\" content=\"990\" \/>\n\t<meta property=\"og:image:height\" content=\"660\" \/>\n\t<meta property=\"og:image:type\" content=\"image\/webp\" \/>\n<meta name=\"author\" content=\"dominika\" \/>\n<meta name=\"twitter:card\" content=\"summary_large_image\" \/>\n<meta name=\"twitter:label1\" content=\"Written by\" \/>\n\t<meta name=\"twitter:data1\" content=\"Bianka Baba\u010dov\u00e1, WLRMcc\" \/>\n\t<meta name=\"twitter:label2\" content=\"Est. reading time\" \/>\n\t<meta name=\"twitter:data2\" content=\"4\" \/>\n<script type=\"application\/ld+json\" class=\"yoast-schema-graph\">{\"@context\":\"https:\/\/schema.org\",\"@graph\":[{\"@type\":\"WebPage\",\"@id\":\"https:\/\/www.welovecycling.com\/sk\/2025\/07\/02\/skoda-mtb-cyklomaraton-topolcianky-2025-hrave-strme-a-poctive-take-ake-ich-mame-radi\/\",\"url\":\"https:\/\/www.welovecycling.com\/sk\/2025\/07\/02\/skoda-mtb-cyklomaraton-topolcianky-2025-hrave-strme-a-poctive-take-ake-ich-mame-radi\/\",\"name\":\"\u0160KODA MTB cyklomarat\u00f3n Topo\u013e\u010dianky 2025\",\"isPartOf\":{\"@id\":\"https:\/\/www.welovecycling.com\/sk\/#website\"},\"primaryImageOfPage\":{\"@id\":\"https:\/\/www.welovecycling.com\/sk\/2025\/07\/02\/skoda-mtb-cyklomaraton-topolcianky-2025-hrave-strme-a-poctive-take-ake-ich-mame-radi\/#primaryimage\"},\"image\":{\"@id\":\"https:\/\/www.welovecycling.com\/sk\/2025\/07\/02\/skoda-mtb-cyklomaraton-topolcianky-2025-hrave-strme-a-poctive-take-ake-ich-mame-radi\/#primaryimage\"},\"thumbnailUrl\":\"https:\/\/d2p6e6u75xmxt8.cloudfront.net\/4\/2025\/07\/09.webp\",\"datePublished\":\"2025-07-02T09:00:39+00:00\",\"author\":{\"@id\":\"https:\/\/www.welovecycling.com\/sk\/#\/schema\/person\/533b62b98b6c41bd5135ebfb1f742624\"},\"description\":\"Topo\u013e\u010dianky preveria kond\u00edciu, techniku aj schopnos\u0165 taktizova\u0165. R\u00fdchle tempo, n\u00e1ro\u010dn\u00fd profil a skvel\u00e1 organiz\u00e1cia pril\u00e1kali stovky cyklistov.\",\"breadcrumb\":{\"@id\":\"https:\/\/www.welovecycling.com\/sk\/2025\/07\/02\/skoda-mtb-cyklomaraton-topolcianky-2025-hrave-strme-a-poctive-take-ake-ich-mame-radi\/#breadcrumb\"},\"inLanguage\":\"sk-SK\",\"potentialAction\":[{\"@type\":\"ReadAction\",\"target\":[\"https:\/\/www.welovecycling.com\/sk\/2025\/07\/02\/skoda-mtb-cyklomaraton-topolcianky-2025-hrave-strme-a-poctive-take-ake-ich-mame-radi\/\"]}]},{\"@type\":\"ImageObject\",\"inLanguage\":\"sk-SK\",\"@id\":\"https:\/\/www.welovecycling.com\/sk\/2025\/07\/02\/skoda-mtb-cyklomaraton-topolcianky-2025-hrave-strme-a-poctive-take-ake-ich-mame-radi\/#primaryimage\",\"url\":\"https:\/\/d2p6e6u75xmxt8.cloudfront.net\/4\/2025\/07\/09.webp\",\"contentUrl\":\"https:\/\/d2p6e6u75xmxt8.cloudfront.net\/4\/2025\/07\/09.webp\",\"width\":990,\"height\":660},{\"@type\":\"BreadcrumbList\",\"@id\":\"https:\/\/www.welovecycling.com\/sk\/2025\/07\/02\/skoda-mtb-cyklomaraton-topolcianky-2025-hrave-strme-a-poctive-take-ake-ich-mame-radi\/#breadcrumb\",\"itemListElement\":[{\"@type\":\"ListItem\",\"position\":1,\"name\":\"Home\",\"item\":\"https:\/\/www.welovecycling.com\/sk\/\"},{\"@type\":\"ListItem\",\"position\":2,\"name\":\"\u0160KODA MTB cyklomarat\u00f3n Topo\u013e\u010dianky 2025: Hrav\u00e9, strm\u00e9 a poctiv\u00e9 \u2013 tak\u00e9, ak\u00e9 ich m\u00e1me radi\"}]},{\"@type\":\"WebSite\",\"@id\":\"https:\/\/www.welovecycling.com\/sk\/#website\",\"url\":\"https:\/\/www.welovecycling.com\/sk\/\",\"name\":\"\u0160koda We Love Cycling Slovensko\",\"description\":\"\u0160koda We Love Cycling Slovensko je v\u00e1\u0161 ka\u017edodenn\u00fd zdroj noviniek a in\u0161pir\u00e1cie z sveta cyklistiky\",\"potentialAction\":[{\"@type\":\"SearchAction\",\"target\":{\"@type\":\"EntryPoint\",\"urlTemplate\":\"https:\/\/www.welovecycling.com\/sk\/?s={search_term_string}\"},\"query-input\":{\"@type\":\"PropertyValueSpecification\",\"valueRequired\":true,\"valueName\":\"search_term_string\"}}],\"inLanguage\":\"sk-SK\"},{\"@type\":\"Person\",\"@id\":\"https:\/\/www.welovecycling.com\/sk\/#\/schema\/person\/533b62b98b6c41bd5135ebfb1f742624\",\"name\":\"dominika\",\"image\":{\"@type\":\"ImageObject\",\"inLanguage\":\"sk-SK\",\"@id\":\"https:\/\/www.welovecycling.com\/sk\/#\/schema\/person\/image\/\",\"url\":\"https:\/\/secure.gravatar.com\/avatar\/ded6f274ba2ec3e17fff153f7d9d96a4b33c2cb63907f75d9a5309c599a7f3e6?s=96&d=mm&r=g\",\"contentUrl\":\"https:\/\/secure.gravatar.com\/avatar\/ded6f274ba2ec3e17fff153f7d9d96a4b33c2cb63907f75d9a5309c599a7f3e6?s=96&d=mm&r=g\",\"caption\":\"dominika\"},\"url\":\"https:\/\/www.welovecycling.com\/sk\/author\/dominika\/\"}]}<\/script>\n<!-- \/ Yoast SEO Premium plugin. -->","yoast_head_json":{"title":"\u0160KODA MTB cyklomarat\u00f3n Topo\u013e\u010dianky 2025","description":"Topo\u013e\u010dianky preveria kond\u00edciu, techniku aj schopnos\u0165 taktizova\u0165. R\u00fdchle tempo, n\u00e1ro\u010dn\u00fd profil a skvel\u00e1 organiz\u00e1cia pril\u00e1kali stovky cyklistov.","robots":{"index":"index","follow":"follow","max-snippet":"max-snippet:-1","max-image-preview":"max-image-preview:large","max-video-preview":"max-video-preview:-1"},"canonical":"https:\/\/www.welovecycling.com\/sk\/2025\/07\/02\/skoda-mtb-cyklomaraton-topolcianky-2025-hrave-strme-a-poctive-take-ake-ich-mame-radi\/","og_locale":"sk_SK","og_type":"article","og_title":"\u0160KODA MTB cyklomarat\u00f3n Topo\u013e\u010dianky 2025: Hrav\u00e9, strm\u00e9 a poctiv\u00e9 \u2013 tak\u00e9, ak\u00e9 ich m\u00e1me radi","og_description":"Topo\u013e\u010dianky preveria kond\u00edciu, techniku aj schopnos\u0165 taktizova\u0165. R\u00fdchle tempo, n\u00e1ro\u010dn\u00fd profil a skvel\u00e1 organiz\u00e1cia pril\u00e1kali stovky cyklistov.","og_url":"https:\/\/www.welovecycling.com\/sk\/2025\/07\/02\/skoda-mtb-cyklomaraton-topolcianky-2025-hrave-strme-a-poctive-take-ake-ich-mame-radi\/","og_site_name":"\u0160koda We Love Cycling Slovensko","article_published_time":"2025-07-02T09:00:39+00:00","og_image":[{"width":990,"height":660,"url":"https:\/\/d2p6e6u75xmxt8.cloudfront.net\/4\/2025\/07\/09.webp","type":"image\/webp"}],"author":"dominika","twitter_card":"summary_large_image","twitter_misc":{"Written by":"Bianka Baba\u010dov\u00e1, WLRMcc","Est. reading time":"4"},"schema":{"@context":"https:\/\/schema.org","@graph":[{"@type":"WebPage","@id":"https:\/\/www.welovecycling.com\/sk\/2025\/07\/02\/skoda-mtb-cyklomaraton-topolcianky-2025-hrave-strme-a-poctive-take-ake-ich-mame-radi\/","url":"https:\/\/www.welovecycling.com\/sk\/2025\/07\/02\/skoda-mtb-cyklomaraton-topolcianky-2025-hrave-strme-a-poctive-take-ake-ich-mame-radi\/","name":"\u0160KODA MTB cyklomarat\u00f3n Topo\u013e\u010dianky 2025","isPartOf":{"@id":"https:\/\/www.welovecycling.com\/sk\/#website"},"primaryImageOfPage":{"@id":"https:\/\/www.welovecycling.com\/sk\/2025\/07\/02\/skoda-mtb-cyklomaraton-topolcianky-2025-hrave-strme-a-poctive-take-ake-ich-mame-radi\/#primaryimage"},"image":{"@id":"https:\/\/www.welovecycling.com\/sk\/2025\/07\/02\/skoda-mtb-cyklomaraton-topolcianky-2025-hrave-strme-a-poctive-take-ake-ich-mame-radi\/#primaryimage"},"thumbnailUrl":"https:\/\/d2p6e6u75xmxt8.cloudfront.net\/4\/2025\/07\/09.webp","datePublished":"2025-07-02T09:00:39+00:00","author":{"@id":"https:\/\/www.welovecycling.com\/sk\/#\/schema\/person\/533b62b98b6c41bd5135ebfb1f742624"},"description":"Topo\u013e\u010dianky preveria kond\u00edciu, techniku aj schopnos\u0165 taktizova\u0165. R\u00fdchle tempo, n\u00e1ro\u010dn\u00fd profil a skvel\u00e1 organiz\u00e1cia pril\u00e1kali stovky cyklistov.","breadcrumb":{"@id":"https:\/\/www.welovecycling.com\/sk\/2025\/07\/02\/skoda-mtb-cyklomaraton-topolcianky-2025-hrave-strme-a-poctive-take-ake-ich-mame-radi\/#breadcrumb"},"inLanguage":"sk-SK","potentialAction":[{"@type":"ReadAction","target":["https:\/\/www.welovecycling.com\/sk\/2025\/07\/02\/skoda-mtb-cyklomaraton-topolcianky-2025-hrave-strme-a-poctive-take-ake-ich-mame-radi\/"]}]},{"@type":"ImageObject","inLanguage":"sk-SK","@id":"https:\/\/www.welovecycling.com\/sk\/2025\/07\/02\/skoda-mtb-cyklomaraton-topolcianky-2025-hrave-strme-a-poctive-take-ake-ich-mame-radi\/#primaryimage","url":"https:\/\/d2p6e6u75xmxt8.cloudfront.net\/4\/2025\/07\/09.webp","contentUrl":"https:\/\/d2p6e6u75xmxt8.cloudfront.net\/4\/2025\/07\/09.webp","width":990,"height":660},{"@type":"BreadcrumbList","@id":"https:\/\/www.welovecycling.com\/sk\/2025\/07\/02\/skoda-mtb-cyklomaraton-topolcianky-2025-hrave-strme-a-poctive-take-ake-ich-mame-radi\/#breadcrumb","itemListElement":[{"@type":"ListItem","position":1,"name":"Home","item":"https:\/\/www.welovecycling.com\/sk\/"},{"@type":"ListItem","position":2,"name":"\u0160KODA MTB cyklomarat\u00f3n Topo\u013e\u010dianky 2025: Hrav\u00e9, strm\u00e9 a poctiv\u00e9 \u2013 tak\u00e9, ak\u00e9 ich m\u00e1me radi"}]},{"@type":"WebSite","@id":"https:\/\/www.welovecycling.com\/sk\/#website","url":"https:\/\/www.welovecycling.com\/sk\/","name":"\u0160koda We Love Cycling Slovensko","description":"\u0160koda We Love Cycling Slovensko je v\u00e1\u0161 ka\u017edodenn\u00fd zdroj noviniek a in\u0161pir\u00e1cie z sveta cyklistiky","potentialAction":[{"@type":"SearchAction","target":{"@type":"EntryPoint","urlTemplate":"https:\/\/www.welovecycling.com\/sk\/?s={search_term_string}"},"query-input":{"@type":"PropertyValueSpecification","valueRequired":true,"valueName":"search_term_string"}}],"inLanguage":"sk-SK"},{"@type":"Person","@id":"https:\/\/www.welovecycling.com\/sk\/#\/schema\/person\/533b62b98b6c41bd5135ebfb1f742624","name":"dominika","image":{"@type":"ImageObject","inLanguage":"sk-SK","@id":"https:\/\/www.welovecycling.com\/sk\/#\/schema\/person\/image\/","url":"https:\/\/secure.gravatar.com\/avatar\/ded6f274ba2ec3e17fff153f7d9d96a4b33c2cb63907f75d9a5309c599a7f3e6?s=96&d=mm&r=g","contentUrl":"https:\/\/secure.gravatar.com\/avatar\/ded6f274ba2ec3e17fff153f7d9d96a4b33c2cb63907f75d9a5309c599a7f3e6?s=96&d=mm&r=g","caption":"dominika"},"url":"https:\/\/www.welovecycling.com\/sk\/author\/dominika\/"}]}},"_links":{"self":[{"href":"https:\/\/www.welovecycling.com\/sk\/wp-json\/wp\/v2\/posts\/20594","targetHints":{"allow":["GET"]}}],"collection":[{"href":"https:\/\/www.welovecycling.com\/sk\/wp-json\/wp\/v2\/posts"}],"about":[{"href":"https:\/\/www.welovecycling.com\/sk\/wp-json\/wp\/v2\/types\/post"}],"author":[{"embeddable":true,"href":"https:\/\/www.welovecycling.com\/sk\/wp-json\/wp\/v2\/users\/172"}],"replies":[{"embeddable":true,"href":"https:\/\/www.welovecycling.com\/sk\/wp-json\/wp\/v2\/comments?post=20594"}],"version-history":[{"count":9,"href":"https:\/\/www.welovecycling.com\/sk\/wp-json\/wp\/v2\/posts\/20594\/revisions"}],"predecessor-version":[{"id":20618,"href":"https:\/\/www.welovecycling.com\/sk\/wp-json\/wp\/v2\/posts\/20594\/revisions\/20618"}],"wp:featuredmedia":[{"embeddable":true,"href":"https:\/\/www.welovecycling.com\/sk\/wp-json\/wp\/v2\/media\/20597"}],"wp:attachment":[{"href":"https:\/\/www.welovecycling.com\/sk\/wp-json\/wp\/v2\/media?parent=20594"}],"wp:term":[{"taxonomy":"category","embeddable":true,"href":"https:\/\/www.welovecycling.com\/sk\/wp-json\/wp\/v2\/categories?post=20594"},{"taxonomy":"post_tag","embeddable":true,"href":"https:\/\/www.welovecycling.com\/sk\/wp-json\/wp\/v2\/tags?post=20594"},{"taxonomy":"global-categories","embeddable":true,"href":"https:\/\/www.welovecycling.com\/sk\/wp-json\/wp\/v2\/global-categories?post=20594"}],"curies":[{"name":"wp","href":"https:\/\/api.w.org\/{rel}","templated":true}]}}