{"id":20589,"date":"2025-06-25T11:00:58","date_gmt":"2025-06-25T09:00:58","guid":{"rendered":"https:\/\/www.welovecycling.com\/sk\/?p=20589"},"modified":"2025-07-02T08:51:45","modified_gmt":"2025-07-02T06:51:45","slug":"prijem-sacharidov-mali-by-ste-brat-do-uvahy-svoju-hmotnost","status":"publish","type":"post","link":"https:\/\/www.welovecycling.com\/sk\/2025\/06\/25\/prijem-sacharidov-mali-by-ste-brat-do-uvahy-svoju-hmotnost\/","title":{"rendered":"Pr\u00edjem sacharidov \u2013 mali by ste bra\u0165 do \u00favahy svoju hmotnos\u0165?"},"content":{"rendered":"<p><strong>V\u00e4\u010d\u0161ina cyklistov vie, \u017ee sacharidy s\u00fa nevyhnutn\u00fdm palivom pre telo. Odpor\u00fa\u010dania denn\u00e9ho pr\u00edjmu sacharidov s\u00fa zvy\u010dajne zalo\u017een\u00e9 na telesnej hmotnosti. Za\u010d\u00edna sa pribli\u017ene na mno\u017estve 5 g sacharidov na kilogram hmotnosti, po\u010das stredne n\u00e1ro\u010dn\u00fdch tr\u00e9ningov\u00fdch dn\u00ed. A a\u017e do 12 g na kilogram hmotnosti, po\u010das pretekov. Ide o to, \u017ee tieto odpor\u00fa\u010dania s\u00fa zvy\u010dajne vyjadren\u00e9 v gramoch za hodinu, bez oh\u013eadu na telesn\u00fa hmotnos\u0165. Po\u010fme sa na to pozrie\u0165 bli\u017e\u0161ie?<\/strong><\/p>\n<p><!--more--><\/p>\n<h2><span style=\"font-weight: 400;\">Sacharidy na bicykli<\/span><\/h2>\n<p><span style=\"font-weight: 400;\">Odpor\u00fa\u010dania pre pr\u00edjem sacharidov na bicykli s\u00fa zvy\u010dajne do 60 g za hodinu, ak sa konzumuje samotn\u00e1 gluk\u00f3za, alebo a\u017e do 90 g pri pou\u017eit\u00ed kombin\u00e1ci\u00ed sacharidov, ako je gluk\u00f3za a frukt\u00f3za. Je to preto, lebo \u0161t\u00fadie zistili, \u017ee telo v\u00e4\u010d\u0161iny \u0161portovcov, bez oh\u013eadu na telesn\u00fa hmotnos\u0165, dok\u00e1\u017ee spracova\u0165 pribli\u017ene rovnak\u00e9 mno\u017estvo gluk\u00f3zy za hodinu, \u010do je pribli\u017ene 60 gramov. Vplyv telesnej hmotnosti na tento proces sa zdal by\u0165 minim\u00e1lny alebo irelevantn\u00fd.<\/span><\/p>\n<h2><span style=\"font-weight: 400;\">Nov\u00e1 \u0161t\u00fadia prin\u00e1\u0161a zmenu<\/span><\/h2>\n<p><span style=\"font-weight: 400;\">Ned\u00e1vno sa <a href=\"https:\/\/pubmed.ncbi.nlm.nih.gov\/39332815\/\">v\u00fdskumn\u00edci<\/a> k tejto ot\u00e1zke vr\u00e1tili a navrhli, aby odpor\u00fa\u010dania op\u00e4\u0165 zoh\u013ead\u0148ovali telesn\u00fa hmotnos\u0165. Ich argument\u00e1cia sa zd\u00e1 by\u0165 logick\u00e1. Hovoria, \u017ee \u0165a\u017e\u0161\u00ed \u0161portovec by mal spotreboval\u0165 viac energie, a jeho telo by malo spracova\u0165 viac prijat\u00fdch sacharidov. V novej \u0161t\u00fadii, cyklisti r\u00f4znych hmotnost\u00ed konzumovali 90 gramov gluk\u00f3zy za hodinu. A v\u00fdskumn\u00edci zistili korel\u00e1ciu nazna\u010duj\u00facu, \u017ee \u0165a\u017e\u0161\u00ed cyklisti m\u00f4\u017eu spotrebova\u0165 viac sacharidov ako t\u00ed \u013eah\u0161\u00ed, \u010do nazna\u010duje, \u017ee odpor\u00fa\u010dania zalo\u017een\u00e9 na hmotnosti by mohli by\u0165 opodstatnen\u00e9.<\/span><\/p>\n<figure id=\"attachment_20590\" aria-describedby=\"caption-attachment-20590\" style=\"width: 990px\" class=\"wp-caption alignnone\"><a href=\"https:\/\/d2p6e6u75xmxt8.cloudfront.net\/4\/2025\/07\/Pasta-Bowl-profimedia-0330328376-CVR.webp\"><img loading=\"lazy\" decoding=\"async\" class=\"wp-image-20590 size-full\" src=\"https:\/\/d2p6e6u75xmxt8.cloudfront.net\/4\/2025\/07\/Pasta-Bowl-profimedia-0330328376-CVR.webp\" alt=\"Pasta Bowl\" width=\"990\" height=\"660\" srcset=\"https:\/\/d2p6e6u75xmxt8.cloudfront.net\/4\/2025\/07\/Pasta-Bowl-profimedia-0330328376-CVR.webp 990w, https:\/\/d2p6e6u75xmxt8.cloudfront.net\/4\/2025\/07\/Pasta-Bowl-profimedia-0330328376-CVR-300x200.webp 300w, https:\/\/d2p6e6u75xmxt8.cloudfront.net\/4\/2025\/07\/Pasta-Bowl-profimedia-0330328376-CVR-768x512.webp 768w, https:\/\/d2p6e6u75xmxt8.cloudfront.net\/4\/2025\/07\/Pasta-Bowl-profimedia-0330328376-CVR-400x267.webp 400w, https:\/\/d2p6e6u75xmxt8.cloudfront.net\/4\/2025\/07\/Pasta-Bowl-profimedia-0330328376-CVR-272x182.webp 272w\" sizes=\"auto, (max-width: 990px) 100vw, 990px\" \/><\/a><figcaption id=\"caption-attachment-20590\" class=\"wp-caption-text\"><span style=\"font-weight: 400;\">V\u00e4\u010d\u0161ina cyklistov vie, \u017ee sacharidy s\u00fa nevyhnutn\u00fdm palivom. \u00a9 Profimedia<\/span><\/figcaption><\/figure>\n<h2><span style=\"font-weight: 400;\">Podporuj\u00fa to \u00fadaje?<\/span><\/h2>\n<p><span style=\"font-weight: 400;\">T\u00e1to <a href=\"https:\/\/www.mysportscience.com\/post\/carbohydrate-recommendations-relative-to-body-weight\">nov\u00e1 \u0161t\u00fadia<\/a> v\u0161ak nie je tak\u00e1 priamo\u010diara. Asker Jeukendrup, renomovan\u00fd vedec v oblasti \u0161portovej v\u00fd\u017eivy, pouk\u00e1zal na nieko\u013eko probl\u00e9mov pri sk\u00faman\u00ed \u00fadajov na svojom blogu. Toto s\u00fa tri z jeho k\u013e\u00fa\u010dov\u00fdch postrehov o \u0161t\u00fadii.<\/span><\/p>\n<p><span style=\"font-weight: 400;\">&#8211; Korel\u00e1cia sa vo ve\u013ekej miere opierala o nieko\u013eko extr\u00e9mnych \u00fadajov. Jazdci, zdanlivo spotrebovali viac sacharidov, ako prijali. Odstr\u00e1nen\u00edm t\u00fdchto extr\u00e9mnych hodn\u00f4t sa vz\u0165ah medzi hmotnos\u0165ou a spotrebou sacharidov vymazal.<\/span><\/p>\n<p><span style=\"font-weight: 400;\">&#8211; \u0160t\u00fadia pou\u017eila iba gluk\u00f3zu. Vieme, \u017ee kombin\u00e1cia gluk\u00f3zy s frukt\u00f3zou v\u00fdrazne zvy\u0161uje r\u00fdchlos\u0165 spracovania v tele, \u010do pravdepodobne men\u00ed vplyv telesnej hmotnosti na tieto v\u00fdsledky.<\/span><\/p>\n<p><span style=\"font-weight: 400;\">&#8211; Pozorovania z re\u00e1lneho sveta nazna\u010duj\u00fa, \u017ee elitn\u00ed \u0161portovci, niekedy aj t\u00ed s ni\u017e\u0161ou hmotnos\u0165ou, \u010dasto premenia sacharidy na energiu ve\u013emi r\u00fdchlo.<\/span><\/p>\n<h2><span style=\"font-weight: 400;\">Praktick\u00e9 odpor\u00fa\u010dania pre cyklistov<\/span><\/h2>\n<p><span style=\"font-weight: 400;\">Re\u00e1lne d\u00f4sledky nie s\u00fa z t\u00fdchto nov\u00fdch \u00fadajov jasn\u00e9. Nielen kv\u00f4li vy\u0161\u0161ie uveden\u00fdm probl\u00e9mom, ale aj preto, \u017ee individu\u00e1lne reakcie na pr\u00edjem sacharidov po\u010das cvi\u010denia sa ve\u013emi l\u00ed\u0161ia. Nie s\u00fa ovplyvnen\u00e9 len hmotnos\u0165ou, ale aj toleranciou \u010driev, tr\u00e9ningovou hist\u00f3riou a obvyklou stravou.<\/span><\/p>\n<p><span style=\"font-weight: 400;\">To ukazuje, \u017ee snaha dodr\u017eiava\u0165 nejak\u00fd konkr\u00e9tny vzorec pravdepodobne neprinesie cyklistom v re\u00e1lnych situ\u00e1ci\u00e1ch najlep\u0161ie v\u00fdsledky. Cie\u013eom by malo by\u0165, v\u017edy n\u00e1js\u0165 svoj optim\u00e1lny osobn\u00fd pr\u00edjem sacharidov. V\u0161eobecn\u00e9 odpor\u00fa\u010dania uveden\u00e9 na za\u010diatku, 60 g a\u017e 90 g za hodinu v z\u00e1vislosti od zdroja sacharidov, s\u00fa st\u00e1le vynikaj\u00facim v\u00fdchodiskov\u00fdm bodom. A potom je tu ot\u00e1zka ak\u00e9hosi pomyseln\u00e9ho tr\u00e9ningu \u010driev, aby \u010do najviac a efekt\u00edvne vstreb\u00e1vali sacharidy.<\/span><\/p>\n","protected":false},"excerpt":{"rendered":"<p>V\u00e4\u010d\u0161ina cyklistov vie, \u017ee sacharidy s\u00fa nevyhnutn\u00fdm palivom pre telo. Odpor\u00fa\u010dania denn\u00e9ho pr\u00edjmu sacharidov s\u00fa zvy\u010dajne zalo\u017een\u00e9 na telesnej hmotnosti. [&hellip;]<\/p>\n","protected":false},"author":191,"featured_media":20592,"comment_status":"closed","ping_status":"closed","sticky":false,"template":"","format":"standard","meta":{"footnotes":""},"categories":[3],"tags":[559,619,275,115,487,597,546,532,412,161,623],"global-categories":[],"class_list":["post-20589","post","type-post","status-publish","format-standard","has-post-thumbnail","hentry","category-mtb","tag-bicykel","tag-bicyklovanie","tag-cesta","tag-cestna-cyklistika","tag-cestny-bicykel","tag-cyklista","tag-cyklistika","tag-jazdenie","tag-mtb","tag-zdravie","tag-zdravy-zivotny-styl"],"yoast_head":"<!-- This site is optimized with the Yoast SEO Premium plugin v25.3 (Yoast SEO v25.9) - https:\/\/yoast.com\/wordpress\/plugins\/seo\/ -->\n<title>Pr\u00edjem sacharidov \u2013 mali by ste bra\u0165 do \u00favahy svoju hmotnos\u0165? - \u0160koda We Love Cycling Slovensko<\/title>\n<meta name=\"description\" content=\"V\u00e4\u010d\u0161ina cyklistov vie, \u017ee sacharidy s\u00fa nevyhnutn\u00fdm palivom pre telo. Odpor\u00fa\u010dania denn\u00e9ho pr\u00edjmu sacharidov s\u00fa zvy\u010dajne zalo\u017een\u00e9 na telesnej hmotnosti.\" \/>\n<meta name=\"robots\" content=\"index, follow, max-snippet:-1, max-image-preview:large, max-video-preview:-1\" \/>\n<link rel=\"canonical\" href=\"https:\/\/www.welovecycling.com\/sk\/2025\/06\/25\/prijem-sacharidov-mali-by-ste-brat-do-uvahy-svoju-hmotnost\/\" \/>\n<meta property=\"og:locale\" content=\"sk_SK\" \/>\n<meta property=\"og:type\" content=\"article\" \/>\n<meta property=\"og:title\" content=\"Pr\u00edjem sacharidov \u2013 mali by ste bra\u0165 do \u00favahy svoju hmotnos\u0165?\" \/>\n<meta property=\"og:description\" content=\"V\u00e4\u010d\u0161ina cyklistov vie, \u017ee sacharidy s\u00fa nevyhnutn\u00fdm palivom pre telo. Odpor\u00fa\u010dania denn\u00e9ho pr\u00edjmu sacharidov s\u00fa zvy\u010dajne zalo\u017een\u00e9 na telesnej hmotnosti.\" \/>\n<meta property=\"og:url\" content=\"https:\/\/www.welovecycling.com\/sk\/2025\/06\/25\/prijem-sacharidov-mali-by-ste-brat-do-uvahy-svoju-hmotnost\/\" \/>\n<meta property=\"og:site_name\" content=\"\u0160koda We Love Cycling Slovensko\" \/>\n<meta property=\"article:published_time\" content=\"2025-06-25T09:00:58+00:00\" \/>\n<meta property=\"article:modified_time\" content=\"2025-07-02T06:51:45+00:00\" \/>\n<meta property=\"og:image\" content=\"https:\/\/d2p6e6u75xmxt8.cloudfront.net\/4\/2025\/07\/Spaghetti-profimedia-0988479639-CVR.webp\" \/>\n\t<meta property=\"og:image:width\" content=\"990\" \/>\n\t<meta property=\"og:image:height\" content=\"660\" \/>\n\t<meta property=\"og:image:type\" content=\"image\/webp\" \/>\n<meta name=\"author\" content=\"michal\" \/>\n<meta name=\"twitter:card\" content=\"summary_large_image\" \/>\n<meta name=\"twitter:label1\" content=\"Written by\" \/>\n\t<meta name=\"twitter:data1\" content=\"Jiri Kaloc\" \/>\n\t<meta name=\"twitter:label2\" content=\"Est. reading time\" \/>\n\t<meta name=\"twitter:data2\" content=\"2\" \/>\n<script type=\"application\/ld+json\" class=\"yoast-schema-graph\">{\"@context\":\"https:\/\/schema.org\",\"@graph\":[{\"@type\":\"WebPage\",\"@id\":\"https:\/\/www.welovecycling.com\/sk\/2025\/06\/25\/prijem-sacharidov-mali-by-ste-brat-do-uvahy-svoju-hmotnost\/\",\"url\":\"https:\/\/www.welovecycling.com\/sk\/2025\/06\/25\/prijem-sacharidov-mali-by-ste-brat-do-uvahy-svoju-hmotnost\/\",\"name\":\"Pr\u00edjem sacharidov \u2013 mali by ste bra\u0165 do \u00favahy svoju hmotnos\u0165? - \u0160koda We Love Cycling Slovensko\",\"isPartOf\":{\"@id\":\"https:\/\/www.welovecycling.com\/sk\/#website\"},\"primaryImageOfPage\":{\"@id\":\"https:\/\/www.welovecycling.com\/sk\/2025\/06\/25\/prijem-sacharidov-mali-by-ste-brat-do-uvahy-svoju-hmotnost\/#primaryimage\"},\"image\":{\"@id\":\"https:\/\/www.welovecycling.com\/sk\/2025\/06\/25\/prijem-sacharidov-mali-by-ste-brat-do-uvahy-svoju-hmotnost\/#primaryimage\"},\"thumbnailUrl\":\"https:\/\/d2p6e6u75xmxt8.cloudfront.net\/4\/2025\/07\/Spaghetti-profimedia-0988479639-CVR.webp\",\"datePublished\":\"2025-06-25T09:00:58+00:00\",\"dateModified\":\"2025-07-02T06:51:45+00:00\",\"author\":{\"@id\":\"https:\/\/www.welovecycling.com\/sk\/#\/schema\/person\/45e989de48eace55eb338c027dc5a65e\"},\"description\":\"V\u00e4\u010d\u0161ina cyklistov vie, \u017ee sacharidy s\u00fa nevyhnutn\u00fdm palivom pre telo. Odpor\u00fa\u010dania denn\u00e9ho pr\u00edjmu sacharidov s\u00fa zvy\u010dajne zalo\u017een\u00e9 na telesnej hmotnosti.\",\"breadcrumb\":{\"@id\":\"https:\/\/www.welovecycling.com\/sk\/2025\/06\/25\/prijem-sacharidov-mali-by-ste-brat-do-uvahy-svoju-hmotnost\/#breadcrumb\"},\"inLanguage\":\"sk-SK\",\"potentialAction\":[{\"@type\":\"ReadAction\",\"target\":[\"https:\/\/www.welovecycling.com\/sk\/2025\/06\/25\/prijem-sacharidov-mali-by-ste-brat-do-uvahy-svoju-hmotnost\/\"]}]},{\"@type\":\"ImageObject\",\"inLanguage\":\"sk-SK\",\"@id\":\"https:\/\/www.welovecycling.com\/sk\/2025\/06\/25\/prijem-sacharidov-mali-by-ste-brat-do-uvahy-svoju-hmotnost\/#primaryimage\",\"url\":\"https:\/\/d2p6e6u75xmxt8.cloudfront.net\/4\/2025\/07\/Spaghetti-profimedia-0988479639-CVR.webp\",\"contentUrl\":\"https:\/\/d2p6e6u75xmxt8.cloudfront.net\/4\/2025\/07\/Spaghetti-profimedia-0988479639-CVR.webp\",\"width\":990,\"height\":660,\"caption\":\"Spaghetti\"},{\"@type\":\"BreadcrumbList\",\"@id\":\"https:\/\/www.welovecycling.com\/sk\/2025\/06\/25\/prijem-sacharidov-mali-by-ste-brat-do-uvahy-svoju-hmotnost\/#breadcrumb\",\"itemListElement\":[{\"@type\":\"ListItem\",\"position\":1,\"name\":\"Home\",\"item\":\"https:\/\/www.welovecycling.com\/sk\/\"},{\"@type\":\"ListItem\",\"position\":2,\"name\":\"Pr\u00edjem sacharidov \u2013 mali by ste bra\u0165 do \u00favahy svoju hmotnos\u0165?\"}]},{\"@type\":\"WebSite\",\"@id\":\"https:\/\/www.welovecycling.com\/sk\/#website\",\"url\":\"https:\/\/www.welovecycling.com\/sk\/\",\"name\":\"\u0160koda We Love Cycling Slovensko\",\"description\":\"\u0160koda We Love Cycling Slovensko je v\u00e1\u0161 ka\u017edodenn\u00fd zdroj noviniek a in\u0161pir\u00e1cie z sveta cyklistiky\",\"potentialAction\":[{\"@type\":\"SearchAction\",\"target\":{\"@type\":\"EntryPoint\",\"urlTemplate\":\"https:\/\/www.welovecycling.com\/sk\/?s={search_term_string}\"},\"query-input\":{\"@type\":\"PropertyValueSpecification\",\"valueRequired\":true,\"valueName\":\"search_term_string\"}}],\"inLanguage\":\"sk-SK\"},{\"@type\":\"Person\",\"@id\":\"https:\/\/www.welovecycling.com\/sk\/#\/schema\/person\/45e989de48eace55eb338c027dc5a65e\",\"name\":\"michal\",\"image\":{\"@type\":\"ImageObject\",\"inLanguage\":\"sk-SK\",\"@id\":\"https:\/\/www.welovecycling.com\/sk\/#\/schema\/person\/image\/\",\"url\":\"https:\/\/secure.gravatar.com\/avatar\/7f8deb1af8506a5f53d1b779436f546bce1c8c40c09780107ad3811c7dc4bbcb?s=96&d=mm&r=g\",\"contentUrl\":\"https:\/\/secure.gravatar.com\/avatar\/7f8deb1af8506a5f53d1b779436f546bce1c8c40c09780107ad3811c7dc4bbcb?s=96&d=mm&r=g\",\"caption\":\"michal\"},\"url\":\"https:\/\/www.welovecycling.com\/sk\/author\/michal\/\"}]}<\/script>\n<!-- \/ Yoast SEO Premium plugin. -->","yoast_head_json":{"title":"Pr\u00edjem sacharidov \u2013 mali by ste bra\u0165 do \u00favahy svoju hmotnos\u0165? - \u0160koda We Love Cycling Slovensko","description":"V\u00e4\u010d\u0161ina cyklistov vie, \u017ee sacharidy s\u00fa nevyhnutn\u00fdm palivom pre telo. Odpor\u00fa\u010dania denn\u00e9ho pr\u00edjmu sacharidov s\u00fa zvy\u010dajne zalo\u017een\u00e9 na telesnej hmotnosti.","robots":{"index":"index","follow":"follow","max-snippet":"max-snippet:-1","max-image-preview":"max-image-preview:large","max-video-preview":"max-video-preview:-1"},"canonical":"https:\/\/www.welovecycling.com\/sk\/2025\/06\/25\/prijem-sacharidov-mali-by-ste-brat-do-uvahy-svoju-hmotnost\/","og_locale":"sk_SK","og_type":"article","og_title":"Pr\u00edjem sacharidov \u2013 mali by ste bra\u0165 do \u00favahy svoju hmotnos\u0165?","og_description":"V\u00e4\u010d\u0161ina cyklistov vie, \u017ee sacharidy s\u00fa nevyhnutn\u00fdm palivom pre telo. Odpor\u00fa\u010dania denn\u00e9ho pr\u00edjmu sacharidov s\u00fa zvy\u010dajne zalo\u017een\u00e9 na telesnej hmotnosti.","og_url":"https:\/\/www.welovecycling.com\/sk\/2025\/06\/25\/prijem-sacharidov-mali-by-ste-brat-do-uvahy-svoju-hmotnost\/","og_site_name":"\u0160koda We Love Cycling Slovensko","article_published_time":"2025-06-25T09:00:58+00:00","article_modified_time":"2025-07-02T06:51:45+00:00","og_image":[{"width":990,"height":660,"url":"https:\/\/d2p6e6u75xmxt8.cloudfront.net\/4\/2025\/07\/Spaghetti-profimedia-0988479639-CVR.webp","type":"image\/webp"}],"author":"michal","twitter_card":"summary_large_image","twitter_misc":{"Written by":"Jiri Kaloc","Est. reading time":"2"},"schema":{"@context":"https:\/\/schema.org","@graph":[{"@type":"WebPage","@id":"https:\/\/www.welovecycling.com\/sk\/2025\/06\/25\/prijem-sacharidov-mali-by-ste-brat-do-uvahy-svoju-hmotnost\/","url":"https:\/\/www.welovecycling.com\/sk\/2025\/06\/25\/prijem-sacharidov-mali-by-ste-brat-do-uvahy-svoju-hmotnost\/","name":"Pr\u00edjem sacharidov \u2013 mali by ste bra\u0165 do \u00favahy svoju hmotnos\u0165? - \u0160koda We Love Cycling Slovensko","isPartOf":{"@id":"https:\/\/www.welovecycling.com\/sk\/#website"},"primaryImageOfPage":{"@id":"https:\/\/www.welovecycling.com\/sk\/2025\/06\/25\/prijem-sacharidov-mali-by-ste-brat-do-uvahy-svoju-hmotnost\/#primaryimage"},"image":{"@id":"https:\/\/www.welovecycling.com\/sk\/2025\/06\/25\/prijem-sacharidov-mali-by-ste-brat-do-uvahy-svoju-hmotnost\/#primaryimage"},"thumbnailUrl":"https:\/\/d2p6e6u75xmxt8.cloudfront.net\/4\/2025\/07\/Spaghetti-profimedia-0988479639-CVR.webp","datePublished":"2025-06-25T09:00:58+00:00","dateModified":"2025-07-02T06:51:45+00:00","author":{"@id":"https:\/\/www.welovecycling.com\/sk\/#\/schema\/person\/45e989de48eace55eb338c027dc5a65e"},"description":"V\u00e4\u010d\u0161ina cyklistov vie, \u017ee sacharidy s\u00fa nevyhnutn\u00fdm palivom pre telo. Odpor\u00fa\u010dania denn\u00e9ho pr\u00edjmu sacharidov s\u00fa zvy\u010dajne zalo\u017een\u00e9 na telesnej hmotnosti.","breadcrumb":{"@id":"https:\/\/www.welovecycling.com\/sk\/2025\/06\/25\/prijem-sacharidov-mali-by-ste-brat-do-uvahy-svoju-hmotnost\/#breadcrumb"},"inLanguage":"sk-SK","potentialAction":[{"@type":"ReadAction","target":["https:\/\/www.welovecycling.com\/sk\/2025\/06\/25\/prijem-sacharidov-mali-by-ste-brat-do-uvahy-svoju-hmotnost\/"]}]},{"@type":"ImageObject","inLanguage":"sk-SK","@id":"https:\/\/www.welovecycling.com\/sk\/2025\/06\/25\/prijem-sacharidov-mali-by-ste-brat-do-uvahy-svoju-hmotnost\/#primaryimage","url":"https:\/\/d2p6e6u75xmxt8.cloudfront.net\/4\/2025\/07\/Spaghetti-profimedia-0988479639-CVR.webp","contentUrl":"https:\/\/d2p6e6u75xmxt8.cloudfront.net\/4\/2025\/07\/Spaghetti-profimedia-0988479639-CVR.webp","width":990,"height":660,"caption":"Spaghetti"},{"@type":"BreadcrumbList","@id":"https:\/\/www.welovecycling.com\/sk\/2025\/06\/25\/prijem-sacharidov-mali-by-ste-brat-do-uvahy-svoju-hmotnost\/#breadcrumb","itemListElement":[{"@type":"ListItem","position":1,"name":"Home","item":"https:\/\/www.welovecycling.com\/sk\/"},{"@type":"ListItem","position":2,"name":"Pr\u00edjem sacharidov \u2013 mali by ste bra\u0165 do \u00favahy svoju hmotnos\u0165?"}]},{"@type":"WebSite","@id":"https:\/\/www.welovecycling.com\/sk\/#website","url":"https:\/\/www.welovecycling.com\/sk\/","name":"\u0160koda We Love Cycling Slovensko","description":"\u0160koda We Love Cycling Slovensko je v\u00e1\u0161 ka\u017edodenn\u00fd zdroj noviniek a in\u0161pir\u00e1cie z sveta cyklistiky","potentialAction":[{"@type":"SearchAction","target":{"@type":"EntryPoint","urlTemplate":"https:\/\/www.welovecycling.com\/sk\/?s={search_term_string}"},"query-input":{"@type":"PropertyValueSpecification","valueRequired":true,"valueName":"search_term_string"}}],"inLanguage":"sk-SK"},{"@type":"Person","@id":"https:\/\/www.welovecycling.com\/sk\/#\/schema\/person\/45e989de48eace55eb338c027dc5a65e","name":"michal","image":{"@type":"ImageObject","inLanguage":"sk-SK","@id":"https:\/\/www.welovecycling.com\/sk\/#\/schema\/person\/image\/","url":"https:\/\/secure.gravatar.com\/avatar\/7f8deb1af8506a5f53d1b779436f546bce1c8c40c09780107ad3811c7dc4bbcb?s=96&d=mm&r=g","contentUrl":"https:\/\/secure.gravatar.com\/avatar\/7f8deb1af8506a5f53d1b779436f546bce1c8c40c09780107ad3811c7dc4bbcb?s=96&d=mm&r=g","caption":"michal"},"url":"https:\/\/www.welovecycling.com\/sk\/author\/michal\/"}]}},"_links":{"self":[{"href":"https:\/\/www.welovecycling.com\/sk\/wp-json\/wp\/v2\/posts\/20589","targetHints":{"allow":["GET"]}}],"collection":[{"href":"https:\/\/www.welovecycling.com\/sk\/wp-json\/wp\/v2\/posts"}],"about":[{"href":"https:\/\/www.welovecycling.com\/sk\/wp-json\/wp\/v2\/types\/post"}],"author":[{"embeddable":true,"href":"https:\/\/www.welovecycling.com\/sk\/wp-json\/wp\/v2\/users\/191"}],"replies":[{"embeddable":true,"href":"https:\/\/www.welovecycling.com\/sk\/wp-json\/wp\/v2\/comments?post=20589"}],"version-history":[{"count":2,"href":"https:\/\/www.welovecycling.com\/sk\/wp-json\/wp\/v2\/posts\/20589\/revisions"}],"predecessor-version":[{"id":20593,"href":"https:\/\/www.welovecycling.com\/sk\/wp-json\/wp\/v2\/posts\/20589\/revisions\/20593"}],"wp:featuredmedia":[{"embeddable":true,"href":"https:\/\/www.welovecycling.com\/sk\/wp-json\/wp\/v2\/media\/20592"}],"wp:attachment":[{"href":"https:\/\/www.welovecycling.com\/sk\/wp-json\/wp\/v2\/media?parent=20589"}],"wp:term":[{"taxonomy":"category","embeddable":true,"href":"https:\/\/www.welovecycling.com\/sk\/wp-json\/wp\/v2\/categories?post=20589"},{"taxonomy":"post_tag","embeddable":true,"href":"https:\/\/www.welovecycling.com\/sk\/wp-json\/wp\/v2\/tags?post=20589"},{"taxonomy":"global-categories","embeddable":true,"href":"https:\/\/www.welovecycling.com\/sk\/wp-json\/wp\/v2\/global-categories?post=20589"}],"curies":[{"name":"wp","href":"https:\/\/api.w.org\/{rel}","templated":true}]}}