{"id":20586,"date":"2025-06-20T09:00:17","date_gmt":"2025-06-20T07:00:17","guid":{"rendered":"https:\/\/www.welovecycling.com\/sk\/?p=20586"},"modified":"2025-07-02T08:45:12","modified_gmt":"2025-07-02T06:45:12","slug":"cyklistika-so-starymi-rodicmi-premostovanie-generacii-na-dvoch-kolesach","status":"publish","type":"post","link":"https:\/\/www.welovecycling.com\/sk\/2025\/06\/20\/cyklistika-so-starymi-rodicmi-premostovanie-generacii-na-dvoch-kolesach\/","title":{"rendered":"Cyklistika so star\u00fdmi rodi\u010dmi: Premos\u0165ovanie gener\u00e1ci\u00ed na dvoch koles\u00e1ch"},"content":{"rendered":"<p><strong>Bu\u010fme \u00faprimn\u00ed: cyklistika je u\u017e sama o sebe magick\u00e1. C\u00edtite sa slobodn\u00ed, ste na \u010derstvom vzduchu a ten skvel\u00fd pocit, ke\u010f s preh\u013eadom ob\u00eddete rann\u00fa dopravn\u00fa \u0161pi\u010dku. Ale viete, \u010do je e\u0161te magickej\u0161ie? Zdie\u013ea\u0165 tento z\u00e1\u017eitok s niek\u00fdm, kto v\u00e1s kedysi nau\u010dil jazdi\u0165 na bicykli klasickou met\u00f3dou \u201epostr\u010d\u00edm \u0165a a bicykluj\u201c. \u00c1no, hovor\u00edme o cyklistike s va\u0161imi star\u00fdmi rodi\u010dmi.<\/strong><\/p>\n<p><!--more--><\/p>\n<p><span style=\"font-weight: 400;\">Predt\u00fdm, ako prevr\u00e1tite o\u010dami alebo si predstav\u00edte nekone\u010dn\u00e9 zast\u00e1vky na \u010daj a kol\u00e1\u010diky, vypo\u010dujte si ma. Cyklistika so star\u00fdmi rodi\u010dmi nie je len kuri\u00f3zny n\u00e1pad na rodinn\u00e9 fotenie \u2013 je to dvojkolesov\u00fd stroj \u010dasu, ktor\u00fd buduje put\u00e1, posil\u0148uje tel\u00e1 a vedie k niektor\u00fdm z najzdrav\u0161\u00edch (a nechtiac vtipn\u00fdch) j\u00e1zd, ak\u00e9 kedy za\u017eijete.<\/span><\/p>\n<h2><span style=\"color: inherit; font-family: 'SKODA Next', 'Adjusted Arial Fallback', sans-serif;\">Maj\u00fa pr\u00edbehy, ktor\u00e9 si nem\u00f4\u017eete vygoogli\u0165<\/span><\/h2>\n<p><span style=\"font-weight: 400;\">Rozhovory so star\u00fdm rodi\u010dom po\u010das jazdy s\u00fa v podstate \u017eiv\u00fdm podcastom. Budete po\u010du\u0165 pr\u00edbehy o historick\u00fdch oce\u013eov\u00fdch r\u00e1moch, tras\u00e1ch rozn\u00e1\u0161a\u010dov nov\u00edn a o tom, ako boli prilby ur\u010den\u00e9 len pre tie \u201em\u00e4kkotinky\u201c. Jazdite s nimi dostato\u010dne dlho a zist\u00edte, \u017ee boli odolnej\u0161\u00ed, bojovnej\u0161\u00ed a pravdepodobne r\u00fdchlej\u0161\u00ed, ne\u017e ste si mysleli.<\/span><\/p>\n<p><span style=\"font-weight: 400;\">Spolo\u010dn\u00e1 cyklistika d\u00e1va priestor na pr\u00edbehy, ktor\u00e9 sa nerozpr\u00e1vaj\u00fa pri r\u00fdchlych n\u00e1v\u0161tev\u00e1ch alebo sviato\u010dn\u00fdch ve\u010deriach. Dozviete sa o tom, ako si opravili zlomen\u00fa re\u0165az sponkami a \u010distou silou v\u00f4le \u2013 a mo\u017eno si dokonca osvoj\u00edte aj p\u00e1r tipov, ktor\u00e9 sa nenau\u010dili z YouTube.<\/span><\/p>\n<h2><span style=\"font-weight: 400;\"> Tempo rozvinie v\u00e1\u0161e\u0148<\/span><\/h2>\n<p><span style=\"font-weight: 400;\">Nie ka\u017ed\u00e1 jazda mus\u00ed prekon\u00e1va\u0165 rekordy. Star\u00ed rodi\u010dia jazdia pre rados\u0165 \u2013 nie pre \u00faseky, ocenenia alebo t\u00fa nepolapite\u013en\u00fa korunku zo Stravy. A spomalenie? N\u00fati v\u00e1s to skuto\u010dne vidie\u0165 trasu: kvitn\u00face \u017eiv\u00e9 ploty, tich\u00e9 rieky, star\u00fa pek\u00e1re\u0148, okolo ktorej ste pre\u0161li stokr\u00e1t, ale nakoniec ste sa pri nej zastavili, preto\u017ee dedko si dal \u017eem\u013eu.<\/span><\/p>\n<p><span style=\"font-weight: 400;\">Zist\u00edte, \u017ee ke\u010f sa zbav\u00edte obrazoviek s \u00fadajmi a zvol\u00edte pomal\u0161iu kadenciu, jazda sa stane sk\u00f4r o spojen\u00ed s druh\u00fdmi ne\u017e o vz\u00e1jomnej s\u00fa\u0165a\u017ei. Je to regenera\u010dn\u00e9, nielen pre nich \u2013 ale aj pre v\u00e1s.<\/span><\/p>\n<h2><span style=\"font-weight: 400;\"> Re\u010di o prevodoch<\/span><\/h2>\n<p><span style=\"font-weight: 400;\">Ak sa chcete nau\u010di\u0165 pokore, sk\u00faste vysvetli\u0165 elektronick\u00e9 radenie star\u00e9mu rodi\u010dovi, ktor\u00fd kedysi jazdil cez mesto s jednou funk\u010dnou brzdou a ban\u00e1nom vo vrecku.<\/span><\/p>\n<p><span style=\"font-weight: 400;\">Ale tu je ten h\u00e1\u010dik \u2013 \u010dasto maj\u00fa pravdu. Jednoduch\u00e9 nastavenie, robustn\u00e9 r\u00e1my a sol\u00eddne znalosti mechaniky znamenaj\u00fa ve\u013ea. Budete v polovici vysvet\u013eovania va\u0161ej 12-r\u00fdchlostnej sady, ke\u010f v\u00e1m pripomen\u00fa, \u017ee ich trojr\u00fdchlostn\u00e1 prevodovka v roku 1957 fungovala bez probl\u00e9mov. A \u00e1no, st\u00e1le na nej jazdia.<\/span><\/p>\n<h2>V podstate je to wellness na koles\u00e1ch (pre nich aj pre v\u00e1s)<\/h2>\n<p><span style=\"font-weight: 400;\">Cyklistika nie je len o tom, dosta\u0165 sa z bodu A do kaviarne B \u2013 je nen\u00e1ro\u010dn\u00e1, zdrav\u00e1 pre srdce a skuto\u010dne jedna z najlep\u0161\u00edch fyzick\u00fdch aktiv\u00edt, ktor\u00fdm sa star\u0161\u00ed m\u00f4\u017eu venova\u0165.<\/span><\/p>\n<p><span style=\"font-weight: 400;\">Po prv\u00e9: kardiovaskul\u00e1rne zdravie. Pravideln\u00e1 cyklistika pom\u00e1ha zni\u017eova\u0165 krvn\u00fd tlak, zlep\u0161ova\u0165 krvn\u00fd obeh a zni\u017eova\u0165 riziko srdcov\u00fdch ochoren\u00ed \u2013 to v\u0161etko bez nam\u00e1hania k\u013abov, ktor\u00e9 prich\u00e1dza s aktivitami, ako je napr\u00edklad jogging. To je v\u00fdhra pre starn\u00face kolen\u00e1 a bedrov\u00e9 k\u013aby.<\/span><\/p>\n<p><span style=\"font-weight: 400;\">A potom je tu posilnenie mozgu. \u0160t\u00fadie uk\u00e1zali, \u017ee aer\u00f3bne cvi\u010denie zvy\u0161uje kognit\u00edvne funkcie u star\u0161\u00edch dospel\u00fdch \u2013 vr\u00e1tane cyklistiky. Zlep\u0161uje pam\u00e4\u0165, v\u00fdkonn\u00e9 funkcie a dokonca spoma\u013euje kognit\u00edvny pokles s\u00favisiaci s vekom. Tak\u017ee \u00e1no, v\u00e1\u0161 star\u00fd otec je st\u00e1le dostato\u010dne bystr\u00fd a teraz m\u00e1 e\u0161te aj lep\u0161\u00ed prietok kysl\u00edka, ktor\u00fd to dokazuje.<\/span><\/p>\n<p><span style=\"font-weight: 400;\">Nezab\u00fadajme na rovnov\u00e1hu a koordin\u00e1ciu \u2013 obe z nich sa s vekom zhor\u0161uj\u00fa a s\u00fa k\u013e\u00fa\u010dov\u00fdmi faktormi v prevencii p\u00e1dov. Cyklistika zap\u00e1ja svaly jadra tela, zlep\u0161uje propriocepciu (m\u00f3dny v\u00fdraz pre poznanie, kde sa va\u0161e telo nach\u00e1dza v priestore) a pom\u00e1ha udr\u017eiava\u0165 mobilitu.<\/span><\/p>\n<p><span style=\"font-weight: 400;\">Sp\u00e1ja sa tie\u017e s lep\u0161ou n\u00e1ladou a du\u0161evnou pohodou. Fyzick\u00e1 aktivita uvo\u013e\u0148uje endorf\u00edny, zni\u017euje pr\u00edznaky depresie a \u00fazkosti a podporuje celkov\u00fa spokojnos\u0165 so \u017eivotom. Pridajte trochu slnka, dobr\u00fa spolo\u010dnos\u0165 a m\u00e1te mobiln\u00fd seroton\u00ednov\u00fd stroj.<\/span><\/p>\n<p><span style=\"font-weight: 400;\">Napokon je tu spolo\u010densk\u00fd aspekt. Izol\u00e1cia je skuto\u010dn\u00fdm probl\u00e9mom pre mnoh\u00fdch star\u0161\u00edch dospel\u00fdch. Jazda s rodinou \u2013 najm\u00e4 t\u00e1, ktor\u00e1 kon\u010d\u00ed \u010dajom a smiechom \u2013 vytv\u00e1ra puto a zmysel \u017eivota, ktor\u00e9 s\u00fa rovnako d\u00f4le\u017eit\u00e9 ako samotn\u00e9 cvi\u010denie.<\/span><\/p>\n<p><span style=\"font-weight: 400;\">Stru\u010dne povedan\u00e9, cyklistika pom\u00e1ha star\u00fdm rodi\u010dom zosta\u0165 fit, bystr\u00ed, mobiln\u00ed a prepojen\u00ed s rodinou \u2013 a nemusia ani vkro\u010di\u0165 do posil\u0148ovne. Bude to pre nich skvel\u00e9 popoludnie s vn\u00fa\u010datami.<\/span><\/p>\n<h2><span style=\"font-weight: 400;\"> Nikdy to nebudete \u013eutova\u0165 \u2013 ale mo\u017eno sa budete smia\u0165 a\u017e v\u00e1m slzy pote\u010d\u00fa\u00a0<\/span><\/h2>\n<p><span style=\"font-weight: 400;\">Predstavte si to: va\u0161a star\u00e1 mama vedie skupinu z kopca, vietor je rozf\u00fakava ku\u010dery, zatia\u013e \u010do vy panik\u00e1rite kv\u00f4li svojim pokazen\u00fdm prevodom. Alebo v\u00e1\u0161 dedko trv\u00e1 na tom, \u017ee si oble\u010die jeho dres z Tour de France z roku 1974. Tieto momenty? \u010cist\u00e9 zlato. Ove\u013ea lep\u0161ie ako \u010doko\u013evek na Netflixe.<\/span><\/p>\n<p><span style=\"font-weight: 400;\">Spolo\u010dn\u00e1 jazda vytv\u00e1ra ten druh radosti, ktor\u00e1 vydr\u017e\u00ed dlho \u2013 zmes \u010derstv\u00e9ho vzduchu, zdie\u013ean\u00fdch pr\u00edbehov a skuto\u010dn\u00e9ho prepojenia. Navy\u0161e, ak m\u00e1te \u0161\u0165astie, v polovici jazdy si m\u00f4\u017eete da\u0165 kol\u00e1\u010d s d\u017eemom.<\/span><\/p>\n<h2><span style=\"font-weight: 400;\">\u0160t\u00fdlov\u00fd star\u00fd rodi\u010dia: r\u00fdchly n\u00e1vod<\/span><\/h2>\n<p><span style=\"font-weight: 400;\">Tak\u017ee, va\u0161a star\u00e1 mama je nad\u0161en\u00e1, ale jej posledn\u00e1 jazda zah\u0155\u0148ala zvonov\u00e9 nohavice a pr\u00faten\u00fd ko\u0161\u00edk? Tu je n\u00e1vod, ako ich dosta\u0165 sp\u00e4\u0165 do sedla \u0161t\u00fdlovo a sebavedomo.<\/span><\/p>\n<h3><span style=\"color: inherit; font-family: 'SKODA Next', 'Adjusted Arial Fallback', sans-serif;\">Za\u010dnite pomaly a na rovine<\/span><\/h3>\n<p><span style=\"font-weight: 400;\">Za\u010dnite s pomal\u00fdmi, rovn\u00fdmi trasami \u2013 chodn\u00edkmi v parku, chodn\u00edkmi pozd\u013a\u017e kan\u00e1lov alebo vidieckymi cestami. Postupne prid\u00e1vajte, ale tak, aby sa c\u00edtili pohodlne.<\/span><\/p>\n<h3><span style=\"font-weight: 400;\"> Pohodlie je kr\u00e1\u013e (alebo kr\u00e1\u013eovn\u00e1)<\/span><\/h3>\n<p><span style=\"font-weight: 400;\">Vyberte im mestsk\u00e9 bicykle, alebo dokonca elektrobicykle. \u0160irok\u00e9 sedl\u00e1 a ergonomick\u00e9 rukov\u00e4te ur\u010dite ocenia.<\/span><\/p>\n<h3><span style=\"font-weight: 400;\"> Elektrobicykle s\u00fa prelomov\u00e9<\/span><\/h3>\n<p><span style=\"font-weight: 400;\">Ak je probl\u00e9mom v\u00fddr\u017e alebo bolesti k\u013abov, elektrobicykel pon\u00faka jemn\u00fa podporu bez toho, aby ste obetovali rados\u0165 z pohybu.<\/span><\/p>\n<h3><span style=\"font-weight: 400;\"> Na nastaven\u00ed bicykla z\u00e1le\u017e\u00ed<\/span><\/h3>\n<p><span style=\"font-weight: 400;\">Skontrolujte v\u00fd\u0161ku sedla, dosah riadidiel a \u00fa\u010dinnos\u0165 b\u0155zd. Star\u0161\u00ed jazdci m\u00f4\u017eu potrebova\u0165 \u013eah\u0161ie ovl\u00e1date\u013en\u00e9 brzdov\u00e9 p\u00e1ky a vzpriamenej\u0161iu jazdn\u00fa polohu.<\/span><\/p>\n<h3><span style=\"font-weight: 400;\"> Oble\u010dte sa elegantne<\/span><\/h3>\n<p><span style=\"font-weight: 400;\">Netreba lycru \u2013 sta\u010d\u00ed oble\u010denie primeran\u00e9 po\u010dasiu a vhodn\u00fa obuv. Prilby s\u00fa nevyhnutnos\u0165ou. Rukavice pom\u00e1haj\u00fa s pri\u013enavos\u0165ou a zni\u017euj\u00fa tlak na k\u013aby.<\/span><\/p>\n<h3><span style=\"font-weight: 400;\"> Bu\u010fte povzbudzuj\u00facim par\u0165\u00e1kom<\/span><\/h3>\n<p><span style=\"font-weight: 400;\">Nechajte ich ud\u00e1va\u0165 tempo. D\u00e1vajte tipy iba vtedy, ke\u010f ich potrebuj\u00fa. Doprajte im prest\u00e1vku na \u010daj, zasmejte sa a nechajte jazdu by\u0165 o pr\u00edtomnosti, nie o v\u00fdkone.<\/span><\/p>\n<h2><span style=\"font-weight: 400;\">Z\u00e1verom<\/span><\/h2>\n<p><span style=\"font-weight: 400;\">Vo svete, ktor\u00fd sa men\u00ed pr\u00edli\u0161 r\u00fdchlo, je pomal\u00e1 jazda s \u013eu\u010fmi, ktor\u00ed v\u00e1s nau\u010dili \u010do je to rovnov\u00e1ha \u2013 na bicykli aj mimo neho \u2013 pocitom, ktor\u00fd v\u0161etci potrebujeme. \u010ci u\u017e je to mierny okruh okolo dediny alebo dlh\u0161ia trasa, cyklistika so star\u00fdmi rodi\u010dmi je viac ne\u017e len cvi\u010denie \u2013 je to odkaz v pohybe.<\/span><\/p>\n<p><span style=\"font-weight: 400;\">Zavolajte im. Napl\u00e1nujte si jazdu. Zaba\u013ete veci na piknik. A nezabudnite na oprav\u00e1rensk\u00fa sadu. <\/span><\/p>\n","protected":false},"excerpt":{"rendered":"<p>Bu\u010fme \u00faprimn\u00ed: cyklistika je u\u017e sama o sebe magick\u00e1. C\u00edtite sa slobodn\u00ed, ste na \u010derstvom vzduchu a ten skvel\u00fd pocit, [&hellip;]<\/p>\n","protected":false},"author":191,"featured_media":20587,"comment_status":"closed","ping_status":"closed","sticky":false,"template":"","format":"standard","meta":{"footnotes":""},"categories":[3],"tags":[559,619,597,546,180,532,767,931,318,508,183,161,623],"global-categories":[],"class_list":["post-20586","post","type-post","status-publish","format-standard","has-post-thumbnail","hentry","category-mtb","tag-bicykel","tag-bicyklovanie","tag-cyklista","tag-cyklistika","tag-horska-cyklistika","tag-jazdenie","tag-motivacia","tag-odporucame","tag-vyjazd","tag-vylet","tag-zabava","tag-zdravie","tag-zdravy-zivotny-styl"],"yoast_head":"<!-- This site is optimized with the Yoast SEO Premium plugin v25.3 (Yoast SEO v25.9) - https:\/\/yoast.com\/wordpress\/plugins\/seo\/ -->\n<title>Cyklistika so star\u00fdmi rodi\u010dmi: Premos\u0165ovanie gener\u00e1ci\u00ed na dvoch koles\u00e1ch - \u0160koda We Love Cycling Slovensko<\/title>\n<meta name=\"description\" content=\"O cyklistike s va\u0161imi star\u00fdmi rodi\u010dmi \u2013 nie ka\u017ed\u00e1 jazda mus\u00ed prekon\u00e1va\u0165 rekordy\" \/>\n<meta name=\"robots\" content=\"index, follow, max-snippet:-1, max-image-preview:large, max-video-preview:-1\" \/>\n<link rel=\"canonical\" href=\"https:\/\/www.welovecycling.com\/sk\/2025\/06\/20\/cyklistika-so-starymi-rodicmi-premostovanie-generacii-na-dvoch-kolesach\/\" \/>\n<meta property=\"og:locale\" content=\"sk_SK\" \/>\n<meta property=\"og:type\" content=\"article\" \/>\n<meta property=\"og:title\" content=\"Cyklistika so star\u00fdmi rodi\u010dmi: Premos\u0165ovanie gener\u00e1ci\u00ed na dvoch koles\u00e1ch\" \/>\n<meta property=\"og:description\" content=\"O cyklistike s va\u0161imi star\u00fdmi rodi\u010dmi \u2013 nie ka\u017ed\u00e1 jazda mus\u00ed prekon\u00e1va\u0165 rekordy\" \/>\n<meta property=\"og:url\" content=\"https:\/\/www.welovecycling.com\/sk\/2025\/06\/20\/cyklistika-so-starymi-rodicmi-premostovanie-generacii-na-dvoch-kolesach\/\" \/>\n<meta property=\"og:site_name\" content=\"\u0160koda We Love Cycling Slovensko\" \/>\n<meta property=\"article:published_time\" content=\"2025-06-20T07:00:17+00:00\" \/>\n<meta property=\"article:modified_time\" content=\"2025-07-02T06:45:12+00:00\" \/>\n<meta property=\"og:image\" content=\"https:\/\/d2p6e6u75xmxt8.cloudfront.net\/4\/2025\/07\/profimedia-0971826018.webp\" \/>\n\t<meta property=\"og:image:width\" content=\"1800\" \/>\n\t<meta property=\"og:image:height\" content=\"1128\" \/>\n\t<meta property=\"og:image:type\" content=\"image\/webp\" \/>\n<meta name=\"author\" content=\"michal\" \/>\n<meta name=\"twitter:card\" content=\"summary_large_image\" \/>\n<meta name=\"twitter:label1\" content=\"Written by\" \/>\n\t<meta name=\"twitter:data1\" content=\"Monica Buck\" \/>\n\t<meta name=\"twitter:label2\" content=\"Est. reading time\" \/>\n\t<meta name=\"twitter:data2\" content=\"3\" \/>\n<script type=\"application\/ld+json\" class=\"yoast-schema-graph\">{\"@context\":\"https:\/\/schema.org\",\"@graph\":[{\"@type\":\"WebPage\",\"@id\":\"https:\/\/www.welovecycling.com\/sk\/2025\/06\/20\/cyklistika-so-starymi-rodicmi-premostovanie-generacii-na-dvoch-kolesach\/\",\"url\":\"https:\/\/www.welovecycling.com\/sk\/2025\/06\/20\/cyklistika-so-starymi-rodicmi-premostovanie-generacii-na-dvoch-kolesach\/\",\"name\":\"Cyklistika so star\u00fdmi rodi\u010dmi: Premos\u0165ovanie gener\u00e1ci\u00ed na dvoch koles\u00e1ch - \u0160koda We Love Cycling Slovensko\",\"isPartOf\":{\"@id\":\"https:\/\/www.welovecycling.com\/sk\/#website\"},\"primaryImageOfPage\":{\"@id\":\"https:\/\/www.welovecycling.com\/sk\/2025\/06\/20\/cyklistika-so-starymi-rodicmi-premostovanie-generacii-na-dvoch-kolesach\/#primaryimage\"},\"image\":{\"@id\":\"https:\/\/www.welovecycling.com\/sk\/2025\/06\/20\/cyklistika-so-starymi-rodicmi-premostovanie-generacii-na-dvoch-kolesach\/#primaryimage\"},\"thumbnailUrl\":\"https:\/\/d2p6e6u75xmxt8.cloudfront.net\/4\/2025\/07\/profimedia-0971826018.webp\",\"datePublished\":\"2025-06-20T07:00:17+00:00\",\"dateModified\":\"2025-07-02T06:45:12+00:00\",\"author\":{\"@id\":\"https:\/\/www.welovecycling.com\/sk\/#\/schema\/person\/45e989de48eace55eb338c027dc5a65e\"},\"description\":\"O cyklistike s va\u0161imi star\u00fdmi rodi\u010dmi \u2013 nie ka\u017ed\u00e1 jazda mus\u00ed prekon\u00e1va\u0165 rekordy\",\"breadcrumb\":{\"@id\":\"https:\/\/www.welovecycling.com\/sk\/2025\/06\/20\/cyklistika-so-starymi-rodicmi-premostovanie-generacii-na-dvoch-kolesach\/#breadcrumb\"},\"inLanguage\":\"sk-SK\",\"potentialAction\":[{\"@type\":\"ReadAction\",\"target\":[\"https:\/\/www.welovecycling.com\/sk\/2025\/06\/20\/cyklistika-so-starymi-rodicmi-premostovanie-generacii-na-dvoch-kolesach\/\"]}]},{\"@type\":\"ImageObject\",\"inLanguage\":\"sk-SK\",\"@id\":\"https:\/\/www.welovecycling.com\/sk\/2025\/06\/20\/cyklistika-so-starymi-rodicmi-premostovanie-generacii-na-dvoch-kolesach\/#primaryimage\",\"url\":\"https:\/\/d2p6e6u75xmxt8.cloudfront.net\/4\/2025\/07\/profimedia-0971826018.webp\",\"contentUrl\":\"https:\/\/d2p6e6u75xmxt8.cloudfront.net\/4\/2025\/07\/profimedia-0971826018.webp\",\"width\":1800,\"height\":1128,\"caption\":\"Family cycling\"},{\"@type\":\"BreadcrumbList\",\"@id\":\"https:\/\/www.welovecycling.com\/sk\/2025\/06\/20\/cyklistika-so-starymi-rodicmi-premostovanie-generacii-na-dvoch-kolesach\/#breadcrumb\",\"itemListElement\":[{\"@type\":\"ListItem\",\"position\":1,\"name\":\"Home\",\"item\":\"https:\/\/www.welovecycling.com\/sk\/\"},{\"@type\":\"ListItem\",\"position\":2,\"name\":\"Cyklistika so star\u00fdmi rodi\u010dmi: Premos\u0165ovanie gener\u00e1ci\u00ed na dvoch koles\u00e1ch\"}]},{\"@type\":\"WebSite\",\"@id\":\"https:\/\/www.welovecycling.com\/sk\/#website\",\"url\":\"https:\/\/www.welovecycling.com\/sk\/\",\"name\":\"\u0160koda We Love Cycling Slovensko\",\"description\":\"\u0160koda We Love Cycling Slovensko je v\u00e1\u0161 ka\u017edodenn\u00fd zdroj noviniek a in\u0161pir\u00e1cie z sveta cyklistiky\",\"potentialAction\":[{\"@type\":\"SearchAction\",\"target\":{\"@type\":\"EntryPoint\",\"urlTemplate\":\"https:\/\/www.welovecycling.com\/sk\/?s={search_term_string}\"},\"query-input\":{\"@type\":\"PropertyValueSpecification\",\"valueRequired\":true,\"valueName\":\"search_term_string\"}}],\"inLanguage\":\"sk-SK\"},{\"@type\":\"Person\",\"@id\":\"https:\/\/www.welovecycling.com\/sk\/#\/schema\/person\/45e989de48eace55eb338c027dc5a65e\",\"name\":\"michal\",\"image\":{\"@type\":\"ImageObject\",\"inLanguage\":\"sk-SK\",\"@id\":\"https:\/\/www.welovecycling.com\/sk\/#\/schema\/person\/image\/\",\"url\":\"https:\/\/secure.gravatar.com\/avatar\/7f8deb1af8506a5f53d1b779436f546bce1c8c40c09780107ad3811c7dc4bbcb?s=96&d=mm&r=g\",\"contentUrl\":\"https:\/\/secure.gravatar.com\/avatar\/7f8deb1af8506a5f53d1b779436f546bce1c8c40c09780107ad3811c7dc4bbcb?s=96&d=mm&r=g\",\"caption\":\"michal\"},\"url\":\"https:\/\/www.welovecycling.com\/sk\/author\/michal\/\"}]}<\/script>\n<!-- \/ Yoast SEO Premium plugin. -->","yoast_head_json":{"title":"Cyklistika so star\u00fdmi rodi\u010dmi: Premos\u0165ovanie gener\u00e1ci\u00ed na dvoch koles\u00e1ch - \u0160koda We Love Cycling Slovensko","description":"O cyklistike s va\u0161imi star\u00fdmi rodi\u010dmi \u2013 nie ka\u017ed\u00e1 jazda mus\u00ed prekon\u00e1va\u0165 rekordy","robots":{"index":"index","follow":"follow","max-snippet":"max-snippet:-1","max-image-preview":"max-image-preview:large","max-video-preview":"max-video-preview:-1"},"canonical":"https:\/\/www.welovecycling.com\/sk\/2025\/06\/20\/cyklistika-so-starymi-rodicmi-premostovanie-generacii-na-dvoch-kolesach\/","og_locale":"sk_SK","og_type":"article","og_title":"Cyklistika so star\u00fdmi rodi\u010dmi: Premos\u0165ovanie gener\u00e1ci\u00ed na dvoch koles\u00e1ch","og_description":"O cyklistike s va\u0161imi star\u00fdmi rodi\u010dmi \u2013 nie ka\u017ed\u00e1 jazda mus\u00ed prekon\u00e1va\u0165 rekordy","og_url":"https:\/\/www.welovecycling.com\/sk\/2025\/06\/20\/cyklistika-so-starymi-rodicmi-premostovanie-generacii-na-dvoch-kolesach\/","og_site_name":"\u0160koda We Love Cycling Slovensko","article_published_time":"2025-06-20T07:00:17+00:00","article_modified_time":"2025-07-02T06:45:12+00:00","og_image":[{"width":1800,"height":1128,"url":"https:\/\/d2p6e6u75xmxt8.cloudfront.net\/4\/2025\/07\/profimedia-0971826018.webp","type":"image\/webp"}],"author":"michal","twitter_card":"summary_large_image","twitter_misc":{"Written by":"Monica Buck","Est. reading time":"3"},"schema":{"@context":"https:\/\/schema.org","@graph":[{"@type":"WebPage","@id":"https:\/\/www.welovecycling.com\/sk\/2025\/06\/20\/cyklistika-so-starymi-rodicmi-premostovanie-generacii-na-dvoch-kolesach\/","url":"https:\/\/www.welovecycling.com\/sk\/2025\/06\/20\/cyklistika-so-starymi-rodicmi-premostovanie-generacii-na-dvoch-kolesach\/","name":"Cyklistika so star\u00fdmi rodi\u010dmi: Premos\u0165ovanie gener\u00e1ci\u00ed na dvoch koles\u00e1ch - \u0160koda We Love Cycling Slovensko","isPartOf":{"@id":"https:\/\/www.welovecycling.com\/sk\/#website"},"primaryImageOfPage":{"@id":"https:\/\/www.welovecycling.com\/sk\/2025\/06\/20\/cyklistika-so-starymi-rodicmi-premostovanie-generacii-na-dvoch-kolesach\/#primaryimage"},"image":{"@id":"https:\/\/www.welovecycling.com\/sk\/2025\/06\/20\/cyklistika-so-starymi-rodicmi-premostovanie-generacii-na-dvoch-kolesach\/#primaryimage"},"thumbnailUrl":"https:\/\/d2p6e6u75xmxt8.cloudfront.net\/4\/2025\/07\/profimedia-0971826018.webp","datePublished":"2025-06-20T07:00:17+00:00","dateModified":"2025-07-02T06:45:12+00:00","author":{"@id":"https:\/\/www.welovecycling.com\/sk\/#\/schema\/person\/45e989de48eace55eb338c027dc5a65e"},"description":"O cyklistike s va\u0161imi star\u00fdmi rodi\u010dmi \u2013 nie ka\u017ed\u00e1 jazda mus\u00ed prekon\u00e1va\u0165 rekordy","breadcrumb":{"@id":"https:\/\/www.welovecycling.com\/sk\/2025\/06\/20\/cyklistika-so-starymi-rodicmi-premostovanie-generacii-na-dvoch-kolesach\/#breadcrumb"},"inLanguage":"sk-SK","potentialAction":[{"@type":"ReadAction","target":["https:\/\/www.welovecycling.com\/sk\/2025\/06\/20\/cyklistika-so-starymi-rodicmi-premostovanie-generacii-na-dvoch-kolesach\/"]}]},{"@type":"ImageObject","inLanguage":"sk-SK","@id":"https:\/\/www.welovecycling.com\/sk\/2025\/06\/20\/cyklistika-so-starymi-rodicmi-premostovanie-generacii-na-dvoch-kolesach\/#primaryimage","url":"https:\/\/d2p6e6u75xmxt8.cloudfront.net\/4\/2025\/07\/profimedia-0971826018.webp","contentUrl":"https:\/\/d2p6e6u75xmxt8.cloudfront.net\/4\/2025\/07\/profimedia-0971826018.webp","width":1800,"height":1128,"caption":"Family cycling"},{"@type":"BreadcrumbList","@id":"https:\/\/www.welovecycling.com\/sk\/2025\/06\/20\/cyklistika-so-starymi-rodicmi-premostovanie-generacii-na-dvoch-kolesach\/#breadcrumb","itemListElement":[{"@type":"ListItem","position":1,"name":"Home","item":"https:\/\/www.welovecycling.com\/sk\/"},{"@type":"ListItem","position":2,"name":"Cyklistika so star\u00fdmi rodi\u010dmi: Premos\u0165ovanie gener\u00e1ci\u00ed na dvoch koles\u00e1ch"}]},{"@type":"WebSite","@id":"https:\/\/www.welovecycling.com\/sk\/#website","url":"https:\/\/www.welovecycling.com\/sk\/","name":"\u0160koda We Love Cycling Slovensko","description":"\u0160koda We Love Cycling Slovensko je v\u00e1\u0161 ka\u017edodenn\u00fd zdroj noviniek a in\u0161pir\u00e1cie z sveta cyklistiky","potentialAction":[{"@type":"SearchAction","target":{"@type":"EntryPoint","urlTemplate":"https:\/\/www.welovecycling.com\/sk\/?s={search_term_string}"},"query-input":{"@type":"PropertyValueSpecification","valueRequired":true,"valueName":"search_term_string"}}],"inLanguage":"sk-SK"},{"@type":"Person","@id":"https:\/\/www.welovecycling.com\/sk\/#\/schema\/person\/45e989de48eace55eb338c027dc5a65e","name":"michal","image":{"@type":"ImageObject","inLanguage":"sk-SK","@id":"https:\/\/www.welovecycling.com\/sk\/#\/schema\/person\/image\/","url":"https:\/\/secure.gravatar.com\/avatar\/7f8deb1af8506a5f53d1b779436f546bce1c8c40c09780107ad3811c7dc4bbcb?s=96&d=mm&r=g","contentUrl":"https:\/\/secure.gravatar.com\/avatar\/7f8deb1af8506a5f53d1b779436f546bce1c8c40c09780107ad3811c7dc4bbcb?s=96&d=mm&r=g","caption":"michal"},"url":"https:\/\/www.welovecycling.com\/sk\/author\/michal\/"}]}},"_links":{"self":[{"href":"https:\/\/www.welovecycling.com\/sk\/wp-json\/wp\/v2\/posts\/20586","targetHints":{"allow":["GET"]}}],"collection":[{"href":"https:\/\/www.welovecycling.com\/sk\/wp-json\/wp\/v2\/posts"}],"about":[{"href":"https:\/\/www.welovecycling.com\/sk\/wp-json\/wp\/v2\/types\/post"}],"author":[{"embeddable":true,"href":"https:\/\/www.welovecycling.com\/sk\/wp-json\/wp\/v2\/users\/191"}],"replies":[{"embeddable":true,"href":"https:\/\/www.welovecycling.com\/sk\/wp-json\/wp\/v2\/comments?post=20586"}],"version-history":[{"count":1,"href":"https:\/\/www.welovecycling.com\/sk\/wp-json\/wp\/v2\/posts\/20586\/revisions"}],"predecessor-version":[{"id":20588,"href":"https:\/\/www.welovecycling.com\/sk\/wp-json\/wp\/v2\/posts\/20586\/revisions\/20588"}],"wp:featuredmedia":[{"embeddable":true,"href":"https:\/\/www.welovecycling.com\/sk\/wp-json\/wp\/v2\/media\/20587"}],"wp:attachment":[{"href":"https:\/\/www.welovecycling.com\/sk\/wp-json\/wp\/v2\/media?parent=20586"}],"wp:term":[{"taxonomy":"category","embeddable":true,"href":"https:\/\/www.welovecycling.com\/sk\/wp-json\/wp\/v2\/categories?post=20586"},{"taxonomy":"post_tag","embeddable":true,"href":"https:\/\/www.welovecycling.com\/sk\/wp-json\/wp\/v2\/tags?post=20586"},{"taxonomy":"global-categories","embeddable":true,"href":"https:\/\/www.welovecycling.com\/sk\/wp-json\/wp\/v2\/global-categories?post=20586"}],"curies":[{"name":"wp","href":"https:\/\/api.w.org\/{rel}","templated":true}]}}