{"id":2057,"date":"2017-08-23T12:12:01","date_gmt":"2017-08-23T10:12:01","guid":{"rendered":"https:\/\/www.welovecycling.com\/sk\/?p=2057"},"modified":"2017-12-18T13:03:32","modified_gmt":"2017-12-18T12:03:32","slug":"pozvanka-skoda-slovensky-raj-pridte-finale-celej-serie-do-raja","status":"publish","type":"post","link":"https:\/\/www.welovecycling.com\/sk\/2017\/08\/23\/pozvanka-skoda-slovensky-raj-pridte-finale-celej-serie-do-raja\/","title":{"rendered":"POZV\u00c1NKA: \u0160koda Slovensk\u00fd raj \u2013 pr\u00ed\u010fte na fin\u00e1le celej s\u00e9rie do raja"},"content":{"rendered":"<p><strong>Nepreme\u0161kajte fin\u00e1le \u0160BOT, ktor\u00e9 sa bude kona\u0165 u\u017e 2. septembra na podujat\u00ed \u0160koda Slovensk\u00fd raj, kde sa okrem v\u00fdbornej atmosf\u00e9ry a s\u00fabojov na trati bude s\u00fa\u0165a\u017ei\u0165 o skuto\u010dn\u00fa \u201ekopu\u201c bicyklov&#8230;<\/strong><!--more--><\/p>\n<p><a href=\"https:\/\/d2p6e6u75xmxt8.cloudfront.net\/4\/2017\/08\/1.jpg\"><img loading=\"lazy\" decoding=\"async\" class=\"alignnone size-full wp-image-2060\" src=\"https:\/\/d2p6e6u75xmxt8.cloudfront.net\/4\/2017\/08\/1.jpg\" alt=\"\" width=\"1024\" height=\"683\" \/><\/a><\/p>\n<p>Hrabu\u0161ice tvoria vstupn\u00fa br\u00e1nu do Slovensk\u00e9ho raja a pr\u00e1ve tam sa bude odohr\u00e1va\u0165 samotn\u00e9 fin\u00e1le s\u00e9rie \u0160BOT. Ve\u013ek\u00fd kemp pon\u00faka z\u00e1zemie ako pre pretek\u00e1rov, tak aj ich sprievod a samozrejme pre bohat\u00fd sprievodn\u00fd program. Na v\u00fdber budete ma\u0165 celkovo z troch trat\u00ed, t\u00e1 najdlh\u0161ia s n\u00e1zvom ELITE pon\u00fakne d\u013a\u017eku 96 km s prev\u00fd\u0161en\u00edm 2 360 m. Je zlo\u017een\u00e1 z dvojice okruhov a t\u00ed, ktor\u00ed zvolia krat\u0161\u00ed variant PROFI, si n\u00e1sledne daj\u00fa iba jedno kolo. Skuto\u010dne pre v\u0161etk\u00fdch je potom pripraven\u00e1 tra\u0165 REKRE v d\u013a\u017eke 15 km s prev\u00fd\u0161en\u00edm 700 m. V\u00fdhodou trat\u00ed okrem kr\u00e1sneho prostredia na \u00fazem\u00ed chr\u00e1nen\u00e9ho parku je fakt, \u017ee s\u00fa z ve\u013ekej \u010dasti veden\u00e9 po \u0161trkov\u00fdch cest\u00e1ch, tak\u017ee sa nemus\u00edte b\u00e1\u0165, ak predpove\u010f nebude zrovna ide\u00e1lna.<\/p>\n<p><a href=\"https:\/\/d2p6e6u75xmxt8.cloudfront.net\/4\/2017\/08\/2.jpg\"><img loading=\"lazy\" decoding=\"async\" class=\"alignnone size-full wp-image-2061\" src=\"https:\/\/d2p6e6u75xmxt8.cloudfront.net\/4\/2017\/08\/2.jpg\" alt=\"\" width=\"1024\" height=\"683\" \/><\/a><\/p>\n<p>Rovnako, ak chcete kone\u010dne za\u017ei\u0165 atmosf\u00e9ru bikov\u00fdch pretekov a dlho ste sa odhodl\u00e1vali, vysk\u00fa\u0161ajte pr\u00e1ve niektor\u00fa z pon\u00fakan\u00fdch trat\u00ed. S\u00fa toti\u017e vhodn\u00e9 svoj\u00edm profilom skuto\u010dne pre v\u0161etk\u00fdch a neobsahuj\u00fa ve\u013emi n\u00e1ro\u010dn\u00e9 technick\u00e9 \u00faseky, ani extra n\u00e1ro\u010dn\u00e9 st\u00fapania. Ako motiv\u00e1cia v\u00e1m mo\u017eno posl\u00fa\u017ei video z minul\u00e9ho ro\u010dn\u00edka, pr\u00edpadne niektor\u00e1 report\u00e1\u017e na na\u0161ich str\u00e1nkach z predch\u00e1dzaj\u00facich k\u00f4l, napr\u00edklad zo <a href=\"https:\/\/www.welovecycling.com\/sk\/2017\/06\/28\/reportaz-author-skoda-bikemaraton-sulovske-skaly-vyborna-trat-este-vacsia-zabava\/\">\u0160koda Bikemarat\u00f3n S\u00fa\u013eovsk\u00e9 skaly<\/a> alebo ned\u00e1vneho <a href=\"https:\/\/www.welovecycling.com\/sk\/2017\/08\/14\/reportaz-poradi-5-kolo-sbot-hostil-skoda-horal-mtb-maraton-svit-opat-praskal-vo-svikoch\">5. kola \u0160koda Horal MTB marat\u00f3n<\/a><\/p>\n<p>https:\/\/www.youtube.com\/watch?v=bwWLUW8QFNw&#038;t=4s<\/p>\n<h2><strong>Sprievodn\u00fd program a bohat\u00e1 fin\u00e1lov\u00e1 tombola<\/strong><\/h2>\n<p>Akcie v r\u00e1mci \u0160BOT maj\u00fa jedno spolo\u010dn\u00e9 \u2013 okrem s\u00faperenia a z\u00e1bavy na trati je postaran\u00e9 aj o z\u00e1bavu pre va\u0161ich bl\u00edzkych. Nev\u00e1hajte a vezmite so sebou aj rodinu, op\u00e4\u0165 na nich \u010dak\u00e1 bohat\u00fd program a sprievodn\u00e9 akcie, k\u00fdm vy budete \u201ebojova\u0165\u201c na niektorej z trat\u00ed. Navy\u0161e, v nede\u013eu sa e\u0161te na rovnakom mieste kon\u00e1 aj \u010fal\u0161ie kolo Detskej Tour Petra Sagana, teda o d\u00f4vod viac zosta\u0165 a zapoji\u0165 akt\u00edvne aj t\u00fdch najmen\u0161\u00edch.<\/p>\n<p><a href=\"https:\/\/d2p6e6u75xmxt8.cloudfront.net\/4\/2017\/08\/4.jpg\"><img loading=\"lazy\" decoding=\"async\" class=\"alignnone size-full wp-image-2062\" src=\"https:\/\/d2p6e6u75xmxt8.cloudfront.net\/4\/2017\/08\/4.jpg\" alt=\"\" width=\"1024\" height=\"683\" \/><\/a><\/p>\n<p>Okrem tradi\u010dne bohatej tomboly po marat\u00f3ne, kde op\u00e4\u0165 budete m\u00f4c\u0165 vyhra\u0165 bicykle a \u010fal\u0161ie hodnotn\u00e9 ceny, pr\u00edde samotn\u00e9 fin\u00e1le. Tam ich budete ma\u0165 \u0161ancu vyhra\u0165 e\u0161te o nie\u010do viac, konkr\u00e9tne sa bude s\u00fa\u0165a\u017ei\u0165 a\u017e o 6 \u0160koda bicyklov. Podmienkou pre zaradenie do fin\u00e1lnej tomboly je \u00faspe\u0161n\u00e9 absolvovanie minim\u00e1lne 4-och pretekov z celej \u0160koda BIKE OPEN TOUR s\u00e9rie.\u00a0Do celkov\u00e9ho bodovania a vyhodnotenia sa ka\u017ed\u00e9mu \u00fa\u010dastn\u00edkovi zapo\u010d\u00edtavaj\u00fa 4 najlep\u0161ie v\u00fdsledky z absolvovan\u00fdch pretekov \u0160koda BIKE OPEN TOUR s\u00e9rie. Viac inform\u00e1ci\u00ed o cen\u00e1ch sa dozviete na <a href=\"https:\/\/www.welovecycling.com\/sk\/ceny\/\">tomto odkaze<\/a>. V\u00fdsledn\u00e9 bodovanie s\u00e9rie ur\u010d\u00ed celkovo 33 v\u00ed\u0165azov v 11 kateg\u00f3riach na prv\u00fdch, druh\u00fdch a tret\u00edch miestach. Ceny sa teda bud\u00fa rozd\u00e1va\u0165 vo ve\u013ekom, tak nev\u00e1hajte a bu\u010fte pri tom&#8230;<\/p>\n<div id='gallery-1' class='gallery galleryid-2057 gallery-columns-3 gallery-size-medium'><figure class='gallery-item'>\n\t\t\t<div class='gallery-icon landscape'>\n\t\t\t\t<a href='https:\/\/d2p6e6u75xmxt8.cloudfront.net\/4\/2017\/08\/5.webp'><img loading=\"lazy\" decoding=\"async\" width=\"300\" height=\"200\" src=\"https:\/\/d2p6e6u75xmxt8.cloudfront.net\/4\/2017\/08\/5-300x200.webp\" class=\"attachment-medium size-medium\" alt=\"\" srcset=\"https:\/\/d2p6e6u75xmxt8.cloudfront.net\/4\/2017\/08\/5-300x200.webp 300w, https:\/\/d2p6e6u75xmxt8.cloudfront.net\/4\/2017\/08\/5-768x512.webp 768w, https:\/\/d2p6e6u75xmxt8.cloudfront.net\/4\/2017\/08\/5-272x182.webp 272w, https:\/\/d2p6e6u75xmxt8.cloudfront.net\/4\/2017\/08\/5.webp 1024w\" sizes=\"auto, (max-width: 300px) 100vw, 300px\" \/><\/a>\n\t\t\t<\/div><\/figure><figure class='gallery-item'>\n\t\t\t<div class='gallery-icon landscape'>\n\t\t\t\t<a href='https:\/\/d2p6e6u75xmxt8.cloudfront.net\/4\/2017\/08\/6.webp'><img loading=\"lazy\" decoding=\"async\" width=\"300\" height=\"200\" src=\"https:\/\/d2p6e6u75xmxt8.cloudfront.net\/4\/2017\/08\/6-300x200.webp\" class=\"attachment-medium size-medium\" alt=\"\" srcset=\"https:\/\/d2p6e6u75xmxt8.cloudfront.net\/4\/2017\/08\/6-300x200.webp 300w, https:\/\/d2p6e6u75xmxt8.cloudfront.net\/4\/2017\/08\/6-768x512.webp 768w, https:\/\/d2p6e6u75xmxt8.cloudfront.net\/4\/2017\/08\/6-272x182.webp 272w, https:\/\/d2p6e6u75xmxt8.cloudfront.net\/4\/2017\/08\/6.webp 1024w\" sizes=\"auto, (max-width: 300px) 100vw, 300px\" \/><\/a>\n\t\t\t<\/div><\/figure>\n\t\t<\/div>\n\n<p>Viac inform\u00e1ci\u00ed a propoz\u00edcie n\u00e1jdete na\u00a0<a href=\"http:\/\/www.maratonslovenskyraj.sk\/\">str\u00e1nke marat\u00f3nu<\/a> a nezabudnite, \u017ee sa st\u00e1le m\u00f4\u017eete na podujatie ve\u013emi jednoducho zaregistrova\u0165 aj na str\u00e1nkach <a href=\"https:\/\/www.welovecycling.com\/sk\/sbot\/\">We Love Cycling<\/a>.<\/p>\n","protected":false},"excerpt":{"rendered":"<p>Nepreme\u0161kajte fin\u00e1le \u0160BOT, ktor\u00e9 sa bude kona\u0165 u\u017e 2. septembra na podujat\u00ed \u0160koda Slovensk\u00fd raj, kde sa okrem v\u00fdbornej atmosf\u00e9ry [&hellip;]<\/p>\n","protected":false},"author":38,"featured_media":2058,"comment_status":"open","ping_status":"open","sticky":false,"template":"","format":"standard","meta":{"footnotes":""},"categories":[3,33],"tags":[180,178,91,179,35],"global-categories":[],"class_list":["post-2057","post","type-post","status-publish","format-standard","has-post-thumbnail","hentry","category-mtb","category-sbot","tag-horska-cyklistika","tag-maraton","tag-pozvanka","tag-preteky","tag-sbot"],"yoast_head":"<!-- This site is optimized with the Yoast SEO Premium plugin v25.3 (Yoast SEO v25.9) - https:\/\/yoast.com\/wordpress\/plugins\/seo\/ -->\n<title>POZV\u00c1NKA: \u0160koda Slovensk\u00fd raj \u2013 pr\u00ed\u010fte na fin\u00e1le celej s\u00e9rie do raja - \u0160koda We Love Cycling Slovensko<\/title>\n<meta name=\"robots\" content=\"index, follow, max-snippet:-1, max-image-preview:large, max-video-preview:-1\" \/>\n<link rel=\"canonical\" href=\"https:\/\/www.welovecycling.com\/sk\/2017\/08\/23\/pozvanka-skoda-slovensky-raj-pridte-finale-celej-serie-do-raja\/\" \/>\n<meta property=\"og:locale\" content=\"sk_SK\" \/>\n<meta property=\"og:type\" content=\"article\" \/>\n<meta property=\"og:title\" content=\"POZV\u00c1NKA: \u0160koda Slovensk\u00fd raj \u2013 pr\u00ed\u010fte na fin\u00e1le celej s\u00e9rie do raja\" \/>\n<meta property=\"og:description\" content=\"Nepreme\u0161kajte fin\u00e1le \u0160BOT, ktor\u00e9 sa bude kona\u0165 u\u017e 2. septembra na podujat\u00ed \u0160koda Slovensk\u00fd raj, kde sa okrem v\u00fdbornej atmosf\u00e9ry [&hellip;]\" \/>\n<meta property=\"og:url\" content=\"https:\/\/www.welovecycling.com\/sk\/2017\/08\/23\/pozvanka-skoda-slovensky-raj-pridte-finale-celej-serie-do-raja\/\" \/>\n<meta property=\"og:site_name\" content=\"\u0160koda We Love Cycling Slovensko\" \/>\n<meta property=\"article:published_time\" content=\"2017-08-23T10:12:01+00:00\" \/>\n<meta property=\"article:modified_time\" content=\"2017-12-18T12:03:32+00:00\" \/>\n<meta property=\"og:image\" content=\"https:\/\/d2p6e6u75xmxt8.cloudfront.net\/4\/2017\/08\/3.webp\" \/>\n\t<meta property=\"og:image:width\" content=\"1375\" \/>\n\t<meta property=\"og:image:height\" content=\"600\" \/>\n\t<meta property=\"og:image:type\" content=\"image\/webp\" \/>\n<meta name=\"author\" content=\"Ondrej Ga\u0161par\" \/>\n<meta name=\"twitter:card\" content=\"summary_large_image\" \/>\n<meta name=\"twitter:label1\" content=\"Written by\" \/>\n\t<meta name=\"twitter:data1\" content=\"Martin Imrich\" \/>\n\t<meta name=\"twitter:label2\" content=\"Est. reading time\" \/>\n\t<meta name=\"twitter:data2\" content=\"3 minutes\" \/>\n<script type=\"application\/ld+json\" class=\"yoast-schema-graph\">{\"@context\":\"https:\/\/schema.org\",\"@graph\":[{\"@type\":\"WebPage\",\"@id\":\"https:\/\/www.welovecycling.com\/sk\/2017\/08\/23\/pozvanka-skoda-slovensky-raj-pridte-finale-celej-serie-do-raja\/\",\"url\":\"https:\/\/www.welovecycling.com\/sk\/2017\/08\/23\/pozvanka-skoda-slovensky-raj-pridte-finale-celej-serie-do-raja\/\",\"name\":\"POZV\u00c1NKA: \u0160koda Slovensk\u00fd raj \u2013 pr\u00ed\u010fte na fin\u00e1le celej s\u00e9rie do raja - \u0160koda We Love Cycling Slovensko\",\"isPartOf\":{\"@id\":\"https:\/\/www.welovecycling.com\/sk\/#website\"},\"primaryImageOfPage\":{\"@id\":\"https:\/\/www.welovecycling.com\/sk\/2017\/08\/23\/pozvanka-skoda-slovensky-raj-pridte-finale-celej-serie-do-raja\/#primaryimage\"},\"image\":{\"@id\":\"https:\/\/www.welovecycling.com\/sk\/2017\/08\/23\/pozvanka-skoda-slovensky-raj-pridte-finale-celej-serie-do-raja\/#primaryimage\"},\"thumbnailUrl\":\"https:\/\/d2p6e6u75xmxt8.cloudfront.net\/4\/2017\/08\/3.webp\",\"datePublished\":\"2017-08-23T10:12:01+00:00\",\"dateModified\":\"2017-12-18T12:03:32+00:00\",\"author\":{\"@id\":\"https:\/\/www.welovecycling.com\/sk\/#\/schema\/person\/8ee09ba39b7e25b1870160aa5b3a89bc\"},\"breadcrumb\":{\"@id\":\"https:\/\/www.welovecycling.com\/sk\/2017\/08\/23\/pozvanka-skoda-slovensky-raj-pridte-finale-celej-serie-do-raja\/#breadcrumb\"},\"inLanguage\":\"sk-SK\",\"potentialAction\":[{\"@type\":\"ReadAction\",\"target\":[\"https:\/\/www.welovecycling.com\/sk\/2017\/08\/23\/pozvanka-skoda-slovensky-raj-pridte-finale-celej-serie-do-raja\/\"]}]},{\"@type\":\"ImageObject\",\"inLanguage\":\"sk-SK\",\"@id\":\"https:\/\/www.welovecycling.com\/sk\/2017\/08\/23\/pozvanka-skoda-slovensky-raj-pridte-finale-celej-serie-do-raja\/#primaryimage\",\"url\":\"https:\/\/d2p6e6u75xmxt8.cloudfront.net\/4\/2017\/08\/3.webp\",\"contentUrl\":\"https:\/\/d2p6e6u75xmxt8.cloudfront.net\/4\/2017\/08\/3.webp\",\"width\":1375,\"height\":600},{\"@type\":\"BreadcrumbList\",\"@id\":\"https:\/\/www.welovecycling.com\/sk\/2017\/08\/23\/pozvanka-skoda-slovensky-raj-pridte-finale-celej-serie-do-raja\/#breadcrumb\",\"itemListElement\":[{\"@type\":\"ListItem\",\"position\":1,\"name\":\"Home\",\"item\":\"https:\/\/www.welovecycling.com\/sk\/\"},{\"@type\":\"ListItem\",\"position\":2,\"name\":\"POZV\u00c1NKA: \u0160koda Slovensk\u00fd raj \u2013 pr\u00ed\u010fte na fin\u00e1le celej s\u00e9rie do raja\"}]},{\"@type\":\"WebSite\",\"@id\":\"https:\/\/www.welovecycling.com\/sk\/#website\",\"url\":\"https:\/\/www.welovecycling.com\/sk\/\",\"name\":\"\u0160koda We Love Cycling Slovensko\",\"description\":\"\u0160koda We Love Cycling Slovensko je v\u00e1\u0161 ka\u017edodenn\u00fd zdroj noviniek a in\u0161pir\u00e1cie z sveta cyklistiky\",\"potentialAction\":[{\"@type\":\"SearchAction\",\"target\":{\"@type\":\"EntryPoint\",\"urlTemplate\":\"https:\/\/www.welovecycling.com\/sk\/?s={search_term_string}\"},\"query-input\":{\"@type\":\"PropertyValueSpecification\",\"valueRequired\":true,\"valueName\":\"search_term_string\"}}],\"inLanguage\":\"sk-SK\"},{\"@type\":\"Person\",\"@id\":\"https:\/\/www.welovecycling.com\/sk\/#\/schema\/person\/8ee09ba39b7e25b1870160aa5b3a89bc\",\"name\":\"Ondrej Ga\u0161par\",\"image\":{\"@type\":\"ImageObject\",\"inLanguage\":\"sk-SK\",\"@id\":\"https:\/\/www.welovecycling.com\/sk\/#\/schema\/person\/image\/\",\"url\":\"https:\/\/secure.gravatar.com\/avatar\/6126c9afb87b70da5abbb083ddbb21933da15f18f8ca7cb822aba0fb096a48f6?s=96&d=mm&r=g\",\"contentUrl\":\"https:\/\/secure.gravatar.com\/avatar\/6126c9afb87b70da5abbb083ddbb21933da15f18f8ca7cb822aba0fb096a48f6?s=96&d=mm&r=g\",\"caption\":\"Ondrej Ga\u0161par\"},\"url\":\"https:\/\/www.welovecycling.com\/sk\/author\/ondrejgaspar\/\"}]}<\/script>\n<!-- \/ Yoast SEO Premium plugin. -->","yoast_head_json":{"title":"POZV\u00c1NKA: \u0160koda Slovensk\u00fd raj \u2013 pr\u00ed\u010fte na fin\u00e1le celej s\u00e9rie do raja - \u0160koda We Love Cycling Slovensko","robots":{"index":"index","follow":"follow","max-snippet":"max-snippet:-1","max-image-preview":"max-image-preview:large","max-video-preview":"max-video-preview:-1"},"canonical":"https:\/\/www.welovecycling.com\/sk\/2017\/08\/23\/pozvanka-skoda-slovensky-raj-pridte-finale-celej-serie-do-raja\/","og_locale":"sk_SK","og_type":"article","og_title":"POZV\u00c1NKA: \u0160koda Slovensk\u00fd raj \u2013 pr\u00ed\u010fte na fin\u00e1le celej s\u00e9rie do raja","og_description":"Nepreme\u0161kajte fin\u00e1le \u0160BOT, ktor\u00e9 sa bude kona\u0165 u\u017e 2. septembra na podujat\u00ed \u0160koda Slovensk\u00fd raj, kde sa okrem v\u00fdbornej atmosf\u00e9ry [&hellip;]","og_url":"https:\/\/www.welovecycling.com\/sk\/2017\/08\/23\/pozvanka-skoda-slovensky-raj-pridte-finale-celej-serie-do-raja\/","og_site_name":"\u0160koda We Love Cycling Slovensko","article_published_time":"2017-08-23T10:12:01+00:00","article_modified_time":"2017-12-18T12:03:32+00:00","og_image":[{"width":1375,"height":600,"url":"https:\/\/d2p6e6u75xmxt8.cloudfront.net\/4\/2017\/08\/3.webp","type":"image\/webp"}],"author":"Ondrej Ga\u0161par","twitter_card":"summary_large_image","twitter_misc":{"Written by":"Martin Imrich","Est. reading time":"3 minutes"},"schema":{"@context":"https:\/\/schema.org","@graph":[{"@type":"WebPage","@id":"https:\/\/www.welovecycling.com\/sk\/2017\/08\/23\/pozvanka-skoda-slovensky-raj-pridte-finale-celej-serie-do-raja\/","url":"https:\/\/www.welovecycling.com\/sk\/2017\/08\/23\/pozvanka-skoda-slovensky-raj-pridte-finale-celej-serie-do-raja\/","name":"POZV\u00c1NKA: \u0160koda Slovensk\u00fd raj \u2013 pr\u00ed\u010fte na fin\u00e1le celej s\u00e9rie do raja - \u0160koda We Love Cycling Slovensko","isPartOf":{"@id":"https:\/\/www.welovecycling.com\/sk\/#website"},"primaryImageOfPage":{"@id":"https:\/\/www.welovecycling.com\/sk\/2017\/08\/23\/pozvanka-skoda-slovensky-raj-pridte-finale-celej-serie-do-raja\/#primaryimage"},"image":{"@id":"https:\/\/www.welovecycling.com\/sk\/2017\/08\/23\/pozvanka-skoda-slovensky-raj-pridte-finale-celej-serie-do-raja\/#primaryimage"},"thumbnailUrl":"https:\/\/d2p6e6u75xmxt8.cloudfront.net\/4\/2017\/08\/3.webp","datePublished":"2017-08-23T10:12:01+00:00","dateModified":"2017-12-18T12:03:32+00:00","author":{"@id":"https:\/\/www.welovecycling.com\/sk\/#\/schema\/person\/8ee09ba39b7e25b1870160aa5b3a89bc"},"breadcrumb":{"@id":"https:\/\/www.welovecycling.com\/sk\/2017\/08\/23\/pozvanka-skoda-slovensky-raj-pridte-finale-celej-serie-do-raja\/#breadcrumb"},"inLanguage":"sk-SK","potentialAction":[{"@type":"ReadAction","target":["https:\/\/www.welovecycling.com\/sk\/2017\/08\/23\/pozvanka-skoda-slovensky-raj-pridte-finale-celej-serie-do-raja\/"]}]},{"@type":"ImageObject","inLanguage":"sk-SK","@id":"https:\/\/www.welovecycling.com\/sk\/2017\/08\/23\/pozvanka-skoda-slovensky-raj-pridte-finale-celej-serie-do-raja\/#primaryimage","url":"https:\/\/d2p6e6u75xmxt8.cloudfront.net\/4\/2017\/08\/3.webp","contentUrl":"https:\/\/d2p6e6u75xmxt8.cloudfront.net\/4\/2017\/08\/3.webp","width":1375,"height":600},{"@type":"BreadcrumbList","@id":"https:\/\/www.welovecycling.com\/sk\/2017\/08\/23\/pozvanka-skoda-slovensky-raj-pridte-finale-celej-serie-do-raja\/#breadcrumb","itemListElement":[{"@type":"ListItem","position":1,"name":"Home","item":"https:\/\/www.welovecycling.com\/sk\/"},{"@type":"ListItem","position":2,"name":"POZV\u00c1NKA: \u0160koda Slovensk\u00fd raj \u2013 pr\u00ed\u010fte na fin\u00e1le celej s\u00e9rie do raja"}]},{"@type":"WebSite","@id":"https:\/\/www.welovecycling.com\/sk\/#website","url":"https:\/\/www.welovecycling.com\/sk\/","name":"\u0160koda We Love Cycling Slovensko","description":"\u0160koda We Love Cycling Slovensko je v\u00e1\u0161 ka\u017edodenn\u00fd zdroj noviniek a in\u0161pir\u00e1cie z sveta cyklistiky","potentialAction":[{"@type":"SearchAction","target":{"@type":"EntryPoint","urlTemplate":"https:\/\/www.welovecycling.com\/sk\/?s={search_term_string}"},"query-input":{"@type":"PropertyValueSpecification","valueRequired":true,"valueName":"search_term_string"}}],"inLanguage":"sk-SK"},{"@type":"Person","@id":"https:\/\/www.welovecycling.com\/sk\/#\/schema\/person\/8ee09ba39b7e25b1870160aa5b3a89bc","name":"Ondrej Ga\u0161par","image":{"@type":"ImageObject","inLanguage":"sk-SK","@id":"https:\/\/www.welovecycling.com\/sk\/#\/schema\/person\/image\/","url":"https:\/\/secure.gravatar.com\/avatar\/6126c9afb87b70da5abbb083ddbb21933da15f18f8ca7cb822aba0fb096a48f6?s=96&d=mm&r=g","contentUrl":"https:\/\/secure.gravatar.com\/avatar\/6126c9afb87b70da5abbb083ddbb21933da15f18f8ca7cb822aba0fb096a48f6?s=96&d=mm&r=g","caption":"Ondrej Ga\u0161par"},"url":"https:\/\/www.welovecycling.com\/sk\/author\/ondrejgaspar\/"}]}},"_links":{"self":[{"href":"https:\/\/www.welovecycling.com\/sk\/wp-json\/wp\/v2\/posts\/2057","targetHints":{"allow":["GET"]}}],"collection":[{"href":"https:\/\/www.welovecycling.com\/sk\/wp-json\/wp\/v2\/posts"}],"about":[{"href":"https:\/\/www.welovecycling.com\/sk\/wp-json\/wp\/v2\/types\/post"}],"author":[{"embeddable":true,"href":"https:\/\/www.welovecycling.com\/sk\/wp-json\/wp\/v2\/users\/38"}],"replies":[{"embeddable":true,"href":"https:\/\/www.welovecycling.com\/sk\/wp-json\/wp\/v2\/comments?post=2057"}],"version-history":[{"count":2,"href":"https:\/\/www.welovecycling.com\/sk\/wp-json\/wp\/v2\/posts\/2057\/revisions"}],"predecessor-version":[{"id":2075,"href":"https:\/\/www.welovecycling.com\/sk\/wp-json\/wp\/v2\/posts\/2057\/revisions\/2075"}],"wp:featuredmedia":[{"embeddable":true,"href":"https:\/\/www.welovecycling.com\/sk\/wp-json\/wp\/v2\/media\/2058"}],"wp:attachment":[{"href":"https:\/\/www.welovecycling.com\/sk\/wp-json\/wp\/v2\/media?parent=2057"}],"wp:term":[{"taxonomy":"category","embeddable":true,"href":"https:\/\/www.welovecycling.com\/sk\/wp-json\/wp\/v2\/categories?post=2057"},{"taxonomy":"post_tag","embeddable":true,"href":"https:\/\/www.welovecycling.com\/sk\/wp-json\/wp\/v2\/tags?post=2057"},{"taxonomy":"global-categories","embeddable":true,"href":"https:\/\/www.welovecycling.com\/sk\/wp-json\/wp\/v2\/global-categories?post=2057"}],"curies":[{"name":"wp","href":"https:\/\/api.w.org\/{rel}","templated":true}]}}