{"id":20540,"date":"2025-06-23T10:00:46","date_gmt":"2025-06-23T08:00:46","guid":{"rendered":"https:\/\/www.welovecycling.com\/sk\/?p=20540"},"modified":"2025-06-23T09:39:09","modified_gmt":"2025-06-23T07:39:09","slug":"zdrave-ranajky-pre-cyklistov-rychle-recepty-pred-jazdou","status":"publish","type":"post","link":"https:\/\/www.welovecycling.com\/sk\/2025\/06\/23\/zdrave-ranajky-pre-cyklistov-rychle-recepty-pred-jazdou\/","title":{"rendered":"Zdrav\u00e9 ra\u0148ajky pre cyklistov \u2013 r\u00fdchle recepty pred jazdou"},"content":{"rendered":"<p><strong>Sladk\u00e9 alebo slan\u00e9? Ak\u00fd variant oslov\u00ed teba a najbli\u017e\u0161ie ho vysk\u00fa\u0161a\u0161?<\/strong><!--more--><\/p>\n<p><span style=\"font-weight: 400;\">Hovor\u00ed sa, \u017ee ra\u0148ajky robia de\u0148 a s\u00fa z\u00e1kladom d\u0148a. Pre n\u00e1s obzvl\u00e1\u0161\u0165, aby sme mali dostatok energie na v\u00fdjazde a nepokazil n\u00e1m tak pekn\u00fd de\u0148 nejak\u00fd hla\u010f\u00e1k. Pozrieme sa na sladk\u00fa aj slan\u00fa verziu, aby si mohol pr\u00eds\u0165 ka\u017ed\u00fd na svoje.\u00a0<\/span><\/p>\n<h2><strong>Vajcia, \u0161unka a pe\u010divo<\/strong><\/h2>\n<p><span style=\"font-weight: 400;\">Za\u010dneme slan\u00fdm variantom. Vaj\u00ed\u010dka s\u00fa v\u0161eobecne ve\u013emi ob\u013e\u00faben\u00e9 ako forma ra\u0148ajok. <strong>Pre n\u00e1s cyklistov s\u00fa bohat\u00fdm zdrojom bielkov\u00edn a tukov,<\/strong> ktor\u00e9 vieme doplni\u0165 zeleninou, syrom a cere\u00e1lnym pe\u010divom. Tuky n\u00e1m pom\u00f4\u017eu ako dobr\u00fd zdroj energie na dlh\u00e9 v\u00fdjazdy vo vytrvalosti. Okrem toho, slan\u00e9 ra\u0148ajky n\u00e1m spravia chu\u0165, ak n\u00e1s \u010dakaj\u00fa po\u010das d\u0148a ty\u010dinky a in\u00e9 jedlo sladk\u00e9.\u00a0<\/span><\/p>\n<p><a href=\"https:\/\/d2p6e6u75xmxt8.cloudfront.net\/4\/2025\/06\/02_zdrave_ranajky.webp\"><img loading=\"lazy\" decoding=\"async\" class=\"alignnone size-full wp-image-20541\" src=\"https:\/\/d2p6e6u75xmxt8.cloudfront.net\/4\/2025\/06\/02_zdrave_ranajky.webp\" alt=\"\" width=\"1200\" height=\"800\" srcset=\"https:\/\/d2p6e6u75xmxt8.cloudfront.net\/4\/2025\/06\/02_zdrave_ranajky.webp 1200w, https:\/\/d2p6e6u75xmxt8.cloudfront.net\/4\/2025\/06\/02_zdrave_ranajky-300x200.webp 300w, https:\/\/d2p6e6u75xmxt8.cloudfront.net\/4\/2025\/06\/02_zdrave_ranajky-1024x683.webp 1024w, https:\/\/d2p6e6u75xmxt8.cloudfront.net\/4\/2025\/06\/02_zdrave_ranajky-768x512.webp 768w, https:\/\/d2p6e6u75xmxt8.cloudfront.net\/4\/2025\/06\/02_zdrave_ranajky-400x267.webp 400w, https:\/\/d2p6e6u75xmxt8.cloudfront.net\/4\/2025\/06\/02_zdrave_ranajky-272x182.webp 272w\" sizes=\"auto, (max-width: 1200px) 100vw, 1200px\" \/><\/a><\/p>\n<h2><strong>Celozrnn\u00e9 pe\u010divo so zeleninou a syrom<\/strong><\/h2>\n<p><span style=\"font-weight: 400;\">Ak n\u00e1m vajcia ve\u013emi neber\u00fa, m\u00f4\u017eeme si da\u0165 slan\u00fa verziu chleba so syrom a maslom. V tomto pr\u00edpade taktie\u017e dostaneme do tela <strong>mno\u017estvo energie, ktor\u00e9 n\u00e1s dostato\u010dne zas\u00fdti na dlh\u00fd v\u00fdjazd<\/strong> a hod\u00ed sa aj v pr\u00edpade najazdievania jarn\u00fdch kilometrov vo vytrvalosti.\u00a0<\/span><\/p>\n<h2><strong>Ovsen\u00e9 vlo\u010dky s ovoc\u00edm<\/strong><\/h2>\n<p><span style=\"font-weight: 400;\">Ovsen\u00e9 vlo\u010dky s\u00fa ve\u013ek\u00e1 klasika. Kto ich nepozn\u00e1, ako keby ani cyklistom nebol. Pr\u00edprava je jednoduch\u00e1, m\u00f4\u017eeme si ich zalia\u0165 vriacou vodou, mliekom a doplni\u0165 pod\u013ea chuti. <strong>Sez\u00f3nne ovocie je dobr\u00fd zdroj vitam\u00ednov.<\/strong> V pr\u00edpade jablka vieme doplni\u0165 \u0161koricou, v in\u00fdch pr\u00edpadoch napr\u00edklad str\u00fahan\u00fdm kokosom. Ako sladidlo m\u00f4\u017eeme pou\u017ei\u0165 kvalitn\u00fd med, ktor\u00fd je dobr\u00fdm zdrojom sacharidov. Ak n\u00e1s \u010dak\u00e1 dlh\u00fd v\u00fdjazd, dobrou vo\u013ebou je ka\u0161u doplni\u0165 orechmi.\u00a0<\/span><\/p>\n<h2><strong>Ry\u017eov\u00e1 ka\u0161a<\/strong><\/h2>\n<p><span style=\"font-weight: 400;\"><strong>Vysok\u00fd zdroj sacharidov n\u00e1jdeme aj v ry\u017eovej ka\u0161i, ktor\u00e1 je podobn\u00e1 tej ovsenej.<\/strong> Pr\u00e1ve t\u00e1to mo\u017enos\u0165 je v\u00fdborn\u00e1 obmena ovsenej ka\u0161e, ktor\u00fa si vieme tie\u017e doplni\u0165 ovoc\u00edm a orechmi pod\u013ea n\u00e1lady a chuti. Tak\u00e9to ra\u0148ajky sa hodia aj pred pretekmi, aby sme mali dostatok paliva na s\u00faboj s ostatn\u00fdmi s\u00fapermi.<\/span><\/p>\n<p><a href=\"https:\/\/d2p6e6u75xmxt8.cloudfront.net\/4\/2025\/06\/03_zdrave_ranajky.webp\"><img loading=\"lazy\" decoding=\"async\" class=\"alignnone size-full wp-image-20542\" src=\"https:\/\/d2p6e6u75xmxt8.cloudfront.net\/4\/2025\/06\/03_zdrave_ranajky.webp\" alt=\"\" width=\"1024\" height=\"445\" srcset=\"https:\/\/d2p6e6u75xmxt8.cloudfront.net\/4\/2025\/06\/03_zdrave_ranajky.webp 1024w, https:\/\/d2p6e6u75xmxt8.cloudfront.net\/4\/2025\/06\/03_zdrave_ranajky-300x130.webp 300w, https:\/\/d2p6e6u75xmxt8.cloudfront.net\/4\/2025\/06\/03_zdrave_ranajky-768x334.webp 768w, https:\/\/d2p6e6u75xmxt8.cloudfront.net\/4\/2025\/06\/03_zdrave_ranajky-400x174.webp 400w\" sizes=\"auto, (max-width: 1024px) 100vw, 1024px\" \/><\/a><\/p>\n<h2><strong>Ry\u017ea v mlieku<\/strong><\/h2>\n<p><span style=\"font-weight: 400;\">Z detstva si mo\u017eno spom\u00ednate, \u017ee mama v\u00e1m uvarila ry\u017eu v mlieku s grankom. Tentokr\u00e1t si ale ry\u017eu uvar\u00edme ve\u010der klasick\u00fdm sp\u00f4sobom. Nech\u00e1me vychladn\u00fa\u0165 cez noc a r\u00e1no v troche mlieka povar\u00edme potrebn\u00e9 mno\u017estvo ry\u017ee. M\u00f4\u017eeme pou\u017ei\u0165 aj s\u00f3jov\u00e9 mlieko s pr\u00edchu\u0165ou vanilky. Ke\u010f m\u00e1me ry\u017eu povaren\u00fa, m\u00f4\u017eeme prida\u0165 ly\u017eicu medu alebo \u010dakankov\u00fd sirup. Dopln\u00edme ovoc\u00edm nakr\u00e1jan\u00fdm na kocky a m\u00e1me hotov\u00e9 ra\u0148ajky. <strong>M\u00f4\u017eeme cel\u00fa ka\u0161u pripravi\u0165 aj ve\u010der, necha\u0165 odst\u00e1\u0165 v noci a konzumova\u0165 aj za studena.<\/strong> V\u0161etko u\u017e z\u00e1le\u017e\u00ed od na\u0161ich preferenci\u00ed, ale studen\u00fa verziu si vieme vzia\u0165 aj na cesty.<\/span><\/p>\n<p><span style=\"font-weight: 400;\">Toto bolo p\u00e1r tipov na zdrav\u00e9 ra\u0148ajky pre n\u00e1s cyklistov, ktor\u00ed h\u013ead\u00e1me v\u017edy t\u00fa najlep\u0161iu mo\u017enos\u0165 zdrojov energie pre n\u00e1s. D\u00fafam, \u017ee \u0165a dan\u00e9 mo\u017enosti in\u0161pirovali a pom\u00f4\u017eu ti n\u00e1js\u0165 zmenu v rannej rutine alebo pr\u00edpadn\u00fa in\u0161pir\u00e1ciu.\u00a0<\/span><\/p>\n<p><span style=\"font-weight: 400;\">Zdroj fotografi\u00ed: welovecycling.sk<\/span><\/p>\n","protected":false},"excerpt":{"rendered":"<p>Sladk\u00e9 alebo slan\u00e9? Ak\u00fd variant oslov\u00ed teba a najbli\u017e\u0161ie ho vysk\u00fa\u0161a\u0161?<\/p>\n","protected":false},"author":191,"featured_media":20544,"comment_status":"closed","ping_status":"closed","sticky":false,"template":"","format":"standard","meta":{"footnotes":""},"categories":[2],"tags":[559,619,115,514,180,532,603,622,767,649,647,1649,1097,44,161,623],"global-categories":[],"class_list":["post-20540","post","type-post","status-publish","format-standard","has-post-thumbnail","hentry","category-zdravie-trening","tag-bicykel","tag-bicyklovanie","tag-cestna-cyklistika","tag-energia","tag-horska-cyklistika","tag-jazdenie","tag-jedalnicek","tag-jedlo","tag-motivacia","tag-ovocie","tag-ranajky","tag-vitaminy","tag-vykon","tag-vyziva","tag-zdravie","tag-zdravy-zivotny-styl"],"yoast_head":"<!-- This site is optimized with the Yoast SEO Premium plugin v25.3 (Yoast SEO v25.9) - https:\/\/yoast.com\/wordpress\/plugins\/seo\/ -->\n<title>Zdrav\u00e9 ra\u0148ajky pre cyklistov \u2013 r\u00fdchle recepty pred jazdou - \u0160koda We Love Cycling Slovensko<\/title>\n<meta name=\"description\" content=\"Ra\u0148ajky robia de\u0148 a s\u00fa jeho z\u00e1kladom. Sladk\u00e9 alebo slan\u00e9 ra\u0148ajky? Ak\u00fd variant oslov\u00ed teba a najbli\u017e\u0161ie ho vysk\u00fa\u0161a\u0161?\" \/>\n<meta name=\"robots\" content=\"index, follow, max-snippet:-1, max-image-preview:large, max-video-preview:-1\" \/>\n<link rel=\"canonical\" href=\"https:\/\/www.welovecycling.com\/sk\/2025\/06\/23\/zdrave-ranajky-pre-cyklistov-rychle-recepty-pred-jazdou\/\" \/>\n<meta property=\"og:locale\" content=\"sk_SK\" \/>\n<meta property=\"og:type\" content=\"article\" \/>\n<meta property=\"og:title\" content=\"Zdrav\u00e9 ra\u0148ajky pre cyklistov \u2013 r\u00fdchle recepty pred jazdou\" \/>\n<meta property=\"og:description\" content=\"Ra\u0148ajky robia de\u0148 a s\u00fa jeho z\u00e1kladom. Sladk\u00e9 alebo slan\u00e9 ra\u0148ajky? Ak\u00fd variant oslov\u00ed teba a najbli\u017e\u0161ie ho vysk\u00fa\u0161a\u0161?\" \/>\n<meta property=\"og:url\" content=\"https:\/\/www.welovecycling.com\/sk\/2025\/06\/23\/zdrave-ranajky-pre-cyklistov-rychle-recepty-pred-jazdou\/\" \/>\n<meta property=\"og:site_name\" content=\"\u0160koda We Love Cycling Slovensko\" \/>\n<meta property=\"article:published_time\" content=\"2025-06-23T08:00:46+00:00\" \/>\n<meta property=\"og:image\" content=\"https:\/\/d2p6e6u75xmxt8.cloudfront.net\/4\/2025\/06\/01_zdrave_ranajky.webp\" \/>\n\t<meta property=\"og:image:width\" content=\"990\" \/>\n\t<meta property=\"og:image:height\" content=\"660\" \/>\n\t<meta property=\"og:image:type\" content=\"image\/webp\" \/>\n<meta name=\"author\" content=\"michal\" \/>\n<meta name=\"twitter:card\" content=\"summary_large_image\" \/>\n<meta name=\"twitter:label1\" content=\"Written by\" \/>\n\t<meta name=\"twitter:data1\" content=\"We Love Cycling\" \/>\n\t<meta name=\"twitter:label2\" content=\"Est. reading time\" \/>\n\t<meta name=\"twitter:data2\" content=\"2\" \/>\n<script type=\"application\/ld+json\" class=\"yoast-schema-graph\">{\"@context\":\"https:\/\/schema.org\",\"@graph\":[{\"@type\":\"WebPage\",\"@id\":\"https:\/\/www.welovecycling.com\/sk\/2025\/06\/23\/zdrave-ranajky-pre-cyklistov-rychle-recepty-pred-jazdou\/\",\"url\":\"https:\/\/www.welovecycling.com\/sk\/2025\/06\/23\/zdrave-ranajky-pre-cyklistov-rychle-recepty-pred-jazdou\/\",\"name\":\"Zdrav\u00e9 ra\u0148ajky pre cyklistov \u2013 r\u00fdchle recepty pred jazdou - \u0160koda We Love Cycling Slovensko\",\"isPartOf\":{\"@id\":\"https:\/\/www.welovecycling.com\/sk\/#website\"},\"primaryImageOfPage\":{\"@id\":\"https:\/\/www.welovecycling.com\/sk\/2025\/06\/23\/zdrave-ranajky-pre-cyklistov-rychle-recepty-pred-jazdou\/#primaryimage\"},\"image\":{\"@id\":\"https:\/\/www.welovecycling.com\/sk\/2025\/06\/23\/zdrave-ranajky-pre-cyklistov-rychle-recepty-pred-jazdou\/#primaryimage\"},\"thumbnailUrl\":\"https:\/\/d2p6e6u75xmxt8.cloudfront.net\/4\/2025\/06\/01_zdrave_ranajky.webp\",\"datePublished\":\"2025-06-23T08:00:46+00:00\",\"author\":{\"@id\":\"https:\/\/www.welovecycling.com\/sk\/#\/schema\/person\/45e989de48eace55eb338c027dc5a65e\"},\"description\":\"Ra\u0148ajky robia de\u0148 a s\u00fa jeho z\u00e1kladom. Sladk\u00e9 alebo slan\u00e9 ra\u0148ajky? Ak\u00fd variant oslov\u00ed teba a najbli\u017e\u0161ie ho vysk\u00fa\u0161a\u0161?\",\"breadcrumb\":{\"@id\":\"https:\/\/www.welovecycling.com\/sk\/2025\/06\/23\/zdrave-ranajky-pre-cyklistov-rychle-recepty-pred-jazdou\/#breadcrumb\"},\"inLanguage\":\"sk-SK\",\"potentialAction\":[{\"@type\":\"ReadAction\",\"target\":[\"https:\/\/www.welovecycling.com\/sk\/2025\/06\/23\/zdrave-ranajky-pre-cyklistov-rychle-recepty-pred-jazdou\/\"]}]},{\"@type\":\"ImageObject\",\"inLanguage\":\"sk-SK\",\"@id\":\"https:\/\/www.welovecycling.com\/sk\/2025\/06\/23\/zdrave-ranajky-pre-cyklistov-rychle-recepty-pred-jazdou\/#primaryimage\",\"url\":\"https:\/\/d2p6e6u75xmxt8.cloudfront.net\/4\/2025\/06\/01_zdrave_ranajky.webp\",\"contentUrl\":\"https:\/\/d2p6e6u75xmxt8.cloudfront.net\/4\/2025\/06\/01_zdrave_ranajky.webp\",\"width\":990,\"height\":660},{\"@type\":\"BreadcrumbList\",\"@id\":\"https:\/\/www.welovecycling.com\/sk\/2025\/06\/23\/zdrave-ranajky-pre-cyklistov-rychle-recepty-pred-jazdou\/#breadcrumb\",\"itemListElement\":[{\"@type\":\"ListItem\",\"position\":1,\"name\":\"Home\",\"item\":\"https:\/\/www.welovecycling.com\/sk\/\"},{\"@type\":\"ListItem\",\"position\":2,\"name\":\"Zdrav\u00e9 ra\u0148ajky pre cyklistov \u2013 r\u00fdchle recepty pred jazdou\"}]},{\"@type\":\"WebSite\",\"@id\":\"https:\/\/www.welovecycling.com\/sk\/#website\",\"url\":\"https:\/\/www.welovecycling.com\/sk\/\",\"name\":\"\u0160koda We Love Cycling Slovensko\",\"description\":\"\u0160koda We Love Cycling Slovensko je v\u00e1\u0161 ka\u017edodenn\u00fd zdroj noviniek a in\u0161pir\u00e1cie z sveta cyklistiky\",\"potentialAction\":[{\"@type\":\"SearchAction\",\"target\":{\"@type\":\"EntryPoint\",\"urlTemplate\":\"https:\/\/www.welovecycling.com\/sk\/?s={search_term_string}\"},\"query-input\":{\"@type\":\"PropertyValueSpecification\",\"valueRequired\":true,\"valueName\":\"search_term_string\"}}],\"inLanguage\":\"sk-SK\"},{\"@type\":\"Person\",\"@id\":\"https:\/\/www.welovecycling.com\/sk\/#\/schema\/person\/45e989de48eace55eb338c027dc5a65e\",\"name\":\"michal\",\"image\":{\"@type\":\"ImageObject\",\"inLanguage\":\"sk-SK\",\"@id\":\"https:\/\/www.welovecycling.com\/sk\/#\/schema\/person\/image\/\",\"url\":\"https:\/\/secure.gravatar.com\/avatar\/7f8deb1af8506a5f53d1b779436f546bce1c8c40c09780107ad3811c7dc4bbcb?s=96&d=mm&r=g\",\"contentUrl\":\"https:\/\/secure.gravatar.com\/avatar\/7f8deb1af8506a5f53d1b779436f546bce1c8c40c09780107ad3811c7dc4bbcb?s=96&d=mm&r=g\",\"caption\":\"michal\"},\"url\":\"https:\/\/www.welovecycling.com\/sk\/author\/michal\/\"}]}<\/script>\n<!-- \/ Yoast SEO Premium plugin. -->","yoast_head_json":{"title":"Zdrav\u00e9 ra\u0148ajky pre cyklistov \u2013 r\u00fdchle recepty pred jazdou - \u0160koda We Love Cycling Slovensko","description":"Ra\u0148ajky robia de\u0148 a s\u00fa jeho z\u00e1kladom. Sladk\u00e9 alebo slan\u00e9 ra\u0148ajky? Ak\u00fd variant oslov\u00ed teba a najbli\u017e\u0161ie ho vysk\u00fa\u0161a\u0161?","robots":{"index":"index","follow":"follow","max-snippet":"max-snippet:-1","max-image-preview":"max-image-preview:large","max-video-preview":"max-video-preview:-1"},"canonical":"https:\/\/www.welovecycling.com\/sk\/2025\/06\/23\/zdrave-ranajky-pre-cyklistov-rychle-recepty-pred-jazdou\/","og_locale":"sk_SK","og_type":"article","og_title":"Zdrav\u00e9 ra\u0148ajky pre cyklistov \u2013 r\u00fdchle recepty pred jazdou","og_description":"Ra\u0148ajky robia de\u0148 a s\u00fa jeho z\u00e1kladom. Sladk\u00e9 alebo slan\u00e9 ra\u0148ajky? Ak\u00fd variant oslov\u00ed teba a najbli\u017e\u0161ie ho vysk\u00fa\u0161a\u0161?","og_url":"https:\/\/www.welovecycling.com\/sk\/2025\/06\/23\/zdrave-ranajky-pre-cyklistov-rychle-recepty-pred-jazdou\/","og_site_name":"\u0160koda We Love Cycling Slovensko","article_published_time":"2025-06-23T08:00:46+00:00","og_image":[{"width":990,"height":660,"url":"https:\/\/d2p6e6u75xmxt8.cloudfront.net\/4\/2025\/06\/01_zdrave_ranajky.webp","type":"image\/webp"}],"author":"michal","twitter_card":"summary_large_image","twitter_misc":{"Written by":"We Love Cycling","Est. reading time":"2"},"schema":{"@context":"https:\/\/schema.org","@graph":[{"@type":"WebPage","@id":"https:\/\/www.welovecycling.com\/sk\/2025\/06\/23\/zdrave-ranajky-pre-cyklistov-rychle-recepty-pred-jazdou\/","url":"https:\/\/www.welovecycling.com\/sk\/2025\/06\/23\/zdrave-ranajky-pre-cyklistov-rychle-recepty-pred-jazdou\/","name":"Zdrav\u00e9 ra\u0148ajky pre cyklistov \u2013 r\u00fdchle recepty pred jazdou - \u0160koda We Love Cycling Slovensko","isPartOf":{"@id":"https:\/\/www.welovecycling.com\/sk\/#website"},"primaryImageOfPage":{"@id":"https:\/\/www.welovecycling.com\/sk\/2025\/06\/23\/zdrave-ranajky-pre-cyklistov-rychle-recepty-pred-jazdou\/#primaryimage"},"image":{"@id":"https:\/\/www.welovecycling.com\/sk\/2025\/06\/23\/zdrave-ranajky-pre-cyklistov-rychle-recepty-pred-jazdou\/#primaryimage"},"thumbnailUrl":"https:\/\/d2p6e6u75xmxt8.cloudfront.net\/4\/2025\/06\/01_zdrave_ranajky.webp","datePublished":"2025-06-23T08:00:46+00:00","author":{"@id":"https:\/\/www.welovecycling.com\/sk\/#\/schema\/person\/45e989de48eace55eb338c027dc5a65e"},"description":"Ra\u0148ajky robia de\u0148 a s\u00fa jeho z\u00e1kladom. Sladk\u00e9 alebo slan\u00e9 ra\u0148ajky? Ak\u00fd variant oslov\u00ed teba a najbli\u017e\u0161ie ho vysk\u00fa\u0161a\u0161?","breadcrumb":{"@id":"https:\/\/www.welovecycling.com\/sk\/2025\/06\/23\/zdrave-ranajky-pre-cyklistov-rychle-recepty-pred-jazdou\/#breadcrumb"},"inLanguage":"sk-SK","potentialAction":[{"@type":"ReadAction","target":["https:\/\/www.welovecycling.com\/sk\/2025\/06\/23\/zdrave-ranajky-pre-cyklistov-rychle-recepty-pred-jazdou\/"]}]},{"@type":"ImageObject","inLanguage":"sk-SK","@id":"https:\/\/www.welovecycling.com\/sk\/2025\/06\/23\/zdrave-ranajky-pre-cyklistov-rychle-recepty-pred-jazdou\/#primaryimage","url":"https:\/\/d2p6e6u75xmxt8.cloudfront.net\/4\/2025\/06\/01_zdrave_ranajky.webp","contentUrl":"https:\/\/d2p6e6u75xmxt8.cloudfront.net\/4\/2025\/06\/01_zdrave_ranajky.webp","width":990,"height":660},{"@type":"BreadcrumbList","@id":"https:\/\/www.welovecycling.com\/sk\/2025\/06\/23\/zdrave-ranajky-pre-cyklistov-rychle-recepty-pred-jazdou\/#breadcrumb","itemListElement":[{"@type":"ListItem","position":1,"name":"Home","item":"https:\/\/www.welovecycling.com\/sk\/"},{"@type":"ListItem","position":2,"name":"Zdrav\u00e9 ra\u0148ajky pre cyklistov \u2013 r\u00fdchle recepty pred jazdou"}]},{"@type":"WebSite","@id":"https:\/\/www.welovecycling.com\/sk\/#website","url":"https:\/\/www.welovecycling.com\/sk\/","name":"\u0160koda We Love Cycling Slovensko","description":"\u0160koda We Love Cycling Slovensko je v\u00e1\u0161 ka\u017edodenn\u00fd zdroj noviniek a in\u0161pir\u00e1cie z sveta cyklistiky","potentialAction":[{"@type":"SearchAction","target":{"@type":"EntryPoint","urlTemplate":"https:\/\/www.welovecycling.com\/sk\/?s={search_term_string}"},"query-input":{"@type":"PropertyValueSpecification","valueRequired":true,"valueName":"search_term_string"}}],"inLanguage":"sk-SK"},{"@type":"Person","@id":"https:\/\/www.welovecycling.com\/sk\/#\/schema\/person\/45e989de48eace55eb338c027dc5a65e","name":"michal","image":{"@type":"ImageObject","inLanguage":"sk-SK","@id":"https:\/\/www.welovecycling.com\/sk\/#\/schema\/person\/image\/","url":"https:\/\/secure.gravatar.com\/avatar\/7f8deb1af8506a5f53d1b779436f546bce1c8c40c09780107ad3811c7dc4bbcb?s=96&d=mm&r=g","contentUrl":"https:\/\/secure.gravatar.com\/avatar\/7f8deb1af8506a5f53d1b779436f546bce1c8c40c09780107ad3811c7dc4bbcb?s=96&d=mm&r=g","caption":"michal"},"url":"https:\/\/www.welovecycling.com\/sk\/author\/michal\/"}]}},"_links":{"self":[{"href":"https:\/\/www.welovecycling.com\/sk\/wp-json\/wp\/v2\/posts\/20540","targetHints":{"allow":["GET"]}}],"collection":[{"href":"https:\/\/www.welovecycling.com\/sk\/wp-json\/wp\/v2\/posts"}],"about":[{"href":"https:\/\/www.welovecycling.com\/sk\/wp-json\/wp\/v2\/types\/post"}],"author":[{"embeddable":true,"href":"https:\/\/www.welovecycling.com\/sk\/wp-json\/wp\/v2\/users\/191"}],"replies":[{"embeddable":true,"href":"https:\/\/www.welovecycling.com\/sk\/wp-json\/wp\/v2\/comments?post=20540"}],"version-history":[{"count":5,"href":"https:\/\/www.welovecycling.com\/sk\/wp-json\/wp\/v2\/posts\/20540\/revisions"}],"predecessor-version":[{"id":20549,"href":"https:\/\/www.welovecycling.com\/sk\/wp-json\/wp\/v2\/posts\/20540\/revisions\/20549"}],"wp:featuredmedia":[{"embeddable":true,"href":"https:\/\/www.welovecycling.com\/sk\/wp-json\/wp\/v2\/media\/20544"}],"wp:attachment":[{"href":"https:\/\/www.welovecycling.com\/sk\/wp-json\/wp\/v2\/media?parent=20540"}],"wp:term":[{"taxonomy":"category","embeddable":true,"href":"https:\/\/www.welovecycling.com\/sk\/wp-json\/wp\/v2\/categories?post=20540"},{"taxonomy":"post_tag","embeddable":true,"href":"https:\/\/www.welovecycling.com\/sk\/wp-json\/wp\/v2\/tags?post=20540"},{"taxonomy":"global-categories","embeddable":true,"href":"https:\/\/www.welovecycling.com\/sk\/wp-json\/wp\/v2\/global-categories?post=20540"}],"curies":[{"name":"wp","href":"https:\/\/api.w.org\/{rel}","templated":true}]}}