{"id":20510,"date":"2025-06-18T10:00:41","date_gmt":"2025-06-18T08:00:41","guid":{"rendered":"https:\/\/www.welovecycling.com\/sk\/?p=20510"},"modified":"2025-06-18T09:41:38","modified_gmt":"2025-06-18T07:41:38","slug":"jiri-jezek-a-rok-2013-hlavne-nech-nejde-prilis-rychlo","status":"publish","type":"post","link":"https:\/\/www.welovecycling.com\/sk\/2025\/06\/18\/jiri-jezek-a-rok-2013-hlavne-nech-nejde-prilis-rychlo\/","title":{"rendered":"Ji\u0159\u00ed Je\u017eek a rok 2013: Hlavne nech nejde pr\u00edli\u0161 r\u00fdchlo!"},"content":{"rendered":"<p class=\"perex\"><strong>Je \u0161es\u0165n\u00e1sobn\u00fdm majstrom sveta. \u0160es\u0165kr\u00e1t z\u00edskal zlat\u00fa medailu na paralympijsk\u00fdch hr\u00e1ch. A teraz sa mal sta\u0165 s\u00fa\u010das\u0165ou najv\u00e4\u010d\u0161\u00edch cyklistick\u00fdch pretekov plan\u00e9ty. Ji\u0159\u00ed Je\u017eek sa po mesiacoch pr\u00edprav 10. j\u00fala 2013 postavil v \u00falohe predjazdca na \u0161tart 11. etapy Tour de France, \u010dasovky na 33 kilometrov s cie\u013eom pod monument\u00e1lnym kl\u00e1\u0161torom Mont Saint Michel. Alebo \u017ee by nie? Vyjd\u00fa v\u0161etky pr\u00edpravy navnivo\u010d? \u0160peci\u00e1lna kombin\u00e9za v snehobielej farbe s logom \u0160koda Auto? Bicykel pripraven\u00fd na t\u00fato pr\u00edle\u017eitos\u0165?<\/strong><!--more--><\/p>\n<div id=\"pg-406764-0\" class=\"panel-grid panel-no-style\">\n<div id=\"pgc-406764-0-0\" class=\"panel-grid-cell\">\n<div id=\"panel-406764-0-0-0\" class=\"so-panel widget widget_skoda-quote panel-first-child panel-last-child\" data-index=\"0\">\n<div class=\"default-bottom-margin panel-widget-style panel-widget-style-for-406764-0-0-0\">\n<div class=\"so-widget-skoda-quote so-widget-skoda-quote-base\">\n<div class=\"authored-quote\">\n<blockquote><p>Kr\u00e1tko pred etapou na mieste panoval zm\u00e4tok a neistota. Ale\u00a0bol to z\u00e1\u017eitok, ktor\u00fd aj s odstupom rokov ost\u00e1va \u00faplne \u017eiv\u00fd.<\/p><\/blockquote>\n<\/div>\n<\/div>\n<\/div>\n<\/div>\n<\/div>\n<\/div>\n<div id=\"pg-406764-1\" class=\"panel-grid panel-no-style\">\n<div id=\"pgc-406764-1-0\" class=\"panel-grid-cell\">\n<div id=\"panel-406764-1-0-0\" class=\"so-panel widget widget_sow-editor panel-first-child panel-last-child\" data-index=\"1\">\n<div class=\"default-bottom-margin panel-widget-style panel-widget-style-for-406764-1-0-0\">\n<div class=\"so-widget-sow-editor so-widget-sow-editor-base\">\n<div class=\"siteorigin-widget-tinymce textwidget\">\n<p>Spom\u00edna cyklistick\u00fd \u0161ampi\u00f3n, ktor\u00e9mu v detstve po zr\u00e1\u017eke s n\u00e1kladn\u00fdm autom lek\u00e1ri amputovali \u010das\u0165 pravej nohy.<\/p>\n<\/div>\n<p>Ji\u0159\u00ed Je\u017eek sa narodil 16. okt\u00f3bra 1974 v Prahe. Po nehode o jeden\u00e1s\u0165 rokov nesk\u00f4r mu lek\u00e1ri amputovali prav\u00fa nohu pod kolenom. Na \u0161tyroch paralympijsk\u00fdch hr\u00e1ch z\u00edskal \u0161es\u0165 zlat\u00fdch, \u0161tyri strieborn\u00e9 a jednu bronzov\u00fa medailu v cestnej a dr\u00e1hovej cyklistike. Je \u0161es\u0165n\u00e1sobn\u00fdm majstrom sveta (2\u00d7 \u010dasovka, 2\u00d7 cestn\u00e9 preteky, 2\u00d7 st\u00edhacie preteky). Kari\u00e9ru od\u0161tartoval v roku 1994, posledn\u00e9 preteky absolvoval v sez\u00f3ne 2017.<\/p>\n<div class=\"siteorigin-widget-tinymce textwidget\">\n<h4><strong>Pam\u00e4t\u00e1te si pr\u00edpravy na \u0161tart \u010dasovky na Tour de France 2013?<\/strong><\/h4>\n<p><em>U\u017e v marci som vedel, \u017ee p\u00f4jdem ako predjazdec v 11. etape. Prebiehala ve\u013emi intenz\u00edvna komunik\u00e1cia s organiz\u00e1tormi z A.S.O., v\u0161etko ve\u013emi d\u00f4kladne ladili z\u00e1stupcovia spolo\u010dnosti \u0160koda Auto, ktor\u00e1 bola pre moju \u00fa\u010das\u0165 k\u013e\u00fa\u010dov\u00e1. Nikto presne nevedel, \u010do n\u00e1s \u010dak\u00e1. Napriek tomu sme sa dostali do f\u00e1zy, \u017ee som bol k dispoz\u00edcii aj medzin\u00e1rodn\u00fdm m\u00e9di\u00e1m. S jednodenn\u00fdm predstihom som odcestoval do Franc\u00fazska, ale na mieste sa v\u0161etko zadrhlo.<\/em><\/p>\n<h4><strong>Organiz\u00e1tori sa v\u00e1s b\u00e1li pusti\u0165 na tra\u0165, \u017ee? Paradoxne pre va\u0161u mimoriadnu v\u00fdkonnos\u0165&#8230;<\/strong><\/h4>\n<p><em>I\u0161lo o jubilejn\u00fd 100. ro\u010dn\u00edk Tour de France, na ktor\u00fd bola upriamen\u00e1 obrovsk\u00e1 pozornos\u0165. O desa\u0165 rokov sk\u00f4r \u0161tartoval ako predjazdec pri prol\u00f3gu v uliciach Par\u00ed\u017ea rak\u00fasky ly\u017eiar Hermann Maier. Ale vtedy tra\u0165 merala \u0161es\u0165 a pol kilometra. <\/em><\/p>\n<p><em>V mojom pr\u00edpade i\u0161lo o 33 kilometrov z Avranches k Mont Saint Michel. Ur\u010di\u0165 \u010dasov\u00fd harmonogram bolo n\u00e1ro\u010dn\u00e9. Rie\u0161ili sa bezpe\u010dnostn\u00e9 aspekty, preto\u017ee na trati tradi\u010dne jazdila reklamn\u00e1 karav\u00e1na. A re\u00e1lne hrozilo, \u017ee by som ju dobehol. Preto sa organiz\u00e1tori zdr\u00e1hali ma na tra\u0165 v\u00f4bec pusti\u0165. Ob\u00e1vali sa, \u017ee p\u00f4jdem pr\u00edli\u0161 r\u00fdchlo.<\/em><\/p>\n<h4><strong>Pre\u017e\u00edvali ste dianie pred \u0161tartom intenz\u00edvne?<\/strong><\/h4>\n<p><em>Veril som, \u017ee ma nakoniec na tra\u0165 pustia. Ale nemalo zmysel si zbyto\u010dne za\u0165a\u017eova\u0165 hlavu, aj tak som kone\u010dn\u00fd verdikt nemohol ovplyvni\u0165. Chcel som poda\u0165 najlep\u0161\u00ed v\u00fdkon, ak\u00e9ho som schopn\u00fd. \u0160portov\u00fd aspekt bol pre m\u0148a d\u00f4le\u017eit\u00fd. Rozjazd som absolvoval na trena\u017e\u00e9ri na parkovisku medzi ostatn\u00fdmi autami. Bolo to ve\u013emi hektick\u00e9. A prich\u00e1dzali inform\u00e1cie, \u017ee p\u00f4jdem, potom zase, \u017ee nep\u00f4jdem&#8230; Bol to naozaj zm\u00e4tok. Nebolo to ni\u010d pr\u00edjemn\u00e9, ale ve\u013ek\u00e9 \u017eivotn\u00e9 momenty prin\u00e1\u0161aj\u00fa aj tak\u00e9to situ\u00e1cie.<\/em><\/p>\n<h4><strong>\u010co nakoniec organiz\u00e1torov presved\u010dilo?<\/strong><\/h4>\n<p><em>Ve\u013ek\u00fa \u00falohu ur\u010dite zohrala \u0160koda Auto ako jeden z hlavn\u00fdch sponzorov. A potom m\u00e9di\u00e1. I\u0161lo o prv\u00fd \u0161tart hendikepovan\u00e9ho \u0161portovca na Tour, hoci v \u00falohe predjazdca. Franc\u00fazska telev\u00edzia vysielala u\u017e od r\u00e1na \u0161peci\u00e1lne \u0161t\u00fadio k Tour de France a pred 11. etapou bola moja \u00fa\u010das\u0165 hlavnou t\u00e9mou. Ako hos\u0165 bol v \u0161t\u00fadiu jeden z franc\u00fazskych paralympijsk\u00fdch cyklistov. Pre \u0161port hendikepovan\u00fdch to bola obrovsk\u00e1 glob\u00e1lna udalos\u0165. Nakoniec mali rozhoduj\u00face slovo z\u00e1stupcovia telev\u00edzie, ktor\u00ed povedali, \u017ee zru\u0161enie mojej \u00fa\u010dasti je absol\u00fatne neprijate\u013en\u00e9.<\/em><\/p>\n<figure id=\"attachment_20512\" aria-describedby=\"caption-attachment-20512\" style=\"width: 990px\" class=\"wp-caption alignnone\"><img loading=\"lazy\" decoding=\"async\" class=\"wp-image-20512 size-full\" src=\"https:\/\/d2p6e6u75xmxt8.cloudfront.net\/4\/2025\/06\/Jiri_Jezek_03_1564b58d-1920x1280-1.webp\" alt=\"\" width=\"990\" height=\"660\" srcset=\"https:\/\/d2p6e6u75xmxt8.cloudfront.net\/4\/2025\/06\/Jiri_Jezek_03_1564b58d-1920x1280-1.webp 990w, https:\/\/d2p6e6u75xmxt8.cloudfront.net\/4\/2025\/06\/Jiri_Jezek_03_1564b58d-1920x1280-1-300x200.webp 300w, https:\/\/d2p6e6u75xmxt8.cloudfront.net\/4\/2025\/06\/Jiri_Jezek_03_1564b58d-1920x1280-1-768x512.webp 768w, https:\/\/d2p6e6u75xmxt8.cloudfront.net\/4\/2025\/06\/Jiri_Jezek_03_1564b58d-1920x1280-1-400x267.webp 400w, https:\/\/d2p6e6u75xmxt8.cloudfront.net\/4\/2025\/06\/Jiri_Jezek_03_1564b58d-1920x1280-1-272x182.webp 272w\" sizes=\"auto, (max-width: 990px) 100vw, 990px\" \/><figcaption id=\"caption-attachment-20512\" class=\"wp-caption-text\">Ji\u0159\u00ed Je\u017eek<\/figcaption><\/figure>\n<h4><strong>V\u00e1\u0161 \u0161tart sa vtedy pos\u00faval, ako sa len dalo. Pribl\u00ed\u017eili ste sa na trati k reklamnej karav\u00e1ne?<\/strong><\/h4>\n<p><em>S organiz\u00e1tormi sme boli dohodnut\u00ed, \u017ee ak by som sa reklamnej karav\u00e1ne pr\u00edli\u0161 pribl\u00ed\u017eil a jasne som videl jej posledn\u00e9 vozidl\u00e1, tak by som spomalil. Nakoniec to vy\u0161lo o p\u00e1r sek\u00fand, preto\u017ee karav\u00e1na ne\u0161la a\u017e pod Mont Saint Michel, ale zastavila asi p\u00e4\u0165 kilometrov pred cie\u013eom na ved\u013eaj\u0161ej ceste. Ke\u010f som na kri\u017eovatke odbo\u010doval doprava, videl som, ako parkuj\u00fa posledn\u00e9 aut\u00e1. V\u0161etko vy\u0161lo dokonale, nemusel som spoma\u013eova\u0165.<\/em><\/p>\n<h4><strong>Rozru\u0161ili v\u00e1s udalosti tesne pred \u0161tartom?<\/strong><\/h4>\n<p><em>V\u00f4bec nie. St\u00e1l som v Avranches v \u0161tartovej br\u00e1ne, n\u00e1mestie bolo pln\u00e9 \u013eud\u00ed, b\u00farlivo aplaudovali a ja som si uvedomoval, \u010doho som s\u00fa\u010das\u0165ou. Ak\u00e1 ve\u013ek\u00e1 vec sa mi podarila. Pri\u0161iel za mnou riadite\u013e pretekov Christian Prudhomme a povedal, \u017ee pre Tour de France ide o obrovsk\u00fd prelom. Vysvet\u013eoval, ak\u00e1 pozit\u00edvna udalos\u0165 to je po v\u0161etkom, \u010d\u00edm si Tour pre\u0161la v s\u00favislosti s af\u00e9rou okolo Lancea Armstronga.<\/em><\/p>\n<h4><strong>Nakoniec ste 33 kilometrov zvl\u00e1dli za 43 min\u00fat a 11 sek\u00fand. Boli ste r\u00fdchlej\u0161\u00ed ako traja \u00fa\u010dastn\u00edci Tour de France. Rie\u0161ili ste v\u00fdkon?<\/strong><\/h4>\n<p><em>Ke\u010f som vyrazil na tra\u0165, \u0161liapal som do ped\u00e1lov zo v\u0161etk\u00fdch s\u00edl. Ale pre m\u0148a to bol prv\u00fd priamy kontakt s Tour de France. Nikdy som sa tam predt\u00fdm nebol ani pozrie\u0165. Tak\u017ee som si v\u0161etko u\u017e\u00edval. Karav\u00e1na rozd\u00e1vala fan\u00fa\u0161ikom noviny Tour de France, na ktor\u00fdch titulke som bol. Div\u00e1ci teda vedeli, \u017ee nie som \u017eiadny amat\u00e9r a intenz\u00edvne ma povzbudzovali. Bolo \u0165a\u017ek\u00e9 sa naplno s\u00fastredi\u0165 a nepod\u013eahn\u00fa\u0165 atmosf\u00e9re. Vn\u00edmal som v\u0161etky v\u00f4ne popri trati, napr\u00edklad ako \u013eudia grilovali. Ke\u010f som prech\u00e1dzal cie\u013eom, zvlhli mi o\u010di.<\/em><\/p>\n<h4><strong>U\u017eili ste si vtedy \u010dasovku? Alebo v\u00e1m to v\u0161etko do\u0161lo a\u017e s odstupom?<\/strong><\/h4>\n<p><em>Absol\u00fatne. Pre \u0161port hendikepovan\u00fdch to bol skuto\u010dne obrovsk\u00fd m\u00ed\u013enik. Tour de France sleduj\u00fa aj m\u00e9di\u00e1, ktor\u00e9 sa inak \u0161portu ve\u013emi nevenuj\u00fa. A ja som sa v\u010faka \u0160kode mohol postavi\u0165 na \u0161tart. \u00da\u010das\u0165 na Tour mi urobila obrovsk\u00e9 meno. Na mieste som si ani neuvedomoval, ak\u00e1 prest\u00ed\u017ena vec sa mi podarila, hoci som poskytol desiatky rozhovorov. <\/em><\/p>\n<p><em>Ako bonus som absolvoval \u010dasovku e\u0161te raz v sprievodnom vozidle za Tonym Martinom, ktor\u00fd bol v ten de\u0148 najr\u00fdchlej\u0161\u00ed. Stretli sme sa na p\u00f3diu, preto\u017ee som odovzd\u00e1val dresy pre najlep\u0161\u00edch pretek\u00e1rov d\u0148a. V bielom drese \u0160koda Auto i\u0161iel Michal Kwiatkowski, zelen\u00fd mal Peter Sagan. Stretli sme sa p\u00e1r t\u00fd\u017ed\u0148ov predt\u00fdm na cestn\u00fdch majstrovstv\u00e1ch republiky v Dubnici. Pod Mont Saint Michel na m\u0148a pozeral neveriaco a vyh\u0155kol: \u201aTy, \u010do tu rob\u00ed\u0161?\u2018<\/em><\/p>\n<\/div>\n<\/div>\n<\/div>\n<\/div>\n<\/div>\n<\/div>\n","protected":false},"excerpt":{"rendered":"<p>Je \u0161es\u0165n\u00e1sobn\u00fdm majstrom sveta. \u0160es\u0165kr\u00e1t z\u00edskal zlat\u00fa medailu na paralympijsk\u00fdch hr\u00e1ch. A teraz sa mal sta\u0165 s\u00fa\u010das\u0165ou najv\u00e4\u010d\u0161\u00edch cyklistick\u00fdch pretekov [&hellip;]<\/p>\n","protected":false},"author":172,"featured_media":20511,"comment_status":"closed","ping_status":"closed","sticky":false,"template":"","format":"standard","meta":{"footnotes":""},"categories":[63,117],"tags":[115,597,546,331,876,532,767,931,746,37,179,885,501,256,20],"global-categories":[1074],"class_list":["post-20510","post","type-post","status-publish","format-standard","has-post-thumbnail","hentry","category-grand-tour","category-tour-de-france","tag-cestna-cyklistika","tag-cyklista","tag-cyklistika","tag-etapove-preteky","tag-historia","tag-jazdenie","tag-motivacia","tag-odporucame","tag-paracyklistika","tag-podujatia","tag-preteky","tag-profesional","tag-rozhovor","tag-sezona","tag-tour-de-france","global-categories-cycling"],"yoast_head":"<!-- This site is optimized with the Yoast SEO Premium plugin v25.3 (Yoast SEO v25.9) - https:\/\/yoast.com\/wordpress\/plugins\/seo\/ -->\n<title>Ji\u0159\u00ed Je\u017eek a rok 2013: Hlavne nech nejde pr\u00edli\u0161 r\u00fdchlo! - \u0160koda We Love Cycling Slovensko<\/title>\n<meta name=\"description\" content=\"\u0160es\u0165n\u00e1sobn\u00fd majster sveta. \u0160es\u0165n\u00e1sobn\u00fd v\u00ed\u0165az paraolympijsk\u00fdch hier. Teraz sa mal sta\u0165 s\u00fa\u010das\u0165ou najv\u00e4\u010d\u0161\u00edch cyklistick\u00fdch pretekov plan\u00e9ty.\" \/>\n<meta name=\"robots\" content=\"index, follow, max-snippet:-1, max-image-preview:large, max-video-preview:-1\" \/>\n<link rel=\"canonical\" href=\"https:\/\/www.welovecycling.com\/sk\/2025\/06\/18\/jiri-jezek-a-rok-2013-hlavne-nech-nejde-prilis-rychlo\/\" \/>\n<meta property=\"og:locale\" content=\"sk_SK\" \/>\n<meta property=\"og:type\" content=\"article\" \/>\n<meta property=\"og:title\" content=\"Ji\u0159\u00ed Je\u017eek a rok 2013: Hlavne nech nejde pr\u00edli\u0161 r\u00fdchlo!\" \/>\n<meta property=\"og:description\" content=\"\u0160es\u0165n\u00e1sobn\u00fd majster sveta. \u0160es\u0165n\u00e1sobn\u00fd v\u00ed\u0165az paraolympijsk\u00fdch hier. Teraz sa mal sta\u0165 s\u00fa\u010das\u0165ou najv\u00e4\u010d\u0161\u00edch cyklistick\u00fdch pretekov plan\u00e9ty.\" \/>\n<meta property=\"og:url\" content=\"https:\/\/www.welovecycling.com\/sk\/2025\/06\/18\/jiri-jezek-a-rok-2013-hlavne-nech-nejde-prilis-rychlo\/\" \/>\n<meta property=\"og:site_name\" content=\"\u0160koda We Love Cycling Slovensko\" \/>\n<meta property=\"article:published_time\" content=\"2025-06-18T08:00:41+00:00\" \/>\n<meta property=\"og:image\" content=\"https:\/\/d2p6e6u75xmxt8.cloudfront.net\/4\/2025\/06\/2013-jezek_6a97aad7-1920x1080-1.webp\" \/>\n\t<meta property=\"og:image:width\" content=\"990\" \/>\n\t<meta property=\"og:image:height\" content=\"660\" \/>\n\t<meta property=\"og:image:type\" content=\"image\/webp\" \/>\n<meta name=\"author\" content=\"dominika\" \/>\n<meta name=\"twitter:card\" content=\"summary_large_image\" \/>\n<meta name=\"twitter:label1\" content=\"Written by\" \/>\n\t<meta name=\"twitter:data1\" content=\"We Love Cycling\" \/>\n\t<meta name=\"twitter:label2\" content=\"Est. reading time\" \/>\n\t<meta name=\"twitter:data2\" content=\"5\" \/>\n<script type=\"application\/ld+json\" class=\"yoast-schema-graph\">{\"@context\":\"https:\/\/schema.org\",\"@graph\":[{\"@type\":\"WebPage\",\"@id\":\"https:\/\/www.welovecycling.com\/sk\/2025\/06\/18\/jiri-jezek-a-rok-2013-hlavne-nech-nejde-prilis-rychlo\/\",\"url\":\"https:\/\/www.welovecycling.com\/sk\/2025\/06\/18\/jiri-jezek-a-rok-2013-hlavne-nech-nejde-prilis-rychlo\/\",\"name\":\"Ji\u0159\u00ed Je\u017eek a rok 2013: Hlavne nech nejde pr\u00edli\u0161 r\u00fdchlo! - \u0160koda We Love Cycling Slovensko\",\"isPartOf\":{\"@id\":\"https:\/\/www.welovecycling.com\/sk\/#website\"},\"primaryImageOfPage\":{\"@id\":\"https:\/\/www.welovecycling.com\/sk\/2025\/06\/18\/jiri-jezek-a-rok-2013-hlavne-nech-nejde-prilis-rychlo\/#primaryimage\"},\"image\":{\"@id\":\"https:\/\/www.welovecycling.com\/sk\/2025\/06\/18\/jiri-jezek-a-rok-2013-hlavne-nech-nejde-prilis-rychlo\/#primaryimage\"},\"thumbnailUrl\":\"https:\/\/d2p6e6u75xmxt8.cloudfront.net\/4\/2025\/06\/2013-jezek_6a97aad7-1920x1080-1.webp\",\"datePublished\":\"2025-06-18T08:00:41+00:00\",\"author\":{\"@id\":\"https:\/\/www.welovecycling.com\/sk\/#\/schema\/person\/533b62b98b6c41bd5135ebfb1f742624\"},\"description\":\"\u0160es\u0165n\u00e1sobn\u00fd majster sveta. \u0160es\u0165n\u00e1sobn\u00fd v\u00ed\u0165az paraolympijsk\u00fdch hier. Teraz sa mal sta\u0165 s\u00fa\u010das\u0165ou najv\u00e4\u010d\u0161\u00edch cyklistick\u00fdch pretekov plan\u00e9ty.\",\"breadcrumb\":{\"@id\":\"https:\/\/www.welovecycling.com\/sk\/2025\/06\/18\/jiri-jezek-a-rok-2013-hlavne-nech-nejde-prilis-rychlo\/#breadcrumb\"},\"inLanguage\":\"sk-SK\",\"potentialAction\":[{\"@type\":\"ReadAction\",\"target\":[\"https:\/\/www.welovecycling.com\/sk\/2025\/06\/18\/jiri-jezek-a-rok-2013-hlavne-nech-nejde-prilis-rychlo\/\"]}]},{\"@type\":\"ImageObject\",\"inLanguage\":\"sk-SK\",\"@id\":\"https:\/\/www.welovecycling.com\/sk\/2025\/06\/18\/jiri-jezek-a-rok-2013-hlavne-nech-nejde-prilis-rychlo\/#primaryimage\",\"url\":\"https:\/\/d2p6e6u75xmxt8.cloudfront.net\/4\/2025\/06\/2013-jezek_6a97aad7-1920x1080-1.webp\",\"contentUrl\":\"https:\/\/d2p6e6u75xmxt8.cloudfront.net\/4\/2025\/06\/2013-jezek_6a97aad7-1920x1080-1.webp\",\"width\":990,\"height\":660},{\"@type\":\"BreadcrumbList\",\"@id\":\"https:\/\/www.welovecycling.com\/sk\/2025\/06\/18\/jiri-jezek-a-rok-2013-hlavne-nech-nejde-prilis-rychlo\/#breadcrumb\",\"itemListElement\":[{\"@type\":\"ListItem\",\"position\":1,\"name\":\"Home\",\"item\":\"https:\/\/www.welovecycling.com\/sk\/\"},{\"@type\":\"ListItem\",\"position\":2,\"name\":\"Ji\u0159\u00ed Je\u017eek a rok 2013: Hlavne nech nejde pr\u00edli\u0161 r\u00fdchlo!\"}]},{\"@type\":\"WebSite\",\"@id\":\"https:\/\/www.welovecycling.com\/sk\/#website\",\"url\":\"https:\/\/www.welovecycling.com\/sk\/\",\"name\":\"\u0160koda We Love Cycling Slovensko\",\"description\":\"\u0160koda We Love Cycling Slovensko je v\u00e1\u0161 ka\u017edodenn\u00fd zdroj noviniek a in\u0161pir\u00e1cie z sveta cyklistiky\",\"potentialAction\":[{\"@type\":\"SearchAction\",\"target\":{\"@type\":\"EntryPoint\",\"urlTemplate\":\"https:\/\/www.welovecycling.com\/sk\/?s={search_term_string}\"},\"query-input\":{\"@type\":\"PropertyValueSpecification\",\"valueRequired\":true,\"valueName\":\"search_term_string\"}}],\"inLanguage\":\"sk-SK\"},{\"@type\":\"Person\",\"@id\":\"https:\/\/www.welovecycling.com\/sk\/#\/schema\/person\/533b62b98b6c41bd5135ebfb1f742624\",\"name\":\"dominika\",\"image\":{\"@type\":\"ImageObject\",\"inLanguage\":\"sk-SK\",\"@id\":\"https:\/\/www.welovecycling.com\/sk\/#\/schema\/person\/image\/\",\"url\":\"https:\/\/secure.gravatar.com\/avatar\/ded6f274ba2ec3e17fff153f7d9d96a4b33c2cb63907f75d9a5309c599a7f3e6?s=96&d=mm&r=g\",\"contentUrl\":\"https:\/\/secure.gravatar.com\/avatar\/ded6f274ba2ec3e17fff153f7d9d96a4b33c2cb63907f75d9a5309c599a7f3e6?s=96&d=mm&r=g\",\"caption\":\"dominika\"},\"url\":\"https:\/\/www.welovecycling.com\/sk\/author\/dominika\/\"}]}<\/script>\n<!-- \/ Yoast SEO Premium plugin. -->","yoast_head_json":{"title":"Ji\u0159\u00ed Je\u017eek a rok 2013: Hlavne nech nejde pr\u00edli\u0161 r\u00fdchlo! - \u0160koda We Love Cycling Slovensko","description":"\u0160es\u0165n\u00e1sobn\u00fd majster sveta. \u0160es\u0165n\u00e1sobn\u00fd v\u00ed\u0165az paraolympijsk\u00fdch hier. Teraz sa mal sta\u0165 s\u00fa\u010das\u0165ou najv\u00e4\u010d\u0161\u00edch cyklistick\u00fdch pretekov plan\u00e9ty.","robots":{"index":"index","follow":"follow","max-snippet":"max-snippet:-1","max-image-preview":"max-image-preview:large","max-video-preview":"max-video-preview:-1"},"canonical":"https:\/\/www.welovecycling.com\/sk\/2025\/06\/18\/jiri-jezek-a-rok-2013-hlavne-nech-nejde-prilis-rychlo\/","og_locale":"sk_SK","og_type":"article","og_title":"Ji\u0159\u00ed Je\u017eek a rok 2013: Hlavne nech nejde pr\u00edli\u0161 r\u00fdchlo!","og_description":"\u0160es\u0165n\u00e1sobn\u00fd majster sveta. \u0160es\u0165n\u00e1sobn\u00fd v\u00ed\u0165az paraolympijsk\u00fdch hier. Teraz sa mal sta\u0165 s\u00fa\u010das\u0165ou najv\u00e4\u010d\u0161\u00edch cyklistick\u00fdch pretekov plan\u00e9ty.","og_url":"https:\/\/www.welovecycling.com\/sk\/2025\/06\/18\/jiri-jezek-a-rok-2013-hlavne-nech-nejde-prilis-rychlo\/","og_site_name":"\u0160koda We Love Cycling Slovensko","article_published_time":"2025-06-18T08:00:41+00:00","og_image":[{"width":990,"height":660,"url":"https:\/\/d2p6e6u75xmxt8.cloudfront.net\/4\/2025\/06\/2013-jezek_6a97aad7-1920x1080-1.webp","type":"image\/webp"}],"author":"dominika","twitter_card":"summary_large_image","twitter_misc":{"Written by":"We Love Cycling","Est. reading time":"5"},"schema":{"@context":"https:\/\/schema.org","@graph":[{"@type":"WebPage","@id":"https:\/\/www.welovecycling.com\/sk\/2025\/06\/18\/jiri-jezek-a-rok-2013-hlavne-nech-nejde-prilis-rychlo\/","url":"https:\/\/www.welovecycling.com\/sk\/2025\/06\/18\/jiri-jezek-a-rok-2013-hlavne-nech-nejde-prilis-rychlo\/","name":"Ji\u0159\u00ed Je\u017eek a rok 2013: Hlavne nech nejde pr\u00edli\u0161 r\u00fdchlo! - \u0160koda We Love Cycling Slovensko","isPartOf":{"@id":"https:\/\/www.welovecycling.com\/sk\/#website"},"primaryImageOfPage":{"@id":"https:\/\/www.welovecycling.com\/sk\/2025\/06\/18\/jiri-jezek-a-rok-2013-hlavne-nech-nejde-prilis-rychlo\/#primaryimage"},"image":{"@id":"https:\/\/www.welovecycling.com\/sk\/2025\/06\/18\/jiri-jezek-a-rok-2013-hlavne-nech-nejde-prilis-rychlo\/#primaryimage"},"thumbnailUrl":"https:\/\/d2p6e6u75xmxt8.cloudfront.net\/4\/2025\/06\/2013-jezek_6a97aad7-1920x1080-1.webp","datePublished":"2025-06-18T08:00:41+00:00","author":{"@id":"https:\/\/www.welovecycling.com\/sk\/#\/schema\/person\/533b62b98b6c41bd5135ebfb1f742624"},"description":"\u0160es\u0165n\u00e1sobn\u00fd majster sveta. \u0160es\u0165n\u00e1sobn\u00fd v\u00ed\u0165az paraolympijsk\u00fdch hier. Teraz sa mal sta\u0165 s\u00fa\u010das\u0165ou najv\u00e4\u010d\u0161\u00edch cyklistick\u00fdch pretekov plan\u00e9ty.","breadcrumb":{"@id":"https:\/\/www.welovecycling.com\/sk\/2025\/06\/18\/jiri-jezek-a-rok-2013-hlavne-nech-nejde-prilis-rychlo\/#breadcrumb"},"inLanguage":"sk-SK","potentialAction":[{"@type":"ReadAction","target":["https:\/\/www.welovecycling.com\/sk\/2025\/06\/18\/jiri-jezek-a-rok-2013-hlavne-nech-nejde-prilis-rychlo\/"]}]},{"@type":"ImageObject","inLanguage":"sk-SK","@id":"https:\/\/www.welovecycling.com\/sk\/2025\/06\/18\/jiri-jezek-a-rok-2013-hlavne-nech-nejde-prilis-rychlo\/#primaryimage","url":"https:\/\/d2p6e6u75xmxt8.cloudfront.net\/4\/2025\/06\/2013-jezek_6a97aad7-1920x1080-1.webp","contentUrl":"https:\/\/d2p6e6u75xmxt8.cloudfront.net\/4\/2025\/06\/2013-jezek_6a97aad7-1920x1080-1.webp","width":990,"height":660},{"@type":"BreadcrumbList","@id":"https:\/\/www.welovecycling.com\/sk\/2025\/06\/18\/jiri-jezek-a-rok-2013-hlavne-nech-nejde-prilis-rychlo\/#breadcrumb","itemListElement":[{"@type":"ListItem","position":1,"name":"Home","item":"https:\/\/www.welovecycling.com\/sk\/"},{"@type":"ListItem","position":2,"name":"Ji\u0159\u00ed Je\u017eek a rok 2013: Hlavne nech nejde pr\u00edli\u0161 r\u00fdchlo!"}]},{"@type":"WebSite","@id":"https:\/\/www.welovecycling.com\/sk\/#website","url":"https:\/\/www.welovecycling.com\/sk\/","name":"\u0160koda We Love Cycling Slovensko","description":"\u0160koda We Love Cycling Slovensko je v\u00e1\u0161 ka\u017edodenn\u00fd zdroj noviniek a in\u0161pir\u00e1cie z sveta cyklistiky","potentialAction":[{"@type":"SearchAction","target":{"@type":"EntryPoint","urlTemplate":"https:\/\/www.welovecycling.com\/sk\/?s={search_term_string}"},"query-input":{"@type":"PropertyValueSpecification","valueRequired":true,"valueName":"search_term_string"}}],"inLanguage":"sk-SK"},{"@type":"Person","@id":"https:\/\/www.welovecycling.com\/sk\/#\/schema\/person\/533b62b98b6c41bd5135ebfb1f742624","name":"dominika","image":{"@type":"ImageObject","inLanguage":"sk-SK","@id":"https:\/\/www.welovecycling.com\/sk\/#\/schema\/person\/image\/","url":"https:\/\/secure.gravatar.com\/avatar\/ded6f274ba2ec3e17fff153f7d9d96a4b33c2cb63907f75d9a5309c599a7f3e6?s=96&d=mm&r=g","contentUrl":"https:\/\/secure.gravatar.com\/avatar\/ded6f274ba2ec3e17fff153f7d9d96a4b33c2cb63907f75d9a5309c599a7f3e6?s=96&d=mm&r=g","caption":"dominika"},"url":"https:\/\/www.welovecycling.com\/sk\/author\/dominika\/"}]}},"_links":{"self":[{"href":"https:\/\/www.welovecycling.com\/sk\/wp-json\/wp\/v2\/posts\/20510","targetHints":{"allow":["GET"]}}],"collection":[{"href":"https:\/\/www.welovecycling.com\/sk\/wp-json\/wp\/v2\/posts"}],"about":[{"href":"https:\/\/www.welovecycling.com\/sk\/wp-json\/wp\/v2\/types\/post"}],"author":[{"embeddable":true,"href":"https:\/\/www.welovecycling.com\/sk\/wp-json\/wp\/v2\/users\/172"}],"replies":[{"embeddable":true,"href":"https:\/\/www.welovecycling.com\/sk\/wp-json\/wp\/v2\/comments?post=20510"}],"version-history":[{"count":4,"href":"https:\/\/www.welovecycling.com\/sk\/wp-json\/wp\/v2\/posts\/20510\/revisions"}],"predecessor-version":[{"id":20516,"href":"https:\/\/www.welovecycling.com\/sk\/wp-json\/wp\/v2\/posts\/20510\/revisions\/20516"}],"wp:featuredmedia":[{"embeddable":true,"href":"https:\/\/www.welovecycling.com\/sk\/wp-json\/wp\/v2\/media\/20511"}],"wp:attachment":[{"href":"https:\/\/www.welovecycling.com\/sk\/wp-json\/wp\/v2\/media?parent=20510"}],"wp:term":[{"taxonomy":"category","embeddable":true,"href":"https:\/\/www.welovecycling.com\/sk\/wp-json\/wp\/v2\/categories?post=20510"},{"taxonomy":"post_tag","embeddable":true,"href":"https:\/\/www.welovecycling.com\/sk\/wp-json\/wp\/v2\/tags?post=20510"},{"taxonomy":"global-categories","embeddable":true,"href":"https:\/\/www.welovecycling.com\/sk\/wp-json\/wp\/v2\/global-categories?post=20510"}],"curies":[{"name":"wp","href":"https:\/\/api.w.org\/{rel}","templated":true}]}}