{"id":20487,"date":"2025-06-16T14:00:26","date_gmt":"2025-06-16T12:00:26","guid":{"rendered":"https:\/\/www.welovecycling.com\/sk\/?p=20487"},"modified":"2025-06-16T11:13:04","modified_gmt":"2025-06-16T09:13:04","slug":"pozvanka-skoda-mtb-cyklomaraton-topolcianky-vinarsky-raj-singlacov","status":"publish","type":"post","link":"https:\/\/www.welovecycling.com\/sk\/2025\/06\/16\/pozvanka-skoda-mtb-cyklomaraton-topolcianky-vinarsky-raj-singlacov\/","title":{"rendered":"Pozv\u00e1nka: \u0160KODA MTB cyklomarat\u00f3n Topo\u013e\u010dianky &#8211; vin\u00e1rsky raj singl\u00e1\u010dov"},"content":{"rendered":"<p><strong>\u010eal\u0161ie kolo s\u00e9rie n\u00e1s \u010dak\u00e1 na ob\u013e\u00faben\u00fdch tras\u00e1ch a singl\u00e1\u010dov pri Topo\u013e\u010diankach.\u00a0<\/strong><\/p>\n<p><!--more--><\/p>\n<p><span style=\"font-weight: 400;\">Jazdcom ve\u013emi zn\u00e1ma a popul\u00e1rna tra\u0165 aj v\u010faka svojmu charakteru. Tento rok <strong>sa v Topo\u013e\u010diankach stretneme 28. j\u00fana<\/strong>, na futbalovom ihrisku. M\u00e1me necel\u00fd mesiac na pr\u00edpravu, tak\u017ee e\u0161te potr\u00e9nova\u0165 a prinies\u0165 si v sobotu so sebou dobr\u00fa n\u00e1ladu a k\u013eudne aj cel\u00fa rodinu, zabavia sa v\u0161etci.\u00a0<\/span><\/p>\n<div id='gallery-1' class='gallery galleryid-20487 gallery-columns-2 gallery-size-full'><figure class='gallery-item'>\n\t\t\t<div class='gallery-icon landscape'>\n\t\t\t\t<a href='https:\/\/d2p6e6u75xmxt8.cloudfront.net\/4\/2025\/06\/02_WLC_TO.webp'><img loading=\"lazy\" decoding=\"async\" width=\"1397\" height=\"932\" src=\"https:\/\/d2p6e6u75xmxt8.cloudfront.net\/4\/2025\/06\/02_WLC_TO.webp\" class=\"attachment-full size-full\" alt=\"\" srcset=\"https:\/\/d2p6e6u75xmxt8.cloudfront.net\/4\/2025\/06\/02_WLC_TO.webp 1397w, https:\/\/d2p6e6u75xmxt8.cloudfront.net\/4\/2025\/06\/02_WLC_TO-300x200.webp 300w, https:\/\/d2p6e6u75xmxt8.cloudfront.net\/4\/2025\/06\/02_WLC_TO-1024x683.webp 1024w, https:\/\/d2p6e6u75xmxt8.cloudfront.net\/4\/2025\/06\/02_WLC_TO-768x512.webp 768w, https:\/\/d2p6e6u75xmxt8.cloudfront.net\/4\/2025\/06\/02_WLC_TO-400x267.webp 400w, https:\/\/d2p6e6u75xmxt8.cloudfront.net\/4\/2025\/06\/02_WLC_TO-272x182.webp 272w\" sizes=\"auto, (max-width: 1397px) 100vw, 1397px\" \/><\/a>\n\t\t\t<\/div><\/figure><figure class='gallery-item'>\n\t\t\t<div class='gallery-icon landscape'>\n\t\t\t\t<a href='https:\/\/d2p6e6u75xmxt8.cloudfront.net\/4\/2025\/06\/03_WLC_TO.webp'><img loading=\"lazy\" decoding=\"async\" width=\"1415\" height=\"936\" src=\"https:\/\/d2p6e6u75xmxt8.cloudfront.net\/4\/2025\/06\/03_WLC_TO.webp\" class=\"attachment-full size-full\" alt=\"\" srcset=\"https:\/\/d2p6e6u75xmxt8.cloudfront.net\/4\/2025\/06\/03_WLC_TO.webp 1415w, https:\/\/d2p6e6u75xmxt8.cloudfront.net\/4\/2025\/06\/03_WLC_TO-300x198.webp 300w, https:\/\/d2p6e6u75xmxt8.cloudfront.net\/4\/2025\/06\/03_WLC_TO-1024x677.webp 1024w, https:\/\/d2p6e6u75xmxt8.cloudfront.net\/4\/2025\/06\/03_WLC_TO-768x508.webp 768w, https:\/\/d2p6e6u75xmxt8.cloudfront.net\/4\/2025\/06\/03_WLC_TO-400x265.webp 400w\" sizes=\"auto, (max-width: 1415px) 100vw, 1415px\" \/><\/a>\n\t\t\t<\/div><\/figure>\n\t\t<\/div>\n\n<h2><strong>Propoz\u00edcie<\/strong><\/h2>\n<p><span style=\"font-weight: 400;\">Cel\u00e9 podujatie sa bude kona\u0165 v are\u00e1li Tatranu Topo\u013e\u010dianky. <strong>Pretek\u00e1rov \u010dak\u00e1 kvalitn\u00e9 z\u00e1zemie so v\u0161etk\u00fdmi slu\u017ebami<\/strong>, ako je um\u00fdvanie bicyklov, sprchy a samozrejme dostatok parkovacieho miesta pre v\u0161etk\u00fdch. Deti si m\u00f4\u017eu u\u017ei\u0165 pekn\u00fd v\u00edkend na koniec \u0161kolsk\u00e9ho roku. Tradi\u010dnou s\u00fa\u010das\u0165ou bude mal\u00e1 v\u00fdstavn\u00e1 expo z\u00f3na od partnerov podujatia. Vyhl\u00e1senie v\u00fdsledkov prebehne po 15. hodine a potom sa m\u00f4\u017eete te\u0161i\u0165 na bohat\u00fa tombolu.<\/span><\/p>\n<h2><span style=\"font-weight: 400;\"><a href=\"https:\/\/d2p6e6u75xmxt8.cloudfront.net\/4\/2025\/06\/04_WLC_TO.webp\"><img loading=\"lazy\" decoding=\"async\" class=\"alignnone size-full wp-image-20491\" src=\"https:\/\/d2p6e6u75xmxt8.cloudfront.net\/4\/2025\/06\/04_WLC_TO.webp\" alt=\"\" width=\"1407\" height=\"938\" srcset=\"https:\/\/d2p6e6u75xmxt8.cloudfront.net\/4\/2025\/06\/04_WLC_TO.webp 1407w, https:\/\/d2p6e6u75xmxt8.cloudfront.net\/4\/2025\/06\/04_WLC_TO-300x200.webp 300w, https:\/\/d2p6e6u75xmxt8.cloudfront.net\/4\/2025\/06\/04_WLC_TO-1024x683.webp 1024w, https:\/\/d2p6e6u75xmxt8.cloudfront.net\/4\/2025\/06\/04_WLC_TO-768x512.webp 768w, https:\/\/d2p6e6u75xmxt8.cloudfront.net\/4\/2025\/06\/04_WLC_TO-400x267.webp 400w, https:\/\/d2p6e6u75xmxt8.cloudfront.net\/4\/2025\/06\/04_WLC_TO-272x182.webp 272w\" sizes=\"auto, (max-width: 1407px) 100vw, 1407px\" \/><\/a><\/span><strong>Prihl\u00e1senie<\/strong><\/h2>\n<p><span style=\"font-weight: 400;\">To prebieha <\/span><a href=\"https:\/\/registrace.sportsoft.cz\/main.aspx?e=3209&amp;lng=sk\" target=\"_blank\" rel=\"noopener\"><span style=\"font-weight: 400;\">online formou<\/span><\/a><span style=\"font-weight: 400;\"> s aktu\u00e1lnou sumou<strong> 30 eur za \u0161tartovn\u00e9 do 22. j\u00fana<\/strong>, ktor\u00e9 m\u00f4\u017eete uhradi\u0165 cez platobn\u00fa br\u00e1nu online. Prezent\u00e1cia pretekov bude prebieha\u0165 v piatok 27. j\u00fana od 18:00 do 20:00. V sobotu v de\u0148 pretekov od 8:00 do 30 min\u00fat pred \u0161tartom jednotliv\u00fdch trat\u00ed v priestoroch Tatranu Topo\u013e\u010dianky.<\/span><\/p>\n<p><a href=\"https:\/\/d2p6e6u75xmxt8.cloudfront.net\/4\/2025\/06\/05_WLC_TO.webp\"><img loading=\"lazy\" decoding=\"async\" class=\"alignnone size-full wp-image-20495\" src=\"https:\/\/d2p6e6u75xmxt8.cloudfront.net\/4\/2025\/06\/05_WLC_TO.webp\" alt=\"\" width=\"1410\" height=\"940\" srcset=\"https:\/\/d2p6e6u75xmxt8.cloudfront.net\/4\/2025\/06\/05_WLC_TO.webp 1410w, https:\/\/d2p6e6u75xmxt8.cloudfront.net\/4\/2025\/06\/05_WLC_TO-300x200.webp 300w, https:\/\/d2p6e6u75xmxt8.cloudfront.net\/4\/2025\/06\/05_WLC_TO-1024x683.webp 1024w, https:\/\/d2p6e6u75xmxt8.cloudfront.net\/4\/2025\/06\/05_WLC_TO-768x512.webp 768w, https:\/\/d2p6e6u75xmxt8.cloudfront.net\/4\/2025\/06\/05_WLC_TO-400x267.webp 400w, https:\/\/d2p6e6u75xmxt8.cloudfront.net\/4\/2025\/06\/05_WLC_TO-272x182.webp 272w\" sizes=\"auto, (max-width: 1410px) 100vw, 1410px\" \/><\/a><\/p>\n<h2><strong>Trate<\/strong><\/h2>\n<p><span style=\"font-weight: 400;\">\u010cakaj\u00fa n\u00e1s 4 trate s r\u00f4znou n\u00e1ro\u010dnos\u0165ou a porciou kilometrov. 66 kilometrov s prev\u00fd\u0161en\u00edm 1500 metrov prekon\u00e1me na dlhej trati. Stredn\u00e1 si pripravila 46 kilometrov s porciou 1150 metrov prev\u00fd\u0161enia a kr\u00e1tka tra\u0165 m\u00e1 450 v\u00fd\u0161kov\u00fdch metrov na d\u013a\u017eke 23 kilometrov. Kateg\u00f3ria \u0160koda FAMILY m\u00e1 tra\u0165 s d\u013a\u017ekou 14 kilometrov a prev\u00fd\u0161en\u00edm slu\u0161n\u00fdch 270 metrov. Trate tvoria r\u00f4zne povrchy od asfaltu, lesn\u00fdch ciest a singl\u00e1\u010dov aj s nejak\u00fdmi technick\u00fdmi \u010das\u0165ami.\u00a0<\/span><\/p>\n<div id='gallery-2' class='gallery galleryid-20487 gallery-columns-2 gallery-size-full'><figure class='gallery-item'>\n\t\t\t<div class='gallery-icon landscape'>\n\t\t\t\t<a href='https:\/\/d2p6e6u75xmxt8.cloudfront.net\/4\/2025\/06\/06_WLC_TO.webp'><img loading=\"lazy\" decoding=\"async\" width=\"1409\" height=\"941\" src=\"https:\/\/d2p6e6u75xmxt8.cloudfront.net\/4\/2025\/06\/06_WLC_TO.webp\" class=\"attachment-full size-full\" alt=\"\" srcset=\"https:\/\/d2p6e6u75xmxt8.cloudfront.net\/4\/2025\/06\/06_WLC_TO.webp 1409w, https:\/\/d2p6e6u75xmxt8.cloudfront.net\/4\/2025\/06\/06_WLC_TO-300x200.webp 300w, https:\/\/d2p6e6u75xmxt8.cloudfront.net\/4\/2025\/06\/06_WLC_TO-1024x684.webp 1024w, https:\/\/d2p6e6u75xmxt8.cloudfront.net\/4\/2025\/06\/06_WLC_TO-768x513.webp 768w, https:\/\/d2p6e6u75xmxt8.cloudfront.net\/4\/2025\/06\/06_WLC_TO-400x267.webp 400w, https:\/\/d2p6e6u75xmxt8.cloudfront.net\/4\/2025\/06\/06_WLC_TO-272x182.webp 272w\" sizes=\"auto, (max-width: 1409px) 100vw, 1409px\" \/><\/a>\n\t\t\t<\/div><\/figure><figure class='gallery-item'>\n\t\t\t<div class='gallery-icon landscape'>\n\t\t\t\t<a href='https:\/\/d2p6e6u75xmxt8.cloudfront.net\/4\/2025\/06\/07_WLC_TO.webp'><img loading=\"lazy\" decoding=\"async\" width=\"1411\" height=\"927\" src=\"https:\/\/d2p6e6u75xmxt8.cloudfront.net\/4\/2025\/06\/07_WLC_TO.webp\" class=\"attachment-full size-full\" alt=\"\" srcset=\"https:\/\/d2p6e6u75xmxt8.cloudfront.net\/4\/2025\/06\/07_WLC_TO.webp 1411w, https:\/\/d2p6e6u75xmxt8.cloudfront.net\/4\/2025\/06\/07_WLC_TO-300x197.webp 300w, https:\/\/d2p6e6u75xmxt8.cloudfront.net\/4\/2025\/06\/07_WLC_TO-1024x673.webp 1024w, https:\/\/d2p6e6u75xmxt8.cloudfront.net\/4\/2025\/06\/07_WLC_TO-768x505.webp 768w, https:\/\/d2p6e6u75xmxt8.cloudfront.net\/4\/2025\/06\/07_WLC_TO-400x263.webp 400w\" sizes=\"auto, (max-width: 1411px) 100vw, 1411px\" \/><\/a>\n\t\t\t<\/div><\/figure>\n\t\t<\/div>\n\n<h2><strong>Kateg\u00f3rie<\/strong><\/h2>\n<p><span style=\"font-weight: 400;\">Na ka\u017edej trati je ve\u013ek\u00e9 mno\u017estvo kateg\u00f3ri\u00ed a v r\u00e1mci Slovensk\u00e9ho poh\u00e1ra bud\u00fa jazdci s licenciou UCI alebo SZC hodnoten\u00ed zvl\u00e1\u0161\u0165. Pre t\u00fdchto pretek\u00e1rov bude vyhraden\u00e1 VIP z\u00f3na, kde bud\u00fa prednostne raden\u00ed, aby nenastali zbyto\u010dn\u00e9 kol\u00edzie s ostatn\u00fdmi \u00fa\u010dastn\u00edkmi pretekov. Pre prv\u00fdch troch v absol\u00fatnom porad\u00ed s\u00fa pripraven\u00e9 aj finan\u010dn\u00e9 odmeny a taktie\u017e mo\u017enos\u0165 z\u00edska\u0165 ocenenie na horskej pr\u00e9mii Kr\u00e1\u013e a Kr\u00e1\u013eovn\u00e1 hradu Hru\u0161ov.<\/span><\/p>\n<p><a href=\"https:\/\/d2p6e6u75xmxt8.cloudfront.net\/4\/2025\/06\/08_WLC_TO.webp\"><img loading=\"lazy\" decoding=\"async\" class=\"alignnone size-full wp-image-20492\" src=\"https:\/\/d2p6e6u75xmxt8.cloudfront.net\/4\/2025\/06\/08_WLC_TO.webp\" alt=\"\" width=\"1409\" height=\"934\" srcset=\"https:\/\/d2p6e6u75xmxt8.cloudfront.net\/4\/2025\/06\/08_WLC_TO.webp 1409w, https:\/\/d2p6e6u75xmxt8.cloudfront.net\/4\/2025\/06\/08_WLC_TO-300x199.webp 300w, https:\/\/d2p6e6u75xmxt8.cloudfront.net\/4\/2025\/06\/08_WLC_TO-1024x679.webp 1024w, https:\/\/d2p6e6u75xmxt8.cloudfront.net\/4\/2025\/06\/08_WLC_TO-768x509.webp 768w, https:\/\/d2p6e6u75xmxt8.cloudfront.net\/4\/2025\/06\/08_WLC_TO-400x265.webp 400w\" sizes=\"auto, (max-width: 1409px) 100vw, 1409px\" \/><\/a><\/p>\n<h2><strong>Na z\u00e1ver<\/strong><\/h2>\n<p><span style=\"font-weight: 400;\">Nev\u00e1hajte a prihl\u00e1ste sa na preteky v kr\u00e1snom prostred\u00ed v okol\u00ed mesta Topo\u013e\u010dianky. Va\u0161u rodinu okrem poriadnej porcie z\u00e1bavy na trati sa v z\u00e1zem\u00ed pretekov zabav\u00ed\u00a0 sprievodn\u00fd program. Viac inform\u00e1ci\u00ed k pretekom n\u00e1jdete v <\/span><a href=\"https:\/\/cyklotopolcianky.sk\/wp-content\/uploads\/2024\/12\/2025_Propozicie_XCM-Topolcianky.pdf\" target=\"_blank\" rel=\"noopener\"><span style=\"font-weight: 400;\">propoz\u00edciach<\/span><\/a><span style=\"font-weight: 400;\"> od organiz\u00e1tora. Vid\u00edme sa na \u0161tarte.\u00a0<\/span><\/p>\n","protected":false},"excerpt":{"rendered":"<p>\u010eal\u0161ie kolo s\u00e9rie n\u00e1s \u010dak\u00e1 na ob\u013e\u00faben\u00fdch tras\u00e1ch a singl\u00e1\u010dov pri Topo\u013e\u010diankach.\u00a0<\/p>\n","protected":false},"author":191,"featured_media":20488,"comment_status":"closed","ping_status":"closed","sticky":false,"template":"","format":"standard","meta":{"footnotes":""},"categories":[33],"tags":[619,546,53,180,767,931,91,179,1643,35],"global-categories":[],"class_list":["post-20487","post","type-post","status-publish","format-standard","has-post-thumbnail","hentry","category-sbot","tag-bicyklovanie","tag-cyklistika","tag-deti","tag-horska-cyklistika","tag-motivacia","tag-odporucame","tag-pozvanka","tag-preteky","tag-sezona-2025","tag-sbot"],"yoast_head":"<!-- This site is optimized with the Yoast SEO Premium plugin v25.3 (Yoast SEO v25.9) - https:\/\/yoast.com\/wordpress\/plugins\/seo\/ -->\n<title>Pozv\u00e1nka: \u0160KODA MTB cyklomarat\u00f3n Topo\u013e\u010dianky - vin\u00e1rsky raj singl\u00e1\u010dov<\/title>\n<meta name=\"description\" content=\"\u010eal\u0161ie kolo tohtoro\u010dnej s\u00e9rie \u0160KODA Bike Open Tour n\u00e1s \u010dak\u00e1 na ob\u013e\u00faben\u00fdch tras\u00e1ch a singl\u00e1\u010dov pri Topo\u013e\u010diankach.\u00a0\" \/>\n<meta name=\"robots\" content=\"index, follow, max-snippet:-1, max-image-preview:large, max-video-preview:-1\" \/>\n<link rel=\"canonical\" href=\"https:\/\/www.welovecycling.com\/sk\/2025\/06\/16\/pozvanka-skoda-mtb-cyklomaraton-topolcianky-vinarsky-raj-singlacov\/\" \/>\n<meta property=\"og:locale\" content=\"sk_SK\" \/>\n<meta property=\"og:type\" content=\"article\" \/>\n<meta property=\"og:title\" content=\"Pozv\u00e1nka: \u0160KODA MTB cyklomarat\u00f3n Topo\u013e\u010dianky - vin\u00e1rsky raj singl\u00e1\u010dov\" \/>\n<meta property=\"og:description\" content=\"\u010eal\u0161ie kolo tohtoro\u010dnej s\u00e9rie \u0160KODA Bike Open Tour n\u00e1s \u010dak\u00e1 na ob\u013e\u00faben\u00fdch tras\u00e1ch a singl\u00e1\u010dov pri Topo\u013e\u010diankach.\u00a0\" \/>\n<meta property=\"og:url\" content=\"https:\/\/www.welovecycling.com\/sk\/2025\/06\/16\/pozvanka-skoda-mtb-cyklomaraton-topolcianky-vinarsky-raj-singlacov\/\" \/>\n<meta property=\"og:site_name\" content=\"\u0160koda We Love Cycling Slovensko\" \/>\n<meta property=\"article:published_time\" content=\"2025-06-16T12:00:26+00:00\" \/>\n<meta property=\"og:image\" content=\"https:\/\/d2p6e6u75xmxt8.cloudfront.net\/4\/2025\/06\/01_WLC_TO.webp\" \/>\n\t<meta property=\"og:image:width\" content=\"1408\" \/>\n\t<meta property=\"og:image:height\" content=\"929\" \/>\n\t<meta property=\"og:image:type\" content=\"image\/webp\" \/>\n<meta name=\"author\" content=\"michal\" \/>\n<meta name=\"twitter:card\" content=\"summary_large_image\" \/>\n<meta name=\"twitter:label1\" content=\"Written by\" \/>\n\t<meta name=\"twitter:data1\" content=\"We Love Cycling\" \/>\n\t<meta name=\"twitter:label2\" content=\"Est. reading time\" \/>\n\t<meta name=\"twitter:data2\" content=\"2\" \/>\n<script type=\"application\/ld+json\" class=\"yoast-schema-graph\">{\"@context\":\"https:\/\/schema.org\",\"@graph\":[{\"@type\":\"WebPage\",\"@id\":\"https:\/\/www.welovecycling.com\/sk\/2025\/06\/16\/pozvanka-skoda-mtb-cyklomaraton-topolcianky-vinarsky-raj-singlacov\/\",\"url\":\"https:\/\/www.welovecycling.com\/sk\/2025\/06\/16\/pozvanka-skoda-mtb-cyklomaraton-topolcianky-vinarsky-raj-singlacov\/\",\"name\":\"Pozv\u00e1nka: \u0160KODA MTB cyklomarat\u00f3n Topo\u013e\u010dianky - vin\u00e1rsky raj singl\u00e1\u010dov\",\"isPartOf\":{\"@id\":\"https:\/\/www.welovecycling.com\/sk\/#website\"},\"primaryImageOfPage\":{\"@id\":\"https:\/\/www.welovecycling.com\/sk\/2025\/06\/16\/pozvanka-skoda-mtb-cyklomaraton-topolcianky-vinarsky-raj-singlacov\/#primaryimage\"},\"image\":{\"@id\":\"https:\/\/www.welovecycling.com\/sk\/2025\/06\/16\/pozvanka-skoda-mtb-cyklomaraton-topolcianky-vinarsky-raj-singlacov\/#primaryimage\"},\"thumbnailUrl\":\"https:\/\/d2p6e6u75xmxt8.cloudfront.net\/4\/2025\/06\/01_WLC_TO.webp\",\"datePublished\":\"2025-06-16T12:00:26+00:00\",\"author\":{\"@id\":\"https:\/\/www.welovecycling.com\/sk\/#\/schema\/person\/45e989de48eace55eb338c027dc5a65e\"},\"description\":\"\u010eal\u0161ie kolo tohtoro\u010dnej s\u00e9rie \u0160KODA Bike Open Tour n\u00e1s \u010dak\u00e1 na ob\u013e\u00faben\u00fdch tras\u00e1ch a singl\u00e1\u010dov pri Topo\u013e\u010diankach.\u00a0\",\"breadcrumb\":{\"@id\":\"https:\/\/www.welovecycling.com\/sk\/2025\/06\/16\/pozvanka-skoda-mtb-cyklomaraton-topolcianky-vinarsky-raj-singlacov\/#breadcrumb\"},\"inLanguage\":\"sk-SK\",\"potentialAction\":[{\"@type\":\"ReadAction\",\"target\":[\"https:\/\/www.welovecycling.com\/sk\/2025\/06\/16\/pozvanka-skoda-mtb-cyklomaraton-topolcianky-vinarsky-raj-singlacov\/\"]}]},{\"@type\":\"ImageObject\",\"inLanguage\":\"sk-SK\",\"@id\":\"https:\/\/www.welovecycling.com\/sk\/2025\/06\/16\/pozvanka-skoda-mtb-cyklomaraton-topolcianky-vinarsky-raj-singlacov\/#primaryimage\",\"url\":\"https:\/\/d2p6e6u75xmxt8.cloudfront.net\/4\/2025\/06\/01_WLC_TO.webp\",\"contentUrl\":\"https:\/\/d2p6e6u75xmxt8.cloudfront.net\/4\/2025\/06\/01_WLC_TO.webp\",\"width\":1408,\"height\":929},{\"@type\":\"BreadcrumbList\",\"@id\":\"https:\/\/www.welovecycling.com\/sk\/2025\/06\/16\/pozvanka-skoda-mtb-cyklomaraton-topolcianky-vinarsky-raj-singlacov\/#breadcrumb\",\"itemListElement\":[{\"@type\":\"ListItem\",\"position\":1,\"name\":\"Home\",\"item\":\"https:\/\/www.welovecycling.com\/sk\/\"},{\"@type\":\"ListItem\",\"position\":2,\"name\":\"Pozv\u00e1nka: \u0160KODA MTB cyklomarat\u00f3n Topo\u013e\u010dianky &#8211; vin\u00e1rsky raj singl\u00e1\u010dov\"}]},{\"@type\":\"WebSite\",\"@id\":\"https:\/\/www.welovecycling.com\/sk\/#website\",\"url\":\"https:\/\/www.welovecycling.com\/sk\/\",\"name\":\"\u0160koda We Love Cycling Slovensko\",\"description\":\"\u0160koda We Love Cycling Slovensko je v\u00e1\u0161 ka\u017edodenn\u00fd zdroj noviniek a in\u0161pir\u00e1cie z sveta cyklistiky\",\"potentialAction\":[{\"@type\":\"SearchAction\",\"target\":{\"@type\":\"EntryPoint\",\"urlTemplate\":\"https:\/\/www.welovecycling.com\/sk\/?s={search_term_string}\"},\"query-input\":{\"@type\":\"PropertyValueSpecification\",\"valueRequired\":true,\"valueName\":\"search_term_string\"}}],\"inLanguage\":\"sk-SK\"},{\"@type\":\"Person\",\"@id\":\"https:\/\/www.welovecycling.com\/sk\/#\/schema\/person\/45e989de48eace55eb338c027dc5a65e\",\"name\":\"michal\",\"image\":{\"@type\":\"ImageObject\",\"inLanguage\":\"sk-SK\",\"@id\":\"https:\/\/www.welovecycling.com\/sk\/#\/schema\/person\/image\/\",\"url\":\"https:\/\/secure.gravatar.com\/avatar\/7f8deb1af8506a5f53d1b779436f546bce1c8c40c09780107ad3811c7dc4bbcb?s=96&d=mm&r=g\",\"contentUrl\":\"https:\/\/secure.gravatar.com\/avatar\/7f8deb1af8506a5f53d1b779436f546bce1c8c40c09780107ad3811c7dc4bbcb?s=96&d=mm&r=g\",\"caption\":\"michal\"},\"url\":\"https:\/\/www.welovecycling.com\/sk\/author\/michal\/\"}]}<\/script>\n<!-- \/ Yoast SEO Premium plugin. -->","yoast_head_json":{"title":"Pozv\u00e1nka: \u0160KODA MTB cyklomarat\u00f3n Topo\u013e\u010dianky - vin\u00e1rsky raj singl\u00e1\u010dov","description":"\u010eal\u0161ie kolo tohtoro\u010dnej s\u00e9rie \u0160KODA Bike Open Tour n\u00e1s \u010dak\u00e1 na ob\u013e\u00faben\u00fdch tras\u00e1ch a singl\u00e1\u010dov pri Topo\u013e\u010diankach.\u00a0","robots":{"index":"index","follow":"follow","max-snippet":"max-snippet:-1","max-image-preview":"max-image-preview:large","max-video-preview":"max-video-preview:-1"},"canonical":"https:\/\/www.welovecycling.com\/sk\/2025\/06\/16\/pozvanka-skoda-mtb-cyklomaraton-topolcianky-vinarsky-raj-singlacov\/","og_locale":"sk_SK","og_type":"article","og_title":"Pozv\u00e1nka: \u0160KODA MTB cyklomarat\u00f3n Topo\u013e\u010dianky - vin\u00e1rsky raj singl\u00e1\u010dov","og_description":"\u010eal\u0161ie kolo tohtoro\u010dnej s\u00e9rie \u0160KODA Bike Open Tour n\u00e1s \u010dak\u00e1 na ob\u013e\u00faben\u00fdch tras\u00e1ch a singl\u00e1\u010dov pri Topo\u013e\u010diankach.\u00a0","og_url":"https:\/\/www.welovecycling.com\/sk\/2025\/06\/16\/pozvanka-skoda-mtb-cyklomaraton-topolcianky-vinarsky-raj-singlacov\/","og_site_name":"\u0160koda We Love Cycling Slovensko","article_published_time":"2025-06-16T12:00:26+00:00","og_image":[{"width":1408,"height":929,"url":"https:\/\/d2p6e6u75xmxt8.cloudfront.net\/4\/2025\/06\/01_WLC_TO.webp","type":"image\/webp"}],"author":"michal","twitter_card":"summary_large_image","twitter_misc":{"Written by":"We Love Cycling","Est. reading time":"2"},"schema":{"@context":"https:\/\/schema.org","@graph":[{"@type":"WebPage","@id":"https:\/\/www.welovecycling.com\/sk\/2025\/06\/16\/pozvanka-skoda-mtb-cyklomaraton-topolcianky-vinarsky-raj-singlacov\/","url":"https:\/\/www.welovecycling.com\/sk\/2025\/06\/16\/pozvanka-skoda-mtb-cyklomaraton-topolcianky-vinarsky-raj-singlacov\/","name":"Pozv\u00e1nka: \u0160KODA MTB cyklomarat\u00f3n Topo\u013e\u010dianky - vin\u00e1rsky raj singl\u00e1\u010dov","isPartOf":{"@id":"https:\/\/www.welovecycling.com\/sk\/#website"},"primaryImageOfPage":{"@id":"https:\/\/www.welovecycling.com\/sk\/2025\/06\/16\/pozvanka-skoda-mtb-cyklomaraton-topolcianky-vinarsky-raj-singlacov\/#primaryimage"},"image":{"@id":"https:\/\/www.welovecycling.com\/sk\/2025\/06\/16\/pozvanka-skoda-mtb-cyklomaraton-topolcianky-vinarsky-raj-singlacov\/#primaryimage"},"thumbnailUrl":"https:\/\/d2p6e6u75xmxt8.cloudfront.net\/4\/2025\/06\/01_WLC_TO.webp","datePublished":"2025-06-16T12:00:26+00:00","author":{"@id":"https:\/\/www.welovecycling.com\/sk\/#\/schema\/person\/45e989de48eace55eb338c027dc5a65e"},"description":"\u010eal\u0161ie kolo tohtoro\u010dnej s\u00e9rie \u0160KODA Bike Open Tour n\u00e1s \u010dak\u00e1 na ob\u013e\u00faben\u00fdch tras\u00e1ch a singl\u00e1\u010dov pri Topo\u013e\u010diankach.\u00a0","breadcrumb":{"@id":"https:\/\/www.welovecycling.com\/sk\/2025\/06\/16\/pozvanka-skoda-mtb-cyklomaraton-topolcianky-vinarsky-raj-singlacov\/#breadcrumb"},"inLanguage":"sk-SK","potentialAction":[{"@type":"ReadAction","target":["https:\/\/www.welovecycling.com\/sk\/2025\/06\/16\/pozvanka-skoda-mtb-cyklomaraton-topolcianky-vinarsky-raj-singlacov\/"]}]},{"@type":"ImageObject","inLanguage":"sk-SK","@id":"https:\/\/www.welovecycling.com\/sk\/2025\/06\/16\/pozvanka-skoda-mtb-cyklomaraton-topolcianky-vinarsky-raj-singlacov\/#primaryimage","url":"https:\/\/d2p6e6u75xmxt8.cloudfront.net\/4\/2025\/06\/01_WLC_TO.webp","contentUrl":"https:\/\/d2p6e6u75xmxt8.cloudfront.net\/4\/2025\/06\/01_WLC_TO.webp","width":1408,"height":929},{"@type":"BreadcrumbList","@id":"https:\/\/www.welovecycling.com\/sk\/2025\/06\/16\/pozvanka-skoda-mtb-cyklomaraton-topolcianky-vinarsky-raj-singlacov\/#breadcrumb","itemListElement":[{"@type":"ListItem","position":1,"name":"Home","item":"https:\/\/www.welovecycling.com\/sk\/"},{"@type":"ListItem","position":2,"name":"Pozv\u00e1nka: \u0160KODA MTB cyklomarat\u00f3n Topo\u013e\u010dianky &#8211; vin\u00e1rsky raj singl\u00e1\u010dov"}]},{"@type":"WebSite","@id":"https:\/\/www.welovecycling.com\/sk\/#website","url":"https:\/\/www.welovecycling.com\/sk\/","name":"\u0160koda We Love Cycling Slovensko","description":"\u0160koda We Love Cycling Slovensko je v\u00e1\u0161 ka\u017edodenn\u00fd zdroj noviniek a in\u0161pir\u00e1cie z sveta cyklistiky","potentialAction":[{"@type":"SearchAction","target":{"@type":"EntryPoint","urlTemplate":"https:\/\/www.welovecycling.com\/sk\/?s={search_term_string}"},"query-input":{"@type":"PropertyValueSpecification","valueRequired":true,"valueName":"search_term_string"}}],"inLanguage":"sk-SK"},{"@type":"Person","@id":"https:\/\/www.welovecycling.com\/sk\/#\/schema\/person\/45e989de48eace55eb338c027dc5a65e","name":"michal","image":{"@type":"ImageObject","inLanguage":"sk-SK","@id":"https:\/\/www.welovecycling.com\/sk\/#\/schema\/person\/image\/","url":"https:\/\/secure.gravatar.com\/avatar\/7f8deb1af8506a5f53d1b779436f546bce1c8c40c09780107ad3811c7dc4bbcb?s=96&d=mm&r=g","contentUrl":"https:\/\/secure.gravatar.com\/avatar\/7f8deb1af8506a5f53d1b779436f546bce1c8c40c09780107ad3811c7dc4bbcb?s=96&d=mm&r=g","caption":"michal"},"url":"https:\/\/www.welovecycling.com\/sk\/author\/michal\/"}]}},"_links":{"self":[{"href":"https:\/\/www.welovecycling.com\/sk\/wp-json\/wp\/v2\/posts\/20487","targetHints":{"allow":["GET"]}}],"collection":[{"href":"https:\/\/www.welovecycling.com\/sk\/wp-json\/wp\/v2\/posts"}],"about":[{"href":"https:\/\/www.welovecycling.com\/sk\/wp-json\/wp\/v2\/types\/post"}],"author":[{"embeddable":true,"href":"https:\/\/www.welovecycling.com\/sk\/wp-json\/wp\/v2\/users\/191"}],"replies":[{"embeddable":true,"href":"https:\/\/www.welovecycling.com\/sk\/wp-json\/wp\/v2\/comments?post=20487"}],"version-history":[{"count":4,"href":"https:\/\/www.welovecycling.com\/sk\/wp-json\/wp\/v2\/posts\/20487\/revisions"}],"predecessor-version":[{"id":20500,"href":"https:\/\/www.welovecycling.com\/sk\/wp-json\/wp\/v2\/posts\/20487\/revisions\/20500"}],"wp:featuredmedia":[{"embeddable":true,"href":"https:\/\/www.welovecycling.com\/sk\/wp-json\/wp\/v2\/media\/20488"}],"wp:attachment":[{"href":"https:\/\/www.welovecycling.com\/sk\/wp-json\/wp\/v2\/media?parent=20487"}],"wp:term":[{"taxonomy":"category","embeddable":true,"href":"https:\/\/www.welovecycling.com\/sk\/wp-json\/wp\/v2\/categories?post=20487"},{"taxonomy":"post_tag","embeddable":true,"href":"https:\/\/www.welovecycling.com\/sk\/wp-json\/wp\/v2\/tags?post=20487"},{"taxonomy":"global-categories","embeddable":true,"href":"https:\/\/www.welovecycling.com\/sk\/wp-json\/wp\/v2\/global-categories?post=20487"}],"curies":[{"name":"wp","href":"https:\/\/api.w.org\/{rel}","templated":true}]}}