{"id":20475,"date":"2025-06-13T10:00:24","date_gmt":"2025-06-13T08:00:24","guid":{"rendered":"https:\/\/www.welovecycling.com\/sk\/?p=20475"},"modified":"2025-06-13T09:06:35","modified_gmt":"2025-06-13T07:06:35","slug":"spravna-hydratacia-co-a-kedy-pit-na-bicykli","status":"publish","type":"post","link":"https:\/\/www.welovecycling.com\/sk\/2025\/06\/13\/spravna-hydratacia-co-a-kedy-pit-na-bicykli\/","title":{"rendered":"Spr\u00e1vna hydrat\u00e1cia: \u010do a kedy pi\u0165 na bicykli?"},"content":{"rendered":"<p><strong>Z\u00e1kladom vytrvalostn\u00fdch \u0161portov je okrem kvalitn\u00e9ho tr\u00e9ningu aj dobre po\u010das v\u00fdkonu pi\u0165 a jes\u0165. Dnes sa pozrieme, ako spr\u00e1vne hydratova\u0165 telo.<\/strong><!--more--><span style=\"font-weight: 400;\">Prv\u00fdm a z\u00e1kladn\u00fdm bodom po k\u00fape bicykla je k\u00fapa ko\u0161\u00edka a f\u013ea\u0161e na bicykel. Ka\u017ed\u00fd z n\u00e1s si po\u010das pekn\u00fdch tepl\u00fdch dn\u00ed so sebou vezme aspo\u0148 jednu f\u013ea\u0161u, \u010do predstavuje 500 a\u017e 750 ml vody. Pr\u00e1ve \u010dasom a prib\u00fadaj\u00facimi kilometrami zist\u00edme, \u017ee <strong>okrem \u010distej vody si vieme so sebou vzia\u0165 iontov\u00e9 n\u00e1poje alebo \u0161peci\u00e1lne tablety s miner\u00e1lmi.\u00a0<\/strong><\/span><\/p>\n<h2><img loading=\"lazy\" decoding=\"async\" class=\"alignnone size-full wp-image-20477\" src=\"https:\/\/d2p6e6u75xmxt8.cloudfront.net\/4\/2025\/06\/02_hydratacia.webp\" alt=\"\" width=\"990\" height=\"660\" srcset=\"https:\/\/d2p6e6u75xmxt8.cloudfront.net\/4\/2025\/06\/02_hydratacia.webp 990w, https:\/\/d2p6e6u75xmxt8.cloudfront.net\/4\/2025\/06\/02_hydratacia-300x200.webp 300w, https:\/\/d2p6e6u75xmxt8.cloudfront.net\/4\/2025\/06\/02_hydratacia-768x512.webp 768w, https:\/\/d2p6e6u75xmxt8.cloudfront.net\/4\/2025\/06\/02_hydratacia-400x267.webp 400w, https:\/\/d2p6e6u75xmxt8.cloudfront.net\/4\/2025\/06\/02_hydratacia-272x182.webp 272w\" sizes=\"auto, (max-width: 990px) 100vw, 990px\" \/><\/h2>\n<h2><strong>Kedy energia a kedy miner\u00e1ly?<\/strong><\/h2>\n<p><span style=\"font-weight: 400;\">Pr\u00e1ve v za\u010diatkoch dost\u00e1vame ve\u013ea inform\u00e1ci\u00ed, ale nevieme, \u010do m\u00f4\u017ee by\u0165 pre n\u00e1s lep\u0161ie. V r\u00e1mci cyklistiky mnoho \u013eud\u00ed po nejakom \u010dase trp\u00ed na k\u0155\u010de svalov doln\u00fdch kon\u010dat\u00edn. V tomto pr\u00edpade by sa n\u00e1m hodilo dop\u013a\u0148a\u0165 miner\u00e1ly (elektrolyty) \u2013 <strong>pri \u0161t\u00fadi\u00e1ch, ktor\u00e9 sk\u00famali profesion\u00e1lov, doplnenie miner\u00e1lnych l\u00e1tok eliminovalo k\u0155\u010de.\u00a0<\/strong><\/span><\/p>\n<p><span style=\"font-weight: 400;\">Je jedno, \u010di sme sk\u00fasen\u00ed cyklisti alebo za\u010diato\u010dn\u00edci, ale na dlh\u0161\u00edch jazd\u00e1ch by n\u00e1m nemali ch\u00fdba\u0165 miner\u00e1ly v bidone. Ak aj nem\u00e1me probl\u00e9m s k\u0155\u010dmi, na\u0161e telo sa aj v\u010faka miner\u00e1lom lep\u0161ie hydratuje a po v\u00fdjazde dok\u00e1\u017ee telo r\u00fdchlej\u0161ie regenerova\u0165.\u00a0<\/span><\/p>\n<h2><img loading=\"lazy\" decoding=\"async\" class=\"alignnone size-full wp-image-20478\" src=\"https:\/\/d2p6e6u75xmxt8.cloudfront.net\/4\/2025\/06\/03_hydratacia.webp\" alt=\"\" width=\"990\" height=\"660\" srcset=\"https:\/\/d2p6e6u75xmxt8.cloudfront.net\/4\/2025\/06\/03_hydratacia.webp 990w, https:\/\/d2p6e6u75xmxt8.cloudfront.net\/4\/2025\/06\/03_hydratacia-300x200.webp 300w, https:\/\/d2p6e6u75xmxt8.cloudfront.net\/4\/2025\/06\/03_hydratacia-768x512.webp 768w, https:\/\/d2p6e6u75xmxt8.cloudfront.net\/4\/2025\/06\/03_hydratacia-400x267.webp 400w, https:\/\/d2p6e6u75xmxt8.cloudfront.net\/4\/2025\/06\/03_hydratacia-272x182.webp 272w\" sizes=\"auto, (max-width: 990px) 100vw, 990px\" \/><\/h2>\n<h2><strong>Energia<\/strong><\/h2>\n<p><span style=\"font-weight: 400;\">Dnes si vieme okrem energetick\u00fdch ty\u010diniek a g\u00e9lov namie\u0161a\u0165 do bidonu iontov\u00fd n\u00e1poj.<strong> Ten vie v dne\u0161nej dobe pon\u00faknu\u0165 a\u017e 80 gramov sacharidov na jednu porciu.<\/strong> V tomto pr\u00edpade je u\u017e lep\u0161ie, ak m\u00e1me v r\u00e1me dva ko\u0161\u00edky. V\u00fdhoda iontov\u00e9ho n\u00e1poja je, \u017ee ak absolvujeme n\u00e1ro\u010dn\u00fd v\u00fdjazd s ve\u013ek\u00fdm prev\u00fd\u0161en\u00edm a d\u013a\u017ekou, na\u0161e telo potrebuje sacharidy ako palivo, a tak ho vieme doplni\u0165 aj vo forme tekutiny.\u00a0<\/span><\/p>\n<p><img loading=\"lazy\" decoding=\"async\" class=\"alignnone size-full wp-image-20479\" src=\"https:\/\/d2p6e6u75xmxt8.cloudfront.net\/4\/2025\/06\/04_hydratacia.webp\" alt=\"\" width=\"990\" height=\"660\" srcset=\"https:\/\/d2p6e6u75xmxt8.cloudfront.net\/4\/2025\/06\/04_hydratacia.webp 990w, https:\/\/d2p6e6u75xmxt8.cloudfront.net\/4\/2025\/06\/04_hydratacia-300x200.webp 300w, https:\/\/d2p6e6u75xmxt8.cloudfront.net\/4\/2025\/06\/04_hydratacia-768x512.webp 768w, https:\/\/d2p6e6u75xmxt8.cloudfront.net\/4\/2025\/06\/04_hydratacia-400x267.webp 400w, https:\/\/d2p6e6u75xmxt8.cloudfront.net\/4\/2025\/06\/04_hydratacia-272x182.webp 272w\" sizes=\"auto, (max-width: 990px) 100vw, 990px\" \/><\/p>\n<p><span style=\"font-weight: 400;\">Taktie\u017e sa v\u00fdborne hod\u00ed do pretekov\u00e9ho tempa. Pri vysokej intenzite, alebo pri n\u00e1ro\u010dn\u00fdch MTB marat\u00f3noch nie je priestor ani \u010das da\u0165 si g\u00e9l. <strong>V na\u0161om pr\u00edpade sa treba hlavne pozera\u0165 na obsah sacharidov v gramoch.\u00a0 aby sme si vedeli prer\u00e1ta\u0165 prijat\u00e9 mno\u017estvo na hodinu v\u00fdjazdu.<\/strong><\/span><\/p>\n<h2><strong>Ako to teda kombinova\u0165 a \u010do a kedy pi\u0165?<\/strong><\/h2>\n<p><span style=\"font-weight: 400;\"><strong>Pri \u013eahkom rodinnom v\u00fdjazde na hr\u00e1dzi n\u00e1m sta\u010d\u00ed \u010dist\u00e1 voda.<\/strong> Ak m\u00e1me v pl\u00e1ne \u013eahk\u00fd v\u00fdjazd v zvlnenom ter\u00e9ne, doplnil by som ur\u010dite miner\u00e1ly pre lep\u0161iu hydrat\u00e1ciu a n\u00e1sledn\u00fa regener\u00e1ciu. Pri dlh\u00fdch v\u00fdletoch by som ur\u010dite siahol po iontovom n\u00e1poji. Druh\u00e1 f\u013ea\u0161a m\u00f4\u017ee by\u0165 \u010dist\u00e1 voda a v z\u00e1lohe m\u00f4\u017eeme ma\u0165 tabletu, ktor\u00fa si vieme zarobi\u0165 po\u010das v\u00fdjazdu, a tak doplni\u0165 miner\u00e1ly.\u00a0<\/span><\/p>\n","protected":false},"excerpt":{"rendered":"<p>Z\u00e1kladom vytrvalostn\u00fdch \u0161portov je okrem kvalitn\u00e9ho tr\u00e9ningu aj dobre po\u010das v\u00fdkonu pi\u0165 a jes\u0165. Dnes sa pozrieme, ako spr\u00e1vne hydratova\u0165 [&hellip;]<\/p>\n","protected":false},"author":172,"featured_media":20476,"comment_status":"closed","ping_status":"closed","sticky":false,"template":"","format":"standard","meta":{"footnotes":""},"categories":[2],"tags":[619,529,115,180,952,532,665,931,161,623],"global-categories":[1074],"class_list":["post-20475","post","type-post","status-publish","format-standard","has-post-thumbnail","hentry","category-zdravie-trening","tag-bicyklovanie","tag-bolest","tag-cestna-cyklistika","tag-horska-cyklistika","tag-hydratacia","tag-jazdenie","tag-napoj","tag-odporucame","tag-zdravie","tag-zdravy-zivotny-styl","global-categories-cycling"],"yoast_head":"<!-- This site is optimized with the Yoast SEO Premium plugin v25.3 (Yoast SEO v25.9) - https:\/\/yoast.com\/wordpress\/plugins\/seo\/ -->\n<title>Spr\u00e1vna hydrat\u00e1cia: \u010do a kedy pi\u0165 na bicykli? - \u0160koda We Love Cycling Slovensko<\/title>\n<meta name=\"description\" content=\"Z\u00e1kladom vytrvalostn\u00fdch \u0161portov je okrem kvalitn\u00e9ho tr\u00e9ningu aj dobre po\u010das v\u00fdkonu pi\u0165 a jes\u0165. Dnes sa pozrieme, ako spr\u00e1vne hydratova\u0165 telo.\" \/>\n<meta name=\"robots\" content=\"index, follow, max-snippet:-1, max-image-preview:large, max-video-preview:-1\" \/>\n<link rel=\"canonical\" href=\"https:\/\/www.welovecycling.com\/sk\/2025\/06\/13\/spravna-hydratacia-co-a-kedy-pit-na-bicykli\/\" \/>\n<meta property=\"og:locale\" content=\"sk_SK\" \/>\n<meta property=\"og:type\" content=\"article\" \/>\n<meta property=\"og:title\" content=\"Spr\u00e1vna hydrat\u00e1cia: \u010do a kedy pi\u0165 na bicykli?\" \/>\n<meta property=\"og:description\" content=\"Z\u00e1kladom vytrvalostn\u00fdch \u0161portov je okrem kvalitn\u00e9ho tr\u00e9ningu aj dobre po\u010das v\u00fdkonu pi\u0165 a jes\u0165. Dnes sa pozrieme, ako spr\u00e1vne hydratova\u0165 telo.\" \/>\n<meta property=\"og:url\" content=\"https:\/\/www.welovecycling.com\/sk\/2025\/06\/13\/spravna-hydratacia-co-a-kedy-pit-na-bicykli\/\" \/>\n<meta property=\"og:site_name\" content=\"\u0160koda We Love Cycling Slovensko\" \/>\n<meta property=\"article:published_time\" content=\"2025-06-13T08:00:24+00:00\" \/>\n<meta property=\"og:image\" content=\"https:\/\/d2p6e6u75xmxt8.cloudfront.net\/4\/2025\/06\/01_hydratacia.webp\" \/>\n\t<meta property=\"og:image:width\" content=\"990\" \/>\n\t<meta property=\"og:image:height\" content=\"660\" \/>\n\t<meta property=\"og:image:type\" content=\"image\/webp\" \/>\n<meta name=\"author\" content=\"dominika\" \/>\n<meta name=\"twitter:card\" content=\"summary_large_image\" \/>\n<meta name=\"twitter:label1\" content=\"Written by\" \/>\n\t<meta name=\"twitter:data1\" content=\"Filip Skali\u010dan\" \/>\n\t<meta name=\"twitter:label2\" content=\"Est. reading time\" \/>\n\t<meta name=\"twitter:data2\" content=\"2\" \/>\n<script type=\"application\/ld+json\" class=\"yoast-schema-graph\">{\"@context\":\"https:\/\/schema.org\",\"@graph\":[{\"@type\":\"WebPage\",\"@id\":\"https:\/\/www.welovecycling.com\/sk\/2025\/06\/13\/spravna-hydratacia-co-a-kedy-pit-na-bicykli\/\",\"url\":\"https:\/\/www.welovecycling.com\/sk\/2025\/06\/13\/spravna-hydratacia-co-a-kedy-pit-na-bicykli\/\",\"name\":\"Spr\u00e1vna hydrat\u00e1cia: \u010do a kedy pi\u0165 na bicykli? - \u0160koda We Love Cycling Slovensko\",\"isPartOf\":{\"@id\":\"https:\/\/www.welovecycling.com\/sk\/#website\"},\"primaryImageOfPage\":{\"@id\":\"https:\/\/www.welovecycling.com\/sk\/2025\/06\/13\/spravna-hydratacia-co-a-kedy-pit-na-bicykli\/#primaryimage\"},\"image\":{\"@id\":\"https:\/\/www.welovecycling.com\/sk\/2025\/06\/13\/spravna-hydratacia-co-a-kedy-pit-na-bicykli\/#primaryimage\"},\"thumbnailUrl\":\"https:\/\/d2p6e6u75xmxt8.cloudfront.net\/4\/2025\/06\/01_hydratacia.webp\",\"datePublished\":\"2025-06-13T08:00:24+00:00\",\"author\":{\"@id\":\"https:\/\/www.welovecycling.com\/sk\/#\/schema\/person\/533b62b98b6c41bd5135ebfb1f742624\"},\"description\":\"Z\u00e1kladom vytrvalostn\u00fdch \u0161portov je okrem kvalitn\u00e9ho tr\u00e9ningu aj dobre po\u010das v\u00fdkonu pi\u0165 a jes\u0165. Dnes sa pozrieme, ako spr\u00e1vne hydratova\u0165 telo.\",\"breadcrumb\":{\"@id\":\"https:\/\/www.welovecycling.com\/sk\/2025\/06\/13\/spravna-hydratacia-co-a-kedy-pit-na-bicykli\/#breadcrumb\"},\"inLanguage\":\"sk-SK\",\"potentialAction\":[{\"@type\":\"ReadAction\",\"target\":[\"https:\/\/www.welovecycling.com\/sk\/2025\/06\/13\/spravna-hydratacia-co-a-kedy-pit-na-bicykli\/\"]}]},{\"@type\":\"ImageObject\",\"inLanguage\":\"sk-SK\",\"@id\":\"https:\/\/www.welovecycling.com\/sk\/2025\/06\/13\/spravna-hydratacia-co-a-kedy-pit-na-bicykli\/#primaryimage\",\"url\":\"https:\/\/d2p6e6u75xmxt8.cloudfront.net\/4\/2025\/06\/01_hydratacia.webp\",\"contentUrl\":\"https:\/\/d2p6e6u75xmxt8.cloudfront.net\/4\/2025\/06\/01_hydratacia.webp\",\"width\":990,\"height\":660},{\"@type\":\"BreadcrumbList\",\"@id\":\"https:\/\/www.welovecycling.com\/sk\/2025\/06\/13\/spravna-hydratacia-co-a-kedy-pit-na-bicykli\/#breadcrumb\",\"itemListElement\":[{\"@type\":\"ListItem\",\"position\":1,\"name\":\"Home\",\"item\":\"https:\/\/www.welovecycling.com\/sk\/\"},{\"@type\":\"ListItem\",\"position\":2,\"name\":\"Spr\u00e1vna hydrat\u00e1cia: \u010do a kedy pi\u0165 na bicykli?\"}]},{\"@type\":\"WebSite\",\"@id\":\"https:\/\/www.welovecycling.com\/sk\/#website\",\"url\":\"https:\/\/www.welovecycling.com\/sk\/\",\"name\":\"\u0160koda We Love Cycling Slovensko\",\"description\":\"\u0160koda We Love Cycling Slovensko je v\u00e1\u0161 ka\u017edodenn\u00fd zdroj noviniek a in\u0161pir\u00e1cie z sveta cyklistiky\",\"potentialAction\":[{\"@type\":\"SearchAction\",\"target\":{\"@type\":\"EntryPoint\",\"urlTemplate\":\"https:\/\/www.welovecycling.com\/sk\/?s={search_term_string}\"},\"query-input\":{\"@type\":\"PropertyValueSpecification\",\"valueRequired\":true,\"valueName\":\"search_term_string\"}}],\"inLanguage\":\"sk-SK\"},{\"@type\":\"Person\",\"@id\":\"https:\/\/www.welovecycling.com\/sk\/#\/schema\/person\/533b62b98b6c41bd5135ebfb1f742624\",\"name\":\"dominika\",\"image\":{\"@type\":\"ImageObject\",\"inLanguage\":\"sk-SK\",\"@id\":\"https:\/\/www.welovecycling.com\/sk\/#\/schema\/person\/image\/\",\"url\":\"https:\/\/secure.gravatar.com\/avatar\/ded6f274ba2ec3e17fff153f7d9d96a4b33c2cb63907f75d9a5309c599a7f3e6?s=96&d=mm&r=g\",\"contentUrl\":\"https:\/\/secure.gravatar.com\/avatar\/ded6f274ba2ec3e17fff153f7d9d96a4b33c2cb63907f75d9a5309c599a7f3e6?s=96&d=mm&r=g\",\"caption\":\"dominika\"},\"url\":\"https:\/\/www.welovecycling.com\/sk\/author\/dominika\/\"}]}<\/script>\n<!-- \/ Yoast SEO Premium plugin. -->","yoast_head_json":{"title":"Spr\u00e1vna hydrat\u00e1cia: \u010do a kedy pi\u0165 na bicykli? - \u0160koda We Love Cycling Slovensko","description":"Z\u00e1kladom vytrvalostn\u00fdch \u0161portov je okrem kvalitn\u00e9ho tr\u00e9ningu aj dobre po\u010das v\u00fdkonu pi\u0165 a jes\u0165. Dnes sa pozrieme, ako spr\u00e1vne hydratova\u0165 telo.","robots":{"index":"index","follow":"follow","max-snippet":"max-snippet:-1","max-image-preview":"max-image-preview:large","max-video-preview":"max-video-preview:-1"},"canonical":"https:\/\/www.welovecycling.com\/sk\/2025\/06\/13\/spravna-hydratacia-co-a-kedy-pit-na-bicykli\/","og_locale":"sk_SK","og_type":"article","og_title":"Spr\u00e1vna hydrat\u00e1cia: \u010do a kedy pi\u0165 na bicykli?","og_description":"Z\u00e1kladom vytrvalostn\u00fdch \u0161portov je okrem kvalitn\u00e9ho tr\u00e9ningu aj dobre po\u010das v\u00fdkonu pi\u0165 a jes\u0165. Dnes sa pozrieme, ako spr\u00e1vne hydratova\u0165 telo.","og_url":"https:\/\/www.welovecycling.com\/sk\/2025\/06\/13\/spravna-hydratacia-co-a-kedy-pit-na-bicykli\/","og_site_name":"\u0160koda We Love Cycling Slovensko","article_published_time":"2025-06-13T08:00:24+00:00","og_image":[{"width":990,"height":660,"url":"https:\/\/d2p6e6u75xmxt8.cloudfront.net\/4\/2025\/06\/01_hydratacia.webp","type":"image\/webp"}],"author":"dominika","twitter_card":"summary_large_image","twitter_misc":{"Written by":"Filip Skali\u010dan","Est. reading time":"2"},"schema":{"@context":"https:\/\/schema.org","@graph":[{"@type":"WebPage","@id":"https:\/\/www.welovecycling.com\/sk\/2025\/06\/13\/spravna-hydratacia-co-a-kedy-pit-na-bicykli\/","url":"https:\/\/www.welovecycling.com\/sk\/2025\/06\/13\/spravna-hydratacia-co-a-kedy-pit-na-bicykli\/","name":"Spr\u00e1vna hydrat\u00e1cia: \u010do a kedy pi\u0165 na bicykli? - \u0160koda We Love Cycling Slovensko","isPartOf":{"@id":"https:\/\/www.welovecycling.com\/sk\/#website"},"primaryImageOfPage":{"@id":"https:\/\/www.welovecycling.com\/sk\/2025\/06\/13\/spravna-hydratacia-co-a-kedy-pit-na-bicykli\/#primaryimage"},"image":{"@id":"https:\/\/www.welovecycling.com\/sk\/2025\/06\/13\/spravna-hydratacia-co-a-kedy-pit-na-bicykli\/#primaryimage"},"thumbnailUrl":"https:\/\/d2p6e6u75xmxt8.cloudfront.net\/4\/2025\/06\/01_hydratacia.webp","datePublished":"2025-06-13T08:00:24+00:00","author":{"@id":"https:\/\/www.welovecycling.com\/sk\/#\/schema\/person\/533b62b98b6c41bd5135ebfb1f742624"},"description":"Z\u00e1kladom vytrvalostn\u00fdch \u0161portov je okrem kvalitn\u00e9ho tr\u00e9ningu aj dobre po\u010das v\u00fdkonu pi\u0165 a jes\u0165. Dnes sa pozrieme, ako spr\u00e1vne hydratova\u0165 telo.","breadcrumb":{"@id":"https:\/\/www.welovecycling.com\/sk\/2025\/06\/13\/spravna-hydratacia-co-a-kedy-pit-na-bicykli\/#breadcrumb"},"inLanguage":"sk-SK","potentialAction":[{"@type":"ReadAction","target":["https:\/\/www.welovecycling.com\/sk\/2025\/06\/13\/spravna-hydratacia-co-a-kedy-pit-na-bicykli\/"]}]},{"@type":"ImageObject","inLanguage":"sk-SK","@id":"https:\/\/www.welovecycling.com\/sk\/2025\/06\/13\/spravna-hydratacia-co-a-kedy-pit-na-bicykli\/#primaryimage","url":"https:\/\/d2p6e6u75xmxt8.cloudfront.net\/4\/2025\/06\/01_hydratacia.webp","contentUrl":"https:\/\/d2p6e6u75xmxt8.cloudfront.net\/4\/2025\/06\/01_hydratacia.webp","width":990,"height":660},{"@type":"BreadcrumbList","@id":"https:\/\/www.welovecycling.com\/sk\/2025\/06\/13\/spravna-hydratacia-co-a-kedy-pit-na-bicykli\/#breadcrumb","itemListElement":[{"@type":"ListItem","position":1,"name":"Home","item":"https:\/\/www.welovecycling.com\/sk\/"},{"@type":"ListItem","position":2,"name":"Spr\u00e1vna hydrat\u00e1cia: \u010do a kedy pi\u0165 na bicykli?"}]},{"@type":"WebSite","@id":"https:\/\/www.welovecycling.com\/sk\/#website","url":"https:\/\/www.welovecycling.com\/sk\/","name":"\u0160koda We Love Cycling Slovensko","description":"\u0160koda We Love Cycling Slovensko je v\u00e1\u0161 ka\u017edodenn\u00fd zdroj noviniek a in\u0161pir\u00e1cie z sveta cyklistiky","potentialAction":[{"@type":"SearchAction","target":{"@type":"EntryPoint","urlTemplate":"https:\/\/www.welovecycling.com\/sk\/?s={search_term_string}"},"query-input":{"@type":"PropertyValueSpecification","valueRequired":true,"valueName":"search_term_string"}}],"inLanguage":"sk-SK"},{"@type":"Person","@id":"https:\/\/www.welovecycling.com\/sk\/#\/schema\/person\/533b62b98b6c41bd5135ebfb1f742624","name":"dominika","image":{"@type":"ImageObject","inLanguage":"sk-SK","@id":"https:\/\/www.welovecycling.com\/sk\/#\/schema\/person\/image\/","url":"https:\/\/secure.gravatar.com\/avatar\/ded6f274ba2ec3e17fff153f7d9d96a4b33c2cb63907f75d9a5309c599a7f3e6?s=96&d=mm&r=g","contentUrl":"https:\/\/secure.gravatar.com\/avatar\/ded6f274ba2ec3e17fff153f7d9d96a4b33c2cb63907f75d9a5309c599a7f3e6?s=96&d=mm&r=g","caption":"dominika"},"url":"https:\/\/www.welovecycling.com\/sk\/author\/dominika\/"}]}},"_links":{"self":[{"href":"https:\/\/www.welovecycling.com\/sk\/wp-json\/wp\/v2\/posts\/20475","targetHints":{"allow":["GET"]}}],"collection":[{"href":"https:\/\/www.welovecycling.com\/sk\/wp-json\/wp\/v2\/posts"}],"about":[{"href":"https:\/\/www.welovecycling.com\/sk\/wp-json\/wp\/v2\/types\/post"}],"author":[{"embeddable":true,"href":"https:\/\/www.welovecycling.com\/sk\/wp-json\/wp\/v2\/users\/172"}],"replies":[{"embeddable":true,"href":"https:\/\/www.welovecycling.com\/sk\/wp-json\/wp\/v2\/comments?post=20475"}],"version-history":[{"count":7,"href":"https:\/\/www.welovecycling.com\/sk\/wp-json\/wp\/v2\/posts\/20475\/revisions"}],"predecessor-version":[{"id":20486,"href":"https:\/\/www.welovecycling.com\/sk\/wp-json\/wp\/v2\/posts\/20475\/revisions\/20486"}],"wp:featuredmedia":[{"embeddable":true,"href":"https:\/\/www.welovecycling.com\/sk\/wp-json\/wp\/v2\/media\/20476"}],"wp:attachment":[{"href":"https:\/\/www.welovecycling.com\/sk\/wp-json\/wp\/v2\/media?parent=20475"}],"wp:term":[{"taxonomy":"category","embeddable":true,"href":"https:\/\/www.welovecycling.com\/sk\/wp-json\/wp\/v2\/categories?post=20475"},{"taxonomy":"post_tag","embeddable":true,"href":"https:\/\/www.welovecycling.com\/sk\/wp-json\/wp\/v2\/tags?post=20475"},{"taxonomy":"global-categories","embeddable":true,"href":"https:\/\/www.welovecycling.com\/sk\/wp-json\/wp\/v2\/global-categories?post=20475"}],"curies":[{"name":"wp","href":"https:\/\/api.w.org\/{rel}","templated":true}]}}