{"id":20448,"date":"2025-06-10T14:03:26","date_gmt":"2025-06-10T12:03:26","guid":{"rendered":"https:\/\/www.welovecycling.com\/sk\/?p=20448"},"modified":"2025-06-11T09:04:47","modified_gmt":"2025-06-11T07:04:47","slug":"maraton-skoda-slovensky-raj-2025","status":"publish","type":"post","link":"https:\/\/www.welovecycling.com\/sk\/2025\/06\/10\/maraton-skoda-slovensky-raj-2025\/","title":{"rendered":"Report\u00e1\u017e: Marat\u00f3n, ktor\u00fd si zamilujete \u2013  Slovensk\u00fd raj op\u00e4\u0165 nesklamal"},"content":{"rendered":"<p><strong>Druh\u00e9 kolo s\u00e9rie \u0160koda Bike Open Tour n\u00e1s tento rok priviedlo do malebn\u00e9ho Slovensk\u00e9ho Raja. Ide o preteky s dlhou trad\u00edciou a sk\u00fasen\u00ed organiz\u00e1tori pripravili u\u017e tradi\u010dne bezchybn\u00e9 z\u00e1zemie, skvele zna\u010den\u00e9 trasy a fantastick\u00fa atmosf\u00e9ru! \u017de s\u00fa to preteky ob\u013e\u00faben\u00e9 aj medzi jazdcami, to bolo naozaj vidie\u0165 aj po\u010du\u0165. V\u0161ade panovala priate\u013esk\u00e1, takmer rodinn\u00e1 atmosf\u00e9ra.<\/strong><!--more--><\/p>\n<p><span style=\"font-weight: 400;\">Mne tento marat\u00f3n dlho unikal asi najm\u00e4 preto, lebo sa kon\u00e1 takmer na opa\u010dnej strane republiky. Ani som netu\u0161ila, o \u010do prich\u00e1dzam! Bolo to len minul\u00fd rok, ke\u010f som sa prv\u00fdkr\u00e1t postavila na \u0161tart strednej, 54 km trate a hne\u010f som vedela, \u017ee sa sem mus\u00edm vr\u00e1ti\u0165.<\/span><\/p>\n<p><span style=\"font-weight: 400;\">Som ve\u013emi rada, \u017ee mi to naozaj vy\u0161lo. <strong>Tentokr\u00e1t som si tr\u00fafla u\u017e aj na dlh\u00fa, 68 km tra\u0165 s prev\u00fd\u0161en\u00edm 1600 metrov.<\/strong> Na papieri sa s\u00edce tieto dve trate a\u017e tak ve\u013emi nel\u00ed\u0161ia (rozdiel pod\u013ea GPX je pribli\u017ene 10 km a 300 v\u00fd\u0161kov\u00fdch metrov), no dlh\u0161ia verzia v sebe ukr\u00fdvala zop\u00e1r ne\u010dakan\u00fdch prekvapen\u00ed. Ale nepredbiehajme\u2026<\/span><\/p>\n<p><span style=\"font-weight: 400;\">Do Hrabu\u0161\u00edc sme aj s t\u00edmov\u00fdm kolegom z WLRM Jo\u017ekom dorazili okolo \u00f4smej r\u00e1no. Nie je mo\u017en\u00e9 zabl\u00fadi\u0165 \u2013 v\u0161ade je zna\u010denie a pred ka\u017edou parkovacou plochou s\u00fa navig\u00e1tori.<\/span><\/p>\n<div id='gallery-1' class='gallery galleryid-20448 gallery-columns-2 gallery-size-full'><figure class='gallery-item'>\n\t\t\t<div class='gallery-icon landscape'>\n\t\t\t\t<a href='https:\/\/d2p6e6u75xmxt8.cloudfront.net\/4\/2025\/06\/SBOT-2025-SLOVENSKY-RAJ-2-of-613.webp'><img loading=\"lazy\" decoding=\"async\" width=\"990\" height=\"660\" src=\"https:\/\/d2p6e6u75xmxt8.cloudfront.net\/4\/2025\/06\/SBOT-2025-SLOVENSKY-RAJ-2-of-613.webp\" class=\"attachment-full size-full\" alt=\"\" srcset=\"https:\/\/d2p6e6u75xmxt8.cloudfront.net\/4\/2025\/06\/SBOT-2025-SLOVENSKY-RAJ-2-of-613.webp 990w, https:\/\/d2p6e6u75xmxt8.cloudfront.net\/4\/2025\/06\/SBOT-2025-SLOVENSKY-RAJ-2-of-613-300x200.webp 300w, https:\/\/d2p6e6u75xmxt8.cloudfront.net\/4\/2025\/06\/SBOT-2025-SLOVENSKY-RAJ-2-of-613-768x512.webp 768w, https:\/\/d2p6e6u75xmxt8.cloudfront.net\/4\/2025\/06\/SBOT-2025-SLOVENSKY-RAJ-2-of-613-400x267.webp 400w, https:\/\/d2p6e6u75xmxt8.cloudfront.net\/4\/2025\/06\/SBOT-2025-SLOVENSKY-RAJ-2-of-613-272x182.webp 272w\" sizes=\"auto, (max-width: 990px) 100vw, 990px\" \/><\/a>\n\t\t\t<\/div><\/figure><figure class='gallery-item'>\n\t\t\t<div class='gallery-icon landscape'>\n\t\t\t\t<a href='https:\/\/d2p6e6u75xmxt8.cloudfront.net\/4\/2025\/06\/SBOT-2025-SLOVENSKY-RAJ-273-of-613.webp'><img loading=\"lazy\" decoding=\"async\" width=\"990\" height=\"660\" src=\"https:\/\/d2p6e6u75xmxt8.cloudfront.net\/4\/2025\/06\/SBOT-2025-SLOVENSKY-RAJ-273-of-613.webp\" class=\"attachment-full size-full\" alt=\"\" srcset=\"https:\/\/d2p6e6u75xmxt8.cloudfront.net\/4\/2025\/06\/SBOT-2025-SLOVENSKY-RAJ-273-of-613.webp 990w, https:\/\/d2p6e6u75xmxt8.cloudfront.net\/4\/2025\/06\/SBOT-2025-SLOVENSKY-RAJ-273-of-613-300x200.webp 300w, https:\/\/d2p6e6u75xmxt8.cloudfront.net\/4\/2025\/06\/SBOT-2025-SLOVENSKY-RAJ-273-of-613-768x512.webp 768w, https:\/\/d2p6e6u75xmxt8.cloudfront.net\/4\/2025\/06\/SBOT-2025-SLOVENSKY-RAJ-273-of-613-400x267.webp 400w, https:\/\/d2p6e6u75xmxt8.cloudfront.net\/4\/2025\/06\/SBOT-2025-SLOVENSKY-RAJ-273-of-613-272x182.webp 272w\" sizes=\"auto, (max-width: 990px) 100vw, 990px\" \/><\/a>\n\t\t\t<\/div><\/figure>\n\t\t<\/div>\n\n<h2><strong>Pred\u0161tartov\u00e1 nervozita<\/strong><\/h2>\n<p><span style=\"font-weight: 400;\">Do \u0161tartu pretekov zost\u00e1va e\u0161te hodina, ale ja u\u017e klasicky stresujem a mot\u00e1m sa. Str\u00e1cam predmety, ktor\u00e9 som len pred sekundou dr\u017eala v ruke. Nasad\u00edm si koleso s Jo\u017ekovou oskou a \u010dudujem sa, pre\u010do tam zrazu m\u00e1m r\u00fdchloupin\u00e1k. Jo\u017eko mi nezost\u00e1va ni\u010d dl\u017en\u00fd a \u010duduje sa, ako si m\u00e1 dotiahnu\u0165 osku vo svojom kolese, ke\u010f obvykle k tomu nepotrebuje n\u00e1radie\u2026<\/span><\/p>\n<p><span style=\"font-weight: 400;\">Nu\u017e, aj takto sa prejavuje pred\u0161tartov\u00e1 nervozita.<\/span><\/p>\n<p><span style=\"font-weight: 400;\">Po tom, \u010do \u00faspe\u0161ne zvl\u00e1dneme nasadi\u0165 obe koles\u00e1 na spr\u00e1vnu stranu bicykla a n\u00e1ramne t\u00fdm zvy\u0161ujeme \u0161ance na \u00faspe\u0161n\u00e9 dokon\u010denie pretekov, vyd\u00e1me sa h\u013eada\u0165 prezent\u00e1ciu. Zatia\u013e ide v\u0161etko ako po masle, nezdru\u017eujeme sa v \u017eiadnom rade a dokonca aj Toi Toi b\u00fadky s\u00fa \u010dist\u00e9, vybaven\u00e9 dostatkom toaletn\u00e9ho papiera a funk\u010dn\u00fdm um\u00fdvadlom s te\u010d\u00facou vodou. <strong>Toto s\u00fa presne tie drobn\u00e9 detaily, ktor\u00e9 spravia ve\u013ek\u00fd rozdiel v komforte pretek\u00e1ra.<\/strong> O to viac, ke\u010f m\u00e1 pred \u0161tartom dos\u0165 starost\u00ed s\u00e1m so sebou\u2026<\/span><\/p>\n<p><img loading=\"lazy\" decoding=\"async\" class=\"alignnone size-full wp-image-20458\" src=\"https:\/\/d2p6e6u75xmxt8.cloudfront.net\/4\/2025\/06\/SBOT-2025-SLOVENSKY-RAJ-191-of-613.webp\" alt=\"\" width=\"990\" height=\"660\" srcset=\"https:\/\/d2p6e6u75xmxt8.cloudfront.net\/4\/2025\/06\/SBOT-2025-SLOVENSKY-RAJ-191-of-613.webp 990w, https:\/\/d2p6e6u75xmxt8.cloudfront.net\/4\/2025\/06\/SBOT-2025-SLOVENSKY-RAJ-191-of-613-300x200.webp 300w, https:\/\/d2p6e6u75xmxt8.cloudfront.net\/4\/2025\/06\/SBOT-2025-SLOVENSKY-RAJ-191-of-613-768x512.webp 768w, https:\/\/d2p6e6u75xmxt8.cloudfront.net\/4\/2025\/06\/SBOT-2025-SLOVENSKY-RAJ-191-of-613-400x267.webp 400w, https:\/\/d2p6e6u75xmxt8.cloudfront.net\/4\/2025\/06\/SBOT-2025-SLOVENSKY-RAJ-191-of-613-272x182.webp 272w\" sizes=\"auto, (max-width: 990px) 100vw, 990px\" \/><\/p>\n<h2><strong>Rozjazd<\/strong><\/h2>\n<p><span style=\"font-weight: 400;\">Minul\u00fd rok som si gratulovala k v\u00fdborn\u00e9mu n\u00e1padu \u00eds\u0165 sa pozrie\u0165, ako vyzer\u00e1 dojazd pred cie\u013eovou p\u00e1skou, <strong>v\u010faka \u010domu som pravdepodobne neskon\u010dila vyvalen\u00e1 v kr\u00ed\u010dkoch, ale na p\u00f3diu.<\/strong> Aj ke\u010f tento rok u\u017e som vedela, \u017ee z\u00e1vere\u010dn\u00fd kilometer zah\u0155\u0148a 2-3 ostrej\u0161ie z\u00e1kruty vysypan\u00e9 \u0161trkom, pre istotu som si to v r\u00e1mci rozjazdenia i\u0161la znovu vysk\u00fa\u0161a\u0165. Aj ke\u010f svojim zjazd\u00e1rskym schopnostiam celkom ver\u00edm, \u0161trkov\u00e9 odklopen\u00e9 z\u00e1kruty s\u00fa moja slabina.\u00a0<\/span><\/p>\n<p><span style=\"font-weight: 400;\">Mo\u017eno som do toho \u0161la a\u017e pr\u00edli\u0161 opatrne, ale v jednej \u013eavoto\u010divej som musela vycvakn\u00fa\u0165 nohu a v \u0161myku som dobrzdila u\u017e len o\u010dami. Rozhodla som sa, \u017ee n\u00e1skok si mus\u00edm urobi\u0165 u\u017e vopred a tu p\u00f4jdem naozaj na istotu. To sa mi nakoniec aj podarilo (asi aj v\u010faka neobvykle n\u00edzkej \u00fa\u010dasti \u017eien na dlhej trati).<\/span><\/p>\n<p><img loading=\"lazy\" decoding=\"async\" class=\"alignnone size-full wp-image-20463\" src=\"https:\/\/d2p6e6u75xmxt8.cloudfront.net\/4\/2025\/06\/SBOT-2025-SLOVENSKY-RAJ-15-of-613.webp\" alt=\"\" width=\"990\" height=\"660\" srcset=\"https:\/\/d2p6e6u75xmxt8.cloudfront.net\/4\/2025\/06\/SBOT-2025-SLOVENSKY-RAJ-15-of-613.webp 990w, https:\/\/d2p6e6u75xmxt8.cloudfront.net\/4\/2025\/06\/SBOT-2025-SLOVENSKY-RAJ-15-of-613-300x200.webp 300w, https:\/\/d2p6e6u75xmxt8.cloudfront.net\/4\/2025\/06\/SBOT-2025-SLOVENSKY-RAJ-15-of-613-768x512.webp 768w, https:\/\/d2p6e6u75xmxt8.cloudfront.net\/4\/2025\/06\/SBOT-2025-SLOVENSKY-RAJ-15-of-613-400x267.webp 400w, https:\/\/d2p6e6u75xmxt8.cloudfront.net\/4\/2025\/06\/SBOT-2025-SLOVENSKY-RAJ-15-of-613-272x182.webp 272w\" sizes=\"auto, (max-width: 990px) 100vw, 990px\" \/><\/p>\n<h2><strong>\u0160tart<\/strong><\/h2>\n<p><span style=\"font-weight: 400;\">Po kr\u00e1tkom rozjazden\u00ed som sa teda i\u0161la postavi\u0165 do \u0161tartov\u00e9ho koridoru. Uli\u010dka sa plnila pretek\u00e1rmi a Jo\u017eko u\u017e st\u00e1l v obklopen\u00ed s\u00faperov. Ja som vpredu uvidela kamar\u00e1tku Denisu a pok\u00fasila som sa ku nej prebojova\u0165. <strong>\u201ePrebojova\u0165\u201c je naozaj siln\u00e9 slovo, v\u0161etci ma bez probl\u00e9mov pustili a prihodili aj \u00fasmev na povzbudenie.\u00a0<\/strong><\/span><\/p>\n<p><span style=\"font-weight: 400;\">Denisa je st\u00e1lica v\u0161etk\u00fdch MTB marat\u00f3nov a mo\u017enos\u0165 prehodi\u0165 p\u00e1r slov pred v\u00fdstrelom je v\u017edy fajn. Do \u0161tartu zost\u00e1valo u\u017e len p\u00e1r okamihov a organiz\u00e1tor n\u00e1s op\u00e4tovne vystr\u00edhal pred nebezpe\u010dn\u00fdm \u00fasekom v zjazde, kde bude treba presko\u010di\u0165 nov\u00e9 odvod\u0148ovacie \u017e\u013eaby. Nieko\u013ekokr\u00e1t zopakoval, \u017ee ide o zjazd z Geravy, ale n\u00e1m cezpo\u013en\u00fdm neblikala \u017eiadna kontrolka, neotv\u00e1ral sa \u017eiaden \u0161ufl\u00ed\u010dek s ozna\u010den\u00edm \u201eGeravy\u201c\u2026<\/span><\/p>\n<p><span style=\"font-weight: 400;\">Na\u0161\u0165astie necel\u00fa min\u00fatu pred \u0161tartom doplnil t\u00fato inform\u00e1ciu o trochu hmatate\u013enej\u0161\u00ed \u00fadaj \u2013 Vodn\u00e9 dielo Geravy sa nach\u00e1dza na pribli\u017ene 35. kilometri. Hne\u010f som bola pokojnej\u0161ia.<\/span><\/p>\n<p><span style=\"font-weight: 400;\">Pre bud\u00face gener\u00e1cie pretek\u00e1rov dod\u00e1m, \u017ee v skuto\u010dnosti sa to za\u010dalo a\u017e od 38. kilometra.<strong> A boli to naozaj \u00factyhodn\u00e9 \u017e\u013eaby, asi naj\u0161ir\u0161ie, s ak\u00fdmi som sa doteraz stretla.<\/strong> Ja obvykle nevynech\u00e1m mo\u017enos\u0165 posko\u010di\u0165 si, ale keby niekoho napr\u00edklad chytali k\u0155\u010de, s 29\u2019\u2019 kolesami sa to dalo s trochou opatrnosti prejs\u0165 aj bez sk\u00e1kania.<\/span><\/p>\n<h2><strong>\u010certova hlava \u2013 Bonus na dlhej trati<\/strong><\/h2>\n<p><span style=\"font-weight: 400;\">Po \u0161tarte n\u00e1s e\u0161te \u010dakal pribli\u017ene kilometer za sprievodn\u00fdm vozidlom a potom n\u00e1s vypustili ako div\u00e9 maky do po\u013ea. Tentokr\u00e1t bol prechod po po\u013enej ceste z Hrabu\u0161\u00edc o \u010dosi pokojnej\u0161\u00ed ne\u017e minul\u00fd rok a dr\u017eali sme sa vo ve\u013ekej skupine pohromade. K roztrhaniu na \u0161pici pri\u0161lo a\u017e v prvom brdku po cca 7 kilometroch.\u00a0<\/span><\/p>\n<p><span style=\"font-weight: 400;\">Hne\u010f v prvom zjazde sa mi roztrhlo rameno na ruksaku (\u00e1no, patr\u00edm k t\u00fdm vz\u00e1cnym \u201ejednoro\u017ecom\u201c, ktor\u00ed si nosia na MTB preteky camelbak). Na\u0161\u0165astie som ho mala zaisten\u00fd, no aj tak ma predstava, \u017ee zostanem len s jedn\u00fdm bid\u00f3nom a bez n\u00e1radia, celkom vystra\u0161ila.\u00a0<\/span><\/p>\n<div id='gallery-2' class='gallery galleryid-20448 gallery-columns-2 gallery-size-full'><figure class='gallery-item'>\n\t\t\t<div class='gallery-icon landscape'>\n\t\t\t\t<a href='https:\/\/d2p6e6u75xmxt8.cloudfront.net\/4\/2025\/06\/SBOT-2025-SLOVENSKY-RAJ-236-of-613.webp'><img loading=\"lazy\" decoding=\"async\" width=\"990\" height=\"660\" src=\"https:\/\/d2p6e6u75xmxt8.cloudfront.net\/4\/2025\/06\/SBOT-2025-SLOVENSKY-RAJ-236-of-613.webp\" class=\"attachment-full size-full\" alt=\"\" srcset=\"https:\/\/d2p6e6u75xmxt8.cloudfront.net\/4\/2025\/06\/SBOT-2025-SLOVENSKY-RAJ-236-of-613.webp 990w, https:\/\/d2p6e6u75xmxt8.cloudfront.net\/4\/2025\/06\/SBOT-2025-SLOVENSKY-RAJ-236-of-613-300x200.webp 300w, https:\/\/d2p6e6u75xmxt8.cloudfront.net\/4\/2025\/06\/SBOT-2025-SLOVENSKY-RAJ-236-of-613-768x512.webp 768w, https:\/\/d2p6e6u75xmxt8.cloudfront.net\/4\/2025\/06\/SBOT-2025-SLOVENSKY-RAJ-236-of-613-400x267.webp 400w, https:\/\/d2p6e6u75xmxt8.cloudfront.net\/4\/2025\/06\/SBOT-2025-SLOVENSKY-RAJ-236-of-613-272x182.webp 272w\" sizes=\"auto, (max-width: 990px) 100vw, 990px\" \/><\/a>\n\t\t\t<\/div><\/figure><figure class='gallery-item'>\n\t\t\t<div class='gallery-icon landscape'>\n\t\t\t\t<a href='https:\/\/d2p6e6u75xmxt8.cloudfront.net\/4\/2025\/06\/SBOT-2025-SLOVENSKY-RAJ-180-of-613.webp'><img loading=\"lazy\" decoding=\"async\" width=\"990\" height=\"660\" src=\"https:\/\/d2p6e6u75xmxt8.cloudfront.net\/4\/2025\/06\/SBOT-2025-SLOVENSKY-RAJ-180-of-613.webp\" class=\"attachment-full size-full\" alt=\"\" srcset=\"https:\/\/d2p6e6u75xmxt8.cloudfront.net\/4\/2025\/06\/SBOT-2025-SLOVENSKY-RAJ-180-of-613.webp 990w, https:\/\/d2p6e6u75xmxt8.cloudfront.net\/4\/2025\/06\/SBOT-2025-SLOVENSKY-RAJ-180-of-613-300x200.webp 300w, https:\/\/d2p6e6u75xmxt8.cloudfront.net\/4\/2025\/06\/SBOT-2025-SLOVENSKY-RAJ-180-of-613-768x512.webp 768w, https:\/\/d2p6e6u75xmxt8.cloudfront.net\/4\/2025\/06\/SBOT-2025-SLOVENSKY-RAJ-180-of-613-400x267.webp 400w, https:\/\/d2p6e6u75xmxt8.cloudfront.net\/4\/2025\/06\/SBOT-2025-SLOVENSKY-RAJ-180-of-613-272x182.webp 272w\" sizes=\"auto, (max-width: 990px) 100vw, 990px\" \/><\/a>\n\t\t\t<\/div><\/figure>\n\t\t<\/div>\n\n<p><span style=\"font-weight: 400;\">V tom \u010dase sme u\u017e s Jo\u017ekom boli spolu a zastavil sa pri mne, aby sa uistil, \u017ee sa mi to podar\u00ed vyrie\u0161i\u0165. <strong>Na\u0161\u0165astie sa popruh na ramene dal priviaza\u0165 a mohla som pokra\u010dova\u0165 aj s ruksakom \u010falej.<\/strong> Jo\u017eko vy\u0161tartoval o p\u00e1r sek\u00fand sk\u00f4r ako ja a odvtedy som ho mala u\u017e len na doh\u013ead. Nie a nie zlepi\u0165 t\u00fa medzeru medzi nami. \u010eal\u0161\u00edch p\u00e4tn\u00e1s\u0165 kilometrov som sa ho sna\u017eila dobehn\u00fa\u0165, a\u017e ho napokon, okrem m\u0148a, dostihli aj nepr\u00edjemn\u00e9 k\u0155\u010de. Od toho momentu ma vpred hnala u\u017e len predstava vychladenej Kofoly v cieli.<\/span><\/p>\n<p><span style=\"font-weight: 400;\">Oproti minul\u00e9mu roku, ke\u010f som i\u0161la stredn\u00fa tra\u0165 (54 km, prev\u00fd\u0161enie 1306 m) sme mali ako bonus st\u00fapanie na \u010certovu hlavu. Pre m\u0148a celkom nezn\u00e1my kopec a v propoz\u00edci\u00e1ch sa nejav\u00ed nijak hrozivo. <strong>Dokonca ani Garmin ma nevaroval pred \u017eiadnym \u201ebordov\u00fdm\u201c st\u00fapan\u00edm a milosrdne spojil nieko\u013eko v\u00fd\u0161\u013eapov a zjazdov do jedn\u00e9ho st\u00fapania s priemerom slab\u00fdch 6%.<\/strong><\/span><\/p>\n<p><span style=\"font-weight: 400;\">Viete si asi predstavi\u0165 v\u00fdraz v mojej tv\u00e1ri, ke\u010f sme po svi\u017enom asfaltovom zjazde naraz nabehli do 18-percentn\u00e9ho st\u00fapania, navy\u0161e pln\u00e9ho uvo\u013enen\u00fdch kame\u0148ov, a displej m\u00f4jho Garminu sa zalial do \u201ebordovej\u201c bez konca na doh\u013ead\u2026<\/span><\/p>\n<h2><span style=\"font-weight: 400;\"><strong>Pou\u010denie do bud\u00facna<\/strong><\/span><\/h2>\n<p><span style=\"font-weight: 400;\"><strong>Ke\u010f to v propoz\u00edci\u00e1ch vyzer\u00e1 na \u201elen o k\u00fasok viac v\u00fd\u0161kov\u00fdch a zop\u00e1r kilometrov navy\u0161e\u201c, tak sa m\u00f4\u017ee\u0161 spo\u013eahn\u00fa\u0165, \u017ee v tom bude nejak\u00fd h\u00e1\u010dik.<\/strong> Organiz\u00e1tori by asi nenavrhli dve takmer identick\u00e9 trasy\u2026<\/span><\/p>\n<p><span style=\"font-weight: 400;\">Druh\u00e9 podobn\u00e9 prekvapenie mi Garmin (a moja neporiadna pr\u00edprava) pripravil e\u0161te na \u201ez\u00e1ver\u201c pretekov. Teda to, \u010do ja som pova\u017eovala za z\u00e1ver (cyklopo\u010d\u00edta\u010d hl\u00e1sil \u201eNo remaining climbs\u201c) a zdalo sa, \u017ee ma \u010dak\u00e1 posledn\u00fdch 15 kilometrov zjazdu do Hrabu\u0161\u00edc. Nemohla som by\u0165 \u010falej od pravdy. E\u0161te viac ne\u017e pol hodinu som sa predierala striedav\u00fdmi brdkami a zjazdmi, k\u00fdm som sa kone\u010dne dostala k u\u017e nie ob\u00e1vanej, ale vyt\u00fa\u017eenej \u0161otolinovej ceste do cie\u013ea.<\/span><\/p>\n<p><img loading=\"lazy\" decoding=\"async\" class=\"alignnone size-full wp-image-20468\" src=\"https:\/\/d2p6e6u75xmxt8.cloudfront.net\/4\/2025\/06\/SBOT-2025-SLOVENSKY-RAJ-37-of-613.webp\" alt=\"\" width=\"990\" height=\"660\" srcset=\"https:\/\/d2p6e6u75xmxt8.cloudfront.net\/4\/2025\/06\/SBOT-2025-SLOVENSKY-RAJ-37-of-613.webp 990w, https:\/\/d2p6e6u75xmxt8.cloudfront.net\/4\/2025\/06\/SBOT-2025-SLOVENSKY-RAJ-37-of-613-300x200.webp 300w, https:\/\/d2p6e6u75xmxt8.cloudfront.net\/4\/2025\/06\/SBOT-2025-SLOVENSKY-RAJ-37-of-613-768x512.webp 768w, https:\/\/d2p6e6u75xmxt8.cloudfront.net\/4\/2025\/06\/SBOT-2025-SLOVENSKY-RAJ-37-of-613-400x267.webp 400w, https:\/\/d2p6e6u75xmxt8.cloudfront.net\/4\/2025\/06\/SBOT-2025-SLOVENSKY-RAJ-37-of-613-272x182.webp 272w\" sizes=\"auto, (max-width: 990px) 100vw, 990px\" \/><\/p>\n<h2><strong>Cie\u013e<\/strong><\/h2>\n<p><span style=\"font-weight: 400;\">D\u00fafala som, \u017ee sa mi podar\u00ed pr\u00eds\u0165 sk\u00f4r, no <strong>\u010das 3 hodiny a 45 min\u00fat s priemernou r\u00fdchlos\u0165ou 17,3 km\/h<\/strong> bol napriek tomu zlep\u0161en\u00edm oproti minul\u00e9mu roku, ke\u010f som s podobnou priemernou r\u00fdchlos\u0165ou absolvovala krat\u0161iu tra\u0165.<\/span><\/p>\n<p><span style=\"font-weight: 400;\">Pre v\u0161etk\u00fdch, ktor\u00ed zva\u017euj\u00fa, \u010di sa na preteky v Slovenskom raji prihl\u00e1si\u0165, poviem len to\u013eko, \u017ee sa to ur\u010dite oplat\u00ed. Regi\u00f3n pon\u00faka na obdiv n\u00e1dhern\u00fa pr\u00edrodu a nuda v\u00e1m tu ur\u010dite nehroz\u00ed. Zna\u010denie trat\u00ed bolo zatia\u013e asi najlep\u0161ie, na ak\u00e9 si za tie roky pretekania dok\u00e1\u017eem spomen\u00fa\u0165. Ani na chv\u00ed\u013eu som nezav\u00e1hala, \u010di idem spr\u00e1vnym smerom, aj napriek ob\u010dasn\u00fdm v\u00fdpadkom sign\u00e1lu v cyklopo\u010d\u00edta\u010di.\u00a0<\/span><\/p>\n<div id='gallery-3' class='gallery galleryid-20448 gallery-columns-2 gallery-size-full'><figure class='gallery-item'>\n\t\t\t<div class='gallery-icon landscape'>\n\t\t\t\t<a href='https:\/\/d2p6e6u75xmxt8.cloudfront.net\/4\/2025\/06\/SBOT-2025-SLOVENSKY-RAJ-259-of-613.webp'><img loading=\"lazy\" decoding=\"async\" width=\"990\" height=\"660\" src=\"https:\/\/d2p6e6u75xmxt8.cloudfront.net\/4\/2025\/06\/SBOT-2025-SLOVENSKY-RAJ-259-of-613.webp\" class=\"attachment-full size-full\" alt=\"\" srcset=\"https:\/\/d2p6e6u75xmxt8.cloudfront.net\/4\/2025\/06\/SBOT-2025-SLOVENSKY-RAJ-259-of-613.webp 990w, https:\/\/d2p6e6u75xmxt8.cloudfront.net\/4\/2025\/06\/SBOT-2025-SLOVENSKY-RAJ-259-of-613-300x200.webp 300w, https:\/\/d2p6e6u75xmxt8.cloudfront.net\/4\/2025\/06\/SBOT-2025-SLOVENSKY-RAJ-259-of-613-768x512.webp 768w, https:\/\/d2p6e6u75xmxt8.cloudfront.net\/4\/2025\/06\/SBOT-2025-SLOVENSKY-RAJ-259-of-613-400x267.webp 400w, https:\/\/d2p6e6u75xmxt8.cloudfront.net\/4\/2025\/06\/SBOT-2025-SLOVENSKY-RAJ-259-of-613-272x182.webp 272w\" sizes=\"auto, (max-width: 990px) 100vw, 990px\" \/><\/a>\n\t\t\t<\/div><\/figure><figure class='gallery-item'>\n\t\t\t<div class='gallery-icon landscape'>\n\t\t\t\t<a href='https:\/\/d2p6e6u75xmxt8.cloudfront.net\/4\/2025\/06\/SBOT-2025-SLOVENSKY-RAJ-267-of-613.webp'><img loading=\"lazy\" decoding=\"async\" width=\"990\" height=\"660\" src=\"https:\/\/d2p6e6u75xmxt8.cloudfront.net\/4\/2025\/06\/SBOT-2025-SLOVENSKY-RAJ-267-of-613.webp\" class=\"attachment-full size-full\" alt=\"\" srcset=\"https:\/\/d2p6e6u75xmxt8.cloudfront.net\/4\/2025\/06\/SBOT-2025-SLOVENSKY-RAJ-267-of-613.webp 990w, https:\/\/d2p6e6u75xmxt8.cloudfront.net\/4\/2025\/06\/SBOT-2025-SLOVENSKY-RAJ-267-of-613-300x200.webp 300w, https:\/\/d2p6e6u75xmxt8.cloudfront.net\/4\/2025\/06\/SBOT-2025-SLOVENSKY-RAJ-267-of-613-768x512.webp 768w, https:\/\/d2p6e6u75xmxt8.cloudfront.net\/4\/2025\/06\/SBOT-2025-SLOVENSKY-RAJ-267-of-613-400x267.webp 400w, https:\/\/d2p6e6u75xmxt8.cloudfront.net\/4\/2025\/06\/SBOT-2025-SLOVENSKY-RAJ-267-of-613-272x182.webp 272w\" sizes=\"auto, (max-width: 990px) 100vw, 990px\" \/><\/a>\n\t\t\t<\/div><\/figure>\n\t\t<\/div>\n\n<p><span style=\"font-weight: 400;\">Gul\u00e1\u0161 v cieli bol tie\u017e v\u00fdborn\u00fd. Nie som pr\u00e1ve milovn\u00edk gul\u00e1\u0161ov, ale tento poctiv\u00fd, kotl\u00edkov\u00fd, bol topka.\u00a0<\/span><\/p>\n<p><span style=\"font-weight: 400;\">K\u00fdm sme \u010dakali na vyhl\u00e1senie v\u00fdsledkov, zastavila som sa na kofolu v Bufete u Orla. Miestny \u201ebarman\u201c tam i\u0161iel svoju one-man-show a pre ka\u017ed\u00e9ho z\u00e1kazn\u00edka mal okam\u017eite na mieru \u0161it\u00fd vtip. Nevedela som sa do\u010dka\u0165, kedy kone\u010dne pr\u00eddem na rad. Asi som po n\u00e1ro\u010dn\u00fdch pretekoch nevyzerala pr\u00e1ve in\u0161pirat\u00edvne. Chalan sa vyna\u0161iel a ke\u010f zo m\u0148a vytiahol, \u017ee som vyhrala, dostala som na v\u00fdber Milu \u010di Horalku \u2013 len tak, ako pozornos\u0165. Hrabu\u0161ice naozaj \u017eij\u00fa t\u00fdmito pretekmi. \ud83d\ude42<\/span><\/p>\n<p><span class=\"yoast-text-mark\">Ak teda h\u013ead\u00e1te <strong>preteky, kde sa spoj\u00ed poriadny \u0161portov\u00fd v\u00fdkon s priate\u013eskou atmosf\u00e9rou, n\u00e1dhern\u00fdm prostred\u00edm a organiz\u00e1ciou, na ktor\u00fa sa d\u00e1 spo\u013eahn\u00fa\u0165,<\/strong> marat\u00f3n v Slovenskom raji je va\u0161a letn\u00e1 MTB istota.<\/span><\/p>\n<div id='gallery-4' class='gallery galleryid-20448 gallery-columns-2 gallery-size-full'><figure class='gallery-item'>\n\t\t\t<div class='gallery-icon landscape'>\n\t\t\t\t<a href='https:\/\/d2p6e6u75xmxt8.cloudfront.net\/4\/2025\/06\/SBOT-2025-SLOVENSKY-RAJ-507-of-613.webp'><img loading=\"lazy\" decoding=\"async\" width=\"990\" height=\"660\" src=\"https:\/\/d2p6e6u75xmxt8.cloudfront.net\/4\/2025\/06\/SBOT-2025-SLOVENSKY-RAJ-507-of-613.webp\" class=\"attachment-full size-full\" alt=\"\" srcset=\"https:\/\/d2p6e6u75xmxt8.cloudfront.net\/4\/2025\/06\/SBOT-2025-SLOVENSKY-RAJ-507-of-613.webp 990w, https:\/\/d2p6e6u75xmxt8.cloudfront.net\/4\/2025\/06\/SBOT-2025-SLOVENSKY-RAJ-507-of-613-300x200.webp 300w, https:\/\/d2p6e6u75xmxt8.cloudfront.net\/4\/2025\/06\/SBOT-2025-SLOVENSKY-RAJ-507-of-613-768x512.webp 768w, https:\/\/d2p6e6u75xmxt8.cloudfront.net\/4\/2025\/06\/SBOT-2025-SLOVENSKY-RAJ-507-of-613-400x267.webp 400w, https:\/\/d2p6e6u75xmxt8.cloudfront.net\/4\/2025\/06\/SBOT-2025-SLOVENSKY-RAJ-507-of-613-272x182.webp 272w\" sizes=\"auto, (max-width: 990px) 100vw, 990px\" \/><\/a>\n\t\t\t<\/div><\/figure><figure class='gallery-item'>\n\t\t\t<div class='gallery-icon landscape'>\n\t\t\t\t<a href='https:\/\/d2p6e6u75xmxt8.cloudfront.net\/4\/2025\/06\/SBOT-2025-SLOVENSKY-RAJ-521-of-613.webp'><img loading=\"lazy\" decoding=\"async\" width=\"990\" height=\"660\" src=\"https:\/\/d2p6e6u75xmxt8.cloudfront.net\/4\/2025\/06\/SBOT-2025-SLOVENSKY-RAJ-521-of-613.webp\" class=\"attachment-full size-full\" alt=\"\" srcset=\"https:\/\/d2p6e6u75xmxt8.cloudfront.net\/4\/2025\/06\/SBOT-2025-SLOVENSKY-RAJ-521-of-613.webp 990w, https:\/\/d2p6e6u75xmxt8.cloudfront.net\/4\/2025\/06\/SBOT-2025-SLOVENSKY-RAJ-521-of-613-300x200.webp 300w, https:\/\/d2p6e6u75xmxt8.cloudfront.net\/4\/2025\/06\/SBOT-2025-SLOVENSKY-RAJ-521-of-613-768x512.webp 768w, https:\/\/d2p6e6u75xmxt8.cloudfront.net\/4\/2025\/06\/SBOT-2025-SLOVENSKY-RAJ-521-of-613-400x267.webp 400w, https:\/\/d2p6e6u75xmxt8.cloudfront.net\/4\/2025\/06\/SBOT-2025-SLOVENSKY-RAJ-521-of-613-272x182.webp 272w\" sizes=\"auto, (max-width: 990px) 100vw, 990px\" \/><\/a>\n\t\t\t<\/div><\/figure>\n\t\t<\/div>\n\n<h2><strong>V\u00fdsledky<\/strong><\/h2>\n<p><b>Mu\u017ei 68 km\/1600 m<\/b><\/p>\n<ol>\n<li><span style=\"font-weight: 400;\">Jakub Jen\u010du\u0161<\/span> <span style=\"font-weight: 400;\">2:37:58<\/span><\/li>\n<li><span style=\"font-weight: 400;\">Tom\u00e1\u0161 Mo\u0148ok <\/span> <span style=\"font-weight: 400;\">2:38:35<\/span><\/li>\n<li><span style=\"font-weight: 400;\">Miroslav Mich\u00e1lek<\/span> <span style=\"font-weight: 400;\">2:42:35<\/span><\/li>\n<\/ol>\n<p><b>\u017deny 68 km\/1600 m<\/b><\/p>\n<ol>\n<li><span style=\"font-weight: 400;\">Bianka Baba\u010dov\u00e1<\/span> <span style=\"font-weight: 400;\">3:45:36<\/span><\/li>\n<li><span style=\"font-weight: 400;\">Denisa Dubovsk\u00e1<\/span> <span style=\"font-weight: 400;\">4:31:00<\/span><\/li>\n<\/ol>\n<p><b>Gravel 68 km\/1600 m<\/b><\/p>\n<ol>\n<li><span style=\"font-weight: 400;\">Peter Nadhajsk\u00fd<\/span> <span style=\"font-weight: 400;\">3:32:05<\/span><\/li>\n<li><span style=\"font-weight: 400;\">Milan Nadhajsk\u00fd<\/span> <span style=\"font-weight: 400;\">3:44:17<\/span><\/li>\n<li><span style=\"font-weight: 400;\">Miro Bo\u010dkaj<\/span> <span style=\"font-weight: 400;\">4:18:04<\/span><\/li>\n<\/ol>\n<p><span style=\"font-weight: 400;\">Kompletn\u00e9 v\u00fdsledky v\u0161etk\u00fdch 8 kateg\u00f3ri\u00ed n\u00e1jdete na <a href=\"https:\/\/vysledky.sportsoft.cz\/race\/570\" target=\"_blank\" rel=\"noopener\">tomto odkaze<\/a>.<\/span><\/p>\n<p><span style=\"font-weight: 400;\">Vid\u00edme sa o rok!<\/span><\/p>\n","protected":false},"excerpt":{"rendered":"<p>Druh\u00e9 kolo s\u00e9rie \u0160koda Bike Open Tour n\u00e1s tento rok priviedlo do malebn\u00e9ho Slovensk\u00e9ho Raja. Ide o preteky s dlhou [&hellip;]<\/p>\n","protected":false},"author":172,"featured_media":20467,"comment_status":"closed","ping_status":"closed","sticky":false,"template":"","format":"standard","meta":{"footnotes":""},"categories":[38,33],"tags":[259,180,532,178,767,412,931,37,39,1643,542,35,234,1099,183,475],"global-categories":[1074],"class_list":["post-20448","post","type-post","status-publish","format-standard","has-post-thumbnail","hentry","category-reportaz","category-sbot","tag-gravel","tag-horska-cyklistika","tag-jazdenie","tag-maraton","tag-motivacia","tag-mtb","tag-odporucame","tag-podujatia","tag-reportaz","tag-sezona-2025","tag-skoda","tag-sbot","tag-slovensky-raj","tag-vysledok","tag-zabava","tag-zeny","global-categories-cycling"],"yoast_head":"<!-- This site is optimized with the Yoast SEO Premium plugin v25.3 (Yoast SEO v25.9) - https:\/\/yoast.com\/wordpress\/plugins\/seo\/ -->\n<title>Report\u00e1\u017e: Marat\u00f3n, ktor\u00fd si zamilujete \u2013 Slovensk\u00fd raj op\u00e4\u0165 nesklamal - \u0160koda We Love Cycling Slovensko<\/title>\n<meta name=\"description\" content=\"Druh\u00e9 kolo s\u00e9rie \u0160koda Bike Open Tour. \u017de s\u00fa to preteky ob\u013e\u00faben\u00e9 aj medzi jazdcami, bolo naozaj vidie\u0165 aj po\u010du\u0165.\" \/>\n<meta name=\"robots\" content=\"index, follow, max-snippet:-1, max-image-preview:large, max-video-preview:-1\" \/>\n<link rel=\"canonical\" href=\"https:\/\/www.welovecycling.com\/sk\/2025\/06\/10\/maraton-skoda-slovensky-raj-2025\/\" \/>\n<meta property=\"og:locale\" content=\"sk_SK\" \/>\n<meta property=\"og:type\" content=\"article\" \/>\n<meta property=\"og:title\" content=\"Report\u00e1\u017e: Marat\u00f3n, ktor\u00fd si zamilujete \u2013 Slovensk\u00fd raj op\u00e4\u0165 nesklamal\" \/>\n<meta property=\"og:description\" content=\"Druh\u00e9 kolo s\u00e9rie \u0160koda Bike Open Tour. \u017de s\u00fa to preteky ob\u013e\u00faben\u00e9 aj medzi jazdcami, bolo naozaj vidie\u0165 aj po\u010du\u0165.\" \/>\n<meta property=\"og:url\" content=\"https:\/\/www.welovecycling.com\/sk\/2025\/06\/10\/maraton-skoda-slovensky-raj-2025\/\" \/>\n<meta property=\"og:site_name\" content=\"\u0160koda We Love Cycling Slovensko\" \/>\n<meta property=\"article:published_time\" content=\"2025-06-10T12:03:26+00:00\" \/>\n<meta property=\"article:modified_time\" content=\"2025-06-11T07:04:47+00:00\" \/>\n<meta property=\"og:image\" content=\"https:\/\/d2p6e6u75xmxt8.cloudfront.net\/4\/2025\/06\/SBOT-2025-SLOVENSKY-RAJ-107-of-613.webp\" \/>\n\t<meta property=\"og:image:width\" content=\"990\" \/>\n\t<meta property=\"og:image:height\" content=\"660\" \/>\n\t<meta property=\"og:image:type\" content=\"image\/webp\" \/>\n<meta name=\"author\" content=\"dominika\" \/>\n<meta name=\"twitter:card\" content=\"summary_large_image\" \/>\n<meta name=\"twitter:label1\" content=\"Written by\" \/>\n\t<meta name=\"twitter:data1\" content=\"Bianka Baba\u010dov\u00e1, WLRMcc\" \/>\n\t<meta name=\"twitter:label2\" content=\"Est. reading time\" \/>\n\t<meta name=\"twitter:data2\" content=\"7\" \/>\n<script type=\"application\/ld+json\" class=\"yoast-schema-graph\">{\"@context\":\"https:\/\/schema.org\",\"@graph\":[{\"@type\":\"WebPage\",\"@id\":\"https:\/\/www.welovecycling.com\/sk\/2025\/06\/10\/maraton-skoda-slovensky-raj-2025\/\",\"url\":\"https:\/\/www.welovecycling.com\/sk\/2025\/06\/10\/maraton-skoda-slovensky-raj-2025\/\",\"name\":\"Report\u00e1\u017e: Marat\u00f3n, ktor\u00fd si zamilujete \u2013 Slovensk\u00fd raj op\u00e4\u0165 nesklamal - \u0160koda We Love Cycling Slovensko\",\"isPartOf\":{\"@id\":\"https:\/\/www.welovecycling.com\/sk\/#website\"},\"primaryImageOfPage\":{\"@id\":\"https:\/\/www.welovecycling.com\/sk\/2025\/06\/10\/maraton-skoda-slovensky-raj-2025\/#primaryimage\"},\"image\":{\"@id\":\"https:\/\/www.welovecycling.com\/sk\/2025\/06\/10\/maraton-skoda-slovensky-raj-2025\/#primaryimage\"},\"thumbnailUrl\":\"https:\/\/d2p6e6u75xmxt8.cloudfront.net\/4\/2025\/06\/SBOT-2025-SLOVENSKY-RAJ-107-of-613.webp\",\"datePublished\":\"2025-06-10T12:03:26+00:00\",\"dateModified\":\"2025-06-11T07:04:47+00:00\",\"author\":{\"@id\":\"https:\/\/www.welovecycling.com\/sk\/#\/schema\/person\/533b62b98b6c41bd5135ebfb1f742624\"},\"description\":\"Druh\u00e9 kolo s\u00e9rie \u0160koda Bike Open Tour. \u017de s\u00fa to preteky ob\u013e\u00faben\u00e9 aj medzi jazdcami, bolo naozaj vidie\u0165 aj po\u010du\u0165.\",\"breadcrumb\":{\"@id\":\"https:\/\/www.welovecycling.com\/sk\/2025\/06\/10\/maraton-skoda-slovensky-raj-2025\/#breadcrumb\"},\"inLanguage\":\"sk-SK\",\"potentialAction\":[{\"@type\":\"ReadAction\",\"target\":[\"https:\/\/www.welovecycling.com\/sk\/2025\/06\/10\/maraton-skoda-slovensky-raj-2025\/\"]}]},{\"@type\":\"ImageObject\",\"inLanguage\":\"sk-SK\",\"@id\":\"https:\/\/www.welovecycling.com\/sk\/2025\/06\/10\/maraton-skoda-slovensky-raj-2025\/#primaryimage\",\"url\":\"https:\/\/d2p6e6u75xmxt8.cloudfront.net\/4\/2025\/06\/SBOT-2025-SLOVENSKY-RAJ-107-of-613.webp\",\"contentUrl\":\"https:\/\/d2p6e6u75xmxt8.cloudfront.net\/4\/2025\/06\/SBOT-2025-SLOVENSKY-RAJ-107-of-613.webp\",\"width\":990,\"height\":660},{\"@type\":\"BreadcrumbList\",\"@id\":\"https:\/\/www.welovecycling.com\/sk\/2025\/06\/10\/maraton-skoda-slovensky-raj-2025\/#breadcrumb\",\"itemListElement\":[{\"@type\":\"ListItem\",\"position\":1,\"name\":\"Home\",\"item\":\"https:\/\/www.welovecycling.com\/sk\/\"},{\"@type\":\"ListItem\",\"position\":2,\"name\":\"Report\u00e1\u017e: Marat\u00f3n, ktor\u00fd si zamilujete \u2013 Slovensk\u00fd raj op\u00e4\u0165 nesklamal\"}]},{\"@type\":\"WebSite\",\"@id\":\"https:\/\/www.welovecycling.com\/sk\/#website\",\"url\":\"https:\/\/www.welovecycling.com\/sk\/\",\"name\":\"\u0160koda We Love Cycling Slovensko\",\"description\":\"\u0160koda We Love Cycling Slovensko je v\u00e1\u0161 ka\u017edodenn\u00fd zdroj noviniek a in\u0161pir\u00e1cie z sveta cyklistiky\",\"potentialAction\":[{\"@type\":\"SearchAction\",\"target\":{\"@type\":\"EntryPoint\",\"urlTemplate\":\"https:\/\/www.welovecycling.com\/sk\/?s={search_term_string}\"},\"query-input\":{\"@type\":\"PropertyValueSpecification\",\"valueRequired\":true,\"valueName\":\"search_term_string\"}}],\"inLanguage\":\"sk-SK\"},{\"@type\":\"Person\",\"@id\":\"https:\/\/www.welovecycling.com\/sk\/#\/schema\/person\/533b62b98b6c41bd5135ebfb1f742624\",\"name\":\"dominika\",\"image\":{\"@type\":\"ImageObject\",\"inLanguage\":\"sk-SK\",\"@id\":\"https:\/\/www.welovecycling.com\/sk\/#\/schema\/person\/image\/\",\"url\":\"https:\/\/secure.gravatar.com\/avatar\/ded6f274ba2ec3e17fff153f7d9d96a4b33c2cb63907f75d9a5309c599a7f3e6?s=96&d=mm&r=g\",\"contentUrl\":\"https:\/\/secure.gravatar.com\/avatar\/ded6f274ba2ec3e17fff153f7d9d96a4b33c2cb63907f75d9a5309c599a7f3e6?s=96&d=mm&r=g\",\"caption\":\"dominika\"},\"url\":\"https:\/\/www.welovecycling.com\/sk\/author\/dominika\/\"}]}<\/script>\n<!-- \/ Yoast SEO Premium plugin. -->","yoast_head_json":{"title":"Report\u00e1\u017e: Marat\u00f3n, ktor\u00fd si zamilujete \u2013 Slovensk\u00fd raj op\u00e4\u0165 nesklamal - \u0160koda We Love Cycling Slovensko","description":"Druh\u00e9 kolo s\u00e9rie \u0160koda Bike Open Tour. \u017de s\u00fa to preteky ob\u013e\u00faben\u00e9 aj medzi jazdcami, bolo naozaj vidie\u0165 aj po\u010du\u0165.","robots":{"index":"index","follow":"follow","max-snippet":"max-snippet:-1","max-image-preview":"max-image-preview:large","max-video-preview":"max-video-preview:-1"},"canonical":"https:\/\/www.welovecycling.com\/sk\/2025\/06\/10\/maraton-skoda-slovensky-raj-2025\/","og_locale":"sk_SK","og_type":"article","og_title":"Report\u00e1\u017e: Marat\u00f3n, ktor\u00fd si zamilujete \u2013 Slovensk\u00fd raj op\u00e4\u0165 nesklamal","og_description":"Druh\u00e9 kolo s\u00e9rie \u0160koda Bike Open Tour. \u017de s\u00fa to preteky ob\u013e\u00faben\u00e9 aj medzi jazdcami, bolo naozaj vidie\u0165 aj po\u010du\u0165.","og_url":"https:\/\/www.welovecycling.com\/sk\/2025\/06\/10\/maraton-skoda-slovensky-raj-2025\/","og_site_name":"\u0160koda We Love Cycling Slovensko","article_published_time":"2025-06-10T12:03:26+00:00","article_modified_time":"2025-06-11T07:04:47+00:00","og_image":[{"width":990,"height":660,"url":"https:\/\/d2p6e6u75xmxt8.cloudfront.net\/4\/2025\/06\/SBOT-2025-SLOVENSKY-RAJ-107-of-613.webp","type":"image\/webp"}],"author":"dominika","twitter_card":"summary_large_image","twitter_misc":{"Written by":"Bianka Baba\u010dov\u00e1, WLRMcc","Est. reading time":"7"},"schema":{"@context":"https:\/\/schema.org","@graph":[{"@type":"WebPage","@id":"https:\/\/www.welovecycling.com\/sk\/2025\/06\/10\/maraton-skoda-slovensky-raj-2025\/","url":"https:\/\/www.welovecycling.com\/sk\/2025\/06\/10\/maraton-skoda-slovensky-raj-2025\/","name":"Report\u00e1\u017e: Marat\u00f3n, ktor\u00fd si zamilujete \u2013 Slovensk\u00fd raj op\u00e4\u0165 nesklamal - \u0160koda We Love Cycling Slovensko","isPartOf":{"@id":"https:\/\/www.welovecycling.com\/sk\/#website"},"primaryImageOfPage":{"@id":"https:\/\/www.welovecycling.com\/sk\/2025\/06\/10\/maraton-skoda-slovensky-raj-2025\/#primaryimage"},"image":{"@id":"https:\/\/www.welovecycling.com\/sk\/2025\/06\/10\/maraton-skoda-slovensky-raj-2025\/#primaryimage"},"thumbnailUrl":"https:\/\/d2p6e6u75xmxt8.cloudfront.net\/4\/2025\/06\/SBOT-2025-SLOVENSKY-RAJ-107-of-613.webp","datePublished":"2025-06-10T12:03:26+00:00","dateModified":"2025-06-11T07:04:47+00:00","author":{"@id":"https:\/\/www.welovecycling.com\/sk\/#\/schema\/person\/533b62b98b6c41bd5135ebfb1f742624"},"description":"Druh\u00e9 kolo s\u00e9rie \u0160koda Bike Open Tour. \u017de s\u00fa to preteky ob\u013e\u00faben\u00e9 aj medzi jazdcami, bolo naozaj vidie\u0165 aj po\u010du\u0165.","breadcrumb":{"@id":"https:\/\/www.welovecycling.com\/sk\/2025\/06\/10\/maraton-skoda-slovensky-raj-2025\/#breadcrumb"},"inLanguage":"sk-SK","potentialAction":[{"@type":"ReadAction","target":["https:\/\/www.welovecycling.com\/sk\/2025\/06\/10\/maraton-skoda-slovensky-raj-2025\/"]}]},{"@type":"ImageObject","inLanguage":"sk-SK","@id":"https:\/\/www.welovecycling.com\/sk\/2025\/06\/10\/maraton-skoda-slovensky-raj-2025\/#primaryimage","url":"https:\/\/d2p6e6u75xmxt8.cloudfront.net\/4\/2025\/06\/SBOT-2025-SLOVENSKY-RAJ-107-of-613.webp","contentUrl":"https:\/\/d2p6e6u75xmxt8.cloudfront.net\/4\/2025\/06\/SBOT-2025-SLOVENSKY-RAJ-107-of-613.webp","width":990,"height":660},{"@type":"BreadcrumbList","@id":"https:\/\/www.welovecycling.com\/sk\/2025\/06\/10\/maraton-skoda-slovensky-raj-2025\/#breadcrumb","itemListElement":[{"@type":"ListItem","position":1,"name":"Home","item":"https:\/\/www.welovecycling.com\/sk\/"},{"@type":"ListItem","position":2,"name":"Report\u00e1\u017e: Marat\u00f3n, ktor\u00fd si zamilujete \u2013 Slovensk\u00fd raj op\u00e4\u0165 nesklamal"}]},{"@type":"WebSite","@id":"https:\/\/www.welovecycling.com\/sk\/#website","url":"https:\/\/www.welovecycling.com\/sk\/","name":"\u0160koda We Love Cycling Slovensko","description":"\u0160koda We Love Cycling Slovensko je v\u00e1\u0161 ka\u017edodenn\u00fd zdroj noviniek a in\u0161pir\u00e1cie z sveta cyklistiky","potentialAction":[{"@type":"SearchAction","target":{"@type":"EntryPoint","urlTemplate":"https:\/\/www.welovecycling.com\/sk\/?s={search_term_string}"},"query-input":{"@type":"PropertyValueSpecification","valueRequired":true,"valueName":"search_term_string"}}],"inLanguage":"sk-SK"},{"@type":"Person","@id":"https:\/\/www.welovecycling.com\/sk\/#\/schema\/person\/533b62b98b6c41bd5135ebfb1f742624","name":"dominika","image":{"@type":"ImageObject","inLanguage":"sk-SK","@id":"https:\/\/www.welovecycling.com\/sk\/#\/schema\/person\/image\/","url":"https:\/\/secure.gravatar.com\/avatar\/ded6f274ba2ec3e17fff153f7d9d96a4b33c2cb63907f75d9a5309c599a7f3e6?s=96&d=mm&r=g","contentUrl":"https:\/\/secure.gravatar.com\/avatar\/ded6f274ba2ec3e17fff153f7d9d96a4b33c2cb63907f75d9a5309c599a7f3e6?s=96&d=mm&r=g","caption":"dominika"},"url":"https:\/\/www.welovecycling.com\/sk\/author\/dominika\/"}]}},"_links":{"self":[{"href":"https:\/\/www.welovecycling.com\/sk\/wp-json\/wp\/v2\/posts\/20448","targetHints":{"allow":["GET"]}}],"collection":[{"href":"https:\/\/www.welovecycling.com\/sk\/wp-json\/wp\/v2\/posts"}],"about":[{"href":"https:\/\/www.welovecycling.com\/sk\/wp-json\/wp\/v2\/types\/post"}],"author":[{"embeddable":true,"href":"https:\/\/www.welovecycling.com\/sk\/wp-json\/wp\/v2\/users\/172"}],"replies":[{"embeddable":true,"href":"https:\/\/www.welovecycling.com\/sk\/wp-json\/wp\/v2\/comments?post=20448"}],"version-history":[{"count":12,"href":"https:\/\/www.welovecycling.com\/sk\/wp-json\/wp\/v2\/posts\/20448\/revisions"}],"predecessor-version":[{"id":20474,"href":"https:\/\/www.welovecycling.com\/sk\/wp-json\/wp\/v2\/posts\/20448\/revisions\/20474"}],"wp:featuredmedia":[{"embeddable":true,"href":"https:\/\/www.welovecycling.com\/sk\/wp-json\/wp\/v2\/media\/20467"}],"wp:attachment":[{"href":"https:\/\/www.welovecycling.com\/sk\/wp-json\/wp\/v2\/media?parent=20448"}],"wp:term":[{"taxonomy":"category","embeddable":true,"href":"https:\/\/www.welovecycling.com\/sk\/wp-json\/wp\/v2\/categories?post=20448"},{"taxonomy":"post_tag","embeddable":true,"href":"https:\/\/www.welovecycling.com\/sk\/wp-json\/wp\/v2\/tags?post=20448"},{"taxonomy":"global-categories","embeddable":true,"href":"https:\/\/www.welovecycling.com\/sk\/wp-json\/wp\/v2\/global-categories?post=20448"}],"curies":[{"name":"wp","href":"https:\/\/api.w.org\/{rel}","templated":true}]}}