{"id":20424,"date":"2025-06-03T12:00:49","date_gmt":"2025-06-03T10:00:49","guid":{"rendered":"https:\/\/www.welovecycling.com\/sk\/?p=20424"},"modified":"2025-06-03T10:15:04","modified_gmt":"2025-06-03T08:15:04","slug":"tip-na-vylet-bicyklom-v-slovenskom-raji-skoro-ako-pri-mori","status":"publish","type":"post","link":"https:\/\/www.welovecycling.com\/sk\/2025\/06\/03\/tip-na-vylet-bicyklom-v-slovenskom-raji-skoro-ako-pri-mori\/","title":{"rendered":"Tip na v\u00fdlet: Bicyklom v Slovenskom raji skoro ako pri mori"},"content":{"rendered":"<p><b>Pozn\u00e1te najchladnej\u0161iu vodn\u00fa n\u00e1dr\u017e na Slovensku? Je \u0148ou Palcmansk\u00e1 ma\u0161a v Slovenskom raji. Vodn\u00e1 hladina n\u00e1dr\u017ee a jej okolie patr\u00ed bezpochyby medzi najkraj\u0161ie vodn\u00e9 n\u00e1dr\u017ee na Slovensku okolo ktorej sa d\u00e1 v\u00fdborne zajazdi\u0165 a nielen to.<\/b><!--more--><\/p>\n<p><span style=\"font-weight: 400;\">P\u00f4sobiv\u00e9 skaln\u00e9 bral\u00e1 okolo vodnej n\u00e1dr\u017ee, \u0161irok\u00fa sple\u0165 cyklochodn\u00edkov a vyv\u00fd\u0161en\u00fdch l\u00fak skr\u00fdvaj\u00facich sie\u0165 cesti\u010diek stvoren\u00fdch na pohodov\u00e9 jazdenie. Palcmansk\u00fa ma\u0161u a planinu Geravy m\u00f4\u017eem k\u013eudne zaradi\u0165 medzi top rekrea\u010dn\u00e9 body v na\u0161om raji. <strong>Tu sa jednozna\u010dne oplat\u00ed str\u00e1vi\u0165 de\u0148, ktor\u00fd m\u00f4\u017eete spoji\u0165 7.6.2025 na <a href=\"https:\/\/www.welovecycling.com\/sk\/2025\/05\/23\/pozvanka-skoda-slovensky-raj-pokracujeme-dalsim-kolom\/\" target=\"_blank\" rel=\"noopener\">2. kole \u0160koda Bike Open Tour<\/a>, ktor\u00fd op\u00e4\u0165 zav\u00edta na v\u00fdchod Slovenska.<\/strong> MTB marat\u00f3n a jeho zn\u00e1me trasy u\u017e tradi\u010dn\u00e9 poved\u00fa z Podlesku a\u017e k dne\u0161n\u00e9mu tipu na v\u00fdlet.<\/span><\/p>\n<p><span style=\"font-weight: 400;\">Zbo\u017e\u0148ujem hory, ten ich pokoj, bicykel a pohyb. Cyklo trasu na to stvoren\u00fa som na\u0161iel v ju\u017enej \u010dasti n\u00e1\u0161ho n\u00e1rodn\u00e9ho parku.\u00a0<\/span><\/p>\n<p><span style=\"font-weight: 400;\"><strong>Pribli\u017ene 26 kilometrov z\u00e1\u017eitkov s prev\u00fd\u0161en\u00edm 500 metrov za\u010d\u00edname pri hladine vodnej n\u00e1dr\u017ee Palcmansk\u00e1 Ma\u0161a v obci Dedinky.<\/strong> Regi\u00f3n Horn\u00fd Gemer s riekou Hnilec, ktor\u00e1 z\u00e1sobuje vodn\u00fa n\u00e1dr\u017e hraje dominantn\u00fa \u00falohu v tunaj\u0161om turistickom stredisku. Nov\u00fdm l\u00e1kadlom je po 12 rokoch odstavenia od prev\u00e1dzky spojazdnen\u00e1 lanovka na planinu Geravy kam dnes poputujeme na bicykli. Je to v\u00fdborn\u00fd tip na rodinn\u00fa kombin\u00e1ciu pe\u0161\u00edch a cyklistov. <\/span><\/p>\n<p><span style=\"font-weight: 400;\">Lanovka pri brehu je jedin\u00e1 svojho druhu u n\u00e1s. Jednoseda\u010dkov\u00e1 lanovka kon\u010d\u00ed svoju jazdu vo v\u00fd\u0161ke 1032 m.n.m na planine Geravy, vyvezenie trv\u00e1 zhruba 20 min\u00fat. Lanovku by ste mohli zaradi\u0165 do rebr\u00ed\u010dku atrakci\u00ed &#8211; mus\u00edm raz vysk\u00fa\u0161a\u0165. Zaru\u010dujem pr\u00edjemn\u00fa d\u00e1vku adrenal\u00ednu.\u00a0<\/span><\/p>\n<div id='gallery-1' class='gallery galleryid-20424 gallery-columns-2 gallery-size-full'><figure class='gallery-item'>\n\t\t\t<div class='gallery-icon landscape'>\n\t\t\t\t<a href='https:\/\/d2p6e6u75xmxt8.cloudfront.net\/4\/2025\/06\/02.webp'><img loading=\"lazy\" decoding=\"async\" width=\"990\" height=\"990\" src=\"https:\/\/d2p6e6u75xmxt8.cloudfront.net\/4\/2025\/06\/02.webp\" class=\"attachment-full size-full\" alt=\"Palcmansk\u00e1 ma\u0161a, Slovensk\u00fd raj\" srcset=\"https:\/\/d2p6e6u75xmxt8.cloudfront.net\/4\/2025\/06\/02.webp 990w, https:\/\/d2p6e6u75xmxt8.cloudfront.net\/4\/2025\/06\/02-300x300.webp 300w, https:\/\/d2p6e6u75xmxt8.cloudfront.net\/4\/2025\/06\/02-150x150.webp 150w, https:\/\/d2p6e6u75xmxt8.cloudfront.net\/4\/2025\/06\/02-768x768.webp 768w, https:\/\/d2p6e6u75xmxt8.cloudfront.net\/4\/2025\/06\/02-400x400.webp 400w\" sizes=\"auto, (max-width: 990px) 100vw, 990px\" \/><\/a>\n\t\t\t<\/div><\/figure><figure class='gallery-item'>\n\t\t\t<div class='gallery-icon landscape'>\n\t\t\t\t<a href='https:\/\/d2p6e6u75xmxt8.cloudfront.net\/4\/2025\/06\/03.webp'><img loading=\"lazy\" decoding=\"async\" width=\"990\" height=\"990\" src=\"https:\/\/d2p6e6u75xmxt8.cloudfront.net\/4\/2025\/06\/03.webp\" class=\"attachment-full size-full\" alt=\"\" srcset=\"https:\/\/d2p6e6u75xmxt8.cloudfront.net\/4\/2025\/06\/03.webp 990w, https:\/\/d2p6e6u75xmxt8.cloudfront.net\/4\/2025\/06\/03-300x300.webp 300w, https:\/\/d2p6e6u75xmxt8.cloudfront.net\/4\/2025\/06\/03-150x150.webp 150w, https:\/\/d2p6e6u75xmxt8.cloudfront.net\/4\/2025\/06\/03-768x768.webp 768w, https:\/\/d2p6e6u75xmxt8.cloudfront.net\/4\/2025\/06\/03-400x400.webp 400w\" sizes=\"auto, (max-width: 990px) 100vw, 990px\" \/><\/a>\n\t\t\t<\/div><\/figure>\n\t\t<\/div>\n\n<h2><b>Vodn\u00e1 n\u00e1dr\u017e centrom z\u00e1bavy\u00a0<\/b><\/h2>\n<p><span style=\"font-weight: 400;\">\u00davodn\u00e9 kilometre v\u00fdjazdu smeruj\u00fa z obce Dedinky po asfaltovej ceste. Z pravej strany m\u00ed\u0148ame hr\u00e1dzu n\u00e1dr\u017ee po ktorej sa na konci d\u0148a budeme vraca\u0165. Popri korytu rieky Hnilec, ktor\u00e1 pramen\u00ed na Kr\u00e1\u013eovej Holi iba p\u00e1r min\u00fat jazdy asfaltkou men\u00edme smer v\u013eavo do \u010dasti Biele Vody patriacej obci Mlynky. <strong>Priamo pred o\u010dami sa zrazu z ni\u010doho ni\u010d t\u00fd\u010dia skaly Zejmarskej rokliny, ktor\u00e1 rovnako ako lanovka kon\u010d\u00ed na samom vrchu planiny Geravy.<\/strong> Po cyklotrase m\u00ed\u0148ame vstup do rokliny, ktor\u00fa sa taktie\u017e oplat\u00ed nav\u0161t\u00edvi\u0165 a pokra\u010dujeme popod les.\u00a0<\/span><\/p>\n<div id='gallery-2' class='gallery galleryid-20424 gallery-columns-2 gallery-size-full'><figure class='gallery-item'>\n\t\t\t<div class='gallery-icon landscape'>\n\t\t\t\t<a href='https:\/\/d2p6e6u75xmxt8.cloudfront.net\/4\/2025\/06\/04.webp'><img loading=\"lazy\" decoding=\"async\" width=\"990\" height=\"990\" src=\"https:\/\/d2p6e6u75xmxt8.cloudfront.net\/4\/2025\/06\/04.webp\" class=\"attachment-full size-full\" alt=\"\" srcset=\"https:\/\/d2p6e6u75xmxt8.cloudfront.net\/4\/2025\/06\/04.webp 990w, https:\/\/d2p6e6u75xmxt8.cloudfront.net\/4\/2025\/06\/04-300x300.webp 300w, https:\/\/d2p6e6u75xmxt8.cloudfront.net\/4\/2025\/06\/04-150x150.webp 150w, https:\/\/d2p6e6u75xmxt8.cloudfront.net\/4\/2025\/06\/04-768x768.webp 768w, https:\/\/d2p6e6u75xmxt8.cloudfront.net\/4\/2025\/06\/04-400x400.webp 400w\" sizes=\"auto, (max-width: 990px) 100vw, 990px\" \/><\/a>\n\t\t\t<\/div><\/figure><figure class='gallery-item'>\n\t\t\t<div class='gallery-icon landscape'>\n\t\t\t\t<a href='https:\/\/d2p6e6u75xmxt8.cloudfront.net\/4\/2025\/06\/05.webp'><img loading=\"lazy\" decoding=\"async\" width=\"990\" height=\"990\" src=\"https:\/\/d2p6e6u75xmxt8.cloudfront.net\/4\/2025\/06\/05.webp\" class=\"attachment-full size-full\" alt=\"\" srcset=\"https:\/\/d2p6e6u75xmxt8.cloudfront.net\/4\/2025\/06\/05.webp 990w, https:\/\/d2p6e6u75xmxt8.cloudfront.net\/4\/2025\/06\/05-300x300.webp 300w, https:\/\/d2p6e6u75xmxt8.cloudfront.net\/4\/2025\/06\/05-150x150.webp 150w, https:\/\/d2p6e6u75xmxt8.cloudfront.net\/4\/2025\/06\/05-768x768.webp 768w, https:\/\/d2p6e6u75xmxt8.cloudfront.net\/4\/2025\/06\/05-400x400.webp 400w\" sizes=\"auto, (max-width: 990px) 100vw, 990px\" \/><\/a>\n\t\t\t<\/div><\/figure>\n\t\t<\/div>\n\n<p><span style=\"font-weight: 400;\">V nen\u00e1ro\u010dnom ter\u00e9ne jazd\u00edme st\u00e1le vpred. <strong>Dolina obklopen\u00e1 horami onedlho zvrtne n\u00e1\u0161 smer na kri\u017eovatke Chot\u00e1rska dolka (888 m.n.m)<\/strong> &#8211; tu za\u010dne naozajstn\u00fd kopec.<\/span><\/p>\n<p><span style=\"font-weight: 400;\">Op\u00fa\u0161\u0165ame zvlnen\u00fd ter\u00e9n zna\u010denej modrej trasy, aby sme pri\u0161li pod dlh\u0161\u00ed asi 3 kilometrov\u00fd stup\u00e1k. Mus\u00edme si k\u00fasok m\u00e1knu\u0165 aby n\u00e1s zv\u00e1\u017enica vyviedla na \u00farove\u0148 planiny Geravy. Nieje to ni\u010d stra\u0161n\u00e9 190 v\u00fd\u0161kov\u00fdch metrov od smerovn\u00edka po kri\u017eovatku Zadn\u00fd H\u00fd\u013e a n\u00e1sledne po Predn\u00fd H\u00fd\u013e zdol\u00e1te s \u00fasmevom. Aj ke\u010f sa m\u00f4\u017ee sta\u0165, \u017ee povrch nebude \u00faplne ide\u00e1lny optimizmus &#8211; hor\u0161ie u\u017e nebude posunie ka\u017ed\u00e9ho vpred. Najvy\u0161\u0161\u00ed bod dne\u0161n\u00e9ho d\u0148a je zdolan\u00fd.<\/span><\/p>\n<div id='gallery-3' class='gallery galleryid-20424 gallery-columns-2 gallery-size-full'><figure class='gallery-item'>\n\t\t\t<div class='gallery-icon landscape'>\n\t\t\t\t<a href='https:\/\/d2p6e6u75xmxt8.cloudfront.net\/4\/2025\/06\/06.webp'><img loading=\"lazy\" decoding=\"async\" width=\"990\" height=\"660\" src=\"https:\/\/d2p6e6u75xmxt8.cloudfront.net\/4\/2025\/06\/06.webp\" class=\"attachment-full size-full\" alt=\"\" srcset=\"https:\/\/d2p6e6u75xmxt8.cloudfront.net\/4\/2025\/06\/06.webp 990w, https:\/\/d2p6e6u75xmxt8.cloudfront.net\/4\/2025\/06\/06-300x200.webp 300w, https:\/\/d2p6e6u75xmxt8.cloudfront.net\/4\/2025\/06\/06-768x512.webp 768w, https:\/\/d2p6e6u75xmxt8.cloudfront.net\/4\/2025\/06\/06-400x267.webp 400w, https:\/\/d2p6e6u75xmxt8.cloudfront.net\/4\/2025\/06\/06-272x182.webp 272w\" sizes=\"auto, (max-width: 990px) 100vw, 990px\" \/><\/a>\n\t\t\t<\/div><\/figure><figure class='gallery-item'>\n\t\t\t<div class='gallery-icon landscape'>\n\t\t\t\t<a href='https:\/\/d2p6e6u75xmxt8.cloudfront.net\/4\/2025\/06\/07.webp'><img loading=\"lazy\" decoding=\"async\" width=\"990\" height=\"660\" src=\"https:\/\/d2p6e6u75xmxt8.cloudfront.net\/4\/2025\/06\/07.webp\" class=\"attachment-full size-full\" alt=\"\" srcset=\"https:\/\/d2p6e6u75xmxt8.cloudfront.net\/4\/2025\/06\/07.webp 990w, https:\/\/d2p6e6u75xmxt8.cloudfront.net\/4\/2025\/06\/07-300x200.webp 300w, https:\/\/d2p6e6u75xmxt8.cloudfront.net\/4\/2025\/06\/07-768x512.webp 768w, https:\/\/d2p6e6u75xmxt8.cloudfront.net\/4\/2025\/06\/07-400x267.webp 400w, https:\/\/d2p6e6u75xmxt8.cloudfront.net\/4\/2025\/06\/07-272x182.webp 272w\" sizes=\"auto, (max-width: 990px) 100vw, 990px\" \/><\/a>\n\t\t\t<\/div><\/figure>\n\t\t<\/div>\n\n<h2><b>Na planine to \u017eije<\/b><\/h2>\n<p><span style=\"font-weight: 400;\">Po ceste stret\u00e1vam rodinku s de\u0165mi na bicykloch, vrstevnice pod kolesami sa zna\u010dne vyrovnaj\u00fa. Cesta naprie\u010d malou a ve\u013ekou Po\u013eanou u\u017e netrv\u00e1 dlho, zna\u010den\u00fd chodn\u00edk lesom a l\u00fakou pokra\u010duje st\u00e1le rovno a\u017e na vyt\u00fa\u017een\u00fa planinu Geravy. K vrcholov\u00e9mu objektu budovy lanovky s bufetom vedie jedin\u00e1 trasa. Ostatn\u00e9 s\u00fa dostupn\u00e9 jedine na pe\u0161o popod lanovku a zo Zejmarskej rokliny.\u00a0<\/span><\/p>\n<p><span style=\"font-weight: 400;\"><strong>Planina je v\u00fdborn\u00fdm oddychov\u00fdm miestom pre pe\u0161\u00edch a cyklistov,<\/strong> polovica v\u00fdjazdu je u\u017e za nami.\u00a0<\/span><\/p>\n<div id='gallery-4' class='gallery galleryid-20424 gallery-columns-2 gallery-size-full'><figure class='gallery-item'>\n\t\t\t<div class='gallery-icon landscape'>\n\t\t\t\t<a href='https:\/\/d2p6e6u75xmxt8.cloudfront.net\/4\/2025\/06\/08.webp'><img loading=\"lazy\" decoding=\"async\" width=\"990\" height=\"990\" src=\"https:\/\/d2p6e6u75xmxt8.cloudfront.net\/4\/2025\/06\/08.webp\" class=\"attachment-full size-full\" alt=\"\" srcset=\"https:\/\/d2p6e6u75xmxt8.cloudfront.net\/4\/2025\/06\/08.webp 990w, https:\/\/d2p6e6u75xmxt8.cloudfront.net\/4\/2025\/06\/08-300x300.webp 300w, https:\/\/d2p6e6u75xmxt8.cloudfront.net\/4\/2025\/06\/08-150x150.webp 150w, https:\/\/d2p6e6u75xmxt8.cloudfront.net\/4\/2025\/06\/08-768x768.webp 768w, https:\/\/d2p6e6u75xmxt8.cloudfront.net\/4\/2025\/06\/08-400x400.webp 400w\" sizes=\"auto, (max-width: 990px) 100vw, 990px\" \/><\/a>\n\t\t\t<\/div><\/figure><figure class='gallery-item'>\n\t\t\t<div class='gallery-icon landscape'>\n\t\t\t\t<a href='https:\/\/d2p6e6u75xmxt8.cloudfront.net\/4\/2025\/06\/09.webp'><img loading=\"lazy\" decoding=\"async\" width=\"990\" height=\"990\" src=\"https:\/\/d2p6e6u75xmxt8.cloudfront.net\/4\/2025\/06\/09.webp\" class=\"attachment-full size-full\" alt=\"\" srcset=\"https:\/\/d2p6e6u75xmxt8.cloudfront.net\/4\/2025\/06\/09.webp 990w, https:\/\/d2p6e6u75xmxt8.cloudfront.net\/4\/2025\/06\/09-300x300.webp 300w, https:\/\/d2p6e6u75xmxt8.cloudfront.net\/4\/2025\/06\/09-150x150.webp 150w, https:\/\/d2p6e6u75xmxt8.cloudfront.net\/4\/2025\/06\/09-768x768.webp 768w, https:\/\/d2p6e6u75xmxt8.cloudfront.net\/4\/2025\/06\/09-400x400.webp 400w\" sizes=\"auto, (max-width: 990px) 100vw, 990px\" \/><\/a>\n\t\t\t<\/div><\/figure>\n\t\t<\/div>\n\n<p><span style=\"font-weight: 400;\">V\u00fdh\u013eady z planiny sa nekonaj\u00fa av\u0161ak mini zoo v podobe emu, zajacov, a ma\u010diek pote\u0161ia v\u0161etky deti. Ne\u010faleko od planiny mimo zna\u010den\u00fd chodn\u00edk sa skr\u00fdva Ga\u010dovsk\u00e1 skala, klenot, ktor\u00fd svoj\u00edm v\u00fdh\u013eadom vyr\u00e1\u017ea dych.\u00a0<\/span><\/p>\n<p><span style=\"font-weight: 400;\"><strong>N\u00e1\u0161 okruh z planiny n\u00e1sledne pokra\u010duje zelenou zna\u010denou cyklo trasou po ktorej ide aj marat\u00f3n v Raji.<\/strong> Pr\u00edjemn\u00fdm zjazdom hust\u00fdm bukov\u00fdm lesom sa zv\u00e1\u017enica kr\u00fati ku kri\u017eovatke pod Such\u00fdm Vrchom.<\/span><\/p>\n<div id='gallery-5' class='gallery galleryid-20424 gallery-columns-2 gallery-size-full'><figure class='gallery-item'>\n\t\t\t<div class='gallery-icon landscape'>\n\t\t\t\t<a href='https:\/\/d2p6e6u75xmxt8.cloudfront.net\/4\/2025\/06\/10.webp'><img loading=\"lazy\" decoding=\"async\" width=\"990\" height=\"990\" src=\"https:\/\/d2p6e6u75xmxt8.cloudfront.net\/4\/2025\/06\/10.webp\" class=\"attachment-full size-full\" alt=\"Palcmansk\u00e1 ma\u0161a, Slovensk\u00fd raj\" srcset=\"https:\/\/d2p6e6u75xmxt8.cloudfront.net\/4\/2025\/06\/10.webp 990w, https:\/\/d2p6e6u75xmxt8.cloudfront.net\/4\/2025\/06\/10-300x300.webp 300w, https:\/\/d2p6e6u75xmxt8.cloudfront.net\/4\/2025\/06\/10-150x150.webp 150w, https:\/\/d2p6e6u75xmxt8.cloudfront.net\/4\/2025\/06\/10-768x768.webp 768w, https:\/\/d2p6e6u75xmxt8.cloudfront.net\/4\/2025\/06\/10-400x400.webp 400w\" sizes=\"auto, (max-width: 990px) 100vw, 990px\" \/><\/a>\n\t\t\t<\/div><\/figure><figure class='gallery-item'>\n\t\t\t<div class='gallery-icon landscape'>\n\t\t\t\t<a href='https:\/\/d2p6e6u75xmxt8.cloudfront.net\/4\/2025\/06\/11.webp'><img loading=\"lazy\" decoding=\"async\" width=\"990\" height=\"990\" src=\"https:\/\/d2p6e6u75xmxt8.cloudfront.net\/4\/2025\/06\/11.webp\" class=\"attachment-full size-full\" alt=\"\" srcset=\"https:\/\/d2p6e6u75xmxt8.cloudfront.net\/4\/2025\/06\/11.webp 990w, https:\/\/d2p6e6u75xmxt8.cloudfront.net\/4\/2025\/06\/11-300x300.webp 300w, https:\/\/d2p6e6u75xmxt8.cloudfront.net\/4\/2025\/06\/11-150x150.webp 150w, https:\/\/d2p6e6u75xmxt8.cloudfront.net\/4\/2025\/06\/11-768x768.webp 768w, https:\/\/d2p6e6u75xmxt8.cloudfront.net\/4\/2025\/06\/11-400x400.webp 400w\" sizes=\"auto, (max-width: 990px) 100vw, 990px\" \/><\/a>\n\t\t\t<\/div><\/figure>\n\t\t<\/div>\n\n<h2><b>Marat\u00f3nska trasa\u00a0<\/b><\/h2>\n<p><span style=\"font-weight: 400;\">Tu sa plynule napoj\u00edme na Glack\u00fa cestu farba trasy sa men\u00ed na modr\u00fa zna\u010dku C. Cyklotrasa ved\u00faca pr\u00edrodnou rezerv\u00e1ciu Mal\u00e9 a Ve\u013ek\u00e9 Zajfy v n\u00e1rodnom parku Slovensk\u00fd Raj je odvod\u0148ovan\u00e1 mal\u00fdm potokom a je ukon\u010den\u00e1 pr\u00edchodom do rekrea\u010dn\u00e9ho strediska Stratenskej P\u00edly.\u00a0<\/span><\/p>\n<p><span style=\"font-weight: 400;\">Tu u\u017e op\u00e4\u0165 za\u010d\u00edna kr\u00e1sne divadlo vodnej hladiny a pr\u00edrody. Nach\u00e1dzame sa v \u00fadol\u00ed rieky Hnilec. <strong>Stratensk\u00e1 p\u00edla je malebn\u00e1 vodn\u00e1 plocha v Slovenskom raji, ktor\u00e1 vznikla pri v\u00fdstavbe vodnej n\u00e1dr\u017ee Palcmansk\u00e1 Ma\u0161a<\/strong> a stala sa ak\u00fdmsi pred\u013a\u017een\u00fdm ramenom Hnilca pribli\u017ene 2 km z\u00e1padne od centra Stratenej.\u00a0<\/span><\/p>\n<p><img loading=\"lazy\" decoding=\"async\" class=\"alignnone wp-image-20436 size-full\" src=\"https:\/\/d2p6e6u75xmxt8.cloudfront.net\/4\/2025\/06\/12.webp\" alt=\"Palcmansk\u00e1 ma\u0161a, Slovensk\u00fd raj\" width=\"990\" height=\"461\" srcset=\"https:\/\/d2p6e6u75xmxt8.cloudfront.net\/4\/2025\/06\/12.webp 990w, https:\/\/d2p6e6u75xmxt8.cloudfront.net\/4\/2025\/06\/12-300x140.webp 300w, https:\/\/d2p6e6u75xmxt8.cloudfront.net\/4\/2025\/06\/12-768x358.webp 768w, https:\/\/d2p6e6u75xmxt8.cloudfront.net\/4\/2025\/06\/12-400x186.webp 400w\" sizes=\"auto, (max-width: 990px) 100vw, 990px\" \/><\/p>\n<h2><b>Tu sa rozhodne nebudete nudi\u0165<\/b><\/h2>\n<p><span style=\"font-weight: 400;\">Presunom po asfaltke m\u00ed\u0148ame horolezeck\u00fa skalu a pret\u00edname \u017eelezni\u010dn\u00fd most po ktorom denne jazd\u00ed vlak smeruj\u00faci z Banskej Bystrice do Margecian a sp\u00e4\u0165. Pripoj\u00edme sa na novozrekon\u0161truovan\u00fa hlavn\u00fa asfaltov\u00fa cestu. <strong>Pekn\u00fd \u00fasek hladkou asfaltkou ukon\u010d\u00edme zakr\u00e1tko na vrchole pod \u010ci\u017emou odkia\u013e v dia\u013eke vykukuje hladina n\u00e1dr\u017ee Palcmansk\u00e1 Ma\u0161a.<\/strong> Presne t\u00fdmto smerom pokra\u010dujeme po l\u00fake zjazdom sprev\u00e1dzaj\u00faci odraz vodnej hladiny st\u00e1le dole a dole.\u00a0<\/span><\/p>\n<div id='gallery-6' class='gallery galleryid-20424 gallery-columns-2 gallery-size-full'><figure class='gallery-item'>\n\t\t\t<div class='gallery-icon landscape'>\n\t\t\t\t<a href='https:\/\/d2p6e6u75xmxt8.cloudfront.net\/4\/2025\/06\/13.webp'><img loading=\"lazy\" decoding=\"async\" width=\"990\" height=\"990\" src=\"https:\/\/d2p6e6u75xmxt8.cloudfront.net\/4\/2025\/06\/13.webp\" class=\"attachment-full size-full\" alt=\"\" srcset=\"https:\/\/d2p6e6u75xmxt8.cloudfront.net\/4\/2025\/06\/13.webp 990w, https:\/\/d2p6e6u75xmxt8.cloudfront.net\/4\/2025\/06\/13-300x300.webp 300w, https:\/\/d2p6e6u75xmxt8.cloudfront.net\/4\/2025\/06\/13-150x150.webp 150w, https:\/\/d2p6e6u75xmxt8.cloudfront.net\/4\/2025\/06\/13-768x768.webp 768w, https:\/\/d2p6e6u75xmxt8.cloudfront.net\/4\/2025\/06\/13-400x400.webp 400w\" sizes=\"auto, (max-width: 990px) 100vw, 990px\" \/><\/a>\n\t\t\t<\/div><\/figure><figure class='gallery-item'>\n\t\t\t<div class='gallery-icon landscape'>\n\t\t\t\t<a href='https:\/\/d2p6e6u75xmxt8.cloudfront.net\/4\/2025\/06\/14.webp'><img loading=\"lazy\" decoding=\"async\" width=\"990\" height=\"990\" src=\"https:\/\/d2p6e6u75xmxt8.cloudfront.net\/4\/2025\/06\/14.webp\" class=\"attachment-full size-full\" alt=\"\" srcset=\"https:\/\/d2p6e6u75xmxt8.cloudfront.net\/4\/2025\/06\/14.webp 990w, https:\/\/d2p6e6u75xmxt8.cloudfront.net\/4\/2025\/06\/14-300x300.webp 300w, https:\/\/d2p6e6u75xmxt8.cloudfront.net\/4\/2025\/06\/14-150x150.webp 150w, https:\/\/d2p6e6u75xmxt8.cloudfront.net\/4\/2025\/06\/14-768x768.webp 768w, https:\/\/d2p6e6u75xmxt8.cloudfront.net\/4\/2025\/06\/14-400x400.webp 400w\" sizes=\"auto, (max-width: 990px) 100vw, 990px\" \/><\/a>\n\t\t\t<\/div><\/figure>\n\t\t<\/div>\n\n<p><span style=\"font-weight: 400;\">Nech\u00fdba ve\u013ea a u\u017e popri hladine n\u00e1dr\u017ee a miestnom cintor\u00edne prich\u00e1dzame k vlakovej stanici a zast\u00e1vke Dedinky. Bezpe\u010dn\u00fdm prenesen\u00edm bicykla cez ko\u013eaje sme r\u00e1zom na hr\u00e1dzi odkia\u013e sme dnes vyr\u00e1\u017eali. Poh\u013ead na vodn\u00fa hladinu z ktorej sa vyn\u00e1raj\u00fa kapit\u00e1lne k\u00fasky r\u00fdb iba potvrdzuje jedine\u010dnos\u0165 a kr\u00e1su pr\u00edrody v na\u0161om Slovenskom raji.<\/span><\/p>\n<div id='gallery-7' class='gallery galleryid-20424 gallery-columns-2 gallery-size-full'><figure class='gallery-item'>\n\t\t\t<div class='gallery-icon landscape'>\n\t\t\t\t<a href='https:\/\/d2p6e6u75xmxt8.cloudfront.net\/4\/2025\/06\/15.webp'><img loading=\"lazy\" decoding=\"async\" width=\"990\" height=\"660\" src=\"https:\/\/d2p6e6u75xmxt8.cloudfront.net\/4\/2025\/06\/15.webp\" class=\"attachment-full size-full\" alt=\"Palcmansk\u00e1 ma\u0161a, Slovensk\u00fd raj\" srcset=\"https:\/\/d2p6e6u75xmxt8.cloudfront.net\/4\/2025\/06\/15.webp 990w, https:\/\/d2p6e6u75xmxt8.cloudfront.net\/4\/2025\/06\/15-300x200.webp 300w, https:\/\/d2p6e6u75xmxt8.cloudfront.net\/4\/2025\/06\/15-768x512.webp 768w, https:\/\/d2p6e6u75xmxt8.cloudfront.net\/4\/2025\/06\/15-400x267.webp 400w, https:\/\/d2p6e6u75xmxt8.cloudfront.net\/4\/2025\/06\/15-272x182.webp 272w\" sizes=\"auto, (max-width: 990px) 100vw, 990px\" \/><\/a>\n\t\t\t<\/div><\/figure><figure class='gallery-item'>\n\t\t\t<div class='gallery-icon landscape'>\n\t\t\t\t<a href='https:\/\/d2p6e6u75xmxt8.cloudfront.net\/4\/2025\/06\/16.webp'><img loading=\"lazy\" decoding=\"async\" width=\"990\" height=\"660\" src=\"https:\/\/d2p6e6u75xmxt8.cloudfront.net\/4\/2025\/06\/16.webp\" class=\"attachment-full size-full\" alt=\"\" srcset=\"https:\/\/d2p6e6u75xmxt8.cloudfront.net\/4\/2025\/06\/16.webp 990w, https:\/\/d2p6e6u75xmxt8.cloudfront.net\/4\/2025\/06\/16-300x200.webp 300w, https:\/\/d2p6e6u75xmxt8.cloudfront.net\/4\/2025\/06\/16-768x512.webp 768w, https:\/\/d2p6e6u75xmxt8.cloudfront.net\/4\/2025\/06\/16-400x267.webp 400w, https:\/\/d2p6e6u75xmxt8.cloudfront.net\/4\/2025\/06\/16-272x182.webp 272w\" sizes=\"auto, (max-width: 990px) 100vw, 990px\" \/><\/a>\n\t\t\t<\/div><\/figure>\n\t\t<\/div>\n\n<p><span style=\"font-weight: 400;\">Utieklo to ve\u013emi r\u00fdchlo, av\u0161ak ke\u010f sa \u010dlovek bav\u00ed a m\u00e1 rados\u0165 z jazdy \u010das ve\u013emi r\u00fdchlo plynie. U\u017e ni\u010d nebr\u00e1ni tomu, aby ste napr\u00edklad aj po marat\u00f3ne pri\u0161li odd\u00fdchnu\u0165 k Palcmanskej ma\u0161i s pr\u00edvlastkom najchladnej\u0161ia.<\/span><\/p>\n","protected":false},"excerpt":{"rendered":"<p>Pozn\u00e1te najchladnej\u0161iu vodn\u00fa n\u00e1dr\u017e na Slovensku? Je \u0148ou Palcmansk\u00e1 ma\u0161a v Slovenskom raji. Vodn\u00e1 hladina n\u00e1dr\u017ee a jej okolie patr\u00ed [&hellip;]<\/p>\n","protected":false},"author":172,"featured_media":20425,"comment_status":"closed","ping_status":"closed","sticky":false,"template":"","format":"standard","meta":{"footnotes":""},"categories":[191],"tags":[619,115,180,767,931,509,523,234,741,318,508],"global-categories":[1074],"class_list":["post-20424","post","type-post","status-publish","format-standard","has-post-thumbnail","hentry","category-odporucame","tag-bicyklovanie","tag-cestna-cyklistika","tag-horska-cyklistika","tag-motivacia","tag-odporucame","tag-rodina","tag-slovensko","tag-slovensky-raj","tag-tip-na-vylet","tag-vyjazd","tag-vylet","global-categories-cycling"],"yoast_head":"<!-- This site is optimized with the Yoast SEO Premium plugin v25.3 (Yoast SEO v25.9) - https:\/\/yoast.com\/wordpress\/plugins\/seo\/ -->\n<title>Tip na v\u00fdlet: Bicyklom v Slovenskom raji skoro ako pri mori - \u0160koda We Love Cycling Slovensko<\/title>\n<meta name=\"description\" content=\"Pozn\u00e1te najchladnej\u0161iu vodn\u00fa n\u00e1dr\u017e na Slovensku? Je \u0148ou Palcmansk\u00e1 ma\u0161a v Slovenskom raji. D\u00e1 sa okolo nej v\u00fdborne zajazdi\u0165 a nielen to.\" \/>\n<meta name=\"robots\" content=\"index, follow, max-snippet:-1, max-image-preview:large, max-video-preview:-1\" \/>\n<link rel=\"canonical\" href=\"https:\/\/www.welovecycling.com\/sk\/2025\/06\/03\/tip-na-vylet-bicyklom-v-slovenskom-raji-skoro-ako-pri-mori\/\" \/>\n<meta property=\"og:locale\" content=\"sk_SK\" \/>\n<meta property=\"og:type\" content=\"article\" \/>\n<meta property=\"og:title\" content=\"Tip na v\u00fdlet: Bicyklom v Slovenskom raji skoro ako pri mori\" \/>\n<meta property=\"og:description\" content=\"Pozn\u00e1te najchladnej\u0161iu vodn\u00fa n\u00e1dr\u017e na Slovensku? Je \u0148ou Palcmansk\u00e1 ma\u0161a v Slovenskom raji. D\u00e1 sa okolo nej v\u00fdborne zajazdi\u0165 a nielen to.\" \/>\n<meta property=\"og:url\" content=\"https:\/\/www.welovecycling.com\/sk\/2025\/06\/03\/tip-na-vylet-bicyklom-v-slovenskom-raji-skoro-ako-pri-mori\/\" \/>\n<meta property=\"og:site_name\" content=\"\u0160koda We Love Cycling Slovensko\" \/>\n<meta property=\"article:published_time\" content=\"2025-06-03T10:00:49+00:00\" \/>\n<meta property=\"og:image\" content=\"https:\/\/d2p6e6u75xmxt8.cloudfront.net\/4\/2025\/06\/Titulna-fotka.webp\" \/>\n\t<meta property=\"og:image:width\" content=\"990\" \/>\n\t<meta property=\"og:image:height\" content=\"660\" \/>\n\t<meta property=\"og:image:type\" content=\"image\/webp\" \/>\n<meta name=\"author\" content=\"dominika\" \/>\n<meta name=\"twitter:card\" content=\"summary_large_image\" \/>\n<meta name=\"twitter:label1\" content=\"Written by\" \/>\n\t<meta name=\"twitter:data1\" content=\"Roman Mare\u0161\" \/>\n\t<meta name=\"twitter:label2\" content=\"Est. reading time\" \/>\n\t<meta name=\"twitter:data2\" content=\"4\" \/>\n<script type=\"application\/ld+json\" class=\"yoast-schema-graph\">{\"@context\":\"https:\/\/schema.org\",\"@graph\":[{\"@type\":\"WebPage\",\"@id\":\"https:\/\/www.welovecycling.com\/sk\/2025\/06\/03\/tip-na-vylet-bicyklom-v-slovenskom-raji-skoro-ako-pri-mori\/\",\"url\":\"https:\/\/www.welovecycling.com\/sk\/2025\/06\/03\/tip-na-vylet-bicyklom-v-slovenskom-raji-skoro-ako-pri-mori\/\",\"name\":\"Tip na v\u00fdlet: Bicyklom v Slovenskom raji skoro ako pri mori - \u0160koda We Love Cycling Slovensko\",\"isPartOf\":{\"@id\":\"https:\/\/www.welovecycling.com\/sk\/#website\"},\"primaryImageOfPage\":{\"@id\":\"https:\/\/www.welovecycling.com\/sk\/2025\/06\/03\/tip-na-vylet-bicyklom-v-slovenskom-raji-skoro-ako-pri-mori\/#primaryimage\"},\"image\":{\"@id\":\"https:\/\/www.welovecycling.com\/sk\/2025\/06\/03\/tip-na-vylet-bicyklom-v-slovenskom-raji-skoro-ako-pri-mori\/#primaryimage\"},\"thumbnailUrl\":\"https:\/\/d2p6e6u75xmxt8.cloudfront.net\/4\/2025\/06\/Titulna-fotka.webp\",\"datePublished\":\"2025-06-03T10:00:49+00:00\",\"author\":{\"@id\":\"https:\/\/www.welovecycling.com\/sk\/#\/schema\/person\/533b62b98b6c41bd5135ebfb1f742624\"},\"description\":\"Pozn\u00e1te najchladnej\u0161iu vodn\u00fa n\u00e1dr\u017e na Slovensku? Je \u0148ou Palcmansk\u00e1 ma\u0161a v Slovenskom raji. D\u00e1 sa okolo nej v\u00fdborne zajazdi\u0165 a nielen to.\",\"breadcrumb\":{\"@id\":\"https:\/\/www.welovecycling.com\/sk\/2025\/06\/03\/tip-na-vylet-bicyklom-v-slovenskom-raji-skoro-ako-pri-mori\/#breadcrumb\"},\"inLanguage\":\"sk-SK\",\"potentialAction\":[{\"@type\":\"ReadAction\",\"target\":[\"https:\/\/www.welovecycling.com\/sk\/2025\/06\/03\/tip-na-vylet-bicyklom-v-slovenskom-raji-skoro-ako-pri-mori\/\"]}]},{\"@type\":\"ImageObject\",\"inLanguage\":\"sk-SK\",\"@id\":\"https:\/\/www.welovecycling.com\/sk\/2025\/06\/03\/tip-na-vylet-bicyklom-v-slovenskom-raji-skoro-ako-pri-mori\/#primaryimage\",\"url\":\"https:\/\/d2p6e6u75xmxt8.cloudfront.net\/4\/2025\/06\/Titulna-fotka.webp\",\"contentUrl\":\"https:\/\/d2p6e6u75xmxt8.cloudfront.net\/4\/2025\/06\/Titulna-fotka.webp\",\"width\":990,\"height\":660},{\"@type\":\"BreadcrumbList\",\"@id\":\"https:\/\/www.welovecycling.com\/sk\/2025\/06\/03\/tip-na-vylet-bicyklom-v-slovenskom-raji-skoro-ako-pri-mori\/#breadcrumb\",\"itemListElement\":[{\"@type\":\"ListItem\",\"position\":1,\"name\":\"Home\",\"item\":\"https:\/\/www.welovecycling.com\/sk\/\"},{\"@type\":\"ListItem\",\"position\":2,\"name\":\"Tip na v\u00fdlet: Bicyklom v Slovenskom raji skoro ako pri mori\"}]},{\"@type\":\"WebSite\",\"@id\":\"https:\/\/www.welovecycling.com\/sk\/#website\",\"url\":\"https:\/\/www.welovecycling.com\/sk\/\",\"name\":\"\u0160koda We Love Cycling Slovensko\",\"description\":\"\u0160koda We Love Cycling Slovensko je v\u00e1\u0161 ka\u017edodenn\u00fd zdroj noviniek a in\u0161pir\u00e1cie z sveta cyklistiky\",\"potentialAction\":[{\"@type\":\"SearchAction\",\"target\":{\"@type\":\"EntryPoint\",\"urlTemplate\":\"https:\/\/www.welovecycling.com\/sk\/?s={search_term_string}\"},\"query-input\":{\"@type\":\"PropertyValueSpecification\",\"valueRequired\":true,\"valueName\":\"search_term_string\"}}],\"inLanguage\":\"sk-SK\"},{\"@type\":\"Person\",\"@id\":\"https:\/\/www.welovecycling.com\/sk\/#\/schema\/person\/533b62b98b6c41bd5135ebfb1f742624\",\"name\":\"dominika\",\"image\":{\"@type\":\"ImageObject\",\"inLanguage\":\"sk-SK\",\"@id\":\"https:\/\/www.welovecycling.com\/sk\/#\/schema\/person\/image\/\",\"url\":\"https:\/\/secure.gravatar.com\/avatar\/ded6f274ba2ec3e17fff153f7d9d96a4b33c2cb63907f75d9a5309c599a7f3e6?s=96&d=mm&r=g\",\"contentUrl\":\"https:\/\/secure.gravatar.com\/avatar\/ded6f274ba2ec3e17fff153f7d9d96a4b33c2cb63907f75d9a5309c599a7f3e6?s=96&d=mm&r=g\",\"caption\":\"dominika\"},\"url\":\"https:\/\/www.welovecycling.com\/sk\/author\/dominika\/\"}]}<\/script>\n<!-- \/ Yoast SEO Premium plugin. -->","yoast_head_json":{"title":"Tip na v\u00fdlet: Bicyklom v Slovenskom raji skoro ako pri mori - \u0160koda We Love Cycling Slovensko","description":"Pozn\u00e1te najchladnej\u0161iu vodn\u00fa n\u00e1dr\u017e na Slovensku? Je \u0148ou Palcmansk\u00e1 ma\u0161a v Slovenskom raji. D\u00e1 sa okolo nej v\u00fdborne zajazdi\u0165 a nielen to.","robots":{"index":"index","follow":"follow","max-snippet":"max-snippet:-1","max-image-preview":"max-image-preview:large","max-video-preview":"max-video-preview:-1"},"canonical":"https:\/\/www.welovecycling.com\/sk\/2025\/06\/03\/tip-na-vylet-bicyklom-v-slovenskom-raji-skoro-ako-pri-mori\/","og_locale":"sk_SK","og_type":"article","og_title":"Tip na v\u00fdlet: Bicyklom v Slovenskom raji skoro ako pri mori","og_description":"Pozn\u00e1te najchladnej\u0161iu vodn\u00fa n\u00e1dr\u017e na Slovensku? Je \u0148ou Palcmansk\u00e1 ma\u0161a v Slovenskom raji. D\u00e1 sa okolo nej v\u00fdborne zajazdi\u0165 a nielen to.","og_url":"https:\/\/www.welovecycling.com\/sk\/2025\/06\/03\/tip-na-vylet-bicyklom-v-slovenskom-raji-skoro-ako-pri-mori\/","og_site_name":"\u0160koda We Love Cycling Slovensko","article_published_time":"2025-06-03T10:00:49+00:00","og_image":[{"width":990,"height":660,"url":"https:\/\/d2p6e6u75xmxt8.cloudfront.net\/4\/2025\/06\/Titulna-fotka.webp","type":"image\/webp"}],"author":"dominika","twitter_card":"summary_large_image","twitter_misc":{"Written by":"Roman Mare\u0161","Est. reading time":"4"},"schema":{"@context":"https:\/\/schema.org","@graph":[{"@type":"WebPage","@id":"https:\/\/www.welovecycling.com\/sk\/2025\/06\/03\/tip-na-vylet-bicyklom-v-slovenskom-raji-skoro-ako-pri-mori\/","url":"https:\/\/www.welovecycling.com\/sk\/2025\/06\/03\/tip-na-vylet-bicyklom-v-slovenskom-raji-skoro-ako-pri-mori\/","name":"Tip na v\u00fdlet: Bicyklom v Slovenskom raji skoro ako pri mori - \u0160koda We Love Cycling Slovensko","isPartOf":{"@id":"https:\/\/www.welovecycling.com\/sk\/#website"},"primaryImageOfPage":{"@id":"https:\/\/www.welovecycling.com\/sk\/2025\/06\/03\/tip-na-vylet-bicyklom-v-slovenskom-raji-skoro-ako-pri-mori\/#primaryimage"},"image":{"@id":"https:\/\/www.welovecycling.com\/sk\/2025\/06\/03\/tip-na-vylet-bicyklom-v-slovenskom-raji-skoro-ako-pri-mori\/#primaryimage"},"thumbnailUrl":"https:\/\/d2p6e6u75xmxt8.cloudfront.net\/4\/2025\/06\/Titulna-fotka.webp","datePublished":"2025-06-03T10:00:49+00:00","author":{"@id":"https:\/\/www.welovecycling.com\/sk\/#\/schema\/person\/533b62b98b6c41bd5135ebfb1f742624"},"description":"Pozn\u00e1te najchladnej\u0161iu vodn\u00fa n\u00e1dr\u017e na Slovensku? Je \u0148ou Palcmansk\u00e1 ma\u0161a v Slovenskom raji. D\u00e1 sa okolo nej v\u00fdborne zajazdi\u0165 a nielen to.","breadcrumb":{"@id":"https:\/\/www.welovecycling.com\/sk\/2025\/06\/03\/tip-na-vylet-bicyklom-v-slovenskom-raji-skoro-ako-pri-mori\/#breadcrumb"},"inLanguage":"sk-SK","potentialAction":[{"@type":"ReadAction","target":["https:\/\/www.welovecycling.com\/sk\/2025\/06\/03\/tip-na-vylet-bicyklom-v-slovenskom-raji-skoro-ako-pri-mori\/"]}]},{"@type":"ImageObject","inLanguage":"sk-SK","@id":"https:\/\/www.welovecycling.com\/sk\/2025\/06\/03\/tip-na-vylet-bicyklom-v-slovenskom-raji-skoro-ako-pri-mori\/#primaryimage","url":"https:\/\/d2p6e6u75xmxt8.cloudfront.net\/4\/2025\/06\/Titulna-fotka.webp","contentUrl":"https:\/\/d2p6e6u75xmxt8.cloudfront.net\/4\/2025\/06\/Titulna-fotka.webp","width":990,"height":660},{"@type":"BreadcrumbList","@id":"https:\/\/www.welovecycling.com\/sk\/2025\/06\/03\/tip-na-vylet-bicyklom-v-slovenskom-raji-skoro-ako-pri-mori\/#breadcrumb","itemListElement":[{"@type":"ListItem","position":1,"name":"Home","item":"https:\/\/www.welovecycling.com\/sk\/"},{"@type":"ListItem","position":2,"name":"Tip na v\u00fdlet: Bicyklom v Slovenskom raji skoro ako pri mori"}]},{"@type":"WebSite","@id":"https:\/\/www.welovecycling.com\/sk\/#website","url":"https:\/\/www.welovecycling.com\/sk\/","name":"\u0160koda We Love Cycling Slovensko","description":"\u0160koda We Love Cycling Slovensko je v\u00e1\u0161 ka\u017edodenn\u00fd zdroj noviniek a in\u0161pir\u00e1cie z sveta cyklistiky","potentialAction":[{"@type":"SearchAction","target":{"@type":"EntryPoint","urlTemplate":"https:\/\/www.welovecycling.com\/sk\/?s={search_term_string}"},"query-input":{"@type":"PropertyValueSpecification","valueRequired":true,"valueName":"search_term_string"}}],"inLanguage":"sk-SK"},{"@type":"Person","@id":"https:\/\/www.welovecycling.com\/sk\/#\/schema\/person\/533b62b98b6c41bd5135ebfb1f742624","name":"dominika","image":{"@type":"ImageObject","inLanguage":"sk-SK","@id":"https:\/\/www.welovecycling.com\/sk\/#\/schema\/person\/image\/","url":"https:\/\/secure.gravatar.com\/avatar\/ded6f274ba2ec3e17fff153f7d9d96a4b33c2cb63907f75d9a5309c599a7f3e6?s=96&d=mm&r=g","contentUrl":"https:\/\/secure.gravatar.com\/avatar\/ded6f274ba2ec3e17fff153f7d9d96a4b33c2cb63907f75d9a5309c599a7f3e6?s=96&d=mm&r=g","caption":"dominika"},"url":"https:\/\/www.welovecycling.com\/sk\/author\/dominika\/"}]}},"_links":{"self":[{"href":"https:\/\/www.welovecycling.com\/sk\/wp-json\/wp\/v2\/posts\/20424","targetHints":{"allow":["GET"]}}],"collection":[{"href":"https:\/\/www.welovecycling.com\/sk\/wp-json\/wp\/v2\/posts"}],"about":[{"href":"https:\/\/www.welovecycling.com\/sk\/wp-json\/wp\/v2\/types\/post"}],"author":[{"embeddable":true,"href":"https:\/\/www.welovecycling.com\/sk\/wp-json\/wp\/v2\/users\/172"}],"replies":[{"embeddable":true,"href":"https:\/\/www.welovecycling.com\/sk\/wp-json\/wp\/v2\/comments?post=20424"}],"version-history":[{"count":2,"href":"https:\/\/www.welovecycling.com\/sk\/wp-json\/wp\/v2\/posts\/20424\/revisions"}],"predecessor-version":[{"id":20442,"href":"https:\/\/www.welovecycling.com\/sk\/wp-json\/wp\/v2\/posts\/20424\/revisions\/20442"}],"wp:featuredmedia":[{"embeddable":true,"href":"https:\/\/www.welovecycling.com\/sk\/wp-json\/wp\/v2\/media\/20425"}],"wp:attachment":[{"href":"https:\/\/www.welovecycling.com\/sk\/wp-json\/wp\/v2\/media?parent=20424"}],"wp:term":[{"taxonomy":"category","embeddable":true,"href":"https:\/\/www.welovecycling.com\/sk\/wp-json\/wp\/v2\/categories?post=20424"},{"taxonomy":"post_tag","embeddable":true,"href":"https:\/\/www.welovecycling.com\/sk\/wp-json\/wp\/v2\/tags?post=20424"},{"taxonomy":"global-categories","embeddable":true,"href":"https:\/\/www.welovecycling.com\/sk\/wp-json\/wp\/v2\/global-categories?post=20424"}],"curies":[{"name":"wp","href":"https:\/\/api.w.org\/{rel}","templated":true}]}}