{"id":2042,"date":"2017-09-03T19:18:52","date_gmt":"2017-09-03T17:18:52","guid":{"rendered":"https:\/\/www.welovecycling.com\/sk\/?p=2042"},"modified":"2017-09-04T12:48:30","modified_gmt":"2017-09-04T10:48:30","slug":"25-tvrdeni-cyklistoch-ktore-su-riadna-hlupost","status":"publish","type":"post","link":"https:\/\/www.welovecycling.com\/sk\/2017\/09\/03\/25-tvrdeni-cyklistoch-ktore-su-riadna-hlupost\/","title":{"rendered":"25 tvrden\u00ed o cyklistoch, ktor\u00e9 s\u00fa riadna hl\u00fapos\u0165&#8230;"},"content":{"rendered":"<p><strong>\u2026 ale po\u010dujeme ich dos\u0165 \u010dasto<\/strong><!--more--><\/p>\n<p>1. Je mo\u017en\u00e9, \u017ee prilba tla\u010d\u00ed na mozog?<\/p>\n<p>2. \u010c\u00edtal som, \u017ee hodina v sedle zabije miliardu spermi\u00ed.<\/p>\n<p>3. Pre\u010do by som \u0161iel na bicykli, ke\u010f tam m\u00f4\u017eem \u00eds\u0165 autom?<\/p>\n<p>4. Ve\u013ek\u00e9 percento cyklistov zomrie na infarkt.<\/p>\n<p>5. Pneumatiky horsk\u00e9ho bicykla po\u0161kodzuj\u00fa chodn\u00edky viac ako kone.<\/p>\n<p>6. Bicykle s\u00fa hrozbou pre chodcov.<\/p>\n<p>7. Je dok\u00e1zan\u00e9, \u017ee pravideln\u00fd cyklistick\u00fd tr\u00e9ning zni\u017euje chu\u0165 na sex.<\/p>\n<p>8. Aj ke\u010f sa to sna\u017eia poprie\u0165, v\u0161etci top cyklisti dopuj\u00fa \u2013 len\u017ee s\u00fa o krok napred, tak\u017ee im to nem\u00f4\u017eu dok\u00e1za\u0165.<\/p>\n<p>9. Pre dobro ostatn\u00fdch, energia produkovan\u00e1 cyklistami by mala by\u0165 pou\u017eit\u00e1 na nie\u010do u\u017eito\u010dn\u00e9.<\/p>\n<p>10. Je \u00fapln\u00e1 hl\u00fapos\u0165 k\u00fapi\u0165 si bicykel za 3 000 \u20ac. Ten m\u00f4j m\u00e1 predsa tie\u017e 2 koles\u00e1 a rovnak\u00fa funkciu.<\/p>\n<p>11. Dne\u0161n\u00e9 preteky s\u00fa len o t\u00edme \u2013 \u017eiadny cyklista nem\u00e1 \u0161ancu dokon\u010di\u0165 na vlastn\u00fa p\u00e4s\u0165.<\/p>\n<p>12. Zjazd je pre hlup\u00e1kov.<\/p>\n<p>13. Jazdeck\u00e1 poloha v predklone sp\u00f4sobuje arftrofiu bru\u0161n\u00e9ho svalstva, tak\u017ee v\u00e4\u010d\u0161ina cyklistov m\u00e1 prepadnut\u00e9 brucho.<\/p>\n<p>14. Iba metrosexu\u00e1l si m\u00f4\u017ee obliec\u0165 lycru!<\/p>\n<p>15. Na\u0161e mesto sa nehod\u00ed pre bicykle \u2013 m\u00e1me aut\u00e1, elektri\u010dky, autobusy, tak\u017ee tu u\u017e nie je pre ne miesto.<\/p>\n<p>16. Horsk\u00e1 cyklistika by mala by\u0165 zak\u00e1zan\u00e1, preto\u017ee ru\u0161\u00ed chr\u00e1nen\u00e9 druhy vt\u00e1kov po\u010das ich hniezdenia.<\/p>\n<p>17. Pre\u010do tak\u00fd rozruch okolo v\u00fd\u017eivy? Najlep\u0161\u00edm \u0161portov\u00fdm \u201edrinkom\u201c je predsa pivo.<\/p>\n<p>18. Cyklistika je najv\u00e4\u010d\u0161ia pr\u00e1\u010dka pe\u0148az\u00ed, hne\u010f za moto\u0161portom.<\/p>\n<p>19. Cestn\u00ed cyklisti by mali pou\u017e\u00edva\u0165 iba chodn\u00edky, preto\u017ee inak spoma\u013euj\u00fa dopravu.<\/p>\n<p>20. Mysl\u00edm, \u017ee by si sa mal venova\u0165 nie\u010domu norm\u00e1lnemu \u2013 napr\u00edklad futbalu.<\/p>\n<p>21. Ka\u017ed\u00fd cyklistka si mus\u00ed holi\u0165 nohy.<\/p>\n<p>22. Cyklista mus\u00ed predsa nosi\u0165 len elastick\u00e9 a priliehav\u00e9 oble\u010denie.<\/p>\n<p>23. Je to tak \u013eahk\u00e9, sta\u010d\u00ed len \u0161liapa\u0165 do ped\u00e1lov a hne\u010f m\u00e1te zaroben\u00e9 na \u017eivobytie.<\/p>\n<p>24. Z kopca to predsa ide samo a nie je na tom ni\u010d \u0165a\u017ek\u00e9.<\/p>\n<p>25. Cyklistika je \u0161port v\u00fdhradne pre mu\u017eov.<\/p>\n","protected":false},"excerpt":{"rendered":"<p>\u2026 ale po\u010dujeme ich dos\u0165 \u010dasto<\/p>\n","protected":false},"author":38,"featured_media":2043,"comment_status":"open","ping_status":"open","sticky":false,"template":"","format":"standard","meta":{"footnotes":""},"categories":[118],"tags":[183],"global-categories":[],"class_list":["post-2042","post","type-post","status-publish","format-standard","has-post-thumbnail","hentry","category-zabava","tag-zabava"],"yoast_head":"<!-- This site is optimized with the Yoast SEO Premium plugin v25.3 (Yoast SEO v25.9) - https:\/\/yoast.com\/wordpress\/plugins\/seo\/ -->\n<title>25 tvrden\u00ed o cyklistoch, ktor\u00e9 s\u00fa riadna hl\u00fapos\u0165... - \u0160koda We Love Cycling Slovensko<\/title>\n<meta name=\"robots\" content=\"index, follow, max-snippet:-1, max-image-preview:large, max-video-preview:-1\" \/>\n<link rel=\"canonical\" href=\"https:\/\/www.welovecycling.com\/sk\/2017\/09\/03\/25-tvrdeni-cyklistoch-ktore-su-riadna-hlupost\/\" \/>\n<meta property=\"og:locale\" content=\"sk_SK\" \/>\n<meta property=\"og:type\" content=\"article\" \/>\n<meta property=\"og:title\" content=\"25 tvrden\u00ed o cyklistoch, ktor\u00e9 s\u00fa riadna hl\u00fapos\u0165...\" \/>\n<meta property=\"og:description\" content=\"\u2026 ale po\u010dujeme ich dos\u0165 \u010dasto\" \/>\n<meta property=\"og:url\" content=\"https:\/\/www.welovecycling.com\/sk\/2017\/09\/03\/25-tvrdeni-cyklistoch-ktore-su-riadna-hlupost\/\" \/>\n<meta property=\"og:site_name\" content=\"\u0160koda We Love Cycling Slovensko\" \/>\n<meta property=\"article:published_time\" content=\"2017-09-03T17:18:52+00:00\" \/>\n<meta property=\"article:modified_time\" content=\"2017-09-04T10:48:30+00:00\" \/>\n<meta property=\"og:image\" content=\"https:\/\/d2p6e6u75xmxt8.cloudfront.net\/4\/2017\/08\/profimedia-0334644275jpg.webp\" \/>\n\t<meta property=\"og:image:width\" content=\"1800\" \/>\n\t<meta property=\"og:image:height\" content=\"785\" \/>\n\t<meta property=\"og:image:type\" content=\"image\/webp\" \/>\n<meta name=\"author\" content=\"Ondrej Ga\u0161par\" \/>\n<meta name=\"twitter:card\" content=\"summary_large_image\" \/>\n<meta name=\"twitter:label1\" content=\"Written by\" \/>\n\t<meta name=\"twitter:data1\" content=\"Adam Mar\u0161al\" \/>\n\t<meta name=\"twitter:label2\" content=\"Est. reading time\" \/>\n\t<meta name=\"twitter:data2\" content=\"2 minutes\" \/>\n<script type=\"application\/ld+json\" class=\"yoast-schema-graph\">{\"@context\":\"https:\/\/schema.org\",\"@graph\":[{\"@type\":\"WebPage\",\"@id\":\"https:\/\/www.welovecycling.com\/sk\/2017\/09\/03\/25-tvrdeni-cyklistoch-ktore-su-riadna-hlupost\/\",\"url\":\"https:\/\/www.welovecycling.com\/sk\/2017\/09\/03\/25-tvrdeni-cyklistoch-ktore-su-riadna-hlupost\/\",\"name\":\"25 tvrden\u00ed o cyklistoch, ktor\u00e9 s\u00fa riadna hl\u00fapos\u0165... - \u0160koda We Love Cycling Slovensko\",\"isPartOf\":{\"@id\":\"https:\/\/www.welovecycling.com\/sk\/#website\"},\"primaryImageOfPage\":{\"@id\":\"https:\/\/www.welovecycling.com\/sk\/2017\/09\/03\/25-tvrdeni-cyklistoch-ktore-su-riadna-hlupost\/#primaryimage\"},\"image\":{\"@id\":\"https:\/\/www.welovecycling.com\/sk\/2017\/09\/03\/25-tvrdeni-cyklistoch-ktore-su-riadna-hlupost\/#primaryimage\"},\"thumbnailUrl\":\"https:\/\/d2p6e6u75xmxt8.cloudfront.net\/4\/2017\/08\/profimedia-0334644275jpg.webp\",\"datePublished\":\"2017-09-03T17:18:52+00:00\",\"dateModified\":\"2017-09-04T10:48:30+00:00\",\"author\":{\"@id\":\"https:\/\/www.welovecycling.com\/sk\/#\/schema\/person\/8ee09ba39b7e25b1870160aa5b3a89bc\"},\"breadcrumb\":{\"@id\":\"https:\/\/www.welovecycling.com\/sk\/2017\/09\/03\/25-tvrdeni-cyklistoch-ktore-su-riadna-hlupost\/#breadcrumb\"},\"inLanguage\":\"sk-SK\",\"potentialAction\":[{\"@type\":\"ReadAction\",\"target\":[\"https:\/\/www.welovecycling.com\/sk\/2017\/09\/03\/25-tvrdeni-cyklistoch-ktore-su-riadna-hlupost\/\"]}]},{\"@type\":\"ImageObject\",\"inLanguage\":\"sk-SK\",\"@id\":\"https:\/\/www.welovecycling.com\/sk\/2017\/09\/03\/25-tvrdeni-cyklistoch-ktore-su-riadna-hlupost\/#primaryimage\",\"url\":\"https:\/\/d2p6e6u75xmxt8.cloudfront.net\/4\/2017\/08\/profimedia-0334644275jpg.webp\",\"contentUrl\":\"https:\/\/d2p6e6u75xmxt8.cloudfront.net\/4\/2017\/08\/profimedia-0334644275jpg.webp\",\"width\":1800,\"height\":785},{\"@type\":\"BreadcrumbList\",\"@id\":\"https:\/\/www.welovecycling.com\/sk\/2017\/09\/03\/25-tvrdeni-cyklistoch-ktore-su-riadna-hlupost\/#breadcrumb\",\"itemListElement\":[{\"@type\":\"ListItem\",\"position\":1,\"name\":\"Home\",\"item\":\"https:\/\/www.welovecycling.com\/sk\/\"},{\"@type\":\"ListItem\",\"position\":2,\"name\":\"25 tvrden\u00ed o cyklistoch, ktor\u00e9 s\u00fa riadna hl\u00fapos\u0165&#8230;\"}]},{\"@type\":\"WebSite\",\"@id\":\"https:\/\/www.welovecycling.com\/sk\/#website\",\"url\":\"https:\/\/www.welovecycling.com\/sk\/\",\"name\":\"\u0160koda We Love Cycling Slovensko\",\"description\":\"\u0160koda We Love Cycling Slovensko je v\u00e1\u0161 ka\u017edodenn\u00fd zdroj noviniek a in\u0161pir\u00e1cie z sveta cyklistiky\",\"potentialAction\":[{\"@type\":\"SearchAction\",\"target\":{\"@type\":\"EntryPoint\",\"urlTemplate\":\"https:\/\/www.welovecycling.com\/sk\/?s={search_term_string}\"},\"query-input\":{\"@type\":\"PropertyValueSpecification\",\"valueRequired\":true,\"valueName\":\"search_term_string\"}}],\"inLanguage\":\"sk-SK\"},{\"@type\":\"Person\",\"@id\":\"https:\/\/www.welovecycling.com\/sk\/#\/schema\/person\/8ee09ba39b7e25b1870160aa5b3a89bc\",\"name\":\"Ondrej Ga\u0161par\",\"image\":{\"@type\":\"ImageObject\",\"inLanguage\":\"sk-SK\",\"@id\":\"https:\/\/www.welovecycling.com\/sk\/#\/schema\/person\/image\/\",\"url\":\"https:\/\/secure.gravatar.com\/avatar\/6126c9afb87b70da5abbb083ddbb21933da15f18f8ca7cb822aba0fb096a48f6?s=96&d=mm&r=g\",\"contentUrl\":\"https:\/\/secure.gravatar.com\/avatar\/6126c9afb87b70da5abbb083ddbb21933da15f18f8ca7cb822aba0fb096a48f6?s=96&d=mm&r=g\",\"caption\":\"Ondrej Ga\u0161par\"},\"url\":\"https:\/\/www.welovecycling.com\/sk\/author\/ondrejgaspar\/\"}]}<\/script>\n<!-- \/ Yoast SEO Premium plugin. -->","yoast_head_json":{"title":"25 tvrden\u00ed o cyklistoch, ktor\u00e9 s\u00fa riadna hl\u00fapos\u0165... - \u0160koda We Love Cycling Slovensko","robots":{"index":"index","follow":"follow","max-snippet":"max-snippet:-1","max-image-preview":"max-image-preview:large","max-video-preview":"max-video-preview:-1"},"canonical":"https:\/\/www.welovecycling.com\/sk\/2017\/09\/03\/25-tvrdeni-cyklistoch-ktore-su-riadna-hlupost\/","og_locale":"sk_SK","og_type":"article","og_title":"25 tvrden\u00ed o cyklistoch, ktor\u00e9 s\u00fa riadna hl\u00fapos\u0165...","og_description":"\u2026 ale po\u010dujeme ich dos\u0165 \u010dasto","og_url":"https:\/\/www.welovecycling.com\/sk\/2017\/09\/03\/25-tvrdeni-cyklistoch-ktore-su-riadna-hlupost\/","og_site_name":"\u0160koda We Love Cycling Slovensko","article_published_time":"2017-09-03T17:18:52+00:00","article_modified_time":"2017-09-04T10:48:30+00:00","og_image":[{"width":1800,"height":785,"url":"https:\/\/d2p6e6u75xmxt8.cloudfront.net\/4\/2017\/08\/profimedia-0334644275jpg.webp","type":"image\/webp"}],"author":"Ondrej Ga\u0161par","twitter_card":"summary_large_image","twitter_misc":{"Written by":"Adam Mar\u0161al","Est. reading time":"2 minutes"},"schema":{"@context":"https:\/\/schema.org","@graph":[{"@type":"WebPage","@id":"https:\/\/www.welovecycling.com\/sk\/2017\/09\/03\/25-tvrdeni-cyklistoch-ktore-su-riadna-hlupost\/","url":"https:\/\/www.welovecycling.com\/sk\/2017\/09\/03\/25-tvrdeni-cyklistoch-ktore-su-riadna-hlupost\/","name":"25 tvrden\u00ed o cyklistoch, ktor\u00e9 s\u00fa riadna hl\u00fapos\u0165... - \u0160koda We Love Cycling Slovensko","isPartOf":{"@id":"https:\/\/www.welovecycling.com\/sk\/#website"},"primaryImageOfPage":{"@id":"https:\/\/www.welovecycling.com\/sk\/2017\/09\/03\/25-tvrdeni-cyklistoch-ktore-su-riadna-hlupost\/#primaryimage"},"image":{"@id":"https:\/\/www.welovecycling.com\/sk\/2017\/09\/03\/25-tvrdeni-cyklistoch-ktore-su-riadna-hlupost\/#primaryimage"},"thumbnailUrl":"https:\/\/d2p6e6u75xmxt8.cloudfront.net\/4\/2017\/08\/profimedia-0334644275jpg.webp","datePublished":"2017-09-03T17:18:52+00:00","dateModified":"2017-09-04T10:48:30+00:00","author":{"@id":"https:\/\/www.welovecycling.com\/sk\/#\/schema\/person\/8ee09ba39b7e25b1870160aa5b3a89bc"},"breadcrumb":{"@id":"https:\/\/www.welovecycling.com\/sk\/2017\/09\/03\/25-tvrdeni-cyklistoch-ktore-su-riadna-hlupost\/#breadcrumb"},"inLanguage":"sk-SK","potentialAction":[{"@type":"ReadAction","target":["https:\/\/www.welovecycling.com\/sk\/2017\/09\/03\/25-tvrdeni-cyklistoch-ktore-su-riadna-hlupost\/"]}]},{"@type":"ImageObject","inLanguage":"sk-SK","@id":"https:\/\/www.welovecycling.com\/sk\/2017\/09\/03\/25-tvrdeni-cyklistoch-ktore-su-riadna-hlupost\/#primaryimage","url":"https:\/\/d2p6e6u75xmxt8.cloudfront.net\/4\/2017\/08\/profimedia-0334644275jpg.webp","contentUrl":"https:\/\/d2p6e6u75xmxt8.cloudfront.net\/4\/2017\/08\/profimedia-0334644275jpg.webp","width":1800,"height":785},{"@type":"BreadcrumbList","@id":"https:\/\/www.welovecycling.com\/sk\/2017\/09\/03\/25-tvrdeni-cyklistoch-ktore-su-riadna-hlupost\/#breadcrumb","itemListElement":[{"@type":"ListItem","position":1,"name":"Home","item":"https:\/\/www.welovecycling.com\/sk\/"},{"@type":"ListItem","position":2,"name":"25 tvrden\u00ed o cyklistoch, ktor\u00e9 s\u00fa riadna hl\u00fapos\u0165&#8230;"}]},{"@type":"WebSite","@id":"https:\/\/www.welovecycling.com\/sk\/#website","url":"https:\/\/www.welovecycling.com\/sk\/","name":"\u0160koda We Love Cycling Slovensko","description":"\u0160koda We Love Cycling Slovensko je v\u00e1\u0161 ka\u017edodenn\u00fd zdroj noviniek a in\u0161pir\u00e1cie z sveta cyklistiky","potentialAction":[{"@type":"SearchAction","target":{"@type":"EntryPoint","urlTemplate":"https:\/\/www.welovecycling.com\/sk\/?s={search_term_string}"},"query-input":{"@type":"PropertyValueSpecification","valueRequired":true,"valueName":"search_term_string"}}],"inLanguage":"sk-SK"},{"@type":"Person","@id":"https:\/\/www.welovecycling.com\/sk\/#\/schema\/person\/8ee09ba39b7e25b1870160aa5b3a89bc","name":"Ondrej Ga\u0161par","image":{"@type":"ImageObject","inLanguage":"sk-SK","@id":"https:\/\/www.welovecycling.com\/sk\/#\/schema\/person\/image\/","url":"https:\/\/secure.gravatar.com\/avatar\/6126c9afb87b70da5abbb083ddbb21933da15f18f8ca7cb822aba0fb096a48f6?s=96&d=mm&r=g","contentUrl":"https:\/\/secure.gravatar.com\/avatar\/6126c9afb87b70da5abbb083ddbb21933da15f18f8ca7cb822aba0fb096a48f6?s=96&d=mm&r=g","caption":"Ondrej Ga\u0161par"},"url":"https:\/\/www.welovecycling.com\/sk\/author\/ondrejgaspar\/"}]}},"_links":{"self":[{"href":"https:\/\/www.welovecycling.com\/sk\/wp-json\/wp\/v2\/posts\/2042","targetHints":{"allow":["GET"]}}],"collection":[{"href":"https:\/\/www.welovecycling.com\/sk\/wp-json\/wp\/v2\/posts"}],"about":[{"href":"https:\/\/www.welovecycling.com\/sk\/wp-json\/wp\/v2\/types\/post"}],"author":[{"embeddable":true,"href":"https:\/\/www.welovecycling.com\/sk\/wp-json\/wp\/v2\/users\/38"}],"replies":[{"embeddable":true,"href":"https:\/\/www.welovecycling.com\/sk\/wp-json\/wp\/v2\/comments?post=2042"}],"version-history":[{"count":2,"href":"https:\/\/www.welovecycling.com\/sk\/wp-json\/wp\/v2\/posts\/2042\/revisions"}],"predecessor-version":[{"id":2133,"href":"https:\/\/www.welovecycling.com\/sk\/wp-json\/wp\/v2\/posts\/2042\/revisions\/2133"}],"wp:featuredmedia":[{"embeddable":true,"href":"https:\/\/www.welovecycling.com\/sk\/wp-json\/wp\/v2\/media\/2043"}],"wp:attachment":[{"href":"https:\/\/www.welovecycling.com\/sk\/wp-json\/wp\/v2\/media?parent=2042"}],"wp:term":[{"taxonomy":"category","embeddable":true,"href":"https:\/\/www.welovecycling.com\/sk\/wp-json\/wp\/v2\/categories?post=2042"},{"taxonomy":"post_tag","embeddable":true,"href":"https:\/\/www.welovecycling.com\/sk\/wp-json\/wp\/v2\/tags?post=2042"},{"taxonomy":"global-categories","embeddable":true,"href":"https:\/\/www.welovecycling.com\/sk\/wp-json\/wp\/v2\/global-categories?post=2042"}],"curies":[{"name":"wp","href":"https:\/\/api.w.org\/{rel}","templated":true}]}}