{"id":20414,"date":"2025-05-29T11:13:30","date_gmt":"2025-05-29T09:13:30","guid":{"rendered":"https:\/\/www.welovecycling.com\/sk\/?p=20414"},"modified":"2025-05-29T11:13:30","modified_gmt":"2025-05-29T09:13:30","slug":"kralova-hola-vyzva-ktora-si-zasluzi-respekt","status":"publish","type":"post","link":"https:\/\/www.welovecycling.com\/sk\/2025\/05\/29\/kralova-hola-vyzva-ktora-si-zasluzi-respekt\/","title":{"rendered":"Kr\u00e1\u013eova ho\u013ea \u2013 v\u00fdzva, ktor\u00e1 si zasl\u00fa\u017ei re\u0161pekt"},"content":{"rendered":"<p><strong>Kto raz vyst\u00fapal na Kr\u00e1\u013eovu ho\u013eu vlastn\u00fdmi silami, ten vie, \u017ee nejde len o \u0161portov\u00fd v\u00fdkon. Je to cyklistick\u00fd ritu\u00e1l. Symbolick\u00e1 v\u00fdzva, ktor\u00fa zvl\u00e1dnu len t\u00ed najodhodlanej\u0161\u00ed. A pr\u00e1ve tento legend\u00e1rny kopec, dominanta Horehronia a srdce N\u00edzkych Tatier, bude op\u00e4\u0165 v centre pozornosti po\u010das jedn\u00e9ho z najv\u00fdznamnej\u0161\u00edch MTB podujat\u00ed na Slovensku \u2013 \u0160koda HORAL MTB Marat\u00f3nu 2025.<\/strong><!--more--><\/p>\n<p><span style=\"font-weight: 400;\">Kr\u00e1\u013eova ho\u013ea neodp\u00fa\u0161\u0165a nepripraven\u00fdm. Strm\u00e9 st\u00fapania, vysok\u00e1 nadmorsk\u00e1 v\u00fd\u0161ka a nezamenite\u013en\u00e1 atmosf\u00e9ra horsk\u00e9ho hrebe\u0148a robia z tohto kopca najv\u00fdraznej\u0161\u00ed symbol cyklistickej n\u00e1ro\u010dnosti na Slovensku. Je to cie\u013e, ktor\u00fd neoslovuje len kv\u00f4li panoramatick\u00fdm v\u00fdh\u013eadom, ale najm\u00e4 preto, \u017ee <strong>v\u00fdjazd na \u0148u prever\u00ed ka\u017ed\u00fa svalov\u00fa vl\u00e1kninu a odhal\u00ed ment\u00e1lnu silu jazdca.<\/strong><\/span><\/p>\n<p><span style=\"font-weight: 400;\">V roku 2025 bude st\u00fapanie na Kr\u00e1\u013eovu ho\u013eu op\u00e4\u0165 neoddelite\u013enou s\u00fa\u010das\u0165ou trate <strong>HORAL KREJZI \u2013 naj\u0165a\u017e\u0161ej a najikonickej\u0161ej z pon\u00fakan\u00fdch tr\u00e1s marat\u00f3nu.<\/strong> \u00dasek ved\u00faci a\u017e na vrchol vo v\u00fd\u0161ke 1946 m n. m. je vrcholn\u00fdm momentom cel\u00e9ho preteku. Na \u00fa\u010dastn\u00edkov tu \u010dak\u00e1 116 km dlh\u00e1 tra\u0165 s viac ako 4000 v\u00fd\u0161kov\u00fdmi metrami \u2013 a pr\u00e1ve Kr\u00e1\u013eova ho\u013ea je jej korunou.<\/span><\/p>\n<p><img loading=\"lazy\" decoding=\"async\" class=\"alignnone size-full wp-image-20416\" src=\"https:\/\/d2p6e6u75xmxt8.cloudfront.net\/4\/2025\/05\/SBOT-Horal-Svit-2024-405.webp\" alt=\"\" width=\"990\" height=\"660\" srcset=\"https:\/\/d2p6e6u75xmxt8.cloudfront.net\/4\/2025\/05\/SBOT-Horal-Svit-2024-405.webp 990w, https:\/\/d2p6e6u75xmxt8.cloudfront.net\/4\/2025\/05\/SBOT-Horal-Svit-2024-405-300x200.webp 300w, https:\/\/d2p6e6u75xmxt8.cloudfront.net\/4\/2025\/05\/SBOT-Horal-Svit-2024-405-768x512.webp 768w, https:\/\/d2p6e6u75xmxt8.cloudfront.net\/4\/2025\/05\/SBOT-Horal-Svit-2024-405-400x267.webp 400w, https:\/\/d2p6e6u75xmxt8.cloudfront.net\/4\/2025\/05\/SBOT-Horal-Svit-2024-405-272x182.webp 272w\" sizes=\"auto, (max-width: 990px) 100vw, 990px\" \/><\/p>\n<h2><b>Kr\u00e1\u013eovsk\u00e1 v\u00fdzva pre kr\u00e1\u013eovsk\u00fd v\u00fdkon<\/b><\/h2>\n<p><span style=\"font-weight: 400;\">Pre mnoh\u00fdch horsk\u00fdch cyklistov je v\u00fdstup na Kr\u00e1\u013eovu ho\u013eu viac ne\u017e len s\u00fa\u010das\u0165 pretekov \u2013 je to osobn\u00fd m\u00ed\u013enik. Tak\u00fd, ktor\u00fd ost\u00e1va v pam\u00e4ti aj dlho po tom, \u010do zmyjete blato z bicykla. Na vrchole sa sp\u00e1ja \u0161port s pr\u00edrodou, fyzick\u00e9 vy\u010derpanie s duchovn\u00fdm z\u00e1\u017eitkom. Niet divu, \u017ee v\u00fdstup sem m\u00e1 v horskej cyklistike takmer m\u00fdtick\u00fd status.<\/span><\/p>\n<p><span style=\"font-weight: 400;\">Organiz\u00e1tori HORALU si t\u00fato v\u00fdnimo\u010dnos\u0165 uvedomuj\u00fa a aj preto zost\u00e1va Kr\u00e1\u013eova ho\u013ea stabilnou s\u00fa\u010das\u0165ou naj\u0165a\u017e\u0161ej trasy marat\u00f3nu. <strong>Kto sa rozhodne pre HORAL KREJZI, mus\u00ed po\u010d\u00edta\u0165 s t\u00fdm, \u017ee bez Kr\u00e1\u013eovej hole nebude ma\u0165 jeho v\u00fdkon ten prav\u00fd lesk.<\/strong> A pr\u00e1ve to pri\u0165ahuje ka\u017edoro\u010dne stovky elitn\u00fdch, ale aj ambici\u00f3znych rekrea\u010dn\u00fdch jazdcov.<\/span><\/p>\n<p><img loading=\"lazy\" decoding=\"async\" class=\"alignnone size-full wp-image-20417\" src=\"https:\/\/d2p6e6u75xmxt8.cloudfront.net\/4\/2025\/05\/SBOT-Horal-Svit-2024-189-scaled-e1748508473477.webp\" alt=\"\" width=\"990\" height=\"660\" srcset=\"https:\/\/d2p6e6u75xmxt8.cloudfront.net\/4\/2025\/05\/SBOT-Horal-Svit-2024-189-scaled-e1748508473477.webp 990w, https:\/\/d2p6e6u75xmxt8.cloudfront.net\/4\/2025\/05\/SBOT-Horal-Svit-2024-189-1920x1280.webp 1920w\" sizes=\"auto, (max-width: 990px) 100vw, 990px\" \/><\/p>\n<h2><b>Nie\u010do pre ka\u017ed\u00e9ho, ale Kr\u00e1\u013eovn\u00e1 \u010dak\u00e1 len najodv\u00e1\u017enej\u0161\u00edch<\/b><\/h2>\n<p><span style=\"font-weight: 400;\">Aj ke\u010f Kr\u00e1\u013eova ho\u013ea bude op\u00e4\u0165 v\u00fdzvou len pre t\u00fdch najsk\u00fasenej\u0161\u00edch a najvytrvalej\u0161\u00edch, podujatie \u0160koda HORAL MTB Marat\u00f3n pon\u00faka <strong>\u0161irok\u00e9 spektrum tr\u00e1s pre v\u0161etky v\u00fdkonnostn\u00e9 \u00farovne.<\/strong> Od menej n\u00e1ro\u010dn\u00fdch okruhov pre za\u010diato\u010dn\u00edkov, rodiny a deti, a\u017e po technicky a fyzicky n\u00e1ro\u010dn\u00e9 trasy s dlh\u00fdmi st\u00fapaniami, r\u00fdchlymi zjazdmi a kr\u00e1snymi v\u00fdh\u013eadmi.<\/span><\/p>\n<p><span style=\"font-weight: 400;\">Hoci na samotn\u00fa Kr\u00e1\u013eovu ho\u013eu zamieria len \u00fa\u010dastn\u00edci trasy KREJZI, cel\u00fd marat\u00f3n sa nesie v duchu v\u00fdziev a dobrodru\u017estva. Ka\u017ed\u00fd si tu n\u00e1jde svoju v\u00fdzvu \u2013 \u010di u\u017e v podobe tra\u0165ov\u00fdch kilometrov, technick\u00fdch \u00fasekov, alebo len osobn\u00e9ho cie\u013ea d\u00f4js\u0165 do cie\u013ea s \u00fasmevom.<\/span><\/p>\n<div id='gallery-1' class='gallery galleryid-20414 gallery-columns-2 gallery-size-full'><figure class='gallery-item'>\n\t\t\t<div class='gallery-icon landscape'>\n\t\t\t\t<a href='https:\/\/d2p6e6u75xmxt8.cloudfront.net\/4\/2025\/05\/01-2.webp'><img loading=\"lazy\" decoding=\"async\" width=\"990\" height=\"990\" src=\"https:\/\/d2p6e6u75xmxt8.cloudfront.net\/4\/2025\/05\/01-2.webp\" class=\"attachment-full size-full\" alt=\"Kr\u00e1\u013eova ho\u013ea\" aria-describedby=\"gallery-1-20420\" srcset=\"https:\/\/d2p6e6u75xmxt8.cloudfront.net\/4\/2025\/05\/01-2.webp 990w, https:\/\/d2p6e6u75xmxt8.cloudfront.net\/4\/2025\/05\/01-2-300x300.webp 300w, https:\/\/d2p6e6u75xmxt8.cloudfront.net\/4\/2025\/05\/01-2-150x150.webp 150w, https:\/\/d2p6e6u75xmxt8.cloudfront.net\/4\/2025\/05\/01-2-768x768.webp 768w, https:\/\/d2p6e6u75xmxt8.cloudfront.net\/4\/2025\/05\/01-2-400x400.webp 400w\" sizes=\"auto, (max-width: 990px) 100vw, 990px\" \/><\/a>\n\t\t\t<\/div>\n\t\t\t\t<figcaption class='wp-caption-text gallery-caption' id='gallery-1-20420'>\n\t\t\t\tZdroj: MTBIKER\n\t\t\t\t<\/figcaption><\/figure><figure class='gallery-item'>\n\t\t\t<div class='gallery-icon landscape'>\n\t\t\t\t<a href='https:\/\/d2p6e6u75xmxt8.cloudfront.net\/4\/2025\/05\/02-2.webp'><img loading=\"lazy\" decoding=\"async\" width=\"990\" height=\"990\" src=\"https:\/\/d2p6e6u75xmxt8.cloudfront.net\/4\/2025\/05\/02-2.webp\" class=\"attachment-full size-full\" alt=\"Kr\u00e1\u013eova ho\u013ea\" srcset=\"https:\/\/d2p6e6u75xmxt8.cloudfront.net\/4\/2025\/05\/02-2.webp 990w, https:\/\/d2p6e6u75xmxt8.cloudfront.net\/4\/2025\/05\/02-2-300x300.webp 300w, https:\/\/d2p6e6u75xmxt8.cloudfront.net\/4\/2025\/05\/02-2-150x150.webp 150w, https:\/\/d2p6e6u75xmxt8.cloudfront.net\/4\/2025\/05\/02-2-768x768.webp 768w, https:\/\/d2p6e6u75xmxt8.cloudfront.net\/4\/2025\/05\/02-2-400x400.webp 400w\" sizes=\"auto, (max-width: 990px) 100vw, 990px\" \/><\/a>\n\t\t\t<\/div><\/figure>\n\t\t<\/div>\n\n<h2><b>Viac ne\u017e len preteky<\/b><\/h2>\n<p><span style=\"font-weight: 400;\">HORAL nie je len o v\u00fdkonoch a v\u00fdsledkoch. Je to oslava horskej cyklistiky, \u0161portovej komunity a kr\u00e1s slovenskej pr\u00edrody. Atmosf\u00e9ra podujatia, ktor\u00e9 ka\u017edoro\u010dne host\u00ed mesto Svit, je v\u00fdnimo\u010dn\u00e1 \u2013 <strong>s bohat\u00fdm sprievodn\u00fdm programom, detsk\u00fdmi pretekmi, rodinn\u00fdmi trasami a komunitou, ktor\u00e1 dr\u017e\u00ed spolu.<\/strong><\/span><\/p>\n<p><span style=\"font-weight: 400;\">Zmyslupln\u00fd rozmer podujatiu dod\u00e1va aj spolupr\u00e1ca s charitat\u00edvnym zdru\u017een\u00edm \u0160portuj Srdcom o.z., ktor\u00e9 podporuje \u013eud\u00ed s nevylie\u010dite\u013en\u00fdm ochoren\u00edm ALS. Ka\u017ed\u00fd \u00fa\u010dastn\u00edk m\u00f4\u017ee svoj\u00edm \u0161tartovn\u00fdm alebo pr\u00edspevkom pom\u00f4c\u0165 t\u00fdm, ktor\u00ed u\u017e na bicykel sadn\u00fa\u0165 nem\u00f4\u017eu.<\/span><\/p>\n<figure id=\"attachment_18787\" aria-describedby=\"caption-attachment-18787\" style=\"width: 990px\" class=\"wp-caption alignnone\"><img loading=\"lazy\" decoding=\"async\" class=\"wp-image-18787 size-full\" src=\"https:\/\/d2p6e6u75xmxt8.cloudfront.net\/4\/2024\/03\/01.webp\" alt=\"Kr\u00e1\u013eova ho\u013ea\" width=\"990\" height=\"660\" srcset=\"https:\/\/d2p6e6u75xmxt8.cloudfront.net\/4\/2024\/03\/01.webp 990w, https:\/\/d2p6e6u75xmxt8.cloudfront.net\/4\/2024\/03\/01-300x200.webp 300w, https:\/\/d2p6e6u75xmxt8.cloudfront.net\/4\/2024\/03\/01-768x512.webp 768w, https:\/\/d2p6e6u75xmxt8.cloudfront.net\/4\/2024\/03\/01-400x267.webp 400w, https:\/\/d2p6e6u75xmxt8.cloudfront.net\/4\/2024\/03\/01-272x182.webp 272w\" sizes=\"auto, (max-width: 990px) 100vw, 990px\" \/><figcaption id=\"caption-attachment-18787\" class=\"wp-caption-text\">Zdroj: Svetlana Skladan\u00e1<\/figcaption><\/figure>\n<h2><b>Z\u00e1ver? Kr\u00e1\u013eova ho\u013ea \u010dak\u00e1<\/b><\/h2>\n<p><span style=\"font-weight: 400;\">Ak si milovn\u00edkom h\u00f4r, v\u00fdziev a chce\u0161 za\u017ei\u0165 nie\u010do, \u010do sa nerob\u00ed ka\u017ed\u00fd de\u0148 \u2013 priprav sa. Kr\u00e1\u013eova ho\u013ea \u0165a \u010dak\u00e1. A HORAL ti d\u00e1 \u0161ancu vyst\u00fapa\u0165 a\u017e na jej vrchol.<\/span><\/p>\n<p><span style=\"font-weight: 400;\">Presn\u00e9 d\u00e1tumy, registr\u00e1cie a propoz\u00edcie podujatia \u0160koda HORAL MTB Marat\u00f3n 2025 prinesieme u\u017e \u010doskoro v samostatnom \u010dl\u00e1nku. Zatia\u013e si v\u0161ak zap\u00ed\u0161 jedin\u00e9: <\/span><b>kr\u00e1\u013eovn\u00e1 medzi slovensk\u00fdmi horami znovu otvor\u00ed svoje br\u00e1ny \u2013 a mo\u017eno ich prekon\u00e1\u0161 pr\u00e1ve ty.<\/b><\/p>\n","protected":false},"excerpt":{"rendered":"<p>Kto raz vyst\u00fapal na Kr\u00e1\u013eovu ho\u013eu vlastn\u00fdmi silami, ten vie, \u017ee nejde len o \u0161portov\u00fd v\u00fdkon. Je to cyklistick\u00fd ritu\u00e1l. [&hellip;]<\/p>\n","protected":false},"author":172,"featured_media":20418,"comment_status":"closed","ping_status":"closed","sticky":false,"template":"","format":"standard","meta":{"footnotes":""},"categories":[33],"tags":[211,180,532,1102,571,767,412,931,37,179,1643,542,35,214,508,1233],"global-categories":[1074],"class_list":["post-20414","post","type-post","status-publish","format-standard","has-post-thumbnail","hentry","category-sbot","tag-horal","tag-horska-cyklistika","tag-jazdenie","tag-kopec","tag-kralova-hola","tag-motivacia","tag-mtb","tag-odporucame","tag-podujatia","tag-preteky","tag-sezona-2025","tag-skoda","tag-sbot","tag-skoda-horal-mtb-maraton","tag-vylet","tag-vyzva","global-categories-cycling"],"yoast_head":"<!-- This site is optimized with the Yoast SEO Premium plugin v25.3 (Yoast SEO v25.9) - https:\/\/yoast.com\/wordpress\/plugins\/seo\/ -->\n<title>Kr\u00e1\u013eova ho\u013ea \u2013 v\u00fdzva, ktor\u00e1 si zasl\u00fa\u017ei re\u0161pekt - \u0160koda We Love Cycling Slovensko<\/title>\n<meta name=\"description\" content=\"Kto raz vyst\u00fapal na Kr\u00e1\u013eovu ho\u013eu vlastn\u00fdmi silami, ten vie, \u017ee nejde len o \u0161portov\u00fd v\u00fdkon. Je to cyklistick\u00fd ritu\u00e1l.\" \/>\n<meta name=\"robots\" content=\"index, follow, max-snippet:-1, max-image-preview:large, max-video-preview:-1\" \/>\n<link rel=\"canonical\" href=\"https:\/\/www.welovecycling.com\/sk\/2025\/05\/29\/kralova-hola-vyzva-ktora-si-zasluzi-respekt\/\" \/>\n<meta property=\"og:locale\" content=\"sk_SK\" \/>\n<meta property=\"og:type\" content=\"article\" \/>\n<meta property=\"og:title\" content=\"Kr\u00e1\u013eova ho\u013ea \u2013 v\u00fdzva, ktor\u00e1 si zasl\u00fa\u017ei re\u0161pekt\" \/>\n<meta property=\"og:description\" content=\"Kto raz vyst\u00fapal na Kr\u00e1\u013eovu ho\u013eu vlastn\u00fdmi silami, ten vie, \u017ee nejde len o \u0161portov\u00fd v\u00fdkon. Je to cyklistick\u00fd ritu\u00e1l.\" \/>\n<meta property=\"og:url\" content=\"https:\/\/www.welovecycling.com\/sk\/2025\/05\/29\/kralova-hola-vyzva-ktora-si-zasluzi-respekt\/\" \/>\n<meta property=\"og:site_name\" content=\"\u0160koda We Love Cycling Slovensko\" \/>\n<meta property=\"article:published_time\" content=\"2025-05-29T09:13:30+00:00\" \/>\n<meta property=\"og:image\" content=\"https:\/\/d2p6e6u75xmxt8.cloudfront.net\/4\/2025\/05\/SBOT-Horal-Svit-2024-176-scaled-e1748508523231.webp\" \/>\n\t<meta property=\"og:image:width\" content=\"990\" \/>\n\t<meta property=\"og:image:height\" content=\"660\" \/>\n\t<meta property=\"og:image:type\" content=\"image\/webp\" \/>\n<meta name=\"author\" content=\"dominika\" \/>\n<meta name=\"twitter:card\" content=\"summary_large_image\" \/>\n<meta name=\"twitter:label1\" content=\"Written by\" \/>\n\t<meta name=\"twitter:data1\" content=\"We Love Cycling\" \/>\n\t<meta name=\"twitter:label2\" content=\"Est. reading time\" \/>\n\t<meta name=\"twitter:data2\" content=\"3\" \/>\n<script type=\"application\/ld+json\" class=\"yoast-schema-graph\">{\"@context\":\"https:\/\/schema.org\",\"@graph\":[{\"@type\":\"WebPage\",\"@id\":\"https:\/\/www.welovecycling.com\/sk\/2025\/05\/29\/kralova-hola-vyzva-ktora-si-zasluzi-respekt\/\",\"url\":\"https:\/\/www.welovecycling.com\/sk\/2025\/05\/29\/kralova-hola-vyzva-ktora-si-zasluzi-respekt\/\",\"name\":\"Kr\u00e1\u013eova ho\u013ea \u2013 v\u00fdzva, ktor\u00e1 si zasl\u00fa\u017ei re\u0161pekt - \u0160koda We Love Cycling Slovensko\",\"isPartOf\":{\"@id\":\"https:\/\/www.welovecycling.com\/sk\/#website\"},\"primaryImageOfPage\":{\"@id\":\"https:\/\/www.welovecycling.com\/sk\/2025\/05\/29\/kralova-hola-vyzva-ktora-si-zasluzi-respekt\/#primaryimage\"},\"image\":{\"@id\":\"https:\/\/www.welovecycling.com\/sk\/2025\/05\/29\/kralova-hola-vyzva-ktora-si-zasluzi-respekt\/#primaryimage\"},\"thumbnailUrl\":\"https:\/\/d2p6e6u75xmxt8.cloudfront.net\/4\/2025\/05\/SBOT-Horal-Svit-2024-176-scaled-e1748508523231.webp\",\"datePublished\":\"2025-05-29T09:13:30+00:00\",\"author\":{\"@id\":\"https:\/\/www.welovecycling.com\/sk\/#\/schema\/person\/533b62b98b6c41bd5135ebfb1f742624\"},\"description\":\"Kto raz vyst\u00fapal na Kr\u00e1\u013eovu ho\u013eu vlastn\u00fdmi silami, ten vie, \u017ee nejde len o \u0161portov\u00fd v\u00fdkon. Je to cyklistick\u00fd ritu\u00e1l.\",\"breadcrumb\":{\"@id\":\"https:\/\/www.welovecycling.com\/sk\/2025\/05\/29\/kralova-hola-vyzva-ktora-si-zasluzi-respekt\/#breadcrumb\"},\"inLanguage\":\"sk-SK\",\"potentialAction\":[{\"@type\":\"ReadAction\",\"target\":[\"https:\/\/www.welovecycling.com\/sk\/2025\/05\/29\/kralova-hola-vyzva-ktora-si-zasluzi-respekt\/\"]}]},{\"@type\":\"ImageObject\",\"inLanguage\":\"sk-SK\",\"@id\":\"https:\/\/www.welovecycling.com\/sk\/2025\/05\/29\/kralova-hola-vyzva-ktora-si-zasluzi-respekt\/#primaryimage\",\"url\":\"https:\/\/d2p6e6u75xmxt8.cloudfront.net\/4\/2025\/05\/SBOT-Horal-Svit-2024-176-scaled-e1748508523231.webp\",\"contentUrl\":\"https:\/\/d2p6e6u75xmxt8.cloudfront.net\/4\/2025\/05\/SBOT-Horal-Svit-2024-176-scaled-e1748508523231.webp\",\"width\":990,\"height\":660},{\"@type\":\"BreadcrumbList\",\"@id\":\"https:\/\/www.welovecycling.com\/sk\/2025\/05\/29\/kralova-hola-vyzva-ktora-si-zasluzi-respekt\/#breadcrumb\",\"itemListElement\":[{\"@type\":\"ListItem\",\"position\":1,\"name\":\"Home\",\"item\":\"https:\/\/www.welovecycling.com\/sk\/\"},{\"@type\":\"ListItem\",\"position\":2,\"name\":\"Kr\u00e1\u013eova ho\u013ea \u2013 v\u00fdzva, ktor\u00e1 si zasl\u00fa\u017ei re\u0161pekt\"}]},{\"@type\":\"WebSite\",\"@id\":\"https:\/\/www.welovecycling.com\/sk\/#website\",\"url\":\"https:\/\/www.welovecycling.com\/sk\/\",\"name\":\"\u0160koda We Love Cycling Slovensko\",\"description\":\"\u0160koda We Love Cycling Slovensko je v\u00e1\u0161 ka\u017edodenn\u00fd zdroj noviniek a in\u0161pir\u00e1cie z sveta cyklistiky\",\"potentialAction\":[{\"@type\":\"SearchAction\",\"target\":{\"@type\":\"EntryPoint\",\"urlTemplate\":\"https:\/\/www.welovecycling.com\/sk\/?s={search_term_string}\"},\"query-input\":{\"@type\":\"PropertyValueSpecification\",\"valueRequired\":true,\"valueName\":\"search_term_string\"}}],\"inLanguage\":\"sk-SK\"},{\"@type\":\"Person\",\"@id\":\"https:\/\/www.welovecycling.com\/sk\/#\/schema\/person\/533b62b98b6c41bd5135ebfb1f742624\",\"name\":\"dominika\",\"image\":{\"@type\":\"ImageObject\",\"inLanguage\":\"sk-SK\",\"@id\":\"https:\/\/www.welovecycling.com\/sk\/#\/schema\/person\/image\/\",\"url\":\"https:\/\/secure.gravatar.com\/avatar\/ded6f274ba2ec3e17fff153f7d9d96a4b33c2cb63907f75d9a5309c599a7f3e6?s=96&d=mm&r=g\",\"contentUrl\":\"https:\/\/secure.gravatar.com\/avatar\/ded6f274ba2ec3e17fff153f7d9d96a4b33c2cb63907f75d9a5309c599a7f3e6?s=96&d=mm&r=g\",\"caption\":\"dominika\"},\"url\":\"https:\/\/www.welovecycling.com\/sk\/author\/dominika\/\"}]}<\/script>\n<!-- \/ Yoast SEO Premium plugin. -->","yoast_head_json":{"title":"Kr\u00e1\u013eova ho\u013ea \u2013 v\u00fdzva, ktor\u00e1 si zasl\u00fa\u017ei re\u0161pekt - \u0160koda We Love Cycling Slovensko","description":"Kto raz vyst\u00fapal na Kr\u00e1\u013eovu ho\u013eu vlastn\u00fdmi silami, ten vie, \u017ee nejde len o \u0161portov\u00fd v\u00fdkon. Je to cyklistick\u00fd ritu\u00e1l.","robots":{"index":"index","follow":"follow","max-snippet":"max-snippet:-1","max-image-preview":"max-image-preview:large","max-video-preview":"max-video-preview:-1"},"canonical":"https:\/\/www.welovecycling.com\/sk\/2025\/05\/29\/kralova-hola-vyzva-ktora-si-zasluzi-respekt\/","og_locale":"sk_SK","og_type":"article","og_title":"Kr\u00e1\u013eova ho\u013ea \u2013 v\u00fdzva, ktor\u00e1 si zasl\u00fa\u017ei re\u0161pekt","og_description":"Kto raz vyst\u00fapal na Kr\u00e1\u013eovu ho\u013eu vlastn\u00fdmi silami, ten vie, \u017ee nejde len o \u0161portov\u00fd v\u00fdkon. Je to cyklistick\u00fd ritu\u00e1l.","og_url":"https:\/\/www.welovecycling.com\/sk\/2025\/05\/29\/kralova-hola-vyzva-ktora-si-zasluzi-respekt\/","og_site_name":"\u0160koda We Love Cycling Slovensko","article_published_time":"2025-05-29T09:13:30+00:00","og_image":[{"width":990,"height":660,"url":"https:\/\/d2p6e6u75xmxt8.cloudfront.net\/4\/2025\/05\/SBOT-Horal-Svit-2024-176-scaled-e1748508523231.webp","type":"image\/webp"}],"author":"dominika","twitter_card":"summary_large_image","twitter_misc":{"Written by":"We Love Cycling","Est. reading time":"3"},"schema":{"@context":"https:\/\/schema.org","@graph":[{"@type":"WebPage","@id":"https:\/\/www.welovecycling.com\/sk\/2025\/05\/29\/kralova-hola-vyzva-ktora-si-zasluzi-respekt\/","url":"https:\/\/www.welovecycling.com\/sk\/2025\/05\/29\/kralova-hola-vyzva-ktora-si-zasluzi-respekt\/","name":"Kr\u00e1\u013eova ho\u013ea \u2013 v\u00fdzva, ktor\u00e1 si zasl\u00fa\u017ei re\u0161pekt - \u0160koda We Love Cycling Slovensko","isPartOf":{"@id":"https:\/\/www.welovecycling.com\/sk\/#website"},"primaryImageOfPage":{"@id":"https:\/\/www.welovecycling.com\/sk\/2025\/05\/29\/kralova-hola-vyzva-ktora-si-zasluzi-respekt\/#primaryimage"},"image":{"@id":"https:\/\/www.welovecycling.com\/sk\/2025\/05\/29\/kralova-hola-vyzva-ktora-si-zasluzi-respekt\/#primaryimage"},"thumbnailUrl":"https:\/\/d2p6e6u75xmxt8.cloudfront.net\/4\/2025\/05\/SBOT-Horal-Svit-2024-176-scaled-e1748508523231.webp","datePublished":"2025-05-29T09:13:30+00:00","author":{"@id":"https:\/\/www.welovecycling.com\/sk\/#\/schema\/person\/533b62b98b6c41bd5135ebfb1f742624"},"description":"Kto raz vyst\u00fapal na Kr\u00e1\u013eovu ho\u013eu vlastn\u00fdmi silami, ten vie, \u017ee nejde len o \u0161portov\u00fd v\u00fdkon. Je to cyklistick\u00fd ritu\u00e1l.","breadcrumb":{"@id":"https:\/\/www.welovecycling.com\/sk\/2025\/05\/29\/kralova-hola-vyzva-ktora-si-zasluzi-respekt\/#breadcrumb"},"inLanguage":"sk-SK","potentialAction":[{"@type":"ReadAction","target":["https:\/\/www.welovecycling.com\/sk\/2025\/05\/29\/kralova-hola-vyzva-ktora-si-zasluzi-respekt\/"]}]},{"@type":"ImageObject","inLanguage":"sk-SK","@id":"https:\/\/www.welovecycling.com\/sk\/2025\/05\/29\/kralova-hola-vyzva-ktora-si-zasluzi-respekt\/#primaryimage","url":"https:\/\/d2p6e6u75xmxt8.cloudfront.net\/4\/2025\/05\/SBOT-Horal-Svit-2024-176-scaled-e1748508523231.webp","contentUrl":"https:\/\/d2p6e6u75xmxt8.cloudfront.net\/4\/2025\/05\/SBOT-Horal-Svit-2024-176-scaled-e1748508523231.webp","width":990,"height":660},{"@type":"BreadcrumbList","@id":"https:\/\/www.welovecycling.com\/sk\/2025\/05\/29\/kralova-hola-vyzva-ktora-si-zasluzi-respekt\/#breadcrumb","itemListElement":[{"@type":"ListItem","position":1,"name":"Home","item":"https:\/\/www.welovecycling.com\/sk\/"},{"@type":"ListItem","position":2,"name":"Kr\u00e1\u013eova ho\u013ea \u2013 v\u00fdzva, ktor\u00e1 si zasl\u00fa\u017ei re\u0161pekt"}]},{"@type":"WebSite","@id":"https:\/\/www.welovecycling.com\/sk\/#website","url":"https:\/\/www.welovecycling.com\/sk\/","name":"\u0160koda We Love Cycling Slovensko","description":"\u0160koda We Love Cycling Slovensko je v\u00e1\u0161 ka\u017edodenn\u00fd zdroj noviniek a in\u0161pir\u00e1cie z sveta cyklistiky","potentialAction":[{"@type":"SearchAction","target":{"@type":"EntryPoint","urlTemplate":"https:\/\/www.welovecycling.com\/sk\/?s={search_term_string}"},"query-input":{"@type":"PropertyValueSpecification","valueRequired":true,"valueName":"search_term_string"}}],"inLanguage":"sk-SK"},{"@type":"Person","@id":"https:\/\/www.welovecycling.com\/sk\/#\/schema\/person\/533b62b98b6c41bd5135ebfb1f742624","name":"dominika","image":{"@type":"ImageObject","inLanguage":"sk-SK","@id":"https:\/\/www.welovecycling.com\/sk\/#\/schema\/person\/image\/","url":"https:\/\/secure.gravatar.com\/avatar\/ded6f274ba2ec3e17fff153f7d9d96a4b33c2cb63907f75d9a5309c599a7f3e6?s=96&d=mm&r=g","contentUrl":"https:\/\/secure.gravatar.com\/avatar\/ded6f274ba2ec3e17fff153f7d9d96a4b33c2cb63907f75d9a5309c599a7f3e6?s=96&d=mm&r=g","caption":"dominika"},"url":"https:\/\/www.welovecycling.com\/sk\/author\/dominika\/"}]}},"_links":{"self":[{"href":"https:\/\/www.welovecycling.com\/sk\/wp-json\/wp\/v2\/posts\/20414","targetHints":{"allow":["GET"]}}],"collection":[{"href":"https:\/\/www.welovecycling.com\/sk\/wp-json\/wp\/v2\/posts"}],"about":[{"href":"https:\/\/www.welovecycling.com\/sk\/wp-json\/wp\/v2\/types\/post"}],"author":[{"embeddable":true,"href":"https:\/\/www.welovecycling.com\/sk\/wp-json\/wp\/v2\/users\/172"}],"replies":[{"embeddable":true,"href":"https:\/\/www.welovecycling.com\/sk\/wp-json\/wp\/v2\/comments?post=20414"}],"version-history":[{"count":4,"href":"https:\/\/www.welovecycling.com\/sk\/wp-json\/wp\/v2\/posts\/20414\/revisions"}],"predecessor-version":[{"id":20423,"href":"https:\/\/www.welovecycling.com\/sk\/wp-json\/wp\/v2\/posts\/20414\/revisions\/20423"}],"wp:featuredmedia":[{"embeddable":true,"href":"https:\/\/www.welovecycling.com\/sk\/wp-json\/wp\/v2\/media\/20418"}],"wp:attachment":[{"href":"https:\/\/www.welovecycling.com\/sk\/wp-json\/wp\/v2\/media?parent=20414"}],"wp:term":[{"taxonomy":"category","embeddable":true,"href":"https:\/\/www.welovecycling.com\/sk\/wp-json\/wp\/v2\/categories?post=20414"},{"taxonomy":"post_tag","embeddable":true,"href":"https:\/\/www.welovecycling.com\/sk\/wp-json\/wp\/v2\/tags?post=20414"},{"taxonomy":"global-categories","embeddable":true,"href":"https:\/\/www.welovecycling.com\/sk\/wp-json\/wp\/v2\/global-categories?post=20414"}],"curies":[{"name":"wp","href":"https:\/\/api.w.org\/{rel}","templated":true}]}}