{"id":20401,"date":"2025-05-23T13:00:20","date_gmt":"2025-05-23T11:00:20","guid":{"rendered":"https:\/\/www.welovecycling.com\/sk\/?p=20401"},"modified":"2025-05-23T11:47:21","modified_gmt":"2025-05-23T09:47:21","slug":"pozvanka-skoda-slovensky-raj-pokracujeme-dalsim-kolom","status":"publish","type":"post","link":"https:\/\/www.welovecycling.com\/sk\/2025\/05\/23\/pozvanka-skoda-slovensky-raj-pokracujeme-dalsim-kolom\/","title":{"rendered":"Pozv\u00e1nka: \u0160koda Slovensk\u00fd raj \u2013 pokra\u010dujeme \u010fal\u0161\u00edm kolom"},"content":{"rendered":"<p><strong>Druh\u00e9 kolo \u0160koda Bike Open Tour bude pokra\u010dova\u0165 v Slovenskom raji. Okrem turistickej obuvi si nezabudni bicykel, prilbu a tretry.\u00a0<\/strong><\/p>\n<p><!--more--><\/p>\n<p><span style=\"font-weight: 400;\">Zn\u00e1ma obec Hrabu\u0161ice bude 7. j\u00fana 2025 op\u00e4\u0165 hosti\u0165 cyklistick\u00fd MTB marat\u00f3n. Te\u0161i\u0165 sa m\u00f4\u017eeme na kvalitn\u00e9 z\u00e1zemie a ve\u013ea z\u00e1bavy. Zvykom s\u00fa 3 hlavn\u00e9 trate, na ktor\u00fdch si bud\u00fa m\u00f4c\u0165 zas\u00fa\u0165a\u017ei\u0165 pretek\u00e1ri aj v gravel a ebike kateg\u00f3rii. Okrem toho je v ponuke aj tra\u0165 Family, ktor\u00e1 je ur\u010den\u00e1 pre rodi\u010dov s de\u0165mi. Po\u010fme si pozrie\u0165 spolo\u010dne mo\u017enosti registr\u00e1cie a hlavne zmeny pre ro\u010dn\u00edk 2025.\u00a0<\/span><\/p>\n<div id='gallery-1' class='gallery galleryid-20401 gallery-columns-2 gallery-size-full'><figure class='gallery-item'>\n\t\t\t<div class='gallery-icon landscape'>\n\t\t\t\t<a href='https:\/\/d2p6e6u75xmxt8.cloudfront.net\/4\/2025\/05\/02_WLC_SR.webp'><img loading=\"lazy\" decoding=\"async\" width=\"1408\" height=\"932\" src=\"https:\/\/d2p6e6u75xmxt8.cloudfront.net\/4\/2025\/05\/02_WLC_SR.webp\" class=\"attachment-full size-full\" alt=\"\" srcset=\"https:\/\/d2p6e6u75xmxt8.cloudfront.net\/4\/2025\/05\/02_WLC_SR.webp 1408w, https:\/\/d2p6e6u75xmxt8.cloudfront.net\/4\/2025\/05\/02_WLC_SR-300x199.webp 300w, https:\/\/d2p6e6u75xmxt8.cloudfront.net\/4\/2025\/05\/02_WLC_SR-1024x678.webp 1024w, https:\/\/d2p6e6u75xmxt8.cloudfront.net\/4\/2025\/05\/02_WLC_SR-768x508.webp 768w, https:\/\/d2p6e6u75xmxt8.cloudfront.net\/4\/2025\/05\/02_WLC_SR-400x265.webp 400w\" sizes=\"auto, (max-width: 1408px) 100vw, 1408px\" \/><\/a>\n\t\t\t<\/div><\/figure><figure class='gallery-item'>\n\t\t\t<div class='gallery-icon landscape'>\n\t\t\t\t<a href='https:\/\/d2p6e6u75xmxt8.cloudfront.net\/4\/2025\/05\/03_WLC_SR.webp'><img loading=\"lazy\" decoding=\"async\" width=\"1406\" height=\"923\" src=\"https:\/\/d2p6e6u75xmxt8.cloudfront.net\/4\/2025\/05\/03_WLC_SR.webp\" class=\"attachment-full size-full\" alt=\"\" srcset=\"https:\/\/d2p6e6u75xmxt8.cloudfront.net\/4\/2025\/05\/03_WLC_SR.webp 1406w, https:\/\/d2p6e6u75xmxt8.cloudfront.net\/4\/2025\/05\/03_WLC_SR-300x197.webp 300w, https:\/\/d2p6e6u75xmxt8.cloudfront.net\/4\/2025\/05\/03_WLC_SR-1024x672.webp 1024w, https:\/\/d2p6e6u75xmxt8.cloudfront.net\/4\/2025\/05\/03_WLC_SR-768x504.webp 768w, https:\/\/d2p6e6u75xmxt8.cloudfront.net\/4\/2025\/05\/03_WLC_SR-400x263.webp 400w\" sizes=\"auto, (max-width: 1406px) 100vw, 1406px\" \/><\/a>\n\t\t\t<\/div><\/figure>\n\t\t<\/div>\n\n<h2><strong>Prihl\u00e1senie<\/strong><\/h2>\n<p><span style=\"font-weight: 400;\">Prihlasovanie na preteky prebieha <\/span><a href=\"https:\/\/registrace.sportsoft.cz\/main.aspx?e=3200&amp;lng=sk\" target=\"_blank\" rel=\"noopener\"><span style=\"font-weight: 400;\">online<\/span><\/a><span style=\"font-weight: 400;\"> so sumou \u0161tartovn\u00e9ho 45 \u20ac s \u00fahradou do 3. j\u00fana. <strong>V r\u00e1mci \u0161tartovn\u00e9ho dostanete ob\u010derstvenie na trati, v\u00fdborn\u00fd gul\u00e1\u0161 po dojazde do cie\u013ea a samozrejme kvalitn\u00e9 z\u00e1zemie pre pretek\u00e1rov.<\/strong> Prezent\u00e1cia pretek\u00e1rov bude prebieha\u0165 v Kolibe-Podlesok v piatok od 17:00 do 20:00 a v sobotu r\u00e1no od 7:00 hodiny rannej. Prezent\u00e1cia sa uzatv\u00e1ra v\u017edy 30 min\u00fat pred \u0161tartom danej trasy.\u00a0<\/span><\/p>\n<p><a href=\"https:\/\/d2p6e6u75xmxt8.cloudfront.net\/4\/2025\/05\/04_WLC_SR.webp\"><img loading=\"lazy\" decoding=\"async\" class=\"alignnone size-full wp-image-20405\" src=\"https:\/\/d2p6e6u75xmxt8.cloudfront.net\/4\/2025\/05\/04_WLC_SR.webp\" alt=\"\" width=\"1411\" height=\"936\" srcset=\"https:\/\/d2p6e6u75xmxt8.cloudfront.net\/4\/2025\/05\/04_WLC_SR.webp 1411w, https:\/\/d2p6e6u75xmxt8.cloudfront.net\/4\/2025\/05\/04_WLC_SR-300x199.webp 300w, https:\/\/d2p6e6u75xmxt8.cloudfront.net\/4\/2025\/05\/04_WLC_SR-1024x679.webp 1024w, https:\/\/d2p6e6u75xmxt8.cloudfront.net\/4\/2025\/05\/04_WLC_SR-768x509.webp 768w, https:\/\/d2p6e6u75xmxt8.cloudfront.net\/4\/2025\/05\/04_WLC_SR-400x265.webp 400w\" sizes=\"auto, (max-width: 1411px) 100vw, 1411px\" \/><\/a><\/p>\n<h2><strong>Trasy<\/strong><\/h2>\n<p><span style=\"font-weight: 400;\">Hlavn\u00e9 trasy pon\u00fakaj\u00fa poriadnu porciu kilometrov aj v\u00fd\u0161kov\u00fdch metrov. <strong>Dlh\u00e1 tra\u0165 meria 68 kilometrov s 1600 v\u00fd\u0161kov\u00fdmi metrami. Stredn\u00e1 tra\u0165 meria 54 kilometrov s prev\u00fd\u0161en\u00edm 1306 metrov.<\/strong> Obe trasy s\u00fa v tomto roku ur\u010den\u00e9 pre kateg\u00f3riu gravel a ebike, kde v r\u00e1mci ebike m\u00f4\u017eu spolu s\u00fa\u0165a\u017ei\u0165 aj p\u00e1ry. Kr\u00e1tka trasa pon\u00fakne 23 kilometrov s prev\u00fd\u0161en\u00edm 562 metrov. Poslednou je Family tra\u0165 s porciou 8,4 kilometra a p\u00e1r metrami prev\u00fd\u0161enia. Mlad\u0161ie deti \u010dak\u00e1 okruh po rovinke v z\u00e1zem\u00ed pretekov.\u00a0<\/span><\/p>\n<div id='gallery-2' class='gallery galleryid-20401 gallery-columns-2 gallery-size-full'><figure class='gallery-item'>\n\t\t\t<div class='gallery-icon landscape'>\n\t\t\t\t<a href='https:\/\/d2p6e6u75xmxt8.cloudfront.net\/4\/2025\/05\/06_WLC_SR.webp'><img loading=\"lazy\" decoding=\"async\" width=\"1416\" height=\"924\" src=\"https:\/\/d2p6e6u75xmxt8.cloudfront.net\/4\/2025\/05\/06_WLC_SR.webp\" class=\"attachment-full size-full\" alt=\"\" srcset=\"https:\/\/d2p6e6u75xmxt8.cloudfront.net\/4\/2025\/05\/06_WLC_SR.webp 1416w, https:\/\/d2p6e6u75xmxt8.cloudfront.net\/4\/2025\/05\/06_WLC_SR-300x196.webp 300w, https:\/\/d2p6e6u75xmxt8.cloudfront.net\/4\/2025\/05\/06_WLC_SR-1024x668.webp 1024w, https:\/\/d2p6e6u75xmxt8.cloudfront.net\/4\/2025\/05\/06_WLC_SR-768x501.webp 768w, https:\/\/d2p6e6u75xmxt8.cloudfront.net\/4\/2025\/05\/06_WLC_SR-400x261.webp 400w\" sizes=\"auto, (max-width: 1416px) 100vw, 1416px\" \/><\/a>\n\t\t\t<\/div><\/figure><figure class='gallery-item'>\n\t\t\t<div class='gallery-icon landscape'>\n\t\t\t\t<a href='https:\/\/d2p6e6u75xmxt8.cloudfront.net\/4\/2025\/05\/05_WLC_SR.webp'><img loading=\"lazy\" decoding=\"async\" width=\"1419\" height=\"933\" src=\"https:\/\/d2p6e6u75xmxt8.cloudfront.net\/4\/2025\/05\/05_WLC_SR.webp\" class=\"attachment-full size-full\" alt=\"\" srcset=\"https:\/\/d2p6e6u75xmxt8.cloudfront.net\/4\/2025\/05\/05_WLC_SR.webp 1419w, https:\/\/d2p6e6u75xmxt8.cloudfront.net\/4\/2025\/05\/05_WLC_SR-300x197.webp 300w, https:\/\/d2p6e6u75xmxt8.cloudfront.net\/4\/2025\/05\/05_WLC_SR-1024x673.webp 1024w, https:\/\/d2p6e6u75xmxt8.cloudfront.net\/4\/2025\/05\/05_WLC_SR-768x505.webp 768w, https:\/\/d2p6e6u75xmxt8.cloudfront.net\/4\/2025\/05\/05_WLC_SR-400x263.webp 400w\" sizes=\"auto, (max-width: 1419px) 100vw, 1419px\" \/><\/a>\n\t\t\t<\/div><\/figure>\n\t\t<\/div>\n\n<h2><strong>Z\u00e1zemie<\/strong><\/h2>\n<p><span style=\"font-weight: 400;\">Zvykom je kvalitn\u00e9 a priestrann\u00e9 z\u00e1zemie pre pretek\u00e1rov a ich rodiny, okrem dobr\u00e9ho tepl\u00e9ho jedla n\u00e1s \u010dak\u00e1 um\u00fdvanie bicyklov a ich n\u00e1sledn\u00e1 \u00faschov\u0148a. Taktie\u017e sprchy pre pretek\u00e1rov a st\u00e1nky od sponzorov podujatia. <strong>Okrem toho sa deti m\u00f4\u017eu te\u0161i\u0165 na funz\u00f3nu a \u0160koda village.\u00a0<\/strong><\/span><\/p>\n<div id='gallery-3' class='gallery galleryid-20401 gallery-columns-2 gallery-size-full'><figure class='gallery-item'>\n\t\t\t<div class='gallery-icon landscape'>\n\t\t\t\t<a href='https:\/\/d2p6e6u75xmxt8.cloudfront.net\/4\/2025\/05\/07_WLC_SR.webp'><img loading=\"lazy\" decoding=\"async\" width=\"1405\" height=\"935\" src=\"https:\/\/d2p6e6u75xmxt8.cloudfront.net\/4\/2025\/05\/07_WLC_SR.webp\" class=\"attachment-full size-full\" alt=\"\" srcset=\"https:\/\/d2p6e6u75xmxt8.cloudfront.net\/4\/2025\/05\/07_WLC_SR.webp 1405w, https:\/\/d2p6e6u75xmxt8.cloudfront.net\/4\/2025\/05\/07_WLC_SR-300x200.webp 300w, https:\/\/d2p6e6u75xmxt8.cloudfront.net\/4\/2025\/05\/07_WLC_SR-1024x681.webp 1024w, https:\/\/d2p6e6u75xmxt8.cloudfront.net\/4\/2025\/05\/07_WLC_SR-768x511.webp 768w, https:\/\/d2p6e6u75xmxt8.cloudfront.net\/4\/2025\/05\/07_WLC_SR-400x266.webp 400w, https:\/\/d2p6e6u75xmxt8.cloudfront.net\/4\/2025\/05\/07_WLC_SR-272x182.webp 272w\" sizes=\"auto, (max-width: 1405px) 100vw, 1405px\" \/><\/a>\n\t\t\t<\/div><\/figure><figure class='gallery-item'>\n\t\t\t<div class='gallery-icon landscape'>\n\t\t\t\t<a href='https:\/\/d2p6e6u75xmxt8.cloudfront.net\/4\/2025\/05\/08_WLC_SR.webp'><img loading=\"lazy\" decoding=\"async\" width=\"1415\" height=\"936\" src=\"https:\/\/d2p6e6u75xmxt8.cloudfront.net\/4\/2025\/05\/08_WLC_SR.webp\" class=\"attachment-full size-full\" alt=\"\" srcset=\"https:\/\/d2p6e6u75xmxt8.cloudfront.net\/4\/2025\/05\/08_WLC_SR.webp 1415w, https:\/\/d2p6e6u75xmxt8.cloudfront.net\/4\/2025\/05\/08_WLC_SR-300x198.webp 300w, https:\/\/d2p6e6u75xmxt8.cloudfront.net\/4\/2025\/05\/08_WLC_SR-1024x677.webp 1024w, https:\/\/d2p6e6u75xmxt8.cloudfront.net\/4\/2025\/05\/08_WLC_SR-768x508.webp 768w, https:\/\/d2p6e6u75xmxt8.cloudfront.net\/4\/2025\/05\/08_WLC_SR-400x265.webp 400w\" sizes=\"auto, (max-width: 1415px) 100vw, 1415px\" \/><\/a>\n\t\t\t<\/div><\/figure>\n\t\t<\/div>\n\n<h2><strong>Ostatn\u00e9<\/strong><\/h2>\n<p><span style=\"font-weight: 400;\">Preteky s\u00fa zaraden\u00e9 do Slovensk\u00e9ho poh\u00e1ra, tak\u017ee sa m\u00f4\u017eeme te\u0161i\u0165 aj na \u00fa\u010das\u0165 licencovan\u00fdch pretek\u00e1rov. Okrem finan\u010dn\u00fdch odmien n\u00e1s \u010dak\u00e1 aj bohat\u00e1 tombola, kde s\u00fa v\u0161etci pretek\u00e1ri zaraden\u00ed do \u017erebovania s mo\u017enos\u0165ou v\u00fdhry \u0160koda Elroq na rok alebo nosi\u010d bicyklov na \u0165a\u017en\u00e9 zariadenie. Tak\u017ee oplat\u00ed sa z\u00fa\u010dastni\u0165 a po\u010dka\u0165 aj na tombolu.\u00a0<\/span><\/p>\n<p><span style=\"font-weight: 400;\">Viac inform\u00e1ci\u00ed n\u00e1jdete na str\u00e1nke <\/span><a href=\"https:\/\/www.welovecycling.com\/sk\/sbot\/slovenskyraj.php\" target=\"_blank\" rel=\"noopener\"><span style=\"font-weight: 400;\">\u0160koda Bike Open Tour<\/span><\/a><span style=\"font-weight: 400;\"> s\u00e9rie a na str\u00e1nke <\/span><a href=\"https:\/\/www.maratonslovenskyraj.sk\/propozicie-2022-2-2\/\" target=\"_blank\" rel=\"noopener\"><span style=\"font-weight: 400;\">organiz\u00e1tora pretekov<\/span><\/a><span style=\"font-weight: 400;\">. Te\u0161\u00edme sa na v\u00e1s a na spolo\u010dn\u00e9 \u00faspe\u0161n\u00e9 \u0161portov\u00e9 v\u00fdkony.\u00a0<\/span><\/p>\n","protected":false},"excerpt":{"rendered":"<p>Druh\u00e9 kolo \u0160koda Bike Open Tour bude pokra\u010dova\u0165 v Slovenskom raji. Okrem turistickej obuvi si nezabudni bicykel, prilbu a tretry.\u00a0<\/p>\n","protected":false},"author":191,"featured_media":20402,"comment_status":"closed","ping_status":"closed","sticky":false,"template":"","format":"standard","meta":{"footnotes":""},"categories":[33],"tags":[559,619,546,53,964,180,532,178,767,412,931,179,1643,542,35,183,623],"global-categories":[1074],"class_list":["post-20401","post","type-post","status-publish","format-standard","has-post-thumbnail","hentry","category-sbot","tag-bicykel","tag-bicyklovanie","tag-cyklistika","tag-deti","tag-family","tag-horska-cyklistika","tag-jazdenie","tag-maraton","tag-motivacia","tag-mtb","tag-odporucame","tag-preteky","tag-sezona-2025","tag-skoda","tag-sbot","tag-zabava","tag-zdravy-zivotny-styl","global-categories-cycling"],"yoast_head":"<!-- This site is optimized with the Yoast SEO Premium plugin v25.3 (Yoast SEO v25.9) - https:\/\/yoast.com\/wordpress\/plugins\/seo\/ -->\n<title>Pozv\u00e1nka: \u0160koda Slovensk\u00fd raj \u2013 pokra\u010dujeme \u010fal\u0161\u00edm kolom - \u0160koda We Love Cycling Slovensko<\/title>\n<meta name=\"description\" content=\"Pr\u00ed\u010f na \u010fal\u0161ie kolo \u0160koda Bike Open Tour 2025 v Slovenskom raji! MTB, gravel, ebike aj Family trasy, fun z\u00f3na a tombola o \u0160kodu Elroq.\" \/>\n<meta name=\"robots\" content=\"index, follow, max-snippet:-1, max-image-preview:large, max-video-preview:-1\" \/>\n<link rel=\"canonical\" href=\"https:\/\/www.welovecycling.com\/sk\/2025\/05\/23\/pozvanka-skoda-slovensky-raj-pokracujeme-dalsim-kolom\/\" \/>\n<meta property=\"og:locale\" content=\"sk_SK\" \/>\n<meta property=\"og:type\" content=\"article\" \/>\n<meta property=\"og:title\" content=\"Pozv\u00e1nka: \u0160koda Slovensk\u00fd raj \u2013 pokra\u010dujeme \u010fal\u0161\u00edm kolom\" \/>\n<meta property=\"og:description\" content=\"Pr\u00ed\u010f na \u010fal\u0161ie kolo \u0160koda Bike Open Tour 2025 v Slovenskom raji! MTB, gravel, ebike aj Family trasy, fun z\u00f3na a tombola o \u0160kodu Elroq.\" \/>\n<meta property=\"og:url\" content=\"https:\/\/www.welovecycling.com\/sk\/2025\/05\/23\/pozvanka-skoda-slovensky-raj-pokracujeme-dalsim-kolom\/\" \/>\n<meta property=\"og:site_name\" content=\"\u0160koda We Love Cycling Slovensko\" \/>\n<meta property=\"article:published_time\" content=\"2025-05-23T11:00:20+00:00\" \/>\n<meta property=\"og:image\" content=\"https:\/\/d2p6e6u75xmxt8.cloudfront.net\/4\/2025\/05\/01_WLC_SR.webp\" \/>\n\t<meta property=\"og:image:width\" content=\"1414\" \/>\n\t<meta property=\"og:image:height\" content=\"868\" \/>\n\t<meta property=\"og:image:type\" content=\"image\/webp\" \/>\n<meta name=\"author\" content=\"michal\" \/>\n<meta name=\"twitter:card\" content=\"summary_large_image\" \/>\n<meta name=\"twitter:label1\" content=\"Written by\" \/>\n\t<meta name=\"twitter:data1\" content=\"We Love Cycling\" \/>\n\t<meta name=\"twitter:label2\" content=\"Est. reading time\" \/>\n\t<meta name=\"twitter:data2\" content=\"2\" \/>\n<script type=\"application\/ld+json\" class=\"yoast-schema-graph\">{\"@context\":\"https:\/\/schema.org\",\"@graph\":[{\"@type\":\"WebPage\",\"@id\":\"https:\/\/www.welovecycling.com\/sk\/2025\/05\/23\/pozvanka-skoda-slovensky-raj-pokracujeme-dalsim-kolom\/\",\"url\":\"https:\/\/www.welovecycling.com\/sk\/2025\/05\/23\/pozvanka-skoda-slovensky-raj-pokracujeme-dalsim-kolom\/\",\"name\":\"Pozv\u00e1nka: \u0160koda Slovensk\u00fd raj \u2013 pokra\u010dujeme \u010fal\u0161\u00edm kolom - \u0160koda We Love Cycling Slovensko\",\"isPartOf\":{\"@id\":\"https:\/\/www.welovecycling.com\/sk\/#website\"},\"primaryImageOfPage\":{\"@id\":\"https:\/\/www.welovecycling.com\/sk\/2025\/05\/23\/pozvanka-skoda-slovensky-raj-pokracujeme-dalsim-kolom\/#primaryimage\"},\"image\":{\"@id\":\"https:\/\/www.welovecycling.com\/sk\/2025\/05\/23\/pozvanka-skoda-slovensky-raj-pokracujeme-dalsim-kolom\/#primaryimage\"},\"thumbnailUrl\":\"https:\/\/d2p6e6u75xmxt8.cloudfront.net\/4\/2025\/05\/01_WLC_SR.webp\",\"datePublished\":\"2025-05-23T11:00:20+00:00\",\"author\":{\"@id\":\"https:\/\/www.welovecycling.com\/sk\/#\/schema\/person\/45e989de48eace55eb338c027dc5a65e\"},\"description\":\"Pr\u00ed\u010f na \u010fal\u0161ie kolo \u0160koda Bike Open Tour 2025 v Slovenskom raji! MTB, gravel, ebike aj Family trasy, fun z\u00f3na a tombola o \u0160kodu Elroq.\",\"breadcrumb\":{\"@id\":\"https:\/\/www.welovecycling.com\/sk\/2025\/05\/23\/pozvanka-skoda-slovensky-raj-pokracujeme-dalsim-kolom\/#breadcrumb\"},\"inLanguage\":\"sk-SK\",\"potentialAction\":[{\"@type\":\"ReadAction\",\"target\":[\"https:\/\/www.welovecycling.com\/sk\/2025\/05\/23\/pozvanka-skoda-slovensky-raj-pokracujeme-dalsim-kolom\/\"]}]},{\"@type\":\"ImageObject\",\"inLanguage\":\"sk-SK\",\"@id\":\"https:\/\/www.welovecycling.com\/sk\/2025\/05\/23\/pozvanka-skoda-slovensky-raj-pokracujeme-dalsim-kolom\/#primaryimage\",\"url\":\"https:\/\/d2p6e6u75xmxt8.cloudfront.net\/4\/2025\/05\/01_WLC_SR.webp\",\"contentUrl\":\"https:\/\/d2p6e6u75xmxt8.cloudfront.net\/4\/2025\/05\/01_WLC_SR.webp\",\"width\":1414,\"height\":868},{\"@type\":\"BreadcrumbList\",\"@id\":\"https:\/\/www.welovecycling.com\/sk\/2025\/05\/23\/pozvanka-skoda-slovensky-raj-pokracujeme-dalsim-kolom\/#breadcrumb\",\"itemListElement\":[{\"@type\":\"ListItem\",\"position\":1,\"name\":\"Home\",\"item\":\"https:\/\/www.welovecycling.com\/sk\/\"},{\"@type\":\"ListItem\",\"position\":2,\"name\":\"Pozv\u00e1nka: \u0160koda Slovensk\u00fd raj \u2013 pokra\u010dujeme \u010fal\u0161\u00edm kolom\"}]},{\"@type\":\"WebSite\",\"@id\":\"https:\/\/www.welovecycling.com\/sk\/#website\",\"url\":\"https:\/\/www.welovecycling.com\/sk\/\",\"name\":\"\u0160koda We Love Cycling Slovensko\",\"description\":\"\u0160koda We Love Cycling Slovensko je v\u00e1\u0161 ka\u017edodenn\u00fd zdroj noviniek a in\u0161pir\u00e1cie z sveta cyklistiky\",\"potentialAction\":[{\"@type\":\"SearchAction\",\"target\":{\"@type\":\"EntryPoint\",\"urlTemplate\":\"https:\/\/www.welovecycling.com\/sk\/?s={search_term_string}\"},\"query-input\":{\"@type\":\"PropertyValueSpecification\",\"valueRequired\":true,\"valueName\":\"search_term_string\"}}],\"inLanguage\":\"sk-SK\"},{\"@type\":\"Person\",\"@id\":\"https:\/\/www.welovecycling.com\/sk\/#\/schema\/person\/45e989de48eace55eb338c027dc5a65e\",\"name\":\"michal\",\"image\":{\"@type\":\"ImageObject\",\"inLanguage\":\"sk-SK\",\"@id\":\"https:\/\/www.welovecycling.com\/sk\/#\/schema\/person\/image\/\",\"url\":\"https:\/\/secure.gravatar.com\/avatar\/7f8deb1af8506a5f53d1b779436f546bce1c8c40c09780107ad3811c7dc4bbcb?s=96&d=mm&r=g\",\"contentUrl\":\"https:\/\/secure.gravatar.com\/avatar\/7f8deb1af8506a5f53d1b779436f546bce1c8c40c09780107ad3811c7dc4bbcb?s=96&d=mm&r=g\",\"caption\":\"michal\"},\"url\":\"https:\/\/www.welovecycling.com\/sk\/author\/michal\/\"}]}<\/script>\n<!-- \/ Yoast SEO Premium plugin. -->","yoast_head_json":{"title":"Pozv\u00e1nka: \u0160koda Slovensk\u00fd raj \u2013 pokra\u010dujeme \u010fal\u0161\u00edm kolom - \u0160koda We Love Cycling Slovensko","description":"Pr\u00ed\u010f na \u010fal\u0161ie kolo \u0160koda Bike Open Tour 2025 v Slovenskom raji! MTB, gravel, ebike aj Family trasy, fun z\u00f3na a tombola o \u0160kodu Elroq.","robots":{"index":"index","follow":"follow","max-snippet":"max-snippet:-1","max-image-preview":"max-image-preview:large","max-video-preview":"max-video-preview:-1"},"canonical":"https:\/\/www.welovecycling.com\/sk\/2025\/05\/23\/pozvanka-skoda-slovensky-raj-pokracujeme-dalsim-kolom\/","og_locale":"sk_SK","og_type":"article","og_title":"Pozv\u00e1nka: \u0160koda Slovensk\u00fd raj \u2013 pokra\u010dujeme \u010fal\u0161\u00edm kolom","og_description":"Pr\u00ed\u010f na \u010fal\u0161ie kolo \u0160koda Bike Open Tour 2025 v Slovenskom raji! MTB, gravel, ebike aj Family trasy, fun z\u00f3na a tombola o \u0160kodu Elroq.","og_url":"https:\/\/www.welovecycling.com\/sk\/2025\/05\/23\/pozvanka-skoda-slovensky-raj-pokracujeme-dalsim-kolom\/","og_site_name":"\u0160koda We Love Cycling Slovensko","article_published_time":"2025-05-23T11:00:20+00:00","og_image":[{"width":1414,"height":868,"url":"https:\/\/d2p6e6u75xmxt8.cloudfront.net\/4\/2025\/05\/01_WLC_SR.webp","type":"image\/webp"}],"author":"michal","twitter_card":"summary_large_image","twitter_misc":{"Written by":"We Love Cycling","Est. reading time":"2"},"schema":{"@context":"https:\/\/schema.org","@graph":[{"@type":"WebPage","@id":"https:\/\/www.welovecycling.com\/sk\/2025\/05\/23\/pozvanka-skoda-slovensky-raj-pokracujeme-dalsim-kolom\/","url":"https:\/\/www.welovecycling.com\/sk\/2025\/05\/23\/pozvanka-skoda-slovensky-raj-pokracujeme-dalsim-kolom\/","name":"Pozv\u00e1nka: \u0160koda Slovensk\u00fd raj \u2013 pokra\u010dujeme \u010fal\u0161\u00edm kolom - \u0160koda We Love Cycling Slovensko","isPartOf":{"@id":"https:\/\/www.welovecycling.com\/sk\/#website"},"primaryImageOfPage":{"@id":"https:\/\/www.welovecycling.com\/sk\/2025\/05\/23\/pozvanka-skoda-slovensky-raj-pokracujeme-dalsim-kolom\/#primaryimage"},"image":{"@id":"https:\/\/www.welovecycling.com\/sk\/2025\/05\/23\/pozvanka-skoda-slovensky-raj-pokracujeme-dalsim-kolom\/#primaryimage"},"thumbnailUrl":"https:\/\/d2p6e6u75xmxt8.cloudfront.net\/4\/2025\/05\/01_WLC_SR.webp","datePublished":"2025-05-23T11:00:20+00:00","author":{"@id":"https:\/\/www.welovecycling.com\/sk\/#\/schema\/person\/45e989de48eace55eb338c027dc5a65e"},"description":"Pr\u00ed\u010f na \u010fal\u0161ie kolo \u0160koda Bike Open Tour 2025 v Slovenskom raji! MTB, gravel, ebike aj Family trasy, fun z\u00f3na a tombola o \u0160kodu Elroq.","breadcrumb":{"@id":"https:\/\/www.welovecycling.com\/sk\/2025\/05\/23\/pozvanka-skoda-slovensky-raj-pokracujeme-dalsim-kolom\/#breadcrumb"},"inLanguage":"sk-SK","potentialAction":[{"@type":"ReadAction","target":["https:\/\/www.welovecycling.com\/sk\/2025\/05\/23\/pozvanka-skoda-slovensky-raj-pokracujeme-dalsim-kolom\/"]}]},{"@type":"ImageObject","inLanguage":"sk-SK","@id":"https:\/\/www.welovecycling.com\/sk\/2025\/05\/23\/pozvanka-skoda-slovensky-raj-pokracujeme-dalsim-kolom\/#primaryimage","url":"https:\/\/d2p6e6u75xmxt8.cloudfront.net\/4\/2025\/05\/01_WLC_SR.webp","contentUrl":"https:\/\/d2p6e6u75xmxt8.cloudfront.net\/4\/2025\/05\/01_WLC_SR.webp","width":1414,"height":868},{"@type":"BreadcrumbList","@id":"https:\/\/www.welovecycling.com\/sk\/2025\/05\/23\/pozvanka-skoda-slovensky-raj-pokracujeme-dalsim-kolom\/#breadcrumb","itemListElement":[{"@type":"ListItem","position":1,"name":"Home","item":"https:\/\/www.welovecycling.com\/sk\/"},{"@type":"ListItem","position":2,"name":"Pozv\u00e1nka: \u0160koda Slovensk\u00fd raj \u2013 pokra\u010dujeme \u010fal\u0161\u00edm kolom"}]},{"@type":"WebSite","@id":"https:\/\/www.welovecycling.com\/sk\/#website","url":"https:\/\/www.welovecycling.com\/sk\/","name":"\u0160koda We Love Cycling Slovensko","description":"\u0160koda We Love Cycling Slovensko je v\u00e1\u0161 ka\u017edodenn\u00fd zdroj noviniek a in\u0161pir\u00e1cie z sveta cyklistiky","potentialAction":[{"@type":"SearchAction","target":{"@type":"EntryPoint","urlTemplate":"https:\/\/www.welovecycling.com\/sk\/?s={search_term_string}"},"query-input":{"@type":"PropertyValueSpecification","valueRequired":true,"valueName":"search_term_string"}}],"inLanguage":"sk-SK"},{"@type":"Person","@id":"https:\/\/www.welovecycling.com\/sk\/#\/schema\/person\/45e989de48eace55eb338c027dc5a65e","name":"michal","image":{"@type":"ImageObject","inLanguage":"sk-SK","@id":"https:\/\/www.welovecycling.com\/sk\/#\/schema\/person\/image\/","url":"https:\/\/secure.gravatar.com\/avatar\/7f8deb1af8506a5f53d1b779436f546bce1c8c40c09780107ad3811c7dc4bbcb?s=96&d=mm&r=g","contentUrl":"https:\/\/secure.gravatar.com\/avatar\/7f8deb1af8506a5f53d1b779436f546bce1c8c40c09780107ad3811c7dc4bbcb?s=96&d=mm&r=g","caption":"michal"},"url":"https:\/\/www.welovecycling.com\/sk\/author\/michal\/"}]}},"_links":{"self":[{"href":"https:\/\/www.welovecycling.com\/sk\/wp-json\/wp\/v2\/posts\/20401","targetHints":{"allow":["GET"]}}],"collection":[{"href":"https:\/\/www.welovecycling.com\/sk\/wp-json\/wp\/v2\/posts"}],"about":[{"href":"https:\/\/www.welovecycling.com\/sk\/wp-json\/wp\/v2\/types\/post"}],"author":[{"embeddable":true,"href":"https:\/\/www.welovecycling.com\/sk\/wp-json\/wp\/v2\/users\/191"}],"replies":[{"embeddable":true,"href":"https:\/\/www.welovecycling.com\/sk\/wp-json\/wp\/v2\/comments?post=20401"}],"version-history":[{"count":4,"href":"https:\/\/www.welovecycling.com\/sk\/wp-json\/wp\/v2\/posts\/20401\/revisions"}],"predecessor-version":[{"id":20413,"href":"https:\/\/www.welovecycling.com\/sk\/wp-json\/wp\/v2\/posts\/20401\/revisions\/20413"}],"wp:featuredmedia":[{"embeddable":true,"href":"https:\/\/www.welovecycling.com\/sk\/wp-json\/wp\/v2\/media\/20402"}],"wp:attachment":[{"href":"https:\/\/www.welovecycling.com\/sk\/wp-json\/wp\/v2\/media?parent=20401"}],"wp:term":[{"taxonomy":"category","embeddable":true,"href":"https:\/\/www.welovecycling.com\/sk\/wp-json\/wp\/v2\/categories?post=20401"},{"taxonomy":"post_tag","embeddable":true,"href":"https:\/\/www.welovecycling.com\/sk\/wp-json\/wp\/v2\/tags?post=20401"},{"taxonomy":"global-categories","embeddable":true,"href":"https:\/\/www.welovecycling.com\/sk\/wp-json\/wp\/v2\/global-categories?post=20401"}],"curies":[{"name":"wp","href":"https:\/\/api.w.org\/{rel}","templated":true}]}}