{"id":20389,"date":"2025-05-21T10:00:31","date_gmt":"2025-05-21T08:00:31","guid":{"rendered":"https:\/\/www.welovecycling.com\/sk\/?p=20389"},"modified":"2025-05-20T12:25:40","modified_gmt":"2025-05-20T10:25:40","slug":"preco-je-maj-idealny-na-zaciatok-novej-sportovej-rutiny","status":"publish","type":"post","link":"https:\/\/www.welovecycling.com\/sk\/2025\/05\/21\/preco-je-maj-idealny-na-zaciatok-novej-sportovej-rutiny\/","title":{"rendered":"Pre\u010do je m\u00e1j ide\u00e1lny na za\u010diatok novej \u0161portovej rutiny?"},"content":{"rendered":"<p><strong>Mnoho \u013eud\u00ed sa sna\u017e\u00ed za\u010da\u0165 \u0161portova\u0165 za\u010diatkom roka. V\u00e4\u010d\u0161inou si to daj\u00fa ako novoro\u010dn\u00e9 predsavzatie, ale tak ako sa tieto snahy r\u00fdchlo za\u010dn\u00fa, tak sa e\u0161te r\u00fdchlej\u0161ie aj skon\u010dia. Mo\u017eno tie\u017e patr\u00edte do tejto skupiny \u013eud\u00ed a m\u00e1te v\u00fd\u010ditky svedomia, \u017ee ste to nedali. Nevzd\u00e1vajte to a za\u010dnite pr\u00e1ve teraz. M\u00e1j je toti\u017e skvel\u00fdm mesiacom, aby ste za\u010dali a my sa pozrieme pre\u010do.\u00a0<\/strong><!--more--><\/p>\n<h2><strong>Zato\u010d\u00ed s jarnou \u00fanavou<\/strong><\/h2>\n<p><span style=\"font-weight: 400;\">Na jar sa v na\u0161om tele dej\u00fa v\u00fdrazne zmeny, ktor\u00e9 s\u00fa sp\u00f4soben\u00e9 viacer\u00fdmi faktormi, ako je nedostatok vitam\u00ednov, zmena po\u010dasia a tlaku, hormon\u00e1lne zmeny \u010di nedostatok pohybu cez zimu. A pr\u00e1ve s t\u00fdm pohybom by sme mali za\u010da\u0165, aby sme \u00fa\u010dinne bojovali s \u00fanavou. Znie to zvl\u00e1\u0161tne, \u017ee? <strong>Ke\u010f sme unaven\u00ed, treba regenerova\u0165, ale toto je in\u00fd typ \u00fanavy \u2013 a pr\u00e1ve dostatok pohybu s vami urob\u00ed doslova z\u00e1zraky.<\/strong> Samozrejme nevynechajte pestr\u00fa stravu aj zv\u00fd\u0161en\u00fd pr\u00edjem vitam\u00ednov.<\/span><\/p>\n<h2><strong>Pre\u010do pr\u00e1ve m\u00e1j?<\/strong><\/h2>\n<p><span style=\"font-weight: 400;\">Pre\u010do neza\u010da\u0165 \u0161portova\u0165 u\u017e napr\u00edklad v marci, ale a\u017e v m\u00e1ji? No ke\u010f\u017ee sa tu prim\u00e1rne bav\u00edme o cyklistike, tak marec je pre za\u010diato\u010dn\u00edka e\u0161te trochu studen\u00fd mesiac a mohli by v\u00e1s odradi\u0165 a znechuti\u0165 aj \u010dast\u00e9 da\u017ede, blato \u010di vietor. <strong>Treba myslie\u0165 na to, \u017ee so \u0161portovan\u00edm za\u010d\u00ednate, a tak v m\u00e1ji u\u017e je po\u010dasie ust\u00e1len\u00e9, je ve\u013ea slne\u010dn\u00fdch dn\u00ed, ale teploty e\u0161te nie s\u00fa pr\u00edli\u0161 vysok\u00e9.<\/strong> Keby ste za\u010d\u00ednali s cyklistikou cez letn\u00e9 pr\u00e1zdniny, tak v\u00e1s po prv\u00fdch v\u00fdjazdoch znechutia hor\u00fa\u010davy. Pr\u00edjemn\u00e9 m\u00e1jov\u00e9 slnko v\u00e1s povzbud\u00ed do aktivity a navy\u0161e dopln\u00ed ch\u00fdbaj\u00facu z\u00e1sobu vitam\u00ednu D.\u00a0<\/span><\/p>\n<h2><strong>Dovolenky sa bl\u00ed\u017eia<\/strong><\/h2>\n<p><span style=\"font-weight: 400;\">\u00c1no, presne tak. Chcete predsa dobre vyzera\u0165 v plavk\u00e1ch na letnej dovolenke. Tak\u017ee treba sa da\u0165 do formy a za\u010da\u0165 v m\u00e1ji je najlep\u0161\u00ed term\u00edn. <strong>Budete ma\u0165 minim\u00e1lne dva mesiace a ak ni\u010d nezanedb\u00e1te a pust\u00edte sa do toho naplno, verte, \u017ee prv\u00e9 v\u00fdsledky sa ur\u010dite dostavia.<\/strong> K cyklistike pridajte aj cvi\u010denie vo fitku a na dovolenke budete ma\u0165 ur\u010dite spevnen\u00e9 v\u0161etky \u010dasti tela, kde to najviac treba. A zaru\u010dene zhod\u00edte aj p\u00e1r kilogramov.\u00a0<\/span><\/p>\n<h2><strong>Za\u010diatky s\u00fa \u0165a\u017ek\u00e9<\/strong><\/h2>\n<p><span style=\"font-weight: 400;\">Za\u010d\u00edna\u0165 s akouko\u013evek \u0161portovou aktivitou chv\u00ed\u013eu trv\u00e1 a vy\u017eaduje si to vybudovanie ur\u010ditej rutiny. A pr\u00e1ve v m\u00e1ji budete ma\u0165 dostatok \u010dasu vysk\u00fa\u0161a\u0165 a nastavi\u0165 si v\u0161etko, \u010do pre v\u00e1s funguje. Keby ste za\u010d\u00ednali v lete, tak v\u00e1m dovolenky naru\u0161ia zabehnut\u00fd \u0161portov\u00fd pl\u00e1n a v neposlednom rade si nechcete pokazi\u0165 dovolenku nejakou svalovicou, ktor\u00fa v za\u010diatkoch ur\u010dite budete ma\u0165.\u00a0<\/span><\/p>\n<h2><strong>M\u00e1j \u2013 l\u00e1sky \u010das<\/strong><\/h2>\n<p><span style=\"font-weight: 400;\">Asi si hovor\u00edte, \u017ee \u010do m\u00e1 toto spolo\u010dn\u00e9 so \u0161portom? Vy v\u0161ak m\u00f4\u017eete za\u010da\u0165 \u0161portova\u0165 spolo\u010dne ako p\u00e1r. Bude v\u00e1m vesel\u0161ie a aj sa navz\u00e1jom budete hecova\u0165. Ke\u010f sa jedn\u00e9mu z v\u00e1s nebude chcie\u0165 \u00eds\u0165 napr\u00edklad na bike, ten druh\u00fd ho povzbud\u00ed. No a to ani netreba spom\u00edna\u0165, ako tak\u00e9to spolo\u010dn\u00e9 aktivity preh\u013abia va\u0161e partnersk\u00e9 spolu\u017eitie.\u00a0<\/span><\/p>\n<p><span style=\"font-weight: 400;\">Tak\u017ee u\u017e ni\u010d neodkladajte a pustite sa do \u0161portovej aktivity hne\u010f dnes. \u010ci u\u017e to bude cyklistika, fitness, beh alebo gymnastika \u2013 skr\u00e1tka \u010doko\u013evek, \u010do v\u00e1s l\u00e1ka a \u010do v\u00e1m bude robi\u0165 rados\u0165. Preto\u017ee aj dobr\u00fd pocit je d\u00f4le\u017eit\u00fd pre kvalitu \u017eivota a vy si ho predsa chcete naplno u\u017e\u00edva\u0165.\u00a0<\/span><\/p>\n","protected":false},"excerpt":{"rendered":"<p>Mnoho \u013eud\u00ed sa sna\u017e\u00ed za\u010da\u0165 \u0161portova\u0165 za\u010diatkom roka. V\u00e4\u010d\u0161inou si to daj\u00fa ako novoro\u010dn\u00e9 predsavzatie, ale tak ako sa tieto [&hellip;]<\/p>\n","protected":false},"author":172,"featured_media":20390,"comment_status":"closed","ping_status":"closed","sticky":false,"template":"","format":"standard","meta":{"footnotes":""},"categories":[2],"tags":[619,115,546,180,532,767,931,509,161,623],"global-categories":[1074],"class_list":["post-20389","post","type-post","status-publish","format-standard","has-post-thumbnail","hentry","category-zdravie-trening","tag-bicyklovanie","tag-cestna-cyklistika","tag-cyklistika","tag-horska-cyklistika","tag-jazdenie","tag-motivacia","tag-odporucame","tag-rodina","tag-zdravie","tag-zdravy-zivotny-styl","global-categories-cycling"],"yoast_head":"<!-- This site is optimized with the Yoast SEO Premium plugin v25.3 (Yoast SEO v25.9) - https:\/\/yoast.com\/wordpress\/plugins\/seo\/ -->\n<title>Pre\u010do je m\u00e1j ide\u00e1lny na za\u010diatok novej \u0161portovej rutiny? - \u0160koda We Love Cycling Slovensko<\/title>\n<meta name=\"description\" content=\"Mnoho \u013eud\u00ed sa sna\u017e\u00ed za\u010da\u0165 \u0161portova\u0165 za\u010diatkom roka. Av\u0161ak m\u00e1j je ove\u013ea lep\u0161\u00edm mesiacom, aby ste za\u010dali a my sa pozrieme pre\u010do.\u00a0\" \/>\n<meta name=\"robots\" content=\"index, follow, max-snippet:-1, max-image-preview:large, max-video-preview:-1\" \/>\n<link rel=\"canonical\" href=\"https:\/\/www.welovecycling.com\/sk\/2025\/05\/21\/preco-je-maj-idealny-na-zaciatok-novej-sportovej-rutiny\/\" \/>\n<meta property=\"og:locale\" content=\"sk_SK\" \/>\n<meta property=\"og:type\" content=\"article\" \/>\n<meta property=\"og:title\" content=\"Pre\u010do je m\u00e1j ide\u00e1lny na za\u010diatok novej \u0161portovej rutiny?\" \/>\n<meta property=\"og:description\" content=\"Mnoho \u013eud\u00ed sa sna\u017e\u00ed za\u010da\u0165 \u0161portova\u0165 za\u010diatkom roka. Av\u0161ak m\u00e1j je ove\u013ea lep\u0161\u00edm mesiacom, aby ste za\u010dali a my sa pozrieme pre\u010do.\u00a0\" \/>\n<meta property=\"og:url\" content=\"https:\/\/www.welovecycling.com\/sk\/2025\/05\/21\/preco-je-maj-idealny-na-zaciatok-novej-sportovej-rutiny\/\" \/>\n<meta property=\"og:site_name\" content=\"\u0160koda We Love Cycling Slovensko\" \/>\n<meta property=\"article:published_time\" content=\"2025-05-21T08:00:31+00:00\" \/>\n<meta property=\"og:image\" content=\"https:\/\/d2p6e6u75xmxt8.cloudfront.net\/4\/2025\/05\/titulka-3.webp\" \/>\n\t<meta property=\"og:image:width\" content=\"990\" \/>\n\t<meta property=\"og:image:height\" content=\"660\" \/>\n\t<meta property=\"og:image:type\" content=\"image\/webp\" \/>\n<meta name=\"author\" content=\"dominika\" \/>\n<meta name=\"twitter:card\" content=\"summary_large_image\" \/>\n<meta name=\"twitter:label1\" content=\"Written by\" \/>\n\t<meta name=\"twitter:data1\" content=\"Radovan Vr\u0161ka\" \/>\n\t<meta name=\"twitter:label2\" content=\"Est. reading time\" \/>\n\t<meta name=\"twitter:data2\" content=\"2\" \/>\n<script type=\"application\/ld+json\" class=\"yoast-schema-graph\">{\"@context\":\"https:\/\/schema.org\",\"@graph\":[{\"@type\":\"WebPage\",\"@id\":\"https:\/\/www.welovecycling.com\/sk\/2025\/05\/21\/preco-je-maj-idealny-na-zaciatok-novej-sportovej-rutiny\/\",\"url\":\"https:\/\/www.welovecycling.com\/sk\/2025\/05\/21\/preco-je-maj-idealny-na-zaciatok-novej-sportovej-rutiny\/\",\"name\":\"Pre\u010do je m\u00e1j ide\u00e1lny na za\u010diatok novej \u0161portovej rutiny? - \u0160koda We Love Cycling Slovensko\",\"isPartOf\":{\"@id\":\"https:\/\/www.welovecycling.com\/sk\/#website\"},\"primaryImageOfPage\":{\"@id\":\"https:\/\/www.welovecycling.com\/sk\/2025\/05\/21\/preco-je-maj-idealny-na-zaciatok-novej-sportovej-rutiny\/#primaryimage\"},\"image\":{\"@id\":\"https:\/\/www.welovecycling.com\/sk\/2025\/05\/21\/preco-je-maj-idealny-na-zaciatok-novej-sportovej-rutiny\/#primaryimage\"},\"thumbnailUrl\":\"https:\/\/d2p6e6u75xmxt8.cloudfront.net\/4\/2025\/05\/titulka-3.webp\",\"datePublished\":\"2025-05-21T08:00:31+00:00\",\"author\":{\"@id\":\"https:\/\/www.welovecycling.com\/sk\/#\/schema\/person\/533b62b98b6c41bd5135ebfb1f742624\"},\"description\":\"Mnoho \u013eud\u00ed sa sna\u017e\u00ed za\u010da\u0165 \u0161portova\u0165 za\u010diatkom roka. Av\u0161ak m\u00e1j je ove\u013ea lep\u0161\u00edm mesiacom, aby ste za\u010dali a my sa pozrieme pre\u010do.\u00a0\",\"breadcrumb\":{\"@id\":\"https:\/\/www.welovecycling.com\/sk\/2025\/05\/21\/preco-je-maj-idealny-na-zaciatok-novej-sportovej-rutiny\/#breadcrumb\"},\"inLanguage\":\"sk-SK\",\"potentialAction\":[{\"@type\":\"ReadAction\",\"target\":[\"https:\/\/www.welovecycling.com\/sk\/2025\/05\/21\/preco-je-maj-idealny-na-zaciatok-novej-sportovej-rutiny\/\"]}]},{\"@type\":\"ImageObject\",\"inLanguage\":\"sk-SK\",\"@id\":\"https:\/\/www.welovecycling.com\/sk\/2025\/05\/21\/preco-je-maj-idealny-na-zaciatok-novej-sportovej-rutiny\/#primaryimage\",\"url\":\"https:\/\/d2p6e6u75xmxt8.cloudfront.net\/4\/2025\/05\/titulka-3.webp\",\"contentUrl\":\"https:\/\/d2p6e6u75xmxt8.cloudfront.net\/4\/2025\/05\/titulka-3.webp\",\"width\":990,\"height\":660},{\"@type\":\"BreadcrumbList\",\"@id\":\"https:\/\/www.welovecycling.com\/sk\/2025\/05\/21\/preco-je-maj-idealny-na-zaciatok-novej-sportovej-rutiny\/#breadcrumb\",\"itemListElement\":[{\"@type\":\"ListItem\",\"position\":1,\"name\":\"Home\",\"item\":\"https:\/\/www.welovecycling.com\/sk\/\"},{\"@type\":\"ListItem\",\"position\":2,\"name\":\"Pre\u010do je m\u00e1j ide\u00e1lny na za\u010diatok novej \u0161portovej rutiny?\"}]},{\"@type\":\"WebSite\",\"@id\":\"https:\/\/www.welovecycling.com\/sk\/#website\",\"url\":\"https:\/\/www.welovecycling.com\/sk\/\",\"name\":\"\u0160koda We Love Cycling Slovensko\",\"description\":\"\u0160koda We Love Cycling Slovensko je v\u00e1\u0161 ka\u017edodenn\u00fd zdroj noviniek a in\u0161pir\u00e1cie z sveta cyklistiky\",\"potentialAction\":[{\"@type\":\"SearchAction\",\"target\":{\"@type\":\"EntryPoint\",\"urlTemplate\":\"https:\/\/www.welovecycling.com\/sk\/?s={search_term_string}\"},\"query-input\":{\"@type\":\"PropertyValueSpecification\",\"valueRequired\":true,\"valueName\":\"search_term_string\"}}],\"inLanguage\":\"sk-SK\"},{\"@type\":\"Person\",\"@id\":\"https:\/\/www.welovecycling.com\/sk\/#\/schema\/person\/533b62b98b6c41bd5135ebfb1f742624\",\"name\":\"dominika\",\"image\":{\"@type\":\"ImageObject\",\"inLanguage\":\"sk-SK\",\"@id\":\"https:\/\/www.welovecycling.com\/sk\/#\/schema\/person\/image\/\",\"url\":\"https:\/\/secure.gravatar.com\/avatar\/ded6f274ba2ec3e17fff153f7d9d96a4b33c2cb63907f75d9a5309c599a7f3e6?s=96&d=mm&r=g\",\"contentUrl\":\"https:\/\/secure.gravatar.com\/avatar\/ded6f274ba2ec3e17fff153f7d9d96a4b33c2cb63907f75d9a5309c599a7f3e6?s=96&d=mm&r=g\",\"caption\":\"dominika\"},\"url\":\"https:\/\/www.welovecycling.com\/sk\/author\/dominika\/\"}]}<\/script>\n<!-- \/ Yoast SEO Premium plugin. -->","yoast_head_json":{"title":"Pre\u010do je m\u00e1j ide\u00e1lny na za\u010diatok novej \u0161portovej rutiny? - \u0160koda We Love Cycling Slovensko","description":"Mnoho \u013eud\u00ed sa sna\u017e\u00ed za\u010da\u0165 \u0161portova\u0165 za\u010diatkom roka. Av\u0161ak m\u00e1j je ove\u013ea lep\u0161\u00edm mesiacom, aby ste za\u010dali a my sa pozrieme pre\u010do.\u00a0","robots":{"index":"index","follow":"follow","max-snippet":"max-snippet:-1","max-image-preview":"max-image-preview:large","max-video-preview":"max-video-preview:-1"},"canonical":"https:\/\/www.welovecycling.com\/sk\/2025\/05\/21\/preco-je-maj-idealny-na-zaciatok-novej-sportovej-rutiny\/","og_locale":"sk_SK","og_type":"article","og_title":"Pre\u010do je m\u00e1j ide\u00e1lny na za\u010diatok novej \u0161portovej rutiny?","og_description":"Mnoho \u013eud\u00ed sa sna\u017e\u00ed za\u010da\u0165 \u0161portova\u0165 za\u010diatkom roka. Av\u0161ak m\u00e1j je ove\u013ea lep\u0161\u00edm mesiacom, aby ste za\u010dali a my sa pozrieme pre\u010do.\u00a0","og_url":"https:\/\/www.welovecycling.com\/sk\/2025\/05\/21\/preco-je-maj-idealny-na-zaciatok-novej-sportovej-rutiny\/","og_site_name":"\u0160koda We Love Cycling Slovensko","article_published_time":"2025-05-21T08:00:31+00:00","og_image":[{"width":990,"height":660,"url":"https:\/\/d2p6e6u75xmxt8.cloudfront.net\/4\/2025\/05\/titulka-3.webp","type":"image\/webp"}],"author":"dominika","twitter_card":"summary_large_image","twitter_misc":{"Written by":"Radovan Vr\u0161ka","Est. reading time":"2"},"schema":{"@context":"https:\/\/schema.org","@graph":[{"@type":"WebPage","@id":"https:\/\/www.welovecycling.com\/sk\/2025\/05\/21\/preco-je-maj-idealny-na-zaciatok-novej-sportovej-rutiny\/","url":"https:\/\/www.welovecycling.com\/sk\/2025\/05\/21\/preco-je-maj-idealny-na-zaciatok-novej-sportovej-rutiny\/","name":"Pre\u010do je m\u00e1j ide\u00e1lny na za\u010diatok novej \u0161portovej rutiny? - \u0160koda We Love Cycling Slovensko","isPartOf":{"@id":"https:\/\/www.welovecycling.com\/sk\/#website"},"primaryImageOfPage":{"@id":"https:\/\/www.welovecycling.com\/sk\/2025\/05\/21\/preco-je-maj-idealny-na-zaciatok-novej-sportovej-rutiny\/#primaryimage"},"image":{"@id":"https:\/\/www.welovecycling.com\/sk\/2025\/05\/21\/preco-je-maj-idealny-na-zaciatok-novej-sportovej-rutiny\/#primaryimage"},"thumbnailUrl":"https:\/\/d2p6e6u75xmxt8.cloudfront.net\/4\/2025\/05\/titulka-3.webp","datePublished":"2025-05-21T08:00:31+00:00","author":{"@id":"https:\/\/www.welovecycling.com\/sk\/#\/schema\/person\/533b62b98b6c41bd5135ebfb1f742624"},"description":"Mnoho \u013eud\u00ed sa sna\u017e\u00ed za\u010da\u0165 \u0161portova\u0165 za\u010diatkom roka. Av\u0161ak m\u00e1j je ove\u013ea lep\u0161\u00edm mesiacom, aby ste za\u010dali a my sa pozrieme pre\u010do.\u00a0","breadcrumb":{"@id":"https:\/\/www.welovecycling.com\/sk\/2025\/05\/21\/preco-je-maj-idealny-na-zaciatok-novej-sportovej-rutiny\/#breadcrumb"},"inLanguage":"sk-SK","potentialAction":[{"@type":"ReadAction","target":["https:\/\/www.welovecycling.com\/sk\/2025\/05\/21\/preco-je-maj-idealny-na-zaciatok-novej-sportovej-rutiny\/"]}]},{"@type":"ImageObject","inLanguage":"sk-SK","@id":"https:\/\/www.welovecycling.com\/sk\/2025\/05\/21\/preco-je-maj-idealny-na-zaciatok-novej-sportovej-rutiny\/#primaryimage","url":"https:\/\/d2p6e6u75xmxt8.cloudfront.net\/4\/2025\/05\/titulka-3.webp","contentUrl":"https:\/\/d2p6e6u75xmxt8.cloudfront.net\/4\/2025\/05\/titulka-3.webp","width":990,"height":660},{"@type":"BreadcrumbList","@id":"https:\/\/www.welovecycling.com\/sk\/2025\/05\/21\/preco-je-maj-idealny-na-zaciatok-novej-sportovej-rutiny\/#breadcrumb","itemListElement":[{"@type":"ListItem","position":1,"name":"Home","item":"https:\/\/www.welovecycling.com\/sk\/"},{"@type":"ListItem","position":2,"name":"Pre\u010do je m\u00e1j ide\u00e1lny na za\u010diatok novej \u0161portovej rutiny?"}]},{"@type":"WebSite","@id":"https:\/\/www.welovecycling.com\/sk\/#website","url":"https:\/\/www.welovecycling.com\/sk\/","name":"\u0160koda We Love Cycling Slovensko","description":"\u0160koda We Love Cycling Slovensko je v\u00e1\u0161 ka\u017edodenn\u00fd zdroj noviniek a in\u0161pir\u00e1cie z sveta cyklistiky","potentialAction":[{"@type":"SearchAction","target":{"@type":"EntryPoint","urlTemplate":"https:\/\/www.welovecycling.com\/sk\/?s={search_term_string}"},"query-input":{"@type":"PropertyValueSpecification","valueRequired":true,"valueName":"search_term_string"}}],"inLanguage":"sk-SK"},{"@type":"Person","@id":"https:\/\/www.welovecycling.com\/sk\/#\/schema\/person\/533b62b98b6c41bd5135ebfb1f742624","name":"dominika","image":{"@type":"ImageObject","inLanguage":"sk-SK","@id":"https:\/\/www.welovecycling.com\/sk\/#\/schema\/person\/image\/","url":"https:\/\/secure.gravatar.com\/avatar\/ded6f274ba2ec3e17fff153f7d9d96a4b33c2cb63907f75d9a5309c599a7f3e6?s=96&d=mm&r=g","contentUrl":"https:\/\/secure.gravatar.com\/avatar\/ded6f274ba2ec3e17fff153f7d9d96a4b33c2cb63907f75d9a5309c599a7f3e6?s=96&d=mm&r=g","caption":"dominika"},"url":"https:\/\/www.welovecycling.com\/sk\/author\/dominika\/"}]}},"_links":{"self":[{"href":"https:\/\/www.welovecycling.com\/sk\/wp-json\/wp\/v2\/posts\/20389","targetHints":{"allow":["GET"]}}],"collection":[{"href":"https:\/\/www.welovecycling.com\/sk\/wp-json\/wp\/v2\/posts"}],"about":[{"href":"https:\/\/www.welovecycling.com\/sk\/wp-json\/wp\/v2\/types\/post"}],"author":[{"embeddable":true,"href":"https:\/\/www.welovecycling.com\/sk\/wp-json\/wp\/v2\/users\/172"}],"replies":[{"embeddable":true,"href":"https:\/\/www.welovecycling.com\/sk\/wp-json\/wp\/v2\/comments?post=20389"}],"version-history":[{"count":2,"href":"https:\/\/www.welovecycling.com\/sk\/wp-json\/wp\/v2\/posts\/20389\/revisions"}],"predecessor-version":[{"id":20392,"href":"https:\/\/www.welovecycling.com\/sk\/wp-json\/wp\/v2\/posts\/20389\/revisions\/20392"}],"wp:featuredmedia":[{"embeddable":true,"href":"https:\/\/www.welovecycling.com\/sk\/wp-json\/wp\/v2\/media\/20390"}],"wp:attachment":[{"href":"https:\/\/www.welovecycling.com\/sk\/wp-json\/wp\/v2\/media?parent=20389"}],"wp:term":[{"taxonomy":"category","embeddable":true,"href":"https:\/\/www.welovecycling.com\/sk\/wp-json\/wp\/v2\/categories?post=20389"},{"taxonomy":"post_tag","embeddable":true,"href":"https:\/\/www.welovecycling.com\/sk\/wp-json\/wp\/v2\/tags?post=20389"},{"taxonomy":"global-categories","embeddable":true,"href":"https:\/\/www.welovecycling.com\/sk\/wp-json\/wp\/v2\/global-categories?post=20389"}],"curies":[{"name":"wp","href":"https:\/\/api.w.org\/{rel}","templated":true}]}}